{"id":10183,"date":"2019-08-12T12:52:44","date_gmt":"2019-08-12T10:52:44","guid":{"rendered":"https:\/\/www.dakarmania.cz\/?p=10183"},"modified":"2019-12-01T13:31:32","modified_gmt":"2019-12-01T12:31:32","slug":"vorobjev-vede-svetovy-pohar","status":"publish","type":"post","link":"https:\/\/www.dakarmania.cz\/index.php\/2019\/08\/12\/vorobjev-vede-svetovy-pohar\/","title":{"rendered":"Hungarian Baja: V\u00edt\u011bstv\u00ed posunulo Vorobjova do \u010dela poh\u00e1ru"},"content":{"rendered":"<p>[vc_row][vc_column][vc_column_text css_animation=&#8221;fadeIn&#8221;]<\/p>\n<h3>Fjodor Vorobjov m\u016f\u017ee b\u00fdt spokojen. Rusk\u00fd z\u00e1vodn\u00edk o v\u00edkendu v Ma\u010farsku r\u00e1zn\u011b vykro\u010dil do druh\u00e9 poloviny Sv\u011btov\u00e9ho poh\u00e1ru FIA v cross-country baj\u00e1ch. Jako prvn\u00ed dok\u00e1zal v kategorii T3 vyhr\u00e1t dva z\u00e1vody a d\u00edky tomu se ujal veden\u00ed v pr\u016fb\u011b\u017en\u00e9 klasifikaci poh\u00e1ru.<\/h3>\n<p>[\/vc_column_text][vc_single_image image=&#8221;10187&#8243; img_size=&#8221;large&#8221; add_caption=&#8221;yes&#8221; alignment=&#8221;center&#8221; onclick=&#8221;link_image&#8221; css_animation=&#8221;fadeIn&#8221;][vc_column_text css_animation=&#8221;fadeIn&#8221;]Dosavadn\u00ed leader Michele Cinotto odj\u00ed\u017ed\u011bl z V\u00e1rpaloty zklaman\u00fd. Ital\u016fv Polaris vypov\u011bd\u011bl slu\u017ebu v \u00favodu druh\u00e9 rychlostn\u00ed zkou\u0161ky.<\/p>\n<p><em>\u201eHned po t\u0159in\u00e1cti kilometrech se objevily probl\u00e9my s transmisemi. Nejd\u0159\u00edv ode\u0161ly na p\u0159edku, pak i na zadku. Museli jsme opravovat a bohu\u017eel jsme p\u0159i tom p\u0159ekro\u010dili maxim\u00e1ln\u00ed povolen\u00fd \u010das,\u201c<\/em> vysv\u011btlil <strong>Michele Cinotto<\/strong> d\u016fvod sv\u00e9ho odstoupen\u00ed ze sobotn\u00ed etapy.[\/vc_column_text][vc_single_image image=&#8221;10186&#8243; img_size=&#8221;large&#8221; add_caption=&#8221;yes&#8221; alignment=&#8221;center&#8221; onclick=&#8221;link_image&#8221; css_animation=&#8221;fadeIn&#8221;][vc_column_text css_animation=&#8221;fadeIn&#8221;]Fjodor Vorobjov navigovan\u00fd Kirillem \u0160ubinem byl po kr\u00e1tk\u00e9m p\u00e1te\u010dn\u00edm prologu \u010dtvrt\u00fd. Ov\u0161em hned v sobotu r\u00e1no posko\u010dil po prvn\u00edm pr\u016fjezdu dlouhou speci\u00e1lkou (208 km) na prvn\u00ed pozici. A tu u\u017e neopustil. S Maverickem, kter\u00fd pro Zavidovo Racing Team p\u0159ipravuje renomovan\u00fd South Racing, byl nejrychlej\u0161\u00ed na dvou testech, dvakr\u00e1t skon\u010dil t\u0159et\u00ed a do c\u00edle dorazil jako v\u00edt\u011bz.<\/p>\n<p><em>\u201eFjodor jel chyt\u0159e, b\u011bhem z\u00e1vodu pou\u017e\u00edval hlavu. D\u00edky tomu zv\u00edt\u011bzil a nyn\u00ed tak\u00e9 vede \u0161ampion\u00e1t. Zdej\u0161\u00ed podm\u00ednky byly z\u00e1ludn\u00e9, ale on si po\u010d\u00ednal skv\u011ble. Nedostal se do probl\u00e9m\u016f ani ve chv\u00edl\u00edch, kdy se soupe\u0159i sna\u017eili \u00fato\u010dit,\u201c<\/em> ocenil \u0161\u00e9f t\u00fdmu South Racing Can-Am <strong>Scott Abraham<\/strong>.<\/p>\n<p>Santiago Navarro a <a href=\"\/index.php\/osobnosti\/daniel-oliveras\/\">Daniel Oliveras<\/a> (Can-Am) nav\u00e1zali na p\u0159edchoz\u00ed <a href=\"\/index.php\/2019\/07\/28\/baja-aragon-rozhodlo-5-vterin\/\">triumf na dom\u00e1c\u00ed Baje Arag\u00f3n<\/a> druh\u00fdm m\u00edstem. V ned\u011bli r\u00e1no dos\u00e1hli na RZ4 naprosto shodn\u00e9ho \u010dasu jako Vorobjov a pod\u011blili se s n\u00edm o d\u00edl\u010d\u00ed \u00fasp\u011bch. T\u0159et\u00ed p\u0159\u00ed\u010dku obsadil Vorobjov\u016fv krajan Alexandr Dorossinskij s loty\u0161sk\u00fdm navig\u00e1torem Olegem Up\u011brenkem (Can-Am), Cinotto si po restartu p\u0159ipsal body alespo\u0148 za \u010dtvrt\u00e9 m\u00edsto.[\/vc_column_text][vc_single_image image=&#8221;10188&#8243; img_size=&#8221;large&#8221; add_caption=&#8221;yes&#8221; alignment=&#8221;center&#8221; onclick=&#8221;link_image&#8221; css_animation=&#8221;fadeIn&#8221;][vc_column_text css_animation=&#8221;fadeIn&#8221;]D\u00edky tu\u010dn\u00e9mu bodov\u00e9mu p\u0159\u00edd\u011blu z <a href=\"\/index.php\/souteze\/hungarian-baja-2019\/\">Hungarian Baja<\/a> p\u0159esko\u010dil Vorobjov v tabulce sv\u011btov\u00e9ho poh\u00e1ru Cinotta i Navarra. \u0160pan\u011bl udr\u017eel druhou p\u0159\u00ed\u010dku se \u0161estibodov\u00fdm odstupem od nyn\u00ed vedouc\u00edho Rusa, Ital ztr\u00e1c\u00ed osm bod\u016f a je t\u0159et\u00ed. Ve zb\u00fdvaj\u00edc\u00edch t\u0159ech podnic\u00edch sezony z\u016fst\u00e1v\u00e1 k dispozici st\u00e1le je\u0161t\u011b 75 bod\u016f.<\/p>\n<p><a href=\"\/index.php\/sampionaty\/svetovy-pohar-fia-v-cross-country-bajach-2019\/\">Sv\u011btov\u00fd poh\u00e1r FIA v cross-country baj\u00e1ch<\/a> 2019 pokra\u010duje za t\u0159i t\u00fddny \u0161est\u00fdm podnikem v okol\u00ed polsk\u00e9ho \u0160t\u011bt\u00edna. T\u0159\u00eddenn\u00ed <a href=\"\/index.php\/souteze\/baja-poland-2019\/\">Baja Poland<\/a> startuje v p\u00e1tek 30. srpna.[\/vc_column_text][vc_column_text css_animation=&#8221;fadeIn&#8221;]<\/p>\n<table style=\"width: 97.7654%;\" rules=\"rows\" cellpadding=\"4px\">\n<tbody>\n<tr style=\"background-color: #9e9d9d; color: white;\">\n<td style=\"text-align: center;\" colspan=\"4\"><span style=\"font-size: 10pt;\"><strong>Hungarian Baja 2019<br \/>\nAUTOMOBILY<br \/>\nkone\u010dn\u00e9 v\u00fdsledky<\/strong><\/span><\/td>\n<\/tr>\n<tr style=\"background-color: #dbd9d9;\">\n<td>1.<\/td>\n<td>Vorobjov \/ \u0160ubin<\/td>\n<td>Can-Am Maverick X3<\/td>\n<td style=\"text-align: right;\">7:57:19<\/td>\n<\/tr>\n<tr style=\"background-color: #f2f2f2;\">\n<td>2.<\/td>\n<td>Navarro \/ Oliveras<\/td>\n<td>Can-Am Maverick X3<\/td>\n<td style=\"text-align: right;\">+18:57<\/td>\n<\/tr>\n<tr style=\"background-color: #dbd9d9;\">\n<td>3.<\/td>\n<td>Dorossinskij \/ Up\u011brenko<\/td>\n<td>Can-Am Maverick XRS<\/td>\n<td style=\"text-align: right;\">+1:00:03<\/td>\n<\/tr>\n<tr style=\"background-color: #f2f2f2;\">\n<td>4.<\/td>\n<td>Cinotto \/ Dominella<\/td>\n<td>Polaris RZR 1000 Turbo<\/td>\n<td style=\"text-align: right;\">+7:25:42<\/td>\n<\/tr>\n<\/tbody>\n<\/table>\n<p>[\/vc_column_text][\/vc_column][\/vc_row]<\/p>\n","protected":false},"excerpt":{"rendered":"<p>Fjodor Vorobjev m\u016f\u017ee b\u00fdt spokojen. Rusk\u00fd z\u00e1vodn\u00edk o v\u00edkendu v Ma\u010farsku r\u00e1zn\u011b vykro\u010dil do druh\u00e9 poloviny Sv\u011btov\u00e9ho poh\u00e1ru FIA v cross-country baj\u00e1ch.<\/p>\n","protected":false},"author":1,"featured_media":10187,"comment_status":"open","ping_status":"closed","sticky":false,"template":"","format":"standard","meta":{"footnotes":""},"categories":[98,1410,90],"tags":[425,1217,95,776,460,1411,1245,1120,316,1434,572,1215,459,458,573,106,445,462],"class_list":["post-10183","post","type-post","status-publish","format-standard","has-post-thumbnail","hentry","category-fia-baja","category-hungarian-baja-rally","category-sxs","tag-425","tag-alexandr-dorossinskij","tag-can-am","tag-daniel-oliveras","tag-fjodor-vorobjov","tag-hungarian-baja","tag-hungarian-baja-2019","tag-kirill-subin","tag-michele-cinotto","tag-oleg-uperenko","tag-polaris","tag-santiago-navarro","tag-scott-abraham","tag-south-racing","tag-south-racing-can-am","tag-sp-fia-baja","tag-sp-fia-baja-2019","tag-zavidovo-racing-team"],"yoast_head":"<!-- This site is optimized with the Yoast SEO plugin v24.9 - https:\/\/yoast.com\/wordpress\/plugins\/seo\/ -->\n<title>Hungarian Baja: V\u00edt\u011bstv\u00ed posunulo Vorobjova do \u010dela poh\u00e1ru - DAKARMANIA.cz<\/title>\n<meta name=\"description\" content=\"Fjodor Vorobjev m\u016f\u017ee b\u00fdt spokojen. Rusk\u00fd z\u00e1vodn\u00edk o v\u00edkendu v Ma\u010farsku r\u00e1zn\u011b vykro\u010dil do druh\u00e9 poloviny Sv\u011btov\u00e9ho poh\u00e1ru FIA v cross-country baj\u00e1ch.\" \/>\n<meta name=\"robots\" content=\"index, follow, max-snippet:-1, max-image-preview:large, max-video-preview:-1\" \/>\n<link rel=\"canonical\" href=\"https:\/\/www.dakarmania.cz\/index.php\/2019\/08\/12\/vorobjev-vede-svetovy-pohar\/\" \/>\n<meta property=\"og:locale\" content=\"cs_CZ\" \/>\n<meta property=\"og:type\" content=\"article\" \/>\n<meta property=\"og:title\" content=\"Hungarian Baja: V\u00edt\u011bstv\u00ed posunulo Vorobjova do \u010dela poh\u00e1ru - DAKARMANIA.cz\" \/>\n<meta property=\"og:description\" content=\"Fjodor Vorobjev m\u016f\u017ee b\u00fdt spokojen. Rusk\u00fd z\u00e1vodn\u00edk o v\u00edkendu v Ma\u010farsku r\u00e1zn\u011b vykro\u010dil do druh\u00e9 poloviny Sv\u011btov\u00e9ho poh\u00e1ru FIA v cross-country baj\u00e1ch.\" \/>\n<meta property=\"og:url\" content=\"https:\/\/www.dakarmania.cz\/index.php\/2019\/08\/12\/vorobjev-vede-svetovy-pohar\/\" \/>\n<meta property=\"og:site_name\" content=\"DAKARMANIA.cz\" \/>\n<meta property=\"article:publisher\" content=\"https:\/\/www.facebook.com\/dakarmania\/\" \/>\n<meta property=\"article:published_time\" content=\"2019-08-12T10:52:44+00:00\" \/>\n<meta property=\"article:modified_time\" content=\"2019-12-01T12:31:32+00:00\" \/>\n<meta property=\"og:image\" content=\"https:\/\/www.dakarmania.cz\/wp-content\/uploads\/2019\/08\/19-hungarian-baja-vorobjev-02.jpg\" \/>\n\t<meta property=\"og:image:width\" content=\"1600\" \/>\n\t<meta property=\"og:image:height\" content=\"1066\" \/>\n\t<meta property=\"og:image:type\" content=\"image\/jpeg\" \/>\n<meta name=\"author\" content=\"Zden\u011bk Zelenka\" \/>\n<meta name=\"twitter:card\" content=\"summary_large_image\" \/>\n<meta name=\"twitter:label1\" content=\"Napsal(a)\" \/>\n\t<meta name=\"twitter:data1\" content=\"Zden\u011bk Zelenka\" \/>\n\t<meta name=\"twitter:label2\" content=\"Odhadovan\u00e1 doba \u010dten\u00ed\" \/>\n\t<meta name=\"twitter:data2\" content=\"3 minuty\" \/>\n<script type=\"application\/ld+json\" class=\"yoast-schema-graph\">{\"@context\":\"https:\/\/schema.org\",\"@graph\":[{\"@type\":\"Article\",\"@id\":\"https:\/\/www.dakarmania.cz\/index.php\/2019\/08\/12\/vorobjev-vede-svetovy-pohar\/#article\",\"isPartOf\":{\"@id\":\"https:\/\/www.dakarmania.cz\/index.php\/2019\/08\/12\/vorobjev-vede-svetovy-pohar\/\"},\"author\":{\"name\":\"Zden\u011bk Zelenka\",\"@id\":\"https:\/\/www.dakarmania.cz\/#\/schema\/person\/04eb0e87a389631c2169c0dddae7ff1e\"},\"headline\":\"Hungarian Baja: V\u00edt\u011bstv\u00ed posunulo Vorobjova do \u010dela poh\u00e1ru\",\"datePublished\":\"2019-08-12T10:52:44+00:00\",\"dateModified\":\"2019-12-01T12:31:32+00:00\",\"mainEntityOfPage\":{\"@id\":\"https:\/\/www.dakarmania.cz\/index.php\/2019\/08\/12\/vorobjev-vede-svetovy-pohar\/\"},\"wordCount\":607,\"commentCount\":0,\"publisher\":{\"@id\":\"https:\/\/www.dakarmania.cz\/#organization\"},\"image\":{\"@id\":\"https:\/\/www.dakarmania.cz\/index.php\/2019\/08\/12\/vorobjev-vede-svetovy-pohar\/#primaryimage\"},\"thumbnailUrl\":\"https:\/\/www.dakarmania.cz\/wp-content\/uploads\/2019\/08\/19-hungarian-baja-vorobjev-02.jpg\",\"keywords\":[\"2019\",\"Alexandr Dorossinskij\",\"Can-Am\",\"Daniel Oliveras\",\"Fjodor Vorobjov\",\"Hungarian Baja\",\"Hungarian Baja 2019\",\"Kirill \u0160ubin\",\"Michele Cinotto\",\"Oleg Up\u011brenko\",\"Polaris\",\"Santiago Navarro\",\"Scott Abraham\",\"South Racing\",\"South Racing Can-Am\",\"SP FIA baja\",\"SP FIA baja 2019\",\"Zavidovo Racing Team\"],\"articleSection\":[\"FIA SP baja\",\"Hungarian Baja\",\"S\u00d7S\"],\"inLanguage\":\"cs\",\"potentialAction\":[{\"@type\":\"CommentAction\",\"name\":\"Comment\",\"target\":[\"https:\/\/www.dakarmania.cz\/index.php\/2019\/08\/12\/vorobjev-vede-svetovy-pohar\/#respond\"]}]},{\"@type\":\"WebPage\",\"@id\":\"https:\/\/www.dakarmania.cz\/index.php\/2019\/08\/12\/vorobjev-vede-svetovy-pohar\/\",\"url\":\"https:\/\/www.dakarmania.cz\/index.php\/2019\/08\/12\/vorobjev-vede-svetovy-pohar\/\",\"name\":\"Hungarian Baja: V\u00edt\u011bstv\u00ed posunulo Vorobjova do \u010dela poh\u00e1ru - DAKARMANIA.cz\",\"isPartOf\":{\"@id\":\"https:\/\/www.dakarmania.cz\/#website\"},\"primaryImageOfPage\":{\"@id\":\"https:\/\/www.dakarmania.cz\/index.php\/2019\/08\/12\/vorobjev-vede-svetovy-pohar\/#primaryimage\"},\"image\":{\"@id\":\"https:\/\/www.dakarmania.cz\/index.php\/2019\/08\/12\/vorobjev-vede-svetovy-pohar\/#primaryimage\"},\"thumbnailUrl\":\"https:\/\/www.dakarmania.cz\/wp-content\/uploads\/2019\/08\/19-hungarian-baja-vorobjev-02.jpg\",\"datePublished\":\"2019-08-12T10:52:44+00:00\",\"dateModified\":\"2019-12-01T12:31:32+00:00\",\"description\":\"Fjodor Vorobjev m\u016f\u017ee b\u00fdt spokojen. Rusk\u00fd z\u00e1vodn\u00edk o v\u00edkendu v Ma\u010farsku r\u00e1zn\u011b vykro\u010dil do druh\u00e9 poloviny Sv\u011btov\u00e9ho poh\u00e1ru FIA v cross-country baj\u00e1ch.\",\"breadcrumb\":{\"@id\":\"https:\/\/www.dakarmania.cz\/index.php\/2019\/08\/12\/vorobjev-vede-svetovy-pohar\/#breadcrumb\"},\"inLanguage\":\"cs\",\"potentialAction\":[{\"@type\":\"ReadAction\",\"target\":[\"https:\/\/www.dakarmania.cz\/index.php\/2019\/08\/12\/vorobjev-vede-svetovy-pohar\/\"]}]},{\"@type\":\"ImageObject\",\"inLanguage\":\"cs\",\"@id\":\"https:\/\/www.dakarmania.cz\/index.php\/2019\/08\/12\/vorobjev-vede-svetovy-pohar\/#primaryimage\",\"url\":\"https:\/\/www.dakarmania.cz\/wp-content\/uploads\/2019\/08\/19-hungarian-baja-vorobjev-02.jpg\",\"contentUrl\":\"https:\/\/www.dakarmania.cz\/wp-content\/uploads\/2019\/08\/19-hungarian-baja-vorobjev-02.jpg\",\"width\":1600,\"height\":1066,\"caption\":\"Fjodor Vorobjov\/Kirill \u0160ubin, Can-Am Maverick X3, Zavidovo Racing Team. Hungarian Baja 2019. \u00a9 South Racing\"},{\"@type\":\"BreadcrumbList\",\"@id\":\"https:\/\/www.dakarmania.cz\/index.php\/2019\/08\/12\/vorobjev-vede-svetovy-pohar\/#breadcrumb\",\"itemListElement\":[{\"@type\":\"ListItem\",\"position\":1,\"name\":\"Dom\u016f\",\"item\":\"https:\/\/www.dakarmania.cz\/\"},{\"@type\":\"ListItem\",\"position\":2,\"name\":\"Hungarian Baja: V\u00edt\u011bstv\u00ed posunulo Vorobjova do \u010dela poh\u00e1ru\"}]},{\"@type\":\"WebSite\",\"@id\":\"https:\/\/www.dakarmania.cz\/#website\",\"url\":\"https:\/\/www.dakarmania.cz\/\",\"name\":\"DAKARMANIA.cz\",\"description\":\"\u017dijeme Dakarem cel\u00fd rok\",\"publisher\":{\"@id\":\"https:\/\/www.dakarmania.cz\/#organization\"},\"potentialAction\":[{\"@type\":\"SearchAction\",\"target\":{\"@type\":\"EntryPoint\",\"urlTemplate\":\"https:\/\/www.dakarmania.cz\/?s={search_term_string}\"},\"query-input\":{\"@type\":\"PropertyValueSpecification\",\"valueRequired\":true,\"valueName\":\"search_term_string\"}}],\"inLanguage\":\"cs\"},{\"@type\":\"Organization\",\"@id\":\"https:\/\/www.dakarmania.cz\/#organization\",\"name\":\"DAKAR MANIA\",\"url\":\"https:\/\/www.dakarmania.cz\/\",\"logo\":{\"@type\":\"ImageObject\",\"inLanguage\":\"cs\",\"@id\":\"https:\/\/www.dakarmania.cz\/#\/schema\/logo\/image\/\",\"url\":\"https:\/\/www.dakarmania.cz\/wp-content\/uploads\/2018\/12\/Dakar-Mania-Logo-Square-Orange.png\",\"contentUrl\":\"https:\/\/www.dakarmania.cz\/wp-content\/uploads\/2018\/12\/Dakar-Mania-Logo-Square-Orange.png\",\"width\":992,\"height\":992,\"caption\":\"DAKAR MANIA\"},\"image\":{\"@id\":\"https:\/\/www.dakarmania.cz\/#\/schema\/logo\/image\/\"},\"sameAs\":[\"https:\/\/www.facebook.com\/dakarmania\/\"]},{\"@type\":\"Person\",\"@id\":\"https:\/\/www.dakarmania.cz\/#\/schema\/person\/04eb0e87a389631c2169c0dddae7ff1e\",\"name\":\"Zden\u011bk Zelenka\",\"image\":{\"@type\":\"ImageObject\",\"inLanguage\":\"cs\",\"@id\":\"https:\/\/www.dakarmania.cz\/#\/schema\/person\/image\/\",\"url\":\"https:\/\/secure.gravatar.com\/avatar\/2c80d5a4942fe0900b73cc7d3837a509d6ee0a276a2b76dac95c92bd0763a89b?s=96&d=mm&r=g\",\"contentUrl\":\"https:\/\/secure.gravatar.com\/avatar\/2c80d5a4942fe0900b73cc7d3837a509d6ee0a276a2b76dac95c92bd0763a89b?s=96&d=mm&r=g\",\"caption\":\"Zden\u011bk Zelenka\"},\"description\":\"Moji d\u011bt\u0161t\u00ed hrdinov\u00e9 se jmenovali Loprais, Moskal, Neveu, Vatanen, Rahier... A tihle borci, jejich n\u00e1sledovn\u00edci a jejich p\u0159\u00edb\u011bhy m\u011b nep\u0159estali fascinovat ani po letech, kdy jsem vyrostl a zam\u011bstn\u00e1valy m\u011b jin\u00e9 discipl\u00edny motorsportu. Proto se zrodila DAKARMANIA.\",\"url\":\"https:\/\/www.dakarmania.cz\/index.php\/author\/dakarmania\/\"}]}<\/script>\n<!-- \/ Yoast SEO plugin. -->","yoast_head_json":{"title":"Hungarian Baja: V\u00edt\u011bstv\u00ed posunulo Vorobjova do \u010dela poh\u00e1ru - DAKARMANIA.cz","description":"Fjodor Vorobjev m\u016f\u017ee b\u00fdt spokojen. Rusk\u00fd z\u00e1vodn\u00edk o v\u00edkendu v Ma\u010farsku r\u00e1zn\u011b vykro\u010dil do druh\u00e9 poloviny Sv\u011btov\u00e9ho poh\u00e1ru FIA v cross-country baj\u00e1ch.","robots":{"index":"index","follow":"follow","max-snippet":"max-snippet:-1","max-image-preview":"max-image-preview:large","max-video-preview":"max-video-preview:-1"},"canonical":"https:\/\/www.dakarmania.cz\/index.php\/2019\/08\/12\/vorobjev-vede-svetovy-pohar\/","og_locale":"cs_CZ","og_type":"article","og_title":"Hungarian Baja: V\u00edt\u011bstv\u00ed posunulo Vorobjova do \u010dela poh\u00e1ru - DAKARMANIA.cz","og_description":"Fjodor Vorobjev m\u016f\u017ee b\u00fdt spokojen. Rusk\u00fd z\u00e1vodn\u00edk o v\u00edkendu v Ma\u010farsku r\u00e1zn\u011b vykro\u010dil do druh\u00e9 poloviny Sv\u011btov\u00e9ho poh\u00e1ru FIA v cross-country baj\u00e1ch.","og_url":"https:\/\/www.dakarmania.cz\/index.php\/2019\/08\/12\/vorobjev-vede-svetovy-pohar\/","og_site_name":"DAKARMANIA.cz","article_publisher":"https:\/\/www.facebook.com\/dakarmania\/","article_published_time":"2019-08-12T10:52:44+00:00","article_modified_time":"2019-12-01T12:31:32+00:00","og_image":[{"width":1600,"height":1066,"url":"https:\/\/www.dakarmania.cz\/wp-content\/uploads\/2019\/08\/19-hungarian-baja-vorobjev-02.jpg","type":"image\/jpeg"}],"author":"Zden\u011bk Zelenka","twitter_card":"summary_large_image","twitter_misc":{"Napsal(a)":"Zden\u011bk Zelenka","Odhadovan\u00e1 doba \u010dten\u00ed":"3 minuty"},"schema":{"@context":"https:\/\/schema.org","@graph":[{"@type":"Article","@id":"https:\/\/www.dakarmania.cz\/index.php\/2019\/08\/12\/vorobjev-vede-svetovy-pohar\/#article","isPartOf":{"@id":"https:\/\/www.dakarmania.cz\/index.php\/2019\/08\/12\/vorobjev-vede-svetovy-pohar\/"},"author":{"name":"Zden\u011bk Zelenka","@id":"https:\/\/www.dakarmania.cz\/#\/schema\/person\/04eb0e87a389631c2169c0dddae7ff1e"},"headline":"Hungarian Baja: V\u00edt\u011bstv\u00ed posunulo Vorobjova do \u010dela poh\u00e1ru","datePublished":"2019-08-12T10:52:44+00:00","dateModified":"2019-12-01T12:31:32+00:00","mainEntityOfPage":{"@id":"https:\/\/www.dakarmania.cz\/index.php\/2019\/08\/12\/vorobjev-vede-svetovy-pohar\/"},"wordCount":607,"commentCount":0,"publisher":{"@id":"https:\/\/www.dakarmania.cz\/#organization"},"image":{"@id":"https:\/\/www.dakarmania.cz\/index.php\/2019\/08\/12\/vorobjev-vede-svetovy-pohar\/#primaryimage"},"thumbnailUrl":"https:\/\/www.dakarmania.cz\/wp-content\/uploads\/2019\/08\/19-hungarian-baja-vorobjev-02.jpg","keywords":["2019","Alexandr Dorossinskij","Can-Am","Daniel Oliveras","Fjodor Vorobjov","Hungarian Baja","Hungarian Baja 2019","Kirill \u0160ubin","Michele Cinotto","Oleg Up\u011brenko","Polaris","Santiago Navarro","Scott Abraham","South Racing","South Racing Can-Am","SP FIA baja","SP FIA baja 2019","Zavidovo Racing Team"],"articleSection":["FIA SP baja","Hungarian Baja","S\u00d7S"],"inLanguage":"cs","potentialAction":[{"@type":"CommentAction","name":"Comment","target":["https:\/\/www.dakarmania.cz\/index.php\/2019\/08\/12\/vorobjev-vede-svetovy-pohar\/#respond"]}]},{"@type":"WebPage","@id":"https:\/\/www.dakarmania.cz\/index.php\/2019\/08\/12\/vorobjev-vede-svetovy-pohar\/","url":"https:\/\/www.dakarmania.cz\/index.php\/2019\/08\/12\/vorobjev-vede-svetovy-pohar\/","name":"Hungarian Baja: V\u00edt\u011bstv\u00ed posunulo Vorobjova do \u010dela poh\u00e1ru - DAKARMANIA.cz","isPartOf":{"@id":"https:\/\/www.dakarmania.cz\/#website"},"primaryImageOfPage":{"@id":"https:\/\/www.dakarmania.cz\/index.php\/2019\/08\/12\/vorobjev-vede-svetovy-pohar\/#primaryimage"},"image":{"@id":"https:\/\/www.dakarmania.cz\/index.php\/2019\/08\/12\/vorobjev-vede-svetovy-pohar\/#primaryimage"},"thumbnailUrl":"https:\/\/www.dakarmania.cz\/wp-content\/uploads\/2019\/08\/19-hungarian-baja-vorobjev-02.jpg","datePublished":"2019-08-12T10:52:44+00:00","dateModified":"2019-12-01T12:31:32+00:00","description":"Fjodor Vorobjev m\u016f\u017ee b\u00fdt spokojen. Rusk\u00fd z\u00e1vodn\u00edk o v\u00edkendu v Ma\u010farsku r\u00e1zn\u011b vykro\u010dil do druh\u00e9 poloviny Sv\u011btov\u00e9ho poh\u00e1ru FIA v cross-country baj\u00e1ch.","breadcrumb":{"@id":"https:\/\/www.dakarmania.cz\/index.php\/2019\/08\/12\/vorobjev-vede-svetovy-pohar\/#breadcrumb"},"inLanguage":"cs","potentialAction":[{"@type":"ReadAction","target":["https:\/\/www.dakarmania.cz\/index.php\/2019\/08\/12\/vorobjev-vede-svetovy-pohar\/"]}]},{"@type":"ImageObject","inLanguage":"cs","@id":"https:\/\/www.dakarmania.cz\/index.php\/2019\/08\/12\/vorobjev-vede-svetovy-pohar\/#primaryimage","url":"https:\/\/www.dakarmania.cz\/wp-content\/uploads\/2019\/08\/19-hungarian-baja-vorobjev-02.jpg","contentUrl":"https:\/\/www.dakarmania.cz\/wp-content\/uploads\/2019\/08\/19-hungarian-baja-vorobjev-02.jpg","width":1600,"height":1066,"caption":"Fjodor Vorobjov\/Kirill \u0160ubin, Can-Am Maverick X3, Zavidovo Racing Team. Hungarian Baja 2019. \u00a9 South Racing"},{"@type":"BreadcrumbList","@id":"https:\/\/www.dakarmania.cz\/index.php\/2019\/08\/12\/vorobjev-vede-svetovy-pohar\/#breadcrumb","itemListElement":[{"@type":"ListItem","position":1,"name":"Dom\u016f","item":"https:\/\/www.dakarmania.cz\/"},{"@type":"ListItem","position":2,"name":"Hungarian Baja: V\u00edt\u011bstv\u00ed posunulo Vorobjova do \u010dela poh\u00e1ru"}]},{"@type":"WebSite","@id":"https:\/\/www.dakarmania.cz\/#website","url":"https:\/\/www.dakarmania.cz\/","name":"DAKARMANIA.cz","description":"\u017dijeme Dakarem cel\u00fd rok","publisher":{"@id":"https:\/\/www.dakarmania.cz\/#organization"},"potentialAction":[{"@type":"SearchAction","target":{"@type":"EntryPoint","urlTemplate":"https:\/\/www.dakarmania.cz\/?s={search_term_string}"},"query-input":{"@type":"PropertyValueSpecification","valueRequired":true,"valueName":"search_term_string"}}],"inLanguage":"cs"},{"@type":"Organization","@id":"https:\/\/www.dakarmania.cz\/#organization","name":"DAKAR MANIA","url":"https:\/\/www.dakarmania.cz\/","logo":{"@type":"ImageObject","inLanguage":"cs","@id":"https:\/\/www.dakarmania.cz\/#\/schema\/logo\/image\/","url":"https:\/\/www.dakarmania.cz\/wp-content\/uploads\/2018\/12\/Dakar-Mania-Logo-Square-Orange.png","contentUrl":"https:\/\/www.dakarmania.cz\/wp-content\/uploads\/2018\/12\/Dakar-Mania-Logo-Square-Orange.png","width":992,"height":992,"caption":"DAKAR MANIA"},"image":{"@id":"https:\/\/www.dakarmania.cz\/#\/schema\/logo\/image\/"},"sameAs":["https:\/\/www.facebook.com\/dakarmania\/"]},{"@type":"Person","@id":"https:\/\/www.dakarmania.cz\/#\/schema\/person\/04eb0e87a389631c2169c0dddae7ff1e","name":"Zden\u011bk Zelenka","image":{"@type":"ImageObject","inLanguage":"cs","@id":"https:\/\/www.dakarmania.cz\/#\/schema\/person\/image\/","url":"https:\/\/secure.gravatar.com\/avatar\/2c80d5a4942fe0900b73cc7d3837a509d6ee0a276a2b76dac95c92bd0763a89b?s=96&d=mm&r=g","contentUrl":"https:\/\/secure.gravatar.com\/avatar\/2c80d5a4942fe0900b73cc7d3837a509d6ee0a276a2b76dac95c92bd0763a89b?s=96&d=mm&r=g","caption":"Zden\u011bk Zelenka"},"description":"Moji d\u011bt\u0161t\u00ed hrdinov\u00e9 se jmenovali Loprais, Moskal, Neveu, Vatanen, Rahier... A tihle borci, jejich n\u00e1sledovn\u00edci a jejich p\u0159\u00edb\u011bhy m\u011b nep\u0159estali fascinovat ani po letech, kdy jsem vyrostl a zam\u011bstn\u00e1valy m\u011b jin\u00e9 discipl\u00edny motorsportu. Proto se zrodila DAKARMANIA.","url":"https:\/\/www.dakarmania.cz\/index.php\/author\/dakarmania\/"}]}},"amp_enabled":true,"_links":{"self":[{"href":"https:\/\/www.dakarmania.cz\/index.php\/wp-json\/wp\/v2\/posts\/10183","targetHints":{"allow":["GET"]}}],"collection":[{"href":"https:\/\/www.dakarmania.cz\/index.php\/wp-json\/wp\/v2\/posts"}],"about":[{"href":"https:\/\/www.dakarmania.cz\/index.php\/wp-json\/wp\/v2\/types\/post"}],"author":[{"embeddable":true,"href":"https:\/\/www.dakarmania.cz\/index.php\/wp-json\/wp\/v2\/users\/1"}],"replies":[{"embeddable":true,"href":"https:\/\/www.dakarmania.cz\/index.php\/wp-json\/wp\/v2\/comments?post=10183"}],"version-history":[{"count":7,"href":"https:\/\/www.dakarmania.cz\/index.php\/wp-json\/wp\/v2\/posts\/10183\/revisions"}],"predecessor-version":[{"id":13524,"href":"https:\/\/www.dakarmania.cz\/index.php\/wp-json\/wp\/v2\/posts\/10183\/revisions\/13524"}],"wp:featuredmedia":[{"embeddable":true,"href":"https:\/\/www.dakarmania.cz\/index.php\/wp-json\/wp\/v2\/media\/10187"}],"wp:attachment":[{"href":"https:\/\/www.dakarmania.cz\/index.php\/wp-json\/wp\/v2\/media?parent=10183"}],"wp:term":[{"taxonomy":"category","embeddable":true,"href":"https:\/\/www.dakarmania.cz\/index.php\/wp-json\/wp\/v2\/categories?post=10183"},{"taxonomy":"post_tag","embeddable":true,"href":"https:\/\/www.dakarmania.cz\/index.php\/wp-json\/wp\/v2\/tags?post=10183"}],"curies":[{"name":"wp","href":"https:\/\/api.w.org\/{rel}","templated":true}]}}