{"id":10956,"date":"2019-08-27T13:30:07","date_gmt":"2019-08-27T11:30:07","guid":{"rendered":"https:\/\/www.dakarmania.cz\/?p=10956"},"modified":"2021-08-26T14:52:08","modified_gmt":"2021-08-26T12:52:08","slug":"vylepsene-mini-buggy","status":"publish","type":"post","link":"https:\/\/www.dakarmania.cz\/index.php\/2019\/08\/27\/vylepsene-mini-buggy\/","title":{"rendered":"Dakar 2020: X-raid poprv\u00e9 testuje vylep\u0161en\u00e9 Mini JCW Buggy"},"content":{"rendered":"<p>[vc_row][vc_column][vc_column_text css_animation=&#8221;fadeIn&#8221;]<\/p>\n<h4>X-raid vstoupil do nov\u00e9 f\u00e1ze p\u0159\u00edprav na Rally Dakar 2020. N\u011bmeck\u00fd t\u00fdm tento t\u00fdden poprv\u00e9 testuje vylep\u0161en\u00fd speci\u00e1l Mini JCW Buggy. Sn\u00ed\u017een\u00fd rozpo\u010det v\u0161ak mo\u017en\u00e1 povede ke z\u00fa\u017een\u00ed jezdeck\u00e9 sestavy.<\/h4>\n<p>T\u00fdm X-raid na ja\u0159e nevyu\u017eil opce na prodlou\u017een\u00ed kontraktu s n\u011bkter\u00fdmi ze sv\u00fdch jezdc\u016f. Jeho veden\u00ed \u010dekalo na rozhodnut\u00ed o dal\u0161\u00ed podpo\u0159e ze strany koncernu BMW, pod kter\u00fd spad\u00e1 i zna\u010dka Mini. B\u011bhem l\u00e9ta se leccos vyjasnilo. BMW do Dakaru op\u011bt investuje, nicm\u00e9n\u011b p\u016fjde o ni\u017e\u0161\u00ed \u010d\u00e1stku ne\u017e v p\u0159edchoz\u00edch letech.<\/p>\n<p>In\u017een\u00fd\u0159i X-raidu mezit\u00edm ne\u010dekali se zalo\u017een\u00fdma rukama. B\u011bhem prvn\u00ed poloviny roku intenzivn\u011b pracovali na odstran\u011bn\u00ed slabin sv\u00e9 buginy s jedinou poh\u00e1n\u011bnou n\u00e1pravou.[\/vc_column_text][vc_single_image image=&#8221;10953&#8243; img_size=&#8221;large&#8221; add_caption=&#8221;yes&#8221; alignment=&#8221;center&#8221; onclick=&#8221;link_image&#8221; css_animation=&#8221;fadeIn&#8221;][vc_column_text css_animation=&#8221;fadeIn&#8221;]Pozornost v\u011bnovali zejm\u00e9na automatick\u00e9mu dohu\u0161\u0165ov\u00e1n\u00ed pneumatik, jeho\u017e nespolehlivost pos\u00e1dky letos v Peru n\u011bkolikr\u00e1t potr\u00e1pila. P\u0159itom v p\u0159\u00edpad\u011b optim\u00e1ln\u00edho fungov\u00e1n\u00ed m\u016f\u017ee pr\u00e1v\u011b tento syst\u00e9m sehr\u00e1t d\u016fle\u017eitou roli hlavn\u011b v p\u00edse\u010dn\u00fdch etap\u00e1ch, nebo\u0165 nap\u0159\u00edklad \u201e\u010dty\u0159kolky\u201c konkuren\u010dn\u00ed Toyoty podobn\u00e9 za\u0159\u00edzen\u00ed podle pravidel vyu\u017e\u00edvat nemohou.<\/p>\n<p>Dal\u0161\u00ed zm\u011bny se t\u00fdkaj\u00ed zav\u011b\u0161en\u00ed, zv\u00fd\u0161en\u00ed v\u00fdkonu motoru i sn\u00ed\u017een\u00ed hmotnosti.<\/p>\n<p>V\u0161echny \u00fapravy prov\u011b\u0159\u00ed t\u0159\u00eddenn\u00ed test, kter\u00fd za\u010dal u \u0161pan\u011blsk\u00e9 Zaragozy v pond\u011bl\u00ed. Dva dny maj\u00ed v\u016fz k dispozici <a href=\"\/index.php\/osobnosti\/carlos-sainz\/\">Carlos Sainz<\/a> s <a href=\"\/index.php\/osobnosti\/lucas-cruz\/\">Lucasem Cruzem<\/a>, jeden den bude jezdit <a href=\"https:\/\/www.dakarmania.cz\/index.php\/osobnosti\/stephane-peterhansel\/\">St\u00e9phane Peterhansel<\/a>. Na z\u00e1klad\u011b informac\u00ed od obou pilot\u016f provede t\u00fdm p\u0159\u00edpadn\u00e9 dal\u0161\u00ed \u00fapravy.<\/p>\n<p>Sainz i Peterhansel by se s Mini JCW Buggy m\u011bli z\u00fa\u010dastnit \u0159\u00edjnov\u00e9 <a href=\"\/index.php\/souteze\/maroc-2019\/\">Rallye du Maroc<\/a> a vylou\u010den nen\u00ed ani start na vybran\u00e9 sout\u011b\u017ei sa\u00fadskoarabsk\u00e9ho \u0161ampion\u00e1tu.[\/vc_column_text][vc_single_image image=&#8221;10955&#8243; img_size=&#8221;large&#8221; add_caption=&#8221;yes&#8221; alignment=&#8221;center&#8221; onclick=&#8221;link_image&#8221; css_animation=&#8221;fadeIn&#8221;][vc_column_text css_animation=&#8221;fadeIn&#8221;]<\/p>\n<h4>Bez Desprese a Romy?<\/h4>\n<p>Podle n\u011bkter\u00fdch informac\u00ed by m\u00edsto v X-raid Mini JCW Teamu nemuselo zb\u00fdt na <a href=\"\/index.php\/osobnosti\/despres-cyril\/\">Cyrila Desprese<\/a>, p\u0159esto\u017ee Francouz obsadil na <a href=\"\/index.php\/souteze\/dakar-2019\/\">Dakaru 2019<\/a> p\u00e1t\u00e9 m\u00edsto a byl z trojice pilot\u016f bugin nej\u00fasp\u011b\u0161n\u011bj\u0161\u00ed. Nicm\u00e9n\u011b Despres se s buggy z\u00fa\u010dastnil i jarn\u00ed <a href=\"\/index.php\/sampionaty\/svetovy-pohar-fia-v-cross-country-rally-2019\/addc-2019\/\">Abu Dhabi Desert Challenge<\/a> a na po\u010d\u00e1tku \u010dervna se s n\u00ed objevil i v r\u00e1mci promo akce b\u011bhem popul\u00e1rn\u00edho rakousk\u00e9ho Erzbergrodea.<\/p>\n<p>Jasn\u00e1 zat\u00edm nen\u00ed ani situace <a href=\"\/index.php\/osobnosti\/nani-roma\/\">Naniho Romy<\/a>. Na leto\u0161n\u00edm Dakaru vybojoval \u0160pan\u011bl s Mini JCW Rally druh\u00e9 m\u00edsto, ale pr\u00e1v\u011b on byl jedn\u00edm z jezdc\u016f, na jejich\u017e slu\u017eby X-raid n\u00e1sledn\u011b neuplatnil opci. V dosavadn\u00edm pr\u016fb\u011bhu sezony se dvojn\u00e1sobn\u00fd dakarsk\u00fd v\u00edt\u011bz objevil pouze na dom\u00e1c\u00ed <a href=\"\/index.php\/souteze\/baja-aragon-2019\/\">Baje Arag\u00f3n<\/a>.<\/p>\n<p>\u00da\u010dast na <a href=\"\/index.php\/souteze\/dakar-2020\/\">Dakaru 2020<\/a> je naopak prakticky jist\u00e1 v p\u0159\u00edpad\u011b n\u011bkolika klient\u016f, pro kter\u00e9 X-raid p\u0159ipravuje \u201e\u010dty\u0159kolky\u201c Mini JCW Rally. Ve startovn\u00edm poli by nem\u011bli chyb\u011bt <a href=\"\/index.php\/osobnosti\/kuba-przygonski\/\">Kuba Przygo\u0144ski<\/a> v barv\u00e1ch Orlen Teamu, sou\u010dasn\u00fd leader pr\u016fb\u011b\u017en\u00e9ho hodnocen\u00ed Sv\u011btov\u00e9ho poh\u00e1ru FIA v cross-country baj\u00e1ch <a href=\"\/index.php\/osobnosti\/orlando-terranova\/\">Orlando Terranova<\/a> nebo Chilan Boris Garafulic.[\/vc_column_text][\/vc_column][\/vc_row]<\/p>\n","protected":false},"excerpt":{"rendered":"<p>X-raid vstoupil do nov\u00e9 f\u00e1ze p\u0159\u00edprav na Rally Dakar 2020. N\u011bmeck\u00fd t\u00fdm tento t\u00fdden poprv\u00e9 testuje vylep\u0161en\u00fd speci\u00e1l Mini JCW Buggy.<\/p>\n","protected":false},"author":1,"featured_media":10954,"comment_status":"open","ping_status":"closed","sticky":false,"template":"","format":"standard","meta":{"footnotes":""},"categories":[3,251],"tags":[425,1454,1114,233,8,159,288,1185,219,232,1165,291,217,220],"class_list":["post-10956","post","type-post","status-publish","format-standard","has-post-thumbnail","hentry","category-auto","category-dakar-2020","tag-425","tag-boris-garafulic","tag-carlos-sainz","tag-cyril-despres","tag-dakar","tag-dakar-2020","tag-kuba-przygonski","tag-lucas-cruz","tag-mini","tag-nani-roma","tag-orlando-terranova","tag-orlen-team","tag-stephane-peterhansel","tag-x-raid"],"yoast_head":"<!-- This site is optimized with the Yoast SEO plugin v24.9 - https:\/\/yoast.com\/wordpress\/plugins\/seo\/ -->\n<title>Dakar 2020: X-raid poprv\u00e9 testuje vylep\u0161en\u00e9 Mini JCW Buggy - DAKARMANIA.cz<\/title>\n<meta name=\"description\" content=\"X-raid vstoupil do nov\u00e9 f\u00e1ze p\u0159\u00edprav na Rally Dakar 2020. N\u011bmeck\u00fd t\u00fdm tento t\u00fdden poprv\u00e9 testuje vylep\u0161en\u00fd speci\u00e1l Mini JCW Buggy.\" \/>\n<meta name=\"robots\" content=\"index, follow, max-snippet:-1, max-image-preview:large, max-video-preview:-1\" \/>\n<link rel=\"canonical\" href=\"https:\/\/www.dakarmania.cz\/index.php\/2019\/08\/27\/vylepsene-mini-buggy\/\" \/>\n<meta property=\"og:locale\" content=\"cs_CZ\" \/>\n<meta property=\"og:type\" content=\"article\" \/>\n<meta property=\"og:title\" content=\"Dakar 2020: X-raid poprv\u00e9 testuje vylep\u0161en\u00e9 Mini JCW Buggy - DAKARMANIA.cz\" \/>\n<meta property=\"og:description\" content=\"X-raid vstoupil do nov\u00e9 f\u00e1ze p\u0159\u00edprav na Rally Dakar 2020. N\u011bmeck\u00fd t\u00fdm tento t\u00fdden poprv\u00e9 testuje vylep\u0161en\u00fd speci\u00e1l Mini JCW Buggy.\" \/>\n<meta property=\"og:url\" content=\"https:\/\/www.dakarmania.cz\/index.php\/2019\/08\/27\/vylepsene-mini-buggy\/\" \/>\n<meta property=\"og:site_name\" content=\"DAKARMANIA.cz\" \/>\n<meta property=\"article:publisher\" content=\"https:\/\/www.facebook.com\/dakarmania\/\" \/>\n<meta property=\"article:published_time\" content=\"2019-08-27T11:30:07+00:00\" \/>\n<meta property=\"article:modified_time\" content=\"2021-08-26T12:52:08+00:00\" \/>\n<meta property=\"og:image\" content=\"https:\/\/www.dakarmania.cz\/wp-content\/uploads\/2019\/08\/19-dakar-sainz-27.jpg\" \/>\n\t<meta property=\"og:image:width\" content=\"1024\" \/>\n\t<meta property=\"og:image:height\" content=\"682\" \/>\n\t<meta property=\"og:image:type\" content=\"image\/jpeg\" \/>\n<meta name=\"author\" content=\"Zden\u011bk Zelenka\" \/>\n<meta name=\"twitter:card\" content=\"summary_large_image\" \/>\n<meta name=\"twitter:label1\" content=\"Napsal(a)\" \/>\n\t<meta name=\"twitter:data1\" content=\"Zden\u011bk Zelenka\" \/>\n\t<meta name=\"twitter:label2\" content=\"Odhadovan\u00e1 doba \u010dten\u00ed\" \/>\n\t<meta name=\"twitter:data2\" content=\"3 minuty\" \/>\n<script type=\"application\/ld+json\" class=\"yoast-schema-graph\">{\"@context\":\"https:\/\/schema.org\",\"@graph\":[{\"@type\":\"Article\",\"@id\":\"https:\/\/www.dakarmania.cz\/index.php\/2019\/08\/27\/vylepsene-mini-buggy\/#article\",\"isPartOf\":{\"@id\":\"https:\/\/www.dakarmania.cz\/index.php\/2019\/08\/27\/vylepsene-mini-buggy\/\"},\"author\":{\"name\":\"Zden\u011bk Zelenka\",\"@id\":\"https:\/\/www.dakarmania.cz\/#\/schema\/person\/04eb0e87a389631c2169c0dddae7ff1e\"},\"headline\":\"Dakar 2020: X-raid poprv\u00e9 testuje vylep\u0161en\u00e9 Mini JCW Buggy\",\"datePublished\":\"2019-08-27T11:30:07+00:00\",\"dateModified\":\"2021-08-26T12:52:08+00:00\",\"mainEntityOfPage\":{\"@id\":\"https:\/\/www.dakarmania.cz\/index.php\/2019\/08\/27\/vylepsene-mini-buggy\/\"},\"wordCount\":598,\"commentCount\":0,\"publisher\":{\"@id\":\"https:\/\/www.dakarmania.cz\/#organization\"},\"image\":{\"@id\":\"https:\/\/www.dakarmania.cz\/index.php\/2019\/08\/27\/vylepsene-mini-buggy\/#primaryimage\"},\"thumbnailUrl\":\"https:\/\/www.dakarmania.cz\/wp-content\/uploads\/2019\/08\/19-dakar-sainz-27.jpg\",\"keywords\":[\"2019\",\"Boris Garafulic\",\"Carlos Sainz\",\"Cyril Despres\",\"Dakar\",\"Dakar 2020\",\"Kuba Przygo\u0144ski\",\"Lucas Cruz\",\"Mini\",\"Nani Roma\",\"Orlando Terranova\",\"Orlen Team\",\"St\u00e9phane Peterhansel\",\"X-raid\"],\"articleSection\":[\"Auto\",\"Dakar 2020\"],\"inLanguage\":\"cs\",\"potentialAction\":[{\"@type\":\"CommentAction\",\"name\":\"Comment\",\"target\":[\"https:\/\/www.dakarmania.cz\/index.php\/2019\/08\/27\/vylepsene-mini-buggy\/#respond\"]}]},{\"@type\":\"WebPage\",\"@id\":\"https:\/\/www.dakarmania.cz\/index.php\/2019\/08\/27\/vylepsene-mini-buggy\/\",\"url\":\"https:\/\/www.dakarmania.cz\/index.php\/2019\/08\/27\/vylepsene-mini-buggy\/\",\"name\":\"Dakar 2020: X-raid poprv\u00e9 testuje vylep\u0161en\u00e9 Mini JCW Buggy - DAKARMANIA.cz\",\"isPartOf\":{\"@id\":\"https:\/\/www.dakarmania.cz\/#website\"},\"primaryImageOfPage\":{\"@id\":\"https:\/\/www.dakarmania.cz\/index.php\/2019\/08\/27\/vylepsene-mini-buggy\/#primaryimage\"},\"image\":{\"@id\":\"https:\/\/www.dakarmania.cz\/index.php\/2019\/08\/27\/vylepsene-mini-buggy\/#primaryimage\"},\"thumbnailUrl\":\"https:\/\/www.dakarmania.cz\/wp-content\/uploads\/2019\/08\/19-dakar-sainz-27.jpg\",\"datePublished\":\"2019-08-27T11:30:07+00:00\",\"dateModified\":\"2021-08-26T12:52:08+00:00\",\"description\":\"X-raid vstoupil do nov\u00e9 f\u00e1ze p\u0159\u00edprav na Rally Dakar 2020. N\u011bmeck\u00fd t\u00fdm tento t\u00fdden poprv\u00e9 testuje vylep\u0161en\u00fd speci\u00e1l Mini JCW Buggy.\",\"breadcrumb\":{\"@id\":\"https:\/\/www.dakarmania.cz\/index.php\/2019\/08\/27\/vylepsene-mini-buggy\/#breadcrumb\"},\"inLanguage\":\"cs\",\"potentialAction\":[{\"@type\":\"ReadAction\",\"target\":[\"https:\/\/www.dakarmania.cz\/index.php\/2019\/08\/27\/vylepsene-mini-buggy\/\"]}]},{\"@type\":\"ImageObject\",\"inLanguage\":\"cs\",\"@id\":\"https:\/\/www.dakarmania.cz\/index.php\/2019\/08\/27\/vylepsene-mini-buggy\/#primaryimage\",\"url\":\"https:\/\/www.dakarmania.cz\/wp-content\/uploads\/2019\/08\/19-dakar-sainz-27.jpg\",\"contentUrl\":\"https:\/\/www.dakarmania.cz\/wp-content\/uploads\/2019\/08\/19-dakar-sainz-27.jpg\",\"width\":1024,\"height\":682,\"caption\":\"Carlos Sainz\/Lucas Cruz, Mini JCW Buggy, X-raid Mini JCW Team. Rally Dakar 2019. \u00a9 Red Bull Content Pool\"},{\"@type\":\"BreadcrumbList\",\"@id\":\"https:\/\/www.dakarmania.cz\/index.php\/2019\/08\/27\/vylepsene-mini-buggy\/#breadcrumb\",\"itemListElement\":[{\"@type\":\"ListItem\",\"position\":1,\"name\":\"Dom\u016f\",\"item\":\"https:\/\/www.dakarmania.cz\/\"},{\"@type\":\"ListItem\",\"position\":2,\"name\":\"Dakar 2020: X-raid poprv\u00e9 testuje vylep\u0161en\u00e9 Mini JCW Buggy\"}]},{\"@type\":\"WebSite\",\"@id\":\"https:\/\/www.dakarmania.cz\/#website\",\"url\":\"https:\/\/www.dakarmania.cz\/\",\"name\":\"DAKARMANIA.cz\",\"description\":\"\u017dijeme Dakarem cel\u00fd rok\",\"publisher\":{\"@id\":\"https:\/\/www.dakarmania.cz\/#organization\"},\"potentialAction\":[{\"@type\":\"SearchAction\",\"target\":{\"@type\":\"EntryPoint\",\"urlTemplate\":\"https:\/\/www.dakarmania.cz\/?s={search_term_string}\"},\"query-input\":{\"@type\":\"PropertyValueSpecification\",\"valueRequired\":true,\"valueName\":\"search_term_string\"}}],\"inLanguage\":\"cs\"},{\"@type\":\"Organization\",\"@id\":\"https:\/\/www.dakarmania.cz\/#organization\",\"name\":\"DAKAR MANIA\",\"url\":\"https:\/\/www.dakarmania.cz\/\",\"logo\":{\"@type\":\"ImageObject\",\"inLanguage\":\"cs\",\"@id\":\"https:\/\/www.dakarmania.cz\/#\/schema\/logo\/image\/\",\"url\":\"https:\/\/www.dakarmania.cz\/wp-content\/uploads\/2018\/12\/Dakar-Mania-Logo-Square-Orange.png\",\"contentUrl\":\"https:\/\/www.dakarmania.cz\/wp-content\/uploads\/2018\/12\/Dakar-Mania-Logo-Square-Orange.png\",\"width\":992,\"height\":992,\"caption\":\"DAKAR MANIA\"},\"image\":{\"@id\":\"https:\/\/www.dakarmania.cz\/#\/schema\/logo\/image\/\"},\"sameAs\":[\"https:\/\/www.facebook.com\/dakarmania\/\"]},{\"@type\":\"Person\",\"@id\":\"https:\/\/www.dakarmania.cz\/#\/schema\/person\/04eb0e87a389631c2169c0dddae7ff1e\",\"name\":\"Zden\u011bk Zelenka\",\"image\":{\"@type\":\"ImageObject\",\"inLanguage\":\"cs\",\"@id\":\"https:\/\/www.dakarmania.cz\/#\/schema\/person\/image\/\",\"url\":\"https:\/\/secure.gravatar.com\/avatar\/2c80d5a4942fe0900b73cc7d3837a509d6ee0a276a2b76dac95c92bd0763a89b?s=96&d=mm&r=g\",\"contentUrl\":\"https:\/\/secure.gravatar.com\/avatar\/2c80d5a4942fe0900b73cc7d3837a509d6ee0a276a2b76dac95c92bd0763a89b?s=96&d=mm&r=g\",\"caption\":\"Zden\u011bk Zelenka\"},\"description\":\"Moji d\u011bt\u0161t\u00ed hrdinov\u00e9 se jmenovali Loprais, Moskal, Neveu, Vatanen, Rahier... A tihle borci, jejich n\u00e1sledovn\u00edci a jejich p\u0159\u00edb\u011bhy m\u011b nep\u0159estali fascinovat ani po letech, kdy jsem vyrostl a zam\u011bstn\u00e1valy m\u011b jin\u00e9 discipl\u00edny motorsportu. Proto se zrodila DAKARMANIA.\",\"url\":\"https:\/\/www.dakarmania.cz\/index.php\/author\/dakarmania\/\"}]}<\/script>\n<!-- \/ Yoast SEO plugin. -->","yoast_head_json":{"title":"Dakar 2020: X-raid poprv\u00e9 testuje vylep\u0161en\u00e9 Mini JCW Buggy - DAKARMANIA.cz","description":"X-raid vstoupil do nov\u00e9 f\u00e1ze p\u0159\u00edprav na Rally Dakar 2020. N\u011bmeck\u00fd t\u00fdm tento t\u00fdden poprv\u00e9 testuje vylep\u0161en\u00fd speci\u00e1l Mini JCW Buggy.","robots":{"index":"index","follow":"follow","max-snippet":"max-snippet:-1","max-image-preview":"max-image-preview:large","max-video-preview":"max-video-preview:-1"},"canonical":"https:\/\/www.dakarmania.cz\/index.php\/2019\/08\/27\/vylepsene-mini-buggy\/","og_locale":"cs_CZ","og_type":"article","og_title":"Dakar 2020: X-raid poprv\u00e9 testuje vylep\u0161en\u00e9 Mini JCW Buggy - DAKARMANIA.cz","og_description":"X-raid vstoupil do nov\u00e9 f\u00e1ze p\u0159\u00edprav na Rally Dakar 2020. N\u011bmeck\u00fd t\u00fdm tento t\u00fdden poprv\u00e9 testuje vylep\u0161en\u00fd speci\u00e1l Mini JCW Buggy.","og_url":"https:\/\/www.dakarmania.cz\/index.php\/2019\/08\/27\/vylepsene-mini-buggy\/","og_site_name":"DAKARMANIA.cz","article_publisher":"https:\/\/www.facebook.com\/dakarmania\/","article_published_time":"2019-08-27T11:30:07+00:00","article_modified_time":"2021-08-26T12:52:08+00:00","og_image":[{"width":1024,"height":682,"url":"https:\/\/www.dakarmania.cz\/wp-content\/uploads\/2019\/08\/19-dakar-sainz-27.jpg","type":"image\/jpeg"}],"author":"Zden\u011bk Zelenka","twitter_card":"summary_large_image","twitter_misc":{"Napsal(a)":"Zden\u011bk Zelenka","Odhadovan\u00e1 doba \u010dten\u00ed":"3 minuty"},"schema":{"@context":"https:\/\/schema.org","@graph":[{"@type":"Article","@id":"https:\/\/www.dakarmania.cz\/index.php\/2019\/08\/27\/vylepsene-mini-buggy\/#article","isPartOf":{"@id":"https:\/\/www.dakarmania.cz\/index.php\/2019\/08\/27\/vylepsene-mini-buggy\/"},"author":{"name":"Zden\u011bk Zelenka","@id":"https:\/\/www.dakarmania.cz\/#\/schema\/person\/04eb0e87a389631c2169c0dddae7ff1e"},"headline":"Dakar 2020: X-raid poprv\u00e9 testuje vylep\u0161en\u00e9 Mini JCW Buggy","datePublished":"2019-08-27T11:30:07+00:00","dateModified":"2021-08-26T12:52:08+00:00","mainEntityOfPage":{"@id":"https:\/\/www.dakarmania.cz\/index.php\/2019\/08\/27\/vylepsene-mini-buggy\/"},"wordCount":598,"commentCount":0,"publisher":{"@id":"https:\/\/www.dakarmania.cz\/#organization"},"image":{"@id":"https:\/\/www.dakarmania.cz\/index.php\/2019\/08\/27\/vylepsene-mini-buggy\/#primaryimage"},"thumbnailUrl":"https:\/\/www.dakarmania.cz\/wp-content\/uploads\/2019\/08\/19-dakar-sainz-27.jpg","keywords":["2019","Boris Garafulic","Carlos Sainz","Cyril Despres","Dakar","Dakar 2020","Kuba Przygo\u0144ski","Lucas Cruz","Mini","Nani Roma","Orlando Terranova","Orlen Team","St\u00e9phane Peterhansel","X-raid"],"articleSection":["Auto","Dakar 2020"],"inLanguage":"cs","potentialAction":[{"@type":"CommentAction","name":"Comment","target":["https:\/\/www.dakarmania.cz\/index.php\/2019\/08\/27\/vylepsene-mini-buggy\/#respond"]}]},{"@type":"WebPage","@id":"https:\/\/www.dakarmania.cz\/index.php\/2019\/08\/27\/vylepsene-mini-buggy\/","url":"https:\/\/www.dakarmania.cz\/index.php\/2019\/08\/27\/vylepsene-mini-buggy\/","name":"Dakar 2020: X-raid poprv\u00e9 testuje vylep\u0161en\u00e9 Mini JCW Buggy - DAKARMANIA.cz","isPartOf":{"@id":"https:\/\/www.dakarmania.cz\/#website"},"primaryImageOfPage":{"@id":"https:\/\/www.dakarmania.cz\/index.php\/2019\/08\/27\/vylepsene-mini-buggy\/#primaryimage"},"image":{"@id":"https:\/\/www.dakarmania.cz\/index.php\/2019\/08\/27\/vylepsene-mini-buggy\/#primaryimage"},"thumbnailUrl":"https:\/\/www.dakarmania.cz\/wp-content\/uploads\/2019\/08\/19-dakar-sainz-27.jpg","datePublished":"2019-08-27T11:30:07+00:00","dateModified":"2021-08-26T12:52:08+00:00","description":"X-raid vstoupil do nov\u00e9 f\u00e1ze p\u0159\u00edprav na Rally Dakar 2020. N\u011bmeck\u00fd t\u00fdm tento t\u00fdden poprv\u00e9 testuje vylep\u0161en\u00fd speci\u00e1l Mini JCW Buggy.","breadcrumb":{"@id":"https:\/\/www.dakarmania.cz\/index.php\/2019\/08\/27\/vylepsene-mini-buggy\/#breadcrumb"},"inLanguage":"cs","potentialAction":[{"@type":"ReadAction","target":["https:\/\/www.dakarmania.cz\/index.php\/2019\/08\/27\/vylepsene-mini-buggy\/"]}]},{"@type":"ImageObject","inLanguage":"cs","@id":"https:\/\/www.dakarmania.cz\/index.php\/2019\/08\/27\/vylepsene-mini-buggy\/#primaryimage","url":"https:\/\/www.dakarmania.cz\/wp-content\/uploads\/2019\/08\/19-dakar-sainz-27.jpg","contentUrl":"https:\/\/www.dakarmania.cz\/wp-content\/uploads\/2019\/08\/19-dakar-sainz-27.jpg","width":1024,"height":682,"caption":"Carlos Sainz\/Lucas Cruz, Mini JCW Buggy, X-raid Mini JCW Team. Rally Dakar 2019. \u00a9 Red Bull Content Pool"},{"@type":"BreadcrumbList","@id":"https:\/\/www.dakarmania.cz\/index.php\/2019\/08\/27\/vylepsene-mini-buggy\/#breadcrumb","itemListElement":[{"@type":"ListItem","position":1,"name":"Dom\u016f","item":"https:\/\/www.dakarmania.cz\/"},{"@type":"ListItem","position":2,"name":"Dakar 2020: X-raid poprv\u00e9 testuje vylep\u0161en\u00e9 Mini JCW Buggy"}]},{"@type":"WebSite","@id":"https:\/\/www.dakarmania.cz\/#website","url":"https:\/\/www.dakarmania.cz\/","name":"DAKARMANIA.cz","description":"\u017dijeme Dakarem cel\u00fd rok","publisher":{"@id":"https:\/\/www.dakarmania.cz\/#organization"},"potentialAction":[{"@type":"SearchAction","target":{"@type":"EntryPoint","urlTemplate":"https:\/\/www.dakarmania.cz\/?s={search_term_string}"},"query-input":{"@type":"PropertyValueSpecification","valueRequired":true,"valueName":"search_term_string"}}],"inLanguage":"cs"},{"@type":"Organization","@id":"https:\/\/www.dakarmania.cz\/#organization","name":"DAKAR MANIA","url":"https:\/\/www.dakarmania.cz\/","logo":{"@type":"ImageObject","inLanguage":"cs","@id":"https:\/\/www.dakarmania.cz\/#\/schema\/logo\/image\/","url":"https:\/\/www.dakarmania.cz\/wp-content\/uploads\/2018\/12\/Dakar-Mania-Logo-Square-Orange.png","contentUrl":"https:\/\/www.dakarmania.cz\/wp-content\/uploads\/2018\/12\/Dakar-Mania-Logo-Square-Orange.png","width":992,"height":992,"caption":"DAKAR MANIA"},"image":{"@id":"https:\/\/www.dakarmania.cz\/#\/schema\/logo\/image\/"},"sameAs":["https:\/\/www.facebook.com\/dakarmania\/"]},{"@type":"Person","@id":"https:\/\/www.dakarmania.cz\/#\/schema\/person\/04eb0e87a389631c2169c0dddae7ff1e","name":"Zden\u011bk Zelenka","image":{"@type":"ImageObject","inLanguage":"cs","@id":"https:\/\/www.dakarmania.cz\/#\/schema\/person\/image\/","url":"https:\/\/secure.gravatar.com\/avatar\/2c80d5a4942fe0900b73cc7d3837a509d6ee0a276a2b76dac95c92bd0763a89b?s=96&d=mm&r=g","contentUrl":"https:\/\/secure.gravatar.com\/avatar\/2c80d5a4942fe0900b73cc7d3837a509d6ee0a276a2b76dac95c92bd0763a89b?s=96&d=mm&r=g","caption":"Zden\u011bk Zelenka"},"description":"Moji d\u011bt\u0161t\u00ed hrdinov\u00e9 se jmenovali Loprais, Moskal, Neveu, Vatanen, Rahier... A tihle borci, jejich n\u00e1sledovn\u00edci a jejich p\u0159\u00edb\u011bhy m\u011b nep\u0159estali fascinovat ani po letech, kdy jsem vyrostl a zam\u011bstn\u00e1valy m\u011b jin\u00e9 discipl\u00edny motorsportu. Proto se zrodila DAKARMANIA.","url":"https:\/\/www.dakarmania.cz\/index.php\/author\/dakarmania\/"}]}},"amp_enabled":true,"_links":{"self":[{"href":"https:\/\/www.dakarmania.cz\/index.php\/wp-json\/wp\/v2\/posts\/10956","targetHints":{"allow":["GET"]}}],"collection":[{"href":"https:\/\/www.dakarmania.cz\/index.php\/wp-json\/wp\/v2\/posts"}],"about":[{"href":"https:\/\/www.dakarmania.cz\/index.php\/wp-json\/wp\/v2\/types\/post"}],"author":[{"embeddable":true,"href":"https:\/\/www.dakarmania.cz\/index.php\/wp-json\/wp\/v2\/users\/1"}],"replies":[{"embeddable":true,"href":"https:\/\/www.dakarmania.cz\/index.php\/wp-json\/wp\/v2\/comments?post=10956"}],"version-history":[{"count":5,"href":"https:\/\/www.dakarmania.cz\/index.php\/wp-json\/wp\/v2\/posts\/10956\/revisions"}],"predecessor-version":[{"id":23252,"href":"https:\/\/www.dakarmania.cz\/index.php\/wp-json\/wp\/v2\/posts\/10956\/revisions\/23252"}],"wp:featuredmedia":[{"embeddable":true,"href":"https:\/\/www.dakarmania.cz\/index.php\/wp-json\/wp\/v2\/media\/10954"}],"wp:attachment":[{"href":"https:\/\/www.dakarmania.cz\/index.php\/wp-json\/wp\/v2\/media?parent=10956"}],"wp:term":[{"taxonomy":"category","embeddable":true,"href":"https:\/\/www.dakarmania.cz\/index.php\/wp-json\/wp\/v2\/categories?post=10956"},{"taxonomy":"post_tag","embeddable":true,"href":"https:\/\/www.dakarmania.cz\/index.php\/wp-json\/wp\/v2\/tags?post=10956"}],"curies":[{"name":"wp","href":"https:\/\/api.w.org\/{rel}","templated":true}]}}