{"id":10987,"date":"2019-08-28T11:49:11","date_gmt":"2019-08-28T09:49:11","guid":{"rendered":"https:\/\/www.dakarmania.cz\/?p=10987"},"modified":"2019-08-28T11:49:11","modified_gmt":"2019-08-28T09:49:11","slug":"macik-prozene-osobaky","status":"publish","type":"post","link":"https:\/\/www.dakarmania.cz\/index.php\/2019\/08\/28\/macik-prozene-osobaky\/","title":{"rendered":"Mac\u00edk v kamionu pro\u017eene osob\u00e1ky na Baja Poland"},"content":{"rendered":"<p>[vc_row][vc_column][vc_column_text css_animation=&#8221;fadeIn&#8221;]<\/p>\n<h4>Pos\u00e1dka t\u00fdmu Big Shock Racing ve slo\u017een\u00ed Mac\u00edk, Tom\u00e1\u0161ek, \u0160vanda se osv\u011bd\u010dila u\u017e ve \u0160pan\u011blsku, kdy\u017e vyhr\u00e1la z\u00e1vod Baja Arag\u00f3n. Te\u010f se \u010de\u0161t\u00ed z\u00e1vodn\u00edci t\u011b\u0161\u00ed na Baja Poland, podnik sv\u011btov\u00e9ho poh\u00e1ru v cross-country baj\u00e1ch, kter\u00fd startuje 29. srpna.<\/h4>\n<p>V kabin\u011b \u017elut\u00e9ho kamionu Iveco, pojmenovan\u00e9ho Karel, bude z\u0159ejm\u011b veselo. Nov\u00fd dakarsk\u00fd speci\u00e1l, vyroben\u00fd v sedl\u010dansk\u00fdch d\u00edln\u00e1ch, si to tentokr\u00e1t rozd\u00e1 s osobn\u00edmi automobily. P\u016fjde toti\u017e o jedin\u00fd kamion ve startovn\u00edm poli.<\/p>\n<p><em>\u201c<a href=\"\/index.php\/souteze\/baja-poland-2019\/\">Baja Poland<\/a> je dal\u0161\u00ed super tr\u00e9nink na <a href=\"\/index.php\/souteze\/dakar-2020\/\">Dakar<\/a>. Najezd\u00edme stovky kilometr\u016f na rychl\u00e9, technick\u00e9, p\u00edse\u010dn\u00e9 trati. Pot\u0159ebujeme d\u00e1l pracovat na Karlovi, hlavn\u011b na detailech tlumen\u00ed, motoru a kabiny. Nav\u00edc n\u00e1s bav\u00ed honit se v kamionu s osob\u00e1ky. R\u00e1di bychom byli v top 10,\u201c<\/em> \u0159\u00edk\u00e1 <a href=\"\/index.php\/osobnosti\/martin-macik-ml\/\"><strong>Martin Mac\u00edk<\/strong><\/a>.[\/vc_column_text][vc_single_image image=&#8221;9218&#8243; img_size=&#8221;large&#8221; add_caption=&#8221;yes&#8221; alignment=&#8221;center&#8221; onclick=&#8221;link_image&#8221; css_animation=&#8221;fadeIn&#8221;][vc_column_text css_animation=&#8221;fadeIn&#8221;]Nov\u00fd mechanik <a href=\"\/index.php\/osobnosti\/david-svanda\/\">David \u0160vanda<\/a> si d\u00e1le lad\u00ed sv\u00e1 hejbl\u00e1tka v kabin\u011b, aby m\u011bl b\u011bhem j\u00edzdy dokonal\u00fd p\u0159ehled o v\u0161ech d\u016fle\u017eit\u00fdch parametrech i kondici t\u00fdmov\u00e9ho kamionu. Pro navig\u00e1tora Franti\u0161ka Tom\u00e1\u0161ka je d\u016fle\u017eit\u00e9 zvyknout si na nov\u00fd v\u016fz a sladit se s Martinem a Davidem, i kdy\u017e navigace v Polsku pro n\u011bj bude sp\u00ed\u0161 rutinn\u00ed z\u00e1le\u017eitost\u00ed. Pos\u00e1dka tak\u00e9 o\u010dek\u00e1v\u00e1, \u017ee se poda\u0159\u00ed vyzkou\u0161et v\u00fdm\u011bnu pneumatiky v z\u00e1vodn\u00edm tempu.<\/p>\n<p><em>\u201eA hlavn\u011b se na n\u00e1s v Polsku t\u011b\u0161\u00ed spousta fanou\u0161k\u016f. A my na n\u011b. Nejlep\u0161\u00ed je travnat\u00e1 es\u00ed\u010dkov\u00e1 pas\u00e1\u017e na konci trati, kde je poka\u017ed\u00e9 hromada div\u00e1k\u016f a v\u0161ichni \u010dekaj\u00ed, a\u017e kolem pojede n\u00e1\u0161 kamion, nejv\u011bt\u0161\u00ed auto z\u00e1vodu,\u201c<\/em> dopl\u0148uje navig\u00e1tor <strong>Franti\u0161ek Tom\u00e1\u0161ek<\/strong>.<\/p>\n<p>Tiskov\u00e1 zpr\u00e1va t\u00fdmu Big Shock Racing [editov\u00e1no][\/vc_column_text][\/vc_column][\/vc_row]<\/p>\n","protected":false},"excerpt":{"rendered":"<p>Pos\u00e1dka t\u00fdmu Big Shock Racing ve slo\u017een\u00ed Mac\u00edk, Tom\u00e1\u0161ek, \u0160vanda se osv\u011bd\u010dila u\u017e ve \u0160pan\u011blsku, kdy\u017e vyhr\u00e1la Baju Arag\u00f3n. Te\u010f se t\u011b\u0161\u00ed na Baja Poland.<\/p>\n","protected":false},"author":3,"featured_media":9328,"comment_status":"open","ping_status":"closed","sticky":false,"template":"","format":"standard","meta":{"footnotes":""},"categories":[637],"tags":[425,255,246,111,1135,117,164,591,114],"class_list":["post-10987","post","type-post","status-publish","format-standard","has-post-thumbnail","hentry","category-tiskove-zpravy","tag-425","tag-baja-poland","tag-baja-poland-2019","tag-big-shock-racing","tag-david-svanda","tag-frantisek-tomasek","tag-iveco","tag-martin-macik","tag-martin-macik-ml"],"yoast_head":"<!-- This site is optimized with the Yoast SEO plugin v24.9 - https:\/\/yoast.com\/wordpress\/plugins\/seo\/ -->\n<title>Mac\u00edk v kamionu pro\u017eene osob\u00e1ky na Baja Poland - DAKARMANIA.cz<\/title>\n<meta name=\"description\" content=\"Pos\u00e1dka t\u00fdmu Big Shock Racing ve slo\u017een\u00ed Mac\u00edk, Tom\u00e1\u0161ek, \u0160vanda se osv\u011bd\u010dila u\u017e ve \u0160pan\u011blsku, kdy\u017e vyhr\u00e1la Baju Arag\u00f3n. Te\u010f se t\u011b\u0161\u00ed na Baja Poland.\" \/>\n<meta name=\"robots\" content=\"index, follow, max-snippet:-1, max-image-preview:large, max-video-preview:-1\" \/>\n<link rel=\"canonical\" href=\"https:\/\/www.dakarmania.cz\/index.php\/2019\/08\/28\/macik-prozene-osobaky\/\" \/>\n<meta property=\"og:locale\" content=\"cs_CZ\" \/>\n<meta property=\"og:type\" content=\"article\" \/>\n<meta property=\"og:title\" content=\"Mac\u00edk v kamionu pro\u017eene osob\u00e1ky na Baja Poland - DAKARMANIA.cz\" \/>\n<meta property=\"og:description\" content=\"Pos\u00e1dka t\u00fdmu Big Shock Racing ve slo\u017een\u00ed Mac\u00edk, Tom\u00e1\u0161ek, \u0160vanda se osv\u011bd\u010dila u\u017e ve \u0160pan\u011blsku, kdy\u017e vyhr\u00e1la Baju Arag\u00f3n. Te\u010f se t\u011b\u0161\u00ed na Baja Poland.\" \/>\n<meta property=\"og:url\" content=\"https:\/\/www.dakarmania.cz\/index.php\/2019\/08\/28\/macik-prozene-osobaky\/\" \/>\n<meta property=\"og:site_name\" content=\"DAKARMANIA.cz\" \/>\n<meta property=\"article:publisher\" content=\"https:\/\/www.facebook.com\/dakarmania\/\" \/>\n<meta property=\"article:published_time\" content=\"2019-08-28T09:49:11+00:00\" \/>\n<meta property=\"og:image\" content=\"https:\/\/www.dakarmania.cz\/wp-content\/uploads\/2019\/07\/19-aragon-macik-06.jpg\" \/>\n\t<meta property=\"og:image:width\" content=\"1600\" \/>\n\t<meta property=\"og:image:height\" content=\"1066\" \/>\n\t<meta property=\"og:image:type\" content=\"image\/jpeg\" \/>\n<meta name=\"author\" content=\"tiskov\u00e1 zpr\u00e1va\" \/>\n<meta name=\"twitter:card\" content=\"summary_large_image\" \/>\n<meta name=\"twitter:label1\" content=\"Napsal(a)\" \/>\n\t<meta name=\"twitter:data1\" content=\"tiskov\u00e1 zpr\u00e1va\" \/>\n\t<meta name=\"twitter:label2\" content=\"Odhadovan\u00e1 doba \u010dten\u00ed\" \/>\n\t<meta name=\"twitter:data2\" content=\"2 minuty\" \/>\n<script type=\"application\/ld+json\" class=\"yoast-schema-graph\">{\"@context\":\"https:\/\/schema.org\",\"@graph\":[{\"@type\":\"Article\",\"@id\":\"https:\/\/www.dakarmania.cz\/index.php\/2019\/08\/28\/macik-prozene-osobaky\/#article\",\"isPartOf\":{\"@id\":\"https:\/\/www.dakarmania.cz\/index.php\/2019\/08\/28\/macik-prozene-osobaky\/\"},\"author\":{\"name\":\"tiskov\u00e1 zpr\u00e1va\",\"@id\":\"https:\/\/www.dakarmania.cz\/#\/schema\/person\/bce8d1fe3633b1178e150fc5e340d5dd\"},\"headline\":\"Mac\u00edk v kamionu pro\u017eene osob\u00e1ky na Baja Poland\",\"datePublished\":\"2019-08-28T09:49:11+00:00\",\"mainEntityOfPage\":{\"@id\":\"https:\/\/www.dakarmania.cz\/index.php\/2019\/08\/28\/macik-prozene-osobaky\/\"},\"wordCount\":369,\"commentCount\":0,\"publisher\":{\"@id\":\"https:\/\/www.dakarmania.cz\/#organization\"},\"image\":{\"@id\":\"https:\/\/www.dakarmania.cz\/index.php\/2019\/08\/28\/macik-prozene-osobaky\/#primaryimage\"},\"thumbnailUrl\":\"https:\/\/www.dakarmania.cz\/wp-content\/uploads\/2019\/07\/19-aragon-macik-06.jpg\",\"keywords\":[\"2019\",\"Baja Poland\",\"Baja Poland 2019\",\"Big Shock! Racing\",\"David \u0160vanda\",\"Franti\u0161ek Tom\u00e1\u0161ek\",\"Iveco\",\"Martin Mac\u00edk\",\"Martin Mac\u00edk ml.\"],\"articleSection\":[\"Tiskov\u00e9 zpr\u00e1vy\"],\"inLanguage\":\"cs\",\"potentialAction\":[{\"@type\":\"CommentAction\",\"name\":\"Comment\",\"target\":[\"https:\/\/www.dakarmania.cz\/index.php\/2019\/08\/28\/macik-prozene-osobaky\/#respond\"]}]},{\"@type\":\"WebPage\",\"@id\":\"https:\/\/www.dakarmania.cz\/index.php\/2019\/08\/28\/macik-prozene-osobaky\/\",\"url\":\"https:\/\/www.dakarmania.cz\/index.php\/2019\/08\/28\/macik-prozene-osobaky\/\",\"name\":\"Mac\u00edk v kamionu pro\u017eene osob\u00e1ky na Baja Poland - DAKARMANIA.cz\",\"isPartOf\":{\"@id\":\"https:\/\/www.dakarmania.cz\/#website\"},\"primaryImageOfPage\":{\"@id\":\"https:\/\/www.dakarmania.cz\/index.php\/2019\/08\/28\/macik-prozene-osobaky\/#primaryimage\"},\"image\":{\"@id\":\"https:\/\/www.dakarmania.cz\/index.php\/2019\/08\/28\/macik-prozene-osobaky\/#primaryimage\"},\"thumbnailUrl\":\"https:\/\/www.dakarmania.cz\/wp-content\/uploads\/2019\/07\/19-aragon-macik-06.jpg\",\"datePublished\":\"2019-08-28T09:49:11+00:00\",\"description\":\"Pos\u00e1dka t\u00fdmu Big Shock Racing ve slo\u017een\u00ed Mac\u00edk, Tom\u00e1\u0161ek, \u0160vanda se osv\u011bd\u010dila u\u017e ve \u0160pan\u011blsku, kdy\u017e vyhr\u00e1la Baju Arag\u00f3n. Te\u010f se t\u011b\u0161\u00ed na Baja Poland.\",\"breadcrumb\":{\"@id\":\"https:\/\/www.dakarmania.cz\/index.php\/2019\/08\/28\/macik-prozene-osobaky\/#breadcrumb\"},\"inLanguage\":\"cs\",\"potentialAction\":[{\"@type\":\"ReadAction\",\"target\":[\"https:\/\/www.dakarmania.cz\/index.php\/2019\/08\/28\/macik-prozene-osobaky\/\"]}]},{\"@type\":\"ImageObject\",\"inLanguage\":\"cs\",\"@id\":\"https:\/\/www.dakarmania.cz\/index.php\/2019\/08\/28\/macik-prozene-osobaky\/#primaryimage\",\"url\":\"https:\/\/www.dakarmania.cz\/wp-content\/uploads\/2019\/07\/19-aragon-macik-06.jpg\",\"contentUrl\":\"https:\/\/www.dakarmania.cz\/wp-content\/uploads\/2019\/07\/19-aragon-macik-06.jpg\",\"width\":1600,\"height\":1066,\"caption\":\"Martin Mac\u00edk, Iveco PowerStar, Big Shock Racing. Baja Arag\u00f3n 2019. \u00a9 Big Shock Racing\"},{\"@type\":\"BreadcrumbList\",\"@id\":\"https:\/\/www.dakarmania.cz\/index.php\/2019\/08\/28\/macik-prozene-osobaky\/#breadcrumb\",\"itemListElement\":[{\"@type\":\"ListItem\",\"position\":1,\"name\":\"Dom\u016f\",\"item\":\"https:\/\/www.dakarmania.cz\/\"},{\"@type\":\"ListItem\",\"position\":2,\"name\":\"Mac\u00edk v kamionu pro\u017eene osob\u00e1ky na Baja Poland\"}]},{\"@type\":\"WebSite\",\"@id\":\"https:\/\/www.dakarmania.cz\/#website\",\"url\":\"https:\/\/www.dakarmania.cz\/\",\"name\":\"DAKARMANIA.cz\",\"description\":\"\u017dijeme Dakarem cel\u00fd rok\",\"publisher\":{\"@id\":\"https:\/\/www.dakarmania.cz\/#organization\"},\"potentialAction\":[{\"@type\":\"SearchAction\",\"target\":{\"@type\":\"EntryPoint\",\"urlTemplate\":\"https:\/\/www.dakarmania.cz\/?s={search_term_string}\"},\"query-input\":{\"@type\":\"PropertyValueSpecification\",\"valueRequired\":true,\"valueName\":\"search_term_string\"}}],\"inLanguage\":\"cs\"},{\"@type\":\"Organization\",\"@id\":\"https:\/\/www.dakarmania.cz\/#organization\",\"name\":\"DAKAR MANIA\",\"url\":\"https:\/\/www.dakarmania.cz\/\",\"logo\":{\"@type\":\"ImageObject\",\"inLanguage\":\"cs\",\"@id\":\"https:\/\/www.dakarmania.cz\/#\/schema\/logo\/image\/\",\"url\":\"https:\/\/www.dakarmania.cz\/wp-content\/uploads\/2018\/12\/Dakar-Mania-Logo-Square-Orange.png\",\"contentUrl\":\"https:\/\/www.dakarmania.cz\/wp-content\/uploads\/2018\/12\/Dakar-Mania-Logo-Square-Orange.png\",\"width\":992,\"height\":992,\"caption\":\"DAKAR MANIA\"},\"image\":{\"@id\":\"https:\/\/www.dakarmania.cz\/#\/schema\/logo\/image\/\"},\"sameAs\":[\"https:\/\/www.facebook.com\/dakarmania\/\"]},{\"@type\":\"Person\",\"@id\":\"https:\/\/www.dakarmania.cz\/#\/schema\/person\/bce8d1fe3633b1178e150fc5e340d5dd\",\"name\":\"tiskov\u00e1 zpr\u00e1va\",\"image\":{\"@type\":\"ImageObject\",\"inLanguage\":\"cs\",\"@id\":\"https:\/\/www.dakarmania.cz\/#\/schema\/person\/image\/\",\"url\":\"https:\/\/secure.gravatar.com\/avatar\/19aefcb6c7bfae691fca4d805686c670f59bb4f7414c7b398b88dc9c8f4e96d5?s=96&d=mm&r=g\",\"contentUrl\":\"https:\/\/secure.gravatar.com\/avatar\/19aefcb6c7bfae691fca4d805686c670f59bb4f7414c7b398b88dc9c8f4e96d5?s=96&d=mm&r=g\",\"caption\":\"tiskov\u00e1 zpr\u00e1va\"},\"url\":\"https:\/\/www.dakarmania.cz\/index.php\/author\/tiskovezpravy\/\"}]}<\/script>\n<!-- \/ Yoast SEO plugin. -->","yoast_head_json":{"title":"Mac\u00edk v kamionu pro\u017eene osob\u00e1ky na Baja Poland - DAKARMANIA.cz","description":"Pos\u00e1dka t\u00fdmu Big Shock Racing ve slo\u017een\u00ed Mac\u00edk, Tom\u00e1\u0161ek, \u0160vanda se osv\u011bd\u010dila u\u017e ve \u0160pan\u011blsku, kdy\u017e vyhr\u00e1la Baju Arag\u00f3n. Te\u010f se t\u011b\u0161\u00ed na Baja Poland.","robots":{"index":"index","follow":"follow","max-snippet":"max-snippet:-1","max-image-preview":"max-image-preview:large","max-video-preview":"max-video-preview:-1"},"canonical":"https:\/\/www.dakarmania.cz\/index.php\/2019\/08\/28\/macik-prozene-osobaky\/","og_locale":"cs_CZ","og_type":"article","og_title":"Mac\u00edk v kamionu pro\u017eene osob\u00e1ky na Baja Poland - DAKARMANIA.cz","og_description":"Pos\u00e1dka t\u00fdmu Big Shock Racing ve slo\u017een\u00ed Mac\u00edk, Tom\u00e1\u0161ek, \u0160vanda se osv\u011bd\u010dila u\u017e ve \u0160pan\u011blsku, kdy\u017e vyhr\u00e1la Baju Arag\u00f3n. Te\u010f se t\u011b\u0161\u00ed na Baja Poland.","og_url":"https:\/\/www.dakarmania.cz\/index.php\/2019\/08\/28\/macik-prozene-osobaky\/","og_site_name":"DAKARMANIA.cz","article_publisher":"https:\/\/www.facebook.com\/dakarmania\/","article_published_time":"2019-08-28T09:49:11+00:00","og_image":[{"width":1600,"height":1066,"url":"https:\/\/www.dakarmania.cz\/wp-content\/uploads\/2019\/07\/19-aragon-macik-06.jpg","type":"image\/jpeg"}],"author":"tiskov\u00e1 zpr\u00e1va","twitter_card":"summary_large_image","twitter_misc":{"Napsal(a)":"tiskov\u00e1 zpr\u00e1va","Odhadovan\u00e1 doba \u010dten\u00ed":"2 minuty"},"schema":{"@context":"https:\/\/schema.org","@graph":[{"@type":"Article","@id":"https:\/\/www.dakarmania.cz\/index.php\/2019\/08\/28\/macik-prozene-osobaky\/#article","isPartOf":{"@id":"https:\/\/www.dakarmania.cz\/index.php\/2019\/08\/28\/macik-prozene-osobaky\/"},"author":{"name":"tiskov\u00e1 zpr\u00e1va","@id":"https:\/\/www.dakarmania.cz\/#\/schema\/person\/bce8d1fe3633b1178e150fc5e340d5dd"},"headline":"Mac\u00edk v kamionu pro\u017eene osob\u00e1ky na Baja Poland","datePublished":"2019-08-28T09:49:11+00:00","mainEntityOfPage":{"@id":"https:\/\/www.dakarmania.cz\/index.php\/2019\/08\/28\/macik-prozene-osobaky\/"},"wordCount":369,"commentCount":0,"publisher":{"@id":"https:\/\/www.dakarmania.cz\/#organization"},"image":{"@id":"https:\/\/www.dakarmania.cz\/index.php\/2019\/08\/28\/macik-prozene-osobaky\/#primaryimage"},"thumbnailUrl":"https:\/\/www.dakarmania.cz\/wp-content\/uploads\/2019\/07\/19-aragon-macik-06.jpg","keywords":["2019","Baja Poland","Baja Poland 2019","Big Shock! Racing","David \u0160vanda","Franti\u0161ek Tom\u00e1\u0161ek","Iveco","Martin Mac\u00edk","Martin Mac\u00edk ml."],"articleSection":["Tiskov\u00e9 zpr\u00e1vy"],"inLanguage":"cs","potentialAction":[{"@type":"CommentAction","name":"Comment","target":["https:\/\/www.dakarmania.cz\/index.php\/2019\/08\/28\/macik-prozene-osobaky\/#respond"]}]},{"@type":"WebPage","@id":"https:\/\/www.dakarmania.cz\/index.php\/2019\/08\/28\/macik-prozene-osobaky\/","url":"https:\/\/www.dakarmania.cz\/index.php\/2019\/08\/28\/macik-prozene-osobaky\/","name":"Mac\u00edk v kamionu pro\u017eene osob\u00e1ky na Baja Poland - DAKARMANIA.cz","isPartOf":{"@id":"https:\/\/www.dakarmania.cz\/#website"},"primaryImageOfPage":{"@id":"https:\/\/www.dakarmania.cz\/index.php\/2019\/08\/28\/macik-prozene-osobaky\/#primaryimage"},"image":{"@id":"https:\/\/www.dakarmania.cz\/index.php\/2019\/08\/28\/macik-prozene-osobaky\/#primaryimage"},"thumbnailUrl":"https:\/\/www.dakarmania.cz\/wp-content\/uploads\/2019\/07\/19-aragon-macik-06.jpg","datePublished":"2019-08-28T09:49:11+00:00","description":"Pos\u00e1dka t\u00fdmu Big Shock Racing ve slo\u017een\u00ed Mac\u00edk, Tom\u00e1\u0161ek, \u0160vanda se osv\u011bd\u010dila u\u017e ve \u0160pan\u011blsku, kdy\u017e vyhr\u00e1la Baju Arag\u00f3n. Te\u010f se t\u011b\u0161\u00ed na Baja Poland.","breadcrumb":{"@id":"https:\/\/www.dakarmania.cz\/index.php\/2019\/08\/28\/macik-prozene-osobaky\/#breadcrumb"},"inLanguage":"cs","potentialAction":[{"@type":"ReadAction","target":["https:\/\/www.dakarmania.cz\/index.php\/2019\/08\/28\/macik-prozene-osobaky\/"]}]},{"@type":"ImageObject","inLanguage":"cs","@id":"https:\/\/www.dakarmania.cz\/index.php\/2019\/08\/28\/macik-prozene-osobaky\/#primaryimage","url":"https:\/\/www.dakarmania.cz\/wp-content\/uploads\/2019\/07\/19-aragon-macik-06.jpg","contentUrl":"https:\/\/www.dakarmania.cz\/wp-content\/uploads\/2019\/07\/19-aragon-macik-06.jpg","width":1600,"height":1066,"caption":"Martin Mac\u00edk, Iveco PowerStar, Big Shock Racing. Baja Arag\u00f3n 2019. \u00a9 Big Shock Racing"},{"@type":"BreadcrumbList","@id":"https:\/\/www.dakarmania.cz\/index.php\/2019\/08\/28\/macik-prozene-osobaky\/#breadcrumb","itemListElement":[{"@type":"ListItem","position":1,"name":"Dom\u016f","item":"https:\/\/www.dakarmania.cz\/"},{"@type":"ListItem","position":2,"name":"Mac\u00edk v kamionu pro\u017eene osob\u00e1ky na Baja Poland"}]},{"@type":"WebSite","@id":"https:\/\/www.dakarmania.cz\/#website","url":"https:\/\/www.dakarmania.cz\/","name":"DAKARMANIA.cz","description":"\u017dijeme Dakarem cel\u00fd rok","publisher":{"@id":"https:\/\/www.dakarmania.cz\/#organization"},"potentialAction":[{"@type":"SearchAction","target":{"@type":"EntryPoint","urlTemplate":"https:\/\/www.dakarmania.cz\/?s={search_term_string}"},"query-input":{"@type":"PropertyValueSpecification","valueRequired":true,"valueName":"search_term_string"}}],"inLanguage":"cs"},{"@type":"Organization","@id":"https:\/\/www.dakarmania.cz\/#organization","name":"DAKAR MANIA","url":"https:\/\/www.dakarmania.cz\/","logo":{"@type":"ImageObject","inLanguage":"cs","@id":"https:\/\/www.dakarmania.cz\/#\/schema\/logo\/image\/","url":"https:\/\/www.dakarmania.cz\/wp-content\/uploads\/2018\/12\/Dakar-Mania-Logo-Square-Orange.png","contentUrl":"https:\/\/www.dakarmania.cz\/wp-content\/uploads\/2018\/12\/Dakar-Mania-Logo-Square-Orange.png","width":992,"height":992,"caption":"DAKAR MANIA"},"image":{"@id":"https:\/\/www.dakarmania.cz\/#\/schema\/logo\/image\/"},"sameAs":["https:\/\/www.facebook.com\/dakarmania\/"]},{"@type":"Person","@id":"https:\/\/www.dakarmania.cz\/#\/schema\/person\/bce8d1fe3633b1178e150fc5e340d5dd","name":"tiskov\u00e1 zpr\u00e1va","image":{"@type":"ImageObject","inLanguage":"cs","@id":"https:\/\/www.dakarmania.cz\/#\/schema\/person\/image\/","url":"https:\/\/secure.gravatar.com\/avatar\/19aefcb6c7bfae691fca4d805686c670f59bb4f7414c7b398b88dc9c8f4e96d5?s=96&d=mm&r=g","contentUrl":"https:\/\/secure.gravatar.com\/avatar\/19aefcb6c7bfae691fca4d805686c670f59bb4f7414c7b398b88dc9c8f4e96d5?s=96&d=mm&r=g","caption":"tiskov\u00e1 zpr\u00e1va"},"url":"https:\/\/www.dakarmania.cz\/index.php\/author\/tiskovezpravy\/"}]}},"amp_enabled":true,"_links":{"self":[{"href":"https:\/\/www.dakarmania.cz\/index.php\/wp-json\/wp\/v2\/posts\/10987","targetHints":{"allow":["GET"]}}],"collection":[{"href":"https:\/\/www.dakarmania.cz\/index.php\/wp-json\/wp\/v2\/posts"}],"about":[{"href":"https:\/\/www.dakarmania.cz\/index.php\/wp-json\/wp\/v2\/types\/post"}],"author":[{"embeddable":true,"href":"https:\/\/www.dakarmania.cz\/index.php\/wp-json\/wp\/v2\/users\/3"}],"replies":[{"embeddable":true,"href":"https:\/\/www.dakarmania.cz\/index.php\/wp-json\/wp\/v2\/comments?post=10987"}],"version-history":[{"count":1,"href":"https:\/\/www.dakarmania.cz\/index.php\/wp-json\/wp\/v2\/posts\/10987\/revisions"}],"predecessor-version":[{"id":10988,"href":"https:\/\/www.dakarmania.cz\/index.php\/wp-json\/wp\/v2\/posts\/10987\/revisions\/10988"}],"wp:featuredmedia":[{"embeddable":true,"href":"https:\/\/www.dakarmania.cz\/index.php\/wp-json\/wp\/v2\/media\/9328"}],"wp:attachment":[{"href":"https:\/\/www.dakarmania.cz\/index.php\/wp-json\/wp\/v2\/media?parent=10987"}],"wp:term":[{"taxonomy":"category","embeddable":true,"href":"https:\/\/www.dakarmania.cz\/index.php\/wp-json\/wp\/v2\/categories?post=10987"},{"taxonomy":"post_tag","embeddable":true,"href":"https:\/\/www.dakarmania.cz\/index.php\/wp-json\/wp\/v2\/tags?post=10987"}],"curies":[{"name":"wp","href":"https:\/\/api.w.org\/{rel}","templated":true}]}}