{"id":10990,"date":"2019-08-28T12:11:14","date_gmt":"2019-08-28T10:11:14","guid":{"rendered":"https:\/\/www.dakarmania.cz\/?p=10990"},"modified":"2019-08-28T12:11:14","modified_gmt":"2019-08-28T10:11:14","slug":"brabec-uveznen-v-telocvicne","status":"publish","type":"post","link":"https:\/\/www.dakarmania.cz\/index.php\/2019\/08\/28\/brabec-uveznen-v-telocvicne\/","title":{"rendered":"Brabec uv\u011bzn\u011bn v t\u011blocvi\u010dn\u011b"},"content":{"rendered":"<p>[vc_row][vc_column][vc_column_text css_animation=&#8221;fadeIn&#8221;]<\/p>\n<h4>Na rozd\u00edl od lo\u0148sk\u00e9ho ro\u010dn\u00edku bude v sestav\u011b t\u00fdmu Big Shock Racing na leto\u0161n\u00ed polsk\u00e9 baje chyb\u011bt motocyklista Jan Brabec. Moment\u00e1ln\u011b toti\u017e dost\u00e1v\u00e1 zabrat na specializovan\u00e9 pra\u017esk\u00e9 klinice, kde v p\u0159\u00edsn\u00e9m re\u017eimu nab\u00edr\u00e1 formu po zran\u011bn\u00ed z tunisk\u00fdch test\u016f. Vede si state\u010dn\u011b a pl\u00e1nuje, \u017ee do \u010dtrn\u00e1cti dn\u00ed nasko\u010d\u00ed na dakarskou motorku.<\/h4>\n<p><a href=\"\/index.php\/osobnosti\/jan-brabec\/\">Jan Brabec<\/a> kv\u016fli zran\u011bn\u00ed, kter\u00e9 si \u201epo\u0159\u00eddil\u201c p\u0159i <a href=\"\/index.php\/2019\/06\/06\/macik-v-africe-otestoval-karla\/\">tr\u00e9ninku v Tunisu<\/a>, je\u0161t\u011b polskou rally vynech\u00e1. Aby byl co nejd\u0159\u00edve fit, sv\u011b\u0159il se moment\u00e1ln\u011b do \u0161ikovn\u00fdch rukou fyzioterapeut\u016f na pra\u017esk\u00e9 klinice, kde se rychle dost\u00e1v\u00e1 do formy. Ale tvrd\u00e1 d\u0159ina je st\u00e1le nezbytnou sou\u010d\u00e1st\u00ed l\u00e9\u010dby. Brab\u010d\u00e1k tr\u00e1v\u00ed v t\u011blocvi\u010dn\u011b minim\u00e1ln\u011b \u010dty\u0159i hodiny ka\u017ed\u00fd den. Posilovac\u00ed cviky st\u0159\u00eddaj\u00ed rotoped a fyzioterapii.<\/p>\n<p><em>\u201eJsem v Praze druh\u00fd t\u00fdden a intenzivn\u011b mak\u00e1me. Z\u00e1da se spravila, prsty u\u017e jsou dobr\u00e9, vr\u00e1tila se mi do nich s\u00edla. Te\u010f d\u011bl\u00e1me na koleni a sna\u017e\u00edme se odstranit bolesti v noze. M\u00e1m speci\u00e1ln\u00ed dietu pro obnoven\u00ed tk\u00e1n\u00ed, kter\u00e1 by m\u011bla tak\u00e9 pomoci. Za \u010dtrn\u00e1ct dn\u00ed u\u017e chci zkusit dakarskou motorku. Ob\u010das to bol\u00ed, ale f\u0148ukat nebudu. Fanou\u0161ci m\u011b dost hecuj\u00ed a podporuj\u00ed, tak\u017ee se nem\u016f\u017eu ulejvat. M\u00e1m tady z toho radost. Jde to dobr\u00fdm sm\u011brem. D\u00edky v\u0161em,\u201c<\/em> vzkazuje <strong>Jan Brabec<\/strong>.<\/p>\n<p>Tiskov\u00e1 zpr\u00e1va t\u00fdmu Big Shock Racing [editov\u00e1no][\/vc_column_text][\/vc_column][\/vc_row]<\/p>\n","protected":false},"excerpt":{"rendered":"<p>Na rozd\u00edl od lo\u0148sk\u00e9ho ro\u010dn\u00edku bude v sestav\u011b t\u00fdmu Big Shock Racing na leto\u0161n\u00ed polsk\u00e9 baje chyb\u011bt motocyklista Jan Brabec.<\/p>\n","protected":false},"author":3,"featured_media":10989,"comment_status":"open","ping_status":"closed","sticky":false,"template":"","format":"standard","meta":{"footnotes":""},"categories":[637],"tags":[425,111,110],"class_list":["post-10990","post","type-post","status-publish","format-standard","has-post-thumbnail","hentry","category-tiskove-zpravy","tag-425","tag-big-shock-racing","tag-jan-brabec"],"yoast_head":"<!-- This site is optimized with the Yoast SEO plugin v24.9 - https:\/\/yoast.com\/wordpress\/plugins\/seo\/ -->\n<title>Brabec uv\u011bzn\u011bn v t\u011blocvi\u010dn\u011b - DAKARMANIA.cz<\/title>\n<meta name=\"description\" content=\"Na rozd\u00edl od lo\u0148sk\u00e9ho ro\u010dn\u00edku bude v sestav\u011b t\u00fdmu Big Shock Racing na leto\u0161n\u00ed polsk\u00e9 baje chyb\u011bt motocyklista Jan Brabec.\" \/>\n<meta name=\"robots\" content=\"index, follow, max-snippet:-1, max-image-preview:large, max-video-preview:-1\" \/>\n<link rel=\"canonical\" href=\"https:\/\/www.dakarmania.cz\/index.php\/2019\/08\/28\/brabec-uveznen-v-telocvicne\/\" \/>\n<meta property=\"og:locale\" content=\"cs_CZ\" \/>\n<meta property=\"og:type\" content=\"article\" \/>\n<meta property=\"og:title\" content=\"Brabec uv\u011bzn\u011bn v t\u011blocvi\u010dn\u011b - DAKARMANIA.cz\" \/>\n<meta property=\"og:description\" content=\"Na rozd\u00edl od lo\u0148sk\u00e9ho ro\u010dn\u00edku bude v sestav\u011b t\u00fdmu Big Shock Racing na leto\u0161n\u00ed polsk\u00e9 baje chyb\u011bt motocyklista Jan Brabec.\" \/>\n<meta property=\"og:url\" content=\"https:\/\/www.dakarmania.cz\/index.php\/2019\/08\/28\/brabec-uveznen-v-telocvicne\/\" \/>\n<meta property=\"og:site_name\" content=\"DAKARMANIA.cz\" \/>\n<meta property=\"article:publisher\" content=\"https:\/\/www.facebook.com\/dakarmania\/\" \/>\n<meta property=\"article:published_time\" content=\"2019-08-28T10:11:14+00:00\" \/>\n<meta property=\"og:image\" content=\"https:\/\/www.dakarmania.cz\/wp-content\/uploads\/2019\/08\/19-tunisko-brabec-28.jpg\" \/>\n\t<meta property=\"og:image:width\" content=\"1024\" \/>\n\t<meta property=\"og:image:height\" content=\"682\" \/>\n\t<meta property=\"og:image:type\" content=\"image\/jpeg\" \/>\n<meta name=\"author\" content=\"tiskov\u00e1 zpr\u00e1va\" \/>\n<meta name=\"twitter:card\" content=\"summary_large_image\" \/>\n<meta name=\"twitter:label1\" content=\"Napsal(a)\" \/>\n\t<meta name=\"twitter:data1\" content=\"tiskov\u00e1 zpr\u00e1va\" \/>\n\t<meta name=\"twitter:label2\" content=\"Odhadovan\u00e1 doba \u010dten\u00ed\" \/>\n\t<meta name=\"twitter:data2\" content=\"1 minuta\" \/>\n<script type=\"application\/ld+json\" class=\"yoast-schema-graph\">{\"@context\":\"https:\/\/schema.org\",\"@graph\":[{\"@type\":\"Article\",\"@id\":\"https:\/\/www.dakarmania.cz\/index.php\/2019\/08\/28\/brabec-uveznen-v-telocvicne\/#article\",\"isPartOf\":{\"@id\":\"https:\/\/www.dakarmania.cz\/index.php\/2019\/08\/28\/brabec-uveznen-v-telocvicne\/\"},\"author\":{\"name\":\"tiskov\u00e1 zpr\u00e1va\",\"@id\":\"https:\/\/www.dakarmania.cz\/#\/schema\/person\/bce8d1fe3633b1178e150fc5e340d5dd\"},\"headline\":\"Brabec uv\u011bzn\u011bn v t\u011blocvi\u010dn\u011b\",\"datePublished\":\"2019-08-28T10:11:14+00:00\",\"mainEntityOfPage\":{\"@id\":\"https:\/\/www.dakarmania.cz\/index.php\/2019\/08\/28\/brabec-uveznen-v-telocvicne\/\"},\"wordCount\":294,\"commentCount\":0,\"publisher\":{\"@id\":\"https:\/\/www.dakarmania.cz\/#organization\"},\"image\":{\"@id\":\"https:\/\/www.dakarmania.cz\/index.php\/2019\/08\/28\/brabec-uveznen-v-telocvicne\/#primaryimage\"},\"thumbnailUrl\":\"https:\/\/www.dakarmania.cz\/wp-content\/uploads\/2019\/08\/19-tunisko-brabec-28.jpg\",\"keywords\":[\"2019\",\"Big Shock! Racing\",\"Jan Brabec\"],\"articleSection\":[\"Tiskov\u00e9 zpr\u00e1vy\"],\"inLanguage\":\"cs\",\"potentialAction\":[{\"@type\":\"CommentAction\",\"name\":\"Comment\",\"target\":[\"https:\/\/www.dakarmania.cz\/index.php\/2019\/08\/28\/brabec-uveznen-v-telocvicne\/#respond\"]}]},{\"@type\":\"WebPage\",\"@id\":\"https:\/\/www.dakarmania.cz\/index.php\/2019\/08\/28\/brabec-uveznen-v-telocvicne\/\",\"url\":\"https:\/\/www.dakarmania.cz\/index.php\/2019\/08\/28\/brabec-uveznen-v-telocvicne\/\",\"name\":\"Brabec uv\u011bzn\u011bn v t\u011blocvi\u010dn\u011b - DAKARMANIA.cz\",\"isPartOf\":{\"@id\":\"https:\/\/www.dakarmania.cz\/#website\"},\"primaryImageOfPage\":{\"@id\":\"https:\/\/www.dakarmania.cz\/index.php\/2019\/08\/28\/brabec-uveznen-v-telocvicne\/#primaryimage\"},\"image\":{\"@id\":\"https:\/\/www.dakarmania.cz\/index.php\/2019\/08\/28\/brabec-uveznen-v-telocvicne\/#primaryimage\"},\"thumbnailUrl\":\"https:\/\/www.dakarmania.cz\/wp-content\/uploads\/2019\/08\/19-tunisko-brabec-28.jpg\",\"datePublished\":\"2019-08-28T10:11:14+00:00\",\"description\":\"Na rozd\u00edl od lo\u0148sk\u00e9ho ro\u010dn\u00edku bude v sestav\u011b t\u00fdmu Big Shock Racing na leto\u0161n\u00ed polsk\u00e9 baje chyb\u011bt motocyklista Jan Brabec.\",\"breadcrumb\":{\"@id\":\"https:\/\/www.dakarmania.cz\/index.php\/2019\/08\/28\/brabec-uveznen-v-telocvicne\/#breadcrumb\"},\"inLanguage\":\"cs\",\"potentialAction\":[{\"@type\":\"ReadAction\",\"target\":[\"https:\/\/www.dakarmania.cz\/index.php\/2019\/08\/28\/brabec-uveznen-v-telocvicne\/\"]}]},{\"@type\":\"ImageObject\",\"inLanguage\":\"cs\",\"@id\":\"https:\/\/www.dakarmania.cz\/index.php\/2019\/08\/28\/brabec-uveznen-v-telocvicne\/#primaryimage\",\"url\":\"https:\/\/www.dakarmania.cz\/wp-content\/uploads\/2019\/08\/19-tunisko-brabec-28.jpg\",\"contentUrl\":\"https:\/\/www.dakarmania.cz\/wp-content\/uploads\/2019\/08\/19-tunisko-brabec-28.jpg\",\"width\":1024,\"height\":682,\"caption\":\"Jan Brabec, Big Shock Racing. Testov\u00e1n\u00ed Tunisko 2019. \u00a9 Big Shock Racing\"},{\"@type\":\"BreadcrumbList\",\"@id\":\"https:\/\/www.dakarmania.cz\/index.php\/2019\/08\/28\/brabec-uveznen-v-telocvicne\/#breadcrumb\",\"itemListElement\":[{\"@type\":\"ListItem\",\"position\":1,\"name\":\"Dom\u016f\",\"item\":\"https:\/\/www.dakarmania.cz\/\"},{\"@type\":\"ListItem\",\"position\":2,\"name\":\"Brabec uv\u011bzn\u011bn v t\u011blocvi\u010dn\u011b\"}]},{\"@type\":\"WebSite\",\"@id\":\"https:\/\/www.dakarmania.cz\/#website\",\"url\":\"https:\/\/www.dakarmania.cz\/\",\"name\":\"DAKARMANIA.cz\",\"description\":\"\u017dijeme Dakarem cel\u00fd rok\",\"publisher\":{\"@id\":\"https:\/\/www.dakarmania.cz\/#organization\"},\"potentialAction\":[{\"@type\":\"SearchAction\",\"target\":{\"@type\":\"EntryPoint\",\"urlTemplate\":\"https:\/\/www.dakarmania.cz\/?s={search_term_string}\"},\"query-input\":{\"@type\":\"PropertyValueSpecification\",\"valueRequired\":true,\"valueName\":\"search_term_string\"}}],\"inLanguage\":\"cs\"},{\"@type\":\"Organization\",\"@id\":\"https:\/\/www.dakarmania.cz\/#organization\",\"name\":\"DAKAR MANIA\",\"url\":\"https:\/\/www.dakarmania.cz\/\",\"logo\":{\"@type\":\"ImageObject\",\"inLanguage\":\"cs\",\"@id\":\"https:\/\/www.dakarmania.cz\/#\/schema\/logo\/image\/\",\"url\":\"https:\/\/www.dakarmania.cz\/wp-content\/uploads\/2018\/12\/Dakar-Mania-Logo-Square-Orange.png\",\"contentUrl\":\"https:\/\/www.dakarmania.cz\/wp-content\/uploads\/2018\/12\/Dakar-Mania-Logo-Square-Orange.png\",\"width\":992,\"height\":992,\"caption\":\"DAKAR MANIA\"},\"image\":{\"@id\":\"https:\/\/www.dakarmania.cz\/#\/schema\/logo\/image\/\"},\"sameAs\":[\"https:\/\/www.facebook.com\/dakarmania\/\"]},{\"@type\":\"Person\",\"@id\":\"https:\/\/www.dakarmania.cz\/#\/schema\/person\/bce8d1fe3633b1178e150fc5e340d5dd\",\"name\":\"tiskov\u00e1 zpr\u00e1va\",\"image\":{\"@type\":\"ImageObject\",\"inLanguage\":\"cs\",\"@id\":\"https:\/\/www.dakarmania.cz\/#\/schema\/person\/image\/\",\"url\":\"https:\/\/secure.gravatar.com\/avatar\/19aefcb6c7bfae691fca4d805686c670f59bb4f7414c7b398b88dc9c8f4e96d5?s=96&d=mm&r=g\",\"contentUrl\":\"https:\/\/secure.gravatar.com\/avatar\/19aefcb6c7bfae691fca4d805686c670f59bb4f7414c7b398b88dc9c8f4e96d5?s=96&d=mm&r=g\",\"caption\":\"tiskov\u00e1 zpr\u00e1va\"},\"url\":\"https:\/\/www.dakarmania.cz\/index.php\/author\/tiskovezpravy\/\"}]}<\/script>\n<!-- \/ Yoast SEO plugin. -->","yoast_head_json":{"title":"Brabec uv\u011bzn\u011bn v t\u011blocvi\u010dn\u011b - DAKARMANIA.cz","description":"Na rozd\u00edl od lo\u0148sk\u00e9ho ro\u010dn\u00edku bude v sestav\u011b t\u00fdmu Big Shock Racing na leto\u0161n\u00ed polsk\u00e9 baje chyb\u011bt motocyklista Jan Brabec.","robots":{"index":"index","follow":"follow","max-snippet":"max-snippet:-1","max-image-preview":"max-image-preview:large","max-video-preview":"max-video-preview:-1"},"canonical":"https:\/\/www.dakarmania.cz\/index.php\/2019\/08\/28\/brabec-uveznen-v-telocvicne\/","og_locale":"cs_CZ","og_type":"article","og_title":"Brabec uv\u011bzn\u011bn v t\u011blocvi\u010dn\u011b - DAKARMANIA.cz","og_description":"Na rozd\u00edl od lo\u0148sk\u00e9ho ro\u010dn\u00edku bude v sestav\u011b t\u00fdmu Big Shock Racing na leto\u0161n\u00ed polsk\u00e9 baje chyb\u011bt motocyklista Jan Brabec.","og_url":"https:\/\/www.dakarmania.cz\/index.php\/2019\/08\/28\/brabec-uveznen-v-telocvicne\/","og_site_name":"DAKARMANIA.cz","article_publisher":"https:\/\/www.facebook.com\/dakarmania\/","article_published_time":"2019-08-28T10:11:14+00:00","og_image":[{"width":1024,"height":682,"url":"https:\/\/www.dakarmania.cz\/wp-content\/uploads\/2019\/08\/19-tunisko-brabec-28.jpg","type":"image\/jpeg"}],"author":"tiskov\u00e1 zpr\u00e1va","twitter_card":"summary_large_image","twitter_misc":{"Napsal(a)":"tiskov\u00e1 zpr\u00e1va","Odhadovan\u00e1 doba \u010dten\u00ed":"1 minuta"},"schema":{"@context":"https:\/\/schema.org","@graph":[{"@type":"Article","@id":"https:\/\/www.dakarmania.cz\/index.php\/2019\/08\/28\/brabec-uveznen-v-telocvicne\/#article","isPartOf":{"@id":"https:\/\/www.dakarmania.cz\/index.php\/2019\/08\/28\/brabec-uveznen-v-telocvicne\/"},"author":{"name":"tiskov\u00e1 zpr\u00e1va","@id":"https:\/\/www.dakarmania.cz\/#\/schema\/person\/bce8d1fe3633b1178e150fc5e340d5dd"},"headline":"Brabec uv\u011bzn\u011bn v t\u011blocvi\u010dn\u011b","datePublished":"2019-08-28T10:11:14+00:00","mainEntityOfPage":{"@id":"https:\/\/www.dakarmania.cz\/index.php\/2019\/08\/28\/brabec-uveznen-v-telocvicne\/"},"wordCount":294,"commentCount":0,"publisher":{"@id":"https:\/\/www.dakarmania.cz\/#organization"},"image":{"@id":"https:\/\/www.dakarmania.cz\/index.php\/2019\/08\/28\/brabec-uveznen-v-telocvicne\/#primaryimage"},"thumbnailUrl":"https:\/\/www.dakarmania.cz\/wp-content\/uploads\/2019\/08\/19-tunisko-brabec-28.jpg","keywords":["2019","Big Shock! Racing","Jan Brabec"],"articleSection":["Tiskov\u00e9 zpr\u00e1vy"],"inLanguage":"cs","potentialAction":[{"@type":"CommentAction","name":"Comment","target":["https:\/\/www.dakarmania.cz\/index.php\/2019\/08\/28\/brabec-uveznen-v-telocvicne\/#respond"]}]},{"@type":"WebPage","@id":"https:\/\/www.dakarmania.cz\/index.php\/2019\/08\/28\/brabec-uveznen-v-telocvicne\/","url":"https:\/\/www.dakarmania.cz\/index.php\/2019\/08\/28\/brabec-uveznen-v-telocvicne\/","name":"Brabec uv\u011bzn\u011bn v t\u011blocvi\u010dn\u011b - DAKARMANIA.cz","isPartOf":{"@id":"https:\/\/www.dakarmania.cz\/#website"},"primaryImageOfPage":{"@id":"https:\/\/www.dakarmania.cz\/index.php\/2019\/08\/28\/brabec-uveznen-v-telocvicne\/#primaryimage"},"image":{"@id":"https:\/\/www.dakarmania.cz\/index.php\/2019\/08\/28\/brabec-uveznen-v-telocvicne\/#primaryimage"},"thumbnailUrl":"https:\/\/www.dakarmania.cz\/wp-content\/uploads\/2019\/08\/19-tunisko-brabec-28.jpg","datePublished":"2019-08-28T10:11:14+00:00","description":"Na rozd\u00edl od lo\u0148sk\u00e9ho ro\u010dn\u00edku bude v sestav\u011b t\u00fdmu Big Shock Racing na leto\u0161n\u00ed polsk\u00e9 baje chyb\u011bt motocyklista Jan Brabec.","breadcrumb":{"@id":"https:\/\/www.dakarmania.cz\/index.php\/2019\/08\/28\/brabec-uveznen-v-telocvicne\/#breadcrumb"},"inLanguage":"cs","potentialAction":[{"@type":"ReadAction","target":["https:\/\/www.dakarmania.cz\/index.php\/2019\/08\/28\/brabec-uveznen-v-telocvicne\/"]}]},{"@type":"ImageObject","inLanguage":"cs","@id":"https:\/\/www.dakarmania.cz\/index.php\/2019\/08\/28\/brabec-uveznen-v-telocvicne\/#primaryimage","url":"https:\/\/www.dakarmania.cz\/wp-content\/uploads\/2019\/08\/19-tunisko-brabec-28.jpg","contentUrl":"https:\/\/www.dakarmania.cz\/wp-content\/uploads\/2019\/08\/19-tunisko-brabec-28.jpg","width":1024,"height":682,"caption":"Jan Brabec, Big Shock Racing. Testov\u00e1n\u00ed Tunisko 2019. \u00a9 Big Shock Racing"},{"@type":"BreadcrumbList","@id":"https:\/\/www.dakarmania.cz\/index.php\/2019\/08\/28\/brabec-uveznen-v-telocvicne\/#breadcrumb","itemListElement":[{"@type":"ListItem","position":1,"name":"Dom\u016f","item":"https:\/\/www.dakarmania.cz\/"},{"@type":"ListItem","position":2,"name":"Brabec uv\u011bzn\u011bn v t\u011blocvi\u010dn\u011b"}]},{"@type":"WebSite","@id":"https:\/\/www.dakarmania.cz\/#website","url":"https:\/\/www.dakarmania.cz\/","name":"DAKARMANIA.cz","description":"\u017dijeme Dakarem cel\u00fd rok","publisher":{"@id":"https:\/\/www.dakarmania.cz\/#organization"},"potentialAction":[{"@type":"SearchAction","target":{"@type":"EntryPoint","urlTemplate":"https:\/\/www.dakarmania.cz\/?s={search_term_string}"},"query-input":{"@type":"PropertyValueSpecification","valueRequired":true,"valueName":"search_term_string"}}],"inLanguage":"cs"},{"@type":"Organization","@id":"https:\/\/www.dakarmania.cz\/#organization","name":"DAKAR MANIA","url":"https:\/\/www.dakarmania.cz\/","logo":{"@type":"ImageObject","inLanguage":"cs","@id":"https:\/\/www.dakarmania.cz\/#\/schema\/logo\/image\/","url":"https:\/\/www.dakarmania.cz\/wp-content\/uploads\/2018\/12\/Dakar-Mania-Logo-Square-Orange.png","contentUrl":"https:\/\/www.dakarmania.cz\/wp-content\/uploads\/2018\/12\/Dakar-Mania-Logo-Square-Orange.png","width":992,"height":992,"caption":"DAKAR MANIA"},"image":{"@id":"https:\/\/www.dakarmania.cz\/#\/schema\/logo\/image\/"},"sameAs":["https:\/\/www.facebook.com\/dakarmania\/"]},{"@type":"Person","@id":"https:\/\/www.dakarmania.cz\/#\/schema\/person\/bce8d1fe3633b1178e150fc5e340d5dd","name":"tiskov\u00e1 zpr\u00e1va","image":{"@type":"ImageObject","inLanguage":"cs","@id":"https:\/\/www.dakarmania.cz\/#\/schema\/person\/image\/","url":"https:\/\/secure.gravatar.com\/avatar\/19aefcb6c7bfae691fca4d805686c670f59bb4f7414c7b398b88dc9c8f4e96d5?s=96&d=mm&r=g","contentUrl":"https:\/\/secure.gravatar.com\/avatar\/19aefcb6c7bfae691fca4d805686c670f59bb4f7414c7b398b88dc9c8f4e96d5?s=96&d=mm&r=g","caption":"tiskov\u00e1 zpr\u00e1va"},"url":"https:\/\/www.dakarmania.cz\/index.php\/author\/tiskovezpravy\/"}]}},"amp_enabled":true,"_links":{"self":[{"href":"https:\/\/www.dakarmania.cz\/index.php\/wp-json\/wp\/v2\/posts\/10990","targetHints":{"allow":["GET"]}}],"collection":[{"href":"https:\/\/www.dakarmania.cz\/index.php\/wp-json\/wp\/v2\/posts"}],"about":[{"href":"https:\/\/www.dakarmania.cz\/index.php\/wp-json\/wp\/v2\/types\/post"}],"author":[{"embeddable":true,"href":"https:\/\/www.dakarmania.cz\/index.php\/wp-json\/wp\/v2\/users\/3"}],"replies":[{"embeddable":true,"href":"https:\/\/www.dakarmania.cz\/index.php\/wp-json\/wp\/v2\/comments?post=10990"}],"version-history":[{"count":1,"href":"https:\/\/www.dakarmania.cz\/index.php\/wp-json\/wp\/v2\/posts\/10990\/revisions"}],"predecessor-version":[{"id":10991,"href":"https:\/\/www.dakarmania.cz\/index.php\/wp-json\/wp\/v2\/posts\/10990\/revisions\/10991"}],"wp:featuredmedia":[{"embeddable":true,"href":"https:\/\/www.dakarmania.cz\/index.php\/wp-json\/wp\/v2\/media\/10989"}],"wp:attachment":[{"href":"https:\/\/www.dakarmania.cz\/index.php\/wp-json\/wp\/v2\/media?parent=10990"}],"wp:term":[{"taxonomy":"category","embeddable":true,"href":"https:\/\/www.dakarmania.cz\/index.php\/wp-json\/wp\/v2\/categories?post=10990"},{"taxonomy":"post_tag","embeddable":true,"href":"https:\/\/www.dakarmania.cz\/index.php\/wp-json\/wp\/v2\/tags?post=10990"}],"curies":[{"name":"wp","href":"https:\/\/api.w.org\/{rel}","templated":true}]}}