{"id":11133,"date":"2019-09-02T15:04:09","date_gmt":"2019-09-02T13:04:09","guid":{"rendered":"https:\/\/www.dakarmania.cz\/?p=11133"},"modified":"2019-09-02T15:04:09","modified_gmt":"2019-09-02T13:04:09","slug":"macik-predjel-vetsinu-osobaku","status":"publish","type":"post","link":"https:\/\/www.dakarmania.cz\/index.php\/2019\/09\/02\/macik-predjel-vetsinu-osobaku\/","title":{"rendered":"Mac\u00edk\u016fv kamion v Polsku p\u0159edjel v\u011bt\u0161inu osob\u00e1k\u016f"},"content":{"rendered":"<p>[vc_row][vc_column][vc_column_text css_animation=&#8221;fadeIn&#8221;]<\/p>\n<h4>\u00dakol pro z\u00e1vod Baja Poland zn\u011bl jasn\u011b: dojet do c\u00edle a t\u00edm p\u00e1dem \u2013 jako jedin\u00fd kamion v sout\u011b\u017ei \u2013vyhr\u00e1t svou kategorii. A ten pos\u00e1dka t\u00fdmu Big Shock Racing ve slo\u017een\u00ed Martin Mac\u00edk, Franti\u0161ek Tom\u00e1\u0161ek a David \u0160vanda \u00fasp\u011b\u0161n\u011b splnila.<\/h4>\n<p>Cenn\u011bj\u0161\u00ed ne\u017e zlat\u00e9 trofeje v\u0161ak pro \u010desk\u00e9 z\u00e1vodn\u00edky bylo zji\u0161t\u011bn\u00ed, \u017ee dok\u00e1zali p\u0159edstihnout v\u011bt\u0161inu osobn\u00edch automobil\u016f. V celkov\u00e9m hodnocen\u00ed dojeli jako jeden\u00e1ct\u00fd nejrychlej\u0161\u00ed v\u016fz sout\u011b\u017ee z celkov\u00e9ho po\u010dtu 42 startuj\u00edc\u00edch.<\/p>\n<p><em>\u201eDojet jeden\u00e1ct\u00ed mezi v\u0161emi auty nen\u00ed \u0161patn\u00e9. Pot\u011b\u0161ilo n\u00e1s, \u017ee nov\u00fd kamion dok\u00e1\u017ee jet neskute\u010dnou kudlu. Po\u0159\u00e1d si na n\u011bj zvyk\u00e1me a nep\u0159est\u00e1v\u00e1 n\u00e1s p\u0159\u00edjemn\u011b p\u0159ekvapovat. P\u00e1r detail\u016f je pot\u0159eba je\u0161t\u011b doladit, ale od toho jsme tady. Polsko n\u00e1m p\u0159ed Dakarem ur\u010dit\u011b hodn\u011b dalo,\u201c<\/em> \u0159\u00edk\u00e1 <a href=\"\/index.php\/osobnosti\/martin-macik-ml\/\"><strong>Martin Mac\u00edk<\/strong><\/a>.[\/vc_column_text][vc_single_image image=&#8221;11138&#8243; img_size=&#8221;large&#8221; add_caption=&#8221;yes&#8221; alignment=&#8221;center&#8221; onclick=&#8221;link_image&#8221; css_animation=&#8221;fadeIn&#8221;][vc_column_text css_animation=&#8221;fadeIn&#8221;]<\/p>\n<h4>Dokonal\u00fd tr\u00e9nink na Dakar 2020<\/h4>\n<p>Pro t\u00fdm Big Shock Racing byla \u00fa\u010dast v <a href=\"\/index.php\/souteze\/baja-poland-2019\/\">Baja Poland<\/a> p\u0159edev\u0161\u00edm dal\u0161\u00edm cenn\u00fdm tr\u00e9ninkem p\u0159ed <a href=\"\/index.php\/souteze\/dakar-2020\/\">Dakarem 2020<\/a>. A tak\u00e9 testem posledn\u00edch \u00faprav nov\u00e9ho \u017elut\u00e9ho kamionu Iveco, sestrojen\u00e9ho v sedl\u010dansk\u00fdch d\u00edln\u00e1ch a pojmenovan\u00e9ho Karel. Ten v Polsku ujel p\u0159es 500 km v hodn\u011b ostr\u00e9m tempu.<\/p>\n<p><em>\u201eJet s kamionem z\u00e1vod osobn\u00edch aut je zaj\u00edmav\u00e1 zku\u0161enost. Osob\u00e1ky jsou men\u0161\u00ed a leh\u010d\u00ed, tak\u017ee v n\u011bkter\u00fdch \u00fasec\u00edch o dost rychlej\u0161\u00ed. My zase m\u00e1me v\u011bt\u0161\u00ed v\u00fdkon. Ale tra\u0165 jsme si museli na p\u00e1r m\u00edstech trochu roz\u0161\u00ed\u0159it, abychom s Karlem projeli,\u201c<\/em> popisuje <strong>Mac\u00edk<\/strong>.<\/p>\n<p>Pos\u00e1dka si kone\u010dn\u011b procvi\u010dila i obl\u00edbenou v\u00fdm\u011bnu pneumatik. A oproti p\u016fvodn\u00edmu o\u010dek\u00e1v\u00e1n\u00ed se p\u0159i navigaci dost zapotil <a href=\"\/index.php\/osobnosti\/frantisek-tomasek\/\">Franti\u0161ek Tom\u00e1\u0161ek<\/a>, kdy\u017e Karla prov\u00e1d\u011bl pom\u011brn\u011b n\u00e1ro\u010dnou trat\u00ed plnou zr\u00e1dn\u00fdch odbo\u010dek.[\/vc_column_text][vc_single_image image=&#8221;11135&#8243; img_size=&#8221;large&#8221; add_caption=&#8221;yes&#8221; alignment=&#8221;center&#8221; onclick=&#8221;link_image&#8221; css_animation=&#8221;fadeIn&#8221;][vc_column_text css_animation=&#8221;fadeIn&#8221;]<em>\u201eM\u011bl jsem radost, \u017ee jsem v Polsku nebyl jen do po\u010dtu. Z\u00e1vod byl tentokr\u00e1t extr\u00e9mn\u011b t\u011b\u017ek\u00fd na navigaci, spousta zat\u00e1\u010dek, stopy vedly \u00fapln\u011b v\u0161ude, n\u011bkte\u0159\u00ed z\u00e1vodn\u00edci se zamotali tak, \u017ee nebyli schopn\u00ed z\u00e1vod dokon\u010dit. I my jsme ud\u011blali dv\u011b chybi\u010dky, ale poka\u017ed\u00e9 jsme se rychle na\u0161li,\u201c<\/em> popisuje navig\u00e1tor <strong>Franti\u0161ek Tom\u00e1\u0161ek<\/strong>.<\/p>\n<p>Dakarskou atmosf\u00e9ru v Polsku podpo\u0159ilo tak\u00e9 hork\u00e9 po\u010das\u00ed, v n\u011bm\u017e si z\u00e1vodn\u00edci navle\u010den\u00ed do neho\u0159lav\u00fdch kombin\u00e9z v kabin\u011b vyzkou\u0161eli teploty p\u0159esahuj\u00edc\u00ed 50 \u00b0C. A dokonalou simulaci dakarsk\u00fdch podm\u00ednek dotvo\u0159il i sp\u00e1nkov\u00fd deficit \u010d\u00e1sti t\u00fdmu zp\u016fsoben\u00fd agresivn\u00edmi kom\u00e1ry a nedalekou diskot\u00e9kou. Ta zdatn\u011b napodobila hlu\u010dnou no\u010dn\u00ed pr\u00e1ci dakarsk\u00fdch mechanik\u016f a n\u011bkter\u00fdm \u010dlen\u016fm t\u00fdmu do \u010dtvrt\u00e9 hodiny rann\u00ed nedovolila usnout.<\/p>\n<h4>Lad\u00edme Karla<\/h4>\n<p>P\u00e1te\u010dn\u00ed prolog Baja Poland byl hlavn\u011b show pro fanou\u0161ky, kte\u0159\u00ed jsou v Polsku skv\u011bl\u00ed, motorsport maj\u00ed r\u00e1di a dok\u00e1\u017eou vytvo\u0159it kr\u00e1snou atmosf\u00e9ru. V sobotu na pos\u00e1dku \u010dekala etapa \u010d\u00edtaj\u00edc\u00ed dva m\u011b\u0159en\u00e9 \u00faseky dlouh\u00e9 220 km.[\/vc_column_text][vc_single_image image=&#8221;11136&#8243; img_size=&#8221;large&#8221; add_caption=&#8221;yes&#8221; alignment=&#8221;center&#8221; onclick=&#8221;link_image&#8221; css_animation=&#8221;fadeIn&#8221;][vc_column_text css_animation=&#8221;fadeIn&#8221;]<em>\u201eBrut\u00e1ln\u011b rychl\u00e1 a nam\u00e1hav\u00e1 tra\u0165 pln\u00e1 prudk\u00fdch zat\u00e1\u010dek. Plyn, brzda, d\u00edry. Auto n\u00e1m \u017eralo dv\u011b st\u011b litr\u016f nafty na sto kilometr\u016f, proto\u017ee se jelo v dost hlubok\u00e9m p\u00edsku,\u201c<\/em> popisuje <strong>Mac\u00edk<\/strong>.<\/p>\n<p>V prvn\u00ed sobotn\u00ed rychlostn\u00ed zkou\u0161ce kamion nem\u011bl ide\u00e1ln\u011b nastaven\u00e9 tlumi\u010de a tak\u00e9 pom\u00e1hal vytahovat jeden z voz\u016f uv\u00edzl\u00fdch v bahn\u011b. Ve druh\u00e9 sobotn\u00ed \u010d\u00e1sti u\u017e se poda\u0159ilo tlumen\u00ed odladit, ale pos\u00e1dka ztratila deset minut v\u00fdm\u011bnou pneumatiky prora\u017een\u00e9 ko\u0159enem stromu. I kdy\u017e si Karel s Martinem na sebe st\u00e1le zvykaj\u00ed, jejich j\u00edzda je z\u00e1vod od z\u00e1vodu dokonalej\u0161\u00ed.<\/p>\n<p><em>\u201eKarel jede kr\u00e1sn\u011b. Lad\u00edme u\u017e sp\u00ed\u0161 detaily. Franti\u0161ek prosazuje m\u011bk\u010d\u00ed sedadlo, aby ho nebolelo pozad\u00ed. Pot\u0159ebujeme je\u0161t\u011b zapracovat na ovl\u00e1d\u00e1n\u00ed \u0159azen\u00ed a \u0159\u00edzen\u00ed, sobotn\u00ed j\u00edzda m\u011b fyzicky dost zru\u0161ila. Je t\u0159eba poladit st\u011bra\u010de. A polskou j\u00edzdu odnesla tak\u00e9 st\u0159echa kamionu. Kdy\u017e s Karlem ve stodvacetikilometrov\u00e9 rychlosti vlet\u00edte do zarostl\u00e9 d\u00edry, kam se vejde sotva osobn\u00ed auto, nez\u016fstane to bez n\u00e1sledk\u016f,\u201c<\/em> popisuje <strong>Mac\u00edk<\/strong>.<\/p>\n<p>V\u0161ichni t\u0159i hlavn\u00ed akt\u00e9\u0159i se u\u017e se t\u011b\u0161\u00ed na dal\u0161\u00ed z\u00e1vodn\u00ed zast\u00e1vku, kterou bude \u0159\u00edjnov\u00e1 <a href=\"\/index.php\/souteze\/maroc-2019\/\">Rallye du Maroc<\/a>. P\u0159\u00edjemnou novinkou je i fakt, \u017ee motocyklista t\u00fdmu <a href=\"\/index.php\/osobnosti\/jan-brabec\/\">Jan Brabec<\/a> p\u0159ed p\u00e1r dny poprv\u00e9 od sv\u00e9 <a href=\"\/index.php\/2019\/05\/23\/jan-brabec-skoncil-se-zlomeninami-v-tuniske-nemocnici\/\">tunisk\u00e9 nehody<\/a> osedlal dakarskou motorku a naplno rozjel tr\u00e9nink na p\u0159\u00ed\u0161t\u00ed Dakar.<\/p>\n<p>Tiskov\u00e1 zpr\u00e1va t\u00fdmu Big Shock Racing [editov\u00e1no][\/vc_column_text][\/vc_column][\/vc_row]<\/p>\n","protected":false},"excerpt":{"rendered":"<p>Sv\u016fj \u00fakol p\u0159i Baja Poland pos\u00e1dka t\u00fdmu Big Shock Racing ve slo\u017een\u00ed Martin Mac\u00edk, Franti\u0161ek Tom\u00e1\u0161ek a David \u0160vanda \u00fasp\u011b\u0161n\u011b splnila.<\/p>\n","protected":false},"author":1,"featured_media":11139,"comment_status":"open","ping_status":"closed","sticky":false,"template":"","format":"standard","meta":{"footnotes":""},"categories":[637],"tags":[425,255,246,111,1135,117,164,591,114],"class_list":["post-11133","post","type-post","status-publish","format-standard","has-post-thumbnail","hentry","category-tiskove-zpravy","tag-425","tag-baja-poland","tag-baja-poland-2019","tag-big-shock-racing","tag-david-svanda","tag-frantisek-tomasek","tag-iveco","tag-martin-macik","tag-martin-macik-ml"],"yoast_head":"<!-- This site is optimized with the Yoast SEO plugin v24.9 - https:\/\/yoast.com\/wordpress\/plugins\/seo\/ -->\n<title>Mac\u00edk\u016fv kamion v Polsku p\u0159edjel v\u011bt\u0161inu osob\u00e1k\u016f - DAKARMANIA.cz<\/title>\n<meta name=\"description\" content=\"Sv\u016fj \u00fakol p\u0159i Baja Poland pos\u00e1dka t\u00fdmu Big Shock Racing ve slo\u017een\u00ed Martin Mac\u00edk, Franti\u0161ek Tom\u00e1\u0161ek a David \u0160vanda \u00fasp\u011b\u0161n\u011b splnila.\" \/>\n<meta name=\"robots\" content=\"index, follow, max-snippet:-1, max-image-preview:large, max-video-preview:-1\" \/>\n<link rel=\"canonical\" href=\"https:\/\/www.dakarmania.cz\/index.php\/2019\/09\/02\/macik-predjel-vetsinu-osobaku\/\" \/>\n<meta property=\"og:locale\" content=\"cs_CZ\" \/>\n<meta property=\"og:type\" content=\"article\" \/>\n<meta property=\"og:title\" content=\"Mac\u00edk\u016fv kamion v Polsku p\u0159edjel v\u011bt\u0161inu osob\u00e1k\u016f - DAKARMANIA.cz\" \/>\n<meta property=\"og:description\" content=\"Sv\u016fj \u00fakol p\u0159i Baja Poland pos\u00e1dka t\u00fdmu Big Shock Racing ve slo\u017een\u00ed Martin Mac\u00edk, Franti\u0161ek Tom\u00e1\u0161ek a David \u0160vanda \u00fasp\u011b\u0161n\u011b splnila.\" \/>\n<meta property=\"og:url\" content=\"https:\/\/www.dakarmania.cz\/index.php\/2019\/09\/02\/macik-predjel-vetsinu-osobaku\/\" \/>\n<meta property=\"og:site_name\" content=\"DAKARMANIA.cz\" \/>\n<meta property=\"article:publisher\" content=\"https:\/\/www.facebook.com\/dakarmania\/\" \/>\n<meta property=\"article:published_time\" content=\"2019-09-02T13:04:09+00:00\" \/>\n<meta property=\"og:image\" content=\"https:\/\/www.dakarmania.cz\/wp-content\/uploads\/2019\/09\/19-poland-macik-07.jpg\" \/>\n\t<meta property=\"og:image:width\" content=\"1024\" \/>\n\t<meta property=\"og:image:height\" content=\"682\" \/>\n\t<meta property=\"og:image:type\" content=\"image\/jpeg\" \/>\n<meta name=\"author\" content=\"Zden\u011bk Zelenka\" \/>\n<meta name=\"twitter:card\" content=\"summary_large_image\" \/>\n<meta name=\"twitter:label1\" content=\"Napsal(a)\" \/>\n\t<meta name=\"twitter:data1\" content=\"Zden\u011bk Zelenka\" \/>\n\t<meta name=\"twitter:label2\" content=\"Odhadovan\u00e1 doba \u010dten\u00ed\" \/>\n\t<meta name=\"twitter:data2\" content=\"5 minut\" \/>\n<script type=\"application\/ld+json\" class=\"yoast-schema-graph\">{\"@context\":\"https:\/\/schema.org\",\"@graph\":[{\"@type\":\"Article\",\"@id\":\"https:\/\/www.dakarmania.cz\/index.php\/2019\/09\/02\/macik-predjel-vetsinu-osobaku\/#article\",\"isPartOf\":{\"@id\":\"https:\/\/www.dakarmania.cz\/index.php\/2019\/09\/02\/macik-predjel-vetsinu-osobaku\/\"},\"author\":{\"name\":\"Zden\u011bk Zelenka\",\"@id\":\"https:\/\/www.dakarmania.cz\/#\/schema\/person\/04eb0e87a389631c2169c0dddae7ff1e\"},\"headline\":\"Mac\u00edk\u016fv kamion v Polsku p\u0159edjel v\u011bt\u0161inu osob\u00e1k\u016f\",\"datePublished\":\"2019-09-02T13:04:09+00:00\",\"mainEntityOfPage\":{\"@id\":\"https:\/\/www.dakarmania.cz\/index.php\/2019\/09\/02\/macik-predjel-vetsinu-osobaku\/\"},\"wordCount\":921,\"commentCount\":0,\"publisher\":{\"@id\":\"https:\/\/www.dakarmania.cz\/#organization\"},\"image\":{\"@id\":\"https:\/\/www.dakarmania.cz\/index.php\/2019\/09\/02\/macik-predjel-vetsinu-osobaku\/#primaryimage\"},\"thumbnailUrl\":\"https:\/\/www.dakarmania.cz\/wp-content\/uploads\/2019\/09\/19-poland-macik-07.jpg\",\"keywords\":[\"2019\",\"Baja Poland\",\"Baja Poland 2019\",\"Big Shock! Racing\",\"David \u0160vanda\",\"Franti\u0161ek Tom\u00e1\u0161ek\",\"Iveco\",\"Martin Mac\u00edk\",\"Martin Mac\u00edk ml.\"],\"articleSection\":[\"Tiskov\u00e9 zpr\u00e1vy\"],\"inLanguage\":\"cs\",\"potentialAction\":[{\"@type\":\"CommentAction\",\"name\":\"Comment\",\"target\":[\"https:\/\/www.dakarmania.cz\/index.php\/2019\/09\/02\/macik-predjel-vetsinu-osobaku\/#respond\"]}]},{\"@type\":\"WebPage\",\"@id\":\"https:\/\/www.dakarmania.cz\/index.php\/2019\/09\/02\/macik-predjel-vetsinu-osobaku\/\",\"url\":\"https:\/\/www.dakarmania.cz\/index.php\/2019\/09\/02\/macik-predjel-vetsinu-osobaku\/\",\"name\":\"Mac\u00edk\u016fv kamion v Polsku p\u0159edjel v\u011bt\u0161inu osob\u00e1k\u016f - DAKARMANIA.cz\",\"isPartOf\":{\"@id\":\"https:\/\/www.dakarmania.cz\/#website\"},\"primaryImageOfPage\":{\"@id\":\"https:\/\/www.dakarmania.cz\/index.php\/2019\/09\/02\/macik-predjel-vetsinu-osobaku\/#primaryimage\"},\"image\":{\"@id\":\"https:\/\/www.dakarmania.cz\/index.php\/2019\/09\/02\/macik-predjel-vetsinu-osobaku\/#primaryimage\"},\"thumbnailUrl\":\"https:\/\/www.dakarmania.cz\/wp-content\/uploads\/2019\/09\/19-poland-macik-07.jpg\",\"datePublished\":\"2019-09-02T13:04:09+00:00\",\"description\":\"Sv\u016fj \u00fakol p\u0159i Baja Poland pos\u00e1dka t\u00fdmu Big Shock Racing ve slo\u017een\u00ed Martin Mac\u00edk, Franti\u0161ek Tom\u00e1\u0161ek a David \u0160vanda \u00fasp\u011b\u0161n\u011b splnila.\",\"breadcrumb\":{\"@id\":\"https:\/\/www.dakarmania.cz\/index.php\/2019\/09\/02\/macik-predjel-vetsinu-osobaku\/#breadcrumb\"},\"inLanguage\":\"cs\",\"potentialAction\":[{\"@type\":\"ReadAction\",\"target\":[\"https:\/\/www.dakarmania.cz\/index.php\/2019\/09\/02\/macik-predjel-vetsinu-osobaku\/\"]}]},{\"@type\":\"ImageObject\",\"inLanguage\":\"cs\",\"@id\":\"https:\/\/www.dakarmania.cz\/index.php\/2019\/09\/02\/macik-predjel-vetsinu-osobaku\/#primaryimage\",\"url\":\"https:\/\/www.dakarmania.cz\/wp-content\/uploads\/2019\/09\/19-poland-macik-07.jpg\",\"contentUrl\":\"https:\/\/www.dakarmania.cz\/wp-content\/uploads\/2019\/09\/19-poland-macik-07.jpg\",\"width\":1024,\"height\":682,\"caption\":\"Martin Mac\u00edk ml.\/Franti\u0161ek Tom\u00e1\u0161ek\/David \u0160vanda, Iveco PowerStar, Big Shock Racing. Baja Poland 2019. \u00a9 Big Shock Racing\"},{\"@type\":\"BreadcrumbList\",\"@id\":\"https:\/\/www.dakarmania.cz\/index.php\/2019\/09\/02\/macik-predjel-vetsinu-osobaku\/#breadcrumb\",\"itemListElement\":[{\"@type\":\"ListItem\",\"position\":1,\"name\":\"Dom\u016f\",\"item\":\"https:\/\/www.dakarmania.cz\/\"},{\"@type\":\"ListItem\",\"position\":2,\"name\":\"Mac\u00edk\u016fv kamion v Polsku p\u0159edjel v\u011bt\u0161inu osob\u00e1k\u016f\"}]},{\"@type\":\"WebSite\",\"@id\":\"https:\/\/www.dakarmania.cz\/#website\",\"url\":\"https:\/\/www.dakarmania.cz\/\",\"name\":\"DAKARMANIA.cz\",\"description\":\"\u017dijeme Dakarem cel\u00fd rok\",\"publisher\":{\"@id\":\"https:\/\/www.dakarmania.cz\/#organization\"},\"potentialAction\":[{\"@type\":\"SearchAction\",\"target\":{\"@type\":\"EntryPoint\",\"urlTemplate\":\"https:\/\/www.dakarmania.cz\/?s={search_term_string}\"},\"query-input\":{\"@type\":\"PropertyValueSpecification\",\"valueRequired\":true,\"valueName\":\"search_term_string\"}}],\"inLanguage\":\"cs\"},{\"@type\":\"Organization\",\"@id\":\"https:\/\/www.dakarmania.cz\/#organization\",\"name\":\"DAKAR MANIA\",\"url\":\"https:\/\/www.dakarmania.cz\/\",\"logo\":{\"@type\":\"ImageObject\",\"inLanguage\":\"cs\",\"@id\":\"https:\/\/www.dakarmania.cz\/#\/schema\/logo\/image\/\",\"url\":\"https:\/\/www.dakarmania.cz\/wp-content\/uploads\/2018\/12\/Dakar-Mania-Logo-Square-Orange.png\",\"contentUrl\":\"https:\/\/www.dakarmania.cz\/wp-content\/uploads\/2018\/12\/Dakar-Mania-Logo-Square-Orange.png\",\"width\":992,\"height\":992,\"caption\":\"DAKAR MANIA\"},\"image\":{\"@id\":\"https:\/\/www.dakarmania.cz\/#\/schema\/logo\/image\/\"},\"sameAs\":[\"https:\/\/www.facebook.com\/dakarmania\/\"]},{\"@type\":\"Person\",\"@id\":\"https:\/\/www.dakarmania.cz\/#\/schema\/person\/04eb0e87a389631c2169c0dddae7ff1e\",\"name\":\"Zden\u011bk Zelenka\",\"image\":{\"@type\":\"ImageObject\",\"inLanguage\":\"cs\",\"@id\":\"https:\/\/www.dakarmania.cz\/#\/schema\/person\/image\/\",\"url\":\"https:\/\/secure.gravatar.com\/avatar\/2c80d5a4942fe0900b73cc7d3837a509d6ee0a276a2b76dac95c92bd0763a89b?s=96&d=mm&r=g\",\"contentUrl\":\"https:\/\/secure.gravatar.com\/avatar\/2c80d5a4942fe0900b73cc7d3837a509d6ee0a276a2b76dac95c92bd0763a89b?s=96&d=mm&r=g\",\"caption\":\"Zden\u011bk Zelenka\"},\"description\":\"Moji d\u011bt\u0161t\u00ed hrdinov\u00e9 se jmenovali Loprais, Moskal, Neveu, Vatanen, Rahier... A tihle borci, jejich n\u00e1sledovn\u00edci a jejich p\u0159\u00edb\u011bhy m\u011b nep\u0159estali fascinovat ani po letech, kdy jsem vyrostl a zam\u011bstn\u00e1valy m\u011b jin\u00e9 discipl\u00edny motorsportu. Proto se zrodila DAKARMANIA.\",\"url\":\"https:\/\/www.dakarmania.cz\/index.php\/author\/dakarmania\/\"}]}<\/script>\n<!-- \/ Yoast SEO plugin. -->","yoast_head_json":{"title":"Mac\u00edk\u016fv kamion v Polsku p\u0159edjel v\u011bt\u0161inu osob\u00e1k\u016f - DAKARMANIA.cz","description":"Sv\u016fj \u00fakol p\u0159i Baja Poland pos\u00e1dka t\u00fdmu Big Shock Racing ve slo\u017een\u00ed Martin Mac\u00edk, Franti\u0161ek Tom\u00e1\u0161ek a David \u0160vanda \u00fasp\u011b\u0161n\u011b splnila.","robots":{"index":"index","follow":"follow","max-snippet":"max-snippet:-1","max-image-preview":"max-image-preview:large","max-video-preview":"max-video-preview:-1"},"canonical":"https:\/\/www.dakarmania.cz\/index.php\/2019\/09\/02\/macik-predjel-vetsinu-osobaku\/","og_locale":"cs_CZ","og_type":"article","og_title":"Mac\u00edk\u016fv kamion v Polsku p\u0159edjel v\u011bt\u0161inu osob\u00e1k\u016f - DAKARMANIA.cz","og_description":"Sv\u016fj \u00fakol p\u0159i Baja Poland pos\u00e1dka t\u00fdmu Big Shock Racing ve slo\u017een\u00ed Martin Mac\u00edk, Franti\u0161ek Tom\u00e1\u0161ek a David \u0160vanda \u00fasp\u011b\u0161n\u011b splnila.","og_url":"https:\/\/www.dakarmania.cz\/index.php\/2019\/09\/02\/macik-predjel-vetsinu-osobaku\/","og_site_name":"DAKARMANIA.cz","article_publisher":"https:\/\/www.facebook.com\/dakarmania\/","article_published_time":"2019-09-02T13:04:09+00:00","og_image":[{"width":1024,"height":682,"url":"https:\/\/www.dakarmania.cz\/wp-content\/uploads\/2019\/09\/19-poland-macik-07.jpg","type":"image\/jpeg"}],"author":"Zden\u011bk Zelenka","twitter_card":"summary_large_image","twitter_misc":{"Napsal(a)":"Zden\u011bk Zelenka","Odhadovan\u00e1 doba \u010dten\u00ed":"5 minut"},"schema":{"@context":"https:\/\/schema.org","@graph":[{"@type":"Article","@id":"https:\/\/www.dakarmania.cz\/index.php\/2019\/09\/02\/macik-predjel-vetsinu-osobaku\/#article","isPartOf":{"@id":"https:\/\/www.dakarmania.cz\/index.php\/2019\/09\/02\/macik-predjel-vetsinu-osobaku\/"},"author":{"name":"Zden\u011bk Zelenka","@id":"https:\/\/www.dakarmania.cz\/#\/schema\/person\/04eb0e87a389631c2169c0dddae7ff1e"},"headline":"Mac\u00edk\u016fv kamion v Polsku p\u0159edjel v\u011bt\u0161inu osob\u00e1k\u016f","datePublished":"2019-09-02T13:04:09+00:00","mainEntityOfPage":{"@id":"https:\/\/www.dakarmania.cz\/index.php\/2019\/09\/02\/macik-predjel-vetsinu-osobaku\/"},"wordCount":921,"commentCount":0,"publisher":{"@id":"https:\/\/www.dakarmania.cz\/#organization"},"image":{"@id":"https:\/\/www.dakarmania.cz\/index.php\/2019\/09\/02\/macik-predjel-vetsinu-osobaku\/#primaryimage"},"thumbnailUrl":"https:\/\/www.dakarmania.cz\/wp-content\/uploads\/2019\/09\/19-poland-macik-07.jpg","keywords":["2019","Baja Poland","Baja Poland 2019","Big Shock! Racing","David \u0160vanda","Franti\u0161ek Tom\u00e1\u0161ek","Iveco","Martin Mac\u00edk","Martin Mac\u00edk ml."],"articleSection":["Tiskov\u00e9 zpr\u00e1vy"],"inLanguage":"cs","potentialAction":[{"@type":"CommentAction","name":"Comment","target":["https:\/\/www.dakarmania.cz\/index.php\/2019\/09\/02\/macik-predjel-vetsinu-osobaku\/#respond"]}]},{"@type":"WebPage","@id":"https:\/\/www.dakarmania.cz\/index.php\/2019\/09\/02\/macik-predjel-vetsinu-osobaku\/","url":"https:\/\/www.dakarmania.cz\/index.php\/2019\/09\/02\/macik-predjel-vetsinu-osobaku\/","name":"Mac\u00edk\u016fv kamion v Polsku p\u0159edjel v\u011bt\u0161inu osob\u00e1k\u016f - DAKARMANIA.cz","isPartOf":{"@id":"https:\/\/www.dakarmania.cz\/#website"},"primaryImageOfPage":{"@id":"https:\/\/www.dakarmania.cz\/index.php\/2019\/09\/02\/macik-predjel-vetsinu-osobaku\/#primaryimage"},"image":{"@id":"https:\/\/www.dakarmania.cz\/index.php\/2019\/09\/02\/macik-predjel-vetsinu-osobaku\/#primaryimage"},"thumbnailUrl":"https:\/\/www.dakarmania.cz\/wp-content\/uploads\/2019\/09\/19-poland-macik-07.jpg","datePublished":"2019-09-02T13:04:09+00:00","description":"Sv\u016fj \u00fakol p\u0159i Baja Poland pos\u00e1dka t\u00fdmu Big Shock Racing ve slo\u017een\u00ed Martin Mac\u00edk, Franti\u0161ek Tom\u00e1\u0161ek a David \u0160vanda \u00fasp\u011b\u0161n\u011b splnila.","breadcrumb":{"@id":"https:\/\/www.dakarmania.cz\/index.php\/2019\/09\/02\/macik-predjel-vetsinu-osobaku\/#breadcrumb"},"inLanguage":"cs","potentialAction":[{"@type":"ReadAction","target":["https:\/\/www.dakarmania.cz\/index.php\/2019\/09\/02\/macik-predjel-vetsinu-osobaku\/"]}]},{"@type":"ImageObject","inLanguage":"cs","@id":"https:\/\/www.dakarmania.cz\/index.php\/2019\/09\/02\/macik-predjel-vetsinu-osobaku\/#primaryimage","url":"https:\/\/www.dakarmania.cz\/wp-content\/uploads\/2019\/09\/19-poland-macik-07.jpg","contentUrl":"https:\/\/www.dakarmania.cz\/wp-content\/uploads\/2019\/09\/19-poland-macik-07.jpg","width":1024,"height":682,"caption":"Martin Mac\u00edk ml.\/Franti\u0161ek Tom\u00e1\u0161ek\/David \u0160vanda, Iveco PowerStar, Big Shock Racing. Baja Poland 2019. \u00a9 Big Shock Racing"},{"@type":"BreadcrumbList","@id":"https:\/\/www.dakarmania.cz\/index.php\/2019\/09\/02\/macik-predjel-vetsinu-osobaku\/#breadcrumb","itemListElement":[{"@type":"ListItem","position":1,"name":"Dom\u016f","item":"https:\/\/www.dakarmania.cz\/"},{"@type":"ListItem","position":2,"name":"Mac\u00edk\u016fv kamion v Polsku p\u0159edjel v\u011bt\u0161inu osob\u00e1k\u016f"}]},{"@type":"WebSite","@id":"https:\/\/www.dakarmania.cz\/#website","url":"https:\/\/www.dakarmania.cz\/","name":"DAKARMANIA.cz","description":"\u017dijeme Dakarem cel\u00fd rok","publisher":{"@id":"https:\/\/www.dakarmania.cz\/#organization"},"potentialAction":[{"@type":"SearchAction","target":{"@type":"EntryPoint","urlTemplate":"https:\/\/www.dakarmania.cz\/?s={search_term_string}"},"query-input":{"@type":"PropertyValueSpecification","valueRequired":true,"valueName":"search_term_string"}}],"inLanguage":"cs"},{"@type":"Organization","@id":"https:\/\/www.dakarmania.cz\/#organization","name":"DAKAR MANIA","url":"https:\/\/www.dakarmania.cz\/","logo":{"@type":"ImageObject","inLanguage":"cs","@id":"https:\/\/www.dakarmania.cz\/#\/schema\/logo\/image\/","url":"https:\/\/www.dakarmania.cz\/wp-content\/uploads\/2018\/12\/Dakar-Mania-Logo-Square-Orange.png","contentUrl":"https:\/\/www.dakarmania.cz\/wp-content\/uploads\/2018\/12\/Dakar-Mania-Logo-Square-Orange.png","width":992,"height":992,"caption":"DAKAR MANIA"},"image":{"@id":"https:\/\/www.dakarmania.cz\/#\/schema\/logo\/image\/"},"sameAs":["https:\/\/www.facebook.com\/dakarmania\/"]},{"@type":"Person","@id":"https:\/\/www.dakarmania.cz\/#\/schema\/person\/04eb0e87a389631c2169c0dddae7ff1e","name":"Zden\u011bk Zelenka","image":{"@type":"ImageObject","inLanguage":"cs","@id":"https:\/\/www.dakarmania.cz\/#\/schema\/person\/image\/","url":"https:\/\/secure.gravatar.com\/avatar\/2c80d5a4942fe0900b73cc7d3837a509d6ee0a276a2b76dac95c92bd0763a89b?s=96&d=mm&r=g","contentUrl":"https:\/\/secure.gravatar.com\/avatar\/2c80d5a4942fe0900b73cc7d3837a509d6ee0a276a2b76dac95c92bd0763a89b?s=96&d=mm&r=g","caption":"Zden\u011bk Zelenka"},"description":"Moji d\u011bt\u0161t\u00ed hrdinov\u00e9 se jmenovali Loprais, Moskal, Neveu, Vatanen, Rahier... A tihle borci, jejich n\u00e1sledovn\u00edci a jejich p\u0159\u00edb\u011bhy m\u011b nep\u0159estali fascinovat ani po letech, kdy jsem vyrostl a zam\u011bstn\u00e1valy m\u011b jin\u00e9 discipl\u00edny motorsportu. Proto se zrodila DAKARMANIA.","url":"https:\/\/www.dakarmania.cz\/index.php\/author\/dakarmania\/"}]}},"amp_enabled":true,"_links":{"self":[{"href":"https:\/\/www.dakarmania.cz\/index.php\/wp-json\/wp\/v2\/posts\/11133","targetHints":{"allow":["GET"]}}],"collection":[{"href":"https:\/\/www.dakarmania.cz\/index.php\/wp-json\/wp\/v2\/posts"}],"about":[{"href":"https:\/\/www.dakarmania.cz\/index.php\/wp-json\/wp\/v2\/types\/post"}],"author":[{"embeddable":true,"href":"https:\/\/www.dakarmania.cz\/index.php\/wp-json\/wp\/v2\/users\/1"}],"replies":[{"embeddable":true,"href":"https:\/\/www.dakarmania.cz\/index.php\/wp-json\/wp\/v2\/comments?post=11133"}],"version-history":[{"count":2,"href":"https:\/\/www.dakarmania.cz\/index.php\/wp-json\/wp\/v2\/posts\/11133\/revisions"}],"predecessor-version":[{"id":11140,"href":"https:\/\/www.dakarmania.cz\/index.php\/wp-json\/wp\/v2\/posts\/11133\/revisions\/11140"}],"wp:featuredmedia":[{"embeddable":true,"href":"https:\/\/www.dakarmania.cz\/index.php\/wp-json\/wp\/v2\/media\/11139"}],"wp:attachment":[{"href":"https:\/\/www.dakarmania.cz\/index.php\/wp-json\/wp\/v2\/media?parent=11133"}],"wp:term":[{"taxonomy":"category","embeddable":true,"href":"https:\/\/www.dakarmania.cz\/index.php\/wp-json\/wp\/v2\/categories?post=11133"},{"taxonomy":"post_tag","embeddable":true,"href":"https:\/\/www.dakarmania.cz\/index.php\/wp-json\/wp\/v2\/tags?post=11133"}],"curies":[{"name":"wp","href":"https:\/\/api.w.org\/{rel}","templated":true}]}}