{"id":11162,"date":"2019-09-03T15:08:32","date_gmt":"2019-09-03T13:08:32","guid":{"rendered":"https:\/\/www.dakarmania.cz\/?p=11162"},"modified":"2019-09-19T23:51:37","modified_gmt":"2019-09-19T21:51:37","slug":"serres-bronz-pro-engela","status":"publish","type":"post","link":"https:\/\/www.dakarmania.cz\/index.php\/2019\/09\/03\/serres-bronz-pro-engela\/","title":{"rendered":"Serres Rally: Bronz pro Engela, v\u00edt\u011bzstv\u00ed pro Svitka"},"content":{"rendered":"<p>[vc_row][vc_column][vc_column_text css_animation=&#8221;fadeIn&#8221;]<\/p>\n<h4>Milan Engel se po zdravotn\u00edch probl\u00e9mech a n\u00e1sledn\u00e9 rekonvalescenci \u00fasp\u011b\u0161n\u011b vr\u00e1til do sedla z\u00e1vodn\u00edho motocyklu. Na n\u00e1ro\u010dn\u00e9 \u0159eck\u00e9 Serres Rally vybojoval t\u0159et\u00ed m\u00edsto. Jezdec t\u00fdmu Orion \u2013 Moto Racing Group nesta\u010dil pouze na \u0160tefana Svitka ze Slovenska a Itala Mattea Curu.<\/h4>\n<p>\u0160tefan Svitko (KTM) vl\u00e1dne Serres Rally nep\u0159etr\u017eit\u011b od roku 2016, leto\u0161n\u00ed v\u00fdhra byla u\u017e jeho \u010dtvrt\u00e1 v \u0159ad\u011b. 37let\u00fd Slov\u00e1k naplno vyu\u017eil sv\u00fdch zku\u0161enost\u00ed a poradil si s obt\u00ed\u017enou trat\u00ed, jej\u00ed\u017e n\u00e1ro\u010dnost po p\u0159est\u011bhov\u00e1n\u00ed do nov\u00e9 lokality podle mnoh\u00fdch pom\u011brn\u011b v\u00fdrazn\u011b stoupla. Celkem sout\u011b\u017e m\u011b\u0159ila 1620 kilometr\u016f, z nich\u017e se 1268 jelo v \u0159eck\u00fdch hor\u00e1ch na \u010das v r\u00e1mci sedmi etap, resp. osmi rychlostn\u00edch zkou\u0161ek.<\/p>\n<p>Ve druh\u00e9 etap\u011b, jej\u00ed\u017e speci\u00e1lka m\u011b\u0159ila 283 kilometr\u016f, byl Svitko skoro o 19 minut rychlej\u0161\u00ed ne\u017e v\u00edt\u011bz kr\u00e1tk\u00e9 \u00favodn\u00ed speci\u00e1lky Skyler Howes. Ameri\u010dan tak klesl na druhou p\u0159\u00ed\u010dku.[\/vc_column_text][vc_single_image image=&#8221;11157&#8243; img_size=&#8221;large&#8221; add_caption=&#8221;yes&#8221; alignment=&#8221;center&#8221; onclick=&#8221;link_image&#8221; css_animation=&#8221;fadeIn&#8221;][vc_column_text css_animation=&#8221;fadeIn&#8221;]Svitko v n\u00e1sleduj\u00edc\u00edch dnech p\u0159edv\u00e1d\u011bl strojov\u011b p\u0159esnou j\u00edzdu a vyhr\u00e1l v\u0161echny zb\u00fdvaj\u00edc\u00ed rychlostn\u00ed zkou\u0161ky. Po \u010dtvrt\u00e9 etap\u011b vedl p\u0159ed Howesem t\u00e9m\u011b\u0159 o 33 minut. V p\u00e1t\u00e9 etap\u011b <a href=\"\/index.php\/2019\/09\/01\/serres-skyler-howes-skoncil-po-padu-v-nemocnici\/\">americk\u00fd jezdec t\u00fdmu Klym\u010diw Racing havaroval<\/a> a sout\u011b\u017e pro n\u011bj skon\u010dila.<\/p>\n<p>Na druhou p\u0159\u00ed\u010dku se posunul Matteo Cura (Husqvarna), av\u0161ak Ital\u016fv odstup \u010dinil u\u017e t\u00e9m\u011b\u0159 hodinu a p\u016fl. Svitko nezav\u00e1hal ani ve dvou z\u00e1v\u011bre\u010dn\u00fdch dnech a v celkov\u00e9m sou\u010dtu Curu porazil o jednu hodinu a 38 sekund.<\/p>\n<p><a href=\"\/index.php\/osobnosti\/milan-engel\/\">Milan Engel<\/a> (KTM) musel kv\u016fli l\u00e9ka\u0159sk\u00e9mu z\u00e1kroku vynechat \u010dervencovou <a href=\"\/index.php\/souteze\/baja-aragon-2019\/\">Baju Arag\u00f3n<\/a> ve \u0160pan\u011blsku, ale na p\u0159elomu srpna a z\u00e1\u0159\u00ed potvrdil, \u017ee se mu na \u0159eck\u00fdch trat\u00edch letos da\u0159\u00ed. Ke <a href=\"\/index.php\/2019\/05\/28\/engel-vybojoval-na-hellasu-stribro\/\">st\u0159\u00edbru z kv\u011btnov\u00e9 Hellas Rally<\/a> p\u0159idal nyn\u00ed bronz.[\/vc_column_text][vc_single_image image=&#8221;11159&#8243; img_size=&#8221;large&#8221; add_caption=&#8221;yes&#8221; alignment=&#8221;center&#8221; onclick=&#8221;link_image&#8221; css_animation=&#8221;fadeIn&#8221;][vc_column_text css_animation=&#8221;fadeIn&#8221;]Nej\u00fasp\u011b\u0161n\u011bj\u0161\u00ed \u010desk\u00fd motocyklista leto\u0161n\u00edho ro\u010dn\u00edku <a href=\"\/index.php\/souteze\/dakar-2019\/\">Rally Dakar<\/a> byl po \u010dty\u0159ech etap\u00e1ch osm\u00fd. Skok na medailov\u00e9 pozice p\u0159inesl hlavn\u011b vynikaj\u00edc\u00ed z\u00e1v\u011br, resp. t\u0159et\u00ed m\u00edsta v hodnocen\u00ed v\u0161ech t\u0159\u00ed z\u00e1v\u011bre\u010dn\u00fdch rychlostn\u00edch zkou\u0161ek.<\/p>\n<p>Po odstoupen\u00ed Skylera Howese byl nejlep\u0161\u00edm z jezdc\u016f Klym\u010diwova t\u00fdmu Petr Vl\u010dek (Husaberg). V Americe \u017eij\u00edc\u00ed z\u00e1vodn\u00edk figuroval po \u0161est\u00e9 etap\u011b na dvan\u00e1ct\u00e9 pozici, ale den p\u0159ed koncem sv\u016fj z\u00e1vod z vlastn\u00ed v\u016fle ukon\u010dil. D\u016fvodem byl hurik\u00e1n Dorian m\u00ed\u0159\u00edc\u00ed k v\u00fdchodn\u00edmu pob\u0159e\u017e\u00ed USA. Vl\u010dek se rozhodl odcestovat za rodinou d\u0159\u00edve, ne\u017e p\u0159\u00edrodn\u00ed \u017eivel zas\u00e1hne oblast jej\u00edho bydli\u0161t\u011b.[\/vc_column_text][vc_btn title=&#8221;CELKOV\u00c9 V\u00ddSLEDKY Serres Rally 2019&#8243; style=&#8221;outline&#8221; shape=&#8221;square&#8221; color=&#8221;warning&#8221; size=&#8221;sm&#8221; align=&#8221;center&#8221; i_icon_fontawesome=&#8221;fa fa-list-ol&#8221; css_animation=&#8221;fadeIn&#8221; button_block=&#8221;true&#8221; add_icon=&#8221;true&#8221; link=&#8221;url:%2Fwp-content%2Fuploads%2F2019%2F09%2F19-serres-final-provisional.pdf||target:%20_blank|&#8221;][\/vc_column][\/vc_row]<\/p>\n","protected":false},"excerpt":{"rendered":"<p>Milan Engel se po zdravotn\u00edch probl\u00e9mech a rekonvalescenci \u00fasp\u011b\u0161n\u011b vr\u00e1til do sedla z\u00e1vodn\u00edho motocyklu. Na \u0159eck\u00e9 Serres Rally vybojoval t\u0159et\u00ed m\u00edsto.<\/p>\n","protected":false},"author":1,"featured_media":11156,"comment_status":"open","ping_status":"closed","sticky":false,"template":"","format":"standard","meta":{"footnotes":""},"categories":[15],"tags":[425,1466,64,63,1465,107,74,75,59,254,1458,61,216],"class_list":["post-11162","post","type-post","status-publish","format-standard","has-post-thumbnail","hentry","category-moto-quad","tag-425","tag-husaberg","tag-husqvarna","tag-ktm","tag-matteo-cura","tag-milan-engel","tag-moto-racing-group","tag-mrg","tag-petr-vlcek","tag-serres-rally","tag-serres-rally-2019","tag-skyler-howes","tag-stefan-svitko"],"yoast_head":"<!-- This site is optimized with the Yoast SEO plugin v24.9 - https:\/\/yoast.com\/wordpress\/plugins\/seo\/ -->\n<title>Serres Rally: Bronz pro Engela, v\u00edt\u011bzstv\u00ed pro Svitka - DAKARMANIA.cz<\/title>\n<meta name=\"description\" content=\"Milan Engel se po zdravotn\u00edch probl\u00e9mech a rekonvalescenci \u00fasp\u011b\u0161n\u011b vr\u00e1til do sedla z\u00e1vodn\u00edho motocyklu. Na \u0159eck\u00e9 Serres Rally vybojoval t\u0159et\u00ed m\u00edsto.\" \/>\n<meta name=\"robots\" content=\"index, follow, max-snippet:-1, max-image-preview:large, max-video-preview:-1\" \/>\n<link rel=\"canonical\" href=\"https:\/\/www.dakarmania.cz\/index.php\/2019\/09\/03\/serres-bronz-pro-engela\/\" \/>\n<meta property=\"og:locale\" content=\"cs_CZ\" \/>\n<meta property=\"og:type\" content=\"article\" \/>\n<meta property=\"og:title\" content=\"Serres Rally: Bronz pro Engela, v\u00edt\u011bzstv\u00ed pro Svitka - DAKARMANIA.cz\" \/>\n<meta property=\"og:description\" content=\"Milan Engel se po zdravotn\u00edch probl\u00e9mech a rekonvalescenci \u00fasp\u011b\u0161n\u011b vr\u00e1til do sedla z\u00e1vodn\u00edho motocyklu. Na \u0159eck\u00e9 Serres Rally vybojoval t\u0159et\u00ed m\u00edsto.\" \/>\n<meta property=\"og:url\" content=\"https:\/\/www.dakarmania.cz\/index.php\/2019\/09\/03\/serres-bronz-pro-engela\/\" \/>\n<meta property=\"og:site_name\" content=\"DAKARMANIA.cz\" \/>\n<meta property=\"article:publisher\" content=\"https:\/\/www.facebook.com\/dakarmania\/\" \/>\n<meta property=\"article:published_time\" content=\"2019-09-03T13:08:32+00:00\" \/>\n<meta property=\"article:modified_time\" content=\"2019-09-19T21:51:37+00:00\" \/>\n<meta property=\"og:image\" content=\"https:\/\/www.dakarmania.cz\/wp-content\/uploads\/2019\/09\/19-serres-engel-01.jpg\" \/>\n\t<meta property=\"og:image:width\" content=\"1024\" \/>\n\t<meta property=\"og:image:height\" content=\"682\" \/>\n\t<meta property=\"og:image:type\" content=\"image\/jpeg\" \/>\n<meta name=\"author\" content=\"Zden\u011bk Zelenka\" \/>\n<meta name=\"twitter:card\" content=\"summary_large_image\" \/>\n<meta name=\"twitter:label1\" content=\"Napsal(a)\" \/>\n\t<meta name=\"twitter:data1\" content=\"Zden\u011bk Zelenka\" \/>\n\t<meta name=\"twitter:label2\" content=\"Odhadovan\u00e1 doba \u010dten\u00ed\" \/>\n\t<meta name=\"twitter:data2\" content=\"3 minuty\" \/>\n<script type=\"application\/ld+json\" class=\"yoast-schema-graph\">{\"@context\":\"https:\/\/schema.org\",\"@graph\":[{\"@type\":\"Article\",\"@id\":\"https:\/\/www.dakarmania.cz\/index.php\/2019\/09\/03\/serres-bronz-pro-engela\/#article\",\"isPartOf\":{\"@id\":\"https:\/\/www.dakarmania.cz\/index.php\/2019\/09\/03\/serres-bronz-pro-engela\/\"},\"author\":{\"name\":\"Zden\u011bk Zelenka\",\"@id\":\"https:\/\/www.dakarmania.cz\/#\/schema\/person\/04eb0e87a389631c2169c0dddae7ff1e\"},\"headline\":\"Serres Rally: Bronz pro Engela, v\u00edt\u011bzstv\u00ed pro Svitka\",\"datePublished\":\"2019-09-03T13:08:32+00:00\",\"dateModified\":\"2019-09-19T21:51:37+00:00\",\"mainEntityOfPage\":{\"@id\":\"https:\/\/www.dakarmania.cz\/index.php\/2019\/09\/03\/serres-bronz-pro-engela\/\"},\"wordCount\":585,\"commentCount\":0,\"publisher\":{\"@id\":\"https:\/\/www.dakarmania.cz\/#organization\"},\"image\":{\"@id\":\"https:\/\/www.dakarmania.cz\/index.php\/2019\/09\/03\/serres-bronz-pro-engela\/#primaryimage\"},\"thumbnailUrl\":\"https:\/\/www.dakarmania.cz\/wp-content\/uploads\/2019\/09\/19-serres-engel-01.jpg\",\"keywords\":[\"2019\",\"Husaberg\",\"Husqvarna\",\"KTM\",\"Matteo Cura\",\"Milan Engel\",\"Moto Racing Group\",\"MRG\",\"Petr Vl\u010dek\",\"Serres Rally\",\"Serres Rally 2019\",\"Skyler Howes\",\"\u0160tefan Svitko\"],\"articleSection\":[\"Moto\/Quad\"],\"inLanguage\":\"cs\",\"potentialAction\":[{\"@type\":\"CommentAction\",\"name\":\"Comment\",\"target\":[\"https:\/\/www.dakarmania.cz\/index.php\/2019\/09\/03\/serres-bronz-pro-engela\/#respond\"]}]},{\"@type\":\"WebPage\",\"@id\":\"https:\/\/www.dakarmania.cz\/index.php\/2019\/09\/03\/serres-bronz-pro-engela\/\",\"url\":\"https:\/\/www.dakarmania.cz\/index.php\/2019\/09\/03\/serres-bronz-pro-engela\/\",\"name\":\"Serres Rally: Bronz pro Engela, v\u00edt\u011bzstv\u00ed pro Svitka - DAKARMANIA.cz\",\"isPartOf\":{\"@id\":\"https:\/\/www.dakarmania.cz\/#website\"},\"primaryImageOfPage\":{\"@id\":\"https:\/\/www.dakarmania.cz\/index.php\/2019\/09\/03\/serres-bronz-pro-engela\/#primaryimage\"},\"image\":{\"@id\":\"https:\/\/www.dakarmania.cz\/index.php\/2019\/09\/03\/serres-bronz-pro-engela\/#primaryimage\"},\"thumbnailUrl\":\"https:\/\/www.dakarmania.cz\/wp-content\/uploads\/2019\/09\/19-serres-engel-01.jpg\",\"datePublished\":\"2019-09-03T13:08:32+00:00\",\"dateModified\":\"2019-09-19T21:51:37+00:00\",\"description\":\"Milan Engel se po zdravotn\u00edch probl\u00e9mech a rekonvalescenci \u00fasp\u011b\u0161n\u011b vr\u00e1til do sedla z\u00e1vodn\u00edho motocyklu. Na \u0159eck\u00e9 Serres Rally vybojoval t\u0159et\u00ed m\u00edsto.\",\"breadcrumb\":{\"@id\":\"https:\/\/www.dakarmania.cz\/index.php\/2019\/09\/03\/serres-bronz-pro-engela\/#breadcrumb\"},\"inLanguage\":\"cs\",\"potentialAction\":[{\"@type\":\"ReadAction\",\"target\":[\"https:\/\/www.dakarmania.cz\/index.php\/2019\/09\/03\/serres-bronz-pro-engela\/\"]}]},{\"@type\":\"ImageObject\",\"inLanguage\":\"cs\",\"@id\":\"https:\/\/www.dakarmania.cz\/index.php\/2019\/09\/03\/serres-bronz-pro-engela\/#primaryimage\",\"url\":\"https:\/\/www.dakarmania.cz\/wp-content\/uploads\/2019\/09\/19-serres-engel-01.jpg\",\"contentUrl\":\"https:\/\/www.dakarmania.cz\/wp-content\/uploads\/2019\/09\/19-serres-engel-01.jpg\",\"width\":1024,\"height\":682,\"caption\":\"Milan Engel, KTM EXC 450, Orion - MRG. Serres Rally 2019. \u00a9 Serres Rally Media\/Rallymaniacs\"},{\"@type\":\"BreadcrumbList\",\"@id\":\"https:\/\/www.dakarmania.cz\/index.php\/2019\/09\/03\/serres-bronz-pro-engela\/#breadcrumb\",\"itemListElement\":[{\"@type\":\"ListItem\",\"position\":1,\"name\":\"Dom\u016f\",\"item\":\"https:\/\/www.dakarmania.cz\/\"},{\"@type\":\"ListItem\",\"position\":2,\"name\":\"Serres Rally: Bronz pro Engela, v\u00edt\u011bzstv\u00ed pro Svitka\"}]},{\"@type\":\"WebSite\",\"@id\":\"https:\/\/www.dakarmania.cz\/#website\",\"url\":\"https:\/\/www.dakarmania.cz\/\",\"name\":\"DAKARMANIA.cz\",\"description\":\"\u017dijeme Dakarem cel\u00fd rok\",\"publisher\":{\"@id\":\"https:\/\/www.dakarmania.cz\/#organization\"},\"potentialAction\":[{\"@type\":\"SearchAction\",\"target\":{\"@type\":\"EntryPoint\",\"urlTemplate\":\"https:\/\/www.dakarmania.cz\/?s={search_term_string}\"},\"query-input\":{\"@type\":\"PropertyValueSpecification\",\"valueRequired\":true,\"valueName\":\"search_term_string\"}}],\"inLanguage\":\"cs\"},{\"@type\":\"Organization\",\"@id\":\"https:\/\/www.dakarmania.cz\/#organization\",\"name\":\"DAKAR MANIA\",\"url\":\"https:\/\/www.dakarmania.cz\/\",\"logo\":{\"@type\":\"ImageObject\",\"inLanguage\":\"cs\",\"@id\":\"https:\/\/www.dakarmania.cz\/#\/schema\/logo\/image\/\",\"url\":\"https:\/\/www.dakarmania.cz\/wp-content\/uploads\/2018\/12\/Dakar-Mania-Logo-Square-Orange.png\",\"contentUrl\":\"https:\/\/www.dakarmania.cz\/wp-content\/uploads\/2018\/12\/Dakar-Mania-Logo-Square-Orange.png\",\"width\":992,\"height\":992,\"caption\":\"DAKAR MANIA\"},\"image\":{\"@id\":\"https:\/\/www.dakarmania.cz\/#\/schema\/logo\/image\/\"},\"sameAs\":[\"https:\/\/www.facebook.com\/dakarmania\/\"]},{\"@type\":\"Person\",\"@id\":\"https:\/\/www.dakarmania.cz\/#\/schema\/person\/04eb0e87a389631c2169c0dddae7ff1e\",\"name\":\"Zden\u011bk Zelenka\",\"image\":{\"@type\":\"ImageObject\",\"inLanguage\":\"cs\",\"@id\":\"https:\/\/www.dakarmania.cz\/#\/schema\/person\/image\/\",\"url\":\"https:\/\/secure.gravatar.com\/avatar\/2c80d5a4942fe0900b73cc7d3837a509d6ee0a276a2b76dac95c92bd0763a89b?s=96&d=mm&r=g\",\"contentUrl\":\"https:\/\/secure.gravatar.com\/avatar\/2c80d5a4942fe0900b73cc7d3837a509d6ee0a276a2b76dac95c92bd0763a89b?s=96&d=mm&r=g\",\"caption\":\"Zden\u011bk Zelenka\"},\"description\":\"Moji d\u011bt\u0161t\u00ed hrdinov\u00e9 se jmenovali Loprais, Moskal, Neveu, Vatanen, Rahier... A tihle borci, jejich n\u00e1sledovn\u00edci a jejich p\u0159\u00edb\u011bhy m\u011b nep\u0159estali fascinovat ani po letech, kdy jsem vyrostl a zam\u011bstn\u00e1valy m\u011b jin\u00e9 discipl\u00edny motorsportu. Proto se zrodila DAKARMANIA.\",\"url\":\"https:\/\/www.dakarmania.cz\/index.php\/author\/dakarmania\/\"}]}<\/script>\n<!-- \/ Yoast SEO plugin. -->","yoast_head_json":{"title":"Serres Rally: Bronz pro Engela, v\u00edt\u011bzstv\u00ed pro Svitka - DAKARMANIA.cz","description":"Milan Engel se po zdravotn\u00edch probl\u00e9mech a rekonvalescenci \u00fasp\u011b\u0161n\u011b vr\u00e1til do sedla z\u00e1vodn\u00edho motocyklu. Na \u0159eck\u00e9 Serres Rally vybojoval t\u0159et\u00ed m\u00edsto.","robots":{"index":"index","follow":"follow","max-snippet":"max-snippet:-1","max-image-preview":"max-image-preview:large","max-video-preview":"max-video-preview:-1"},"canonical":"https:\/\/www.dakarmania.cz\/index.php\/2019\/09\/03\/serres-bronz-pro-engela\/","og_locale":"cs_CZ","og_type":"article","og_title":"Serres Rally: Bronz pro Engela, v\u00edt\u011bzstv\u00ed pro Svitka - DAKARMANIA.cz","og_description":"Milan Engel se po zdravotn\u00edch probl\u00e9mech a rekonvalescenci \u00fasp\u011b\u0161n\u011b vr\u00e1til do sedla z\u00e1vodn\u00edho motocyklu. Na \u0159eck\u00e9 Serres Rally vybojoval t\u0159et\u00ed m\u00edsto.","og_url":"https:\/\/www.dakarmania.cz\/index.php\/2019\/09\/03\/serres-bronz-pro-engela\/","og_site_name":"DAKARMANIA.cz","article_publisher":"https:\/\/www.facebook.com\/dakarmania\/","article_published_time":"2019-09-03T13:08:32+00:00","article_modified_time":"2019-09-19T21:51:37+00:00","og_image":[{"width":1024,"height":682,"url":"https:\/\/www.dakarmania.cz\/wp-content\/uploads\/2019\/09\/19-serres-engel-01.jpg","type":"image\/jpeg"}],"author":"Zden\u011bk Zelenka","twitter_card":"summary_large_image","twitter_misc":{"Napsal(a)":"Zden\u011bk Zelenka","Odhadovan\u00e1 doba \u010dten\u00ed":"3 minuty"},"schema":{"@context":"https:\/\/schema.org","@graph":[{"@type":"Article","@id":"https:\/\/www.dakarmania.cz\/index.php\/2019\/09\/03\/serres-bronz-pro-engela\/#article","isPartOf":{"@id":"https:\/\/www.dakarmania.cz\/index.php\/2019\/09\/03\/serres-bronz-pro-engela\/"},"author":{"name":"Zden\u011bk Zelenka","@id":"https:\/\/www.dakarmania.cz\/#\/schema\/person\/04eb0e87a389631c2169c0dddae7ff1e"},"headline":"Serres Rally: Bronz pro Engela, v\u00edt\u011bzstv\u00ed pro Svitka","datePublished":"2019-09-03T13:08:32+00:00","dateModified":"2019-09-19T21:51:37+00:00","mainEntityOfPage":{"@id":"https:\/\/www.dakarmania.cz\/index.php\/2019\/09\/03\/serres-bronz-pro-engela\/"},"wordCount":585,"commentCount":0,"publisher":{"@id":"https:\/\/www.dakarmania.cz\/#organization"},"image":{"@id":"https:\/\/www.dakarmania.cz\/index.php\/2019\/09\/03\/serres-bronz-pro-engela\/#primaryimage"},"thumbnailUrl":"https:\/\/www.dakarmania.cz\/wp-content\/uploads\/2019\/09\/19-serres-engel-01.jpg","keywords":["2019","Husaberg","Husqvarna","KTM","Matteo Cura","Milan Engel","Moto Racing Group","MRG","Petr Vl\u010dek","Serres Rally","Serres Rally 2019","Skyler Howes","\u0160tefan Svitko"],"articleSection":["Moto\/Quad"],"inLanguage":"cs","potentialAction":[{"@type":"CommentAction","name":"Comment","target":["https:\/\/www.dakarmania.cz\/index.php\/2019\/09\/03\/serres-bronz-pro-engela\/#respond"]}]},{"@type":"WebPage","@id":"https:\/\/www.dakarmania.cz\/index.php\/2019\/09\/03\/serres-bronz-pro-engela\/","url":"https:\/\/www.dakarmania.cz\/index.php\/2019\/09\/03\/serres-bronz-pro-engela\/","name":"Serres Rally: Bronz pro Engela, v\u00edt\u011bzstv\u00ed pro Svitka - DAKARMANIA.cz","isPartOf":{"@id":"https:\/\/www.dakarmania.cz\/#website"},"primaryImageOfPage":{"@id":"https:\/\/www.dakarmania.cz\/index.php\/2019\/09\/03\/serres-bronz-pro-engela\/#primaryimage"},"image":{"@id":"https:\/\/www.dakarmania.cz\/index.php\/2019\/09\/03\/serres-bronz-pro-engela\/#primaryimage"},"thumbnailUrl":"https:\/\/www.dakarmania.cz\/wp-content\/uploads\/2019\/09\/19-serres-engel-01.jpg","datePublished":"2019-09-03T13:08:32+00:00","dateModified":"2019-09-19T21:51:37+00:00","description":"Milan Engel se po zdravotn\u00edch probl\u00e9mech a rekonvalescenci \u00fasp\u011b\u0161n\u011b vr\u00e1til do sedla z\u00e1vodn\u00edho motocyklu. Na \u0159eck\u00e9 Serres Rally vybojoval t\u0159et\u00ed m\u00edsto.","breadcrumb":{"@id":"https:\/\/www.dakarmania.cz\/index.php\/2019\/09\/03\/serres-bronz-pro-engela\/#breadcrumb"},"inLanguage":"cs","potentialAction":[{"@type":"ReadAction","target":["https:\/\/www.dakarmania.cz\/index.php\/2019\/09\/03\/serres-bronz-pro-engela\/"]}]},{"@type":"ImageObject","inLanguage":"cs","@id":"https:\/\/www.dakarmania.cz\/index.php\/2019\/09\/03\/serres-bronz-pro-engela\/#primaryimage","url":"https:\/\/www.dakarmania.cz\/wp-content\/uploads\/2019\/09\/19-serres-engel-01.jpg","contentUrl":"https:\/\/www.dakarmania.cz\/wp-content\/uploads\/2019\/09\/19-serres-engel-01.jpg","width":1024,"height":682,"caption":"Milan Engel, KTM EXC 450, Orion - MRG. Serres Rally 2019. \u00a9 Serres Rally Media\/Rallymaniacs"},{"@type":"BreadcrumbList","@id":"https:\/\/www.dakarmania.cz\/index.php\/2019\/09\/03\/serres-bronz-pro-engela\/#breadcrumb","itemListElement":[{"@type":"ListItem","position":1,"name":"Dom\u016f","item":"https:\/\/www.dakarmania.cz\/"},{"@type":"ListItem","position":2,"name":"Serres Rally: Bronz pro Engela, v\u00edt\u011bzstv\u00ed pro Svitka"}]},{"@type":"WebSite","@id":"https:\/\/www.dakarmania.cz\/#website","url":"https:\/\/www.dakarmania.cz\/","name":"DAKARMANIA.cz","description":"\u017dijeme Dakarem cel\u00fd rok","publisher":{"@id":"https:\/\/www.dakarmania.cz\/#organization"},"potentialAction":[{"@type":"SearchAction","target":{"@type":"EntryPoint","urlTemplate":"https:\/\/www.dakarmania.cz\/?s={search_term_string}"},"query-input":{"@type":"PropertyValueSpecification","valueRequired":true,"valueName":"search_term_string"}}],"inLanguage":"cs"},{"@type":"Organization","@id":"https:\/\/www.dakarmania.cz\/#organization","name":"DAKAR MANIA","url":"https:\/\/www.dakarmania.cz\/","logo":{"@type":"ImageObject","inLanguage":"cs","@id":"https:\/\/www.dakarmania.cz\/#\/schema\/logo\/image\/","url":"https:\/\/www.dakarmania.cz\/wp-content\/uploads\/2018\/12\/Dakar-Mania-Logo-Square-Orange.png","contentUrl":"https:\/\/www.dakarmania.cz\/wp-content\/uploads\/2018\/12\/Dakar-Mania-Logo-Square-Orange.png","width":992,"height":992,"caption":"DAKAR MANIA"},"image":{"@id":"https:\/\/www.dakarmania.cz\/#\/schema\/logo\/image\/"},"sameAs":["https:\/\/www.facebook.com\/dakarmania\/"]},{"@type":"Person","@id":"https:\/\/www.dakarmania.cz\/#\/schema\/person\/04eb0e87a389631c2169c0dddae7ff1e","name":"Zden\u011bk Zelenka","image":{"@type":"ImageObject","inLanguage":"cs","@id":"https:\/\/www.dakarmania.cz\/#\/schema\/person\/image\/","url":"https:\/\/secure.gravatar.com\/avatar\/2c80d5a4942fe0900b73cc7d3837a509d6ee0a276a2b76dac95c92bd0763a89b?s=96&d=mm&r=g","contentUrl":"https:\/\/secure.gravatar.com\/avatar\/2c80d5a4942fe0900b73cc7d3837a509d6ee0a276a2b76dac95c92bd0763a89b?s=96&d=mm&r=g","caption":"Zden\u011bk Zelenka"},"description":"Moji d\u011bt\u0161t\u00ed hrdinov\u00e9 se jmenovali Loprais, Moskal, Neveu, Vatanen, Rahier... A tihle borci, jejich n\u00e1sledovn\u00edci a jejich p\u0159\u00edb\u011bhy m\u011b nep\u0159estali fascinovat ani po letech, kdy jsem vyrostl a zam\u011bstn\u00e1valy m\u011b jin\u00e9 discipl\u00edny motorsportu. Proto se zrodila DAKARMANIA.","url":"https:\/\/www.dakarmania.cz\/index.php\/author\/dakarmania\/"}]}},"amp_enabled":true,"_links":{"self":[{"href":"https:\/\/www.dakarmania.cz\/index.php\/wp-json\/wp\/v2\/posts\/11162","targetHints":{"allow":["GET"]}}],"collection":[{"href":"https:\/\/www.dakarmania.cz\/index.php\/wp-json\/wp\/v2\/posts"}],"about":[{"href":"https:\/\/www.dakarmania.cz\/index.php\/wp-json\/wp\/v2\/types\/post"}],"author":[{"embeddable":true,"href":"https:\/\/www.dakarmania.cz\/index.php\/wp-json\/wp\/v2\/users\/1"}],"replies":[{"embeddable":true,"href":"https:\/\/www.dakarmania.cz\/index.php\/wp-json\/wp\/v2\/comments?post=11162"}],"version-history":[{"count":1,"href":"https:\/\/www.dakarmania.cz\/index.php\/wp-json\/wp\/v2\/posts\/11162\/revisions"}],"predecessor-version":[{"id":11163,"href":"https:\/\/www.dakarmania.cz\/index.php\/wp-json\/wp\/v2\/posts\/11162\/revisions\/11163"}],"wp:featuredmedia":[{"embeddable":true,"href":"https:\/\/www.dakarmania.cz\/index.php\/wp-json\/wp\/v2\/media\/11156"}],"wp:attachment":[{"href":"https:\/\/www.dakarmania.cz\/index.php\/wp-json\/wp\/v2\/media?parent=11162"}],"wp:term":[{"taxonomy":"category","embeddable":true,"href":"https:\/\/www.dakarmania.cz\/index.php\/wp-json\/wp\/v2\/categories?post=11162"},{"taxonomy":"post_tag","embeddable":true,"href":"https:\/\/www.dakarmania.cz\/index.php\/wp-json\/wp\/v2\/tags?post=11162"}],"curies":[{"name":"wp","href":"https:\/\/api.w.org\/{rel}","templated":true}]}}