{"id":11169,"date":"2019-09-04T12:26:04","date_gmt":"2019-09-04T10:26:04","guid":{"rendered":"https:\/\/www.dakarmania.cz\/?p=11169"},"modified":"2019-09-04T12:29:47","modified_gmt":"2019-09-04T10:29:47","slug":"atacama-nejlepe-zacal-quintanilla","status":"publish","type":"post","link":"https:\/\/www.dakarmania.cz\/index.php\/2019\/09\/04\/atacama-nejlepe-zacal-quintanilla\/","title":{"rendered":"Atacama Rally: Nejl\u00e9pe za\u010dal Quintanilla"},"content":{"rendered":"<p>[vc_row][vc_column][vc_column_text css_animation=&#8221;fadeIn&#8221;]<\/p>\n<h4>Po kr\u00e1tk\u00e9m pond\u011bln\u00edm prologu se v \u00fater\u00fd rozjela Atacama Rally naplno. \u00davodn\u00ed etapu se startem i c\u00edlem v Copiapu zdolal nejrychleji Pablo Quintanilla s Husqvarnou.<\/h4>\n<p>T\u0159et\u00ed podnik leto\u0161n\u00edho <a href=\"\/index.php\/sampionaty\/ms-fim-ccr-2019\/\">Mistrovstv\u00ed sv\u011bta FIM v cross-country rally<\/a> je pro <a href=\"\/index.php\/osobnosti\/pablo-quintanilla\/\">Pabla Quintanillu<\/a> prvn\u00edm z\u00e1vodem od lednov\u00e9ho Dakaru, v jeho\u017e z\u00e1v\u011bre\u010dn\u00e9 etap\u011b utrp\u011bl zlomeninu holenn\u00ed kosti. Po v\u00edce ne\u017e sedmim\u011bs\u00ed\u010dn\u00ed p\u0159est\u00e1vce Chilan hned v prvn\u00ed dlouh\u00e9 etap\u011b potvrdil, \u017ee je na <a href=\"\/index.php\/souteze\/atacama-rally-2019\/\">Atacama Rally<\/a> znovu ve form\u011b a p\u0159ipraven usilovat o rekordn\u00ed \u0161est\u00e9 v\u00edt\u011bzstv\u00ed.<\/p>\n<p>Po pond\u011bln\u00edm prologu si patn\u00e1ctka nejrychlej\u0161\u00edch vyb\u00edrala startovn\u00ed po\u0159ad\u00ed pro \u00fatern\u00ed etapu, jej\u00ed\u017e speci\u00e1lka m\u011b\u0159ila 232 kilometr\u016f a jela se severn\u011b od Copiapa. Nej\u00fasp\u011b\u0161n\u011bj\u0161\u00ed jezdci bezv\u00fdhradn\u011b vsadili na pozd\u011bj\u0161\u00ed start, tak\u017ee v\u00edt\u011bz prologu <a href=\"\/index.php\/osobnosti\/toby-price\/\">Toby Price<\/a> (KTM) vyr\u00e1\u017eel na tra\u0165 jako patn\u00e1ct\u00fd, Quintanilla des\u00e1t\u00fd.[\/vc_column_text][vc_single_image image=&#8221;11167&#8243; img_size=&#8221;large&#8221; add_caption=&#8221;yes&#8221; alignment=&#8221;center&#8221; onclick=&#8221;link_image&#8221; css_animation=&#8221;fadeIn&#8221;][vc_column_text css_animation=&#8221;fadeIn&#8221;]V \u00favodu sout\u011b\u017ee vyu\u017eila dom\u00e1c\u00ed hv\u011bzda jak v\u00fdhodn\u00e9 pozice, tak znalosti prost\u0159ed\u00ed. Ke zdol\u00e1n\u00ed velmi rychl\u00e9 speci\u00e1lky pot\u0159eboval Quintanilla t\u00e9m\u011b\u0159 o t\u0159i minuty m\u00e9n\u011b ne\u017e nejlep\u0161\u00ed z jeho soupe\u0159\u016f a ujal se veden\u00ed v pr\u016fb\u011b\u017en\u00e9m hodnocen\u00ed.<\/p>\n<p><em>\u201eJet znovu v z\u00e1vodn\u00edm tempu bylo skv\u011bl\u00e9,\u201c<\/em> pochvaloval si <strong>Pablo Quintanilla<\/strong>. <em>\u201eNec\u00edt\u00edm nijak velk\u00fd tlak, d\u016fle\u017eit\u00e9 je, abych si z\u00e1vod u\u017eil a znovu se dostal do tempa. Dne\u0161n\u00ed v\u00fdsledek m\u011b trochu p\u0159ekvapil. Snad dok\u00e1\u017eu pod\u00e1vat vyrovnan\u00e9 v\u00fdkony a jet stejn\u011b rychle a\u017e do konce.\u201c<\/em><\/p>\n<p>Druh\u00fd \u010das v \u00fater\u00fd zaznamenal <a href=\"\/index.php\/osobnosti\/sunderland-sam\/\">Sam Sunderland<\/a> (KTM). Leader pr\u016fb\u011b\u017en\u00e9ho hodnocen\u00ed sv\u011btov\u00e9ho \u0161ampion\u00e1tu ztratil na Quintanillu dv\u011b minuty a 50 sekund.[\/vc_column_text][vc_single_image image=&#8221;11168&#8243; img_size=&#8221;large&#8221; add_caption=&#8221;yes&#8221; alignment=&#8221;center&#8221; onclick=&#8221;link_image&#8221; css_animation=&#8221;fadeIn&#8221;][vc_column_text css_animation=&#8221;fadeIn&#8221;]<em>\u201ePoka\u017ed\u00e9 chvilku trv\u00e1, ne\u017e se p\u0159izp\u016fsob\u00edte specifick\u00e9mu chilsk\u00e9mu ter\u00e9nu. Speci\u00e1lky jsou nesm\u00edrn\u011b rychl\u00e9. Jen t\u011b\u017eko m\u016f\u017eete spustit zrak z cesty, abyste si zkontrolovali roadbook,\u201c<\/em> popsal <strong>Sam Sunderland<\/strong>. <em>\u201eNen\u00ed snadn\u00e9 naj\u00edt spr\u00e1vn\u00fd rytmus, proto\u017ee chcete jet rychle, ale na trati je spousta kamen\u00ed a dal\u0161\u00edch nebezpe\u010d\u00ed. Starosti mi dnes trochu d\u011blaly probl\u00e9my s GPS, ale nakonec jsem neztratil p\u0159\u00edli\u0161. Je to dlouh\u00fd z\u00e1vod, kter\u00fd v\u017edycky p\u0159inese n\u011bjak\u00e1 p\u0159ekvapen\u00ed. Tak\u017ee jdu den za dnem.\u201c<\/em><\/p>\n<p>T\u0159et\u00ed je po prvn\u00ed etap\u011b obh\u00e1jce lo\u0148sk\u00e9ho v\u00edt\u011bzstv\u00ed <strong><a href=\"\/index.php\/osobnosti\/kevin-benavides\/\">Kevin Benavides<\/a><\/strong> s tov\u00e1rn\u00ed Hondou: <em>\u201eByla to velmi malebn\u00e1 a r\u016fznorod\u00e1 speci\u00e1lka. Duny, \u00fadol\u00ed, rychl\u00e9 \u00faseky, \u0159e\u010di\u0161t\u011b, prost\u011b od v\u0161eho trochu. Startovn\u00ed pozice nebyla ide\u00e1ln\u00ed, ale Nacho<\/em> [Cornejo] <em>brzy p\u0159edjel pomalej\u0161\u00ed z\u00e1vodn\u00edky, otev\u00edral tra\u0165 a j\u00e1 byl hned za n\u00edm. Jel rychle, tak\u017ee jsme do c\u00edle dorazili ve skv\u011bl\u00e9m tempu.\u201c<\/em><\/p>\n<p>Benavides\u016fv t\u00fdmov\u00fd kolega <a href=\"\/index.php\/osobnosti\/ricky-brabec\/\">Ricky Brabec<\/a> se dosud p\u0159ipravoval na dom\u00e1c\u00ed americk\u00e9 p\u016fd\u011b a v Chile startuje v r\u00e1mci sv\u011btov\u00e9ho \u0161ampion\u00e1tu letos poprv\u00e9. Zat\u00edm je \u010dtvrt\u00fd.[\/vc_column_text][vc_single_image image=&#8221;11165&#8243; img_size=&#8221;large&#8221; add_caption=&#8221;yes&#8221; alignment=&#8221;center&#8221; onclick=&#8221;link_image&#8221; css_animation=&#8221;fadeIn&#8221;][vc_column_text css_animation=&#8221;fadeIn&#8221;]Podobn\u011b jako Quintanilla se po zran\u011bn\u00ed do \u0161ampion\u00e1tu vracej\u00ed tak\u00e9 jezdci KTM <a href=\"\/index.php\/osobnosti\/matthias-walkner\/\">Matthias Walkner<\/a> a Toby Price. Raku\u0161an figuruje p\u0159ed druhou etapou na p\u00e1t\u00e9 pozici, Australan hned za n\u00edm.<\/p>\n<p><em>\u201eC\u00edtil jsem, \u017ee jsem trochu mimo svou komfortn\u00ed z\u00f3nu, proto\u017ee tra\u0165 byla velice rychl\u00e1 a j\u00e1 je\u0161t\u011b tak rychl\u00fd nejsem,\u201c<\/em> p\u0159ipustil <strong>Matthias Walkner<\/strong>. <em>\u201eCelkov\u011b to v\u0161ak byl dobr\u00fd prvn\u00ed den po n\u00e1vratu do sedla. Snad dok\u00e1\u017eu j\u00edt krok za krokem a postupn\u011b zrychlovat.\u201c<\/em><\/p>\n<p>Ve st\u0159edu sout\u011b\u017e pokra\u010duje druhou okru\u017en\u00ed etapou, jej\u00ed\u017e rychlostn\u00ed zkou\u0161ka m\u011b\u0159\u00ed 294 kilometr\u016f a zavede \u00fa\u010dastn\u00edky ji\u017en\u011b od Copiapa.[\/vc_column_text][vc_column_text css_animation=&#8221;fadeIn&#8221;]<\/p>\n<table style=\"width: 97.7654%;\" rules=\"rows\" cellpadding=\"4px\">\n<tbody>\n<tr style=\"background-color: #9e9d9d; color: white;\">\n<td style=\"text-align: center;\" colspan=\"4\"><span style=\"font-size: 10pt;\"><strong>Rally Atacama 2019<br \/>\nMOTOCYKLY<br \/>\npr\u016fb\u011b\u017en\u00e9 po\u0159ad\u00ed po 1. etap\u011b<\/strong><\/span><\/td>\n<\/tr>\n<tr style=\"background-color: #dbd9d9;\">\n<td>1.<\/td>\n<td>Pablo Quintanilla<\/td>\n<td>Husqvarna FR 450 Rally<\/td>\n<td style=\"text-align: right;\">2:33:16<\/td>\n<\/tr>\n<tr style=\"background-color: #f2f2f2;\">\n<td>2.<\/td>\n<td>Sam Sunderland<\/td>\n<td>KTM 450 Rally<\/td>\n<td style=\"text-align: right;\">+2:58<\/td>\n<\/tr>\n<tr style=\"background-color: #dbd9d9;\">\n<td>3.<\/td>\n<td>Kevin Benavides<\/td>\n<td>Honda CRF450 Rally<\/td>\n<td style=\"text-align: right;\">+4:43<\/td>\n<\/tr>\n<tr style=\"background-color: #f2f2f2;\">\n<td>4.<\/td>\n<td>Ricky Brabec<\/td>\n<td>Honda CRF450 Rally<\/td>\n<td style=\"text-align: right;\">+5:09<\/td>\n<\/tr>\n<tr style=\"background-color: #dbd9d9;\">\n<td>5.<\/td>\n<td>Matthias Walkner<\/td>\n<td>KTM 450 Rally<\/td>\n<td style=\"text-align: right;\">+7:01<\/td>\n<\/tr>\n<tr style=\"background-color: #f2f2f2;\">\n<td>6.<\/td>\n<td>Toby Price<\/td>\n<td>KTM 450 Rally<\/td>\n<td style=\"text-align: right;\">+7:20<\/td>\n<\/tr>\n<tr style=\"background-color: #dbd9d9;\">\n<td>7.<\/td>\n<td>Joan Barreda<\/td>\n<td>Honda CRF450 Rally<\/td>\n<td style=\"text-align: right;\">+7:29<\/td>\n<\/tr>\n<tr style=\"background-color: #f2f2f2;\">\n<td>8.<\/td>\n<td>Jos\u00e9 Ignacio Cornejo<\/td>\n<td>Honda CRF450 Rally<\/td>\n<td style=\"text-align: right;\">+8:43<\/td>\n<\/tr>\n<tr style=\"background-color: #dbd9d9;\">\n<td>9.<\/td>\n<td>Andrew Short<\/td>\n<td>Husqvarna FR 450 Rally<\/td>\n<td style=\"text-align: right;\">+8:47<\/td>\n<\/tr>\n<tr style=\"background-color: #f2f2f2;\">\n<td>10.<\/td>\n<td>Luciano Benavides<\/td>\n<td>KTM 450 Rally<\/td>\n<td style=\"text-align: right;\">+12:21<\/td>\n<\/tr>\n<\/tbody>\n<\/table>\n<p>[\/vc_column_text][\/vc_column][\/vc_row]<\/p>\n","protected":false},"excerpt":{"rendered":"<p>Po kr\u00e1tk\u00e9m prologu se v \u00fater\u00fd rozjela Atacama Rally naplno. \u00davodn\u00ed etapu se startem i c\u00edlem v Copiapu zdolal nejrychleji Pablo Quintanilla s Husqvarnou.<\/p>\n","protected":false},"author":1,"featured_media":11166,"comment_status":"open","ping_status":"closed","sticky":false,"template":"","format":"standard","meta":{"footnotes":""},"categories":[1452,154,15],"tags":[425,1453,1432,129,923,759,64,756,762,230,63,127,211,156,755,215,222,225,126],"class_list":["post-11169","post","type-post","status-publish","format-standard","has-post-thumbnail","hentry","category-atacama-rally","category-fim-ccr","category-moto-quad","tag-425","tag-atacama-rally","tag-atacama-rally-2019","tag-honda","tag-honda-racing","tag-honda-team","tag-husqvarna","tag-husqvarna-factory-racing","tag-jose-ignacio-cornejo","tag-kevin-benavides","tag-ktm","tag-ktm-factory-racing","tag-matthias-walkner","tag-ms-fim-ccr","tag-ms-fim-ccr-2019","tag-pablo-quintanilla","tag-ricky-brabec","tag-sam-sunderland","tag-toby-price"],"yoast_head":"<!-- This site is optimized with the Yoast SEO plugin v24.9 - https:\/\/yoast.com\/wordpress\/plugins\/seo\/ -->\n<title>Atacama Rally: Nejl\u00e9pe za\u010dal Quintanilla - DAKARMANIA.cz<\/title>\n<meta name=\"description\" content=\"Po kr\u00e1tk\u00e9m prologu se v \u00fater\u00fd rozjela Atacama Rally naplno. \u00davodn\u00ed etapu se startem i c\u00edlem v Copiapu zdolal nejrychleji Pablo Quintanilla s Husqvarnou.\" \/>\n<meta name=\"robots\" content=\"index, follow, max-snippet:-1, max-image-preview:large, max-video-preview:-1\" \/>\n<link rel=\"canonical\" href=\"https:\/\/www.dakarmania.cz\/index.php\/2019\/09\/04\/atacama-nejlepe-zacal-quintanilla\/\" \/>\n<meta property=\"og:locale\" content=\"cs_CZ\" \/>\n<meta property=\"og:type\" content=\"article\" \/>\n<meta property=\"og:title\" content=\"Atacama Rally: Nejl\u00e9pe za\u010dal Quintanilla - DAKARMANIA.cz\" \/>\n<meta property=\"og:description\" content=\"Po kr\u00e1tk\u00e9m prologu se v \u00fater\u00fd rozjela Atacama Rally naplno. \u00davodn\u00ed etapu se startem i c\u00edlem v Copiapu zdolal nejrychleji Pablo Quintanilla s Husqvarnou.\" \/>\n<meta property=\"og:url\" content=\"https:\/\/www.dakarmania.cz\/index.php\/2019\/09\/04\/atacama-nejlepe-zacal-quintanilla\/\" \/>\n<meta property=\"og:site_name\" content=\"DAKARMANIA.cz\" \/>\n<meta property=\"article:publisher\" content=\"https:\/\/www.facebook.com\/dakarmania\/\" \/>\n<meta property=\"article:published_time\" content=\"2019-09-04T10:26:04+00:00\" \/>\n<meta property=\"article:modified_time\" content=\"2019-09-04T10:29:47+00:00\" \/>\n<meta property=\"og:image\" content=\"https:\/\/www.dakarmania.cz\/wp-content\/uploads\/2019\/09\/19-atacama-quintanilla-01.jpg\" \/>\n\t<meta property=\"og:image:width\" content=\"1024\" \/>\n\t<meta property=\"og:image:height\" content=\"682\" \/>\n\t<meta property=\"og:image:type\" content=\"image\/jpeg\" \/>\n<meta name=\"author\" content=\"Zden\u011bk Zelenka\" \/>\n<meta name=\"twitter:card\" content=\"summary_large_image\" \/>\n<meta name=\"twitter:label1\" content=\"Napsal(a)\" \/>\n\t<meta name=\"twitter:data1\" content=\"Zden\u011bk Zelenka\" \/>\n\t<meta name=\"twitter:label2\" content=\"Odhadovan\u00e1 doba \u010dten\u00ed\" \/>\n\t<meta name=\"twitter:data2\" content=\"4 minuty\" \/>\n<script type=\"application\/ld+json\" class=\"yoast-schema-graph\">{\"@context\":\"https:\/\/schema.org\",\"@graph\":[{\"@type\":\"Article\",\"@id\":\"https:\/\/www.dakarmania.cz\/index.php\/2019\/09\/04\/atacama-nejlepe-zacal-quintanilla\/#article\",\"isPartOf\":{\"@id\":\"https:\/\/www.dakarmania.cz\/index.php\/2019\/09\/04\/atacama-nejlepe-zacal-quintanilla\/\"},\"author\":{\"name\":\"Zden\u011bk Zelenka\",\"@id\":\"https:\/\/www.dakarmania.cz\/#\/schema\/person\/04eb0e87a389631c2169c0dddae7ff1e\"},\"headline\":\"Atacama Rally: Nejl\u00e9pe za\u010dal Quintanilla\",\"datePublished\":\"2019-09-04T10:26:04+00:00\",\"dateModified\":\"2019-09-04T10:29:47+00:00\",\"mainEntityOfPage\":{\"@id\":\"https:\/\/www.dakarmania.cz\/index.php\/2019\/09\/04\/atacama-nejlepe-zacal-quintanilla\/\"},\"wordCount\":792,\"commentCount\":0,\"publisher\":{\"@id\":\"https:\/\/www.dakarmania.cz\/#organization\"},\"image\":{\"@id\":\"https:\/\/www.dakarmania.cz\/index.php\/2019\/09\/04\/atacama-nejlepe-zacal-quintanilla\/#primaryimage\"},\"thumbnailUrl\":\"https:\/\/www.dakarmania.cz\/wp-content\/uploads\/2019\/09\/19-atacama-quintanilla-01.jpg\",\"keywords\":[\"2019\",\"Atacama Rally\",\"Atacama Rally 2019\",\"Honda\",\"Honda Racing\",\"Honda Team\",\"Husqvarna\",\"Husqvarna Factory Racing\",\"Jos\u00e9 Ignacio Cornejo\",\"Kevin Benavides\",\"KTM\",\"KTM Factory Racing\",\"Matthias Walkner\",\"MS FIM CCR\",\"MS FIM CCR 2019\",\"Pablo Quintanilla\",\"Ricky Brabec\",\"Sam Sunderland\",\"Toby Price\"],\"articleSection\":[\"Atacama Rally\",\"FIM MS CCR\",\"Moto\/Quad\"],\"inLanguage\":\"cs\",\"potentialAction\":[{\"@type\":\"CommentAction\",\"name\":\"Comment\",\"target\":[\"https:\/\/www.dakarmania.cz\/index.php\/2019\/09\/04\/atacama-nejlepe-zacal-quintanilla\/#respond\"]}]},{\"@type\":\"WebPage\",\"@id\":\"https:\/\/www.dakarmania.cz\/index.php\/2019\/09\/04\/atacama-nejlepe-zacal-quintanilla\/\",\"url\":\"https:\/\/www.dakarmania.cz\/index.php\/2019\/09\/04\/atacama-nejlepe-zacal-quintanilla\/\",\"name\":\"Atacama Rally: Nejl\u00e9pe za\u010dal Quintanilla - DAKARMANIA.cz\",\"isPartOf\":{\"@id\":\"https:\/\/www.dakarmania.cz\/#website\"},\"primaryImageOfPage\":{\"@id\":\"https:\/\/www.dakarmania.cz\/index.php\/2019\/09\/04\/atacama-nejlepe-zacal-quintanilla\/#primaryimage\"},\"image\":{\"@id\":\"https:\/\/www.dakarmania.cz\/index.php\/2019\/09\/04\/atacama-nejlepe-zacal-quintanilla\/#primaryimage\"},\"thumbnailUrl\":\"https:\/\/www.dakarmania.cz\/wp-content\/uploads\/2019\/09\/19-atacama-quintanilla-01.jpg\",\"datePublished\":\"2019-09-04T10:26:04+00:00\",\"dateModified\":\"2019-09-04T10:29:47+00:00\",\"description\":\"Po kr\u00e1tk\u00e9m prologu se v \u00fater\u00fd rozjela Atacama Rally naplno. \u00davodn\u00ed etapu se startem i c\u00edlem v Copiapu zdolal nejrychleji Pablo Quintanilla s Husqvarnou.\",\"breadcrumb\":{\"@id\":\"https:\/\/www.dakarmania.cz\/index.php\/2019\/09\/04\/atacama-nejlepe-zacal-quintanilla\/#breadcrumb\"},\"inLanguage\":\"cs\",\"potentialAction\":[{\"@type\":\"ReadAction\",\"target\":[\"https:\/\/www.dakarmania.cz\/index.php\/2019\/09\/04\/atacama-nejlepe-zacal-quintanilla\/\"]}]},{\"@type\":\"ImageObject\",\"inLanguage\":\"cs\",\"@id\":\"https:\/\/www.dakarmania.cz\/index.php\/2019\/09\/04\/atacama-nejlepe-zacal-quintanilla\/#primaryimage\",\"url\":\"https:\/\/www.dakarmania.cz\/wp-content\/uploads\/2019\/09\/19-atacama-quintanilla-01.jpg\",\"contentUrl\":\"https:\/\/www.dakarmania.cz\/wp-content\/uploads\/2019\/09\/19-atacama-quintanilla-01.jpg\",\"width\":1024,\"height\":682,\"caption\":\"Pablo Quintanilla, Husqvarna FR 450 Rally, Rockstar Energy Husqvarna Factory Racing. Atacama Rally 2019. \u00a9 Husqvarna\"},{\"@type\":\"BreadcrumbList\",\"@id\":\"https:\/\/www.dakarmania.cz\/index.php\/2019\/09\/04\/atacama-nejlepe-zacal-quintanilla\/#breadcrumb\",\"itemListElement\":[{\"@type\":\"ListItem\",\"position\":1,\"name\":\"Dom\u016f\",\"item\":\"https:\/\/www.dakarmania.cz\/\"},{\"@type\":\"ListItem\",\"position\":2,\"name\":\"Atacama Rally: Nejl\u00e9pe za\u010dal Quintanilla\"}]},{\"@type\":\"WebSite\",\"@id\":\"https:\/\/www.dakarmania.cz\/#website\",\"url\":\"https:\/\/www.dakarmania.cz\/\",\"name\":\"DAKARMANIA.cz\",\"description\":\"\u017dijeme Dakarem cel\u00fd rok\",\"publisher\":{\"@id\":\"https:\/\/www.dakarmania.cz\/#organization\"},\"potentialAction\":[{\"@type\":\"SearchAction\",\"target\":{\"@type\":\"EntryPoint\",\"urlTemplate\":\"https:\/\/www.dakarmania.cz\/?s={search_term_string}\"},\"query-input\":{\"@type\":\"PropertyValueSpecification\",\"valueRequired\":true,\"valueName\":\"search_term_string\"}}],\"inLanguage\":\"cs\"},{\"@type\":\"Organization\",\"@id\":\"https:\/\/www.dakarmania.cz\/#organization\",\"name\":\"DAKAR MANIA\",\"url\":\"https:\/\/www.dakarmania.cz\/\",\"logo\":{\"@type\":\"ImageObject\",\"inLanguage\":\"cs\",\"@id\":\"https:\/\/www.dakarmania.cz\/#\/schema\/logo\/image\/\",\"url\":\"https:\/\/www.dakarmania.cz\/wp-content\/uploads\/2018\/12\/Dakar-Mania-Logo-Square-Orange.png\",\"contentUrl\":\"https:\/\/www.dakarmania.cz\/wp-content\/uploads\/2018\/12\/Dakar-Mania-Logo-Square-Orange.png\",\"width\":992,\"height\":992,\"caption\":\"DAKAR MANIA\"},\"image\":{\"@id\":\"https:\/\/www.dakarmania.cz\/#\/schema\/logo\/image\/\"},\"sameAs\":[\"https:\/\/www.facebook.com\/dakarmania\/\"]},{\"@type\":\"Person\",\"@id\":\"https:\/\/www.dakarmania.cz\/#\/schema\/person\/04eb0e87a389631c2169c0dddae7ff1e\",\"name\":\"Zden\u011bk Zelenka\",\"image\":{\"@type\":\"ImageObject\",\"inLanguage\":\"cs\",\"@id\":\"https:\/\/www.dakarmania.cz\/#\/schema\/person\/image\/\",\"url\":\"https:\/\/secure.gravatar.com\/avatar\/2c80d5a4942fe0900b73cc7d3837a509d6ee0a276a2b76dac95c92bd0763a89b?s=96&d=mm&r=g\",\"contentUrl\":\"https:\/\/secure.gravatar.com\/avatar\/2c80d5a4942fe0900b73cc7d3837a509d6ee0a276a2b76dac95c92bd0763a89b?s=96&d=mm&r=g\",\"caption\":\"Zden\u011bk Zelenka\"},\"description\":\"Moji d\u011bt\u0161t\u00ed hrdinov\u00e9 se jmenovali Loprais, Moskal, Neveu, Vatanen, Rahier... A tihle borci, jejich n\u00e1sledovn\u00edci a jejich p\u0159\u00edb\u011bhy m\u011b nep\u0159estali fascinovat ani po letech, kdy jsem vyrostl a zam\u011bstn\u00e1valy m\u011b jin\u00e9 discipl\u00edny motorsportu. Proto se zrodila DAKARMANIA.\",\"url\":\"https:\/\/www.dakarmania.cz\/index.php\/author\/dakarmania\/\"}]}<\/script>\n<!-- \/ Yoast SEO plugin. -->","yoast_head_json":{"title":"Atacama Rally: Nejl\u00e9pe za\u010dal Quintanilla - DAKARMANIA.cz","description":"Po kr\u00e1tk\u00e9m prologu se v \u00fater\u00fd rozjela Atacama Rally naplno. \u00davodn\u00ed etapu se startem i c\u00edlem v Copiapu zdolal nejrychleji Pablo Quintanilla s Husqvarnou.","robots":{"index":"index","follow":"follow","max-snippet":"max-snippet:-1","max-image-preview":"max-image-preview:large","max-video-preview":"max-video-preview:-1"},"canonical":"https:\/\/www.dakarmania.cz\/index.php\/2019\/09\/04\/atacama-nejlepe-zacal-quintanilla\/","og_locale":"cs_CZ","og_type":"article","og_title":"Atacama Rally: Nejl\u00e9pe za\u010dal Quintanilla - DAKARMANIA.cz","og_description":"Po kr\u00e1tk\u00e9m prologu se v \u00fater\u00fd rozjela Atacama Rally naplno. \u00davodn\u00ed etapu se startem i c\u00edlem v Copiapu zdolal nejrychleji Pablo Quintanilla s Husqvarnou.","og_url":"https:\/\/www.dakarmania.cz\/index.php\/2019\/09\/04\/atacama-nejlepe-zacal-quintanilla\/","og_site_name":"DAKARMANIA.cz","article_publisher":"https:\/\/www.facebook.com\/dakarmania\/","article_published_time":"2019-09-04T10:26:04+00:00","article_modified_time":"2019-09-04T10:29:47+00:00","og_image":[{"width":1024,"height":682,"url":"https:\/\/www.dakarmania.cz\/wp-content\/uploads\/2019\/09\/19-atacama-quintanilla-01.jpg","type":"image\/jpeg"}],"author":"Zden\u011bk Zelenka","twitter_card":"summary_large_image","twitter_misc":{"Napsal(a)":"Zden\u011bk Zelenka","Odhadovan\u00e1 doba \u010dten\u00ed":"4 minuty"},"schema":{"@context":"https:\/\/schema.org","@graph":[{"@type":"Article","@id":"https:\/\/www.dakarmania.cz\/index.php\/2019\/09\/04\/atacama-nejlepe-zacal-quintanilla\/#article","isPartOf":{"@id":"https:\/\/www.dakarmania.cz\/index.php\/2019\/09\/04\/atacama-nejlepe-zacal-quintanilla\/"},"author":{"name":"Zden\u011bk Zelenka","@id":"https:\/\/www.dakarmania.cz\/#\/schema\/person\/04eb0e87a389631c2169c0dddae7ff1e"},"headline":"Atacama Rally: Nejl\u00e9pe za\u010dal Quintanilla","datePublished":"2019-09-04T10:26:04+00:00","dateModified":"2019-09-04T10:29:47+00:00","mainEntityOfPage":{"@id":"https:\/\/www.dakarmania.cz\/index.php\/2019\/09\/04\/atacama-nejlepe-zacal-quintanilla\/"},"wordCount":792,"commentCount":0,"publisher":{"@id":"https:\/\/www.dakarmania.cz\/#organization"},"image":{"@id":"https:\/\/www.dakarmania.cz\/index.php\/2019\/09\/04\/atacama-nejlepe-zacal-quintanilla\/#primaryimage"},"thumbnailUrl":"https:\/\/www.dakarmania.cz\/wp-content\/uploads\/2019\/09\/19-atacama-quintanilla-01.jpg","keywords":["2019","Atacama Rally","Atacama Rally 2019","Honda","Honda Racing","Honda Team","Husqvarna","Husqvarna Factory Racing","Jos\u00e9 Ignacio Cornejo","Kevin Benavides","KTM","KTM Factory Racing","Matthias Walkner","MS FIM CCR","MS FIM CCR 2019","Pablo Quintanilla","Ricky Brabec","Sam Sunderland","Toby Price"],"articleSection":["Atacama Rally","FIM MS CCR","Moto\/Quad"],"inLanguage":"cs","potentialAction":[{"@type":"CommentAction","name":"Comment","target":["https:\/\/www.dakarmania.cz\/index.php\/2019\/09\/04\/atacama-nejlepe-zacal-quintanilla\/#respond"]}]},{"@type":"WebPage","@id":"https:\/\/www.dakarmania.cz\/index.php\/2019\/09\/04\/atacama-nejlepe-zacal-quintanilla\/","url":"https:\/\/www.dakarmania.cz\/index.php\/2019\/09\/04\/atacama-nejlepe-zacal-quintanilla\/","name":"Atacama Rally: Nejl\u00e9pe za\u010dal Quintanilla - DAKARMANIA.cz","isPartOf":{"@id":"https:\/\/www.dakarmania.cz\/#website"},"primaryImageOfPage":{"@id":"https:\/\/www.dakarmania.cz\/index.php\/2019\/09\/04\/atacama-nejlepe-zacal-quintanilla\/#primaryimage"},"image":{"@id":"https:\/\/www.dakarmania.cz\/index.php\/2019\/09\/04\/atacama-nejlepe-zacal-quintanilla\/#primaryimage"},"thumbnailUrl":"https:\/\/www.dakarmania.cz\/wp-content\/uploads\/2019\/09\/19-atacama-quintanilla-01.jpg","datePublished":"2019-09-04T10:26:04+00:00","dateModified":"2019-09-04T10:29:47+00:00","description":"Po kr\u00e1tk\u00e9m prologu se v \u00fater\u00fd rozjela Atacama Rally naplno. \u00davodn\u00ed etapu se startem i c\u00edlem v Copiapu zdolal nejrychleji Pablo Quintanilla s Husqvarnou.","breadcrumb":{"@id":"https:\/\/www.dakarmania.cz\/index.php\/2019\/09\/04\/atacama-nejlepe-zacal-quintanilla\/#breadcrumb"},"inLanguage":"cs","potentialAction":[{"@type":"ReadAction","target":["https:\/\/www.dakarmania.cz\/index.php\/2019\/09\/04\/atacama-nejlepe-zacal-quintanilla\/"]}]},{"@type":"ImageObject","inLanguage":"cs","@id":"https:\/\/www.dakarmania.cz\/index.php\/2019\/09\/04\/atacama-nejlepe-zacal-quintanilla\/#primaryimage","url":"https:\/\/www.dakarmania.cz\/wp-content\/uploads\/2019\/09\/19-atacama-quintanilla-01.jpg","contentUrl":"https:\/\/www.dakarmania.cz\/wp-content\/uploads\/2019\/09\/19-atacama-quintanilla-01.jpg","width":1024,"height":682,"caption":"Pablo Quintanilla, Husqvarna FR 450 Rally, Rockstar Energy Husqvarna Factory Racing. Atacama Rally 2019. \u00a9 Husqvarna"},{"@type":"BreadcrumbList","@id":"https:\/\/www.dakarmania.cz\/index.php\/2019\/09\/04\/atacama-nejlepe-zacal-quintanilla\/#breadcrumb","itemListElement":[{"@type":"ListItem","position":1,"name":"Dom\u016f","item":"https:\/\/www.dakarmania.cz\/"},{"@type":"ListItem","position":2,"name":"Atacama Rally: Nejl\u00e9pe za\u010dal Quintanilla"}]},{"@type":"WebSite","@id":"https:\/\/www.dakarmania.cz\/#website","url":"https:\/\/www.dakarmania.cz\/","name":"DAKARMANIA.cz","description":"\u017dijeme Dakarem cel\u00fd rok","publisher":{"@id":"https:\/\/www.dakarmania.cz\/#organization"},"potentialAction":[{"@type":"SearchAction","target":{"@type":"EntryPoint","urlTemplate":"https:\/\/www.dakarmania.cz\/?s={search_term_string}"},"query-input":{"@type":"PropertyValueSpecification","valueRequired":true,"valueName":"search_term_string"}}],"inLanguage":"cs"},{"@type":"Organization","@id":"https:\/\/www.dakarmania.cz\/#organization","name":"DAKAR MANIA","url":"https:\/\/www.dakarmania.cz\/","logo":{"@type":"ImageObject","inLanguage":"cs","@id":"https:\/\/www.dakarmania.cz\/#\/schema\/logo\/image\/","url":"https:\/\/www.dakarmania.cz\/wp-content\/uploads\/2018\/12\/Dakar-Mania-Logo-Square-Orange.png","contentUrl":"https:\/\/www.dakarmania.cz\/wp-content\/uploads\/2018\/12\/Dakar-Mania-Logo-Square-Orange.png","width":992,"height":992,"caption":"DAKAR MANIA"},"image":{"@id":"https:\/\/www.dakarmania.cz\/#\/schema\/logo\/image\/"},"sameAs":["https:\/\/www.facebook.com\/dakarmania\/"]},{"@type":"Person","@id":"https:\/\/www.dakarmania.cz\/#\/schema\/person\/04eb0e87a389631c2169c0dddae7ff1e","name":"Zden\u011bk Zelenka","image":{"@type":"ImageObject","inLanguage":"cs","@id":"https:\/\/www.dakarmania.cz\/#\/schema\/person\/image\/","url":"https:\/\/secure.gravatar.com\/avatar\/2c80d5a4942fe0900b73cc7d3837a509d6ee0a276a2b76dac95c92bd0763a89b?s=96&d=mm&r=g","contentUrl":"https:\/\/secure.gravatar.com\/avatar\/2c80d5a4942fe0900b73cc7d3837a509d6ee0a276a2b76dac95c92bd0763a89b?s=96&d=mm&r=g","caption":"Zden\u011bk Zelenka"},"description":"Moji d\u011bt\u0161t\u00ed hrdinov\u00e9 se jmenovali Loprais, Moskal, Neveu, Vatanen, Rahier... A tihle borci, jejich n\u00e1sledovn\u00edci a jejich p\u0159\u00edb\u011bhy m\u011b nep\u0159estali fascinovat ani po letech, kdy jsem vyrostl a zam\u011bstn\u00e1valy m\u011b jin\u00e9 discipl\u00edny motorsportu. Proto se zrodila DAKARMANIA.","url":"https:\/\/www.dakarmania.cz\/index.php\/author\/dakarmania\/"}]}},"amp_enabled":true,"_links":{"self":[{"href":"https:\/\/www.dakarmania.cz\/index.php\/wp-json\/wp\/v2\/posts\/11169","targetHints":{"allow":["GET"]}}],"collection":[{"href":"https:\/\/www.dakarmania.cz\/index.php\/wp-json\/wp\/v2\/posts"}],"about":[{"href":"https:\/\/www.dakarmania.cz\/index.php\/wp-json\/wp\/v2\/types\/post"}],"author":[{"embeddable":true,"href":"https:\/\/www.dakarmania.cz\/index.php\/wp-json\/wp\/v2\/users\/1"}],"replies":[{"embeddable":true,"href":"https:\/\/www.dakarmania.cz\/index.php\/wp-json\/wp\/v2\/comments?post=11169"}],"version-history":[{"count":3,"href":"https:\/\/www.dakarmania.cz\/index.php\/wp-json\/wp\/v2\/posts\/11169\/revisions"}],"predecessor-version":[{"id":11172,"href":"https:\/\/www.dakarmania.cz\/index.php\/wp-json\/wp\/v2\/posts\/11169\/revisions\/11172"}],"wp:featuredmedia":[{"embeddable":true,"href":"https:\/\/www.dakarmania.cz\/index.php\/wp-json\/wp\/v2\/media\/11166"}],"wp:attachment":[{"href":"https:\/\/www.dakarmania.cz\/index.php\/wp-json\/wp\/v2\/media?parent=11169"}],"wp:term":[{"taxonomy":"category","embeddable":true,"href":"https:\/\/www.dakarmania.cz\/index.php\/wp-json\/wp\/v2\/categories?post=11169"},{"taxonomy":"post_tag","embeddable":true,"href":"https:\/\/www.dakarmania.cz\/index.php\/wp-json\/wp\/v2\/tags?post=11169"}],"curies":[{"name":"wp","href":"https:\/\/api.w.org\/{rel}","templated":true}]}}