{"id":11257,"date":"2019-09-06T00:43:07","date_gmt":"2019-09-05T22:43:07","guid":{"rendered":"https:\/\/www.dakarmania.cz\/?p=11257"},"modified":"2019-09-06T00:43:07","modified_gmt":"2019-09-05T22:43:07","slug":"atacama-rally-quintanilla-uderil","status":"publish","type":"post","link":"https:\/\/www.dakarmania.cz\/index.php\/2019\/09\/06\/atacama-rally-quintanilla-uderil\/","title":{"rendered":"Atacama Rally: Quintanilla ude\u0159il"},"content":{"rendered":"<p>[vc_row][vc_column][vc_column_text css_animation=&#8221;fadeIn&#8221;]<\/p>\n<h4>Pablo Quintanilla s tov\u00e1rn\u00ed Husqvarnou z\u00e1\u0159il v \u00favodn\u00ed \u010d\u00e1sti maratonsk\u00e9 etapy a ujal se veden\u00ed v pr\u016fb\u011b\u017en\u00e9m hodnocen\u00ed Rally Atacama. Ov\u0161em p\u0159ed sebou m\u00e1 n\u00e1ro\u010dn\u00fd \u00fakol. Do nejdel\u0161\u00ed etapy chilsk\u00e9 sout\u011b\u017ee odstartuje v p\u00e1tek jako prvn\u00ed.<\/h4>\n<p>Speci\u00e1lka t\u0159et\u00ed etapy m\u011b\u0159ila 281 kilometr\u016f a <a href=\"\/index.php\/osobnosti\/pablo-quintanilla\/\">Pablo Quintanilla<\/a> na n\u00ed naplno vyu\u017eil v\u00fdhodn\u00e9 \u0161est\u00e9 startovn\u00ed pozice. Dom\u00e1c\u00ed z\u00e1vodn\u00edk ostatn\u00ed sv\u011btov\u00e9 hv\u011bzdy t\u00e9m\u011b\u0159 deklasoval. M\u011b\u0159en\u00fd \u00fasek zdolal o \u010dty\u0159i minuty rychleji ne\u017e nejbli\u017e\u0161\u00ed z jeho pron\u00e1sledovatel\u016f a p\u0159ipsal si u\u017e druh\u00e9 etapov\u00e9 v\u00edt\u011bzstv\u00ed.<\/p>\n<p>Dosud vedouc\u00ed <a href=\"\/index.php\/osobnosti\/kevin-benavides\/\">Kevin Benavides<\/a> (Honda) ve \u010dtvrtek otev\u00edral tra\u0165. V porovn\u00e1n\u00ed s Chilanem byl o v\u00edce ne\u017e dev\u011bt minut pomalej\u0161\u00ed a klesl na t\u0159et\u00ed p\u0159\u00ed\u010dku.<\/p>\n<p><em>\u201eDne\u0161n\u00ed speci\u00e1lka byla pom\u011brn\u011b komplikovan\u00e1. Jel jsem prvn\u00ed a bylo to docela drsn\u00e9. \u00davod byl technick\u00fd, duny a \u00fadol\u00ed se slo\u017eitou navigac\u00ed,\u201c<\/em> nast\u00ednil <strong>Kevin Benavides<\/strong> hlavn\u00ed p\u0159\u00ed\u010diny sv\u00e9 ztr\u00e1ty.[\/vc_column_text][vc_single_image image=&#8221;11254&#8243; img_size=&#8221;large&#8221; add_caption=&#8221;yes&#8221; alignment=&#8221;center&#8221; onclick=&#8221;link_image&#8221; css_animation=&#8221;fadeIn&#8221;][vc_column_text css_animation=&#8221;fadeIn&#8221;]<a href=\"\/index.php\/osobnosti\/ricky-brabec\/\">Ricky Brabec<\/a> s dal\u0161\u00ed tov\u00e1rn\u00ed Hondou splnil, co sl\u00edbil. St\u0159ede\u010dn\u00ed p\u00e1d hodil za hlavu a d\u00edky druh\u00e9mu \u010dasu dne postoupil ze sedm\u00e9ho na \u0161est\u00e9 m\u00edsto absolutn\u011b.<\/p>\n<p><em>\u201eDnes to pro m\u011b bylo lep\u0161\u00ed. Po\u0159\u00e1d se jelo velice rychle, ale ter\u00e9n byl o hodn\u011b tvrd\u0161\u00ed a tud\u00ed\u017e bezpe\u010dn\u011bj\u0161\u00ed ne\u017e v\u010dera,\u201c<\/em> pochvaloval si <strong>Ricky Brabec<\/strong>. <em>\u201eNa rychl\u00fdch kamenit\u00fdch trat\u00edch se obecn\u011b c\u00edt\u00edm jako doma, p\u0159esto po\u0159\u00e1d nemohu t\u00e9to sout\u011b\u017ei p\u0159ij\u00edt na chu\u0165 kv\u016fli extr\u00e9mn\u00edm rychlostem.\u201c<\/em><\/p>\n<p>Pouh\u00fdch osm sekund d\u011blilo od Brabeca dnes t\u0159et\u00edho <a href=\"\/index.php\/osobnosti\/sunderland-sam\/\">Sama Sunderlanda<\/a> (KTM). Leader pr\u016fb\u011b\u017en\u00e9ho hodnocen\u00ed <a href=\"\/index.php\/sampionaty\/ms-fim-ccr-2019\/\">Mistrovstv\u00ed sv\u011bta FIM v cross-country rally<\/a> mohl b\u00fdt v maratonsk\u00e9m bivaku spokojen. Tak\u00e9 on p\u0159esko\u010dil v celkov\u00e9m sou\u010dtu Benavidese a je druh\u00fd. V p\u00e1tek nav\u00edc m\u016f\u017ee vyu\u017e\u00edt startu za Quintanillou a Brabecem k z\u00e1sadn\u011bj\u0161\u00edmu sn\u00ed\u017een\u00ed sv\u00e9 ztr\u00e1ty.<\/p>\n<p><em>\u201eMaratonsk\u00e1 etapa je tady v Chile skute\u010dn\u011b tvrd\u00e1, proto\u017ee ji tvo\u0159\u00ed dva hodn\u011b dlouh\u00e9 dny, nav\u00edc ve velmi kamenit\u00e9m ter\u00e9nu. Do p\u00edse\u010dn\u00fdch dun, kde aspo\u0148 trochu ulev\u00ed sv\u00fdm motocykl\u016fm a pneumatik\u00e1m, se z\u00e1vodn\u00edci v podstat\u011b dostanou a\u017e na posledn\u00edch 45 kilometrech z\u00edt\u0159ej\u0161\u00ed etapy,\u201c<\/em> popsal mana\u017eer t\u00fdmu KTM <strong>Jordi Viladoms<\/strong>. <em>\u201eV\u0161ichni na\u0161i jezdci dnes na\u0161t\u011bst\u00ed dorazili do maratonsk\u00e9ho bivaku jen s minimem probl\u00e9m\u016f. Nicm\u00e9n\u011b i z\u00edtra mus\u00ed b\u00fdt mimo\u0159\u00e1dn\u011b opatrn\u00ed. Sam jede skv\u011bl\u00fd z\u00e1vod a je v dobr\u00e9 pozici. O k\u00e1men trochu ohnul zadn\u00ed kotou\u010d, ale v bivaku to dok\u00e1zal opravit.\u201c<\/em>[\/vc_column_text][vc_single_image image=&#8221;11256&#8243; img_size=&#8221;large&#8221; add_caption=&#8221;yes&#8221; alignment=&#8221;center&#8221; onclick=&#8221;link_image&#8221; css_animation=&#8221;fadeIn&#8221;][vc_column_text css_animation=&#8221;fadeIn&#8221;]<a href=\"\/index.php\/osobnosti\/andrew-short\/\">Andrewa Shorta<\/a> opakovan\u011b tr\u00e1p\u00ed za\u0159\u00edzen\u00ed GPS, o jeho\u017e opravu musel v maratonsk\u00e9m bivaku v Diegu de Almagro po\u017e\u00e1dat organiz\u00e1tory.<\/p>\n<p><em>\u201eAndrew m\u00e1 bohu\u017eel st\u00e1le pot\u00ed\u017ee s naviga\u010dn\u00edm za\u0159\u00edzen\u00edm, kter\u00e9 funguje p\u0159eru\u0161ovan\u011b, a on kv\u016fli tomu ztr\u00e1c\u00ed,\u201c<\/em> vysv\u011btlil mana\u017eer t\u00fdmu Husqvarna <strong>Pela Renet<\/strong>. <em>\u201eSnad po\u0159adatel\u00e9 probl\u00e9m vy\u0159e\u0161\u00ed a ode\u010dtou mu n\u011bjak\u00fd \u010das.\u201c<\/em><\/p>\n<p>V p\u00e1tek na jezdce \u010dek\u00e1 p\u0159edposledn\u00ed a z\u00e1rove\u0148 nejdel\u0161\u00ed etapa (427 km) leto\u0161n\u00ed <a href=\"\/index.php\/souteze\/atacama-rally-2019\/\">Atacama Rally<\/a>, jej\u00ed\u017e rychlostn\u00ed zkou\u0161ka m\u011b\u0159\u00ed 354 km.[\/vc_column_text][vc_column_text css_animation=&#8221;fadeIn&#8221;]<\/p>\n<table style=\"width: 97.7654%;\" rules=\"rows\" cellpadding=\"4px\">\n<tbody>\n<tr style=\"background-color: #9e9d9d; color: white;\">\n<td style=\"text-align: center;\" colspan=\"4\"><span style=\"font-size: 10pt;\"><strong>Rally Atacama 2019<br \/>\nMOTOCYKLY<br \/>\npr\u016fb\u011b\u017en\u00e9 po\u0159ad\u00ed po 3. etap\u011b<\/strong><\/span><\/td>\n<\/tr>\n<tr style=\"background-color: #dbd9d9;\">\n<td>1.<\/td>\n<td>Pablo Quintanilla<\/td>\n<td>Husqvarna FR 450 Rally<\/td>\n<td style=\"text-align: right;\">9:04:48<\/td>\n<\/tr>\n<tr style=\"background-color: #f2f2f2;\">\n<td>2.<\/td>\n<td>Sam Sunderland<\/td>\n<td>KTM 450 Rally<\/td>\n<td style=\"text-align: right;\">+4:26<\/td>\n<\/tr>\n<tr style=\"background-color: #dbd9d9;\">\n<td>3.<\/td>\n<td>Kevin Benavides<\/td>\n<td>Honda CRF450 Rally<\/td>\n<td style=\"text-align: right;\">+8:44<\/td>\n<\/tr>\n<tr style=\"background-color: #f2f2f2;\">\n<td>4.<\/td>\n<td>Joan Barreda<\/td>\n<td>Honda CRF450 Rally<\/td>\n<td style=\"text-align: right;\">+9:53<\/td>\n<\/tr>\n<tr style=\"background-color: #dbd9d9;\">\n<td>5.<\/td>\n<td>Toby Price<\/td>\n<td>KTM 450 Rally<\/td>\n<td style=\"text-align: right;\">+11:01<\/td>\n<\/tr>\n<tr style=\"background-color: #f2f2f2;\">\n<td>6.<\/td>\n<td>Ricky Brabec<\/td>\n<td>Honda CRF450 Rally<\/td>\n<td style=\"text-align: right;\">+13:01<\/td>\n<\/tr>\n<tr style=\"background-color: #dbd9d9;\">\n<td>7.<\/td>\n<td>Andrew Short<\/td>\n<td>Husqvarna FR 450 Rally<\/td>\n<td style=\"text-align: right;\">+21:16<\/td>\n<\/tr>\n<tr style=\"background-color: #f2f2f2;\">\n<td>8.<\/td>\n<td>Jos\u00e9 Ignacio Cornejo<\/td>\n<td>Honda CRF450 Rally<\/td>\n<td style=\"text-align: right;\">+22:31<\/td>\n<\/tr>\n<tr style=\"background-color: #dbd9d9;\">\n<td>9.<\/td>\n<td>Luciano Benavides<\/td>\n<td>KTM 450 Rally<\/td>\n<td style=\"text-align: right;\">+24:15<\/td>\n<\/tr>\n<tr style=\"background-color: #f2f2f2;\">\n<td>10.<\/td>\n<td>Matthias Walkner<\/td>\n<td>KTM 450 Rally<\/td>\n<td style=\"text-align: right;\">+25:25<\/td>\n<\/tr>\n<\/tbody>\n<\/table>\n<p>[\/vc_column_text][\/vc_column][\/vc_row]<\/p>\n","protected":false},"excerpt":{"rendered":"<p>Pablo Quintanilla s tov\u00e1rn\u00ed Husqvarnou z\u00e1\u0159il v \u00favodn\u00ed \u010d\u00e1sti maratonsk\u00e9 etapy a ujal se veden\u00ed v pr\u016fb\u011b\u017en\u00e9m hodnocen\u00ed Rally Atacama.<\/p>\n","protected":false},"author":1,"featured_media":11255,"comment_status":"open","ping_status":"closed","sticky":false,"template":"","format":"standard","meta":{"footnotes":""},"categories":[1452,154,15],"tags":[425,757,1453,1432,129,923,759,791,64,756,150,230,63,127,156,755,215,922,222,225],"class_list":["post-11257","post","type-post","status-publish","format-standard","has-post-thumbnail","hentry","category-atacama-rally","category-fim-ccr","category-moto-quad","tag-425","tag-andrew-short","tag-atacama-rally","tag-atacama-rally-2019","tag-honda","tag-honda-racing","tag-honda-team","tag-hrc","tag-husqvarna","tag-husqvarna-factory-racing","tag-jordi-viladoms","tag-kevin-benavides","tag-ktm","tag-ktm-factory-racing","tag-ms-fim-ccr","tag-ms-fim-ccr-2019","tag-pablo-quintanilla","tag-pela-renet","tag-ricky-brabec","tag-sam-sunderland"],"yoast_head":"<!-- This site is optimized with the Yoast SEO plugin v24.9 - https:\/\/yoast.com\/wordpress\/plugins\/seo\/ -->\n<title>Atacama Rally: Quintanilla ude\u0159il - DAKARMANIA.cz<\/title>\n<meta name=\"description\" content=\"Pablo Quintanilla s tov\u00e1rn\u00ed Husqvarnou z\u00e1\u0159il v \u00favodn\u00ed \u010d\u00e1sti maratonsk\u00e9 etapy a ujal se veden\u00ed v pr\u016fb\u011b\u017en\u00e9m hodnocen\u00ed Rally Atacama.\" \/>\n<meta name=\"robots\" content=\"index, follow, max-snippet:-1, max-image-preview:large, max-video-preview:-1\" \/>\n<link rel=\"canonical\" href=\"https:\/\/www.dakarmania.cz\/index.php\/2019\/09\/06\/atacama-rally-quintanilla-uderil\/\" \/>\n<meta property=\"og:locale\" content=\"cs_CZ\" \/>\n<meta property=\"og:type\" content=\"article\" \/>\n<meta property=\"og:title\" content=\"Atacama Rally: Quintanilla ude\u0159il - DAKARMANIA.cz\" \/>\n<meta property=\"og:description\" content=\"Pablo Quintanilla s tov\u00e1rn\u00ed Husqvarnou z\u00e1\u0159il v \u00favodn\u00ed \u010d\u00e1sti maratonsk\u00e9 etapy a ujal se veden\u00ed v pr\u016fb\u011b\u017en\u00e9m hodnocen\u00ed Rally Atacama.\" \/>\n<meta property=\"og:url\" content=\"https:\/\/www.dakarmania.cz\/index.php\/2019\/09\/06\/atacama-rally-quintanilla-uderil\/\" \/>\n<meta property=\"og:site_name\" content=\"DAKARMANIA.cz\" \/>\n<meta property=\"article:publisher\" content=\"https:\/\/www.facebook.com\/dakarmania\/\" \/>\n<meta property=\"article:published_time\" content=\"2019-09-05T22:43:07+00:00\" \/>\n<meta property=\"og:image\" content=\"https:\/\/www.dakarmania.cz\/wp-content\/uploads\/2019\/09\/19-atacama-quintanilla-04.jpg\" \/>\n\t<meta property=\"og:image:width\" content=\"1024\" \/>\n\t<meta property=\"og:image:height\" content=\"681\" \/>\n\t<meta property=\"og:image:type\" content=\"image\/jpeg\" \/>\n<meta name=\"author\" content=\"Zden\u011bk Zelenka\" \/>\n<meta name=\"twitter:card\" content=\"summary_large_image\" \/>\n<meta name=\"twitter:label1\" content=\"Napsal(a)\" \/>\n\t<meta name=\"twitter:data1\" content=\"Zden\u011bk Zelenka\" \/>\n\t<meta name=\"twitter:label2\" content=\"Odhadovan\u00e1 doba \u010dten\u00ed\" \/>\n\t<meta name=\"twitter:data2\" content=\"4 minuty\" \/>\n<script type=\"application\/ld+json\" class=\"yoast-schema-graph\">{\"@context\":\"https:\/\/schema.org\",\"@graph\":[{\"@type\":\"Article\",\"@id\":\"https:\/\/www.dakarmania.cz\/index.php\/2019\/09\/06\/atacama-rally-quintanilla-uderil\/#article\",\"isPartOf\":{\"@id\":\"https:\/\/www.dakarmania.cz\/index.php\/2019\/09\/06\/atacama-rally-quintanilla-uderil\/\"},\"author\":{\"name\":\"Zden\u011bk Zelenka\",\"@id\":\"https:\/\/www.dakarmania.cz\/#\/schema\/person\/04eb0e87a389631c2169c0dddae7ff1e\"},\"headline\":\"Atacama Rally: Quintanilla ude\u0159il\",\"datePublished\":\"2019-09-05T22:43:07+00:00\",\"mainEntityOfPage\":{\"@id\":\"https:\/\/www.dakarmania.cz\/index.php\/2019\/09\/06\/atacama-rally-quintanilla-uderil\/\"},\"wordCount\":708,\"commentCount\":0,\"publisher\":{\"@id\":\"https:\/\/www.dakarmania.cz\/#organization\"},\"image\":{\"@id\":\"https:\/\/www.dakarmania.cz\/index.php\/2019\/09\/06\/atacama-rally-quintanilla-uderil\/#primaryimage\"},\"thumbnailUrl\":\"https:\/\/www.dakarmania.cz\/wp-content\/uploads\/2019\/09\/19-atacama-quintanilla-04.jpg\",\"keywords\":[\"2019\",\"Andrew Short\",\"Atacama Rally\",\"Atacama Rally 2019\",\"Honda\",\"Honda Racing\",\"Honda Team\",\"HRC\",\"Husqvarna\",\"Husqvarna Factory Racing\",\"Jordi Viladoms\",\"Kevin Benavides\",\"KTM\",\"KTM Factory Racing\",\"MS FIM CCR\",\"MS FIM CCR 2019\",\"Pablo Quintanilla\",\"Pela Renet\",\"Ricky Brabec\",\"Sam Sunderland\"],\"articleSection\":[\"Atacama Rally\",\"FIM MS CCR\",\"Moto\/Quad\"],\"inLanguage\":\"cs\",\"potentialAction\":[{\"@type\":\"CommentAction\",\"name\":\"Comment\",\"target\":[\"https:\/\/www.dakarmania.cz\/index.php\/2019\/09\/06\/atacama-rally-quintanilla-uderil\/#respond\"]}]},{\"@type\":\"WebPage\",\"@id\":\"https:\/\/www.dakarmania.cz\/index.php\/2019\/09\/06\/atacama-rally-quintanilla-uderil\/\",\"url\":\"https:\/\/www.dakarmania.cz\/index.php\/2019\/09\/06\/atacama-rally-quintanilla-uderil\/\",\"name\":\"Atacama Rally: Quintanilla ude\u0159il - DAKARMANIA.cz\",\"isPartOf\":{\"@id\":\"https:\/\/www.dakarmania.cz\/#website\"},\"primaryImageOfPage\":{\"@id\":\"https:\/\/www.dakarmania.cz\/index.php\/2019\/09\/06\/atacama-rally-quintanilla-uderil\/#primaryimage\"},\"image\":{\"@id\":\"https:\/\/www.dakarmania.cz\/index.php\/2019\/09\/06\/atacama-rally-quintanilla-uderil\/#primaryimage\"},\"thumbnailUrl\":\"https:\/\/www.dakarmania.cz\/wp-content\/uploads\/2019\/09\/19-atacama-quintanilla-04.jpg\",\"datePublished\":\"2019-09-05T22:43:07+00:00\",\"description\":\"Pablo Quintanilla s tov\u00e1rn\u00ed Husqvarnou z\u00e1\u0159il v \u00favodn\u00ed \u010d\u00e1sti maratonsk\u00e9 etapy a ujal se veden\u00ed v pr\u016fb\u011b\u017en\u00e9m hodnocen\u00ed Rally Atacama.\",\"breadcrumb\":{\"@id\":\"https:\/\/www.dakarmania.cz\/index.php\/2019\/09\/06\/atacama-rally-quintanilla-uderil\/#breadcrumb\"},\"inLanguage\":\"cs\",\"potentialAction\":[{\"@type\":\"ReadAction\",\"target\":[\"https:\/\/www.dakarmania.cz\/index.php\/2019\/09\/06\/atacama-rally-quintanilla-uderil\/\"]}]},{\"@type\":\"ImageObject\",\"inLanguage\":\"cs\",\"@id\":\"https:\/\/www.dakarmania.cz\/index.php\/2019\/09\/06\/atacama-rally-quintanilla-uderil\/#primaryimage\",\"url\":\"https:\/\/www.dakarmania.cz\/wp-content\/uploads\/2019\/09\/19-atacama-quintanilla-04.jpg\",\"contentUrl\":\"https:\/\/www.dakarmania.cz\/wp-content\/uploads\/2019\/09\/19-atacama-quintanilla-04.jpg\",\"width\":1024,\"height\":681,\"caption\":\"Pablo Quintanilla, Husqvarna FR 450 Rally, Rockstar Energy Husqvarna Factory Racing. Atacama Rally 2019. \u00a9 Husqvarna\"},{\"@type\":\"BreadcrumbList\",\"@id\":\"https:\/\/www.dakarmania.cz\/index.php\/2019\/09\/06\/atacama-rally-quintanilla-uderil\/#breadcrumb\",\"itemListElement\":[{\"@type\":\"ListItem\",\"position\":1,\"name\":\"Dom\u016f\",\"item\":\"https:\/\/www.dakarmania.cz\/\"},{\"@type\":\"ListItem\",\"position\":2,\"name\":\"Atacama Rally: Quintanilla ude\u0159il\"}]},{\"@type\":\"WebSite\",\"@id\":\"https:\/\/www.dakarmania.cz\/#website\",\"url\":\"https:\/\/www.dakarmania.cz\/\",\"name\":\"DAKARMANIA.cz\",\"description\":\"\u017dijeme Dakarem cel\u00fd rok\",\"publisher\":{\"@id\":\"https:\/\/www.dakarmania.cz\/#organization\"},\"potentialAction\":[{\"@type\":\"SearchAction\",\"target\":{\"@type\":\"EntryPoint\",\"urlTemplate\":\"https:\/\/www.dakarmania.cz\/?s={search_term_string}\"},\"query-input\":{\"@type\":\"PropertyValueSpecification\",\"valueRequired\":true,\"valueName\":\"search_term_string\"}}],\"inLanguage\":\"cs\"},{\"@type\":\"Organization\",\"@id\":\"https:\/\/www.dakarmania.cz\/#organization\",\"name\":\"DAKAR MANIA\",\"url\":\"https:\/\/www.dakarmania.cz\/\",\"logo\":{\"@type\":\"ImageObject\",\"inLanguage\":\"cs\",\"@id\":\"https:\/\/www.dakarmania.cz\/#\/schema\/logo\/image\/\",\"url\":\"https:\/\/www.dakarmania.cz\/wp-content\/uploads\/2018\/12\/Dakar-Mania-Logo-Square-Orange.png\",\"contentUrl\":\"https:\/\/www.dakarmania.cz\/wp-content\/uploads\/2018\/12\/Dakar-Mania-Logo-Square-Orange.png\",\"width\":992,\"height\":992,\"caption\":\"DAKAR MANIA\"},\"image\":{\"@id\":\"https:\/\/www.dakarmania.cz\/#\/schema\/logo\/image\/\"},\"sameAs\":[\"https:\/\/www.facebook.com\/dakarmania\/\"]},{\"@type\":\"Person\",\"@id\":\"https:\/\/www.dakarmania.cz\/#\/schema\/person\/04eb0e87a389631c2169c0dddae7ff1e\",\"name\":\"Zden\u011bk Zelenka\",\"image\":{\"@type\":\"ImageObject\",\"inLanguage\":\"cs\",\"@id\":\"https:\/\/www.dakarmania.cz\/#\/schema\/person\/image\/\",\"url\":\"https:\/\/secure.gravatar.com\/avatar\/2c80d5a4942fe0900b73cc7d3837a509d6ee0a276a2b76dac95c92bd0763a89b?s=96&d=mm&r=g\",\"contentUrl\":\"https:\/\/secure.gravatar.com\/avatar\/2c80d5a4942fe0900b73cc7d3837a509d6ee0a276a2b76dac95c92bd0763a89b?s=96&d=mm&r=g\",\"caption\":\"Zden\u011bk Zelenka\"},\"description\":\"Moji d\u011bt\u0161t\u00ed hrdinov\u00e9 se jmenovali Loprais, Moskal, Neveu, Vatanen, Rahier... A tihle borci, jejich n\u00e1sledovn\u00edci a jejich p\u0159\u00edb\u011bhy m\u011b nep\u0159estali fascinovat ani po letech, kdy jsem vyrostl a zam\u011bstn\u00e1valy m\u011b jin\u00e9 discipl\u00edny motorsportu. Proto se zrodila DAKARMANIA.\",\"url\":\"https:\/\/www.dakarmania.cz\/index.php\/author\/dakarmania\/\"}]}<\/script>\n<!-- \/ Yoast SEO plugin. -->","yoast_head_json":{"title":"Atacama Rally: Quintanilla ude\u0159il - DAKARMANIA.cz","description":"Pablo Quintanilla s tov\u00e1rn\u00ed Husqvarnou z\u00e1\u0159il v \u00favodn\u00ed \u010d\u00e1sti maratonsk\u00e9 etapy a ujal se veden\u00ed v pr\u016fb\u011b\u017en\u00e9m hodnocen\u00ed Rally Atacama.","robots":{"index":"index","follow":"follow","max-snippet":"max-snippet:-1","max-image-preview":"max-image-preview:large","max-video-preview":"max-video-preview:-1"},"canonical":"https:\/\/www.dakarmania.cz\/index.php\/2019\/09\/06\/atacama-rally-quintanilla-uderil\/","og_locale":"cs_CZ","og_type":"article","og_title":"Atacama Rally: Quintanilla ude\u0159il - DAKARMANIA.cz","og_description":"Pablo Quintanilla s tov\u00e1rn\u00ed Husqvarnou z\u00e1\u0159il v \u00favodn\u00ed \u010d\u00e1sti maratonsk\u00e9 etapy a ujal se veden\u00ed v pr\u016fb\u011b\u017en\u00e9m hodnocen\u00ed Rally Atacama.","og_url":"https:\/\/www.dakarmania.cz\/index.php\/2019\/09\/06\/atacama-rally-quintanilla-uderil\/","og_site_name":"DAKARMANIA.cz","article_publisher":"https:\/\/www.facebook.com\/dakarmania\/","article_published_time":"2019-09-05T22:43:07+00:00","og_image":[{"width":1024,"height":681,"url":"https:\/\/www.dakarmania.cz\/wp-content\/uploads\/2019\/09\/19-atacama-quintanilla-04.jpg","type":"image\/jpeg"}],"author":"Zden\u011bk Zelenka","twitter_card":"summary_large_image","twitter_misc":{"Napsal(a)":"Zden\u011bk Zelenka","Odhadovan\u00e1 doba \u010dten\u00ed":"4 minuty"},"schema":{"@context":"https:\/\/schema.org","@graph":[{"@type":"Article","@id":"https:\/\/www.dakarmania.cz\/index.php\/2019\/09\/06\/atacama-rally-quintanilla-uderil\/#article","isPartOf":{"@id":"https:\/\/www.dakarmania.cz\/index.php\/2019\/09\/06\/atacama-rally-quintanilla-uderil\/"},"author":{"name":"Zden\u011bk Zelenka","@id":"https:\/\/www.dakarmania.cz\/#\/schema\/person\/04eb0e87a389631c2169c0dddae7ff1e"},"headline":"Atacama Rally: Quintanilla ude\u0159il","datePublished":"2019-09-05T22:43:07+00:00","mainEntityOfPage":{"@id":"https:\/\/www.dakarmania.cz\/index.php\/2019\/09\/06\/atacama-rally-quintanilla-uderil\/"},"wordCount":708,"commentCount":0,"publisher":{"@id":"https:\/\/www.dakarmania.cz\/#organization"},"image":{"@id":"https:\/\/www.dakarmania.cz\/index.php\/2019\/09\/06\/atacama-rally-quintanilla-uderil\/#primaryimage"},"thumbnailUrl":"https:\/\/www.dakarmania.cz\/wp-content\/uploads\/2019\/09\/19-atacama-quintanilla-04.jpg","keywords":["2019","Andrew Short","Atacama Rally","Atacama Rally 2019","Honda","Honda Racing","Honda Team","HRC","Husqvarna","Husqvarna Factory Racing","Jordi Viladoms","Kevin Benavides","KTM","KTM Factory Racing","MS FIM CCR","MS FIM CCR 2019","Pablo Quintanilla","Pela Renet","Ricky Brabec","Sam Sunderland"],"articleSection":["Atacama Rally","FIM MS CCR","Moto\/Quad"],"inLanguage":"cs","potentialAction":[{"@type":"CommentAction","name":"Comment","target":["https:\/\/www.dakarmania.cz\/index.php\/2019\/09\/06\/atacama-rally-quintanilla-uderil\/#respond"]}]},{"@type":"WebPage","@id":"https:\/\/www.dakarmania.cz\/index.php\/2019\/09\/06\/atacama-rally-quintanilla-uderil\/","url":"https:\/\/www.dakarmania.cz\/index.php\/2019\/09\/06\/atacama-rally-quintanilla-uderil\/","name":"Atacama Rally: Quintanilla ude\u0159il - DAKARMANIA.cz","isPartOf":{"@id":"https:\/\/www.dakarmania.cz\/#website"},"primaryImageOfPage":{"@id":"https:\/\/www.dakarmania.cz\/index.php\/2019\/09\/06\/atacama-rally-quintanilla-uderil\/#primaryimage"},"image":{"@id":"https:\/\/www.dakarmania.cz\/index.php\/2019\/09\/06\/atacama-rally-quintanilla-uderil\/#primaryimage"},"thumbnailUrl":"https:\/\/www.dakarmania.cz\/wp-content\/uploads\/2019\/09\/19-atacama-quintanilla-04.jpg","datePublished":"2019-09-05T22:43:07+00:00","description":"Pablo Quintanilla s tov\u00e1rn\u00ed Husqvarnou z\u00e1\u0159il v \u00favodn\u00ed \u010d\u00e1sti maratonsk\u00e9 etapy a ujal se veden\u00ed v pr\u016fb\u011b\u017en\u00e9m hodnocen\u00ed Rally Atacama.","breadcrumb":{"@id":"https:\/\/www.dakarmania.cz\/index.php\/2019\/09\/06\/atacama-rally-quintanilla-uderil\/#breadcrumb"},"inLanguage":"cs","potentialAction":[{"@type":"ReadAction","target":["https:\/\/www.dakarmania.cz\/index.php\/2019\/09\/06\/atacama-rally-quintanilla-uderil\/"]}]},{"@type":"ImageObject","inLanguage":"cs","@id":"https:\/\/www.dakarmania.cz\/index.php\/2019\/09\/06\/atacama-rally-quintanilla-uderil\/#primaryimage","url":"https:\/\/www.dakarmania.cz\/wp-content\/uploads\/2019\/09\/19-atacama-quintanilla-04.jpg","contentUrl":"https:\/\/www.dakarmania.cz\/wp-content\/uploads\/2019\/09\/19-atacama-quintanilla-04.jpg","width":1024,"height":681,"caption":"Pablo Quintanilla, Husqvarna FR 450 Rally, Rockstar Energy Husqvarna Factory Racing. Atacama Rally 2019. \u00a9 Husqvarna"},{"@type":"BreadcrumbList","@id":"https:\/\/www.dakarmania.cz\/index.php\/2019\/09\/06\/atacama-rally-quintanilla-uderil\/#breadcrumb","itemListElement":[{"@type":"ListItem","position":1,"name":"Dom\u016f","item":"https:\/\/www.dakarmania.cz\/"},{"@type":"ListItem","position":2,"name":"Atacama Rally: Quintanilla ude\u0159il"}]},{"@type":"WebSite","@id":"https:\/\/www.dakarmania.cz\/#website","url":"https:\/\/www.dakarmania.cz\/","name":"DAKARMANIA.cz","description":"\u017dijeme Dakarem cel\u00fd rok","publisher":{"@id":"https:\/\/www.dakarmania.cz\/#organization"},"potentialAction":[{"@type":"SearchAction","target":{"@type":"EntryPoint","urlTemplate":"https:\/\/www.dakarmania.cz\/?s={search_term_string}"},"query-input":{"@type":"PropertyValueSpecification","valueRequired":true,"valueName":"search_term_string"}}],"inLanguage":"cs"},{"@type":"Organization","@id":"https:\/\/www.dakarmania.cz\/#organization","name":"DAKAR MANIA","url":"https:\/\/www.dakarmania.cz\/","logo":{"@type":"ImageObject","inLanguage":"cs","@id":"https:\/\/www.dakarmania.cz\/#\/schema\/logo\/image\/","url":"https:\/\/www.dakarmania.cz\/wp-content\/uploads\/2018\/12\/Dakar-Mania-Logo-Square-Orange.png","contentUrl":"https:\/\/www.dakarmania.cz\/wp-content\/uploads\/2018\/12\/Dakar-Mania-Logo-Square-Orange.png","width":992,"height":992,"caption":"DAKAR MANIA"},"image":{"@id":"https:\/\/www.dakarmania.cz\/#\/schema\/logo\/image\/"},"sameAs":["https:\/\/www.facebook.com\/dakarmania\/"]},{"@type":"Person","@id":"https:\/\/www.dakarmania.cz\/#\/schema\/person\/04eb0e87a389631c2169c0dddae7ff1e","name":"Zden\u011bk Zelenka","image":{"@type":"ImageObject","inLanguage":"cs","@id":"https:\/\/www.dakarmania.cz\/#\/schema\/person\/image\/","url":"https:\/\/secure.gravatar.com\/avatar\/2c80d5a4942fe0900b73cc7d3837a509d6ee0a276a2b76dac95c92bd0763a89b?s=96&d=mm&r=g","contentUrl":"https:\/\/secure.gravatar.com\/avatar\/2c80d5a4942fe0900b73cc7d3837a509d6ee0a276a2b76dac95c92bd0763a89b?s=96&d=mm&r=g","caption":"Zden\u011bk Zelenka"},"description":"Moji d\u011bt\u0161t\u00ed hrdinov\u00e9 se jmenovali Loprais, Moskal, Neveu, Vatanen, Rahier... A tihle borci, jejich n\u00e1sledovn\u00edci a jejich p\u0159\u00edb\u011bhy m\u011b nep\u0159estali fascinovat ani po letech, kdy jsem vyrostl a zam\u011bstn\u00e1valy m\u011b jin\u00e9 discipl\u00edny motorsportu. Proto se zrodila DAKARMANIA.","url":"https:\/\/www.dakarmania.cz\/index.php\/author\/dakarmania\/"}]}},"amp_enabled":true,"_links":{"self":[{"href":"https:\/\/www.dakarmania.cz\/index.php\/wp-json\/wp\/v2\/posts\/11257","targetHints":{"allow":["GET"]}}],"collection":[{"href":"https:\/\/www.dakarmania.cz\/index.php\/wp-json\/wp\/v2\/posts"}],"about":[{"href":"https:\/\/www.dakarmania.cz\/index.php\/wp-json\/wp\/v2\/types\/post"}],"author":[{"embeddable":true,"href":"https:\/\/www.dakarmania.cz\/index.php\/wp-json\/wp\/v2\/users\/1"}],"replies":[{"embeddable":true,"href":"https:\/\/www.dakarmania.cz\/index.php\/wp-json\/wp\/v2\/comments?post=11257"}],"version-history":[{"count":2,"href":"https:\/\/www.dakarmania.cz\/index.php\/wp-json\/wp\/v2\/posts\/11257\/revisions"}],"predecessor-version":[{"id":11259,"href":"https:\/\/www.dakarmania.cz\/index.php\/wp-json\/wp\/v2\/posts\/11257\/revisions\/11259"}],"wp:featuredmedia":[{"embeddable":true,"href":"https:\/\/www.dakarmania.cz\/index.php\/wp-json\/wp\/v2\/media\/11255"}],"wp:attachment":[{"href":"https:\/\/www.dakarmania.cz\/index.php\/wp-json\/wp\/v2\/media?parent=11257"}],"wp:term":[{"taxonomy":"category","embeddable":true,"href":"https:\/\/www.dakarmania.cz\/index.php\/wp-json\/wp\/v2\/categories?post=11257"},{"taxonomy":"post_tag","embeddable":true,"href":"https:\/\/www.dakarmania.cz\/index.php\/wp-json\/wp\/v2\/tags?post=11257"}],"curies":[{"name":"wp","href":"https:\/\/api.w.org\/{rel}","templated":true}]}}