{"id":11291,"date":"2019-09-07T02:00:31","date_gmt":"2019-09-07T00:00:31","guid":{"rendered":"https:\/\/www.dakarmania.cz\/?p=11291"},"modified":"2019-09-08T00:52:49","modified_gmt":"2019-09-07T22:52:49","slug":"atacama-rally-zaril-price","status":"publish","type":"post","link":"https:\/\/www.dakarmania.cz\/index.php\/2019\/09\/07\/atacama-rally-zaril-price\/","title":{"rendered":"Atacama Rally: Z\u00e1\u0159il Price, Quintanilla zav\u00e1hal"},"content":{"rendered":"<p>[vc_row][vc_column][vc_column_text css_animation=&#8221;fadeIn&#8221;]<\/p>\n<h4>Toby Price vyhr\u00e1l n\u00e1ro\u010dnou p\u0159edposledn\u00ed etapu Atacama Rally a v pr\u016fb\u011b\u017en\u00e9m hodnocen\u00ed se posunul na medailov\u00e9 pozice. Australan se prosazuje hned p\u0159i sv\u00e9m prvn\u00edm startu na motocyklu od lednov\u00e9ho Dakaru, po kter\u00e9m musel podstoupit operaci zlomen\u00e9ho z\u00e1p\u011bst\u00ed.<\/h4>\n<p>P\u00e1te\u010dn\u00ed etapa (427 km) i jej\u00ed speci\u00e1lka (353 km) byly nejdel\u0161\u00ed z cel\u00e9ho leto\u0161n\u00edho ro\u010dn\u00edku <a href=\"\/index.php\/souteze\/atacama-rally-2019\/\">Atacama Rally<\/a>, nav\u00edc se jednalo o druhou \u010d\u00e1st maratonsk\u00e9 etapy.<\/p>\n<p>Z bivaku v Diego de Almagro se <a href=\"\/index.php\/osobnosti\/toby-price\/\">Toby Price<\/a> (KTM) vydal na tra\u0165 jako \u010dtvrt\u00fd a v\u00fdhodn\u00e9 startovn\u00ed pozice naplno vyu\u017eil. P\u0159esto\u017ee stav jeho z\u00e1p\u011bst\u00ed zat\u00edm ani zdaleka nelze ozna\u010dit jako stoprocentn\u00ed, dvojn\u00e1sobn\u00fd dakarsk\u00fd v\u00edt\u011bz znovu demonstroval svou rychlost a vytrvalost. D\u00edky etapov\u00fdm vav\u0159\u00edn\u016fm p\u0159edstihl v celkov\u00e9m po\u0159ad\u00ed Benavidese a Barredu s Hondami a posko\u010dil z p\u00e1t\u00e9ho na t\u0159et\u00ed m\u00edsto.[\/vc_column_text][vc_single_image image=&#8221;11289&#8243; img_size=&#8221;large&#8221; add_caption=&#8221;yes&#8221; alignment=&#8221;center&#8221; onclick=&#8221;link_image&#8221; css_animation=&#8221;fadeIn&#8221;][vc_column_text css_animation=&#8221;fadeIn&#8221;]<em>\u201eHo\u0161i p\u0159ede mnou ud\u011blali p\u00e1r drobn\u00fdch chyb, j\u00e1 se jim dok\u00e1zal p\u0159ibl\u00ed\u017eit a v prachu za nimi jsem dojel a\u017e do c\u00edle,\u201c<\/em> shrnul <strong>Toby Price<\/strong>. <em>\u201ePablo<\/em> [Quintanilla] <em>si \u00fapln\u011b vep\u0159edu po\u010d\u00ednal hodn\u011b dob\u0159e, tak\u017ee dostihnout kluky nebylo snadn\u00e9. Nav\u00edc jsem jel s kotou\u010dem, kter\u00fd v\u010dera ohnul Sam<\/em> [Sunderland]<em>, proto jsem si musel d\u00e1vat pozor na brzdy. P\u0159esto jsem dok\u00e1zal vyhr\u00e1t etapu, co\u017e m\u011b t\u011b\u0161\u00ed. Z\u00edt\u0159ek chci zvl\u00e1dnout bez probl\u00e9m\u016f a pak u\u017e n\u00e1s \u010dek\u00e1 <a href=\"\/index.php\/souteze\/maroc-2019\/\">Maroko<\/a>.\u201c<\/em><\/p>\n<p><a href=\"\/index.php\/osobnosti\/sunderland-sam\/\">Sam Sunderland<\/a> s dal\u0161\u00ed tov\u00e1rn\u00ed KTM zav\u00e1hal hned v \u00favodu a Price jej dojel. Do c\u00edle dorazili spole\u010dn\u011b. Brit na t\u00fdmov\u00e9ho kolegu ztratil dv\u011b minuty a dev\u011bt sekund. P\u0159esto byl klasifikov\u00e1n jako druh\u00fd a v\u00fdrazn\u011b sn\u00ed\u017eil sv\u016fj odstup od vedouc\u00edho Quintanilly, kter\u00fd dnes obsadil p\u00e1tou p\u0159\u00ed\u010dku (+ 5:41 min).<\/p>\n<p><em>\u201eByla to druh\u00e1 \u010d\u00e1st maratonsk\u00e9 etapy, proto jsme v\u0161ichni brali ohledy na sv\u00e9 motorky i pon\u011bkud ojet\u00e9 pneumatiky. Nav\u00edc se jednalo o opravdu dlouhou speci\u00e1lku. U\u017eil jsem si ji, i kdy\u017e jsme museli p\u0159ed vjezdem do dun zdolat spoustu kamenit\u00fdch technick\u00fdch \u00fasek\u016f,\u201c<\/em> popsal <strong>Sam Sunderland<\/strong>. <em>\u201eUd\u011blal jsem chybu, kdy\u017e jsem hned v \u00favodu nejel p\u0159\u00edmo po \u017eelezni\u010dn\u00ed trati, a Toby m\u011b docela brzy dojel. Ale d\u00edky tomu jsme pak spole\u010dn\u011b nasadili dobr\u00e9 tempo a dojeli si pro prvn\u00ed a druh\u00e9 m\u00edsto.\u201c<\/em>[\/vc_column_text][vc_single_image image=&#8221;11290&#8243; img_size=&#8221;large&#8221; add_caption=&#8221;yes&#8221; alignment=&#8221;center&#8221; onclick=&#8221;link_image&#8221; css_animation=&#8221;fadeIn&#8221;][vc_column_text css_animation=&#8221;fadeIn&#8221;]Zat\u00edmco je\u0161t\u011b r\u00e1no m\u011bl <a href=\"\/index.php\/osobnosti\/pablo-quintanilla\/\">Pablo Quintanilla<\/a> (Husqvarna) p\u0159ed Sunderlandem k dobru skoro \u010dty\u0159i a p\u016fl minuty, do z\u00e1v\u011bre\u010dn\u00e9 etapy p\u016fjde s m\u00e9n\u011b ne\u017e minutov\u00fdm n\u00e1skokem. Tak\u00e9 v\u0161ak z v\u00fdhodn\u011bj\u0161\u00ed startovn\u00ed pozice.<\/p>\n<p><em>\u201ePo maratonsk\u00e9 etap\u011b jsem s dosavadn\u00edm pr\u016fb\u011bhem z\u00e1vodu spokojen\u00fd,\u201c<\/em> pochvaloval si <strong>Pablo Quintanilla<\/strong>. <em>\u201eDnes to bylo v\u00e1\u017en\u011b t\u011b\u017ek\u00e9. Jel jsem prvn\u00ed od startu a\u017e do c\u00edle a nebylo snadn\u00e9 udr\u017eet stoprocentn\u00ed koncentraci tak dlouho. Na motorce se c\u00edt\u00edm ka\u017ed\u00fd den zase o n\u011bco l\u00e9pe.\u201c<\/em><\/p>\n<p>Z jezdc\u016f Hondy se nejl\u00e9pe da\u0159ilo tentokr\u00e1t t\u0159et\u00edmu (+2:30 min) Joanu Barredovi. \u0160pan\u011bl v pr\u016fb\u011b\u017en\u00e9m po\u0159ad\u00ed p\u0159edstihl t\u00fdmov\u00e9ho kolegu <a href=\"\/index.php\/osobnosti\/kevin-benavides\/\">Kevina Benavidese<\/a> a je \u010dtvrt\u00fd.[\/vc_column_text][vc_single_image image=&#8221;11287&#8243; img_size=&#8221;large&#8221; add_caption=&#8221;yes&#8221; alignment=&#8221;center&#8221; onclick=&#8221;link_image&#8221; css_animation=&#8221;fadeIn&#8221;][vc_column_text css_animation=&#8221;fadeIn&#8221;]<em>\u201eDnes jsem se nec\u00edtil dob\u0159e. Cht\u011bl jsem \u00fato\u010dit, ale bylo to velmi nebezpe\u010dn\u00e9. Trat\u011b byly hodn\u011b rozbit\u00e9, proto jsem rad\u011bji d\u00e1val pozor na sebe a motorku. Nebyl jsem uvoln\u011bn\u00fd,\u201c<\/em> p\u0159iznal <strong>Kevin Benavides<\/strong>, kter\u00fd byl s t\u00e9m\u011b\u0159 \u0161estiminutovou ztr\u00e1tou v etap\u011b klasifikov\u00e1n jako \u0161est\u00fd. <em>\u201eNen\u00ed to zrovna v\u00fdsledek, v jak\u00fd jsem dnes doufal, ale do posledn\u00ed etapy d\u00e1m v\u0161echno. Snad pro n\u00e1s z\u00e1vod skon\u010d\u00ed dob\u0159e.\u201c<\/em><\/p>\n<p>\u010ctvrt\u00fd \u010das v etap\u011b je dosud nejlep\u0161\u00edm d\u00edl\u010d\u00edm v\u00fdsledkem <a href=\"\/index.php\/osobnosti\/matthias-walkner\/\">Matthiase Walknera<\/a> (KTM), kter\u00fd se v Chile stejn\u011b jako Price a Quintanilla po zran\u011bn\u00ed vr\u00e1til do koloto\u010de <a href=\"\/index.php\/sampionaty\/ms-fim-ccr-2019\/\">Mistrovstv\u00ed sv\u011bta FIM v cross-country rally<\/a>.<\/p>\n<p><em>\u201eZat\u00edm mi chyb\u00ed rychlost, proto se sna\u017e\u00edm o perfektn\u00ed navigaci. Dne\u0161n\u00ed etapu jsem si u\u017eil, ale v\u00edm, \u017ee je tu p\u00e1r v\u011bc\u00ed, na nich\u017e mus\u00edm zapracovat, abych byl op\u011bt tak rychl\u00ed jako ti nejlep\u0161\u00ed,\u201c<\/em> p\u0159ipustil <strong>Matthias Walkner<\/strong>.<\/p>\n<p>Sobotn\u00ed z\u00e1v\u011bre\u010dn\u00e1 etapa m\u011b\u0159\u00ed 260 kilometr\u016f, z nich\u017e se 183 pojede na \u010das v r\u00e1mci rychlostn\u00ed zkou\u0161ky.[\/vc_column_text][vc_column_text css_animation=&#8221;fadeIn&#8221;]<\/p>\n<table style=\"width: 97.7654%;\" rules=\"rows\" cellpadding=\"4px\">\n<tbody>\n<tr style=\"background-color: #9e9d9d; color: white;\">\n<td style=\"text-align: center;\" colspan=\"4\"><span style=\"font-size: 10pt;\"><strong>Rally Atacama 2019<br \/>\nMOTOCYKLY<br \/>\npr\u016fb\u011b\u017en\u00e9 po\u0159ad\u00ed po 4. etap\u011b<\/strong><\/span><\/td>\n<\/tr>\n<tr style=\"background-color: #dbd9d9;\">\n<td>1.<\/td>\n<td>Pablo Quintanilla<\/td>\n<td>Husqvarna FR 450 Rally<\/td>\n<td style=\"text-align: right;\">13:17:56<\/td>\n<\/tr>\n<tr style=\"background-color: #f2f2f2;\">\n<td>2.<\/td>\n<td>Sam Sunderland<\/td>\n<td>KTM 450 Rally<\/td>\n<td style=\"text-align: right;\">+0:54<\/td>\n<\/tr>\n<tr style=\"background-color: #dbd9d9;\">\n<td>3.<\/td>\n<td>Toby Price<\/td>\n<td>KTM 450 Rally<\/td>\n<td style=\"text-align: right;\">+5:20<\/td>\n<\/tr>\n<tr style=\"background-color: #f2f2f2;\">\n<td>4.<\/td>\n<td>Joan Barreda<\/td>\n<td>Honda CRF450 Rally<\/td>\n<td style=\"text-align: right;\">+6:42<\/td>\n<\/tr>\n<tr style=\"background-color: #dbd9d9;\">\n<td>5.<\/td>\n<td>Kevin Benavides<\/td>\n<td>Honda CRF450 Rally<\/td>\n<td style=\"text-align: right;\">+8:59<\/td>\n<\/tr>\n<tr style=\"background-color: #f2f2f2;\">\n<td>6.<\/td>\n<td>Ricky Brabec<\/td>\n<td>Honda CRF450 Rally<\/td>\n<td style=\"text-align: right;\">+16:02<\/td>\n<\/tr>\n<tr style=\"background-color: #dbd9d9;\">\n<td>7.<\/td>\n<td>Andrew Short<\/td>\n<td>Husqvarna FR 450 Rally<\/td>\n<td style=\"text-align: right;\">+21:34<\/td>\n<\/tr>\n<tr style=\"background-color: #f2f2f2;\">\n<td>8.<\/td>\n<td>Matthias Walkner<\/td>\n<td>KTM 450 Rally<\/td>\n<td style=\"text-align: right;\">+24:10<\/td>\n<\/tr>\n<tr style=\"background-color: #dbd9d9;\">\n<td>9.<\/td>\n<td>Jos\u00e9 Ignacio Cornejo<\/td>\n<td>Honda CRF450 Rally<\/td>\n<td style=\"text-align: right;\">+27:28<\/td>\n<\/tr>\n<tr style=\"background-color: #f2f2f2;\">\n<td>10.<\/td>\n<td>Luciano Benavides<\/td>\n<td>KTM 450 Rally<\/td>\n<td style=\"text-align: right;\">+29:49<\/td>\n<\/tr>\n<\/tbody>\n<\/table>\n<p>[\/vc_column_text][\/vc_column][\/vc_row]<\/p>\n","protected":false},"excerpt":{"rendered":"<p>Toby Price vyhr\u00e1l mimo\u0159\u00e1dn\u011b n\u00e1ro\u010dnou p\u0159edposledn\u00ed etapu Atacama Rally a v pr\u016fb\u011b\u017en\u00e9m hodnocen\u00ed se posunul na medailov\u00e9 pozice.<\/p>\n","protected":false},"author":1,"featured_media":11288,"comment_status":"open","ping_status":"closed","sticky":false,"template":"","format":"standard","meta":{"footnotes":""},"categories":[1452,154,15],"tags":[425,1453,1432,129,923,759,791,64,756,761,230,63,127,211,156,755,215,225,126],"class_list":["post-11291","post","type-post","status-publish","format-standard","has-post-thumbnail","hentry","category-atacama-rally","category-fim-ccr","category-moto-quad","tag-425","tag-atacama-rally","tag-atacama-rally-2019","tag-honda","tag-honda-racing","tag-honda-team","tag-hrc","tag-husqvarna","tag-husqvarna-factory-racing","tag-joan-barreda","tag-kevin-benavides","tag-ktm","tag-ktm-factory-racing","tag-matthias-walkner","tag-ms-fim-ccr","tag-ms-fim-ccr-2019","tag-pablo-quintanilla","tag-sam-sunderland","tag-toby-price"],"yoast_head":"<!-- This site is optimized with the Yoast SEO plugin v24.9 - https:\/\/yoast.com\/wordpress\/plugins\/seo\/ -->\n<title>Atacama Rally: Z\u00e1\u0159il Price, Quintanilla zav\u00e1hal - DAKARMANIA.cz<\/title>\n<meta name=\"description\" content=\"Toby Price vyhr\u00e1l mimo\u0159\u00e1dn\u011b n\u00e1ro\u010dnou p\u0159edposledn\u00ed etapu Atacama Rally a v pr\u016fb\u011b\u017en\u00e9m hodnocen\u00ed se posunul na medailov\u00e9 pozice.\" \/>\n<meta name=\"robots\" content=\"index, follow, max-snippet:-1, max-image-preview:large, max-video-preview:-1\" \/>\n<link rel=\"canonical\" href=\"https:\/\/www.dakarmania.cz\/index.php\/2019\/09\/07\/atacama-rally-zaril-price\/\" \/>\n<meta property=\"og:locale\" content=\"cs_CZ\" \/>\n<meta property=\"og:type\" content=\"article\" \/>\n<meta property=\"og:title\" content=\"Atacama Rally: Z\u00e1\u0159il Price, Quintanilla zav\u00e1hal - DAKARMANIA.cz\" \/>\n<meta property=\"og:description\" content=\"Toby Price vyhr\u00e1l mimo\u0159\u00e1dn\u011b n\u00e1ro\u010dnou p\u0159edposledn\u00ed etapu Atacama Rally a v pr\u016fb\u011b\u017en\u00e9m hodnocen\u00ed se posunul na medailov\u00e9 pozice.\" \/>\n<meta property=\"og:url\" content=\"https:\/\/www.dakarmania.cz\/index.php\/2019\/09\/07\/atacama-rally-zaril-price\/\" \/>\n<meta property=\"og:site_name\" content=\"DAKARMANIA.cz\" \/>\n<meta property=\"article:publisher\" content=\"https:\/\/www.facebook.com\/dakarmania\/\" \/>\n<meta property=\"article:published_time\" content=\"2019-09-07T00:00:31+00:00\" \/>\n<meta property=\"article:modified_time\" content=\"2019-09-07T22:52:49+00:00\" \/>\n<meta property=\"og:image\" content=\"https:\/\/www.dakarmania.cz\/wp-content\/uploads\/2019\/09\/19-atacama-price-01.jpg\" \/>\n\t<meta property=\"og:image:width\" content=\"1024\" \/>\n\t<meta property=\"og:image:height\" content=\"683\" \/>\n\t<meta property=\"og:image:type\" content=\"image\/jpeg\" \/>\n<meta name=\"author\" content=\"Zden\u011bk Zelenka\" \/>\n<meta name=\"twitter:card\" content=\"summary_large_image\" \/>\n<meta name=\"twitter:label1\" content=\"Napsal(a)\" \/>\n\t<meta name=\"twitter:data1\" content=\"Zden\u011bk Zelenka\" \/>\n\t<meta name=\"twitter:label2\" content=\"Odhadovan\u00e1 doba \u010dten\u00ed\" \/>\n\t<meta name=\"twitter:data2\" content=\"5 minut\" \/>\n<script type=\"application\/ld+json\" class=\"yoast-schema-graph\">{\"@context\":\"https:\/\/schema.org\",\"@graph\":[{\"@type\":\"Article\",\"@id\":\"https:\/\/www.dakarmania.cz\/index.php\/2019\/09\/07\/atacama-rally-zaril-price\/#article\",\"isPartOf\":{\"@id\":\"https:\/\/www.dakarmania.cz\/index.php\/2019\/09\/07\/atacama-rally-zaril-price\/\"},\"author\":{\"name\":\"Zden\u011bk Zelenka\",\"@id\":\"https:\/\/www.dakarmania.cz\/#\/schema\/person\/04eb0e87a389631c2169c0dddae7ff1e\"},\"headline\":\"Atacama Rally: Z\u00e1\u0159il Price, Quintanilla zav\u00e1hal\",\"datePublished\":\"2019-09-07T00:00:31+00:00\",\"dateModified\":\"2019-09-07T22:52:49+00:00\",\"mainEntityOfPage\":{\"@id\":\"https:\/\/www.dakarmania.cz\/index.php\/2019\/09\/07\/atacama-rally-zaril-price\/\"},\"wordCount\":926,\"commentCount\":0,\"publisher\":{\"@id\":\"https:\/\/www.dakarmania.cz\/#organization\"},\"image\":{\"@id\":\"https:\/\/www.dakarmania.cz\/index.php\/2019\/09\/07\/atacama-rally-zaril-price\/#primaryimage\"},\"thumbnailUrl\":\"https:\/\/www.dakarmania.cz\/wp-content\/uploads\/2019\/09\/19-atacama-price-01.jpg\",\"keywords\":[\"2019\",\"Atacama Rally\",\"Atacama Rally 2019\",\"Honda\",\"Honda Racing\",\"Honda Team\",\"HRC\",\"Husqvarna\",\"Husqvarna Factory Racing\",\"Joan Barreda\",\"Kevin Benavides\",\"KTM\",\"KTM Factory Racing\",\"Matthias Walkner\",\"MS FIM CCR\",\"MS FIM CCR 2019\",\"Pablo Quintanilla\",\"Sam Sunderland\",\"Toby Price\"],\"articleSection\":[\"Atacama Rally\",\"FIM MS CCR\",\"Moto\/Quad\"],\"inLanguage\":\"cs\",\"potentialAction\":[{\"@type\":\"CommentAction\",\"name\":\"Comment\",\"target\":[\"https:\/\/www.dakarmania.cz\/index.php\/2019\/09\/07\/atacama-rally-zaril-price\/#respond\"]}]},{\"@type\":\"WebPage\",\"@id\":\"https:\/\/www.dakarmania.cz\/index.php\/2019\/09\/07\/atacama-rally-zaril-price\/\",\"url\":\"https:\/\/www.dakarmania.cz\/index.php\/2019\/09\/07\/atacama-rally-zaril-price\/\",\"name\":\"Atacama Rally: Z\u00e1\u0159il Price, Quintanilla zav\u00e1hal - DAKARMANIA.cz\",\"isPartOf\":{\"@id\":\"https:\/\/www.dakarmania.cz\/#website\"},\"primaryImageOfPage\":{\"@id\":\"https:\/\/www.dakarmania.cz\/index.php\/2019\/09\/07\/atacama-rally-zaril-price\/#primaryimage\"},\"image\":{\"@id\":\"https:\/\/www.dakarmania.cz\/index.php\/2019\/09\/07\/atacama-rally-zaril-price\/#primaryimage\"},\"thumbnailUrl\":\"https:\/\/www.dakarmania.cz\/wp-content\/uploads\/2019\/09\/19-atacama-price-01.jpg\",\"datePublished\":\"2019-09-07T00:00:31+00:00\",\"dateModified\":\"2019-09-07T22:52:49+00:00\",\"description\":\"Toby Price vyhr\u00e1l mimo\u0159\u00e1dn\u011b n\u00e1ro\u010dnou p\u0159edposledn\u00ed etapu Atacama Rally a v pr\u016fb\u011b\u017en\u00e9m hodnocen\u00ed se posunul na medailov\u00e9 pozice.\",\"breadcrumb\":{\"@id\":\"https:\/\/www.dakarmania.cz\/index.php\/2019\/09\/07\/atacama-rally-zaril-price\/#breadcrumb\"},\"inLanguage\":\"cs\",\"potentialAction\":[{\"@type\":\"ReadAction\",\"target\":[\"https:\/\/www.dakarmania.cz\/index.php\/2019\/09\/07\/atacama-rally-zaril-price\/\"]}]},{\"@type\":\"ImageObject\",\"inLanguage\":\"cs\",\"@id\":\"https:\/\/www.dakarmania.cz\/index.php\/2019\/09\/07\/atacama-rally-zaril-price\/#primaryimage\",\"url\":\"https:\/\/www.dakarmania.cz\/wp-content\/uploads\/2019\/09\/19-atacama-price-01.jpg\",\"contentUrl\":\"https:\/\/www.dakarmania.cz\/wp-content\/uploads\/2019\/09\/19-atacama-price-01.jpg\",\"width\":1024,\"height\":683,\"caption\":\"Toby Price, KTM 450 Rally, Red Bull KTM Factory Racing. Atacama Rally 2019. \u00a9 KTM\"},{\"@type\":\"BreadcrumbList\",\"@id\":\"https:\/\/www.dakarmania.cz\/index.php\/2019\/09\/07\/atacama-rally-zaril-price\/#breadcrumb\",\"itemListElement\":[{\"@type\":\"ListItem\",\"position\":1,\"name\":\"Dom\u016f\",\"item\":\"https:\/\/www.dakarmania.cz\/\"},{\"@type\":\"ListItem\",\"position\":2,\"name\":\"Atacama Rally: Z\u00e1\u0159il Price, Quintanilla zav\u00e1hal\"}]},{\"@type\":\"WebSite\",\"@id\":\"https:\/\/www.dakarmania.cz\/#website\",\"url\":\"https:\/\/www.dakarmania.cz\/\",\"name\":\"DAKARMANIA.cz\",\"description\":\"\u017dijeme Dakarem cel\u00fd rok\",\"publisher\":{\"@id\":\"https:\/\/www.dakarmania.cz\/#organization\"},\"potentialAction\":[{\"@type\":\"SearchAction\",\"target\":{\"@type\":\"EntryPoint\",\"urlTemplate\":\"https:\/\/www.dakarmania.cz\/?s={search_term_string}\"},\"query-input\":{\"@type\":\"PropertyValueSpecification\",\"valueRequired\":true,\"valueName\":\"search_term_string\"}}],\"inLanguage\":\"cs\"},{\"@type\":\"Organization\",\"@id\":\"https:\/\/www.dakarmania.cz\/#organization\",\"name\":\"DAKAR MANIA\",\"url\":\"https:\/\/www.dakarmania.cz\/\",\"logo\":{\"@type\":\"ImageObject\",\"inLanguage\":\"cs\",\"@id\":\"https:\/\/www.dakarmania.cz\/#\/schema\/logo\/image\/\",\"url\":\"https:\/\/www.dakarmania.cz\/wp-content\/uploads\/2018\/12\/Dakar-Mania-Logo-Square-Orange.png\",\"contentUrl\":\"https:\/\/www.dakarmania.cz\/wp-content\/uploads\/2018\/12\/Dakar-Mania-Logo-Square-Orange.png\",\"width\":992,\"height\":992,\"caption\":\"DAKAR MANIA\"},\"image\":{\"@id\":\"https:\/\/www.dakarmania.cz\/#\/schema\/logo\/image\/\"},\"sameAs\":[\"https:\/\/www.facebook.com\/dakarmania\/\"]},{\"@type\":\"Person\",\"@id\":\"https:\/\/www.dakarmania.cz\/#\/schema\/person\/04eb0e87a389631c2169c0dddae7ff1e\",\"name\":\"Zden\u011bk Zelenka\",\"image\":{\"@type\":\"ImageObject\",\"inLanguage\":\"cs\",\"@id\":\"https:\/\/www.dakarmania.cz\/#\/schema\/person\/image\/\",\"url\":\"https:\/\/secure.gravatar.com\/avatar\/2c80d5a4942fe0900b73cc7d3837a509d6ee0a276a2b76dac95c92bd0763a89b?s=96&d=mm&r=g\",\"contentUrl\":\"https:\/\/secure.gravatar.com\/avatar\/2c80d5a4942fe0900b73cc7d3837a509d6ee0a276a2b76dac95c92bd0763a89b?s=96&d=mm&r=g\",\"caption\":\"Zden\u011bk Zelenka\"},\"description\":\"Moji d\u011bt\u0161t\u00ed hrdinov\u00e9 se jmenovali Loprais, Moskal, Neveu, Vatanen, Rahier... A tihle borci, jejich n\u00e1sledovn\u00edci a jejich p\u0159\u00edb\u011bhy m\u011b nep\u0159estali fascinovat ani po letech, kdy jsem vyrostl a zam\u011bstn\u00e1valy m\u011b jin\u00e9 discipl\u00edny motorsportu. Proto se zrodila DAKARMANIA.\",\"url\":\"https:\/\/www.dakarmania.cz\/index.php\/author\/dakarmania\/\"}]}<\/script>\n<!-- \/ Yoast SEO plugin. -->","yoast_head_json":{"title":"Atacama Rally: Z\u00e1\u0159il Price, Quintanilla zav\u00e1hal - DAKARMANIA.cz","description":"Toby Price vyhr\u00e1l mimo\u0159\u00e1dn\u011b n\u00e1ro\u010dnou p\u0159edposledn\u00ed etapu Atacama Rally a v pr\u016fb\u011b\u017en\u00e9m hodnocen\u00ed se posunul na medailov\u00e9 pozice.","robots":{"index":"index","follow":"follow","max-snippet":"max-snippet:-1","max-image-preview":"max-image-preview:large","max-video-preview":"max-video-preview:-1"},"canonical":"https:\/\/www.dakarmania.cz\/index.php\/2019\/09\/07\/atacama-rally-zaril-price\/","og_locale":"cs_CZ","og_type":"article","og_title":"Atacama Rally: Z\u00e1\u0159il Price, Quintanilla zav\u00e1hal - DAKARMANIA.cz","og_description":"Toby Price vyhr\u00e1l mimo\u0159\u00e1dn\u011b n\u00e1ro\u010dnou p\u0159edposledn\u00ed etapu Atacama Rally a v pr\u016fb\u011b\u017en\u00e9m hodnocen\u00ed se posunul na medailov\u00e9 pozice.","og_url":"https:\/\/www.dakarmania.cz\/index.php\/2019\/09\/07\/atacama-rally-zaril-price\/","og_site_name":"DAKARMANIA.cz","article_publisher":"https:\/\/www.facebook.com\/dakarmania\/","article_published_time":"2019-09-07T00:00:31+00:00","article_modified_time":"2019-09-07T22:52:49+00:00","og_image":[{"width":1024,"height":683,"url":"https:\/\/www.dakarmania.cz\/wp-content\/uploads\/2019\/09\/19-atacama-price-01.jpg","type":"image\/jpeg"}],"author":"Zden\u011bk Zelenka","twitter_card":"summary_large_image","twitter_misc":{"Napsal(a)":"Zden\u011bk Zelenka","Odhadovan\u00e1 doba \u010dten\u00ed":"5 minut"},"schema":{"@context":"https:\/\/schema.org","@graph":[{"@type":"Article","@id":"https:\/\/www.dakarmania.cz\/index.php\/2019\/09\/07\/atacama-rally-zaril-price\/#article","isPartOf":{"@id":"https:\/\/www.dakarmania.cz\/index.php\/2019\/09\/07\/atacama-rally-zaril-price\/"},"author":{"name":"Zden\u011bk Zelenka","@id":"https:\/\/www.dakarmania.cz\/#\/schema\/person\/04eb0e87a389631c2169c0dddae7ff1e"},"headline":"Atacama Rally: Z\u00e1\u0159il Price, Quintanilla zav\u00e1hal","datePublished":"2019-09-07T00:00:31+00:00","dateModified":"2019-09-07T22:52:49+00:00","mainEntityOfPage":{"@id":"https:\/\/www.dakarmania.cz\/index.php\/2019\/09\/07\/atacama-rally-zaril-price\/"},"wordCount":926,"commentCount":0,"publisher":{"@id":"https:\/\/www.dakarmania.cz\/#organization"},"image":{"@id":"https:\/\/www.dakarmania.cz\/index.php\/2019\/09\/07\/atacama-rally-zaril-price\/#primaryimage"},"thumbnailUrl":"https:\/\/www.dakarmania.cz\/wp-content\/uploads\/2019\/09\/19-atacama-price-01.jpg","keywords":["2019","Atacama Rally","Atacama Rally 2019","Honda","Honda Racing","Honda Team","HRC","Husqvarna","Husqvarna Factory Racing","Joan Barreda","Kevin Benavides","KTM","KTM Factory Racing","Matthias Walkner","MS FIM CCR","MS FIM CCR 2019","Pablo Quintanilla","Sam Sunderland","Toby Price"],"articleSection":["Atacama Rally","FIM MS CCR","Moto\/Quad"],"inLanguage":"cs","potentialAction":[{"@type":"CommentAction","name":"Comment","target":["https:\/\/www.dakarmania.cz\/index.php\/2019\/09\/07\/atacama-rally-zaril-price\/#respond"]}]},{"@type":"WebPage","@id":"https:\/\/www.dakarmania.cz\/index.php\/2019\/09\/07\/atacama-rally-zaril-price\/","url":"https:\/\/www.dakarmania.cz\/index.php\/2019\/09\/07\/atacama-rally-zaril-price\/","name":"Atacama Rally: Z\u00e1\u0159il Price, Quintanilla zav\u00e1hal - DAKARMANIA.cz","isPartOf":{"@id":"https:\/\/www.dakarmania.cz\/#website"},"primaryImageOfPage":{"@id":"https:\/\/www.dakarmania.cz\/index.php\/2019\/09\/07\/atacama-rally-zaril-price\/#primaryimage"},"image":{"@id":"https:\/\/www.dakarmania.cz\/index.php\/2019\/09\/07\/atacama-rally-zaril-price\/#primaryimage"},"thumbnailUrl":"https:\/\/www.dakarmania.cz\/wp-content\/uploads\/2019\/09\/19-atacama-price-01.jpg","datePublished":"2019-09-07T00:00:31+00:00","dateModified":"2019-09-07T22:52:49+00:00","description":"Toby Price vyhr\u00e1l mimo\u0159\u00e1dn\u011b n\u00e1ro\u010dnou p\u0159edposledn\u00ed etapu Atacama Rally a v pr\u016fb\u011b\u017en\u00e9m hodnocen\u00ed se posunul na medailov\u00e9 pozice.","breadcrumb":{"@id":"https:\/\/www.dakarmania.cz\/index.php\/2019\/09\/07\/atacama-rally-zaril-price\/#breadcrumb"},"inLanguage":"cs","potentialAction":[{"@type":"ReadAction","target":["https:\/\/www.dakarmania.cz\/index.php\/2019\/09\/07\/atacama-rally-zaril-price\/"]}]},{"@type":"ImageObject","inLanguage":"cs","@id":"https:\/\/www.dakarmania.cz\/index.php\/2019\/09\/07\/atacama-rally-zaril-price\/#primaryimage","url":"https:\/\/www.dakarmania.cz\/wp-content\/uploads\/2019\/09\/19-atacama-price-01.jpg","contentUrl":"https:\/\/www.dakarmania.cz\/wp-content\/uploads\/2019\/09\/19-atacama-price-01.jpg","width":1024,"height":683,"caption":"Toby Price, KTM 450 Rally, Red Bull KTM Factory Racing. Atacama Rally 2019. \u00a9 KTM"},{"@type":"BreadcrumbList","@id":"https:\/\/www.dakarmania.cz\/index.php\/2019\/09\/07\/atacama-rally-zaril-price\/#breadcrumb","itemListElement":[{"@type":"ListItem","position":1,"name":"Dom\u016f","item":"https:\/\/www.dakarmania.cz\/"},{"@type":"ListItem","position":2,"name":"Atacama Rally: Z\u00e1\u0159il Price, Quintanilla zav\u00e1hal"}]},{"@type":"WebSite","@id":"https:\/\/www.dakarmania.cz\/#website","url":"https:\/\/www.dakarmania.cz\/","name":"DAKARMANIA.cz","description":"\u017dijeme Dakarem cel\u00fd rok","publisher":{"@id":"https:\/\/www.dakarmania.cz\/#organization"},"potentialAction":[{"@type":"SearchAction","target":{"@type":"EntryPoint","urlTemplate":"https:\/\/www.dakarmania.cz\/?s={search_term_string}"},"query-input":{"@type":"PropertyValueSpecification","valueRequired":true,"valueName":"search_term_string"}}],"inLanguage":"cs"},{"@type":"Organization","@id":"https:\/\/www.dakarmania.cz\/#organization","name":"DAKAR MANIA","url":"https:\/\/www.dakarmania.cz\/","logo":{"@type":"ImageObject","inLanguage":"cs","@id":"https:\/\/www.dakarmania.cz\/#\/schema\/logo\/image\/","url":"https:\/\/www.dakarmania.cz\/wp-content\/uploads\/2018\/12\/Dakar-Mania-Logo-Square-Orange.png","contentUrl":"https:\/\/www.dakarmania.cz\/wp-content\/uploads\/2018\/12\/Dakar-Mania-Logo-Square-Orange.png","width":992,"height":992,"caption":"DAKAR MANIA"},"image":{"@id":"https:\/\/www.dakarmania.cz\/#\/schema\/logo\/image\/"},"sameAs":["https:\/\/www.facebook.com\/dakarmania\/"]},{"@type":"Person","@id":"https:\/\/www.dakarmania.cz\/#\/schema\/person\/04eb0e87a389631c2169c0dddae7ff1e","name":"Zden\u011bk Zelenka","image":{"@type":"ImageObject","inLanguage":"cs","@id":"https:\/\/www.dakarmania.cz\/#\/schema\/person\/image\/","url":"https:\/\/secure.gravatar.com\/avatar\/2c80d5a4942fe0900b73cc7d3837a509d6ee0a276a2b76dac95c92bd0763a89b?s=96&d=mm&r=g","contentUrl":"https:\/\/secure.gravatar.com\/avatar\/2c80d5a4942fe0900b73cc7d3837a509d6ee0a276a2b76dac95c92bd0763a89b?s=96&d=mm&r=g","caption":"Zden\u011bk Zelenka"},"description":"Moji d\u011bt\u0161t\u00ed hrdinov\u00e9 se jmenovali Loprais, Moskal, Neveu, Vatanen, Rahier... A tihle borci, jejich n\u00e1sledovn\u00edci a jejich p\u0159\u00edb\u011bhy m\u011b nep\u0159estali fascinovat ani po letech, kdy jsem vyrostl a zam\u011bstn\u00e1valy m\u011b jin\u00e9 discipl\u00edny motorsportu. Proto se zrodila DAKARMANIA.","url":"https:\/\/www.dakarmania.cz\/index.php\/author\/dakarmania\/"}]}},"amp_enabled":true,"_links":{"self":[{"href":"https:\/\/www.dakarmania.cz\/index.php\/wp-json\/wp\/v2\/posts\/11291","targetHints":{"allow":["GET"]}}],"collection":[{"href":"https:\/\/www.dakarmania.cz\/index.php\/wp-json\/wp\/v2\/posts"}],"about":[{"href":"https:\/\/www.dakarmania.cz\/index.php\/wp-json\/wp\/v2\/types\/post"}],"author":[{"embeddable":true,"href":"https:\/\/www.dakarmania.cz\/index.php\/wp-json\/wp\/v2\/users\/1"}],"replies":[{"embeddable":true,"href":"https:\/\/www.dakarmania.cz\/index.php\/wp-json\/wp\/v2\/comments?post=11291"}],"version-history":[{"count":4,"href":"https:\/\/www.dakarmania.cz\/index.php\/wp-json\/wp\/v2\/posts\/11291\/revisions"}],"predecessor-version":[{"id":11318,"href":"https:\/\/www.dakarmania.cz\/index.php\/wp-json\/wp\/v2\/posts\/11291\/revisions\/11318"}],"wp:featuredmedia":[{"embeddable":true,"href":"https:\/\/www.dakarmania.cz\/index.php\/wp-json\/wp\/v2\/media\/11288"}],"wp:attachment":[{"href":"https:\/\/www.dakarmania.cz\/index.php\/wp-json\/wp\/v2\/media?parent=11291"}],"wp:term":[{"taxonomy":"category","embeddable":true,"href":"https:\/\/www.dakarmania.cz\/index.php\/wp-json\/wp\/v2\/categories?post=11291"},{"taxonomy":"post_tag","embeddable":true,"href":"https:\/\/www.dakarmania.cz\/index.php\/wp-json\/wp\/v2\/tags?post=11291"}],"curies":[{"name":"wp","href":"https:\/\/api.w.org\/{rel}","templated":true}]}}