{"id":11788,"date":"2019-09-25T17:33:34","date_gmt":"2019-09-25T15:33:34","guid":{"rendered":"https:\/\/www.dakarmania.cz\/?p=11788"},"modified":"2019-11-06T14:53:04","modified_gmt":"2019-11-06T13:53:04","slug":"ceske-duo-proti-25-tovarnim-jezdcum","status":"publish","type":"post","link":"https:\/\/www.dakarmania.cz\/index.php\/2019\/09\/25\/ceske-duo-proti-25-tovarnim-jezdcum\/","title":{"rendered":"Du Maroc: \u010cesk\u00e9 duo proti 25 tov\u00e1rn\u00edm jezdc\u016fm"},"content":{"rendered":"<p>[vc_row][vc_column][vc_column_text css_animation=&#8221;fadeIn&#8221;]<\/p>\n<h4>Rallye du Maroc nen\u00ed pouze z\u00e1v\u011bre\u010dn\u00fdm podnikem sezony Mistrovstv\u00ed sv\u011bta FIM v cross-country rally. V p\u0159\u00edpad\u011b v\u011bt\u0161iny \u00fa\u010dastn\u00edk\u016f se jedn\u00e1 o d\u016fle\u017eitou gener\u00e1lku p\u0159ed Rally Dakar. A tomu odpov\u00edd\u00e1 kvalita startovn\u00edho pole.<\/h4>\n<p>Mezi 57 p\u0159ihl\u00e1\u0161en\u00fdmi motocyklisty m\u00e1 d\u00edky t\u00fdmu Orion \u2013 Moto Racing Group dvojn\u00e1sobn\u00e9 zastoupen\u00ed tak\u00e9 \u010cesk\u00e1 republika. <a href=\"\/index.php\/osobnosti\/milan-engel\/\">Milan Engel<\/a> si letos p\u0159ipsal dv\u011b p\u00f3diov\u00e1 um\u00edst\u011bn\u00ed na \u0159eck\u00fdch sout\u011b\u017e\u00edch evropsk\u00e9ho \u0161ampion\u00e1tu v cross-country rally, ale osobn\u00ed premi\u00e9ra na <a href=\"\/index.php\/souteze\/maroc-2019\/\">Rallye du Maroc<\/a> pro n\u011bj bude i prvn\u00ed klasickou pou\u0161tn\u00ed rally od lednov\u00e9ho <a href=\"\/index.php\/souteze\/dakar-2019\/\">Dakaru<\/a>.<\/p>\n<p>Engel\u016fv nov\u00fd t\u00fdmov\u00fd kolega <a href=\"\/index.php\/osobnosti\/martin-michek\/\">Martin Michek<\/a> se v \u010dervenci p\u0159i sv\u00e9m debutu v rally bl\u00fdskl p\u00e1t\u00fdm m\u00edstem na \u0161pan\u011blsk\u00e9 <a href=\"\/index.php\/souteze\/baja-aragon-2019\/\">Baje Arag\u00f3n<\/a>, p\u0159esto jede do Maroka hlavn\u011b na zku\u0161enou. Navigace i j\u00edzda v pou\u0161ti budou pro jiho\u010desk\u00e9ho z\u00e1vodn\u00edka naprost\u00fdmi novinkami.[\/vc_column_text][vc_single_image image=&#8221;9256&#8243; img_size=&#8221;large&#8221; add_caption=&#8221;yes&#8221; alignment=&#8221;center&#8221; onclick=&#8221;link_image&#8221; css_animation=&#8221;fadeIn&#8221;][vc_column_text css_animation=&#8221;fadeIn&#8221;]<em>\u201ePro Martina Michka je \u00fa\u010dast sv\u00fdm zp\u016fsobem povinn\u00e1 kv\u016fli navigaci. A hlavn\u011b i j\u00e1 chci v\u011bd\u011bt, jestli to v\u016fbec zvl\u00e1dne,\u201c<\/em> \u0159\u00edk\u00e1 mana\u017eer t\u00fdmu Orion \u2013 Moto Racing Group <strong>Erv\u00edn Kraj\u010dovi\u010d<\/strong>. <em>\u201eSamoz\u0159ejm\u011b nechceme ud\u011blat ostudu, ale tentokr\u00e1t n\u00e1m o v\u00fdsledek \u00fapln\u011b nejde. Chceme hlavn\u011b dob\u0159e potr\u00e9novat a osv\u011b\u017eit si navigaci, proto\u017ee jsme klasickou rally letos je\u0161t\u011b nejeli. Jsem p\u0159ipraven na to, \u017ee prvn\u00ed dva dny se budou kluci v dun\u00e1ch hledat. Ale v\u0161ichni se t\u011b\u0161\u00edme.\u201c<\/em><\/p>\n<p>Oproti p\u016fvodn\u00edm pl\u00e1n\u016fm se v okol\u00ed Fezu, resp. Erfoudu nep\u0159edstav\u00ed Klym\u010diw Racing. T\u00fdm Ond\u0159eje Klym\u010diwa st\u00e1hl svou p\u0159ihl\u00e1\u0161ku <a href=\"\/index.php\/2019\/09\/01\/serres-skyler-howes-skoncil-po-padu-v-nemocnici\/\">po hav\u00e1rii Skylera Howese<\/a> na \u0159eck\u00e9 Serres Rally. Vych\u00e1zej\u00edc\u00ed americk\u00e1 hv\u011bzda musela podstoupit operaci obratle a nestihla se na z\u00e1vod p\u0159ipravit.[\/vc_column_text][vc_single_image image=&#8221;11784&#8243; img_size=&#8221;large&#8221; add_caption=&#8221;yes&#8221; alignment=&#8221;center&#8221; onclick=&#8221;link_image&#8221; css_animation=&#8221;fadeIn&#8221;][vc_column_text css_animation=&#8221;fadeIn&#8221;]Mimo\u0159\u00e1dn\u011b kvalitn\u00ed sport slibuje \u00fa\u010dast \u0161estice tov\u00e1rn\u00edch t\u00fdm\u016f, v jejich\u017e barv\u00e1ch se p\u0159edstav\u00ed p\u011btadvacet jezdc\u016f.<\/p>\n<h4>KTM kompletn\u00ed<\/h4>\n<p>Hlavn\u00ed oporou st\u00e1je Red Bull KTM Factory Racing by m\u011bl b\u00fdt <a href=\"\/index.php\/osobnosti\/sunderland-sam\/\">Sam Sunderland<\/a>, kter\u00fd si u\u017e po <a href=\"\/index.php\/souteze\/atacama-rally-2019\/\">Atacama Rally<\/a> zajistil mistrovsk\u00fd titul. <a href=\"\/index.php\/osobnosti\/toby-price\/\">Toby Price<\/a> a <a href=\"\/index.php\/osobnosti\/matthias-walkner\/\">Matthias Walkner<\/a> p\u0159ed rokem v Maroku obsadili prvn\u00ed dv\u011b m\u00edsta. Jen\u017ee letos jsou v jin\u00e9 situaci. Po dlouh\u00e9 rekonvalescenci se do sv\u011btov\u00e9ho \u0161ampion\u00e1tu vr\u00e1tili a\u017e v z\u00e1\u0159\u00ed v Chile, a tak oba p\u0159edev\u0161\u00edm lad\u00ed formu sm\u011brem k <a href=\"\/index.php\/souteze\/dakar-2020\/\">Dakaru 2020<\/a>.<\/p>\n<p>Tov\u00e1rn\u00ed techniku rakousk\u00e9 zna\u010dky budou m\u00edt k dispozici tak\u00e9 \u0160pan\u011blka Laia Sanz, Portugalec M\u00e1rio Patr\u00e3o a Argentinec <a href=\"\/index.php\/osobnosti\/luciano-benavides\/\">Luciano Benavides<\/a>, kter\u00fd se pokus\u00ed uh\u00e1jit prvn\u00ed p\u0159\u00ed\u010dku v hodnocen\u00ed \u0161ampion\u00e1tu junior\u016f.<\/p>\n<h4>Honda s nov\u00e1\u010dkem<\/h4>\n<p>P\u011bt jezdc\u016f do z\u00e1vodu nasad\u00ed Monster Energy Honda Team. Krom\u011b st\u00e1lic Joana Barredy, <a href=\"\/index.php\/osobnosti\/kevin-benavides\/\">Kevina Benavidese<\/a>, <a href=\"\/index.php\/osobnosti\/ricky-brabec\/\">Rickyho Brabeca<\/a> a mlad\u00e9ho Jos\u00e9ho Ignacia Corneja dost\u00e1v\u00e1 podruh\u00e9 p\u0159\u00edle\u017eitost Jihoafri\u010dan Aaron Mar\u00e9. V\u00edt\u011bz leto\u0161n\u00ed <a href=\"\/index.php\/sampionaty\/svetovy-pohar-fia-v-cross-country-bajach-2019\/dubai-international-baja-2019\/\">dubajsk\u00e9 baji<\/a> startoval s podporou Hondy u\u017e na z\u00e1\u0159ijov\u00e9 Atacama Rally a od veden\u00ed t\u00fdmu si vyslou\u017eil dal\u0161\u00ed \u0161anci, aby p\u0159edvedl sv\u00e9 kvality.[\/vc_column_text][vc_single_image image=&#8221;11786&#8243; img_size=&#8221;large&#8221; add_caption=&#8221;yes&#8221; alignment=&#8221;center&#8221; onclick=&#8221;link_image&#8221; css_animation=&#8221;fadeIn&#8221;][vc_column_text css_animation=&#8221;fadeIn&#8221;]Z trojice hv\u011bzd, kter\u00e9 prvn\u00ed polovinu sezony odepsaly kv\u016fli zran\u011bn\u00edm, se na Atacama Rally prezentoval nejl\u00e9pe <a href=\"\/index.php\/osobnosti\/pablo-quintanilla\/\">Pablo Quintanilla<\/a>. Chilan dok\u00e1zal svou dom\u00e1c\u00ed sout\u011b\u017e vyhr\u00e1t u\u017e po\u0161est\u00e9 a je op\u011bt leaderem st\u00e1je Rockstar Energy Husqvarna Factory Racing. Jeho americk\u00fd t\u00fdmov\u00fd kolega <a href=\"\/index.php\/osobnosti\/andrew-short\/\">Andrew Short<\/a> b\u011bhem roku poctiv\u011b sb\u00edral body, ale o druh\u00e9 m\u00edsto v \u0161ampion\u00e1tu bude muset v Maroku je\u0161t\u011b hodn\u011b zabojovat.<\/p>\n<h4>Yamaha s novou technikou<\/h4>\n<p>Yamalube Yamaha Rally Team jihoamerick\u00fd podnik MS vynechal a soust\u0159edil se na testov\u00e1n\u00ed vylep\u0161en\u00e9 Yamahy WR450F Rally, kter\u00e1 v z\u00e1\u0159\u00ed dostala \u0161estistup\u0148ovou p\u0159evodovku. Francouz <a href=\"\/index.php\/osobnosti\/adrien-van-beveren\/\">Adrien Van Beveren<\/a> v Maroku na ja\u0159e vyhr\u00e1l <a href=\"\/index.php\/souteze\/merzouga-rally-2019\/\">Merzouga Rally<\/a> a vysoko m\u00ed\u0159\u00ed i tentokr\u00e1t. Jeho t\u00fdmov\u00fdmi kolegy budou krajan Xavier de Soultrait a Argentinec Franco Caimi.[\/vc_column_text][vc_single_image image=&#8221;11787&#8243; img_size=&#8221;large&#8221; add_caption=&#8221;yes&#8221; alignment=&#8221;center&#8221; onclick=&#8221;link_image&#8221; css_animation=&#8221;fadeIn&#8221;][vc_column_text css_animation=&#8221;fadeIn&#8221;]<\/p>\n<h4>\u010cern\u00ed kon\u011b<\/h4>\n<p>\u201eVelkou \u010dty\u0159ku\u201c se op\u011bt pokus\u00ed potr\u00e1pit ambici\u00f3zn\u00ed sestavy Hero MotoSports a Sherco TVS Rally Factory. Hero bude spol\u00e9hat hlavn\u011b na Portugalce Paula Gon\u00e7alvese a \u0160pan\u011bla Oriola Menu, zat\u00edmco Sherco by m\u011bli t\u00e1hnout Francouz Michael Metge a \u0160pan\u011bl Lorenzo Santolino.<\/p>\n<p>Kvalitn\u00ed konkurenci v\u0161ak p\u0159edstavuj\u00ed i dal\u0161\u00ed z\u00e1vodn\u00edci, mezi nimi\u017e nechyb\u00ed nejlep\u0161\u00ed nov\u00e1\u010dek leto\u0161n\u00edho Dakaru Ross Branch z Botswany, Pol\u00e1ci Maciej Giemza a Adam Tomiczek, Bolivijec Daniel Nosiglia nebo Engel\u016fv b\u00fdval\u00fd t\u00fdmov\u00fd kolega Jacopo Cerutti z It\u00e1lie.<\/p>\n<h4>N\u00e1vrat \u0161ampiona<\/h4>\n<p>Zaj\u00edmav\u00fd z\u00e1vod slibuje i sedmi\u010dlenn\u00e1 skupinka \u010dty\u0159kolk\u00e1\u0159\u016f. Nep\u0159ehl\u00e9dnuteln\u00e9 je ve startovn\u00ed listin\u011b p\u0159edev\u0161\u00edm jm\u00e9no dvojn\u00e1sobn\u00e9ho dakarsk\u00e9ho v\u00edt\u011bze Ignacia Casaleho, kter\u00fd se po lo\u0148sk\u00e9 exkurzi do kategorie SxS vrac\u00ed za \u0159\u00edd\u00edtka quadu.<\/p>\n<p>Motocyklist\u00e9 vstoup\u00ed do Rallye du Maroc 2019 kr\u00e1tk\u00fdm prologem v p\u00e1tek 4. \u0159\u00edjna. N\u00e1sledn\u011b je \u010dek\u00e1 p\u011bt etap o celkov\u00e9 d\u00e9lce 2506 km, z nich\u017e se 1868 pojede v r\u00e1mci rychlostn\u00edch zkou\u0161ek.[\/vc_column_text][vc_btn title=&#8221;Rallye du Maroc 2019: Seznam p\u0159ihl\u00e1\u0161en\u00fdch (moto)&#8221; style=&#8221;outline&#8221; shape=&#8221;square&#8221; color=&#8221;warning&#8221; size=&#8221;sm&#8221; align=&#8221;center&#8221; i_icon_fontawesome=&#8221;fa fa-file-pdf-o&#8221; css_animation=&#8221;fadeIn&#8221; button_block=&#8221;true&#8221; add_icon=&#8221;true&#8221; link=&#8221;url:%2Fwp-content%2Fuploads%2F2019%2F09%2F19-maroc-fim-entry.pdf||target:%20_blank|&#8221;][\/vc_column][\/vc_row]<\/p>\n","protected":false},"excerpt":{"rendered":"<p>Rallye du Maroc nen\u00ed pouze z\u00e1v\u011bre\u010dn\u00fdm podnikem sezony Mistrovstv\u00ed sv\u011bta FIM v cross-country rally. V p\u0159\u00edpad\u011b v\u011bt\u0161iny \u00fa\u010dastn\u00edk\u016f se jedn\u00e1 o d\u016fle\u017eitou gener\u00e1lku p\u0159ed Rally Dakar.<\/p>\n","protected":false},"author":1,"featured_media":11785,"comment_status":"open","ping_status":"closed","sticky":false,"template":"","format":"standard","meta":{"footnotes":""},"categories":[154,15,1191],"tags":[425,553,1317,236,757,1522,109,924,1172,820,129,759,791,64,756,1523,822,761,762,230,63,127,921,926,758,1357,1521,1356,211,234,107,75,156,755,796,215,128,1192,247,222,823,225,152,235,126,214,168,784],"class_list":["post-11788","post","type-post","status-publish","format-standard","has-post-thumbnail","hentry","category-fim-ccr","category-moto-quad","category-rallye-du-maroc","tag-425","tag-aaron-mare","tag-adam-tomiczek","tag-adrien-van-beveren","tag-andrew-short","tag-daniel-nosiglia","tag-ervin-krajcovic","tag-franco-caimi","tag-hero","tag-hero-motosports","tag-honda","tag-honda-team","tag-hrc","tag-husqvarna","tag-husqvarna-factory-racing","tag-ignacio-casale","tag-jacopo-cerutti","tag-joan-barreda","tag-jose-ignacio-cornejo","tag-kevin-benavides","tag-ktm","tag-ktm-factory-racing","tag-laia-sanz","tag-lorenzo-santolino","tag-luciano-benavides","tag-maciej-giemza","tag-mario-patrao","tag-martin-michek","tag-matthias-walkner","tag-michael-metge","tag-milan-engel","tag-mrg","tag-ms-fim-ccr","tag-ms-fim-ccr-2019","tag-oriol-mena","tag-pablo-quintanilla","tag-paulo-goncalves","tag-rallye-du-maroc","tag-rallye-du-maroc-2019","tag-ricky-brabec","tag-ross-branch","tag-sam-sunderland","tag-sherco","tag-sherco-tvs-factory-rally","tag-toby-price","tag-xavier-de-soultrait","tag-yamaha","tag-yamaha-racing"],"yoast_head":"<!-- This site is optimized with the Yoast SEO plugin v24.9 - https:\/\/yoast.com\/wordpress\/plugins\/seo\/ -->\n<title>Du Maroc: \u010cesk\u00e9 duo proti 25 tov\u00e1rn\u00edm jezdc\u016fm - DAKARMANIA.cz<\/title>\n<meta name=\"description\" content=\"Rallye du Maroc nen\u00ed jen z\u00e1v\u011bre\u010dn\u00fdm podnikem Mistrovstv\u00ed sv\u011bta FIM v cross-country rally. Pro v\u011bt\u0161inu \u00fa\u010dastn\u00edk\u016f se jedn\u00e1 tak\u00e9 o gener\u00e1lku p\u0159ed Rally Dakar.\" \/>\n<meta name=\"robots\" content=\"index, follow, max-snippet:-1, max-image-preview:large, max-video-preview:-1\" \/>\n<link rel=\"canonical\" href=\"https:\/\/www.dakarmania.cz\/index.php\/2019\/09\/25\/ceske-duo-proti-25-tovarnim-jezdcum\/\" \/>\n<meta property=\"og:locale\" content=\"cs_CZ\" \/>\n<meta property=\"og:type\" content=\"article\" \/>\n<meta property=\"og:title\" content=\"Du Maroc: \u010cesk\u00e9 duo proti 25 tov\u00e1rn\u00edm jezdc\u016fm - DAKARMANIA.cz\" \/>\n<meta property=\"og:description\" content=\"Rallye du Maroc nen\u00ed jen z\u00e1v\u011bre\u010dn\u00fdm podnikem Mistrovstv\u00ed sv\u011bta FIM v cross-country rally. Pro v\u011bt\u0161inu \u00fa\u010dastn\u00edk\u016f se jedn\u00e1 tak\u00e9 o gener\u00e1lku p\u0159ed Rally Dakar.\" \/>\n<meta property=\"og:url\" content=\"https:\/\/www.dakarmania.cz\/index.php\/2019\/09\/25\/ceske-duo-proti-25-tovarnim-jezdcum\/\" \/>\n<meta property=\"og:site_name\" content=\"DAKARMANIA.cz\" \/>\n<meta property=\"article:publisher\" content=\"https:\/\/www.facebook.com\/dakarmania\/\" \/>\n<meta property=\"article:published_time\" content=\"2019-09-25T15:33:34+00:00\" \/>\n<meta property=\"article:modified_time\" content=\"2019-11-06T13:53:04+00:00\" \/>\n<meta property=\"og:image\" content=\"https:\/\/www.dakarmania.cz\/wp-content\/uploads\/2019\/09\/18-maroc-van-beveren-01.jpg\" \/>\n\t<meta property=\"og:image:width\" content=\"1024\" \/>\n\t<meta property=\"og:image:height\" content=\"682\" \/>\n\t<meta property=\"og:image:type\" content=\"image\/jpeg\" \/>\n<meta name=\"author\" content=\"Zden\u011bk Zelenka\" \/>\n<meta name=\"twitter:card\" content=\"summary_large_image\" \/>\n<meta name=\"twitter:label1\" content=\"Napsal(a)\" \/>\n\t<meta name=\"twitter:data1\" content=\"Zden\u011bk Zelenka\" \/>\n\t<meta name=\"twitter:label2\" content=\"Odhadovan\u00e1 doba \u010dten\u00ed\" \/>\n\t<meta name=\"twitter:data2\" content=\"5 minut\" \/>\n<script type=\"application\/ld+json\" class=\"yoast-schema-graph\">{\"@context\":\"https:\/\/schema.org\",\"@graph\":[{\"@type\":\"Article\",\"@id\":\"https:\/\/www.dakarmania.cz\/index.php\/2019\/09\/25\/ceske-duo-proti-25-tovarnim-jezdcum\/#article\",\"isPartOf\":{\"@id\":\"https:\/\/www.dakarmania.cz\/index.php\/2019\/09\/25\/ceske-duo-proti-25-tovarnim-jezdcum\/\"},\"author\":{\"name\":\"Zden\u011bk Zelenka\",\"@id\":\"https:\/\/www.dakarmania.cz\/#\/schema\/person\/04eb0e87a389631c2169c0dddae7ff1e\"},\"headline\":\"Du Maroc: \u010cesk\u00e9 duo proti 25 tov\u00e1rn\u00edm jezdc\u016fm\",\"datePublished\":\"2019-09-25T15:33:34+00:00\",\"dateModified\":\"2019-11-06T13:53:04+00:00\",\"mainEntityOfPage\":{\"@id\":\"https:\/\/www.dakarmania.cz\/index.php\/2019\/09\/25\/ceske-duo-proti-25-tovarnim-jezdcum\/\"},\"wordCount\":1050,\"commentCount\":0,\"publisher\":{\"@id\":\"https:\/\/www.dakarmania.cz\/#organization\"},\"image\":{\"@id\":\"https:\/\/www.dakarmania.cz\/index.php\/2019\/09\/25\/ceske-duo-proti-25-tovarnim-jezdcum\/#primaryimage\"},\"thumbnailUrl\":\"https:\/\/www.dakarmania.cz\/wp-content\/uploads\/2019\/09\/18-maroc-van-beveren-01.jpg\",\"keywords\":[\"2019\",\"Aaron Mar\u00e9\",\"Adam Tomiczek\",\"Adrien Van Beveren\",\"Andrew Short\",\"Daniel Nosiglia\",\"Erv\u00edn Kraj\u010dovi\u010d\",\"Franco Caimi\",\"Hero\",\"Hero MotoSports\",\"Honda\",\"Honda Team\",\"HRC\",\"Husqvarna\",\"Husqvarna Factory Racing\",\"Ignacio Casale\",\"Jacopo Cerutti\",\"Joan Barreda\",\"Jos\u00e9 Ignacio Cornejo\",\"Kevin Benavides\",\"KTM\",\"KTM Factory Racing\",\"Laia Sanz\",\"Lorenzo Santolino\",\"Luciano Benavides\",\"Maciej Giemza\",\"M\u00e1rio Patr\u00e3o\",\"Martin Michek\",\"Matthias Walkner\",\"Michael Metge\",\"Milan Engel\",\"MRG\",\"MS FIM CCR\",\"MS FIM CCR 2019\",\"Oriol Mena\",\"Pablo Quintanilla\",\"Paulo Gon\u00e7alves\",\"Rallye du Maroc\",\"Rallye du Maroc 2019\",\"Ricky Brabec\",\"Ross Branch\",\"Sam Sunderland\",\"Sherco\",\"Sherco TVS Factory Rally Team\",\"Toby Price\",\"Xavier de Soultrait\",\"Yamaha\",\"Yamaha Racing\"],\"articleSection\":[\"FIM MS CCR\",\"Moto\/Quad\",\"Rallye du Maroc\"],\"inLanguage\":\"cs\",\"potentialAction\":[{\"@type\":\"CommentAction\",\"name\":\"Comment\",\"target\":[\"https:\/\/www.dakarmania.cz\/index.php\/2019\/09\/25\/ceske-duo-proti-25-tovarnim-jezdcum\/#respond\"]}]},{\"@type\":\"WebPage\",\"@id\":\"https:\/\/www.dakarmania.cz\/index.php\/2019\/09\/25\/ceske-duo-proti-25-tovarnim-jezdcum\/\",\"url\":\"https:\/\/www.dakarmania.cz\/index.php\/2019\/09\/25\/ceske-duo-proti-25-tovarnim-jezdcum\/\",\"name\":\"Du Maroc: \u010cesk\u00e9 duo proti 25 tov\u00e1rn\u00edm jezdc\u016fm - DAKARMANIA.cz\",\"isPartOf\":{\"@id\":\"https:\/\/www.dakarmania.cz\/#website\"},\"primaryImageOfPage\":{\"@id\":\"https:\/\/www.dakarmania.cz\/index.php\/2019\/09\/25\/ceske-duo-proti-25-tovarnim-jezdcum\/#primaryimage\"},\"image\":{\"@id\":\"https:\/\/www.dakarmania.cz\/index.php\/2019\/09\/25\/ceske-duo-proti-25-tovarnim-jezdcum\/#primaryimage\"},\"thumbnailUrl\":\"https:\/\/www.dakarmania.cz\/wp-content\/uploads\/2019\/09\/18-maroc-van-beveren-01.jpg\",\"datePublished\":\"2019-09-25T15:33:34+00:00\",\"dateModified\":\"2019-11-06T13:53:04+00:00\",\"description\":\"Rallye du Maroc nen\u00ed jen z\u00e1v\u011bre\u010dn\u00fdm podnikem Mistrovstv\u00ed sv\u011bta FIM v cross-country rally. Pro v\u011bt\u0161inu \u00fa\u010dastn\u00edk\u016f se jedn\u00e1 tak\u00e9 o gener\u00e1lku p\u0159ed Rally Dakar.\",\"breadcrumb\":{\"@id\":\"https:\/\/www.dakarmania.cz\/index.php\/2019\/09\/25\/ceske-duo-proti-25-tovarnim-jezdcum\/#breadcrumb\"},\"inLanguage\":\"cs\",\"potentialAction\":[{\"@type\":\"ReadAction\",\"target\":[\"https:\/\/www.dakarmania.cz\/index.php\/2019\/09\/25\/ceske-duo-proti-25-tovarnim-jezdcum\/\"]}]},{\"@type\":\"ImageObject\",\"inLanguage\":\"cs\",\"@id\":\"https:\/\/www.dakarmania.cz\/index.php\/2019\/09\/25\/ceske-duo-proti-25-tovarnim-jezdcum\/#primaryimage\",\"url\":\"https:\/\/www.dakarmania.cz\/wp-content\/uploads\/2019\/09\/18-maroc-van-beveren-01.jpg\",\"contentUrl\":\"https:\/\/www.dakarmania.cz\/wp-content\/uploads\/2019\/09\/18-maroc-van-beveren-01.jpg\",\"width\":1024,\"height\":682,\"caption\":\"Adrien Van Beveren (Yamaha) a Ricky Brabec (Honda). Rallye du Maroc 2018. \u00a9 FIM\/RallyZone\"},{\"@type\":\"BreadcrumbList\",\"@id\":\"https:\/\/www.dakarmania.cz\/index.php\/2019\/09\/25\/ceske-duo-proti-25-tovarnim-jezdcum\/#breadcrumb\",\"itemListElement\":[{\"@type\":\"ListItem\",\"position\":1,\"name\":\"Dom\u016f\",\"item\":\"https:\/\/www.dakarmania.cz\/\"},{\"@type\":\"ListItem\",\"position\":2,\"name\":\"Du Maroc: \u010cesk\u00e9 duo proti 25 tov\u00e1rn\u00edm jezdc\u016fm\"}]},{\"@type\":\"WebSite\",\"@id\":\"https:\/\/www.dakarmania.cz\/#website\",\"url\":\"https:\/\/www.dakarmania.cz\/\",\"name\":\"DAKARMANIA.cz\",\"description\":\"\u017dijeme Dakarem cel\u00fd rok\",\"publisher\":{\"@id\":\"https:\/\/www.dakarmania.cz\/#organization\"},\"potentialAction\":[{\"@type\":\"SearchAction\",\"target\":{\"@type\":\"EntryPoint\",\"urlTemplate\":\"https:\/\/www.dakarmania.cz\/?s={search_term_string}\"},\"query-input\":{\"@type\":\"PropertyValueSpecification\",\"valueRequired\":true,\"valueName\":\"search_term_string\"}}],\"inLanguage\":\"cs\"},{\"@type\":\"Organization\",\"@id\":\"https:\/\/www.dakarmania.cz\/#organization\",\"name\":\"DAKAR MANIA\",\"url\":\"https:\/\/www.dakarmania.cz\/\",\"logo\":{\"@type\":\"ImageObject\",\"inLanguage\":\"cs\",\"@id\":\"https:\/\/www.dakarmania.cz\/#\/schema\/logo\/image\/\",\"url\":\"https:\/\/www.dakarmania.cz\/wp-content\/uploads\/2018\/12\/Dakar-Mania-Logo-Square-Orange.png\",\"contentUrl\":\"https:\/\/www.dakarmania.cz\/wp-content\/uploads\/2018\/12\/Dakar-Mania-Logo-Square-Orange.png\",\"width\":992,\"height\":992,\"caption\":\"DAKAR MANIA\"},\"image\":{\"@id\":\"https:\/\/www.dakarmania.cz\/#\/schema\/logo\/image\/\"},\"sameAs\":[\"https:\/\/www.facebook.com\/dakarmania\/\"]},{\"@type\":\"Person\",\"@id\":\"https:\/\/www.dakarmania.cz\/#\/schema\/person\/04eb0e87a389631c2169c0dddae7ff1e\",\"name\":\"Zden\u011bk Zelenka\",\"image\":{\"@type\":\"ImageObject\",\"inLanguage\":\"cs\",\"@id\":\"https:\/\/www.dakarmania.cz\/#\/schema\/person\/image\/\",\"url\":\"https:\/\/secure.gravatar.com\/avatar\/2c80d5a4942fe0900b73cc7d3837a509d6ee0a276a2b76dac95c92bd0763a89b?s=96&d=mm&r=g\",\"contentUrl\":\"https:\/\/secure.gravatar.com\/avatar\/2c80d5a4942fe0900b73cc7d3837a509d6ee0a276a2b76dac95c92bd0763a89b?s=96&d=mm&r=g\",\"caption\":\"Zden\u011bk Zelenka\"},\"description\":\"Moji d\u011bt\u0161t\u00ed hrdinov\u00e9 se jmenovali Loprais, Moskal, Neveu, Vatanen, Rahier... A tihle borci, jejich n\u00e1sledovn\u00edci a jejich p\u0159\u00edb\u011bhy m\u011b nep\u0159estali fascinovat ani po letech, kdy jsem vyrostl a zam\u011bstn\u00e1valy m\u011b jin\u00e9 discipl\u00edny motorsportu. Proto se zrodila DAKARMANIA.\",\"url\":\"https:\/\/www.dakarmania.cz\/index.php\/author\/dakarmania\/\"}]}<\/script>\n<!-- \/ Yoast SEO plugin. -->","yoast_head_json":{"title":"Du Maroc: \u010cesk\u00e9 duo proti 25 tov\u00e1rn\u00edm jezdc\u016fm - DAKARMANIA.cz","description":"Rallye du Maroc nen\u00ed jen z\u00e1v\u011bre\u010dn\u00fdm podnikem Mistrovstv\u00ed sv\u011bta FIM v cross-country rally. Pro v\u011bt\u0161inu \u00fa\u010dastn\u00edk\u016f se jedn\u00e1 tak\u00e9 o gener\u00e1lku p\u0159ed Rally Dakar.","robots":{"index":"index","follow":"follow","max-snippet":"max-snippet:-1","max-image-preview":"max-image-preview:large","max-video-preview":"max-video-preview:-1"},"canonical":"https:\/\/www.dakarmania.cz\/index.php\/2019\/09\/25\/ceske-duo-proti-25-tovarnim-jezdcum\/","og_locale":"cs_CZ","og_type":"article","og_title":"Du Maroc: \u010cesk\u00e9 duo proti 25 tov\u00e1rn\u00edm jezdc\u016fm - DAKARMANIA.cz","og_description":"Rallye du Maroc nen\u00ed jen z\u00e1v\u011bre\u010dn\u00fdm podnikem Mistrovstv\u00ed sv\u011bta FIM v cross-country rally. Pro v\u011bt\u0161inu \u00fa\u010dastn\u00edk\u016f se jedn\u00e1 tak\u00e9 o gener\u00e1lku p\u0159ed Rally Dakar.","og_url":"https:\/\/www.dakarmania.cz\/index.php\/2019\/09\/25\/ceske-duo-proti-25-tovarnim-jezdcum\/","og_site_name":"DAKARMANIA.cz","article_publisher":"https:\/\/www.facebook.com\/dakarmania\/","article_published_time":"2019-09-25T15:33:34+00:00","article_modified_time":"2019-11-06T13:53:04+00:00","og_image":[{"width":1024,"height":682,"url":"https:\/\/www.dakarmania.cz\/wp-content\/uploads\/2019\/09\/18-maroc-van-beveren-01.jpg","type":"image\/jpeg"}],"author":"Zden\u011bk Zelenka","twitter_card":"summary_large_image","twitter_misc":{"Napsal(a)":"Zden\u011bk Zelenka","Odhadovan\u00e1 doba \u010dten\u00ed":"5 minut"},"schema":{"@context":"https:\/\/schema.org","@graph":[{"@type":"Article","@id":"https:\/\/www.dakarmania.cz\/index.php\/2019\/09\/25\/ceske-duo-proti-25-tovarnim-jezdcum\/#article","isPartOf":{"@id":"https:\/\/www.dakarmania.cz\/index.php\/2019\/09\/25\/ceske-duo-proti-25-tovarnim-jezdcum\/"},"author":{"name":"Zden\u011bk Zelenka","@id":"https:\/\/www.dakarmania.cz\/#\/schema\/person\/04eb0e87a389631c2169c0dddae7ff1e"},"headline":"Du Maroc: \u010cesk\u00e9 duo proti 25 tov\u00e1rn\u00edm jezdc\u016fm","datePublished":"2019-09-25T15:33:34+00:00","dateModified":"2019-11-06T13:53:04+00:00","mainEntityOfPage":{"@id":"https:\/\/www.dakarmania.cz\/index.php\/2019\/09\/25\/ceske-duo-proti-25-tovarnim-jezdcum\/"},"wordCount":1050,"commentCount":0,"publisher":{"@id":"https:\/\/www.dakarmania.cz\/#organization"},"image":{"@id":"https:\/\/www.dakarmania.cz\/index.php\/2019\/09\/25\/ceske-duo-proti-25-tovarnim-jezdcum\/#primaryimage"},"thumbnailUrl":"https:\/\/www.dakarmania.cz\/wp-content\/uploads\/2019\/09\/18-maroc-van-beveren-01.jpg","keywords":["2019","Aaron Mar\u00e9","Adam Tomiczek","Adrien Van Beveren","Andrew Short","Daniel Nosiglia","Erv\u00edn Kraj\u010dovi\u010d","Franco Caimi","Hero","Hero MotoSports","Honda","Honda Team","HRC","Husqvarna","Husqvarna Factory Racing","Ignacio Casale","Jacopo Cerutti","Joan Barreda","Jos\u00e9 Ignacio Cornejo","Kevin Benavides","KTM","KTM Factory Racing","Laia Sanz","Lorenzo Santolino","Luciano Benavides","Maciej Giemza","M\u00e1rio Patr\u00e3o","Martin Michek","Matthias Walkner","Michael Metge","Milan Engel","MRG","MS FIM CCR","MS FIM CCR 2019","Oriol Mena","Pablo Quintanilla","Paulo Gon\u00e7alves","Rallye du Maroc","Rallye du Maroc 2019","Ricky Brabec","Ross Branch","Sam Sunderland","Sherco","Sherco TVS Factory Rally Team","Toby Price","Xavier de Soultrait","Yamaha","Yamaha Racing"],"articleSection":["FIM MS CCR","Moto\/Quad","Rallye du Maroc"],"inLanguage":"cs","potentialAction":[{"@type":"CommentAction","name":"Comment","target":["https:\/\/www.dakarmania.cz\/index.php\/2019\/09\/25\/ceske-duo-proti-25-tovarnim-jezdcum\/#respond"]}]},{"@type":"WebPage","@id":"https:\/\/www.dakarmania.cz\/index.php\/2019\/09\/25\/ceske-duo-proti-25-tovarnim-jezdcum\/","url":"https:\/\/www.dakarmania.cz\/index.php\/2019\/09\/25\/ceske-duo-proti-25-tovarnim-jezdcum\/","name":"Du Maroc: \u010cesk\u00e9 duo proti 25 tov\u00e1rn\u00edm jezdc\u016fm - DAKARMANIA.cz","isPartOf":{"@id":"https:\/\/www.dakarmania.cz\/#website"},"primaryImageOfPage":{"@id":"https:\/\/www.dakarmania.cz\/index.php\/2019\/09\/25\/ceske-duo-proti-25-tovarnim-jezdcum\/#primaryimage"},"image":{"@id":"https:\/\/www.dakarmania.cz\/index.php\/2019\/09\/25\/ceske-duo-proti-25-tovarnim-jezdcum\/#primaryimage"},"thumbnailUrl":"https:\/\/www.dakarmania.cz\/wp-content\/uploads\/2019\/09\/18-maroc-van-beveren-01.jpg","datePublished":"2019-09-25T15:33:34+00:00","dateModified":"2019-11-06T13:53:04+00:00","description":"Rallye du Maroc nen\u00ed jen z\u00e1v\u011bre\u010dn\u00fdm podnikem Mistrovstv\u00ed sv\u011bta FIM v cross-country rally. Pro v\u011bt\u0161inu \u00fa\u010dastn\u00edk\u016f se jedn\u00e1 tak\u00e9 o gener\u00e1lku p\u0159ed Rally Dakar.","breadcrumb":{"@id":"https:\/\/www.dakarmania.cz\/index.php\/2019\/09\/25\/ceske-duo-proti-25-tovarnim-jezdcum\/#breadcrumb"},"inLanguage":"cs","potentialAction":[{"@type":"ReadAction","target":["https:\/\/www.dakarmania.cz\/index.php\/2019\/09\/25\/ceske-duo-proti-25-tovarnim-jezdcum\/"]}]},{"@type":"ImageObject","inLanguage":"cs","@id":"https:\/\/www.dakarmania.cz\/index.php\/2019\/09\/25\/ceske-duo-proti-25-tovarnim-jezdcum\/#primaryimage","url":"https:\/\/www.dakarmania.cz\/wp-content\/uploads\/2019\/09\/18-maroc-van-beveren-01.jpg","contentUrl":"https:\/\/www.dakarmania.cz\/wp-content\/uploads\/2019\/09\/18-maroc-van-beveren-01.jpg","width":1024,"height":682,"caption":"Adrien Van Beveren (Yamaha) a Ricky Brabec (Honda). Rallye du Maroc 2018. \u00a9 FIM\/RallyZone"},{"@type":"BreadcrumbList","@id":"https:\/\/www.dakarmania.cz\/index.php\/2019\/09\/25\/ceske-duo-proti-25-tovarnim-jezdcum\/#breadcrumb","itemListElement":[{"@type":"ListItem","position":1,"name":"Dom\u016f","item":"https:\/\/www.dakarmania.cz\/"},{"@type":"ListItem","position":2,"name":"Du Maroc: \u010cesk\u00e9 duo proti 25 tov\u00e1rn\u00edm jezdc\u016fm"}]},{"@type":"WebSite","@id":"https:\/\/www.dakarmania.cz\/#website","url":"https:\/\/www.dakarmania.cz\/","name":"DAKARMANIA.cz","description":"\u017dijeme Dakarem cel\u00fd rok","publisher":{"@id":"https:\/\/www.dakarmania.cz\/#organization"},"potentialAction":[{"@type":"SearchAction","target":{"@type":"EntryPoint","urlTemplate":"https:\/\/www.dakarmania.cz\/?s={search_term_string}"},"query-input":{"@type":"PropertyValueSpecification","valueRequired":true,"valueName":"search_term_string"}}],"inLanguage":"cs"},{"@type":"Organization","@id":"https:\/\/www.dakarmania.cz\/#organization","name":"DAKAR MANIA","url":"https:\/\/www.dakarmania.cz\/","logo":{"@type":"ImageObject","inLanguage":"cs","@id":"https:\/\/www.dakarmania.cz\/#\/schema\/logo\/image\/","url":"https:\/\/www.dakarmania.cz\/wp-content\/uploads\/2018\/12\/Dakar-Mania-Logo-Square-Orange.png","contentUrl":"https:\/\/www.dakarmania.cz\/wp-content\/uploads\/2018\/12\/Dakar-Mania-Logo-Square-Orange.png","width":992,"height":992,"caption":"DAKAR MANIA"},"image":{"@id":"https:\/\/www.dakarmania.cz\/#\/schema\/logo\/image\/"},"sameAs":["https:\/\/www.facebook.com\/dakarmania\/"]},{"@type":"Person","@id":"https:\/\/www.dakarmania.cz\/#\/schema\/person\/04eb0e87a389631c2169c0dddae7ff1e","name":"Zden\u011bk Zelenka","image":{"@type":"ImageObject","inLanguage":"cs","@id":"https:\/\/www.dakarmania.cz\/#\/schema\/person\/image\/","url":"https:\/\/secure.gravatar.com\/avatar\/2c80d5a4942fe0900b73cc7d3837a509d6ee0a276a2b76dac95c92bd0763a89b?s=96&d=mm&r=g","contentUrl":"https:\/\/secure.gravatar.com\/avatar\/2c80d5a4942fe0900b73cc7d3837a509d6ee0a276a2b76dac95c92bd0763a89b?s=96&d=mm&r=g","caption":"Zden\u011bk Zelenka"},"description":"Moji d\u011bt\u0161t\u00ed hrdinov\u00e9 se jmenovali Loprais, Moskal, Neveu, Vatanen, Rahier... A tihle borci, jejich n\u00e1sledovn\u00edci a jejich p\u0159\u00edb\u011bhy m\u011b nep\u0159estali fascinovat ani po letech, kdy jsem vyrostl a zam\u011bstn\u00e1valy m\u011b jin\u00e9 discipl\u00edny motorsportu. Proto se zrodila DAKARMANIA.","url":"https:\/\/www.dakarmania.cz\/index.php\/author\/dakarmania\/"}]}},"amp_enabled":true,"_links":{"self":[{"href":"https:\/\/www.dakarmania.cz\/index.php\/wp-json\/wp\/v2\/posts\/11788","targetHints":{"allow":["GET"]}}],"collection":[{"href":"https:\/\/www.dakarmania.cz\/index.php\/wp-json\/wp\/v2\/posts"}],"about":[{"href":"https:\/\/www.dakarmania.cz\/index.php\/wp-json\/wp\/v2\/types\/post"}],"author":[{"embeddable":true,"href":"https:\/\/www.dakarmania.cz\/index.php\/wp-json\/wp\/v2\/users\/1"}],"replies":[{"embeddable":true,"href":"https:\/\/www.dakarmania.cz\/index.php\/wp-json\/wp\/v2\/comments?post=11788"}],"version-history":[{"count":7,"href":"https:\/\/www.dakarmania.cz\/index.php\/wp-json\/wp\/v2\/posts\/11788\/revisions"}],"predecessor-version":[{"id":13164,"href":"https:\/\/www.dakarmania.cz\/index.php\/wp-json\/wp\/v2\/posts\/11788\/revisions\/13164"}],"wp:featuredmedia":[{"embeddable":true,"href":"https:\/\/www.dakarmania.cz\/index.php\/wp-json\/wp\/v2\/media\/11785"}],"wp:attachment":[{"href":"https:\/\/www.dakarmania.cz\/index.php\/wp-json\/wp\/v2\/media?parent=11788"}],"wp:term":[{"taxonomy":"category","embeddable":true,"href":"https:\/\/www.dakarmania.cz\/index.php\/wp-json\/wp\/v2\/categories?post=11788"},{"taxonomy":"post_tag","embeddable":true,"href":"https:\/\/www.dakarmania.cz\/index.php\/wp-json\/wp\/v2\/tags?post=11788"}],"curies":[{"name":"wp","href":"https:\/\/api.w.org\/{rel}","templated":true}]}}