{"id":11832,"date":"2019-09-30T00:19:02","date_gmt":"2019-09-29T22:19:02","guid":{"rendered":"https:\/\/www.dakarmania.cz\/?p=11832"},"modified":"2019-09-30T00:20:18","modified_gmt":"2019-09-29T22:20:18","slug":"roma-testuje-borgward","status":"publish","type":"post","link":"https:\/\/www.dakarmania.cz\/index.php\/2019\/09\/30\/roma-testuje-borgward\/","title":{"rendered":"Nani Roma poprv\u00e9 testuje Borgward"},"content":{"rendered":"<p>[vc_row][vc_column][vc_column_text css_animation=&#8221;fadeIn&#8221;]<\/p>\n<h4>Dvojn\u00e1sobn\u00fd dakarsk\u00fd v\u00edt\u011bz Nani Roma v t\u011bchto dnech naplno zah\u00e1jil pr\u00e1ci pro sv\u00e9ho nov\u00e9ho zam\u011bstnavatele. S Borgward Rally Teamem testuje v Maroku. Prvn\u00ed kilometry se speci\u00e1lem BX7 DKR Evo ujel v sobotu.<\/h4>\n<p><em>\u201eV\u0161e je nov\u00e9: t\u00fdm, auto i spolujezdec. V takov\u00e9m p\u0159\u00edpad\u011b je \u010dlov\u011bk p\u0159ed prvn\u00edm testovac\u00edm dnem p\u0159eci jen trochu nerv\u00f3zn\u00ed,\u201c<\/em> p\u0159ipustil <strong>Nani Roma<\/strong>. <em>\u201eAle po n\u011bm jsme v\u0161ichni spokojen\u00ed. Auto je velmi stabiln\u00ed, ovladateln\u00e9, v dun\u00e1ch se s n\u00edm jede p\u0159\u00edjemn\u011b. T\u00fdm je motivovan\u00fd a pozitivn\u00ed dojmy m\u00e1m i z prvn\u00edho spole\u010dn\u00e9ho svezen\u00ed v dun\u00e1ch s Danim [Oliverasem].\u201c<\/em><\/p>\n<p>Wevers Sport, kter\u00fd se t\u0159et\u00edm rokem star\u00e1 o \u201edakarsk\u00e9\u201c aktivity automobilky Borgward, se v sobotu soust\u0159edil hlavn\u011b na zkou\u0161ku r\u016fzn\u00fdch variant nastaven\u00ed zav\u011b\u0161en\u00ed.[\/vc_column_text][vc_single_image image=&#8221;11830&#8243; img_size=&#8221;large&#8221; add_caption=&#8221;yes&#8221; alignment=&#8221;center&#8221; onclick=&#8221;link_image&#8221; css_animation=&#8221;fadeIn&#8221;][vc_column_text css_animation=&#8221;fadeIn&#8221;]<em>\u201eMysl\u00edm, \u017ee jsme na\u0161li spr\u00e1vnou cestu. Z\u00e1rove\u0148 v\u0161ak v\u00edme, \u017ee n\u00e1s \u010dek\u00e1 spousta pr\u00e1ce. P\u0159i testech nikdy nejste spokojeni. V\u017edycky v\u00edte, \u017ee to m\u016f\u017ee b\u00fdt je\u0161t\u011b lep\u0161\u00ed. Kdy\u017e n\u011bco vylep\u0161\u00edte, jedete rychleji, a kdy\u017e jedete rychleji, vylep\u0161ujete dal\u0161\u00ed v\u011bci,\u201c<\/em> p\u0159ipomn\u011bl \u0160pan\u011bl.<\/p>\n<p>Na koci tohoto t\u00fddne se <a href=\"\/index.php\/osobnosti\/nani-roma\/\">Roma<\/a> a <a href=\"\/index.php\/osobnosti\/daniel-oliveras\/\">Oliveras<\/a> postav\u00ed s Borgwardem na start p\u011btietapov\u00e9 <a href=\"\/index.php\/souteze\/maroc-2019\/\">Rallye du Maroc<\/a>.<\/p>\n<p><em>\u201eRozum\u00edme si velmi dob\u0159e,\u201c<\/em> pochvaloval si <strong>Dani Oliveras<\/strong>. <em>\u201eP\u0159esto si mysl\u00edm, \u017ee i b\u011bhem marock\u00e9 rally se budeme ka\u017ed\u00fd den v\u00edc a v\u00edc vz\u00e1jemn\u011b pozn\u00e1vat. Z\u00e1rove\u0148 v\u0161ak chceme dos\u00e1hnout tak\u00e9 dobr\u00e9ho v\u00fdsledku.\u201c<\/em><\/p>\n<p>Borgward Rally Team avizoval, \u017ee se <a href=\"\/index.php\/souteze\/dakar-2020\/\">Dakaru 2020<\/a> z\u00fa\u010dastn\u00ed se dv\u011bma vozy. Jm\u00e9no druh\u00e9ho pilota m\u00e1 b\u00fdt ozn\u00e1meno v n\u00e1sleduj\u00edc\u00edch t\u00fddnech.[\/vc_column_text][\/vc_column][\/vc_row]<\/p>\n","protected":false},"excerpt":{"rendered":"<p>Dvojn\u00e1sobn\u00fd dakarsk\u00fd v\u00edt\u011bz Nani Roma v t\u011bchto dnech naplno zah\u00e1jil pr\u00e1ci pro sv\u00e9ho nov\u00e9ho zam\u011bstnavatele. S Borgward Rally Teamem testuje v Maroku.<\/p>\n","protected":false},"author":1,"featured_media":11831,"comment_status":"open","ping_status":"closed","sticky":false,"template":"","format":"standard","meta":{"footnotes":""},"categories":[3,1191],"tags":[425,1488,1486,1489,232,1192,247,1487],"class_list":["post-11832","post","type-post","status-publish","format-standard","has-post-thumbnail","hentry","category-auto","category-rallye-du-maroc","tag-425","tag-borgward","tag-borgward-rally-team","tag-dani-oliveras","tag-nani-roma","tag-rallye-du-maroc","tag-rallye-du-maroc-2019","tag-wevers-sport"],"yoast_head":"<!-- This site is optimized with the Yoast SEO plugin v24.9 - https:\/\/yoast.com\/wordpress\/plugins\/seo\/ -->\n<title>Nani Roma poprv\u00e9 testuje Borgward - DAKARMANIA.cz<\/title>\n<meta name=\"description\" content=\"Dvojn\u00e1sobn\u00fd dakarsk\u00fd v\u00edt\u011bz Nani Roma v t\u011bchto dnech naplno zah\u00e1jil pr\u00e1ci pro sv\u00e9ho nov\u00e9ho zam\u011bstnavatele. S Borgward Rally Teamem testuje v Maroku.\" \/>\n<meta name=\"robots\" content=\"index, follow, max-snippet:-1, max-image-preview:large, max-video-preview:-1\" \/>\n<link rel=\"canonical\" href=\"https:\/\/www.dakarmania.cz\/index.php\/2019\/09\/30\/roma-testuje-borgward\/\" \/>\n<meta property=\"og:locale\" content=\"cs_CZ\" \/>\n<meta property=\"og:type\" content=\"article\" \/>\n<meta property=\"og:title\" content=\"Nani Roma poprv\u00e9 testuje Borgward - DAKARMANIA.cz\" \/>\n<meta property=\"og:description\" content=\"Dvojn\u00e1sobn\u00fd dakarsk\u00fd v\u00edt\u011bz Nani Roma v t\u011bchto dnech naplno zah\u00e1jil pr\u00e1ci pro sv\u00e9ho nov\u00e9ho zam\u011bstnavatele. S Borgward Rally Teamem testuje v Maroku.\" \/>\n<meta property=\"og:url\" content=\"https:\/\/www.dakarmania.cz\/index.php\/2019\/09\/30\/roma-testuje-borgward\/\" \/>\n<meta property=\"og:site_name\" content=\"DAKARMANIA.cz\" \/>\n<meta property=\"article:publisher\" content=\"https:\/\/www.facebook.com\/dakarmania\/\" \/>\n<meta property=\"article:published_time\" content=\"2019-09-29T22:19:02+00:00\" \/>\n<meta property=\"article:modified_time\" content=\"2019-09-29T22:20:18+00:00\" \/>\n<meta property=\"og:image\" content=\"https:\/\/www.dakarmania.cz\/wp-content\/uploads\/2019\/09\/19-borgward-roma-12.jpg\" \/>\n\t<meta property=\"og:image:width\" content=\"1024\" \/>\n\t<meta property=\"og:image:height\" content=\"683\" \/>\n\t<meta property=\"og:image:type\" content=\"image\/jpeg\" \/>\n<meta name=\"author\" content=\"Zden\u011bk Zelenka\" \/>\n<meta name=\"twitter:card\" content=\"summary_large_image\" \/>\n<meta name=\"twitter:label1\" content=\"Napsal(a)\" \/>\n\t<meta name=\"twitter:data1\" content=\"Zden\u011bk Zelenka\" \/>\n\t<meta name=\"twitter:label2\" content=\"Odhadovan\u00e1 doba \u010dten\u00ed\" \/>\n\t<meta name=\"twitter:data2\" content=\"2 minuty\" \/>\n<script type=\"application\/ld+json\" class=\"yoast-schema-graph\">{\"@context\":\"https:\/\/schema.org\",\"@graph\":[{\"@type\":\"Article\",\"@id\":\"https:\/\/www.dakarmania.cz\/index.php\/2019\/09\/30\/roma-testuje-borgward\/#article\",\"isPartOf\":{\"@id\":\"https:\/\/www.dakarmania.cz\/index.php\/2019\/09\/30\/roma-testuje-borgward\/\"},\"author\":{\"name\":\"Zden\u011bk Zelenka\",\"@id\":\"https:\/\/www.dakarmania.cz\/#\/schema\/person\/04eb0e87a389631c2169c0dddae7ff1e\"},\"headline\":\"Nani Roma poprv\u00e9 testuje Borgward\",\"datePublished\":\"2019-09-29T22:19:02+00:00\",\"dateModified\":\"2019-09-29T22:20:18+00:00\",\"mainEntityOfPage\":{\"@id\":\"https:\/\/www.dakarmania.cz\/index.php\/2019\/09\/30\/roma-testuje-borgward\/\"},\"wordCount\":359,\"commentCount\":0,\"publisher\":{\"@id\":\"https:\/\/www.dakarmania.cz\/#organization\"},\"image\":{\"@id\":\"https:\/\/www.dakarmania.cz\/index.php\/2019\/09\/30\/roma-testuje-borgward\/#primaryimage\"},\"thumbnailUrl\":\"https:\/\/www.dakarmania.cz\/wp-content\/uploads\/2019\/09\/19-borgward-roma-12.jpg\",\"keywords\":[\"2019\",\"Borgward\",\"Borgward Rally Team\",\"Dani Oliveras\",\"Nani Roma\",\"Rallye du Maroc\",\"Rallye du Maroc 2019\",\"Wevers Sport\"],\"articleSection\":[\"Auto\",\"Rallye du Maroc\"],\"inLanguage\":\"cs\",\"potentialAction\":[{\"@type\":\"CommentAction\",\"name\":\"Comment\",\"target\":[\"https:\/\/www.dakarmania.cz\/index.php\/2019\/09\/30\/roma-testuje-borgward\/#respond\"]}]},{\"@type\":\"WebPage\",\"@id\":\"https:\/\/www.dakarmania.cz\/index.php\/2019\/09\/30\/roma-testuje-borgward\/\",\"url\":\"https:\/\/www.dakarmania.cz\/index.php\/2019\/09\/30\/roma-testuje-borgward\/\",\"name\":\"Nani Roma poprv\u00e9 testuje Borgward - DAKARMANIA.cz\",\"isPartOf\":{\"@id\":\"https:\/\/www.dakarmania.cz\/#website\"},\"primaryImageOfPage\":{\"@id\":\"https:\/\/www.dakarmania.cz\/index.php\/2019\/09\/30\/roma-testuje-borgward\/#primaryimage\"},\"image\":{\"@id\":\"https:\/\/www.dakarmania.cz\/index.php\/2019\/09\/30\/roma-testuje-borgward\/#primaryimage\"},\"thumbnailUrl\":\"https:\/\/www.dakarmania.cz\/wp-content\/uploads\/2019\/09\/19-borgward-roma-12.jpg\",\"datePublished\":\"2019-09-29T22:19:02+00:00\",\"dateModified\":\"2019-09-29T22:20:18+00:00\",\"description\":\"Dvojn\u00e1sobn\u00fd dakarsk\u00fd v\u00edt\u011bz Nani Roma v t\u011bchto dnech naplno zah\u00e1jil pr\u00e1ci pro sv\u00e9ho nov\u00e9ho zam\u011bstnavatele. S Borgward Rally Teamem testuje v Maroku.\",\"breadcrumb\":{\"@id\":\"https:\/\/www.dakarmania.cz\/index.php\/2019\/09\/30\/roma-testuje-borgward\/#breadcrumb\"},\"inLanguage\":\"cs\",\"potentialAction\":[{\"@type\":\"ReadAction\",\"target\":[\"https:\/\/www.dakarmania.cz\/index.php\/2019\/09\/30\/roma-testuje-borgward\/\"]}]},{\"@type\":\"ImageObject\",\"inLanguage\":\"cs\",\"@id\":\"https:\/\/www.dakarmania.cz\/index.php\/2019\/09\/30\/roma-testuje-borgward\/#primaryimage\",\"url\":\"https:\/\/www.dakarmania.cz\/wp-content\/uploads\/2019\/09\/19-borgward-roma-12.jpg\",\"contentUrl\":\"https:\/\/www.dakarmania.cz\/wp-content\/uploads\/2019\/09\/19-borgward-roma-12.jpg\",\"width\":1024,\"height\":683,\"caption\":\"Nani Roma\/Dani Oliveras, Borgward BX7 DKR Evo, Borgward Rally Team. Test Maroko, z\u00e1\u0159\u00ed 2019. \u00a9 Borgward Rally Team\"},{\"@type\":\"BreadcrumbList\",\"@id\":\"https:\/\/www.dakarmania.cz\/index.php\/2019\/09\/30\/roma-testuje-borgward\/#breadcrumb\",\"itemListElement\":[{\"@type\":\"ListItem\",\"position\":1,\"name\":\"Dom\u016f\",\"item\":\"https:\/\/www.dakarmania.cz\/\"},{\"@type\":\"ListItem\",\"position\":2,\"name\":\"Nani Roma poprv\u00e9 testuje Borgward\"}]},{\"@type\":\"WebSite\",\"@id\":\"https:\/\/www.dakarmania.cz\/#website\",\"url\":\"https:\/\/www.dakarmania.cz\/\",\"name\":\"DAKARMANIA.cz\",\"description\":\"\u017dijeme Dakarem cel\u00fd rok\",\"publisher\":{\"@id\":\"https:\/\/www.dakarmania.cz\/#organization\"},\"potentialAction\":[{\"@type\":\"SearchAction\",\"target\":{\"@type\":\"EntryPoint\",\"urlTemplate\":\"https:\/\/www.dakarmania.cz\/?s={search_term_string}\"},\"query-input\":{\"@type\":\"PropertyValueSpecification\",\"valueRequired\":true,\"valueName\":\"search_term_string\"}}],\"inLanguage\":\"cs\"},{\"@type\":\"Organization\",\"@id\":\"https:\/\/www.dakarmania.cz\/#organization\",\"name\":\"DAKAR MANIA\",\"url\":\"https:\/\/www.dakarmania.cz\/\",\"logo\":{\"@type\":\"ImageObject\",\"inLanguage\":\"cs\",\"@id\":\"https:\/\/www.dakarmania.cz\/#\/schema\/logo\/image\/\",\"url\":\"https:\/\/www.dakarmania.cz\/wp-content\/uploads\/2018\/12\/Dakar-Mania-Logo-Square-Orange.png\",\"contentUrl\":\"https:\/\/www.dakarmania.cz\/wp-content\/uploads\/2018\/12\/Dakar-Mania-Logo-Square-Orange.png\",\"width\":992,\"height\":992,\"caption\":\"DAKAR MANIA\"},\"image\":{\"@id\":\"https:\/\/www.dakarmania.cz\/#\/schema\/logo\/image\/\"},\"sameAs\":[\"https:\/\/www.facebook.com\/dakarmania\/\"]},{\"@type\":\"Person\",\"@id\":\"https:\/\/www.dakarmania.cz\/#\/schema\/person\/04eb0e87a389631c2169c0dddae7ff1e\",\"name\":\"Zden\u011bk Zelenka\",\"image\":{\"@type\":\"ImageObject\",\"inLanguage\":\"cs\",\"@id\":\"https:\/\/www.dakarmania.cz\/#\/schema\/person\/image\/\",\"url\":\"https:\/\/secure.gravatar.com\/avatar\/2c80d5a4942fe0900b73cc7d3837a509d6ee0a276a2b76dac95c92bd0763a89b?s=96&d=mm&r=g\",\"contentUrl\":\"https:\/\/secure.gravatar.com\/avatar\/2c80d5a4942fe0900b73cc7d3837a509d6ee0a276a2b76dac95c92bd0763a89b?s=96&d=mm&r=g\",\"caption\":\"Zden\u011bk Zelenka\"},\"description\":\"Moji d\u011bt\u0161t\u00ed hrdinov\u00e9 se jmenovali Loprais, Moskal, Neveu, Vatanen, Rahier... A tihle borci, jejich n\u00e1sledovn\u00edci a jejich p\u0159\u00edb\u011bhy m\u011b nep\u0159estali fascinovat ani po letech, kdy jsem vyrostl a zam\u011bstn\u00e1valy m\u011b jin\u00e9 discipl\u00edny motorsportu. Proto se zrodila DAKARMANIA.\",\"url\":\"https:\/\/www.dakarmania.cz\/index.php\/author\/dakarmania\/\"}]}<\/script>\n<!-- \/ Yoast SEO plugin. -->","yoast_head_json":{"title":"Nani Roma poprv\u00e9 testuje Borgward - DAKARMANIA.cz","description":"Dvojn\u00e1sobn\u00fd dakarsk\u00fd v\u00edt\u011bz Nani Roma v t\u011bchto dnech naplno zah\u00e1jil pr\u00e1ci pro sv\u00e9ho nov\u00e9ho zam\u011bstnavatele. S Borgward Rally Teamem testuje v Maroku.","robots":{"index":"index","follow":"follow","max-snippet":"max-snippet:-1","max-image-preview":"max-image-preview:large","max-video-preview":"max-video-preview:-1"},"canonical":"https:\/\/www.dakarmania.cz\/index.php\/2019\/09\/30\/roma-testuje-borgward\/","og_locale":"cs_CZ","og_type":"article","og_title":"Nani Roma poprv\u00e9 testuje Borgward - DAKARMANIA.cz","og_description":"Dvojn\u00e1sobn\u00fd dakarsk\u00fd v\u00edt\u011bz Nani Roma v t\u011bchto dnech naplno zah\u00e1jil pr\u00e1ci pro sv\u00e9ho nov\u00e9ho zam\u011bstnavatele. S Borgward Rally Teamem testuje v Maroku.","og_url":"https:\/\/www.dakarmania.cz\/index.php\/2019\/09\/30\/roma-testuje-borgward\/","og_site_name":"DAKARMANIA.cz","article_publisher":"https:\/\/www.facebook.com\/dakarmania\/","article_published_time":"2019-09-29T22:19:02+00:00","article_modified_time":"2019-09-29T22:20:18+00:00","og_image":[{"width":1024,"height":683,"url":"https:\/\/www.dakarmania.cz\/wp-content\/uploads\/2019\/09\/19-borgward-roma-12.jpg","type":"image\/jpeg"}],"author":"Zden\u011bk Zelenka","twitter_card":"summary_large_image","twitter_misc":{"Napsal(a)":"Zden\u011bk Zelenka","Odhadovan\u00e1 doba \u010dten\u00ed":"2 minuty"},"schema":{"@context":"https:\/\/schema.org","@graph":[{"@type":"Article","@id":"https:\/\/www.dakarmania.cz\/index.php\/2019\/09\/30\/roma-testuje-borgward\/#article","isPartOf":{"@id":"https:\/\/www.dakarmania.cz\/index.php\/2019\/09\/30\/roma-testuje-borgward\/"},"author":{"name":"Zden\u011bk Zelenka","@id":"https:\/\/www.dakarmania.cz\/#\/schema\/person\/04eb0e87a389631c2169c0dddae7ff1e"},"headline":"Nani Roma poprv\u00e9 testuje Borgward","datePublished":"2019-09-29T22:19:02+00:00","dateModified":"2019-09-29T22:20:18+00:00","mainEntityOfPage":{"@id":"https:\/\/www.dakarmania.cz\/index.php\/2019\/09\/30\/roma-testuje-borgward\/"},"wordCount":359,"commentCount":0,"publisher":{"@id":"https:\/\/www.dakarmania.cz\/#organization"},"image":{"@id":"https:\/\/www.dakarmania.cz\/index.php\/2019\/09\/30\/roma-testuje-borgward\/#primaryimage"},"thumbnailUrl":"https:\/\/www.dakarmania.cz\/wp-content\/uploads\/2019\/09\/19-borgward-roma-12.jpg","keywords":["2019","Borgward","Borgward Rally Team","Dani Oliveras","Nani Roma","Rallye du Maroc","Rallye du Maroc 2019","Wevers Sport"],"articleSection":["Auto","Rallye du Maroc"],"inLanguage":"cs","potentialAction":[{"@type":"CommentAction","name":"Comment","target":["https:\/\/www.dakarmania.cz\/index.php\/2019\/09\/30\/roma-testuje-borgward\/#respond"]}]},{"@type":"WebPage","@id":"https:\/\/www.dakarmania.cz\/index.php\/2019\/09\/30\/roma-testuje-borgward\/","url":"https:\/\/www.dakarmania.cz\/index.php\/2019\/09\/30\/roma-testuje-borgward\/","name":"Nani Roma poprv\u00e9 testuje Borgward - DAKARMANIA.cz","isPartOf":{"@id":"https:\/\/www.dakarmania.cz\/#website"},"primaryImageOfPage":{"@id":"https:\/\/www.dakarmania.cz\/index.php\/2019\/09\/30\/roma-testuje-borgward\/#primaryimage"},"image":{"@id":"https:\/\/www.dakarmania.cz\/index.php\/2019\/09\/30\/roma-testuje-borgward\/#primaryimage"},"thumbnailUrl":"https:\/\/www.dakarmania.cz\/wp-content\/uploads\/2019\/09\/19-borgward-roma-12.jpg","datePublished":"2019-09-29T22:19:02+00:00","dateModified":"2019-09-29T22:20:18+00:00","description":"Dvojn\u00e1sobn\u00fd dakarsk\u00fd v\u00edt\u011bz Nani Roma v t\u011bchto dnech naplno zah\u00e1jil pr\u00e1ci pro sv\u00e9ho nov\u00e9ho zam\u011bstnavatele. S Borgward Rally Teamem testuje v Maroku.","breadcrumb":{"@id":"https:\/\/www.dakarmania.cz\/index.php\/2019\/09\/30\/roma-testuje-borgward\/#breadcrumb"},"inLanguage":"cs","potentialAction":[{"@type":"ReadAction","target":["https:\/\/www.dakarmania.cz\/index.php\/2019\/09\/30\/roma-testuje-borgward\/"]}]},{"@type":"ImageObject","inLanguage":"cs","@id":"https:\/\/www.dakarmania.cz\/index.php\/2019\/09\/30\/roma-testuje-borgward\/#primaryimage","url":"https:\/\/www.dakarmania.cz\/wp-content\/uploads\/2019\/09\/19-borgward-roma-12.jpg","contentUrl":"https:\/\/www.dakarmania.cz\/wp-content\/uploads\/2019\/09\/19-borgward-roma-12.jpg","width":1024,"height":683,"caption":"Nani Roma\/Dani Oliveras, Borgward BX7 DKR Evo, Borgward Rally Team. Test Maroko, z\u00e1\u0159\u00ed 2019. \u00a9 Borgward Rally Team"},{"@type":"BreadcrumbList","@id":"https:\/\/www.dakarmania.cz\/index.php\/2019\/09\/30\/roma-testuje-borgward\/#breadcrumb","itemListElement":[{"@type":"ListItem","position":1,"name":"Dom\u016f","item":"https:\/\/www.dakarmania.cz\/"},{"@type":"ListItem","position":2,"name":"Nani Roma poprv\u00e9 testuje Borgward"}]},{"@type":"WebSite","@id":"https:\/\/www.dakarmania.cz\/#website","url":"https:\/\/www.dakarmania.cz\/","name":"DAKARMANIA.cz","description":"\u017dijeme Dakarem cel\u00fd rok","publisher":{"@id":"https:\/\/www.dakarmania.cz\/#organization"},"potentialAction":[{"@type":"SearchAction","target":{"@type":"EntryPoint","urlTemplate":"https:\/\/www.dakarmania.cz\/?s={search_term_string}"},"query-input":{"@type":"PropertyValueSpecification","valueRequired":true,"valueName":"search_term_string"}}],"inLanguage":"cs"},{"@type":"Organization","@id":"https:\/\/www.dakarmania.cz\/#organization","name":"DAKAR MANIA","url":"https:\/\/www.dakarmania.cz\/","logo":{"@type":"ImageObject","inLanguage":"cs","@id":"https:\/\/www.dakarmania.cz\/#\/schema\/logo\/image\/","url":"https:\/\/www.dakarmania.cz\/wp-content\/uploads\/2018\/12\/Dakar-Mania-Logo-Square-Orange.png","contentUrl":"https:\/\/www.dakarmania.cz\/wp-content\/uploads\/2018\/12\/Dakar-Mania-Logo-Square-Orange.png","width":992,"height":992,"caption":"DAKAR MANIA"},"image":{"@id":"https:\/\/www.dakarmania.cz\/#\/schema\/logo\/image\/"},"sameAs":["https:\/\/www.facebook.com\/dakarmania\/"]},{"@type":"Person","@id":"https:\/\/www.dakarmania.cz\/#\/schema\/person\/04eb0e87a389631c2169c0dddae7ff1e","name":"Zden\u011bk Zelenka","image":{"@type":"ImageObject","inLanguage":"cs","@id":"https:\/\/www.dakarmania.cz\/#\/schema\/person\/image\/","url":"https:\/\/secure.gravatar.com\/avatar\/2c80d5a4942fe0900b73cc7d3837a509d6ee0a276a2b76dac95c92bd0763a89b?s=96&d=mm&r=g","contentUrl":"https:\/\/secure.gravatar.com\/avatar\/2c80d5a4942fe0900b73cc7d3837a509d6ee0a276a2b76dac95c92bd0763a89b?s=96&d=mm&r=g","caption":"Zden\u011bk Zelenka"},"description":"Moji d\u011bt\u0161t\u00ed hrdinov\u00e9 se jmenovali Loprais, Moskal, Neveu, Vatanen, Rahier... A tihle borci, jejich n\u00e1sledovn\u00edci a jejich p\u0159\u00edb\u011bhy m\u011b nep\u0159estali fascinovat ani po letech, kdy jsem vyrostl a zam\u011bstn\u00e1valy m\u011b jin\u00e9 discipl\u00edny motorsportu. Proto se zrodila DAKARMANIA.","url":"https:\/\/www.dakarmania.cz\/index.php\/author\/dakarmania\/"}]}},"amp_enabled":true,"_links":{"self":[{"href":"https:\/\/www.dakarmania.cz\/index.php\/wp-json\/wp\/v2\/posts\/11832","targetHints":{"allow":["GET"]}}],"collection":[{"href":"https:\/\/www.dakarmania.cz\/index.php\/wp-json\/wp\/v2\/posts"}],"about":[{"href":"https:\/\/www.dakarmania.cz\/index.php\/wp-json\/wp\/v2\/types\/post"}],"author":[{"embeddable":true,"href":"https:\/\/www.dakarmania.cz\/index.php\/wp-json\/wp\/v2\/users\/1"}],"replies":[{"embeddable":true,"href":"https:\/\/www.dakarmania.cz\/index.php\/wp-json\/wp\/v2\/comments?post=11832"}],"version-history":[{"count":1,"href":"https:\/\/www.dakarmania.cz\/index.php\/wp-json\/wp\/v2\/posts\/11832\/revisions"}],"predecessor-version":[{"id":11833,"href":"https:\/\/www.dakarmania.cz\/index.php\/wp-json\/wp\/v2\/posts\/11832\/revisions\/11833"}],"wp:featuredmedia":[{"embeddable":true,"href":"https:\/\/www.dakarmania.cz\/index.php\/wp-json\/wp\/v2\/media\/11831"}],"wp:attachment":[{"href":"https:\/\/www.dakarmania.cz\/index.php\/wp-json\/wp\/v2\/media?parent=11832"}],"wp:term":[{"taxonomy":"category","embeddable":true,"href":"https:\/\/www.dakarmania.cz\/index.php\/wp-json\/wp\/v2\/categories?post=11832"},{"taxonomy":"post_tag","embeddable":true,"href":"https:\/\/www.dakarmania.cz\/index.php\/wp-json\/wp\/v2\/tags?post=11832"}],"curies":[{"name":"wp","href":"https:\/\/api.w.org\/{rel}","templated":true}]}}