{"id":1199,"date":"2018-12-19T16:01:40","date_gmt":"2018-12-19T16:01:40","guid":{"rendered":"http:\/\/www.dakarmania.cz\/?p=1199"},"modified":"2018-12-20T00:31:19","modified_gmt":"2018-12-20T00:31:19","slug":"dakar-2019-jan-vesely-podruhe-v-nejdrsnejsi-motorkarske-tride","status":"publish","type":"post","link":"https:\/\/www.dakarmania.cz\/index.php\/2018\/12\/19\/dakar-2019-jan-vesely-podruhe-v-nejdrsnejsi-motorkarske-tride\/","title":{"rendered":"Dakar 2019: Jan Vesel\u00fd podruh\u00e9 v nejdrsn\u011bj\u0161\u00ed motork\u00e1\u0159sk\u00e9 t\u0159\u00edd\u011b"},"content":{"rendered":"\n<h4 class=\"wp-block-heading\">Jan Vesel\u00fd zm\u011bnil p\u0159ed Rally Dakar 2019 t\u00fdmov\u00e9 barvy a techniku, op\u011bt ale absolvuje slavn\u00fd z\u00e1vod v nejn\u00e1ro\u010dn\u011bj\u0161\u00ed mo\u017en\u00e9 podob\u011b. Podruh\u00e9 toti\u017e pojede ve t\u0159\u00edd\u011b malle moto, kde jsou jezdci odk\u00e1z\u00e1ni jen sami na sebe, spart\u00e1nsk\u00e9 z\u00e1zem\u00ed a minimum materi\u00e1lu.<\/h4>\n\n\n\n<p>B\u00fdval\u00fd endurov\u00fd z\u00e1vodn\u00edk se na Dakar poprv\u00e9 vydal v roce 2009 v roli mechanika, ale u\u017e o dvan\u00e1ct m\u011bs\u00edc\u016f pozd\u011bji se s\u00e1m sout\u011b\u017ee z\u00fa\u010dastnil v kategorii motocykl\u016f. Od t\u00e9 doby vynechal kv\u016fli o\u010dek\u00e1van\u00e9mu p\u0159\u00edr\u016fstku do rodiny pouze jedin\u00fd ro\u010dn\u00edk (2017). Nejlep\u0161\u00edho v\u00fdsledku dos\u00e1hl na Dakaru 2015, kdy mezi motocyklisty obsadil 39. p\u0159\u00ed\u010dku.<\/p>\n\n\n\n<p>Zku\u0161en\u00fd mechanik letos v lednu poprv\u00e9 absolvoval Dakar ve t\u0159\u00edd\u011b malle moto, jej\u00ed\u017e \u00fa\u010dastn\u00edci maj\u00ed k dispozici jen to, co uvezou na motorce, jednu bednu s osobn\u00edmi v\u011bcmi, n\u00e1hradn\u00ed kolo a pneumatiky. Mezi 28 odv\u00e1\u017elivci skon\u010dil dvan\u00e1ct\u00fd. P\u0159esto\u017ee v c\u00edli tvrdil, \u017ee \u201emalle moto je trochu \u00fachyln\u00e9\u201c, bude t\u00e9to v\u00fdzv\u011b dobrovoln\u011b \u010delit znovu.<\/p>\n\n\n\n<figure class=\"wp-block-image\"><img loading=\"lazy\" decoding=\"async\" width=\"1024\" height=\"683\" src=\"http:\/\/www.dakarmania.cz\/wp-content\/uploads\/2018\/12\/18-elchott-vesely-03-1024x683.jpg\" alt=\"Vesely, El Chott 2018\" class=\"wp-image-1198\" srcset=\"https:\/\/www.dakarmania.cz\/wp-content\/uploads\/2018\/12\/18-elchott-vesely-03-1024x683.jpg 1024w, https:\/\/www.dakarmania.cz\/wp-content\/uploads\/2018\/12\/18-elchott-vesely-03-300x200.jpg 300w, https:\/\/www.dakarmania.cz\/wp-content\/uploads\/2018\/12\/18-elchott-vesely-03-768x512.jpg 768w, https:\/\/www.dakarmania.cz\/wp-content\/uploads\/2018\/12\/18-elchott-vesely-03-825x550.jpg 825w, https:\/\/www.dakarmania.cz\/wp-content\/uploads\/2018\/12\/18-elchott-vesely-03-447x298.jpg 447w, https:\/\/www.dakarmania.cz\/wp-content\/uploads\/2018\/12\/18-elchott-vesely-03-600x400.jpg 600w, https:\/\/www.dakarmania.cz\/wp-content\/uploads\/2018\/12\/18-elchott-vesely-03.jpg 2048w\" sizes=\"auto, (max-width: 1024px) 100vw, 1024px\" \/><figcaption>Jan Vesel\u00fd, Husqvarna FE 450 Rally, Ivar CS Team. El Chott Sahara Rallye de Tunisie 2018. Foto: Buggyra Media<\/figcaption><\/figure>\n\n\n\n<hr class=\"wp-block-separator\"\/>\n\n\n\n<p>Zm\u011bny se u Jana Vesel\u00e9ho t\u00fdkaj\u00ed pouze techniky a t\u00fdmov\u00e9ho z\u00e1zem\u00ed, pokud lze o n\u011b\u010dem takov\u00e9m v souvislosti s malle moto v\u016fbec hovo\u0159it. Lo\u0148skou KTM 450 Rally Replica vym\u011bnil 47let\u00fd Libere\u010dan za Husqvarnu FE 450 Rally, s n\u00ed\u017e bude reprezentovat Ivar CS Team.<\/p>\n\n\n\n<p><em>\u201eCel\u00fd \u017eivot jezd\u00edm na motorce, co\u017e m\u011b nakonec p\u0159ivedlo a\u017e na Dakar, kter\u00fd pojedu u\u017e podev\u00e1t\u00e9,\u201c<\/em> rekapituluje <strong>Jan Vesel\u00fd<\/strong>. <em>\u201eT\u0159\u00eddu malle moto up\u0159ednost\u0148uji proto, \u017ee odpov\u00edd\u00e1 duchu p\u016fvodn\u00edho Dakaru. Mezi jej\u00edmi \u00fa\u010dastn\u00edky panuje opravdu dobr\u00e1 atmosf\u00e9ra. Navz\u00e1jem si pom\u00e1h\u00e1me, p\u016fj\u010dujeme si n\u00e1\u0159ad\u00ed, nen\u00ed to \u00fapln\u00e9 soupe\u0159en\u00ed. Nejd\u016fle\u017eit\u011bj\u0161\u00ed je z\u016fstat zdrav\u00fd a dojet a\u017e do c\u00edle. O um\u00edst\u011bn\u00ed se m\u016f\u017eete starat a\u017e ve chv\u00edli, kdy spln\u00edte tyto dva \u00fakoly.\u201c<\/em><\/p>\n\n\n\n<p>41. ro\u010dn\u00edk Rally Dakar se poprv\u00e9 v historii sout\u011b\u017ee uskute\u010dn\u00ed v jedin\u00e9 zemi, konkr\u00e9tn\u011b v ji\u017en\u00ed \u010d\u00e1sti Peru. Na \u00fa\u010dastn\u00edky \u010dek\u00e1 <a href=\"http:\/\/www.dakarmania.cz\/index.php\/2018\/11\/27\/dakar-2019-5500-km-v-peruanskych-poustich\/\">deset n\u00e1ro\u010dn\u00fdch etap<\/a> p\u0159ev\u00e1\u017en\u011b v p\u00edse\u010dn\u00fdch dun\u00e1ch. Celkem trasa m\u011b\u0159\u00ed p\u0159es 5500 kilometr\u016f, z nich\u017e se t\u00e9m\u011b\u0159 3000 pojedou na \u010das. Sout\u011b\u017e odstartuje 6. ledna v Lim\u011b a 17. ledna v peru\u00e1nsk\u00e9m hlavn\u00edm m\u011bst\u011b tak\u00e9 skon\u010d\u00ed.<\/p>\n","protected":false},"excerpt":{"rendered":"<p>Preview Jana Vesel\u00e9ho p\u0159ed Rally Dakar 2019<\/p>\n","protected":false},"author":1,"featured_media":1201,"comment_status":"open","ping_status":"closed","sticky":false,"template":"","format":"standard","meta":{"footnotes":""},"categories":[15,2],"tags":[8,9,64,144,143],"class_list":["post-1199","post","type-post","status-publish","format-standard","has-post-thumbnail","hentry","category-moto-quad","category-dakar","tag-dakar","tag-dakar-2019","tag-husqvarna","tag-ivar-cs-team","tag-jan-vesely"],"yoast_head":"<!-- This site is optimized with the Yoast SEO plugin v24.9 - https:\/\/yoast.com\/wordpress\/plugins\/seo\/ -->\n<title>Dakar 2019: Jan Vesel\u00fd podruh\u00e9 v nejdrsn\u011bj\u0161\u00ed motork\u00e1\u0159sk\u00e9 t\u0159\u00edd\u011b - DAKARMANIA.cz<\/title>\n<meta name=\"description\" content=\"Jan Vesel\u00fd zm\u011bnil p\u0159ed Rally Dakar 2019 t\u00fdmov\u00e9 barvy a techniku, op\u011bt ale absolvuje slavn\u00fd z\u00e1vod v nejn\u00e1ro\u010dn\u011bj\u0161\u00ed t\u0159\u00edd\u011b malle moto.\" \/>\n<meta name=\"robots\" content=\"index, follow, max-snippet:-1, max-image-preview:large, max-video-preview:-1\" \/>\n<link rel=\"canonical\" href=\"https:\/\/www.dakarmania.cz\/index.php\/2018\/12\/19\/dakar-2019-jan-vesely-podruhe-v-nejdrsnejsi-motorkarske-tride\/\" \/>\n<meta property=\"og:locale\" content=\"cs_CZ\" \/>\n<meta property=\"og:type\" content=\"article\" \/>\n<meta property=\"og:title\" content=\"Dakar 2019: Jan Vesel\u00fd podruh\u00e9 v nejdrsn\u011bj\u0161\u00ed motork\u00e1\u0159sk\u00e9 t\u0159\u00edd\u011b - DAKARMANIA.cz\" \/>\n<meta property=\"og:description\" content=\"Jan Vesel\u00fd zm\u011bnil p\u0159ed Rally Dakar 2019 t\u00fdmov\u00e9 barvy a techniku, op\u011bt ale absolvuje slavn\u00fd z\u00e1vod v nejn\u00e1ro\u010dn\u011bj\u0161\u00ed t\u0159\u00edd\u011b malle moto.\" \/>\n<meta property=\"og:url\" content=\"https:\/\/www.dakarmania.cz\/index.php\/2018\/12\/19\/dakar-2019-jan-vesely-podruhe-v-nejdrsnejsi-motorkarske-tride\/\" \/>\n<meta property=\"og:site_name\" content=\"DAKARMANIA.cz\" \/>\n<meta property=\"article:publisher\" content=\"https:\/\/www.facebook.com\/dakarmania\/\" \/>\n<meta property=\"article:published_time\" content=\"2018-12-19T16:01:40+00:00\" \/>\n<meta property=\"article:modified_time\" content=\"2018-12-20T00:31:19+00:00\" \/>\n<meta property=\"og:image\" content=\"https:\/\/www.dakarmania.cz\/wp-content\/uploads\/2018\/12\/18-elchott-vesely-01.jpg\" \/>\n\t<meta property=\"og:image:width\" content=\"2048\" \/>\n\t<meta property=\"og:image:height\" content=\"1365\" \/>\n\t<meta property=\"og:image:type\" content=\"image\/jpeg\" \/>\n<meta name=\"author\" content=\"Zden\u011bk Zelenka\" \/>\n<meta name=\"twitter:card\" content=\"summary_large_image\" \/>\n<meta name=\"twitter:label1\" content=\"Napsal(a)\" \/>\n\t<meta name=\"twitter:data1\" content=\"Zden\u011bk Zelenka\" \/>\n\t<meta name=\"twitter:label2\" content=\"Odhadovan\u00e1 doba \u010dten\u00ed\" \/>\n\t<meta name=\"twitter:data2\" content=\"2 minuty\" \/>\n<script type=\"application\/ld+json\" class=\"yoast-schema-graph\">{\"@context\":\"https:\/\/schema.org\",\"@graph\":[{\"@type\":\"Article\",\"@id\":\"https:\/\/www.dakarmania.cz\/index.php\/2018\/12\/19\/dakar-2019-jan-vesely-podruhe-v-nejdrsnejsi-motorkarske-tride\/#article\",\"isPartOf\":{\"@id\":\"https:\/\/www.dakarmania.cz\/index.php\/2018\/12\/19\/dakar-2019-jan-vesely-podruhe-v-nejdrsnejsi-motorkarske-tride\/\"},\"author\":{\"name\":\"Zden\u011bk Zelenka\",\"@id\":\"https:\/\/www.dakarmania.cz\/#\/schema\/person\/04eb0e87a389631c2169c0dddae7ff1e\"},\"headline\":\"Dakar 2019: Jan Vesel\u00fd podruh\u00e9 v nejdrsn\u011bj\u0161\u00ed motork\u00e1\u0159sk\u00e9 t\u0159\u00edd\u011b\",\"datePublished\":\"2018-12-19T16:01:40+00:00\",\"dateModified\":\"2018-12-20T00:31:19+00:00\",\"mainEntityOfPage\":{\"@id\":\"https:\/\/www.dakarmania.cz\/index.php\/2018\/12\/19\/dakar-2019-jan-vesely-podruhe-v-nejdrsnejsi-motorkarske-tride\/\"},\"wordCount\":443,\"commentCount\":0,\"publisher\":{\"@id\":\"https:\/\/www.dakarmania.cz\/#organization\"},\"image\":{\"@id\":\"https:\/\/www.dakarmania.cz\/index.php\/2018\/12\/19\/dakar-2019-jan-vesely-podruhe-v-nejdrsnejsi-motorkarske-tride\/#primaryimage\"},\"thumbnailUrl\":\"https:\/\/www.dakarmania.cz\/wp-content\/uploads\/2018\/12\/18-elchott-vesely-01.jpg\",\"keywords\":[\"Dakar\",\"Dakar 2019\",\"Husqvarna\",\"Ivar CS Team\",\"Jan Vesel\u00fd\"],\"articleSection\":[\"Moto\/Quad\",\"Rally Dakar\"],\"inLanguage\":\"cs\",\"potentialAction\":[{\"@type\":\"CommentAction\",\"name\":\"Comment\",\"target\":[\"https:\/\/www.dakarmania.cz\/index.php\/2018\/12\/19\/dakar-2019-jan-vesely-podruhe-v-nejdrsnejsi-motorkarske-tride\/#respond\"]}]},{\"@type\":\"WebPage\",\"@id\":\"https:\/\/www.dakarmania.cz\/index.php\/2018\/12\/19\/dakar-2019-jan-vesely-podruhe-v-nejdrsnejsi-motorkarske-tride\/\",\"url\":\"https:\/\/www.dakarmania.cz\/index.php\/2018\/12\/19\/dakar-2019-jan-vesely-podruhe-v-nejdrsnejsi-motorkarske-tride\/\",\"name\":\"Dakar 2019: Jan Vesel\u00fd podruh\u00e9 v nejdrsn\u011bj\u0161\u00ed motork\u00e1\u0159sk\u00e9 t\u0159\u00edd\u011b - DAKARMANIA.cz\",\"isPartOf\":{\"@id\":\"https:\/\/www.dakarmania.cz\/#website\"},\"primaryImageOfPage\":{\"@id\":\"https:\/\/www.dakarmania.cz\/index.php\/2018\/12\/19\/dakar-2019-jan-vesely-podruhe-v-nejdrsnejsi-motorkarske-tride\/#primaryimage\"},\"image\":{\"@id\":\"https:\/\/www.dakarmania.cz\/index.php\/2018\/12\/19\/dakar-2019-jan-vesely-podruhe-v-nejdrsnejsi-motorkarske-tride\/#primaryimage\"},\"thumbnailUrl\":\"https:\/\/www.dakarmania.cz\/wp-content\/uploads\/2018\/12\/18-elchott-vesely-01.jpg\",\"datePublished\":\"2018-12-19T16:01:40+00:00\",\"dateModified\":\"2018-12-20T00:31:19+00:00\",\"description\":\"Jan Vesel\u00fd zm\u011bnil p\u0159ed Rally Dakar 2019 t\u00fdmov\u00e9 barvy a techniku, op\u011bt ale absolvuje slavn\u00fd z\u00e1vod v nejn\u00e1ro\u010dn\u011bj\u0161\u00ed t\u0159\u00edd\u011b malle moto.\",\"breadcrumb\":{\"@id\":\"https:\/\/www.dakarmania.cz\/index.php\/2018\/12\/19\/dakar-2019-jan-vesely-podruhe-v-nejdrsnejsi-motorkarske-tride\/#breadcrumb\"},\"inLanguage\":\"cs\",\"potentialAction\":[{\"@type\":\"ReadAction\",\"target\":[\"https:\/\/www.dakarmania.cz\/index.php\/2018\/12\/19\/dakar-2019-jan-vesely-podruhe-v-nejdrsnejsi-motorkarske-tride\/\"]}]},{\"@type\":\"ImageObject\",\"inLanguage\":\"cs\",\"@id\":\"https:\/\/www.dakarmania.cz\/index.php\/2018\/12\/19\/dakar-2019-jan-vesely-podruhe-v-nejdrsnejsi-motorkarske-tride\/#primaryimage\",\"url\":\"https:\/\/www.dakarmania.cz\/wp-content\/uploads\/2018\/12\/18-elchott-vesely-01.jpg\",\"contentUrl\":\"https:\/\/www.dakarmania.cz\/wp-content\/uploads\/2018\/12\/18-elchott-vesely-01.jpg\",\"width\":2048,\"height\":1365,\"caption\":\"Jan Vesel\u00fd, Husqvarna FE 450 Rally, Ivar CS Team. El Chott Sahara Rallye de Tunisie 2018. Foto: Buggyra Media\"},{\"@type\":\"BreadcrumbList\",\"@id\":\"https:\/\/www.dakarmania.cz\/index.php\/2018\/12\/19\/dakar-2019-jan-vesely-podruhe-v-nejdrsnejsi-motorkarske-tride\/#breadcrumb\",\"itemListElement\":[{\"@type\":\"ListItem\",\"position\":1,\"name\":\"Dom\u016f\",\"item\":\"https:\/\/www.dakarmania.cz\/\"},{\"@type\":\"ListItem\",\"position\":2,\"name\":\"Dakar 2019: Jan Vesel\u00fd podruh\u00e9 v nejdrsn\u011bj\u0161\u00ed motork\u00e1\u0159sk\u00e9 t\u0159\u00edd\u011b\"}]},{\"@type\":\"WebSite\",\"@id\":\"https:\/\/www.dakarmania.cz\/#website\",\"url\":\"https:\/\/www.dakarmania.cz\/\",\"name\":\"DAKARMANIA.cz\",\"description\":\"\u017dijeme Dakarem cel\u00fd rok\",\"publisher\":{\"@id\":\"https:\/\/www.dakarmania.cz\/#organization\"},\"potentialAction\":[{\"@type\":\"SearchAction\",\"target\":{\"@type\":\"EntryPoint\",\"urlTemplate\":\"https:\/\/www.dakarmania.cz\/?s={search_term_string}\"},\"query-input\":{\"@type\":\"PropertyValueSpecification\",\"valueRequired\":true,\"valueName\":\"search_term_string\"}}],\"inLanguage\":\"cs\"},{\"@type\":\"Organization\",\"@id\":\"https:\/\/www.dakarmania.cz\/#organization\",\"name\":\"DAKAR MANIA\",\"url\":\"https:\/\/www.dakarmania.cz\/\",\"logo\":{\"@type\":\"ImageObject\",\"inLanguage\":\"cs\",\"@id\":\"https:\/\/www.dakarmania.cz\/#\/schema\/logo\/image\/\",\"url\":\"https:\/\/www.dakarmania.cz\/wp-content\/uploads\/2018\/12\/Dakar-Mania-Logo-Square-Orange.png\",\"contentUrl\":\"https:\/\/www.dakarmania.cz\/wp-content\/uploads\/2018\/12\/Dakar-Mania-Logo-Square-Orange.png\",\"width\":992,\"height\":992,\"caption\":\"DAKAR MANIA\"},\"image\":{\"@id\":\"https:\/\/www.dakarmania.cz\/#\/schema\/logo\/image\/\"},\"sameAs\":[\"https:\/\/www.facebook.com\/dakarmania\/\"]},{\"@type\":\"Person\",\"@id\":\"https:\/\/www.dakarmania.cz\/#\/schema\/person\/04eb0e87a389631c2169c0dddae7ff1e\",\"name\":\"Zden\u011bk Zelenka\",\"image\":{\"@type\":\"ImageObject\",\"inLanguage\":\"cs\",\"@id\":\"https:\/\/www.dakarmania.cz\/#\/schema\/person\/image\/\",\"url\":\"https:\/\/secure.gravatar.com\/avatar\/2c80d5a4942fe0900b73cc7d3837a509d6ee0a276a2b76dac95c92bd0763a89b?s=96&d=mm&r=g\",\"contentUrl\":\"https:\/\/secure.gravatar.com\/avatar\/2c80d5a4942fe0900b73cc7d3837a509d6ee0a276a2b76dac95c92bd0763a89b?s=96&d=mm&r=g\",\"caption\":\"Zden\u011bk Zelenka\"},\"description\":\"Moji d\u011bt\u0161t\u00ed hrdinov\u00e9 se jmenovali Loprais, Moskal, Neveu, Vatanen, Rahier... A tihle borci, jejich n\u00e1sledovn\u00edci a jejich p\u0159\u00edb\u011bhy m\u011b nep\u0159estali fascinovat ani po letech, kdy jsem vyrostl a zam\u011bstn\u00e1valy m\u011b jin\u00e9 discipl\u00edny motorsportu. Proto se zrodila DAKARMANIA.\",\"url\":\"https:\/\/www.dakarmania.cz\/index.php\/author\/dakarmania\/\"}]}<\/script>\n<!-- \/ Yoast SEO plugin. -->","yoast_head_json":{"title":"Dakar 2019: Jan Vesel\u00fd podruh\u00e9 v nejdrsn\u011bj\u0161\u00ed motork\u00e1\u0159sk\u00e9 t\u0159\u00edd\u011b - DAKARMANIA.cz","description":"Jan Vesel\u00fd zm\u011bnil p\u0159ed Rally Dakar 2019 t\u00fdmov\u00e9 barvy a techniku, op\u011bt ale absolvuje slavn\u00fd z\u00e1vod v nejn\u00e1ro\u010dn\u011bj\u0161\u00ed t\u0159\u00edd\u011b malle moto.","robots":{"index":"index","follow":"follow","max-snippet":"max-snippet:-1","max-image-preview":"max-image-preview:large","max-video-preview":"max-video-preview:-1"},"canonical":"https:\/\/www.dakarmania.cz\/index.php\/2018\/12\/19\/dakar-2019-jan-vesely-podruhe-v-nejdrsnejsi-motorkarske-tride\/","og_locale":"cs_CZ","og_type":"article","og_title":"Dakar 2019: Jan Vesel\u00fd podruh\u00e9 v nejdrsn\u011bj\u0161\u00ed motork\u00e1\u0159sk\u00e9 t\u0159\u00edd\u011b - DAKARMANIA.cz","og_description":"Jan Vesel\u00fd zm\u011bnil p\u0159ed Rally Dakar 2019 t\u00fdmov\u00e9 barvy a techniku, op\u011bt ale absolvuje slavn\u00fd z\u00e1vod v nejn\u00e1ro\u010dn\u011bj\u0161\u00ed t\u0159\u00edd\u011b malle moto.","og_url":"https:\/\/www.dakarmania.cz\/index.php\/2018\/12\/19\/dakar-2019-jan-vesely-podruhe-v-nejdrsnejsi-motorkarske-tride\/","og_site_name":"DAKARMANIA.cz","article_publisher":"https:\/\/www.facebook.com\/dakarmania\/","article_published_time":"2018-12-19T16:01:40+00:00","article_modified_time":"2018-12-20T00:31:19+00:00","og_image":[{"width":2048,"height":1365,"url":"https:\/\/www.dakarmania.cz\/wp-content\/uploads\/2018\/12\/18-elchott-vesely-01.jpg","type":"image\/jpeg"}],"author":"Zden\u011bk Zelenka","twitter_card":"summary_large_image","twitter_misc":{"Napsal(a)":"Zden\u011bk Zelenka","Odhadovan\u00e1 doba \u010dten\u00ed":"2 minuty"},"schema":{"@context":"https:\/\/schema.org","@graph":[{"@type":"Article","@id":"https:\/\/www.dakarmania.cz\/index.php\/2018\/12\/19\/dakar-2019-jan-vesely-podruhe-v-nejdrsnejsi-motorkarske-tride\/#article","isPartOf":{"@id":"https:\/\/www.dakarmania.cz\/index.php\/2018\/12\/19\/dakar-2019-jan-vesely-podruhe-v-nejdrsnejsi-motorkarske-tride\/"},"author":{"name":"Zden\u011bk Zelenka","@id":"https:\/\/www.dakarmania.cz\/#\/schema\/person\/04eb0e87a389631c2169c0dddae7ff1e"},"headline":"Dakar 2019: Jan Vesel\u00fd podruh\u00e9 v nejdrsn\u011bj\u0161\u00ed motork\u00e1\u0159sk\u00e9 t\u0159\u00edd\u011b","datePublished":"2018-12-19T16:01:40+00:00","dateModified":"2018-12-20T00:31:19+00:00","mainEntityOfPage":{"@id":"https:\/\/www.dakarmania.cz\/index.php\/2018\/12\/19\/dakar-2019-jan-vesely-podruhe-v-nejdrsnejsi-motorkarske-tride\/"},"wordCount":443,"commentCount":0,"publisher":{"@id":"https:\/\/www.dakarmania.cz\/#organization"},"image":{"@id":"https:\/\/www.dakarmania.cz\/index.php\/2018\/12\/19\/dakar-2019-jan-vesely-podruhe-v-nejdrsnejsi-motorkarske-tride\/#primaryimage"},"thumbnailUrl":"https:\/\/www.dakarmania.cz\/wp-content\/uploads\/2018\/12\/18-elchott-vesely-01.jpg","keywords":["Dakar","Dakar 2019","Husqvarna","Ivar CS Team","Jan Vesel\u00fd"],"articleSection":["Moto\/Quad","Rally Dakar"],"inLanguage":"cs","potentialAction":[{"@type":"CommentAction","name":"Comment","target":["https:\/\/www.dakarmania.cz\/index.php\/2018\/12\/19\/dakar-2019-jan-vesely-podruhe-v-nejdrsnejsi-motorkarske-tride\/#respond"]}]},{"@type":"WebPage","@id":"https:\/\/www.dakarmania.cz\/index.php\/2018\/12\/19\/dakar-2019-jan-vesely-podruhe-v-nejdrsnejsi-motorkarske-tride\/","url":"https:\/\/www.dakarmania.cz\/index.php\/2018\/12\/19\/dakar-2019-jan-vesely-podruhe-v-nejdrsnejsi-motorkarske-tride\/","name":"Dakar 2019: Jan Vesel\u00fd podruh\u00e9 v nejdrsn\u011bj\u0161\u00ed motork\u00e1\u0159sk\u00e9 t\u0159\u00edd\u011b - DAKARMANIA.cz","isPartOf":{"@id":"https:\/\/www.dakarmania.cz\/#website"},"primaryImageOfPage":{"@id":"https:\/\/www.dakarmania.cz\/index.php\/2018\/12\/19\/dakar-2019-jan-vesely-podruhe-v-nejdrsnejsi-motorkarske-tride\/#primaryimage"},"image":{"@id":"https:\/\/www.dakarmania.cz\/index.php\/2018\/12\/19\/dakar-2019-jan-vesely-podruhe-v-nejdrsnejsi-motorkarske-tride\/#primaryimage"},"thumbnailUrl":"https:\/\/www.dakarmania.cz\/wp-content\/uploads\/2018\/12\/18-elchott-vesely-01.jpg","datePublished":"2018-12-19T16:01:40+00:00","dateModified":"2018-12-20T00:31:19+00:00","description":"Jan Vesel\u00fd zm\u011bnil p\u0159ed Rally Dakar 2019 t\u00fdmov\u00e9 barvy a techniku, op\u011bt ale absolvuje slavn\u00fd z\u00e1vod v nejn\u00e1ro\u010dn\u011bj\u0161\u00ed t\u0159\u00edd\u011b malle moto.","breadcrumb":{"@id":"https:\/\/www.dakarmania.cz\/index.php\/2018\/12\/19\/dakar-2019-jan-vesely-podruhe-v-nejdrsnejsi-motorkarske-tride\/#breadcrumb"},"inLanguage":"cs","potentialAction":[{"@type":"ReadAction","target":["https:\/\/www.dakarmania.cz\/index.php\/2018\/12\/19\/dakar-2019-jan-vesely-podruhe-v-nejdrsnejsi-motorkarske-tride\/"]}]},{"@type":"ImageObject","inLanguage":"cs","@id":"https:\/\/www.dakarmania.cz\/index.php\/2018\/12\/19\/dakar-2019-jan-vesely-podruhe-v-nejdrsnejsi-motorkarske-tride\/#primaryimage","url":"https:\/\/www.dakarmania.cz\/wp-content\/uploads\/2018\/12\/18-elchott-vesely-01.jpg","contentUrl":"https:\/\/www.dakarmania.cz\/wp-content\/uploads\/2018\/12\/18-elchott-vesely-01.jpg","width":2048,"height":1365,"caption":"Jan Vesel\u00fd, Husqvarna FE 450 Rally, Ivar CS Team. El Chott Sahara Rallye de Tunisie 2018. Foto: Buggyra Media"},{"@type":"BreadcrumbList","@id":"https:\/\/www.dakarmania.cz\/index.php\/2018\/12\/19\/dakar-2019-jan-vesely-podruhe-v-nejdrsnejsi-motorkarske-tride\/#breadcrumb","itemListElement":[{"@type":"ListItem","position":1,"name":"Dom\u016f","item":"https:\/\/www.dakarmania.cz\/"},{"@type":"ListItem","position":2,"name":"Dakar 2019: Jan Vesel\u00fd podruh\u00e9 v nejdrsn\u011bj\u0161\u00ed motork\u00e1\u0159sk\u00e9 t\u0159\u00edd\u011b"}]},{"@type":"WebSite","@id":"https:\/\/www.dakarmania.cz\/#website","url":"https:\/\/www.dakarmania.cz\/","name":"DAKARMANIA.cz","description":"\u017dijeme Dakarem cel\u00fd rok","publisher":{"@id":"https:\/\/www.dakarmania.cz\/#organization"},"potentialAction":[{"@type":"SearchAction","target":{"@type":"EntryPoint","urlTemplate":"https:\/\/www.dakarmania.cz\/?s={search_term_string}"},"query-input":{"@type":"PropertyValueSpecification","valueRequired":true,"valueName":"search_term_string"}}],"inLanguage":"cs"},{"@type":"Organization","@id":"https:\/\/www.dakarmania.cz\/#organization","name":"DAKAR MANIA","url":"https:\/\/www.dakarmania.cz\/","logo":{"@type":"ImageObject","inLanguage":"cs","@id":"https:\/\/www.dakarmania.cz\/#\/schema\/logo\/image\/","url":"https:\/\/www.dakarmania.cz\/wp-content\/uploads\/2018\/12\/Dakar-Mania-Logo-Square-Orange.png","contentUrl":"https:\/\/www.dakarmania.cz\/wp-content\/uploads\/2018\/12\/Dakar-Mania-Logo-Square-Orange.png","width":992,"height":992,"caption":"DAKAR MANIA"},"image":{"@id":"https:\/\/www.dakarmania.cz\/#\/schema\/logo\/image\/"},"sameAs":["https:\/\/www.facebook.com\/dakarmania\/"]},{"@type":"Person","@id":"https:\/\/www.dakarmania.cz\/#\/schema\/person\/04eb0e87a389631c2169c0dddae7ff1e","name":"Zden\u011bk Zelenka","image":{"@type":"ImageObject","inLanguage":"cs","@id":"https:\/\/www.dakarmania.cz\/#\/schema\/person\/image\/","url":"https:\/\/secure.gravatar.com\/avatar\/2c80d5a4942fe0900b73cc7d3837a509d6ee0a276a2b76dac95c92bd0763a89b?s=96&d=mm&r=g","contentUrl":"https:\/\/secure.gravatar.com\/avatar\/2c80d5a4942fe0900b73cc7d3837a509d6ee0a276a2b76dac95c92bd0763a89b?s=96&d=mm&r=g","caption":"Zden\u011bk Zelenka"},"description":"Moji d\u011bt\u0161t\u00ed hrdinov\u00e9 se jmenovali Loprais, Moskal, Neveu, Vatanen, Rahier... A tihle borci, jejich n\u00e1sledovn\u00edci a jejich p\u0159\u00edb\u011bhy m\u011b nep\u0159estali fascinovat ani po letech, kdy jsem vyrostl a zam\u011bstn\u00e1valy m\u011b jin\u00e9 discipl\u00edny motorsportu. Proto se zrodila DAKARMANIA.","url":"https:\/\/www.dakarmania.cz\/index.php\/author\/dakarmania\/"}]}},"amp_enabled":true,"_links":{"self":[{"href":"https:\/\/www.dakarmania.cz\/index.php\/wp-json\/wp\/v2\/posts\/1199","targetHints":{"allow":["GET"]}}],"collection":[{"href":"https:\/\/www.dakarmania.cz\/index.php\/wp-json\/wp\/v2\/posts"}],"about":[{"href":"https:\/\/www.dakarmania.cz\/index.php\/wp-json\/wp\/v2\/types\/post"}],"author":[{"embeddable":true,"href":"https:\/\/www.dakarmania.cz\/index.php\/wp-json\/wp\/v2\/users\/1"}],"replies":[{"embeddable":true,"href":"https:\/\/www.dakarmania.cz\/index.php\/wp-json\/wp\/v2\/comments?post=1199"}],"version-history":[{"count":1,"href":"https:\/\/www.dakarmania.cz\/index.php\/wp-json\/wp\/v2\/posts\/1199\/revisions"}],"predecessor-version":[{"id":1200,"href":"https:\/\/www.dakarmania.cz\/index.php\/wp-json\/wp\/v2\/posts\/1199\/revisions\/1200"}],"wp:featuredmedia":[{"embeddable":true,"href":"https:\/\/www.dakarmania.cz\/index.php\/wp-json\/wp\/v2\/media\/1201"}],"wp:attachment":[{"href":"https:\/\/www.dakarmania.cz\/index.php\/wp-json\/wp\/v2\/media?parent=1199"}],"wp:term":[{"taxonomy":"category","embeddable":true,"href":"https:\/\/www.dakarmania.cz\/index.php\/wp-json\/wp\/v2\/categories?post=1199"},{"taxonomy":"post_tag","embeddable":true,"href":"https:\/\/www.dakarmania.cz\/index.php\/wp-json\/wp\/v2\/tags?post=1199"}],"curies":[{"name":"wp","href":"https:\/\/api.w.org\/{rel}","templated":true}]}}