{"id":12021,"date":"2019-10-02T16:15:10","date_gmt":"2019-10-02T14:15:10","guid":{"rendered":"https:\/\/www.dakarmania.cz\/?p=12021"},"modified":"2023-01-30T21:41:57","modified_gmt":"2023-01-30T20:41:57","slug":"dakar-2020-xraid-dve-buggy","status":"publish","type":"post","link":"https:\/\/www.dakarmania.cz\/index.php\/2019\/10\/02\/dakar-2020-xraid-dve-buggy\/","title":{"rendered":"Dakar 2020: X-raid pouze se dv\u011bma buggy"},"content":{"rendered":"<p>[vc_row][vc_column][vc_column_text css_animation=&#8221;fadeIn&#8221;]<\/p>\n<h4>N\u011bmeck\u00fd X-raid nasad\u00ed do Rally Dakar 2020 vylep\u0161en\u00e9 speci\u00e1ly Mini JCW Buggy. Na rozd\u00edl od p\u0159edchoz\u00edho ro\u010dn\u00edku v\u0161ak p\u0159iprav\u00ed pouze dva speci\u00e1ly. M\u00edsto nezbylo na Francouze Cyrila Desprese.<\/h4>\n<p>P\u0159i p\u0159esunu Rally Dakar na nov\u00fd kontinent bude t\u00fdm Svena Quandta spol\u00e9hat na zku\u0161en\u00e9 matadory <a href=\"\/index.php\/osobnosti\/stephane-peterhansel\/\">St\u00e9phana Peterhansela<\/a> a <a href=\"\/index.php\/osobnosti\/carlos-sainz\/\">Carlose Sainze<\/a>.<\/p>\n<p>Rekordman St\u00e9phane Peterhansel m\u00e1 ve sb\u00edrce t\u0159in\u00e1ct zlat\u00fdch dakarsk\u00fdch trofej\u00ed. Francouz \u0161estkr\u00e1t dominoval v kategorii motocykl\u016f, sedmkr\u00e1t za volantem automobilu. Nesmazateln\u011b se zapsal tak\u00e9 do historie X-raidu. V roce 2012 se s Mini All4 Racing zaslou\u017eil o prvn\u00ed v\u00fdhru n\u011bmeck\u00e9ho t\u00fdmu na slavn\u00e9 sout\u011b\u017ei a o rok pozd\u011bji prvn\u00ed m\u00edsto obh\u00e1jil.[\/vc_column_text][vc_single_image image=&#8221;12018&#8243; img_size=&#8221;large&#8221; add_caption=&#8221;yes&#8221; alignment=&#8221;center&#8221; onclick=&#8221;link_image&#8221; css_animation=&#8221;fadeIn&#8221;][vc_column_text css_animation=&#8221;fadeIn&#8221;]<a href=\"\/index.php\/souteze\/dakar-2020\/\">Dakaru 2020<\/a> se z\u00fa\u010dastn\u00ed spole\u010dn\u011b s man\u017eelkou <a href=\"\/index.php\/osobnosti\/peterhansel-andrea\/\">Andreou<\/a>. Peterhanselovi se na spole\u010dn\u00fd start p\u0159ipravuj\u00ed u\u017e od lo\u0148sk\u00e9ho roku, letos spole\u010dn\u011b absolvovali v\u011bt\u0161inu podnik\u016f <a href=\"\/index.php\/sampionaty\/svetovy-pohar-fia-v-cross-country-rally-2019\/\">Sv\u011btov\u00e9ho poh\u00e1ru FIA v cross-country rally<\/a>. P\u0159i <a href=\"\/index.php\/sampionaty\/svetovy-pohar-fia-v-cross-country-rally-2019\/addc-2019\/\">Abu Dhabi Desert Challenge<\/a> (Mini JCW Rally) dok\u00e1zali jako prvn\u00ed man\u017eelsk\u00fd p\u00e1r v historii vyhr\u00e1t sout\u011b\u017e sv\u011btov\u00e9ho poh\u00e1ru. Na <a href=\"\/index.php\/souteze\/rally-kazakhstan-2019\/\">Rally Kazakhstan<\/a> (Mini JCW Buggy) obsadili druhou p\u0159\u00ed\u010dku a p\u0159ed z\u00e1v\u011bre\u010dnou <a href=\"\/index.php\/souteze\/maroc-2019\/\">Rallye du Maroc<\/a> maj\u00ed st\u00e1le \u0161anci na celkov\u00e9 v\u00edt\u011bzstv\u00ed.<\/p>\n<p>Dvojn\u00e1sobn\u00fd mistr sv\u011bta v rally Sainz triumfoval na Dakaru dvakr\u00e1t. Poprv\u00e9 usp\u011bl s Volkswagenem v roce 2010, podruh\u00e9 o osm let pozd\u011bji s Peugeotem. V obou p\u0159\u00edpadech slavil spole\u010dn\u011b s <a href=\"\/index.php\/osobnosti\/lucas-cruz\/\">Lucasem Cruzem<\/a>, kter\u00fd se na hork\u00e9 sedadlo po \u0160pan\u011blov\u011b boku posad\u00ed tak\u00e9 tentokr\u00e1t.[\/vc_column_text][vc_video link=&#8221;https:\/\/youtu.be\/Z2rZrGDOz98&#8243; align=&#8221;center&#8221; css_animation=&#8221;fadeIn&#8221;][vc_column_text css_animation=&#8221;fadeIn&#8221;]<em>\u201eD\u00edky Carlosi a St\u00e9phanovi m\u00e1me nejen dva jezdce se spoustou zku\u0161enost\u00ed, ale tak\u00e9 piloty, kte\u0159\u00ed Mini opravdu dob\u0159e znaj\u00ed,\u201c<\/em> pochvaluje si <strong>Sven Quandt<\/strong>. <em>\u201eD\u00edky tomu bychom m\u011bli b\u00fdt dob\u0159e p\u0159ipraveni na v\u00fdzvy, kter\u00e9 n\u00e1s v lednu \u010dekaj\u00ed. To sam\u00e9 plat\u00ed o Mini John Cooper Works Buggy, kter\u00e9 jsme v pr\u016fb\u011bhu sezony nep\u0159etr\u017eit\u011b vyv\u00edjeli a testovali.\u201c<\/em><\/p>\n<p>Buggy s jedinou poh\u00e1n\u011bnou n\u00e1pravou pro\u0161la v pr\u016fb\u011bhu roku dal\u0161\u00edm v\u00fdvojem. Na prvn\u00ed pohled je patrn\u00e9 zkr\u00e1cen\u00ed p\u0159edn\u00ed \u010d\u00e1sti vozu. Zm\u011bna by m\u011bla p\u0159edev\u0161\u00edm v dun\u00e1ch p\u0159isp\u011bt k lep\u0161\u00edmu ovl\u00e1d\u00e1n\u00ed vozu. Velkou pozornost in\u017een\u00fd\u0159i v\u011bnovali tak\u00e9 syst\u00e9mu automatick\u00e9ho dohu\u0161\u0165ov\u00e1n\u00ed pneumatik, zav\u011b\u0161en\u00ed, zv\u00fd\u0161en\u00ed v\u00fdkonu motoru a sn\u00ed\u017een\u00ed hmotnosti.[\/vc_column_text][vc_single_image image=&#8221;12020&#8243; img_size=&#8221;large&#8221; add_caption=&#8221;yes&#8221; alignment=&#8221;center&#8221; onclick=&#8221;link_image&#8221; css_animation=&#8221;fadeIn&#8221;][vc_column_text css_animation=&#8221;fadeIn&#8221;]Dal\u0161\u00ed vozy p\u0159iprav\u00ed X-raid na Dakar pro sv\u00e9 klienty. Se \u201e\u010dty\u0159kolkami\u201c Mini JCW Rally by se v Sa\u00fadsk\u00e9 Ar\u00e1bii m\u011bli p\u0159edstavit <a href=\"\/index.php\/osobnosti\/kuba-przygonski\/\">Kuba Przygo\u0144ski<\/a>, <a href=\"\/index.php\/osobnosti\/orlando-terranova\/\">Orlando Terranova<\/a> nebo Boris Garafulic.<\/p>\n<p>Prvn\u00ed ro\u010dn\u00edk Rally Dakar na Arabsk\u00e9m poloostrov\u011b odstartuje 5. ledna 2020 v D\u017eidd\u011b.[\/vc_column_text][\/vc_column][\/vc_row]<\/p>\n","protected":false},"excerpt":{"rendered":"<p>N\u011bmeck\u00fd X-raid nasad\u00ed do Rally Dakar 2020 vylep\u0161en\u00e9 speci\u00e1ly Mini JCW Buggy. Na rozd\u00edl od p\u0159edchoz\u00edho ro\u010dn\u00edku v\u0161ak p\u0159iprav\u00ed pouze dva speci\u00e1ly.<\/p>\n","protected":false},"author":1,"featured_media":12017,"comment_status":"closed","ping_status":"closed","sticky":false,"template":"","format":"standard","meta":{"footnotes":""},"categories":[3,251],"tags":[425,903,654,231,1114,8,159,1185,219,217,1525,220],"class_list":["post-12021","post","type-post","status-publish","format-standard","has-post-thumbnail","hentry","category-auto","category-dakar-2020","tag-425","tag-903","tag-andrea-mayer","tag-andrea-peterhansel","tag-carlos-sainz","tag-dakar","tag-dakar-2020","tag-lucas-cruz","tag-mini","tag-stephane-peterhansel","tag-sven-quandt","tag-x-raid"],"yoast_head":"<!-- This site is optimized with the Yoast SEO plugin v24.9 - https:\/\/yoast.com\/wordpress\/plugins\/seo\/ -->\n<title>Dakar 2020: X-raid pouze se dv\u011bma buggy - DAKARMANIA.cz<\/title>\n<meta name=\"description\" content=\"N\u011bmeck\u00fd X-raid nasad\u00ed do Rally Dakar 2020 vylep\u0161en\u00e9 speci\u00e1ly Mini JCW Buggy. Na rozd\u00edl od p\u0159edchoz\u00edho ro\u010dn\u00edku v\u0161ak p\u0159iprav\u00ed pouze dva speci\u00e1ly.\" \/>\n<meta name=\"robots\" content=\"index, follow, max-snippet:-1, max-image-preview:large, max-video-preview:-1\" \/>\n<link rel=\"canonical\" href=\"https:\/\/www.dakarmania.cz\/index.php\/2019\/10\/02\/dakar-2020-xraid-dve-buggy\/\" \/>\n<meta property=\"og:locale\" content=\"cs_CZ\" \/>\n<meta property=\"og:type\" content=\"article\" \/>\n<meta property=\"og:title\" content=\"Dakar 2020: X-raid pouze se dv\u011bma buggy - DAKARMANIA.cz\" \/>\n<meta property=\"og:description\" content=\"N\u011bmeck\u00fd X-raid nasad\u00ed do Rally Dakar 2020 vylep\u0161en\u00e9 speci\u00e1ly Mini JCW Buggy. Na rozd\u00edl od p\u0159edchoz\u00edho ro\u010dn\u00edku v\u0161ak p\u0159iprav\u00ed pouze dva speci\u00e1ly.\" \/>\n<meta property=\"og:url\" content=\"https:\/\/www.dakarmania.cz\/index.php\/2019\/10\/02\/dakar-2020-xraid-dve-buggy\/\" \/>\n<meta property=\"og:site_name\" content=\"DAKARMANIA.cz\" \/>\n<meta property=\"article:publisher\" content=\"https:\/\/www.facebook.com\/dakarmania\/\" \/>\n<meta property=\"article:published_time\" content=\"2019-10-02T14:15:10+00:00\" \/>\n<meta property=\"article:modified_time\" content=\"2023-01-30T20:41:57+00:00\" \/>\n<meta property=\"og:image\" content=\"https:\/\/www.dakarmania.cz\/wp-content\/uploads\/2019\/10\/19-x-raid-01.jpg\" \/>\n\t<meta property=\"og:image:width\" content=\"1024\" \/>\n\t<meta property=\"og:image:height\" content=\"683\" \/>\n\t<meta property=\"og:image:type\" content=\"image\/jpeg\" \/>\n<meta name=\"author\" content=\"Zden\u011bk Zelenka\" \/>\n<meta name=\"twitter:card\" content=\"summary_large_image\" \/>\n<meta name=\"twitter:label1\" content=\"Napsal(a)\" \/>\n\t<meta name=\"twitter:data1\" content=\"Zden\u011bk Zelenka\" \/>\n\t<meta name=\"twitter:label2\" content=\"Odhadovan\u00e1 doba \u010dten\u00ed\" \/>\n\t<meta name=\"twitter:data2\" content=\"3 minuty\" \/>\n<script type=\"application\/ld+json\" class=\"yoast-schema-graph\">{\"@context\":\"https:\/\/schema.org\",\"@graph\":[{\"@type\":\"Article\",\"@id\":\"https:\/\/www.dakarmania.cz\/index.php\/2019\/10\/02\/dakar-2020-xraid-dve-buggy\/#article\",\"isPartOf\":{\"@id\":\"https:\/\/www.dakarmania.cz\/index.php\/2019\/10\/02\/dakar-2020-xraid-dve-buggy\/\"},\"author\":{\"name\":\"Zden\u011bk Zelenka\",\"@id\":\"https:\/\/www.dakarmania.cz\/#\/schema\/person\/04eb0e87a389631c2169c0dddae7ff1e\"},\"headline\":\"Dakar 2020: X-raid pouze se dv\u011bma buggy\",\"datePublished\":\"2019-10-02T14:15:10+00:00\",\"dateModified\":\"2023-01-30T20:41:57+00:00\",\"mainEntityOfPage\":{\"@id\":\"https:\/\/www.dakarmania.cz\/index.php\/2019\/10\/02\/dakar-2020-xraid-dve-buggy\/\"},\"wordCount\":580,\"publisher\":{\"@id\":\"https:\/\/www.dakarmania.cz\/#organization\"},\"image\":{\"@id\":\"https:\/\/www.dakarmania.cz\/index.php\/2019\/10\/02\/dakar-2020-xraid-dve-buggy\/#primaryimage\"},\"thumbnailUrl\":\"https:\/\/www.dakarmania.cz\/wp-content\/uploads\/2019\/10\/19-x-raid-01.jpg\",\"keywords\":[\"2019\",\"2020\",\"Andrea Mayer\",\"Andrea Peterhansel\",\"Carlos Sainz\",\"Dakar\",\"Dakar 2020\",\"Lucas Cruz\",\"Mini\",\"St\u00e9phane Peterhansel\",\"Sven Quandt\",\"X-raid\"],\"articleSection\":[\"Auto\",\"Dakar 2020\"],\"inLanguage\":\"cs\"},{\"@type\":\"WebPage\",\"@id\":\"https:\/\/www.dakarmania.cz\/index.php\/2019\/10\/02\/dakar-2020-xraid-dve-buggy\/\",\"url\":\"https:\/\/www.dakarmania.cz\/index.php\/2019\/10\/02\/dakar-2020-xraid-dve-buggy\/\",\"name\":\"Dakar 2020: X-raid pouze se dv\u011bma buggy - DAKARMANIA.cz\",\"isPartOf\":{\"@id\":\"https:\/\/www.dakarmania.cz\/#website\"},\"primaryImageOfPage\":{\"@id\":\"https:\/\/www.dakarmania.cz\/index.php\/2019\/10\/02\/dakar-2020-xraid-dve-buggy\/#primaryimage\"},\"image\":{\"@id\":\"https:\/\/www.dakarmania.cz\/index.php\/2019\/10\/02\/dakar-2020-xraid-dve-buggy\/#primaryimage\"},\"thumbnailUrl\":\"https:\/\/www.dakarmania.cz\/wp-content\/uploads\/2019\/10\/19-x-raid-01.jpg\",\"datePublished\":\"2019-10-02T14:15:10+00:00\",\"dateModified\":\"2023-01-30T20:41:57+00:00\",\"description\":\"N\u011bmeck\u00fd X-raid nasad\u00ed do Rally Dakar 2020 vylep\u0161en\u00e9 speci\u00e1ly Mini JCW Buggy. Na rozd\u00edl od p\u0159edchoz\u00edho ro\u010dn\u00edku v\u0161ak p\u0159iprav\u00ed pouze dva speci\u00e1ly.\",\"breadcrumb\":{\"@id\":\"https:\/\/www.dakarmania.cz\/index.php\/2019\/10\/02\/dakar-2020-xraid-dve-buggy\/#breadcrumb\"},\"inLanguage\":\"cs\",\"potentialAction\":[{\"@type\":\"ReadAction\",\"target\":[\"https:\/\/www.dakarmania.cz\/index.php\/2019\/10\/02\/dakar-2020-xraid-dve-buggy\/\"]}]},{\"@type\":\"ImageObject\",\"inLanguage\":\"cs\",\"@id\":\"https:\/\/www.dakarmania.cz\/index.php\/2019\/10\/02\/dakar-2020-xraid-dve-buggy\/#primaryimage\",\"url\":\"https:\/\/www.dakarmania.cz\/wp-content\/uploads\/2019\/10\/19-x-raid-01.jpg\",\"contentUrl\":\"https:\/\/www.dakarmania.cz\/wp-content\/uploads\/2019\/10\/19-x-raid-01.jpg\",\"width\":1024,\"height\":683,\"caption\":\"St\u00e9phane Peterhansel\/Andrea Peterhansel, Mini JCW Buggy, X-raid. Testov\u00e1n\u00ed v Maroku, z\u00e1\u0159\u00ed 2019. \u00a9 X-raid\"},{\"@type\":\"BreadcrumbList\",\"@id\":\"https:\/\/www.dakarmania.cz\/index.php\/2019\/10\/02\/dakar-2020-xraid-dve-buggy\/#breadcrumb\",\"itemListElement\":[{\"@type\":\"ListItem\",\"position\":1,\"name\":\"Dom\u016f\",\"item\":\"https:\/\/www.dakarmania.cz\/\"},{\"@type\":\"ListItem\",\"position\":2,\"name\":\"Dakar 2020: X-raid pouze se dv\u011bma buggy\"}]},{\"@type\":\"WebSite\",\"@id\":\"https:\/\/www.dakarmania.cz\/#website\",\"url\":\"https:\/\/www.dakarmania.cz\/\",\"name\":\"DAKARMANIA.cz\",\"description\":\"\u017dijeme Dakarem cel\u00fd rok\",\"publisher\":{\"@id\":\"https:\/\/www.dakarmania.cz\/#organization\"},\"potentialAction\":[{\"@type\":\"SearchAction\",\"target\":{\"@type\":\"EntryPoint\",\"urlTemplate\":\"https:\/\/www.dakarmania.cz\/?s={search_term_string}\"},\"query-input\":{\"@type\":\"PropertyValueSpecification\",\"valueRequired\":true,\"valueName\":\"search_term_string\"}}],\"inLanguage\":\"cs\"},{\"@type\":\"Organization\",\"@id\":\"https:\/\/www.dakarmania.cz\/#organization\",\"name\":\"DAKAR MANIA\",\"url\":\"https:\/\/www.dakarmania.cz\/\",\"logo\":{\"@type\":\"ImageObject\",\"inLanguage\":\"cs\",\"@id\":\"https:\/\/www.dakarmania.cz\/#\/schema\/logo\/image\/\",\"url\":\"https:\/\/www.dakarmania.cz\/wp-content\/uploads\/2018\/12\/Dakar-Mania-Logo-Square-Orange.png\",\"contentUrl\":\"https:\/\/www.dakarmania.cz\/wp-content\/uploads\/2018\/12\/Dakar-Mania-Logo-Square-Orange.png\",\"width\":992,\"height\":992,\"caption\":\"DAKAR MANIA\"},\"image\":{\"@id\":\"https:\/\/www.dakarmania.cz\/#\/schema\/logo\/image\/\"},\"sameAs\":[\"https:\/\/www.facebook.com\/dakarmania\/\"]},{\"@type\":\"Person\",\"@id\":\"https:\/\/www.dakarmania.cz\/#\/schema\/person\/04eb0e87a389631c2169c0dddae7ff1e\",\"name\":\"Zden\u011bk Zelenka\",\"image\":{\"@type\":\"ImageObject\",\"inLanguage\":\"cs\",\"@id\":\"https:\/\/www.dakarmania.cz\/#\/schema\/person\/image\/\",\"url\":\"https:\/\/secure.gravatar.com\/avatar\/2c80d5a4942fe0900b73cc7d3837a509d6ee0a276a2b76dac95c92bd0763a89b?s=96&d=mm&r=g\",\"contentUrl\":\"https:\/\/secure.gravatar.com\/avatar\/2c80d5a4942fe0900b73cc7d3837a509d6ee0a276a2b76dac95c92bd0763a89b?s=96&d=mm&r=g\",\"caption\":\"Zden\u011bk Zelenka\"},\"description\":\"Moji d\u011bt\u0161t\u00ed hrdinov\u00e9 se jmenovali Loprais, Moskal, Neveu, Vatanen, Rahier... A tihle borci, jejich n\u00e1sledovn\u00edci a jejich p\u0159\u00edb\u011bhy m\u011b nep\u0159estali fascinovat ani po letech, kdy jsem vyrostl a zam\u011bstn\u00e1valy m\u011b jin\u00e9 discipl\u00edny motorsportu. Proto se zrodila DAKARMANIA.\",\"url\":\"https:\/\/www.dakarmania.cz\/index.php\/author\/dakarmania\/\"}]}<\/script>\n<!-- \/ Yoast SEO plugin. -->","yoast_head_json":{"title":"Dakar 2020: X-raid pouze se dv\u011bma buggy - DAKARMANIA.cz","description":"N\u011bmeck\u00fd X-raid nasad\u00ed do Rally Dakar 2020 vylep\u0161en\u00e9 speci\u00e1ly Mini JCW Buggy. Na rozd\u00edl od p\u0159edchoz\u00edho ro\u010dn\u00edku v\u0161ak p\u0159iprav\u00ed pouze dva speci\u00e1ly.","robots":{"index":"index","follow":"follow","max-snippet":"max-snippet:-1","max-image-preview":"max-image-preview:large","max-video-preview":"max-video-preview:-1"},"canonical":"https:\/\/www.dakarmania.cz\/index.php\/2019\/10\/02\/dakar-2020-xraid-dve-buggy\/","og_locale":"cs_CZ","og_type":"article","og_title":"Dakar 2020: X-raid pouze se dv\u011bma buggy - DAKARMANIA.cz","og_description":"N\u011bmeck\u00fd X-raid nasad\u00ed do Rally Dakar 2020 vylep\u0161en\u00e9 speci\u00e1ly Mini JCW Buggy. Na rozd\u00edl od p\u0159edchoz\u00edho ro\u010dn\u00edku v\u0161ak p\u0159iprav\u00ed pouze dva speci\u00e1ly.","og_url":"https:\/\/www.dakarmania.cz\/index.php\/2019\/10\/02\/dakar-2020-xraid-dve-buggy\/","og_site_name":"DAKARMANIA.cz","article_publisher":"https:\/\/www.facebook.com\/dakarmania\/","article_published_time":"2019-10-02T14:15:10+00:00","article_modified_time":"2023-01-30T20:41:57+00:00","og_image":[{"width":1024,"height":683,"url":"https:\/\/www.dakarmania.cz\/wp-content\/uploads\/2019\/10\/19-x-raid-01.jpg","type":"image\/jpeg"}],"author":"Zden\u011bk Zelenka","twitter_card":"summary_large_image","twitter_misc":{"Napsal(a)":"Zden\u011bk Zelenka","Odhadovan\u00e1 doba \u010dten\u00ed":"3 minuty"},"schema":{"@context":"https:\/\/schema.org","@graph":[{"@type":"Article","@id":"https:\/\/www.dakarmania.cz\/index.php\/2019\/10\/02\/dakar-2020-xraid-dve-buggy\/#article","isPartOf":{"@id":"https:\/\/www.dakarmania.cz\/index.php\/2019\/10\/02\/dakar-2020-xraid-dve-buggy\/"},"author":{"name":"Zden\u011bk Zelenka","@id":"https:\/\/www.dakarmania.cz\/#\/schema\/person\/04eb0e87a389631c2169c0dddae7ff1e"},"headline":"Dakar 2020: X-raid pouze se dv\u011bma buggy","datePublished":"2019-10-02T14:15:10+00:00","dateModified":"2023-01-30T20:41:57+00:00","mainEntityOfPage":{"@id":"https:\/\/www.dakarmania.cz\/index.php\/2019\/10\/02\/dakar-2020-xraid-dve-buggy\/"},"wordCount":580,"publisher":{"@id":"https:\/\/www.dakarmania.cz\/#organization"},"image":{"@id":"https:\/\/www.dakarmania.cz\/index.php\/2019\/10\/02\/dakar-2020-xraid-dve-buggy\/#primaryimage"},"thumbnailUrl":"https:\/\/www.dakarmania.cz\/wp-content\/uploads\/2019\/10\/19-x-raid-01.jpg","keywords":["2019","2020","Andrea Mayer","Andrea Peterhansel","Carlos Sainz","Dakar","Dakar 2020","Lucas Cruz","Mini","St\u00e9phane Peterhansel","Sven Quandt","X-raid"],"articleSection":["Auto","Dakar 2020"],"inLanguage":"cs"},{"@type":"WebPage","@id":"https:\/\/www.dakarmania.cz\/index.php\/2019\/10\/02\/dakar-2020-xraid-dve-buggy\/","url":"https:\/\/www.dakarmania.cz\/index.php\/2019\/10\/02\/dakar-2020-xraid-dve-buggy\/","name":"Dakar 2020: X-raid pouze se dv\u011bma buggy - DAKARMANIA.cz","isPartOf":{"@id":"https:\/\/www.dakarmania.cz\/#website"},"primaryImageOfPage":{"@id":"https:\/\/www.dakarmania.cz\/index.php\/2019\/10\/02\/dakar-2020-xraid-dve-buggy\/#primaryimage"},"image":{"@id":"https:\/\/www.dakarmania.cz\/index.php\/2019\/10\/02\/dakar-2020-xraid-dve-buggy\/#primaryimage"},"thumbnailUrl":"https:\/\/www.dakarmania.cz\/wp-content\/uploads\/2019\/10\/19-x-raid-01.jpg","datePublished":"2019-10-02T14:15:10+00:00","dateModified":"2023-01-30T20:41:57+00:00","description":"N\u011bmeck\u00fd X-raid nasad\u00ed do Rally Dakar 2020 vylep\u0161en\u00e9 speci\u00e1ly Mini JCW Buggy. Na rozd\u00edl od p\u0159edchoz\u00edho ro\u010dn\u00edku v\u0161ak p\u0159iprav\u00ed pouze dva speci\u00e1ly.","breadcrumb":{"@id":"https:\/\/www.dakarmania.cz\/index.php\/2019\/10\/02\/dakar-2020-xraid-dve-buggy\/#breadcrumb"},"inLanguage":"cs","potentialAction":[{"@type":"ReadAction","target":["https:\/\/www.dakarmania.cz\/index.php\/2019\/10\/02\/dakar-2020-xraid-dve-buggy\/"]}]},{"@type":"ImageObject","inLanguage":"cs","@id":"https:\/\/www.dakarmania.cz\/index.php\/2019\/10\/02\/dakar-2020-xraid-dve-buggy\/#primaryimage","url":"https:\/\/www.dakarmania.cz\/wp-content\/uploads\/2019\/10\/19-x-raid-01.jpg","contentUrl":"https:\/\/www.dakarmania.cz\/wp-content\/uploads\/2019\/10\/19-x-raid-01.jpg","width":1024,"height":683,"caption":"St\u00e9phane Peterhansel\/Andrea Peterhansel, Mini JCW Buggy, X-raid. Testov\u00e1n\u00ed v Maroku, z\u00e1\u0159\u00ed 2019. \u00a9 X-raid"},{"@type":"BreadcrumbList","@id":"https:\/\/www.dakarmania.cz\/index.php\/2019\/10\/02\/dakar-2020-xraid-dve-buggy\/#breadcrumb","itemListElement":[{"@type":"ListItem","position":1,"name":"Dom\u016f","item":"https:\/\/www.dakarmania.cz\/"},{"@type":"ListItem","position":2,"name":"Dakar 2020: X-raid pouze se dv\u011bma buggy"}]},{"@type":"WebSite","@id":"https:\/\/www.dakarmania.cz\/#website","url":"https:\/\/www.dakarmania.cz\/","name":"DAKARMANIA.cz","description":"\u017dijeme Dakarem cel\u00fd rok","publisher":{"@id":"https:\/\/www.dakarmania.cz\/#organization"},"potentialAction":[{"@type":"SearchAction","target":{"@type":"EntryPoint","urlTemplate":"https:\/\/www.dakarmania.cz\/?s={search_term_string}"},"query-input":{"@type":"PropertyValueSpecification","valueRequired":true,"valueName":"search_term_string"}}],"inLanguage":"cs"},{"@type":"Organization","@id":"https:\/\/www.dakarmania.cz\/#organization","name":"DAKAR MANIA","url":"https:\/\/www.dakarmania.cz\/","logo":{"@type":"ImageObject","inLanguage":"cs","@id":"https:\/\/www.dakarmania.cz\/#\/schema\/logo\/image\/","url":"https:\/\/www.dakarmania.cz\/wp-content\/uploads\/2018\/12\/Dakar-Mania-Logo-Square-Orange.png","contentUrl":"https:\/\/www.dakarmania.cz\/wp-content\/uploads\/2018\/12\/Dakar-Mania-Logo-Square-Orange.png","width":992,"height":992,"caption":"DAKAR MANIA"},"image":{"@id":"https:\/\/www.dakarmania.cz\/#\/schema\/logo\/image\/"},"sameAs":["https:\/\/www.facebook.com\/dakarmania\/"]},{"@type":"Person","@id":"https:\/\/www.dakarmania.cz\/#\/schema\/person\/04eb0e87a389631c2169c0dddae7ff1e","name":"Zden\u011bk Zelenka","image":{"@type":"ImageObject","inLanguage":"cs","@id":"https:\/\/www.dakarmania.cz\/#\/schema\/person\/image\/","url":"https:\/\/secure.gravatar.com\/avatar\/2c80d5a4942fe0900b73cc7d3837a509d6ee0a276a2b76dac95c92bd0763a89b?s=96&d=mm&r=g","contentUrl":"https:\/\/secure.gravatar.com\/avatar\/2c80d5a4942fe0900b73cc7d3837a509d6ee0a276a2b76dac95c92bd0763a89b?s=96&d=mm&r=g","caption":"Zden\u011bk Zelenka"},"description":"Moji d\u011bt\u0161t\u00ed hrdinov\u00e9 se jmenovali Loprais, Moskal, Neveu, Vatanen, Rahier... A tihle borci, jejich n\u00e1sledovn\u00edci a jejich p\u0159\u00edb\u011bhy m\u011b nep\u0159estali fascinovat ani po letech, kdy jsem vyrostl a zam\u011bstn\u00e1valy m\u011b jin\u00e9 discipl\u00edny motorsportu. Proto se zrodila DAKARMANIA.","url":"https:\/\/www.dakarmania.cz\/index.php\/author\/dakarmania\/"}]}},"amp_enabled":true,"_links":{"self":[{"href":"https:\/\/www.dakarmania.cz\/index.php\/wp-json\/wp\/v2\/posts\/12021","targetHints":{"allow":["GET"]}}],"collection":[{"href":"https:\/\/www.dakarmania.cz\/index.php\/wp-json\/wp\/v2\/posts"}],"about":[{"href":"https:\/\/www.dakarmania.cz\/index.php\/wp-json\/wp\/v2\/types\/post"}],"author":[{"embeddable":true,"href":"https:\/\/www.dakarmania.cz\/index.php\/wp-json\/wp\/v2\/users\/1"}],"replies":[{"embeddable":true,"href":"https:\/\/www.dakarmania.cz\/index.php\/wp-json\/wp\/v2\/comments?post=12021"}],"version-history":[{"count":3,"href":"https:\/\/www.dakarmania.cz\/index.php\/wp-json\/wp\/v2\/posts\/12021\/revisions"}],"predecessor-version":[{"id":12024,"href":"https:\/\/www.dakarmania.cz\/index.php\/wp-json\/wp\/v2\/posts\/12021\/revisions\/12024"}],"wp:featuredmedia":[{"embeddable":true,"href":"https:\/\/www.dakarmania.cz\/index.php\/wp-json\/wp\/v2\/media\/12017"}],"wp:attachment":[{"href":"https:\/\/www.dakarmania.cz\/index.php\/wp-json\/wp\/v2\/media?parent=12021"}],"wp:term":[{"taxonomy":"category","embeddable":true,"href":"https:\/\/www.dakarmania.cz\/index.php\/wp-json\/wp\/v2\/categories?post=12021"},{"taxonomy":"post_tag","embeddable":true,"href":"https:\/\/www.dakarmania.cz\/index.php\/wp-json\/wp\/v2\/tags?post=12021"}],"curies":[{"name":"wp","href":"https:\/\/api.w.org\/{rel}","templated":true}]}}