{"id":12063,"date":"2019-10-04T17:28:43","date_gmt":"2019-10-04T15:28:43","guid":{"rendered":"https:\/\/www.dakarmania.cz\/?p=12063"},"modified":"2019-10-06T16:48:02","modified_gmt":"2019-10-06T14:48:02","slug":"du-maroc-tlacenice-na-spici","status":"publish","type":"post","link":"https:\/\/www.dakarmania.cz\/index.php\/2019\/10\/04\/du-maroc-tlacenice-na-spici\/","title":{"rendered":"Du Maroc: Tla\u010denice na \u0161pici. \u010ce\u0161i za\u010dali dob\u0159e"},"content":{"rendered":"<p>[vc_row][vc_column][vc_column_text css_animation=&#8221;fadeIn&#8221;]<\/p>\n<h4>Dvac\u00e1t\u00fd ro\u010dn\u00edk Rallye du Maroc odstartoval. Hv\u011bzdy motocyklov\u00e9 kategorie se do z\u00e1vod\u011bn\u00ed naplno op\u0159ely u\u017e v prologu a des\u00edtka nejrychlej\u0161\u00edch se vm\u011bstnala do pouh\u00fdch dev\u00edti sekund.<\/h4>\n<p>Z\u00e1v\u011bre\u010dn\u00fd podnik <a href=\"\/index.php\/sampionaty\/ms-fim-ccr-2019\/\">Mistrovstv\u00ed sv\u011bta FIM v cross-country rally 2019<\/a> zah\u00e1jil v p\u00e1tek 4. \u0159\u00edjna sedmikilometrov\u00fd prolog. Na z\u00e1klad\u011b jeho v\u00fdsledk\u016f si nejlep\u0161\u00ed jezdci vyberou startovn\u00ed po\u0159ad\u00ed pro prvn\u00ed etapu. Kr\u00e1tk\u00e1 superspeci\u00e1lka potvrdila, \u017ee se p\u0159i <a href=\"\/index.php\/souteze\/maroc-2019\/\">Rallye du Maroc<\/a> m\u016f\u017eeme t\u011b\u0161it na nap\u00ednavou bitvu mezi jezdci tov\u00e1rn\u00edch t\u00fdm\u016f KTM, Honda, Yamaha a Husqvarna.<\/p>\n<p>Jako leader pr\u016fb\u011b\u017en\u00e9ho po\u0159ad\u00ed odstartuje do sobotn\u00ed etapy <a href=\"\/index.php\/osobnosti\/matthias-walkner\/\">Matthias Walkner<\/a> (KTM).<\/p>\n<p><em>\u201ePodobn\u00e9 ter\u00e9ny m\u00e1me i v Rakousku. Kluzk\u00e1 tra\u0165 s trochou \u0161otoliny a tvrd\u00fdm podkladem,\u201c<\/em> popsal podm\u00ednky <strong>Matthias Walkner<\/strong>. <em>\u201ePro m\u011b je te\u010f nejd\u016fle\u017eit\u011bj\u0161\u00ed, jak se c\u00edt\u00edm. V Chile jsem se c\u00edtil nec\u00edtil \u0161patn\u011b, ale v\u00fdsledek dobr\u00fd nebyl. Tentokr\u00e1t se dob\u0159e c\u00edt\u00edm a povedl se mi i vstup do z\u00e1vodu.\u201c<\/em>[\/vc_column_text][vc_single_image image=&#8221;12080&#8243; img_size=&#8221;large&#8221; add_caption=&#8221;yes&#8221; alignment=&#8221;center&#8221; onclick=&#8221;link_image&#8221; css_animation=&#8221;fadeIn&#8221;][vc_column_text css_animation=&#8221;fadeIn&#8221;]V\u00edt\u011bz Marock\u00e9 rally z roku 2017 byl o dv\u011b sekundy rychlej\u0161\u00ed ne\u017e <a href=\"\/index.php\/osobnosti\/kevin-benavides\/\">Kevin Benavides<\/a> s Hondou. Stejn\u00fdm rozd\u00edlem Argentinec udolal t\u0159et\u00edho <a href=\"\/index.php\/osobnosti\/sunderland-sam\/\">Sama Sunderlanda<\/a> (KTM).<\/p>\n<p>Zahanbit se v\u0161ak nenechali ani Walknerovi a Sunderlandovi t\u00fdmov\u00ed kolegov\u00e9. Dvojn\u00e1sobn\u00fd v\u00edt\u011bz sout\u011b\u017ee <a href=\"\/index.php\/osobnosti\/toby-price\/\">Toby Price<\/a> a leader pr\u016fb\u011b\u017en\u00e9ho po\u0159ad\u00ed sv\u011btov\u00e9ho \u0161ampion\u00e1tu v kategorii junior\u016f <a href=\"\/index.php\/osobnosti\/luciano-benavides\/\">Luciano Benavides<\/a> byli jen o sekundu pomalej\u0161\u00ed ne\u017e Sunderland a dos\u00e1hli shodn\u00e9ho \u010dasu jako <a href=\"\/index.php\/osobnosti\/adrien-van-beveren\/\">Adrien Van Beveren<\/a> s Yamahou a Joan Barreda na Hond\u011b. Zm\u00edn\u011bn\u00e1 \u010dtve\u0159ice se se\u0159adila na \u010dtvrt\u00e9 a\u017e sedm\u00e9 pozici.<\/p>\n<p><em>\u201eV posledn\u00edch dnech mi nebylo \u00fapln\u011b dob\u0159e, po\u0159\u00e1d jsem trochu unaven\u00fd. Na\u0161t\u011bst\u00ed to dnes bylo jen p\u00e1r kilometr\u016f a j\u00e1 jsem pustil z hlavy, \u017ee jsem nemocn\u00fd. U\u017eil jsem si to. Klouzalo to, ale bavil jsem se,\u201c<\/em> tvrdil <strong>Adrien Van Beveren<\/strong>.[\/vc_column_text][vc_single_image image=&#8221;12082&#8243; img_size=&#8221;large&#8221; add_caption=&#8221;yes&#8221; alignment=&#8221;center&#8221; onclick=&#8221;link_image&#8221; css_animation=&#8221;fadeIn&#8221;][vc_column_text css_animation=&#8221;fadeIn&#8221;]Z hlavn\u00edch favorit\u016f na prologu m\u00edrn\u011b zaostal pouze <a href=\"\/index.php\/osobnosti\/pablo-quintanilla\/\">Pablo Quintanilla<\/a> (Husqvarna). V\u00edt\u011bz p\u0159edchoz\u00ed <a href=\"\/index.php\/souteze\/atacama-rally-2019\/\">Atacama Rally<\/a> si p\u0159ipsal a\u017e osmn\u00e1ct\u00fd \u010das (+21 s).<\/p>\n<p><em>\u201eHodn\u011b to klouzalo. Nec\u00edtil jsem se dob\u0159e. Spousta \u0161otoliny a chv\u00edlemi nebylo snadn\u00e9 udr\u017eet motorku pod kontrolou. Proto jsem jel rad\u011bji pomaleji a neriskoval. Byl to jen prolog. Prvn\u00ed opravdov\u00e1 etapa p\u0159ijde a\u017e z\u00edtra. M\u00e1me p\u0159ed sebou p\u011bt z\u00e1vodn\u00edch dn\u00ed, tak\u017ee \u017e\u00e1dn\u00fd probl\u00e9m,\u201c<\/em> shrnul <strong>Pablo Quintanilla<\/strong>.<\/p>\n<h4>\u010ce\u0161i v prvn\u00ed polovin\u011b<\/h4>\n<p>P\u0159i sv\u00e9 premi\u00e9\u0159e v mistrovstv\u00ed sv\u011bta se dob\u0159e uvedl <a href=\"\/index.php\/osobnosti\/martin-michek\/\">Martin Michek<\/a>. Na trati, kter\u00e1 sv\u00fdm charakterem zku\u0161en\u00e9mu motokrosa\u0159i vyhovovala, porazil nap\u0159\u00edklad juniora Hondy Jos\u00e9ho Ignacia Corneja nebo oporu tov\u00e1rn\u00edho t\u00fdmu Sherco Michaela Metge, jen\u017e m\u011bl v z\u00e1v\u011bru leh\u010d\u00ed p\u00e1d. P\u0159ed sv\u00fdm prvn\u00edm z\u00e1vodn\u00edm dnem v p\u00edse\u010dn\u00fdch dun\u00e1ch figuruje jezdec t\u00fdmu Orion \u2013 Moto Racing Group mezi 54 motocyklisty na 24. pozici.[\/vc_column_text][vc_single_image image=&#8221;12081&#8243; img_size=&#8221;large&#8221; add_caption=&#8221;yes&#8221; alignment=&#8221;center&#8221; onclick=&#8221;link_image&#8221; css_animation=&#8221;fadeIn&#8221;][vc_column_text css_animation=&#8221;fadeIn&#8221;]Michk\u016fv zku\u0161en\u011bj\u0161\u00ed kolega <a href=\"\/index.php\/osobnosti\/milan-engel\/\">Milan Engel<\/a> str\u00e1vil na prologu o osm sekund v\u00edce a do prvn\u00ed etapy vyraz\u00ed jako sedmadvac\u00e1t\u00fd.<\/p>\n<p>Ze \u0161esti \u010dty\u0159kolk\u00e1\u0159\u016f, kte\u0159\u00ed do sout\u011b\u017ee odstartovali, si nejl\u00e9pe po\u010d\u00ednal Alexandre Giroud. Francouz byl o dv\u011b sekundy rychlej\u0161\u00ed ne\u017e Chilan Ignacio Casale (oba Yamaha), kter\u00fd v Maroku jede s quadem poprv\u00e9 od sv\u00e9ho v\u00edt\u011bzstv\u00ed na Dakaru 2018.<\/p>\n<p>P\u00e1te\u010dn\u00ed prolog absolvovali pouze motocyklist\u00e9. Pro <a href=\"\/index.php\/2019\/09\/26\/du-maroc-cesi-proti-alonsovi\/\">pos\u00e1dky automobil\u016f<\/a> za\u010dne Marock\u00e1 rally naplno a\u017e v sobotu. \u00davodn\u00ed etapa zavede \u00fa\u010dastn\u00edky z Fezu do o\u00e1zy Erfoud.[\/vc_column_text][vc_column_text css_animation=&#8221;fadeIn&#8221;]<\/p>\n<table style=\"width: 97.7654%;\" rules=\"rows\" cellpadding=\"4px\">\n<tbody>\n<tr style=\"background-color: #9e9d9d; color: white;\">\n<td style=\"text-align: center;\" colspan=\"4\"><span style=\"font-size: 10pt;\"><strong>Rallye du Maroc 2019<br \/>\nMOTOCYKLY<br \/>\nv\u00fdsledky prologu<\/strong><\/span><\/td>\n<\/tr>\n<tr style=\"background-color: #dbd9d9;\">\n<td>1.<\/td>\n<td>Matthias Walkner<\/td>\n<td>KTM 450 Rally<\/td>\n<td style=\"text-align: right;\">6:27<\/td>\n<\/tr>\n<tr style=\"background-color: #f2f2f2;\">\n<td>2.<\/td>\n<td>Kevin Benavides<\/td>\n<td>Honda CRF450 Rally<\/td>\n<td style=\"text-align: right;\">+0:02<\/td>\n<\/tr>\n<tr style=\"background-color: #dbd9d9;\">\n<td>3.<\/td>\n<td>Sam Sunderland<\/td>\n<td>KTM 450 Rally<\/td>\n<td style=\"text-align: right;\">+0:04<\/td>\n<\/tr>\n<tr style=\"background-color: #f2f2f2;\">\n<td>4.<\/td>\n<td>Toby Price<\/td>\n<td>KTM 450 Rally<\/td>\n<td style=\"text-align: right;\">+0:05<\/td>\n<\/tr>\n<tr style=\"background-color: #dbd9d9;\">\n<td>5.<\/td>\n<td>Adrien Van Beveren<\/td>\n<td>Yamaha WR450F Rally<\/td>\n<td style=\"text-align: right;\">+0:05<\/td>\n<\/tr>\n<tr style=\"background-color: #f2f2f2;\">\n<td>6.<\/td>\n<td>Joan Barreda<\/td>\n<td>Honda CRF450 Rally<\/td>\n<td style=\"text-align: right;\">+0:05<\/td>\n<\/tr>\n<tr style=\"background-color: #dbd9d9;\">\n<td>7.<\/td>\n<td>Luciano Benavides<\/td>\n<td>KTM 450 Rally<\/td>\n<td style=\"text-align: right;\">+0:05<\/td>\n<\/tr>\n<tr style=\"background-color: #f2f2f2;\">\n<td>8.<\/td>\n<td>Andrew Short<\/td>\n<td>Husqvarna FR 450 Rally<\/td>\n<td style=\"text-align: right;\">+0:07<\/td>\n<\/tr>\n<tr style=\"background-color: #dbd9d9;\">\n<td>9.<\/td>\n<td>Ricky Brabec<\/td>\n<td>Honda CRF450 Rally<\/td>\n<td style=\"text-align: right;\">+0:08<\/td>\n<\/tr>\n<tr style=\"background-color: #f2f2f2;\">\n<td>10.<\/td>\n<td>Xavier de Soultrait<\/td>\n<td>Yamaha WR450F Rally<\/td>\n<td style=\"text-align: right;\">+0:09<\/td>\n<\/tr>\n<tr style=\"background-color: #dbd9d9;\">\n<td>24.<\/td>\n<td>Martin Michek<\/td>\n<td>KTM 450 Rally Replica<\/td>\n<td style=\"text-align: right;\">+0:31<\/td>\n<\/tr>\n<tr style=\"background-color: #f2f2f2;\">\n<td>27.<\/td>\n<td>Milan Engel<\/td>\n<td>KTM 450 Rally Replica<\/td>\n<td style=\"text-align: right;\">+0:39<\/td>\n<\/tr>\n<\/tbody>\n<\/table>\n<p>[\/vc_column_text][\/vc_column][\/vc_row]<\/p>\n","protected":false},"excerpt":{"rendered":"<p>Dvac\u00e1t\u00fd ro\u010dn\u00edk Rallye du Maroc odstartoval. Motocyklist\u00e9 se do z\u00e1vod\u011bn\u00ed naplno op\u0159eli u\u017e v prologu. Des\u00edtka nejrychlej\u0161\u00edch se vm\u011bstnala do pouh\u00fdch 9 sekund.<\/p>\n","protected":false},"author":1,"featured_media":12073,"comment_status":"open","ping_status":"closed","sticky":false,"template":"","format":"standard","meta":{"footnotes":""},"categories":[154,15,1191],"tags":[425,236,1527,129,923,759,791,64,756,1523,761,762,230,63,127,758,1356,211,234,107,74,75,156,755,215,1192,247,225,152,126,168,784],"class_list":["post-12063","post","type-post","status-publish","format-standard","has-post-thumbnail","hentry","category-fim-ccr","category-moto-quad","category-rallye-du-maroc","tag-425","tag-adrien-van-beveren","tag-alexandre-giroud","tag-honda","tag-honda-racing","tag-honda-team","tag-hrc","tag-husqvarna","tag-husqvarna-factory-racing","tag-ignacio-casale","tag-joan-barreda","tag-jose-ignacio-cornejo","tag-kevin-benavides","tag-ktm","tag-ktm-factory-racing","tag-luciano-benavides","tag-martin-michek","tag-matthias-walkner","tag-michael-metge","tag-milan-engel","tag-moto-racing-group","tag-mrg","tag-ms-fim-ccr","tag-ms-fim-ccr-2019","tag-pablo-quintanilla","tag-rallye-du-maroc","tag-rallye-du-maroc-2019","tag-sam-sunderland","tag-sherco","tag-toby-price","tag-yamaha","tag-yamaha-racing"],"yoast_head":"<!-- This site is optimized with the Yoast SEO plugin v24.9 - https:\/\/yoast.com\/wordpress\/plugins\/seo\/ -->\n<title>Du Maroc: Tla\u010denice na \u0161pici. \u010ce\u0161i za\u010dali dob\u0159e - DAKARMANIA.cz<\/title>\n<meta name=\"description\" content=\"Dvac\u00e1t\u00fd ro\u010dn\u00edk Rallye du Maroc odstartoval. Motocyklist\u00e9 se do z\u00e1vod\u011bn\u00ed naplno op\u0159eli u\u017e v prologu. Des\u00edtka nejrychlej\u0161\u00edch se vm\u011bstnala do pouh\u00fdch 9 sekund.\" \/>\n<meta name=\"robots\" content=\"index, follow, max-snippet:-1, max-image-preview:large, max-video-preview:-1\" \/>\n<link rel=\"canonical\" href=\"https:\/\/www.dakarmania.cz\/index.php\/2019\/10\/04\/du-maroc-tlacenice-na-spici\/\" \/>\n<meta property=\"og:locale\" content=\"cs_CZ\" \/>\n<meta property=\"og:type\" content=\"article\" \/>\n<meta property=\"og:title\" content=\"Du Maroc: Tla\u010denice na \u0161pici. \u010ce\u0161i za\u010dali dob\u0159e - DAKARMANIA.cz\" \/>\n<meta property=\"og:description\" content=\"Dvac\u00e1t\u00fd ro\u010dn\u00edk Rallye du Maroc odstartoval. Motocyklist\u00e9 se do z\u00e1vod\u011bn\u00ed naplno op\u0159eli u\u017e v prologu. Des\u00edtka nejrychlej\u0161\u00edch se vm\u011bstnala do pouh\u00fdch 9 sekund.\" \/>\n<meta property=\"og:url\" content=\"https:\/\/www.dakarmania.cz\/index.php\/2019\/10\/04\/du-maroc-tlacenice-na-spici\/\" \/>\n<meta property=\"og:site_name\" content=\"DAKARMANIA.cz\" \/>\n<meta property=\"article:publisher\" content=\"https:\/\/www.facebook.com\/dakarmania\/\" \/>\n<meta property=\"article:published_time\" content=\"2019-10-04T15:28:43+00:00\" \/>\n<meta property=\"article:modified_time\" content=\"2019-10-06T14:48:02+00:00\" \/>\n<meta property=\"og:image\" content=\"https:\/\/www.dakarmania.cz\/wp-content\/uploads\/2019\/10\/19-maroc-walkner-01.jpg\" \/>\n\t<meta property=\"og:image:width\" content=\"1024\" \/>\n\t<meta property=\"og:image:height\" content=\"683\" \/>\n\t<meta property=\"og:image:type\" content=\"image\/jpeg\" \/>\n<meta name=\"author\" content=\"Zden\u011bk Zelenka\" \/>\n<meta name=\"twitter:card\" content=\"summary_large_image\" \/>\n<meta name=\"twitter:label1\" content=\"Napsal(a)\" \/>\n\t<meta name=\"twitter:data1\" content=\"Zden\u011bk Zelenka\" \/>\n\t<meta name=\"twitter:label2\" content=\"Odhadovan\u00e1 doba \u010dten\u00ed\" \/>\n\t<meta name=\"twitter:data2\" content=\"4 minuty\" \/>\n<script type=\"application\/ld+json\" class=\"yoast-schema-graph\">{\"@context\":\"https:\/\/schema.org\",\"@graph\":[{\"@type\":\"Article\",\"@id\":\"https:\/\/www.dakarmania.cz\/index.php\/2019\/10\/04\/du-maroc-tlacenice-na-spici\/#article\",\"isPartOf\":{\"@id\":\"https:\/\/www.dakarmania.cz\/index.php\/2019\/10\/04\/du-maroc-tlacenice-na-spici\/\"},\"author\":{\"name\":\"Zden\u011bk Zelenka\",\"@id\":\"https:\/\/www.dakarmania.cz\/#\/schema\/person\/04eb0e87a389631c2169c0dddae7ff1e\"},\"headline\":\"Du Maroc: Tla\u010denice na \u0161pici. \u010ce\u0161i za\u010dali dob\u0159e\",\"datePublished\":\"2019-10-04T15:28:43+00:00\",\"dateModified\":\"2019-10-06T14:48:02+00:00\",\"mainEntityOfPage\":{\"@id\":\"https:\/\/www.dakarmania.cz\/index.php\/2019\/10\/04\/du-maroc-tlacenice-na-spici\/\"},\"wordCount\":802,\"commentCount\":0,\"publisher\":{\"@id\":\"https:\/\/www.dakarmania.cz\/#organization\"},\"image\":{\"@id\":\"https:\/\/www.dakarmania.cz\/index.php\/2019\/10\/04\/du-maroc-tlacenice-na-spici\/#primaryimage\"},\"thumbnailUrl\":\"https:\/\/www.dakarmania.cz\/wp-content\/uploads\/2019\/10\/19-maroc-walkner-01.jpg\",\"keywords\":[\"2019\",\"Adrien Van Beveren\",\"Alexandre Giroud\",\"Honda\",\"Honda Racing\",\"Honda Team\",\"HRC\",\"Husqvarna\",\"Husqvarna Factory Racing\",\"Ignacio Casale\",\"Joan Barreda\",\"Jos\u00e9 Ignacio Cornejo\",\"Kevin Benavides\",\"KTM\",\"KTM Factory Racing\",\"Luciano Benavides\",\"Martin Michek\",\"Matthias Walkner\",\"Michael Metge\",\"Milan Engel\",\"Moto Racing Group\",\"MRG\",\"MS FIM CCR\",\"MS FIM CCR 2019\",\"Pablo Quintanilla\",\"Rallye du Maroc\",\"Rallye du Maroc 2019\",\"Sam Sunderland\",\"Sherco\",\"Toby Price\",\"Yamaha\",\"Yamaha Racing\"],\"articleSection\":[\"FIM MS CCR\",\"Moto\/Quad\",\"Rallye du Maroc\"],\"inLanguage\":\"cs\",\"potentialAction\":[{\"@type\":\"CommentAction\",\"name\":\"Comment\",\"target\":[\"https:\/\/www.dakarmania.cz\/index.php\/2019\/10\/04\/du-maroc-tlacenice-na-spici\/#respond\"]}]},{\"@type\":\"WebPage\",\"@id\":\"https:\/\/www.dakarmania.cz\/index.php\/2019\/10\/04\/du-maroc-tlacenice-na-spici\/\",\"url\":\"https:\/\/www.dakarmania.cz\/index.php\/2019\/10\/04\/du-maroc-tlacenice-na-spici\/\",\"name\":\"Du Maroc: Tla\u010denice na \u0161pici. \u010ce\u0161i za\u010dali dob\u0159e - DAKARMANIA.cz\",\"isPartOf\":{\"@id\":\"https:\/\/www.dakarmania.cz\/#website\"},\"primaryImageOfPage\":{\"@id\":\"https:\/\/www.dakarmania.cz\/index.php\/2019\/10\/04\/du-maroc-tlacenice-na-spici\/#primaryimage\"},\"image\":{\"@id\":\"https:\/\/www.dakarmania.cz\/index.php\/2019\/10\/04\/du-maroc-tlacenice-na-spici\/#primaryimage\"},\"thumbnailUrl\":\"https:\/\/www.dakarmania.cz\/wp-content\/uploads\/2019\/10\/19-maroc-walkner-01.jpg\",\"datePublished\":\"2019-10-04T15:28:43+00:00\",\"dateModified\":\"2019-10-06T14:48:02+00:00\",\"description\":\"Dvac\u00e1t\u00fd ro\u010dn\u00edk Rallye du Maroc odstartoval. Motocyklist\u00e9 se do z\u00e1vod\u011bn\u00ed naplno op\u0159eli u\u017e v prologu. Des\u00edtka nejrychlej\u0161\u00edch se vm\u011bstnala do pouh\u00fdch 9 sekund.\",\"breadcrumb\":{\"@id\":\"https:\/\/www.dakarmania.cz\/index.php\/2019\/10\/04\/du-maroc-tlacenice-na-spici\/#breadcrumb\"},\"inLanguage\":\"cs\",\"potentialAction\":[{\"@type\":\"ReadAction\",\"target\":[\"https:\/\/www.dakarmania.cz\/index.php\/2019\/10\/04\/du-maroc-tlacenice-na-spici\/\"]}]},{\"@type\":\"ImageObject\",\"inLanguage\":\"cs\",\"@id\":\"https:\/\/www.dakarmania.cz\/index.php\/2019\/10\/04\/du-maroc-tlacenice-na-spici\/#primaryimage\",\"url\":\"https:\/\/www.dakarmania.cz\/wp-content\/uploads\/2019\/10\/19-maroc-walkner-01.jpg\",\"contentUrl\":\"https:\/\/www.dakarmania.cz\/wp-content\/uploads\/2019\/10\/19-maroc-walkner-01.jpg\",\"width\":1024,\"height\":683,\"caption\":\"Matthias Walkner, KTM 450 Rally, Red Bull KTM Factory Racing. Rallye du Maroc 2019 \u00a9 KTM\"},{\"@type\":\"BreadcrumbList\",\"@id\":\"https:\/\/www.dakarmania.cz\/index.php\/2019\/10\/04\/du-maroc-tlacenice-na-spici\/#breadcrumb\",\"itemListElement\":[{\"@type\":\"ListItem\",\"position\":1,\"name\":\"Dom\u016f\",\"item\":\"https:\/\/www.dakarmania.cz\/\"},{\"@type\":\"ListItem\",\"position\":2,\"name\":\"Du Maroc: Tla\u010denice na \u0161pici. \u010ce\u0161i za\u010dali dob\u0159e\"}]},{\"@type\":\"WebSite\",\"@id\":\"https:\/\/www.dakarmania.cz\/#website\",\"url\":\"https:\/\/www.dakarmania.cz\/\",\"name\":\"DAKARMANIA.cz\",\"description\":\"\u017dijeme Dakarem cel\u00fd rok\",\"publisher\":{\"@id\":\"https:\/\/www.dakarmania.cz\/#organization\"},\"potentialAction\":[{\"@type\":\"SearchAction\",\"target\":{\"@type\":\"EntryPoint\",\"urlTemplate\":\"https:\/\/www.dakarmania.cz\/?s={search_term_string}\"},\"query-input\":{\"@type\":\"PropertyValueSpecification\",\"valueRequired\":true,\"valueName\":\"search_term_string\"}}],\"inLanguage\":\"cs\"},{\"@type\":\"Organization\",\"@id\":\"https:\/\/www.dakarmania.cz\/#organization\",\"name\":\"DAKAR MANIA\",\"url\":\"https:\/\/www.dakarmania.cz\/\",\"logo\":{\"@type\":\"ImageObject\",\"inLanguage\":\"cs\",\"@id\":\"https:\/\/www.dakarmania.cz\/#\/schema\/logo\/image\/\",\"url\":\"https:\/\/www.dakarmania.cz\/wp-content\/uploads\/2018\/12\/Dakar-Mania-Logo-Square-Orange.png\",\"contentUrl\":\"https:\/\/www.dakarmania.cz\/wp-content\/uploads\/2018\/12\/Dakar-Mania-Logo-Square-Orange.png\",\"width\":992,\"height\":992,\"caption\":\"DAKAR MANIA\"},\"image\":{\"@id\":\"https:\/\/www.dakarmania.cz\/#\/schema\/logo\/image\/\"},\"sameAs\":[\"https:\/\/www.facebook.com\/dakarmania\/\"]},{\"@type\":\"Person\",\"@id\":\"https:\/\/www.dakarmania.cz\/#\/schema\/person\/04eb0e87a389631c2169c0dddae7ff1e\",\"name\":\"Zden\u011bk Zelenka\",\"image\":{\"@type\":\"ImageObject\",\"inLanguage\":\"cs\",\"@id\":\"https:\/\/www.dakarmania.cz\/#\/schema\/person\/image\/\",\"url\":\"https:\/\/secure.gravatar.com\/avatar\/2c80d5a4942fe0900b73cc7d3837a509d6ee0a276a2b76dac95c92bd0763a89b?s=96&d=mm&r=g\",\"contentUrl\":\"https:\/\/secure.gravatar.com\/avatar\/2c80d5a4942fe0900b73cc7d3837a509d6ee0a276a2b76dac95c92bd0763a89b?s=96&d=mm&r=g\",\"caption\":\"Zden\u011bk Zelenka\"},\"description\":\"Moji d\u011bt\u0161t\u00ed hrdinov\u00e9 se jmenovali Loprais, Moskal, Neveu, Vatanen, Rahier... A tihle borci, jejich n\u00e1sledovn\u00edci a jejich p\u0159\u00edb\u011bhy m\u011b nep\u0159estali fascinovat ani po letech, kdy jsem vyrostl a zam\u011bstn\u00e1valy m\u011b jin\u00e9 discipl\u00edny motorsportu. Proto se zrodila DAKARMANIA.\",\"url\":\"https:\/\/www.dakarmania.cz\/index.php\/author\/dakarmania\/\"}]}<\/script>\n<!-- \/ Yoast SEO plugin. -->","yoast_head_json":{"title":"Du Maroc: Tla\u010denice na \u0161pici. \u010ce\u0161i za\u010dali dob\u0159e - DAKARMANIA.cz","description":"Dvac\u00e1t\u00fd ro\u010dn\u00edk Rallye du Maroc odstartoval. Motocyklist\u00e9 se do z\u00e1vod\u011bn\u00ed naplno op\u0159eli u\u017e v prologu. Des\u00edtka nejrychlej\u0161\u00edch se vm\u011bstnala do pouh\u00fdch 9 sekund.","robots":{"index":"index","follow":"follow","max-snippet":"max-snippet:-1","max-image-preview":"max-image-preview:large","max-video-preview":"max-video-preview:-1"},"canonical":"https:\/\/www.dakarmania.cz\/index.php\/2019\/10\/04\/du-maroc-tlacenice-na-spici\/","og_locale":"cs_CZ","og_type":"article","og_title":"Du Maroc: Tla\u010denice na \u0161pici. \u010ce\u0161i za\u010dali dob\u0159e - DAKARMANIA.cz","og_description":"Dvac\u00e1t\u00fd ro\u010dn\u00edk Rallye du Maroc odstartoval. Motocyklist\u00e9 se do z\u00e1vod\u011bn\u00ed naplno op\u0159eli u\u017e v prologu. Des\u00edtka nejrychlej\u0161\u00edch se vm\u011bstnala do pouh\u00fdch 9 sekund.","og_url":"https:\/\/www.dakarmania.cz\/index.php\/2019\/10\/04\/du-maroc-tlacenice-na-spici\/","og_site_name":"DAKARMANIA.cz","article_publisher":"https:\/\/www.facebook.com\/dakarmania\/","article_published_time":"2019-10-04T15:28:43+00:00","article_modified_time":"2019-10-06T14:48:02+00:00","og_image":[{"width":1024,"height":683,"url":"https:\/\/www.dakarmania.cz\/wp-content\/uploads\/2019\/10\/19-maroc-walkner-01.jpg","type":"image\/jpeg"}],"author":"Zden\u011bk Zelenka","twitter_card":"summary_large_image","twitter_misc":{"Napsal(a)":"Zden\u011bk Zelenka","Odhadovan\u00e1 doba \u010dten\u00ed":"4 minuty"},"schema":{"@context":"https:\/\/schema.org","@graph":[{"@type":"Article","@id":"https:\/\/www.dakarmania.cz\/index.php\/2019\/10\/04\/du-maroc-tlacenice-na-spici\/#article","isPartOf":{"@id":"https:\/\/www.dakarmania.cz\/index.php\/2019\/10\/04\/du-maroc-tlacenice-na-spici\/"},"author":{"name":"Zden\u011bk Zelenka","@id":"https:\/\/www.dakarmania.cz\/#\/schema\/person\/04eb0e87a389631c2169c0dddae7ff1e"},"headline":"Du Maroc: Tla\u010denice na \u0161pici. \u010ce\u0161i za\u010dali dob\u0159e","datePublished":"2019-10-04T15:28:43+00:00","dateModified":"2019-10-06T14:48:02+00:00","mainEntityOfPage":{"@id":"https:\/\/www.dakarmania.cz\/index.php\/2019\/10\/04\/du-maroc-tlacenice-na-spici\/"},"wordCount":802,"commentCount":0,"publisher":{"@id":"https:\/\/www.dakarmania.cz\/#organization"},"image":{"@id":"https:\/\/www.dakarmania.cz\/index.php\/2019\/10\/04\/du-maroc-tlacenice-na-spici\/#primaryimage"},"thumbnailUrl":"https:\/\/www.dakarmania.cz\/wp-content\/uploads\/2019\/10\/19-maroc-walkner-01.jpg","keywords":["2019","Adrien Van Beveren","Alexandre Giroud","Honda","Honda Racing","Honda Team","HRC","Husqvarna","Husqvarna Factory Racing","Ignacio Casale","Joan Barreda","Jos\u00e9 Ignacio Cornejo","Kevin Benavides","KTM","KTM Factory Racing","Luciano Benavides","Martin Michek","Matthias Walkner","Michael Metge","Milan Engel","Moto Racing Group","MRG","MS FIM CCR","MS FIM CCR 2019","Pablo Quintanilla","Rallye du Maroc","Rallye du Maroc 2019","Sam Sunderland","Sherco","Toby Price","Yamaha","Yamaha Racing"],"articleSection":["FIM MS CCR","Moto\/Quad","Rallye du Maroc"],"inLanguage":"cs","potentialAction":[{"@type":"CommentAction","name":"Comment","target":["https:\/\/www.dakarmania.cz\/index.php\/2019\/10\/04\/du-maroc-tlacenice-na-spici\/#respond"]}]},{"@type":"WebPage","@id":"https:\/\/www.dakarmania.cz\/index.php\/2019\/10\/04\/du-maroc-tlacenice-na-spici\/","url":"https:\/\/www.dakarmania.cz\/index.php\/2019\/10\/04\/du-maroc-tlacenice-na-spici\/","name":"Du Maroc: Tla\u010denice na \u0161pici. \u010ce\u0161i za\u010dali dob\u0159e - DAKARMANIA.cz","isPartOf":{"@id":"https:\/\/www.dakarmania.cz\/#website"},"primaryImageOfPage":{"@id":"https:\/\/www.dakarmania.cz\/index.php\/2019\/10\/04\/du-maroc-tlacenice-na-spici\/#primaryimage"},"image":{"@id":"https:\/\/www.dakarmania.cz\/index.php\/2019\/10\/04\/du-maroc-tlacenice-na-spici\/#primaryimage"},"thumbnailUrl":"https:\/\/www.dakarmania.cz\/wp-content\/uploads\/2019\/10\/19-maroc-walkner-01.jpg","datePublished":"2019-10-04T15:28:43+00:00","dateModified":"2019-10-06T14:48:02+00:00","description":"Dvac\u00e1t\u00fd ro\u010dn\u00edk Rallye du Maroc odstartoval. Motocyklist\u00e9 se do z\u00e1vod\u011bn\u00ed naplno op\u0159eli u\u017e v prologu. Des\u00edtka nejrychlej\u0161\u00edch se vm\u011bstnala do pouh\u00fdch 9 sekund.","breadcrumb":{"@id":"https:\/\/www.dakarmania.cz\/index.php\/2019\/10\/04\/du-maroc-tlacenice-na-spici\/#breadcrumb"},"inLanguage":"cs","potentialAction":[{"@type":"ReadAction","target":["https:\/\/www.dakarmania.cz\/index.php\/2019\/10\/04\/du-maroc-tlacenice-na-spici\/"]}]},{"@type":"ImageObject","inLanguage":"cs","@id":"https:\/\/www.dakarmania.cz\/index.php\/2019\/10\/04\/du-maroc-tlacenice-na-spici\/#primaryimage","url":"https:\/\/www.dakarmania.cz\/wp-content\/uploads\/2019\/10\/19-maroc-walkner-01.jpg","contentUrl":"https:\/\/www.dakarmania.cz\/wp-content\/uploads\/2019\/10\/19-maroc-walkner-01.jpg","width":1024,"height":683,"caption":"Matthias Walkner, KTM 450 Rally, Red Bull KTM Factory Racing. Rallye du Maroc 2019 \u00a9 KTM"},{"@type":"BreadcrumbList","@id":"https:\/\/www.dakarmania.cz\/index.php\/2019\/10\/04\/du-maroc-tlacenice-na-spici\/#breadcrumb","itemListElement":[{"@type":"ListItem","position":1,"name":"Dom\u016f","item":"https:\/\/www.dakarmania.cz\/"},{"@type":"ListItem","position":2,"name":"Du Maroc: Tla\u010denice na \u0161pici. \u010ce\u0161i za\u010dali dob\u0159e"}]},{"@type":"WebSite","@id":"https:\/\/www.dakarmania.cz\/#website","url":"https:\/\/www.dakarmania.cz\/","name":"DAKARMANIA.cz","description":"\u017dijeme Dakarem cel\u00fd rok","publisher":{"@id":"https:\/\/www.dakarmania.cz\/#organization"},"potentialAction":[{"@type":"SearchAction","target":{"@type":"EntryPoint","urlTemplate":"https:\/\/www.dakarmania.cz\/?s={search_term_string}"},"query-input":{"@type":"PropertyValueSpecification","valueRequired":true,"valueName":"search_term_string"}}],"inLanguage":"cs"},{"@type":"Organization","@id":"https:\/\/www.dakarmania.cz\/#organization","name":"DAKAR MANIA","url":"https:\/\/www.dakarmania.cz\/","logo":{"@type":"ImageObject","inLanguage":"cs","@id":"https:\/\/www.dakarmania.cz\/#\/schema\/logo\/image\/","url":"https:\/\/www.dakarmania.cz\/wp-content\/uploads\/2018\/12\/Dakar-Mania-Logo-Square-Orange.png","contentUrl":"https:\/\/www.dakarmania.cz\/wp-content\/uploads\/2018\/12\/Dakar-Mania-Logo-Square-Orange.png","width":992,"height":992,"caption":"DAKAR MANIA"},"image":{"@id":"https:\/\/www.dakarmania.cz\/#\/schema\/logo\/image\/"},"sameAs":["https:\/\/www.facebook.com\/dakarmania\/"]},{"@type":"Person","@id":"https:\/\/www.dakarmania.cz\/#\/schema\/person\/04eb0e87a389631c2169c0dddae7ff1e","name":"Zden\u011bk Zelenka","image":{"@type":"ImageObject","inLanguage":"cs","@id":"https:\/\/www.dakarmania.cz\/#\/schema\/person\/image\/","url":"https:\/\/secure.gravatar.com\/avatar\/2c80d5a4942fe0900b73cc7d3837a509d6ee0a276a2b76dac95c92bd0763a89b?s=96&d=mm&r=g","contentUrl":"https:\/\/secure.gravatar.com\/avatar\/2c80d5a4942fe0900b73cc7d3837a509d6ee0a276a2b76dac95c92bd0763a89b?s=96&d=mm&r=g","caption":"Zden\u011bk Zelenka"},"description":"Moji d\u011bt\u0161t\u00ed hrdinov\u00e9 se jmenovali Loprais, Moskal, Neveu, Vatanen, Rahier... A tihle borci, jejich n\u00e1sledovn\u00edci a jejich p\u0159\u00edb\u011bhy m\u011b nep\u0159estali fascinovat ani po letech, kdy jsem vyrostl a zam\u011bstn\u00e1valy m\u011b jin\u00e9 discipl\u00edny motorsportu. Proto se zrodila DAKARMANIA.","url":"https:\/\/www.dakarmania.cz\/index.php\/author\/dakarmania\/"}]}},"amp_enabled":true,"_links":{"self":[{"href":"https:\/\/www.dakarmania.cz\/index.php\/wp-json\/wp\/v2\/posts\/12063","targetHints":{"allow":["GET"]}}],"collection":[{"href":"https:\/\/www.dakarmania.cz\/index.php\/wp-json\/wp\/v2\/posts"}],"about":[{"href":"https:\/\/www.dakarmania.cz\/index.php\/wp-json\/wp\/v2\/types\/post"}],"author":[{"embeddable":true,"href":"https:\/\/www.dakarmania.cz\/index.php\/wp-json\/wp\/v2\/users\/1"}],"replies":[{"embeddable":true,"href":"https:\/\/www.dakarmania.cz\/index.php\/wp-json\/wp\/v2\/comments?post=12063"}],"version-history":[{"count":9,"href":"https:\/\/www.dakarmania.cz\/index.php\/wp-json\/wp\/v2\/posts\/12063\/revisions"}],"predecessor-version":[{"id":12199,"href":"https:\/\/www.dakarmania.cz\/index.php\/wp-json\/wp\/v2\/posts\/12063\/revisions\/12199"}],"wp:featuredmedia":[{"embeddable":true,"href":"https:\/\/www.dakarmania.cz\/index.php\/wp-json\/wp\/v2\/media\/12073"}],"wp:attachment":[{"href":"https:\/\/www.dakarmania.cz\/index.php\/wp-json\/wp\/v2\/media?parent=12063"}],"wp:term":[{"taxonomy":"category","embeddable":true,"href":"https:\/\/www.dakarmania.cz\/index.php\/wp-json\/wp\/v2\/categories?post=12063"},{"taxonomy":"post_tag","embeddable":true,"href":"https:\/\/www.dakarmania.cz\/index.php\/wp-json\/wp\/v2\/tags?post=12063"}],"curies":[{"name":"wp","href":"https:\/\/api.w.org\/{rel}","templated":true}]}}