{"id":12271,"date":"2019-10-07T11:34:25","date_gmt":"2019-10-07T09:34:25","guid":{"rendered":"https:\/\/www.dakarmania.cz\/?p=12271"},"modified":"2019-10-09T00:00:12","modified_gmt":"2019-10-08T22:00:12","slug":"maroc-cesi-restartuji","status":"publish","type":"post","link":"https:\/\/www.dakarmania.cz\/index.php\/2019\/10\/07\/maroc-cesi-restartuji\/","title":{"rendered":"Du Maroc: \u010ce\u0161i po probl\u00e9mech restartuj\u00ed"},"content":{"rendered":"<p>[vc_row][vc_column][vc_column_text css_animation=&#8221;fadeIn&#8221;]<\/p>\n<h4>Po technick\u00fdch probl\u00e9mech, kter\u00e9 je vy\u0159adily z ned\u011bln\u00ed etapy Rallye du Maroc, se dnes po oprav\u00e1ch do sout\u011b\u017ee vracej\u00ed Martin Mac\u00edk ml. s Ivecem i Martin Prokop a Boris Vacul\u00edk s Fordy.<\/h4>\n<p>T\u00fdm Big Shock Racing sehnal od m\u00edstn\u00edch obyvatel chyb\u011bj\u00edc\u00ed d\u00edl a jeho mechanici dok\u00e1zali p\u0159es noc znovu poskl\u00e1dat rozbitou p\u0159evodovku.<\/p>\n<p>Jejich kolegov\u00e9 z Vacul\u00edkova t\u00fdmu 3RCZ.com se stejn\u011b \u00fasp\u011b\u0161n\u011b popasovali s opravou hydrauliky. Do t\u0159et\u00ed etapy odstartoval tak\u00e9 Martin Prokop, jeho\u017e v p\u0159edchoz\u00edch dvou dnech tr\u00e1pily pot\u00ed\u017ee s p\u0159eh\u0159\u00edvaj\u00edc\u00edm se palivem.<\/p>\n<p>Kv\u016fli nedokon\u010den\u00e9 <a href=\"\/index.php\/2019\/10\/06\/maroc-bezkonkurencni-al-attiyah\/\">druh\u00e9 etap\u011b<\/a> se v\u0161ichni \u010ce\u0161i do sout\u011b\u017ee vracej\u00ed zat\u00ed\u017eeni obrovskou penalizac\u00ed a bez nad\u011bje na dobr\u00fd v\u00fdsledek. Pro v\u0161echny t\u00fdmy v\u0161ak zb\u00fdvaj\u00edc\u00ed t\u0159i etapy p\u0159edstavuj\u00ed vynikaj\u00edc\u00ed p\u0159\u00edle\u017eitost k p\u0159\u00edprav\u011b na lednov\u00fd <a href=\"\/index.php\/souteze\/dakar-2020\/\">Dakar<\/a>.[\/vc_column_text][vc_single_image image=&#8221;12273&#8243; img_size=&#8221;large&#8221; add_caption=&#8221;yes&#8221; alignment=&#8221;center&#8221; onclick=&#8221;link_image&#8221; css_animation=&#8221;fadeIn&#8221;][vc_column_text css_animation=&#8221;fadeIn&#8221;]Velmi \u017eivo bylo tak\u00e9 v t\u00e1bo\u0159e Orion \u2013 Moto Racing Group. P\u0159esto\u017ee motocyklist\u00e9 v\u010dera a dnes absolvuj\u00ed maratonskou etapu, musel Martin Michek r\u00e1no zam\u00ed\u0159it z parc ferm\u00e9 ke sv\u00fdm mechanik\u016fm. Jeho KTM byla po ned\u011bln\u00edm p\u00e1du po\u0161kozena natolik, \u017ee by dal\u0161\u00ed den jen t\u011b\u017eko zvl\u00e1dla.<\/p>\n<p><em>\u201ePolovinu motorky jsme opravili, resp. vym\u011bnili. Penalizace budou, ale na tom te\u010f nez\u00e1le\u017e\u00ed. Martin mus\u00ed dojet, aby v lednu mohl st\u00e1t na startu Dakaru,\u201c<\/em> p\u0159ipomn\u011bl \u0161\u00e9f t\u00fdmu <strong>Erv\u00edn Kraj\u010dovi\u010d<\/strong>.<\/p>\n<h4>Sv\u011btov\u00e1 premi\u00e9ra<\/h4>\n<p>D\u00edky \u0161ikovnosti \u010dlen\u016f sv\u00fdch t\u00fdm\u016f si Vacul\u00edk s Plechat\u00fdm, Prokop s Tom\u00e1nkem a Michek mohou vyzkou\u0161et absolutn\u00ed novinku, kter\u00e1 by v bl\u00edzk\u00e9 budoucnosti m\u011bla zev\u0161edn\u011bt p\u0159edev\u0161\u00edm na Rally Dakar. Pond\u011bln\u00ed etapu absolvuj\u00ed podle itiner\u00e1\u0159e, kter\u00fd obdr\u017eeli teprve patn\u00e1ct minut p\u0159ed sv\u00fdm startem.<\/p>\n<p>Mac\u00edk\u016fv navig\u00e1tor Franti\u0161ek Tom\u00e1\u0161ek m\u011bl roadbook k dispozici u\u017e v\u010dera ve\u010der, nebo\u0165 kamiony jsou p\u0159i <a href=\"\/index.php\/souteze\/maroc-2019\/\">Rallye du Maroc<\/a> za\u0159azeny do kategorie Open. Ta je v principu ur\u010dena m\u00e9n\u011b zku\u0161en\u00fdm pos\u00e1dk\u00e1m, kter\u00e9 jedou krat\u0161\u00ed rychlostn\u00ed zkou\u0161ky a itiner\u00e1\u0159 maj\u00ed k dispozici v\u017edy den p\u0159edem.[\/vc_column_text][\/vc_column][\/vc_row]<\/p>\n","protected":false},"excerpt":{"rendered":"<p>Po technick\u00fdch probl\u00e9mech, kter\u00e9 je vy\u0159adily z ned\u011bln\u00ed etapy Rallye du Maroc, se dnes po oprav\u00e1ch do sout\u011b\u017ee vracej\u00ed Martin Mac\u00edk ml. s Ivecem i Martin Prokop a Boris Vacul\u00edk s Fordy.<\/p>\n","protected":false},"author":1,"featured_media":12274,"comment_status":"open","ping_status":"closed","sticky":false,"template":"","format":"standard","meta":{"footnotes":""},"categories":[1191],"tags":[425,807,111,805,1135,109,11,117,164,6,63,591,114,1356,1513,5,74,4,75,156,755,1192,247,105,413],"class_list":["post-12271","post","type-post","status-publish","format-standard","has-post-thumbnail","hentry","category-rallye-du-maroc","tag-425","tag-3rcz-com","tag-big-shock-racing","tag-boris-vaculik","tag-david-svanda","tag-ervin-krajcovic","tag-ford","tag-frantisek-tomasek","tag-iveco","tag-jan-tomanek","tag-ktm","tag-martin-macik","tag-martin-macik-ml","tag-martin-michek","tag-martin-plechaty","tag-martin-prokop","tag-moto-racing-group","tag-mp-sports","tag-mrg","tag-ms-fim-ccr","tag-ms-fim-ccr-2019","tag-rallye-du-maroc","tag-rallye-du-maroc-2019","tag-sp-fia-ccr","tag-sp-fia-ccr-2019"],"yoast_head":"<!-- This site is optimized with the Yoast SEO plugin v24.9 - https:\/\/yoast.com\/wordpress\/plugins\/seo\/ -->\n<title>Du Maroc: \u010ce\u0161i po probl\u00e9mech restartuj\u00ed - DAKARMANIA.cz<\/title>\n<meta name=\"description\" content=\"Po probl\u00e9mech, kter\u00e9 je vy\u0159adily z ned\u011bln\u00ed etapy Rallye du Maroc, se dnes do sout\u011b\u017ee vracej\u00ed Martin Mac\u00edk ml., Martin Prokop i Boris Vacul\u00edk.\" \/>\n<meta name=\"robots\" content=\"index, follow, max-snippet:-1, max-image-preview:large, max-video-preview:-1\" \/>\n<link rel=\"canonical\" href=\"https:\/\/www.dakarmania.cz\/index.php\/2019\/10\/07\/maroc-cesi-restartuji\/\" \/>\n<meta property=\"og:locale\" content=\"cs_CZ\" \/>\n<meta property=\"og:type\" content=\"article\" \/>\n<meta property=\"og:title\" content=\"Du Maroc: \u010ce\u0161i po probl\u00e9mech restartuj\u00ed - DAKARMANIA.cz\" \/>\n<meta property=\"og:description\" content=\"Po probl\u00e9mech, kter\u00e9 je vy\u0159adily z ned\u011bln\u00ed etapy Rallye du Maroc, se dnes do sout\u011b\u017ee vracej\u00ed Martin Mac\u00edk ml., Martin Prokop i Boris Vacul\u00edk.\" \/>\n<meta property=\"og:url\" content=\"https:\/\/www.dakarmania.cz\/index.php\/2019\/10\/07\/maroc-cesi-restartuji\/\" \/>\n<meta property=\"og:site_name\" content=\"DAKARMANIA.cz\" \/>\n<meta property=\"article:publisher\" content=\"https:\/\/www.facebook.com\/dakarmania\/\" \/>\n<meta property=\"article:published_time\" content=\"2019-10-07T09:34:25+00:00\" \/>\n<meta property=\"article:modified_time\" content=\"2019-10-08T22:00:12+00:00\" \/>\n<meta property=\"og:image\" content=\"https:\/\/www.dakarmania.cz\/wp-content\/uploads\/2019\/10\/19-maroc-prokop-02.jpg\" \/>\n\t<meta property=\"og:image:width\" content=\"1024\" \/>\n\t<meta property=\"og:image:height\" content=\"683\" \/>\n\t<meta property=\"og:image:type\" content=\"image\/jpeg\" \/>\n<meta name=\"author\" content=\"Zden\u011bk Zelenka\" \/>\n<meta name=\"twitter:card\" content=\"summary_large_image\" \/>\n<meta name=\"twitter:label1\" content=\"Napsal(a)\" \/>\n\t<meta name=\"twitter:data1\" content=\"Zden\u011bk Zelenka\" \/>\n\t<meta name=\"twitter:label2\" content=\"Odhadovan\u00e1 doba \u010dten\u00ed\" \/>\n\t<meta name=\"twitter:data2\" content=\"2 minuty\" \/>\n<script type=\"application\/ld+json\" class=\"yoast-schema-graph\">{\"@context\":\"https:\/\/schema.org\",\"@graph\":[{\"@type\":\"Article\",\"@id\":\"https:\/\/www.dakarmania.cz\/index.php\/2019\/10\/07\/maroc-cesi-restartuji\/#article\",\"isPartOf\":{\"@id\":\"https:\/\/www.dakarmania.cz\/index.php\/2019\/10\/07\/maroc-cesi-restartuji\/\"},\"author\":{\"name\":\"Zden\u011bk Zelenka\",\"@id\":\"https:\/\/www.dakarmania.cz\/#\/schema\/person\/04eb0e87a389631c2169c0dddae7ff1e\"},\"headline\":\"Du Maroc: \u010ce\u0161i po probl\u00e9mech restartuj\u00ed\",\"datePublished\":\"2019-10-07T09:34:25+00:00\",\"dateModified\":\"2019-10-08T22:00:12+00:00\",\"mainEntityOfPage\":{\"@id\":\"https:\/\/www.dakarmania.cz\/index.php\/2019\/10\/07\/maroc-cesi-restartuji\/\"},\"wordCount\":442,\"commentCount\":0,\"publisher\":{\"@id\":\"https:\/\/www.dakarmania.cz\/#organization\"},\"image\":{\"@id\":\"https:\/\/www.dakarmania.cz\/index.php\/2019\/10\/07\/maroc-cesi-restartuji\/#primaryimage\"},\"thumbnailUrl\":\"https:\/\/www.dakarmania.cz\/wp-content\/uploads\/2019\/10\/19-maroc-prokop-02.jpg\",\"keywords\":[\"2019\",\"3RCZ.com\",\"Big Shock! Racing\",\"Boris Vacul\u00edk\",\"David \u0160vanda\",\"Erv\u00edn Kraj\u010dovi\u010d\",\"Ford\",\"Franti\u0161ek Tom\u00e1\u0161ek\",\"Iveco\",\"Jan Tom\u00e1nek\",\"KTM\",\"Martin Mac\u00edk\",\"Martin Mac\u00edk ml.\",\"Martin Michek\",\"Martin Plechat\u00fd\",\"Martin Prokop\",\"Moto Racing Group\",\"MP-Sports\",\"MRG\",\"MS FIM CCR\",\"MS FIM CCR 2019\",\"Rallye du Maroc\",\"Rallye du Maroc 2019\",\"SP FIA CCR\",\"SP FIA CCR 2019\"],\"articleSection\":[\"Rallye du Maroc\"],\"inLanguage\":\"cs\",\"potentialAction\":[{\"@type\":\"CommentAction\",\"name\":\"Comment\",\"target\":[\"https:\/\/www.dakarmania.cz\/index.php\/2019\/10\/07\/maroc-cesi-restartuji\/#respond\"]}]},{\"@type\":\"WebPage\",\"@id\":\"https:\/\/www.dakarmania.cz\/index.php\/2019\/10\/07\/maroc-cesi-restartuji\/\",\"url\":\"https:\/\/www.dakarmania.cz\/index.php\/2019\/10\/07\/maroc-cesi-restartuji\/\",\"name\":\"Du Maroc: \u010ce\u0161i po probl\u00e9mech restartuj\u00ed - DAKARMANIA.cz\",\"isPartOf\":{\"@id\":\"https:\/\/www.dakarmania.cz\/#website\"},\"primaryImageOfPage\":{\"@id\":\"https:\/\/www.dakarmania.cz\/index.php\/2019\/10\/07\/maroc-cesi-restartuji\/#primaryimage\"},\"image\":{\"@id\":\"https:\/\/www.dakarmania.cz\/index.php\/2019\/10\/07\/maroc-cesi-restartuji\/#primaryimage\"},\"thumbnailUrl\":\"https:\/\/www.dakarmania.cz\/wp-content\/uploads\/2019\/10\/19-maroc-prokop-02.jpg\",\"datePublished\":\"2019-10-07T09:34:25+00:00\",\"dateModified\":\"2019-10-08T22:00:12+00:00\",\"description\":\"Po probl\u00e9mech, kter\u00e9 je vy\u0159adily z ned\u011bln\u00ed etapy Rallye du Maroc, se dnes do sout\u011b\u017ee vracej\u00ed Martin Mac\u00edk ml., Martin Prokop i Boris Vacul\u00edk.\",\"breadcrumb\":{\"@id\":\"https:\/\/www.dakarmania.cz\/index.php\/2019\/10\/07\/maroc-cesi-restartuji\/#breadcrumb\"},\"inLanguage\":\"cs\",\"potentialAction\":[{\"@type\":\"ReadAction\",\"target\":[\"https:\/\/www.dakarmania.cz\/index.php\/2019\/10\/07\/maroc-cesi-restartuji\/\"]}]},{\"@type\":\"ImageObject\",\"inLanguage\":\"cs\",\"@id\":\"https:\/\/www.dakarmania.cz\/index.php\/2019\/10\/07\/maroc-cesi-restartuji\/#primaryimage\",\"url\":\"https:\/\/www.dakarmania.cz\/wp-content\/uploads\/2019\/10\/19-maroc-prokop-02.jpg\",\"contentUrl\":\"https:\/\/www.dakarmania.cz\/wp-content\/uploads\/2019\/10\/19-maroc-prokop-02.jpg\",\"width\":1024,\"height\":683,\"caption\":\"Ford Raptor RS Cross-Country, MP-Sports. Rallye du Maroc 2019. \u00a9 MP-Sports\"},{\"@type\":\"BreadcrumbList\",\"@id\":\"https:\/\/www.dakarmania.cz\/index.php\/2019\/10\/07\/maroc-cesi-restartuji\/#breadcrumb\",\"itemListElement\":[{\"@type\":\"ListItem\",\"position\":1,\"name\":\"Dom\u016f\",\"item\":\"https:\/\/www.dakarmania.cz\/\"},{\"@type\":\"ListItem\",\"position\":2,\"name\":\"Du Maroc: \u010ce\u0161i po probl\u00e9mech restartuj\u00ed\"}]},{\"@type\":\"WebSite\",\"@id\":\"https:\/\/www.dakarmania.cz\/#website\",\"url\":\"https:\/\/www.dakarmania.cz\/\",\"name\":\"DAKARMANIA.cz\",\"description\":\"\u017dijeme Dakarem cel\u00fd rok\",\"publisher\":{\"@id\":\"https:\/\/www.dakarmania.cz\/#organization\"},\"potentialAction\":[{\"@type\":\"SearchAction\",\"target\":{\"@type\":\"EntryPoint\",\"urlTemplate\":\"https:\/\/www.dakarmania.cz\/?s={search_term_string}\"},\"query-input\":{\"@type\":\"PropertyValueSpecification\",\"valueRequired\":true,\"valueName\":\"search_term_string\"}}],\"inLanguage\":\"cs\"},{\"@type\":\"Organization\",\"@id\":\"https:\/\/www.dakarmania.cz\/#organization\",\"name\":\"DAKAR MANIA\",\"url\":\"https:\/\/www.dakarmania.cz\/\",\"logo\":{\"@type\":\"ImageObject\",\"inLanguage\":\"cs\",\"@id\":\"https:\/\/www.dakarmania.cz\/#\/schema\/logo\/image\/\",\"url\":\"https:\/\/www.dakarmania.cz\/wp-content\/uploads\/2018\/12\/Dakar-Mania-Logo-Square-Orange.png\",\"contentUrl\":\"https:\/\/www.dakarmania.cz\/wp-content\/uploads\/2018\/12\/Dakar-Mania-Logo-Square-Orange.png\",\"width\":992,\"height\":992,\"caption\":\"DAKAR MANIA\"},\"image\":{\"@id\":\"https:\/\/www.dakarmania.cz\/#\/schema\/logo\/image\/\"},\"sameAs\":[\"https:\/\/www.facebook.com\/dakarmania\/\"]},{\"@type\":\"Person\",\"@id\":\"https:\/\/www.dakarmania.cz\/#\/schema\/person\/04eb0e87a389631c2169c0dddae7ff1e\",\"name\":\"Zden\u011bk Zelenka\",\"image\":{\"@type\":\"ImageObject\",\"inLanguage\":\"cs\",\"@id\":\"https:\/\/www.dakarmania.cz\/#\/schema\/person\/image\/\",\"url\":\"https:\/\/secure.gravatar.com\/avatar\/2c80d5a4942fe0900b73cc7d3837a509d6ee0a276a2b76dac95c92bd0763a89b?s=96&d=mm&r=g\",\"contentUrl\":\"https:\/\/secure.gravatar.com\/avatar\/2c80d5a4942fe0900b73cc7d3837a509d6ee0a276a2b76dac95c92bd0763a89b?s=96&d=mm&r=g\",\"caption\":\"Zden\u011bk Zelenka\"},\"description\":\"Moji d\u011bt\u0161t\u00ed hrdinov\u00e9 se jmenovali Loprais, Moskal, Neveu, Vatanen, Rahier... A tihle borci, jejich n\u00e1sledovn\u00edci a jejich p\u0159\u00edb\u011bhy m\u011b nep\u0159estali fascinovat ani po letech, kdy jsem vyrostl a zam\u011bstn\u00e1valy m\u011b jin\u00e9 discipl\u00edny motorsportu. Proto se zrodila DAKARMANIA.\",\"url\":\"https:\/\/www.dakarmania.cz\/index.php\/author\/dakarmania\/\"}]}<\/script>\n<!-- \/ Yoast SEO plugin. -->","yoast_head_json":{"title":"Du Maroc: \u010ce\u0161i po probl\u00e9mech restartuj\u00ed - DAKARMANIA.cz","description":"Po probl\u00e9mech, kter\u00e9 je vy\u0159adily z ned\u011bln\u00ed etapy Rallye du Maroc, se dnes do sout\u011b\u017ee vracej\u00ed Martin Mac\u00edk ml., Martin Prokop i Boris Vacul\u00edk.","robots":{"index":"index","follow":"follow","max-snippet":"max-snippet:-1","max-image-preview":"max-image-preview:large","max-video-preview":"max-video-preview:-1"},"canonical":"https:\/\/www.dakarmania.cz\/index.php\/2019\/10\/07\/maroc-cesi-restartuji\/","og_locale":"cs_CZ","og_type":"article","og_title":"Du Maroc: \u010ce\u0161i po probl\u00e9mech restartuj\u00ed - DAKARMANIA.cz","og_description":"Po probl\u00e9mech, kter\u00e9 je vy\u0159adily z ned\u011bln\u00ed etapy Rallye du Maroc, se dnes do sout\u011b\u017ee vracej\u00ed Martin Mac\u00edk ml., Martin Prokop i Boris Vacul\u00edk.","og_url":"https:\/\/www.dakarmania.cz\/index.php\/2019\/10\/07\/maroc-cesi-restartuji\/","og_site_name":"DAKARMANIA.cz","article_publisher":"https:\/\/www.facebook.com\/dakarmania\/","article_published_time":"2019-10-07T09:34:25+00:00","article_modified_time":"2019-10-08T22:00:12+00:00","og_image":[{"width":1024,"height":683,"url":"https:\/\/www.dakarmania.cz\/wp-content\/uploads\/2019\/10\/19-maroc-prokop-02.jpg","type":"image\/jpeg"}],"author":"Zden\u011bk Zelenka","twitter_card":"summary_large_image","twitter_misc":{"Napsal(a)":"Zden\u011bk Zelenka","Odhadovan\u00e1 doba \u010dten\u00ed":"2 minuty"},"schema":{"@context":"https:\/\/schema.org","@graph":[{"@type":"Article","@id":"https:\/\/www.dakarmania.cz\/index.php\/2019\/10\/07\/maroc-cesi-restartuji\/#article","isPartOf":{"@id":"https:\/\/www.dakarmania.cz\/index.php\/2019\/10\/07\/maroc-cesi-restartuji\/"},"author":{"name":"Zden\u011bk Zelenka","@id":"https:\/\/www.dakarmania.cz\/#\/schema\/person\/04eb0e87a389631c2169c0dddae7ff1e"},"headline":"Du Maroc: \u010ce\u0161i po probl\u00e9mech restartuj\u00ed","datePublished":"2019-10-07T09:34:25+00:00","dateModified":"2019-10-08T22:00:12+00:00","mainEntityOfPage":{"@id":"https:\/\/www.dakarmania.cz\/index.php\/2019\/10\/07\/maroc-cesi-restartuji\/"},"wordCount":442,"commentCount":0,"publisher":{"@id":"https:\/\/www.dakarmania.cz\/#organization"},"image":{"@id":"https:\/\/www.dakarmania.cz\/index.php\/2019\/10\/07\/maroc-cesi-restartuji\/#primaryimage"},"thumbnailUrl":"https:\/\/www.dakarmania.cz\/wp-content\/uploads\/2019\/10\/19-maroc-prokop-02.jpg","keywords":["2019","3RCZ.com","Big Shock! Racing","Boris Vacul\u00edk","David \u0160vanda","Erv\u00edn Kraj\u010dovi\u010d","Ford","Franti\u0161ek Tom\u00e1\u0161ek","Iveco","Jan Tom\u00e1nek","KTM","Martin Mac\u00edk","Martin Mac\u00edk ml.","Martin Michek","Martin Plechat\u00fd","Martin Prokop","Moto Racing Group","MP-Sports","MRG","MS FIM CCR","MS FIM CCR 2019","Rallye du Maroc","Rallye du Maroc 2019","SP FIA CCR","SP FIA CCR 2019"],"articleSection":["Rallye du Maroc"],"inLanguage":"cs","potentialAction":[{"@type":"CommentAction","name":"Comment","target":["https:\/\/www.dakarmania.cz\/index.php\/2019\/10\/07\/maroc-cesi-restartuji\/#respond"]}]},{"@type":"WebPage","@id":"https:\/\/www.dakarmania.cz\/index.php\/2019\/10\/07\/maroc-cesi-restartuji\/","url":"https:\/\/www.dakarmania.cz\/index.php\/2019\/10\/07\/maroc-cesi-restartuji\/","name":"Du Maroc: \u010ce\u0161i po probl\u00e9mech restartuj\u00ed - DAKARMANIA.cz","isPartOf":{"@id":"https:\/\/www.dakarmania.cz\/#website"},"primaryImageOfPage":{"@id":"https:\/\/www.dakarmania.cz\/index.php\/2019\/10\/07\/maroc-cesi-restartuji\/#primaryimage"},"image":{"@id":"https:\/\/www.dakarmania.cz\/index.php\/2019\/10\/07\/maroc-cesi-restartuji\/#primaryimage"},"thumbnailUrl":"https:\/\/www.dakarmania.cz\/wp-content\/uploads\/2019\/10\/19-maroc-prokop-02.jpg","datePublished":"2019-10-07T09:34:25+00:00","dateModified":"2019-10-08T22:00:12+00:00","description":"Po probl\u00e9mech, kter\u00e9 je vy\u0159adily z ned\u011bln\u00ed etapy Rallye du Maroc, se dnes do sout\u011b\u017ee vracej\u00ed Martin Mac\u00edk ml., Martin Prokop i Boris Vacul\u00edk.","breadcrumb":{"@id":"https:\/\/www.dakarmania.cz\/index.php\/2019\/10\/07\/maroc-cesi-restartuji\/#breadcrumb"},"inLanguage":"cs","potentialAction":[{"@type":"ReadAction","target":["https:\/\/www.dakarmania.cz\/index.php\/2019\/10\/07\/maroc-cesi-restartuji\/"]}]},{"@type":"ImageObject","inLanguage":"cs","@id":"https:\/\/www.dakarmania.cz\/index.php\/2019\/10\/07\/maroc-cesi-restartuji\/#primaryimage","url":"https:\/\/www.dakarmania.cz\/wp-content\/uploads\/2019\/10\/19-maroc-prokop-02.jpg","contentUrl":"https:\/\/www.dakarmania.cz\/wp-content\/uploads\/2019\/10\/19-maroc-prokop-02.jpg","width":1024,"height":683,"caption":"Ford Raptor RS Cross-Country, MP-Sports. Rallye du Maroc 2019. \u00a9 MP-Sports"},{"@type":"BreadcrumbList","@id":"https:\/\/www.dakarmania.cz\/index.php\/2019\/10\/07\/maroc-cesi-restartuji\/#breadcrumb","itemListElement":[{"@type":"ListItem","position":1,"name":"Dom\u016f","item":"https:\/\/www.dakarmania.cz\/"},{"@type":"ListItem","position":2,"name":"Du Maroc: \u010ce\u0161i po probl\u00e9mech restartuj\u00ed"}]},{"@type":"WebSite","@id":"https:\/\/www.dakarmania.cz\/#website","url":"https:\/\/www.dakarmania.cz\/","name":"DAKARMANIA.cz","description":"\u017dijeme Dakarem cel\u00fd rok","publisher":{"@id":"https:\/\/www.dakarmania.cz\/#organization"},"potentialAction":[{"@type":"SearchAction","target":{"@type":"EntryPoint","urlTemplate":"https:\/\/www.dakarmania.cz\/?s={search_term_string}"},"query-input":{"@type":"PropertyValueSpecification","valueRequired":true,"valueName":"search_term_string"}}],"inLanguage":"cs"},{"@type":"Organization","@id":"https:\/\/www.dakarmania.cz\/#organization","name":"DAKAR MANIA","url":"https:\/\/www.dakarmania.cz\/","logo":{"@type":"ImageObject","inLanguage":"cs","@id":"https:\/\/www.dakarmania.cz\/#\/schema\/logo\/image\/","url":"https:\/\/www.dakarmania.cz\/wp-content\/uploads\/2018\/12\/Dakar-Mania-Logo-Square-Orange.png","contentUrl":"https:\/\/www.dakarmania.cz\/wp-content\/uploads\/2018\/12\/Dakar-Mania-Logo-Square-Orange.png","width":992,"height":992,"caption":"DAKAR MANIA"},"image":{"@id":"https:\/\/www.dakarmania.cz\/#\/schema\/logo\/image\/"},"sameAs":["https:\/\/www.facebook.com\/dakarmania\/"]},{"@type":"Person","@id":"https:\/\/www.dakarmania.cz\/#\/schema\/person\/04eb0e87a389631c2169c0dddae7ff1e","name":"Zden\u011bk Zelenka","image":{"@type":"ImageObject","inLanguage":"cs","@id":"https:\/\/www.dakarmania.cz\/#\/schema\/person\/image\/","url":"https:\/\/secure.gravatar.com\/avatar\/2c80d5a4942fe0900b73cc7d3837a509d6ee0a276a2b76dac95c92bd0763a89b?s=96&d=mm&r=g","contentUrl":"https:\/\/secure.gravatar.com\/avatar\/2c80d5a4942fe0900b73cc7d3837a509d6ee0a276a2b76dac95c92bd0763a89b?s=96&d=mm&r=g","caption":"Zden\u011bk Zelenka"},"description":"Moji d\u011bt\u0161t\u00ed hrdinov\u00e9 se jmenovali Loprais, Moskal, Neveu, Vatanen, Rahier... A tihle borci, jejich n\u00e1sledovn\u00edci a jejich p\u0159\u00edb\u011bhy m\u011b nep\u0159estali fascinovat ani po letech, kdy jsem vyrostl a zam\u011bstn\u00e1valy m\u011b jin\u00e9 discipl\u00edny motorsportu. Proto se zrodila DAKARMANIA.","url":"https:\/\/www.dakarmania.cz\/index.php\/author\/dakarmania\/"}]}},"amp_enabled":true,"_links":{"self":[{"href":"https:\/\/www.dakarmania.cz\/index.php\/wp-json\/wp\/v2\/posts\/12271","targetHints":{"allow":["GET"]}}],"collection":[{"href":"https:\/\/www.dakarmania.cz\/index.php\/wp-json\/wp\/v2\/posts"}],"about":[{"href":"https:\/\/www.dakarmania.cz\/index.php\/wp-json\/wp\/v2\/types\/post"}],"author":[{"embeddable":true,"href":"https:\/\/www.dakarmania.cz\/index.php\/wp-json\/wp\/v2\/users\/1"}],"replies":[{"embeddable":true,"href":"https:\/\/www.dakarmania.cz\/index.php\/wp-json\/wp\/v2\/comments?post=12271"}],"version-history":[{"count":9,"href":"https:\/\/www.dakarmania.cz\/index.php\/wp-json\/wp\/v2\/posts\/12271\/revisions"}],"predecessor-version":[{"id":12412,"href":"https:\/\/www.dakarmania.cz\/index.php\/wp-json\/wp\/v2\/posts\/12271\/revisions\/12412"}],"wp:featuredmedia":[{"embeddable":true,"href":"https:\/\/www.dakarmania.cz\/index.php\/wp-json\/wp\/v2\/media\/12274"}],"wp:attachment":[{"href":"https:\/\/www.dakarmania.cz\/index.php\/wp-json\/wp\/v2\/media?parent=12271"}],"wp:term":[{"taxonomy":"category","embeddable":true,"href":"https:\/\/www.dakarmania.cz\/index.php\/wp-json\/wp\/v2\/categories?post=12271"},{"taxonomy":"post_tag","embeddable":true,"href":"https:\/\/www.dakarmania.cz\/index.php\/wp-json\/wp\/v2\/tags?post=12271"}],"curies":[{"name":"wp","href":"https:\/\/api.w.org\/{rel}","templated":true}]}}