{"id":12291,"date":"2019-10-07T16:48:22","date_gmt":"2019-10-07T14:48:22","guid":{"rendered":"https:\/\/www.dakarmania.cz\/?p=12291"},"modified":"2019-10-09T01:31:27","modified_gmt":"2019-10-08T23:31:27","slug":"maroc-protiutok-ktm","status":"publish","type":"post","link":"https:\/\/www.dakarmania.cz\/index.php\/2019\/10\/07\/maroc-protiutok-ktm\/","title":{"rendered":"Du Maroc: Proti\u00fatok KTM, smoln\u00fd den Yamahy"},"content":{"rendered":"<p>[vc_row css_animation=&#8221;fadeIn&#8221;][vc_column][vc_column_text css_animation=&#8221;fadeIn&#8221;]<\/p>\n<h4>Toby Price a Matthias Walkner reagovali ve druh\u00e9 \u010d\u00e1sti supermaratonsk\u00e9 etapy na v\u010derej\u0161\u00ed n\u00e1stup Hondy a vybojovali pro KTM etapov\u00fd double. D\u00edky tomu posko\u010dili z konce prvn\u00ed des\u00edtky do \u010dela pr\u016fb\u011b\u017en\u00e9 klasifikace.<\/h4>\n<p>\u00da\u010dastn\u00edci <a href=\"\/index.php\/souteze\/maroc-2019\/\">Marock\u00e9 rally<\/a> si poprv\u00e9 v historii vyzkou\u0161eli praxi, kter\u00e1 by v bl\u00edzk\u00e9 budoucnosti \u2013 a p\u0159edev\u0161\u00edm na Rally Dakar \u2013 m\u011bla zev\u0161edn\u011bt. Jezdci si v\u010dera u\u017eili voln\u00fd ve\u010der, proto\u017ee itiner\u00e1\u0159e t\u0159et\u00ed etapy obdr\u017eeli a\u017e patn\u00e1ct minut p\u0159ed sv\u00fdm startem.<\/p>\n<p>Za t\u011bchto podm\u00ednek na sout\u011b\u017e\u00edc\u00ed \u010dekala etapa dlouh\u00e1 541 kilometr\u016f a p\u0159edev\u0161\u00edm 363 km m\u011b\u0159en\u00e9ho \u00faseku rozd\u011blen\u00e9ho do t\u0159\u00ed samostatn\u00fdch sekc\u00ed (80, 211 a 72 km).\u00a0Motocyklist\u00e9 nav\u00edc absolvovali druhou \u010d\u00e1st supermaratonu. Mezi ned\u011bln\u00ed a pond\u011bln\u00ed etapou m\u011bli jen deset minut na \u00fadr\u017ebu stroje, s n\u00ed\u017e si museli poradit pouze vlastn\u00edmi silami, nav\u00edc oba dny jeli na jedin\u00e9 sad\u011b gum. Pr\u00e1v\u011b kvalita obut\u00ed proto dnes hr\u00e1la v\u00fdznamnou roli.<\/p>\n<p>Mnoz\u00ed proto uv\u00edtali zru\u0161en\u00ed z\u00e1v\u011bre\u010dn\u00e9 \u010d\u00e1sti speci\u00e1lky, k n\u011bmu\u017e do\u0161lo z bezpe\u010dnostn\u00edch d\u016fvod\u016f.[\/vc_column_text][\/vc_column][\/vc_row][vc_row css_animation=&#8221;fadeIn&#8221; css=&#8221;.vc_custom_1570266365162{background-color: #f2f2f2 !important;}&#8221;][vc_column width=&#8221;1\/2&#8243;][vc_column_text css_animation=&#8221;fadeIn&#8221;]<\/p>\n<h4>Odplata KTM<\/h4>\n<p>Zat\u00edmco <a href=\"\/index.php\/2019\/10\/06\/maroc-etapa-pro-hondu\/\">prvn\u00ed \u010d\u00e1sti supermaratonu<\/a> kralovali v ned\u011bli jezdci Hondy, dnes se iniciativy chopili konkurenti od KTM. Toby Price a Matthias Walkner v\u010dera bloudili a pohor\u0161ili si v pr\u016fb\u011b\u017en\u00e9m po\u0159ad\u00ed, d\u00edky tomu v\u0161ak dnes m\u011bli v\u00fdhodn\u011bj\u0161\u00ed startovn\u00ed pozici. A stoprocentn\u011b ji vyu\u017eili.[\/vc_column_text][vc_single_image image=&#8221;12290&#8243; img_size=&#8221;large&#8221; alignment=&#8221;center&#8221; onclick=&#8221;link_image&#8221; css_animation=&#8221;fadeIn&#8221;][\/vc_column][vc_column width=&#8221;1\/2&#8243;][vc_column_text css_animation=&#8221;fadeIn&#8221;]<em>\u201eZ\u00edtra se role op\u011bt obr\u00e1t\u00ed, pojedu vep\u0159edu a ostatn\u00ed m\u011b budou nah\u00e1n\u011bt. Je \u0161koda, \u017ee n\u00e1m zru\u0161ili posledn\u00edch 75 kilometr\u016f,\u201c<\/em> litoval <strong>Toby Price<\/strong>. <em>\u201eM\u00e9 pneumatiky i motorka byly po\u0159\u00e1d dobr\u00e9, mohl jsem je\u0161t\u011b trochu \u010dasu najet. Na druhou stranu jsem se tak\u00e9 mohl ztratit. Tak uvid\u00edme, co p\u0159inese z\u00edt\u0159ek.\u201c<\/em><\/p>\n<p>O minutu a 59 sekund rychlej\u0161\u00ed Price si p\u0159ipsal etapov\u00e9 v\u00edt\u011bzstv\u00ed a posko\u010dil z osm\u00e9ho m\u00edsta do \u010dela pr\u016fb\u011b\u017en\u00e9ho hodnocen\u00ed sout\u011b\u017ee.<\/p>\n<p>Druh\u00fd \u010das dne ov\u0161em v\u00fdrazn\u011b pomohl tak\u00e9 Walknerovi. Je\u0161t\u011b r\u00e1no Raku\u0161an uzav\u00edral prvn\u00ed des\u00edtku, ale nyn\u00ed je u\u017e druh\u00fd.<\/p>\n<p><em>\u201eOpravdu dlouh\u00fd den s t\u011b\u017ekou navigac\u00ed. Museli se ztratit v\u0161ichni, proto\u017ee jsem si byl jist\u00fd, \u017ee jsem ztratil p\u0159ibli\u017en\u011b patn\u00e1ct minut kv\u016fli dv\u011bma velk\u00fdm chyb\u00e1m,\u201c<\/em> p\u0159iznal <strong>Matthias Walkner<\/strong>. <em>\u201eDrsn\u00fd den, ale v\u00fdsledek nen\u00ed \u0161patn\u00fd.\u201c<\/em>[\/vc_column_text][\/vc_column][\/vc_row][vc_row css_animation=&#8221;fadeIn&#8221;][vc_column width=&#8221;1\/2&#8243;][vc_column_text css_animation=&#8221;fadeIn&#8221;]<\/p>\n<h4>\u00dasp\u011bch s ho\u0159kou p\u0159\u00edchut\u00ed<\/h4>\n<p>S jezdci KTM dok\u00e1zal dr\u017eet krok pouze Franco Caimi s Yamahou. Ve druh\u00e9 polovin\u011b speci\u00e1lky dokonce atakoval Walknerovu pozici, ale nakonec byl klasifikov\u00e1n jako t\u0159et\u00ed. Z jeden\u00e1ct\u00e9ho na t\u0159et\u00ed m\u00edsto se vyhoupl i v absolutn\u00ed klasifikaci.<\/p>\n<p>Caimiho v\u00fdkon a v\u00fdsledek v\u0161ak byly jedin\u00fdmi d\u016fvody k radosti v \u0159ad\u00e1ch tov\u00e1rn\u00edho t\u00fdmu Yamaha, nebo\u0165 Argentincovi kolegov\u00e9 do c\u00edle nedojeli.[\/vc_column_text][vc_single_image image=&#8221;12293&#8243; img_size=&#8221;large&#8221; alignment=&#8221;center&#8221; onclick=&#8221;link_image&#8221; css_animation=&#8221;fadeIn&#8221;][vc_column_text css_animation=&#8221;fadeIn&#8221;]Adrien Van Beveren se od po\u010d\u00e1tku sout\u011b\u017ee pot\u00fdkal s nemoc\u00ed, p\u0159esto v ned\u011bli postoupil na \u010dtvrtou p\u0159\u00ed\u010dku. Jen\u017ee druhou \u010d\u00e1st maratonsk\u00e9 etapy Francouz nedokon\u010dil. V neutralizovan\u00e9m \u00faseku mezi prvn\u00ed a druhou \u010d\u00e1st\u00ed speci\u00e1lky kv\u016fli hore\u010dce odstoupil.<\/p>\n<p><em>\u201eDva dny p\u0159ed rally jsem onemocn\u011bl. V\u010dera jsem se c\u00edtil l\u00e9pe, ale te\u010f je mi znovu zle. Kdyby to bylo na Dakaru, asi bych pokra\u010doval, ale tady to s ohledem na riziko nebylo rozumn\u00e9. Pokud mi z\u00edtra bude l\u00edp, nastoup\u00edm znovu do z\u00e1vodu,\u201c<\/em> sl\u00edbil <strong>Adrien Van Beveren<\/strong>.<\/p>\n<p>Xaviera de Soultraita zastavila porucha motoru.[\/vc_column_text][vc_column_text css_animation=&#8221;fadeIn&#8221;]<\/p>\n<h4>Vysok\u00e1 da\u0148<\/h4>\n<p>Jezdci Hondy za v\u010derej\u0161\u00ed dvojn\u00e1sobn\u00e9 etapov\u00e9 v\u00edt\u011bzstv\u00ed draze zaplatili. V honb\u011b za dobr\u00fdm v\u00fdsledkem zni\u010dili obut\u00ed a dnes po\u010d\u00edtali ztr\u00e1ty. Joan Barreda sice na dne\u0161ek p\u0159enocoval jako vedouc\u00ed mu\u017e pr\u016fb\u011b\u017en\u00e9ho hodnocen\u00ed, ale dnes se o p\u011bt m\u00edst propadl.<\/p>\n<p><em>\u201eDnes to bylo t\u011b\u017ek\u00e9. Spousta probl\u00e9m\u016f. U\u017e po prvn\u00ed \u010d\u00e1sti speci\u00e1lky byla m\u00e1 p\u0159edn\u00ed pneumatika \u00fapln\u011b zni\u010den\u00e1. Dal\u0161\u00edch 200 kilometr\u016f jsem jel na pr\u00e1zdn\u00e9 gum\u011b. Nav\u00edc jsem ud\u011blal chybu. Ale jsem tady,\u201c<\/em> popsal v c\u00edli etapy <strong>Joan Barreda<\/strong>.<\/p>\n<p>Ve v\u010derej\u0161\u00ed etap\u011b druh\u00fd Kevin Benavides dnes doj\u00ed\u017ed\u011bl se zni\u010denou zadn\u00ed pneumatikou a vypadl z prvn\u00ed des\u00edtky.\u00a0P\u0159i p\u00e1du si nav\u00edc nep\u0159\u00edjemn\u011b pohmo\u017edil stehno.<\/p>\n<p><em>\u201eV \u00favodu prvn\u00ed speci\u00e1lky jsme upadl. Nic v\u00e1\u017en\u00e9ho, ale bouchl jsem se o \u0159\u00edd\u00edtka do nohy, p\u0159\u00edmo do m\u00edsta, kter\u00e9 jsem m\u011bl zran\u011bn\u00e9. Oteklo to a hodn\u011b bolelo,\u201c<\/em> post\u011b\u017eoval si <strong>Kevin Benavides<\/strong>.[\/vc_column_text][\/vc_column][vc_column width=&#8221;1\/2&#8243;][vc_column_text css_animation=&#8221;fadeIn&#8221;]<\/p>\n<h4>Cornejo nejrychlej\u0161\u00edm juniorem<\/h4>\n<p>Z jezdc\u016f Hondy si tentokr\u00e1t nejl\u00e9pe po\u010d\u00ednal Jos\u00e9 Ignacio Cornejo. Chilan byl p\u00e1t\u00fd nejrychlej\u0161\u00ed a na dnes jeden\u00e1ct\u00e9ho Luciana Benavidese (KTM) najel v\u00edce ne\u017e osm minut. V souboji o v\u00edt\u011bzstv\u00ed v kategorii junior\u016f nicm\u00e9n\u011b st\u00e1le tah\u00e1 za krat\u0161\u00ed konec provazu. V celkov\u00e9m sou\u010dtu za sv\u00fdm argentinsk\u00fdm protivn\u00edkem st\u00e1le zaost\u00e1v\u00e1 t\u00e9m\u011b\u0159 o dvacet minut.<\/p>\n<p><em>\u201eV \u00favodu jsem dohnal z\u00e1vodn\u00edka startuj\u00edc\u00edho p\u0159ede mnou a p\u0159i j\u00edzd\u011b v prachu za n\u00edm jsem m\u011bl men\u0161\u00ed p\u00e1d. Na\u0161t\u011bst\u00ed to nebylo p\u0159\u00edli\u0161 v\u00e1\u017en\u00e9, nezranil jsem se, ale musel jsem vym\u011bnit p\u00e1\u010dku spojky. Ve druh\u00e9 polovin\u011b etapy jsem ud\u011blal n\u011bkolik chyb p\u0159i navigaci, co\u017e m\u011b st\u00e1lo p\u00e1r minut,\u201c<\/em> objasnil p\u0159\u00ed\u010diny pond\u011bln\u00ed ztr\u00e1ty <strong>Luciano Benavides<\/strong>.[\/vc_column_text][vc_column_text css_animation=&#8221;fadeIn&#8221;]<\/p>\n<h4>Nen\u00e1padn\u011b vp\u0159ed<\/h4>\n<p>K t\u011bm, kte\u0159\u00ed v maratonsk\u00e9 etap\u011b dob\u0159e rozlo\u017eili s\u00edly a spr\u00e1vn\u011b po\u0161et\u0159ili techniku a obut\u00ed, pat\u0159il i Pablo Quintanilla (Husqvarna). P\u00e1t\u00fd \u010das dnes znamenal v Chilanov\u011b p\u0159\u00edpad\u011b posun z dev\u00e1t\u00e9 na \u010dtvrtou pozici.[\/vc_column_text][vc_single_image image=&#8221;12341&#8243; img_size=&#8221;large&#8221; alignment=&#8221;center&#8221; onclick=&#8221;link_image&#8221; css_animation=&#8221;fadeIn&#8221;][vc_column_text css_animation=&#8221;fadeIn&#8221;]<\/p>\n<h4>Engel maraton zvl\u00e1dl<\/h4>\n<p>Milan Engel (KTM) figuruje ve v\u00fdsledc\u00edch etapy ve t\u0159et\u00ed des\u00edtce. Jezdce t\u00fdmu Orion \u2013 Moto Racing Group dne\u0161n\u00ed etapa sv\u00fdm charakterem p\u0159ekvapila.<\/p>\n<p><em>\u201eProto\u017ee se jednalo o druhou \u010d\u00e1st maratonsk\u00e9 etapy, myslel jsem si, \u017ee p\u0159ijdou dal\u0161\u00ed duny. Ale dnes \u017e\u00e1dn\u00e9 nebyly, jelo se po rychl\u00fdch nebezpe\u010dn\u00fdch kamenit\u00fdch cest\u00e1ch. Dosahoval jsem rychlosti a\u017e 150 km\/h. Navigace byla dost zr\u00e1dn\u00e1, bloudili jsme a m\u011bl jsem probl\u00e9my s n\u011bkolika waypointy, ale snad je m\u00e1m v\u0161echny,\u201c<\/em> shrnul <strong>Milan Engel<\/strong>.<\/p>\n<p>Martin Michek v ned\u011bli upadl, kdy\u017e v rychlosti 130 km\/h trefil k\u00e1men schovan\u00fd v p\u00edsku v koleji. Prvn\u00ed \u010d\u00e1st supermaratonsk\u00e9 etapy tak dokon\u010dil s po\u0161kozen\u00fdmi naviga\u010dn\u00edmi p\u0159\u00edstroji, bez v\u00fdfuku a s po\u0161kozen\u00fdmi n\u00e1dr\u017eemi. Orion \u2013 Moto Racing Group proto po\u017e\u00e1dal organiz\u00e1tory o mo\u017enost opravy motocyklu, k n\u00ed\u017e do\u0161lo v pond\u011bl\u00ed r\u00e1no. Michek tak mohl pokra\u010dovat v sout\u011b\u017ei, by\u0165 s velkou penalizac\u00ed. Tak\u00e9 on pond\u011bln\u00ed speci\u00e1lku dokon\u010dil.[\/vc_column_text][\/vc_column][\/vc_row][vc_row css_animation=&#8221;fadeIn&#8221;][vc_column][vc_column_text css_animation=&#8221;fadeIn&#8221;]<\/p>\n<table style=\"width: 97.7654%;\" rules=\"rows\" cellpadding=\"4px\">\n<tbody>\n<tr style=\"background-color: #9e9d9d; color: white;\">\n<td style=\"text-align: center;\" colspan=\"4\"><span style=\"font-size: 10pt;\"><strong>Rallye du Maroc 2019<br \/>\nMOTOCYKLY<br \/>\npr\u016fb\u011b\u017en\u00e9 po\u0159ad\u00ed po 3. etap\u011b<\/strong><\/span><\/td>\n<\/tr>\n<tr style=\"background-color: #dbd9d9;\">\n<td>1.<\/td>\n<td>Toby Price<\/td>\n<td>KTM 450 Rally<\/td>\n<td style=\"text-align: right;\">11:57:39<\/td>\n<\/tr>\n<tr style=\"background-color: #f2f2f2;\">\n<td>2.<\/td>\n<td>Matthias Walkner<\/td>\n<td>KTM 450 Rally<\/td>\n<td style=\"text-align: right;\">+4:06<\/td>\n<\/tr>\n<tr style=\"background-color: #dbd9d9;\">\n<td>3.<\/td>\n<td>Franco Caimi<\/td>\n<td>Yamaha WR450F Rally<\/td>\n<td style=\"text-align: right;\">+6:40<\/td>\n<\/tr>\n<tr style=\"background-color: #f2f2f2;\">\n<td>4.<\/td>\n<td>Pablo Quintanilla<\/td>\n<td>Husqvarna FR 450 Rally<\/td>\n<td style=\"text-align: right;\">+6:41<\/td>\n<\/tr>\n<tr style=\"background-color: #dbd9d9;\">\n<td>5.<\/td>\n<td>Luciano Benavides<\/td>\n<td>KTM 450 Rally<\/td>\n<td style=\"text-align: right;\">+7:52<\/td>\n<\/tr>\n<tr style=\"background-color: #f2f2f2;\">\n<td>6.<\/td>\n<td>Joan Barreda<\/td>\n<td>Honda CRF450 Rally<\/td>\n<td style=\"text-align: right;\">+7:54<\/td>\n<\/tr>\n<tr style=\"background-color: #dbd9d9;\">\n<td>7.<\/td>\n<td>Andrew Short<\/td>\n<td>Husqvarna FR 450 Rally<\/td>\n<td style=\"text-align: right;\">+9:05<\/td>\n<\/tr>\n<tr style=\"background-color: #f2f2f2;\">\n<td>8.<\/td>\n<td>Ricky Brabec<\/td>\n<td>Honda CRF450 Rally<\/td>\n<td style=\"text-align: right;\">+11:43<\/td>\n<\/tr>\n<tr style=\"background-color: #dbd9d9;\">\n<td>9.<\/td>\n<td>Ross Branch<\/td>\n<td>KTM 450 Rally Replica<\/td>\n<td style=\"text-align: right;\">+14:53<\/td>\n<\/tr>\n<tr style=\"background-color: #f2f2f2;\">\n<td>10.<\/td>\n<td>Daniel Nosiglia<\/td>\n<td>Honda CRF450 Rally<\/td>\n<td style=\"text-align: right;\">+21:29<\/td>\n<\/tr>\n<tr style=\"background-color: #dbd9d9;\">\n<td>25.<\/td>\n<td>Milan Engel<\/td>\n<td>KTM 450 Rally Replica<\/td>\n<td style=\"text-align: right;\">+2:18:35<\/td>\n<\/tr>\n<\/tbody>\n<\/table>\n<p>[\/vc_column_text][\/vc_column][\/vc_row]<\/p>\n","protected":false},"excerpt":{"rendered":"<p>Toby Price a Matthias Walkner reagovali ve druh\u00e9 \u010d\u00e1sti supermaratonsk\u00e9 etapy na v\u010derej\u0161\u00ed n\u00e1stup Hondy a vybojovali pro KTM etapov\u00fd double.<\/p>\n","protected":false},"author":1,"featured_media":12287,"comment_status":"open","ping_status":"closed","sticky":false,"template":"","format":"standard","meta":{"footnotes":""},"categories":[154,15,1191],"tags":[425,236,924,129,64,761,762,230,63,758,1356,211,107,74,75,156,755,215,1192,247,126,214,168],"class_list":["post-12291","post","type-post","status-publish","format-standard","has-post-thumbnail","hentry","category-fim-ccr","category-moto-quad","category-rallye-du-maroc","tag-425","tag-adrien-van-beveren","tag-franco-caimi","tag-honda","tag-husqvarna","tag-joan-barreda","tag-jose-ignacio-cornejo","tag-kevin-benavides","tag-ktm","tag-luciano-benavides","tag-martin-michek","tag-matthias-walkner","tag-milan-engel","tag-moto-racing-group","tag-mrg","tag-ms-fim-ccr","tag-ms-fim-ccr-2019","tag-pablo-quintanilla","tag-rallye-du-maroc","tag-rallye-du-maroc-2019","tag-toby-price","tag-xavier-de-soultrait","tag-yamaha"],"yoast_head":"<!-- This site is optimized with the Yoast SEO plugin v24.9 - https:\/\/yoast.com\/wordpress\/plugins\/seo\/ -->\n<title>Du Maroc: Proti\u00fatok KTM, smoln\u00fd den Yamahy - DAKARMANIA.cz<\/title>\n<meta name=\"description\" content=\"Toby Price a Matthias Walkner reagovali ve druh\u00e9 \u010d\u00e1sti supermaratonsk\u00e9 etapy na v\u010derej\u0161\u00ed n\u00e1stup Hondy a vybojovali pro KTM etapov\u00fd double.\" \/>\n<meta name=\"robots\" content=\"index, follow, max-snippet:-1, max-image-preview:large, max-video-preview:-1\" \/>\n<link rel=\"canonical\" href=\"https:\/\/www.dakarmania.cz\/index.php\/2019\/10\/07\/maroc-protiutok-ktm\/\" \/>\n<meta property=\"og:locale\" content=\"cs_CZ\" \/>\n<meta property=\"og:type\" content=\"article\" \/>\n<meta property=\"og:title\" content=\"Du Maroc: Proti\u00fatok KTM, smoln\u00fd den Yamahy - DAKARMANIA.cz\" \/>\n<meta property=\"og:description\" content=\"Toby Price a Matthias Walkner reagovali ve druh\u00e9 \u010d\u00e1sti supermaratonsk\u00e9 etapy na v\u010derej\u0161\u00ed n\u00e1stup Hondy a vybojovali pro KTM etapov\u00fd double.\" \/>\n<meta property=\"og:url\" content=\"https:\/\/www.dakarmania.cz\/index.php\/2019\/10\/07\/maroc-protiutok-ktm\/\" \/>\n<meta property=\"og:site_name\" content=\"DAKARMANIA.cz\" \/>\n<meta property=\"article:publisher\" content=\"https:\/\/www.facebook.com\/dakarmania\/\" \/>\n<meta property=\"article:published_time\" content=\"2019-10-07T14:48:22+00:00\" \/>\n<meta property=\"article:modified_time\" content=\"2019-10-08T23:31:27+00:00\" \/>\n<meta property=\"og:image\" content=\"https:\/\/www.dakarmania.cz\/wp-content\/uploads\/2019\/10\/19-maroc-price-header-01.jpg\" \/>\n\t<meta property=\"og:image:width\" content=\"1600\" \/>\n\t<meta property=\"og:image:height\" content=\"900\" \/>\n\t<meta property=\"og:image:type\" content=\"image\/jpeg\" \/>\n<meta name=\"author\" content=\"Zden\u011bk Zelenka\" \/>\n<meta name=\"twitter:card\" content=\"summary_large_image\" \/>\n<meta name=\"twitter:label1\" content=\"Napsal(a)\" \/>\n\t<meta name=\"twitter:data1\" content=\"Zden\u011bk Zelenka\" \/>\n\t<meta name=\"twitter:label2\" content=\"Odhadovan\u00e1 doba \u010dten\u00ed\" \/>\n\t<meta name=\"twitter:data2\" content=\"7 minut\" \/>\n<script type=\"application\/ld+json\" class=\"yoast-schema-graph\">{\"@context\":\"https:\/\/schema.org\",\"@graph\":[{\"@type\":\"Article\",\"@id\":\"https:\/\/www.dakarmania.cz\/index.php\/2019\/10\/07\/maroc-protiutok-ktm\/#article\",\"isPartOf\":{\"@id\":\"https:\/\/www.dakarmania.cz\/index.php\/2019\/10\/07\/maroc-protiutok-ktm\/\"},\"author\":{\"name\":\"Zden\u011bk Zelenka\",\"@id\":\"https:\/\/www.dakarmania.cz\/#\/schema\/person\/04eb0e87a389631c2169c0dddae7ff1e\"},\"headline\":\"Du Maroc: Proti\u00fatok KTM, smoln\u00fd den Yamahy\",\"datePublished\":\"2019-10-07T14:48:22+00:00\",\"dateModified\":\"2019-10-08T23:31:27+00:00\",\"mainEntityOfPage\":{\"@id\":\"https:\/\/www.dakarmania.cz\/index.php\/2019\/10\/07\/maroc-protiutok-ktm\/\"},\"wordCount\":1459,\"commentCount\":0,\"publisher\":{\"@id\":\"https:\/\/www.dakarmania.cz\/#organization\"},\"image\":{\"@id\":\"https:\/\/www.dakarmania.cz\/index.php\/2019\/10\/07\/maroc-protiutok-ktm\/#primaryimage\"},\"thumbnailUrl\":\"https:\/\/www.dakarmania.cz\/wp-content\/uploads\/2019\/10\/19-maroc-price-header-01.jpg\",\"keywords\":[\"2019\",\"Adrien Van Beveren\",\"Franco Caimi\",\"Honda\",\"Husqvarna\",\"Joan Barreda\",\"Jos\u00e9 Ignacio Cornejo\",\"Kevin Benavides\",\"KTM\",\"Luciano Benavides\",\"Martin Michek\",\"Matthias Walkner\",\"Milan Engel\",\"Moto Racing Group\",\"MRG\",\"MS FIM CCR\",\"MS FIM CCR 2019\",\"Pablo Quintanilla\",\"Rallye du Maroc\",\"Rallye du Maroc 2019\",\"Toby Price\",\"Xavier de Soultrait\",\"Yamaha\"],\"articleSection\":[\"FIM MS CCR\",\"Moto\/Quad\",\"Rallye du Maroc\"],\"inLanguage\":\"cs\",\"potentialAction\":[{\"@type\":\"CommentAction\",\"name\":\"Comment\",\"target\":[\"https:\/\/www.dakarmania.cz\/index.php\/2019\/10\/07\/maroc-protiutok-ktm\/#respond\"]}]},{\"@type\":\"WebPage\",\"@id\":\"https:\/\/www.dakarmania.cz\/index.php\/2019\/10\/07\/maroc-protiutok-ktm\/\",\"url\":\"https:\/\/www.dakarmania.cz\/index.php\/2019\/10\/07\/maroc-protiutok-ktm\/\",\"name\":\"Du Maroc: Proti\u00fatok KTM, smoln\u00fd den Yamahy - DAKARMANIA.cz\",\"isPartOf\":{\"@id\":\"https:\/\/www.dakarmania.cz\/#website\"},\"primaryImageOfPage\":{\"@id\":\"https:\/\/www.dakarmania.cz\/index.php\/2019\/10\/07\/maroc-protiutok-ktm\/#primaryimage\"},\"image\":{\"@id\":\"https:\/\/www.dakarmania.cz\/index.php\/2019\/10\/07\/maroc-protiutok-ktm\/#primaryimage\"},\"thumbnailUrl\":\"https:\/\/www.dakarmania.cz\/wp-content\/uploads\/2019\/10\/19-maroc-price-header-01.jpg\",\"datePublished\":\"2019-10-07T14:48:22+00:00\",\"dateModified\":\"2019-10-08T23:31:27+00:00\",\"description\":\"Toby Price a Matthias Walkner reagovali ve druh\u00e9 \u010d\u00e1sti supermaratonsk\u00e9 etapy na v\u010derej\u0161\u00ed n\u00e1stup Hondy a vybojovali pro KTM etapov\u00fd double.\",\"breadcrumb\":{\"@id\":\"https:\/\/www.dakarmania.cz\/index.php\/2019\/10\/07\/maroc-protiutok-ktm\/#breadcrumb\"},\"inLanguage\":\"cs\",\"potentialAction\":[{\"@type\":\"ReadAction\",\"target\":[\"https:\/\/www.dakarmania.cz\/index.php\/2019\/10\/07\/maroc-protiutok-ktm\/\"]}]},{\"@type\":\"ImageObject\",\"inLanguage\":\"cs\",\"@id\":\"https:\/\/www.dakarmania.cz\/index.php\/2019\/10\/07\/maroc-protiutok-ktm\/#primaryimage\",\"url\":\"https:\/\/www.dakarmania.cz\/wp-content\/uploads\/2019\/10\/19-maroc-price-header-01.jpg\",\"contentUrl\":\"https:\/\/www.dakarmania.cz\/wp-content\/uploads\/2019\/10\/19-maroc-price-header-01.jpg\",\"width\":1600,\"height\":900,\"caption\":\"Toby Price, KTM 450 Rally, Red Bull KTM Factory Racing. Rallye du Maroc 2019 \u00a9 KTM\"},{\"@type\":\"BreadcrumbList\",\"@id\":\"https:\/\/www.dakarmania.cz\/index.php\/2019\/10\/07\/maroc-protiutok-ktm\/#breadcrumb\",\"itemListElement\":[{\"@type\":\"ListItem\",\"position\":1,\"name\":\"Dom\u016f\",\"item\":\"https:\/\/www.dakarmania.cz\/\"},{\"@type\":\"ListItem\",\"position\":2,\"name\":\"Du Maroc: Proti\u00fatok KTM, smoln\u00fd den Yamahy\"}]},{\"@type\":\"WebSite\",\"@id\":\"https:\/\/www.dakarmania.cz\/#website\",\"url\":\"https:\/\/www.dakarmania.cz\/\",\"name\":\"DAKARMANIA.cz\",\"description\":\"\u017dijeme Dakarem cel\u00fd rok\",\"publisher\":{\"@id\":\"https:\/\/www.dakarmania.cz\/#organization\"},\"potentialAction\":[{\"@type\":\"SearchAction\",\"target\":{\"@type\":\"EntryPoint\",\"urlTemplate\":\"https:\/\/www.dakarmania.cz\/?s={search_term_string}\"},\"query-input\":{\"@type\":\"PropertyValueSpecification\",\"valueRequired\":true,\"valueName\":\"search_term_string\"}}],\"inLanguage\":\"cs\"},{\"@type\":\"Organization\",\"@id\":\"https:\/\/www.dakarmania.cz\/#organization\",\"name\":\"DAKAR MANIA\",\"url\":\"https:\/\/www.dakarmania.cz\/\",\"logo\":{\"@type\":\"ImageObject\",\"inLanguage\":\"cs\",\"@id\":\"https:\/\/www.dakarmania.cz\/#\/schema\/logo\/image\/\",\"url\":\"https:\/\/www.dakarmania.cz\/wp-content\/uploads\/2018\/12\/Dakar-Mania-Logo-Square-Orange.png\",\"contentUrl\":\"https:\/\/www.dakarmania.cz\/wp-content\/uploads\/2018\/12\/Dakar-Mania-Logo-Square-Orange.png\",\"width\":992,\"height\":992,\"caption\":\"DAKAR MANIA\"},\"image\":{\"@id\":\"https:\/\/www.dakarmania.cz\/#\/schema\/logo\/image\/\"},\"sameAs\":[\"https:\/\/www.facebook.com\/dakarmania\/\"]},{\"@type\":\"Person\",\"@id\":\"https:\/\/www.dakarmania.cz\/#\/schema\/person\/04eb0e87a389631c2169c0dddae7ff1e\",\"name\":\"Zden\u011bk Zelenka\",\"image\":{\"@type\":\"ImageObject\",\"inLanguage\":\"cs\",\"@id\":\"https:\/\/www.dakarmania.cz\/#\/schema\/person\/image\/\",\"url\":\"https:\/\/secure.gravatar.com\/avatar\/2c80d5a4942fe0900b73cc7d3837a509d6ee0a276a2b76dac95c92bd0763a89b?s=96&d=mm&r=g\",\"contentUrl\":\"https:\/\/secure.gravatar.com\/avatar\/2c80d5a4942fe0900b73cc7d3837a509d6ee0a276a2b76dac95c92bd0763a89b?s=96&d=mm&r=g\",\"caption\":\"Zden\u011bk Zelenka\"},\"description\":\"Moji d\u011bt\u0161t\u00ed hrdinov\u00e9 se jmenovali Loprais, Moskal, Neveu, Vatanen, Rahier... A tihle borci, jejich n\u00e1sledovn\u00edci a jejich p\u0159\u00edb\u011bhy m\u011b nep\u0159estali fascinovat ani po letech, kdy jsem vyrostl a zam\u011bstn\u00e1valy m\u011b jin\u00e9 discipl\u00edny motorsportu. Proto se zrodila DAKARMANIA.\",\"url\":\"https:\/\/www.dakarmania.cz\/index.php\/author\/dakarmania\/\"}]}<\/script>\n<!-- \/ Yoast SEO plugin. -->","yoast_head_json":{"title":"Du Maroc: Proti\u00fatok KTM, smoln\u00fd den Yamahy - DAKARMANIA.cz","description":"Toby Price a Matthias Walkner reagovali ve druh\u00e9 \u010d\u00e1sti supermaratonsk\u00e9 etapy na v\u010derej\u0161\u00ed n\u00e1stup Hondy a vybojovali pro KTM etapov\u00fd double.","robots":{"index":"index","follow":"follow","max-snippet":"max-snippet:-1","max-image-preview":"max-image-preview:large","max-video-preview":"max-video-preview:-1"},"canonical":"https:\/\/www.dakarmania.cz\/index.php\/2019\/10\/07\/maroc-protiutok-ktm\/","og_locale":"cs_CZ","og_type":"article","og_title":"Du Maroc: Proti\u00fatok KTM, smoln\u00fd den Yamahy - DAKARMANIA.cz","og_description":"Toby Price a Matthias Walkner reagovali ve druh\u00e9 \u010d\u00e1sti supermaratonsk\u00e9 etapy na v\u010derej\u0161\u00ed n\u00e1stup Hondy a vybojovali pro KTM etapov\u00fd double.","og_url":"https:\/\/www.dakarmania.cz\/index.php\/2019\/10\/07\/maroc-protiutok-ktm\/","og_site_name":"DAKARMANIA.cz","article_publisher":"https:\/\/www.facebook.com\/dakarmania\/","article_published_time":"2019-10-07T14:48:22+00:00","article_modified_time":"2019-10-08T23:31:27+00:00","og_image":[{"width":1600,"height":900,"url":"https:\/\/www.dakarmania.cz\/wp-content\/uploads\/2019\/10\/19-maroc-price-header-01.jpg","type":"image\/jpeg"}],"author":"Zden\u011bk Zelenka","twitter_card":"summary_large_image","twitter_misc":{"Napsal(a)":"Zden\u011bk Zelenka","Odhadovan\u00e1 doba \u010dten\u00ed":"7 minut"},"schema":{"@context":"https:\/\/schema.org","@graph":[{"@type":"Article","@id":"https:\/\/www.dakarmania.cz\/index.php\/2019\/10\/07\/maroc-protiutok-ktm\/#article","isPartOf":{"@id":"https:\/\/www.dakarmania.cz\/index.php\/2019\/10\/07\/maroc-protiutok-ktm\/"},"author":{"name":"Zden\u011bk Zelenka","@id":"https:\/\/www.dakarmania.cz\/#\/schema\/person\/04eb0e87a389631c2169c0dddae7ff1e"},"headline":"Du Maroc: Proti\u00fatok KTM, smoln\u00fd den Yamahy","datePublished":"2019-10-07T14:48:22+00:00","dateModified":"2019-10-08T23:31:27+00:00","mainEntityOfPage":{"@id":"https:\/\/www.dakarmania.cz\/index.php\/2019\/10\/07\/maroc-protiutok-ktm\/"},"wordCount":1459,"commentCount":0,"publisher":{"@id":"https:\/\/www.dakarmania.cz\/#organization"},"image":{"@id":"https:\/\/www.dakarmania.cz\/index.php\/2019\/10\/07\/maroc-protiutok-ktm\/#primaryimage"},"thumbnailUrl":"https:\/\/www.dakarmania.cz\/wp-content\/uploads\/2019\/10\/19-maroc-price-header-01.jpg","keywords":["2019","Adrien Van Beveren","Franco Caimi","Honda","Husqvarna","Joan Barreda","Jos\u00e9 Ignacio Cornejo","Kevin Benavides","KTM","Luciano Benavides","Martin Michek","Matthias Walkner","Milan Engel","Moto Racing Group","MRG","MS FIM CCR","MS FIM CCR 2019","Pablo Quintanilla","Rallye du Maroc","Rallye du Maroc 2019","Toby Price","Xavier de Soultrait","Yamaha"],"articleSection":["FIM MS CCR","Moto\/Quad","Rallye du Maroc"],"inLanguage":"cs","potentialAction":[{"@type":"CommentAction","name":"Comment","target":["https:\/\/www.dakarmania.cz\/index.php\/2019\/10\/07\/maroc-protiutok-ktm\/#respond"]}]},{"@type":"WebPage","@id":"https:\/\/www.dakarmania.cz\/index.php\/2019\/10\/07\/maroc-protiutok-ktm\/","url":"https:\/\/www.dakarmania.cz\/index.php\/2019\/10\/07\/maroc-protiutok-ktm\/","name":"Du Maroc: Proti\u00fatok KTM, smoln\u00fd den Yamahy - DAKARMANIA.cz","isPartOf":{"@id":"https:\/\/www.dakarmania.cz\/#website"},"primaryImageOfPage":{"@id":"https:\/\/www.dakarmania.cz\/index.php\/2019\/10\/07\/maroc-protiutok-ktm\/#primaryimage"},"image":{"@id":"https:\/\/www.dakarmania.cz\/index.php\/2019\/10\/07\/maroc-protiutok-ktm\/#primaryimage"},"thumbnailUrl":"https:\/\/www.dakarmania.cz\/wp-content\/uploads\/2019\/10\/19-maroc-price-header-01.jpg","datePublished":"2019-10-07T14:48:22+00:00","dateModified":"2019-10-08T23:31:27+00:00","description":"Toby Price a Matthias Walkner reagovali ve druh\u00e9 \u010d\u00e1sti supermaratonsk\u00e9 etapy na v\u010derej\u0161\u00ed n\u00e1stup Hondy a vybojovali pro KTM etapov\u00fd double.","breadcrumb":{"@id":"https:\/\/www.dakarmania.cz\/index.php\/2019\/10\/07\/maroc-protiutok-ktm\/#breadcrumb"},"inLanguage":"cs","potentialAction":[{"@type":"ReadAction","target":["https:\/\/www.dakarmania.cz\/index.php\/2019\/10\/07\/maroc-protiutok-ktm\/"]}]},{"@type":"ImageObject","inLanguage":"cs","@id":"https:\/\/www.dakarmania.cz\/index.php\/2019\/10\/07\/maroc-protiutok-ktm\/#primaryimage","url":"https:\/\/www.dakarmania.cz\/wp-content\/uploads\/2019\/10\/19-maroc-price-header-01.jpg","contentUrl":"https:\/\/www.dakarmania.cz\/wp-content\/uploads\/2019\/10\/19-maroc-price-header-01.jpg","width":1600,"height":900,"caption":"Toby Price, KTM 450 Rally, Red Bull KTM Factory Racing. Rallye du Maroc 2019 \u00a9 KTM"},{"@type":"BreadcrumbList","@id":"https:\/\/www.dakarmania.cz\/index.php\/2019\/10\/07\/maroc-protiutok-ktm\/#breadcrumb","itemListElement":[{"@type":"ListItem","position":1,"name":"Dom\u016f","item":"https:\/\/www.dakarmania.cz\/"},{"@type":"ListItem","position":2,"name":"Du Maroc: Proti\u00fatok KTM, smoln\u00fd den Yamahy"}]},{"@type":"WebSite","@id":"https:\/\/www.dakarmania.cz\/#website","url":"https:\/\/www.dakarmania.cz\/","name":"DAKARMANIA.cz","description":"\u017dijeme Dakarem cel\u00fd rok","publisher":{"@id":"https:\/\/www.dakarmania.cz\/#organization"},"potentialAction":[{"@type":"SearchAction","target":{"@type":"EntryPoint","urlTemplate":"https:\/\/www.dakarmania.cz\/?s={search_term_string}"},"query-input":{"@type":"PropertyValueSpecification","valueRequired":true,"valueName":"search_term_string"}}],"inLanguage":"cs"},{"@type":"Organization","@id":"https:\/\/www.dakarmania.cz\/#organization","name":"DAKAR MANIA","url":"https:\/\/www.dakarmania.cz\/","logo":{"@type":"ImageObject","inLanguage":"cs","@id":"https:\/\/www.dakarmania.cz\/#\/schema\/logo\/image\/","url":"https:\/\/www.dakarmania.cz\/wp-content\/uploads\/2018\/12\/Dakar-Mania-Logo-Square-Orange.png","contentUrl":"https:\/\/www.dakarmania.cz\/wp-content\/uploads\/2018\/12\/Dakar-Mania-Logo-Square-Orange.png","width":992,"height":992,"caption":"DAKAR MANIA"},"image":{"@id":"https:\/\/www.dakarmania.cz\/#\/schema\/logo\/image\/"},"sameAs":["https:\/\/www.facebook.com\/dakarmania\/"]},{"@type":"Person","@id":"https:\/\/www.dakarmania.cz\/#\/schema\/person\/04eb0e87a389631c2169c0dddae7ff1e","name":"Zden\u011bk Zelenka","image":{"@type":"ImageObject","inLanguage":"cs","@id":"https:\/\/www.dakarmania.cz\/#\/schema\/person\/image\/","url":"https:\/\/secure.gravatar.com\/avatar\/2c80d5a4942fe0900b73cc7d3837a509d6ee0a276a2b76dac95c92bd0763a89b?s=96&d=mm&r=g","contentUrl":"https:\/\/secure.gravatar.com\/avatar\/2c80d5a4942fe0900b73cc7d3837a509d6ee0a276a2b76dac95c92bd0763a89b?s=96&d=mm&r=g","caption":"Zden\u011bk Zelenka"},"description":"Moji d\u011bt\u0161t\u00ed hrdinov\u00e9 se jmenovali Loprais, Moskal, Neveu, Vatanen, Rahier... A tihle borci, jejich n\u00e1sledovn\u00edci a jejich p\u0159\u00edb\u011bhy m\u011b nep\u0159estali fascinovat ani po letech, kdy jsem vyrostl a zam\u011bstn\u00e1valy m\u011b jin\u00e9 discipl\u00edny motorsportu. Proto se zrodila DAKARMANIA.","url":"https:\/\/www.dakarmania.cz\/index.php\/author\/dakarmania\/"}]}},"amp_enabled":true,"_links":{"self":[{"href":"https:\/\/www.dakarmania.cz\/index.php\/wp-json\/wp\/v2\/posts\/12291","targetHints":{"allow":["GET"]}}],"collection":[{"href":"https:\/\/www.dakarmania.cz\/index.php\/wp-json\/wp\/v2\/posts"}],"about":[{"href":"https:\/\/www.dakarmania.cz\/index.php\/wp-json\/wp\/v2\/types\/post"}],"author":[{"embeddable":true,"href":"https:\/\/www.dakarmania.cz\/index.php\/wp-json\/wp\/v2\/users\/1"}],"replies":[{"embeddable":true,"href":"https:\/\/www.dakarmania.cz\/index.php\/wp-json\/wp\/v2\/comments?post=12291"}],"version-history":[{"count":20,"href":"https:\/\/www.dakarmania.cz\/index.php\/wp-json\/wp\/v2\/posts\/12291\/revisions"}],"predecessor-version":[{"id":12344,"href":"https:\/\/www.dakarmania.cz\/index.php\/wp-json\/wp\/v2\/posts\/12291\/revisions\/12344"}],"wp:featuredmedia":[{"embeddable":true,"href":"https:\/\/www.dakarmania.cz\/index.php\/wp-json\/wp\/v2\/media\/12287"}],"wp:attachment":[{"href":"https:\/\/www.dakarmania.cz\/index.php\/wp-json\/wp\/v2\/media?parent=12291"}],"wp:term":[{"taxonomy":"category","embeddable":true,"href":"https:\/\/www.dakarmania.cz\/index.php\/wp-json\/wp\/v2\/categories?post=12291"},{"taxonomy":"post_tag","embeddable":true,"href":"https:\/\/www.dakarmania.cz\/index.php\/wp-json\/wp\/v2\/tags?post=12291"}],"curies":[{"name":"wp","href":"https:\/\/api.w.org\/{rel}","templated":true}]}}