{"id":12358,"date":"2019-10-08T15:36:59","date_gmt":"2019-10-08T13:36:59","guid":{"rendered":"https:\/\/www.dakarmania.cz\/?p=12358"},"modified":"2019-10-09T01:39:24","modified_gmt":"2019-10-08T23:39:24","slug":"maroc-etapa-pro-goncalvese","status":"publish","type":"post","link":"https:\/\/www.dakarmania.cz\/index.php\/2019\/10\/08\/maroc-etapa-pro-goncalvese\/","title":{"rendered":"Du Maroc: Etapa pro Gon\u00e7alvese, nov\u00fdm leaderem Short"},"content":{"rendered":"<p>[vc_row css_animation=&#8221;fadeIn&#8221;][vc_column][vc_column_text css_animation=&#8221;fadeIn&#8221;]<\/p>\n<h4>P\u0159edposledn\u00ed etapa Marock\u00e9 rally znovu d\u016fkladn\u011b zam\u00edchala po\u0159ad\u00edm na \u0161pici kategorie motocyklist\u016f. \u010ctvrt\u00fd \u010das dne vynesl do \u010dela Andrewa Shorta s tov\u00e1rn\u00ed Husqvarnou.<\/h4>\n<p>Ve \u010dtvrt\u00e9 etap\u011b <a href=\"\/index.php\/souteze\/maroc-2019\/\">Rallye du Maroc 2019<\/a> \u010dekala na \u00fa\u010dastn\u00edky mistrovstv\u00ed sv\u011bta FIM stejn\u00e1 porce ostr\u00fdch kilometr\u016f jako na z\u00e1vodn\u00edky v kategori\u00edch Open. Po\u0159adatel\u00e9 se rozhodli \u00fatern\u00ed speci\u00e1lku zkr\u00e1tit z p\u016fvodn\u011b pl\u00e1novan\u00fdch 409 na 311 kilometr\u016f. Jezdci se museli vypo\u0159\u00e1dat s kamenit\u00fdmi \u00faseky, \u0159e\u010di\u0161ti, dunami, rychl\u00fdmi pistami i velbloud\u00ed travou.<\/p>\n<p>Stejn\u011b jako <a href=\"\/index.php\/2019\/10\/07\/maroc-protiutok-ktm\/\">v\u010dera<\/a> byl roadbook distribuov\u00e1n a\u017e t\u011bsn\u011b p\u0159ed startem. Rozd\u00edl byl jen v tom, \u017ee jej z\u00e1vodn\u00edci dostali k dispozici 25 minut p\u0159ed odjezdem na tra\u0165, tedy o deset minut d\u0159\u00edve ne\u017e v pond\u011bl\u00ed.[\/vc_column_text][\/vc_column][\/vc_row][vc_row css_animation=&#8221;fadeIn&#8221; css=&#8221;.vc_custom_1570266365162{background-color: #f2f2f2 !important;}&#8221;][vc_column width=&#8221;1\/2&#8243;][vc_column_text css_animation=&#8221;fadeIn&#8221;]<\/p>\n<h4>\u201eSpeedy\u201c Gon\u00e7alves potvrdil p\u0159ezd\u00edvku<\/h4>\n<p>Po sp\u00ed\u0161e nev\u00fdrazn\u00fdch v\u00fdkonech sv\u00fdch jezdc\u016f v dosavadn\u00edm pr\u016fb\u011bhu sout\u011b\u017ee maj\u00ed kone\u010dn\u011b d\u016fvod k radosti v t\u00e1bo\u0159e t\u00fdmu Hero MotoSports. Ze zadn\u00edch pozic dnes za\u00fato\u010dil Paulo Gon\u00e7alves. Zku\u0161en\u00fd Portugalec vyr\u00e1\u017eel na tra\u0165 a\u017e jako osmn\u00e1ct\u00fd a m\u011bl tak do jist\u00e9 m\u00edry p\u0159ehled o po\u010d\u00edn\u00e1n\u00ed d\u0159\u00edve startuj\u00edc\u00edch soupe\u0159\u016f.[\/vc_column_text][vc_single_image image=&#8221;12115&#8243; img_size=&#8221;large&#8221; alignment=&#8221;center&#8221; onclick=&#8221;link_image&#8221; css_animation=&#8221;fadeIn&#8221;][\/vc_column][vc_column width=&#8221;1\/2&#8243;][vc_column_text css_animation=&#8221;fadeIn&#8221;]Speci\u00e1lku zdolal za t\u0159i hodiny a 37 minut. O rovnou minutu porazil dnes druh\u00e9ho Rickyho Brabeca z tov\u00e1rn\u00edho t\u00fdmu Honda, kter\u00fd Gon\u00e7alves letos na ja\u0159e opustil.<\/p>\n<p><em>\u201eKone\u010dn\u011b jsem si p\u0159ipsal dobr\u00fd v\u00fdsledek. Speci\u00e1lku jsem zvl\u00e1dl bez chyb p\u0159i navigaci a d\u00edky tomu jsem mohl uk\u00e1zat s\u00edlu na\u0161eho t\u00fdmu,\u201c<\/em> radoval se <strong>Paulo Gon\u00e7alves<\/strong>. <em>\u201eZb\u00fdv\u00e1 posledn\u00ed den z\u00e1vodu. D\u00e1l testujeme odolnost na\u0161\u00ed motorky. M\u00e1me za sebou 1500 kilometr\u016f a v\u0161echno je v\u00fdborn\u00e9. Te\u010f jde jen o to, abychom z\u00edtra bezpe\u010dn\u011b dojeli do Fezu. D\u011bkuji t\u00fdmu za trp\u011blivost. Prvn\u00ed t\u0159i etapy pro n\u00e1s byly komplikovan\u00e9, ale nevzdali jsme se a nakonec jsme dos\u00e1hli dobr\u00e9ho v\u00fdsledku.\u201c<\/em><\/p>\n<p>A co \u0159\u00edk\u00e1 v\u00edt\u011bz etapy na nov\u00fd syst\u00e9m distribuce roadbooku? <em>\u201eZ m\u00e9ho pohledu je to lep\u0161\u00ed. Bez \u201amapman\u016f\u2018 t\u00fdm\u016fm odpad\u00e1 dal\u0161\u00ed z\u00e1vod, v n\u011bm\u017e \u0161lo o to, kdo z\u00edsk\u00e1 lep\u0161\u00edho odborn\u00edka na tuto \u010dinnost. Jedn\u00e1 se o n\u00e1vrat k podstat\u011b cross-country rally. Lid\u00e9, kte\u0159\u00ed p\u00ed\u0161\u00ed roadbook, sice maj\u00ed velikou zodpov\u011bdnost, proto\u017ee mus\u00ed p\u0159ipravit perfektn\u00ed itiner\u00e1\u0159, ale se jim to povede, pak je to pro rally perfektn\u00ed cesta.\u201c<\/em>[\/vc_column_text][\/vc_column][\/vc_row][vc_row css_animation=&#8221;fadeIn&#8221;][vc_column width=&#8221;1\/2&#8243;][vc_column_text css_animation=&#8221;fadeIn&#8221;]<\/p>\n<h4><strong>Husqvarna na \u0161pici<\/strong><\/h4>\n<p>Andrew Short sice st\u00e1le pat\u0159\u00ed mezi tov\u00e1rn\u00edmi jezdci k t\u011bm m\u00e9n\u011b zku\u0161en\u00fdm, nicm\u00e9n\u011b leto\u0161n\u00ed sezona znamen\u00e1 pro Ameri\u010dana velk\u00fd posun vp\u0159ed. Druh\u00fd mu\u017e pr\u016fb\u011b\u017en\u00e9ho hodnocen\u00ed mistrovstv\u00ed sv\u011bta si dnes p\u0159ipsal t\u0159et\u00ed \u010das (+1:31 min) a ujal se veden\u00ed v pr\u016fb\u011b\u017en\u00e9 klasifikaci, p\u0159esto\u017ee nepro\u017eil v\u016fbec jednoduch\u00fd den.[\/vc_column_text][vc_single_image image=&#8221;12422&#8243; img_size=&#8221;large&#8221; alignment=&#8221;center&#8221; onclick=&#8221;link_image&#8221; css_animation=&#8221;fadeIn&#8221;][vc_column_text css_animation=&#8221;fadeIn&#8221;]<em>\u201eOd za\u010d\u00e1tku jsem jel rychle a v p\u00edsku a dun\u00e1ch jsem p\u0159ejel p\u00e1r kluk\u016f. P\u0159ed dotankov\u00e1n\u00edm se n\u011bco d\u011blo s mou motorkou, kter\u00e1 hodn\u011b vibrovala. Nav\u00edc roadbook byl v t\u00e9to pas\u00e1\u017ei opravdu komplikovan\u00fd. \u00dapln\u011b jsem se zamotal a ztratil. St\u00e1l jsem na kopci a rozhl\u00ed\u017eel se, jestli neuvid\u00edm tankovac\u00ed z\u00f3nu. Nic jsem nevid\u011bl a musel jsem se pt\u00e1t m\u00edstn\u00edho \u010dlov\u011bka, kter\u00fd m\u011b poslal spr\u00e1vn\u00fdm sm\u011brem,\u201c<\/em> l\u00ed\u010dil <strong>Andrew Short<\/strong>. <em>\u201eJsem r\u00e1d, \u017ee dne\u0161n\u00ed etapu zkr\u00e1tili. Kdyby to neud\u011blali, nejsem si jist\u00fd, \u017ee bych dojel do c\u00edle.\u201c<\/em><\/p>\n<p>Na druh\u00e9 m\u00edsto celkov\u011b se posunul dnes \u010dtvrt\u00fd (+4:20 min) Pablo Quintanilla. P\u0159ed z\u00e1v\u011bre\u010dnou etapou d\u011bl\u00ed oba jezdce tov\u00e1rn\u00edho t\u00fdmu Husqvarna pouh\u00fdch 28 sekund. T\u0159et\u00ed Brabec ztr\u00e1c\u00ed 2:06 min.[\/vc_column_text][\/vc_column][vc_column width=&#8221;1\/2&#8243;][vc_column_text css_animation=&#8221;fadeIn&#8221;]<\/p>\n<h4>Price bloudil, Walkner upadl<\/h4>\n<p>Toby Price a Matthias Walkner (oba KTM), kte\u0159\u00ed je\u0161t\u011b r\u00e1no figurovali na prvn\u00edch dvou pozic\u00edch, dnes obsadili a\u017e 14., resp. 15. m\u00edsto a v pr\u016fb\u011b\u017en\u00e9m po\u0159ad\u00ed klesli na p\u00e1tou a sedmou pozici, kdy\u017e se p\u0159ed n\u011b krom\u011b jezdc\u016f Husqvarny dostali tak\u00e9 Brabec a Barreda na Hond\u00e1ch.<\/p>\n<p><em>\u201eR\u00e1no to \u0161lo dob\u0159e, ale p\u0159ed dotankov\u00e1n\u00edm nebyly v roadbooku informace, kter\u00e9 jsme pot\u0159ebovali, a cestu, kter\u00e1 tam m\u011bla b\u00fdt, spl\u00e1chla voda,\u201c<\/em> upozornil <strong>Toby Price<\/strong>, kter\u00fd jel jako prvn\u00ed. <em>\u201eSna\u017eil jsem se to vy\u0159e\u0161it a ztratil jsem t\u00edm spoustu \u010dasu.\u201c<\/em>[\/vc_column_text][vc_single_image image=&#8221;12390&#8243; img_size=&#8221;large&#8221; alignment=&#8221;center&#8221; onclick=&#8221;link_image&#8221; css_animation=&#8221;fadeIn&#8221;][vc_column_text css_animation=&#8221;fadeIn&#8221;]Je\u0161t\u011b hor\u0161\u00ed den pro\u017eil <strong>Matthias Walkner:<\/strong> <em>\u201eP\u0159i p\u00e1du jsem si trochu poranil rameno a koleno, ale mohl jsem pokra\u010dovat. Podobn\u011b jako v p\u0159edchoz\u00edch dnech jsme kv\u016fli n\u011bkolika probl\u00e9m\u016fm s roadbookem ztratili spoustu \u010dasu v porovn\u00e1n\u00ed s jezdci startuj\u00edc\u00edmi pozd\u011bji. Ti jsou v\u017edycky ve v\u00fdhod\u011b, ale je frustruj\u00edc\u00ed, kdy\u017e ji z\u00edsk\u00e1vaj\u00ed proto, \u017ee v roadbooku n\u011bco chyb\u00ed.\u201c<\/em><\/p>\n<p>Nejlep\u0161\u00edm z jezdc\u016f KTM byl tentokr\u00e1t t\u0159in\u00e1ct\u00fd Luciano Benavides. V celkov\u00e9m sou\u010dtu se Argentinec za\u0159adil mezi t\u00fdmov\u00e9 kolegy na \u0161est\u00e9 m\u00edsto.[\/vc_column_text][\/vc_column][\/vc_row][vc_row css_animation=&#8221;fadeIn&#8221;][vc_column width=&#8221;1\/2&#8243;][vc_column_text css_animation=&#8221;fadeIn&#8221;]<\/p>\n<h4>\u010ce\u0161i ve t\u0159et\u00ed des\u00edtce<\/h4>\n<p>\u010ctvrtou etapu zd\u00e1rn\u011b zdolali tak\u00e9 oba \u010de\u0161t\u00ed z\u00e1vodn\u00edci t\u00fdmu Orion \u2013 Moto Racing Group. Zku\u0161en\u011bj\u0161\u00ed Milan Engel byl \u010dty\u0159iadvac\u00e1t\u00fd (+38:24), Martin Michek figuruje ve v\u00fdsledc\u00edch dne o dv\u011b p\u0159\u00ed\u010dky n\u00ed\u017ee (+49:29).[\/vc_column_text][\/vc_column][vc_column width=&#8221;1\/2&#8243;][vc_column_text css_animation=&#8221;fadeIn&#8221;]<em>\u201eEtapa byla dost rychl\u00e1, jelo se mi dob\u0159e. Nasadil jsem tempo, dojel jsem dva jezdce, ale bloudil jsem p\u0159ed tankova\u010dkou, kde jsem netrefil jednu pistu a jel jsem do \u00fapln\u011b jin\u00e9 vesnice. V d\u00e1lce jsem ale vid\u011bl tankova\u010dku, tak jsem k n\u00ed upaloval voln\u00fdm ter\u00e9nem. Posledn\u00edch 70 kilometr\u016f jsem pak jel na jistotu a pohodov\u011b. M\u011bl jsem strach o motorku. V\u010dera tekl olej, ale dnes je to \u010dist\u00e9, tak\u017ee m\u016f\u017eu jet s klidnou hlavou d\u00e1l. T\u011b\u0161\u00edm se na z\u00edt\u0159ej\u0161\u00ed posledn\u00ed etapu. Akor\u00e1t rann\u00ed p\u0159ejezd p\u0159es Atlas bude studen\u00fd, tak\u017ee se mus\u00edm po\u0159\u00e1dn\u011b obl\u00e9ct,\u201c<\/em> shrnul <strong>Milan Engel<\/strong>.[\/vc_column_text][\/vc_column][\/vc_row][vc_row][vc_column][vc_column_text]<\/p>\n<table style=\"width: 97.7654%;\" rules=\"rows\" cellpadding=\"4px\">\n<tbody>\n<tr style=\"background-color: #9e9d9d; color: white;\">\n<td style=\"text-align: center;\" colspan=\"4\"><span style=\"font-size: 10pt;\"><strong>Rallye du Maroc 2019<br \/>\nMOTOCYKLY<br \/>\npr\u016fb\u011b\u017en\u00e9 po\u0159ad\u00ed po 4. etap\u011b<\/strong><\/span><\/td>\n<\/tr>\n<tr style=\"background-color: #dbd9d9;\">\n<td>1.<\/td>\n<td>Andrew Short<\/td>\n<td>Husqvarna FR 450 Rally<\/td>\n<td style=\"text-align: right;\">15:45:25<\/td>\n<\/tr>\n<tr style=\"background-color: #f2f2f2;\">\n<td>2.<\/td>\n<td>Pablo Quintanilla<\/td>\n<td>Husqvarna FR 450 Rally<\/td>\n<td style=\"text-align: right;\">+0:28<\/td>\n<\/tr>\n<tr style=\"background-color: #dbd9d9;\">\n<td>3.<\/td>\n<td>Ricky Brabec<\/td>\n<td>Honda CRF450 Rally<\/td>\n<td style=\"text-align: right;\">+2:06<\/td>\n<\/tr>\n<tr style=\"background-color: #f2f2f2;\">\n<td>4.<\/td>\n<td>Joan Barreda<\/td>\n<td>Honda CRF450 Rally<\/td>\n<td style=\"text-align: right;\">+5:04<\/td>\n<\/tr>\n<tr style=\"background-color: #dbd9d9;\">\n<td>5.<\/td>\n<td>Toby Price<\/td>\n<td>KTM 450 Rally<\/td>\n<td style=\"text-align: right;\">+8:05<\/td>\n<\/tr>\n<tr style=\"background-color: #f2f2f2;\">\n<td>6.<\/td>\n<td>Luciano Benavides<\/td>\n<td>KTM 450 Rally<\/td>\n<td style=\"text-align: right;\">+9:21<\/td>\n<\/tr>\n<tr style=\"background-color: #dbd9d9;\">\n<td>7.<\/td>\n<td>Matthias Walkner<\/td>\n<td>KTM 450 Rally<\/td>\n<td style=\"text-align: right;\">+9:21<\/td>\n<\/tr>\n<tr style=\"background-color: #f2f2f2;\">\n<td>8.<\/td>\n<td>Ross Branch<\/td>\n<td>KTM 450 Rally Replica<\/td>\n<td style=\"text-align: right;\">+12:02<\/td>\n<\/tr>\n<tr style=\"background-color: #dbd9d9;\">\n<td>9.<\/td>\n<td>Franco Caimi<\/td>\n<td>Yamaha WR450F Rally<\/td>\n<td style=\"text-align: right;\">+18:05<\/td>\n<\/tr>\n<tr style=\"background-color: #f2f2f2;\">\n<td>10.<\/td>\n<td>Kevin Benavides<\/td>\n<td>Honda CRF450 Rally<\/td>\n<td style=\"text-align: right;\">+20:13<\/td>\n<\/tr>\n<tr style=\"background-color: #dbd9d9;\">\n<td>24.<\/td>\n<td>Milan Engel<\/td>\n<td>KTM 450 Rally Replica<\/td>\n<td style=\"text-align: right;\">+2:46:16<\/td>\n<\/tr>\n<tr style=\"background-color: #f2f2f2;\">\n<td>36.<\/td>\n<td>Martin Michek<\/td>\n<td>KTM 450 Rally Replica<\/td>\n<td style=\"text-align: right;\">+8:03:19<\/td>\n<\/tr>\n<\/tbody>\n<\/table>\n<p>[\/vc_column_text][\/vc_column][\/vc_row]<\/p>\n","protected":false},"excerpt":{"rendered":"<p>P\u0159edposledn\u00ed etapa Marock\u00e9 rally znovu zam\u00edchala po\u0159ad\u00edm na \u0161pici motocyklist\u016f. \u010ctvrt\u00fd \u010das dne vynesl do \u010dela Pabla Quintanillu s tov\u00e1rn\u00ed Husqvarnou.<\/p>\n","protected":false},"author":1,"featured_media":12356,"comment_status":"open","ping_status":"closed","sticky":false,"template":"","format":"standard","meta":{"footnotes":""},"categories":[154,15,1191],"tags":[425,757,1172,820,129,64,63,758,1356,211,107,74,75,156,755,215,128,1192,247,222,126],"class_list":["post-12358","post","type-post","status-publish","format-standard","has-post-thumbnail","hentry","category-fim-ccr","category-moto-quad","category-rallye-du-maroc","tag-425","tag-andrew-short","tag-hero","tag-hero-motosports","tag-honda","tag-husqvarna","tag-ktm","tag-luciano-benavides","tag-martin-michek","tag-matthias-walkner","tag-milan-engel","tag-moto-racing-group","tag-mrg","tag-ms-fim-ccr","tag-ms-fim-ccr-2019","tag-pablo-quintanilla","tag-paulo-goncalves","tag-rallye-du-maroc","tag-rallye-du-maroc-2019","tag-ricky-brabec","tag-toby-price"],"yoast_head":"<!-- This site is optimized with the Yoast SEO plugin v24.9 - https:\/\/yoast.com\/wordpress\/plugins\/seo\/ -->\n<title>Du Maroc: Etapa pro Gon\u00e7alvese, nov\u00fdm leaderem Short - DAKARMANIA.cz<\/title>\n<meta name=\"description\" content=\"P\u0159edposledn\u00ed etapa Marock\u00e9 rally znovu zam\u00edchala po\u0159ad\u00edm na \u0161pici motocyklist\u016f. \u010ctvrt\u00fd \u010das dne vynesl do \u010dela Pabla Quintanillu s tov\u00e1rn\u00ed Husqvarnou.\" \/>\n<meta name=\"robots\" content=\"index, follow, max-snippet:-1, max-image-preview:large, max-video-preview:-1\" \/>\n<link rel=\"canonical\" href=\"https:\/\/www.dakarmania.cz\/index.php\/2019\/10\/08\/maroc-etapa-pro-goncalvese\/\" \/>\n<meta property=\"og:locale\" content=\"cs_CZ\" \/>\n<meta property=\"og:type\" content=\"article\" \/>\n<meta property=\"og:title\" content=\"Du Maroc: Etapa pro Gon\u00e7alvese, nov\u00fdm leaderem Short - DAKARMANIA.cz\" \/>\n<meta property=\"og:description\" content=\"P\u0159edposledn\u00ed etapa Marock\u00e9 rally znovu zam\u00edchala po\u0159ad\u00edm na \u0161pici motocyklist\u016f. \u010ctvrt\u00fd \u010das dne vynesl do \u010dela Pabla Quintanillu s tov\u00e1rn\u00ed Husqvarnou.\" \/>\n<meta property=\"og:url\" content=\"https:\/\/www.dakarmania.cz\/index.php\/2019\/10\/08\/maroc-etapa-pro-goncalvese\/\" \/>\n<meta property=\"og:site_name\" content=\"DAKARMANIA.cz\" \/>\n<meta property=\"article:publisher\" content=\"https:\/\/www.facebook.com\/dakarmania\/\" \/>\n<meta property=\"article:published_time\" content=\"2019-10-08T13:36:59+00:00\" \/>\n<meta property=\"article:modified_time\" content=\"2019-10-08T23:39:24+00:00\" \/>\n<meta property=\"og:image\" content=\"https:\/\/www.dakarmania.cz\/wp-content\/uploads\/2019\/10\/19-maroc-goncalves-header-01.jpg\" \/>\n\t<meta property=\"og:image:width\" content=\"1600\" \/>\n\t<meta property=\"og:image:height\" content=\"901\" \/>\n\t<meta property=\"og:image:type\" content=\"image\/jpeg\" \/>\n<meta name=\"author\" content=\"Zden\u011bk Zelenka\" \/>\n<meta name=\"twitter:card\" content=\"summary_large_image\" \/>\n<meta name=\"twitter:label1\" content=\"Napsal(a)\" \/>\n\t<meta name=\"twitter:data1\" content=\"Zden\u011bk Zelenka\" \/>\n\t<meta name=\"twitter:label2\" content=\"Odhadovan\u00e1 doba \u010dten\u00ed\" \/>\n\t<meta name=\"twitter:data2\" content=\"7 minut\" \/>\n<script type=\"application\/ld+json\" class=\"yoast-schema-graph\">{\"@context\":\"https:\/\/schema.org\",\"@graph\":[{\"@type\":\"Article\",\"@id\":\"https:\/\/www.dakarmania.cz\/index.php\/2019\/10\/08\/maroc-etapa-pro-goncalvese\/#article\",\"isPartOf\":{\"@id\":\"https:\/\/www.dakarmania.cz\/index.php\/2019\/10\/08\/maroc-etapa-pro-goncalvese\/\"},\"author\":{\"name\":\"Zden\u011bk Zelenka\",\"@id\":\"https:\/\/www.dakarmania.cz\/#\/schema\/person\/04eb0e87a389631c2169c0dddae7ff1e\"},\"headline\":\"Du Maroc: Etapa pro Gon\u00e7alvese, nov\u00fdm leaderem Short\",\"datePublished\":\"2019-10-08T13:36:59+00:00\",\"dateModified\":\"2019-10-08T23:39:24+00:00\",\"mainEntityOfPage\":{\"@id\":\"https:\/\/www.dakarmania.cz\/index.php\/2019\/10\/08\/maroc-etapa-pro-goncalvese\/\"},\"wordCount\":1339,\"commentCount\":0,\"publisher\":{\"@id\":\"https:\/\/www.dakarmania.cz\/#organization\"},\"image\":{\"@id\":\"https:\/\/www.dakarmania.cz\/index.php\/2019\/10\/08\/maroc-etapa-pro-goncalvese\/#primaryimage\"},\"thumbnailUrl\":\"https:\/\/www.dakarmania.cz\/wp-content\/uploads\/2019\/10\/19-maroc-goncalves-header-01.jpg\",\"keywords\":[\"2019\",\"Andrew Short\",\"Hero\",\"Hero MotoSports\",\"Honda\",\"Husqvarna\",\"KTM\",\"Luciano Benavides\",\"Martin Michek\",\"Matthias Walkner\",\"Milan Engel\",\"Moto Racing Group\",\"MRG\",\"MS FIM CCR\",\"MS FIM CCR 2019\",\"Pablo Quintanilla\",\"Paulo Gon\u00e7alves\",\"Rallye du Maroc\",\"Rallye du Maroc 2019\",\"Ricky Brabec\",\"Toby Price\"],\"articleSection\":[\"FIM MS CCR\",\"Moto\/Quad\",\"Rallye du Maroc\"],\"inLanguage\":\"cs\",\"potentialAction\":[{\"@type\":\"CommentAction\",\"name\":\"Comment\",\"target\":[\"https:\/\/www.dakarmania.cz\/index.php\/2019\/10\/08\/maroc-etapa-pro-goncalvese\/#respond\"]}]},{\"@type\":\"WebPage\",\"@id\":\"https:\/\/www.dakarmania.cz\/index.php\/2019\/10\/08\/maroc-etapa-pro-goncalvese\/\",\"url\":\"https:\/\/www.dakarmania.cz\/index.php\/2019\/10\/08\/maroc-etapa-pro-goncalvese\/\",\"name\":\"Du Maroc: Etapa pro Gon\u00e7alvese, nov\u00fdm leaderem Short - DAKARMANIA.cz\",\"isPartOf\":{\"@id\":\"https:\/\/www.dakarmania.cz\/#website\"},\"primaryImageOfPage\":{\"@id\":\"https:\/\/www.dakarmania.cz\/index.php\/2019\/10\/08\/maroc-etapa-pro-goncalvese\/#primaryimage\"},\"image\":{\"@id\":\"https:\/\/www.dakarmania.cz\/index.php\/2019\/10\/08\/maroc-etapa-pro-goncalvese\/#primaryimage\"},\"thumbnailUrl\":\"https:\/\/www.dakarmania.cz\/wp-content\/uploads\/2019\/10\/19-maroc-goncalves-header-01.jpg\",\"datePublished\":\"2019-10-08T13:36:59+00:00\",\"dateModified\":\"2019-10-08T23:39:24+00:00\",\"description\":\"P\u0159edposledn\u00ed etapa Marock\u00e9 rally znovu zam\u00edchala po\u0159ad\u00edm na \u0161pici motocyklist\u016f. \u010ctvrt\u00fd \u010das dne vynesl do \u010dela Pabla Quintanillu s tov\u00e1rn\u00ed Husqvarnou.\",\"breadcrumb\":{\"@id\":\"https:\/\/www.dakarmania.cz\/index.php\/2019\/10\/08\/maroc-etapa-pro-goncalvese\/#breadcrumb\"},\"inLanguage\":\"cs\",\"potentialAction\":[{\"@type\":\"ReadAction\",\"target\":[\"https:\/\/www.dakarmania.cz\/index.php\/2019\/10\/08\/maroc-etapa-pro-goncalvese\/\"]}]},{\"@type\":\"ImageObject\",\"inLanguage\":\"cs\",\"@id\":\"https:\/\/www.dakarmania.cz\/index.php\/2019\/10\/08\/maroc-etapa-pro-goncalvese\/#primaryimage\",\"url\":\"https:\/\/www.dakarmania.cz\/wp-content\/uploads\/2019\/10\/19-maroc-goncalves-header-01.jpg\",\"contentUrl\":\"https:\/\/www.dakarmania.cz\/wp-content\/uploads\/2019\/10\/19-maroc-goncalves-header-01.jpg\",\"width\":1600,\"height\":901,\"caption\":\"Paulo Gon\u00e7alves, Hero 450 Rally, Hero MotoSports Team Rally. Rallye du Maroc 2019. \u00a9 RDM Media\"},{\"@type\":\"BreadcrumbList\",\"@id\":\"https:\/\/www.dakarmania.cz\/index.php\/2019\/10\/08\/maroc-etapa-pro-goncalvese\/#breadcrumb\",\"itemListElement\":[{\"@type\":\"ListItem\",\"position\":1,\"name\":\"Dom\u016f\",\"item\":\"https:\/\/www.dakarmania.cz\/\"},{\"@type\":\"ListItem\",\"position\":2,\"name\":\"Du Maroc: Etapa pro Gon\u00e7alvese, nov\u00fdm leaderem Short\"}]},{\"@type\":\"WebSite\",\"@id\":\"https:\/\/www.dakarmania.cz\/#website\",\"url\":\"https:\/\/www.dakarmania.cz\/\",\"name\":\"DAKARMANIA.cz\",\"description\":\"\u017dijeme Dakarem cel\u00fd rok\",\"publisher\":{\"@id\":\"https:\/\/www.dakarmania.cz\/#organization\"},\"potentialAction\":[{\"@type\":\"SearchAction\",\"target\":{\"@type\":\"EntryPoint\",\"urlTemplate\":\"https:\/\/www.dakarmania.cz\/?s={search_term_string}\"},\"query-input\":{\"@type\":\"PropertyValueSpecification\",\"valueRequired\":true,\"valueName\":\"search_term_string\"}}],\"inLanguage\":\"cs\"},{\"@type\":\"Organization\",\"@id\":\"https:\/\/www.dakarmania.cz\/#organization\",\"name\":\"DAKAR MANIA\",\"url\":\"https:\/\/www.dakarmania.cz\/\",\"logo\":{\"@type\":\"ImageObject\",\"inLanguage\":\"cs\",\"@id\":\"https:\/\/www.dakarmania.cz\/#\/schema\/logo\/image\/\",\"url\":\"https:\/\/www.dakarmania.cz\/wp-content\/uploads\/2018\/12\/Dakar-Mania-Logo-Square-Orange.png\",\"contentUrl\":\"https:\/\/www.dakarmania.cz\/wp-content\/uploads\/2018\/12\/Dakar-Mania-Logo-Square-Orange.png\",\"width\":992,\"height\":992,\"caption\":\"DAKAR MANIA\"},\"image\":{\"@id\":\"https:\/\/www.dakarmania.cz\/#\/schema\/logo\/image\/\"},\"sameAs\":[\"https:\/\/www.facebook.com\/dakarmania\/\"]},{\"@type\":\"Person\",\"@id\":\"https:\/\/www.dakarmania.cz\/#\/schema\/person\/04eb0e87a389631c2169c0dddae7ff1e\",\"name\":\"Zden\u011bk Zelenka\",\"image\":{\"@type\":\"ImageObject\",\"inLanguage\":\"cs\",\"@id\":\"https:\/\/www.dakarmania.cz\/#\/schema\/person\/image\/\",\"url\":\"https:\/\/secure.gravatar.com\/avatar\/2c80d5a4942fe0900b73cc7d3837a509d6ee0a276a2b76dac95c92bd0763a89b?s=96&d=mm&r=g\",\"contentUrl\":\"https:\/\/secure.gravatar.com\/avatar\/2c80d5a4942fe0900b73cc7d3837a509d6ee0a276a2b76dac95c92bd0763a89b?s=96&d=mm&r=g\",\"caption\":\"Zden\u011bk Zelenka\"},\"description\":\"Moji d\u011bt\u0161t\u00ed hrdinov\u00e9 se jmenovali Loprais, Moskal, Neveu, Vatanen, Rahier... A tihle borci, jejich n\u00e1sledovn\u00edci a jejich p\u0159\u00edb\u011bhy m\u011b nep\u0159estali fascinovat ani po letech, kdy jsem vyrostl a zam\u011bstn\u00e1valy m\u011b jin\u00e9 discipl\u00edny motorsportu. Proto se zrodila DAKARMANIA.\",\"url\":\"https:\/\/www.dakarmania.cz\/index.php\/author\/dakarmania\/\"}]}<\/script>\n<!-- \/ Yoast SEO plugin. -->","yoast_head_json":{"title":"Du Maroc: Etapa pro Gon\u00e7alvese, nov\u00fdm leaderem Short - DAKARMANIA.cz","description":"P\u0159edposledn\u00ed etapa Marock\u00e9 rally znovu zam\u00edchala po\u0159ad\u00edm na \u0161pici motocyklist\u016f. \u010ctvrt\u00fd \u010das dne vynesl do \u010dela Pabla Quintanillu s tov\u00e1rn\u00ed Husqvarnou.","robots":{"index":"index","follow":"follow","max-snippet":"max-snippet:-1","max-image-preview":"max-image-preview:large","max-video-preview":"max-video-preview:-1"},"canonical":"https:\/\/www.dakarmania.cz\/index.php\/2019\/10\/08\/maroc-etapa-pro-goncalvese\/","og_locale":"cs_CZ","og_type":"article","og_title":"Du Maroc: Etapa pro Gon\u00e7alvese, nov\u00fdm leaderem Short - DAKARMANIA.cz","og_description":"P\u0159edposledn\u00ed etapa Marock\u00e9 rally znovu zam\u00edchala po\u0159ad\u00edm na \u0161pici motocyklist\u016f. \u010ctvrt\u00fd \u010das dne vynesl do \u010dela Pabla Quintanillu s tov\u00e1rn\u00ed Husqvarnou.","og_url":"https:\/\/www.dakarmania.cz\/index.php\/2019\/10\/08\/maroc-etapa-pro-goncalvese\/","og_site_name":"DAKARMANIA.cz","article_publisher":"https:\/\/www.facebook.com\/dakarmania\/","article_published_time":"2019-10-08T13:36:59+00:00","article_modified_time":"2019-10-08T23:39:24+00:00","og_image":[{"width":1600,"height":901,"url":"https:\/\/www.dakarmania.cz\/wp-content\/uploads\/2019\/10\/19-maroc-goncalves-header-01.jpg","type":"image\/jpeg"}],"author":"Zden\u011bk Zelenka","twitter_card":"summary_large_image","twitter_misc":{"Napsal(a)":"Zden\u011bk Zelenka","Odhadovan\u00e1 doba \u010dten\u00ed":"7 minut"},"schema":{"@context":"https:\/\/schema.org","@graph":[{"@type":"Article","@id":"https:\/\/www.dakarmania.cz\/index.php\/2019\/10\/08\/maroc-etapa-pro-goncalvese\/#article","isPartOf":{"@id":"https:\/\/www.dakarmania.cz\/index.php\/2019\/10\/08\/maroc-etapa-pro-goncalvese\/"},"author":{"name":"Zden\u011bk Zelenka","@id":"https:\/\/www.dakarmania.cz\/#\/schema\/person\/04eb0e87a389631c2169c0dddae7ff1e"},"headline":"Du Maroc: Etapa pro Gon\u00e7alvese, nov\u00fdm leaderem Short","datePublished":"2019-10-08T13:36:59+00:00","dateModified":"2019-10-08T23:39:24+00:00","mainEntityOfPage":{"@id":"https:\/\/www.dakarmania.cz\/index.php\/2019\/10\/08\/maroc-etapa-pro-goncalvese\/"},"wordCount":1339,"commentCount":0,"publisher":{"@id":"https:\/\/www.dakarmania.cz\/#organization"},"image":{"@id":"https:\/\/www.dakarmania.cz\/index.php\/2019\/10\/08\/maroc-etapa-pro-goncalvese\/#primaryimage"},"thumbnailUrl":"https:\/\/www.dakarmania.cz\/wp-content\/uploads\/2019\/10\/19-maroc-goncalves-header-01.jpg","keywords":["2019","Andrew Short","Hero","Hero MotoSports","Honda","Husqvarna","KTM","Luciano Benavides","Martin Michek","Matthias Walkner","Milan Engel","Moto Racing Group","MRG","MS FIM CCR","MS FIM CCR 2019","Pablo Quintanilla","Paulo Gon\u00e7alves","Rallye du Maroc","Rallye du Maroc 2019","Ricky Brabec","Toby Price"],"articleSection":["FIM MS CCR","Moto\/Quad","Rallye du Maroc"],"inLanguage":"cs","potentialAction":[{"@type":"CommentAction","name":"Comment","target":["https:\/\/www.dakarmania.cz\/index.php\/2019\/10\/08\/maroc-etapa-pro-goncalvese\/#respond"]}]},{"@type":"WebPage","@id":"https:\/\/www.dakarmania.cz\/index.php\/2019\/10\/08\/maroc-etapa-pro-goncalvese\/","url":"https:\/\/www.dakarmania.cz\/index.php\/2019\/10\/08\/maroc-etapa-pro-goncalvese\/","name":"Du Maroc: Etapa pro Gon\u00e7alvese, nov\u00fdm leaderem Short - DAKARMANIA.cz","isPartOf":{"@id":"https:\/\/www.dakarmania.cz\/#website"},"primaryImageOfPage":{"@id":"https:\/\/www.dakarmania.cz\/index.php\/2019\/10\/08\/maroc-etapa-pro-goncalvese\/#primaryimage"},"image":{"@id":"https:\/\/www.dakarmania.cz\/index.php\/2019\/10\/08\/maroc-etapa-pro-goncalvese\/#primaryimage"},"thumbnailUrl":"https:\/\/www.dakarmania.cz\/wp-content\/uploads\/2019\/10\/19-maroc-goncalves-header-01.jpg","datePublished":"2019-10-08T13:36:59+00:00","dateModified":"2019-10-08T23:39:24+00:00","description":"P\u0159edposledn\u00ed etapa Marock\u00e9 rally znovu zam\u00edchala po\u0159ad\u00edm na \u0161pici motocyklist\u016f. \u010ctvrt\u00fd \u010das dne vynesl do \u010dela Pabla Quintanillu s tov\u00e1rn\u00ed Husqvarnou.","breadcrumb":{"@id":"https:\/\/www.dakarmania.cz\/index.php\/2019\/10\/08\/maroc-etapa-pro-goncalvese\/#breadcrumb"},"inLanguage":"cs","potentialAction":[{"@type":"ReadAction","target":["https:\/\/www.dakarmania.cz\/index.php\/2019\/10\/08\/maroc-etapa-pro-goncalvese\/"]}]},{"@type":"ImageObject","inLanguage":"cs","@id":"https:\/\/www.dakarmania.cz\/index.php\/2019\/10\/08\/maroc-etapa-pro-goncalvese\/#primaryimage","url":"https:\/\/www.dakarmania.cz\/wp-content\/uploads\/2019\/10\/19-maroc-goncalves-header-01.jpg","contentUrl":"https:\/\/www.dakarmania.cz\/wp-content\/uploads\/2019\/10\/19-maroc-goncalves-header-01.jpg","width":1600,"height":901,"caption":"Paulo Gon\u00e7alves, Hero 450 Rally, Hero MotoSports Team Rally. Rallye du Maroc 2019. \u00a9 RDM Media"},{"@type":"BreadcrumbList","@id":"https:\/\/www.dakarmania.cz\/index.php\/2019\/10\/08\/maroc-etapa-pro-goncalvese\/#breadcrumb","itemListElement":[{"@type":"ListItem","position":1,"name":"Dom\u016f","item":"https:\/\/www.dakarmania.cz\/"},{"@type":"ListItem","position":2,"name":"Du Maroc: Etapa pro Gon\u00e7alvese, nov\u00fdm leaderem Short"}]},{"@type":"WebSite","@id":"https:\/\/www.dakarmania.cz\/#website","url":"https:\/\/www.dakarmania.cz\/","name":"DAKARMANIA.cz","description":"\u017dijeme Dakarem cel\u00fd rok","publisher":{"@id":"https:\/\/www.dakarmania.cz\/#organization"},"potentialAction":[{"@type":"SearchAction","target":{"@type":"EntryPoint","urlTemplate":"https:\/\/www.dakarmania.cz\/?s={search_term_string}"},"query-input":{"@type":"PropertyValueSpecification","valueRequired":true,"valueName":"search_term_string"}}],"inLanguage":"cs"},{"@type":"Organization","@id":"https:\/\/www.dakarmania.cz\/#organization","name":"DAKAR MANIA","url":"https:\/\/www.dakarmania.cz\/","logo":{"@type":"ImageObject","inLanguage":"cs","@id":"https:\/\/www.dakarmania.cz\/#\/schema\/logo\/image\/","url":"https:\/\/www.dakarmania.cz\/wp-content\/uploads\/2018\/12\/Dakar-Mania-Logo-Square-Orange.png","contentUrl":"https:\/\/www.dakarmania.cz\/wp-content\/uploads\/2018\/12\/Dakar-Mania-Logo-Square-Orange.png","width":992,"height":992,"caption":"DAKAR MANIA"},"image":{"@id":"https:\/\/www.dakarmania.cz\/#\/schema\/logo\/image\/"},"sameAs":["https:\/\/www.facebook.com\/dakarmania\/"]},{"@type":"Person","@id":"https:\/\/www.dakarmania.cz\/#\/schema\/person\/04eb0e87a389631c2169c0dddae7ff1e","name":"Zden\u011bk Zelenka","image":{"@type":"ImageObject","inLanguage":"cs","@id":"https:\/\/www.dakarmania.cz\/#\/schema\/person\/image\/","url":"https:\/\/secure.gravatar.com\/avatar\/2c80d5a4942fe0900b73cc7d3837a509d6ee0a276a2b76dac95c92bd0763a89b?s=96&d=mm&r=g","contentUrl":"https:\/\/secure.gravatar.com\/avatar\/2c80d5a4942fe0900b73cc7d3837a509d6ee0a276a2b76dac95c92bd0763a89b?s=96&d=mm&r=g","caption":"Zden\u011bk Zelenka"},"description":"Moji d\u011bt\u0161t\u00ed hrdinov\u00e9 se jmenovali Loprais, Moskal, Neveu, Vatanen, Rahier... A tihle borci, jejich n\u00e1sledovn\u00edci a jejich p\u0159\u00edb\u011bhy m\u011b nep\u0159estali fascinovat ani po letech, kdy jsem vyrostl a zam\u011bstn\u00e1valy m\u011b jin\u00e9 discipl\u00edny motorsportu. Proto se zrodila DAKARMANIA.","url":"https:\/\/www.dakarmania.cz\/index.php\/author\/dakarmania\/"}]}},"amp_enabled":true,"_links":{"self":[{"href":"https:\/\/www.dakarmania.cz\/index.php\/wp-json\/wp\/v2\/posts\/12358","targetHints":{"allow":["GET"]}}],"collection":[{"href":"https:\/\/www.dakarmania.cz\/index.php\/wp-json\/wp\/v2\/posts"}],"about":[{"href":"https:\/\/www.dakarmania.cz\/index.php\/wp-json\/wp\/v2\/types\/post"}],"author":[{"embeddable":true,"href":"https:\/\/www.dakarmania.cz\/index.php\/wp-json\/wp\/v2\/users\/1"}],"replies":[{"embeddable":true,"href":"https:\/\/www.dakarmania.cz\/index.php\/wp-json\/wp\/v2\/comments?post=12358"}],"version-history":[{"count":19,"href":"https:\/\/www.dakarmania.cz\/index.php\/wp-json\/wp\/v2\/posts\/12358\/revisions"}],"predecessor-version":[{"id":12423,"href":"https:\/\/www.dakarmania.cz\/index.php\/wp-json\/wp\/v2\/posts\/12358\/revisions\/12423"}],"wp:featuredmedia":[{"embeddable":true,"href":"https:\/\/www.dakarmania.cz\/index.php\/wp-json\/wp\/v2\/media\/12356"}],"wp:attachment":[{"href":"https:\/\/www.dakarmania.cz\/index.php\/wp-json\/wp\/v2\/media?parent=12358"}],"wp:term":[{"taxonomy":"category","embeddable":true,"href":"https:\/\/www.dakarmania.cz\/index.php\/wp-json\/wp\/v2\/categories?post=12358"},{"taxonomy":"post_tag","embeddable":true,"href":"https:\/\/www.dakarmania.cz\/index.php\/wp-json\/wp\/v2\/tags?post=12358"}],"curies":[{"name":"wp","href":"https:\/\/api.w.org\/{rel}","templated":true}]}}