{"id":12431,"date":"2019-10-09T14:59:24","date_gmt":"2019-10-09T12:59:24","guid":{"rendered":"https:\/\/www.dakarmania.cz\/?p=12431"},"modified":"2024-01-05T11:35:08","modified_gmt":"2024-01-05T10:35:08","slug":"maroc-short-vitezem","status":"publish","type":"post","link":"https:\/\/www.dakarmania.cz\/index.php\/2019\/10\/09\/maroc-short-vitezem\/","title":{"rendered":"Du Maroc: Andrew Short v\u00edt\u011bzem a vicemistrem sv\u011bta"},"content":{"rendered":"<p>[vc_row css_animation=&#8221;fadeIn&#8221;][vc_column][vc_column_text css_animation=&#8221;fadeIn&#8221;]<\/p>\n<h4>T\u0159et\u00ed sezona v cross-country rally je pro Andrewa Shorta pr\u016flomov\u00e1. V c\u00edli Marock\u00e9 rally slav\u00ed jezdec tov\u00e1rn\u00edho t\u00fdmu Husqvarna premi\u00e9rov\u00fd triumf na sout\u011b\u017ei sv\u011btov\u00e9ho \u0161ampion\u00e1tu v cross-country rally i zisk titulu vicemistra sv\u011bta.<\/h4>\n<p>Z\u00e1v\u011bre\u010dn\u00e1 etapa <a href=\"\/index.php\/souteze\/maroc-2019\/\">Rallye du Maroc 2019<\/a> zavedla karavanu \u00fa\u010dastn\u00edk\u016f z o\u00e1zy Erfoud zp\u011bt do Fezu a zahrnovala rychlostn\u00ed zkou\u0161ku dlouhou 168 kilometr\u016f. Tra\u0165 vedla malebnou krajinou, jej\u00ed\u017e kr\u00e1sy v\u0161ak z\u00e1vodn\u00edci nest\u00edhali p\u0159\u00edli\u0161 obdivovat. Museli se popasovat s \u00favodn\u00ed \u010d\u00e1st\u00ed v \u00fadol\u00ed a na otev\u0159en\u00e9 pl\u00e1ni, p\u0159ibli\u017en\u011b \u0161edes\u00e1tikilometrov\u00fdm \u00fasekem v hor\u00e1ch a z\u00e1v\u011bre\u010dnou sekc\u00ed op\u011bt v otev\u0159en\u00e9 krajin\u011b s n\u00e1ro\u010dn\u011bj\u0161\u00ed navigac\u00ed.[\/vc_column_text][\/vc_column][\/vc_row][vc_row css_animation=&#8221;fadeIn&#8221; css=&#8221;.vc_custom_1570266365162{background-color: #f2f2f2 !important;}&#8221;][vc_column width=&#8221;1\/2&#8243;][vc_column_text css_animation=&#8221;fadeIn&#8221;]<\/p>\n<h4>Boj a\u017e do konce<\/h4>\n<p>Andrew Short nastupoval do posledn\u00edho dne z prvn\u00ed pozice s n\u00e1skokem pouh\u00fdch 28 sekund p\u0159ed t\u00fdmov\u00fdm kolegou Pablem Quintanillou. A p\u0159esto\u017ee byl v podobn\u00e9 situaci poprv\u00e9 v kari\u00e9\u0159e, ust\u00e1l ji s ledov\u00fdm klidem. Na Chilana najel dal\u0161\u00edch 53 sekund a postaral se o premi\u00e9rov\u00e9 v\u00edt\u011bzstv\u00ed Husqvarny ve dvacetilet\u00e9 historii marock\u00e9ho z\u00e1vodu.[\/vc_column_text][vc_single_image image=&#8221;12451&#8243; img_size=&#8221;large&#8221; alignment=&#8221;center&#8221; onclick=&#8221;link_image&#8221; css_animation=&#8221;fadeIn&#8221;][\/vc_column][vc_column width=&#8221;1\/2&#8243;][vc_column_text css_animation=&#8221;fadeIn&#8221;]<em>\u201eV \u00favodn\u00ed \u010d\u00e1sti se mi zablokovala kola a narazil jsem do sk\u00e1ly. M\u011bl jsem opravdu \u0161t\u011bst\u00ed,\u201c<\/em> p\u0159iznal <strong>Andrew Short<\/strong>. <em>\u201eJinak se mi speci\u00e1lka l\u00edbila, proto\u017ee se jelo hodn\u011b v hor\u00e1ch. Byla trochu nebezpe\u010dn\u011bj\u0161\u00ed, ale p\u011bkn\u00e1. Pokud jde o v\u00edt\u011bzstv\u00ed, zd\u00e1 se mi to a\u017e neuv\u011b\u0159iteln\u00e9. M\u00fdm hlavn\u00edm c\u00edlem bylo udr\u017eet druh\u00e9 m\u00edsto v \u0161ampion\u00e1tu. Povedlo se, jsem velice \u0161\u0165astn\u00fd.\u201c<\/em><\/p>\n<p>Ameri\u010dan pro\u017e\u00edv\u00e1 skv\u011bl\u00fd rok. Dne\u0161n\u00edmu \u00fasp\u011bchu p\u0159edch\u00e1zelo \u0161est\u00e9 m\u00edsto na lednov\u00e9m Dakaru a v l\u00e9t\u011b se bl\u00fdskl druh\u00fdm m\u00edstem na Silk Way Rally, co\u017e bylo jeho v\u016fbec prvn\u00ed um\u00edst\u011bn\u00ed na stupn\u00edch v\u00edt\u011bz\u016f p\u0159i podniku mistrovstv\u00ed sv\u011bta.<\/p>\n<p>Pablo Quintanilla se po zran\u011bn\u00ed vr\u00e1til do \u0161ampion\u00e1tu a\u017e v z\u00e1\u0159\u00ed p\u0159i dom\u00e1c\u00ed Atacama Rally. A rovnou v\u00edt\u011bzn\u011b. Dnes odrazil n\u00e1por jezdc\u016f Hondy a pomohl sv\u00e9mu t\u00fdmu zajistit historicky prvn\u00ed double na sout\u011b\u017ei MS.<\/p>\n<p><em>\u201eS Andrewem jsme bojovali a\u017e do konce, ale porazil m\u011b. Moc mu to p\u0159eju. Velmi poctiv\u011b se na z\u00e1vod p\u0159ipravoval. Vid\u011bt t\u00fdmov\u00e9ho kolegu a p\u0159\u00edtele, jak se zlep\u0161uje a\u017e do t\u00e9 m\u00edry, \u017ee dok\u00e1\u017ee vyhr\u00e1t z\u00e1vody, je opravdu p\u0159\u00edjemn\u00e9,\u201c<\/em> ocenil <strong>Pablo Quintanilla<\/strong>. <em>\u201eZa sebe jsem tak\u00e9 spokojen\u00fd. Prvn\u00ed dva dny byly kv\u016fli bolestem nohy opravdu obt\u00ed\u017en\u00e9. Pak jsem se ale za\u010dal dost\u00e1vat do rytmu s nov\u00fdm roadbookem, na motorce jsem se c\u00edtil opravdu dob\u0159e a za\u010dal jsem si z\u00e1vod v\u00edc u\u017e\u00edvat.\u201c<\/em>[\/vc_column_text][\/vc_column][\/vc_row][vc_row css_animation=&#8221;fadeIn&#8221;][vc_column width=&#8221;1\/2&#8243;][vc_column_text css_animation=&#8221;fadeIn&#8221;]<\/p>\n<h4>KTM bez poh\u00e1ru<\/h4>\n<p>Obh\u00e1jce lo\u0148sk\u00e9ho v\u00edt\u011bzstv\u00ed Toby Price (KTM) v Maroku vedl po t\u0159et\u00ed etap\u011b, ov\u0161em o den pozd\u011bji bloudil a propadl se a\u017e na p\u00e1tou p\u0159\u00ed\u010dku. Na posledn\u00edm m\u011b\u0159en\u00e9m \u00faseku zatroubil k \u00fatoku a jako jedin\u00fd si p\u0159ipsal druh\u00e9 etapov\u00e9 v\u00edt\u011bzstv\u00ed. Jen\u017ee ani to na um\u00edst\u011bn\u00ed na stupn\u00edch v\u00edt\u011bz\u016f tentokr\u00e1t nesta\u010dilo. Bronz Australanovi unikl o pouh\u00fdch sedm sekund.<\/p>\n<p><em>\u201ePro m\u011b to nebyla \u0161patn\u00e1 rally. Um\u00edst\u011bn\u00ed na stupn\u00edch v\u00edt\u011bz\u016f mi t\u011bsn\u011b uniklo, co\u017e je frustruj\u00edc\u00ed, ale byl to opravdu dobr\u00fd tr\u00e9nink. V\u011bd\u011bl jsem, \u017ee se do toho mus\u00edm na posledn\u00ed speci\u00e1lce opravdu op\u0159\u00edt. M\u011bl jsem ji dob\u0159e rozjetou, ale pak jsem upadl a namohl si krk,\u201c<\/em> odhalil d\u016fvod por\u00e1\u017eky <strong>Toby Price<\/strong>.[\/vc_column_text][vc_single_image image=&#8221;12428&#8243; img_size=&#8221;large&#8221; alignment=&#8221;center&#8221; onclick=&#8221;link_image&#8221; css_animation=&#8221;fadeIn&#8221;][vc_column_text css_animation=&#8221;fadeIn&#8221;]Medailovou pozici pro Hondu uchr\u00e1nil Joan Barreda. \u0160pan\u011bl se se sout\u011b\u017e\u00ed rozlou\u010dil druh\u00fdm \u010dasem (+2:54 min). D\u00edky tomu za sebou udr\u017eel Price a p\u0159edstihl tak\u00e9 t\u00fdmov\u00e9ho par\u0165\u00e1ka Rickyho Brabeca, jen\u017e dnes klesl ze t\u0159et\u00ed na p\u00e1tou pozici.<\/p>\n<p><em>\u201eAsi po dvaceti kilometrech byla obt\u00ed\u017en\u011bj\u0161\u00ed navigace. Sna\u017eil jsem se neud\u011blat chybu. Dr\u017eel jsem dobr\u00e9 tempo, ale zase ne p\u0159\u00edli\u0161 vysok\u00e9. Kv\u016fli sv\u00e9 z\u00e1ludnosti se speci\u00e1lka zd\u00e1la b\u00fdt del\u0161\u00ed ne\u017e ve skute\u010dnosti. Se sv\u00fdm dne\u0161n\u00edm v\u00fdkonem jsem spokojen\u00fd,\u201c<\/em> hodnotil <strong>Joan Barreda<\/strong>.[\/vc_column_text][\/vc_column][vc_column width=&#8221;1\/2&#8243;][vc_single_image image=&#8221;12455&#8243; img_size=&#8221;large&#8221; alignment=&#8221;center&#8221; onclick=&#8221;link_image&#8221; css_animation=&#8221;fadeIn&#8221;][vc_column_text css_animation=&#8221;fadeIn&#8221;]<\/p>\n<h4>Luciano Benavides juniorsk\u00fdm \u0161ampionem<\/h4>\n<p>Z jezdc\u016f KTM m\u011bl nejv\u011bt\u0161\u00ed d\u016fvod k radosti Luciano Benavides. Navzdory p\u00e1du v posledn\u00ed etap\u011b uh\u00e1jil \u0161est\u00e9 m\u00edsto absolutn\u011b a hlavn\u011b prvn\u00ed v klasifikaci jezdc\u016f do 25 let. Sv\u00e9ho jedin\u00e9ho zb\u00fdvaj\u00edc\u00edho soupe\u0159e v boji o titul Jos\u00e9ho Ignacia Corneja na tov\u00e1rn\u00ed Hodn\u011b porazil o v\u00edce ne\u017e 23 minut.<\/p>\n<p><em>\u201eByla to m\u00e1 prvn\u00ed kompletn\u00ed sezona v \u0161ampion\u00e1tu. Jsem moc r\u00e1d, \u017ee jsem v\u0161echny z\u00e1vody dokon\u010dil. T\u0159ikr\u00e1t jsem vyhr\u00e1l v hodnocen\u00ed junior\u016f, v Abu Dhabi jsem se um\u00edstil na stupn\u00edch v\u00edt\u011bz\u016f v absolutn\u00edm po\u0159ad\u00ed a v celkov\u00e9 klasifikaci MS jsem \u010dtvrt\u00fd. Nemohlo to dopadnout l\u00e9pe. Velk\u00e9 zlep\u0161en\u00ed proti lo\u0148sku,\u201c<\/em> pochvaloval si <strong>Luciano Benavides<\/strong>.<\/p>\n<p>T\u0159et\u00ed p\u0159\u00ed\u010dka v hodnocen\u00ed sv\u011btov\u00e9ho poh\u00e1ru pat\u0159\u00ed Pol\u00e1kovi Adamu Tomizckovi (Husqvarna), jen\u017e v Maroku obsadil mezi juniory \u010dtvrt\u00e9 m\u00edsto za Bolivijcem Danielem Nosigliou na Hond\u011b.<\/p>\n<p>Benavidesova t\u00fdmov\u00e1 kolegyn\u011b Laia Sanz dokon\u010dila sout\u011b\u017e na osmn\u00e1ct\u00e9m m\u00edst\u011b a z\u00edskala sv\u011btov\u00fd poh\u00e1r v kategorii \u017een.[\/vc_column_text][\/vc_column][\/vc_row][vc_row css_animation=&#8221;fadeIn&#8221;][vc_column width=&#8221;1\/2&#8243;][vc_column_text css_animation=&#8221;fadeIn&#8221;]<\/p>\n<h4>Z Maroka rovnou do Tunisu<\/h4>\n<p>Do c\u00edle Rallye du Maroc \u00fasp\u011b\u0161n\u011b dorazili oba jezdci \u010desk\u00e9ho t\u00fdmu Orion \u2013 Moto Racing Group, Milan Engel a Martin Michek.<\/p>\n<p>Tvrd\u0161\u00ed trat\u011b posledn\u00edho dne op\u011bt vyhovovaly Michkovi, kter\u00fd uplatnil motokrosa\u0159sk\u00e9 zku\u0161enosti a byl o necelou minutu rychlej\u0161\u00ed. Navzdory p\u00e1du ve druh\u00e9 etap\u011b a penalizaci za opravu motorky v pr\u016fb\u011bhu supermaratonu podal nov\u00e1\u010dek ve sv\u011bt\u011b cross-country rally dobr\u00fd v\u00fdkon. Z\u00e1sadn\u00ed je, \u017ee sout\u011b\u017e dokon\u010dil, \u010d\u00edm\u017e splnil podm\u00ednku po\u0159adatel\u016f Rally Dakar a m\u016f\u017ee v lednu nastoupit na jej\u00ed start.<\/p>\n<p>Pro Milana Engela byla Marock\u00e1 rally prvn\u00ed pou\u0161tn\u00ed sout\u011b\u017e\u00ed, kterou absolvoval od leto\u0161n\u00edho Dakaru. Zku\u0161en\u00fd z\u00e1vodn\u00edk se po letn\u00ed operaci postupn\u011b dost\u00e1v\u00e1 do formy. V kone\u010dn\u00e9m hodnocen\u00ed figuruje v prvn\u00ed poloviny t\u0159et\u00ed des\u00edtky.[\/vc_column_text][\/vc_column][vc_column width=&#8221;1\/2&#8243;][vc_single_image image=&#8221;12432&#8243; img_size=&#8221;large&#8221; alignment=&#8221;center&#8221; onclick=&#8221;link_image&#8221; css_animation=&#8221;fadeIn&#8221;][vc_column_text css_animation=&#8221;fadeIn&#8221;]P\u0159\u00edmo z Maroka odj\u00ed\u017ed\u00ed MRG do Tunisu, kde u\u017e tuto ned\u011bli (13. \u0159\u00edjna) startuje Sahara-Rallye de Tunisie, zn\u00e1m\u00e1 tak\u00e9 jako El Chott. Krom\u011b Engela a Michka se na sout\u011b\u017ei p\u0159edstav\u00ed jejich t\u00fdmov\u00fd kolega Tom\u00e1\u0161 Kubiena, kter\u00fd poprv\u00e9 v z\u00e1vod\u011b vyzkou\u0161\u00ed svou novou \u010dty\u0159kolku Yamaha. P\u0159ihl\u00e1\u0161eni jsou tak\u00e9 dal\u0161\u00ed \u010dty\u0159i \u010de\u0161t\u00ed motocyklist\u00e9: Jan Vesel\u00fd, Rudolf Lhotsk\u00fd, Roman Krej\u010d\u00ed a Luk\u00e1\u0161 \u010cern\u00fd.[\/vc_column_text][\/vc_column][\/vc_row][vc_row css_animation=&#8221;fadeIn&#8221;][vc_column][vc_column_text css_animation=&#8221;fadeIn&#8221;]<\/p>\n<table style=\"width: 97.7654%;\" rules=\"rows\" cellpadding=\"4px\">\n<tbody>\n<tr style=\"background-color: #9e9d9d; color: white;\">\n<td style=\"text-align: center;\" colspan=\"4\"><span style=\"font-size: 10pt;\"><strong>Rallye du Maroc 2019<br \/>\nMOTOCYKLY<br \/>\nneofici\u00e1ln\u00ed kone\u010dn\u00e9 v\u00fdsledky<\/strong><\/span><\/td>\n<\/tr>\n<tr style=\"background-color: #dbd9d9;\">\n<td>1.<\/td>\n<td>Andrew Short<\/td>\n<td>Husqvarna FR 450 Rally<\/td>\n<td style=\"text-align: right;\">18:03:54<\/td>\n<\/tr>\n<tr style=\"background-color: #f2f2f2;\">\n<td>2.<\/td>\n<td>Pablo Quintanilla<\/td>\n<td>Husqvarna FR 450 Rally<\/td>\n<td style=\"text-align: right;\">+1:21<\/td>\n<\/tr>\n<tr style=\"background-color: #dbd9d9;\">\n<td>3.<\/td>\n<td>Joan Barreda<\/td>\n<td>Honda CRF450 Rally<\/td>\n<td style=\"text-align: right;\">+2:44<\/td>\n<\/tr>\n<tr style=\"background-color: #f2f2f2;\">\n<td>4.<\/td>\n<td>Toby Price<\/td>\n<td>KTM 450 Rally<\/td>\n<td style=\"text-align: right;\">+2:51<\/td>\n<\/tr>\n<tr style=\"background-color: #dbd9d9;\">\n<td>5.<\/td>\n<td>Ricky Brabec<\/td>\n<td>Honda CRF450 Rally<\/td>\n<td style=\"text-align: right;\">+4:07<\/td>\n<\/tr>\n<tr style=\"background-color: #f2f2f2;\">\n<td>6.<\/td>\n<td>Luciano Benavides<\/td>\n<td>KTM 450 Rally<\/td>\n<td style=\"text-align: right;\">+7:17<\/td>\n<\/tr>\n<tr style=\"background-color: #dbd9d9;\">\n<td>7.<\/td>\n<td>Matthias Walkner<\/td>\n<td>KTM 450 Rally<\/td>\n<td style=\"text-align: right;\">+7:38<\/td>\n<\/tr>\n<tr style=\"background-color: #f2f2f2;\">\n<td>8.<\/td>\n<td>Ross Branch<\/td>\n<td>KTM 450 Rally Replica<\/td>\n<td style=\"text-align: right;\">+14:20<\/td>\n<\/tr>\n<tr style=\"background-color: #dbd9d9;\">\n<td>9.<\/td>\n<td>Franco Caimi<\/td>\n<td>Yamaha WR450F Rally<\/td>\n<td style=\"text-align: right;\">+20:30<\/td>\n<\/tr>\n<tr style=\"background-color: #f2f2f2;\">\n<td>10.<\/td>\n<td>Kevin Benavides<\/td>\n<td>Honda CRF450 Rally<\/td>\n<td style=\"text-align: right;\">+21:16<\/td>\n<\/tr>\n<tr style=\"background-color: #dbd9d9;\">\n<td>23.<\/td>\n<td>Milan Engel<\/td>\n<td>KTM 450 Rally Replica<\/td>\n<td style=\"text-align: right;\">+3:01:20<\/td>\n<\/tr>\n<tr style=\"background-color: #f2f2f2;\">\n<td>34.<\/td>\n<td>Martin Michek<\/td>\n<td>KTM 450 Rally Replica<\/td>\n<td style=\"text-align: right;\">+8:17:19<\/td>\n<\/tr>\n<\/tbody>\n<\/table>\n<p>[\/vc_column_text][vc_btn title=&#8221;Kompletn\u00ed v\u00fdsledky&#8221; style=&#8221;outline&#8221; shape=&#8221;square&#8221; color=&#8221;warning&#8221; size=&#8221;sm&#8221; align=&#8221;center&#8221; i_icon_fontawesome=&#8221;fa fa-file-pdf-o&#8221; css_animation=&#8221;fadeIn&#8221; button_block=&#8221;true&#8221; add_icon=&#8221;true&#8221; link=&#8221;url:%2Fwp-content%2Fuploads%2F2019%2F10%2F19-maroc-fim-after-leg5.pdf||target:%20_blank|&#8221;][vc_empty_space height=&#8221;5px&#8221;][\/vc_column][\/vc_row]<\/p>\n","protected":false},"excerpt":{"rendered":"<p>T\u0159et\u00ed sezona v cross-country rally je pro Andrewa Shorta pr\u016flomov\u00e1. V c\u00edli Marock\u00e9 rally Ameri\u010dan slav\u00ed premi\u00e9rov\u00e9 v\u00edt\u011bzstv\u00ed i zisk titulu vicemistra sv\u011bta.<\/p>\n","protected":false},"author":1,"featured_media":12439,"comment_status":"closed","ping_status":"closed","sticky":false,"template":"","format":"standard","meta":{"footnotes":""},"categories":[154,15,1191],"tags":[425,1535,757,1522,129,759,791,64,756,761,762,63,127,921,758,1356,107,74,75,156,755,215,1192,247,222,126],"class_list":["post-12431","post","type-post","status-publish","format-standard","has-post-thumbnail","hentry","category-fim-ccr","category-moto-quad","category-rallye-du-maroc","tag-425","tag-adam-tomizcek","tag-andrew-short","tag-daniel-nosiglia","tag-honda","tag-honda-team","tag-hrc","tag-husqvarna","tag-husqvarna-factory-racing","tag-joan-barreda","tag-jose-ignacio-cornejo","tag-ktm","tag-ktm-factory-racing","tag-laia-sanz","tag-luciano-benavides","tag-martin-michek","tag-milan-engel","tag-moto-racing-group","tag-mrg","tag-ms-fim-ccr","tag-ms-fim-ccr-2019","tag-pablo-quintanilla","tag-rallye-du-maroc","tag-rallye-du-maroc-2019","tag-ricky-brabec","tag-toby-price"],"yoast_head":"<!-- This site is optimized with the Yoast SEO plugin v24.9 - https:\/\/yoast.com\/wordpress\/plugins\/seo\/ -->\n<title>Du Maroc: Andrew Short v\u00edt\u011bzem a vicemistrem sv\u011bta - DAKARMANIA.cz<\/title>\n<meta name=\"description\" content=\"T\u0159et\u00ed sezona v cross-country rally je pro Andrewa Shorta pr\u016flomov\u00e1. V c\u00edli Marock\u00e9 rally Ameri\u010dan slav\u00ed premi\u00e9rov\u00e9 v\u00edt\u011bzstv\u00ed i zisk titulu vicemistra sv\u011bta.\" \/>\n<meta name=\"robots\" content=\"index, follow, max-snippet:-1, max-image-preview:large, max-video-preview:-1\" \/>\n<link rel=\"canonical\" href=\"https:\/\/www.dakarmania.cz\/index.php\/2019\/10\/09\/maroc-short-vitezem\/\" \/>\n<meta property=\"og:locale\" content=\"cs_CZ\" \/>\n<meta property=\"og:type\" content=\"article\" \/>\n<meta property=\"og:title\" content=\"Du Maroc: Andrew Short v\u00edt\u011bzem a vicemistrem sv\u011bta - DAKARMANIA.cz\" \/>\n<meta property=\"og:description\" content=\"T\u0159et\u00ed sezona v cross-country rally je pro Andrewa Shorta pr\u016flomov\u00e1. V c\u00edli Marock\u00e9 rally Ameri\u010dan slav\u00ed premi\u00e9rov\u00e9 v\u00edt\u011bzstv\u00ed i zisk titulu vicemistra sv\u011bta.\" \/>\n<meta property=\"og:url\" content=\"https:\/\/www.dakarmania.cz\/index.php\/2019\/10\/09\/maroc-short-vitezem\/\" \/>\n<meta property=\"og:site_name\" content=\"DAKARMANIA.cz\" \/>\n<meta property=\"article:publisher\" content=\"https:\/\/www.facebook.com\/dakarmania\/\" \/>\n<meta property=\"article:published_time\" content=\"2019-10-09T12:59:24+00:00\" \/>\n<meta property=\"article:modified_time\" content=\"2024-01-05T10:35:08+00:00\" \/>\n<meta property=\"og:image\" content=\"https:\/\/www.dakarmania.cz\/wp-content\/uploads\/2019\/10\/19-maroc-short-header-02.jpg\" \/>\n\t<meta property=\"og:image:width\" content=\"1600\" \/>\n\t<meta property=\"og:image:height\" content=\"901\" \/>\n\t<meta property=\"og:image:type\" content=\"image\/jpeg\" \/>\n<meta name=\"author\" content=\"Zden\u011bk Zelenka\" \/>\n<meta name=\"twitter:card\" content=\"summary_large_image\" \/>\n<meta name=\"twitter:label1\" content=\"Napsal(a)\" \/>\n\t<meta name=\"twitter:data1\" content=\"Zden\u011bk Zelenka\" \/>\n\t<meta name=\"twitter:label2\" content=\"Odhadovan\u00e1 doba \u010dten\u00ed\" \/>\n\t<meta name=\"twitter:data2\" content=\"6 minut\" \/>\n<script type=\"application\/ld+json\" class=\"yoast-schema-graph\">{\"@context\":\"https:\/\/schema.org\",\"@graph\":[{\"@type\":\"Article\",\"@id\":\"https:\/\/www.dakarmania.cz\/index.php\/2019\/10\/09\/maroc-short-vitezem\/#article\",\"isPartOf\":{\"@id\":\"https:\/\/www.dakarmania.cz\/index.php\/2019\/10\/09\/maroc-short-vitezem\/\"},\"author\":{\"name\":\"Zden\u011bk Zelenka\",\"@id\":\"https:\/\/www.dakarmania.cz\/#\/schema\/person\/04eb0e87a389631c2169c0dddae7ff1e\"},\"headline\":\"Du Maroc: Andrew Short v\u00edt\u011bzem a vicemistrem sv\u011bta\",\"datePublished\":\"2019-10-09T12:59:24+00:00\",\"dateModified\":\"2024-01-05T10:35:08+00:00\",\"mainEntityOfPage\":{\"@id\":\"https:\/\/www.dakarmania.cz\/index.php\/2019\/10\/09\/maroc-short-vitezem\/\"},\"wordCount\":1504,\"publisher\":{\"@id\":\"https:\/\/www.dakarmania.cz\/#organization\"},\"image\":{\"@id\":\"https:\/\/www.dakarmania.cz\/index.php\/2019\/10\/09\/maroc-short-vitezem\/#primaryimage\"},\"thumbnailUrl\":\"https:\/\/www.dakarmania.cz\/wp-content\/uploads\/2019\/10\/19-maroc-short-header-02.jpg\",\"keywords\":[\"2019\",\"Adam Tomizcek\",\"Andrew Short\",\"Daniel Nosiglia\",\"Honda\",\"Honda Team\",\"HRC\",\"Husqvarna\",\"Husqvarna Factory Racing\",\"Joan Barreda\",\"Jos\u00e9 Ignacio Cornejo\",\"KTM\",\"KTM Factory Racing\",\"Laia Sanz\",\"Luciano Benavides\",\"Martin Michek\",\"Milan Engel\",\"Moto Racing Group\",\"MRG\",\"MS FIM CCR\",\"MS FIM CCR 2019\",\"Pablo Quintanilla\",\"Rallye du Maroc\",\"Rallye du Maroc 2019\",\"Ricky Brabec\",\"Toby Price\"],\"articleSection\":[\"FIM MS CCR\",\"Moto\/Quad\",\"Rallye du Maroc\"],\"inLanguage\":\"cs\"},{\"@type\":\"WebPage\",\"@id\":\"https:\/\/www.dakarmania.cz\/index.php\/2019\/10\/09\/maroc-short-vitezem\/\",\"url\":\"https:\/\/www.dakarmania.cz\/index.php\/2019\/10\/09\/maroc-short-vitezem\/\",\"name\":\"Du Maroc: Andrew Short v\u00edt\u011bzem a vicemistrem sv\u011bta - DAKARMANIA.cz\",\"isPartOf\":{\"@id\":\"https:\/\/www.dakarmania.cz\/#website\"},\"primaryImageOfPage\":{\"@id\":\"https:\/\/www.dakarmania.cz\/index.php\/2019\/10\/09\/maroc-short-vitezem\/#primaryimage\"},\"image\":{\"@id\":\"https:\/\/www.dakarmania.cz\/index.php\/2019\/10\/09\/maroc-short-vitezem\/#primaryimage\"},\"thumbnailUrl\":\"https:\/\/www.dakarmania.cz\/wp-content\/uploads\/2019\/10\/19-maroc-short-header-02.jpg\",\"datePublished\":\"2019-10-09T12:59:24+00:00\",\"dateModified\":\"2024-01-05T10:35:08+00:00\",\"description\":\"T\u0159et\u00ed sezona v cross-country rally je pro Andrewa Shorta pr\u016flomov\u00e1. V c\u00edli Marock\u00e9 rally Ameri\u010dan slav\u00ed premi\u00e9rov\u00e9 v\u00edt\u011bzstv\u00ed i zisk titulu vicemistra sv\u011bta.\",\"breadcrumb\":{\"@id\":\"https:\/\/www.dakarmania.cz\/index.php\/2019\/10\/09\/maroc-short-vitezem\/#breadcrumb\"},\"inLanguage\":\"cs\",\"potentialAction\":[{\"@type\":\"ReadAction\",\"target\":[\"https:\/\/www.dakarmania.cz\/index.php\/2019\/10\/09\/maroc-short-vitezem\/\"]}]},{\"@type\":\"ImageObject\",\"inLanguage\":\"cs\",\"@id\":\"https:\/\/www.dakarmania.cz\/index.php\/2019\/10\/09\/maroc-short-vitezem\/#primaryimage\",\"url\":\"https:\/\/www.dakarmania.cz\/wp-content\/uploads\/2019\/10\/19-maroc-short-header-02.jpg\",\"contentUrl\":\"https:\/\/www.dakarmania.cz\/wp-content\/uploads\/2019\/10\/19-maroc-short-header-02.jpg\",\"width\":1600,\"height\":901,\"caption\":\"Andrew Short, Husqvarna FR 450 Rally, Rockstar Energy Husqvarna Factory Racing. Rallye du Maroc 2019. \u00a9 RDM Media\/DPPI\"},{\"@type\":\"BreadcrumbList\",\"@id\":\"https:\/\/www.dakarmania.cz\/index.php\/2019\/10\/09\/maroc-short-vitezem\/#breadcrumb\",\"itemListElement\":[{\"@type\":\"ListItem\",\"position\":1,\"name\":\"Dom\u016f\",\"item\":\"https:\/\/www.dakarmania.cz\/\"},{\"@type\":\"ListItem\",\"position\":2,\"name\":\"Du Maroc: Andrew Short v\u00edt\u011bzem a vicemistrem sv\u011bta\"}]},{\"@type\":\"WebSite\",\"@id\":\"https:\/\/www.dakarmania.cz\/#website\",\"url\":\"https:\/\/www.dakarmania.cz\/\",\"name\":\"DAKARMANIA.cz\",\"description\":\"\u017dijeme Dakarem cel\u00fd rok\",\"publisher\":{\"@id\":\"https:\/\/www.dakarmania.cz\/#organization\"},\"potentialAction\":[{\"@type\":\"SearchAction\",\"target\":{\"@type\":\"EntryPoint\",\"urlTemplate\":\"https:\/\/www.dakarmania.cz\/?s={search_term_string}\"},\"query-input\":{\"@type\":\"PropertyValueSpecification\",\"valueRequired\":true,\"valueName\":\"search_term_string\"}}],\"inLanguage\":\"cs\"},{\"@type\":\"Organization\",\"@id\":\"https:\/\/www.dakarmania.cz\/#organization\",\"name\":\"DAKAR MANIA\",\"url\":\"https:\/\/www.dakarmania.cz\/\",\"logo\":{\"@type\":\"ImageObject\",\"inLanguage\":\"cs\",\"@id\":\"https:\/\/www.dakarmania.cz\/#\/schema\/logo\/image\/\",\"url\":\"https:\/\/www.dakarmania.cz\/wp-content\/uploads\/2018\/12\/Dakar-Mania-Logo-Square-Orange.png\",\"contentUrl\":\"https:\/\/www.dakarmania.cz\/wp-content\/uploads\/2018\/12\/Dakar-Mania-Logo-Square-Orange.png\",\"width\":992,\"height\":992,\"caption\":\"DAKAR MANIA\"},\"image\":{\"@id\":\"https:\/\/www.dakarmania.cz\/#\/schema\/logo\/image\/\"},\"sameAs\":[\"https:\/\/www.facebook.com\/dakarmania\/\"]},{\"@type\":\"Person\",\"@id\":\"https:\/\/www.dakarmania.cz\/#\/schema\/person\/04eb0e87a389631c2169c0dddae7ff1e\",\"name\":\"Zden\u011bk Zelenka\",\"image\":{\"@type\":\"ImageObject\",\"inLanguage\":\"cs\",\"@id\":\"https:\/\/www.dakarmania.cz\/#\/schema\/person\/image\/\",\"url\":\"https:\/\/secure.gravatar.com\/avatar\/2c80d5a4942fe0900b73cc7d3837a509d6ee0a276a2b76dac95c92bd0763a89b?s=96&d=mm&r=g\",\"contentUrl\":\"https:\/\/secure.gravatar.com\/avatar\/2c80d5a4942fe0900b73cc7d3837a509d6ee0a276a2b76dac95c92bd0763a89b?s=96&d=mm&r=g\",\"caption\":\"Zden\u011bk Zelenka\"},\"description\":\"Moji d\u011bt\u0161t\u00ed hrdinov\u00e9 se jmenovali Loprais, Moskal, Neveu, Vatanen, Rahier... A tihle borci, jejich n\u00e1sledovn\u00edci a jejich p\u0159\u00edb\u011bhy m\u011b nep\u0159estali fascinovat ani po letech, kdy jsem vyrostl a zam\u011bstn\u00e1valy m\u011b jin\u00e9 discipl\u00edny motorsportu. Proto se zrodila DAKARMANIA.\",\"url\":\"https:\/\/www.dakarmania.cz\/index.php\/author\/dakarmania\/\"}]}<\/script>\n<!-- \/ Yoast SEO plugin. -->","yoast_head_json":{"title":"Du Maroc: Andrew Short v\u00edt\u011bzem a vicemistrem sv\u011bta - DAKARMANIA.cz","description":"T\u0159et\u00ed sezona v cross-country rally je pro Andrewa Shorta pr\u016flomov\u00e1. V c\u00edli Marock\u00e9 rally Ameri\u010dan slav\u00ed premi\u00e9rov\u00e9 v\u00edt\u011bzstv\u00ed i zisk titulu vicemistra sv\u011bta.","robots":{"index":"index","follow":"follow","max-snippet":"max-snippet:-1","max-image-preview":"max-image-preview:large","max-video-preview":"max-video-preview:-1"},"canonical":"https:\/\/www.dakarmania.cz\/index.php\/2019\/10\/09\/maroc-short-vitezem\/","og_locale":"cs_CZ","og_type":"article","og_title":"Du Maroc: Andrew Short v\u00edt\u011bzem a vicemistrem sv\u011bta - DAKARMANIA.cz","og_description":"T\u0159et\u00ed sezona v cross-country rally je pro Andrewa Shorta pr\u016flomov\u00e1. V c\u00edli Marock\u00e9 rally Ameri\u010dan slav\u00ed premi\u00e9rov\u00e9 v\u00edt\u011bzstv\u00ed i zisk titulu vicemistra sv\u011bta.","og_url":"https:\/\/www.dakarmania.cz\/index.php\/2019\/10\/09\/maroc-short-vitezem\/","og_site_name":"DAKARMANIA.cz","article_publisher":"https:\/\/www.facebook.com\/dakarmania\/","article_published_time":"2019-10-09T12:59:24+00:00","article_modified_time":"2024-01-05T10:35:08+00:00","og_image":[{"width":1600,"height":901,"url":"https:\/\/www.dakarmania.cz\/wp-content\/uploads\/2019\/10\/19-maroc-short-header-02.jpg","type":"image\/jpeg"}],"author":"Zden\u011bk Zelenka","twitter_card":"summary_large_image","twitter_misc":{"Napsal(a)":"Zden\u011bk Zelenka","Odhadovan\u00e1 doba \u010dten\u00ed":"6 minut"},"schema":{"@context":"https:\/\/schema.org","@graph":[{"@type":"Article","@id":"https:\/\/www.dakarmania.cz\/index.php\/2019\/10\/09\/maroc-short-vitezem\/#article","isPartOf":{"@id":"https:\/\/www.dakarmania.cz\/index.php\/2019\/10\/09\/maroc-short-vitezem\/"},"author":{"name":"Zden\u011bk Zelenka","@id":"https:\/\/www.dakarmania.cz\/#\/schema\/person\/04eb0e87a389631c2169c0dddae7ff1e"},"headline":"Du Maroc: Andrew Short v\u00edt\u011bzem a vicemistrem sv\u011bta","datePublished":"2019-10-09T12:59:24+00:00","dateModified":"2024-01-05T10:35:08+00:00","mainEntityOfPage":{"@id":"https:\/\/www.dakarmania.cz\/index.php\/2019\/10\/09\/maroc-short-vitezem\/"},"wordCount":1504,"publisher":{"@id":"https:\/\/www.dakarmania.cz\/#organization"},"image":{"@id":"https:\/\/www.dakarmania.cz\/index.php\/2019\/10\/09\/maroc-short-vitezem\/#primaryimage"},"thumbnailUrl":"https:\/\/www.dakarmania.cz\/wp-content\/uploads\/2019\/10\/19-maroc-short-header-02.jpg","keywords":["2019","Adam Tomizcek","Andrew Short","Daniel Nosiglia","Honda","Honda Team","HRC","Husqvarna","Husqvarna Factory Racing","Joan Barreda","Jos\u00e9 Ignacio Cornejo","KTM","KTM Factory Racing","Laia Sanz","Luciano Benavides","Martin Michek","Milan Engel","Moto Racing Group","MRG","MS FIM CCR","MS FIM CCR 2019","Pablo Quintanilla","Rallye du Maroc","Rallye du Maroc 2019","Ricky Brabec","Toby Price"],"articleSection":["FIM MS CCR","Moto\/Quad","Rallye du Maroc"],"inLanguage":"cs"},{"@type":"WebPage","@id":"https:\/\/www.dakarmania.cz\/index.php\/2019\/10\/09\/maroc-short-vitezem\/","url":"https:\/\/www.dakarmania.cz\/index.php\/2019\/10\/09\/maroc-short-vitezem\/","name":"Du Maroc: Andrew Short v\u00edt\u011bzem a vicemistrem sv\u011bta - DAKARMANIA.cz","isPartOf":{"@id":"https:\/\/www.dakarmania.cz\/#website"},"primaryImageOfPage":{"@id":"https:\/\/www.dakarmania.cz\/index.php\/2019\/10\/09\/maroc-short-vitezem\/#primaryimage"},"image":{"@id":"https:\/\/www.dakarmania.cz\/index.php\/2019\/10\/09\/maroc-short-vitezem\/#primaryimage"},"thumbnailUrl":"https:\/\/www.dakarmania.cz\/wp-content\/uploads\/2019\/10\/19-maroc-short-header-02.jpg","datePublished":"2019-10-09T12:59:24+00:00","dateModified":"2024-01-05T10:35:08+00:00","description":"T\u0159et\u00ed sezona v cross-country rally je pro Andrewa Shorta pr\u016flomov\u00e1. V c\u00edli Marock\u00e9 rally Ameri\u010dan slav\u00ed premi\u00e9rov\u00e9 v\u00edt\u011bzstv\u00ed i zisk titulu vicemistra sv\u011bta.","breadcrumb":{"@id":"https:\/\/www.dakarmania.cz\/index.php\/2019\/10\/09\/maroc-short-vitezem\/#breadcrumb"},"inLanguage":"cs","potentialAction":[{"@type":"ReadAction","target":["https:\/\/www.dakarmania.cz\/index.php\/2019\/10\/09\/maroc-short-vitezem\/"]}]},{"@type":"ImageObject","inLanguage":"cs","@id":"https:\/\/www.dakarmania.cz\/index.php\/2019\/10\/09\/maroc-short-vitezem\/#primaryimage","url":"https:\/\/www.dakarmania.cz\/wp-content\/uploads\/2019\/10\/19-maroc-short-header-02.jpg","contentUrl":"https:\/\/www.dakarmania.cz\/wp-content\/uploads\/2019\/10\/19-maroc-short-header-02.jpg","width":1600,"height":901,"caption":"Andrew Short, Husqvarna FR 450 Rally, Rockstar Energy Husqvarna Factory Racing. Rallye du Maroc 2019. \u00a9 RDM Media\/DPPI"},{"@type":"BreadcrumbList","@id":"https:\/\/www.dakarmania.cz\/index.php\/2019\/10\/09\/maroc-short-vitezem\/#breadcrumb","itemListElement":[{"@type":"ListItem","position":1,"name":"Dom\u016f","item":"https:\/\/www.dakarmania.cz\/"},{"@type":"ListItem","position":2,"name":"Du Maroc: Andrew Short v\u00edt\u011bzem a vicemistrem sv\u011bta"}]},{"@type":"WebSite","@id":"https:\/\/www.dakarmania.cz\/#website","url":"https:\/\/www.dakarmania.cz\/","name":"DAKARMANIA.cz","description":"\u017dijeme Dakarem cel\u00fd rok","publisher":{"@id":"https:\/\/www.dakarmania.cz\/#organization"},"potentialAction":[{"@type":"SearchAction","target":{"@type":"EntryPoint","urlTemplate":"https:\/\/www.dakarmania.cz\/?s={search_term_string}"},"query-input":{"@type":"PropertyValueSpecification","valueRequired":true,"valueName":"search_term_string"}}],"inLanguage":"cs"},{"@type":"Organization","@id":"https:\/\/www.dakarmania.cz\/#organization","name":"DAKAR MANIA","url":"https:\/\/www.dakarmania.cz\/","logo":{"@type":"ImageObject","inLanguage":"cs","@id":"https:\/\/www.dakarmania.cz\/#\/schema\/logo\/image\/","url":"https:\/\/www.dakarmania.cz\/wp-content\/uploads\/2018\/12\/Dakar-Mania-Logo-Square-Orange.png","contentUrl":"https:\/\/www.dakarmania.cz\/wp-content\/uploads\/2018\/12\/Dakar-Mania-Logo-Square-Orange.png","width":992,"height":992,"caption":"DAKAR MANIA"},"image":{"@id":"https:\/\/www.dakarmania.cz\/#\/schema\/logo\/image\/"},"sameAs":["https:\/\/www.facebook.com\/dakarmania\/"]},{"@type":"Person","@id":"https:\/\/www.dakarmania.cz\/#\/schema\/person\/04eb0e87a389631c2169c0dddae7ff1e","name":"Zden\u011bk Zelenka","image":{"@type":"ImageObject","inLanguage":"cs","@id":"https:\/\/www.dakarmania.cz\/#\/schema\/person\/image\/","url":"https:\/\/secure.gravatar.com\/avatar\/2c80d5a4942fe0900b73cc7d3837a509d6ee0a276a2b76dac95c92bd0763a89b?s=96&d=mm&r=g","contentUrl":"https:\/\/secure.gravatar.com\/avatar\/2c80d5a4942fe0900b73cc7d3837a509d6ee0a276a2b76dac95c92bd0763a89b?s=96&d=mm&r=g","caption":"Zden\u011bk Zelenka"},"description":"Moji d\u011bt\u0161t\u00ed hrdinov\u00e9 se jmenovali Loprais, Moskal, Neveu, Vatanen, Rahier... A tihle borci, jejich n\u00e1sledovn\u00edci a jejich p\u0159\u00edb\u011bhy m\u011b nep\u0159estali fascinovat ani po letech, kdy jsem vyrostl a zam\u011bstn\u00e1valy m\u011b jin\u00e9 discipl\u00edny motorsportu. Proto se zrodila DAKARMANIA.","url":"https:\/\/www.dakarmania.cz\/index.php\/author\/dakarmania\/"}]}},"amp_enabled":true,"_links":{"self":[{"href":"https:\/\/www.dakarmania.cz\/index.php\/wp-json\/wp\/v2\/posts\/12431","targetHints":{"allow":["GET"]}}],"collection":[{"href":"https:\/\/www.dakarmania.cz\/index.php\/wp-json\/wp\/v2\/posts"}],"about":[{"href":"https:\/\/www.dakarmania.cz\/index.php\/wp-json\/wp\/v2\/types\/post"}],"author":[{"embeddable":true,"href":"https:\/\/www.dakarmania.cz\/index.php\/wp-json\/wp\/v2\/users\/1"}],"replies":[{"embeddable":true,"href":"https:\/\/www.dakarmania.cz\/index.php\/wp-json\/wp\/v2\/comments?post=12431"}],"version-history":[{"count":13,"href":"https:\/\/www.dakarmania.cz\/index.php\/wp-json\/wp\/v2\/posts\/12431\/revisions"}],"predecessor-version":[{"id":12470,"href":"https:\/\/www.dakarmania.cz\/index.php\/wp-json\/wp\/v2\/posts\/12431\/revisions\/12470"}],"wp:featuredmedia":[{"embeddable":true,"href":"https:\/\/www.dakarmania.cz\/index.php\/wp-json\/wp\/v2\/media\/12439"}],"wp:attachment":[{"href":"https:\/\/www.dakarmania.cz\/index.php\/wp-json\/wp\/v2\/media?parent=12431"}],"wp:term":[{"taxonomy":"category","embeddable":true,"href":"https:\/\/www.dakarmania.cz\/index.php\/wp-json\/wp\/v2\/categories?post=12431"},{"taxonomy":"post_tag","embeddable":true,"href":"https:\/\/www.dakarmania.cz\/index.php\/wp-json\/wp\/v2\/tags?post=12431"}],"curies":[{"name":"wp","href":"https:\/\/api.w.org\/{rel}","templated":true}]}}