{"id":12502,"date":"2019-10-10T16:40:09","date_gmt":"2019-10-10T14:40:09","guid":{"rendered":"https:\/\/www.dakarmania.cz\/?p=12502"},"modified":"2019-10-29T12:32:50","modified_gmt":"2019-10-29T11:32:50","slug":"prokop-tohle-jsem-nechtel-zazit","status":"publish","type":"post","link":"https:\/\/www.dakarmania.cz\/index.php\/2019\/10\/10\/prokop-tohle-jsem-nechtel-zazit\/","title":{"rendered":"Martin Prokop: Tohle jsem nikdy necht\u011bl za\u017e\u00edt"},"content":{"rendered":"<p>[vc_row][vc_column][vc_column_text css_animation=&#8221;fadeIn&#8221;]<\/p>\n<h4>Martin Prokop a Jan Tom\u00e1nek m\u011bli ve t\u0159et\u00ed etap\u011b Rallye du Maroc 2019 v\u00e1\u017enou nehodu, po kter\u00e9 skon\u010dil zran\u011bn\u00fd navig\u00e1tor v p\u00e9\u010di l\u00e9ka\u0159\u016f. Hav\u00e1rii p\u0159edch\u00e1zela souhra n\u011bkolika negativn\u00edch okolnost\u00ed. Kv\u016fli n\u00edzk\u00e9 kvalit\u011b prvn\u00ed pomoci a n\u00e1sledn\u00e9 p\u00e9\u010de nav\u00edc drama \u010desk\u00e9 pos\u00e1dky pokra\u010dovalo je\u0161t\u011b n\u011bkolik hodin.<\/h4>\n<p><em>\u201eNa konci je to v\u017edycky jezdeck\u00e1 chyba. Jsou to naviga\u010dn\u00ed z\u00e1vody, jezdec rozhoduje, jak rychle a kudy pojede. Na druhou stranu po\u0159adatel mus\u00ed akceptovat, \u017ee tahle auta jsou opravdu hodn\u011b rychl\u00e1, a tomu by m\u011bl p\u0159izp\u016fsobit podm\u00ednky.<\/em> [\u0158editel z\u00e1vodu] <em><a href=\"\/index.php\/osobnosti\/david-castera\/\">David Castera<\/a> s t\u011bmito auty tak\u00e9 z\u00e1vodil, tak v\u00ed, o \u010dem to je,\u201c<\/em> je p\u0159esv\u011bd\u010den <strong>Martin Prokop<\/strong>. <em>\u201eKa\u017edop\u00e1dn\u011b kdy\u017e se n\u011bco takov\u00e9ho stane, v\u017edycky se sejde v\u00edc v\u011bc\u00ed najednou.\u201c<\/em><\/p>\n<p>A p\u0159esn\u011b k tomu do\u0161lo i tentokr\u00e1t.<\/p>\n<h4>Poprv\u00e9 podle \u201etajn\u00e9ho\u201c itiner\u00e1\u0159e<\/h4>\n<p>Marock\u00e1 sout\u011b\u017e m\u00e1 pov\u011bst jednoho z nejn\u00e1ro\u010dn\u011bj\u0161\u00edch podnik\u016f v kalend\u00e1\u0159i v\u00fdznamn\u00fdch sv\u011btov\u00fdch cross-country rally. Jej\u00ed obt\u00ed\u017enost nav\u00edc letos zv\u00fd\u0161ila dal\u0161\u00ed novinka, kter\u00e1 by se m\u011bla do budoucna st\u00e1t standardem: distribuce itiner\u00e1\u0159e t\u011bsn\u011b p\u0159ed startem jednotliv\u00fdch etap.[\/vc_column_text][vc_column_text css_animation=&#8221;fadeIn&#8221;]V\u016fbec poprv\u00e9 v historii dostali sout\u011b\u017e\u00edc\u00ed roadbook k dispozici a\u017e r\u00e1no pr\u00e1v\u011b p\u0159ed t\u0159et\u00ed etapou marock\u00e9ho z\u00e1vodu.<\/p>\n<p>Koncept je v\u0161eobecn\u011b p\u0159ij\u00edm\u00e1n sp\u00ed\u0161e pozitivn\u011b. Av\u0161ak \u017e\u00e1dn\u00fd u\u010den\u00fd z nebe nespadl, a tak i Caster\u016fv t\u00fdm teprve z\u00edsk\u00e1v\u00e1 pot\u0159ebn\u00e9 zku\u0161enosti. V obou etap\u00e1ch, kdy se jelo podle \u201eutajen\u00e9ho\u201c itiner\u00e1\u0159e, si \u0159ada \u00fa\u010dastn\u00edk\u016f st\u011b\u017eovala na absenci d\u016fle\u017eit\u00fdch \u00fadaj\u016f a upozorn\u011bn\u00ed. Ov\u0161em kdy\u017e se zkou\u0161\u00ed cokoliv nov\u00e9ho, k chyb\u00e1m doj\u00edt m\u016f\u017ee. D\u016fle\u017eit\u00e9 je se z nich pou\u010dit. A ti, kte\u0159\u00ed na n\u011b mohou doplatit, by m\u011bli m\u00edt prostor, aby na ne\u010dekan\u00e9 pot\u00ed\u017ee mohli reagovat. Jen\u017ee\u2026<\/p>\n<h4>Nestandardn\u00ed rozestupy<\/h4>\n<p>Ford t\u00fdmu MP-Sports vy\u0159adily z p\u0159edchoz\u00ed etapy technick\u00e9 probl\u00e9my. Kv\u016fli tomu vyr\u00e1\u017eeli <a href=\"\/index.php\/osobnosti\/martin-prokop\/\">Prokop<\/a> s <a href=\"\/index.php\/osobnosti\/jan-tomanek\/\">Tom\u00e1nkem<\/a> na tra\u0165 speci\u00e1lky (dlouh\u00e9 363 kilometr\u016f) tentokr\u00e1t a\u017e jako t\u0159in\u00e1ct\u00ed.<\/p>\n<p><em>\u201eNa v\u0161ech z\u00e1vodech je b\u011b\u017en\u00e9, \u017ee prvn\u00ed des\u00edtka startuje po t\u0159ech minut\u00e1ch, druh\u00e1 po dvou a t\u0159et\u00ed po minut\u011b. Tady jelo jen prvn\u00edch deset aut po dvou minut\u00e1ch a ostatn\u00ed po jedn\u00e9, co\u017e je p\u0159i dosahovan\u00fdch rychlostech a v prachu hodn\u011b nebezpe\u010dn\u00e9,\u201c<\/em> upozor\u0148uje zku\u0161en\u00fd jezdec, kter\u00fd se cross-country rally naplno v\u011bnuje u\u017e t\u0159et\u00ed sezonu. <em>\u201eOd za\u010d\u00e1tku sout\u011b\u017ee foukal v\u00edtr jen minim\u00e1ln\u011b a v pond\u011bl\u00ed se vzduch nehnul v\u016fbec. Proto jsme od r\u00e1na jeli n\u011bkolik hodin v prachu za Yazeedem<\/em> [Al-Rajhim] <em>a Nanim<\/em> [Romou]<em>. Do toho je\u0161t\u011b pomalej\u0161\u00ed motocyklist\u00e9.\u201c<\/em>[\/vc_column_text][vc_single_image image=&#8221;12497&#8243; img_size=&#8221;large&#8221; add_caption=&#8221;yes&#8221; alignment=&#8221;center&#8221; onclick=&#8221;link_image&#8221; css_animation=&#8221;fadeIn&#8221;][vc_column_text css_animation=&#8221;fadeIn&#8221;]<\/p>\n<h4>Bez varov\u00e1n\u00ed<\/h4>\n<p>V kategorii automobil\u016f bylo ru\u0161no u\u017e na 75. kilometru, kde se kv\u016fli po\u0161kozen\u00ed sv\u00fdch voz\u016f museli s dal\u0161\u00edm \u00fa\u010dinkov\u00e1n\u00edm v etap\u011b rozlou\u010dit <a href=\"\/index.php\/osobnosti\/fernando-alonso\/\">Fernando Alonso<\/a> a <a href=\"\/index.php\/osobnosti\/bernhard-ten-brinke\/\">Bernhard ten Brinke<\/a> s tov\u00e1rn\u00edmi Toyotami i Pol\u00e1k Aron Dom\u017ca\u0142a s buggy Can-Am. V\u0161ichni startovali v prvn\u00ed des\u00edtce, tedy p\u0159ed Prokopem.<\/p>\n<p><em>\u201eJednalo se o nebezpe\u010dn\u00e9 m\u00edsto, kter\u00e9 m\u011blo b\u00fdt ozna\u010deno t\u0159emi vyk\u0159i\u010dn\u00edky. Ov\u0161em v roadbooku nebyl ani jeden. To byla chyba. Nem\u016f\u017ee se st\u00e1t, \u017ee dvoj- nebo t\u0159\u00edvyk\u0159i\u010dn\u00edkov\u00e9 m\u00edsto nen\u00ed v itiner\u00e1\u0159i ozna\u010deno v\u016fbec.\u201c<\/em><\/p>\n<p><em>\u201eMy jsme tam m\u011bli probl\u00e9m taky. Dostali jsme r\u00e1nu, hnul jsem si s krkem a \u201ana\u010dali\u2018 jsme auto, tak\u017ee dal\u0161\u00ed j\u00edzda v\u016fbec nebyla komfortn\u00ed.\u201c<\/em><\/p>\n<p>Martin Prokop s Janem Tom\u00e1nkem bojovali d\u00e1l. Bez nad\u011bje na dobr\u00fd v\u00fdsledek v celkov\u00e9m hodnocen\u00ed sout\u011b\u017ee pokra\u010dovali v testov\u00e1n\u00ed techniky a p\u0159\u00edprav\u011b na <a href=\"\/index.php\/souteze\/dakar-2020\/\">Dakar 2020<\/a>. Sedmdes\u00e1t kilometr\u016f p\u0159ed c\u00edlem v\u0161ak p\u0159i\u0161la chv\u00edle, kter\u00e9 se v\u0161ichni z\u00e1vodn\u00edci ob\u00e1vaj\u00ed.[\/vc_column_text][vc_single_image image=&#8221;12499&#8243; img_size=&#8221;large&#8221; add_caption=&#8221;yes&#8221; alignment=&#8221;center&#8221; onclick=&#8221;link_image&#8221; css_animation=&#8221;fadeIn&#8221;][vc_column_text css_animation=&#8221;fadeIn&#8221;]<\/p>\n<h4>V\u00ed\u0161, \u017ee nem\u00e1\u0161 \u0161anci<\/h4>\n<p><em>\u201eByla to nehoda, jakou jsem nikdy necht\u011bl za\u017e\u00edt. Jede\u0161 naplno, najednou p\u0159ed sebou vid\u00ed\u0161 t\u0159i \u010dtvrt\u011b metru vysokou p\u0159ek\u00e1\u017eku a v\u00ed\u0161, \u017ee nem\u00e1\u0161 \u0161anci ji p\u0159ejet,\u201c<\/em> popisuje Prokop m\u00edsto, kde tra\u0165 k\u0159\u00ed\u017eila jin\u00e1 vyv\u00fd\u0161en\u00e1 pista. <em>\u201eZase \u0161lo o nebezpe\u010d\u00ed druh\u00e9ho nebo t\u0159et\u00edho stupn\u011b, ale v itiner\u00e1\u0159i nebylo v\u016fbec \u017e\u00e1dn\u00e9 varov\u00e1n\u00ed.\u201c<\/em><\/p>\n<p>Ford se startovn\u00edm \u010d\u00edslem 305 byl v tu chv\u00edli \u0161est\u00fdm nebo sedm\u00fdm automobilem na trati. Soupe\u0159i p\u0159ed n\u00edm p\u0159ek\u00e1\u017eku zdolali. D\u00edky v\u011bt\u0161\u00edm (dvouminutov\u00fdm) rozestup\u016fm v\u0161ak na rozd\u00edl od \u010desk\u00e9ho z\u00e1vodn\u00edka t\u011b\u017eili z lep\u0161\u00ed viditelnosti.<\/p>\n<p>Prokop\u016fv speci\u00e1l do p\u0159ek\u00e1\u017eky narazil a skon\u010dil v kotrmelc\u00edch. Jan Tom\u00e1nek ztratil v\u011bdom\u00ed.<\/p>\n<p><em>\u201eOkam\u017eit\u011b jsem b\u011b\u017eel Jendovi na pomoc. \u0160patn\u011b d\u00fdchal. V\u016fbec nechci dom\u00fd\u0161let, co by se stalo, kdybychom v aut\u011b z\u016fstali oba,\u201c<\/em> zah\u00e1n\u00ed nep\u0159\u00edjemn\u00e9 my\u0161lenky jezdec, kter\u00fd den p\u0159ed startem sout\u011b\u017ee oslavil 37. narozeniny.[\/vc_column_text][vc_single_image image=&#8221;12298&#8243; img_size=&#8221;large&#8221; add_caption=&#8221;yes&#8221; alignment=&#8221;center&#8221; onclick=&#8221;link_image&#8221; css_animation=&#8221;fadeIn&#8221;][vc_column_text css_animation=&#8221;fadeIn&#8221;]<\/p>\n<h4>Tristn\u00ed p\u0159\u00edstup po\u0159adatel\u016f<\/h4>\n<p>U havarovan\u00e9ho Fordu okam\u017eit\u011b zastavili <a href=\"\/index.php\/osobnosti\/nani-roma\/\">Nani Roma<\/a> s <a href=\"\/index.php\/osobnosti\/daniel-oliveras\/\">Danielem Oliverasem<\/a> a tak\u00e9 Erik van Loon a S\u00e9bastien Delaunay. P\u0159edev\u0161\u00edm nizozemsko-francouzsk\u00e1 pos\u00e1dka sehr\u00e1la d\u016fle\u017eitou roli.<\/p>\n<p><em>\u201eD\u00edky tomu, \u017ee mluv\u00ed francouzsky, okam\u017eit\u011b informovali po\u0159adatele, co se stalo a jak\u00e1 je situace. P\u0159esto do\u0161lo k obrovsk\u00e9 prodlev\u011b. P\u0159\u00edstup ze strany po\u0159adatele byl tristn\u00ed. Jsem stra\u0161n\u011b na\u0161tvan\u00fd,\u201c<\/em> neskr\u00fdv\u00e1 Prokop. <em>\u201eTrvalo patn\u00e1ct minut, ne\u017e v\u016fbec odstartoval vrtuln\u00edk.\u201c<\/em><\/p>\n<p><em>\u201eL\u00e9ka\u0159sk\u00e9 zabezpe\u010den\u00ed p\u0159i Rallye du Maroc nebylo dobr\u00e9. Jsme zvykl\u00ed na ur\u010ditou \u00farove\u0148. T\u0159eba z Abu Dhabi Desert Challenge, co\u017e je tak\u00e9 hodn\u011b nebezpe\u010dn\u00fd z\u00e1vod. Pokud jde o nebezpe\u010dnost, je na tom Maroko \u00fapln\u011b stejn\u011b. Proto bych o\u010dek\u00e1val i stejnou kvalitu zabezpe\u010den\u00ed. Ale opak byl pravdou.\u201c<\/em><\/p>\n<p>Situace toti\u017e nebyla o mnoho lep\u0161\u00ed ani po p\u0159\u00edletu z\u00e1chrann\u00e9ho t\u00fdmu.<\/p>\n<p><em>\u201eTrvalo hodinu a p\u016fl, ne\u017e vrtuln\u00edk z m\u00edsta nehody odlet\u011bl. A to jen proto, \u017ee z\u00e1chran\u00e1\u0159i se nedok\u00e1zali dohodnout, co se m\u00e1 ud\u011blat. V pos\u00e1dce vrtuln\u00edku nav\u00edc nebyl paramedic. Nev\u00edm, jestli to byl v\u0161eobecn\u00fd doktor, ale z\u00e1chran\u00e1\u0159 to nebyl ur\u010dit\u011b. Bylo to v\u00e1\u017en\u011b hrozn\u00e9. Do jejich p\u0159\u00edletu jsem dr\u017eel Jendovi hlavu, aby se mu nic nestalo v p\u0159\u00edpad\u011b, \u017ee by m\u011bl poran\u011bnou p\u00e1te\u0159. Nakonec jsem ho stejn\u011b z auta vynd\u00e1val j\u00e1. Doktor ani neum\u011bl zafixovat krk.\u201c<\/em>[\/vc_column_text][vc_single_image image=&#8221;12500&#8243; img_size=&#8221;large&#8221; add_caption=&#8221;yes&#8221; alignment=&#8221;center&#8221; onclick=&#8221;link_image&#8221; css_animation=&#8221;fadeIn&#8221;][vc_column_text css_animation=&#8221;fadeIn&#8221;]<em>\u201eDo nemocnice se Jenda dostal a\u017e \u010dty\u0159i hodiny po nehod\u011b. Nejd\u0159\u00edv ho p\u0159evezli do m\u00edstn\u00edho za\u0159\u00edzen\u00ed, kde jsem ho v jeden\u00e1ct ve\u010der na\u0161el a zd\u011bsil jsem se. Vypadalo to tam jako ve st\u0159edov\u011bku.\u201c<\/em><\/p>\n<p><em>\u201eNal\u00e9hali jsme na transport na kliniku do Mar\u00e1kke\u0161e, ale \u0159ekli n\u00e1m, \u017ee v noci nemohou let\u011bt. Na\u0161t\u011bst\u00ed jsme zjistili, \u017ee v r\u00e1mci poji\u0161t\u011bn\u00ed m\u00e1me n\u00e1rok na leteckou ambulanci, kter\u00e1 l\u00e9t\u00e1 po\u0159\u00e1d,\u201c<\/em> pokra\u010duje Martin Prokop, kter\u00fd byl za pomoc p\u0159i jedn\u00e1n\u00edch s po\u0159adateli velmi vd\u011b\u010dn\u00fd Sabrimu Bougattasovi z t\u00fdmu Moto Racing Group, jen\u017e hovo\u0159\u00ed francouzsky i arabsky.<\/p>\n<p><em>\u201eV p\u016fl druh\u00e9 v noci Jenda kone\u010dn\u011b odlet\u011bl. Ani nemyslet, jak p\u0159i takov\u00e9 prodlev\u011b mohlo v\u0161echno dopadnout, pokud by zran\u011bn\u00ed bylo je\u0161t\u011b v\u00e1\u017en\u011bj\u0161\u00ed.\u201c<\/em><\/p>\n<h4>Dobr\u00e9 zpr\u00e1vy<\/h4>\n<p>Na mar\u00e1kke\u0161sk\u00e9 klinice se Janu Tom\u00e1nkovi dostalo nejlep\u0161\u00ed p\u00e9\u010de, jak\u00e1 je v Maroku dostupn\u00e1. Vy\u0161et\u0159en\u00ed proveden\u00e1 v n\u00e1sleduj\u00edc\u00edch hodin\u00e1ch na\u0161t\u011bst\u00ed potvrdila, \u017ee krevn\u00ed sra\u017eenina v hlav\u011b nen\u00ed na nebezpe\u010dn\u00e9m m\u00edst\u011b.[\/vc_column_text][vc_single_image image=&#8221;12498&#8243; img_size=&#8221;large&#8221; add_caption=&#8221;yes&#8221; alignment=&#8221;center&#8221; onclick=&#8221;link_image&#8221; css_animation=&#8221;fadeIn&#8221;][vc_column_text css_animation=&#8221;fadeIn&#8221;]<em>\u201eJenda z\u016fst\u00e1v\u00e1 na jednotce intenzivn\u00ed p\u00e9\u010de, je mu trochu l\u00e9pe, ale transport do \u010cesk\u00e9 republiky bude mo\u017en\u00fd asi a\u017e po v\u00edkendu,\u201c<\/em> informoval ve \u010dtvrtek odpoledne o aktu\u00e1ln\u00edm stavu sv\u00e9ho navig\u00e1tora Prokop.<\/p>\n<h4>Dakar nen\u00ed na po\u0159adu dne<\/h4>\n<p>Necel\u00e9 t\u0159i m\u011bs\u00edce p\u0159ed startem Dakaru 2020 p\u0159i\u0161el MP-Sports p\u0159i nehod\u011b o sv\u016fj z\u00e1vodn\u00ed speci\u00e1l.<\/p>\n<p><em>\u201eAuto je \u00fapln\u011b zlikvidovan\u00e9. Takhle t\u011b\u017ekou nehodu jsem je\u0161t\u011b nikdy nem\u011bl. Ale Dakar te\u010f v\u016fbec nen\u00ed na po\u0159adu dne. D\u016fle\u017eit\u00e9 je, aby byl Jenda v pohod\u011b. Kdy\u017e jsem ho p\u0159i nakl\u00e1d\u00e1n\u00ed do leteck\u00e9 ambulance vid\u011bl naposledy, nevypadal v\u016fbec dob\u0159e. Te\u010f jde hlavn\u011b o n\u011bj,\u201c<\/em> uzav\u00edr\u00e1 Martin Prokop.[\/vc_column_text][\/vc_column][\/vc_row]<\/p>\n","protected":false},"excerpt":{"rendered":"<p>Martin Prokop a Jan Tom\u00e1nek m\u011bli ve t\u0159et\u00ed etap\u011b Rallye du Maroc 2019 v\u00e1\u017enou nehodu, po kter\u00e9 skon\u010dil zran\u011bn\u00fd navig\u00e1tor v p\u00e9\u010di l\u00e9ka\u0159\u016f.<\/p>\n","protected":false},"author":1,"featured_media":12501,"comment_status":"open","ping_status":"closed","sticky":false,"template":"","format":"standard","meta":{"footnotes":""},"categories":[3,97,1191],"tags":[425,11,6,5,4,1192,247,105,413],"class_list":["post-12502","post","type-post","status-publish","format-standard","has-post-thumbnail","hentry","category-auto","category-fia-ccr","category-rallye-du-maroc","tag-425","tag-ford","tag-jan-tomanek","tag-martin-prokop","tag-mp-sports","tag-rallye-du-maroc","tag-rallye-du-maroc-2019","tag-sp-fia-ccr","tag-sp-fia-ccr-2019"],"yoast_head":"<!-- This site is optimized with the Yoast SEO plugin v24.9 - https:\/\/yoast.com\/wordpress\/plugins\/seo\/ -->\n<title>Martin Prokop: Tohle jsem nikdy necht\u011bl za\u017e\u00edt - DAKARMANIA.cz<\/title>\n<meta name=\"description\" content=\"Martin Prokop a Jan Tom\u00e1nek m\u011bli ve t\u0159et\u00ed etap\u011b Rallye du Maroc 2019 v\u00e1\u017enou nehodu, po kter\u00e9 skon\u010dil zran\u011bn\u00fd navig\u00e1tor v p\u00e9\u010di l\u00e9ka\u0159\u016f.\" \/>\n<meta name=\"robots\" content=\"index, follow, max-snippet:-1, max-image-preview:large, max-video-preview:-1\" \/>\n<link rel=\"canonical\" href=\"https:\/\/www.dakarmania.cz\/index.php\/2019\/10\/10\/prokop-tohle-jsem-nechtel-zazit\/\" \/>\n<meta property=\"og:locale\" content=\"cs_CZ\" \/>\n<meta property=\"og:type\" content=\"article\" \/>\n<meta property=\"og:title\" content=\"Martin Prokop: Tohle jsem nikdy necht\u011bl za\u017e\u00edt - DAKARMANIA.cz\" \/>\n<meta property=\"og:description\" content=\"Martin Prokop a Jan Tom\u00e1nek m\u011bli ve t\u0159et\u00ed etap\u011b Rallye du Maroc 2019 v\u00e1\u017enou nehodu, po kter\u00e9 skon\u010dil zran\u011bn\u00fd navig\u00e1tor v p\u00e9\u010di l\u00e9ka\u0159\u016f.\" \/>\n<meta property=\"og:url\" content=\"https:\/\/www.dakarmania.cz\/index.php\/2019\/10\/10\/prokop-tohle-jsem-nechtel-zazit\/\" \/>\n<meta property=\"og:site_name\" content=\"DAKARMANIA.cz\" \/>\n<meta property=\"article:publisher\" content=\"https:\/\/www.facebook.com\/dakarmania\/\" \/>\n<meta property=\"article:published_time\" content=\"2019-10-10T14:40:09+00:00\" \/>\n<meta property=\"article:modified_time\" content=\"2019-10-29T11:32:50+00:00\" \/>\n<meta property=\"og:image\" content=\"https:\/\/www.dakarmania.cz\/wp-content\/uploads\/2019\/10\/19-martin-prokop-01.jpg\" \/>\n\t<meta property=\"og:image:width\" content=\"1024\" \/>\n\t<meta property=\"og:image:height\" content=\"683\" \/>\n\t<meta property=\"og:image:type\" content=\"image\/jpeg\" \/>\n<meta name=\"author\" content=\"Zden\u011bk Zelenka\" \/>\n<meta name=\"twitter:card\" content=\"summary_large_image\" \/>\n<meta name=\"twitter:label1\" content=\"Napsal(a)\" \/>\n\t<meta name=\"twitter:data1\" content=\"Zden\u011bk Zelenka\" \/>\n\t<meta name=\"twitter:label2\" content=\"Odhadovan\u00e1 doba \u010dten\u00ed\" \/>\n\t<meta name=\"twitter:data2\" content=\"8 minut\" \/>\n<script type=\"application\/ld+json\" class=\"yoast-schema-graph\">{\"@context\":\"https:\/\/schema.org\",\"@graph\":[{\"@type\":\"Article\",\"@id\":\"https:\/\/www.dakarmania.cz\/index.php\/2019\/10\/10\/prokop-tohle-jsem-nechtel-zazit\/#article\",\"isPartOf\":{\"@id\":\"https:\/\/www.dakarmania.cz\/index.php\/2019\/10\/10\/prokop-tohle-jsem-nechtel-zazit\/\"},\"author\":{\"name\":\"Zden\u011bk Zelenka\",\"@id\":\"https:\/\/www.dakarmania.cz\/#\/schema\/person\/04eb0e87a389631c2169c0dddae7ff1e\"},\"headline\":\"Martin Prokop: Tohle jsem nikdy necht\u011bl za\u017e\u00edt\",\"datePublished\":\"2019-10-10T14:40:09+00:00\",\"dateModified\":\"2019-10-29T11:32:50+00:00\",\"mainEntityOfPage\":{\"@id\":\"https:\/\/www.dakarmania.cz\/index.php\/2019\/10\/10\/prokop-tohle-jsem-nechtel-zazit\/\"},\"wordCount\":1669,\"commentCount\":0,\"publisher\":{\"@id\":\"https:\/\/www.dakarmania.cz\/#organization\"},\"image\":{\"@id\":\"https:\/\/www.dakarmania.cz\/index.php\/2019\/10\/10\/prokop-tohle-jsem-nechtel-zazit\/#primaryimage\"},\"thumbnailUrl\":\"https:\/\/www.dakarmania.cz\/wp-content\/uploads\/2019\/10\/19-martin-prokop-01.jpg\",\"keywords\":[\"2019\",\"Ford\",\"Jan Tom\u00e1nek\",\"Martin Prokop\",\"MP-Sports\",\"Rallye du Maroc\",\"Rallye du Maroc 2019\",\"SP FIA CCR\",\"SP FIA CCR 2019\"],\"articleSection\":[\"Auto\",\"FIA SP CCR\",\"Rallye du Maroc\"],\"inLanguage\":\"cs\",\"potentialAction\":[{\"@type\":\"CommentAction\",\"name\":\"Comment\",\"target\":[\"https:\/\/www.dakarmania.cz\/index.php\/2019\/10\/10\/prokop-tohle-jsem-nechtel-zazit\/#respond\"]}]},{\"@type\":\"WebPage\",\"@id\":\"https:\/\/www.dakarmania.cz\/index.php\/2019\/10\/10\/prokop-tohle-jsem-nechtel-zazit\/\",\"url\":\"https:\/\/www.dakarmania.cz\/index.php\/2019\/10\/10\/prokop-tohle-jsem-nechtel-zazit\/\",\"name\":\"Martin Prokop: Tohle jsem nikdy necht\u011bl za\u017e\u00edt - DAKARMANIA.cz\",\"isPartOf\":{\"@id\":\"https:\/\/www.dakarmania.cz\/#website\"},\"primaryImageOfPage\":{\"@id\":\"https:\/\/www.dakarmania.cz\/index.php\/2019\/10\/10\/prokop-tohle-jsem-nechtel-zazit\/#primaryimage\"},\"image\":{\"@id\":\"https:\/\/www.dakarmania.cz\/index.php\/2019\/10\/10\/prokop-tohle-jsem-nechtel-zazit\/#primaryimage\"},\"thumbnailUrl\":\"https:\/\/www.dakarmania.cz\/wp-content\/uploads\/2019\/10\/19-martin-prokop-01.jpg\",\"datePublished\":\"2019-10-10T14:40:09+00:00\",\"dateModified\":\"2019-10-29T11:32:50+00:00\",\"description\":\"Martin Prokop a Jan Tom\u00e1nek m\u011bli ve t\u0159et\u00ed etap\u011b Rallye du Maroc 2019 v\u00e1\u017enou nehodu, po kter\u00e9 skon\u010dil zran\u011bn\u00fd navig\u00e1tor v p\u00e9\u010di l\u00e9ka\u0159\u016f.\",\"breadcrumb\":{\"@id\":\"https:\/\/www.dakarmania.cz\/index.php\/2019\/10\/10\/prokop-tohle-jsem-nechtel-zazit\/#breadcrumb\"},\"inLanguage\":\"cs\",\"potentialAction\":[{\"@type\":\"ReadAction\",\"target\":[\"https:\/\/www.dakarmania.cz\/index.php\/2019\/10\/10\/prokop-tohle-jsem-nechtel-zazit\/\"]}]},{\"@type\":\"ImageObject\",\"inLanguage\":\"cs\",\"@id\":\"https:\/\/www.dakarmania.cz\/index.php\/2019\/10\/10\/prokop-tohle-jsem-nechtel-zazit\/#primaryimage\",\"url\":\"https:\/\/www.dakarmania.cz\/wp-content\/uploads\/2019\/10\/19-martin-prokop-01.jpg\",\"contentUrl\":\"https:\/\/www.dakarmania.cz\/wp-content\/uploads\/2019\/10\/19-martin-prokop-01.jpg\",\"width\":1024,\"height\":683,\"caption\":\"Martin Prokop, MP-Sports. \u00a9 MP-Sports\"},{\"@type\":\"BreadcrumbList\",\"@id\":\"https:\/\/www.dakarmania.cz\/index.php\/2019\/10\/10\/prokop-tohle-jsem-nechtel-zazit\/#breadcrumb\",\"itemListElement\":[{\"@type\":\"ListItem\",\"position\":1,\"name\":\"Dom\u016f\",\"item\":\"https:\/\/www.dakarmania.cz\/\"},{\"@type\":\"ListItem\",\"position\":2,\"name\":\"Martin Prokop: Tohle jsem nikdy necht\u011bl za\u017e\u00edt\"}]},{\"@type\":\"WebSite\",\"@id\":\"https:\/\/www.dakarmania.cz\/#website\",\"url\":\"https:\/\/www.dakarmania.cz\/\",\"name\":\"DAKARMANIA.cz\",\"description\":\"\u017dijeme Dakarem cel\u00fd rok\",\"publisher\":{\"@id\":\"https:\/\/www.dakarmania.cz\/#organization\"},\"potentialAction\":[{\"@type\":\"SearchAction\",\"target\":{\"@type\":\"EntryPoint\",\"urlTemplate\":\"https:\/\/www.dakarmania.cz\/?s={search_term_string}\"},\"query-input\":{\"@type\":\"PropertyValueSpecification\",\"valueRequired\":true,\"valueName\":\"search_term_string\"}}],\"inLanguage\":\"cs\"},{\"@type\":\"Organization\",\"@id\":\"https:\/\/www.dakarmania.cz\/#organization\",\"name\":\"DAKAR MANIA\",\"url\":\"https:\/\/www.dakarmania.cz\/\",\"logo\":{\"@type\":\"ImageObject\",\"inLanguage\":\"cs\",\"@id\":\"https:\/\/www.dakarmania.cz\/#\/schema\/logo\/image\/\",\"url\":\"https:\/\/www.dakarmania.cz\/wp-content\/uploads\/2018\/12\/Dakar-Mania-Logo-Square-Orange.png\",\"contentUrl\":\"https:\/\/www.dakarmania.cz\/wp-content\/uploads\/2018\/12\/Dakar-Mania-Logo-Square-Orange.png\",\"width\":992,\"height\":992,\"caption\":\"DAKAR MANIA\"},\"image\":{\"@id\":\"https:\/\/www.dakarmania.cz\/#\/schema\/logo\/image\/\"},\"sameAs\":[\"https:\/\/www.facebook.com\/dakarmania\/\"]},{\"@type\":\"Person\",\"@id\":\"https:\/\/www.dakarmania.cz\/#\/schema\/person\/04eb0e87a389631c2169c0dddae7ff1e\",\"name\":\"Zden\u011bk Zelenka\",\"image\":{\"@type\":\"ImageObject\",\"inLanguage\":\"cs\",\"@id\":\"https:\/\/www.dakarmania.cz\/#\/schema\/person\/image\/\",\"url\":\"https:\/\/secure.gravatar.com\/avatar\/2c80d5a4942fe0900b73cc7d3837a509d6ee0a276a2b76dac95c92bd0763a89b?s=96&d=mm&r=g\",\"contentUrl\":\"https:\/\/secure.gravatar.com\/avatar\/2c80d5a4942fe0900b73cc7d3837a509d6ee0a276a2b76dac95c92bd0763a89b?s=96&d=mm&r=g\",\"caption\":\"Zden\u011bk Zelenka\"},\"description\":\"Moji d\u011bt\u0161t\u00ed hrdinov\u00e9 se jmenovali Loprais, Moskal, Neveu, Vatanen, Rahier... A tihle borci, jejich n\u00e1sledovn\u00edci a jejich p\u0159\u00edb\u011bhy m\u011b nep\u0159estali fascinovat ani po letech, kdy jsem vyrostl a zam\u011bstn\u00e1valy m\u011b jin\u00e9 discipl\u00edny motorsportu. Proto se zrodila DAKARMANIA.\",\"url\":\"https:\/\/www.dakarmania.cz\/index.php\/author\/dakarmania\/\"}]}<\/script>\n<!-- \/ Yoast SEO plugin. -->","yoast_head_json":{"title":"Martin Prokop: Tohle jsem nikdy necht\u011bl za\u017e\u00edt - DAKARMANIA.cz","description":"Martin Prokop a Jan Tom\u00e1nek m\u011bli ve t\u0159et\u00ed etap\u011b Rallye du Maroc 2019 v\u00e1\u017enou nehodu, po kter\u00e9 skon\u010dil zran\u011bn\u00fd navig\u00e1tor v p\u00e9\u010di l\u00e9ka\u0159\u016f.","robots":{"index":"index","follow":"follow","max-snippet":"max-snippet:-1","max-image-preview":"max-image-preview:large","max-video-preview":"max-video-preview:-1"},"canonical":"https:\/\/www.dakarmania.cz\/index.php\/2019\/10\/10\/prokop-tohle-jsem-nechtel-zazit\/","og_locale":"cs_CZ","og_type":"article","og_title":"Martin Prokop: Tohle jsem nikdy necht\u011bl za\u017e\u00edt - DAKARMANIA.cz","og_description":"Martin Prokop a Jan Tom\u00e1nek m\u011bli ve t\u0159et\u00ed etap\u011b Rallye du Maroc 2019 v\u00e1\u017enou nehodu, po kter\u00e9 skon\u010dil zran\u011bn\u00fd navig\u00e1tor v p\u00e9\u010di l\u00e9ka\u0159\u016f.","og_url":"https:\/\/www.dakarmania.cz\/index.php\/2019\/10\/10\/prokop-tohle-jsem-nechtel-zazit\/","og_site_name":"DAKARMANIA.cz","article_publisher":"https:\/\/www.facebook.com\/dakarmania\/","article_published_time":"2019-10-10T14:40:09+00:00","article_modified_time":"2019-10-29T11:32:50+00:00","og_image":[{"width":1024,"height":683,"url":"https:\/\/www.dakarmania.cz\/wp-content\/uploads\/2019\/10\/19-martin-prokop-01.jpg","type":"image\/jpeg"}],"author":"Zden\u011bk Zelenka","twitter_card":"summary_large_image","twitter_misc":{"Napsal(a)":"Zden\u011bk Zelenka","Odhadovan\u00e1 doba \u010dten\u00ed":"8 minut"},"schema":{"@context":"https:\/\/schema.org","@graph":[{"@type":"Article","@id":"https:\/\/www.dakarmania.cz\/index.php\/2019\/10\/10\/prokop-tohle-jsem-nechtel-zazit\/#article","isPartOf":{"@id":"https:\/\/www.dakarmania.cz\/index.php\/2019\/10\/10\/prokop-tohle-jsem-nechtel-zazit\/"},"author":{"name":"Zden\u011bk Zelenka","@id":"https:\/\/www.dakarmania.cz\/#\/schema\/person\/04eb0e87a389631c2169c0dddae7ff1e"},"headline":"Martin Prokop: Tohle jsem nikdy necht\u011bl za\u017e\u00edt","datePublished":"2019-10-10T14:40:09+00:00","dateModified":"2019-10-29T11:32:50+00:00","mainEntityOfPage":{"@id":"https:\/\/www.dakarmania.cz\/index.php\/2019\/10\/10\/prokop-tohle-jsem-nechtel-zazit\/"},"wordCount":1669,"commentCount":0,"publisher":{"@id":"https:\/\/www.dakarmania.cz\/#organization"},"image":{"@id":"https:\/\/www.dakarmania.cz\/index.php\/2019\/10\/10\/prokop-tohle-jsem-nechtel-zazit\/#primaryimage"},"thumbnailUrl":"https:\/\/www.dakarmania.cz\/wp-content\/uploads\/2019\/10\/19-martin-prokop-01.jpg","keywords":["2019","Ford","Jan Tom\u00e1nek","Martin Prokop","MP-Sports","Rallye du Maroc","Rallye du Maroc 2019","SP FIA CCR","SP FIA CCR 2019"],"articleSection":["Auto","FIA SP CCR","Rallye du Maroc"],"inLanguage":"cs","potentialAction":[{"@type":"CommentAction","name":"Comment","target":["https:\/\/www.dakarmania.cz\/index.php\/2019\/10\/10\/prokop-tohle-jsem-nechtel-zazit\/#respond"]}]},{"@type":"WebPage","@id":"https:\/\/www.dakarmania.cz\/index.php\/2019\/10\/10\/prokop-tohle-jsem-nechtel-zazit\/","url":"https:\/\/www.dakarmania.cz\/index.php\/2019\/10\/10\/prokop-tohle-jsem-nechtel-zazit\/","name":"Martin Prokop: Tohle jsem nikdy necht\u011bl za\u017e\u00edt - DAKARMANIA.cz","isPartOf":{"@id":"https:\/\/www.dakarmania.cz\/#website"},"primaryImageOfPage":{"@id":"https:\/\/www.dakarmania.cz\/index.php\/2019\/10\/10\/prokop-tohle-jsem-nechtel-zazit\/#primaryimage"},"image":{"@id":"https:\/\/www.dakarmania.cz\/index.php\/2019\/10\/10\/prokop-tohle-jsem-nechtel-zazit\/#primaryimage"},"thumbnailUrl":"https:\/\/www.dakarmania.cz\/wp-content\/uploads\/2019\/10\/19-martin-prokop-01.jpg","datePublished":"2019-10-10T14:40:09+00:00","dateModified":"2019-10-29T11:32:50+00:00","description":"Martin Prokop a Jan Tom\u00e1nek m\u011bli ve t\u0159et\u00ed etap\u011b Rallye du Maroc 2019 v\u00e1\u017enou nehodu, po kter\u00e9 skon\u010dil zran\u011bn\u00fd navig\u00e1tor v p\u00e9\u010di l\u00e9ka\u0159\u016f.","breadcrumb":{"@id":"https:\/\/www.dakarmania.cz\/index.php\/2019\/10\/10\/prokop-tohle-jsem-nechtel-zazit\/#breadcrumb"},"inLanguage":"cs","potentialAction":[{"@type":"ReadAction","target":["https:\/\/www.dakarmania.cz\/index.php\/2019\/10\/10\/prokop-tohle-jsem-nechtel-zazit\/"]}]},{"@type":"ImageObject","inLanguage":"cs","@id":"https:\/\/www.dakarmania.cz\/index.php\/2019\/10\/10\/prokop-tohle-jsem-nechtel-zazit\/#primaryimage","url":"https:\/\/www.dakarmania.cz\/wp-content\/uploads\/2019\/10\/19-martin-prokop-01.jpg","contentUrl":"https:\/\/www.dakarmania.cz\/wp-content\/uploads\/2019\/10\/19-martin-prokop-01.jpg","width":1024,"height":683,"caption":"Martin Prokop, MP-Sports. \u00a9 MP-Sports"},{"@type":"BreadcrumbList","@id":"https:\/\/www.dakarmania.cz\/index.php\/2019\/10\/10\/prokop-tohle-jsem-nechtel-zazit\/#breadcrumb","itemListElement":[{"@type":"ListItem","position":1,"name":"Dom\u016f","item":"https:\/\/www.dakarmania.cz\/"},{"@type":"ListItem","position":2,"name":"Martin Prokop: Tohle jsem nikdy necht\u011bl za\u017e\u00edt"}]},{"@type":"WebSite","@id":"https:\/\/www.dakarmania.cz\/#website","url":"https:\/\/www.dakarmania.cz\/","name":"DAKARMANIA.cz","description":"\u017dijeme Dakarem cel\u00fd rok","publisher":{"@id":"https:\/\/www.dakarmania.cz\/#organization"},"potentialAction":[{"@type":"SearchAction","target":{"@type":"EntryPoint","urlTemplate":"https:\/\/www.dakarmania.cz\/?s={search_term_string}"},"query-input":{"@type":"PropertyValueSpecification","valueRequired":true,"valueName":"search_term_string"}}],"inLanguage":"cs"},{"@type":"Organization","@id":"https:\/\/www.dakarmania.cz\/#organization","name":"DAKAR MANIA","url":"https:\/\/www.dakarmania.cz\/","logo":{"@type":"ImageObject","inLanguage":"cs","@id":"https:\/\/www.dakarmania.cz\/#\/schema\/logo\/image\/","url":"https:\/\/www.dakarmania.cz\/wp-content\/uploads\/2018\/12\/Dakar-Mania-Logo-Square-Orange.png","contentUrl":"https:\/\/www.dakarmania.cz\/wp-content\/uploads\/2018\/12\/Dakar-Mania-Logo-Square-Orange.png","width":992,"height":992,"caption":"DAKAR MANIA"},"image":{"@id":"https:\/\/www.dakarmania.cz\/#\/schema\/logo\/image\/"},"sameAs":["https:\/\/www.facebook.com\/dakarmania\/"]},{"@type":"Person","@id":"https:\/\/www.dakarmania.cz\/#\/schema\/person\/04eb0e87a389631c2169c0dddae7ff1e","name":"Zden\u011bk Zelenka","image":{"@type":"ImageObject","inLanguage":"cs","@id":"https:\/\/www.dakarmania.cz\/#\/schema\/person\/image\/","url":"https:\/\/secure.gravatar.com\/avatar\/2c80d5a4942fe0900b73cc7d3837a509d6ee0a276a2b76dac95c92bd0763a89b?s=96&d=mm&r=g","contentUrl":"https:\/\/secure.gravatar.com\/avatar\/2c80d5a4942fe0900b73cc7d3837a509d6ee0a276a2b76dac95c92bd0763a89b?s=96&d=mm&r=g","caption":"Zden\u011bk Zelenka"},"description":"Moji d\u011bt\u0161t\u00ed hrdinov\u00e9 se jmenovali Loprais, Moskal, Neveu, Vatanen, Rahier... A tihle borci, jejich n\u00e1sledovn\u00edci a jejich p\u0159\u00edb\u011bhy m\u011b nep\u0159estali fascinovat ani po letech, kdy jsem vyrostl a zam\u011bstn\u00e1valy m\u011b jin\u00e9 discipl\u00edny motorsportu. Proto se zrodila DAKARMANIA.","url":"https:\/\/www.dakarmania.cz\/index.php\/author\/dakarmania\/"}]}},"amp_enabled":true,"_links":{"self":[{"href":"https:\/\/www.dakarmania.cz\/index.php\/wp-json\/wp\/v2\/posts\/12502","targetHints":{"allow":["GET"]}}],"collection":[{"href":"https:\/\/www.dakarmania.cz\/index.php\/wp-json\/wp\/v2\/posts"}],"about":[{"href":"https:\/\/www.dakarmania.cz\/index.php\/wp-json\/wp\/v2\/types\/post"}],"author":[{"embeddable":true,"href":"https:\/\/www.dakarmania.cz\/index.php\/wp-json\/wp\/v2\/users\/1"}],"replies":[{"embeddable":true,"href":"https:\/\/www.dakarmania.cz\/index.php\/wp-json\/wp\/v2\/comments?post=12502"}],"version-history":[{"count":5,"href":"https:\/\/www.dakarmania.cz\/index.php\/wp-json\/wp\/v2\/posts\/12502\/revisions"}],"predecessor-version":[{"id":12918,"href":"https:\/\/www.dakarmania.cz\/index.php\/wp-json\/wp\/v2\/posts\/12502\/revisions\/12918"}],"wp:featuredmedia":[{"embeddable":true,"href":"https:\/\/www.dakarmania.cz\/index.php\/wp-json\/wp\/v2\/media\/12501"}],"wp:attachment":[{"href":"https:\/\/www.dakarmania.cz\/index.php\/wp-json\/wp\/v2\/media?parent=12502"}],"wp:term":[{"taxonomy":"category","embeddable":true,"href":"https:\/\/www.dakarmania.cz\/index.php\/wp-json\/wp\/v2\/categories?post=12502"},{"taxonomy":"post_tag","embeddable":true,"href":"https:\/\/www.dakarmania.cz\/index.php\/wp-json\/wp\/v2\/tags?post=12502"}],"curies":[{"name":"wp","href":"https:\/\/api.w.org\/{rel}","templated":true}]}}