{"id":12659,"date":"2019-10-16T16:46:22","date_gmt":"2019-10-16T14:46:22","guid":{"rendered":"https:\/\/www.dakarmania.cz\/?p=12659"},"modified":"2019-11-14T08:54:58","modified_gmt":"2019-11-14T07:54:58","slug":"aer-2020-tresnickou-na-dortu-tidzikdza","status":"publish","type":"post","link":"https:\/\/www.dakarmania.cz\/index.php\/2019\/10\/16\/aer-2020-tresnickou-na-dortu-tidzikdza\/","title":{"rendered":"Africa Race 2020: T\u0159e\u0161ni\u010dkou na dortu Tid\u017eikd\u017ea"},"content":{"rendered":"<p>[vc_row][vc_column][vc_column_text css_animation=&#8221;fadeIn&#8221;]<\/p>\n<h4>Dvan\u00e1ct\u00fd ro\u010dn\u00edk Africa Eco Race zpest\u0159\u00ed \u0159ada novinek. K nejatraktivn\u011bj\u0161\u00edm inovac\u00edm evokuj\u00edc\u00edm africkou epochu Rally Dakar maj\u00ed pat\u0159it etapy v okol\u00ed mauret\u00e1nsk\u00e9 Tid\u017eikd\u017ei.<\/h4>\n<p><a href=\"\/index.php\/souteze\/aer-2020\/\">Africa Eco Race 2020<\/a> odstartuje v sobotu 4. ledna v Monaku. V pr\u016fb\u011bhu n\u00e1sleduj\u00edc\u00edch dvou t\u00fddn\u016f \u010dek\u00e1 na \u00fa\u010dastn\u00edky dvan\u00e1ct etap o celkov\u00e9 d\u00e9lce 6000 kilometr\u016f, z nich\u017e se v\u00edce ne\u017e 4000 pojede v r\u00e1mci rychlostn\u00edch zkou\u0161ek. Z\u00e1vodit se bude na \u00fazem\u00ed Maroka, Mauret\u00e1nie a Senegalu. Do c\u00edle na b\u0159ez\u00edch R\u016f\u017eov\u00e9ho jezera u senegalsk\u00e9 metropole Dakaru doraz\u00ed \u00fasp\u011b\u0161n\u00ed poko\u0159itel\u00e9 v\u0161ech n\u00e1strah v ned\u011bli 19. ledna.<\/p>\n<h4>V\u011bt\u0161\u00ed show, bli\u017e\u0161\u00ed p\u0159\u00edstav<\/h4>\n<p>Technick\u00e9 a administrativn\u00ed p\u0159ej\u00edmky prob\u011bhnou u\u017e tradi\u010dn\u011b v Mentonu (3. a 4. ledna) a nem\u011bn\u00ed se ani m\u00edsto startu. Ov\u0161em tentokr\u00e1t vyraz\u00ed z\u00e1vodn\u00edci z Monte Carla a\u017e ve\u010der, tak\u017ee slavnostn\u00ed ceremoni\u00e1l prob\u011bhne v atraktivn\u00edch kulis\u00e1ch osv\u011btlen\u00e9ho m\u011bsta.[\/vc_column_text][vc_single_image image=&#8221;12656&#8243; img_size=&#8221;large&#8221; alignment=&#8221;center&#8221; onclick=&#8221;link_image&#8221; css_animation=&#8221;fadeIn&#8221;][vc_column_text css_animation=&#8221;fadeIn&#8221;]Karavana AER n\u00e1sledn\u011b zam\u00ed\u0159\u00ed do Savony. Italsk\u00fd p\u0159\u00edstav le\u017e\u00ed t\u00e9m\u011b\u0159 o 300 kilometr\u016f bl\u00ed\u017ee ne\u017e francouzsk\u00e9 S\u00e8te, odkud se do Afriky odplouvalo v p\u0159edchoz\u00edch letech.<\/p>\n<h4>Nov\u00e9 trat\u011b v Maroku<\/h4>\n<p>Vylod\u011bn\u00ed v marock\u00e9m Tangeru, kter\u00fd st\u0159\u00edd\u00e1 Nador, prob\u011bhne v rann\u00edch hodin\u00e1ch v \u00fater\u00fd 7. ledna. Hned t\u00e9ho\u017e dne se z\u00e1vod vyd\u00e1 na jihov\u00fdchod. Po\u0159adatel\u00e9 se cht\u011bj\u00ed vyhnout nep\u0159\u00edjemn\u011b n\u00edzk\u00fdm no\u010dn\u00edm teplot\u00e1m, kter\u00e9 nejsou v severn\u00ed Africe v lednu v\u00fdjimkou. Proto bude prvn\u00ed etapa do Tardy relativn\u011b dlouh\u00e1, i kdy\u017e speci\u00e1lku bude tvo\u0159it jen kr\u00e1tk\u00fd \u00fasek v zalesn\u011bn\u00e9 krajin\u011b.<\/p>\n<p>Modifikac\u00ed se do\u010dk\u00e1 marock\u00e1 \u010d\u00e1st rally i v n\u00e1sleduj\u00edc\u00edch dnech. Tra\u0165 se bude tentokr\u00e1t d\u00e9le dr\u017eet bl\u00ed\u017ee k mauret\u00e1nsk\u00e9 hranici. K pob\u0159e\u017e\u00ed Atlantick\u00e9ho oce\u00e1nu zam\u00ed\u0159\u00ed a\u017e p\u0159ed dnem volna, kter\u00fd je napl\u00e1nov\u00e1n na sobotu 12. ledna do Dakhly.[\/vc_column_text][vc_single_image image=&#8221;12658&#8243; img_size=&#8221;large&#8221; alignment=&#8221;center&#8221; onclick=&#8221;link_image&#8221; css_animation=&#8221;fadeIn&#8221;][vc_column_text css_animation=&#8221;fadeIn&#8221;]<\/p>\n<h4>Poprv\u00e9 do Tid\u017eikd\u017ei<\/h4>\n<p>Bonb\u00f3nkem pro v\u0161echny milovn\u00edky dakarsk\u00e9 klasiky by m\u011bly b\u00fdt speci\u00e1lky v okol\u00ed Tid\u017eikd\u017ei. Zhruba jeden\u00e1ctitis\u00edcov\u00e9 m\u011bsto hostilo bivak Rally Dakar naposledy v roce 2005. Oblast\u00ed v\u0161ak tra\u0165 proch\u00e1zela i p\u0159i dvou n\u00e1sleduj\u00edc\u00edch \u2013 a z\u00e1rove\u0148 posledn\u00edch africk\u00fdch \u2013 ro\u010dn\u00edc\u00edch.<\/p>\n<p>Africa Eco Race do Tid\u017eikd\u017ei zav\u00edt\u00e1 poprv\u00e9 ve sv\u00e9 historii ve st\u0159edu 15. ledna 2020, kdy ve m\u011bst\u011b skon\u010d\u00ed etapa z p\u0159edchoz\u00edho bivaku pod horou A\u00efdzid\u00eene. O den pozd\u011bji se na Tagantsk\u00e9 n\u00e1horn\u00ed plo\u0161in\u011b pojede jedin\u00e1 okru\u017en\u00ed etapa. Po\u0159adatel\u00e9 slibuj\u00ed dva dny pln\u00e9 pou\u0161tn\u00edho z\u00e1vod\u011bn\u00ed, kter\u00e9 by podle jejich m\u00edn\u011bn\u00ed m\u011bly z\u00e1sadn\u00edm zp\u016fsobem promluvit do celkov\u00fdch v\u00fdsledk\u016f.<\/p>\n<p>D\u00e9lky jednotliv\u00fdch etap a podrobnosti o jejich charakteru zve\u0159ejn\u00ed organiz\u00e1to\u0159i v n\u00e1sleduj\u00edc\u00edch t\u00fddnech.[\/vc_column_text][\/vc_column][\/vc_row]<\/p>\n","protected":false},"excerpt":{"rendered":"<p>Dvan\u00e1ct\u00fd ro\u010dn\u00edk Africa Eco Race zpest\u0159\u00ed \u0159ada novinek. K nejatraktivn\u011bj\u0161\u00edm inovac\u00edm maj\u00ed pat\u0159it etapy v okol\u00ed mauret\u00e1nsk\u00e9 Tid\u017eikd\u017ei.<\/p>\n","protected":false},"author":1,"featured_media":12657,"comment_status":"open","ping_status":"closed","sticky":false,"template":"","format":"standard","meta":{"footnotes":""},"categories":[119],"tags":[120,1536],"class_list":["post-12659","post","type-post","status-publish","format-standard","has-post-thumbnail","hentry","category-africa-eco-race","tag-aer","tag-aer-2020"],"yoast_head":"<!-- This site is optimized with the Yoast SEO plugin v24.9 - https:\/\/yoast.com\/wordpress\/plugins\/seo\/ -->\n<title>Africa Race 2020: T\u0159e\u0161ni\u010dkou na dortu Tid\u017eikd\u017ea - DAKARMANIA.cz<\/title>\n<meta name=\"description\" content=\"Dvan\u00e1ct\u00fd ro\u010dn\u00edk Africa Eco Race zpest\u0159\u00ed \u0159ada novinek. K nejatraktivn\u011bj\u0161\u00edm inovac\u00edm maj\u00ed pat\u0159it etapy v okol\u00ed mauret\u00e1nsk\u00e9 Tid\u017eikd\u017ei.\" \/>\n<meta name=\"robots\" content=\"index, follow, max-snippet:-1, max-image-preview:large, max-video-preview:-1\" \/>\n<link rel=\"canonical\" href=\"https:\/\/www.dakarmania.cz\/index.php\/2019\/10\/16\/aer-2020-tresnickou-na-dortu-tidzikdza\/\" \/>\n<meta property=\"og:locale\" content=\"cs_CZ\" \/>\n<meta property=\"og:type\" content=\"article\" \/>\n<meta property=\"og:title\" content=\"Africa Race 2020: T\u0159e\u0161ni\u010dkou na dortu Tid\u017eikd\u017ea - DAKARMANIA.cz\" \/>\n<meta property=\"og:description\" content=\"Dvan\u00e1ct\u00fd ro\u010dn\u00edk Africa Eco Race zpest\u0159\u00ed \u0159ada novinek. K nejatraktivn\u011bj\u0161\u00edm inovac\u00edm maj\u00ed pat\u0159it etapy v okol\u00ed mauret\u00e1nsk\u00e9 Tid\u017eikd\u017ei.\" \/>\n<meta property=\"og:url\" content=\"https:\/\/www.dakarmania.cz\/index.php\/2019\/10\/16\/aer-2020-tresnickou-na-dortu-tidzikdza\/\" \/>\n<meta property=\"og:site_name\" content=\"DAKARMANIA.cz\" \/>\n<meta property=\"article:publisher\" content=\"https:\/\/www.facebook.com\/dakarmania\/\" \/>\n<meta property=\"article:published_time\" content=\"2019-10-16T14:46:22+00:00\" \/>\n<meta property=\"article:modified_time\" content=\"2019-11-14T07:54:58+00:00\" \/>\n<meta property=\"og:image\" content=\"https:\/\/www.dakarmania.cz\/wp-content\/uploads\/2019\/10\/20-aer-map-02.jpg\" \/>\n\t<meta property=\"og:image:width\" content=\"1024\" \/>\n\t<meta property=\"og:image:height\" content=\"683\" \/>\n\t<meta property=\"og:image:type\" content=\"image\/jpeg\" \/>\n<meta name=\"author\" content=\"Zden\u011bk Zelenka\" \/>\n<meta name=\"twitter:card\" content=\"summary_large_image\" \/>\n<meta name=\"twitter:label1\" content=\"Napsal(a)\" \/>\n\t<meta name=\"twitter:data1\" content=\"Zden\u011bk Zelenka\" \/>\n\t<meta name=\"twitter:label2\" content=\"Odhadovan\u00e1 doba \u010dten\u00ed\" \/>\n\t<meta name=\"twitter:data2\" content=\"3 minuty\" \/>\n<script type=\"application\/ld+json\" class=\"yoast-schema-graph\">{\"@context\":\"https:\/\/schema.org\",\"@graph\":[{\"@type\":\"Article\",\"@id\":\"https:\/\/www.dakarmania.cz\/index.php\/2019\/10\/16\/aer-2020-tresnickou-na-dortu-tidzikdza\/#article\",\"isPartOf\":{\"@id\":\"https:\/\/www.dakarmania.cz\/index.php\/2019\/10\/16\/aer-2020-tresnickou-na-dortu-tidzikdza\/\"},\"author\":{\"name\":\"Zden\u011bk Zelenka\",\"@id\":\"https:\/\/www.dakarmania.cz\/#\/schema\/person\/04eb0e87a389631c2169c0dddae7ff1e\"},\"headline\":\"Africa Race 2020: T\u0159e\u0161ni\u010dkou na dortu Tid\u017eikd\u017ea\",\"datePublished\":\"2019-10-16T14:46:22+00:00\",\"dateModified\":\"2019-11-14T07:54:58+00:00\",\"mainEntityOfPage\":{\"@id\":\"https:\/\/www.dakarmania.cz\/index.php\/2019\/10\/16\/aer-2020-tresnickou-na-dortu-tidzikdza\/\"},\"wordCount\":589,\"commentCount\":0,\"publisher\":{\"@id\":\"https:\/\/www.dakarmania.cz\/#organization\"},\"image\":{\"@id\":\"https:\/\/www.dakarmania.cz\/index.php\/2019\/10\/16\/aer-2020-tresnickou-na-dortu-tidzikdza\/#primaryimage\"},\"thumbnailUrl\":\"https:\/\/www.dakarmania.cz\/wp-content\/uploads\/2019\/10\/20-aer-map-02.jpg\",\"keywords\":[\"AER\",\"AER 2020\"],\"articleSection\":[\"Africa Eco Race\"],\"inLanguage\":\"cs\",\"potentialAction\":[{\"@type\":\"CommentAction\",\"name\":\"Comment\",\"target\":[\"https:\/\/www.dakarmania.cz\/index.php\/2019\/10\/16\/aer-2020-tresnickou-na-dortu-tidzikdza\/#respond\"]}]},{\"@type\":\"WebPage\",\"@id\":\"https:\/\/www.dakarmania.cz\/index.php\/2019\/10\/16\/aer-2020-tresnickou-na-dortu-tidzikdza\/\",\"url\":\"https:\/\/www.dakarmania.cz\/index.php\/2019\/10\/16\/aer-2020-tresnickou-na-dortu-tidzikdza\/\",\"name\":\"Africa Race 2020: T\u0159e\u0161ni\u010dkou na dortu Tid\u017eikd\u017ea - DAKARMANIA.cz\",\"isPartOf\":{\"@id\":\"https:\/\/www.dakarmania.cz\/#website\"},\"primaryImageOfPage\":{\"@id\":\"https:\/\/www.dakarmania.cz\/index.php\/2019\/10\/16\/aer-2020-tresnickou-na-dortu-tidzikdza\/#primaryimage\"},\"image\":{\"@id\":\"https:\/\/www.dakarmania.cz\/index.php\/2019\/10\/16\/aer-2020-tresnickou-na-dortu-tidzikdza\/#primaryimage\"},\"thumbnailUrl\":\"https:\/\/www.dakarmania.cz\/wp-content\/uploads\/2019\/10\/20-aer-map-02.jpg\",\"datePublished\":\"2019-10-16T14:46:22+00:00\",\"dateModified\":\"2019-11-14T07:54:58+00:00\",\"description\":\"Dvan\u00e1ct\u00fd ro\u010dn\u00edk Africa Eco Race zpest\u0159\u00ed \u0159ada novinek. K nejatraktivn\u011bj\u0161\u00edm inovac\u00edm maj\u00ed pat\u0159it etapy v okol\u00ed mauret\u00e1nsk\u00e9 Tid\u017eikd\u017ei.\",\"breadcrumb\":{\"@id\":\"https:\/\/www.dakarmania.cz\/index.php\/2019\/10\/16\/aer-2020-tresnickou-na-dortu-tidzikdza\/#breadcrumb\"},\"inLanguage\":\"cs\",\"potentialAction\":[{\"@type\":\"ReadAction\",\"target\":[\"https:\/\/www.dakarmania.cz\/index.php\/2019\/10\/16\/aer-2020-tresnickou-na-dortu-tidzikdza\/\"]}]},{\"@type\":\"ImageObject\",\"inLanguage\":\"cs\",\"@id\":\"https:\/\/www.dakarmania.cz\/index.php\/2019\/10\/16\/aer-2020-tresnickou-na-dortu-tidzikdza\/#primaryimage\",\"url\":\"https:\/\/www.dakarmania.cz\/wp-content\/uploads\/2019\/10\/20-aer-map-02.jpg\",\"contentUrl\":\"https:\/\/www.dakarmania.cz\/wp-content\/uploads\/2019\/10\/20-aer-map-02.jpg\",\"width\":1024,\"height\":683},{\"@type\":\"BreadcrumbList\",\"@id\":\"https:\/\/www.dakarmania.cz\/index.php\/2019\/10\/16\/aer-2020-tresnickou-na-dortu-tidzikdza\/#breadcrumb\",\"itemListElement\":[{\"@type\":\"ListItem\",\"position\":1,\"name\":\"Dom\u016f\",\"item\":\"https:\/\/www.dakarmania.cz\/\"},{\"@type\":\"ListItem\",\"position\":2,\"name\":\"Africa Race 2020: T\u0159e\u0161ni\u010dkou na dortu Tid\u017eikd\u017ea\"}]},{\"@type\":\"WebSite\",\"@id\":\"https:\/\/www.dakarmania.cz\/#website\",\"url\":\"https:\/\/www.dakarmania.cz\/\",\"name\":\"DAKARMANIA.cz\",\"description\":\"\u017dijeme Dakarem cel\u00fd rok\",\"publisher\":{\"@id\":\"https:\/\/www.dakarmania.cz\/#organization\"},\"potentialAction\":[{\"@type\":\"SearchAction\",\"target\":{\"@type\":\"EntryPoint\",\"urlTemplate\":\"https:\/\/www.dakarmania.cz\/?s={search_term_string}\"},\"query-input\":{\"@type\":\"PropertyValueSpecification\",\"valueRequired\":true,\"valueName\":\"search_term_string\"}}],\"inLanguage\":\"cs\"},{\"@type\":\"Organization\",\"@id\":\"https:\/\/www.dakarmania.cz\/#organization\",\"name\":\"DAKAR MANIA\",\"url\":\"https:\/\/www.dakarmania.cz\/\",\"logo\":{\"@type\":\"ImageObject\",\"inLanguage\":\"cs\",\"@id\":\"https:\/\/www.dakarmania.cz\/#\/schema\/logo\/image\/\",\"url\":\"https:\/\/www.dakarmania.cz\/wp-content\/uploads\/2018\/12\/Dakar-Mania-Logo-Square-Orange.png\",\"contentUrl\":\"https:\/\/www.dakarmania.cz\/wp-content\/uploads\/2018\/12\/Dakar-Mania-Logo-Square-Orange.png\",\"width\":992,\"height\":992,\"caption\":\"DAKAR MANIA\"},\"image\":{\"@id\":\"https:\/\/www.dakarmania.cz\/#\/schema\/logo\/image\/\"},\"sameAs\":[\"https:\/\/www.facebook.com\/dakarmania\/\"]},{\"@type\":\"Person\",\"@id\":\"https:\/\/www.dakarmania.cz\/#\/schema\/person\/04eb0e87a389631c2169c0dddae7ff1e\",\"name\":\"Zden\u011bk Zelenka\",\"image\":{\"@type\":\"ImageObject\",\"inLanguage\":\"cs\",\"@id\":\"https:\/\/www.dakarmania.cz\/#\/schema\/person\/image\/\",\"url\":\"https:\/\/secure.gravatar.com\/avatar\/2c80d5a4942fe0900b73cc7d3837a509d6ee0a276a2b76dac95c92bd0763a89b?s=96&d=mm&r=g\",\"contentUrl\":\"https:\/\/secure.gravatar.com\/avatar\/2c80d5a4942fe0900b73cc7d3837a509d6ee0a276a2b76dac95c92bd0763a89b?s=96&d=mm&r=g\",\"caption\":\"Zden\u011bk Zelenka\"},\"description\":\"Moji d\u011bt\u0161t\u00ed hrdinov\u00e9 se jmenovali Loprais, Moskal, Neveu, Vatanen, Rahier... A tihle borci, jejich n\u00e1sledovn\u00edci a jejich p\u0159\u00edb\u011bhy m\u011b nep\u0159estali fascinovat ani po letech, kdy jsem vyrostl a zam\u011bstn\u00e1valy m\u011b jin\u00e9 discipl\u00edny motorsportu. Proto se zrodila DAKARMANIA.\",\"url\":\"https:\/\/www.dakarmania.cz\/index.php\/author\/dakarmania\/\"}]}<\/script>\n<!-- \/ Yoast SEO plugin. -->","yoast_head_json":{"title":"Africa Race 2020: T\u0159e\u0161ni\u010dkou na dortu Tid\u017eikd\u017ea - DAKARMANIA.cz","description":"Dvan\u00e1ct\u00fd ro\u010dn\u00edk Africa Eco Race zpest\u0159\u00ed \u0159ada novinek. K nejatraktivn\u011bj\u0161\u00edm inovac\u00edm maj\u00ed pat\u0159it etapy v okol\u00ed mauret\u00e1nsk\u00e9 Tid\u017eikd\u017ei.","robots":{"index":"index","follow":"follow","max-snippet":"max-snippet:-1","max-image-preview":"max-image-preview:large","max-video-preview":"max-video-preview:-1"},"canonical":"https:\/\/www.dakarmania.cz\/index.php\/2019\/10\/16\/aer-2020-tresnickou-na-dortu-tidzikdza\/","og_locale":"cs_CZ","og_type":"article","og_title":"Africa Race 2020: T\u0159e\u0161ni\u010dkou na dortu Tid\u017eikd\u017ea - DAKARMANIA.cz","og_description":"Dvan\u00e1ct\u00fd ro\u010dn\u00edk Africa Eco Race zpest\u0159\u00ed \u0159ada novinek. K nejatraktivn\u011bj\u0161\u00edm inovac\u00edm maj\u00ed pat\u0159it etapy v okol\u00ed mauret\u00e1nsk\u00e9 Tid\u017eikd\u017ei.","og_url":"https:\/\/www.dakarmania.cz\/index.php\/2019\/10\/16\/aer-2020-tresnickou-na-dortu-tidzikdza\/","og_site_name":"DAKARMANIA.cz","article_publisher":"https:\/\/www.facebook.com\/dakarmania\/","article_published_time":"2019-10-16T14:46:22+00:00","article_modified_time":"2019-11-14T07:54:58+00:00","og_image":[{"width":1024,"height":683,"url":"https:\/\/www.dakarmania.cz\/wp-content\/uploads\/2019\/10\/20-aer-map-02.jpg","type":"image\/jpeg"}],"author":"Zden\u011bk Zelenka","twitter_card":"summary_large_image","twitter_misc":{"Napsal(a)":"Zden\u011bk Zelenka","Odhadovan\u00e1 doba \u010dten\u00ed":"3 minuty"},"schema":{"@context":"https:\/\/schema.org","@graph":[{"@type":"Article","@id":"https:\/\/www.dakarmania.cz\/index.php\/2019\/10\/16\/aer-2020-tresnickou-na-dortu-tidzikdza\/#article","isPartOf":{"@id":"https:\/\/www.dakarmania.cz\/index.php\/2019\/10\/16\/aer-2020-tresnickou-na-dortu-tidzikdza\/"},"author":{"name":"Zden\u011bk Zelenka","@id":"https:\/\/www.dakarmania.cz\/#\/schema\/person\/04eb0e87a389631c2169c0dddae7ff1e"},"headline":"Africa Race 2020: T\u0159e\u0161ni\u010dkou na dortu Tid\u017eikd\u017ea","datePublished":"2019-10-16T14:46:22+00:00","dateModified":"2019-11-14T07:54:58+00:00","mainEntityOfPage":{"@id":"https:\/\/www.dakarmania.cz\/index.php\/2019\/10\/16\/aer-2020-tresnickou-na-dortu-tidzikdza\/"},"wordCount":589,"commentCount":0,"publisher":{"@id":"https:\/\/www.dakarmania.cz\/#organization"},"image":{"@id":"https:\/\/www.dakarmania.cz\/index.php\/2019\/10\/16\/aer-2020-tresnickou-na-dortu-tidzikdza\/#primaryimage"},"thumbnailUrl":"https:\/\/www.dakarmania.cz\/wp-content\/uploads\/2019\/10\/20-aer-map-02.jpg","keywords":["AER","AER 2020"],"articleSection":["Africa Eco Race"],"inLanguage":"cs","potentialAction":[{"@type":"CommentAction","name":"Comment","target":["https:\/\/www.dakarmania.cz\/index.php\/2019\/10\/16\/aer-2020-tresnickou-na-dortu-tidzikdza\/#respond"]}]},{"@type":"WebPage","@id":"https:\/\/www.dakarmania.cz\/index.php\/2019\/10\/16\/aer-2020-tresnickou-na-dortu-tidzikdza\/","url":"https:\/\/www.dakarmania.cz\/index.php\/2019\/10\/16\/aer-2020-tresnickou-na-dortu-tidzikdza\/","name":"Africa Race 2020: T\u0159e\u0161ni\u010dkou na dortu Tid\u017eikd\u017ea - DAKARMANIA.cz","isPartOf":{"@id":"https:\/\/www.dakarmania.cz\/#website"},"primaryImageOfPage":{"@id":"https:\/\/www.dakarmania.cz\/index.php\/2019\/10\/16\/aer-2020-tresnickou-na-dortu-tidzikdza\/#primaryimage"},"image":{"@id":"https:\/\/www.dakarmania.cz\/index.php\/2019\/10\/16\/aer-2020-tresnickou-na-dortu-tidzikdza\/#primaryimage"},"thumbnailUrl":"https:\/\/www.dakarmania.cz\/wp-content\/uploads\/2019\/10\/20-aer-map-02.jpg","datePublished":"2019-10-16T14:46:22+00:00","dateModified":"2019-11-14T07:54:58+00:00","description":"Dvan\u00e1ct\u00fd ro\u010dn\u00edk Africa Eco Race zpest\u0159\u00ed \u0159ada novinek. K nejatraktivn\u011bj\u0161\u00edm inovac\u00edm maj\u00ed pat\u0159it etapy v okol\u00ed mauret\u00e1nsk\u00e9 Tid\u017eikd\u017ei.","breadcrumb":{"@id":"https:\/\/www.dakarmania.cz\/index.php\/2019\/10\/16\/aer-2020-tresnickou-na-dortu-tidzikdza\/#breadcrumb"},"inLanguage":"cs","potentialAction":[{"@type":"ReadAction","target":["https:\/\/www.dakarmania.cz\/index.php\/2019\/10\/16\/aer-2020-tresnickou-na-dortu-tidzikdza\/"]}]},{"@type":"ImageObject","inLanguage":"cs","@id":"https:\/\/www.dakarmania.cz\/index.php\/2019\/10\/16\/aer-2020-tresnickou-na-dortu-tidzikdza\/#primaryimage","url":"https:\/\/www.dakarmania.cz\/wp-content\/uploads\/2019\/10\/20-aer-map-02.jpg","contentUrl":"https:\/\/www.dakarmania.cz\/wp-content\/uploads\/2019\/10\/20-aer-map-02.jpg","width":1024,"height":683},{"@type":"BreadcrumbList","@id":"https:\/\/www.dakarmania.cz\/index.php\/2019\/10\/16\/aer-2020-tresnickou-na-dortu-tidzikdza\/#breadcrumb","itemListElement":[{"@type":"ListItem","position":1,"name":"Dom\u016f","item":"https:\/\/www.dakarmania.cz\/"},{"@type":"ListItem","position":2,"name":"Africa Race 2020: T\u0159e\u0161ni\u010dkou na dortu Tid\u017eikd\u017ea"}]},{"@type":"WebSite","@id":"https:\/\/www.dakarmania.cz\/#website","url":"https:\/\/www.dakarmania.cz\/","name":"DAKARMANIA.cz","description":"\u017dijeme Dakarem cel\u00fd rok","publisher":{"@id":"https:\/\/www.dakarmania.cz\/#organization"},"potentialAction":[{"@type":"SearchAction","target":{"@type":"EntryPoint","urlTemplate":"https:\/\/www.dakarmania.cz\/?s={search_term_string}"},"query-input":{"@type":"PropertyValueSpecification","valueRequired":true,"valueName":"search_term_string"}}],"inLanguage":"cs"},{"@type":"Organization","@id":"https:\/\/www.dakarmania.cz\/#organization","name":"DAKAR MANIA","url":"https:\/\/www.dakarmania.cz\/","logo":{"@type":"ImageObject","inLanguage":"cs","@id":"https:\/\/www.dakarmania.cz\/#\/schema\/logo\/image\/","url":"https:\/\/www.dakarmania.cz\/wp-content\/uploads\/2018\/12\/Dakar-Mania-Logo-Square-Orange.png","contentUrl":"https:\/\/www.dakarmania.cz\/wp-content\/uploads\/2018\/12\/Dakar-Mania-Logo-Square-Orange.png","width":992,"height":992,"caption":"DAKAR MANIA"},"image":{"@id":"https:\/\/www.dakarmania.cz\/#\/schema\/logo\/image\/"},"sameAs":["https:\/\/www.facebook.com\/dakarmania\/"]},{"@type":"Person","@id":"https:\/\/www.dakarmania.cz\/#\/schema\/person\/04eb0e87a389631c2169c0dddae7ff1e","name":"Zden\u011bk Zelenka","image":{"@type":"ImageObject","inLanguage":"cs","@id":"https:\/\/www.dakarmania.cz\/#\/schema\/person\/image\/","url":"https:\/\/secure.gravatar.com\/avatar\/2c80d5a4942fe0900b73cc7d3837a509d6ee0a276a2b76dac95c92bd0763a89b?s=96&d=mm&r=g","contentUrl":"https:\/\/secure.gravatar.com\/avatar\/2c80d5a4942fe0900b73cc7d3837a509d6ee0a276a2b76dac95c92bd0763a89b?s=96&d=mm&r=g","caption":"Zden\u011bk Zelenka"},"description":"Moji d\u011bt\u0161t\u00ed hrdinov\u00e9 se jmenovali Loprais, Moskal, Neveu, Vatanen, Rahier... A tihle borci, jejich n\u00e1sledovn\u00edci a jejich p\u0159\u00edb\u011bhy m\u011b nep\u0159estali fascinovat ani po letech, kdy jsem vyrostl a zam\u011bstn\u00e1valy m\u011b jin\u00e9 discipl\u00edny motorsportu. Proto se zrodila DAKARMANIA.","url":"https:\/\/www.dakarmania.cz\/index.php\/author\/dakarmania\/"}]}},"amp_enabled":true,"_links":{"self":[{"href":"https:\/\/www.dakarmania.cz\/index.php\/wp-json\/wp\/v2\/posts\/12659","targetHints":{"allow":["GET"]}}],"collection":[{"href":"https:\/\/www.dakarmania.cz\/index.php\/wp-json\/wp\/v2\/posts"}],"about":[{"href":"https:\/\/www.dakarmania.cz\/index.php\/wp-json\/wp\/v2\/types\/post"}],"author":[{"embeddable":true,"href":"https:\/\/www.dakarmania.cz\/index.php\/wp-json\/wp\/v2\/users\/1"}],"replies":[{"embeddable":true,"href":"https:\/\/www.dakarmania.cz\/index.php\/wp-json\/wp\/v2\/comments?post=12659"}],"version-history":[{"count":5,"href":"https:\/\/www.dakarmania.cz\/index.php\/wp-json\/wp\/v2\/posts\/12659\/revisions"}],"predecessor-version":[{"id":12801,"href":"https:\/\/www.dakarmania.cz\/index.php\/wp-json\/wp\/v2\/posts\/12659\/revisions\/12801"}],"wp:featuredmedia":[{"embeddable":true,"href":"https:\/\/www.dakarmania.cz\/index.php\/wp-json\/wp\/v2\/media\/12657"}],"wp:attachment":[{"href":"https:\/\/www.dakarmania.cz\/index.php\/wp-json\/wp\/v2\/media?parent=12659"}],"wp:term":[{"taxonomy":"category","embeddable":true,"href":"https:\/\/www.dakarmania.cz\/index.php\/wp-json\/wp\/v2\/categories?post=12659"},{"taxonomy":"post_tag","embeddable":true,"href":"https:\/\/www.dakarmania.cz\/index.php\/wp-json\/wp\/v2\/tags?post=12659"}],"curies":[{"name":"wp","href":"https:\/\/api.w.org\/{rel}","templated":true}]}}