{"id":12673,"date":"2019-10-21T22:09:24","date_gmt":"2019-10-21T20:09:24","guid":{"rendered":"https:\/\/www.dakarmania.cz\/?p=12673"},"modified":"2019-10-29T12:30:59","modified_gmt":"2019-10-29T11:30:59","slug":"el-chott-vitezstvi-pro-michka","status":"publish","type":"post","link":"https:\/\/www.dakarmania.cz\/index.php\/2019\/10\/21\/el-chott-vitezstvi-pro-michka\/","title":{"rendered":"El Chott: V\u00edt\u011bzstv\u00ed pro Michka, pro v\u0161echny dobr\u00e1 p\u0159\u00edprava"},"content":{"rendered":"<p>[vc_row][vc_column][vc_column_text css_animation=&#8221;fadeIn&#8221;]<\/p>\n<h4>U\u017e p\u0159i sv\u00e9 t\u0159et\u00ed rally se Martin Michek do\u010dkal prvn\u00edho v\u00edt\u011bzstv\u00ed. Jezdec \u010desk\u00e9ho t\u00fdmu Orion \u2013 Moto Racing Group ovl\u00e1dl celkov\u00e9 hodnocen\u00ed Sahara Rallye de Tunisie \u2013 El Chott 2019.<\/h4>\n<p>Tunisk\u00e1 sout\u011b\u017e sice letos p\u0159il\u00e1kala na start jen t\u0159in\u00e1ct z\u00e1vodn\u00edch stroj\u016f (8 motocykl\u016f, 1 quad, 1 SxS a 3 auta), ov\u0161em sportovn\u00ed hodnotu Michkovu v\u00fdsledku dod\u00e1v\u00e1 hlavn\u011b vysok\u00e1 n\u00e1ro\u010dnost z\u00e1vodu. \u00dasp\u011b\u0161n\u00fd motokrosa\u0159 dok\u00e1zal na KTM vyhr\u00e1t \u0161est z osmi etap, p\u0159esto\u017ee i na El Chott p\u0159ijel p\u0159edev\u0161\u00edm sb\u00edrat dal\u0161\u00ed zku\u0161enosti s j\u00edzdou v dun\u00e1ch a navigac\u00ed.<\/p>\n<p><em>\u201ePro m\u011b to byla dobr\u00e1 rally; ka\u017ed\u00fd kilometr s roadbookem je dobr\u00fd. \u010cty\u0159i z osmi etap byly opravdu hodn\u011b t\u011b\u017ek\u00e9 kv\u016fli p\u00edsku i navigaci. Jsem r\u00e1d, \u017ee jsem vydr\u017eel a dojel a\u017e do c\u00edle,\u201c<\/em> shrnul <strong>Martin Michek<\/strong>.[\/vc_column_text][vc_column_text css_animation=&#8221;fadeIn&#8221;]Druhou p\u0159\u00ed\u010dku obsadil Roman Krej\u010d\u00ed, kter\u00fd si v Tunisku vyzkou\u0161el novou KTM, s n\u00ed\u017e se v lednu po deseti letech vr\u00e1t\u00ed na Dakar. Stejn\u011b jako kolega z Ivar CS Teamu <a href=\"\/index.php\/osobnosti\/jan-vesely\/\">Jan Vesel\u00fd<\/a> pojede v kategorii Original by Motul (malle moto), tedy bez asistence.<\/p>\n<p>Jako t\u0159et\u00ed dorazil do c\u00edle <a href=\"\/index.php\/osobnosti\/tomas-kubiena\/\">Tom\u00e1\u0161 Kubiena<\/a>, p\u0159esto\u017ee El Chott pro n\u011bj byl prvn\u00ed sout\u011b\u017e\u00ed po deseti m\u011bs\u00edc\u00edch. Zm\u011bna dakarsk\u00fdch pravidel nav\u00edc p\u0159inutila z\u00e1vodn\u00edka t\u00fdmu Orion \u2013 MRG k p\u0159esednut\u00ed z Ibosu (resp. KTM) na Yamahu.<\/p>\n<p><em>\u201eEl Chott je velice t\u011b\u017ek\u00fd z\u00e1vod a skv\u011bl\u00e1 p\u0159\u00edprava na Dakar. Letos jsem m\u011bl p\u0159\u00edpravy minimum a mus\u00edm \u0159\u00edct, \u017ee bez tohoto z\u00e1vodu bych se na Dakar ani nevydal. Jsem r\u00e1d, \u017ee jsem ho absolvoval s novou \u010dty\u0159kolkou, kter\u00e1 se de facto osv\u011bd\u010dila, ale n\u011bjak\u00e9 mouchy jsme na\u0161li. Na nich je\u0161t\u011b p\u0159ed Dakarem zapracujeme. V\u00fdkon tam sice nen\u00ed, ale j\u00edzdn\u00ed vlastnosti jsou na \u010dty\u0159kolku s \u201ak\u00fdvkou\u2018 velice dobr\u00e9 a rozlo\u017een\u00ed vah vynikaj\u00edc\u00ed. Mohla by to b\u00fdt \u010dty\u0159kolka na dojet\u00ed,\u201c<\/em> v\u011b\u0159\u00ed <strong>Tom\u00e1\u0161 Kubiena<\/strong>, kter\u00fd na Dakaru startoval u\u017e t\u0159ikr\u00e1t, ale ani jednou sout\u011b\u017e nedokon\u010dil.<\/p>\n<p>[\/vc_column_text][vc_single_image image=&#8221;12670&#8243; img_size=&#8221;large&#8221; alignment=&#8221;center&#8221; onclick=&#8221;link_image&#8221; css_animation=&#8221;fadeIn&#8221;][vc_column_text css_animation=&#8221;fadeIn&#8221;]\u010ctvrt\u00fd skon\u010dil <a href=\"\/index.php\/osobnosti\/rudolf-lhotsky\/\">Rudolf Lhotsk\u00fd<\/a> s KTM t\u00fdmu Topforex for Dakar, kter\u00fd sice p\u016fvodn\u011b uva\u017eoval o startu na <a href=\"\/index.php\/souteze\/dakar-2020\/\">Dakaru 2020<\/a> v roli navig\u00e1tora v kategorii automobil\u016f, ale nakonec se vr\u00e1til za \u0159\u00edd\u00edtka motocyklu.<\/p>\n<p>Svou novou Husqvarnu otestoval tak\u00e9 Jan Vesel\u00fd. Probl\u00e9my se sac\u00edm potrub\u00edm ve \u010dtvrt\u00e9 etap\u011b znamenaly dvacetihodinovou penalizaci a kone\u010dn\u00e9 sedm\u00e9 m\u00edsto.<\/p>\n<p><a href=\"\/index.php\/osobnosti\/milan-engel\/\">Milana Engela<\/a> v pr\u016fb\u011bhu sout\u011b\u017ee opakovan\u011b potr\u00e1pily naviga\u010dn\u00ed p\u0159\u00edstroje, kter\u00e9 p\u0159est\u00e1valy fungovat, syst\u00e9m pak nezaznamenal pr\u016fjezd n\u011bkter\u00fdmi kontroln\u00edmi body a jezdec t\u00fdmu Orion \u2013 MRG proto n\u011bkolikr\u00e1t inkasoval penalizaci. Nej\u00fasp\u011b\u0161n\u011bj\u0161\u00ed \u010desk\u00fd motocyklista posledn\u00edho jihoamerick\u00e9ho ro\u010dn\u00edku Rally Dakar proto nenastoupil do dvou z\u00e1v\u011bre\u010dn\u00fdch etap.<\/p>\n<p><em>\u201eP\u0159ed n\u00e1mi u\u017e byly v\u011bt\u0161inou jen rychl\u00e9 pisty a my p\u0159ijeli potr\u00e9novat hlavn\u011b duny a p\u00edsek,\u201c<\/em> vysv\u011btluje <strong>Milan Engel<\/strong> rozhodnut\u00ed sv\u00e9ho t\u00fdmu. <em>\u201eTunisk\u00fd z\u00e1vod jsem pojal jako sezn\u00e1men\u00ed s novou motorkou a p\u0159\u00edpravu na Dakar. Co se t\u00fd\u010de rychlosti a techniky, jsem spokojen\u00fd. Motorka je lehk\u00e1 a dob\u0159e se ovl\u00e1d\u00e1 i v dun\u00e1ch. Jsem r\u00e1d, \u017ee mi takhle pasuje. Byl to dobr\u00fd p\u0159\u00edpravn\u00fd z\u00e1vod pro Dakar, proto\u017ee v Sa\u00fadsk\u00e9 Ar\u00e1bii m\u00e1 b\u00fdt stejn\u00fd p\u00edsek jako tady v Tunisku.\u201c<\/em>[\/vc_column_text][vc_column_text css_animation=&#8221;fadeIn&#8221;]<\/p>\n<table style=\"width: 97.7654%;\" rules=\"rows\" cellpadding=\"4px\">\n<tbody>\n<tr style=\"background-color: #9e9d9d; color: white;\">\n<td style=\"text-align: center;\" colspan=\"4\"><span style=\"font-size: 10pt;\"><strong>Sahara-Rallye de Tunisie &#8211; El Chott 2019<br \/>\nCELKOV\u011a<br \/>\nkone\u010dn\u00e9 v\u00fdsledky<\/strong><\/span><\/td>\n<\/tr>\n<tr style=\"background-color: #dbd9d9;\">\n<td>1.<\/td>\n<td>Martin Michek<\/td>\n<td>KTM 450 Rally Replica<\/td>\n<td style=\"text-align: right;\">27:59:34<\/td>\n<\/tr>\n<tr style=\"background-color: #f2f2f2;\">\n<td>2.<\/td>\n<td>Roman Krej\u010d\u00ed<\/td>\n<td>KTM 450 Rally Replica<\/td>\n<td style=\"text-align: right;\">+4:05:04<\/td>\n<\/tr>\n<tr style=\"background-color: #dbd9d9;\">\n<td>3.<\/td>\n<td>Tom\u00e1\u0161 Kubiena<\/td>\n<td>Yamaha Raptor<\/td>\n<td style=\"text-align: right;\">+6:46:47<\/td>\n<\/tr>\n<tr style=\"background-color: #f2f2f2;\">\n<td>4.<\/td>\n<td>Rudolf Lhotsk\u00fd<\/td>\n<td>KTM 450 Rally Replica<\/td>\n<td style=\"text-align: right;\">+11:54:02<\/td>\n<\/tr>\n<tr style=\"background-color: #dbd9d9;\">\n<td>5.<\/td>\n<td>Rainer Autenrieth<br \/>\nBrigitte Uhl<\/td>\n<td>Can-Am Maverick X3 Max<\/td>\n<td style=\"text-align: right;\">+20:15:58<\/td>\n<\/tr>\n<tr style=\"background-color: #f2f2f2;\">\n<td>6.<\/td>\n<td>Andr\u00e9 Skazel<\/td>\n<td>KTM EXC 450 EFI<\/td>\n<td style=\"text-align: right;\">+35:20:43<\/td>\n<\/tr>\n<tr style=\"background-color: #dbd9d9;\">\n<td>7.<\/td>\n<td>Jan Vesel\u00fd<\/td>\n<td>Husqvarna FE 450<\/td>\n<td style=\"text-align: right;\">+35:53:09<\/td>\n<\/tr>\n<\/tbody>\n<\/table>\n<p>[\/vc_column_text][\/vc_column][\/vc_row]<\/p>\n","protected":false},"excerpt":{"rendered":"<p>U\u017e p\u0159i sv\u00e9 t\u0159et\u00ed rally se Martin Michek do\u010dkal prvn\u00edho v\u00edt\u011bzstv\u00ed. Jezdec t\u00fdmu Orion \u2013 MRG ovl\u00e1dl celkov\u00e9 hodnocen\u00ed Sahara Rallye de Tunisie &#8211; El Chott 2019.<\/p>\n","protected":false},"author":1,"featured_media":12669,"comment_status":"open","ping_status":"closed","sticky":false,"template":"","format":"standard","meta":{"footnotes":""},"categories":[15],"tags":[1540,1541,64,144,143,63,1356,107,74,75,1543,806,72,1542,168],"class_list":["post-12673","post","type-post","status-publish","format-standard","has-post-thumbnail","hentry","category-moto-quad","tag-el-chott","tag-el-chott-2019","tag-husqvarna","tag-ivar-cs-team","tag-jan-vesely","tag-ktm","tag-martin-michek","tag-milan-engel","tag-moto-racing-group","tag-mrg","tag-roman-krejci","tag-rudolf-lhotsky","tag-tomas-kubiena","tag-topforex-for-dakar","tag-yamaha"],"yoast_head":"<!-- This site is optimized with the Yoast SEO plugin v24.9 - https:\/\/yoast.com\/wordpress\/plugins\/seo\/ -->\n<title>El Chott: V\u00edt\u011bzstv\u00ed pro Michka, pro v\u0161echny dobr\u00e1 p\u0159\u00edprava - DAKARMANIA.cz<\/title>\n<meta name=\"description\" content=\"U\u017e p\u0159i sv\u00e9 t\u0159et\u00ed rally se Martin Michek do\u010dkal prvn\u00edho v\u00edt\u011bzstv\u00ed. Jezdec t\u00fdmu Orion \u2013 MRG ovl\u00e1dl celkov\u00e9 hodnocen\u00ed Sahara Rallye de Tunisie - El Chott 2019.\" \/>\n<meta name=\"robots\" content=\"index, follow, max-snippet:-1, max-image-preview:large, max-video-preview:-1\" \/>\n<link rel=\"canonical\" href=\"https:\/\/www.dakarmania.cz\/index.php\/2019\/10\/21\/el-chott-vitezstvi-pro-michka\/\" \/>\n<meta property=\"og:locale\" content=\"cs_CZ\" \/>\n<meta property=\"og:type\" content=\"article\" \/>\n<meta property=\"og:title\" content=\"El Chott: V\u00edt\u011bzstv\u00ed pro Michka, pro v\u0161echny dobr\u00e1 p\u0159\u00edprava - DAKARMANIA.cz\" \/>\n<meta property=\"og:description\" content=\"U\u017e p\u0159i sv\u00e9 t\u0159et\u00ed rally se Martin Michek do\u010dkal prvn\u00edho v\u00edt\u011bzstv\u00ed. Jezdec t\u00fdmu Orion \u2013 MRG ovl\u00e1dl celkov\u00e9 hodnocen\u00ed Sahara Rallye de Tunisie - El Chott 2019.\" \/>\n<meta property=\"og:url\" content=\"https:\/\/www.dakarmania.cz\/index.php\/2019\/10\/21\/el-chott-vitezstvi-pro-michka\/\" \/>\n<meta property=\"og:site_name\" content=\"DAKARMANIA.cz\" \/>\n<meta property=\"article:publisher\" content=\"https:\/\/www.facebook.com\/dakarmania\/\" \/>\n<meta property=\"article:published_time\" content=\"2019-10-21T20:09:24+00:00\" \/>\n<meta property=\"article:modified_time\" content=\"2019-10-29T11:30:59+00:00\" \/>\n<meta property=\"og:image\" content=\"https:\/\/www.dakarmania.cz\/wp-content\/uploads\/2019\/10\/19-elchott-01.jpg\" \/>\n\t<meta property=\"og:image:width\" content=\"750\" \/>\n\t<meta property=\"og:image:height\" content=\"500\" \/>\n\t<meta property=\"og:image:type\" content=\"image\/jpeg\" \/>\n<meta name=\"author\" content=\"Zden\u011bk Zelenka\" \/>\n<meta name=\"twitter:card\" content=\"summary_large_image\" \/>\n<meta name=\"twitter:label1\" content=\"Napsal(a)\" \/>\n\t<meta name=\"twitter:data1\" content=\"Zden\u011bk Zelenka\" \/>\n\t<meta name=\"twitter:label2\" content=\"Odhadovan\u00e1 doba \u010dten\u00ed\" \/>\n\t<meta name=\"twitter:data2\" content=\"4 minuty\" \/>\n<script type=\"application\/ld+json\" class=\"yoast-schema-graph\">{\"@context\":\"https:\/\/schema.org\",\"@graph\":[{\"@type\":\"Article\",\"@id\":\"https:\/\/www.dakarmania.cz\/index.php\/2019\/10\/21\/el-chott-vitezstvi-pro-michka\/#article\",\"isPartOf\":{\"@id\":\"https:\/\/www.dakarmania.cz\/index.php\/2019\/10\/21\/el-chott-vitezstvi-pro-michka\/\"},\"author\":{\"name\":\"Zden\u011bk Zelenka\",\"@id\":\"https:\/\/www.dakarmania.cz\/#\/schema\/person\/04eb0e87a389631c2169c0dddae7ff1e\"},\"headline\":\"El Chott: V\u00edt\u011bzstv\u00ed pro Michka, pro v\u0161echny dobr\u00e1 p\u0159\u00edprava\",\"datePublished\":\"2019-10-21T20:09:24+00:00\",\"dateModified\":\"2019-10-29T11:30:59+00:00\",\"mainEntityOfPage\":{\"@id\":\"https:\/\/www.dakarmania.cz\/index.php\/2019\/10\/21\/el-chott-vitezstvi-pro-michka\/\"},\"wordCount\":729,\"commentCount\":0,\"publisher\":{\"@id\":\"https:\/\/www.dakarmania.cz\/#organization\"},\"image\":{\"@id\":\"https:\/\/www.dakarmania.cz\/index.php\/2019\/10\/21\/el-chott-vitezstvi-pro-michka\/#primaryimage\"},\"thumbnailUrl\":\"https:\/\/www.dakarmania.cz\/wp-content\/uploads\/2019\/10\/19-elchott-01.jpg\",\"keywords\":[\"El Chott\",\"El Chott 2019\",\"Husqvarna\",\"Ivar CS Team\",\"Jan Vesel\u00fd\",\"KTM\",\"Martin Michek\",\"Milan Engel\",\"Moto Racing Group\",\"MRG\",\"Roman Krej\u010d\u00ed\",\"Rudolf Lhotsk\u00fd\",\"Tom\u00e1\u0161 Kubiena\",\"Topforex for Dakar\",\"Yamaha\"],\"articleSection\":[\"Moto\/Quad\"],\"inLanguage\":\"cs\",\"potentialAction\":[{\"@type\":\"CommentAction\",\"name\":\"Comment\",\"target\":[\"https:\/\/www.dakarmania.cz\/index.php\/2019\/10\/21\/el-chott-vitezstvi-pro-michka\/#respond\"]}]},{\"@type\":\"WebPage\",\"@id\":\"https:\/\/www.dakarmania.cz\/index.php\/2019\/10\/21\/el-chott-vitezstvi-pro-michka\/\",\"url\":\"https:\/\/www.dakarmania.cz\/index.php\/2019\/10\/21\/el-chott-vitezstvi-pro-michka\/\",\"name\":\"El Chott: V\u00edt\u011bzstv\u00ed pro Michka, pro v\u0161echny dobr\u00e1 p\u0159\u00edprava - DAKARMANIA.cz\",\"isPartOf\":{\"@id\":\"https:\/\/www.dakarmania.cz\/#website\"},\"primaryImageOfPage\":{\"@id\":\"https:\/\/www.dakarmania.cz\/index.php\/2019\/10\/21\/el-chott-vitezstvi-pro-michka\/#primaryimage\"},\"image\":{\"@id\":\"https:\/\/www.dakarmania.cz\/index.php\/2019\/10\/21\/el-chott-vitezstvi-pro-michka\/#primaryimage\"},\"thumbnailUrl\":\"https:\/\/www.dakarmania.cz\/wp-content\/uploads\/2019\/10\/19-elchott-01.jpg\",\"datePublished\":\"2019-10-21T20:09:24+00:00\",\"dateModified\":\"2019-10-29T11:30:59+00:00\",\"description\":\"U\u017e p\u0159i sv\u00e9 t\u0159et\u00ed rally se Martin Michek do\u010dkal prvn\u00edho v\u00edt\u011bzstv\u00ed. Jezdec t\u00fdmu Orion \u2013 MRG ovl\u00e1dl celkov\u00e9 hodnocen\u00ed Sahara Rallye de Tunisie - El Chott 2019.\",\"breadcrumb\":{\"@id\":\"https:\/\/www.dakarmania.cz\/index.php\/2019\/10\/21\/el-chott-vitezstvi-pro-michka\/#breadcrumb\"},\"inLanguage\":\"cs\",\"potentialAction\":[{\"@type\":\"ReadAction\",\"target\":[\"https:\/\/www.dakarmania.cz\/index.php\/2019\/10\/21\/el-chott-vitezstvi-pro-michka\/\"]}]},{\"@type\":\"ImageObject\",\"inLanguage\":\"cs\",\"@id\":\"https:\/\/www.dakarmania.cz\/index.php\/2019\/10\/21\/el-chott-vitezstvi-pro-michka\/#primaryimage\",\"url\":\"https:\/\/www.dakarmania.cz\/wp-content\/uploads\/2019\/10\/19-elchott-01.jpg\",\"contentUrl\":\"https:\/\/www.dakarmania.cz\/wp-content\/uploads\/2019\/10\/19-elchott-01.jpg\",\"width\":750,\"height\":500,\"caption\":\"Sahara Rallye de Tunisie \u2013 El Chott 2019. \u00a9 MRG\"},{\"@type\":\"BreadcrumbList\",\"@id\":\"https:\/\/www.dakarmania.cz\/index.php\/2019\/10\/21\/el-chott-vitezstvi-pro-michka\/#breadcrumb\",\"itemListElement\":[{\"@type\":\"ListItem\",\"position\":1,\"name\":\"Dom\u016f\",\"item\":\"https:\/\/www.dakarmania.cz\/\"},{\"@type\":\"ListItem\",\"position\":2,\"name\":\"El Chott: V\u00edt\u011bzstv\u00ed pro Michka, pro v\u0161echny dobr\u00e1 p\u0159\u00edprava\"}]},{\"@type\":\"WebSite\",\"@id\":\"https:\/\/www.dakarmania.cz\/#website\",\"url\":\"https:\/\/www.dakarmania.cz\/\",\"name\":\"DAKARMANIA.cz\",\"description\":\"\u017dijeme Dakarem cel\u00fd rok\",\"publisher\":{\"@id\":\"https:\/\/www.dakarmania.cz\/#organization\"},\"potentialAction\":[{\"@type\":\"SearchAction\",\"target\":{\"@type\":\"EntryPoint\",\"urlTemplate\":\"https:\/\/www.dakarmania.cz\/?s={search_term_string}\"},\"query-input\":{\"@type\":\"PropertyValueSpecification\",\"valueRequired\":true,\"valueName\":\"search_term_string\"}}],\"inLanguage\":\"cs\"},{\"@type\":\"Organization\",\"@id\":\"https:\/\/www.dakarmania.cz\/#organization\",\"name\":\"DAKAR MANIA\",\"url\":\"https:\/\/www.dakarmania.cz\/\",\"logo\":{\"@type\":\"ImageObject\",\"inLanguage\":\"cs\",\"@id\":\"https:\/\/www.dakarmania.cz\/#\/schema\/logo\/image\/\",\"url\":\"https:\/\/www.dakarmania.cz\/wp-content\/uploads\/2018\/12\/Dakar-Mania-Logo-Square-Orange.png\",\"contentUrl\":\"https:\/\/www.dakarmania.cz\/wp-content\/uploads\/2018\/12\/Dakar-Mania-Logo-Square-Orange.png\",\"width\":992,\"height\":992,\"caption\":\"DAKAR MANIA\"},\"image\":{\"@id\":\"https:\/\/www.dakarmania.cz\/#\/schema\/logo\/image\/\"},\"sameAs\":[\"https:\/\/www.facebook.com\/dakarmania\/\"]},{\"@type\":\"Person\",\"@id\":\"https:\/\/www.dakarmania.cz\/#\/schema\/person\/04eb0e87a389631c2169c0dddae7ff1e\",\"name\":\"Zden\u011bk Zelenka\",\"image\":{\"@type\":\"ImageObject\",\"inLanguage\":\"cs\",\"@id\":\"https:\/\/www.dakarmania.cz\/#\/schema\/person\/image\/\",\"url\":\"https:\/\/secure.gravatar.com\/avatar\/2c80d5a4942fe0900b73cc7d3837a509d6ee0a276a2b76dac95c92bd0763a89b?s=96&d=mm&r=g\",\"contentUrl\":\"https:\/\/secure.gravatar.com\/avatar\/2c80d5a4942fe0900b73cc7d3837a509d6ee0a276a2b76dac95c92bd0763a89b?s=96&d=mm&r=g\",\"caption\":\"Zden\u011bk Zelenka\"},\"description\":\"Moji d\u011bt\u0161t\u00ed hrdinov\u00e9 se jmenovali Loprais, Moskal, Neveu, Vatanen, Rahier... A tihle borci, jejich n\u00e1sledovn\u00edci a jejich p\u0159\u00edb\u011bhy m\u011b nep\u0159estali fascinovat ani po letech, kdy jsem vyrostl a zam\u011bstn\u00e1valy m\u011b jin\u00e9 discipl\u00edny motorsportu. Proto se zrodila DAKARMANIA.\",\"url\":\"https:\/\/www.dakarmania.cz\/index.php\/author\/dakarmania\/\"}]}<\/script>\n<!-- \/ Yoast SEO plugin. -->","yoast_head_json":{"title":"El Chott: V\u00edt\u011bzstv\u00ed pro Michka, pro v\u0161echny dobr\u00e1 p\u0159\u00edprava - DAKARMANIA.cz","description":"U\u017e p\u0159i sv\u00e9 t\u0159et\u00ed rally se Martin Michek do\u010dkal prvn\u00edho v\u00edt\u011bzstv\u00ed. Jezdec t\u00fdmu Orion \u2013 MRG ovl\u00e1dl celkov\u00e9 hodnocen\u00ed Sahara Rallye de Tunisie - El Chott 2019.","robots":{"index":"index","follow":"follow","max-snippet":"max-snippet:-1","max-image-preview":"max-image-preview:large","max-video-preview":"max-video-preview:-1"},"canonical":"https:\/\/www.dakarmania.cz\/index.php\/2019\/10\/21\/el-chott-vitezstvi-pro-michka\/","og_locale":"cs_CZ","og_type":"article","og_title":"El Chott: V\u00edt\u011bzstv\u00ed pro Michka, pro v\u0161echny dobr\u00e1 p\u0159\u00edprava - DAKARMANIA.cz","og_description":"U\u017e p\u0159i sv\u00e9 t\u0159et\u00ed rally se Martin Michek do\u010dkal prvn\u00edho v\u00edt\u011bzstv\u00ed. Jezdec t\u00fdmu Orion \u2013 MRG ovl\u00e1dl celkov\u00e9 hodnocen\u00ed Sahara Rallye de Tunisie - El Chott 2019.","og_url":"https:\/\/www.dakarmania.cz\/index.php\/2019\/10\/21\/el-chott-vitezstvi-pro-michka\/","og_site_name":"DAKARMANIA.cz","article_publisher":"https:\/\/www.facebook.com\/dakarmania\/","article_published_time":"2019-10-21T20:09:24+00:00","article_modified_time":"2019-10-29T11:30:59+00:00","og_image":[{"width":750,"height":500,"url":"https:\/\/www.dakarmania.cz\/wp-content\/uploads\/2019\/10\/19-elchott-01.jpg","type":"image\/jpeg"}],"author":"Zden\u011bk Zelenka","twitter_card":"summary_large_image","twitter_misc":{"Napsal(a)":"Zden\u011bk Zelenka","Odhadovan\u00e1 doba \u010dten\u00ed":"4 minuty"},"schema":{"@context":"https:\/\/schema.org","@graph":[{"@type":"Article","@id":"https:\/\/www.dakarmania.cz\/index.php\/2019\/10\/21\/el-chott-vitezstvi-pro-michka\/#article","isPartOf":{"@id":"https:\/\/www.dakarmania.cz\/index.php\/2019\/10\/21\/el-chott-vitezstvi-pro-michka\/"},"author":{"name":"Zden\u011bk Zelenka","@id":"https:\/\/www.dakarmania.cz\/#\/schema\/person\/04eb0e87a389631c2169c0dddae7ff1e"},"headline":"El Chott: V\u00edt\u011bzstv\u00ed pro Michka, pro v\u0161echny dobr\u00e1 p\u0159\u00edprava","datePublished":"2019-10-21T20:09:24+00:00","dateModified":"2019-10-29T11:30:59+00:00","mainEntityOfPage":{"@id":"https:\/\/www.dakarmania.cz\/index.php\/2019\/10\/21\/el-chott-vitezstvi-pro-michka\/"},"wordCount":729,"commentCount":0,"publisher":{"@id":"https:\/\/www.dakarmania.cz\/#organization"},"image":{"@id":"https:\/\/www.dakarmania.cz\/index.php\/2019\/10\/21\/el-chott-vitezstvi-pro-michka\/#primaryimage"},"thumbnailUrl":"https:\/\/www.dakarmania.cz\/wp-content\/uploads\/2019\/10\/19-elchott-01.jpg","keywords":["El Chott","El Chott 2019","Husqvarna","Ivar CS Team","Jan Vesel\u00fd","KTM","Martin Michek","Milan Engel","Moto Racing Group","MRG","Roman Krej\u010d\u00ed","Rudolf Lhotsk\u00fd","Tom\u00e1\u0161 Kubiena","Topforex for Dakar","Yamaha"],"articleSection":["Moto\/Quad"],"inLanguage":"cs","potentialAction":[{"@type":"CommentAction","name":"Comment","target":["https:\/\/www.dakarmania.cz\/index.php\/2019\/10\/21\/el-chott-vitezstvi-pro-michka\/#respond"]}]},{"@type":"WebPage","@id":"https:\/\/www.dakarmania.cz\/index.php\/2019\/10\/21\/el-chott-vitezstvi-pro-michka\/","url":"https:\/\/www.dakarmania.cz\/index.php\/2019\/10\/21\/el-chott-vitezstvi-pro-michka\/","name":"El Chott: V\u00edt\u011bzstv\u00ed pro Michka, pro v\u0161echny dobr\u00e1 p\u0159\u00edprava - DAKARMANIA.cz","isPartOf":{"@id":"https:\/\/www.dakarmania.cz\/#website"},"primaryImageOfPage":{"@id":"https:\/\/www.dakarmania.cz\/index.php\/2019\/10\/21\/el-chott-vitezstvi-pro-michka\/#primaryimage"},"image":{"@id":"https:\/\/www.dakarmania.cz\/index.php\/2019\/10\/21\/el-chott-vitezstvi-pro-michka\/#primaryimage"},"thumbnailUrl":"https:\/\/www.dakarmania.cz\/wp-content\/uploads\/2019\/10\/19-elchott-01.jpg","datePublished":"2019-10-21T20:09:24+00:00","dateModified":"2019-10-29T11:30:59+00:00","description":"U\u017e p\u0159i sv\u00e9 t\u0159et\u00ed rally se Martin Michek do\u010dkal prvn\u00edho v\u00edt\u011bzstv\u00ed. Jezdec t\u00fdmu Orion \u2013 MRG ovl\u00e1dl celkov\u00e9 hodnocen\u00ed Sahara Rallye de Tunisie - El Chott 2019.","breadcrumb":{"@id":"https:\/\/www.dakarmania.cz\/index.php\/2019\/10\/21\/el-chott-vitezstvi-pro-michka\/#breadcrumb"},"inLanguage":"cs","potentialAction":[{"@type":"ReadAction","target":["https:\/\/www.dakarmania.cz\/index.php\/2019\/10\/21\/el-chott-vitezstvi-pro-michka\/"]}]},{"@type":"ImageObject","inLanguage":"cs","@id":"https:\/\/www.dakarmania.cz\/index.php\/2019\/10\/21\/el-chott-vitezstvi-pro-michka\/#primaryimage","url":"https:\/\/www.dakarmania.cz\/wp-content\/uploads\/2019\/10\/19-elchott-01.jpg","contentUrl":"https:\/\/www.dakarmania.cz\/wp-content\/uploads\/2019\/10\/19-elchott-01.jpg","width":750,"height":500,"caption":"Sahara Rallye de Tunisie \u2013 El Chott 2019. \u00a9 MRG"},{"@type":"BreadcrumbList","@id":"https:\/\/www.dakarmania.cz\/index.php\/2019\/10\/21\/el-chott-vitezstvi-pro-michka\/#breadcrumb","itemListElement":[{"@type":"ListItem","position":1,"name":"Dom\u016f","item":"https:\/\/www.dakarmania.cz\/"},{"@type":"ListItem","position":2,"name":"El Chott: V\u00edt\u011bzstv\u00ed pro Michka, pro v\u0161echny dobr\u00e1 p\u0159\u00edprava"}]},{"@type":"WebSite","@id":"https:\/\/www.dakarmania.cz\/#website","url":"https:\/\/www.dakarmania.cz\/","name":"DAKARMANIA.cz","description":"\u017dijeme Dakarem cel\u00fd rok","publisher":{"@id":"https:\/\/www.dakarmania.cz\/#organization"},"potentialAction":[{"@type":"SearchAction","target":{"@type":"EntryPoint","urlTemplate":"https:\/\/www.dakarmania.cz\/?s={search_term_string}"},"query-input":{"@type":"PropertyValueSpecification","valueRequired":true,"valueName":"search_term_string"}}],"inLanguage":"cs"},{"@type":"Organization","@id":"https:\/\/www.dakarmania.cz\/#organization","name":"DAKAR MANIA","url":"https:\/\/www.dakarmania.cz\/","logo":{"@type":"ImageObject","inLanguage":"cs","@id":"https:\/\/www.dakarmania.cz\/#\/schema\/logo\/image\/","url":"https:\/\/www.dakarmania.cz\/wp-content\/uploads\/2018\/12\/Dakar-Mania-Logo-Square-Orange.png","contentUrl":"https:\/\/www.dakarmania.cz\/wp-content\/uploads\/2018\/12\/Dakar-Mania-Logo-Square-Orange.png","width":992,"height":992,"caption":"DAKAR MANIA"},"image":{"@id":"https:\/\/www.dakarmania.cz\/#\/schema\/logo\/image\/"},"sameAs":["https:\/\/www.facebook.com\/dakarmania\/"]},{"@type":"Person","@id":"https:\/\/www.dakarmania.cz\/#\/schema\/person\/04eb0e87a389631c2169c0dddae7ff1e","name":"Zden\u011bk Zelenka","image":{"@type":"ImageObject","inLanguage":"cs","@id":"https:\/\/www.dakarmania.cz\/#\/schema\/person\/image\/","url":"https:\/\/secure.gravatar.com\/avatar\/2c80d5a4942fe0900b73cc7d3837a509d6ee0a276a2b76dac95c92bd0763a89b?s=96&d=mm&r=g","contentUrl":"https:\/\/secure.gravatar.com\/avatar\/2c80d5a4942fe0900b73cc7d3837a509d6ee0a276a2b76dac95c92bd0763a89b?s=96&d=mm&r=g","caption":"Zden\u011bk Zelenka"},"description":"Moji d\u011bt\u0161t\u00ed hrdinov\u00e9 se jmenovali Loprais, Moskal, Neveu, Vatanen, Rahier... A tihle borci, jejich n\u00e1sledovn\u00edci a jejich p\u0159\u00edb\u011bhy m\u011b nep\u0159estali fascinovat ani po letech, kdy jsem vyrostl a zam\u011bstn\u00e1valy m\u011b jin\u00e9 discipl\u00edny motorsportu. Proto se zrodila DAKARMANIA.","url":"https:\/\/www.dakarmania.cz\/index.php\/author\/dakarmania\/"}]}},"amp_enabled":true,"_links":{"self":[{"href":"https:\/\/www.dakarmania.cz\/index.php\/wp-json\/wp\/v2\/posts\/12673","targetHints":{"allow":["GET"]}}],"collection":[{"href":"https:\/\/www.dakarmania.cz\/index.php\/wp-json\/wp\/v2\/posts"}],"about":[{"href":"https:\/\/www.dakarmania.cz\/index.php\/wp-json\/wp\/v2\/types\/post"}],"author":[{"embeddable":true,"href":"https:\/\/www.dakarmania.cz\/index.php\/wp-json\/wp\/v2\/users\/1"}],"replies":[{"embeddable":true,"href":"https:\/\/www.dakarmania.cz\/index.php\/wp-json\/wp\/v2\/comments?post=12673"}],"version-history":[{"count":7,"href":"https:\/\/www.dakarmania.cz\/index.php\/wp-json\/wp\/v2\/posts\/12673\/revisions"}],"predecessor-version":[{"id":12915,"href":"https:\/\/www.dakarmania.cz\/index.php\/wp-json\/wp\/v2\/posts\/12673\/revisions\/12915"}],"wp:featuredmedia":[{"embeddable":true,"href":"https:\/\/www.dakarmania.cz\/index.php\/wp-json\/wp\/v2\/media\/12669"}],"wp:attachment":[{"href":"https:\/\/www.dakarmania.cz\/index.php\/wp-json\/wp\/v2\/media?parent=12673"}],"wp:term":[{"taxonomy":"category","embeddable":true,"href":"https:\/\/www.dakarmania.cz\/index.php\/wp-json\/wp\/v2\/categories?post=12673"},{"taxonomy":"post_tag","embeddable":true,"href":"https:\/\/www.dakarmania.cz\/index.php\/wp-json\/wp\/v2\/tags?post=12673"}],"curies":[{"name":"wp","href":"https:\/\/api.w.org\/{rel}","templated":true}]}}