{"id":12703,"date":"2019-10-21T23:24:25","date_gmt":"2019-10-21T21:24:25","guid":{"rendered":"https:\/\/www.dakarmania.cz\/?p=12703"},"modified":"2019-11-16T09:58:43","modified_gmt":"2019-11-16T08:58:43","slug":"dakar-2020-bez-gerarda-de-rooye","status":"publish","type":"post","link":"https:\/\/www.dakarmania.cz\/index.php\/2019\/10\/21\/dakar-2020-bez-gerarda-de-rooye\/","title":{"rendered":"Dakar 2020 bez Gerarda de Rooye"},"content":{"rendered":"<p>[vc_row][vc_column][vc_column_text css_animation=&#8221;fadeIn&#8221;]<\/p>\n<h4>Dvojn\u00e1sobn\u00fd v\u00edt\u011bz Rally Dakar a jeden z hlavn\u00edch favorit\u016f kategorie kamion\u016f Gerard de Rooy se na start prvn\u00edho sa\u00fadskoarabsk\u00e9ho ro\u010dn\u00edku nepostav\u00ed. Sout\u011b\u017e absolvuje pouze v doprovodn\u00e9m voze.<\/h4>\n<p><a href=\"\/index.php\/osobnosti\/gerard-de-rooy\/\">Gerarda de Rooye<\/a> dlouhodob\u011b tr\u00e1p\u00ed probl\u00e9my se z\u00e1dy. Ty byly tak\u00e9 nep\u0159\u00edmou p\u0159\u00ed\u010dinou zlomenin, kv\u016fli nim\u017e musel zcela vynechat Dakar 2010 a o rok pozd\u011bji ze z\u00e1vodu odstoupil u\u017e po prvn\u00ed etap\u011b. Nyn\u00ed Nizozemce \u010dek\u00e1 operace vyh\u0159ezl\u00e9 plot\u00e9nky.<\/p>\n<p><em>\u201eNen\u00ed to tak v\u00e1\u017en\u00e9, ale nechci riskovat mo\u017en\u00e9 zhor\u0161en\u00ed,\u201c<\/em> vysv\u011btluje <strong>Gerard de Rooy<\/strong>. <em>\u201eKv\u016fli n\u011bkolika obratl\u016fm, kter\u00e9 m\u00e1m v horn\u00ed \u010d\u00e1sti zad zafixovan\u00e9, jsou ty spodn\u00ed v\u00edce nam\u00e1h\u00e1ny. Proto do\u0161lo k vyh\u0159eznut\u00ed plot\u00e9nky. V ka\u017edodenn\u00edm \u017eivot\u011b m\u011b to p\u0159\u00edli\u0161 netr\u00e1p\u00ed. Je to pod kontrolou a mohu d\u011blat t\u00e9m\u011b\u0159 v\u0161e. Probl\u00e9m p\u0159edstavuj\u00ed r\u00e1ny, kter\u00e9 t\u011blo dost\u00e1v\u00e1 b\u011bhem rally.\u201c<\/em><\/p>\n<p><em>\u201eP\u0159i testov\u00e1n\u00ed v Maroku to po n\u011bkolika dnech za\u010dalo bolet. Dva t\u00fddny tvrd\u00fdch \u00fader\u016f opakuj\u00edc\u00edch se n\u011bkolikr\u00e1t za den prost\u011b p\u0159edstavuj\u00ed v tuto chv\u00edli p\u0159\u00edli\u0161 velk\u00e9 riziko.\u201c<\/em>[\/vc_column_text][vc_single_image image=&#8221;2409&#8243; img_size=&#8221;large&#8221; add_caption=&#8221;yes&#8221; alignment=&#8221;center&#8221; onclick=&#8221;link_image&#8221; css_animation=&#8221;fadeIn&#8221;][vc_column_text css_animation=&#8221;fadeIn&#8221;]Petronas Team De Rooy Iveco se <a href=\"\/index.php\/souteze\/dakar-2020\/\">Dakaru 2020<\/a> z\u00fa\u010dastn\u00ed se \u010dty\u0159mi kamiony. Za volanty kapotovan\u00fdch speci\u00e1l\u016f Powerstar usednou Janus van Kasteren, Vick Versteijnen a Albert Llovera, s Trakkerem pojede Michiel Becx.<\/p>\n<p>P\u0159i de Rooyov\u011b absenci se v t\u00fdmu nep\u0159edstav\u00ed ani jeden jezdec, kter\u00fd v jeho barv\u00e1ch letos v lednu absolvoval posledn\u00ed jihoamerick\u00fd Dakar. Nedo\u010dk\u00e1me se ani dakarsk\u00e9 premi\u00e9ry Powerstaru s nez\u00e1visl\u00fdm zav\u011b\u0161en\u00edm.<\/p>\n<p><em>\u201eOstatn\u00ed nemaj\u00ed s t\u00edmto kamionem \u017e\u00e1dn\u00e9 zku\u0161enosti a z praktick\u00e9ho hlediska je lep\u0161\u00ed jet se \u010dty\u0159mi technicky shodn\u00fdmi vozy,\u201c<\/em> uzav\u00edr\u00e1 de Rooy.[\/vc_column_text][\/vc_column][\/vc_row]<\/p>\n","protected":false},"excerpt":{"rendered":"<p>Dvojn\u00e1sobn\u00fd v\u00edt\u011bz Rally Dakar a jeden z hlavn\u00edch favorit\u016f kategorie kamion\u016f Gerard de Rooy se na start prvn\u00edho sa\u00fadskoarabsk\u00e9ho ro\u010dn\u00edku nepostav\u00ed.<\/p>\n","protected":false},"author":1,"featured_media":12702,"comment_status":"open","ping_status":"closed","sticky":false,"template":"","format":"standard","meta":{"footnotes":""},"categories":[251,16],"tags":[8,159,223,164,224],"class_list":["post-12703","post","type-post","status-publish","format-standard","has-post-thumbnail","hentry","category-dakar-2020","category-kamion","tag-dakar","tag-dakar-2020","tag-gerard-de-rooy","tag-iveco","tag-team-de-rooy"],"yoast_head":"<!-- This site is optimized with the Yoast SEO plugin v24.9 - https:\/\/yoast.com\/wordpress\/plugins\/seo\/ -->\n<title>Dakar 2020 bez Gerarda de Rooye - DAKARMANIA.cz<\/title>\n<meta name=\"description\" content=\"Dvojn\u00e1sobn\u00fd v\u00edt\u011bz Rally Dakar a jeden z hlavn\u00edch favorit\u016f kategorie kamion\u016f Gerard de Rooy se na start prvn\u00edho sa\u00fadskoarabsk\u00e9ho ro\u010dn\u00edku nepostav\u00ed.\" \/>\n<meta name=\"robots\" content=\"index, follow, max-snippet:-1, max-image-preview:large, max-video-preview:-1\" \/>\n<link rel=\"canonical\" href=\"https:\/\/www.dakarmania.cz\/index.php\/2019\/10\/21\/dakar-2020-bez-gerarda-de-rooye\/\" \/>\n<meta property=\"og:locale\" content=\"cs_CZ\" \/>\n<meta property=\"og:type\" content=\"article\" \/>\n<meta property=\"og:title\" content=\"Dakar 2020 bez Gerarda de Rooye - DAKARMANIA.cz\" \/>\n<meta property=\"og:description\" content=\"Dvojn\u00e1sobn\u00fd v\u00edt\u011bz Rally Dakar a jeden z hlavn\u00edch favorit\u016f kategorie kamion\u016f Gerard de Rooy se na start prvn\u00edho sa\u00fadskoarabsk\u00e9ho ro\u010dn\u00edku nepostav\u00ed.\" \/>\n<meta property=\"og:url\" content=\"https:\/\/www.dakarmania.cz\/index.php\/2019\/10\/21\/dakar-2020-bez-gerarda-de-rooye\/\" \/>\n<meta property=\"og:site_name\" content=\"DAKARMANIA.cz\" \/>\n<meta property=\"article:publisher\" content=\"https:\/\/www.facebook.com\/dakarmania\/\" \/>\n<meta property=\"article:published_time\" content=\"2019-10-21T21:24:25+00:00\" \/>\n<meta property=\"article:modified_time\" content=\"2019-11-16T08:58:43+00:00\" \/>\n<meta property=\"og:image\" content=\"https:\/\/www.dakarmania.cz\/wp-content\/uploads\/2019\/10\/19-dakar-de-rooy-31.jpg\" \/>\n\t<meta property=\"og:image:width\" content=\"1024\" \/>\n\t<meta property=\"og:image:height\" content=\"683\" \/>\n\t<meta property=\"og:image:type\" content=\"image\/jpeg\" \/>\n<meta name=\"author\" content=\"Zden\u011bk Zelenka\" \/>\n<meta name=\"twitter:card\" content=\"summary_large_image\" \/>\n<meta name=\"twitter:label1\" content=\"Napsal(a)\" \/>\n\t<meta name=\"twitter:data1\" content=\"Zden\u011bk Zelenka\" \/>\n\t<meta name=\"twitter:label2\" content=\"Odhadovan\u00e1 doba \u010dten\u00ed\" \/>\n\t<meta name=\"twitter:data2\" content=\"2 minuty\" \/>\n<script type=\"application\/ld+json\" class=\"yoast-schema-graph\">{\"@context\":\"https:\/\/schema.org\",\"@graph\":[{\"@type\":\"Article\",\"@id\":\"https:\/\/www.dakarmania.cz\/index.php\/2019\/10\/21\/dakar-2020-bez-gerarda-de-rooye\/#article\",\"isPartOf\":{\"@id\":\"https:\/\/www.dakarmania.cz\/index.php\/2019\/10\/21\/dakar-2020-bez-gerarda-de-rooye\/\"},\"author\":{\"name\":\"Zden\u011bk Zelenka\",\"@id\":\"https:\/\/www.dakarmania.cz\/#\/schema\/person\/04eb0e87a389631c2169c0dddae7ff1e\"},\"headline\":\"Dakar 2020 bez Gerarda de Rooye\",\"datePublished\":\"2019-10-21T21:24:25+00:00\",\"dateModified\":\"2019-11-16T08:58:43+00:00\",\"mainEntityOfPage\":{\"@id\":\"https:\/\/www.dakarmania.cz\/index.php\/2019\/10\/21\/dakar-2020-bez-gerarda-de-rooye\/\"},\"wordCount\":361,\"commentCount\":0,\"publisher\":{\"@id\":\"https:\/\/www.dakarmania.cz\/#organization\"},\"image\":{\"@id\":\"https:\/\/www.dakarmania.cz\/index.php\/2019\/10\/21\/dakar-2020-bez-gerarda-de-rooye\/#primaryimage\"},\"thumbnailUrl\":\"https:\/\/www.dakarmania.cz\/wp-content\/uploads\/2019\/10\/19-dakar-de-rooy-31.jpg\",\"keywords\":[\"Dakar\",\"Dakar 2020\",\"Gerard de Rooy\",\"Iveco\",\"Team De Rooy\"],\"articleSection\":[\"Dakar 2020\",\"Kamiony\"],\"inLanguage\":\"cs\",\"potentialAction\":[{\"@type\":\"CommentAction\",\"name\":\"Comment\",\"target\":[\"https:\/\/www.dakarmania.cz\/index.php\/2019\/10\/21\/dakar-2020-bez-gerarda-de-rooye\/#respond\"]}]},{\"@type\":\"WebPage\",\"@id\":\"https:\/\/www.dakarmania.cz\/index.php\/2019\/10\/21\/dakar-2020-bez-gerarda-de-rooye\/\",\"url\":\"https:\/\/www.dakarmania.cz\/index.php\/2019\/10\/21\/dakar-2020-bez-gerarda-de-rooye\/\",\"name\":\"Dakar 2020 bez Gerarda de Rooye - DAKARMANIA.cz\",\"isPartOf\":{\"@id\":\"https:\/\/www.dakarmania.cz\/#website\"},\"primaryImageOfPage\":{\"@id\":\"https:\/\/www.dakarmania.cz\/index.php\/2019\/10\/21\/dakar-2020-bez-gerarda-de-rooye\/#primaryimage\"},\"image\":{\"@id\":\"https:\/\/www.dakarmania.cz\/index.php\/2019\/10\/21\/dakar-2020-bez-gerarda-de-rooye\/#primaryimage\"},\"thumbnailUrl\":\"https:\/\/www.dakarmania.cz\/wp-content\/uploads\/2019\/10\/19-dakar-de-rooy-31.jpg\",\"datePublished\":\"2019-10-21T21:24:25+00:00\",\"dateModified\":\"2019-11-16T08:58:43+00:00\",\"description\":\"Dvojn\u00e1sobn\u00fd v\u00edt\u011bz Rally Dakar a jeden z hlavn\u00edch favorit\u016f kategorie kamion\u016f Gerard de Rooy se na start prvn\u00edho sa\u00fadskoarabsk\u00e9ho ro\u010dn\u00edku nepostav\u00ed.\",\"breadcrumb\":{\"@id\":\"https:\/\/www.dakarmania.cz\/index.php\/2019\/10\/21\/dakar-2020-bez-gerarda-de-rooye\/#breadcrumb\"},\"inLanguage\":\"cs\",\"potentialAction\":[{\"@type\":\"ReadAction\",\"target\":[\"https:\/\/www.dakarmania.cz\/index.php\/2019\/10\/21\/dakar-2020-bez-gerarda-de-rooye\/\"]}]},{\"@type\":\"ImageObject\",\"inLanguage\":\"cs\",\"@id\":\"https:\/\/www.dakarmania.cz\/index.php\/2019\/10\/21\/dakar-2020-bez-gerarda-de-rooye\/#primaryimage\",\"url\":\"https:\/\/www.dakarmania.cz\/wp-content\/uploads\/2019\/10\/19-dakar-de-rooy-31.jpg\",\"contentUrl\":\"https:\/\/www.dakarmania.cz\/wp-content\/uploads\/2019\/10\/19-dakar-de-rooy-31.jpg\",\"width\":1024,\"height\":683,\"caption\":\"Gerard de Rooy, Petronas Team De Rooy Iveco. Rally Dakar 2019. \u00a9 Team De Rooy\"},{\"@type\":\"BreadcrumbList\",\"@id\":\"https:\/\/www.dakarmania.cz\/index.php\/2019\/10\/21\/dakar-2020-bez-gerarda-de-rooye\/#breadcrumb\",\"itemListElement\":[{\"@type\":\"ListItem\",\"position\":1,\"name\":\"Dom\u016f\",\"item\":\"https:\/\/www.dakarmania.cz\/\"},{\"@type\":\"ListItem\",\"position\":2,\"name\":\"Dakar 2020 bez Gerarda de Rooye\"}]},{\"@type\":\"WebSite\",\"@id\":\"https:\/\/www.dakarmania.cz\/#website\",\"url\":\"https:\/\/www.dakarmania.cz\/\",\"name\":\"DAKARMANIA.cz\",\"description\":\"\u017dijeme Dakarem cel\u00fd rok\",\"publisher\":{\"@id\":\"https:\/\/www.dakarmania.cz\/#organization\"},\"potentialAction\":[{\"@type\":\"SearchAction\",\"target\":{\"@type\":\"EntryPoint\",\"urlTemplate\":\"https:\/\/www.dakarmania.cz\/?s={search_term_string}\"},\"query-input\":{\"@type\":\"PropertyValueSpecification\",\"valueRequired\":true,\"valueName\":\"search_term_string\"}}],\"inLanguage\":\"cs\"},{\"@type\":\"Organization\",\"@id\":\"https:\/\/www.dakarmania.cz\/#organization\",\"name\":\"DAKAR MANIA\",\"url\":\"https:\/\/www.dakarmania.cz\/\",\"logo\":{\"@type\":\"ImageObject\",\"inLanguage\":\"cs\",\"@id\":\"https:\/\/www.dakarmania.cz\/#\/schema\/logo\/image\/\",\"url\":\"https:\/\/www.dakarmania.cz\/wp-content\/uploads\/2018\/12\/Dakar-Mania-Logo-Square-Orange.png\",\"contentUrl\":\"https:\/\/www.dakarmania.cz\/wp-content\/uploads\/2018\/12\/Dakar-Mania-Logo-Square-Orange.png\",\"width\":992,\"height\":992,\"caption\":\"DAKAR MANIA\"},\"image\":{\"@id\":\"https:\/\/www.dakarmania.cz\/#\/schema\/logo\/image\/\"},\"sameAs\":[\"https:\/\/www.facebook.com\/dakarmania\/\"]},{\"@type\":\"Person\",\"@id\":\"https:\/\/www.dakarmania.cz\/#\/schema\/person\/04eb0e87a389631c2169c0dddae7ff1e\",\"name\":\"Zden\u011bk Zelenka\",\"image\":{\"@type\":\"ImageObject\",\"inLanguage\":\"cs\",\"@id\":\"https:\/\/www.dakarmania.cz\/#\/schema\/person\/image\/\",\"url\":\"https:\/\/secure.gravatar.com\/avatar\/2c80d5a4942fe0900b73cc7d3837a509d6ee0a276a2b76dac95c92bd0763a89b?s=96&d=mm&r=g\",\"contentUrl\":\"https:\/\/secure.gravatar.com\/avatar\/2c80d5a4942fe0900b73cc7d3837a509d6ee0a276a2b76dac95c92bd0763a89b?s=96&d=mm&r=g\",\"caption\":\"Zden\u011bk Zelenka\"},\"description\":\"Moji d\u011bt\u0161t\u00ed hrdinov\u00e9 se jmenovali Loprais, Moskal, Neveu, Vatanen, Rahier... A tihle borci, jejich n\u00e1sledovn\u00edci a jejich p\u0159\u00edb\u011bhy m\u011b nep\u0159estali fascinovat ani po letech, kdy jsem vyrostl a zam\u011bstn\u00e1valy m\u011b jin\u00e9 discipl\u00edny motorsportu. Proto se zrodila DAKARMANIA.\",\"url\":\"https:\/\/www.dakarmania.cz\/index.php\/author\/dakarmania\/\"}]}<\/script>\n<!-- \/ Yoast SEO plugin. -->","yoast_head_json":{"title":"Dakar 2020 bez Gerarda de Rooye - DAKARMANIA.cz","description":"Dvojn\u00e1sobn\u00fd v\u00edt\u011bz Rally Dakar a jeden z hlavn\u00edch favorit\u016f kategorie kamion\u016f Gerard de Rooy se na start prvn\u00edho sa\u00fadskoarabsk\u00e9ho ro\u010dn\u00edku nepostav\u00ed.","robots":{"index":"index","follow":"follow","max-snippet":"max-snippet:-1","max-image-preview":"max-image-preview:large","max-video-preview":"max-video-preview:-1"},"canonical":"https:\/\/www.dakarmania.cz\/index.php\/2019\/10\/21\/dakar-2020-bez-gerarda-de-rooye\/","og_locale":"cs_CZ","og_type":"article","og_title":"Dakar 2020 bez Gerarda de Rooye - DAKARMANIA.cz","og_description":"Dvojn\u00e1sobn\u00fd v\u00edt\u011bz Rally Dakar a jeden z hlavn\u00edch favorit\u016f kategorie kamion\u016f Gerard de Rooy se na start prvn\u00edho sa\u00fadskoarabsk\u00e9ho ro\u010dn\u00edku nepostav\u00ed.","og_url":"https:\/\/www.dakarmania.cz\/index.php\/2019\/10\/21\/dakar-2020-bez-gerarda-de-rooye\/","og_site_name":"DAKARMANIA.cz","article_publisher":"https:\/\/www.facebook.com\/dakarmania\/","article_published_time":"2019-10-21T21:24:25+00:00","article_modified_time":"2019-11-16T08:58:43+00:00","og_image":[{"width":1024,"height":683,"url":"https:\/\/www.dakarmania.cz\/wp-content\/uploads\/2019\/10\/19-dakar-de-rooy-31.jpg","type":"image\/jpeg"}],"author":"Zden\u011bk Zelenka","twitter_card":"summary_large_image","twitter_misc":{"Napsal(a)":"Zden\u011bk Zelenka","Odhadovan\u00e1 doba \u010dten\u00ed":"2 minuty"},"schema":{"@context":"https:\/\/schema.org","@graph":[{"@type":"Article","@id":"https:\/\/www.dakarmania.cz\/index.php\/2019\/10\/21\/dakar-2020-bez-gerarda-de-rooye\/#article","isPartOf":{"@id":"https:\/\/www.dakarmania.cz\/index.php\/2019\/10\/21\/dakar-2020-bez-gerarda-de-rooye\/"},"author":{"name":"Zden\u011bk Zelenka","@id":"https:\/\/www.dakarmania.cz\/#\/schema\/person\/04eb0e87a389631c2169c0dddae7ff1e"},"headline":"Dakar 2020 bez Gerarda de Rooye","datePublished":"2019-10-21T21:24:25+00:00","dateModified":"2019-11-16T08:58:43+00:00","mainEntityOfPage":{"@id":"https:\/\/www.dakarmania.cz\/index.php\/2019\/10\/21\/dakar-2020-bez-gerarda-de-rooye\/"},"wordCount":361,"commentCount":0,"publisher":{"@id":"https:\/\/www.dakarmania.cz\/#organization"},"image":{"@id":"https:\/\/www.dakarmania.cz\/index.php\/2019\/10\/21\/dakar-2020-bez-gerarda-de-rooye\/#primaryimage"},"thumbnailUrl":"https:\/\/www.dakarmania.cz\/wp-content\/uploads\/2019\/10\/19-dakar-de-rooy-31.jpg","keywords":["Dakar","Dakar 2020","Gerard de Rooy","Iveco","Team De Rooy"],"articleSection":["Dakar 2020","Kamiony"],"inLanguage":"cs","potentialAction":[{"@type":"CommentAction","name":"Comment","target":["https:\/\/www.dakarmania.cz\/index.php\/2019\/10\/21\/dakar-2020-bez-gerarda-de-rooye\/#respond"]}]},{"@type":"WebPage","@id":"https:\/\/www.dakarmania.cz\/index.php\/2019\/10\/21\/dakar-2020-bez-gerarda-de-rooye\/","url":"https:\/\/www.dakarmania.cz\/index.php\/2019\/10\/21\/dakar-2020-bez-gerarda-de-rooye\/","name":"Dakar 2020 bez Gerarda de Rooye - DAKARMANIA.cz","isPartOf":{"@id":"https:\/\/www.dakarmania.cz\/#website"},"primaryImageOfPage":{"@id":"https:\/\/www.dakarmania.cz\/index.php\/2019\/10\/21\/dakar-2020-bez-gerarda-de-rooye\/#primaryimage"},"image":{"@id":"https:\/\/www.dakarmania.cz\/index.php\/2019\/10\/21\/dakar-2020-bez-gerarda-de-rooye\/#primaryimage"},"thumbnailUrl":"https:\/\/www.dakarmania.cz\/wp-content\/uploads\/2019\/10\/19-dakar-de-rooy-31.jpg","datePublished":"2019-10-21T21:24:25+00:00","dateModified":"2019-11-16T08:58:43+00:00","description":"Dvojn\u00e1sobn\u00fd v\u00edt\u011bz Rally Dakar a jeden z hlavn\u00edch favorit\u016f kategorie kamion\u016f Gerard de Rooy se na start prvn\u00edho sa\u00fadskoarabsk\u00e9ho ro\u010dn\u00edku nepostav\u00ed.","breadcrumb":{"@id":"https:\/\/www.dakarmania.cz\/index.php\/2019\/10\/21\/dakar-2020-bez-gerarda-de-rooye\/#breadcrumb"},"inLanguage":"cs","potentialAction":[{"@type":"ReadAction","target":["https:\/\/www.dakarmania.cz\/index.php\/2019\/10\/21\/dakar-2020-bez-gerarda-de-rooye\/"]}]},{"@type":"ImageObject","inLanguage":"cs","@id":"https:\/\/www.dakarmania.cz\/index.php\/2019\/10\/21\/dakar-2020-bez-gerarda-de-rooye\/#primaryimage","url":"https:\/\/www.dakarmania.cz\/wp-content\/uploads\/2019\/10\/19-dakar-de-rooy-31.jpg","contentUrl":"https:\/\/www.dakarmania.cz\/wp-content\/uploads\/2019\/10\/19-dakar-de-rooy-31.jpg","width":1024,"height":683,"caption":"Gerard de Rooy, Petronas Team De Rooy Iveco. Rally Dakar 2019. \u00a9 Team De Rooy"},{"@type":"BreadcrumbList","@id":"https:\/\/www.dakarmania.cz\/index.php\/2019\/10\/21\/dakar-2020-bez-gerarda-de-rooye\/#breadcrumb","itemListElement":[{"@type":"ListItem","position":1,"name":"Dom\u016f","item":"https:\/\/www.dakarmania.cz\/"},{"@type":"ListItem","position":2,"name":"Dakar 2020 bez Gerarda de Rooye"}]},{"@type":"WebSite","@id":"https:\/\/www.dakarmania.cz\/#website","url":"https:\/\/www.dakarmania.cz\/","name":"DAKARMANIA.cz","description":"\u017dijeme Dakarem cel\u00fd rok","publisher":{"@id":"https:\/\/www.dakarmania.cz\/#organization"},"potentialAction":[{"@type":"SearchAction","target":{"@type":"EntryPoint","urlTemplate":"https:\/\/www.dakarmania.cz\/?s={search_term_string}"},"query-input":{"@type":"PropertyValueSpecification","valueRequired":true,"valueName":"search_term_string"}}],"inLanguage":"cs"},{"@type":"Organization","@id":"https:\/\/www.dakarmania.cz\/#organization","name":"DAKAR MANIA","url":"https:\/\/www.dakarmania.cz\/","logo":{"@type":"ImageObject","inLanguage":"cs","@id":"https:\/\/www.dakarmania.cz\/#\/schema\/logo\/image\/","url":"https:\/\/www.dakarmania.cz\/wp-content\/uploads\/2018\/12\/Dakar-Mania-Logo-Square-Orange.png","contentUrl":"https:\/\/www.dakarmania.cz\/wp-content\/uploads\/2018\/12\/Dakar-Mania-Logo-Square-Orange.png","width":992,"height":992,"caption":"DAKAR MANIA"},"image":{"@id":"https:\/\/www.dakarmania.cz\/#\/schema\/logo\/image\/"},"sameAs":["https:\/\/www.facebook.com\/dakarmania\/"]},{"@type":"Person","@id":"https:\/\/www.dakarmania.cz\/#\/schema\/person\/04eb0e87a389631c2169c0dddae7ff1e","name":"Zden\u011bk Zelenka","image":{"@type":"ImageObject","inLanguage":"cs","@id":"https:\/\/www.dakarmania.cz\/#\/schema\/person\/image\/","url":"https:\/\/secure.gravatar.com\/avatar\/2c80d5a4942fe0900b73cc7d3837a509d6ee0a276a2b76dac95c92bd0763a89b?s=96&d=mm&r=g","contentUrl":"https:\/\/secure.gravatar.com\/avatar\/2c80d5a4942fe0900b73cc7d3837a509d6ee0a276a2b76dac95c92bd0763a89b?s=96&d=mm&r=g","caption":"Zden\u011bk Zelenka"},"description":"Moji d\u011bt\u0161t\u00ed hrdinov\u00e9 se jmenovali Loprais, Moskal, Neveu, Vatanen, Rahier... A tihle borci, jejich n\u00e1sledovn\u00edci a jejich p\u0159\u00edb\u011bhy m\u011b nep\u0159estali fascinovat ani po letech, kdy jsem vyrostl a zam\u011bstn\u00e1valy m\u011b jin\u00e9 discipl\u00edny motorsportu. Proto se zrodila DAKARMANIA.","url":"https:\/\/www.dakarmania.cz\/index.php\/author\/dakarmania\/"}]}},"amp_enabled":true,"_links":{"self":[{"href":"https:\/\/www.dakarmania.cz\/index.php\/wp-json\/wp\/v2\/posts\/12703","targetHints":{"allow":["GET"]}}],"collection":[{"href":"https:\/\/www.dakarmania.cz\/index.php\/wp-json\/wp\/v2\/posts"}],"about":[{"href":"https:\/\/www.dakarmania.cz\/index.php\/wp-json\/wp\/v2\/types\/post"}],"author":[{"embeddable":true,"href":"https:\/\/www.dakarmania.cz\/index.php\/wp-json\/wp\/v2\/users\/1"}],"replies":[{"embeddable":true,"href":"https:\/\/www.dakarmania.cz\/index.php\/wp-json\/wp\/v2\/comments?post=12703"}],"version-history":[{"count":4,"href":"https:\/\/www.dakarmania.cz\/index.php\/wp-json\/wp\/v2\/posts\/12703\/revisions"}],"predecessor-version":[{"id":12914,"href":"https:\/\/www.dakarmania.cz\/index.php\/wp-json\/wp\/v2\/posts\/12703\/revisions\/12914"}],"wp:featuredmedia":[{"embeddable":true,"href":"https:\/\/www.dakarmania.cz\/index.php\/wp-json\/wp\/v2\/media\/12702"}],"wp:attachment":[{"href":"https:\/\/www.dakarmania.cz\/index.php\/wp-json\/wp\/v2\/media?parent=12703"}],"wp:term":[{"taxonomy":"category","embeddable":true,"href":"https:\/\/www.dakarmania.cz\/index.php\/wp-json\/wp\/v2\/categories?post=12703"},{"taxonomy":"post_tag","embeddable":true,"href":"https:\/\/www.dakarmania.cz\/index.php\/wp-json\/wp\/v2\/tags?post=12703"}],"curies":[{"name":"wp","href":"https:\/\/api.w.org\/{rel}","templated":true}]}}