{"id":12815,"date":"2019-10-23T15:34:14","date_gmt":"2019-10-23T13:34:14","guid":{"rendered":"https:\/\/www.dakarmania.cz\/?p=12815"},"modified":"2023-05-27T10:29:46","modified_gmt":"2023-05-27T08:29:46","slug":"borgward-zkompletoval-sestavu","status":"publish","type":"post","link":"https:\/\/www.dakarmania.cz\/index.php\/2019\/10\/23\/borgward-zkompletoval-sestavu\/","title":{"rendered":"Borgward zkompletoval dvou\u010dlennou jezdeckou sestavu"},"content":{"rendered":"<p>[vc_row][vc_column][vc_column_text css_animation=&#8221;fadeIn&#8221;]<\/p>\n<h4>Borgward Rally Team zve\u0159ejnil jm\u00e9no t\u00fdmov\u00e9ho kolegy Naniho Romy, jen\u017e s druh\u00fdm Borgwardem BX7 Evo absolvuje v\u00edkendovou Baju Portalegre a v lednu se postav\u00ed tak\u00e9 na start prvn\u00edho sa\u00fadskoarabsk\u00e9ho ro\u010dn\u00edku Rally Dakar.<\/h4>\n<p>V sestav\u011b Borgward Rally Teamu dopln\u00ed zku\u0161en\u00e9ho <a href=\"\/index.php\/osobnosti\/nani-roma\/\">Naniho Romu<\/a> o sedmn\u00e1ct let mlad\u0161\u00ed Ricardo Por\u00e9m. Sedadlo spolujezdce zaujme Ricard\u016fv bratr Manuel.<\/p>\n<p>T\u0159icetilet\u00fd portugalsk\u00fd pilot je dvojn\u00e1sobn\u00fdm v\u00edt\u011bzem dom\u00e1c\u00edho \u0161ampion\u00e1tu v cross-country rally a v letech 2014 a\u017e 2017 dok\u00e1zal jako jedin\u00fd v historii <a href=\"\/index.php\/souteze\/#portalegre\">Baji Portalegre 500<\/a> vyhr\u00e1t tento z\u00e1vod \u010dty\u0159ikr\u00e1t v \u0159ad\u011b. Na <a href=\"\/index.php\/souteze\/#dakar\">Dakaru<\/a> debutoval letos v lednu, kdy s buginou Can-Am Maverick t\u00fdmu South Racing obsadil jeden\u00e1ct\u00e9 m\u00edsto v kategorii SxS.<\/p>\n<p><em>\u201eNaniho zn\u00e1m a v\u00edm, \u017ee se jedn\u00e1 o velice zku\u0161en\u00e9ho jezdce. P\u0159esto jsem si jist\u00fd, \u017ee mohu t\u00fdmu p\u0159isp\u011bt sv\u00fdmi zku\u0161enostmi z Baji Portalegre a douf\u00e1m, \u017ee se n\u00e1m poda\u0159\u00ed z\u00edskat dobr\u00fd v\u00fdsledek,\u201c<\/em> \u0159\u00edk\u00e1 <strong>Ricardo Por\u00e9m<\/strong>.[\/vc_column_text][vc_single_image image=&#8221;12813&#8243; img_size=&#8221;large&#8221; add_caption=&#8221;yes&#8221; alignment=&#8221;center&#8221; onclick=&#8221;link_image&#8221; css_animation=&#8221;fadeIn&#8221;][vc_column_text css_animation=&#8221;fadeIn&#8221;]Borgward Rally Team m\u00e1 v sestav\u011b pro z\u00e1v\u011bre\u010dn\u00fd podnik <a href=\"\/index.php\/svetovy-pohar-fia-v-cross-country-bajach-2019\/\">Sv\u011btov\u00e9ho poh\u00e1ru FIA v cross-country baj\u00e1ch<\/a> v\u00edt\u011bze v\u0161ech p\u011bti posledn\u00edch ro\u010dn\u00edk\u016f, nebo\u0165 loni si trofej z Portalegre odvezl Roma.<\/p>\n<p>Zat\u00edmco Por\u00e9m pojede s Borgwardem poprv\u00e9, Roma za jeho volantem debutoval na po\u010d\u00e1tku m\u011bs\u00edce p\u0159i <a href=\"\/index.php\/souteze\/maroc-2019\/\">Rallye du Maroc<\/a>. Po s\u00e9rii technick\u00fdch probl\u00e9m\u016f ve dvou \u00favodn\u00edch etap\u00e1ch dok\u00e1zal v dal\u0161\u00edch dnech zrychlit a celkov\u011b obsadil \u0161estou p\u0159\u00ed\u010dku.<\/p>\n<p><em>\u201eZ Maroka jsem odj\u00ed\u017ed\u011bl s pocitem, \u017ee jdeme spr\u00e1vnou cestou. Hodn\u011b jsme se zlep\u0161ili a auto se podstatn\u011b p\u0159ibl\u00ed\u017eilo m\u00fdm p\u0159edstav\u00e1m, p\u0159esto mus\u00edme d\u00e1l pracovat na dal\u0161\u00edch zlep\u0161en\u00edch,\u201c<\/em> uvedl <strong>Nani Roma<\/strong> po sout\u011b\u017ei, p\u0159ed kterou s t\u00fdmem v Maroku tak\u00e9 <a href=\"\/index.php\/2019\/09\/30\/roma-testuje-borgward\/\">n\u011bkolik dn\u016f testoval<\/a>.[\/vc_column_text][vc_single_image image=&#8221;12456&#8243; img_size=&#8221;large&#8221; add_caption=&#8221;yes&#8221; alignment=&#8221;center&#8221; onclick=&#8221;link_image&#8221; css_animation=&#8221;fadeIn&#8221;][vc_column_text css_animation=&#8221;fadeIn&#8221;]<em>\u201eSe slo\u017een\u00edm t\u00fdmu pro <a href=\"\/index.php\/souteze\/dakar-2020\/\">Dakar 2020<\/a> jsme velice spokojen\u00ed. M\u00e1me spolehliv\u00e9 auto a vynikaj\u00edc\u00ed piloty se spoustou zku\u0161enost\u00ed, kte\u0159\u00ed jsou schopn\u00ed bojovat s t\u011bmi nejlep\u0161\u00edmi na sv\u011bt\u011b,\u201c<\/em> v\u011b\u0159\u00ed <strong>Erik Wevers<\/strong>, majitel spole\u010dnosti Wevers Sport, je\u017e zaji\u0161\u0165uje p\u0159\u00edpravu sout\u011b\u017en\u00edch speci\u00e1l\u016f i chod cel\u00e9ho Borgward Rally Teamu.<\/p>\n<p><a href=\"\/index.php\/souteze\/portalegre-2019\/\">Baja Portalegre 2019<\/a> slavnostn\u011b odstartuje u\u017e z\u00edtra, ve \u010dtvrtek 24. \u0159\u00edjna. V p\u00e1tek a v sobotu jsou na programu \u010dty\u0159i rychlostn\u00ed zkou\u0161ky o celkov\u00e9 d\u00e9lce 459 kilometr\u016f.[\/vc_column_text][\/vc_column][\/vc_row]<\/p>\n","protected":false},"excerpt":{"rendered":"<p>Borgward Rally Team zve\u0159ejnil jm\u00e9no t\u00fdmov\u00e9ho kolegy Naniho Romy, jen\u017e s druh\u00fdm Borgwardem absolvuje v\u00edkendovou Baju Portalegre i Rally Dakar 2020.<\/p>\n","protected":false},"author":1,"featured_media":12814,"comment_status":"closed","ping_status":"closed","sticky":false,"template":"","format":"standard","meta":{"footnotes":""},"categories":[3,1544,251,98],"tags":[425,259,1490,1488,1486,8,159,1547,1546,232,1545,106,445,1487],"class_list":["post-12815","post","type-post","status-publish","format-standard","has-post-thumbnail","hentry","category-auto","category-baja-portalegre","category-dakar-2020","category-fia-baja","tag-425","tag-baja-portalegre","tag-baja-portalegre-2019","tag-borgward","tag-borgward-rally-team","tag-dakar","tag-dakar-2020","tag-erik-wevers","tag-manuel-porem","tag-nani-roma","tag-ricardo-porem","tag-sp-fia-baja","tag-sp-fia-baja-2019","tag-wevers-sport"],"yoast_head":"<!-- This site is optimized with the Yoast SEO plugin v24.9 - https:\/\/yoast.com\/wordpress\/plugins\/seo\/ -->\n<title>Borgward zkompletoval dvou\u010dlennou jezdeckou sestavu - DAKARMANIA.cz<\/title>\n<meta name=\"description\" content=\"Borgward Rally Team zve\u0159ejnil jm\u00e9no t\u00fdmov\u00e9ho kolegy Naniho Romy, jen\u017e s druh\u00fdm Borgwardem absolvuje v\u00edkendovou Baju Portalegre i Rally Dakar 2020.\" \/>\n<meta name=\"robots\" content=\"index, follow, max-snippet:-1, max-image-preview:large, max-video-preview:-1\" \/>\n<link rel=\"canonical\" href=\"https:\/\/www.dakarmania.cz\/index.php\/2019\/10\/23\/borgward-zkompletoval-sestavu\/\" \/>\n<meta property=\"og:locale\" content=\"cs_CZ\" \/>\n<meta property=\"og:type\" content=\"article\" \/>\n<meta property=\"og:title\" content=\"Borgward zkompletoval dvou\u010dlennou jezdeckou sestavu - DAKARMANIA.cz\" \/>\n<meta property=\"og:description\" content=\"Borgward Rally Team zve\u0159ejnil jm\u00e9no t\u00fdmov\u00e9ho kolegy Naniho Romy, jen\u017e s druh\u00fdm Borgwardem absolvuje v\u00edkendovou Baju Portalegre i Rally Dakar 2020.\" \/>\n<meta property=\"og:url\" content=\"https:\/\/www.dakarmania.cz\/index.php\/2019\/10\/23\/borgward-zkompletoval-sestavu\/\" \/>\n<meta property=\"og:site_name\" content=\"DAKARMANIA.cz\" \/>\n<meta property=\"article:publisher\" content=\"https:\/\/www.facebook.com\/dakarmania\/\" \/>\n<meta property=\"article:published_time\" content=\"2019-10-23T13:34:14+00:00\" \/>\n<meta property=\"article:modified_time\" content=\"2023-05-27T08:29:46+00:00\" \/>\n<meta property=\"og:image\" content=\"https:\/\/www.dakarmania.cz\/wp-content\/uploads\/2019\/10\/19-maroc-roma-03.jpg\" \/>\n\t<meta property=\"og:image:width\" content=\"1024\" \/>\n\t<meta property=\"og:image:height\" content=\"683\" \/>\n\t<meta property=\"og:image:type\" content=\"image\/jpeg\" \/>\n<meta name=\"author\" content=\"Zden\u011bk Zelenka\" \/>\n<meta name=\"twitter:card\" content=\"summary_large_image\" \/>\n<meta name=\"twitter:label1\" content=\"Napsal(a)\" \/>\n\t<meta name=\"twitter:data1\" content=\"Zden\u011bk Zelenka\" \/>\n\t<meta name=\"twitter:label2\" content=\"Odhadovan\u00e1 doba \u010dten\u00ed\" \/>\n\t<meta name=\"twitter:data2\" content=\"2 minuty\" \/>\n<script type=\"application\/ld+json\" class=\"yoast-schema-graph\">{\"@context\":\"https:\/\/schema.org\",\"@graph\":[{\"@type\":\"Article\",\"@id\":\"https:\/\/www.dakarmania.cz\/index.php\/2019\/10\/23\/borgward-zkompletoval-sestavu\/#article\",\"isPartOf\":{\"@id\":\"https:\/\/www.dakarmania.cz\/index.php\/2019\/10\/23\/borgward-zkompletoval-sestavu\/\"},\"author\":{\"name\":\"Zden\u011bk Zelenka\",\"@id\":\"https:\/\/www.dakarmania.cz\/#\/schema\/person\/04eb0e87a389631c2169c0dddae7ff1e\"},\"headline\":\"Borgward zkompletoval dvou\u010dlennou jezdeckou sestavu\",\"datePublished\":\"2019-10-23T13:34:14+00:00\",\"dateModified\":\"2023-05-27T08:29:46+00:00\",\"mainEntityOfPage\":{\"@id\":\"https:\/\/www.dakarmania.cz\/index.php\/2019\/10\/23\/borgward-zkompletoval-sestavu\/\"},\"wordCount\":504,\"publisher\":{\"@id\":\"https:\/\/www.dakarmania.cz\/#organization\"},\"image\":{\"@id\":\"https:\/\/www.dakarmania.cz\/index.php\/2019\/10\/23\/borgward-zkompletoval-sestavu\/#primaryimage\"},\"thumbnailUrl\":\"https:\/\/www.dakarmania.cz\/wp-content\/uploads\/2019\/10\/19-maroc-roma-03.jpg\",\"keywords\":[\"2019\",\"Baja Portalegre\",\"Baja Portalegre 2019\",\"Borgward\",\"Borgward Rally Team\",\"Dakar\",\"Dakar 2020\",\"Erik Wevers\",\"Manuel Por\u00e9m\",\"Nani Roma\",\"Ricardo Por\u00e9m\",\"SP FIA baja\",\"SP FIA baja 2019\",\"Wevers Sport\"],\"articleSection\":[\"Auto\",\"Baja Portalegre\",\"Dakar 2020\",\"FIA SP baja\"],\"inLanguage\":\"cs\"},{\"@type\":\"WebPage\",\"@id\":\"https:\/\/www.dakarmania.cz\/index.php\/2019\/10\/23\/borgward-zkompletoval-sestavu\/\",\"url\":\"https:\/\/www.dakarmania.cz\/index.php\/2019\/10\/23\/borgward-zkompletoval-sestavu\/\",\"name\":\"Borgward zkompletoval dvou\u010dlennou jezdeckou sestavu - DAKARMANIA.cz\",\"isPartOf\":{\"@id\":\"https:\/\/www.dakarmania.cz\/#website\"},\"primaryImageOfPage\":{\"@id\":\"https:\/\/www.dakarmania.cz\/index.php\/2019\/10\/23\/borgward-zkompletoval-sestavu\/#primaryimage\"},\"image\":{\"@id\":\"https:\/\/www.dakarmania.cz\/index.php\/2019\/10\/23\/borgward-zkompletoval-sestavu\/#primaryimage\"},\"thumbnailUrl\":\"https:\/\/www.dakarmania.cz\/wp-content\/uploads\/2019\/10\/19-maroc-roma-03.jpg\",\"datePublished\":\"2019-10-23T13:34:14+00:00\",\"dateModified\":\"2023-05-27T08:29:46+00:00\",\"description\":\"Borgward Rally Team zve\u0159ejnil jm\u00e9no t\u00fdmov\u00e9ho kolegy Naniho Romy, jen\u017e s druh\u00fdm Borgwardem absolvuje v\u00edkendovou Baju Portalegre i Rally Dakar 2020.\",\"breadcrumb\":{\"@id\":\"https:\/\/www.dakarmania.cz\/index.php\/2019\/10\/23\/borgward-zkompletoval-sestavu\/#breadcrumb\"},\"inLanguage\":\"cs\",\"potentialAction\":[{\"@type\":\"ReadAction\",\"target\":[\"https:\/\/www.dakarmania.cz\/index.php\/2019\/10\/23\/borgward-zkompletoval-sestavu\/\"]}]},{\"@type\":\"ImageObject\",\"inLanguage\":\"cs\",\"@id\":\"https:\/\/www.dakarmania.cz\/index.php\/2019\/10\/23\/borgward-zkompletoval-sestavu\/#primaryimage\",\"url\":\"https:\/\/www.dakarmania.cz\/wp-content\/uploads\/2019\/10\/19-maroc-roma-03.jpg\",\"contentUrl\":\"https:\/\/www.dakarmania.cz\/wp-content\/uploads\/2019\/10\/19-maroc-roma-03.jpg\",\"width\":1024,\"height\":683,\"caption\":\"Nani Roma\/Dani Oliveras, Borgward BX7 DKR Evo, Borgward Rally Team. Rallye du Maroc 2019. \u00a9 Wevers Sport\"},{\"@type\":\"BreadcrumbList\",\"@id\":\"https:\/\/www.dakarmania.cz\/index.php\/2019\/10\/23\/borgward-zkompletoval-sestavu\/#breadcrumb\",\"itemListElement\":[{\"@type\":\"ListItem\",\"position\":1,\"name\":\"Dom\u016f\",\"item\":\"https:\/\/www.dakarmania.cz\/\"},{\"@type\":\"ListItem\",\"position\":2,\"name\":\"Borgward zkompletoval dvou\u010dlennou jezdeckou sestavu\"}]},{\"@type\":\"WebSite\",\"@id\":\"https:\/\/www.dakarmania.cz\/#website\",\"url\":\"https:\/\/www.dakarmania.cz\/\",\"name\":\"DAKARMANIA.cz\",\"description\":\"\u017dijeme Dakarem cel\u00fd rok\",\"publisher\":{\"@id\":\"https:\/\/www.dakarmania.cz\/#organization\"},\"potentialAction\":[{\"@type\":\"SearchAction\",\"target\":{\"@type\":\"EntryPoint\",\"urlTemplate\":\"https:\/\/www.dakarmania.cz\/?s={search_term_string}\"},\"query-input\":{\"@type\":\"PropertyValueSpecification\",\"valueRequired\":true,\"valueName\":\"search_term_string\"}}],\"inLanguage\":\"cs\"},{\"@type\":\"Organization\",\"@id\":\"https:\/\/www.dakarmania.cz\/#organization\",\"name\":\"DAKAR MANIA\",\"url\":\"https:\/\/www.dakarmania.cz\/\",\"logo\":{\"@type\":\"ImageObject\",\"inLanguage\":\"cs\",\"@id\":\"https:\/\/www.dakarmania.cz\/#\/schema\/logo\/image\/\",\"url\":\"https:\/\/www.dakarmania.cz\/wp-content\/uploads\/2018\/12\/Dakar-Mania-Logo-Square-Orange.png\",\"contentUrl\":\"https:\/\/www.dakarmania.cz\/wp-content\/uploads\/2018\/12\/Dakar-Mania-Logo-Square-Orange.png\",\"width\":992,\"height\":992,\"caption\":\"DAKAR MANIA\"},\"image\":{\"@id\":\"https:\/\/www.dakarmania.cz\/#\/schema\/logo\/image\/\"},\"sameAs\":[\"https:\/\/www.facebook.com\/dakarmania\/\"]},{\"@type\":\"Person\",\"@id\":\"https:\/\/www.dakarmania.cz\/#\/schema\/person\/04eb0e87a389631c2169c0dddae7ff1e\",\"name\":\"Zden\u011bk Zelenka\",\"image\":{\"@type\":\"ImageObject\",\"inLanguage\":\"cs\",\"@id\":\"https:\/\/www.dakarmania.cz\/#\/schema\/person\/image\/\",\"url\":\"https:\/\/secure.gravatar.com\/avatar\/2c80d5a4942fe0900b73cc7d3837a509d6ee0a276a2b76dac95c92bd0763a89b?s=96&d=mm&r=g\",\"contentUrl\":\"https:\/\/secure.gravatar.com\/avatar\/2c80d5a4942fe0900b73cc7d3837a509d6ee0a276a2b76dac95c92bd0763a89b?s=96&d=mm&r=g\",\"caption\":\"Zden\u011bk Zelenka\"},\"description\":\"Moji d\u011bt\u0161t\u00ed hrdinov\u00e9 se jmenovali Loprais, Moskal, Neveu, Vatanen, Rahier... A tihle borci, jejich n\u00e1sledovn\u00edci a jejich p\u0159\u00edb\u011bhy m\u011b nep\u0159estali fascinovat ani po letech, kdy jsem vyrostl a zam\u011bstn\u00e1valy m\u011b jin\u00e9 discipl\u00edny motorsportu. Proto se zrodila DAKARMANIA.\",\"url\":\"https:\/\/www.dakarmania.cz\/index.php\/author\/dakarmania\/\"}]}<\/script>\n<!-- \/ Yoast SEO plugin. -->","yoast_head_json":{"title":"Borgward zkompletoval dvou\u010dlennou jezdeckou sestavu - DAKARMANIA.cz","description":"Borgward Rally Team zve\u0159ejnil jm\u00e9no t\u00fdmov\u00e9ho kolegy Naniho Romy, jen\u017e s druh\u00fdm Borgwardem absolvuje v\u00edkendovou Baju Portalegre i Rally Dakar 2020.","robots":{"index":"index","follow":"follow","max-snippet":"max-snippet:-1","max-image-preview":"max-image-preview:large","max-video-preview":"max-video-preview:-1"},"canonical":"https:\/\/www.dakarmania.cz\/index.php\/2019\/10\/23\/borgward-zkompletoval-sestavu\/","og_locale":"cs_CZ","og_type":"article","og_title":"Borgward zkompletoval dvou\u010dlennou jezdeckou sestavu - DAKARMANIA.cz","og_description":"Borgward Rally Team zve\u0159ejnil jm\u00e9no t\u00fdmov\u00e9ho kolegy Naniho Romy, jen\u017e s druh\u00fdm Borgwardem absolvuje v\u00edkendovou Baju Portalegre i Rally Dakar 2020.","og_url":"https:\/\/www.dakarmania.cz\/index.php\/2019\/10\/23\/borgward-zkompletoval-sestavu\/","og_site_name":"DAKARMANIA.cz","article_publisher":"https:\/\/www.facebook.com\/dakarmania\/","article_published_time":"2019-10-23T13:34:14+00:00","article_modified_time":"2023-05-27T08:29:46+00:00","og_image":[{"width":1024,"height":683,"url":"https:\/\/www.dakarmania.cz\/wp-content\/uploads\/2019\/10\/19-maroc-roma-03.jpg","type":"image\/jpeg"}],"author":"Zden\u011bk Zelenka","twitter_card":"summary_large_image","twitter_misc":{"Napsal(a)":"Zden\u011bk Zelenka","Odhadovan\u00e1 doba \u010dten\u00ed":"2 minuty"},"schema":{"@context":"https:\/\/schema.org","@graph":[{"@type":"Article","@id":"https:\/\/www.dakarmania.cz\/index.php\/2019\/10\/23\/borgward-zkompletoval-sestavu\/#article","isPartOf":{"@id":"https:\/\/www.dakarmania.cz\/index.php\/2019\/10\/23\/borgward-zkompletoval-sestavu\/"},"author":{"name":"Zden\u011bk Zelenka","@id":"https:\/\/www.dakarmania.cz\/#\/schema\/person\/04eb0e87a389631c2169c0dddae7ff1e"},"headline":"Borgward zkompletoval dvou\u010dlennou jezdeckou sestavu","datePublished":"2019-10-23T13:34:14+00:00","dateModified":"2023-05-27T08:29:46+00:00","mainEntityOfPage":{"@id":"https:\/\/www.dakarmania.cz\/index.php\/2019\/10\/23\/borgward-zkompletoval-sestavu\/"},"wordCount":504,"publisher":{"@id":"https:\/\/www.dakarmania.cz\/#organization"},"image":{"@id":"https:\/\/www.dakarmania.cz\/index.php\/2019\/10\/23\/borgward-zkompletoval-sestavu\/#primaryimage"},"thumbnailUrl":"https:\/\/www.dakarmania.cz\/wp-content\/uploads\/2019\/10\/19-maroc-roma-03.jpg","keywords":["2019","Baja Portalegre","Baja Portalegre 2019","Borgward","Borgward Rally Team","Dakar","Dakar 2020","Erik Wevers","Manuel Por\u00e9m","Nani Roma","Ricardo Por\u00e9m","SP FIA baja","SP FIA baja 2019","Wevers Sport"],"articleSection":["Auto","Baja Portalegre","Dakar 2020","FIA SP baja"],"inLanguage":"cs"},{"@type":"WebPage","@id":"https:\/\/www.dakarmania.cz\/index.php\/2019\/10\/23\/borgward-zkompletoval-sestavu\/","url":"https:\/\/www.dakarmania.cz\/index.php\/2019\/10\/23\/borgward-zkompletoval-sestavu\/","name":"Borgward zkompletoval dvou\u010dlennou jezdeckou sestavu - DAKARMANIA.cz","isPartOf":{"@id":"https:\/\/www.dakarmania.cz\/#website"},"primaryImageOfPage":{"@id":"https:\/\/www.dakarmania.cz\/index.php\/2019\/10\/23\/borgward-zkompletoval-sestavu\/#primaryimage"},"image":{"@id":"https:\/\/www.dakarmania.cz\/index.php\/2019\/10\/23\/borgward-zkompletoval-sestavu\/#primaryimage"},"thumbnailUrl":"https:\/\/www.dakarmania.cz\/wp-content\/uploads\/2019\/10\/19-maroc-roma-03.jpg","datePublished":"2019-10-23T13:34:14+00:00","dateModified":"2023-05-27T08:29:46+00:00","description":"Borgward Rally Team zve\u0159ejnil jm\u00e9no t\u00fdmov\u00e9ho kolegy Naniho Romy, jen\u017e s druh\u00fdm Borgwardem absolvuje v\u00edkendovou Baju Portalegre i Rally Dakar 2020.","breadcrumb":{"@id":"https:\/\/www.dakarmania.cz\/index.php\/2019\/10\/23\/borgward-zkompletoval-sestavu\/#breadcrumb"},"inLanguage":"cs","potentialAction":[{"@type":"ReadAction","target":["https:\/\/www.dakarmania.cz\/index.php\/2019\/10\/23\/borgward-zkompletoval-sestavu\/"]}]},{"@type":"ImageObject","inLanguage":"cs","@id":"https:\/\/www.dakarmania.cz\/index.php\/2019\/10\/23\/borgward-zkompletoval-sestavu\/#primaryimage","url":"https:\/\/www.dakarmania.cz\/wp-content\/uploads\/2019\/10\/19-maroc-roma-03.jpg","contentUrl":"https:\/\/www.dakarmania.cz\/wp-content\/uploads\/2019\/10\/19-maroc-roma-03.jpg","width":1024,"height":683,"caption":"Nani Roma\/Dani Oliveras, Borgward BX7 DKR Evo, Borgward Rally Team. Rallye du Maroc 2019. \u00a9 Wevers Sport"},{"@type":"BreadcrumbList","@id":"https:\/\/www.dakarmania.cz\/index.php\/2019\/10\/23\/borgward-zkompletoval-sestavu\/#breadcrumb","itemListElement":[{"@type":"ListItem","position":1,"name":"Dom\u016f","item":"https:\/\/www.dakarmania.cz\/"},{"@type":"ListItem","position":2,"name":"Borgward zkompletoval dvou\u010dlennou jezdeckou sestavu"}]},{"@type":"WebSite","@id":"https:\/\/www.dakarmania.cz\/#website","url":"https:\/\/www.dakarmania.cz\/","name":"DAKARMANIA.cz","description":"\u017dijeme Dakarem cel\u00fd rok","publisher":{"@id":"https:\/\/www.dakarmania.cz\/#organization"},"potentialAction":[{"@type":"SearchAction","target":{"@type":"EntryPoint","urlTemplate":"https:\/\/www.dakarmania.cz\/?s={search_term_string}"},"query-input":{"@type":"PropertyValueSpecification","valueRequired":true,"valueName":"search_term_string"}}],"inLanguage":"cs"},{"@type":"Organization","@id":"https:\/\/www.dakarmania.cz\/#organization","name":"DAKAR MANIA","url":"https:\/\/www.dakarmania.cz\/","logo":{"@type":"ImageObject","inLanguage":"cs","@id":"https:\/\/www.dakarmania.cz\/#\/schema\/logo\/image\/","url":"https:\/\/www.dakarmania.cz\/wp-content\/uploads\/2018\/12\/Dakar-Mania-Logo-Square-Orange.png","contentUrl":"https:\/\/www.dakarmania.cz\/wp-content\/uploads\/2018\/12\/Dakar-Mania-Logo-Square-Orange.png","width":992,"height":992,"caption":"DAKAR MANIA"},"image":{"@id":"https:\/\/www.dakarmania.cz\/#\/schema\/logo\/image\/"},"sameAs":["https:\/\/www.facebook.com\/dakarmania\/"]},{"@type":"Person","@id":"https:\/\/www.dakarmania.cz\/#\/schema\/person\/04eb0e87a389631c2169c0dddae7ff1e","name":"Zden\u011bk Zelenka","image":{"@type":"ImageObject","inLanguage":"cs","@id":"https:\/\/www.dakarmania.cz\/#\/schema\/person\/image\/","url":"https:\/\/secure.gravatar.com\/avatar\/2c80d5a4942fe0900b73cc7d3837a509d6ee0a276a2b76dac95c92bd0763a89b?s=96&d=mm&r=g","contentUrl":"https:\/\/secure.gravatar.com\/avatar\/2c80d5a4942fe0900b73cc7d3837a509d6ee0a276a2b76dac95c92bd0763a89b?s=96&d=mm&r=g","caption":"Zden\u011bk Zelenka"},"description":"Moji d\u011bt\u0161t\u00ed hrdinov\u00e9 se jmenovali Loprais, Moskal, Neveu, Vatanen, Rahier... A tihle borci, jejich n\u00e1sledovn\u00edci a jejich p\u0159\u00edb\u011bhy m\u011b nep\u0159estali fascinovat ani po letech, kdy jsem vyrostl a zam\u011bstn\u00e1valy m\u011b jin\u00e9 discipl\u00edny motorsportu. Proto se zrodila DAKARMANIA.","url":"https:\/\/www.dakarmania.cz\/index.php\/author\/dakarmania\/"}]}},"amp_enabled":true,"_links":{"self":[{"href":"https:\/\/www.dakarmania.cz\/index.php\/wp-json\/wp\/v2\/posts\/12815","targetHints":{"allow":["GET"]}}],"collection":[{"href":"https:\/\/www.dakarmania.cz\/index.php\/wp-json\/wp\/v2\/posts"}],"about":[{"href":"https:\/\/www.dakarmania.cz\/index.php\/wp-json\/wp\/v2\/types\/post"}],"author":[{"embeddable":true,"href":"https:\/\/www.dakarmania.cz\/index.php\/wp-json\/wp\/v2\/users\/1"}],"replies":[{"embeddable":true,"href":"https:\/\/www.dakarmania.cz\/index.php\/wp-json\/wp\/v2\/comments?post=12815"}],"version-history":[{"count":3,"href":"https:\/\/www.dakarmania.cz\/index.php\/wp-json\/wp\/v2\/posts\/12815\/revisions"}],"predecessor-version":[{"id":12913,"href":"https:\/\/www.dakarmania.cz\/index.php\/wp-json\/wp\/v2\/posts\/12815\/revisions\/12913"}],"wp:featuredmedia":[{"embeddable":true,"href":"https:\/\/www.dakarmania.cz\/index.php\/wp-json\/wp\/v2\/media\/12814"}],"wp:attachment":[{"href":"https:\/\/www.dakarmania.cz\/index.php\/wp-json\/wp\/v2\/media?parent=12815"}],"wp:term":[{"taxonomy":"category","embeddable":true,"href":"https:\/\/www.dakarmania.cz\/index.php\/wp-json\/wp\/v2\/categories?post=12815"},{"taxonomy":"post_tag","embeddable":true,"href":"https:\/\/www.dakarmania.cz\/index.php\/wp-json\/wp\/v2\/tags?post=12815"}],"curies":[{"name":"wp","href":"https:\/\/api.w.org\/{rel}","templated":true}]}}