{"id":1284,"date":"2018-12-29T13:27:24","date_gmt":"2018-12-29T13:27:24","guid":{"rendered":"https:\/\/www.dakarmania.cz\/?p=1284"},"modified":"2021-08-11T08:00:31","modified_gmt":"2021-08-11T06:00:31","slug":"ales-loprais-dakar-je-pokazde-tezky","status":"publish","type":"post","link":"https:\/\/www.dakarmania.cz\/index.php\/2018\/12\/29\/ales-loprais-dakar-je-pokazde-tezky\/","title":{"rendered":"Ale\u0161 Loprais: Dakar je poka\u017ed\u00e9 t\u011b\u017ek\u00fd"},"content":{"rendered":"<h4>Ale\u0161 Loprais odl\u00e9t\u00e1 s \u010dleny sv\u00e9ho t\u00fdmu do Peru v posledn\u00ed den leto\u0161n\u00edho roku. D\u00edky \u010dasov\u00e9mu posunu str\u00e1v\u00ed Nov\u00fd rok u\u017e v d\u011bji\u0161ti jedena\u010dty\u0159ic\u00e1t\u00e9ho ro\u010dn\u00edku slavn\u00e9 Rally Dakar. Bude Dakar 2019 nejt\u011b\u017e\u0161\u00edm?<\/h4>\n<p><em>\u201cUr\u010dit\u011b bude n\u00e1ro\u010dn\u00fd, proto\u017ee navigace v p\u00edsku je v\u017edy obt\u00ed\u017en\u00e1. Bude ur\u010dit\u011b asi tak\u00e9 pomalej\u0161\u00ed, proto\u017ee v p\u00edsku se nejede tak rychle, jako na pist\u00e1ch. A jestli bude t\u011b\u017ek\u00fd? \u017d\u00e1dn\u00fd Dakar nen\u00ed lehk\u00fd, to by to pak nebyla nejt\u011b\u017e\u0161\u00ed rally. S ohledem na to, \u017ee o trati toho st\u00e1le moc nev\u00edme, budu hodnotit n\u00e1ro\u010dnost a\u017e v Peru,\u201d<\/em> uvedl p\u0159ed odletem <strong>Ale\u0161 Loprais<\/strong>.<\/p>\n<p>Instaforex Loprais Team \u010dek\u00e1 po p\u0159\u00edletu aklimatizace, vyzvednut\u00ed techniky a testov\u00e1n\u00ed.<\/p>\n<p><em>\u201cByl jsem je\u0161t\u011b p\u0159ed Dakarem tr\u00e9novat v Dubaji s osobn\u00edm autem speci\u00e1ln\u011b upraven\u00fdm pro pou\u0161t\u011b. Nav\u00edc mus\u00edme vyzkou\u0161et i Kr\u00e1lovnu, jestli je po \u010dty\u0159t\u00fddenn\u00ed plavb\u011b v\u0161e v po\u0159\u00e1dku. \u010cek\u00e1 n\u00e1s asi ten nejdel\u0161\u00ed t\u00fdden pln\u00fd pap\u00edrov\u00e1n\u00ed, briefing\u016f a lad\u011bn\u00ed posledn\u00edch detail\u016f. Ten klid p\u0159ed bou\u0159\u00ed nem\u00e1m r\u00e1d. \u0160est\u00e9ho ledna v den startu v\u0161e ze mne spadne a Dakar vypukne,\u201d<\/em> dodal Loprais.<\/p>\n<p>Tiskov\u00e1 zpr\u00e1va Instaforex Loprais Teamu<\/p>\n","protected":false},"excerpt":{"rendered":"<p>Ale\u0161 Loprais odl\u00e9t\u00e1 s \u010dleny sv\u00e9ho t\u00fdmu do Peru v posledn\u00ed den leto\u0161n\u00edho roku. Nov\u00fd rok u\u017e str\u00e1v\u00ed v d\u011bji\u0161ti 41. ro\u010dn\u00edku slavn\u00e9 Rally Dakar.<\/p>\n","protected":false},"author":3,"featured_media":1283,"comment_status":"open","ping_status":"closed","sticky":false,"template":"","format":"standard","meta":{"footnotes":""},"categories":[16,2,637],"tags":[65,8,9,69,68],"class_list":["post-1284","post","type-post","status-publish","format-standard","has-post-thumbnail","hentry","category-kamion","category-dakar","category-tiskove-zpravy","tag-ales-loprais","tag-dakar","tag-dakar-2019","tag-loprais-team","tag-tatra"],"yoast_head":"<!-- This site is optimized with the Yoast SEO plugin v24.9 - https:\/\/yoast.com\/wordpress\/plugins\/seo\/ -->\n<title>Ale\u0161 Loprais: Dakar je poka\u017ed\u00e9 t\u011b\u017ek\u00fd - DAKARMANIA.cz<\/title>\n<meta name=\"description\" content=\"Ale\u0161 Loprais odl\u00e9t\u00e1 s \u010dleny sv\u00e9ho t\u00fdmu do Peru v posledn\u00ed den leto\u0161n\u00edho roku. Nov\u00fd rok u\u017e str\u00e1v\u00ed v d\u011bji\u0161ti 41. ro\u010dn\u00edku slavn\u00e9 Rally Dakar.\" \/>\n<meta name=\"robots\" content=\"index, follow, max-snippet:-1, max-image-preview:large, max-video-preview:-1\" \/>\n<link rel=\"canonical\" href=\"https:\/\/www.dakarmania.cz\/index.php\/2018\/12\/29\/ales-loprais-dakar-je-pokazde-tezky\/\" \/>\n<meta property=\"og:locale\" content=\"cs_CZ\" \/>\n<meta property=\"og:type\" content=\"article\" \/>\n<meta property=\"og:title\" content=\"Ale\u0161 Loprais: Dakar je poka\u017ed\u00e9 t\u011b\u017ek\u00fd - DAKARMANIA.cz\" \/>\n<meta property=\"og:description\" content=\"Ale\u0161 Loprais odl\u00e9t\u00e1 s \u010dleny sv\u00e9ho t\u00fdmu do Peru v posledn\u00ed den leto\u0161n\u00edho roku. Nov\u00fd rok u\u017e str\u00e1v\u00ed v d\u011bji\u0161ti 41. ro\u010dn\u00edku slavn\u00e9 Rally Dakar.\" \/>\n<meta property=\"og:url\" content=\"https:\/\/www.dakarmania.cz\/index.php\/2018\/12\/29\/ales-loprais-dakar-je-pokazde-tezky\/\" \/>\n<meta property=\"og:site_name\" content=\"DAKARMANIA.cz\" \/>\n<meta property=\"article:publisher\" content=\"https:\/\/www.facebook.com\/dakarmania\/\" \/>\n<meta property=\"article:published_time\" content=\"2018-12-29T13:27:24+00:00\" \/>\n<meta property=\"article:modified_time\" content=\"2021-08-11T06:00:31+00:00\" \/>\n<meta property=\"og:image\" content=\"https:\/\/www.dakarmania.cz\/wp-content\/uploads\/2018\/12\/kralovna-test.jpg\" \/>\n\t<meta property=\"og:image:width\" content=\"2000\" \/>\n\t<meta property=\"og:image:height\" content=\"1333\" \/>\n\t<meta property=\"og:image:type\" content=\"image\/jpeg\" \/>\n<meta name=\"author\" content=\"tiskov\u00e1 zpr\u00e1va\" \/>\n<meta name=\"twitter:card\" content=\"summary_large_image\" \/>\n<meta name=\"twitter:label1\" content=\"Napsal(a)\" \/>\n\t<meta name=\"twitter:data1\" content=\"tiskov\u00e1 zpr\u00e1va\" \/>\n\t<meta name=\"twitter:label2\" content=\"Odhadovan\u00e1 doba \u010dten\u00ed\" \/>\n\t<meta name=\"twitter:data2\" content=\"1 minuta\" \/>\n<script type=\"application\/ld+json\" class=\"yoast-schema-graph\">{\"@context\":\"https:\/\/schema.org\",\"@graph\":[{\"@type\":\"Article\",\"@id\":\"https:\/\/www.dakarmania.cz\/index.php\/2018\/12\/29\/ales-loprais-dakar-je-pokazde-tezky\/#article\",\"isPartOf\":{\"@id\":\"https:\/\/www.dakarmania.cz\/index.php\/2018\/12\/29\/ales-loprais-dakar-je-pokazde-tezky\/\"},\"author\":{\"name\":\"tiskov\u00e1 zpr\u00e1va\",\"@id\":\"https:\/\/www.dakarmania.cz\/#\/schema\/person\/bce8d1fe3633b1178e150fc5e340d5dd\"},\"headline\":\"Ale\u0161 Loprais: Dakar je poka\u017ed\u00e9 t\u011b\u017ek\u00fd\",\"datePublished\":\"2018-12-29T13:27:24+00:00\",\"dateModified\":\"2021-08-11T06:00:31+00:00\",\"mainEntityOfPage\":{\"@id\":\"https:\/\/www.dakarmania.cz\/index.php\/2018\/12\/29\/ales-loprais-dakar-je-pokazde-tezky\/\"},\"wordCount\":241,\"commentCount\":0,\"publisher\":{\"@id\":\"https:\/\/www.dakarmania.cz\/#organization\"},\"image\":{\"@id\":\"https:\/\/www.dakarmania.cz\/index.php\/2018\/12\/29\/ales-loprais-dakar-je-pokazde-tezky\/#primaryimage\"},\"thumbnailUrl\":\"https:\/\/www.dakarmania.cz\/wp-content\/uploads\/2018\/12\/kralovna-test.jpg\",\"keywords\":[\"Ale\u0161 Loprais\",\"Dakar\",\"Dakar 2019\",\"Loprais Team\",\"Tatra\"],\"articleSection\":[\"Kamiony\",\"Rally Dakar\",\"Tiskov\u00e9 zpr\u00e1vy\"],\"inLanguage\":\"cs\",\"potentialAction\":[{\"@type\":\"CommentAction\",\"name\":\"Comment\",\"target\":[\"https:\/\/www.dakarmania.cz\/index.php\/2018\/12\/29\/ales-loprais-dakar-je-pokazde-tezky\/#respond\"]}]},{\"@type\":\"WebPage\",\"@id\":\"https:\/\/www.dakarmania.cz\/index.php\/2018\/12\/29\/ales-loprais-dakar-je-pokazde-tezky\/\",\"url\":\"https:\/\/www.dakarmania.cz\/index.php\/2018\/12\/29\/ales-loprais-dakar-je-pokazde-tezky\/\",\"name\":\"Ale\u0161 Loprais: Dakar je poka\u017ed\u00e9 t\u011b\u017ek\u00fd - DAKARMANIA.cz\",\"isPartOf\":{\"@id\":\"https:\/\/www.dakarmania.cz\/#website\"},\"primaryImageOfPage\":{\"@id\":\"https:\/\/www.dakarmania.cz\/index.php\/2018\/12\/29\/ales-loprais-dakar-je-pokazde-tezky\/#primaryimage\"},\"image\":{\"@id\":\"https:\/\/www.dakarmania.cz\/index.php\/2018\/12\/29\/ales-loprais-dakar-je-pokazde-tezky\/#primaryimage\"},\"thumbnailUrl\":\"https:\/\/www.dakarmania.cz\/wp-content\/uploads\/2018\/12\/kralovna-test.jpg\",\"datePublished\":\"2018-12-29T13:27:24+00:00\",\"dateModified\":\"2021-08-11T06:00:31+00:00\",\"description\":\"Ale\u0161 Loprais odl\u00e9t\u00e1 s \u010dleny sv\u00e9ho t\u00fdmu do Peru v posledn\u00ed den leto\u0161n\u00edho roku. Nov\u00fd rok u\u017e str\u00e1v\u00ed v d\u011bji\u0161ti 41. ro\u010dn\u00edku slavn\u00e9 Rally Dakar.\",\"breadcrumb\":{\"@id\":\"https:\/\/www.dakarmania.cz\/index.php\/2018\/12\/29\/ales-loprais-dakar-je-pokazde-tezky\/#breadcrumb\"},\"inLanguage\":\"cs\",\"potentialAction\":[{\"@type\":\"ReadAction\",\"target\":[\"https:\/\/www.dakarmania.cz\/index.php\/2018\/12\/29\/ales-loprais-dakar-je-pokazde-tezky\/\"]}]},{\"@type\":\"ImageObject\",\"inLanguage\":\"cs\",\"@id\":\"https:\/\/www.dakarmania.cz\/index.php\/2018\/12\/29\/ales-loprais-dakar-je-pokazde-tezky\/#primaryimage\",\"url\":\"https:\/\/www.dakarmania.cz\/wp-content\/uploads\/2018\/12\/kralovna-test.jpg\",\"contentUrl\":\"https:\/\/www.dakarmania.cz\/wp-content\/uploads\/2018\/12\/kralovna-test.jpg\",\"width\":2000,\"height\":1333,\"caption\":\"A. Loprais \/ F. M. Alcayna \/ P. Pokora, Tatra Jamal Queen 69, Instaforex Loprais Team. Test p\u0159ed Rally Dakar 2019. Foto: Loprais Team Media\"},{\"@type\":\"BreadcrumbList\",\"@id\":\"https:\/\/www.dakarmania.cz\/index.php\/2018\/12\/29\/ales-loprais-dakar-je-pokazde-tezky\/#breadcrumb\",\"itemListElement\":[{\"@type\":\"ListItem\",\"position\":1,\"name\":\"Dom\u016f\",\"item\":\"https:\/\/www.dakarmania.cz\/\"},{\"@type\":\"ListItem\",\"position\":2,\"name\":\"Ale\u0161 Loprais: Dakar je poka\u017ed\u00e9 t\u011b\u017ek\u00fd\"}]},{\"@type\":\"WebSite\",\"@id\":\"https:\/\/www.dakarmania.cz\/#website\",\"url\":\"https:\/\/www.dakarmania.cz\/\",\"name\":\"DAKARMANIA.cz\",\"description\":\"\u017dijeme Dakarem cel\u00fd rok\",\"publisher\":{\"@id\":\"https:\/\/www.dakarmania.cz\/#organization\"},\"potentialAction\":[{\"@type\":\"SearchAction\",\"target\":{\"@type\":\"EntryPoint\",\"urlTemplate\":\"https:\/\/www.dakarmania.cz\/?s={search_term_string}\"},\"query-input\":{\"@type\":\"PropertyValueSpecification\",\"valueRequired\":true,\"valueName\":\"search_term_string\"}}],\"inLanguage\":\"cs\"},{\"@type\":\"Organization\",\"@id\":\"https:\/\/www.dakarmania.cz\/#organization\",\"name\":\"DAKAR MANIA\",\"url\":\"https:\/\/www.dakarmania.cz\/\",\"logo\":{\"@type\":\"ImageObject\",\"inLanguage\":\"cs\",\"@id\":\"https:\/\/www.dakarmania.cz\/#\/schema\/logo\/image\/\",\"url\":\"https:\/\/www.dakarmania.cz\/wp-content\/uploads\/2018\/12\/Dakar-Mania-Logo-Square-Orange.png\",\"contentUrl\":\"https:\/\/www.dakarmania.cz\/wp-content\/uploads\/2018\/12\/Dakar-Mania-Logo-Square-Orange.png\",\"width\":992,\"height\":992,\"caption\":\"DAKAR MANIA\"},\"image\":{\"@id\":\"https:\/\/www.dakarmania.cz\/#\/schema\/logo\/image\/\"},\"sameAs\":[\"https:\/\/www.facebook.com\/dakarmania\/\"]},{\"@type\":\"Person\",\"@id\":\"https:\/\/www.dakarmania.cz\/#\/schema\/person\/bce8d1fe3633b1178e150fc5e340d5dd\",\"name\":\"tiskov\u00e1 zpr\u00e1va\",\"image\":{\"@type\":\"ImageObject\",\"inLanguage\":\"cs\",\"@id\":\"https:\/\/www.dakarmania.cz\/#\/schema\/person\/image\/\",\"url\":\"https:\/\/secure.gravatar.com\/avatar\/19aefcb6c7bfae691fca4d805686c670f59bb4f7414c7b398b88dc9c8f4e96d5?s=96&d=mm&r=g\",\"contentUrl\":\"https:\/\/secure.gravatar.com\/avatar\/19aefcb6c7bfae691fca4d805686c670f59bb4f7414c7b398b88dc9c8f4e96d5?s=96&d=mm&r=g\",\"caption\":\"tiskov\u00e1 zpr\u00e1va\"},\"url\":\"https:\/\/www.dakarmania.cz\/index.php\/author\/tiskovezpravy\/\"}]}<\/script>\n<!-- \/ Yoast SEO plugin. -->","yoast_head_json":{"title":"Ale\u0161 Loprais: Dakar je poka\u017ed\u00e9 t\u011b\u017ek\u00fd - DAKARMANIA.cz","description":"Ale\u0161 Loprais odl\u00e9t\u00e1 s \u010dleny sv\u00e9ho t\u00fdmu do Peru v posledn\u00ed den leto\u0161n\u00edho roku. Nov\u00fd rok u\u017e str\u00e1v\u00ed v d\u011bji\u0161ti 41. ro\u010dn\u00edku slavn\u00e9 Rally Dakar.","robots":{"index":"index","follow":"follow","max-snippet":"max-snippet:-1","max-image-preview":"max-image-preview:large","max-video-preview":"max-video-preview:-1"},"canonical":"https:\/\/www.dakarmania.cz\/index.php\/2018\/12\/29\/ales-loprais-dakar-je-pokazde-tezky\/","og_locale":"cs_CZ","og_type":"article","og_title":"Ale\u0161 Loprais: Dakar je poka\u017ed\u00e9 t\u011b\u017ek\u00fd - DAKARMANIA.cz","og_description":"Ale\u0161 Loprais odl\u00e9t\u00e1 s \u010dleny sv\u00e9ho t\u00fdmu do Peru v posledn\u00ed den leto\u0161n\u00edho roku. Nov\u00fd rok u\u017e str\u00e1v\u00ed v d\u011bji\u0161ti 41. ro\u010dn\u00edku slavn\u00e9 Rally Dakar.","og_url":"https:\/\/www.dakarmania.cz\/index.php\/2018\/12\/29\/ales-loprais-dakar-je-pokazde-tezky\/","og_site_name":"DAKARMANIA.cz","article_publisher":"https:\/\/www.facebook.com\/dakarmania\/","article_published_time":"2018-12-29T13:27:24+00:00","article_modified_time":"2021-08-11T06:00:31+00:00","og_image":[{"width":2000,"height":1333,"url":"https:\/\/www.dakarmania.cz\/wp-content\/uploads\/2018\/12\/kralovna-test.jpg","type":"image\/jpeg"}],"author":"tiskov\u00e1 zpr\u00e1va","twitter_card":"summary_large_image","twitter_misc":{"Napsal(a)":"tiskov\u00e1 zpr\u00e1va","Odhadovan\u00e1 doba \u010dten\u00ed":"1 minuta"},"schema":{"@context":"https:\/\/schema.org","@graph":[{"@type":"Article","@id":"https:\/\/www.dakarmania.cz\/index.php\/2018\/12\/29\/ales-loprais-dakar-je-pokazde-tezky\/#article","isPartOf":{"@id":"https:\/\/www.dakarmania.cz\/index.php\/2018\/12\/29\/ales-loprais-dakar-je-pokazde-tezky\/"},"author":{"name":"tiskov\u00e1 zpr\u00e1va","@id":"https:\/\/www.dakarmania.cz\/#\/schema\/person\/bce8d1fe3633b1178e150fc5e340d5dd"},"headline":"Ale\u0161 Loprais: Dakar je poka\u017ed\u00e9 t\u011b\u017ek\u00fd","datePublished":"2018-12-29T13:27:24+00:00","dateModified":"2021-08-11T06:00:31+00:00","mainEntityOfPage":{"@id":"https:\/\/www.dakarmania.cz\/index.php\/2018\/12\/29\/ales-loprais-dakar-je-pokazde-tezky\/"},"wordCount":241,"commentCount":0,"publisher":{"@id":"https:\/\/www.dakarmania.cz\/#organization"},"image":{"@id":"https:\/\/www.dakarmania.cz\/index.php\/2018\/12\/29\/ales-loprais-dakar-je-pokazde-tezky\/#primaryimage"},"thumbnailUrl":"https:\/\/www.dakarmania.cz\/wp-content\/uploads\/2018\/12\/kralovna-test.jpg","keywords":["Ale\u0161 Loprais","Dakar","Dakar 2019","Loprais Team","Tatra"],"articleSection":["Kamiony","Rally Dakar","Tiskov\u00e9 zpr\u00e1vy"],"inLanguage":"cs","potentialAction":[{"@type":"CommentAction","name":"Comment","target":["https:\/\/www.dakarmania.cz\/index.php\/2018\/12\/29\/ales-loprais-dakar-je-pokazde-tezky\/#respond"]}]},{"@type":"WebPage","@id":"https:\/\/www.dakarmania.cz\/index.php\/2018\/12\/29\/ales-loprais-dakar-je-pokazde-tezky\/","url":"https:\/\/www.dakarmania.cz\/index.php\/2018\/12\/29\/ales-loprais-dakar-je-pokazde-tezky\/","name":"Ale\u0161 Loprais: Dakar je poka\u017ed\u00e9 t\u011b\u017ek\u00fd - DAKARMANIA.cz","isPartOf":{"@id":"https:\/\/www.dakarmania.cz\/#website"},"primaryImageOfPage":{"@id":"https:\/\/www.dakarmania.cz\/index.php\/2018\/12\/29\/ales-loprais-dakar-je-pokazde-tezky\/#primaryimage"},"image":{"@id":"https:\/\/www.dakarmania.cz\/index.php\/2018\/12\/29\/ales-loprais-dakar-je-pokazde-tezky\/#primaryimage"},"thumbnailUrl":"https:\/\/www.dakarmania.cz\/wp-content\/uploads\/2018\/12\/kralovna-test.jpg","datePublished":"2018-12-29T13:27:24+00:00","dateModified":"2021-08-11T06:00:31+00:00","description":"Ale\u0161 Loprais odl\u00e9t\u00e1 s \u010dleny sv\u00e9ho t\u00fdmu do Peru v posledn\u00ed den leto\u0161n\u00edho roku. Nov\u00fd rok u\u017e str\u00e1v\u00ed v d\u011bji\u0161ti 41. ro\u010dn\u00edku slavn\u00e9 Rally Dakar.","breadcrumb":{"@id":"https:\/\/www.dakarmania.cz\/index.php\/2018\/12\/29\/ales-loprais-dakar-je-pokazde-tezky\/#breadcrumb"},"inLanguage":"cs","potentialAction":[{"@type":"ReadAction","target":["https:\/\/www.dakarmania.cz\/index.php\/2018\/12\/29\/ales-loprais-dakar-je-pokazde-tezky\/"]}]},{"@type":"ImageObject","inLanguage":"cs","@id":"https:\/\/www.dakarmania.cz\/index.php\/2018\/12\/29\/ales-loprais-dakar-je-pokazde-tezky\/#primaryimage","url":"https:\/\/www.dakarmania.cz\/wp-content\/uploads\/2018\/12\/kralovna-test.jpg","contentUrl":"https:\/\/www.dakarmania.cz\/wp-content\/uploads\/2018\/12\/kralovna-test.jpg","width":2000,"height":1333,"caption":"A. Loprais \/ F. M. Alcayna \/ P. Pokora, Tatra Jamal Queen 69, Instaforex Loprais Team. Test p\u0159ed Rally Dakar 2019. Foto: Loprais Team Media"},{"@type":"BreadcrumbList","@id":"https:\/\/www.dakarmania.cz\/index.php\/2018\/12\/29\/ales-loprais-dakar-je-pokazde-tezky\/#breadcrumb","itemListElement":[{"@type":"ListItem","position":1,"name":"Dom\u016f","item":"https:\/\/www.dakarmania.cz\/"},{"@type":"ListItem","position":2,"name":"Ale\u0161 Loprais: Dakar je poka\u017ed\u00e9 t\u011b\u017ek\u00fd"}]},{"@type":"WebSite","@id":"https:\/\/www.dakarmania.cz\/#website","url":"https:\/\/www.dakarmania.cz\/","name":"DAKARMANIA.cz","description":"\u017dijeme Dakarem cel\u00fd rok","publisher":{"@id":"https:\/\/www.dakarmania.cz\/#organization"},"potentialAction":[{"@type":"SearchAction","target":{"@type":"EntryPoint","urlTemplate":"https:\/\/www.dakarmania.cz\/?s={search_term_string}"},"query-input":{"@type":"PropertyValueSpecification","valueRequired":true,"valueName":"search_term_string"}}],"inLanguage":"cs"},{"@type":"Organization","@id":"https:\/\/www.dakarmania.cz\/#organization","name":"DAKAR MANIA","url":"https:\/\/www.dakarmania.cz\/","logo":{"@type":"ImageObject","inLanguage":"cs","@id":"https:\/\/www.dakarmania.cz\/#\/schema\/logo\/image\/","url":"https:\/\/www.dakarmania.cz\/wp-content\/uploads\/2018\/12\/Dakar-Mania-Logo-Square-Orange.png","contentUrl":"https:\/\/www.dakarmania.cz\/wp-content\/uploads\/2018\/12\/Dakar-Mania-Logo-Square-Orange.png","width":992,"height":992,"caption":"DAKAR MANIA"},"image":{"@id":"https:\/\/www.dakarmania.cz\/#\/schema\/logo\/image\/"},"sameAs":["https:\/\/www.facebook.com\/dakarmania\/"]},{"@type":"Person","@id":"https:\/\/www.dakarmania.cz\/#\/schema\/person\/bce8d1fe3633b1178e150fc5e340d5dd","name":"tiskov\u00e1 zpr\u00e1va","image":{"@type":"ImageObject","inLanguage":"cs","@id":"https:\/\/www.dakarmania.cz\/#\/schema\/person\/image\/","url":"https:\/\/secure.gravatar.com\/avatar\/19aefcb6c7bfae691fca4d805686c670f59bb4f7414c7b398b88dc9c8f4e96d5?s=96&d=mm&r=g","contentUrl":"https:\/\/secure.gravatar.com\/avatar\/19aefcb6c7bfae691fca4d805686c670f59bb4f7414c7b398b88dc9c8f4e96d5?s=96&d=mm&r=g","caption":"tiskov\u00e1 zpr\u00e1va"},"url":"https:\/\/www.dakarmania.cz\/index.php\/author\/tiskovezpravy\/"}]}},"amp_enabled":true,"_links":{"self":[{"href":"https:\/\/www.dakarmania.cz\/index.php\/wp-json\/wp\/v2\/posts\/1284","targetHints":{"allow":["GET"]}}],"collection":[{"href":"https:\/\/www.dakarmania.cz\/index.php\/wp-json\/wp\/v2\/posts"}],"about":[{"href":"https:\/\/www.dakarmania.cz\/index.php\/wp-json\/wp\/v2\/types\/post"}],"author":[{"embeddable":true,"href":"https:\/\/www.dakarmania.cz\/index.php\/wp-json\/wp\/v2\/users\/3"}],"replies":[{"embeddable":true,"href":"https:\/\/www.dakarmania.cz\/index.php\/wp-json\/wp\/v2\/comments?post=1284"}],"version-history":[{"count":3,"href":"https:\/\/www.dakarmania.cz\/index.php\/wp-json\/wp\/v2\/posts\/1284\/revisions"}],"predecessor-version":[{"id":22532,"href":"https:\/\/www.dakarmania.cz\/index.php\/wp-json\/wp\/v2\/posts\/1284\/revisions\/22532"}],"wp:featuredmedia":[{"embeddable":true,"href":"https:\/\/www.dakarmania.cz\/index.php\/wp-json\/wp\/v2\/media\/1283"}],"wp:attachment":[{"href":"https:\/\/www.dakarmania.cz\/index.php\/wp-json\/wp\/v2\/media?parent=1284"}],"wp:term":[{"taxonomy":"category","embeddable":true,"href":"https:\/\/www.dakarmania.cz\/index.php\/wp-json\/wp\/v2\/categories?post=1284"},{"taxonomy":"post_tag","embeddable":true,"href":"https:\/\/www.dakarmania.cz\/index.php\/wp-json\/wp\/v2\/tags?post=1284"}],"curies":[{"name":"wp","href":"https:\/\/api.w.org\/{rel}","templated":true}]}}