{"id":12890,"date":"2019-10-27T01:08:25","date_gmt":"2019-10-26T23:08:25","guid":{"rendered":"https:\/\/www.dakarmania.cz\/?p=12890"},"modified":"2019-10-27T01:09:12","modified_gmt":"2019-10-26T23:09:12","slug":"portalegre-terranova-stylove","status":"publish","type":"post","link":"https:\/\/www.dakarmania.cz\/index.php\/2019\/10\/27\/portalegre-terranova-stylove\/","title":{"rendered":"Portalegre: \u017divotn\u00ed sezonu uzav\u0159el Terranova stylov\u011b"},"content":{"rendered":"<p>[vc_row][vc_column][vc_column_text css_animation=&#8221;fadeIn&#8221;]<\/p>\n<h4>Konkurent\u016fm v boji o titul nedali Orlando Terranova a Ronnie Graue p\u0159i Baje Portalegre 2019 nejmen\u0161\u00ed \u0161anci. Po triumfu na portugalsk\u00e9 sout\u011b\u017ei slav\u00ed Argentinci nejv\u011bt\u0161\u00ed \u00fasp\u011bch sv\u00e9 dosavadn\u00ed kari\u00e9ry.<\/h4>\n<p><a href=\"\/index.php\/osobnosti\/orlando-terranova\/\">Orlando Terranova<\/a> a <a href=\"\/index.php\/osobnosti\/ronnie-graue\/\">Ronnie Graue<\/a> vstoupili do <a href=\"\/index.php\/svetovy-pohar-fia-v-cross-country-bajach-2019\/\">Sv\u011btov\u00e9ho poh\u00e1ru FIA v cross-country baj\u00e1ch 2019<\/a> a\u017e p\u0159i t\u0159et\u00edm podniku v <a href=\"\/index.php\/souteze\/italian-baja-2019\/\">It\u00e1lii<\/a>. A u\u010dinili tak ve velk\u00e9m stylu. S\u00e9rie t\u0159\u00ed v\u00fdher v \u0159ad\u011b je vynesla do \u010dela pr\u016fb\u011b\u017en\u00e9 klasifikace. Pak ale p\u0159i\u0161lo odstoupen\u00ed v <a href=\"\/index.php\/souteze\/baja-poland-2019\/\">Polsku<\/a>, kter\u00e9 pos\u00e1dka X-raidu napravila druh\u00fdm m\u00edstem v <a href=\"\/index.php\/souteze\/jordan-baja-2019\/\">Jord\u00e1nsku<\/a>.<\/p>\n<p>P\u0159ed z\u00e1v\u011bre\u010dnou <a href=\"\/index.php\/souteze\/portalegre-2019\/\">Bajou Portalegre<\/a> (24. a\u017e 26. \u0159\u00edjna) figuroval Terranova na druh\u00e9 pozici s odstupem jedin\u00e9ho bodu na vedouc\u00edho <a href=\"\/index.php\/osobnosti\/vladimir-vasiljev\/\">Vladimira Vasiljeva<\/a> a s dvoubodov\u00fdm n\u00e1skokem p\u0159ed <a href=\"\/index.php\/osobnosti\/kuba-przygonski\/\">Kubou Przygo\u0144skim<\/a>. Kdokoliv z t\u00e9to trojice se mohl st\u00e1t \u0161ampionem, ale tak\u00e9 skon\u010dit \u201ea\u017e\u201c t\u0159et\u00ed.[\/vc_column_text][vc_single_image image=&#8221;12895&#8243; img_size=&#8221;large&#8221; add_caption=&#8221;yes&#8221; alignment=&#8221;center&#8221; onclick=&#8221;link_image&#8221; css_animation=&#8221;fadeIn&#8221;][vc_column_text css_animation=&#8221;fadeIn&#8221;]Jen\u017ee Orlando Terranova pro\u017e\u00edv\u00e1 mimo\u0159\u00e1dn\u00fd rok a svou formu potvrdil u\u017e v p\u00e1te\u010dn\u00ed etap\u011b. Se sv\u00fdm Mini JCW Rally se usadil na druh\u00e9 pozici za trojn\u00e1sobn\u00fdm v\u00edt\u011bzem sout\u011b\u017ee Miguelem Barbosou (Toyota Hilux) a p\u0159ed \u010dtvrt\u00fdm Przygo\u0144skim (Mini JCW Rally) m\u011bl k dobru 55 sekund. P\u00e1t\u00fd Vasiljev zaost\u00e1val o dal\u0161\u00edch 27 sekund.<\/p>\n<h4>I mistr tesa\u0159 se utne<\/h4>\n<p>V sobotu byly na programu dal\u0161\u00ed dv\u011b t\u00e9m\u011b\u0159 dvousetkilometrov\u00e9 erzety. Dosud vedouc\u00ed Barbosa zabloudil, ujel n\u011bkolik kilometr\u016f \u0161patn\u00fdm sm\u011brem a kdy\u017e se vracel na spr\u00e1vnou tra\u0165 p\u0159es brod, kter\u00fd nebyl v itiner\u00e1\u0159i, sv\u016fj Hilux doslova utopil a p\u0159i\u0161el o ve\u0161ker\u00e9 nad\u011bje na jak\u00e9koliv dobr\u00e9 um\u00edst\u011bn\u00ed.<\/p>\n<p>Chyby soupe\u0159e stoprocentn\u011b vyu\u017eil Terranova. Po nejrychlej\u0161\u00edm \u010dase na dopoledn\u00edm testu jej o prvn\u00ed pozici u\u017e nep\u0159ipravil ani defekt na posledn\u00ed speci\u00e1lce. \u010cerstv\u00fd \u010dty\u0159ic\u00e1tn\u00edk si p\u0159ipsal \u010dtvrtou v\u00fdhru sezony a stal se v\u00edt\u011bzem sv\u011btov\u00e9ho poh\u00e1ru.[\/vc_column_text][vc_single_image image=&#8221;12893&#8243; img_size=&#8221;large&#8221; add_caption=&#8221;yes&#8221; alignment=&#8221;center&#8221; onclick=&#8221;link_image&#8221; css_animation=&#8221;fadeIn&#8221;][vc_column_text css_animation=&#8221;fadeIn&#8221;]<em>\u201eByla to velk\u00e1 bitva, proto m\u00e1me z v\u00edt\u011bzstv\u00ed nesm\u00edrnou radost. Portugalsk\u00fd z\u00e1vod byl obt\u00ed\u017en\u00fd, proto\u017ee jsme tu jeli poprv\u00e9,\u201c<\/em> p\u0159ipom\u00edn\u00e1 <strong>Orlando Terranova<\/strong>. <em>\u201eP\u0159esto jsme dok\u00e1zali jet naplno, ani\u017e bychom p\u0159\u00edli\u0161 riskovali. Men\u0161\u00ed stres jsme za\u017eili jen kv\u016fli defektu v z\u00e1v\u011bru.\u201c<\/em><\/p>\n<h4>Double pro X-raid<\/h4>\n<p>V kone\u010dn\u00e9m \u00fa\u010dtov\u00e1n\u00ed maj\u00ed Terranova a Graue o \u0161estn\u00e1ct bod\u016f v\u00edce ne\u017e Kuba Przygo\u0144ski a <a href=\"\/index.php\/osobnosti\/timo-gottschalk\/\">Timo Gottschalk<\/a>, kte\u0159\u00ed v Portugalsku obsadili t\u0159et\u00ed p\u0159\u00ed\u010dku. Maxim\u00e1ln\u00ed spokojenost panuje v t\u00e1bo\u0159e X-raidu, jeho\u017e jezdci vybojovali double ve sv\u011btov\u00e9m poh\u00e1ru v baj\u00e1ch, a <a href=\"\/index.php\/osobnosti\/stephane-peterhansel\/\">St\u00e9phane Peterhansel<\/a> o dva t\u00fddny d\u0159\u00edve pro sebe a t\u00fdm uko\u0159istil i trofej ve <a href=\"\/index.php\/sampionaty\/svetovy-pohar-fia-v-cross-country-rally-2019\/\">sv\u011btov\u00e9m poh\u00e1ru v cross-country rally<\/a>.<\/p>\n<p>Vladimir Vasiljev a <a href=\"\/index.php\/osobnosti\/konstantin-zilcov\/\">Konstantin \u017dilcov<\/a> tahali v Portugalsku od za\u010d\u00e1tku za krat\u0161\u00ed konec provazu. S titulem se definitivn\u011b rozlou\u010dili v sobotu dopoledne, kdy\u017e na RZ3 zni\u010dili zav\u011b\u0161en\u00ed sv\u00e9ho Hiluxu. Rusov\u00e9 sout\u011b\u017e sice dokon\u010dili, jen\u017ee a\u017e jako t\u0159in\u00e1ct\u00ed. Letos poprv\u00e9 tak nebodovali a v tabulce poh\u00e1ru klesli na t\u0159et\u00ed m\u00edsto.[\/vc_column_text][vc_single_image image=&#8221;12892&#8243; img_size=&#8221;large&#8221; add_caption=&#8221;yes&#8221; alignment=&#8221;center&#8221; onclick=&#8221;link_image&#8221; css_animation=&#8221;fadeIn&#8221;][vc_column_text css_animation=&#8221;fadeIn&#8221;]<\/p>\n<h4>Borgward vystrkuje rohy<\/h4>\n<p><a href=\"\/index.php\/osobnosti\/nani-roma\/\">Nani Roma<\/a> sice v Portalegre neobh\u00e1jil lo\u0148sk\u00e9 v\u00edt\u011bzstv\u00ed, nicm\u00e9n\u011b druh\u00e9 m\u00edsto je velk\u00fdm povzbuzen\u00edm pro cel\u00fd Borgward Rally Team. Po technick\u00fdch probl\u00e9mech na <a href=\"\/index.php\/souteze\/maroc-2019\/\">Rallye du Maroc<\/a> fungoval \u0160pan\u011bl\u016fv Borgward BX7 DKR Evo mnohem l\u00e9pe a d\u00edky tomu se Roma prosadil na stupn\u011b v\u00edt\u011bz\u016f.<\/p>\n<p>Romova nov\u00e9ho t\u00fdmov\u00e9ho kolegu Ricarda Por\u00e9ma sice technika potr\u00e1pila, ale nejrychlej\u0161\u00ed \u010das na posledn\u00edm testu a p\u00e1t\u00e9 m\u00edsto celkov\u011b jsou p\u0159i Portugalcov\u011b debutu v barv\u00e1ch Borgwardu solidn\u00ed vizitkou.[\/vc_column_text][vc_column_text css_animation=&#8221;fadeIn&#8221;]<\/p>\n<table style=\"width: 97.7654%;\" rules=\"rows\" cellpadding=\"4px\">\n<tbody>\n<tr style=\"background-color: #9e9d9d; color: white;\">\n<td style=\"text-align: center;\" colspan=\"4\"><span style=\"font-size: 10pt;\"><strong>Baja Portalegre 2019<br \/>\nAUTOMOBILY (FIA)<br \/>\nkone\u010dn\u00e9 v\u00fdsledky<\/strong><\/span><\/td>\n<\/tr>\n<tr style=\"background-color: #dbd9d9;\">\n<td>1.<\/td>\n<td>Terranova\/Graue<\/td>\n<td>Mini JCW Rally<\/td>\n<td style=\"text-align: right;\">5:39:24<\/td>\n<\/tr>\n<tr style=\"background-color: #f2f2f2;\">\n<td>2.<\/td>\n<td>Roma\/Oliveras<\/td>\n<td>Borgward BX7 DKR Evo<\/td>\n<td style=\"text-align: right;\">+2:53<\/td>\n<\/tr>\n<tr style=\"background-color: #dbd9d9;\">\n<td>3.<\/td>\n<td>Przygo\u0144ski\/Gottschalk<\/td>\n<td>Mini JCW Rally<\/td>\n<td style=\"text-align: right;\">+4:42<\/td>\n<\/tr>\n<tr style=\"background-color: #f2f2f2;\">\n<td>4.<\/td>\n<td>Oliveira\/Fi\u00faza<\/td>\n<td>Mini All4 Racing<\/td>\n<td style=\"text-align: right;\">+7:43<\/td>\n<\/tr>\n<tr style=\"background-color: #dbd9d9;\">\n<td>5.<\/td>\n<td>Por\u00e9m\/Por\u00e9m<\/td>\n<td>Borgward BX7 DKR Evo<\/td>\n<td style=\"text-align: right;\">+13:17<\/td>\n<\/tr>\n<tr style=\"background-color: #f2f2f2;\">\n<td>6.<\/td>\n<td>Reis\/Cardoso<\/td>\n<td>Mitsubishi Lancer<\/td>\n<td style=\"text-align: right;\">+15:45<\/td>\n<\/tr>\n<\/tbody>\n<\/table>\n<p>[\/vc_column_text][vc_btn title=&#8221;KOMPLETN\u00cd V\u00ddSLEDKY Baja Portalegre 2019 (FIA AUTO)&#8221; style=&#8221;outline&#8221; shape=&#8221;square&#8221; color=&#8221;warning&#8221; size=&#8221;sm&#8221; align=&#8221;center&#8221; i_icon_fontawesome=&#8221;fa fa-list-ol&#8221; css_animation=&#8221;fadeIn&#8221; button_block=&#8221;true&#8221; add_icon=&#8221;true&#8221; link=&#8221;url:%2Fwp-content%2Fuploads%2F2019%2F10%2F19-portalegre-fia-after-ss4.pdf||target:%20_blank|&#8221;][\/vc_column][\/vc_row]<\/p>\n","protected":false},"excerpt":{"rendered":"<p>Konkurent\u016fm v boji o titul nedali Orlando Terranova a Ronnie Graue p\u0159i Baje Portalegre 2019 nejmen\u0161\u00ed \u0161anci. Po triumfu slav\u00ed nejv\u011bt\u0161\u00ed \u00fasp\u011bch sv\u00e9 kari\u00e9ry.<\/p>\n","protected":false},"author":1,"featured_media":12894,"comment_status":"open","ping_status":"closed","sticky":false,"template":"","format":"standard","meta":{"footnotes":""},"categories":[3,1544,98],"tags":[425,259,1490,1488,1486,306,288,1549,219,232,1165,291,326,1545,1205,106,445,290,201,305,1100,1487,220],"class_list":["post-12890","post","type-post","status-publish","format-standard","has-post-thumbnail","hentry","category-auto","category-baja-portalegre","category-fia-baja","tag-425","tag-baja-portalegre","tag-baja-portalegre-2019","tag-borgward","tag-borgward-rally-team","tag-konstantin-zilcov","tag-kuba-przygonski","tag-miguel-barbosa","tag-mini","tag-nani-roma","tag-orlando-terranova","tag-orlen-team","tag-overdrive-racing","tag-ricardo-porem","tag-ronnie-graue","tag-sp-fia-baja","tag-sp-fia-baja-2019","tag-timo-gottschalk","tag-toyota","tag-vladimir-vasiljev","tag-vrt","tag-wevers-sport","tag-x-raid"],"yoast_head":"<!-- This site is optimized with the Yoast SEO plugin v24.9 - https:\/\/yoast.com\/wordpress\/plugins\/seo\/ -->\n<title>Portalegre: \u017divotn\u00ed sezonu uzav\u0159el Terranova stylov\u011b - DAKARMANIA.cz<\/title>\n<meta name=\"description\" content=\"Konkurent\u016fm v boji o titul nedali Orlando Terranova a Ronnie Graue p\u0159i Baje Portalegre 2019 nejmen\u0161\u00ed \u0161anci. Po triumfu slav\u00ed nejv\u011bt\u0161\u00ed \u00fasp\u011bch sv\u00e9 kari\u00e9ry.\" \/>\n<meta name=\"robots\" content=\"index, follow, max-snippet:-1, max-image-preview:large, max-video-preview:-1\" \/>\n<link rel=\"canonical\" href=\"https:\/\/www.dakarmania.cz\/index.php\/2019\/10\/27\/portalegre-terranova-stylove\/\" \/>\n<meta property=\"og:locale\" content=\"cs_CZ\" \/>\n<meta property=\"og:type\" content=\"article\" \/>\n<meta property=\"og:title\" content=\"Portalegre: \u017divotn\u00ed sezonu uzav\u0159el Terranova stylov\u011b - DAKARMANIA.cz\" \/>\n<meta property=\"og:description\" content=\"Konkurent\u016fm v boji o titul nedali Orlando Terranova a Ronnie Graue p\u0159i Baje Portalegre 2019 nejmen\u0161\u00ed \u0161anci. Po triumfu slav\u00ed nejv\u011bt\u0161\u00ed \u00fasp\u011bch sv\u00e9 kari\u00e9ry.\" \/>\n<meta property=\"og:url\" content=\"https:\/\/www.dakarmania.cz\/index.php\/2019\/10\/27\/portalegre-terranova-stylove\/\" \/>\n<meta property=\"og:site_name\" content=\"DAKARMANIA.cz\" \/>\n<meta property=\"article:publisher\" content=\"https:\/\/www.facebook.com\/dakarmania\/\" \/>\n<meta property=\"article:published_time\" content=\"2019-10-26T23:08:25+00:00\" \/>\n<meta property=\"article:modified_time\" content=\"2019-10-26T23:09:12+00:00\" \/>\n<meta property=\"og:image\" content=\"https:\/\/www.dakarmania.cz\/wp-content\/uploads\/2019\/10\/19-portalegre-terranova-02.jpg\" \/>\n\t<meta property=\"og:image:width\" content=\"1024\" \/>\n\t<meta property=\"og:image:height\" content=\"683\" \/>\n\t<meta property=\"og:image:type\" content=\"image\/jpeg\" \/>\n<meta name=\"author\" content=\"Zden\u011bk Zelenka\" \/>\n<meta name=\"twitter:card\" content=\"summary_large_image\" \/>\n<meta name=\"twitter:label1\" content=\"Napsal(a)\" \/>\n\t<meta name=\"twitter:data1\" content=\"Zden\u011bk Zelenka\" \/>\n\t<meta name=\"twitter:label2\" content=\"Odhadovan\u00e1 doba \u010dten\u00ed\" \/>\n\t<meta name=\"twitter:data2\" content=\"4 minuty\" \/>\n<script type=\"application\/ld+json\" class=\"yoast-schema-graph\">{\"@context\":\"https:\/\/schema.org\",\"@graph\":[{\"@type\":\"Article\",\"@id\":\"https:\/\/www.dakarmania.cz\/index.php\/2019\/10\/27\/portalegre-terranova-stylove\/#article\",\"isPartOf\":{\"@id\":\"https:\/\/www.dakarmania.cz\/index.php\/2019\/10\/27\/portalegre-terranova-stylove\/\"},\"author\":{\"name\":\"Zden\u011bk Zelenka\",\"@id\":\"https:\/\/www.dakarmania.cz\/#\/schema\/person\/04eb0e87a389631c2169c0dddae7ff1e\"},\"headline\":\"Portalegre: \u017divotn\u00ed sezonu uzav\u0159el Terranova stylov\u011b\",\"datePublished\":\"2019-10-26T23:08:25+00:00\",\"dateModified\":\"2019-10-26T23:09:12+00:00\",\"mainEntityOfPage\":{\"@id\":\"https:\/\/www.dakarmania.cz\/index.php\/2019\/10\/27\/portalegre-terranova-stylove\/\"},\"wordCount\":843,\"commentCount\":0,\"publisher\":{\"@id\":\"https:\/\/www.dakarmania.cz\/#organization\"},\"image\":{\"@id\":\"https:\/\/www.dakarmania.cz\/index.php\/2019\/10\/27\/portalegre-terranova-stylove\/#primaryimage\"},\"thumbnailUrl\":\"https:\/\/www.dakarmania.cz\/wp-content\/uploads\/2019\/10\/19-portalegre-terranova-02.jpg\",\"keywords\":[\"2019\",\"Baja Portalegre\",\"Baja Portalegre 2019\",\"Borgward\",\"Borgward Rally Team\",\"Konstantin \u017dilcov\",\"Kuba Przygo\u0144ski\",\"Miguel Barbosa\",\"Mini\",\"Nani Roma\",\"Orlando Terranova\",\"Orlen Team\",\"Overdrive Racing\",\"Ricardo Por\u00e9m\",\"Ronnie Graue\",\"SP FIA baja\",\"SP FIA baja 2019\",\"Timo Gottschalk\",\"Toyota\",\"Vladimir Vasiljev\",\"VRT\",\"Wevers Sport\",\"X-raid\"],\"articleSection\":[\"Auto\",\"Baja Portalegre\",\"FIA SP baja\"],\"inLanguage\":\"cs\",\"potentialAction\":[{\"@type\":\"CommentAction\",\"name\":\"Comment\",\"target\":[\"https:\/\/www.dakarmania.cz\/index.php\/2019\/10\/27\/portalegre-terranova-stylove\/#respond\"]}]},{\"@type\":\"WebPage\",\"@id\":\"https:\/\/www.dakarmania.cz\/index.php\/2019\/10\/27\/portalegre-terranova-stylove\/\",\"url\":\"https:\/\/www.dakarmania.cz\/index.php\/2019\/10\/27\/portalegre-terranova-stylove\/\",\"name\":\"Portalegre: \u017divotn\u00ed sezonu uzav\u0159el Terranova stylov\u011b - DAKARMANIA.cz\",\"isPartOf\":{\"@id\":\"https:\/\/www.dakarmania.cz\/#website\"},\"primaryImageOfPage\":{\"@id\":\"https:\/\/www.dakarmania.cz\/index.php\/2019\/10\/27\/portalegre-terranova-stylove\/#primaryimage\"},\"image\":{\"@id\":\"https:\/\/www.dakarmania.cz\/index.php\/2019\/10\/27\/portalegre-terranova-stylove\/#primaryimage\"},\"thumbnailUrl\":\"https:\/\/www.dakarmania.cz\/wp-content\/uploads\/2019\/10\/19-portalegre-terranova-02.jpg\",\"datePublished\":\"2019-10-26T23:08:25+00:00\",\"dateModified\":\"2019-10-26T23:09:12+00:00\",\"description\":\"Konkurent\u016fm v boji o titul nedali Orlando Terranova a Ronnie Graue p\u0159i Baje Portalegre 2019 nejmen\u0161\u00ed \u0161anci. Po triumfu slav\u00ed nejv\u011bt\u0161\u00ed \u00fasp\u011bch sv\u00e9 kari\u00e9ry.\",\"breadcrumb\":{\"@id\":\"https:\/\/www.dakarmania.cz\/index.php\/2019\/10\/27\/portalegre-terranova-stylove\/#breadcrumb\"},\"inLanguage\":\"cs\",\"potentialAction\":[{\"@type\":\"ReadAction\",\"target\":[\"https:\/\/www.dakarmania.cz\/index.php\/2019\/10\/27\/portalegre-terranova-stylove\/\"]}]},{\"@type\":\"ImageObject\",\"inLanguage\":\"cs\",\"@id\":\"https:\/\/www.dakarmania.cz\/index.php\/2019\/10\/27\/portalegre-terranova-stylove\/#primaryimage\",\"url\":\"https:\/\/www.dakarmania.cz\/wp-content\/uploads\/2019\/10\/19-portalegre-terranova-02.jpg\",\"contentUrl\":\"https:\/\/www.dakarmania.cz\/wp-content\/uploads\/2019\/10\/19-portalegre-terranova-02.jpg\",\"width\":1024,\"height\":683,\"caption\":\"Orlando Terranova\/Ronnie Graue, Mini JCW Rally, X-raid. Baja Portalegre 2019. \u00a9 X-raid\"},{\"@type\":\"BreadcrumbList\",\"@id\":\"https:\/\/www.dakarmania.cz\/index.php\/2019\/10\/27\/portalegre-terranova-stylove\/#breadcrumb\",\"itemListElement\":[{\"@type\":\"ListItem\",\"position\":1,\"name\":\"Dom\u016f\",\"item\":\"https:\/\/www.dakarmania.cz\/\"},{\"@type\":\"ListItem\",\"position\":2,\"name\":\"Portalegre: \u017divotn\u00ed sezonu uzav\u0159el Terranova stylov\u011b\"}]},{\"@type\":\"WebSite\",\"@id\":\"https:\/\/www.dakarmania.cz\/#website\",\"url\":\"https:\/\/www.dakarmania.cz\/\",\"name\":\"DAKARMANIA.cz\",\"description\":\"\u017dijeme Dakarem cel\u00fd rok\",\"publisher\":{\"@id\":\"https:\/\/www.dakarmania.cz\/#organization\"},\"potentialAction\":[{\"@type\":\"SearchAction\",\"target\":{\"@type\":\"EntryPoint\",\"urlTemplate\":\"https:\/\/www.dakarmania.cz\/?s={search_term_string}\"},\"query-input\":{\"@type\":\"PropertyValueSpecification\",\"valueRequired\":true,\"valueName\":\"search_term_string\"}}],\"inLanguage\":\"cs\"},{\"@type\":\"Organization\",\"@id\":\"https:\/\/www.dakarmania.cz\/#organization\",\"name\":\"DAKAR MANIA\",\"url\":\"https:\/\/www.dakarmania.cz\/\",\"logo\":{\"@type\":\"ImageObject\",\"inLanguage\":\"cs\",\"@id\":\"https:\/\/www.dakarmania.cz\/#\/schema\/logo\/image\/\",\"url\":\"https:\/\/www.dakarmania.cz\/wp-content\/uploads\/2018\/12\/Dakar-Mania-Logo-Square-Orange.png\",\"contentUrl\":\"https:\/\/www.dakarmania.cz\/wp-content\/uploads\/2018\/12\/Dakar-Mania-Logo-Square-Orange.png\",\"width\":992,\"height\":992,\"caption\":\"DAKAR MANIA\"},\"image\":{\"@id\":\"https:\/\/www.dakarmania.cz\/#\/schema\/logo\/image\/\"},\"sameAs\":[\"https:\/\/www.facebook.com\/dakarmania\/\"]},{\"@type\":\"Person\",\"@id\":\"https:\/\/www.dakarmania.cz\/#\/schema\/person\/04eb0e87a389631c2169c0dddae7ff1e\",\"name\":\"Zden\u011bk Zelenka\",\"image\":{\"@type\":\"ImageObject\",\"inLanguage\":\"cs\",\"@id\":\"https:\/\/www.dakarmania.cz\/#\/schema\/person\/image\/\",\"url\":\"https:\/\/secure.gravatar.com\/avatar\/2c80d5a4942fe0900b73cc7d3837a509d6ee0a276a2b76dac95c92bd0763a89b?s=96&d=mm&r=g\",\"contentUrl\":\"https:\/\/secure.gravatar.com\/avatar\/2c80d5a4942fe0900b73cc7d3837a509d6ee0a276a2b76dac95c92bd0763a89b?s=96&d=mm&r=g\",\"caption\":\"Zden\u011bk Zelenka\"},\"description\":\"Moji d\u011bt\u0161t\u00ed hrdinov\u00e9 se jmenovali Loprais, Moskal, Neveu, Vatanen, Rahier... A tihle borci, jejich n\u00e1sledovn\u00edci a jejich p\u0159\u00edb\u011bhy m\u011b nep\u0159estali fascinovat ani po letech, kdy jsem vyrostl a zam\u011bstn\u00e1valy m\u011b jin\u00e9 discipl\u00edny motorsportu. Proto se zrodila DAKARMANIA.\",\"url\":\"https:\/\/www.dakarmania.cz\/index.php\/author\/dakarmania\/\"}]}<\/script>\n<!-- \/ Yoast SEO plugin. -->","yoast_head_json":{"title":"Portalegre: \u017divotn\u00ed sezonu uzav\u0159el Terranova stylov\u011b - DAKARMANIA.cz","description":"Konkurent\u016fm v boji o titul nedali Orlando Terranova a Ronnie Graue p\u0159i Baje Portalegre 2019 nejmen\u0161\u00ed \u0161anci. Po triumfu slav\u00ed nejv\u011bt\u0161\u00ed \u00fasp\u011bch sv\u00e9 kari\u00e9ry.","robots":{"index":"index","follow":"follow","max-snippet":"max-snippet:-1","max-image-preview":"max-image-preview:large","max-video-preview":"max-video-preview:-1"},"canonical":"https:\/\/www.dakarmania.cz\/index.php\/2019\/10\/27\/portalegre-terranova-stylove\/","og_locale":"cs_CZ","og_type":"article","og_title":"Portalegre: \u017divotn\u00ed sezonu uzav\u0159el Terranova stylov\u011b - DAKARMANIA.cz","og_description":"Konkurent\u016fm v boji o titul nedali Orlando Terranova a Ronnie Graue p\u0159i Baje Portalegre 2019 nejmen\u0161\u00ed \u0161anci. Po triumfu slav\u00ed nejv\u011bt\u0161\u00ed \u00fasp\u011bch sv\u00e9 kari\u00e9ry.","og_url":"https:\/\/www.dakarmania.cz\/index.php\/2019\/10\/27\/portalegre-terranova-stylove\/","og_site_name":"DAKARMANIA.cz","article_publisher":"https:\/\/www.facebook.com\/dakarmania\/","article_published_time":"2019-10-26T23:08:25+00:00","article_modified_time":"2019-10-26T23:09:12+00:00","og_image":[{"width":1024,"height":683,"url":"https:\/\/www.dakarmania.cz\/wp-content\/uploads\/2019\/10\/19-portalegre-terranova-02.jpg","type":"image\/jpeg"}],"author":"Zden\u011bk Zelenka","twitter_card":"summary_large_image","twitter_misc":{"Napsal(a)":"Zden\u011bk Zelenka","Odhadovan\u00e1 doba \u010dten\u00ed":"4 minuty"},"schema":{"@context":"https:\/\/schema.org","@graph":[{"@type":"Article","@id":"https:\/\/www.dakarmania.cz\/index.php\/2019\/10\/27\/portalegre-terranova-stylove\/#article","isPartOf":{"@id":"https:\/\/www.dakarmania.cz\/index.php\/2019\/10\/27\/portalegre-terranova-stylove\/"},"author":{"name":"Zden\u011bk Zelenka","@id":"https:\/\/www.dakarmania.cz\/#\/schema\/person\/04eb0e87a389631c2169c0dddae7ff1e"},"headline":"Portalegre: \u017divotn\u00ed sezonu uzav\u0159el Terranova stylov\u011b","datePublished":"2019-10-26T23:08:25+00:00","dateModified":"2019-10-26T23:09:12+00:00","mainEntityOfPage":{"@id":"https:\/\/www.dakarmania.cz\/index.php\/2019\/10\/27\/portalegre-terranova-stylove\/"},"wordCount":843,"commentCount":0,"publisher":{"@id":"https:\/\/www.dakarmania.cz\/#organization"},"image":{"@id":"https:\/\/www.dakarmania.cz\/index.php\/2019\/10\/27\/portalegre-terranova-stylove\/#primaryimage"},"thumbnailUrl":"https:\/\/www.dakarmania.cz\/wp-content\/uploads\/2019\/10\/19-portalegre-terranova-02.jpg","keywords":["2019","Baja Portalegre","Baja Portalegre 2019","Borgward","Borgward Rally Team","Konstantin \u017dilcov","Kuba Przygo\u0144ski","Miguel Barbosa","Mini","Nani Roma","Orlando Terranova","Orlen Team","Overdrive Racing","Ricardo Por\u00e9m","Ronnie Graue","SP FIA baja","SP FIA baja 2019","Timo Gottschalk","Toyota","Vladimir Vasiljev","VRT","Wevers Sport","X-raid"],"articleSection":["Auto","Baja Portalegre","FIA SP baja"],"inLanguage":"cs","potentialAction":[{"@type":"CommentAction","name":"Comment","target":["https:\/\/www.dakarmania.cz\/index.php\/2019\/10\/27\/portalegre-terranova-stylove\/#respond"]}]},{"@type":"WebPage","@id":"https:\/\/www.dakarmania.cz\/index.php\/2019\/10\/27\/portalegre-terranova-stylove\/","url":"https:\/\/www.dakarmania.cz\/index.php\/2019\/10\/27\/portalegre-terranova-stylove\/","name":"Portalegre: \u017divotn\u00ed sezonu uzav\u0159el Terranova stylov\u011b - DAKARMANIA.cz","isPartOf":{"@id":"https:\/\/www.dakarmania.cz\/#website"},"primaryImageOfPage":{"@id":"https:\/\/www.dakarmania.cz\/index.php\/2019\/10\/27\/portalegre-terranova-stylove\/#primaryimage"},"image":{"@id":"https:\/\/www.dakarmania.cz\/index.php\/2019\/10\/27\/portalegre-terranova-stylove\/#primaryimage"},"thumbnailUrl":"https:\/\/www.dakarmania.cz\/wp-content\/uploads\/2019\/10\/19-portalegre-terranova-02.jpg","datePublished":"2019-10-26T23:08:25+00:00","dateModified":"2019-10-26T23:09:12+00:00","description":"Konkurent\u016fm v boji o titul nedali Orlando Terranova a Ronnie Graue p\u0159i Baje Portalegre 2019 nejmen\u0161\u00ed \u0161anci. Po triumfu slav\u00ed nejv\u011bt\u0161\u00ed \u00fasp\u011bch sv\u00e9 kari\u00e9ry.","breadcrumb":{"@id":"https:\/\/www.dakarmania.cz\/index.php\/2019\/10\/27\/portalegre-terranova-stylove\/#breadcrumb"},"inLanguage":"cs","potentialAction":[{"@type":"ReadAction","target":["https:\/\/www.dakarmania.cz\/index.php\/2019\/10\/27\/portalegre-terranova-stylove\/"]}]},{"@type":"ImageObject","inLanguage":"cs","@id":"https:\/\/www.dakarmania.cz\/index.php\/2019\/10\/27\/portalegre-terranova-stylove\/#primaryimage","url":"https:\/\/www.dakarmania.cz\/wp-content\/uploads\/2019\/10\/19-portalegre-terranova-02.jpg","contentUrl":"https:\/\/www.dakarmania.cz\/wp-content\/uploads\/2019\/10\/19-portalegre-terranova-02.jpg","width":1024,"height":683,"caption":"Orlando Terranova\/Ronnie Graue, Mini JCW Rally, X-raid. Baja Portalegre 2019. \u00a9 X-raid"},{"@type":"BreadcrumbList","@id":"https:\/\/www.dakarmania.cz\/index.php\/2019\/10\/27\/portalegre-terranova-stylove\/#breadcrumb","itemListElement":[{"@type":"ListItem","position":1,"name":"Dom\u016f","item":"https:\/\/www.dakarmania.cz\/"},{"@type":"ListItem","position":2,"name":"Portalegre: \u017divotn\u00ed sezonu uzav\u0159el Terranova stylov\u011b"}]},{"@type":"WebSite","@id":"https:\/\/www.dakarmania.cz\/#website","url":"https:\/\/www.dakarmania.cz\/","name":"DAKARMANIA.cz","description":"\u017dijeme Dakarem cel\u00fd rok","publisher":{"@id":"https:\/\/www.dakarmania.cz\/#organization"},"potentialAction":[{"@type":"SearchAction","target":{"@type":"EntryPoint","urlTemplate":"https:\/\/www.dakarmania.cz\/?s={search_term_string}"},"query-input":{"@type":"PropertyValueSpecification","valueRequired":true,"valueName":"search_term_string"}}],"inLanguage":"cs"},{"@type":"Organization","@id":"https:\/\/www.dakarmania.cz\/#organization","name":"DAKAR MANIA","url":"https:\/\/www.dakarmania.cz\/","logo":{"@type":"ImageObject","inLanguage":"cs","@id":"https:\/\/www.dakarmania.cz\/#\/schema\/logo\/image\/","url":"https:\/\/www.dakarmania.cz\/wp-content\/uploads\/2018\/12\/Dakar-Mania-Logo-Square-Orange.png","contentUrl":"https:\/\/www.dakarmania.cz\/wp-content\/uploads\/2018\/12\/Dakar-Mania-Logo-Square-Orange.png","width":992,"height":992,"caption":"DAKAR MANIA"},"image":{"@id":"https:\/\/www.dakarmania.cz\/#\/schema\/logo\/image\/"},"sameAs":["https:\/\/www.facebook.com\/dakarmania\/"]},{"@type":"Person","@id":"https:\/\/www.dakarmania.cz\/#\/schema\/person\/04eb0e87a389631c2169c0dddae7ff1e","name":"Zden\u011bk Zelenka","image":{"@type":"ImageObject","inLanguage":"cs","@id":"https:\/\/www.dakarmania.cz\/#\/schema\/person\/image\/","url":"https:\/\/secure.gravatar.com\/avatar\/2c80d5a4942fe0900b73cc7d3837a509d6ee0a276a2b76dac95c92bd0763a89b?s=96&d=mm&r=g","contentUrl":"https:\/\/secure.gravatar.com\/avatar\/2c80d5a4942fe0900b73cc7d3837a509d6ee0a276a2b76dac95c92bd0763a89b?s=96&d=mm&r=g","caption":"Zden\u011bk Zelenka"},"description":"Moji d\u011bt\u0161t\u00ed hrdinov\u00e9 se jmenovali Loprais, Moskal, Neveu, Vatanen, Rahier... A tihle borci, jejich n\u00e1sledovn\u00edci a jejich p\u0159\u00edb\u011bhy m\u011b nep\u0159estali fascinovat ani po letech, kdy jsem vyrostl a zam\u011bstn\u00e1valy m\u011b jin\u00e9 discipl\u00edny motorsportu. Proto se zrodila DAKARMANIA.","url":"https:\/\/www.dakarmania.cz\/index.php\/author\/dakarmania\/"}]}},"amp_enabled":true,"_links":{"self":[{"href":"https:\/\/www.dakarmania.cz\/index.php\/wp-json\/wp\/v2\/posts\/12890","targetHints":{"allow":["GET"]}}],"collection":[{"href":"https:\/\/www.dakarmania.cz\/index.php\/wp-json\/wp\/v2\/posts"}],"about":[{"href":"https:\/\/www.dakarmania.cz\/index.php\/wp-json\/wp\/v2\/types\/post"}],"author":[{"embeddable":true,"href":"https:\/\/www.dakarmania.cz\/index.php\/wp-json\/wp\/v2\/users\/1"}],"replies":[{"embeddable":true,"href":"https:\/\/www.dakarmania.cz\/index.php\/wp-json\/wp\/v2\/comments?post=12890"}],"version-history":[{"count":2,"href":"https:\/\/www.dakarmania.cz\/index.php\/wp-json\/wp\/v2\/posts\/12890\/revisions"}],"predecessor-version":[{"id":12896,"href":"https:\/\/www.dakarmania.cz\/index.php\/wp-json\/wp\/v2\/posts\/12890\/revisions\/12896"}],"wp:featuredmedia":[{"embeddable":true,"href":"https:\/\/www.dakarmania.cz\/index.php\/wp-json\/wp\/v2\/media\/12894"}],"wp:attachment":[{"href":"https:\/\/www.dakarmania.cz\/index.php\/wp-json\/wp\/v2\/media?parent=12890"}],"wp:term":[{"taxonomy":"category","embeddable":true,"href":"https:\/\/www.dakarmania.cz\/index.php\/wp-json\/wp\/v2\/categories?post=12890"},{"taxonomy":"post_tag","embeddable":true,"href":"https:\/\/www.dakarmania.cz\/index.php\/wp-json\/wp\/v2\/tags?post=12890"}],"curies":[{"name":"wp","href":"https:\/\/api.w.org\/{rel}","templated":true}]}}