{"id":12911,"date":"2019-10-29T12:11:33","date_gmt":"2019-10-29T11:11:33","guid":{"rendered":"https:\/\/www.dakarmania.cz\/?p=12911"},"modified":"2019-10-29T12:12:12","modified_gmt":"2019-10-29T11:12:12","slug":"sainz-mini-ma-na-vitezstvi","status":"publish","type":"post","link":"https:\/\/www.dakarmania.cz\/index.php\/2019\/10\/29\/sainz-mini-ma-na-vitezstvi\/","title":{"rendered":"Sainz: Upraven\u00e9 Mini m\u00e1 na dakarsk\u00e9 v\u00edt\u011bzstv\u00ed"},"content":{"rendered":"<p>[vc_row][vc_column][vc_column_text css_animation=&#8221;fadeIn&#8221;]<\/p>\n<h4>Carlos Sainz je p\u0159esv\u011bd\u010den, \u017ee s Mini JCW Buggy m\u016f\u017ee v lednu usilovat o t\u0159et\u00ed triumf na Rally Dakar. \u0160pan\u011bl vozu v\u011b\u0159\u00ed, p\u0159esto\u017ee se letos v lednu p\u0159i prvn\u00edm startu v barv\u00e1ch X-raidu neve\u0161el ani do prvn\u00ed des\u00edtky. Od t\u00e9 doby v\u0161ak bugina doznala v\u00fdznamn\u00fdch zm\u011bn.<\/h4>\n<p><a href=\"\/index.php\/osobnosti\/carlos-sainz\/\">Carlos Sainz<\/a> zakotvil u X-raidu loni na podzim spole\u010dn\u011b se <a href=\"\/index.php\/osobnosti\/stephane-peterhansel\/\">St\u00e9phanem Peterhanselem<\/a> a <a href=\"\/index.php\/osobnosti\/despres-cyril\/\">Cyrilem Despresem<\/a>, s nimi\u017e v p\u0159edchoz\u00edch letech p\u016fsobil v tov\u00e1rn\u00edm t\u00fdmu Peugeot. Francouzsk\u00e1 automobilka se v\u0161ak po Dakaru 2018 ze sc\u00e9ny cross-country rally st\u00e1hla a n\u011bmeck\u00fd t\u00fdm tak z\u00edskal silnou jezdeckou sestavu s bohat\u00fdmi zku\u0161enostmi se \u0161pi\u010dkov\u00fdmi buggy s jedinou poh\u00e1n\u011bnou n\u00e1pravou.<\/p>\n<p>Na z\u00e1klad\u011b zku\u0161enost\u00ed a dat z\u00edskan\u00fdch b\u011bhem posledn\u00edho jihoamerick\u00e9ho ro\u010dn\u00edku dakarsk\u00e9 rally zapracovali in\u017een\u00fd\u0159i X-raidu na v\u00fdrazn\u00fdch \u00faprav\u00e1ch z\u00e1vodn\u00edho speci\u00e1lu.[\/vc_column_text][vc_single_image image=&#8221;12908&#8243; img_size=&#8221;large&#8221; add_caption=&#8221;yes&#8221; alignment=&#8221;center&#8221; onclick=&#8221;link_image&#8221; css_animation=&#8221;fadeIn&#8221;][vc_column_text css_animation=&#8221;fadeIn&#8221;]Sainz si inovovanou buginu poprv\u00e9 vyzkou\u0161el koncem srpna p\u0159i testech ve \u0160pan\u011blsku. Na po\u010d\u00e1tku \u0159\u00edjna s n\u00ed vyhr\u00e1l dv\u011b etapy a celkov\u011b obsadil druh\u00e9 m\u00edsto na <a href=\"\/index.php\/souteze\/maroc-2019\/\">Rallye du Maroc<\/a>. Dosa\u017een\u00e9 v\u00fdsledky pos\u00edlily jezdcovu d\u016fv\u011bru v kvality vozu.<\/p>\n<h4>P\u0159ipraveni bojovat o v\u00edt\u011bzstv\u00ed<\/h4>\n<p><em>\u201eKdybych nev\u011b\u0159il, \u017ee mohu vyhr\u00e1t, tak bych se z\u00e1vodu ani ne\u00fa\u010dastnil,\u201c<\/em> tvrd\u00ed <strong>Carlos Sainz<\/strong>. <em>\u201eP\u0159ipravuji se stejn\u011b jako v\u017edy a sna\u017e\u00edm se, abych se na start postavil v co nejlep\u0161\u00ed form\u011b. V\u016f\u010di Dakaru mus\u00edte m\u00edt respekt, kter\u00fd se u v\u00e1s mus\u00ed projevit u\u017e b\u011bhem p\u0159\u00edpravy. Jsem si jist\u00fd, \u017ee jsme p\u0159ipraveni bojovat o v\u00edt\u011bzstv\u00ed.\u201c<\/em><\/p>\n<p><em>\u201eLetos jsme m\u011bli s Mini na Dakaru jist\u00e9 probl\u00e9my, ale b\u011bhem roku do\u0161lo k n\u011bkolika \u00faprav\u00e1m, a\u0165 u\u017e se jedn\u00e1 o zav\u011b\u0161en\u00ed nebo zkr\u00e1cen\u00ed p\u0159edn\u00ed \u010d\u00e1sti vozu. D\u00edky tomu m\u016f\u017eeme jet v dun\u00e1ch agresivn\u011bji.\u201c<\/em>[\/vc_column_text][vc_single_image image=&#8221;12909&#8243; img_size=&#8221;large&#8221; add_caption=&#8221;yes&#8221; alignment=&#8221;center&#8221; onclick=&#8221;link_image&#8221; css_animation=&#8221;fadeIn&#8221;][vc_column_text css_animation=&#8221;fadeIn&#8221;]Do boje s Toyotou, kter\u00e1 se s Ji\u017en\u00ed Amerikou rozlou\u010dila premi\u00e9rovou dakarskou v\u00fdhrou, nasad\u00ed X-raid pouze dv\u011b buggy. Po sn\u00ed\u017een\u00ed dakarsk\u00e9ho rozpo\u010dtu ze strany mate\u0159sk\u00e9ho koncernu BMW nezbylo v t\u00fdmu m\u00edsto na Cyrila Desprese. Spole\u010dn\u011b se Sainzem bude kouzla a n\u00e1strahy z\u00e1vod\u011bn\u00ed v Sa\u00fadsk\u00e9 Ar\u00e1bii objevovat t\u0159in\u00e1ctin\u00e1sobn\u00fd v\u00edt\u011bz nejslavn\u011bj\u0161\u00ed maratonsk\u00e9 rally sv\u011bta St\u00e9phane Peterhansel.<\/p>\n<p><em>\u201eS Toyotou to bude znovu t\u011bsn\u00fd souboj. Mus\u00edme po\u010dkat, a\u017e uvid\u00edme, jak\u00fd ter\u00e9n n\u00e1s v Sa\u00fadsk\u00e9 Ar\u00e1bii skute\u010dn\u011b \u010dek\u00e1. Podle fotek a vide\u00ed by to m\u011bla b\u00fdt klasick\u00e1 pou\u0161\u0165 v\u00edce podobn\u00e1 Africe,\u201c<\/em> m\u00edn\u00ed 57let\u00fd Sainz spol\u00e9haj\u00edc\u00ed nad\u00e1le na dikt\u00e1t o dvan\u00e1ct let mlad\u0161\u00edho krajana <a href=\"\/index.php\/osobnosti\/lucas-cruz\/\">Lucase Cruze<\/a>, s n\u00edm\u017e na Dakaru nena\u0161li p\u0159emo\u017eitele v letech 2010 a 2018. Poprv\u00e9 je\u0161t\u011b v barv\u00e1ch tov\u00e1rn\u00edho t\u00fdmu Volkswagen, podruh\u00e9 s Peugeotem.<\/p>\n<p><a href=\"\/index.php\/souteze\/dakar-2020\/\">Rally Dakar 2020<\/a> startuje v ned\u011bli 5. ledna v D\u017eidd\u011b. Do c\u00edle v Al Qiddiyi doraz\u00ed \u00fasp\u011b\u0161n\u00e9 pos\u00e1dky po zdol\u00e1n\u00ed trasy dlouh\u00e9 9000 kilometr\u016f v p\u00e1tek 17. ledna.[\/vc_column_text][\/vc_column][\/vc_row]<\/p>\n","protected":false},"excerpt":{"rendered":"<p>Carlos Sainz je p\u0159esv\u011bd\u010den, \u017ee s Mini JCW Buggy m\u016f\u017ee usilovat o t\u0159et\u00ed triumf na Rally Dakar. \u0160pan\u011bl vozu v\u011b\u0159\u00ed, p\u0159esto\u017ee se letos neve\u0161el do prvn\u00ed des\u00edtky.<\/p>\n","protected":false},"author":1,"featured_media":12910,"comment_status":"open","ping_status":"closed","sticky":false,"template":"","format":"standard","meta":{"footnotes":""},"categories":[3,251],"tags":[425,903,1114,8,159,1185,219,220],"class_list":["post-12911","post","type-post","status-publish","format-standard","has-post-thumbnail","hentry","category-auto","category-dakar-2020","tag-425","tag-903","tag-carlos-sainz","tag-dakar","tag-dakar-2020","tag-lucas-cruz","tag-mini","tag-x-raid"],"yoast_head":"<!-- This site is optimized with the Yoast SEO plugin v24.9 - https:\/\/yoast.com\/wordpress\/plugins\/seo\/ -->\n<title>Sainz: Upraven\u00e9 Mini m\u00e1 na dakarsk\u00e9 v\u00edt\u011bzstv\u00ed - DAKARMANIA.cz<\/title>\n<meta name=\"description\" content=\"Carlos Sainz je p\u0159esv\u011bd\u010den, \u017ee s Mini JCW Buggy m\u016f\u017ee usilovat o t\u0159et\u00ed triumf na Rally Dakar. \u0160pan\u011bl vozu v\u011b\u0159\u00ed, p\u0159esto\u017ee se letos neve\u0161el do prvn\u00ed des\u00edtky.\" \/>\n<meta name=\"robots\" content=\"index, follow, max-snippet:-1, max-image-preview:large, max-video-preview:-1\" \/>\n<link rel=\"canonical\" href=\"https:\/\/www.dakarmania.cz\/index.php\/2019\/10\/29\/sainz-mini-ma-na-vitezstvi\/\" \/>\n<meta property=\"og:locale\" content=\"cs_CZ\" \/>\n<meta property=\"og:type\" content=\"article\" \/>\n<meta property=\"og:title\" content=\"Sainz: Upraven\u00e9 Mini m\u00e1 na dakarsk\u00e9 v\u00edt\u011bzstv\u00ed - DAKARMANIA.cz\" \/>\n<meta property=\"og:description\" content=\"Carlos Sainz je p\u0159esv\u011bd\u010den, \u017ee s Mini JCW Buggy m\u016f\u017ee usilovat o t\u0159et\u00ed triumf na Rally Dakar. \u0160pan\u011bl vozu v\u011b\u0159\u00ed, p\u0159esto\u017ee se letos neve\u0161el do prvn\u00ed des\u00edtky.\" \/>\n<meta property=\"og:url\" content=\"https:\/\/www.dakarmania.cz\/index.php\/2019\/10\/29\/sainz-mini-ma-na-vitezstvi\/\" \/>\n<meta property=\"og:site_name\" content=\"DAKARMANIA.cz\" \/>\n<meta property=\"article:publisher\" content=\"https:\/\/www.facebook.com\/dakarmania\/\" \/>\n<meta property=\"article:published_time\" content=\"2019-10-29T11:11:33+00:00\" \/>\n<meta property=\"article:modified_time\" content=\"2019-10-29T11:12:12+00:00\" \/>\n<meta property=\"og:image\" content=\"https:\/\/www.dakarmania.cz\/wp-content\/uploads\/2019\/10\/19-maroc-sainz-06.jpg\" \/>\n\t<meta property=\"og:image:width\" content=\"1024\" \/>\n\t<meta property=\"og:image:height\" content=\"684\" \/>\n\t<meta property=\"og:image:type\" content=\"image\/jpeg\" \/>\n<meta name=\"author\" content=\"Zden\u011bk Zelenka\" \/>\n<meta name=\"twitter:card\" content=\"summary_large_image\" \/>\n<meta name=\"twitter:label1\" content=\"Napsal(a)\" \/>\n\t<meta name=\"twitter:data1\" content=\"Zden\u011bk Zelenka\" \/>\n\t<meta name=\"twitter:label2\" content=\"Odhadovan\u00e1 doba \u010dten\u00ed\" \/>\n\t<meta name=\"twitter:data2\" content=\"3 minuty\" \/>\n<script type=\"application\/ld+json\" class=\"yoast-schema-graph\">{\"@context\":\"https:\/\/schema.org\",\"@graph\":[{\"@type\":\"Article\",\"@id\":\"https:\/\/www.dakarmania.cz\/index.php\/2019\/10\/29\/sainz-mini-ma-na-vitezstvi\/#article\",\"isPartOf\":{\"@id\":\"https:\/\/www.dakarmania.cz\/index.php\/2019\/10\/29\/sainz-mini-ma-na-vitezstvi\/\"},\"author\":{\"name\":\"Zden\u011bk Zelenka\",\"@id\":\"https:\/\/www.dakarmania.cz\/#\/schema\/person\/04eb0e87a389631c2169c0dddae7ff1e\"},\"headline\":\"Sainz: Upraven\u00e9 Mini m\u00e1 na dakarsk\u00e9 v\u00edt\u011bzstv\u00ed\",\"datePublished\":\"2019-10-29T11:11:33+00:00\",\"dateModified\":\"2019-10-29T11:12:12+00:00\",\"mainEntityOfPage\":{\"@id\":\"https:\/\/www.dakarmania.cz\/index.php\/2019\/10\/29\/sainz-mini-ma-na-vitezstvi\/\"},\"wordCount\":630,\"commentCount\":0,\"publisher\":{\"@id\":\"https:\/\/www.dakarmania.cz\/#organization\"},\"image\":{\"@id\":\"https:\/\/www.dakarmania.cz\/index.php\/2019\/10\/29\/sainz-mini-ma-na-vitezstvi\/#primaryimage\"},\"thumbnailUrl\":\"https:\/\/www.dakarmania.cz\/wp-content\/uploads\/2019\/10\/19-maroc-sainz-06.jpg\",\"keywords\":[\"2019\",\"2020\",\"Carlos Sainz\",\"Dakar\",\"Dakar 2020\",\"Lucas Cruz\",\"Mini\",\"X-raid\"],\"articleSection\":[\"Auto\",\"Dakar 2020\"],\"inLanguage\":\"cs\",\"potentialAction\":[{\"@type\":\"CommentAction\",\"name\":\"Comment\",\"target\":[\"https:\/\/www.dakarmania.cz\/index.php\/2019\/10\/29\/sainz-mini-ma-na-vitezstvi\/#respond\"]}]},{\"@type\":\"WebPage\",\"@id\":\"https:\/\/www.dakarmania.cz\/index.php\/2019\/10\/29\/sainz-mini-ma-na-vitezstvi\/\",\"url\":\"https:\/\/www.dakarmania.cz\/index.php\/2019\/10\/29\/sainz-mini-ma-na-vitezstvi\/\",\"name\":\"Sainz: Upraven\u00e9 Mini m\u00e1 na dakarsk\u00e9 v\u00edt\u011bzstv\u00ed - DAKARMANIA.cz\",\"isPartOf\":{\"@id\":\"https:\/\/www.dakarmania.cz\/#website\"},\"primaryImageOfPage\":{\"@id\":\"https:\/\/www.dakarmania.cz\/index.php\/2019\/10\/29\/sainz-mini-ma-na-vitezstvi\/#primaryimage\"},\"image\":{\"@id\":\"https:\/\/www.dakarmania.cz\/index.php\/2019\/10\/29\/sainz-mini-ma-na-vitezstvi\/#primaryimage\"},\"thumbnailUrl\":\"https:\/\/www.dakarmania.cz\/wp-content\/uploads\/2019\/10\/19-maroc-sainz-06.jpg\",\"datePublished\":\"2019-10-29T11:11:33+00:00\",\"dateModified\":\"2019-10-29T11:12:12+00:00\",\"description\":\"Carlos Sainz je p\u0159esv\u011bd\u010den, \u017ee s Mini JCW Buggy m\u016f\u017ee usilovat o t\u0159et\u00ed triumf na Rally Dakar. \u0160pan\u011bl vozu v\u011b\u0159\u00ed, p\u0159esto\u017ee se letos neve\u0161el do prvn\u00ed des\u00edtky.\",\"breadcrumb\":{\"@id\":\"https:\/\/www.dakarmania.cz\/index.php\/2019\/10\/29\/sainz-mini-ma-na-vitezstvi\/#breadcrumb\"},\"inLanguage\":\"cs\",\"potentialAction\":[{\"@type\":\"ReadAction\",\"target\":[\"https:\/\/www.dakarmania.cz\/index.php\/2019\/10\/29\/sainz-mini-ma-na-vitezstvi\/\"]}]},{\"@type\":\"ImageObject\",\"inLanguage\":\"cs\",\"@id\":\"https:\/\/www.dakarmania.cz\/index.php\/2019\/10\/29\/sainz-mini-ma-na-vitezstvi\/#primaryimage\",\"url\":\"https:\/\/www.dakarmania.cz\/wp-content\/uploads\/2019\/10\/19-maroc-sainz-06.jpg\",\"contentUrl\":\"https:\/\/www.dakarmania.cz\/wp-content\/uploads\/2019\/10\/19-maroc-sainz-06.jpg\",\"width\":1024,\"height\":684,\"caption\":\"Carlos Sainz\/Lucas Cruz, Mini JCW Buggy, X-raid. Rallye du Maroc 2019. \u00a9 X-raid\"},{\"@type\":\"BreadcrumbList\",\"@id\":\"https:\/\/www.dakarmania.cz\/index.php\/2019\/10\/29\/sainz-mini-ma-na-vitezstvi\/#breadcrumb\",\"itemListElement\":[{\"@type\":\"ListItem\",\"position\":1,\"name\":\"Dom\u016f\",\"item\":\"https:\/\/www.dakarmania.cz\/\"},{\"@type\":\"ListItem\",\"position\":2,\"name\":\"Sainz: Upraven\u00e9 Mini m\u00e1 na dakarsk\u00e9 v\u00edt\u011bzstv\u00ed\"}]},{\"@type\":\"WebSite\",\"@id\":\"https:\/\/www.dakarmania.cz\/#website\",\"url\":\"https:\/\/www.dakarmania.cz\/\",\"name\":\"DAKARMANIA.cz\",\"description\":\"\u017dijeme Dakarem cel\u00fd rok\",\"publisher\":{\"@id\":\"https:\/\/www.dakarmania.cz\/#organization\"},\"potentialAction\":[{\"@type\":\"SearchAction\",\"target\":{\"@type\":\"EntryPoint\",\"urlTemplate\":\"https:\/\/www.dakarmania.cz\/?s={search_term_string}\"},\"query-input\":{\"@type\":\"PropertyValueSpecification\",\"valueRequired\":true,\"valueName\":\"search_term_string\"}}],\"inLanguage\":\"cs\"},{\"@type\":\"Organization\",\"@id\":\"https:\/\/www.dakarmania.cz\/#organization\",\"name\":\"DAKAR MANIA\",\"url\":\"https:\/\/www.dakarmania.cz\/\",\"logo\":{\"@type\":\"ImageObject\",\"inLanguage\":\"cs\",\"@id\":\"https:\/\/www.dakarmania.cz\/#\/schema\/logo\/image\/\",\"url\":\"https:\/\/www.dakarmania.cz\/wp-content\/uploads\/2018\/12\/Dakar-Mania-Logo-Square-Orange.png\",\"contentUrl\":\"https:\/\/www.dakarmania.cz\/wp-content\/uploads\/2018\/12\/Dakar-Mania-Logo-Square-Orange.png\",\"width\":992,\"height\":992,\"caption\":\"DAKAR MANIA\"},\"image\":{\"@id\":\"https:\/\/www.dakarmania.cz\/#\/schema\/logo\/image\/\"},\"sameAs\":[\"https:\/\/www.facebook.com\/dakarmania\/\"]},{\"@type\":\"Person\",\"@id\":\"https:\/\/www.dakarmania.cz\/#\/schema\/person\/04eb0e87a389631c2169c0dddae7ff1e\",\"name\":\"Zden\u011bk Zelenka\",\"image\":{\"@type\":\"ImageObject\",\"inLanguage\":\"cs\",\"@id\":\"https:\/\/www.dakarmania.cz\/#\/schema\/person\/image\/\",\"url\":\"https:\/\/secure.gravatar.com\/avatar\/2c80d5a4942fe0900b73cc7d3837a509d6ee0a276a2b76dac95c92bd0763a89b?s=96&d=mm&r=g\",\"contentUrl\":\"https:\/\/secure.gravatar.com\/avatar\/2c80d5a4942fe0900b73cc7d3837a509d6ee0a276a2b76dac95c92bd0763a89b?s=96&d=mm&r=g\",\"caption\":\"Zden\u011bk Zelenka\"},\"description\":\"Moji d\u011bt\u0161t\u00ed hrdinov\u00e9 se jmenovali Loprais, Moskal, Neveu, Vatanen, Rahier... A tihle borci, jejich n\u00e1sledovn\u00edci a jejich p\u0159\u00edb\u011bhy m\u011b nep\u0159estali fascinovat ani po letech, kdy jsem vyrostl a zam\u011bstn\u00e1valy m\u011b jin\u00e9 discipl\u00edny motorsportu. Proto se zrodila DAKARMANIA.\",\"url\":\"https:\/\/www.dakarmania.cz\/index.php\/author\/dakarmania\/\"}]}<\/script>\n<!-- \/ Yoast SEO plugin. -->","yoast_head_json":{"title":"Sainz: Upraven\u00e9 Mini m\u00e1 na dakarsk\u00e9 v\u00edt\u011bzstv\u00ed - DAKARMANIA.cz","description":"Carlos Sainz je p\u0159esv\u011bd\u010den, \u017ee s Mini JCW Buggy m\u016f\u017ee usilovat o t\u0159et\u00ed triumf na Rally Dakar. \u0160pan\u011bl vozu v\u011b\u0159\u00ed, p\u0159esto\u017ee se letos neve\u0161el do prvn\u00ed des\u00edtky.","robots":{"index":"index","follow":"follow","max-snippet":"max-snippet:-1","max-image-preview":"max-image-preview:large","max-video-preview":"max-video-preview:-1"},"canonical":"https:\/\/www.dakarmania.cz\/index.php\/2019\/10\/29\/sainz-mini-ma-na-vitezstvi\/","og_locale":"cs_CZ","og_type":"article","og_title":"Sainz: Upraven\u00e9 Mini m\u00e1 na dakarsk\u00e9 v\u00edt\u011bzstv\u00ed - DAKARMANIA.cz","og_description":"Carlos Sainz je p\u0159esv\u011bd\u010den, \u017ee s Mini JCW Buggy m\u016f\u017ee usilovat o t\u0159et\u00ed triumf na Rally Dakar. \u0160pan\u011bl vozu v\u011b\u0159\u00ed, p\u0159esto\u017ee se letos neve\u0161el do prvn\u00ed des\u00edtky.","og_url":"https:\/\/www.dakarmania.cz\/index.php\/2019\/10\/29\/sainz-mini-ma-na-vitezstvi\/","og_site_name":"DAKARMANIA.cz","article_publisher":"https:\/\/www.facebook.com\/dakarmania\/","article_published_time":"2019-10-29T11:11:33+00:00","article_modified_time":"2019-10-29T11:12:12+00:00","og_image":[{"width":1024,"height":684,"url":"https:\/\/www.dakarmania.cz\/wp-content\/uploads\/2019\/10\/19-maroc-sainz-06.jpg","type":"image\/jpeg"}],"author":"Zden\u011bk Zelenka","twitter_card":"summary_large_image","twitter_misc":{"Napsal(a)":"Zden\u011bk Zelenka","Odhadovan\u00e1 doba \u010dten\u00ed":"3 minuty"},"schema":{"@context":"https:\/\/schema.org","@graph":[{"@type":"Article","@id":"https:\/\/www.dakarmania.cz\/index.php\/2019\/10\/29\/sainz-mini-ma-na-vitezstvi\/#article","isPartOf":{"@id":"https:\/\/www.dakarmania.cz\/index.php\/2019\/10\/29\/sainz-mini-ma-na-vitezstvi\/"},"author":{"name":"Zden\u011bk Zelenka","@id":"https:\/\/www.dakarmania.cz\/#\/schema\/person\/04eb0e87a389631c2169c0dddae7ff1e"},"headline":"Sainz: Upraven\u00e9 Mini m\u00e1 na dakarsk\u00e9 v\u00edt\u011bzstv\u00ed","datePublished":"2019-10-29T11:11:33+00:00","dateModified":"2019-10-29T11:12:12+00:00","mainEntityOfPage":{"@id":"https:\/\/www.dakarmania.cz\/index.php\/2019\/10\/29\/sainz-mini-ma-na-vitezstvi\/"},"wordCount":630,"commentCount":0,"publisher":{"@id":"https:\/\/www.dakarmania.cz\/#organization"},"image":{"@id":"https:\/\/www.dakarmania.cz\/index.php\/2019\/10\/29\/sainz-mini-ma-na-vitezstvi\/#primaryimage"},"thumbnailUrl":"https:\/\/www.dakarmania.cz\/wp-content\/uploads\/2019\/10\/19-maroc-sainz-06.jpg","keywords":["2019","2020","Carlos Sainz","Dakar","Dakar 2020","Lucas Cruz","Mini","X-raid"],"articleSection":["Auto","Dakar 2020"],"inLanguage":"cs","potentialAction":[{"@type":"CommentAction","name":"Comment","target":["https:\/\/www.dakarmania.cz\/index.php\/2019\/10\/29\/sainz-mini-ma-na-vitezstvi\/#respond"]}]},{"@type":"WebPage","@id":"https:\/\/www.dakarmania.cz\/index.php\/2019\/10\/29\/sainz-mini-ma-na-vitezstvi\/","url":"https:\/\/www.dakarmania.cz\/index.php\/2019\/10\/29\/sainz-mini-ma-na-vitezstvi\/","name":"Sainz: Upraven\u00e9 Mini m\u00e1 na dakarsk\u00e9 v\u00edt\u011bzstv\u00ed - DAKARMANIA.cz","isPartOf":{"@id":"https:\/\/www.dakarmania.cz\/#website"},"primaryImageOfPage":{"@id":"https:\/\/www.dakarmania.cz\/index.php\/2019\/10\/29\/sainz-mini-ma-na-vitezstvi\/#primaryimage"},"image":{"@id":"https:\/\/www.dakarmania.cz\/index.php\/2019\/10\/29\/sainz-mini-ma-na-vitezstvi\/#primaryimage"},"thumbnailUrl":"https:\/\/www.dakarmania.cz\/wp-content\/uploads\/2019\/10\/19-maroc-sainz-06.jpg","datePublished":"2019-10-29T11:11:33+00:00","dateModified":"2019-10-29T11:12:12+00:00","description":"Carlos Sainz je p\u0159esv\u011bd\u010den, \u017ee s Mini JCW Buggy m\u016f\u017ee usilovat o t\u0159et\u00ed triumf na Rally Dakar. \u0160pan\u011bl vozu v\u011b\u0159\u00ed, p\u0159esto\u017ee se letos neve\u0161el do prvn\u00ed des\u00edtky.","breadcrumb":{"@id":"https:\/\/www.dakarmania.cz\/index.php\/2019\/10\/29\/sainz-mini-ma-na-vitezstvi\/#breadcrumb"},"inLanguage":"cs","potentialAction":[{"@type":"ReadAction","target":["https:\/\/www.dakarmania.cz\/index.php\/2019\/10\/29\/sainz-mini-ma-na-vitezstvi\/"]}]},{"@type":"ImageObject","inLanguage":"cs","@id":"https:\/\/www.dakarmania.cz\/index.php\/2019\/10\/29\/sainz-mini-ma-na-vitezstvi\/#primaryimage","url":"https:\/\/www.dakarmania.cz\/wp-content\/uploads\/2019\/10\/19-maroc-sainz-06.jpg","contentUrl":"https:\/\/www.dakarmania.cz\/wp-content\/uploads\/2019\/10\/19-maroc-sainz-06.jpg","width":1024,"height":684,"caption":"Carlos Sainz\/Lucas Cruz, Mini JCW Buggy, X-raid. Rallye du Maroc 2019. \u00a9 X-raid"},{"@type":"BreadcrumbList","@id":"https:\/\/www.dakarmania.cz\/index.php\/2019\/10\/29\/sainz-mini-ma-na-vitezstvi\/#breadcrumb","itemListElement":[{"@type":"ListItem","position":1,"name":"Dom\u016f","item":"https:\/\/www.dakarmania.cz\/"},{"@type":"ListItem","position":2,"name":"Sainz: Upraven\u00e9 Mini m\u00e1 na dakarsk\u00e9 v\u00edt\u011bzstv\u00ed"}]},{"@type":"WebSite","@id":"https:\/\/www.dakarmania.cz\/#website","url":"https:\/\/www.dakarmania.cz\/","name":"DAKARMANIA.cz","description":"\u017dijeme Dakarem cel\u00fd rok","publisher":{"@id":"https:\/\/www.dakarmania.cz\/#organization"},"potentialAction":[{"@type":"SearchAction","target":{"@type":"EntryPoint","urlTemplate":"https:\/\/www.dakarmania.cz\/?s={search_term_string}"},"query-input":{"@type":"PropertyValueSpecification","valueRequired":true,"valueName":"search_term_string"}}],"inLanguage":"cs"},{"@type":"Organization","@id":"https:\/\/www.dakarmania.cz\/#organization","name":"DAKAR MANIA","url":"https:\/\/www.dakarmania.cz\/","logo":{"@type":"ImageObject","inLanguage":"cs","@id":"https:\/\/www.dakarmania.cz\/#\/schema\/logo\/image\/","url":"https:\/\/www.dakarmania.cz\/wp-content\/uploads\/2018\/12\/Dakar-Mania-Logo-Square-Orange.png","contentUrl":"https:\/\/www.dakarmania.cz\/wp-content\/uploads\/2018\/12\/Dakar-Mania-Logo-Square-Orange.png","width":992,"height":992,"caption":"DAKAR MANIA"},"image":{"@id":"https:\/\/www.dakarmania.cz\/#\/schema\/logo\/image\/"},"sameAs":["https:\/\/www.facebook.com\/dakarmania\/"]},{"@type":"Person","@id":"https:\/\/www.dakarmania.cz\/#\/schema\/person\/04eb0e87a389631c2169c0dddae7ff1e","name":"Zden\u011bk Zelenka","image":{"@type":"ImageObject","inLanguage":"cs","@id":"https:\/\/www.dakarmania.cz\/#\/schema\/person\/image\/","url":"https:\/\/secure.gravatar.com\/avatar\/2c80d5a4942fe0900b73cc7d3837a509d6ee0a276a2b76dac95c92bd0763a89b?s=96&d=mm&r=g","contentUrl":"https:\/\/secure.gravatar.com\/avatar\/2c80d5a4942fe0900b73cc7d3837a509d6ee0a276a2b76dac95c92bd0763a89b?s=96&d=mm&r=g","caption":"Zden\u011bk Zelenka"},"description":"Moji d\u011bt\u0161t\u00ed hrdinov\u00e9 se jmenovali Loprais, Moskal, Neveu, Vatanen, Rahier... A tihle borci, jejich n\u00e1sledovn\u00edci a jejich p\u0159\u00edb\u011bhy m\u011b nep\u0159estali fascinovat ani po letech, kdy jsem vyrostl a zam\u011bstn\u00e1valy m\u011b jin\u00e9 discipl\u00edny motorsportu. Proto se zrodila DAKARMANIA.","url":"https:\/\/www.dakarmania.cz\/index.php\/author\/dakarmania\/"}]}},"amp_enabled":true,"_links":{"self":[{"href":"https:\/\/www.dakarmania.cz\/index.php\/wp-json\/wp\/v2\/posts\/12911","targetHints":{"allow":["GET"]}}],"collection":[{"href":"https:\/\/www.dakarmania.cz\/index.php\/wp-json\/wp\/v2\/posts"}],"about":[{"href":"https:\/\/www.dakarmania.cz\/index.php\/wp-json\/wp\/v2\/types\/post"}],"author":[{"embeddable":true,"href":"https:\/\/www.dakarmania.cz\/index.php\/wp-json\/wp\/v2\/users\/1"}],"replies":[{"embeddable":true,"href":"https:\/\/www.dakarmania.cz\/index.php\/wp-json\/wp\/v2\/comments?post=12911"}],"version-history":[{"count":1,"href":"https:\/\/www.dakarmania.cz\/index.php\/wp-json\/wp\/v2\/posts\/12911\/revisions"}],"predecessor-version":[{"id":12912,"href":"https:\/\/www.dakarmania.cz\/index.php\/wp-json\/wp\/v2\/posts\/12911\/revisions\/12912"}],"wp:featuredmedia":[{"embeddable":true,"href":"https:\/\/www.dakarmania.cz\/index.php\/wp-json\/wp\/v2\/media\/12910"}],"wp:attachment":[{"href":"https:\/\/www.dakarmania.cz\/index.php\/wp-json\/wp\/v2\/media?parent=12911"}],"wp:term":[{"taxonomy":"category","embeddable":true,"href":"https:\/\/www.dakarmania.cz\/index.php\/wp-json\/wp\/v2\/categories?post=12911"},{"taxonomy":"post_tag","embeddable":true,"href":"https:\/\/www.dakarmania.cz\/index.php\/wp-json\/wp\/v2\/tags?post=12911"}],"curies":[{"name":"wp","href":"https:\/\/api.w.org\/{rel}","templated":true}]}}