{"id":13091,"date":"2019-11-03T20:59:42","date_gmt":"2019-11-03T19:59:42","guid":{"rendered":"https:\/\/www.dakarmania.cz\/?p=13091"},"modified":"2019-11-03T21:00:23","modified_gmt":"2019-11-03T20:00:23","slug":"ourednicek-potvrdil-dakar-2020","status":"publish","type":"post","link":"https:\/\/www.dakarmania.cz\/index.php\/2019\/11\/03\/ourednicek-potvrdil-dakar-2020\/","title":{"rendered":"Tom\u00e1\u0161 Ou\u0159edn\u00ed\u010dek potvrdil start na Rally Dakar 2020"},"content":{"rendered":"<p>[vc_row][vc_column][vc_column_text css_animation=&#8221;fadeIn&#8221;]<\/p>\n<h4>Tom\u00e1\u0161 Ou\u0159edn\u00ed\u010dek s navig\u00e1torem Davidem K\u0159\u00edpalem potvrdili \u00fa\u010dast v dal\u0161\u00edm ro\u010dn\u00edku Rally Dakar. 42. ro\u010dn\u00edk otev\u0159e novou \u00e9ru slavn\u00e9 rally. z\u00e1vod se st\u011bhuje ji\u017e na t\u0159et\u00ed kontinent a minim\u00e1ln\u011b n\u00e1sleduj\u00edc\u00edch p\u011bt let bude startovat v Sa\u00fadsk\u00e9 Ar\u00e1bii.<\/h4>\n<p>Po absolvov\u00e1n\u00ed leto\u0161n\u00edch ro\u010dn\u00edk\u016f <a href=\"\/index.php\/souteze\/dakar-2019\/\">Dakaru<\/a> a <a href=\"\/index.php\/souteze\/mdc-2019\/\">Morocco Desert Challenge<\/a> a po m\u011bs\u00edc\u00edch p\u0159\u00edprav ozn\u00e1mili <a href=\"\/index.php\/osobnosti\/tomas-ourednicek\/\">Tom\u00e1\u0161 Ou\u0159edn\u00ed\u010dek<\/a> s <a href=\"\/index.php\/osobnosti\/david-kripal\/\">Davidem K\u0159\u00edpalem<\/a>, \u017ee se z\u00fa\u010dastn\u00ed i dal\u0161\u00edho ro\u010dn\u00edku slavn\u00e9 sout\u011b\u017ee, kterou Ou\u0159edn\u00ed\u010dek u\u017e p\u011btkr\u00e1t dokon\u010dil a jednou se um\u00edstil v prvn\u00ed des\u00edtce. \u010cesk\u00e1 pos\u00e1dka pojede <a href=\"\/index.php\/souteze\/dakar-2020\/\">Dakar 2020<\/a> s vozem Ford Ranger Dakar 5.0 l V8 vyroben\u00fdm v ofici\u00e1ln\u00ed licenci Fordu jihoafrickou spole\u010dnost\u00ed NWM.[\/vc_column_text][vc_single_image image=&#8221;13089&#8243; img_size=&#8221;large&#8221; add_caption=&#8221;yes&#8221; alignment=&#8221;center&#8221; onclick=&#8221;link_image&#8221; css_animation=&#8221;fadeIn&#8221;][vc_column_text css_animation=&#8221;fadeIn&#8221;]<em>\u201eV roce 2020 o\u010dek\u00e1v\u00e1me v mnoha ohledech velmi speci\u00e1ln\u00ed z\u00e1vod. Na jedn\u00e9 stran\u011b jsme velmi nad\u0161en\u00ed, \u017ee jedeme do Sa\u00fadsk\u00e9 Ar\u00e1bie, a je skv\u011bl\u00e9 vid\u011bt, \u017ee sponzo\u0159i jsou tak\u00e9 pot\u011b\u0161eni touto jedine\u010dnou p\u0159\u00edle\u017eitost\u00ed. Na stran\u011b druh\u00e9 bude \u010ceskou republiku reprezentovat v\u00edce pos\u00e1dek v kr\u00e1lovsk\u00e9 kategorii automobil\u016f ne\u017e v kamionech, co\u017e se doposud je\u0161t\u011b nikdy nestalo. Jmenov\u00e1n\u00ed <a href=\"\/index.php\/osobnosti\/david-castera\/\">Davida Castery<\/a> nov\u00fdm \u0159editelem z\u00e1vodu je velmi slibn\u00e9. M\u00e1 bohat\u00e9 zku\u0161enosti s p\u0159\u00edpravou roadbook\u016f a z posledn\u00edch ro\u010dn\u00edk\u016f tak\u00e9 jako navig\u00e1tor tov\u00e1rn\u00edho t\u00fdmu Peugeot. Proto v\u00ed, jak je\u0161t\u011b vylep\u0161it sportovn\u00ed aspekt Dakaru,\u201c<\/em> \u0159\u00edk\u00e1 <strong>Tom\u00e1\u0161 Ou\u0159edn\u00ed\u010dek<\/strong>.<\/p>\n<p>Rallye Dakar 2020 odstartuje 5. ledna sa\u00fadskoarabsk\u00e9 D\u017eidd\u011b a po t\u00e9m\u011b\u0159 dvou t\u00fddnech z\u00e1vod\u011bn\u00ed skon\u010d\u00ed 17. ledna v Al Qiddiyi.<\/p>\n<p>Tiskov\u00e1 zpr\u00e1va t\u00fdmu South Racing CE (editov\u00e1no)[\/vc_column_text][\/vc_column][\/vc_row]<\/p>\n","protected":false},"excerpt":{"rendered":"<p>Tom\u00e1\u0161 Ou\u0159edn\u00ed\u010dek s navig\u00e1torem Davidem K\u0159\u00edpalem potvrdili \u00fa\u010dast v dal\u0161\u00edm ro\u010dn\u00edku Rally Dakar. 42. ro\u010dn\u00edk otev\u0159e novou \u00e9ru slavn\u00e9 rally.<\/p>\n","protected":false},"author":3,"featured_media":13090,"comment_status":"open","ping_status":"closed","sticky":false,"template":"","format":"standard","meta":{"footnotes":""},"categories":[637],"tags":[903,8,159,10,11,517,7],"class_list":["post-13091","post","type-post","status-publish","format-standard","has-post-thumbnail","hentry","category-tiskove-zpravy","tag-903","tag-dakar","tag-dakar-2020","tag-david-kripal","tag-ford","tag-south-racing-ce","tag-tomas-ourednicek"],"yoast_head":"<!-- This site is optimized with the Yoast SEO plugin v24.9 - https:\/\/yoast.com\/wordpress\/plugins\/seo\/ -->\n<title>Tom\u00e1\u0161 Ou\u0159edn\u00ed\u010dek potvrdil start na Rally Dakar 2020 - DAKARMANIA.cz<\/title>\n<meta name=\"description\" content=\"Tom\u00e1\u0161 Ou\u0159edn\u00ed\u010dek s navig\u00e1torem Davidem K\u0159\u00edpalem potvrdili \u00fa\u010dast v dal\u0161\u00edm ro\u010dn\u00edku Rally Dakar. 42. ro\u010dn\u00edk otev\u0159e novou \u00e9ru slavn\u00e9 rally.\" \/>\n<meta name=\"robots\" content=\"index, follow, max-snippet:-1, max-image-preview:large, max-video-preview:-1\" \/>\n<link rel=\"canonical\" href=\"https:\/\/www.dakarmania.cz\/index.php\/2019\/11\/03\/ourednicek-potvrdil-dakar-2020\/\" \/>\n<meta property=\"og:locale\" content=\"cs_CZ\" \/>\n<meta property=\"og:type\" content=\"article\" \/>\n<meta property=\"og:title\" content=\"Tom\u00e1\u0161 Ou\u0159edn\u00ed\u010dek potvrdil start na Rally Dakar 2020 - DAKARMANIA.cz\" \/>\n<meta property=\"og:description\" content=\"Tom\u00e1\u0161 Ou\u0159edn\u00ed\u010dek s navig\u00e1torem Davidem K\u0159\u00edpalem potvrdili \u00fa\u010dast v dal\u0161\u00edm ro\u010dn\u00edku Rally Dakar. 42. ro\u010dn\u00edk otev\u0159e novou \u00e9ru slavn\u00e9 rally.\" \/>\n<meta property=\"og:url\" content=\"https:\/\/www.dakarmania.cz\/index.php\/2019\/11\/03\/ourednicek-potvrdil-dakar-2020\/\" \/>\n<meta property=\"og:site_name\" content=\"DAKARMANIA.cz\" \/>\n<meta property=\"article:publisher\" content=\"https:\/\/www.facebook.com\/dakarmania\/\" \/>\n<meta property=\"article:published_time\" content=\"2019-11-03T19:59:42+00:00\" \/>\n<meta property=\"article:modified_time\" content=\"2019-11-03T20:00:23+00:00\" \/>\n<meta property=\"og:image\" content=\"https:\/\/www.dakarmania.cz\/wp-content\/uploads\/2019\/11\/20-dakar-ourednicek-01.jpg\" \/>\n\t<meta property=\"og:image:width\" content=\"1024\" \/>\n\t<meta property=\"og:image:height\" content=\"577\" \/>\n\t<meta property=\"og:image:type\" content=\"image\/jpeg\" \/>\n<meta name=\"author\" content=\"tiskov\u00e1 zpr\u00e1va\" \/>\n<meta name=\"twitter:card\" content=\"summary_large_image\" \/>\n<meta name=\"twitter:label1\" content=\"Napsal(a)\" \/>\n\t<meta name=\"twitter:data1\" content=\"tiskov\u00e1 zpr\u00e1va\" \/>\n\t<meta name=\"twitter:label2\" content=\"Odhadovan\u00e1 doba \u010dten\u00ed\" \/>\n\t<meta name=\"twitter:data2\" content=\"2 minuty\" \/>\n<script type=\"application\/ld+json\" class=\"yoast-schema-graph\">{\"@context\":\"https:\/\/schema.org\",\"@graph\":[{\"@type\":\"Article\",\"@id\":\"https:\/\/www.dakarmania.cz\/index.php\/2019\/11\/03\/ourednicek-potvrdil-dakar-2020\/#article\",\"isPartOf\":{\"@id\":\"https:\/\/www.dakarmania.cz\/index.php\/2019\/11\/03\/ourednicek-potvrdil-dakar-2020\/\"},\"author\":{\"name\":\"tiskov\u00e1 zpr\u00e1va\",\"@id\":\"https:\/\/www.dakarmania.cz\/#\/schema\/person\/bce8d1fe3633b1178e150fc5e340d5dd\"},\"headline\":\"Tom\u00e1\u0161 Ou\u0159edn\u00ed\u010dek potvrdil start na Rally Dakar 2020\",\"datePublished\":\"2019-11-03T19:59:42+00:00\",\"dateModified\":\"2019-11-03T20:00:23+00:00\",\"mainEntityOfPage\":{\"@id\":\"https:\/\/www.dakarmania.cz\/index.php\/2019\/11\/03\/ourednicek-potvrdil-dakar-2020\/\"},\"wordCount\":354,\"commentCount\":0,\"publisher\":{\"@id\":\"https:\/\/www.dakarmania.cz\/#organization\"},\"image\":{\"@id\":\"https:\/\/www.dakarmania.cz\/index.php\/2019\/11\/03\/ourednicek-potvrdil-dakar-2020\/#primaryimage\"},\"thumbnailUrl\":\"https:\/\/www.dakarmania.cz\/wp-content\/uploads\/2019\/11\/20-dakar-ourednicek-01.jpg\",\"keywords\":[\"2020\",\"Dakar\",\"Dakar 2020\",\"David K\u0159\u00edpal\",\"Ford\",\"South Racing CE\",\"Tom\u00e1\u0161 Ou\u0159edn\u00ed\u010dek\"],\"articleSection\":[\"Tiskov\u00e9 zpr\u00e1vy\"],\"inLanguage\":\"cs\",\"potentialAction\":[{\"@type\":\"CommentAction\",\"name\":\"Comment\",\"target\":[\"https:\/\/www.dakarmania.cz\/index.php\/2019\/11\/03\/ourednicek-potvrdil-dakar-2020\/#respond\"]}]},{\"@type\":\"WebPage\",\"@id\":\"https:\/\/www.dakarmania.cz\/index.php\/2019\/11\/03\/ourednicek-potvrdil-dakar-2020\/\",\"url\":\"https:\/\/www.dakarmania.cz\/index.php\/2019\/11\/03\/ourednicek-potvrdil-dakar-2020\/\",\"name\":\"Tom\u00e1\u0161 Ou\u0159edn\u00ed\u010dek potvrdil start na Rally Dakar 2020 - DAKARMANIA.cz\",\"isPartOf\":{\"@id\":\"https:\/\/www.dakarmania.cz\/#website\"},\"primaryImageOfPage\":{\"@id\":\"https:\/\/www.dakarmania.cz\/index.php\/2019\/11\/03\/ourednicek-potvrdil-dakar-2020\/#primaryimage\"},\"image\":{\"@id\":\"https:\/\/www.dakarmania.cz\/index.php\/2019\/11\/03\/ourednicek-potvrdil-dakar-2020\/#primaryimage\"},\"thumbnailUrl\":\"https:\/\/www.dakarmania.cz\/wp-content\/uploads\/2019\/11\/20-dakar-ourednicek-01.jpg\",\"datePublished\":\"2019-11-03T19:59:42+00:00\",\"dateModified\":\"2019-11-03T20:00:23+00:00\",\"description\":\"Tom\u00e1\u0161 Ou\u0159edn\u00ed\u010dek s navig\u00e1torem Davidem K\u0159\u00edpalem potvrdili \u00fa\u010dast v dal\u0161\u00edm ro\u010dn\u00edku Rally Dakar. 42. ro\u010dn\u00edk otev\u0159e novou \u00e9ru slavn\u00e9 rally.\",\"breadcrumb\":{\"@id\":\"https:\/\/www.dakarmania.cz\/index.php\/2019\/11\/03\/ourednicek-potvrdil-dakar-2020\/#breadcrumb\"},\"inLanguage\":\"cs\",\"potentialAction\":[{\"@type\":\"ReadAction\",\"target\":[\"https:\/\/www.dakarmania.cz\/index.php\/2019\/11\/03\/ourednicek-potvrdil-dakar-2020\/\"]}]},{\"@type\":\"ImageObject\",\"inLanguage\":\"cs\",\"@id\":\"https:\/\/www.dakarmania.cz\/index.php\/2019\/11\/03\/ourednicek-potvrdil-dakar-2020\/#primaryimage\",\"url\":\"https:\/\/www.dakarmania.cz\/wp-content\/uploads\/2019\/11\/20-dakar-ourednicek-01.jpg\",\"contentUrl\":\"https:\/\/www.dakarmania.cz\/wp-content\/uploads\/2019\/11\/20-dakar-ourednicek-01.jpg\",\"width\":1024,\"height\":577,\"caption\":\"Tom\u00e1\u0161 Ou\u0159edn\u00ed\u010dek & David Castera. \u00a9 South Racing CE\"},{\"@type\":\"BreadcrumbList\",\"@id\":\"https:\/\/www.dakarmania.cz\/index.php\/2019\/11\/03\/ourednicek-potvrdil-dakar-2020\/#breadcrumb\",\"itemListElement\":[{\"@type\":\"ListItem\",\"position\":1,\"name\":\"Dom\u016f\",\"item\":\"https:\/\/www.dakarmania.cz\/\"},{\"@type\":\"ListItem\",\"position\":2,\"name\":\"Tom\u00e1\u0161 Ou\u0159edn\u00ed\u010dek potvrdil start na Rally Dakar 2020\"}]},{\"@type\":\"WebSite\",\"@id\":\"https:\/\/www.dakarmania.cz\/#website\",\"url\":\"https:\/\/www.dakarmania.cz\/\",\"name\":\"DAKARMANIA.cz\",\"description\":\"\u017dijeme Dakarem cel\u00fd rok\",\"publisher\":{\"@id\":\"https:\/\/www.dakarmania.cz\/#organization\"},\"potentialAction\":[{\"@type\":\"SearchAction\",\"target\":{\"@type\":\"EntryPoint\",\"urlTemplate\":\"https:\/\/www.dakarmania.cz\/?s={search_term_string}\"},\"query-input\":{\"@type\":\"PropertyValueSpecification\",\"valueRequired\":true,\"valueName\":\"search_term_string\"}}],\"inLanguage\":\"cs\"},{\"@type\":\"Organization\",\"@id\":\"https:\/\/www.dakarmania.cz\/#organization\",\"name\":\"DAKAR MANIA\",\"url\":\"https:\/\/www.dakarmania.cz\/\",\"logo\":{\"@type\":\"ImageObject\",\"inLanguage\":\"cs\",\"@id\":\"https:\/\/www.dakarmania.cz\/#\/schema\/logo\/image\/\",\"url\":\"https:\/\/www.dakarmania.cz\/wp-content\/uploads\/2018\/12\/Dakar-Mania-Logo-Square-Orange.png\",\"contentUrl\":\"https:\/\/www.dakarmania.cz\/wp-content\/uploads\/2018\/12\/Dakar-Mania-Logo-Square-Orange.png\",\"width\":992,\"height\":992,\"caption\":\"DAKAR MANIA\"},\"image\":{\"@id\":\"https:\/\/www.dakarmania.cz\/#\/schema\/logo\/image\/\"},\"sameAs\":[\"https:\/\/www.facebook.com\/dakarmania\/\"]},{\"@type\":\"Person\",\"@id\":\"https:\/\/www.dakarmania.cz\/#\/schema\/person\/bce8d1fe3633b1178e150fc5e340d5dd\",\"name\":\"tiskov\u00e1 zpr\u00e1va\",\"image\":{\"@type\":\"ImageObject\",\"inLanguage\":\"cs\",\"@id\":\"https:\/\/www.dakarmania.cz\/#\/schema\/person\/image\/\",\"url\":\"https:\/\/secure.gravatar.com\/avatar\/19aefcb6c7bfae691fca4d805686c670f59bb4f7414c7b398b88dc9c8f4e96d5?s=96&d=mm&r=g\",\"contentUrl\":\"https:\/\/secure.gravatar.com\/avatar\/19aefcb6c7bfae691fca4d805686c670f59bb4f7414c7b398b88dc9c8f4e96d5?s=96&d=mm&r=g\",\"caption\":\"tiskov\u00e1 zpr\u00e1va\"},\"url\":\"https:\/\/www.dakarmania.cz\/index.php\/author\/tiskovezpravy\/\"}]}<\/script>\n<!-- \/ Yoast SEO plugin. -->","yoast_head_json":{"title":"Tom\u00e1\u0161 Ou\u0159edn\u00ed\u010dek potvrdil start na Rally Dakar 2020 - DAKARMANIA.cz","description":"Tom\u00e1\u0161 Ou\u0159edn\u00ed\u010dek s navig\u00e1torem Davidem K\u0159\u00edpalem potvrdili \u00fa\u010dast v dal\u0161\u00edm ro\u010dn\u00edku Rally Dakar. 42. ro\u010dn\u00edk otev\u0159e novou \u00e9ru slavn\u00e9 rally.","robots":{"index":"index","follow":"follow","max-snippet":"max-snippet:-1","max-image-preview":"max-image-preview:large","max-video-preview":"max-video-preview:-1"},"canonical":"https:\/\/www.dakarmania.cz\/index.php\/2019\/11\/03\/ourednicek-potvrdil-dakar-2020\/","og_locale":"cs_CZ","og_type":"article","og_title":"Tom\u00e1\u0161 Ou\u0159edn\u00ed\u010dek potvrdil start na Rally Dakar 2020 - DAKARMANIA.cz","og_description":"Tom\u00e1\u0161 Ou\u0159edn\u00ed\u010dek s navig\u00e1torem Davidem K\u0159\u00edpalem potvrdili \u00fa\u010dast v dal\u0161\u00edm ro\u010dn\u00edku Rally Dakar. 42. ro\u010dn\u00edk otev\u0159e novou \u00e9ru slavn\u00e9 rally.","og_url":"https:\/\/www.dakarmania.cz\/index.php\/2019\/11\/03\/ourednicek-potvrdil-dakar-2020\/","og_site_name":"DAKARMANIA.cz","article_publisher":"https:\/\/www.facebook.com\/dakarmania\/","article_published_time":"2019-11-03T19:59:42+00:00","article_modified_time":"2019-11-03T20:00:23+00:00","og_image":[{"width":1024,"height":577,"url":"https:\/\/www.dakarmania.cz\/wp-content\/uploads\/2019\/11\/20-dakar-ourednicek-01.jpg","type":"image\/jpeg"}],"author":"tiskov\u00e1 zpr\u00e1va","twitter_card":"summary_large_image","twitter_misc":{"Napsal(a)":"tiskov\u00e1 zpr\u00e1va","Odhadovan\u00e1 doba \u010dten\u00ed":"2 minuty"},"schema":{"@context":"https:\/\/schema.org","@graph":[{"@type":"Article","@id":"https:\/\/www.dakarmania.cz\/index.php\/2019\/11\/03\/ourednicek-potvrdil-dakar-2020\/#article","isPartOf":{"@id":"https:\/\/www.dakarmania.cz\/index.php\/2019\/11\/03\/ourednicek-potvrdil-dakar-2020\/"},"author":{"name":"tiskov\u00e1 zpr\u00e1va","@id":"https:\/\/www.dakarmania.cz\/#\/schema\/person\/bce8d1fe3633b1178e150fc5e340d5dd"},"headline":"Tom\u00e1\u0161 Ou\u0159edn\u00ed\u010dek potvrdil start na Rally Dakar 2020","datePublished":"2019-11-03T19:59:42+00:00","dateModified":"2019-11-03T20:00:23+00:00","mainEntityOfPage":{"@id":"https:\/\/www.dakarmania.cz\/index.php\/2019\/11\/03\/ourednicek-potvrdil-dakar-2020\/"},"wordCount":354,"commentCount":0,"publisher":{"@id":"https:\/\/www.dakarmania.cz\/#organization"},"image":{"@id":"https:\/\/www.dakarmania.cz\/index.php\/2019\/11\/03\/ourednicek-potvrdil-dakar-2020\/#primaryimage"},"thumbnailUrl":"https:\/\/www.dakarmania.cz\/wp-content\/uploads\/2019\/11\/20-dakar-ourednicek-01.jpg","keywords":["2020","Dakar","Dakar 2020","David K\u0159\u00edpal","Ford","South Racing CE","Tom\u00e1\u0161 Ou\u0159edn\u00ed\u010dek"],"articleSection":["Tiskov\u00e9 zpr\u00e1vy"],"inLanguage":"cs","potentialAction":[{"@type":"CommentAction","name":"Comment","target":["https:\/\/www.dakarmania.cz\/index.php\/2019\/11\/03\/ourednicek-potvrdil-dakar-2020\/#respond"]}]},{"@type":"WebPage","@id":"https:\/\/www.dakarmania.cz\/index.php\/2019\/11\/03\/ourednicek-potvrdil-dakar-2020\/","url":"https:\/\/www.dakarmania.cz\/index.php\/2019\/11\/03\/ourednicek-potvrdil-dakar-2020\/","name":"Tom\u00e1\u0161 Ou\u0159edn\u00ed\u010dek potvrdil start na Rally Dakar 2020 - DAKARMANIA.cz","isPartOf":{"@id":"https:\/\/www.dakarmania.cz\/#website"},"primaryImageOfPage":{"@id":"https:\/\/www.dakarmania.cz\/index.php\/2019\/11\/03\/ourednicek-potvrdil-dakar-2020\/#primaryimage"},"image":{"@id":"https:\/\/www.dakarmania.cz\/index.php\/2019\/11\/03\/ourednicek-potvrdil-dakar-2020\/#primaryimage"},"thumbnailUrl":"https:\/\/www.dakarmania.cz\/wp-content\/uploads\/2019\/11\/20-dakar-ourednicek-01.jpg","datePublished":"2019-11-03T19:59:42+00:00","dateModified":"2019-11-03T20:00:23+00:00","description":"Tom\u00e1\u0161 Ou\u0159edn\u00ed\u010dek s navig\u00e1torem Davidem K\u0159\u00edpalem potvrdili \u00fa\u010dast v dal\u0161\u00edm ro\u010dn\u00edku Rally Dakar. 42. ro\u010dn\u00edk otev\u0159e novou \u00e9ru slavn\u00e9 rally.","breadcrumb":{"@id":"https:\/\/www.dakarmania.cz\/index.php\/2019\/11\/03\/ourednicek-potvrdil-dakar-2020\/#breadcrumb"},"inLanguage":"cs","potentialAction":[{"@type":"ReadAction","target":["https:\/\/www.dakarmania.cz\/index.php\/2019\/11\/03\/ourednicek-potvrdil-dakar-2020\/"]}]},{"@type":"ImageObject","inLanguage":"cs","@id":"https:\/\/www.dakarmania.cz\/index.php\/2019\/11\/03\/ourednicek-potvrdil-dakar-2020\/#primaryimage","url":"https:\/\/www.dakarmania.cz\/wp-content\/uploads\/2019\/11\/20-dakar-ourednicek-01.jpg","contentUrl":"https:\/\/www.dakarmania.cz\/wp-content\/uploads\/2019\/11\/20-dakar-ourednicek-01.jpg","width":1024,"height":577,"caption":"Tom\u00e1\u0161 Ou\u0159edn\u00ed\u010dek & David Castera. \u00a9 South Racing CE"},{"@type":"BreadcrumbList","@id":"https:\/\/www.dakarmania.cz\/index.php\/2019\/11\/03\/ourednicek-potvrdil-dakar-2020\/#breadcrumb","itemListElement":[{"@type":"ListItem","position":1,"name":"Dom\u016f","item":"https:\/\/www.dakarmania.cz\/"},{"@type":"ListItem","position":2,"name":"Tom\u00e1\u0161 Ou\u0159edn\u00ed\u010dek potvrdil start na Rally Dakar 2020"}]},{"@type":"WebSite","@id":"https:\/\/www.dakarmania.cz\/#website","url":"https:\/\/www.dakarmania.cz\/","name":"DAKARMANIA.cz","description":"\u017dijeme Dakarem cel\u00fd rok","publisher":{"@id":"https:\/\/www.dakarmania.cz\/#organization"},"potentialAction":[{"@type":"SearchAction","target":{"@type":"EntryPoint","urlTemplate":"https:\/\/www.dakarmania.cz\/?s={search_term_string}"},"query-input":{"@type":"PropertyValueSpecification","valueRequired":true,"valueName":"search_term_string"}}],"inLanguage":"cs"},{"@type":"Organization","@id":"https:\/\/www.dakarmania.cz\/#organization","name":"DAKAR MANIA","url":"https:\/\/www.dakarmania.cz\/","logo":{"@type":"ImageObject","inLanguage":"cs","@id":"https:\/\/www.dakarmania.cz\/#\/schema\/logo\/image\/","url":"https:\/\/www.dakarmania.cz\/wp-content\/uploads\/2018\/12\/Dakar-Mania-Logo-Square-Orange.png","contentUrl":"https:\/\/www.dakarmania.cz\/wp-content\/uploads\/2018\/12\/Dakar-Mania-Logo-Square-Orange.png","width":992,"height":992,"caption":"DAKAR MANIA"},"image":{"@id":"https:\/\/www.dakarmania.cz\/#\/schema\/logo\/image\/"},"sameAs":["https:\/\/www.facebook.com\/dakarmania\/"]},{"@type":"Person","@id":"https:\/\/www.dakarmania.cz\/#\/schema\/person\/bce8d1fe3633b1178e150fc5e340d5dd","name":"tiskov\u00e1 zpr\u00e1va","image":{"@type":"ImageObject","inLanguage":"cs","@id":"https:\/\/www.dakarmania.cz\/#\/schema\/person\/image\/","url":"https:\/\/secure.gravatar.com\/avatar\/19aefcb6c7bfae691fca4d805686c670f59bb4f7414c7b398b88dc9c8f4e96d5?s=96&d=mm&r=g","contentUrl":"https:\/\/secure.gravatar.com\/avatar\/19aefcb6c7bfae691fca4d805686c670f59bb4f7414c7b398b88dc9c8f4e96d5?s=96&d=mm&r=g","caption":"tiskov\u00e1 zpr\u00e1va"},"url":"https:\/\/www.dakarmania.cz\/index.php\/author\/tiskovezpravy\/"}]}},"amp_enabled":true,"_links":{"self":[{"href":"https:\/\/www.dakarmania.cz\/index.php\/wp-json\/wp\/v2\/posts\/13091","targetHints":{"allow":["GET"]}}],"collection":[{"href":"https:\/\/www.dakarmania.cz\/index.php\/wp-json\/wp\/v2\/posts"}],"about":[{"href":"https:\/\/www.dakarmania.cz\/index.php\/wp-json\/wp\/v2\/types\/post"}],"author":[{"embeddable":true,"href":"https:\/\/www.dakarmania.cz\/index.php\/wp-json\/wp\/v2\/users\/3"}],"replies":[{"embeddable":true,"href":"https:\/\/www.dakarmania.cz\/index.php\/wp-json\/wp\/v2\/comments?post=13091"}],"version-history":[{"count":1,"href":"https:\/\/www.dakarmania.cz\/index.php\/wp-json\/wp\/v2\/posts\/13091\/revisions"}],"predecessor-version":[{"id":13092,"href":"https:\/\/www.dakarmania.cz\/index.php\/wp-json\/wp\/v2\/posts\/13091\/revisions\/13092"}],"wp:featuredmedia":[{"embeddable":true,"href":"https:\/\/www.dakarmania.cz\/index.php\/wp-json\/wp\/v2\/media\/13090"}],"wp:attachment":[{"href":"https:\/\/www.dakarmania.cz\/index.php\/wp-json\/wp\/v2\/media?parent=13091"}],"wp:term":[{"taxonomy":"category","embeddable":true,"href":"https:\/\/www.dakarmania.cz\/index.php\/wp-json\/wp\/v2\/categories?post=13091"},{"taxonomy":"post_tag","embeddable":true,"href":"https:\/\/www.dakarmania.cz\/index.php\/wp-json\/wp\/v2\/tags?post=13091"}],"curies":[{"name":"wp","href":"https:\/\/api.w.org\/{rel}","templated":true}]}}