{"id":13106,"date":"2019-11-05T11:38:20","date_gmt":"2019-11-05T10:38:20","guid":{"rendered":"https:\/\/www.dakarmania.cz\/?p=13106"},"modified":"2019-11-05T11:59:49","modified_gmt":"2019-11-05T10:59:49","slug":"dakarska-vyzva-tymu-buggyra","status":"publish","type":"post","link":"https:\/\/www.dakarmania.cz\/index.php\/2019\/11\/05\/dakarska-vyzva-tymu-buggyra\/","title":{"rendered":"Dakarsk\u00e1 v\u00fdzva t\u00fdmu Buggyra Racing"},"content":{"rendered":"<p>[vc_row][vc_column][vc_column_text css_animation=&#8221;fadeIn&#8221;]<\/p>\n<h4>P\u0159i The Most Buggyra Speed Festivalu, kter\u00fd se uskute\u010dnil prvn\u00ed listopadov\u00fd v\u00edkend na mosteck\u00e9m autodromu, nechyb\u011bly ani pos\u00e1dky a stroje, kter\u00e9 budou roudnick\u00fd t\u00fdm reprezentovat na Rally Dakar 2020.<\/h4>\n<p>Na rozd\u00edl od p\u0159edchoz\u00edch sezon vy\u0161le Buggyra na <a href=\"\/index.php\/souteze\/dakar-2020\/\">Dakar 2020<\/a> jedin\u00fd kamion Tatra, jeho\u017e pos\u00e1dku budou tvo\u0159it pilot <a href=\"\/index.php\/osobnosti\/martin-soltys\/\">Martin \u0160oltys<\/a>, navig\u00e1tor <a href=\"\/index.php\/osobnosti\/david-schovanek\/\">David Schov\u00e1nek<\/a> a palubn\u00ed mechanik <a href=\"\/index.php\/osobnosti\/tomas-sikola\/\">Tom\u00e1\u0161 \u0160ikola<\/a>.<\/p>\n<p><em>\u201eLetos sice o bedu\u00ednovi nehovo\u0159\u00edme, co\u017e ale v \u017e\u00e1dn\u00e9m p\u0159\u00edpad\u011b neznamen\u00e1, \u017ee se chceme jen z\u00fa\u010dastnit. P\u0159\u00edprav\u011b kamionu jsme v\u011bnovali stejnou pozornost a \u00fasil\u00ed, jako v letech minul\u00fdch,\u201c<\/em> tvrd\u00ed mentor t\u00fdmu <strong>Martin Koloc<\/strong>, a\u010dkoliv jeho st\u00e1j na rozd\u00edl od minul\u00fdch let neprov\u011b\u0159ila techniku v z\u00e1vodn\u00edm re\u017eimu na \u017e\u00e1dn\u00e9 sout\u011b\u017ei.[\/vc_column_text][vc_single_image image=&#8221;13103&#8243; img_size=&#8221;large&#8221; add_caption=&#8221;yes&#8221; alignment=&#8221;center&#8221; onclick=&#8221;link_image&#8221; css_animation=&#8221;fadeIn&#8221;][vc_column_text css_animation=&#8221;fadeIn&#8221;]Martin \u0160oltys se Dakaru z\u00fa\u010dastn\u00ed pot\u0159et\u00ed. P\u0159i premi\u00e9\u0159e v roce 2018 obsadil dvan\u00e1ctou p\u0159\u00ed\u010dku, letos ze z\u00e1vodu odstoupil. V nadch\u00e1zej\u00edc\u00edm ro\u010dn\u00edku by m\u011bl podle p\u0159edstav t\u00fdmu vyu\u017e\u00edt z\u00edskan\u00fdch zku\u0161enost\u00ed hlavn\u011b k dokon\u010den\u00ed sout\u011b\u017ee.<\/p>\n<p><em>\u201eDva t\u00fddny trvaj\u00edc\u00ed rally, nav\u00edc ve zcela nezn\u00e1m\u00e9m prost\u0159ed\u00ed, p\u0159edstavuje velkou v\u00fdzvu. V Sa\u00fadsk\u00e9 Ar\u00e1bii se pojede minim\u00e1ln\u011b p\u011bt ro\u010dn\u00edk\u016f, proto je docela logick\u00e9, \u017ee pokud chceme stav\u011bt kamion s v\u00edt\u011bznou perspektivou, pot\u0159ebujeme data z v\u00edce ne\u017e t\u0159\u00ed etap,\u201c<\/em> popisuje Koloc hlavn\u00ed \u00fakol \u0160oltysovy pos\u00e1dky.<\/p>\n<h4>Speci\u00e1l bez kompromis\u016f<\/h4>\n<p>Pozornost v Most\u011b poutala tak\u00e9 nov\u00e1 zbra\u0148 t\u00fdmu pro kategorii SxS. S buginou Can-Am Buggyra MK50 XRS se na Dakaru 2020 p\u0159edstav\u00ed p\u011btin\u00e1sobn\u00fd v\u00edt\u011bz sout\u011b\u017ee v kategori\u00edch experimental a quad <a href=\"\/index.php\/osobnosti\/josef-machacek\/\">Josef Mach\u00e1\u010dek<\/a>. Sedadlo spolujezdce obsad\u00ed <a href=\"\/index.php\/osobnosti\/vlastimil-tosenovsky\/\">Vlastimil To\u0161enovsk\u00fd<\/a>, kter\u00fd byl ve stejn\u00e9 pozici tak\u00e9 p\u0159i Mach\u00e1\u010dkov\u011b premi\u00e9\u0159e v kategorii automobil\u016f na Dakaru 2014.[\/vc_column_text][vc_single_image image=&#8221;13104&#8243; img_size=&#8221;large&#8221; add_caption=&#8221;yes&#8221; alignment=&#8221;center&#8221; onclick=&#8221;link_image&#8221; css_animation=&#8221;fadeIn&#8221;][vc_column_text css_animation=&#8221;fadeIn&#8221;]<em>\u201eV\u011bd\u011bl jsem, \u017ee stav\u00edm buginu pro excelentn\u00edho jezdce, kter\u00fd zvl\u00e1dl kategorii \u010dty\u0159kolek, nem\u00e1 proto probl\u00e9m s jak\u00fdmkoli povrchem. V p\u0159\u00edpad\u011b konstrukce auta nejsem sv\u00e1z\u00e1n omezen\u00edmi, p\u0159ed\u011bl\u00e1v\u00e1m z\u00e1vodn\u00ed speci\u00e1l pro pou\u0161tn\u00ed pot\u0159eby s t\u00edm, \u017ee Pepa bude disponovat sice neprov\u011b\u0159enou, le\u010d p\u0159esto \u0161pi\u010dkovou technikou. Nejv\u011bt\u0161\u00ed probl\u00e9my p\u0159inesl restriktor na turbo, kter\u00fd sraz\u00ed p\u016fvodn\u00ed v\u00fdkon o n\u011bjak\u00fdch dvacet kon\u00ed dol\u016f. N\u011bkolik dn\u016f jsme m\u011bli motor na brzd\u011b a \u0159e\u0161ili, jak vyladit v\u00fdkonovou k\u0159ivku tak, abychom po nasazen\u00ed restriktoru ztratili na v\u00fdkonu co nejm\u00e9n\u011b,\u201c<\/em> popisuje \u0161\u00e9fkonstrukt\u00e9r <strong>David Vr\u0161eck\u00fd<\/strong>, kter\u00fd se p\u0159i v\u00fdvoji a stavb\u011b speci\u00e1lu sna\u017eil hlavn\u011b nesp\u011bchat.[\/vc_column_text][\/vc_column][\/vc_row]<\/p>\n","protected":false},"excerpt":{"rendered":"<p>P\u0159i The Most Buggyra Speed Festivalu nechyb\u011bly ani pos\u00e1dky a stroje, kter\u00e9 budou roudnick\u00fd t\u00fdm reprezentovat na Rally Dakar 2020.<\/p>\n","protected":false},"author":1,"featured_media":13102,"comment_status":"open","ping_status":"closed","sticky":false,"template":"","format":"standard","meta":{"footnotes":""},"categories":[251],"tags":[903,132,95,8,159,138,684,1151,136,68,137,1548],"class_list":["post-13106","post","type-post","status-publish","format-standard","has-post-thumbnail","hentry","category-dakar-2020","tag-903","tag-buggyra-racing","tag-can-am","tag-dakar","tag-dakar-2020","tag-david-schovanek","tag-josef-machacek","tag-martin-koloc","tag-martin-soltys","tag-tatra","tag-tomas-sikola","tag-vlastimil-tosenovsky"],"yoast_head":"<!-- This site is optimized with the Yoast SEO plugin v24.9 - https:\/\/yoast.com\/wordpress\/plugins\/seo\/ -->\n<title>Dakarsk\u00e1 v\u00fdzva t\u00fdmu Buggyra Racing - DAKARMANIA.cz<\/title>\n<meta name=\"description\" content=\"P\u0159i The Most Buggyra Speed Festivalu nechyb\u011bly ani pos\u00e1dky a stroje, kter\u00e9 budou roudnick\u00fd t\u00fdm reprezentovat na Rally Dakar 2020.\" \/>\n<meta name=\"robots\" content=\"index, follow, max-snippet:-1, max-image-preview:large, max-video-preview:-1\" \/>\n<link rel=\"canonical\" href=\"https:\/\/www.dakarmania.cz\/index.php\/2019\/11\/05\/dakarska-vyzva-tymu-buggyra\/\" \/>\n<meta property=\"og:locale\" content=\"cs_CZ\" \/>\n<meta property=\"og:type\" content=\"article\" \/>\n<meta property=\"og:title\" content=\"Dakarsk\u00e1 v\u00fdzva t\u00fdmu Buggyra Racing - DAKARMANIA.cz\" \/>\n<meta property=\"og:description\" content=\"P\u0159i The Most Buggyra Speed Festivalu nechyb\u011bly ani pos\u00e1dky a stroje, kter\u00e9 budou roudnick\u00fd t\u00fdm reprezentovat na Rally Dakar 2020.\" \/>\n<meta property=\"og:url\" content=\"https:\/\/www.dakarmania.cz\/index.php\/2019\/11\/05\/dakarska-vyzva-tymu-buggyra\/\" \/>\n<meta property=\"og:site_name\" content=\"DAKARMANIA.cz\" \/>\n<meta property=\"article:publisher\" content=\"https:\/\/www.facebook.com\/dakarmania\/\" \/>\n<meta property=\"article:published_time\" content=\"2019-11-05T10:38:20+00:00\" \/>\n<meta property=\"article:modified_time\" content=\"2019-11-05T10:59:49+00:00\" \/>\n<meta property=\"og:image\" content=\"https:\/\/www.dakarmania.cz\/wp-content\/uploads\/2019\/11\/19-dakar-soltys-16.jpg\" \/>\n\t<meta property=\"og:image:width\" content=\"1024\" \/>\n\t<meta property=\"og:image:height\" content=\"683\" \/>\n\t<meta property=\"og:image:type\" content=\"image\/jpeg\" \/>\n<meta name=\"author\" content=\"Zden\u011bk Zelenka\" \/>\n<meta name=\"twitter:card\" content=\"summary_large_image\" \/>\n<meta name=\"twitter:label1\" content=\"Napsal(a)\" \/>\n\t<meta name=\"twitter:data1\" content=\"Zden\u011bk Zelenka\" \/>\n\t<meta name=\"twitter:label2\" content=\"Odhadovan\u00e1 doba \u010dten\u00ed\" \/>\n\t<meta name=\"twitter:data2\" content=\"3 minuty\" \/>\n<script type=\"application\/ld+json\" class=\"yoast-schema-graph\">{\"@context\":\"https:\/\/schema.org\",\"@graph\":[{\"@type\":\"Article\",\"@id\":\"https:\/\/www.dakarmania.cz\/index.php\/2019\/11\/05\/dakarska-vyzva-tymu-buggyra\/#article\",\"isPartOf\":{\"@id\":\"https:\/\/www.dakarmania.cz\/index.php\/2019\/11\/05\/dakarska-vyzva-tymu-buggyra\/\"},\"author\":{\"name\":\"Zden\u011bk Zelenka\",\"@id\":\"https:\/\/www.dakarmania.cz\/#\/schema\/person\/04eb0e87a389631c2169c0dddae7ff1e\"},\"headline\":\"Dakarsk\u00e1 v\u00fdzva t\u00fdmu Buggyra Racing\",\"datePublished\":\"2019-11-05T10:38:20+00:00\",\"dateModified\":\"2019-11-05T10:59:49+00:00\",\"mainEntityOfPage\":{\"@id\":\"https:\/\/www.dakarmania.cz\/index.php\/2019\/11\/05\/dakarska-vyzva-tymu-buggyra\/\"},\"wordCount\":540,\"commentCount\":0,\"publisher\":{\"@id\":\"https:\/\/www.dakarmania.cz\/#organization\"},\"image\":{\"@id\":\"https:\/\/www.dakarmania.cz\/index.php\/2019\/11\/05\/dakarska-vyzva-tymu-buggyra\/#primaryimage\"},\"thumbnailUrl\":\"https:\/\/www.dakarmania.cz\/wp-content\/uploads\/2019\/11\/19-dakar-soltys-16.jpg\",\"keywords\":[\"2020\",\"Buggyra Racing\",\"Can-Am\",\"Dakar\",\"Dakar 2020\",\"David Schov\u00e1nek\",\"Josef Mach\u00e1\u010dek\",\"Martin Koloc\",\"Martin \u0160oltys\",\"Tatra\",\"Tom\u00e1\u0161 \u0160ikola\",\"Vlastimil To\u0161enovsk\u00fd\"],\"articleSection\":[\"Dakar 2020\"],\"inLanguage\":\"cs\",\"potentialAction\":[{\"@type\":\"CommentAction\",\"name\":\"Comment\",\"target\":[\"https:\/\/www.dakarmania.cz\/index.php\/2019\/11\/05\/dakarska-vyzva-tymu-buggyra\/#respond\"]}]},{\"@type\":\"WebPage\",\"@id\":\"https:\/\/www.dakarmania.cz\/index.php\/2019\/11\/05\/dakarska-vyzva-tymu-buggyra\/\",\"url\":\"https:\/\/www.dakarmania.cz\/index.php\/2019\/11\/05\/dakarska-vyzva-tymu-buggyra\/\",\"name\":\"Dakarsk\u00e1 v\u00fdzva t\u00fdmu Buggyra Racing - DAKARMANIA.cz\",\"isPartOf\":{\"@id\":\"https:\/\/www.dakarmania.cz\/#website\"},\"primaryImageOfPage\":{\"@id\":\"https:\/\/www.dakarmania.cz\/index.php\/2019\/11\/05\/dakarska-vyzva-tymu-buggyra\/#primaryimage\"},\"image\":{\"@id\":\"https:\/\/www.dakarmania.cz\/index.php\/2019\/11\/05\/dakarska-vyzva-tymu-buggyra\/#primaryimage\"},\"thumbnailUrl\":\"https:\/\/www.dakarmania.cz\/wp-content\/uploads\/2019\/11\/19-dakar-soltys-16.jpg\",\"datePublished\":\"2019-11-05T10:38:20+00:00\",\"dateModified\":\"2019-11-05T10:59:49+00:00\",\"description\":\"P\u0159i The Most Buggyra Speed Festivalu nechyb\u011bly ani pos\u00e1dky a stroje, kter\u00e9 budou roudnick\u00fd t\u00fdm reprezentovat na Rally Dakar 2020.\",\"breadcrumb\":{\"@id\":\"https:\/\/www.dakarmania.cz\/index.php\/2019\/11\/05\/dakarska-vyzva-tymu-buggyra\/#breadcrumb\"},\"inLanguage\":\"cs\",\"potentialAction\":[{\"@type\":\"ReadAction\",\"target\":[\"https:\/\/www.dakarmania.cz\/index.php\/2019\/11\/05\/dakarska-vyzva-tymu-buggyra\/\"]}]},{\"@type\":\"ImageObject\",\"inLanguage\":\"cs\",\"@id\":\"https:\/\/www.dakarmania.cz\/index.php\/2019\/11\/05\/dakarska-vyzva-tymu-buggyra\/#primaryimage\",\"url\":\"https:\/\/www.dakarmania.cz\/wp-content\/uploads\/2019\/11\/19-dakar-soltys-16.jpg\",\"contentUrl\":\"https:\/\/www.dakarmania.cz\/wp-content\/uploads\/2019\/11\/19-dakar-soltys-16.jpg\",\"width\":1024,\"height\":683,\"caption\":\"Martin \u0160oltys\/Tom\u00e1\u0161 \u0160ikola\/David Schov\u00e1nek, Tatra Phoenix, Tatra Buggyra Racing. Rally Dakar 2019. \u00a9 Buggyra Racing\"},{\"@type\":\"BreadcrumbList\",\"@id\":\"https:\/\/www.dakarmania.cz\/index.php\/2019\/11\/05\/dakarska-vyzva-tymu-buggyra\/#breadcrumb\",\"itemListElement\":[{\"@type\":\"ListItem\",\"position\":1,\"name\":\"Dom\u016f\",\"item\":\"https:\/\/www.dakarmania.cz\/\"},{\"@type\":\"ListItem\",\"position\":2,\"name\":\"Dakarsk\u00e1 v\u00fdzva t\u00fdmu Buggyra Racing\"}]},{\"@type\":\"WebSite\",\"@id\":\"https:\/\/www.dakarmania.cz\/#website\",\"url\":\"https:\/\/www.dakarmania.cz\/\",\"name\":\"DAKARMANIA.cz\",\"description\":\"\u017dijeme Dakarem cel\u00fd rok\",\"publisher\":{\"@id\":\"https:\/\/www.dakarmania.cz\/#organization\"},\"potentialAction\":[{\"@type\":\"SearchAction\",\"target\":{\"@type\":\"EntryPoint\",\"urlTemplate\":\"https:\/\/www.dakarmania.cz\/?s={search_term_string}\"},\"query-input\":{\"@type\":\"PropertyValueSpecification\",\"valueRequired\":true,\"valueName\":\"search_term_string\"}}],\"inLanguage\":\"cs\"},{\"@type\":\"Organization\",\"@id\":\"https:\/\/www.dakarmania.cz\/#organization\",\"name\":\"DAKAR MANIA\",\"url\":\"https:\/\/www.dakarmania.cz\/\",\"logo\":{\"@type\":\"ImageObject\",\"inLanguage\":\"cs\",\"@id\":\"https:\/\/www.dakarmania.cz\/#\/schema\/logo\/image\/\",\"url\":\"https:\/\/www.dakarmania.cz\/wp-content\/uploads\/2018\/12\/Dakar-Mania-Logo-Square-Orange.png\",\"contentUrl\":\"https:\/\/www.dakarmania.cz\/wp-content\/uploads\/2018\/12\/Dakar-Mania-Logo-Square-Orange.png\",\"width\":992,\"height\":992,\"caption\":\"DAKAR MANIA\"},\"image\":{\"@id\":\"https:\/\/www.dakarmania.cz\/#\/schema\/logo\/image\/\"},\"sameAs\":[\"https:\/\/www.facebook.com\/dakarmania\/\"]},{\"@type\":\"Person\",\"@id\":\"https:\/\/www.dakarmania.cz\/#\/schema\/person\/04eb0e87a389631c2169c0dddae7ff1e\",\"name\":\"Zden\u011bk Zelenka\",\"image\":{\"@type\":\"ImageObject\",\"inLanguage\":\"cs\",\"@id\":\"https:\/\/www.dakarmania.cz\/#\/schema\/person\/image\/\",\"url\":\"https:\/\/secure.gravatar.com\/avatar\/2c80d5a4942fe0900b73cc7d3837a509d6ee0a276a2b76dac95c92bd0763a89b?s=96&d=mm&r=g\",\"contentUrl\":\"https:\/\/secure.gravatar.com\/avatar\/2c80d5a4942fe0900b73cc7d3837a509d6ee0a276a2b76dac95c92bd0763a89b?s=96&d=mm&r=g\",\"caption\":\"Zden\u011bk Zelenka\"},\"description\":\"Moji d\u011bt\u0161t\u00ed hrdinov\u00e9 se jmenovali Loprais, Moskal, Neveu, Vatanen, Rahier... A tihle borci, jejich n\u00e1sledovn\u00edci a jejich p\u0159\u00edb\u011bhy m\u011b nep\u0159estali fascinovat ani po letech, kdy jsem vyrostl a zam\u011bstn\u00e1valy m\u011b jin\u00e9 discipl\u00edny motorsportu. Proto se zrodila DAKARMANIA.\",\"url\":\"https:\/\/www.dakarmania.cz\/index.php\/author\/dakarmania\/\"}]}<\/script>\n<!-- \/ Yoast SEO plugin. -->","yoast_head_json":{"title":"Dakarsk\u00e1 v\u00fdzva t\u00fdmu Buggyra Racing - DAKARMANIA.cz","description":"P\u0159i The Most Buggyra Speed Festivalu nechyb\u011bly ani pos\u00e1dky a stroje, kter\u00e9 budou roudnick\u00fd t\u00fdm reprezentovat na Rally Dakar 2020.","robots":{"index":"index","follow":"follow","max-snippet":"max-snippet:-1","max-image-preview":"max-image-preview:large","max-video-preview":"max-video-preview:-1"},"canonical":"https:\/\/www.dakarmania.cz\/index.php\/2019\/11\/05\/dakarska-vyzva-tymu-buggyra\/","og_locale":"cs_CZ","og_type":"article","og_title":"Dakarsk\u00e1 v\u00fdzva t\u00fdmu Buggyra Racing - DAKARMANIA.cz","og_description":"P\u0159i The Most Buggyra Speed Festivalu nechyb\u011bly ani pos\u00e1dky a stroje, kter\u00e9 budou roudnick\u00fd t\u00fdm reprezentovat na Rally Dakar 2020.","og_url":"https:\/\/www.dakarmania.cz\/index.php\/2019\/11\/05\/dakarska-vyzva-tymu-buggyra\/","og_site_name":"DAKARMANIA.cz","article_publisher":"https:\/\/www.facebook.com\/dakarmania\/","article_published_time":"2019-11-05T10:38:20+00:00","article_modified_time":"2019-11-05T10:59:49+00:00","og_image":[{"width":1024,"height":683,"url":"https:\/\/www.dakarmania.cz\/wp-content\/uploads\/2019\/11\/19-dakar-soltys-16.jpg","type":"image\/jpeg"}],"author":"Zden\u011bk Zelenka","twitter_card":"summary_large_image","twitter_misc":{"Napsal(a)":"Zden\u011bk Zelenka","Odhadovan\u00e1 doba \u010dten\u00ed":"3 minuty"},"schema":{"@context":"https:\/\/schema.org","@graph":[{"@type":"Article","@id":"https:\/\/www.dakarmania.cz\/index.php\/2019\/11\/05\/dakarska-vyzva-tymu-buggyra\/#article","isPartOf":{"@id":"https:\/\/www.dakarmania.cz\/index.php\/2019\/11\/05\/dakarska-vyzva-tymu-buggyra\/"},"author":{"name":"Zden\u011bk Zelenka","@id":"https:\/\/www.dakarmania.cz\/#\/schema\/person\/04eb0e87a389631c2169c0dddae7ff1e"},"headline":"Dakarsk\u00e1 v\u00fdzva t\u00fdmu Buggyra Racing","datePublished":"2019-11-05T10:38:20+00:00","dateModified":"2019-11-05T10:59:49+00:00","mainEntityOfPage":{"@id":"https:\/\/www.dakarmania.cz\/index.php\/2019\/11\/05\/dakarska-vyzva-tymu-buggyra\/"},"wordCount":540,"commentCount":0,"publisher":{"@id":"https:\/\/www.dakarmania.cz\/#organization"},"image":{"@id":"https:\/\/www.dakarmania.cz\/index.php\/2019\/11\/05\/dakarska-vyzva-tymu-buggyra\/#primaryimage"},"thumbnailUrl":"https:\/\/www.dakarmania.cz\/wp-content\/uploads\/2019\/11\/19-dakar-soltys-16.jpg","keywords":["2020","Buggyra Racing","Can-Am","Dakar","Dakar 2020","David Schov\u00e1nek","Josef Mach\u00e1\u010dek","Martin Koloc","Martin \u0160oltys","Tatra","Tom\u00e1\u0161 \u0160ikola","Vlastimil To\u0161enovsk\u00fd"],"articleSection":["Dakar 2020"],"inLanguage":"cs","potentialAction":[{"@type":"CommentAction","name":"Comment","target":["https:\/\/www.dakarmania.cz\/index.php\/2019\/11\/05\/dakarska-vyzva-tymu-buggyra\/#respond"]}]},{"@type":"WebPage","@id":"https:\/\/www.dakarmania.cz\/index.php\/2019\/11\/05\/dakarska-vyzva-tymu-buggyra\/","url":"https:\/\/www.dakarmania.cz\/index.php\/2019\/11\/05\/dakarska-vyzva-tymu-buggyra\/","name":"Dakarsk\u00e1 v\u00fdzva t\u00fdmu Buggyra Racing - DAKARMANIA.cz","isPartOf":{"@id":"https:\/\/www.dakarmania.cz\/#website"},"primaryImageOfPage":{"@id":"https:\/\/www.dakarmania.cz\/index.php\/2019\/11\/05\/dakarska-vyzva-tymu-buggyra\/#primaryimage"},"image":{"@id":"https:\/\/www.dakarmania.cz\/index.php\/2019\/11\/05\/dakarska-vyzva-tymu-buggyra\/#primaryimage"},"thumbnailUrl":"https:\/\/www.dakarmania.cz\/wp-content\/uploads\/2019\/11\/19-dakar-soltys-16.jpg","datePublished":"2019-11-05T10:38:20+00:00","dateModified":"2019-11-05T10:59:49+00:00","description":"P\u0159i The Most Buggyra Speed Festivalu nechyb\u011bly ani pos\u00e1dky a stroje, kter\u00e9 budou roudnick\u00fd t\u00fdm reprezentovat na Rally Dakar 2020.","breadcrumb":{"@id":"https:\/\/www.dakarmania.cz\/index.php\/2019\/11\/05\/dakarska-vyzva-tymu-buggyra\/#breadcrumb"},"inLanguage":"cs","potentialAction":[{"@type":"ReadAction","target":["https:\/\/www.dakarmania.cz\/index.php\/2019\/11\/05\/dakarska-vyzva-tymu-buggyra\/"]}]},{"@type":"ImageObject","inLanguage":"cs","@id":"https:\/\/www.dakarmania.cz\/index.php\/2019\/11\/05\/dakarska-vyzva-tymu-buggyra\/#primaryimage","url":"https:\/\/www.dakarmania.cz\/wp-content\/uploads\/2019\/11\/19-dakar-soltys-16.jpg","contentUrl":"https:\/\/www.dakarmania.cz\/wp-content\/uploads\/2019\/11\/19-dakar-soltys-16.jpg","width":1024,"height":683,"caption":"Martin \u0160oltys\/Tom\u00e1\u0161 \u0160ikola\/David Schov\u00e1nek, Tatra Phoenix, Tatra Buggyra Racing. Rally Dakar 2019. \u00a9 Buggyra Racing"},{"@type":"BreadcrumbList","@id":"https:\/\/www.dakarmania.cz\/index.php\/2019\/11\/05\/dakarska-vyzva-tymu-buggyra\/#breadcrumb","itemListElement":[{"@type":"ListItem","position":1,"name":"Dom\u016f","item":"https:\/\/www.dakarmania.cz\/"},{"@type":"ListItem","position":2,"name":"Dakarsk\u00e1 v\u00fdzva t\u00fdmu Buggyra Racing"}]},{"@type":"WebSite","@id":"https:\/\/www.dakarmania.cz\/#website","url":"https:\/\/www.dakarmania.cz\/","name":"DAKARMANIA.cz","description":"\u017dijeme Dakarem cel\u00fd rok","publisher":{"@id":"https:\/\/www.dakarmania.cz\/#organization"},"potentialAction":[{"@type":"SearchAction","target":{"@type":"EntryPoint","urlTemplate":"https:\/\/www.dakarmania.cz\/?s={search_term_string}"},"query-input":{"@type":"PropertyValueSpecification","valueRequired":true,"valueName":"search_term_string"}}],"inLanguage":"cs"},{"@type":"Organization","@id":"https:\/\/www.dakarmania.cz\/#organization","name":"DAKAR MANIA","url":"https:\/\/www.dakarmania.cz\/","logo":{"@type":"ImageObject","inLanguage":"cs","@id":"https:\/\/www.dakarmania.cz\/#\/schema\/logo\/image\/","url":"https:\/\/www.dakarmania.cz\/wp-content\/uploads\/2018\/12\/Dakar-Mania-Logo-Square-Orange.png","contentUrl":"https:\/\/www.dakarmania.cz\/wp-content\/uploads\/2018\/12\/Dakar-Mania-Logo-Square-Orange.png","width":992,"height":992,"caption":"DAKAR MANIA"},"image":{"@id":"https:\/\/www.dakarmania.cz\/#\/schema\/logo\/image\/"},"sameAs":["https:\/\/www.facebook.com\/dakarmania\/"]},{"@type":"Person","@id":"https:\/\/www.dakarmania.cz\/#\/schema\/person\/04eb0e87a389631c2169c0dddae7ff1e","name":"Zden\u011bk Zelenka","image":{"@type":"ImageObject","inLanguage":"cs","@id":"https:\/\/www.dakarmania.cz\/#\/schema\/person\/image\/","url":"https:\/\/secure.gravatar.com\/avatar\/2c80d5a4942fe0900b73cc7d3837a509d6ee0a276a2b76dac95c92bd0763a89b?s=96&d=mm&r=g","contentUrl":"https:\/\/secure.gravatar.com\/avatar\/2c80d5a4942fe0900b73cc7d3837a509d6ee0a276a2b76dac95c92bd0763a89b?s=96&d=mm&r=g","caption":"Zden\u011bk Zelenka"},"description":"Moji d\u011bt\u0161t\u00ed hrdinov\u00e9 se jmenovali Loprais, Moskal, Neveu, Vatanen, Rahier... A tihle borci, jejich n\u00e1sledovn\u00edci a jejich p\u0159\u00edb\u011bhy m\u011b nep\u0159estali fascinovat ani po letech, kdy jsem vyrostl a zam\u011bstn\u00e1valy m\u011b jin\u00e9 discipl\u00edny motorsportu. Proto se zrodila DAKARMANIA.","url":"https:\/\/www.dakarmania.cz\/index.php\/author\/dakarmania\/"}]}},"amp_enabled":true,"_links":{"self":[{"href":"https:\/\/www.dakarmania.cz\/index.php\/wp-json\/wp\/v2\/posts\/13106","targetHints":{"allow":["GET"]}}],"collection":[{"href":"https:\/\/www.dakarmania.cz\/index.php\/wp-json\/wp\/v2\/posts"}],"about":[{"href":"https:\/\/www.dakarmania.cz\/index.php\/wp-json\/wp\/v2\/types\/post"}],"author":[{"embeddable":true,"href":"https:\/\/www.dakarmania.cz\/index.php\/wp-json\/wp\/v2\/users\/1"}],"replies":[{"embeddable":true,"href":"https:\/\/www.dakarmania.cz\/index.php\/wp-json\/wp\/v2\/comments?post=13106"}],"version-history":[{"count":3,"href":"https:\/\/www.dakarmania.cz\/index.php\/wp-json\/wp\/v2\/posts\/13106\/revisions"}],"predecessor-version":[{"id":13114,"href":"https:\/\/www.dakarmania.cz\/index.php\/wp-json\/wp\/v2\/posts\/13106\/revisions\/13114"}],"wp:featuredmedia":[{"embeddable":true,"href":"https:\/\/www.dakarmania.cz\/index.php\/wp-json\/wp\/v2\/media\/13102"}],"wp:attachment":[{"href":"https:\/\/www.dakarmania.cz\/index.php\/wp-json\/wp\/v2\/media?parent=13106"}],"wp:term":[{"taxonomy":"category","embeddable":true,"href":"https:\/\/www.dakarmania.cz\/index.php\/wp-json\/wp\/v2\/categories?post=13106"},{"taxonomy":"post_tag","embeddable":true,"href":"https:\/\/www.dakarmania.cz\/index.php\/wp-json\/wp\/v2\/tags?post=13106"}],"curies":[{"name":"wp","href":"https:\/\/api.w.org\/{rel}","templated":true}]}}