{"id":13296,"date":"2019-11-14T08:39:48","date_gmt":"2019-11-14T07:39:48","guid":{"rendered":"https:\/\/www.dakarmania.cz\/?p=13296"},"modified":"2019-12-12T11:49:13","modified_gmt":"2019-12-12T10:49:13","slug":"dakar-2020-laia-sanz-gasgas","status":"publish","type":"post","link":"https:\/\/www.dakarmania.cz\/index.php\/2019\/11\/14\/dakar-2020-laia-sanz-gasgas\/","title":{"rendered":"Dakar 2020: Laia Sanz se vrac\u00ed ke zna\u010dce GasGas"},"content":{"rendered":"<p>[vc_row][vc_column][vc_column_text css_animation=&#8221;fadeIn&#8221;]<\/p>\n<h4>Laia Sanz po \u010dty\u0159ech letech nepojede Rally Dakar s motocyklem KTM. \u0160pan\u011blsk\u00e1 z\u00e1vodnice se p\u0159edstav\u00ed v nov\u00fdch barv\u00e1ch d\u00edky podzimn\u00ed zm\u011bn\u011b vlastnick\u00e9 struktury ve spole\u010dnosti GasGas, v n\u00ed\u017e z\u00edskala \u0161edes\u00e1tiprocentn\u00ed pod\u00edl skupina Stefana Pierera.<\/h4>\n<p><a href=\"\/index.php\/osobnosti\/laia-sanz\/\">Laia Sanz<\/a>, kter\u00e1 v prosinci oslav\u00ed 34. narozeniny, se p\u0159ipravuje na svou des\u00e1tou \u00fa\u010dast na Dakaru. Se zna\u010dkou GasGas spolupracovala u\u017e v dob\u00e1ch \u00fasp\u011b\u0161n\u00e9ho p\u016fsoben\u00ed na trialov\u00fdch trat\u00edch a tak\u00e9 na po\u010d\u00e1tku sv\u00e9 kari\u00e9ry v cross-country rally. K dispozici by v\u0161ak m\u011bla m\u00edt dob\u0159e zn\u00e1mou techniku. Pod Pierer Mobility AG toti\u017e pat\u0159\u00ed tak\u00e9 KTM nebo Husqvarna, jejich\u017e sout\u011b\u017en\u00ed modely Rally Replica jsou prakticky toto\u017en\u00e9. Ze zve\u0159ejn\u011bn\u00fdch fotografi\u00ed je patrn\u00e9, \u017ee stejn\u00fd stroj bude m\u00edt k dispozici tak\u00e9 tov\u00e1rn\u00ed t\u00fdm GasGas.[\/vc_column_text][vc_single_image image=&#8221;13294&#8243; img_size=&#8221;large&#8221; add_caption=&#8221;yes&#8221; alignment=&#8221;center&#8221; onclick=&#8221;link_image&#8221; css_animation=&#8221;fadeIn&#8221;][vc_column_text css_animation=&#8221;fadeIn&#8221;]<em>\u201eKdy\u017e do\u0161lo k ozn\u00e1men\u00ed o budoucnosti zna\u010dky GasGas, nabraly ud\u00e1losti rychl\u00fd sp\u00e1d a my jsme se museli velmi rychle p\u0159ipravit na <a href=\"\/index.php\/souteze\/dakar-2020\/\">Dakar 2020<\/a>,\u201c<\/em> popisuje <strong>Laia Sanz<\/strong>. <em>\u201eMotorka vypad\u00e1 dob\u0159e a my se naplno p\u0159ipravujeme na lednov\u00fd z\u00e1vod. Spolupr\u00e1ce s GasGas mi v budoucnu m\u016f\u017ee otev\u0159\u00edt zaj\u00edmav\u00e9 mo\u017enosti, proto\u017ee jde o zn\u00e1m\u00e9ho v\u00fdrobce trialov\u00fdch motorek a tato discipl\u00edna je bl\u00edzk\u00e1 m\u00e9mu srdci.\u201c<\/em><\/p>\n<p>Laia Sanz byla u debutu katal\u00e1nsk\u00e9 zna\u010dky na Rally Dakar v roce 2012. Dev\u011btat\u0159ic\u00e1t\u00fdm m\u00edstem absolutn\u011b a v\u00edt\u011bzstv\u00edm v hodnocen\u00ed \u017een zopakovala um\u00edst\u011bn\u00ed z p\u0159edchoz\u00edho roku, kdy se sout\u011b\u017ee poprv\u00e9 z\u00fa\u010dastnila s Hondou. S motocyklem GasGas startovala tak\u00e9 v roce 2013. V dal\u0161\u00edch dvou letech se t\u011b\u0161ila podpo\u0159e Hondy a v jej\u00edch barv\u00e1ch v roce 2015 dos\u00e1hla dev\u00e1t\u00fdm m\u00edstem sv\u00e9ho dosavadn\u00edho dakarsk\u00e9ho maxima. P\u0159i n\u00e1sleduj\u00edc\u00edch \u010dty\u0159ech ro\u010dn\u00edc\u00edch m\u011bla k dispozici tov\u00e1rn\u00ed techniku od KTM. V posledn\u00edch dvou letech Dakar dokon\u010dila shodn\u011b na dvan\u00e1ct\u00e9m m\u00edst\u011b.[\/vc_column_text][\/vc_column][\/vc_row]<\/p>\n","protected":false},"excerpt":{"rendered":"<p>Laia Sanz po \u010dty\u0159ech letech nepojede Rally Dakar s motocyklem KTM. \u0160pan\u011blsk\u00e1 z\u00e1vodnice se p\u0159edstav\u00ed v barv\u00e1ch tov\u00e1rn\u00edho t\u00fdmu GasGas.<\/p>\n","protected":false},"author":1,"featured_media":13295,"comment_status":"open","ping_status":"closed","sticky":false,"template":"","format":"standard","meta":{"footnotes":""},"categories":[251,15],"tags":[425,903,8,159,1560,1561,921],"class_list":["post-13296","post","type-post","status-publish","format-standard","has-post-thumbnail","hentry","category-dakar-2020","category-moto-quad","tag-425","tag-903","tag-dakar","tag-dakar-2020","tag-gasgas","tag-gasgas-factory-racing","tag-laia-sanz"],"yoast_head":"<!-- This site is optimized with the Yoast SEO plugin v24.9 - https:\/\/yoast.com\/wordpress\/plugins\/seo\/ -->\n<title>Dakar 2020: Laia Sanz se vrac\u00ed ke zna\u010dce GasGas - DAKARMANIA.cz<\/title>\n<meta name=\"description\" content=\"Laia Sanz po \u010dty\u0159ech letech nepojede Rally Dakar s motocyklem KTM. \u0160pan\u011blsk\u00e1 z\u00e1vodnice se p\u0159edstav\u00ed v barv\u00e1ch tov\u00e1rn\u00edho t\u00fdmu GasGas.\" \/>\n<meta name=\"robots\" content=\"index, follow, max-snippet:-1, max-image-preview:large, max-video-preview:-1\" \/>\n<link rel=\"canonical\" href=\"https:\/\/www.dakarmania.cz\/index.php\/2019\/11\/14\/dakar-2020-laia-sanz-gasgas\/\" \/>\n<meta property=\"og:locale\" content=\"cs_CZ\" \/>\n<meta property=\"og:type\" content=\"article\" \/>\n<meta property=\"og:title\" content=\"Dakar 2020: Laia Sanz se vrac\u00ed ke zna\u010dce GasGas - DAKARMANIA.cz\" \/>\n<meta property=\"og:description\" content=\"Laia Sanz po \u010dty\u0159ech letech nepojede Rally Dakar s motocyklem KTM. \u0160pan\u011blsk\u00e1 z\u00e1vodnice se p\u0159edstav\u00ed v barv\u00e1ch tov\u00e1rn\u00edho t\u00fdmu GasGas.\" \/>\n<meta property=\"og:url\" content=\"https:\/\/www.dakarmania.cz\/index.php\/2019\/11\/14\/dakar-2020-laia-sanz-gasgas\/\" \/>\n<meta property=\"og:site_name\" content=\"DAKARMANIA.cz\" \/>\n<meta property=\"article:publisher\" content=\"https:\/\/www.facebook.com\/dakarmania\/\" \/>\n<meta property=\"article:published_time\" content=\"2019-11-14T07:39:48+00:00\" \/>\n<meta property=\"article:modified_time\" content=\"2019-12-12T10:49:13+00:00\" \/>\n<meta property=\"og:image\" content=\"https:\/\/www.dakarmania.cz\/wp-content\/uploads\/2019\/11\/19-sanz-gasgas-03.jpg\" \/>\n\t<meta property=\"og:image:width\" content=\"1024\" \/>\n\t<meta property=\"og:image:height\" content=\"684\" \/>\n\t<meta property=\"og:image:type\" content=\"image\/jpeg\" \/>\n<meta name=\"author\" content=\"Zden\u011bk Zelenka\" \/>\n<meta name=\"twitter:card\" content=\"summary_large_image\" \/>\n<meta name=\"twitter:label1\" content=\"Napsal(a)\" \/>\n\t<meta name=\"twitter:data1\" content=\"Zden\u011bk Zelenka\" \/>\n\t<meta name=\"twitter:label2\" content=\"Odhadovan\u00e1 doba \u010dten\u00ed\" \/>\n\t<meta name=\"twitter:data2\" content=\"2 minuty\" \/>\n<script type=\"application\/ld+json\" class=\"yoast-schema-graph\">{\"@context\":\"https:\/\/schema.org\",\"@graph\":[{\"@type\":\"Article\",\"@id\":\"https:\/\/www.dakarmania.cz\/index.php\/2019\/11\/14\/dakar-2020-laia-sanz-gasgas\/#article\",\"isPartOf\":{\"@id\":\"https:\/\/www.dakarmania.cz\/index.php\/2019\/11\/14\/dakar-2020-laia-sanz-gasgas\/\"},\"author\":{\"name\":\"Zden\u011bk Zelenka\",\"@id\":\"https:\/\/www.dakarmania.cz\/#\/schema\/person\/04eb0e87a389631c2169c0dddae7ff1e\"},\"headline\":\"Dakar 2020: Laia Sanz se vrac\u00ed ke zna\u010dce GasGas\",\"datePublished\":\"2019-11-14T07:39:48+00:00\",\"dateModified\":\"2019-12-12T10:49:13+00:00\",\"mainEntityOfPage\":{\"@id\":\"https:\/\/www.dakarmania.cz\/index.php\/2019\/11\/14\/dakar-2020-laia-sanz-gasgas\/\"},\"wordCount\":408,\"commentCount\":0,\"publisher\":{\"@id\":\"https:\/\/www.dakarmania.cz\/#organization\"},\"image\":{\"@id\":\"https:\/\/www.dakarmania.cz\/index.php\/2019\/11\/14\/dakar-2020-laia-sanz-gasgas\/#primaryimage\"},\"thumbnailUrl\":\"https:\/\/www.dakarmania.cz\/wp-content\/uploads\/2019\/11\/19-sanz-gasgas-03.jpg\",\"keywords\":[\"2019\",\"2020\",\"Dakar\",\"Dakar 2020\",\"GasGas\",\"GasGas Factory Racing\",\"Laia Sanz\"],\"articleSection\":[\"Dakar 2020\",\"Moto\/Quad\"],\"inLanguage\":\"cs\",\"potentialAction\":[{\"@type\":\"CommentAction\",\"name\":\"Comment\",\"target\":[\"https:\/\/www.dakarmania.cz\/index.php\/2019\/11\/14\/dakar-2020-laia-sanz-gasgas\/#respond\"]}]},{\"@type\":\"WebPage\",\"@id\":\"https:\/\/www.dakarmania.cz\/index.php\/2019\/11\/14\/dakar-2020-laia-sanz-gasgas\/\",\"url\":\"https:\/\/www.dakarmania.cz\/index.php\/2019\/11\/14\/dakar-2020-laia-sanz-gasgas\/\",\"name\":\"Dakar 2020: Laia Sanz se vrac\u00ed ke zna\u010dce GasGas - DAKARMANIA.cz\",\"isPartOf\":{\"@id\":\"https:\/\/www.dakarmania.cz\/#website\"},\"primaryImageOfPage\":{\"@id\":\"https:\/\/www.dakarmania.cz\/index.php\/2019\/11\/14\/dakar-2020-laia-sanz-gasgas\/#primaryimage\"},\"image\":{\"@id\":\"https:\/\/www.dakarmania.cz\/index.php\/2019\/11\/14\/dakar-2020-laia-sanz-gasgas\/#primaryimage\"},\"thumbnailUrl\":\"https:\/\/www.dakarmania.cz\/wp-content\/uploads\/2019\/11\/19-sanz-gasgas-03.jpg\",\"datePublished\":\"2019-11-14T07:39:48+00:00\",\"dateModified\":\"2019-12-12T10:49:13+00:00\",\"description\":\"Laia Sanz po \u010dty\u0159ech letech nepojede Rally Dakar s motocyklem KTM. \u0160pan\u011blsk\u00e1 z\u00e1vodnice se p\u0159edstav\u00ed v barv\u00e1ch tov\u00e1rn\u00edho t\u00fdmu GasGas.\",\"breadcrumb\":{\"@id\":\"https:\/\/www.dakarmania.cz\/index.php\/2019\/11\/14\/dakar-2020-laia-sanz-gasgas\/#breadcrumb\"},\"inLanguage\":\"cs\",\"potentialAction\":[{\"@type\":\"ReadAction\",\"target\":[\"https:\/\/www.dakarmania.cz\/index.php\/2019\/11\/14\/dakar-2020-laia-sanz-gasgas\/\"]}]},{\"@type\":\"ImageObject\",\"inLanguage\":\"cs\",\"@id\":\"https:\/\/www.dakarmania.cz\/index.php\/2019\/11\/14\/dakar-2020-laia-sanz-gasgas\/#primaryimage\",\"url\":\"https:\/\/www.dakarmania.cz\/wp-content\/uploads\/2019\/11\/19-sanz-gasgas-03.jpg\",\"contentUrl\":\"https:\/\/www.dakarmania.cz\/wp-content\/uploads\/2019\/11\/19-sanz-gasgas-03.jpg\",\"width\":1024,\"height\":684,\"caption\":\"Laia Sanz, GasGas Factory Racing. Ofici\u00e1ln\u00ed focen\u00ed p\u0159ed Rally Dakar 2020. \u00a9 GasGas\"},{\"@type\":\"BreadcrumbList\",\"@id\":\"https:\/\/www.dakarmania.cz\/index.php\/2019\/11\/14\/dakar-2020-laia-sanz-gasgas\/#breadcrumb\",\"itemListElement\":[{\"@type\":\"ListItem\",\"position\":1,\"name\":\"Dom\u016f\",\"item\":\"https:\/\/www.dakarmania.cz\/\"},{\"@type\":\"ListItem\",\"position\":2,\"name\":\"Dakar 2020: Laia Sanz se vrac\u00ed ke zna\u010dce GasGas\"}]},{\"@type\":\"WebSite\",\"@id\":\"https:\/\/www.dakarmania.cz\/#website\",\"url\":\"https:\/\/www.dakarmania.cz\/\",\"name\":\"DAKARMANIA.cz\",\"description\":\"\u017dijeme Dakarem cel\u00fd rok\",\"publisher\":{\"@id\":\"https:\/\/www.dakarmania.cz\/#organization\"},\"potentialAction\":[{\"@type\":\"SearchAction\",\"target\":{\"@type\":\"EntryPoint\",\"urlTemplate\":\"https:\/\/www.dakarmania.cz\/?s={search_term_string}\"},\"query-input\":{\"@type\":\"PropertyValueSpecification\",\"valueRequired\":true,\"valueName\":\"search_term_string\"}}],\"inLanguage\":\"cs\"},{\"@type\":\"Organization\",\"@id\":\"https:\/\/www.dakarmania.cz\/#organization\",\"name\":\"DAKAR MANIA\",\"url\":\"https:\/\/www.dakarmania.cz\/\",\"logo\":{\"@type\":\"ImageObject\",\"inLanguage\":\"cs\",\"@id\":\"https:\/\/www.dakarmania.cz\/#\/schema\/logo\/image\/\",\"url\":\"https:\/\/www.dakarmania.cz\/wp-content\/uploads\/2018\/12\/Dakar-Mania-Logo-Square-Orange.png\",\"contentUrl\":\"https:\/\/www.dakarmania.cz\/wp-content\/uploads\/2018\/12\/Dakar-Mania-Logo-Square-Orange.png\",\"width\":992,\"height\":992,\"caption\":\"DAKAR MANIA\"},\"image\":{\"@id\":\"https:\/\/www.dakarmania.cz\/#\/schema\/logo\/image\/\"},\"sameAs\":[\"https:\/\/www.facebook.com\/dakarmania\/\"]},{\"@type\":\"Person\",\"@id\":\"https:\/\/www.dakarmania.cz\/#\/schema\/person\/04eb0e87a389631c2169c0dddae7ff1e\",\"name\":\"Zden\u011bk Zelenka\",\"image\":{\"@type\":\"ImageObject\",\"inLanguage\":\"cs\",\"@id\":\"https:\/\/www.dakarmania.cz\/#\/schema\/person\/image\/\",\"url\":\"https:\/\/secure.gravatar.com\/avatar\/2c80d5a4942fe0900b73cc7d3837a509d6ee0a276a2b76dac95c92bd0763a89b?s=96&d=mm&r=g\",\"contentUrl\":\"https:\/\/secure.gravatar.com\/avatar\/2c80d5a4942fe0900b73cc7d3837a509d6ee0a276a2b76dac95c92bd0763a89b?s=96&d=mm&r=g\",\"caption\":\"Zden\u011bk Zelenka\"},\"description\":\"Moji d\u011bt\u0161t\u00ed hrdinov\u00e9 se jmenovali Loprais, Moskal, Neveu, Vatanen, Rahier... A tihle borci, jejich n\u00e1sledovn\u00edci a jejich p\u0159\u00edb\u011bhy m\u011b nep\u0159estali fascinovat ani po letech, kdy jsem vyrostl a zam\u011bstn\u00e1valy m\u011b jin\u00e9 discipl\u00edny motorsportu. Proto se zrodila DAKARMANIA.\",\"url\":\"https:\/\/www.dakarmania.cz\/index.php\/author\/dakarmania\/\"}]}<\/script>\n<!-- \/ Yoast SEO plugin. -->","yoast_head_json":{"title":"Dakar 2020: Laia Sanz se vrac\u00ed ke zna\u010dce GasGas - DAKARMANIA.cz","description":"Laia Sanz po \u010dty\u0159ech letech nepojede Rally Dakar s motocyklem KTM. \u0160pan\u011blsk\u00e1 z\u00e1vodnice se p\u0159edstav\u00ed v barv\u00e1ch tov\u00e1rn\u00edho t\u00fdmu GasGas.","robots":{"index":"index","follow":"follow","max-snippet":"max-snippet:-1","max-image-preview":"max-image-preview:large","max-video-preview":"max-video-preview:-1"},"canonical":"https:\/\/www.dakarmania.cz\/index.php\/2019\/11\/14\/dakar-2020-laia-sanz-gasgas\/","og_locale":"cs_CZ","og_type":"article","og_title":"Dakar 2020: Laia Sanz se vrac\u00ed ke zna\u010dce GasGas - DAKARMANIA.cz","og_description":"Laia Sanz po \u010dty\u0159ech letech nepojede Rally Dakar s motocyklem KTM. \u0160pan\u011blsk\u00e1 z\u00e1vodnice se p\u0159edstav\u00ed v barv\u00e1ch tov\u00e1rn\u00edho t\u00fdmu GasGas.","og_url":"https:\/\/www.dakarmania.cz\/index.php\/2019\/11\/14\/dakar-2020-laia-sanz-gasgas\/","og_site_name":"DAKARMANIA.cz","article_publisher":"https:\/\/www.facebook.com\/dakarmania\/","article_published_time":"2019-11-14T07:39:48+00:00","article_modified_time":"2019-12-12T10:49:13+00:00","og_image":[{"width":1024,"height":684,"url":"https:\/\/www.dakarmania.cz\/wp-content\/uploads\/2019\/11\/19-sanz-gasgas-03.jpg","type":"image\/jpeg"}],"author":"Zden\u011bk Zelenka","twitter_card":"summary_large_image","twitter_misc":{"Napsal(a)":"Zden\u011bk Zelenka","Odhadovan\u00e1 doba \u010dten\u00ed":"2 minuty"},"schema":{"@context":"https:\/\/schema.org","@graph":[{"@type":"Article","@id":"https:\/\/www.dakarmania.cz\/index.php\/2019\/11\/14\/dakar-2020-laia-sanz-gasgas\/#article","isPartOf":{"@id":"https:\/\/www.dakarmania.cz\/index.php\/2019\/11\/14\/dakar-2020-laia-sanz-gasgas\/"},"author":{"name":"Zden\u011bk Zelenka","@id":"https:\/\/www.dakarmania.cz\/#\/schema\/person\/04eb0e87a389631c2169c0dddae7ff1e"},"headline":"Dakar 2020: Laia Sanz se vrac\u00ed ke zna\u010dce GasGas","datePublished":"2019-11-14T07:39:48+00:00","dateModified":"2019-12-12T10:49:13+00:00","mainEntityOfPage":{"@id":"https:\/\/www.dakarmania.cz\/index.php\/2019\/11\/14\/dakar-2020-laia-sanz-gasgas\/"},"wordCount":408,"commentCount":0,"publisher":{"@id":"https:\/\/www.dakarmania.cz\/#organization"},"image":{"@id":"https:\/\/www.dakarmania.cz\/index.php\/2019\/11\/14\/dakar-2020-laia-sanz-gasgas\/#primaryimage"},"thumbnailUrl":"https:\/\/www.dakarmania.cz\/wp-content\/uploads\/2019\/11\/19-sanz-gasgas-03.jpg","keywords":["2019","2020","Dakar","Dakar 2020","GasGas","GasGas Factory Racing","Laia Sanz"],"articleSection":["Dakar 2020","Moto\/Quad"],"inLanguage":"cs","potentialAction":[{"@type":"CommentAction","name":"Comment","target":["https:\/\/www.dakarmania.cz\/index.php\/2019\/11\/14\/dakar-2020-laia-sanz-gasgas\/#respond"]}]},{"@type":"WebPage","@id":"https:\/\/www.dakarmania.cz\/index.php\/2019\/11\/14\/dakar-2020-laia-sanz-gasgas\/","url":"https:\/\/www.dakarmania.cz\/index.php\/2019\/11\/14\/dakar-2020-laia-sanz-gasgas\/","name":"Dakar 2020: Laia Sanz se vrac\u00ed ke zna\u010dce GasGas - DAKARMANIA.cz","isPartOf":{"@id":"https:\/\/www.dakarmania.cz\/#website"},"primaryImageOfPage":{"@id":"https:\/\/www.dakarmania.cz\/index.php\/2019\/11\/14\/dakar-2020-laia-sanz-gasgas\/#primaryimage"},"image":{"@id":"https:\/\/www.dakarmania.cz\/index.php\/2019\/11\/14\/dakar-2020-laia-sanz-gasgas\/#primaryimage"},"thumbnailUrl":"https:\/\/www.dakarmania.cz\/wp-content\/uploads\/2019\/11\/19-sanz-gasgas-03.jpg","datePublished":"2019-11-14T07:39:48+00:00","dateModified":"2019-12-12T10:49:13+00:00","description":"Laia Sanz po \u010dty\u0159ech letech nepojede Rally Dakar s motocyklem KTM. \u0160pan\u011blsk\u00e1 z\u00e1vodnice se p\u0159edstav\u00ed v barv\u00e1ch tov\u00e1rn\u00edho t\u00fdmu GasGas.","breadcrumb":{"@id":"https:\/\/www.dakarmania.cz\/index.php\/2019\/11\/14\/dakar-2020-laia-sanz-gasgas\/#breadcrumb"},"inLanguage":"cs","potentialAction":[{"@type":"ReadAction","target":["https:\/\/www.dakarmania.cz\/index.php\/2019\/11\/14\/dakar-2020-laia-sanz-gasgas\/"]}]},{"@type":"ImageObject","inLanguage":"cs","@id":"https:\/\/www.dakarmania.cz\/index.php\/2019\/11\/14\/dakar-2020-laia-sanz-gasgas\/#primaryimage","url":"https:\/\/www.dakarmania.cz\/wp-content\/uploads\/2019\/11\/19-sanz-gasgas-03.jpg","contentUrl":"https:\/\/www.dakarmania.cz\/wp-content\/uploads\/2019\/11\/19-sanz-gasgas-03.jpg","width":1024,"height":684,"caption":"Laia Sanz, GasGas Factory Racing. Ofici\u00e1ln\u00ed focen\u00ed p\u0159ed Rally Dakar 2020. \u00a9 GasGas"},{"@type":"BreadcrumbList","@id":"https:\/\/www.dakarmania.cz\/index.php\/2019\/11\/14\/dakar-2020-laia-sanz-gasgas\/#breadcrumb","itemListElement":[{"@type":"ListItem","position":1,"name":"Dom\u016f","item":"https:\/\/www.dakarmania.cz\/"},{"@type":"ListItem","position":2,"name":"Dakar 2020: Laia Sanz se vrac\u00ed ke zna\u010dce GasGas"}]},{"@type":"WebSite","@id":"https:\/\/www.dakarmania.cz\/#website","url":"https:\/\/www.dakarmania.cz\/","name":"DAKARMANIA.cz","description":"\u017dijeme Dakarem cel\u00fd rok","publisher":{"@id":"https:\/\/www.dakarmania.cz\/#organization"},"potentialAction":[{"@type":"SearchAction","target":{"@type":"EntryPoint","urlTemplate":"https:\/\/www.dakarmania.cz\/?s={search_term_string}"},"query-input":{"@type":"PropertyValueSpecification","valueRequired":true,"valueName":"search_term_string"}}],"inLanguage":"cs"},{"@type":"Organization","@id":"https:\/\/www.dakarmania.cz\/#organization","name":"DAKAR MANIA","url":"https:\/\/www.dakarmania.cz\/","logo":{"@type":"ImageObject","inLanguage":"cs","@id":"https:\/\/www.dakarmania.cz\/#\/schema\/logo\/image\/","url":"https:\/\/www.dakarmania.cz\/wp-content\/uploads\/2018\/12\/Dakar-Mania-Logo-Square-Orange.png","contentUrl":"https:\/\/www.dakarmania.cz\/wp-content\/uploads\/2018\/12\/Dakar-Mania-Logo-Square-Orange.png","width":992,"height":992,"caption":"DAKAR MANIA"},"image":{"@id":"https:\/\/www.dakarmania.cz\/#\/schema\/logo\/image\/"},"sameAs":["https:\/\/www.facebook.com\/dakarmania\/"]},{"@type":"Person","@id":"https:\/\/www.dakarmania.cz\/#\/schema\/person\/04eb0e87a389631c2169c0dddae7ff1e","name":"Zden\u011bk Zelenka","image":{"@type":"ImageObject","inLanguage":"cs","@id":"https:\/\/www.dakarmania.cz\/#\/schema\/person\/image\/","url":"https:\/\/secure.gravatar.com\/avatar\/2c80d5a4942fe0900b73cc7d3837a509d6ee0a276a2b76dac95c92bd0763a89b?s=96&d=mm&r=g","contentUrl":"https:\/\/secure.gravatar.com\/avatar\/2c80d5a4942fe0900b73cc7d3837a509d6ee0a276a2b76dac95c92bd0763a89b?s=96&d=mm&r=g","caption":"Zden\u011bk Zelenka"},"description":"Moji d\u011bt\u0161t\u00ed hrdinov\u00e9 se jmenovali Loprais, Moskal, Neveu, Vatanen, Rahier... A tihle borci, jejich n\u00e1sledovn\u00edci a jejich p\u0159\u00edb\u011bhy m\u011b nep\u0159estali fascinovat ani po letech, kdy jsem vyrostl a zam\u011bstn\u00e1valy m\u011b jin\u00e9 discipl\u00edny motorsportu. Proto se zrodila DAKARMANIA.","url":"https:\/\/www.dakarmania.cz\/index.php\/author\/dakarmania\/"}]}},"amp_enabled":true,"_links":{"self":[{"href":"https:\/\/www.dakarmania.cz\/index.php\/wp-json\/wp\/v2\/posts\/13296","targetHints":{"allow":["GET"]}}],"collection":[{"href":"https:\/\/www.dakarmania.cz\/index.php\/wp-json\/wp\/v2\/posts"}],"about":[{"href":"https:\/\/www.dakarmania.cz\/index.php\/wp-json\/wp\/v2\/types\/post"}],"author":[{"embeddable":true,"href":"https:\/\/www.dakarmania.cz\/index.php\/wp-json\/wp\/v2\/users\/1"}],"replies":[{"embeddable":true,"href":"https:\/\/www.dakarmania.cz\/index.php\/wp-json\/wp\/v2\/comments?post=13296"}],"version-history":[{"count":3,"href":"https:\/\/www.dakarmania.cz\/index.php\/wp-json\/wp\/v2\/posts\/13296\/revisions"}],"predecessor-version":[{"id":13349,"href":"https:\/\/www.dakarmania.cz\/index.php\/wp-json\/wp\/v2\/posts\/13296\/revisions\/13349"}],"wp:featuredmedia":[{"embeddable":true,"href":"https:\/\/www.dakarmania.cz\/index.php\/wp-json\/wp\/v2\/media\/13295"}],"wp:attachment":[{"href":"https:\/\/www.dakarmania.cz\/index.php\/wp-json\/wp\/v2\/media?parent=13296"}],"wp:term":[{"taxonomy":"category","embeddable":true,"href":"https:\/\/www.dakarmania.cz\/index.php\/wp-json\/wp\/v2\/categories?post=13296"},{"taxonomy":"post_tag","embeddable":true,"href":"https:\/\/www.dakarmania.cz\/index.php\/wp-json\/wp\/v2\/tags?post=13296"}],"curies":[{"name":"wp","href":"https:\/\/api.w.org\/{rel}","templated":true}]}}