{"id":13366,"date":"2019-11-20T17:29:55","date_gmt":"2019-11-20T16:29:55","guid":{"rendered":"https:\/\/www.dakarmania.cz\/?p=13366"},"modified":"2023-03-02T11:20:37","modified_gmt":"2023-03-02T10:20:37","slug":"dakar-2020-ze-tri-ctvrtin-v-pisku","status":"publish","type":"post","link":"https:\/\/www.dakarmania.cz\/index.php\/2019\/11\/20\/dakar-2020-ze-tri-ctvrtin-v-pisku\/","title":{"rendered":"Dakar 2020: Dvan\u00e1ct etap, ze t\u0159\u00ed \u010dtvrtin v p\u00edsku"},"content":{"rendered":"<p>[vc_row][vc_column][vc_column_text css_animation=&#8221;fadeIn&#8221;]<\/p>\n<h4>42. ro\u010dn\u00edk Rally Dakar bude n\u00e1ro\u010dn\u00fd. Po\u0159adatel\u00e9 p\u0159ipravili 5097 kilometr\u016f rychlostn\u00edch zkou\u0161ek rozd\u011blen\u00fdch do dvan\u00e1cti etap. Mezi D\u017eiddou a Al Qiddiyou ujedou \u00fa\u010dastn\u00edci sout\u011b\u017ee 7856 kilometr\u016f. P\u011btasedmdes\u00e1t procent trati povede pou\u0161t\u00ed nejr\u016fzn\u011bj\u0161\u00edho charakteru, velmi n\u00e1ro\u010dn\u00e1 by m\u011bla b\u00fdt navigace. Rychlostn\u00ed zkou\u0161ky p\u011bti ze dvan\u00e1cti etap m\u011b\u0159\u00ed v\u00edce ne\u017e 450 km.<\/h4>\n<h4>Od za\u010d\u00e1tku naplno<\/h4>\n<p>Slavnostn\u00ed start <a href=\"\/index.php\/souteze\/dakar-2020\/\">Rally Dakar 2020<\/a> prob\u011bhne v D\u017eidd\u011b u\u017e 4. ledna a o den pozd\u011bji se za\u010dne z\u00e1vodit. A nep\u016fjde o \u017e\u00e1dn\u00fd prolog na rozeh\u0159\u00e1t\u00ed. Hned prvn\u00ed etapa m\u011b\u0159\u00ed \u00factyhodn\u00fdch 752 kilometr\u016f, z nich\u017e se na \u010das pojede 319. Na z\u00e1vodn\u00edky nav\u00edc \u010dek\u00e1 ochutn\u00e1vka t\u00e9m\u011b\u0159 v\u0161eho, co by m\u011bla sout\u011b\u017e v n\u00e1sleduj\u00edc\u00edch dnech nab\u00eddnout: rychl\u00e9 \u00faseky, duny i kamenit\u00e9 pas\u00e1\u017ee.[\/vc_column_text][vc_column_text css_animation=&#8221;fadeIn&#8221; css=&#8221;.vc_custom_1574299666665{padding-top: 10px !important;padding-right: 10px !important;padding-bottom: 20px !important;padding-left: 10px !important;background-color: #dbd9d9 !important;}&#8221;]<strong>Souvisej\u00edc\u00ed:<\/strong><\/p>\n<p style=\"padding-left: 40px;\"><a href=\"\/index.php\/2019\/11\/21\/dakar-2020-narocnejsi-diky-pravidlum\/\">Dakar 2020: Je\u0161t\u011b n\u00e1ro\u010dn\u011bj\u0161\u00ed d\u00edky nov\u00fdm pravidl\u016fm<\/a><\/p>\n<p>[\/vc_column_text][vc_column_text css_animation=&#8221;fadeIn&#8221;]Prvn\u00ed t\u0159etina rally by podle slov organiz\u00e1tor\u016f m\u011bla prov\u011b\u0159it hlavn\u011b schopnosti navig\u00e1tor\u016f, kter\u00fdm bude jejich pr\u00e1ci na mnoha m\u00edstech komplikovat zm\u011b\u0165 mnoha paraleln\u00edch cest a labyrinty ka\u0148on\u016f mezi skalami. To je p\u0159\u00edpad etap vedouc\u00edch pod\u00e9l pob\u0159e\u017e\u00ed Rud\u00e9ho mo\u0159e a u hranic s Jord\u00e1nskem. V pr\u016fb\u011bhu t\u0159et\u00ed etapy, kterou tvo\u0159\u00ed okruh kolem Neomu, se z\u00e1vodn\u00edci dostanou do nejvy\u0161\u0161\u00edho bodu na trati tohoto ro\u010dn\u00edku (1400 m n. m.).[\/vc_column_text][vc_single_image image=&#8221;13370&#8243; img_size=&#8221;large&#8221; add_caption=&#8221;yes&#8221; alignment=&#8221;center&#8221; onclick=&#8221;link_image&#8221; css_animation=&#8221;fadeIn&#8221;][vc_column_text css_animation=&#8221;fadeIn&#8221;]P\u00edsku bude p\u0159ib\u00fdvat, jakmile sout\u011b\u017en\u00ed karavana zam\u00ed\u0159\u00ed p\u0159es Ha\u2019il do Rij\u00e1du, kde je na sobotu 11. ledna napl\u00e1nov\u00e1n den odpo\u010dinku. Je\u0161t\u011b p\u0159ed n\u00edm ale bude na programu nejdel\u0161\u00ed etapa i speci\u00e1lka prvn\u00edho t\u00fddne, kter\u00e1 se pojede v\u00fdhradn\u011b v p\u00edsku a dun\u00e1ch.<\/p>\n<p>Po kr\u00e1tk\u00e9m oddechu v Rij\u00e1du vy\u0161lou po\u0159adatel\u00e9 z\u00e1vodn\u00edky rovnou do nejdel\u0161\u00ed etapy cel\u00e9 sout\u011b\u017ee, jej\u00ed\u017e charakter by m\u011bl b\u00fdt velmi rozmanit\u00fd.<\/p>\n<h4>Tortura na konec<\/h4>\n<p>T\u0159e\u0161ni\u010dkou na dortu pro fanou\u0161ky a peklem na zemi pro vy\u010derpan\u00e9 z\u00e1vodn\u00edky bude z\u00e1v\u011bre\u010dn\u00e1 t\u0159etina rally. Des\u00e1t\u00e1 a p\u0159edposledn\u00ed jeden\u00e1ct\u00e1 etapa se pojedou v pou\u0161tn\u00ed oblasti Pust\u00e1 kon\u010dina s velk\u00fdmi dunov\u00fdmi poli, jejich speci\u00e1lky m\u011b\u0159\u00ed 534, respektive 379 km a pos\u00e1dky je budou muset zvl\u00e1dnout bez asistence sv\u00fdch t\u00fdm\u016f ve ve\u010dern\u00edm bivaku, nebo\u0165 pr\u00e1v\u011b tyto dva dny tvo\u0159\u00ed maratonskou etapu.[\/vc_column_text][vc_single_image image=&#8221;13371&#8243; img_size=&#8221;large&#8221; add_caption=&#8221;yes&#8221; alignment=&#8221;center&#8221; onclick=&#8221;link_image&#8221; css_animation=&#8221;fadeIn&#8221;][vc_column_text css_animation=&#8221;fadeIn&#8221;]A \u017e\u00e1dnou proch\u00e1zkou r\u016f\u017eovou zahradou nebude ani posledn\u00ed \u00fasek mezi Haradhem a Al Qiddiy\u00ed, a to znovu hlavn\u011b kv\u016fli obt\u00ed\u017en\u00e9 navigaci. Zpest\u0159en\u00edm z\u00e1v\u011bre\u010dn\u00e9 etapy bude 20kilometrov\u00e1 speci\u00e1lka v jej\u00edm \u00fapln\u00e9m z\u00e1v\u011bru, na jej\u00ed\u017e trati se bude bojovat o \u201eTrofej Al Qiddiye\u201c, ale jej\u00ed v\u00fdsledky se u\u017e nebudou zapo\u010d\u00edt\u00e1vat do celkov\u00e9ho po\u0159ad\u00ed.[\/vc_column_text][vc_column_text css_animation=&#8221;fadeIn&#8221;]<\/p>\n<table style=\"width: 97.7654%;\" rules=\"rows\" cellpadding=\"4px\">\n<tbody>\n<tr style=\"background-color: #9e9d9d; color: white;\">\n<td style=\"text-align: center;\" colspan=\"7\"><span style=\"font-size: 10pt;\"><strong>Rally Dakar 2020<br \/>\nPROGRAM<\/strong><\/span><\/td>\n<\/tr>\n<tr style=\"background-color: #9e9d9d; color: white;\">\n<td style=\"text-align: center;\"><strong>etapa<\/strong><\/td>\n<td style=\"text-align: center;\"><strong>datum<\/strong><\/td>\n<td style=\"text-align: right;\"><strong>start<\/strong><\/td>\n<td style=\"text-align: center;\"><\/td>\n<td style=\"text-align: left;\"><strong>c\u00edl<\/strong><\/td>\n<td style=\"text-align: center;\"><strong>km celkem<\/strong><\/td>\n<td style=\"text-align: center;\"><strong>km RZ<\/strong><\/td>\n<\/tr>\n<tr style=\"background-color: #dbd9d9;\">\n<td style=\"text-align: center;\">1.<\/td>\n<td style=\"text-align: center;\">ne 05\/01<\/td>\n<td style=\"text-align: right;\">D\u017eidda<\/td>\n<td style=\"text-align: center;\">&#8211;<\/td>\n<td style=\"text-align: left;\">Al Wajh<\/td>\n<td style=\"text-align: center;\">752<\/td>\n<td style=\"text-align: center;\">319<\/td>\n<\/tr>\n<tr style=\"background-color: #f2f2f2;\">\n<td style=\"text-align: center;\">2.<\/td>\n<td style=\"text-align: center;\">po 06\/01<\/td>\n<td style=\"text-align: right;\">Al Wajh<\/td>\n<td style=\"text-align: center;\">&#8211;<\/td>\n<td style=\"text-align: left;\">Neom<\/td>\n<td style=\"text-align: center;\">401<\/td>\n<td style=\"text-align: center;\">367<\/td>\n<\/tr>\n<tr style=\"background-color: #dbd9d9;\">\n<td style=\"text-align: center;\">3.<\/td>\n<td style=\"text-align: center;\">\u00fat 07\/01<\/td>\n<td style=\"text-align: right;\">Neom<\/td>\n<td style=\"text-align: center;\">&#8211;<\/td>\n<td style=\"text-align: left;\">Neom<\/td>\n<td style=\"text-align: center;\">489<\/td>\n<td style=\"text-align: center;\">404<\/td>\n<\/tr>\n<tr style=\"background-color: #f2f2f2;\">\n<td style=\"text-align: center;\">4.<\/td>\n<td style=\"text-align: center;\">st 08\/01<\/td>\n<td style=\"text-align: right;\">Neom<\/td>\n<td style=\"text-align: center;\">&#8211;<\/td>\n<td style=\"text-align: left;\">Al Ula<\/td>\n<td style=\"text-align: center;\">676<\/td>\n<td style=\"text-align: center;\">453<\/td>\n<\/tr>\n<tr style=\"background-color: #dbd9d9;\">\n<td style=\"text-align: center;\">5.<\/td>\n<td style=\"text-align: center;\">\u010dt 09\/01<\/td>\n<td style=\"text-align: right;\">Al Ula<\/td>\n<td style=\"text-align: center;\">&#8211;<\/td>\n<td style=\"text-align: left;\">Ha\u2019il<\/td>\n<td style=\"text-align: center;\">563<\/td>\n<td style=\"text-align: center;\">353<\/td>\n<\/tr>\n<tr style=\"background-color: #f2f2f2;\">\n<td style=\"text-align: center;\">6.<\/td>\n<td style=\"text-align: center;\">p\u00e1 10\/01<\/td>\n<td style=\"text-align: right;\">Ha\u2019il<\/td>\n<td style=\"text-align: center;\">&#8211;<\/td>\n<td style=\"text-align: left;\">Rij\u00e1d<\/td>\n<td style=\"text-align: center;\">830<\/td>\n<td style=\"text-align: center;\">478<\/td>\n<\/tr>\n<tr style=\"background-color: #facd7a; color: white;\">\n<td style=\"text-align: center;\"><\/td>\n<td style=\"text-align: center;\">so 11\/01<\/td>\n<td style=\"text-align: center;\" colspan=\"3\">Rij\u00e1d<\/td>\n<td style=\"text-align: center;\" colspan=\"2\">den odpo\u010dinku<\/td>\n<\/tr>\n<tr style=\"background-color: #dbd9d9;\">\n<td style=\"text-align: center;\">7.<\/td>\n<td style=\"text-align: center;\">ne 12\/01<\/td>\n<td style=\"text-align: right;\">Rij\u00e1d<\/td>\n<td style=\"text-align: center;\">&#8211;<\/td>\n<td style=\"text-align: left;\">Wadi Al-Dawasir<\/td>\n<td style=\"text-align: center;\">741<\/td>\n<td style=\"text-align: center;\">546<\/td>\n<\/tr>\n<tr style=\"background-color: #f2f2f2;\">\n<td style=\"text-align: center;\">8.<\/td>\n<td style=\"text-align: center;\">po 13\/01<\/td>\n<td style=\"text-align: right;\">Wadi Al-Dawasir<\/td>\n<td style=\"text-align: center;\">&#8211;<\/td>\n<td style=\"text-align: left;\">Wadi Al-Dawasir<\/td>\n<td style=\"text-align: center;\">713<\/td>\n<td style=\"text-align: center;\">474<\/td>\n<\/tr>\n<tr style=\"background-color: #dbd9d9;\">\n<td style=\"text-align: center;\">9.<\/td>\n<td style=\"text-align: center;\">\u00fat 14\/01<\/td>\n<td style=\"text-align: right;\">Wadi Al-Dawasir<\/td>\n<td style=\"text-align: center;\">&#8211;<\/td>\n<td style=\"text-align: left;\">Haradh<\/td>\n<td style=\"text-align: center;\">891<\/td>\n<td style=\"text-align: center;\">415<\/td>\n<\/tr>\n<tr style=\"background-color: #f2f2f2;\">\n<td style=\"text-align: center;\">10.<\/td>\n<td style=\"text-align: center;\">st 15\/01<\/td>\n<td style=\"text-align: right;\">Haradh<\/td>\n<td style=\"text-align: center;\">&#8211;<\/td>\n<td style=\"text-align: left;\">Shubaytah<\/td>\n<td style=\"text-align: center;\">608<\/td>\n<td style=\"text-align: center;\">534<\/td>\n<\/tr>\n<tr style=\"background-color: #dbd9d9;\">\n<td style=\"text-align: center;\">11.<\/td>\n<td style=\"text-align: center;\">\u010dt 16\/01<\/td>\n<td style=\"text-align: right;\">Shubaytah<\/td>\n<td style=\"text-align: center;\">&#8211;<\/td>\n<td style=\"text-align: left;\">Haradh<\/td>\n<td style=\"text-align: center;\">744<\/td>\n<td style=\"text-align: center;\">379<\/td>\n<\/tr>\n<tr style=\"background-color: #f2f2f2;\">\n<td style=\"text-align: center;\">12.<\/td>\n<td style=\"text-align: center;\">p\u00e1 17\/01<\/td>\n<td style=\"text-align: right;\">Haradh<\/td>\n<td style=\"text-align: center;\">&#8211;<\/td>\n<td style=\"text-align: left;\">Al Qiddiya<\/td>\n<td style=\"text-align: center;\">447<\/td>\n<td style=\"text-align: center;\">374<\/td>\n<\/tr>\n<\/tbody>\n<\/table>\n<p>[\/vc_column_text][vc_single_image image=&#8221;13368&#8243; img_size=&#8221;large&#8221; add_caption=&#8221;yes&#8221; alignment=&#8221;center&#8221; onclick=&#8221;link_image&#8221; css_animation=&#8221;fadeIn&#8221;][\/vc_column][\/vc_row]<\/p>\n","protected":false},"excerpt":{"rendered":"<p>42. ro\u010dn\u00edk Rally Dakar bude n\u00e1ro\u010dn\u00fd. Po\u0159adatel\u00e9 p\u0159ipravili 5097 kilometr\u016f rychlostn\u00edch zkou\u0161ek rozd\u011blen\u00fdch do 12 etap. 65 procent trati povede pou\u0161t\u00ed.<\/p>\n","protected":false},"author":1,"featured_media":13369,"comment_status":"closed","ping_status":"closed","sticky":false,"template":"","format":"standard","meta":{"footnotes":""},"categories":[251],"tags":[903,8,159,1562],"class_list":["post-13366","post","type-post","status-publish","format-standard","has-post-thumbnail","hentry","category-dakar-2020","tag-903","tag-dakar","tag-dakar-2020","tag-dkr20info"],"yoast_head":"<!-- This site is optimized with the Yoast SEO plugin v24.9 - https:\/\/yoast.com\/wordpress\/plugins\/seo\/ -->\n<title>Dakar 2020: Dvan\u00e1ct etap, ze t\u0159\u00ed \u010dtvrtin v p\u00edsku - DAKARMANIA.cz<\/title>\n<meta name=\"description\" content=\"42. ro\u010dn\u00edk Rally Dakar bude n\u00e1ro\u010dn\u00fd. Po\u0159adatel\u00e9 p\u0159ipravili 5097 kilometr\u016f rychlostn\u00edch zkou\u0161ek rozd\u011blen\u00fdch do 12 etap. 65 procent trati povede pou\u0161t\u00ed.\" \/>\n<meta name=\"robots\" content=\"index, follow, max-snippet:-1, max-image-preview:large, max-video-preview:-1\" \/>\n<link rel=\"canonical\" href=\"https:\/\/www.dakarmania.cz\/index.php\/2019\/11\/20\/dakar-2020-ze-tri-ctvrtin-v-pisku\/\" \/>\n<meta property=\"og:locale\" content=\"cs_CZ\" \/>\n<meta property=\"og:type\" content=\"article\" \/>\n<meta property=\"og:title\" content=\"Dakar 2020: Dvan\u00e1ct etap, ze t\u0159\u00ed \u010dtvrtin v p\u00edsku - DAKARMANIA.cz\" \/>\n<meta property=\"og:description\" content=\"42. ro\u010dn\u00edk Rally Dakar bude n\u00e1ro\u010dn\u00fd. Po\u0159adatel\u00e9 p\u0159ipravili 5097 kilometr\u016f rychlostn\u00edch zkou\u0161ek rozd\u011blen\u00fdch do 12 etap. 65 procent trati povede pou\u0161t\u00ed.\" \/>\n<meta property=\"og:url\" content=\"https:\/\/www.dakarmania.cz\/index.php\/2019\/11\/20\/dakar-2020-ze-tri-ctvrtin-v-pisku\/\" \/>\n<meta property=\"og:site_name\" content=\"DAKARMANIA.cz\" \/>\n<meta property=\"article:publisher\" content=\"https:\/\/www.facebook.com\/dakarmania\/\" \/>\n<meta property=\"article:published_time\" content=\"2019-11-20T16:29:55+00:00\" \/>\n<meta property=\"article:modified_time\" content=\"2023-03-02T10:20:37+00:00\" \/>\n<meta property=\"og:image\" content=\"https:\/\/www.dakarmania.cz\/wp-content\/uploads\/2019\/11\/20-dakar-map-final-02.jpg\" \/>\n\t<meta property=\"og:image:width\" content=\"1024\" \/>\n\t<meta property=\"og:image:height\" content=\"683\" \/>\n\t<meta property=\"og:image:type\" content=\"image\/jpeg\" \/>\n<meta name=\"author\" content=\"Zden\u011bk Zelenka\" \/>\n<meta name=\"twitter:card\" content=\"summary_large_image\" \/>\n<meta name=\"twitter:label1\" content=\"Napsal(a)\" \/>\n\t<meta name=\"twitter:data1\" content=\"Zden\u011bk Zelenka\" \/>\n\t<meta name=\"twitter:label2\" content=\"Odhadovan\u00e1 doba \u010dten\u00ed\" \/>\n\t<meta name=\"twitter:data2\" content=\"3 minuty\" \/>\n<script type=\"application\/ld+json\" class=\"yoast-schema-graph\">{\"@context\":\"https:\/\/schema.org\",\"@graph\":[{\"@type\":\"Article\",\"@id\":\"https:\/\/www.dakarmania.cz\/index.php\/2019\/11\/20\/dakar-2020-ze-tri-ctvrtin-v-pisku\/#article\",\"isPartOf\":{\"@id\":\"https:\/\/www.dakarmania.cz\/index.php\/2019\/11\/20\/dakar-2020-ze-tri-ctvrtin-v-pisku\/\"},\"author\":{\"name\":\"Zden\u011bk Zelenka\",\"@id\":\"https:\/\/www.dakarmania.cz\/#\/schema\/person\/04eb0e87a389631c2169c0dddae7ff1e\"},\"headline\":\"Dakar 2020: Dvan\u00e1ct etap, ze t\u0159\u00ed \u010dtvrtin v p\u00edsku\",\"datePublished\":\"2019-11-20T16:29:55+00:00\",\"dateModified\":\"2023-03-02T10:20:37+00:00\",\"mainEntityOfPage\":{\"@id\":\"https:\/\/www.dakarmania.cz\/index.php\/2019\/11\/20\/dakar-2020-ze-tri-ctvrtin-v-pisku\/\"},\"wordCount\":731,\"publisher\":{\"@id\":\"https:\/\/www.dakarmania.cz\/#organization\"},\"image\":{\"@id\":\"https:\/\/www.dakarmania.cz\/index.php\/2019\/11\/20\/dakar-2020-ze-tri-ctvrtin-v-pisku\/#primaryimage\"},\"thumbnailUrl\":\"https:\/\/www.dakarmania.cz\/wp-content\/uploads\/2019\/11\/20-dakar-map-final-02.jpg\",\"keywords\":[\"2020\",\"Dakar\",\"Dakar 2020\",\"DKR20info\"],\"articleSection\":[\"Dakar 2020\"],\"inLanguage\":\"cs\"},{\"@type\":\"WebPage\",\"@id\":\"https:\/\/www.dakarmania.cz\/index.php\/2019\/11\/20\/dakar-2020-ze-tri-ctvrtin-v-pisku\/\",\"url\":\"https:\/\/www.dakarmania.cz\/index.php\/2019\/11\/20\/dakar-2020-ze-tri-ctvrtin-v-pisku\/\",\"name\":\"Dakar 2020: Dvan\u00e1ct etap, ze t\u0159\u00ed \u010dtvrtin v p\u00edsku - DAKARMANIA.cz\",\"isPartOf\":{\"@id\":\"https:\/\/www.dakarmania.cz\/#website\"},\"primaryImageOfPage\":{\"@id\":\"https:\/\/www.dakarmania.cz\/index.php\/2019\/11\/20\/dakar-2020-ze-tri-ctvrtin-v-pisku\/#primaryimage\"},\"image\":{\"@id\":\"https:\/\/www.dakarmania.cz\/index.php\/2019\/11\/20\/dakar-2020-ze-tri-ctvrtin-v-pisku\/#primaryimage\"},\"thumbnailUrl\":\"https:\/\/www.dakarmania.cz\/wp-content\/uploads\/2019\/11\/20-dakar-map-final-02.jpg\",\"datePublished\":\"2019-11-20T16:29:55+00:00\",\"dateModified\":\"2023-03-02T10:20:37+00:00\",\"description\":\"42. ro\u010dn\u00edk Rally Dakar bude n\u00e1ro\u010dn\u00fd. Po\u0159adatel\u00e9 p\u0159ipravili 5097 kilometr\u016f rychlostn\u00edch zkou\u0161ek rozd\u011blen\u00fdch do 12 etap. 65 procent trati povede pou\u0161t\u00ed.\",\"breadcrumb\":{\"@id\":\"https:\/\/www.dakarmania.cz\/index.php\/2019\/11\/20\/dakar-2020-ze-tri-ctvrtin-v-pisku\/#breadcrumb\"},\"inLanguage\":\"cs\",\"potentialAction\":[{\"@type\":\"ReadAction\",\"target\":[\"https:\/\/www.dakarmania.cz\/index.php\/2019\/11\/20\/dakar-2020-ze-tri-ctvrtin-v-pisku\/\"]}]},{\"@type\":\"ImageObject\",\"inLanguage\":\"cs\",\"@id\":\"https:\/\/www.dakarmania.cz\/index.php\/2019\/11\/20\/dakar-2020-ze-tri-ctvrtin-v-pisku\/#primaryimage\",\"url\":\"https:\/\/www.dakarmania.cz\/wp-content\/uploads\/2019\/11\/20-dakar-map-final-02.jpg\",\"contentUrl\":\"https:\/\/www.dakarmania.cz\/wp-content\/uploads\/2019\/11\/20-dakar-map-final-02.jpg\",\"width\":1024,\"height\":683,\"caption\":\"Mapa Rally Dakar 2020. \u00a9 ASO\"},{\"@type\":\"BreadcrumbList\",\"@id\":\"https:\/\/www.dakarmania.cz\/index.php\/2019\/11\/20\/dakar-2020-ze-tri-ctvrtin-v-pisku\/#breadcrumb\",\"itemListElement\":[{\"@type\":\"ListItem\",\"position\":1,\"name\":\"Dom\u016f\",\"item\":\"https:\/\/www.dakarmania.cz\/\"},{\"@type\":\"ListItem\",\"position\":2,\"name\":\"Dakar 2020: Dvan\u00e1ct etap, ze t\u0159\u00ed \u010dtvrtin v p\u00edsku\"}]},{\"@type\":\"WebSite\",\"@id\":\"https:\/\/www.dakarmania.cz\/#website\",\"url\":\"https:\/\/www.dakarmania.cz\/\",\"name\":\"DAKARMANIA.cz\",\"description\":\"\u017dijeme Dakarem cel\u00fd rok\",\"publisher\":{\"@id\":\"https:\/\/www.dakarmania.cz\/#organization\"},\"potentialAction\":[{\"@type\":\"SearchAction\",\"target\":{\"@type\":\"EntryPoint\",\"urlTemplate\":\"https:\/\/www.dakarmania.cz\/?s={search_term_string}\"},\"query-input\":{\"@type\":\"PropertyValueSpecification\",\"valueRequired\":true,\"valueName\":\"search_term_string\"}}],\"inLanguage\":\"cs\"},{\"@type\":\"Organization\",\"@id\":\"https:\/\/www.dakarmania.cz\/#organization\",\"name\":\"DAKAR MANIA\",\"url\":\"https:\/\/www.dakarmania.cz\/\",\"logo\":{\"@type\":\"ImageObject\",\"inLanguage\":\"cs\",\"@id\":\"https:\/\/www.dakarmania.cz\/#\/schema\/logo\/image\/\",\"url\":\"https:\/\/www.dakarmania.cz\/wp-content\/uploads\/2018\/12\/Dakar-Mania-Logo-Square-Orange.png\",\"contentUrl\":\"https:\/\/www.dakarmania.cz\/wp-content\/uploads\/2018\/12\/Dakar-Mania-Logo-Square-Orange.png\",\"width\":992,\"height\":992,\"caption\":\"DAKAR MANIA\"},\"image\":{\"@id\":\"https:\/\/www.dakarmania.cz\/#\/schema\/logo\/image\/\"},\"sameAs\":[\"https:\/\/www.facebook.com\/dakarmania\/\"]},{\"@type\":\"Person\",\"@id\":\"https:\/\/www.dakarmania.cz\/#\/schema\/person\/04eb0e87a389631c2169c0dddae7ff1e\",\"name\":\"Zden\u011bk Zelenka\",\"image\":{\"@type\":\"ImageObject\",\"inLanguage\":\"cs\",\"@id\":\"https:\/\/www.dakarmania.cz\/#\/schema\/person\/image\/\",\"url\":\"https:\/\/secure.gravatar.com\/avatar\/2c80d5a4942fe0900b73cc7d3837a509d6ee0a276a2b76dac95c92bd0763a89b?s=96&d=mm&r=g\",\"contentUrl\":\"https:\/\/secure.gravatar.com\/avatar\/2c80d5a4942fe0900b73cc7d3837a509d6ee0a276a2b76dac95c92bd0763a89b?s=96&d=mm&r=g\",\"caption\":\"Zden\u011bk Zelenka\"},\"description\":\"Moji d\u011bt\u0161t\u00ed hrdinov\u00e9 se jmenovali Loprais, Moskal, Neveu, Vatanen, Rahier... A tihle borci, jejich n\u00e1sledovn\u00edci a jejich p\u0159\u00edb\u011bhy m\u011b nep\u0159estali fascinovat ani po letech, kdy jsem vyrostl a zam\u011bstn\u00e1valy m\u011b jin\u00e9 discipl\u00edny motorsportu. Proto se zrodila DAKARMANIA.\",\"url\":\"https:\/\/www.dakarmania.cz\/index.php\/author\/dakarmania\/\"}]}<\/script>\n<!-- \/ Yoast SEO plugin. -->","yoast_head_json":{"title":"Dakar 2020: Dvan\u00e1ct etap, ze t\u0159\u00ed \u010dtvrtin v p\u00edsku - DAKARMANIA.cz","description":"42. ro\u010dn\u00edk Rally Dakar bude n\u00e1ro\u010dn\u00fd. Po\u0159adatel\u00e9 p\u0159ipravili 5097 kilometr\u016f rychlostn\u00edch zkou\u0161ek rozd\u011blen\u00fdch do 12 etap. 65 procent trati povede pou\u0161t\u00ed.","robots":{"index":"index","follow":"follow","max-snippet":"max-snippet:-1","max-image-preview":"max-image-preview:large","max-video-preview":"max-video-preview:-1"},"canonical":"https:\/\/www.dakarmania.cz\/index.php\/2019\/11\/20\/dakar-2020-ze-tri-ctvrtin-v-pisku\/","og_locale":"cs_CZ","og_type":"article","og_title":"Dakar 2020: Dvan\u00e1ct etap, ze t\u0159\u00ed \u010dtvrtin v p\u00edsku - DAKARMANIA.cz","og_description":"42. ro\u010dn\u00edk Rally Dakar bude n\u00e1ro\u010dn\u00fd. Po\u0159adatel\u00e9 p\u0159ipravili 5097 kilometr\u016f rychlostn\u00edch zkou\u0161ek rozd\u011blen\u00fdch do 12 etap. 65 procent trati povede pou\u0161t\u00ed.","og_url":"https:\/\/www.dakarmania.cz\/index.php\/2019\/11\/20\/dakar-2020-ze-tri-ctvrtin-v-pisku\/","og_site_name":"DAKARMANIA.cz","article_publisher":"https:\/\/www.facebook.com\/dakarmania\/","article_published_time":"2019-11-20T16:29:55+00:00","article_modified_time":"2023-03-02T10:20:37+00:00","og_image":[{"width":1024,"height":683,"url":"https:\/\/www.dakarmania.cz\/wp-content\/uploads\/2019\/11\/20-dakar-map-final-02.jpg","type":"image\/jpeg"}],"author":"Zden\u011bk Zelenka","twitter_card":"summary_large_image","twitter_misc":{"Napsal(a)":"Zden\u011bk Zelenka","Odhadovan\u00e1 doba \u010dten\u00ed":"3 minuty"},"schema":{"@context":"https:\/\/schema.org","@graph":[{"@type":"Article","@id":"https:\/\/www.dakarmania.cz\/index.php\/2019\/11\/20\/dakar-2020-ze-tri-ctvrtin-v-pisku\/#article","isPartOf":{"@id":"https:\/\/www.dakarmania.cz\/index.php\/2019\/11\/20\/dakar-2020-ze-tri-ctvrtin-v-pisku\/"},"author":{"name":"Zden\u011bk Zelenka","@id":"https:\/\/www.dakarmania.cz\/#\/schema\/person\/04eb0e87a389631c2169c0dddae7ff1e"},"headline":"Dakar 2020: Dvan\u00e1ct etap, ze t\u0159\u00ed \u010dtvrtin v p\u00edsku","datePublished":"2019-11-20T16:29:55+00:00","dateModified":"2023-03-02T10:20:37+00:00","mainEntityOfPage":{"@id":"https:\/\/www.dakarmania.cz\/index.php\/2019\/11\/20\/dakar-2020-ze-tri-ctvrtin-v-pisku\/"},"wordCount":731,"publisher":{"@id":"https:\/\/www.dakarmania.cz\/#organization"},"image":{"@id":"https:\/\/www.dakarmania.cz\/index.php\/2019\/11\/20\/dakar-2020-ze-tri-ctvrtin-v-pisku\/#primaryimage"},"thumbnailUrl":"https:\/\/www.dakarmania.cz\/wp-content\/uploads\/2019\/11\/20-dakar-map-final-02.jpg","keywords":["2020","Dakar","Dakar 2020","DKR20info"],"articleSection":["Dakar 2020"],"inLanguage":"cs"},{"@type":"WebPage","@id":"https:\/\/www.dakarmania.cz\/index.php\/2019\/11\/20\/dakar-2020-ze-tri-ctvrtin-v-pisku\/","url":"https:\/\/www.dakarmania.cz\/index.php\/2019\/11\/20\/dakar-2020-ze-tri-ctvrtin-v-pisku\/","name":"Dakar 2020: Dvan\u00e1ct etap, ze t\u0159\u00ed \u010dtvrtin v p\u00edsku - DAKARMANIA.cz","isPartOf":{"@id":"https:\/\/www.dakarmania.cz\/#website"},"primaryImageOfPage":{"@id":"https:\/\/www.dakarmania.cz\/index.php\/2019\/11\/20\/dakar-2020-ze-tri-ctvrtin-v-pisku\/#primaryimage"},"image":{"@id":"https:\/\/www.dakarmania.cz\/index.php\/2019\/11\/20\/dakar-2020-ze-tri-ctvrtin-v-pisku\/#primaryimage"},"thumbnailUrl":"https:\/\/www.dakarmania.cz\/wp-content\/uploads\/2019\/11\/20-dakar-map-final-02.jpg","datePublished":"2019-11-20T16:29:55+00:00","dateModified":"2023-03-02T10:20:37+00:00","description":"42. ro\u010dn\u00edk Rally Dakar bude n\u00e1ro\u010dn\u00fd. Po\u0159adatel\u00e9 p\u0159ipravili 5097 kilometr\u016f rychlostn\u00edch zkou\u0161ek rozd\u011blen\u00fdch do 12 etap. 65 procent trati povede pou\u0161t\u00ed.","breadcrumb":{"@id":"https:\/\/www.dakarmania.cz\/index.php\/2019\/11\/20\/dakar-2020-ze-tri-ctvrtin-v-pisku\/#breadcrumb"},"inLanguage":"cs","potentialAction":[{"@type":"ReadAction","target":["https:\/\/www.dakarmania.cz\/index.php\/2019\/11\/20\/dakar-2020-ze-tri-ctvrtin-v-pisku\/"]}]},{"@type":"ImageObject","inLanguage":"cs","@id":"https:\/\/www.dakarmania.cz\/index.php\/2019\/11\/20\/dakar-2020-ze-tri-ctvrtin-v-pisku\/#primaryimage","url":"https:\/\/www.dakarmania.cz\/wp-content\/uploads\/2019\/11\/20-dakar-map-final-02.jpg","contentUrl":"https:\/\/www.dakarmania.cz\/wp-content\/uploads\/2019\/11\/20-dakar-map-final-02.jpg","width":1024,"height":683,"caption":"Mapa Rally Dakar 2020. \u00a9 ASO"},{"@type":"BreadcrumbList","@id":"https:\/\/www.dakarmania.cz\/index.php\/2019\/11\/20\/dakar-2020-ze-tri-ctvrtin-v-pisku\/#breadcrumb","itemListElement":[{"@type":"ListItem","position":1,"name":"Dom\u016f","item":"https:\/\/www.dakarmania.cz\/"},{"@type":"ListItem","position":2,"name":"Dakar 2020: Dvan\u00e1ct etap, ze t\u0159\u00ed \u010dtvrtin v p\u00edsku"}]},{"@type":"WebSite","@id":"https:\/\/www.dakarmania.cz\/#website","url":"https:\/\/www.dakarmania.cz\/","name":"DAKARMANIA.cz","description":"\u017dijeme Dakarem cel\u00fd rok","publisher":{"@id":"https:\/\/www.dakarmania.cz\/#organization"},"potentialAction":[{"@type":"SearchAction","target":{"@type":"EntryPoint","urlTemplate":"https:\/\/www.dakarmania.cz\/?s={search_term_string}"},"query-input":{"@type":"PropertyValueSpecification","valueRequired":true,"valueName":"search_term_string"}}],"inLanguage":"cs"},{"@type":"Organization","@id":"https:\/\/www.dakarmania.cz\/#organization","name":"DAKAR MANIA","url":"https:\/\/www.dakarmania.cz\/","logo":{"@type":"ImageObject","inLanguage":"cs","@id":"https:\/\/www.dakarmania.cz\/#\/schema\/logo\/image\/","url":"https:\/\/www.dakarmania.cz\/wp-content\/uploads\/2018\/12\/Dakar-Mania-Logo-Square-Orange.png","contentUrl":"https:\/\/www.dakarmania.cz\/wp-content\/uploads\/2018\/12\/Dakar-Mania-Logo-Square-Orange.png","width":992,"height":992,"caption":"DAKAR MANIA"},"image":{"@id":"https:\/\/www.dakarmania.cz\/#\/schema\/logo\/image\/"},"sameAs":["https:\/\/www.facebook.com\/dakarmania\/"]},{"@type":"Person","@id":"https:\/\/www.dakarmania.cz\/#\/schema\/person\/04eb0e87a389631c2169c0dddae7ff1e","name":"Zden\u011bk Zelenka","image":{"@type":"ImageObject","inLanguage":"cs","@id":"https:\/\/www.dakarmania.cz\/#\/schema\/person\/image\/","url":"https:\/\/secure.gravatar.com\/avatar\/2c80d5a4942fe0900b73cc7d3837a509d6ee0a276a2b76dac95c92bd0763a89b?s=96&d=mm&r=g","contentUrl":"https:\/\/secure.gravatar.com\/avatar\/2c80d5a4942fe0900b73cc7d3837a509d6ee0a276a2b76dac95c92bd0763a89b?s=96&d=mm&r=g","caption":"Zden\u011bk Zelenka"},"description":"Moji d\u011bt\u0161t\u00ed hrdinov\u00e9 se jmenovali Loprais, Moskal, Neveu, Vatanen, Rahier... A tihle borci, jejich n\u00e1sledovn\u00edci a jejich p\u0159\u00edb\u011bhy m\u011b nep\u0159estali fascinovat ani po letech, kdy jsem vyrostl a zam\u011bstn\u00e1valy m\u011b jin\u00e9 discipl\u00edny motorsportu. Proto se zrodila DAKARMANIA.","url":"https:\/\/www.dakarmania.cz\/index.php\/author\/dakarmania\/"}]}},"amp_enabled":true,"_links":{"self":[{"href":"https:\/\/www.dakarmania.cz\/index.php\/wp-json\/wp\/v2\/posts\/13366","targetHints":{"allow":["GET"]}}],"collection":[{"href":"https:\/\/www.dakarmania.cz\/index.php\/wp-json\/wp\/v2\/posts"}],"about":[{"href":"https:\/\/www.dakarmania.cz\/index.php\/wp-json\/wp\/v2\/types\/post"}],"author":[{"embeddable":true,"href":"https:\/\/www.dakarmania.cz\/index.php\/wp-json\/wp\/v2\/users\/1"}],"replies":[{"embeddable":true,"href":"https:\/\/www.dakarmania.cz\/index.php\/wp-json\/wp\/v2\/comments?post=13366"}],"version-history":[{"count":8,"href":"https:\/\/www.dakarmania.cz\/index.php\/wp-json\/wp\/v2\/posts\/13366\/revisions"}],"predecessor-version":[{"id":13474,"href":"https:\/\/www.dakarmania.cz\/index.php\/wp-json\/wp\/v2\/posts\/13366\/revisions\/13474"}],"wp:featuredmedia":[{"embeddable":true,"href":"https:\/\/www.dakarmania.cz\/index.php\/wp-json\/wp\/v2\/media\/13369"}],"wp:attachment":[{"href":"https:\/\/www.dakarmania.cz\/index.php\/wp-json\/wp\/v2\/media?parent=13366"}],"wp:term":[{"taxonomy":"category","embeddable":true,"href":"https:\/\/www.dakarmania.cz\/index.php\/wp-json\/wp\/v2\/categories?post=13366"},{"taxonomy":"post_tag","embeddable":true,"href":"https:\/\/www.dakarmania.cz\/index.php\/wp-json\/wp\/v2\/tags?post=13366"}],"curies":[{"name":"wp","href":"https:\/\/api.w.org\/{rel}","templated":true}]}}