{"id":13382,"date":"2019-11-21T02:24:26","date_gmt":"2019-11-21T01:24:26","guid":{"rendered":"https:\/\/www.dakarmania.cz\/?p=13382"},"modified":"2020-01-05T02:05:12","modified_gmt":"2020-01-05T01:05:12","slug":"dakar-2020-narocnejsi-diky-pravidlum","status":"publish","type":"post","link":"https:\/\/www.dakarmania.cz\/index.php\/2019\/11\/21\/dakar-2020-narocnejsi-diky-pravidlum\/","title":{"rendered":"Dakar 2020: Je\u0161t\u011b n\u00e1ro\u010dn\u011bj\u0161\u00ed d\u00edky nov\u00fdm pravidl\u016fm"},"content":{"rendered":"<p>[vc_row][vc_column][vc_column_text css_animation=&#8221;fadeIn&#8221;]<\/p>\n<h4>Nov\u00fd \u0159editel David Castera a jeho t\u00fdm p\u0159istoupili k\u00a0n\u011bkolika \u00faprav\u00e1m pravidel, kter\u00e9 maj\u00ed ulevit amat\u00e9r\u016fm a zt\u00ed\u017eit z\u00e1vod velk\u00fdm t\u00fdm\u016fm a jejich jezdc\u016fm. Test novinek p\u0159i \u0159\u00edjnov\u00e9 Marock\u00e9 rally nazna\u010dil, \u017ee by m\u011blo j\u00edt o cestu spr\u00e1vn\u00fdm sm\u011brem.<\/h4>\n<p><a href=\"\/index.php\/osobnosti\/david-castera\/\">David Castera<\/a> za\u017eil africk\u00e9 Dakary jako motocyklista. Pot\u00e9 p\u016fsobil u spole\u010dnosti Amaury Sport Organisation (ASO) jako sportovn\u00ed \u0159editel Rally Dakar, aby n\u00e1sledn\u011b okusil jihoamerick\u00e9 ro\u010dn\u00edky v\u00a0roli spolujezdce v\u00a0tov\u00e1rn\u00edm t\u00fdmu Peugeot. Vybaven t\u011bmito zku\u0161enostmi \u010din\u00ed po n\u00e1stupu do funkce \u0159editele sout\u011b\u017ee kroky, kter\u00e9 maj\u00ed Dakaru v\u00a0maxim\u00e1ln\u00ed mo\u017en\u00e9 m\u00ed\u0159e vr\u00e1tit charakter tradi\u010dn\u00ed maratonsk\u00e9 rally.[\/vc_column_text][vc_column_text css_animation=&#8221;fadeIn&#8221; css=&#8221;.vc_custom_1574841444296{padding-top: 10px !important;padding-right: 10px !important;padding-bottom: 20px !important;padding-left: 10px !important;background-color: #dbd9d9 !important;}&#8221;]<strong>Souvisej\u00edc\u00ed:<\/strong><\/p>\n<p style=\"padding-left: 40px;\"><a href=\"\/index.php\/2019\/11\/20\/dakar-2020-ze-tri-ctvrtin-v-pisku\/\">Dakar 2020: Dvan\u00e1ct etap, ze t\u0159\u00ed \u010dtvrtin v p\u00edsku<\/a><\/p>\n<p>[\/vc_column_text][vc_column_text css_animation=&#8221;fadeIn&#8221;]A mohlo by se to poda\u0159it. Propast, kter\u00e1 se v\u00a0posledn\u00edch dvou dek\u00e1d\u00e1ch postupn\u011b zv\u011bt\u0161ovala mezi velk\u00fdmi tov\u00e1rn\u00edmi a tov\u00e1rnami v\u00fdznamn\u011b podporovan\u00fdmi t\u00fdmy na jedn\u00e9 stran\u011b, a men\u0161\u00edmi t\u00fdmy nebo \u00fapln\u00fdmi \u201ehobb\u00edky\u201c na stran\u011b druh\u00e9, by se nyn\u00ed m\u011bla zmen\u0161it.<\/p>\n<p>Roadbooky distribuovan\u00e9 n\u011bkolik minut p\u0159ed startem by m\u011bly v\u00a0bl\u00edzk\u00e9 budoucnosti o pr\u00e1ci definitivn\u011b p\u0159ipravit tzv. mapmany, kte\u0159\u00ed pro jezdce velk\u00fdch t\u00fdm\u016f hledali nejr\u016fzn\u011bj\u0161\u00ed zkratky mezi jednotliv\u00fdmi kontroln\u00edmi body.<\/p>\n<p>A v\u00a0kategorii motocykl\u016f, kde proti sob\u011b stoj\u00ed nejv\u00edc tov\u00e1rn\u00edch st\u00e1j\u00ed, jdou b\u00fdval\u00fd motocyklista Castera a jeho lid\u00e9 je\u0161t\u011b d\u00e1l. Motork\u00e1\u0159i budou muset nakombinovat rychlou j\u00edzdu s taktick\u00fdm \u0161et\u0159en\u00edm techniky, a to v\u00a0cel\u00e9 jedn\u00e9 t\u0159etin\u011b sout\u011b\u017ee. Krom\u011b klasick\u00e9 dvoudenn\u00ed maratonsk\u00e9 etapy je \u010dek\u00e1 taky supermaraton.[\/vc_column_text][vc_single_image image=&#8221;13381&#8243; img_size=&#8221;large&#8221; add_caption=&#8221;yes&#8221; alignment=&#8221;center&#8221; onclick=&#8221;link_image&#8221; css_animation=&#8221;fadeIn&#8221;][vc_column_text css_animation=&#8221;fadeIn&#8221;]Novinky si po\u0159adatel\u00e9 vyzkou\u0161eli u\u017e p\u0159i \u0159\u00edjnov\u00e9 <a href=\"\/index.php\/souteze\/maroc-2019\/\">Rallye du Maroc<\/a>. A\u010dkoliv se gener\u00e1lka zdaleka neobe\u0161la bez probl\u00e9m\u016f, v\u0161echny zm\u011bny prok\u00e1zaly svou \u017eivotaschopnost. Pokud si organiz\u00e1to\u0159i vzali z\u00a0chyb ponau\u010den\u00ed, budou tyto inovace v\u00fdraznou ingredienc\u00ed, kter\u00e1 <a href=\"\/index.php\/souteze\/dakar-2020\/\">Dakar 2020<\/a> p\u0159\u00edjemn\u011b oko\u0159en\u00ed.<\/p>\n<h4>Nov\u00e1 pravidla na Dakaru 2020<\/h4>\n<p><strong>Supermaraton:<\/strong> T\u00fdk\u00e1 se jen p\u0159edn\u00edch motocyklist\u016f a \u010dty\u0159kolk\u00e1\u0159\u016f a bude za\u0159azen hned na \u00favod sout\u011b\u017ee. Po druh\u00e9 etap\u011b (401 km celkem, 367 km speci\u00e1lka) budou m\u00edt jezdci pouh\u00fdch deset minut na nejnutn\u011bj\u0161\u00ed \u00fadr\u017ebu sv\u00fdch stroj\u016f, p\u0159i\u010dem\u017e na rozd\u00edl od klasick\u00e9 maratonsk\u00e9 etapy si nemohou pom\u00e1hat ani mezi sebou navz\u00e1jem a nesm\u00ed si prohodit \u017e\u00e1dn\u00e9 d\u00edly s\u00a0t\u00fdmov\u00fdmi kolegy. Noc mohou str\u00e1vit v\u00a0z\u00e1zem\u00ed sv\u00fdch t\u00fdm\u016f, zat\u00edmco p\u0159i maratonsk\u00e9 etap\u011b sp\u00ed ve spole\u010dn\u00e9m uzav\u0159en\u00e9m bivaku. Jak uk\u00e1zalo u\u017e Maroko, kl\u00ed\u010dovou roli bude hr\u00e1t ohledupln\u00e9 zach\u00e1zen\u00ed s\u00a0pneumatikami a technikou. Prakticky bez servisu a na stejn\u00fdch gum\u00e1ch budou muset jezdci zvl\u00e1dnout je\u0161t\u011b t\u0159et\u00ed etapu (489 km, RZ 404 km).<\/p>\n<p><strong>Barevn\u00fd roadbook:<\/strong> Jednotliv\u00e9 body a symboly budou v\u00a0itiner\u00e1\u0159i vyvedeny v barv\u011b podle v\u0161eobecn\u011b pou\u017e\u00edvan\u00fdch pravidel. C\u00edlem je minimalizovat dobu nutnou pro p\u0159\u00edpravu na dal\u0161\u00ed etapu. Novinka m\u00e1 ulevit p\u0159edev\u0161\u00edm amat\u00e9r\u016fm, kte\u0159\u00ed \u010dasto doj\u00ed\u017ed\u011bj\u00ed do bivaku pozd\u011b. U\u0161et\u0159en\u00fd \u010das by m\u011bli v\u00a0ide\u00e1ln\u00edm p\u0159\u00edpad\u011b v\u011bnovat odpo\u010dinku a p\u00e9\u010di o sv\u00e9 z\u00e1vodn\u00ed stroje. P\u0159inejmen\u0161\u00edm \u010dty\u0159ikr\u00e1t budou roadbooky distribuov\u00e1ny jen n\u011bkolik minut p\u0159ed startem etapy. V\u00a0ostatn\u00edch p\u0159\u00edpadech p\u0159edchoz\u00ed den po dojezdu do c\u00edle, jako tomu bylo doposud.[\/vc_column_text][vc_single_image image=&#8221;13379&#8243; img_size=&#8221;large&#8221; add_caption=&#8221;yes&#8221; alignment=&#8221;center&#8221; onclick=&#8221;link_image&#8221; css_animation=&#8221;fadeIn&#8221;][vc_column_text css_animation=&#8221;fadeIn&#8221;]<strong>Povinn\u00e1 zast\u00e1vka:<\/strong> Patn\u00e1ctiminutov\u00fd oddech, kter\u00fd zat\u00edm na Dakaru platil v\u00a0tankovac\u00ed z\u00f3n\u011b b\u011bhem speci\u00e1lky jen pro motocyklisty a \u010dty\u0159kolk\u00e1\u0159e, se bude nov\u011b t\u00fdkat v\u0161ech \u00fa\u010dastn\u00edk\u016f. Jde hlavn\u011b o bezpe\u010dnost. Kr\u00e1tk\u00fd odpo\u010dinek by m\u011bl p\u0159isp\u011bt k\u00a0vy\u0161\u0161\u00ed koncentraci z\u00e1vodn\u00edk\u016f ve druh\u00e9 \u010d\u00e1sti rychlostn\u00ed zkou\u0161ky.<\/p>\n<p><strong>Divok\u00e1 karta:<\/strong> Pokud sout\u011b\u017e\u00edc\u00ed odstoup\u00ed, a to z\u00a0jak\u00fdchkoliv d\u016fvod\u016f s\u00a0v\u00fdjimkou zdravotn\u00edch, mohou se do z\u00e1vodu vr\u00e1tit a pokra\u010dovat v\u00a0odd\u011blen\u00e9 klasifikaci nazvan\u00e9 \u201eDakar Experience\u201c. \u017dol\u00edka v\u0161ak mohou vyu\u017e\u00edt pouze jednou. Pravidlo m\u00e1 slou\u017eit hlavn\u011b amat\u00e9r\u016fm k\u00a0z\u00edsk\u00e1n\u00ed zku\u0161enost\u00ed u\u017eite\u010dn\u00fdch p\u0159i startu v\u00a0n\u011bkter\u00e9m z\u00a0n\u00e1sleduj\u00edc\u00edch ro\u010dn\u00edk\u016f. Proto divokou kartou nedisponuj\u00ed z\u00e1vodn\u00edci za\u0159azen\u00ed na seznam elitn\u00edch jezdc\u016f. Pro n\u011b v\u00a0p\u0159\u00edpad\u011b odstoupen\u00ed z\u00e1vod definitivn\u011b kon\u010d\u00ed.<\/p>\n<p><strong>Jedin\u00e1 kategorie Side-by-Side:<\/strong> V\u00a0souladu s\u00a0pravidly FIA budou v\u0161echny vozy SxS (do 900 kg, s\u00a0motory o objemu do 1000 ccm) za\u0159azeny do kategorie T3, kter\u00e1 bude rozd\u011blena do dvou t\u0159\u00edd: T3.S je ur\u010dena s\u00e9riov\u00fdm voz\u016fm (maxim\u00e1ln\u00ed povolen\u00e1 rychlost 120 km\/h) a T3.P je vyps\u00e1na pro prototypy (max. 130 km\/h).<\/p>\n<p><strong>Asistence mus\u00ed po trati:<\/strong> Kamiony takzvan\u00e9 rychl\u00e9 asistence (t\u0159\u00edda T4.3) mus\u00ed absolvovat kompletn\u00ed tra\u0165 etapy, v\u010detn\u011b rychlostn\u00ed zkou\u0161ky. Pokud zkratkou zam\u00ed\u0159\u00ed na pomoc jin\u00fdm \u00fa\u010dastn\u00edk\u016fm, mus\u00ed se n\u00e1sledn\u011b na tra\u0165 vr\u00e1tit ve stejn\u00e9m bod\u011b, kde ji opustily. Nemohou tedy rovnou pokra\u010dovat do c\u00edle jako dosud, kdy tak \u010dinily za cenu vysok\u00e9 penalizace za neprojet\u00e9 kontroln\u00ed body.[\/vc_column_text][\/vc_column][\/vc_row]<\/p>\n","protected":false},"excerpt":{"rendered":"<p>Nov\u00fd \u0159editel David Castera a jeho t\u00fdm p\u0159istoupili k n\u011bkolika \u00faprav\u00e1m pravidel, kter\u00e9 maj\u00ed ulevit amat\u00e9r\u016fm a zt\u00ed\u017eit z\u00e1vod velk\u00fdm t\u00fdm\u016fm a jejich jezdc\u016fm.<\/p>\n","protected":false},"author":1,"featured_media":13380,"comment_status":"open","ping_status":"closed","sticky":false,"template":"","format":"standard","meta":{"footnotes":""},"categories":[251],"tags":[903,8,159,1562],"class_list":["post-13382","post","type-post","status-publish","format-standard","has-post-thumbnail","hentry","category-dakar-2020","tag-903","tag-dakar","tag-dakar-2020","tag-dkr20info"],"yoast_head":"<!-- This site is optimized with the Yoast SEO plugin v24.9 - https:\/\/yoast.com\/wordpress\/plugins\/seo\/ -->\n<title>Dakar 2020: Je\u0161t\u011b n\u00e1ro\u010dn\u011bj\u0161\u00ed d\u00edky nov\u00fdm pravidl\u016fm - DAKARMANIA.cz<\/title>\n<meta name=\"description\" content=\"Nov\u00fd \u0159editel David Castera a jeho t\u00fdm p\u0159istoupili k n\u011bkolika \u00faprav\u00e1m pravidel, kter\u00e9 maj\u00ed ulevit amat\u00e9r\u016fm a zt\u00ed\u017eit z\u00e1vod velk\u00fdm t\u00fdm\u016fm a jejich jezdc\u016fm.\" \/>\n<meta name=\"robots\" content=\"index, follow, max-snippet:-1, max-image-preview:large, max-video-preview:-1\" \/>\n<link rel=\"canonical\" href=\"https:\/\/www.dakarmania.cz\/index.php\/2019\/11\/21\/dakar-2020-narocnejsi-diky-pravidlum\/\" \/>\n<meta property=\"og:locale\" content=\"cs_CZ\" \/>\n<meta property=\"og:type\" content=\"article\" \/>\n<meta property=\"og:title\" content=\"Dakar 2020: Je\u0161t\u011b n\u00e1ro\u010dn\u011bj\u0161\u00ed d\u00edky nov\u00fdm pravidl\u016fm - DAKARMANIA.cz\" \/>\n<meta property=\"og:description\" content=\"Nov\u00fd \u0159editel David Castera a jeho t\u00fdm p\u0159istoupili k n\u011bkolika \u00faprav\u00e1m pravidel, kter\u00e9 maj\u00ed ulevit amat\u00e9r\u016fm a zt\u00ed\u017eit z\u00e1vod velk\u00fdm t\u00fdm\u016fm a jejich jezdc\u016fm.\" \/>\n<meta property=\"og:url\" content=\"https:\/\/www.dakarmania.cz\/index.php\/2019\/11\/21\/dakar-2020-narocnejsi-diky-pravidlum\/\" \/>\n<meta property=\"og:site_name\" content=\"DAKARMANIA.cz\" \/>\n<meta property=\"article:publisher\" content=\"https:\/\/www.facebook.com\/dakarmania\/\" \/>\n<meta property=\"article:published_time\" content=\"2019-11-21T01:24:26+00:00\" \/>\n<meta property=\"article:modified_time\" content=\"2020-01-05T01:05:12+00:00\" \/>\n<meta property=\"og:image\" content=\"https:\/\/www.dakarmania.cz\/wp-content\/uploads\/2019\/11\/19-maroc-roadbook-01.jpg\" \/>\n\t<meta property=\"og:image:width\" content=\"1024\" \/>\n\t<meta property=\"og:image:height\" content=\"683\" \/>\n\t<meta property=\"og:image:type\" content=\"image\/jpeg\" \/>\n<meta name=\"author\" content=\"Zden\u011bk Zelenka\" \/>\n<meta name=\"twitter:card\" content=\"summary_large_image\" \/>\n<meta name=\"twitter:label1\" content=\"Napsal(a)\" \/>\n\t<meta name=\"twitter:data1\" content=\"Zden\u011bk Zelenka\" \/>\n\t<meta name=\"twitter:label2\" content=\"Odhadovan\u00e1 doba \u010dten\u00ed\" \/>\n\t<meta name=\"twitter:data2\" content=\"5 minut\" \/>\n<script type=\"application\/ld+json\" class=\"yoast-schema-graph\">{\"@context\":\"https:\/\/schema.org\",\"@graph\":[{\"@type\":\"Article\",\"@id\":\"https:\/\/www.dakarmania.cz\/index.php\/2019\/11\/21\/dakar-2020-narocnejsi-diky-pravidlum\/#article\",\"isPartOf\":{\"@id\":\"https:\/\/www.dakarmania.cz\/index.php\/2019\/11\/21\/dakar-2020-narocnejsi-diky-pravidlum\/\"},\"author\":{\"name\":\"Zden\u011bk Zelenka\",\"@id\":\"https:\/\/www.dakarmania.cz\/#\/schema\/person\/04eb0e87a389631c2169c0dddae7ff1e\"},\"headline\":\"Dakar 2020: Je\u0161t\u011b n\u00e1ro\u010dn\u011bj\u0161\u00ed d\u00edky nov\u00fdm pravidl\u016fm\",\"datePublished\":\"2019-11-21T01:24:26+00:00\",\"dateModified\":\"2020-01-05T01:05:12+00:00\",\"mainEntityOfPage\":{\"@id\":\"https:\/\/www.dakarmania.cz\/index.php\/2019\/11\/21\/dakar-2020-narocnejsi-diky-pravidlum\/\"},\"wordCount\":1025,\"commentCount\":0,\"publisher\":{\"@id\":\"https:\/\/www.dakarmania.cz\/#organization\"},\"image\":{\"@id\":\"https:\/\/www.dakarmania.cz\/index.php\/2019\/11\/21\/dakar-2020-narocnejsi-diky-pravidlum\/#primaryimage\"},\"thumbnailUrl\":\"https:\/\/www.dakarmania.cz\/wp-content\/uploads\/2019\/11\/19-maroc-roadbook-01.jpg\",\"keywords\":[\"2020\",\"Dakar\",\"Dakar 2020\",\"DKR20info\"],\"articleSection\":[\"Dakar 2020\"],\"inLanguage\":\"cs\",\"potentialAction\":[{\"@type\":\"CommentAction\",\"name\":\"Comment\",\"target\":[\"https:\/\/www.dakarmania.cz\/index.php\/2019\/11\/21\/dakar-2020-narocnejsi-diky-pravidlum\/#respond\"]}]},{\"@type\":\"WebPage\",\"@id\":\"https:\/\/www.dakarmania.cz\/index.php\/2019\/11\/21\/dakar-2020-narocnejsi-diky-pravidlum\/\",\"url\":\"https:\/\/www.dakarmania.cz\/index.php\/2019\/11\/21\/dakar-2020-narocnejsi-diky-pravidlum\/\",\"name\":\"Dakar 2020: Je\u0161t\u011b n\u00e1ro\u010dn\u011bj\u0161\u00ed d\u00edky nov\u00fdm pravidl\u016fm - DAKARMANIA.cz\",\"isPartOf\":{\"@id\":\"https:\/\/www.dakarmania.cz\/#website\"},\"primaryImageOfPage\":{\"@id\":\"https:\/\/www.dakarmania.cz\/index.php\/2019\/11\/21\/dakar-2020-narocnejsi-diky-pravidlum\/#primaryimage\"},\"image\":{\"@id\":\"https:\/\/www.dakarmania.cz\/index.php\/2019\/11\/21\/dakar-2020-narocnejsi-diky-pravidlum\/#primaryimage\"},\"thumbnailUrl\":\"https:\/\/www.dakarmania.cz\/wp-content\/uploads\/2019\/11\/19-maroc-roadbook-01.jpg\",\"datePublished\":\"2019-11-21T01:24:26+00:00\",\"dateModified\":\"2020-01-05T01:05:12+00:00\",\"description\":\"Nov\u00fd \u0159editel David Castera a jeho t\u00fdm p\u0159istoupili k n\u011bkolika \u00faprav\u00e1m pravidel, kter\u00e9 maj\u00ed ulevit amat\u00e9r\u016fm a zt\u00ed\u017eit z\u00e1vod velk\u00fdm t\u00fdm\u016fm a jejich jezdc\u016fm.\",\"breadcrumb\":{\"@id\":\"https:\/\/www.dakarmania.cz\/index.php\/2019\/11\/21\/dakar-2020-narocnejsi-diky-pravidlum\/#breadcrumb\"},\"inLanguage\":\"cs\",\"potentialAction\":[{\"@type\":\"ReadAction\",\"target\":[\"https:\/\/www.dakarmania.cz\/index.php\/2019\/11\/21\/dakar-2020-narocnejsi-diky-pravidlum\/\"]}]},{\"@type\":\"ImageObject\",\"inLanguage\":\"cs\",\"@id\":\"https:\/\/www.dakarmania.cz\/index.php\/2019\/11\/21\/dakar-2020-narocnejsi-diky-pravidlum\/#primaryimage\",\"url\":\"https:\/\/www.dakarmania.cz\/wp-content\/uploads\/2019\/11\/19-maroc-roadbook-01.jpg\",\"contentUrl\":\"https:\/\/www.dakarmania.cz\/wp-content\/uploads\/2019\/11\/19-maroc-roadbook-01.jpg\",\"width\":1024,\"height\":683,\"caption\":\"Poprv\u00e9 s barevn\u00fdm roadbookem. Rallye du Maroc 2019. \u00a9 Rallye du Maroc Media\"},{\"@type\":\"BreadcrumbList\",\"@id\":\"https:\/\/www.dakarmania.cz\/index.php\/2019\/11\/21\/dakar-2020-narocnejsi-diky-pravidlum\/#breadcrumb\",\"itemListElement\":[{\"@type\":\"ListItem\",\"position\":1,\"name\":\"Dom\u016f\",\"item\":\"https:\/\/www.dakarmania.cz\/\"},{\"@type\":\"ListItem\",\"position\":2,\"name\":\"Dakar 2020: Je\u0161t\u011b n\u00e1ro\u010dn\u011bj\u0161\u00ed d\u00edky nov\u00fdm pravidl\u016fm\"}]},{\"@type\":\"WebSite\",\"@id\":\"https:\/\/www.dakarmania.cz\/#website\",\"url\":\"https:\/\/www.dakarmania.cz\/\",\"name\":\"DAKARMANIA.cz\",\"description\":\"\u017dijeme Dakarem cel\u00fd rok\",\"publisher\":{\"@id\":\"https:\/\/www.dakarmania.cz\/#organization\"},\"potentialAction\":[{\"@type\":\"SearchAction\",\"target\":{\"@type\":\"EntryPoint\",\"urlTemplate\":\"https:\/\/www.dakarmania.cz\/?s={search_term_string}\"},\"query-input\":{\"@type\":\"PropertyValueSpecification\",\"valueRequired\":true,\"valueName\":\"search_term_string\"}}],\"inLanguage\":\"cs\"},{\"@type\":\"Organization\",\"@id\":\"https:\/\/www.dakarmania.cz\/#organization\",\"name\":\"DAKAR MANIA\",\"url\":\"https:\/\/www.dakarmania.cz\/\",\"logo\":{\"@type\":\"ImageObject\",\"inLanguage\":\"cs\",\"@id\":\"https:\/\/www.dakarmania.cz\/#\/schema\/logo\/image\/\",\"url\":\"https:\/\/www.dakarmania.cz\/wp-content\/uploads\/2018\/12\/Dakar-Mania-Logo-Square-Orange.png\",\"contentUrl\":\"https:\/\/www.dakarmania.cz\/wp-content\/uploads\/2018\/12\/Dakar-Mania-Logo-Square-Orange.png\",\"width\":992,\"height\":992,\"caption\":\"DAKAR MANIA\"},\"image\":{\"@id\":\"https:\/\/www.dakarmania.cz\/#\/schema\/logo\/image\/\"},\"sameAs\":[\"https:\/\/www.facebook.com\/dakarmania\/\"]},{\"@type\":\"Person\",\"@id\":\"https:\/\/www.dakarmania.cz\/#\/schema\/person\/04eb0e87a389631c2169c0dddae7ff1e\",\"name\":\"Zden\u011bk Zelenka\",\"image\":{\"@type\":\"ImageObject\",\"inLanguage\":\"cs\",\"@id\":\"https:\/\/www.dakarmania.cz\/#\/schema\/person\/image\/\",\"url\":\"https:\/\/secure.gravatar.com\/avatar\/2c80d5a4942fe0900b73cc7d3837a509d6ee0a276a2b76dac95c92bd0763a89b?s=96&d=mm&r=g\",\"contentUrl\":\"https:\/\/secure.gravatar.com\/avatar\/2c80d5a4942fe0900b73cc7d3837a509d6ee0a276a2b76dac95c92bd0763a89b?s=96&d=mm&r=g\",\"caption\":\"Zden\u011bk Zelenka\"},\"description\":\"Moji d\u011bt\u0161t\u00ed hrdinov\u00e9 se jmenovali Loprais, Moskal, Neveu, Vatanen, Rahier... A tihle borci, jejich n\u00e1sledovn\u00edci a jejich p\u0159\u00edb\u011bhy m\u011b nep\u0159estali fascinovat ani po letech, kdy jsem vyrostl a zam\u011bstn\u00e1valy m\u011b jin\u00e9 discipl\u00edny motorsportu. Proto se zrodila DAKARMANIA.\",\"url\":\"https:\/\/www.dakarmania.cz\/index.php\/author\/dakarmania\/\"}]}<\/script>\n<!-- \/ Yoast SEO plugin. -->","yoast_head_json":{"title":"Dakar 2020: Je\u0161t\u011b n\u00e1ro\u010dn\u011bj\u0161\u00ed d\u00edky nov\u00fdm pravidl\u016fm - DAKARMANIA.cz","description":"Nov\u00fd \u0159editel David Castera a jeho t\u00fdm p\u0159istoupili k n\u011bkolika \u00faprav\u00e1m pravidel, kter\u00e9 maj\u00ed ulevit amat\u00e9r\u016fm a zt\u00ed\u017eit z\u00e1vod velk\u00fdm t\u00fdm\u016fm a jejich jezdc\u016fm.","robots":{"index":"index","follow":"follow","max-snippet":"max-snippet:-1","max-image-preview":"max-image-preview:large","max-video-preview":"max-video-preview:-1"},"canonical":"https:\/\/www.dakarmania.cz\/index.php\/2019\/11\/21\/dakar-2020-narocnejsi-diky-pravidlum\/","og_locale":"cs_CZ","og_type":"article","og_title":"Dakar 2020: Je\u0161t\u011b n\u00e1ro\u010dn\u011bj\u0161\u00ed d\u00edky nov\u00fdm pravidl\u016fm - DAKARMANIA.cz","og_description":"Nov\u00fd \u0159editel David Castera a jeho t\u00fdm p\u0159istoupili k n\u011bkolika \u00faprav\u00e1m pravidel, kter\u00e9 maj\u00ed ulevit amat\u00e9r\u016fm a zt\u00ed\u017eit z\u00e1vod velk\u00fdm t\u00fdm\u016fm a jejich jezdc\u016fm.","og_url":"https:\/\/www.dakarmania.cz\/index.php\/2019\/11\/21\/dakar-2020-narocnejsi-diky-pravidlum\/","og_site_name":"DAKARMANIA.cz","article_publisher":"https:\/\/www.facebook.com\/dakarmania\/","article_published_time":"2019-11-21T01:24:26+00:00","article_modified_time":"2020-01-05T01:05:12+00:00","og_image":[{"width":1024,"height":683,"url":"https:\/\/www.dakarmania.cz\/wp-content\/uploads\/2019\/11\/19-maroc-roadbook-01.jpg","type":"image\/jpeg"}],"author":"Zden\u011bk Zelenka","twitter_card":"summary_large_image","twitter_misc":{"Napsal(a)":"Zden\u011bk Zelenka","Odhadovan\u00e1 doba \u010dten\u00ed":"5 minut"},"schema":{"@context":"https:\/\/schema.org","@graph":[{"@type":"Article","@id":"https:\/\/www.dakarmania.cz\/index.php\/2019\/11\/21\/dakar-2020-narocnejsi-diky-pravidlum\/#article","isPartOf":{"@id":"https:\/\/www.dakarmania.cz\/index.php\/2019\/11\/21\/dakar-2020-narocnejsi-diky-pravidlum\/"},"author":{"name":"Zden\u011bk Zelenka","@id":"https:\/\/www.dakarmania.cz\/#\/schema\/person\/04eb0e87a389631c2169c0dddae7ff1e"},"headline":"Dakar 2020: Je\u0161t\u011b n\u00e1ro\u010dn\u011bj\u0161\u00ed d\u00edky nov\u00fdm pravidl\u016fm","datePublished":"2019-11-21T01:24:26+00:00","dateModified":"2020-01-05T01:05:12+00:00","mainEntityOfPage":{"@id":"https:\/\/www.dakarmania.cz\/index.php\/2019\/11\/21\/dakar-2020-narocnejsi-diky-pravidlum\/"},"wordCount":1025,"commentCount":0,"publisher":{"@id":"https:\/\/www.dakarmania.cz\/#organization"},"image":{"@id":"https:\/\/www.dakarmania.cz\/index.php\/2019\/11\/21\/dakar-2020-narocnejsi-diky-pravidlum\/#primaryimage"},"thumbnailUrl":"https:\/\/www.dakarmania.cz\/wp-content\/uploads\/2019\/11\/19-maroc-roadbook-01.jpg","keywords":["2020","Dakar","Dakar 2020","DKR20info"],"articleSection":["Dakar 2020"],"inLanguage":"cs","potentialAction":[{"@type":"CommentAction","name":"Comment","target":["https:\/\/www.dakarmania.cz\/index.php\/2019\/11\/21\/dakar-2020-narocnejsi-diky-pravidlum\/#respond"]}]},{"@type":"WebPage","@id":"https:\/\/www.dakarmania.cz\/index.php\/2019\/11\/21\/dakar-2020-narocnejsi-diky-pravidlum\/","url":"https:\/\/www.dakarmania.cz\/index.php\/2019\/11\/21\/dakar-2020-narocnejsi-diky-pravidlum\/","name":"Dakar 2020: Je\u0161t\u011b n\u00e1ro\u010dn\u011bj\u0161\u00ed d\u00edky nov\u00fdm pravidl\u016fm - DAKARMANIA.cz","isPartOf":{"@id":"https:\/\/www.dakarmania.cz\/#website"},"primaryImageOfPage":{"@id":"https:\/\/www.dakarmania.cz\/index.php\/2019\/11\/21\/dakar-2020-narocnejsi-diky-pravidlum\/#primaryimage"},"image":{"@id":"https:\/\/www.dakarmania.cz\/index.php\/2019\/11\/21\/dakar-2020-narocnejsi-diky-pravidlum\/#primaryimage"},"thumbnailUrl":"https:\/\/www.dakarmania.cz\/wp-content\/uploads\/2019\/11\/19-maroc-roadbook-01.jpg","datePublished":"2019-11-21T01:24:26+00:00","dateModified":"2020-01-05T01:05:12+00:00","description":"Nov\u00fd \u0159editel David Castera a jeho t\u00fdm p\u0159istoupili k n\u011bkolika \u00faprav\u00e1m pravidel, kter\u00e9 maj\u00ed ulevit amat\u00e9r\u016fm a zt\u00ed\u017eit z\u00e1vod velk\u00fdm t\u00fdm\u016fm a jejich jezdc\u016fm.","breadcrumb":{"@id":"https:\/\/www.dakarmania.cz\/index.php\/2019\/11\/21\/dakar-2020-narocnejsi-diky-pravidlum\/#breadcrumb"},"inLanguage":"cs","potentialAction":[{"@type":"ReadAction","target":["https:\/\/www.dakarmania.cz\/index.php\/2019\/11\/21\/dakar-2020-narocnejsi-diky-pravidlum\/"]}]},{"@type":"ImageObject","inLanguage":"cs","@id":"https:\/\/www.dakarmania.cz\/index.php\/2019\/11\/21\/dakar-2020-narocnejsi-diky-pravidlum\/#primaryimage","url":"https:\/\/www.dakarmania.cz\/wp-content\/uploads\/2019\/11\/19-maroc-roadbook-01.jpg","contentUrl":"https:\/\/www.dakarmania.cz\/wp-content\/uploads\/2019\/11\/19-maroc-roadbook-01.jpg","width":1024,"height":683,"caption":"Poprv\u00e9 s barevn\u00fdm roadbookem. Rallye du Maroc 2019. \u00a9 Rallye du Maroc Media"},{"@type":"BreadcrumbList","@id":"https:\/\/www.dakarmania.cz\/index.php\/2019\/11\/21\/dakar-2020-narocnejsi-diky-pravidlum\/#breadcrumb","itemListElement":[{"@type":"ListItem","position":1,"name":"Dom\u016f","item":"https:\/\/www.dakarmania.cz\/"},{"@type":"ListItem","position":2,"name":"Dakar 2020: Je\u0161t\u011b n\u00e1ro\u010dn\u011bj\u0161\u00ed d\u00edky nov\u00fdm pravidl\u016fm"}]},{"@type":"WebSite","@id":"https:\/\/www.dakarmania.cz\/#website","url":"https:\/\/www.dakarmania.cz\/","name":"DAKARMANIA.cz","description":"\u017dijeme Dakarem cel\u00fd rok","publisher":{"@id":"https:\/\/www.dakarmania.cz\/#organization"},"potentialAction":[{"@type":"SearchAction","target":{"@type":"EntryPoint","urlTemplate":"https:\/\/www.dakarmania.cz\/?s={search_term_string}"},"query-input":{"@type":"PropertyValueSpecification","valueRequired":true,"valueName":"search_term_string"}}],"inLanguage":"cs"},{"@type":"Organization","@id":"https:\/\/www.dakarmania.cz\/#organization","name":"DAKAR MANIA","url":"https:\/\/www.dakarmania.cz\/","logo":{"@type":"ImageObject","inLanguage":"cs","@id":"https:\/\/www.dakarmania.cz\/#\/schema\/logo\/image\/","url":"https:\/\/www.dakarmania.cz\/wp-content\/uploads\/2018\/12\/Dakar-Mania-Logo-Square-Orange.png","contentUrl":"https:\/\/www.dakarmania.cz\/wp-content\/uploads\/2018\/12\/Dakar-Mania-Logo-Square-Orange.png","width":992,"height":992,"caption":"DAKAR MANIA"},"image":{"@id":"https:\/\/www.dakarmania.cz\/#\/schema\/logo\/image\/"},"sameAs":["https:\/\/www.facebook.com\/dakarmania\/"]},{"@type":"Person","@id":"https:\/\/www.dakarmania.cz\/#\/schema\/person\/04eb0e87a389631c2169c0dddae7ff1e","name":"Zden\u011bk Zelenka","image":{"@type":"ImageObject","inLanguage":"cs","@id":"https:\/\/www.dakarmania.cz\/#\/schema\/person\/image\/","url":"https:\/\/secure.gravatar.com\/avatar\/2c80d5a4942fe0900b73cc7d3837a509d6ee0a276a2b76dac95c92bd0763a89b?s=96&d=mm&r=g","contentUrl":"https:\/\/secure.gravatar.com\/avatar\/2c80d5a4942fe0900b73cc7d3837a509d6ee0a276a2b76dac95c92bd0763a89b?s=96&d=mm&r=g","caption":"Zden\u011bk Zelenka"},"description":"Moji d\u011bt\u0161t\u00ed hrdinov\u00e9 se jmenovali Loprais, Moskal, Neveu, Vatanen, Rahier... A tihle borci, jejich n\u00e1sledovn\u00edci a jejich p\u0159\u00edb\u011bhy m\u011b nep\u0159estali fascinovat ani po letech, kdy jsem vyrostl a zam\u011bstn\u00e1valy m\u011b jin\u00e9 discipl\u00edny motorsportu. Proto se zrodila DAKARMANIA.","url":"https:\/\/www.dakarmania.cz\/index.php\/author\/dakarmania\/"}]}},"amp_enabled":true,"_links":{"self":[{"href":"https:\/\/www.dakarmania.cz\/index.php\/wp-json\/wp\/v2\/posts\/13382","targetHints":{"allow":["GET"]}}],"collection":[{"href":"https:\/\/www.dakarmania.cz\/index.php\/wp-json\/wp\/v2\/posts"}],"about":[{"href":"https:\/\/www.dakarmania.cz\/index.php\/wp-json\/wp\/v2\/types\/post"}],"author":[{"embeddable":true,"href":"https:\/\/www.dakarmania.cz\/index.php\/wp-json\/wp\/v2\/users\/1"}],"replies":[{"embeddable":true,"href":"https:\/\/www.dakarmania.cz\/index.php\/wp-json\/wp\/v2\/comments?post=13382"}],"version-history":[{"count":4,"href":"https:\/\/www.dakarmania.cz\/index.php\/wp-json\/wp\/v2\/posts\/13382\/revisions"}],"predecessor-version":[{"id":13475,"href":"https:\/\/www.dakarmania.cz\/index.php\/wp-json\/wp\/v2\/posts\/13382\/revisions\/13475"}],"wp:featuredmedia":[{"embeddable":true,"href":"https:\/\/www.dakarmania.cz\/index.php\/wp-json\/wp\/v2\/media\/13380"}],"wp:attachment":[{"href":"https:\/\/www.dakarmania.cz\/index.php\/wp-json\/wp\/v2\/media?parent=13382"}],"wp:term":[{"taxonomy":"category","embeddable":true,"href":"https:\/\/www.dakarmania.cz\/index.php\/wp-json\/wp\/v2\/categories?post=13382"},{"taxonomy":"post_tag","embeddable":true,"href":"https:\/\/www.dakarmania.cz\/index.php\/wp-json\/wp\/v2\/tags?post=13382"}],"curies":[{"name":"wp","href":"https:\/\/api.w.org\/{rel}","templated":true}]}}