{"id":13417,"date":"2019-11-13T12:37:49","date_gmt":"2019-11-13T11:37:49","guid":{"rendered":"https:\/\/www.dakarmania.cz\/?p=13417"},"modified":"2019-11-26T00:27:33","modified_gmt":"2019-11-25T23:27:33","slug":"extreme-e-zavody-i-osveta","status":"publish","type":"post","link":"https:\/\/www.dakarmania.cz\/index.php\/2019\/11\/13\/extreme-e-zavody-i-osveta\/","title":{"rendered":"Extreme E: Z\u00e1vody offroadov\u00fdch elektromobil\u016f i ekologick\u00e1 osv\u011bta"},"content":{"rendered":"<p>[vc_row][vc_column][vc_column_text css_animation=&#8221;fadeIn&#8221;]<\/p>\n<h4>Nov\u00e1 s\u00e9rie Extreme E by m\u011bla nab\u00eddnout unik\u00e1tn\u00ed pod\u00edvanou, propagovat inovativn\u00ed technologie automobilov\u00e9ho pr\u016fmyslu, ale tak\u00e9 hlasit\u011b upozor\u0148ovat na ekologick\u00e9 probl\u00e9my planety.<\/h4>\n<p>Zakladatel formule E Alejandro Agag m\u00ed\u0159\u00ed z okruh\u016f v centrech sv\u011btov\u00fdch velkom\u011bst tak\u00e9 do ter\u00e9nu. V roce 2021 odstartuje prvn\u00ed sezona s\u00e9rie Extreme E, v jej\u00edm\u017e r\u00e1mci se utk\u00e1 dvan\u00e1ct t\u00fdm\u016f p\u0159i p\u011bti z\u00e1vodech ve velmi unik\u00e1tn\u00edch lokalit\u00e1ch.[\/vc_column_text][vc_column_text css_animation=&#8221;fadeIn&#8221; css=&#8221;.vc_custom_1574724448387{padding-top: 10px !important;padding-right: 10px !important;padding-bottom: 20px !important;padding-left: 10px !important;background-color: #dbd9d9 !important;}&#8221;]<strong>V\u00edce k t\u00e9matu:<\/strong><\/p>\n<p style=\"padding-left: 40px;\"><a href=\"\/index.php\/2019\/11\/25\/odyssey-21-na-dakaru-2020\/\"><strong>&gt;<\/strong> Elektrick\u00fd speci\u00e1l Odyssey 21 na Dakaru 2020<\/a><br \/>\n<a href=\"\/index.php\/2019\/11\/13\/odyssey-21\/\"><strong>&gt;<\/strong> Odyssey 21 otev\u0159e novou kapitolu offroadov\u00e9ho z\u00e1vod\u011bn\u00ed<\/a><br \/>\n<a href=\"\/index.php\/2019\/11\/19\/extreme-e-ogier-sunderland\/\"><strong>&gt;<\/strong> Extreme E zaujala Ogiera, Sunderlanda i \u0159adu dal\u0161\u00edch hv\u011bzd<\/a><\/p>\n<p>[\/vc_column_text][vc_column_text css_animation=&#8221;fadeIn&#8221;]<\/p>\n<h4>Div\u00e1cky atraktivn\u00ed form\u00e1t<\/h4>\n<p>P\u0159i ka\u017ed\u00e9m podniku budou t\u00fdmy nejprve rozd\u011bleny do dvou \u0161esti\u010dlenn\u00fdch skupin. V jejich r\u00e1mci se jezdci utkaj\u00ed ka\u017ed\u00fd s ka\u017ed\u00fdm v rozj\u00ed\u017e\u010fk\u00e1ch, do kter\u00fdch proti sob\u011b nastoup\u00ed v\u017edy dvojice voz\u016f. \u010ctve\u0159ice nejlep\u0161\u00edch z ka\u017ed\u00e9 skupiny postoup\u00ed do vy\u0159azovac\u00ed \u010d\u00e1sti.<\/p>\n<p>\u010ctvrtfin\u00e1le, semifin\u00e1le i fin\u00e1le se op\u011bt pojedou syst\u00e9mem jeden proti jednomu. V\u00edt\u011bz jde d\u00e1l, pro pora\u017een\u00e9ho \u00fa\u010dinkov\u00e1n\u00ed v z\u00e1vod\u011b kon\u010d\u00ed.[\/vc_column_text][vc_single_image image=&#8221;13415&#8243; img_size=&#8221;large&#8221; add_caption=&#8221;yes&#8221; alignment=&#8221;center&#8221; onclick=&#8221;link_image&#8221; css_animation=&#8221;fadeIn&#8221;][vc_column_text css_animation=&#8221;fadeIn&#8221;]D\u00e9lka trat\u00ed jednotliv\u00fdch rozj\u00ed\u017ed\u011bk se bude pohybovat mezi \u0161esti a deseti kilometry. Trasa bude vyty\u010dena pouze p\u011bti a\u017e \u0161esti virtu\u00e1ln\u00edmi pr\u016fjezdn\u00edmi branami, do kter\u00fdch z\u00e1vodn\u00edky nasm\u011bruje navigace.<\/p>\n<p>V z\u00e1kladn\u00edch skupin\u00e1ch se bude bojovat na jin\u00fdch trat\u00edch ne\u017e ve vy\u0159azovac\u00ed \u010d\u00e1sti. Unik\u00e1tn\u00ed okruh bude v\u017edy p\u0159ipraven tak\u00e9 pro \u010dtvrtfin\u00e1le, semifin\u00e1le i fin\u00e1le.<\/p>\n<h4>Z\u00e1kladna na lodi<\/h4>\n<p>Kompletn\u00ed vybaven\u00ed Extreme E se bude po sv\u011bt\u011b p\u0159esouvat na palub\u011b lodi. RMS St Helena poskytne z\u00e1zem\u00ed jezdc\u016fm, t\u00fdm\u016fm, VIP host\u016fm i televizn\u00edm spole\u010dnostem, kter\u00e9 budou z\u00e1vody vys\u00edlat. P\u0159\u00edmo v d\u011bji\u0161ti z\u00e1vodu pak bude vybudov\u00e1n je\u0161t\u011b jak\u00fdsi z\u00e1kladn\u00ed t\u00e1bor ozna\u010dovan\u00fd jako Extreme E Hub.<\/p>\n<p>Kv\u016fli proklamovan\u00fdm snah\u00e1m o co nejmen\u0161\u00ed dopad na \u017eivotn\u00ed prost\u0159ed\u00ed budou z\u00e1vody sn\u00edm\u00e1ny pouze kamerami um\u00edst\u011bn\u00fdmi na dronech a v samotn\u00fdch z\u00e1vodn\u00edch vozech.[\/vc_column_text][vc_single_image image=&#8221;13416&#8243; img_size=&#8221;large&#8221; add_caption=&#8221;yes&#8221; alignment=&#8221;center&#8221; onclick=&#8221;link_image&#8221; css_animation=&#8221;fadeIn&#8221;][vc_column_text css_animation=&#8221;fadeIn&#8221;]<\/p>\n<h4>P\u0159it\u00e1hnout pozornost<\/h4>\n<p>Organiz\u00e1to\u0159i Extreme E se v\u00fdb\u011brem lokalit pochopiteln\u011b sna\u017e\u00ed nab\u00eddnout unik\u00e1tn\u00ed pod\u00edvanou, kter\u00e1 by m\u011bla zajistit vysokou sledovanost, z\u00e1rove\u0148 v\u0161ak cht\u011bj\u00ed vybran\u00fdm m\u00edst\u016fm v maxim\u00e1ln\u00ed mo\u017en\u00e9 m\u00ed\u0159e prosp\u011bt. Marketing s\u00e9rie je \u00fazce spojen s ekologickou osv\u011btou a upozor\u0148ov\u00e1n\u00edm na nebezpe\u010dn\u00fd dopad klimatick\u00fdch zm\u011bn na ekosyst\u00e9m hostitelsk\u00fdch oblast\u00ed.<\/p>\n<p>Z\u00e1vody Extreme E 2021 se pojedou v de\u0161tn\u00e9m pralese v brazilsk\u00e9m st\u00e1t\u011b Par\u00e1, v bl\u00edzkosti fjordu Kangerlussuaq v Gr\u00f3nsku, v zat\u00edm bl\u00ed\u017ee nespecifikovan\u00e9 oblasti Sa\u00fadsk\u00e9 Ar\u00e1bie a v nep\u00e1lsk\u00e9m \u00fadol\u00ed Kali Gandaki, kter\u00e9 se nach\u00e1z\u00ed 2750 metr\u016f nad mo\u0159em a rozprost\u00edr\u00e1 se pod himal\u00e1jsk\u00fdm masivem Annapurny.<\/p>\n<p>D\u011bji\u0161t\u011b posledn\u00edho z\u00e1vodu m\u00e1 b\u00fdt odtajn\u011bno v nejbli\u017e\u0161\u00edch t\u00fddnech.[\/vc_column_text][\/vc_column][\/vc_row]<\/p>\n","protected":false},"excerpt":{"rendered":"<p>Nov\u00e1 s\u00e9rie Extreme E by m\u011bla nab\u00eddnout unik\u00e1tn\u00ed pod\u00edvanou, propagovat inovativn\u00ed technologie, ale tak\u00e9 hlasit\u011b upozor\u0148ovat na ekologick\u00e9 probl\u00e9my planety.<\/p>\n","protected":false},"author":1,"featured_media":13414,"comment_status":"open","ping_status":"closed","sticky":false,"template":"","format":"standard","meta":{"footnotes":""},"categories":[3,1566],"tags":[1564,1565],"class_list":["post-13417","post","type-post","status-publish","format-standard","has-post-thumbnail","hentry","category-auto","category-extreme-e","tag-extreme-e","tag-extreme-e-2021"],"yoast_head":"<!-- This site is optimized with the Yoast SEO plugin v24.9 - https:\/\/yoast.com\/wordpress\/plugins\/seo\/ -->\n<title>Extreme E: Z\u00e1vody offroadov\u00fdch elektromobil\u016f i ekologick\u00e1 osv\u011bta - DAKARMANIA.cz<\/title>\n<meta name=\"description\" content=\"Nov\u00e1 s\u00e9rie Extreme E by m\u011bla nab\u00eddnout unik\u00e1tn\u00ed pod\u00edvanou, propagovat inovativn\u00ed technologie, ale tak\u00e9 hlasit\u011b upozor\u0148ovat na ekologick\u00e9 probl\u00e9my planety.\" \/>\n<meta name=\"robots\" content=\"index, follow, max-snippet:-1, max-image-preview:large, max-video-preview:-1\" \/>\n<link rel=\"canonical\" href=\"https:\/\/www.dakarmania.cz\/index.php\/2019\/11\/13\/extreme-e-zavody-i-osveta\/\" \/>\n<meta property=\"og:locale\" content=\"cs_CZ\" \/>\n<meta property=\"og:type\" content=\"article\" \/>\n<meta property=\"og:title\" content=\"Extreme E: Z\u00e1vody offroadov\u00fdch elektromobil\u016f i ekologick\u00e1 osv\u011bta - DAKARMANIA.cz\" \/>\n<meta property=\"og:description\" content=\"Nov\u00e1 s\u00e9rie Extreme E by m\u011bla nab\u00eddnout unik\u00e1tn\u00ed pod\u00edvanou, propagovat inovativn\u00ed technologie, ale tak\u00e9 hlasit\u011b upozor\u0148ovat na ekologick\u00e9 probl\u00e9my planety.\" \/>\n<meta property=\"og:url\" content=\"https:\/\/www.dakarmania.cz\/index.php\/2019\/11\/13\/extreme-e-zavody-i-osveta\/\" \/>\n<meta property=\"og:site_name\" content=\"DAKARMANIA.cz\" \/>\n<meta property=\"article:publisher\" content=\"https:\/\/www.facebook.com\/dakarmania\/\" \/>\n<meta property=\"article:published_time\" content=\"2019-11-13T11:37:49+00:00\" \/>\n<meta property=\"article:modified_time\" content=\"2019-11-25T23:27:33+00:00\" \/>\n<meta property=\"og:image\" content=\"https:\/\/www.dakarmania.cz\/wp-content\/uploads\/2019\/11\/extreme-e-03.jpg\" \/>\n\t<meta property=\"og:image:width\" content=\"1024\" \/>\n\t<meta property=\"og:image:height\" content=\"683\" \/>\n\t<meta property=\"og:image:type\" content=\"image\/jpeg\" \/>\n<meta name=\"author\" content=\"Zden\u011bk Zelenka\" \/>\n<meta name=\"twitter:card\" content=\"summary_large_image\" \/>\n<meta name=\"twitter:label1\" content=\"Napsal(a)\" \/>\n\t<meta name=\"twitter:data1\" content=\"Zden\u011bk Zelenka\" \/>\n\t<meta name=\"twitter:label2\" content=\"Odhadovan\u00e1 doba \u010dten\u00ed\" \/>\n\t<meta name=\"twitter:data2\" content=\"3 minuty\" \/>\n<script type=\"application\/ld+json\" class=\"yoast-schema-graph\">{\"@context\":\"https:\/\/schema.org\",\"@graph\":[{\"@type\":\"Article\",\"@id\":\"https:\/\/www.dakarmania.cz\/index.php\/2019\/11\/13\/extreme-e-zavody-i-osveta\/#article\",\"isPartOf\":{\"@id\":\"https:\/\/www.dakarmania.cz\/index.php\/2019\/11\/13\/extreme-e-zavody-i-osveta\/\"},\"author\":{\"name\":\"Zden\u011bk Zelenka\",\"@id\":\"https:\/\/www.dakarmania.cz\/#\/schema\/person\/04eb0e87a389631c2169c0dddae7ff1e\"},\"headline\":\"Extreme E: Z\u00e1vody offroadov\u00fdch elektromobil\u016f i ekologick\u00e1 osv\u011bta\",\"datePublished\":\"2019-11-13T11:37:49+00:00\",\"dateModified\":\"2019-11-25T23:27:33+00:00\",\"mainEntityOfPage\":{\"@id\":\"https:\/\/www.dakarmania.cz\/index.php\/2019\/11\/13\/extreme-e-zavody-i-osveta\/\"},\"wordCount\":671,\"commentCount\":0,\"publisher\":{\"@id\":\"https:\/\/www.dakarmania.cz\/#organization\"},\"image\":{\"@id\":\"https:\/\/www.dakarmania.cz\/index.php\/2019\/11\/13\/extreme-e-zavody-i-osveta\/#primaryimage\"},\"thumbnailUrl\":\"https:\/\/www.dakarmania.cz\/wp-content\/uploads\/2019\/11\/extreme-e-03.jpg\",\"keywords\":[\"Extreme E\",\"Extreme E 2021\"],\"articleSection\":[\"Auto\",\"Extreme E\"],\"inLanguage\":\"cs\",\"potentialAction\":[{\"@type\":\"CommentAction\",\"name\":\"Comment\",\"target\":[\"https:\/\/www.dakarmania.cz\/index.php\/2019\/11\/13\/extreme-e-zavody-i-osveta\/#respond\"]}]},{\"@type\":\"WebPage\",\"@id\":\"https:\/\/www.dakarmania.cz\/index.php\/2019\/11\/13\/extreme-e-zavody-i-osveta\/\",\"url\":\"https:\/\/www.dakarmania.cz\/index.php\/2019\/11\/13\/extreme-e-zavody-i-osveta\/\",\"name\":\"Extreme E: Z\u00e1vody offroadov\u00fdch elektromobil\u016f i ekologick\u00e1 osv\u011bta - DAKARMANIA.cz\",\"isPartOf\":{\"@id\":\"https:\/\/www.dakarmania.cz\/#website\"},\"primaryImageOfPage\":{\"@id\":\"https:\/\/www.dakarmania.cz\/index.php\/2019\/11\/13\/extreme-e-zavody-i-osveta\/#primaryimage\"},\"image\":{\"@id\":\"https:\/\/www.dakarmania.cz\/index.php\/2019\/11\/13\/extreme-e-zavody-i-osveta\/#primaryimage\"},\"thumbnailUrl\":\"https:\/\/www.dakarmania.cz\/wp-content\/uploads\/2019\/11\/extreme-e-03.jpg\",\"datePublished\":\"2019-11-13T11:37:49+00:00\",\"dateModified\":\"2019-11-25T23:27:33+00:00\",\"description\":\"Nov\u00e1 s\u00e9rie Extreme E by m\u011bla nab\u00eddnout unik\u00e1tn\u00ed pod\u00edvanou, propagovat inovativn\u00ed technologie, ale tak\u00e9 hlasit\u011b upozor\u0148ovat na ekologick\u00e9 probl\u00e9my planety.\",\"breadcrumb\":{\"@id\":\"https:\/\/www.dakarmania.cz\/index.php\/2019\/11\/13\/extreme-e-zavody-i-osveta\/#breadcrumb\"},\"inLanguage\":\"cs\",\"potentialAction\":[{\"@type\":\"ReadAction\",\"target\":[\"https:\/\/www.dakarmania.cz\/index.php\/2019\/11\/13\/extreme-e-zavody-i-osveta\/\"]}]},{\"@type\":\"ImageObject\",\"inLanguage\":\"cs\",\"@id\":\"https:\/\/www.dakarmania.cz\/index.php\/2019\/11\/13\/extreme-e-zavody-i-osveta\/#primaryimage\",\"url\":\"https:\/\/www.dakarmania.cz\/wp-content\/uploads\/2019\/11\/extreme-e-03.jpg\",\"contentUrl\":\"https:\/\/www.dakarmania.cz\/wp-content\/uploads\/2019\/11\/extreme-e-03.jpg\",\"width\":1024,\"height\":683,\"caption\":\"Odyssey 21. Nat\u00e1\u010den\u00ed ve francouzsk\u00e9m \u00c9vry v l\u00e9t\u011b 2019. \u00a9 Extreme E\"},{\"@type\":\"BreadcrumbList\",\"@id\":\"https:\/\/www.dakarmania.cz\/index.php\/2019\/11\/13\/extreme-e-zavody-i-osveta\/#breadcrumb\",\"itemListElement\":[{\"@type\":\"ListItem\",\"position\":1,\"name\":\"Dom\u016f\",\"item\":\"https:\/\/www.dakarmania.cz\/\"},{\"@type\":\"ListItem\",\"position\":2,\"name\":\"Extreme E: Z\u00e1vody offroadov\u00fdch elektromobil\u016f i ekologick\u00e1 osv\u011bta\"}]},{\"@type\":\"WebSite\",\"@id\":\"https:\/\/www.dakarmania.cz\/#website\",\"url\":\"https:\/\/www.dakarmania.cz\/\",\"name\":\"DAKARMANIA.cz\",\"description\":\"\u017dijeme Dakarem cel\u00fd rok\",\"publisher\":{\"@id\":\"https:\/\/www.dakarmania.cz\/#organization\"},\"potentialAction\":[{\"@type\":\"SearchAction\",\"target\":{\"@type\":\"EntryPoint\",\"urlTemplate\":\"https:\/\/www.dakarmania.cz\/?s={search_term_string}\"},\"query-input\":{\"@type\":\"PropertyValueSpecification\",\"valueRequired\":true,\"valueName\":\"search_term_string\"}}],\"inLanguage\":\"cs\"},{\"@type\":\"Organization\",\"@id\":\"https:\/\/www.dakarmania.cz\/#organization\",\"name\":\"DAKAR MANIA\",\"url\":\"https:\/\/www.dakarmania.cz\/\",\"logo\":{\"@type\":\"ImageObject\",\"inLanguage\":\"cs\",\"@id\":\"https:\/\/www.dakarmania.cz\/#\/schema\/logo\/image\/\",\"url\":\"https:\/\/www.dakarmania.cz\/wp-content\/uploads\/2018\/12\/Dakar-Mania-Logo-Square-Orange.png\",\"contentUrl\":\"https:\/\/www.dakarmania.cz\/wp-content\/uploads\/2018\/12\/Dakar-Mania-Logo-Square-Orange.png\",\"width\":992,\"height\":992,\"caption\":\"DAKAR MANIA\"},\"image\":{\"@id\":\"https:\/\/www.dakarmania.cz\/#\/schema\/logo\/image\/\"},\"sameAs\":[\"https:\/\/www.facebook.com\/dakarmania\/\"]},{\"@type\":\"Person\",\"@id\":\"https:\/\/www.dakarmania.cz\/#\/schema\/person\/04eb0e87a389631c2169c0dddae7ff1e\",\"name\":\"Zden\u011bk Zelenka\",\"image\":{\"@type\":\"ImageObject\",\"inLanguage\":\"cs\",\"@id\":\"https:\/\/www.dakarmania.cz\/#\/schema\/person\/image\/\",\"url\":\"https:\/\/secure.gravatar.com\/avatar\/2c80d5a4942fe0900b73cc7d3837a509d6ee0a276a2b76dac95c92bd0763a89b?s=96&d=mm&r=g\",\"contentUrl\":\"https:\/\/secure.gravatar.com\/avatar\/2c80d5a4942fe0900b73cc7d3837a509d6ee0a276a2b76dac95c92bd0763a89b?s=96&d=mm&r=g\",\"caption\":\"Zden\u011bk Zelenka\"},\"description\":\"Moji d\u011bt\u0161t\u00ed hrdinov\u00e9 se jmenovali Loprais, Moskal, Neveu, Vatanen, Rahier... A tihle borci, jejich n\u00e1sledovn\u00edci a jejich p\u0159\u00edb\u011bhy m\u011b nep\u0159estali fascinovat ani po letech, kdy jsem vyrostl a zam\u011bstn\u00e1valy m\u011b jin\u00e9 discipl\u00edny motorsportu. Proto se zrodila DAKARMANIA.\",\"url\":\"https:\/\/www.dakarmania.cz\/index.php\/author\/dakarmania\/\"}]}<\/script>\n<!-- \/ Yoast SEO plugin. -->","yoast_head_json":{"title":"Extreme E: Z\u00e1vody offroadov\u00fdch elektromobil\u016f i ekologick\u00e1 osv\u011bta - DAKARMANIA.cz","description":"Nov\u00e1 s\u00e9rie Extreme E by m\u011bla nab\u00eddnout unik\u00e1tn\u00ed pod\u00edvanou, propagovat inovativn\u00ed technologie, ale tak\u00e9 hlasit\u011b upozor\u0148ovat na ekologick\u00e9 probl\u00e9my planety.","robots":{"index":"index","follow":"follow","max-snippet":"max-snippet:-1","max-image-preview":"max-image-preview:large","max-video-preview":"max-video-preview:-1"},"canonical":"https:\/\/www.dakarmania.cz\/index.php\/2019\/11\/13\/extreme-e-zavody-i-osveta\/","og_locale":"cs_CZ","og_type":"article","og_title":"Extreme E: Z\u00e1vody offroadov\u00fdch elektromobil\u016f i ekologick\u00e1 osv\u011bta - DAKARMANIA.cz","og_description":"Nov\u00e1 s\u00e9rie Extreme E by m\u011bla nab\u00eddnout unik\u00e1tn\u00ed pod\u00edvanou, propagovat inovativn\u00ed technologie, ale tak\u00e9 hlasit\u011b upozor\u0148ovat na ekologick\u00e9 probl\u00e9my planety.","og_url":"https:\/\/www.dakarmania.cz\/index.php\/2019\/11\/13\/extreme-e-zavody-i-osveta\/","og_site_name":"DAKARMANIA.cz","article_publisher":"https:\/\/www.facebook.com\/dakarmania\/","article_published_time":"2019-11-13T11:37:49+00:00","article_modified_time":"2019-11-25T23:27:33+00:00","og_image":[{"width":1024,"height":683,"url":"https:\/\/www.dakarmania.cz\/wp-content\/uploads\/2019\/11\/extreme-e-03.jpg","type":"image\/jpeg"}],"author":"Zden\u011bk Zelenka","twitter_card":"summary_large_image","twitter_misc":{"Napsal(a)":"Zden\u011bk Zelenka","Odhadovan\u00e1 doba \u010dten\u00ed":"3 minuty"},"schema":{"@context":"https:\/\/schema.org","@graph":[{"@type":"Article","@id":"https:\/\/www.dakarmania.cz\/index.php\/2019\/11\/13\/extreme-e-zavody-i-osveta\/#article","isPartOf":{"@id":"https:\/\/www.dakarmania.cz\/index.php\/2019\/11\/13\/extreme-e-zavody-i-osveta\/"},"author":{"name":"Zden\u011bk Zelenka","@id":"https:\/\/www.dakarmania.cz\/#\/schema\/person\/04eb0e87a389631c2169c0dddae7ff1e"},"headline":"Extreme E: Z\u00e1vody offroadov\u00fdch elektromobil\u016f i ekologick\u00e1 osv\u011bta","datePublished":"2019-11-13T11:37:49+00:00","dateModified":"2019-11-25T23:27:33+00:00","mainEntityOfPage":{"@id":"https:\/\/www.dakarmania.cz\/index.php\/2019\/11\/13\/extreme-e-zavody-i-osveta\/"},"wordCount":671,"commentCount":0,"publisher":{"@id":"https:\/\/www.dakarmania.cz\/#organization"},"image":{"@id":"https:\/\/www.dakarmania.cz\/index.php\/2019\/11\/13\/extreme-e-zavody-i-osveta\/#primaryimage"},"thumbnailUrl":"https:\/\/www.dakarmania.cz\/wp-content\/uploads\/2019\/11\/extreme-e-03.jpg","keywords":["Extreme E","Extreme E 2021"],"articleSection":["Auto","Extreme E"],"inLanguage":"cs","potentialAction":[{"@type":"CommentAction","name":"Comment","target":["https:\/\/www.dakarmania.cz\/index.php\/2019\/11\/13\/extreme-e-zavody-i-osveta\/#respond"]}]},{"@type":"WebPage","@id":"https:\/\/www.dakarmania.cz\/index.php\/2019\/11\/13\/extreme-e-zavody-i-osveta\/","url":"https:\/\/www.dakarmania.cz\/index.php\/2019\/11\/13\/extreme-e-zavody-i-osveta\/","name":"Extreme E: Z\u00e1vody offroadov\u00fdch elektromobil\u016f i ekologick\u00e1 osv\u011bta - DAKARMANIA.cz","isPartOf":{"@id":"https:\/\/www.dakarmania.cz\/#website"},"primaryImageOfPage":{"@id":"https:\/\/www.dakarmania.cz\/index.php\/2019\/11\/13\/extreme-e-zavody-i-osveta\/#primaryimage"},"image":{"@id":"https:\/\/www.dakarmania.cz\/index.php\/2019\/11\/13\/extreme-e-zavody-i-osveta\/#primaryimage"},"thumbnailUrl":"https:\/\/www.dakarmania.cz\/wp-content\/uploads\/2019\/11\/extreme-e-03.jpg","datePublished":"2019-11-13T11:37:49+00:00","dateModified":"2019-11-25T23:27:33+00:00","description":"Nov\u00e1 s\u00e9rie Extreme E by m\u011bla nab\u00eddnout unik\u00e1tn\u00ed pod\u00edvanou, propagovat inovativn\u00ed technologie, ale tak\u00e9 hlasit\u011b upozor\u0148ovat na ekologick\u00e9 probl\u00e9my planety.","breadcrumb":{"@id":"https:\/\/www.dakarmania.cz\/index.php\/2019\/11\/13\/extreme-e-zavody-i-osveta\/#breadcrumb"},"inLanguage":"cs","potentialAction":[{"@type":"ReadAction","target":["https:\/\/www.dakarmania.cz\/index.php\/2019\/11\/13\/extreme-e-zavody-i-osveta\/"]}]},{"@type":"ImageObject","inLanguage":"cs","@id":"https:\/\/www.dakarmania.cz\/index.php\/2019\/11\/13\/extreme-e-zavody-i-osveta\/#primaryimage","url":"https:\/\/www.dakarmania.cz\/wp-content\/uploads\/2019\/11\/extreme-e-03.jpg","contentUrl":"https:\/\/www.dakarmania.cz\/wp-content\/uploads\/2019\/11\/extreme-e-03.jpg","width":1024,"height":683,"caption":"Odyssey 21. Nat\u00e1\u010den\u00ed ve francouzsk\u00e9m \u00c9vry v l\u00e9t\u011b 2019. \u00a9 Extreme E"},{"@type":"BreadcrumbList","@id":"https:\/\/www.dakarmania.cz\/index.php\/2019\/11\/13\/extreme-e-zavody-i-osveta\/#breadcrumb","itemListElement":[{"@type":"ListItem","position":1,"name":"Dom\u016f","item":"https:\/\/www.dakarmania.cz\/"},{"@type":"ListItem","position":2,"name":"Extreme E: Z\u00e1vody offroadov\u00fdch elektromobil\u016f i ekologick\u00e1 osv\u011bta"}]},{"@type":"WebSite","@id":"https:\/\/www.dakarmania.cz\/#website","url":"https:\/\/www.dakarmania.cz\/","name":"DAKARMANIA.cz","description":"\u017dijeme Dakarem cel\u00fd rok","publisher":{"@id":"https:\/\/www.dakarmania.cz\/#organization"},"potentialAction":[{"@type":"SearchAction","target":{"@type":"EntryPoint","urlTemplate":"https:\/\/www.dakarmania.cz\/?s={search_term_string}"},"query-input":{"@type":"PropertyValueSpecification","valueRequired":true,"valueName":"search_term_string"}}],"inLanguage":"cs"},{"@type":"Organization","@id":"https:\/\/www.dakarmania.cz\/#organization","name":"DAKAR MANIA","url":"https:\/\/www.dakarmania.cz\/","logo":{"@type":"ImageObject","inLanguage":"cs","@id":"https:\/\/www.dakarmania.cz\/#\/schema\/logo\/image\/","url":"https:\/\/www.dakarmania.cz\/wp-content\/uploads\/2018\/12\/Dakar-Mania-Logo-Square-Orange.png","contentUrl":"https:\/\/www.dakarmania.cz\/wp-content\/uploads\/2018\/12\/Dakar-Mania-Logo-Square-Orange.png","width":992,"height":992,"caption":"DAKAR MANIA"},"image":{"@id":"https:\/\/www.dakarmania.cz\/#\/schema\/logo\/image\/"},"sameAs":["https:\/\/www.facebook.com\/dakarmania\/"]},{"@type":"Person","@id":"https:\/\/www.dakarmania.cz\/#\/schema\/person\/04eb0e87a389631c2169c0dddae7ff1e","name":"Zden\u011bk Zelenka","image":{"@type":"ImageObject","inLanguage":"cs","@id":"https:\/\/www.dakarmania.cz\/#\/schema\/person\/image\/","url":"https:\/\/secure.gravatar.com\/avatar\/2c80d5a4942fe0900b73cc7d3837a509d6ee0a276a2b76dac95c92bd0763a89b?s=96&d=mm&r=g","contentUrl":"https:\/\/secure.gravatar.com\/avatar\/2c80d5a4942fe0900b73cc7d3837a509d6ee0a276a2b76dac95c92bd0763a89b?s=96&d=mm&r=g","caption":"Zden\u011bk Zelenka"},"description":"Moji d\u011bt\u0161t\u00ed hrdinov\u00e9 se jmenovali Loprais, Moskal, Neveu, Vatanen, Rahier... A tihle borci, jejich n\u00e1sledovn\u00edci a jejich p\u0159\u00edb\u011bhy m\u011b nep\u0159estali fascinovat ani po letech, kdy jsem vyrostl a zam\u011bstn\u00e1valy m\u011b jin\u00e9 discipl\u00edny motorsportu. Proto se zrodila DAKARMANIA.","url":"https:\/\/www.dakarmania.cz\/index.php\/author\/dakarmania\/"}]}},"amp_enabled":true,"_links":{"self":[{"href":"https:\/\/www.dakarmania.cz\/index.php\/wp-json\/wp\/v2\/posts\/13417","targetHints":{"allow":["GET"]}}],"collection":[{"href":"https:\/\/www.dakarmania.cz\/index.php\/wp-json\/wp\/v2\/posts"}],"about":[{"href":"https:\/\/www.dakarmania.cz\/index.php\/wp-json\/wp\/v2\/types\/post"}],"author":[{"embeddable":true,"href":"https:\/\/www.dakarmania.cz\/index.php\/wp-json\/wp\/v2\/users\/1"}],"replies":[{"embeddable":true,"href":"https:\/\/www.dakarmania.cz\/index.php\/wp-json\/wp\/v2\/comments?post=13417"}],"version-history":[{"count":7,"href":"https:\/\/www.dakarmania.cz\/index.php\/wp-json\/wp\/v2\/posts\/13417\/revisions"}],"predecessor-version":[{"id":13457,"href":"https:\/\/www.dakarmania.cz\/index.php\/wp-json\/wp\/v2\/posts\/13417\/revisions\/13457"}],"wp:featuredmedia":[{"embeddable":true,"href":"https:\/\/www.dakarmania.cz\/index.php\/wp-json\/wp\/v2\/media\/13414"}],"wp:attachment":[{"href":"https:\/\/www.dakarmania.cz\/index.php\/wp-json\/wp\/v2\/media?parent=13417"}],"wp:term":[{"taxonomy":"category","embeddable":true,"href":"https:\/\/www.dakarmania.cz\/index.php\/wp-json\/wp\/v2\/categories?post=13417"},{"taxonomy":"post_tag","embeddable":true,"href":"https:\/\/www.dakarmania.cz\/index.php\/wp-json\/wp\/v2\/tags?post=13417"}],"curies":[{"name":"wp","href":"https:\/\/api.w.org\/{rel}","templated":true}]}}