{"id":13431,"date":"2019-11-19T14:44:58","date_gmt":"2019-11-19T13:44:58","guid":{"rendered":"https:\/\/www.dakarmania.cz\/?p=13431"},"modified":"2023-05-27T10:21:34","modified_gmt":"2023-05-27T08:21:34","slug":"extreme-e-ogier-sunderland","status":"publish","type":"post","link":"https:\/\/www.dakarmania.cz\/index.php\/2019\/11\/19\/extreme-e-ogier-sunderland\/","title":{"rendered":"Extreme E zaujala Ogiera, Sunderlanda i \u0159adu dal\u0161\u00edch hv\u011bzd"},"content":{"rendered":"<p>[vc_row][vc_column][vc_column_text css_animation=&#8221;fadeIn&#8221;]<\/p>\n<h4>O \u00fa\u010dast v nov\u00e9 s\u00e9rii Extreme E, jej\u00ed\u017e podstatou budou z\u00e1vody elektrick\u00fdch offroadov\u00fdch speci\u00e1l\u016f v nejohro\u017een\u011bj\u0161\u00edch p\u0159\u00edrodn\u00edch oblastech planety, projevila z\u00e1jem cel\u00e1 \u0159ada zn\u00e1m\u00fdch z\u00e1vodn\u00edk\u016f.<\/h4>\n<p>Organiz\u00e1to\u0159i <a href=\"\/index.php\/2019\/11\/13\/extreme-e-zavody-i-osveta\/\">Extreme E<\/a> v z\u00e1\u0159\u00ed otev\u0159eli sv\u016fj jezdeck\u00fd program, do n\u011bho\u017e jsou postupn\u011b za\u0159azov\u00e1ni jezdci, kte\u0159\u00ed by se r\u00e1di zapojili do premi\u00e9rov\u00e9 sezony Extreme E.\u00a0U\u017e v prvn\u00ed vln\u011b se k projektu p\u0159idal \u0161estin\u00e1sobn\u00fd mistr sv\u011bta v rally S\u00e9bastien Ogier.<\/p>\n<p><em>\u201eExtreme E je \u00fapln\u011b jin\u00e1 ne\u017e cokoliv dal\u0161\u00edho v motoristick\u00e9m sportu, proto m\u011b neuv\u011b\u0159iteln\u011b l\u00e1k\u00e1,\u201c<\/em> tvrd\u00ed <strong>S\u00e9bastien Ogier<\/strong>. <em>\u201eD\u00edky kr\u00e1tk\u00fdm trat\u00edm, s\u00edle a v\u00fdkonu speci\u00e1l\u016f <a href=\"\/index.php\/2019\/11\/13\/odyssey-21\/\">Odyssey 21<\/a>, form\u00e1tu vy\u0159azovac\u00edch rozj\u00ed\u017ed\u011bk a samoz\u0159ejm\u011b tak\u00e9 d\u00edky v\u00fdjime\u010dn\u00fdm lokalit\u00e1m p\u016fjde o z\u00e1vod\u011bn\u00ed, kter\u00e9 bude extr\u00e9mn\u011b atraktivn\u00ed a nap\u00ednav\u00e9 jak pro jezdce, tak pro div\u00e1ky sleduj\u00edc\u00ed Extreme E ze sv\u00fdch domov\u016f.\u201c<\/em><\/p>\n<p><em>\u201eMiluji p\u0159\u00edrodu i na\u0161i planetu, nav\u00edc jsem otcem, a tak je pro m\u011b osobn\u011b ochrana p\u0159\u00edrodn\u00edho prost\u0159ed\u00ed velmi d\u016fle\u017eit\u00e1. R\u00e1d bych sv\u00fdm d\u00edlem p\u0159isp\u011bl k tomu, abychom zm\u011bnili sv\u00e9 zvyky, a snaha Extreme E o propagaci elektrick\u00e9 budoucnosti motorismu je v tomto ohledu naprosto z\u00e1sadn\u00ed,\u201c<\/em> m\u00edn\u00ed 35let\u00fd Francouz.[\/vc_column_text][vc_column_text css_animation=&#8221;fadeIn&#8221; css=&#8221;.vc_custom_1574724422371{padding-top: 10px !important;padding-right: 10px !important;padding-bottom: 20px !important;padding-left: 10px !important;background-color: #dbd9d9 !important;}&#8221;]<strong>V\u00edce k t\u00e9matu:<\/strong><\/p>\n<p style=\"padding-left: 40px;\"><a href=\"\/index.php\/2019\/11\/25\/odyssey-21-na-dakaru-2020\/\"><strong>&gt;<\/strong> Elektrick\u00fd speci\u00e1l Odyssey 21 na Dakaru 2020<\/a><br \/>\n<a href=\"\/index.php\/2019\/11\/13\/extreme-e-zavody-i-osveta\/\"><strong>&gt;<\/strong> Extreme E: Z\u00e1vody offroadov\u00fdch elektromobil\u016f i ekologick\u00e1 osv\u011bta<\/a><br \/>\n<a href=\"\/index.php\/2019\/11\/13\/odyssey-21\/\"><strong>&gt;<\/strong> Odyssey 21 otev\u0159e novou kapitolu offroadov\u00e9ho z\u00e1vod\u011bn\u00ed<\/a><\/p>\n<p>[\/vc_column_text][vc_column_text css_animation=&#8221;fadeIn&#8221;]<\/p>\n<h4>Ze dvou na \u010dty\u0159i kola?<\/h4>\n<p>Svou z\u00e1vodnickou budoucnost si v Extreme E um\u00ed p\u0159edstavit tak\u00e9 <a href=\"\/index.php\/osobnosti\/sunderland-sam\/\">Sam Sunderland<\/a>, jen\u017e se v roce 2017 stal historicky prvn\u00edm britsk\u00fdm v\u00edt\u011bzem <a href=\"\/index.php\/souteze\/#dakar\">Rally Dakar<\/a> a letos <a href=\"\/index.php\/2019\/09\/08\/atacama-rally-sampionem-sunderland\/\">z\u00edskal trofej mistra sv\u011bta v cross-country rally<\/a>.<\/p>\n<p><em>\u201eJakmile se pust\u00edte do nov\u00e9 discipl\u00edny motoristick\u00e9ho sportu, mus\u00edte se poka\u017ed\u00e9 rychle nau\u010dit spoustu v\u011bc\u00ed, proto\u017ee v\u0161ichni \u0161pi\u010dkov\u00ed jezdci cht\u011bj\u00ed pochopiteln\u011b v\u00edt\u011bzit. B\u011bhem sv\u00e9 kari\u00e9ry v cross-country rally jsem okusil prakticky v\u0161echny druhy ter\u00e9n\u016f, jak\u00e9 si dovedete p\u0159edstavit, co\u017e by s ohledem na d\u011bji\u0161t\u011b z\u00e1vod\u016f Extreme E m\u011bla b\u00fdt v\u00fdhoda,\u201c<\/em> douf\u00e1 <strong>Sam Sunderland<\/strong>.<\/p>\n<p><em>\u201eKombinaci z\u00e1vod\u011bn\u00ed se snahou upozornit na glob\u00e1ln\u00ed oteplov\u00e1n\u00ed a nejohro\u017een\u011bj\u0161\u00ed oblasti sv\u011bta pova\u017euji za \u00fa\u017easnou my\u0161lenku,\u201c<\/em> pokra\u010duje 37let\u00fd Brit, kter\u00fd v sou\u010dasnosti pat\u0159\u00ed k opor\u00e1m tov\u00e1rn\u00edho t\u00fdmu KTM. <em>\u201eTyto probl\u00e9my jsou d\u016fle\u017eit\u00e9 pro v\u0161echny a v\u0161echny tak\u00e9 ovliv\u0148uj\u00ed. Jen n\u011bkte\u0159\u00ed lid\u00e9 je st\u00e1le je\u0161t\u011b \u00fapln\u011b nevid\u00ed a my jim mus\u00edme otev\u0159\u00edt o\u010di. B\u011bhem sv\u00e9 kari\u00e9ry jsem mohl nav\u0161t\u00edvit nejr\u016fzn\u011bj\u0161\u00ed kouty sv\u011bta a nesn\u00e1\u0161\u00edm p\u0159edstavu, \u017ee by si p\u0159\u00ed\u0161t\u00ed generace nemohly u\u017e\u00edt to sam\u00e9.\u201c<\/em>[\/vc_column_text][vc_single_image image=&#8221;13430&#8243; img_size=&#8221;large&#8221; add_caption=&#8221;yes&#8221; alignment=&#8221;center&#8221; onclick=&#8221;link_image&#8221; css_animation=&#8221;fadeIn&#8221;][vc_column_text css_animation=&#8221;fadeIn&#8221;]<\/p>\n<h4>P\u0159etlak<\/h4>\n<p>Krom\u011b Ogiera a Sunderlanda jsou dal\u0161\u00edmi ofici\u00e1ln\u00edmi \u010dleny jezdeck\u00e9ho programu Extreme E tak\u00e9 novope\u010den\u00fd mistr Evropy v rally Chris Ingram, \u010derstv\u00fd mistr sv\u011bta v rallycrossu Timmy Hansen, jeho bratr Kevin, dal\u0161\u00ed \u00fasp\u011b\u0161n\u00ed rallycrossa\u0159i sv\u011btov\u00e9 \u00farovn\u011b Andreas Bakkerud a Timo Scheider (t\u00e9\u017e dvojn\u00e1sobn\u00fd \u0161ampion DTM) nebo ma\u010far\u0161t\u00ed jezdci rally a rallycrossu Kriszti\u00e1n Szab\u00f3 a Zolt\u00e1n Bessenyey.<\/p>\n<p>\u0160v\u00e9dka Mikaela \u00c5hlin-Kottulinsky je ofici\u00e1ln\u00ed testovac\u00ed jezdkyn\u00ed spole\u010dnosti Continental, kter\u00e1 bude v\u00fdhradn\u00edm dodavatelem pneumatik, \u00fa\u010dast v Extreme E l\u00e1k\u00e1 tak\u00e9 v\u00edt\u011bzku premi\u00e9rov\u00e9 sezony W Series Jamie Chadwick nebo zku\u0161enou Katherine Legge.<\/p>\n<p>Velk\u00e9 mno\u017estv\u00ed uchaze\u010d\u016f se rekrutuje z \u0159ad sou\u010dasn\u00fdch a b\u00fdval\u00fdch jezdc\u016f formule E, za n\u00ed\u0161 stoj\u00ed stejn\u00e1 spole\u010dnost jako za Extreme E. Konkr\u00e9tn\u011b se jedn\u00e1 o Lucase di Grassiho (\u0161ampion formule E 2016-17), Nelsona Piqueta Jr. (\u0161ampion FE 2014-15), Andr\u00e9ho Lotterera (trojn\u00e1sobn\u00fd v\u00edt\u011bz 24h Le Mans), Bruna Sennu, Karuna Chandhoka, J\u00e9r\u00f4ma d&#8217;Ambrosia, Daniela Abta, Antonia Felixe da Costu nebo Olivera Turveye.[\/vc_column_text][vc_single_image image=&#8221;13429&#8243; img_size=&#8221;large&#8221; add_caption=&#8221;yes&#8221; alignment=&#8221;center&#8221; onclick=&#8221;link_image&#8221; css_animation=&#8221;fadeIn&#8221;][vc_column_text css_animation=&#8221;fadeIn&#8221;]\u010cleny programu jsou tak\u00e9 Sacha Prost, jen\u017e se v\u011bnuje z\u00e1vod\u011bn\u00ed v r\u00e1mci Andros Trophy a je nejmlad\u0161\u00edm synem b\u00fdval\u00e9ho \u0161ampiona F1 Alaina Prosta, v\u00edt\u011bz Le Mans z roku 2013 Lo\u00efc Duval, mlad\u00fd Brit Billy Monger, kter\u00fd v roce 2017 p\u0159i\u0161el p\u0159i hav\u00e1rii ve formuli 4 o nohy, p\u0159esto se vr\u00e1til k z\u00e1vod\u011bn\u00ed a navzdory hendikepu letos dok\u00e1zal s formul\u00ed 3 vyhr\u00e1t zn\u00e1mou velkou cenu ve francouzsk\u00e9m Pau, jezdec superbik\u016f Takuma Aoki nebo \u00fa\u010dastn\u00edk z\u00e1vod\u016f voz\u016f kategorie GT James Rossiter.<\/p>\n<p>Z\u00e1vodn\u00edci zapsan\u00ed do jezdeck\u00e9ho programu jsou p\u0159ipraveni pomoci s propagac\u00ed Extreme E, ale m\u011bli by b\u00fdt tak\u00e9 k dispozici p\u0159i v\u00fdvoji prototypu i p\u0159i spole\u010dn\u00e9m testov\u00e1n\u00ed v\u0161ech voz\u016f na podzim p\u0159\u00ed\u0161t\u00edho roku.<\/p>\n<p>Form\u00e1t s\u00e9rie po\u010d\u00edt\u00e1 se dvan\u00e1cti t\u00fdmy, kter\u00e9 si mohou jezdce vybrat z tohoto seznamu, nicm\u00e9n\u011b mohou s\u00e1hnout i po jak\u00fdchkoliv jin\u00fdch z\u00e1vodn\u00edc\u00edch.<\/p>\n<p>\u00da\u010dast v Extreme E 2021 dosud potvrdily t\u00fdmy Venturi, ABT, Veloce Racing a HWA.<\/p>\n<p>Premi\u00e9rov\u00e1 sezona Extreme E odstartuje v \u00fanoru 2021.[\/vc_column_text][\/vc_column][\/vc_row]<\/p>\n","protected":false},"excerpt":{"rendered":"<p>O \u00fa\u010dast v Extreme E, jej\u00ed\u017e podstatou budou z\u00e1vody elektrick\u00fdch speci\u00e1l\u016f v nejohro\u017een\u011bj\u0161\u00edch oblastech planety, projevila z\u00e1jem \u0159ada zn\u00e1m\u00fdch z\u00e1vodn\u00edk\u016f.<\/p>\n","protected":false},"author":1,"featured_media":13428,"comment_status":"closed","ping_status":"closed","sticky":false,"template":"","format":"standard","meta":{"footnotes":""},"categories":[3,1566],"tags":[1597,1584,1576,1589,1593,1585,1575,1588,1564,1565,1599,1595,1580,1587,1586,1581,1571,1578,1592,1582,1572,1583,1590,1591,225,1574,1594,1570,1577,1598,1596,1579],"class_list":["post-13431","post","type-post","status-publish","format-standard","has-post-thumbnail","hentry","category-auto","category-extreme-e","tag-abt","tag-andre-lotterer","tag-andreas-bakkerud","tag-antonio-felix-da-costa","tag-billy-monger","tag-bruno-senna","tag-chris-ingram","tag-daniel-abt","tag-extreme-e","tag-extreme-e-2021","tag-hwa","tag-james-rossiter","tag-jamie-chadwick","tag-jerome-dambrosio","tag-karun-chandhok","tag-katherine-legge","tag-kevin-hansen","tag-krisztian-szabo","tag-loic-duval","tag-lucas-di-grassi","tag-mikaela-ahlin-kottulinsky","tag-nelson-piquet-jr","tag-oliver-turvey","tag-sacha-prost","tag-sam-sunderland","tag-sebastien-ogier","tag-takuma-aoki","tag-timmy-hansen","tag-timo-scheider","tag-veloce-racing","tag-venturi","tag-zoltan-bessenyey"],"yoast_head":"<!-- This site is optimized with the Yoast SEO plugin v24.9 - https:\/\/yoast.com\/wordpress\/plugins\/seo\/ -->\n<title>Extreme E zaujala Ogiera, Sunderlanda i \u0159adu dal\u0161\u00edch hv\u011bzd - DAKARMANIA.cz<\/title>\n<meta name=\"description\" content=\"O \u00fa\u010dast v Extreme E, jej\u00ed\u017e podstatou budou z\u00e1vody elektrick\u00fdch speci\u00e1l\u016f v nejohro\u017een\u011bj\u0161\u00edch oblastech planety, projevila z\u00e1jem \u0159ada zn\u00e1m\u00fdch z\u00e1vodn\u00edk\u016f.\" \/>\n<meta name=\"robots\" content=\"index, follow, max-snippet:-1, max-image-preview:large, max-video-preview:-1\" \/>\n<link rel=\"canonical\" href=\"https:\/\/www.dakarmania.cz\/index.php\/2019\/11\/19\/extreme-e-ogier-sunderland\/\" \/>\n<meta property=\"og:locale\" content=\"cs_CZ\" \/>\n<meta property=\"og:type\" content=\"article\" \/>\n<meta property=\"og:title\" content=\"Extreme E zaujala Ogiera, Sunderlanda i \u0159adu dal\u0161\u00edch hv\u011bzd - DAKARMANIA.cz\" \/>\n<meta property=\"og:description\" content=\"O \u00fa\u010dast v Extreme E, jej\u00ed\u017e podstatou budou z\u00e1vody elektrick\u00fdch speci\u00e1l\u016f v nejohro\u017een\u011bj\u0161\u00edch oblastech planety, projevila z\u00e1jem \u0159ada zn\u00e1m\u00fdch z\u00e1vodn\u00edk\u016f.\" \/>\n<meta property=\"og:url\" content=\"https:\/\/www.dakarmania.cz\/index.php\/2019\/11\/19\/extreme-e-ogier-sunderland\/\" \/>\n<meta property=\"og:site_name\" content=\"DAKARMANIA.cz\" \/>\n<meta property=\"article:publisher\" content=\"https:\/\/www.facebook.com\/dakarmania\/\" \/>\n<meta property=\"article:published_time\" content=\"2019-11-19T13:44:58+00:00\" \/>\n<meta property=\"article:modified_time\" content=\"2023-05-27T08:21:34+00:00\" \/>\n<meta property=\"og:image\" content=\"https:\/\/www.dakarmania.cz\/wp-content\/uploads\/2019\/11\/19-fos-ogier-01.jpg\" \/>\n\t<meta property=\"og:image:width\" content=\"1024\" \/>\n\t<meta property=\"og:image:height\" content=\"682\" \/>\n\t<meta property=\"og:image:type\" content=\"image\/jpeg\" \/>\n<meta name=\"author\" content=\"Zden\u011bk Zelenka\" \/>\n<meta name=\"twitter:card\" content=\"summary_large_image\" \/>\n<meta name=\"twitter:label1\" content=\"Napsal(a)\" \/>\n\t<meta name=\"twitter:data1\" content=\"Zden\u011bk Zelenka\" \/>\n\t<meta name=\"twitter:label2\" content=\"Odhadovan\u00e1 doba \u010dten\u00ed\" \/>\n\t<meta name=\"twitter:data2\" content=\"4 minuty\" \/>\n<script type=\"application\/ld+json\" class=\"yoast-schema-graph\">{\"@context\":\"https:\/\/schema.org\",\"@graph\":[{\"@type\":\"Article\",\"@id\":\"https:\/\/www.dakarmania.cz\/index.php\/2019\/11\/19\/extreme-e-ogier-sunderland\/#article\",\"isPartOf\":{\"@id\":\"https:\/\/www.dakarmania.cz\/index.php\/2019\/11\/19\/extreme-e-ogier-sunderland\/\"},\"author\":{\"name\":\"Zden\u011bk Zelenka\",\"@id\":\"https:\/\/www.dakarmania.cz\/#\/schema\/person\/04eb0e87a389631c2169c0dddae7ff1e\"},\"headline\":\"Extreme E zaujala Ogiera, Sunderlanda i \u0159adu dal\u0161\u00edch hv\u011bzd\",\"datePublished\":\"2019-11-19T13:44:58+00:00\",\"dateModified\":\"2023-05-27T08:21:34+00:00\",\"mainEntityOfPage\":{\"@id\":\"https:\/\/www.dakarmania.cz\/index.php\/2019\/11\/19\/extreme-e-ogier-sunderland\/\"},\"wordCount\":1020,\"publisher\":{\"@id\":\"https:\/\/www.dakarmania.cz\/#organization\"},\"image\":{\"@id\":\"https:\/\/www.dakarmania.cz\/index.php\/2019\/11\/19\/extreme-e-ogier-sunderland\/#primaryimage\"},\"thumbnailUrl\":\"https:\/\/www.dakarmania.cz\/wp-content\/uploads\/2019\/11\/19-fos-ogier-01.jpg\",\"keywords\":[\"ABT\",\"Andr\u00e9 Lotterer\",\"Andreas Bakkerud\",\"Antonio Felix da Costa\",\"Billy Monger\",\"Bruno Senna\",\"Chris Ingram\",\"Daniel Abt\",\"Extreme E\",\"Extreme E 2021\",\"HWA\",\"James Rossiter\",\"Jamie Chadwick\",\"J\u00e9r\u00f4me d'Ambrosio\",\"Karun Chandhok\",\"Katherine Legge\",\"Kevin Hansen\",\"Kriszti\u00e1n Szab\u00f3\",\"Lo\u00efc Duval\",\"Lucas di Grassi\",\"Mikaela \u00c5hlin-Kottulinsky\",\"Nelson Piquet Jr.\",\"Oliver Turvey\",\"Sacha Prost\",\"Sam Sunderland\",\"S\u00e9bastien Ogier\",\"Takuma Aoki\",\"Timmy Hansen\",\"Timo Scheider\",\"Veloce Racing\",\"Venturi\",\"Zolt\u00e1n Bessenyey\"],\"articleSection\":[\"Auto\",\"Extreme E\"],\"inLanguage\":\"cs\"},{\"@type\":\"WebPage\",\"@id\":\"https:\/\/www.dakarmania.cz\/index.php\/2019\/11\/19\/extreme-e-ogier-sunderland\/\",\"url\":\"https:\/\/www.dakarmania.cz\/index.php\/2019\/11\/19\/extreme-e-ogier-sunderland\/\",\"name\":\"Extreme E zaujala Ogiera, Sunderlanda i \u0159adu dal\u0161\u00edch hv\u011bzd - DAKARMANIA.cz\",\"isPartOf\":{\"@id\":\"https:\/\/www.dakarmania.cz\/#website\"},\"primaryImageOfPage\":{\"@id\":\"https:\/\/www.dakarmania.cz\/index.php\/2019\/11\/19\/extreme-e-ogier-sunderland\/#primaryimage\"},\"image\":{\"@id\":\"https:\/\/www.dakarmania.cz\/index.php\/2019\/11\/19\/extreme-e-ogier-sunderland\/#primaryimage\"},\"thumbnailUrl\":\"https:\/\/www.dakarmania.cz\/wp-content\/uploads\/2019\/11\/19-fos-ogier-01.jpg\",\"datePublished\":\"2019-11-19T13:44:58+00:00\",\"dateModified\":\"2023-05-27T08:21:34+00:00\",\"description\":\"O \u00fa\u010dast v Extreme E, jej\u00ed\u017e podstatou budou z\u00e1vody elektrick\u00fdch speci\u00e1l\u016f v nejohro\u017een\u011bj\u0161\u00edch oblastech planety, projevila z\u00e1jem \u0159ada zn\u00e1m\u00fdch z\u00e1vodn\u00edk\u016f.\",\"breadcrumb\":{\"@id\":\"https:\/\/www.dakarmania.cz\/index.php\/2019\/11\/19\/extreme-e-ogier-sunderland\/#breadcrumb\"},\"inLanguage\":\"cs\",\"potentialAction\":[{\"@type\":\"ReadAction\",\"target\":[\"https:\/\/www.dakarmania.cz\/index.php\/2019\/11\/19\/extreme-e-ogier-sunderland\/\"]}]},{\"@type\":\"ImageObject\",\"inLanguage\":\"cs\",\"@id\":\"https:\/\/www.dakarmania.cz\/index.php\/2019\/11\/19\/extreme-e-ogier-sunderland\/#primaryimage\",\"url\":\"https:\/\/www.dakarmania.cz\/wp-content\/uploads\/2019\/11\/19-fos-ogier-01.jpg\",\"contentUrl\":\"https:\/\/www.dakarmania.cz\/wp-content\/uploads\/2019\/11\/19-fos-ogier-01.jpg\",\"width\":1024,\"height\":682,\"caption\":\"S\u00e9bastien Ogier, Citro\u00ebn Racing. Festival rychlosti v Goodwoodu, \u010dervenec 2019. \u00a9 Red Bull Content Pool\"},{\"@type\":\"BreadcrumbList\",\"@id\":\"https:\/\/www.dakarmania.cz\/index.php\/2019\/11\/19\/extreme-e-ogier-sunderland\/#breadcrumb\",\"itemListElement\":[{\"@type\":\"ListItem\",\"position\":1,\"name\":\"Dom\u016f\",\"item\":\"https:\/\/www.dakarmania.cz\/\"},{\"@type\":\"ListItem\",\"position\":2,\"name\":\"Extreme E zaujala Ogiera, Sunderlanda i \u0159adu dal\u0161\u00edch hv\u011bzd\"}]},{\"@type\":\"WebSite\",\"@id\":\"https:\/\/www.dakarmania.cz\/#website\",\"url\":\"https:\/\/www.dakarmania.cz\/\",\"name\":\"DAKARMANIA.cz\",\"description\":\"\u017dijeme Dakarem cel\u00fd rok\",\"publisher\":{\"@id\":\"https:\/\/www.dakarmania.cz\/#organization\"},\"potentialAction\":[{\"@type\":\"SearchAction\",\"target\":{\"@type\":\"EntryPoint\",\"urlTemplate\":\"https:\/\/www.dakarmania.cz\/?s={search_term_string}\"},\"query-input\":{\"@type\":\"PropertyValueSpecification\",\"valueRequired\":true,\"valueName\":\"search_term_string\"}}],\"inLanguage\":\"cs\"},{\"@type\":\"Organization\",\"@id\":\"https:\/\/www.dakarmania.cz\/#organization\",\"name\":\"DAKAR MANIA\",\"url\":\"https:\/\/www.dakarmania.cz\/\",\"logo\":{\"@type\":\"ImageObject\",\"inLanguage\":\"cs\",\"@id\":\"https:\/\/www.dakarmania.cz\/#\/schema\/logo\/image\/\",\"url\":\"https:\/\/www.dakarmania.cz\/wp-content\/uploads\/2018\/12\/Dakar-Mania-Logo-Square-Orange.png\",\"contentUrl\":\"https:\/\/www.dakarmania.cz\/wp-content\/uploads\/2018\/12\/Dakar-Mania-Logo-Square-Orange.png\",\"width\":992,\"height\":992,\"caption\":\"DAKAR MANIA\"},\"image\":{\"@id\":\"https:\/\/www.dakarmania.cz\/#\/schema\/logo\/image\/\"},\"sameAs\":[\"https:\/\/www.facebook.com\/dakarmania\/\"]},{\"@type\":\"Person\",\"@id\":\"https:\/\/www.dakarmania.cz\/#\/schema\/person\/04eb0e87a389631c2169c0dddae7ff1e\",\"name\":\"Zden\u011bk Zelenka\",\"image\":{\"@type\":\"ImageObject\",\"inLanguage\":\"cs\",\"@id\":\"https:\/\/www.dakarmania.cz\/#\/schema\/person\/image\/\",\"url\":\"https:\/\/secure.gravatar.com\/avatar\/2c80d5a4942fe0900b73cc7d3837a509d6ee0a276a2b76dac95c92bd0763a89b?s=96&d=mm&r=g\",\"contentUrl\":\"https:\/\/secure.gravatar.com\/avatar\/2c80d5a4942fe0900b73cc7d3837a509d6ee0a276a2b76dac95c92bd0763a89b?s=96&d=mm&r=g\",\"caption\":\"Zden\u011bk Zelenka\"},\"description\":\"Moji d\u011bt\u0161t\u00ed hrdinov\u00e9 se jmenovali Loprais, Moskal, Neveu, Vatanen, Rahier... A tihle borci, jejich n\u00e1sledovn\u00edci a jejich p\u0159\u00edb\u011bhy m\u011b nep\u0159estali fascinovat ani po letech, kdy jsem vyrostl a zam\u011bstn\u00e1valy m\u011b jin\u00e9 discipl\u00edny motorsportu. Proto se zrodila DAKARMANIA.\",\"url\":\"https:\/\/www.dakarmania.cz\/index.php\/author\/dakarmania\/\"}]}<\/script>\n<!-- \/ Yoast SEO plugin. -->","yoast_head_json":{"title":"Extreme E zaujala Ogiera, Sunderlanda i \u0159adu dal\u0161\u00edch hv\u011bzd - DAKARMANIA.cz","description":"O \u00fa\u010dast v Extreme E, jej\u00ed\u017e podstatou budou z\u00e1vody elektrick\u00fdch speci\u00e1l\u016f v nejohro\u017een\u011bj\u0161\u00edch oblastech planety, projevila z\u00e1jem \u0159ada zn\u00e1m\u00fdch z\u00e1vodn\u00edk\u016f.","robots":{"index":"index","follow":"follow","max-snippet":"max-snippet:-1","max-image-preview":"max-image-preview:large","max-video-preview":"max-video-preview:-1"},"canonical":"https:\/\/www.dakarmania.cz\/index.php\/2019\/11\/19\/extreme-e-ogier-sunderland\/","og_locale":"cs_CZ","og_type":"article","og_title":"Extreme E zaujala Ogiera, Sunderlanda i \u0159adu dal\u0161\u00edch hv\u011bzd - DAKARMANIA.cz","og_description":"O \u00fa\u010dast v Extreme E, jej\u00ed\u017e podstatou budou z\u00e1vody elektrick\u00fdch speci\u00e1l\u016f v nejohro\u017een\u011bj\u0161\u00edch oblastech planety, projevila z\u00e1jem \u0159ada zn\u00e1m\u00fdch z\u00e1vodn\u00edk\u016f.","og_url":"https:\/\/www.dakarmania.cz\/index.php\/2019\/11\/19\/extreme-e-ogier-sunderland\/","og_site_name":"DAKARMANIA.cz","article_publisher":"https:\/\/www.facebook.com\/dakarmania\/","article_published_time":"2019-11-19T13:44:58+00:00","article_modified_time":"2023-05-27T08:21:34+00:00","og_image":[{"width":1024,"height":682,"url":"https:\/\/www.dakarmania.cz\/wp-content\/uploads\/2019\/11\/19-fos-ogier-01.jpg","type":"image\/jpeg"}],"author":"Zden\u011bk Zelenka","twitter_card":"summary_large_image","twitter_misc":{"Napsal(a)":"Zden\u011bk Zelenka","Odhadovan\u00e1 doba \u010dten\u00ed":"4 minuty"},"schema":{"@context":"https:\/\/schema.org","@graph":[{"@type":"Article","@id":"https:\/\/www.dakarmania.cz\/index.php\/2019\/11\/19\/extreme-e-ogier-sunderland\/#article","isPartOf":{"@id":"https:\/\/www.dakarmania.cz\/index.php\/2019\/11\/19\/extreme-e-ogier-sunderland\/"},"author":{"name":"Zden\u011bk Zelenka","@id":"https:\/\/www.dakarmania.cz\/#\/schema\/person\/04eb0e87a389631c2169c0dddae7ff1e"},"headline":"Extreme E zaujala Ogiera, Sunderlanda i \u0159adu dal\u0161\u00edch hv\u011bzd","datePublished":"2019-11-19T13:44:58+00:00","dateModified":"2023-05-27T08:21:34+00:00","mainEntityOfPage":{"@id":"https:\/\/www.dakarmania.cz\/index.php\/2019\/11\/19\/extreme-e-ogier-sunderland\/"},"wordCount":1020,"publisher":{"@id":"https:\/\/www.dakarmania.cz\/#organization"},"image":{"@id":"https:\/\/www.dakarmania.cz\/index.php\/2019\/11\/19\/extreme-e-ogier-sunderland\/#primaryimage"},"thumbnailUrl":"https:\/\/www.dakarmania.cz\/wp-content\/uploads\/2019\/11\/19-fos-ogier-01.jpg","keywords":["ABT","Andr\u00e9 Lotterer","Andreas Bakkerud","Antonio Felix da Costa","Billy Monger","Bruno Senna","Chris Ingram","Daniel Abt","Extreme E","Extreme E 2021","HWA","James Rossiter","Jamie Chadwick","J\u00e9r\u00f4me d'Ambrosio","Karun Chandhok","Katherine Legge","Kevin Hansen","Kriszti\u00e1n Szab\u00f3","Lo\u00efc Duval","Lucas di Grassi","Mikaela \u00c5hlin-Kottulinsky","Nelson Piquet Jr.","Oliver Turvey","Sacha Prost","Sam Sunderland","S\u00e9bastien Ogier","Takuma Aoki","Timmy Hansen","Timo Scheider","Veloce Racing","Venturi","Zolt\u00e1n Bessenyey"],"articleSection":["Auto","Extreme E"],"inLanguage":"cs"},{"@type":"WebPage","@id":"https:\/\/www.dakarmania.cz\/index.php\/2019\/11\/19\/extreme-e-ogier-sunderland\/","url":"https:\/\/www.dakarmania.cz\/index.php\/2019\/11\/19\/extreme-e-ogier-sunderland\/","name":"Extreme E zaujala Ogiera, Sunderlanda i \u0159adu dal\u0161\u00edch hv\u011bzd - DAKARMANIA.cz","isPartOf":{"@id":"https:\/\/www.dakarmania.cz\/#website"},"primaryImageOfPage":{"@id":"https:\/\/www.dakarmania.cz\/index.php\/2019\/11\/19\/extreme-e-ogier-sunderland\/#primaryimage"},"image":{"@id":"https:\/\/www.dakarmania.cz\/index.php\/2019\/11\/19\/extreme-e-ogier-sunderland\/#primaryimage"},"thumbnailUrl":"https:\/\/www.dakarmania.cz\/wp-content\/uploads\/2019\/11\/19-fos-ogier-01.jpg","datePublished":"2019-11-19T13:44:58+00:00","dateModified":"2023-05-27T08:21:34+00:00","description":"O \u00fa\u010dast v Extreme E, jej\u00ed\u017e podstatou budou z\u00e1vody elektrick\u00fdch speci\u00e1l\u016f v nejohro\u017een\u011bj\u0161\u00edch oblastech planety, projevila z\u00e1jem \u0159ada zn\u00e1m\u00fdch z\u00e1vodn\u00edk\u016f.","breadcrumb":{"@id":"https:\/\/www.dakarmania.cz\/index.php\/2019\/11\/19\/extreme-e-ogier-sunderland\/#breadcrumb"},"inLanguage":"cs","potentialAction":[{"@type":"ReadAction","target":["https:\/\/www.dakarmania.cz\/index.php\/2019\/11\/19\/extreme-e-ogier-sunderland\/"]}]},{"@type":"ImageObject","inLanguage":"cs","@id":"https:\/\/www.dakarmania.cz\/index.php\/2019\/11\/19\/extreme-e-ogier-sunderland\/#primaryimage","url":"https:\/\/www.dakarmania.cz\/wp-content\/uploads\/2019\/11\/19-fos-ogier-01.jpg","contentUrl":"https:\/\/www.dakarmania.cz\/wp-content\/uploads\/2019\/11\/19-fos-ogier-01.jpg","width":1024,"height":682,"caption":"S\u00e9bastien Ogier, Citro\u00ebn Racing. Festival rychlosti v Goodwoodu, \u010dervenec 2019. \u00a9 Red Bull Content Pool"},{"@type":"BreadcrumbList","@id":"https:\/\/www.dakarmania.cz\/index.php\/2019\/11\/19\/extreme-e-ogier-sunderland\/#breadcrumb","itemListElement":[{"@type":"ListItem","position":1,"name":"Dom\u016f","item":"https:\/\/www.dakarmania.cz\/"},{"@type":"ListItem","position":2,"name":"Extreme E zaujala Ogiera, Sunderlanda i \u0159adu dal\u0161\u00edch hv\u011bzd"}]},{"@type":"WebSite","@id":"https:\/\/www.dakarmania.cz\/#website","url":"https:\/\/www.dakarmania.cz\/","name":"DAKARMANIA.cz","description":"\u017dijeme Dakarem cel\u00fd rok","publisher":{"@id":"https:\/\/www.dakarmania.cz\/#organization"},"potentialAction":[{"@type":"SearchAction","target":{"@type":"EntryPoint","urlTemplate":"https:\/\/www.dakarmania.cz\/?s={search_term_string}"},"query-input":{"@type":"PropertyValueSpecification","valueRequired":true,"valueName":"search_term_string"}}],"inLanguage":"cs"},{"@type":"Organization","@id":"https:\/\/www.dakarmania.cz\/#organization","name":"DAKAR MANIA","url":"https:\/\/www.dakarmania.cz\/","logo":{"@type":"ImageObject","inLanguage":"cs","@id":"https:\/\/www.dakarmania.cz\/#\/schema\/logo\/image\/","url":"https:\/\/www.dakarmania.cz\/wp-content\/uploads\/2018\/12\/Dakar-Mania-Logo-Square-Orange.png","contentUrl":"https:\/\/www.dakarmania.cz\/wp-content\/uploads\/2018\/12\/Dakar-Mania-Logo-Square-Orange.png","width":992,"height":992,"caption":"DAKAR MANIA"},"image":{"@id":"https:\/\/www.dakarmania.cz\/#\/schema\/logo\/image\/"},"sameAs":["https:\/\/www.facebook.com\/dakarmania\/"]},{"@type":"Person","@id":"https:\/\/www.dakarmania.cz\/#\/schema\/person\/04eb0e87a389631c2169c0dddae7ff1e","name":"Zden\u011bk Zelenka","image":{"@type":"ImageObject","inLanguage":"cs","@id":"https:\/\/www.dakarmania.cz\/#\/schema\/person\/image\/","url":"https:\/\/secure.gravatar.com\/avatar\/2c80d5a4942fe0900b73cc7d3837a509d6ee0a276a2b76dac95c92bd0763a89b?s=96&d=mm&r=g","contentUrl":"https:\/\/secure.gravatar.com\/avatar\/2c80d5a4942fe0900b73cc7d3837a509d6ee0a276a2b76dac95c92bd0763a89b?s=96&d=mm&r=g","caption":"Zden\u011bk Zelenka"},"description":"Moji d\u011bt\u0161t\u00ed hrdinov\u00e9 se jmenovali Loprais, Moskal, Neveu, Vatanen, Rahier... A tihle borci, jejich n\u00e1sledovn\u00edci a jejich p\u0159\u00edb\u011bhy m\u011b nep\u0159estali fascinovat ani po letech, kdy jsem vyrostl a zam\u011bstn\u00e1valy m\u011b jin\u00e9 discipl\u00edny motorsportu. Proto se zrodila DAKARMANIA.","url":"https:\/\/www.dakarmania.cz\/index.php\/author\/dakarmania\/"}]}},"amp_enabled":true,"_links":{"self":[{"href":"https:\/\/www.dakarmania.cz\/index.php\/wp-json\/wp\/v2\/posts\/13431","targetHints":{"allow":["GET"]}}],"collection":[{"href":"https:\/\/www.dakarmania.cz\/index.php\/wp-json\/wp\/v2\/posts"}],"about":[{"href":"https:\/\/www.dakarmania.cz\/index.php\/wp-json\/wp\/v2\/types\/post"}],"author":[{"embeddable":true,"href":"https:\/\/www.dakarmania.cz\/index.php\/wp-json\/wp\/v2\/users\/1"}],"replies":[{"embeddable":true,"href":"https:\/\/www.dakarmania.cz\/index.php\/wp-json\/wp\/v2\/comments?post=13431"}],"version-history":[{"count":5,"href":"https:\/\/www.dakarmania.cz\/index.php\/wp-json\/wp\/v2\/posts\/13431\/revisions"}],"predecessor-version":[{"id":13456,"href":"https:\/\/www.dakarmania.cz\/index.php\/wp-json\/wp\/v2\/posts\/13431\/revisions\/13456"}],"wp:featuredmedia":[{"embeddable":true,"href":"https:\/\/www.dakarmania.cz\/index.php\/wp-json\/wp\/v2\/media\/13428"}],"wp:attachment":[{"href":"https:\/\/www.dakarmania.cz\/index.php\/wp-json\/wp\/v2\/media?parent=13431"}],"wp:term":[{"taxonomy":"category","embeddable":true,"href":"https:\/\/www.dakarmania.cz\/index.php\/wp-json\/wp\/v2\/categories?post=13431"},{"taxonomy":"post_tag","embeddable":true,"href":"https:\/\/www.dakarmania.cz\/index.php\/wp-json\/wp\/v2\/tags?post=13431"}],"curies":[{"name":"wp","href":"https:\/\/api.w.org\/{rel}","templated":true}]}}