{"id":13439,"date":"2019-11-25T15:39:15","date_gmt":"2019-11-25T14:39:15","guid":{"rendered":"https:\/\/www.dakarmania.cz\/?p=13439"},"modified":"2019-11-26T13:10:22","modified_gmt":"2019-11-26T12:10:22","slug":"odyssey-21-na-dakaru-2020","status":"publish","type":"post","link":"https:\/\/www.dakarmania.cz\/index.php\/2019\/11\/25\/odyssey-21-na-dakaru-2020\/","title":{"rendered":"Elektrick\u00fd speci\u00e1l Odyssey 21 na Dakaru 2020"},"content":{"rendered":"<p>[vc_row][vc_column][vc_column_text css_animation=&#8221;fadeIn&#8221;]<\/p>\n<h4>Promot\u00e9r nov\u00e9 s\u00e9rie Extreme E do toho jde po hlav\u011b. Speci\u00e1l Odyssey 21, kter\u00fd je poh\u00e1n\u011bn v\u00fdhradn\u011b elektromotory, \u010dek\u00e1 prvn\u00ed nasazen\u00ed v r\u00e1mci konkr\u00e9tn\u00edho motoristick\u00e9ho z\u00e1vodu. A rovnou p\u016fjde o Rally Dakar.<\/h4>\n<p><a href=\"\/index.php\/2019\/11\/13\/odyssey-21\/\">Odyssey 21<\/a> v lednu absolvuje v Sa\u00fadsk\u00e9 Ar\u00e1bii shakedown a pak tak\u00e9 z\u00e1v\u011bre\u010dnou kr\u00e1tkou speci\u00e1lku, kter\u00e1 bude sou\u010d\u00e1st\u00ed posledn\u00ed etapy. Jej\u00ed v\u00fdsledky se v\u0161ak nebudou zapo\u010d\u00edt\u00e1vat do celkov\u00e9ho hodnocen\u00ed <a href=\"\/index.php\/souteze\/dakar-2020\/\">Rally Dakar 2020<\/a>. Bojovat se bude pouze o tak zvanou trofej Al Qiddiye.<\/p>\n<p><em>\u201eJ\u00edzda na sa\u00fadskoarabsk\u00fdch trat\u00edch pro n\u00e1s bude skute\u010dn\u011b relevantn\u00edm testem, proto\u017ee tato zem\u011b bude hostit jeden ze z\u00e1vod\u016f prvn\u00ed sezony <a href=\"\/index.php\/2019\/11\/13\/extreme-e-zavody-i-osveta\/\">Extreme E<\/a>,\u201c<\/em> vysv\u011btluje zakladatel a v\u00fdkonn\u00fd \u0159editel nov\u00e9 s\u00e9rie <strong>Alejandro Agag<\/strong>. <em>\u201eP\u0159ibli\u017en\u011b rok p\u0159ed ofici\u00e1ln\u00edm rozjezdem s\u00e9rie budou m\u00edt lid\u00e9 od Spark Racing Technology jedine\u010dnou p\u0159\u00edle\u017eitost z\u00edskat data a dozv\u011bd\u011bt se v\u00edc o na\u0161em E-SUV p\u0159i ostr\u00e9 j\u00edzd\u011b a v jeho \u201ap\u0159irozen\u00e9m prost\u0159ed\u00ed\u2018.\u201c<\/em>[\/vc_column_text][vc_column_text css_animation=&#8221;fadeIn&#8221; css=&#8221;.vc_custom_1574724213843{padding-top: 10px !important;padding-right: 10px !important;padding-bottom: 20px !important;padding-left: 10px !important;background-color: #dbd9d9 !important;}&#8221;]<strong>V\u00edce k t\u00e9matu:<\/strong><\/p>\n<p style=\"padding-left: 40px;\"><a href=\"\/index.php\/2019\/11\/13\/extreme-e-zavody-i-osveta\/\"><strong>&gt;<\/strong> Extreme E: Z\u00e1vody offroadov\u00fdch elektromobil\u016f i ekologick\u00e1 osv\u011bta<\/a><br \/>\n<a href=\"\/index.php\/2019\/11\/19\/extreme-e-ogier-sunderland\/\"><strong>&gt;<\/strong> Extreme E zaujala Ogiera, Sunderlanda i \u0159adu dal\u0161\u00edch hv\u011bzd<\/a><br \/>\n<a href=\"\/index.php\/2019\/11\/13\/odyssey-21\/\"><strong>&gt;<\/strong> Odyssey 21 otev\u0159e novou kapitolu offroadov\u00e9ho z\u00e1vod\u011bn\u00ed<\/a><\/p>\n<p>[\/vc_column_text][vc_column_text css_animation=&#8221;fadeIn&#8221;]Z pohledu spole\u010dnosti Amaury Sport Organisation (ASO), kter\u00e1 je po\u0159adatelem Rally Dakar, se jedn\u00e1 o zaj\u00edmavou p\u0159\u00edle\u017eitost pro porovn\u00e1n\u00ed nov\u00e9ho elektrick\u00e9ho prototypu s vozy se spalovac\u00edmi motory nebo hybridn\u00edm pohonem.<\/p>\n<p><em>\u201eZa\u010dali jsme podporovat \u00fa\u010dast hybridn\u00edch a elektrick\u00fdch voz\u016f na Dakaru a ve st\u0159edn\u011bdob\u00e9m horizontu pro n\u011b chceme vypsat zvl\u00e1\u0161tn\u00ed t\u0159\u00eddu,\u201c<\/em> \u0159\u00edk\u00e1 \u0159editel sout\u011b\u017ee <strong>David Castera<\/strong>. <em>\u201eP\u0159\u00edtomnost t\u00fdmu Extreme E p\u0159i n\u00e1sleduj\u00edc\u00edm ro\u010dn\u00edku n\u00e1s utvrzuje, \u017ee jdeme spr\u00e1vn\u00fdm sm\u011brem, a motivuje n\u00e1s, abychom p\u0159i implementaci \u0161li je\u0161t\u011b d\u00e1l a postupovali rychleji.\u201c<\/em>[\/vc_column_text][vc_single_image image=&#8221;13437&#8243; img_size=&#8221;large&#8221; add_caption=&#8221;yes&#8221; alignment=&#8221;center&#8221; onclick=&#8221;link_image&#8221; css_animation=&#8221;fadeIn&#8221;][vc_column_text css_animation=&#8221;fadeIn&#8221;]Prvn\u00ed prototyp speci\u00e1lu Odyssey 21 byl dokon\u010den v \u010dervnu leto\u0161n\u00edho roku a jen o t\u00fdden pozd\u011bji byl p\u0159edstaven ve\u0159ejnosti p\u0159i tradi\u010dn\u00edm Festivalu rychlosti v britsk\u00e9m Goodwoodu. V \u0159\u00edjnu v\u016fz absolvoval prvn\u00ed rozs\u00e1hlej\u0161\u00ed testov\u00e1n\u00ed ve Francii.<\/p>\n<p>Premi\u00e9rov\u00e1 sezona Extreme E odstartuje v \u00fanoru 2021 a bude m\u00edt p\u011bt podnik\u016f.<\/p>\n<p>Jm\u00e9no jezdce, kter\u00fd se s Odyssey 21 objev\u00ed na trati z\u00e1v\u011bre\u010dn\u00e9 speci\u00e1lky Rally Dakar 2020, bude zve\u0159ejn\u011bno pozd\u011bji.[\/vc_column_text][vc_column_text css_animation=&#8221;fadeIn&#8221; css=&#8221;.vc_custom_1574692319622{padding-top: 10px !important;padding-right: 10px !important;padding-bottom: 10px !important;padding-left: 10px !important;background-color: #dbd9d9 !important;}&#8221;]<\/p>\n<h4>Pr\u016fkopn\u00edkem Acciona<\/h4>\n<p style=\"text-align: center;\"><img loading=\"lazy\" decoding=\"async\" class=\"size-large wp-image-13436 aligncenter\" src=\"\/wp-content\/uploads\/2019\/11\/17-dakar-acciona-01.jpg\" alt=\"Ariel Jat\u00f3n, Dakar 2017\" width=\"600\" height=\"400\" \/><\/p>\n<p>Odyssey 21 nebude prvn\u00edm elektrick\u00fdm vozem na trati Rally Dakar. Speci\u00e1l, kter\u00fd b\u011bhem sout\u011b\u017ee nespot\u0159eboval jedinou kapku fosiln\u00edho paliva a nevyprodukoval \u017e\u00e1dnou \u010d\u00e1ste\u010dku emis\u00ed, nasadila u\u017e v roce 2015 \u0161pan\u011blsk\u00e1 spole\u010dnost Acciona. Po dvou ne\u00fasp\u011b\u0161n\u00fdch pokusech se \u0160pan\u011bl\u00e9 do\u010dkali \u00fasp\u011bchu v roce 2017, kdy Argentinec Ariel Jat\u00f3n s t\u00edmto vozem sout\u011b\u017e dokon\u010dil.[\/vc_column_text][vc_empty_space height=&#8221;5px&#8221;][\/vc_column][\/vc_row]<\/p>\n","protected":false},"excerpt":{"rendered":"<p>Promot\u00e9r nov\u00e9 s\u00e9rie Extreme E do toho jde po hlav\u011b. Elektrick\u00fd speci\u00e1l Odyssey 21 \u010dek\u00e1 prvn\u00ed nasazen\u00ed v r\u00e1mci konkr\u00e9tn\u00edho motoristick\u00e9ho z\u00e1vodu.<\/p>\n","protected":false},"author":1,"featured_media":13438,"comment_status":"open","ping_status":"closed","sticky":false,"template":"","format":"standard","meta":{"footnotes":""},"categories":[3,251,1566],"tags":[903,1600,1481,8,159,218,1564,1567],"class_list":["post-13439","post","type-post","status-publish","format-standard","has-post-thumbnail","hentry","category-auto","category-dakar-2020","category-extreme-e","tag-903","tag-alejandro-agag","tag-aso","tag-dakar","tag-dakar-2020","tag-david-castera","tag-extreme-e","tag-odyssey-21"],"yoast_head":"<!-- This site is optimized with the Yoast SEO plugin v24.9 - https:\/\/yoast.com\/wordpress\/plugins\/seo\/ -->\n<title>Elektrick\u00fd speci\u00e1l Odyssey 21 na Dakaru 2020 - DAKARMANIA.cz<\/title>\n<meta name=\"description\" content=\"Promot\u00e9r nov\u00e9 s\u00e9rie Extreme E do toho jde po hlav\u011b. Elektrick\u00fd speci\u00e1l Odyssey 21 \u010dek\u00e1 prvn\u00ed nasazen\u00ed v r\u00e1mci konkr\u00e9tn\u00edho motoristick\u00e9ho z\u00e1vodu.\" \/>\n<meta name=\"robots\" content=\"index, follow, max-snippet:-1, max-image-preview:large, max-video-preview:-1\" \/>\n<link rel=\"canonical\" href=\"https:\/\/www.dakarmania.cz\/index.php\/2019\/11\/25\/odyssey-21-na-dakaru-2020\/\" \/>\n<meta property=\"og:locale\" content=\"cs_CZ\" \/>\n<meta property=\"og:type\" content=\"article\" \/>\n<meta property=\"og:title\" content=\"Elektrick\u00fd speci\u00e1l Odyssey 21 na Dakaru 2020 - DAKARMANIA.cz\" \/>\n<meta property=\"og:description\" content=\"Promot\u00e9r nov\u00e9 s\u00e9rie Extreme E do toho jde po hlav\u011b. Elektrick\u00fd speci\u00e1l Odyssey 21 \u010dek\u00e1 prvn\u00ed nasazen\u00ed v r\u00e1mci konkr\u00e9tn\u00edho motoristick\u00e9ho z\u00e1vodu.\" \/>\n<meta property=\"og:url\" content=\"https:\/\/www.dakarmania.cz\/index.php\/2019\/11\/25\/odyssey-21-na-dakaru-2020\/\" \/>\n<meta property=\"og:site_name\" content=\"DAKARMANIA.cz\" \/>\n<meta property=\"article:publisher\" content=\"https:\/\/www.facebook.com\/dakarmania\/\" \/>\n<meta property=\"article:published_time\" content=\"2019-11-25T14:39:15+00:00\" \/>\n<meta property=\"article:modified_time\" content=\"2019-11-26T12:10:22+00:00\" \/>\n<meta property=\"og:image\" content=\"https:\/\/www.dakarmania.cz\/wp-content\/uploads\/2019\/11\/extreme-e-09.jpg\" \/>\n\t<meta property=\"og:image:width\" content=\"1024\" \/>\n\t<meta property=\"og:image:height\" content=\"683\" \/>\n\t<meta property=\"og:image:type\" content=\"image\/jpeg\" \/>\n<meta name=\"author\" content=\"Zden\u011bk Zelenka\" \/>\n<meta name=\"twitter:card\" content=\"summary_large_image\" \/>\n<meta name=\"twitter:label1\" content=\"Napsal(a)\" \/>\n\t<meta name=\"twitter:data1\" content=\"Zden\u011bk Zelenka\" \/>\n\t<meta name=\"twitter:label2\" content=\"Odhadovan\u00e1 doba \u010dten\u00ed\" \/>\n\t<meta name=\"twitter:data2\" content=\"3 minuty\" \/>\n<script type=\"application\/ld+json\" class=\"yoast-schema-graph\">{\"@context\":\"https:\/\/schema.org\",\"@graph\":[{\"@type\":\"Article\",\"@id\":\"https:\/\/www.dakarmania.cz\/index.php\/2019\/11\/25\/odyssey-21-na-dakaru-2020\/#article\",\"isPartOf\":{\"@id\":\"https:\/\/www.dakarmania.cz\/index.php\/2019\/11\/25\/odyssey-21-na-dakaru-2020\/\"},\"author\":{\"name\":\"Zden\u011bk Zelenka\",\"@id\":\"https:\/\/www.dakarmania.cz\/#\/schema\/person\/04eb0e87a389631c2169c0dddae7ff1e\"},\"headline\":\"Elektrick\u00fd speci\u00e1l Odyssey 21 na Dakaru 2020\",\"datePublished\":\"2019-11-25T14:39:15+00:00\",\"dateModified\":\"2019-11-26T12:10:22+00:00\",\"mainEntityOfPage\":{\"@id\":\"https:\/\/www.dakarmania.cz\/index.php\/2019\/11\/25\/odyssey-21-na-dakaru-2020\/\"},\"wordCount\":626,\"commentCount\":0,\"publisher\":{\"@id\":\"https:\/\/www.dakarmania.cz\/#organization\"},\"image\":{\"@id\":\"https:\/\/www.dakarmania.cz\/index.php\/2019\/11\/25\/odyssey-21-na-dakaru-2020\/#primaryimage\"},\"thumbnailUrl\":\"https:\/\/www.dakarmania.cz\/wp-content\/uploads\/2019\/11\/extreme-e-09.jpg\",\"keywords\":[\"2020\",\"Alejandro Agag\",\"ASO\",\"Dakar\",\"Dakar 2020\",\"David Castera\",\"Extreme E\",\"Odyssey 21\"],\"articleSection\":[\"Auto\",\"Dakar 2020\",\"Extreme E\"],\"inLanguage\":\"cs\",\"potentialAction\":[{\"@type\":\"CommentAction\",\"name\":\"Comment\",\"target\":[\"https:\/\/www.dakarmania.cz\/index.php\/2019\/11\/25\/odyssey-21-na-dakaru-2020\/#respond\"]}]},{\"@type\":\"WebPage\",\"@id\":\"https:\/\/www.dakarmania.cz\/index.php\/2019\/11\/25\/odyssey-21-na-dakaru-2020\/\",\"url\":\"https:\/\/www.dakarmania.cz\/index.php\/2019\/11\/25\/odyssey-21-na-dakaru-2020\/\",\"name\":\"Elektrick\u00fd speci\u00e1l Odyssey 21 na Dakaru 2020 - DAKARMANIA.cz\",\"isPartOf\":{\"@id\":\"https:\/\/www.dakarmania.cz\/#website\"},\"primaryImageOfPage\":{\"@id\":\"https:\/\/www.dakarmania.cz\/index.php\/2019\/11\/25\/odyssey-21-na-dakaru-2020\/#primaryimage\"},\"image\":{\"@id\":\"https:\/\/www.dakarmania.cz\/index.php\/2019\/11\/25\/odyssey-21-na-dakaru-2020\/#primaryimage\"},\"thumbnailUrl\":\"https:\/\/www.dakarmania.cz\/wp-content\/uploads\/2019\/11\/extreme-e-09.jpg\",\"datePublished\":\"2019-11-25T14:39:15+00:00\",\"dateModified\":\"2019-11-26T12:10:22+00:00\",\"description\":\"Promot\u00e9r nov\u00e9 s\u00e9rie Extreme E do toho jde po hlav\u011b. Elektrick\u00fd speci\u00e1l Odyssey 21 \u010dek\u00e1 prvn\u00ed nasazen\u00ed v r\u00e1mci konkr\u00e9tn\u00edho motoristick\u00e9ho z\u00e1vodu.\",\"breadcrumb\":{\"@id\":\"https:\/\/www.dakarmania.cz\/index.php\/2019\/11\/25\/odyssey-21-na-dakaru-2020\/#breadcrumb\"},\"inLanguage\":\"cs\",\"potentialAction\":[{\"@type\":\"ReadAction\",\"target\":[\"https:\/\/www.dakarmania.cz\/index.php\/2019\/11\/25\/odyssey-21-na-dakaru-2020\/\"]}]},{\"@type\":\"ImageObject\",\"inLanguage\":\"cs\",\"@id\":\"https:\/\/www.dakarmania.cz\/index.php\/2019\/11\/25\/odyssey-21-na-dakaru-2020\/#primaryimage\",\"url\":\"https:\/\/www.dakarmania.cz\/wp-content\/uploads\/2019\/11\/extreme-e-09.jpg\",\"contentUrl\":\"https:\/\/www.dakarmania.cz\/wp-content\/uploads\/2019\/11\/extreme-e-09.jpg\",\"width\":1024,\"height\":683,\"caption\":\"Odyssey 21. Nat\u00e1\u010den\u00ed ve francouzsk\u00e9m \u00c9vry v l\u00e9t\u011b 2019. \u00a9 Extreme E\"},{\"@type\":\"BreadcrumbList\",\"@id\":\"https:\/\/www.dakarmania.cz\/index.php\/2019\/11\/25\/odyssey-21-na-dakaru-2020\/#breadcrumb\",\"itemListElement\":[{\"@type\":\"ListItem\",\"position\":1,\"name\":\"Dom\u016f\",\"item\":\"https:\/\/www.dakarmania.cz\/\"},{\"@type\":\"ListItem\",\"position\":2,\"name\":\"Elektrick\u00fd speci\u00e1l Odyssey 21 na Dakaru 2020\"}]},{\"@type\":\"WebSite\",\"@id\":\"https:\/\/www.dakarmania.cz\/#website\",\"url\":\"https:\/\/www.dakarmania.cz\/\",\"name\":\"DAKARMANIA.cz\",\"description\":\"\u017dijeme Dakarem cel\u00fd rok\",\"publisher\":{\"@id\":\"https:\/\/www.dakarmania.cz\/#organization\"},\"potentialAction\":[{\"@type\":\"SearchAction\",\"target\":{\"@type\":\"EntryPoint\",\"urlTemplate\":\"https:\/\/www.dakarmania.cz\/?s={search_term_string}\"},\"query-input\":{\"@type\":\"PropertyValueSpecification\",\"valueRequired\":true,\"valueName\":\"search_term_string\"}}],\"inLanguage\":\"cs\"},{\"@type\":\"Organization\",\"@id\":\"https:\/\/www.dakarmania.cz\/#organization\",\"name\":\"DAKAR MANIA\",\"url\":\"https:\/\/www.dakarmania.cz\/\",\"logo\":{\"@type\":\"ImageObject\",\"inLanguage\":\"cs\",\"@id\":\"https:\/\/www.dakarmania.cz\/#\/schema\/logo\/image\/\",\"url\":\"https:\/\/www.dakarmania.cz\/wp-content\/uploads\/2018\/12\/Dakar-Mania-Logo-Square-Orange.png\",\"contentUrl\":\"https:\/\/www.dakarmania.cz\/wp-content\/uploads\/2018\/12\/Dakar-Mania-Logo-Square-Orange.png\",\"width\":992,\"height\":992,\"caption\":\"DAKAR MANIA\"},\"image\":{\"@id\":\"https:\/\/www.dakarmania.cz\/#\/schema\/logo\/image\/\"},\"sameAs\":[\"https:\/\/www.facebook.com\/dakarmania\/\"]},{\"@type\":\"Person\",\"@id\":\"https:\/\/www.dakarmania.cz\/#\/schema\/person\/04eb0e87a389631c2169c0dddae7ff1e\",\"name\":\"Zden\u011bk Zelenka\",\"image\":{\"@type\":\"ImageObject\",\"inLanguage\":\"cs\",\"@id\":\"https:\/\/www.dakarmania.cz\/#\/schema\/person\/image\/\",\"url\":\"https:\/\/secure.gravatar.com\/avatar\/2c80d5a4942fe0900b73cc7d3837a509d6ee0a276a2b76dac95c92bd0763a89b?s=96&d=mm&r=g\",\"contentUrl\":\"https:\/\/secure.gravatar.com\/avatar\/2c80d5a4942fe0900b73cc7d3837a509d6ee0a276a2b76dac95c92bd0763a89b?s=96&d=mm&r=g\",\"caption\":\"Zden\u011bk Zelenka\"},\"description\":\"Moji d\u011bt\u0161t\u00ed hrdinov\u00e9 se jmenovali Loprais, Moskal, Neveu, Vatanen, Rahier... A tihle borci, jejich n\u00e1sledovn\u00edci a jejich p\u0159\u00edb\u011bhy m\u011b nep\u0159estali fascinovat ani po letech, kdy jsem vyrostl a zam\u011bstn\u00e1valy m\u011b jin\u00e9 discipl\u00edny motorsportu. Proto se zrodila DAKARMANIA.\",\"url\":\"https:\/\/www.dakarmania.cz\/index.php\/author\/dakarmania\/\"}]}<\/script>\n<!-- \/ Yoast SEO plugin. -->","yoast_head_json":{"title":"Elektrick\u00fd speci\u00e1l Odyssey 21 na Dakaru 2020 - DAKARMANIA.cz","description":"Promot\u00e9r nov\u00e9 s\u00e9rie Extreme E do toho jde po hlav\u011b. Elektrick\u00fd speci\u00e1l Odyssey 21 \u010dek\u00e1 prvn\u00ed nasazen\u00ed v r\u00e1mci konkr\u00e9tn\u00edho motoristick\u00e9ho z\u00e1vodu.","robots":{"index":"index","follow":"follow","max-snippet":"max-snippet:-1","max-image-preview":"max-image-preview:large","max-video-preview":"max-video-preview:-1"},"canonical":"https:\/\/www.dakarmania.cz\/index.php\/2019\/11\/25\/odyssey-21-na-dakaru-2020\/","og_locale":"cs_CZ","og_type":"article","og_title":"Elektrick\u00fd speci\u00e1l Odyssey 21 na Dakaru 2020 - DAKARMANIA.cz","og_description":"Promot\u00e9r nov\u00e9 s\u00e9rie Extreme E do toho jde po hlav\u011b. Elektrick\u00fd speci\u00e1l Odyssey 21 \u010dek\u00e1 prvn\u00ed nasazen\u00ed v r\u00e1mci konkr\u00e9tn\u00edho motoristick\u00e9ho z\u00e1vodu.","og_url":"https:\/\/www.dakarmania.cz\/index.php\/2019\/11\/25\/odyssey-21-na-dakaru-2020\/","og_site_name":"DAKARMANIA.cz","article_publisher":"https:\/\/www.facebook.com\/dakarmania\/","article_published_time":"2019-11-25T14:39:15+00:00","article_modified_time":"2019-11-26T12:10:22+00:00","og_image":[{"width":1024,"height":683,"url":"https:\/\/www.dakarmania.cz\/wp-content\/uploads\/2019\/11\/extreme-e-09.jpg","type":"image\/jpeg"}],"author":"Zden\u011bk Zelenka","twitter_card":"summary_large_image","twitter_misc":{"Napsal(a)":"Zden\u011bk Zelenka","Odhadovan\u00e1 doba \u010dten\u00ed":"3 minuty"},"schema":{"@context":"https:\/\/schema.org","@graph":[{"@type":"Article","@id":"https:\/\/www.dakarmania.cz\/index.php\/2019\/11\/25\/odyssey-21-na-dakaru-2020\/#article","isPartOf":{"@id":"https:\/\/www.dakarmania.cz\/index.php\/2019\/11\/25\/odyssey-21-na-dakaru-2020\/"},"author":{"name":"Zden\u011bk Zelenka","@id":"https:\/\/www.dakarmania.cz\/#\/schema\/person\/04eb0e87a389631c2169c0dddae7ff1e"},"headline":"Elektrick\u00fd speci\u00e1l Odyssey 21 na Dakaru 2020","datePublished":"2019-11-25T14:39:15+00:00","dateModified":"2019-11-26T12:10:22+00:00","mainEntityOfPage":{"@id":"https:\/\/www.dakarmania.cz\/index.php\/2019\/11\/25\/odyssey-21-na-dakaru-2020\/"},"wordCount":626,"commentCount":0,"publisher":{"@id":"https:\/\/www.dakarmania.cz\/#organization"},"image":{"@id":"https:\/\/www.dakarmania.cz\/index.php\/2019\/11\/25\/odyssey-21-na-dakaru-2020\/#primaryimage"},"thumbnailUrl":"https:\/\/www.dakarmania.cz\/wp-content\/uploads\/2019\/11\/extreme-e-09.jpg","keywords":["2020","Alejandro Agag","ASO","Dakar","Dakar 2020","David Castera","Extreme E","Odyssey 21"],"articleSection":["Auto","Dakar 2020","Extreme E"],"inLanguage":"cs","potentialAction":[{"@type":"CommentAction","name":"Comment","target":["https:\/\/www.dakarmania.cz\/index.php\/2019\/11\/25\/odyssey-21-na-dakaru-2020\/#respond"]}]},{"@type":"WebPage","@id":"https:\/\/www.dakarmania.cz\/index.php\/2019\/11\/25\/odyssey-21-na-dakaru-2020\/","url":"https:\/\/www.dakarmania.cz\/index.php\/2019\/11\/25\/odyssey-21-na-dakaru-2020\/","name":"Elektrick\u00fd speci\u00e1l Odyssey 21 na Dakaru 2020 - DAKARMANIA.cz","isPartOf":{"@id":"https:\/\/www.dakarmania.cz\/#website"},"primaryImageOfPage":{"@id":"https:\/\/www.dakarmania.cz\/index.php\/2019\/11\/25\/odyssey-21-na-dakaru-2020\/#primaryimage"},"image":{"@id":"https:\/\/www.dakarmania.cz\/index.php\/2019\/11\/25\/odyssey-21-na-dakaru-2020\/#primaryimage"},"thumbnailUrl":"https:\/\/www.dakarmania.cz\/wp-content\/uploads\/2019\/11\/extreme-e-09.jpg","datePublished":"2019-11-25T14:39:15+00:00","dateModified":"2019-11-26T12:10:22+00:00","description":"Promot\u00e9r nov\u00e9 s\u00e9rie Extreme E do toho jde po hlav\u011b. Elektrick\u00fd speci\u00e1l Odyssey 21 \u010dek\u00e1 prvn\u00ed nasazen\u00ed v r\u00e1mci konkr\u00e9tn\u00edho motoristick\u00e9ho z\u00e1vodu.","breadcrumb":{"@id":"https:\/\/www.dakarmania.cz\/index.php\/2019\/11\/25\/odyssey-21-na-dakaru-2020\/#breadcrumb"},"inLanguage":"cs","potentialAction":[{"@type":"ReadAction","target":["https:\/\/www.dakarmania.cz\/index.php\/2019\/11\/25\/odyssey-21-na-dakaru-2020\/"]}]},{"@type":"ImageObject","inLanguage":"cs","@id":"https:\/\/www.dakarmania.cz\/index.php\/2019\/11\/25\/odyssey-21-na-dakaru-2020\/#primaryimage","url":"https:\/\/www.dakarmania.cz\/wp-content\/uploads\/2019\/11\/extreme-e-09.jpg","contentUrl":"https:\/\/www.dakarmania.cz\/wp-content\/uploads\/2019\/11\/extreme-e-09.jpg","width":1024,"height":683,"caption":"Odyssey 21. Nat\u00e1\u010den\u00ed ve francouzsk\u00e9m \u00c9vry v l\u00e9t\u011b 2019. \u00a9 Extreme E"},{"@type":"BreadcrumbList","@id":"https:\/\/www.dakarmania.cz\/index.php\/2019\/11\/25\/odyssey-21-na-dakaru-2020\/#breadcrumb","itemListElement":[{"@type":"ListItem","position":1,"name":"Dom\u016f","item":"https:\/\/www.dakarmania.cz\/"},{"@type":"ListItem","position":2,"name":"Elektrick\u00fd speci\u00e1l Odyssey 21 na Dakaru 2020"}]},{"@type":"WebSite","@id":"https:\/\/www.dakarmania.cz\/#website","url":"https:\/\/www.dakarmania.cz\/","name":"DAKARMANIA.cz","description":"\u017dijeme Dakarem cel\u00fd rok","publisher":{"@id":"https:\/\/www.dakarmania.cz\/#organization"},"potentialAction":[{"@type":"SearchAction","target":{"@type":"EntryPoint","urlTemplate":"https:\/\/www.dakarmania.cz\/?s={search_term_string}"},"query-input":{"@type":"PropertyValueSpecification","valueRequired":true,"valueName":"search_term_string"}}],"inLanguage":"cs"},{"@type":"Organization","@id":"https:\/\/www.dakarmania.cz\/#organization","name":"DAKAR MANIA","url":"https:\/\/www.dakarmania.cz\/","logo":{"@type":"ImageObject","inLanguage":"cs","@id":"https:\/\/www.dakarmania.cz\/#\/schema\/logo\/image\/","url":"https:\/\/www.dakarmania.cz\/wp-content\/uploads\/2018\/12\/Dakar-Mania-Logo-Square-Orange.png","contentUrl":"https:\/\/www.dakarmania.cz\/wp-content\/uploads\/2018\/12\/Dakar-Mania-Logo-Square-Orange.png","width":992,"height":992,"caption":"DAKAR MANIA"},"image":{"@id":"https:\/\/www.dakarmania.cz\/#\/schema\/logo\/image\/"},"sameAs":["https:\/\/www.facebook.com\/dakarmania\/"]},{"@type":"Person","@id":"https:\/\/www.dakarmania.cz\/#\/schema\/person\/04eb0e87a389631c2169c0dddae7ff1e","name":"Zden\u011bk Zelenka","image":{"@type":"ImageObject","inLanguage":"cs","@id":"https:\/\/www.dakarmania.cz\/#\/schema\/person\/image\/","url":"https:\/\/secure.gravatar.com\/avatar\/2c80d5a4942fe0900b73cc7d3837a509d6ee0a276a2b76dac95c92bd0763a89b?s=96&d=mm&r=g","contentUrl":"https:\/\/secure.gravatar.com\/avatar\/2c80d5a4942fe0900b73cc7d3837a509d6ee0a276a2b76dac95c92bd0763a89b?s=96&d=mm&r=g","caption":"Zden\u011bk Zelenka"},"description":"Moji d\u011bt\u0161t\u00ed hrdinov\u00e9 se jmenovali Loprais, Moskal, Neveu, Vatanen, Rahier... A tihle borci, jejich n\u00e1sledovn\u00edci a jejich p\u0159\u00edb\u011bhy m\u011b nep\u0159estali fascinovat ani po letech, kdy jsem vyrostl a zam\u011bstn\u00e1valy m\u011b jin\u00e9 discipl\u00edny motorsportu. Proto se zrodila DAKARMANIA.","url":"https:\/\/www.dakarmania.cz\/index.php\/author\/dakarmania\/"}]}},"amp_enabled":true,"_links":{"self":[{"href":"https:\/\/www.dakarmania.cz\/index.php\/wp-json\/wp\/v2\/posts\/13439","targetHints":{"allow":["GET"]}}],"collection":[{"href":"https:\/\/www.dakarmania.cz\/index.php\/wp-json\/wp\/v2\/posts"}],"about":[{"href":"https:\/\/www.dakarmania.cz\/index.php\/wp-json\/wp\/v2\/types\/post"}],"author":[{"embeddable":true,"href":"https:\/\/www.dakarmania.cz\/index.php\/wp-json\/wp\/v2\/users\/1"}],"replies":[{"embeddable":true,"href":"https:\/\/www.dakarmania.cz\/index.php\/wp-json\/wp\/v2\/comments?post=13439"}],"version-history":[{"count":4,"href":"https:\/\/www.dakarmania.cz\/index.php\/wp-json\/wp\/v2\/posts\/13439\/revisions"}],"predecessor-version":[{"id":13455,"href":"https:\/\/www.dakarmania.cz\/index.php\/wp-json\/wp\/v2\/posts\/13439\/revisions\/13455"}],"wp:featuredmedia":[{"embeddable":true,"href":"https:\/\/www.dakarmania.cz\/index.php\/wp-json\/wp\/v2\/media\/13438"}],"wp:attachment":[{"href":"https:\/\/www.dakarmania.cz\/index.php\/wp-json\/wp\/v2\/media?parent=13439"}],"wp:term":[{"taxonomy":"category","embeddable":true,"href":"https:\/\/www.dakarmania.cz\/index.php\/wp-json\/wp\/v2\/categories?post=13439"},{"taxonomy":"post_tag","embeddable":true,"href":"https:\/\/www.dakarmania.cz\/index.php\/wp-json\/wp\/v2\/tags?post=13439"}],"curies":[{"name":"wp","href":"https:\/\/api.w.org\/{rel}","templated":true}]}}