{"id":13451,"date":"2019-11-25T23:57:19","date_gmt":"2019-11-25T22:57:19","guid":{"rendered":"https:\/\/www.dakarmania.cz\/?p=13451"},"modified":"2019-11-26T00:05:46","modified_gmt":"2019-11-25T23:05:46","slug":"preproloog-v-novem-dejisti","status":"publish","type":"post","link":"https:\/\/www.dakarmania.cz\/index.php\/2019\/11\/25\/preproloog-v-novem-dejisti\/","title":{"rendered":"Holandsk\u00fd Preproloog poprv\u00e9 v nov\u00e9m d\u011bji\u0161ti"},"content":{"rendered":"<p>[vc_row][vc_column][vc_column_text css_animation=&#8221;fadeIn&#8221;]<\/p>\n<h4>Po l\u00e9ta bylo jm\u00e9no Valkenswaard synonymem pro kon\u00e1n\u00ed tradi\u010dn\u00edho holandsk\u00e9ho dostaven\u00ed\u010dka p\u0159ed odjezdem na Dakar. Po vyhrocen\u00ed spor\u016f s majiteli ter\u00e9nn\u00edho autodromu Eurocircuit se m\u011bsto Valkenswaard rozhodlo ze sv\u00e9ho \u00fazem\u00ed po\u0159adatele vyobcovat. Okruh p\u0159itom le\u017e\u00ed dva kilometry od m\u011bsta kdesi mezi poli a lesy. Po\u0159adatel v\u0161ak rychle nalezl alternativn\u00ed \u0159e\u0161en\u00ed \u2013 na\u0161el \u00fato\u010di\u0161t\u011b v rekrea\u010dn\u00ed oblasti E3 Strand Duynenwater nedaleko Eindhovenu. Ostatn\u011b, \u0159ad\u011b t\u00fdm\u016f je to m\u00edsto vcelku zn\u00e1m\u00e9 \u2013 i z vide\u00ed z testov\u00e1n\u00ed v\u00edme, \u017ee sem za t\u00edmto \u00fa\u010delem st\u00e1le m\u00ed\u0159\u00ed.<\/h4>\n<p>Dosavadn\u00ed promot\u00e9r, televize RTL 7, sice dal po\u0159adatel\u016fm tak\u00e9 ko\u0161em, ne tak nizozemsk\u00e9 zastoupen\u00ed v\u00fdrobce staven\u00ed techniky Caterpillar, firma PonCAT. A tak vznikla v p\u00edsc\u00edch na b\u0159ehu jezera spousta ter\u00e9nn\u00edch vln a vlnek, kter\u00e9 poskytly p\u0159ehlednou a atraktivn\u00ed scen\u00e9rii. Div\u00e1ci se rozestoupili pod\u00e9l trati a rozhodn\u011b netratili. Naopak. Posledn\u00ed roky byl Valkenswaard st\u00e1le stejn\u00fd a \u010d\u00edm d\u00e1l f\u00e1dn\u011bj\u0161\u00ed. Zm\u011bna lokace znamenala bezesporu osv\u011b\u017een\u00ed.<\/p>\n<p>A koho jsme v Eerselu vid\u011bli? T\u011b\u017eko \u0159\u00edci, zda bude m\u00edt Nizozemsko p\u0159i nadch\u00e1zej\u00edc\u00edm <a href=\"\/index.php\/souteze\/dakar-2020\/\">Dakaru 2020<\/a> v kategorii kamion\u016f n\u011bjak\u00e9 opravdu \u017ehav\u00e9 \u017eel\u00edzko v ohni. <a href=\"\/index.php\/osobnosti\/gerard-de-rooy\/\">Gerard de Rooy<\/a> u\u017e <a href=\"\/index.php\/2019\/10\/21\/dakar-2020-bez-gerarda-de-rooye\/\">ozn\u00e1mil<\/a>, \u017ee vinou zdravotn\u00edch probl\u00e9m\u016f (pravd\u011bpodobn\u011b v kombinaci s nedokon\u010denou stavbou nov\u00e9ho speci\u00e1lu s nez\u00e1visl\u00fdm zav\u011b\u0161en\u00edm kol), nov\u00fd Dakar vynech\u00e1.[\/vc_column_text][vc_single_image image=&#8221;13447&#8243; img_size=&#8221;large&#8221; add_caption=&#8221;yes&#8221; alignment=&#8221;center&#8221; onclick=&#8221;link_image&#8221; css_animation=&#8221;fadeIn&#8221;][vc_column_text css_animation=&#8221;fadeIn&#8221;]Do D\u017eiddy v\u0161ak pos\u00edl\u00e1 siln\u00fd t\u00fdm \u010dty\u0159 kamion\u016f, v n\u011bm\u017e se o m\u00edsto v prvn\u00ed p\u011btce budou pr\u00e1t relativn\u011b nov\u00e9 tv\u00e1\u0159e, Janus van Kasteren a Vick Versteijnen. Pro oba v\u0161ak plat\u00ed, \u017ee Gerardova jezdeck\u00e9ho form\u00e1tu ani rychlosti rovn\u011b\u017e se ne\u00fa\u010dastn\u00edc\u00edho Federica Villagry (t\u011b\u017ek\u00e1 finan\u010dn\u00ed situace v soudob\u00e9 Argentin\u011b) zat\u00edm nedorostli.<\/p>\n<p>Nov\u00fd Trakker byl postaven pro Michiela Becxe \u2013 rychlostn\u011b to zat\u00edm neznamenalo \u017e\u00e1dn\u00fd z\u00e1zrak. Konstrukce kamionu je dlouhodob\u011b zn\u00e1m\u00e1 (nov\u00e9 je ulo\u017een\u00ed velk\u00e9ho mezichladi\u010de pod st\u0159echou n\u00e1stavby, ulo\u017een\u00ed kabiny, veden\u00ed s\u00e1n\u00ed nad kabinou a taky humpol\u00e1ck\u00fd plechov\u00fd n\u00e1razn\u00edk s nalepenou fotografi\u00ed sv\u011btel \u2013 brrr). Kamiony od de Rooye b\u00fdvaj\u00ed rychl\u00e9, ale \u0159emesln\u00e9 zpracov\u00e1n\u00ed m\u00edvaj\u00ed na kov\u00e1\u0159sk\u00e9 \u00farovni \u2013 n\u011bco takov\u00e9ho by fin\u00e1ln\u00ed kontrolou v Sedl\u010danech nepro\u0161lo. Na kr\u00e1su se ale nejezd\u00ed.[\/vc_column_text][vc_single_image image=&#8221;13448&#8243; img_size=&#8221;large&#8221; add_caption=&#8221;yes&#8221; alignment=&#8221;center&#8221; onclick=&#8221;link_image&#8221; css_animation=&#8221;fadeIn&#8221;][vc_column_text css_animation=&#8221;fadeIn&#8221;]Siln\u00fd t\u00fdm vypravuje Mario Kress. \u010ctve\u0159ice kamion\u016f u\u017e je na hranici kapacitn\u00edch mo\u017enost\u00ed t\u00fdmu, ale bude na co koukat. <a href=\"\/index.php\/osobnosti\/martin-van-den-brink\/\">Martin van den Brink<\/a> s kapotov\u00fdm Renaultem Sherpa bude muset dr\u017eet na uzd\u011b hlavn\u011b emoce \u2013 mlad\u00fd synek Mitchel op\u011bt usedne s n\u00edm do jedn\u00e9 kabiny a Martin u\u017e re\u00e1ln\u011b mluv\u00ed o stavb\u011b druh\u00e9ho vozu, do n\u011bho\u017e mlad\u00fd usedne, jakmile mu bude osmn\u00e1ct. Posilou je n\u00e1vrat zku\u0161en\u00e9ho dakaristy Pascala de Baara, tentokr\u00e1t v dresu Riwald Recycling.<\/p>\n<p>S velk\u00fdm z\u00e1jmem je sledov\u00e1n debut nov\u00e9ho <a href=\"\/index.php\/2019\/09\/27\/prvni-hybridni-kamion\/\">hybridn\u00edho Renaultu C460<\/a> pod veden\u00edm Gerta Huzinka. V Eerselu toti\u017e Huzink celkem p\u0159esv\u011bd\u010div\u011b vyhr\u00e1l, auto m\u011blo neuv\u011b\u0159itelnou s\u00edlu a ani siln\u00e1 kapotov\u00e1 Torpeda od de Rooye na n\u011bj nesta\u010dila. Huzink jezdecky nikdy nep\u0159edstavoval kamionovou \u0161pi\u010dku, ale elektrick\u00fd doping siln\u00fd 1600 newtonmetr\u016f byl v p\u00edsku zn\u00e1t. N\u00edzk\u00fd speci\u00e1l futuristick\u00fdch tvar\u016f l\u00e9tal jako spla\u0161en\u00fd. Uvid\u00edme, jak\u00e1 bude spolehlivost syst\u00e9mu i to, jak re\u00e1ln\u011b dok\u00e1\u017ee pos\u00e1dka s rekuperovanou elektrickou energi\u00ed nakl\u00e1dat.<\/p>\n<p>Sestavu MKR dopl\u0148uj\u00ed \u201ehasi\u010di\u201c \u2013 Firemen Dakar Team Richarda de Groota. Kr\u00e1sn\u00e9 auto a dosti opatrn\u00fd v\u00fdkon, navazuj\u00edc\u00ed na matn\u00e9 p\u0159edstaven\u00ed s Dafem v letech minul\u00fdch.[\/vc_column_text][vc_single_image image=&#8221;13449&#8243; img_size=&#8221;large&#8221; add_caption=&#8221;yes&#8221; alignment=&#8221;center&#8221; onclick=&#8221;link_image&#8221; css_animation=&#8221;fadeIn&#8221;][vc_column_text css_animation=&#8221;fadeIn&#8221;]Kdo poutal pozornost d\u00e1l?<\/p>\n<p>Vcelku slibn\u011b zajel Adwin Hoondert s Dafem, ten m\u00e1 ov\u0161em nam\u00ed\u0159eno a\u017e na dubnovou Morocco Desert Challenge.<\/p>\n<p>Richard de Groot po hav\u00e1rii v Maroku p\u0159estav\u011bl sv\u016fj DAF zejm\u00e9na v oblasti n\u00e1stavby, ale hlavn\u011b po\u0159\u00eddil automatickou p\u0159evodovku Allison.<\/p>\n<p>Johan Elfrink znovu vylep\u0161il sv\u016fj kompaktn\u00ed Zetros (pneumatiky Semperit, tlumi\u010de stabiliz\u00e1tor\u016f) a op\u011bt vyr\u00e1\u017e\u00ed na Africa Eco Race.[\/vc_column_text][vc_single_image image=&#8221;13450&#8243; img_size=&#8221;large&#8221; add_caption=&#8221;yes&#8221; alignment=&#8221;center&#8221; onclick=&#8221;link_image&#8221; css_animation=&#8221;fadeIn&#8221;][vc_column_text css_animation=&#8221;fadeIn&#8221;]Zaujal star\u0161\u00ed DAF po Marcu Leuwovi v nov\u00fdch zelen\u00fdch sponzorsk\u00fdch barv\u00e1ch t\u00fdmu Dust Warriors (jezdec William van Groningen). V\u016fz toti\u017e u\u017e z d\u0159\u00edv\u011bj\u0161ka nese star\u0161\u00ed n\u00e1stavbu od de Rooy\u016f (Iveco 2011), ale tak\u00e9 n\u00e1razn\u00edk z faceliftov\u00e9ho proveden\u00ed Tatry 815 TerrNo!<\/p>\n<p>Gerrit Zuurmord m\u00e1 po hav\u00e1rii v Maroku sv\u016fj ex-Veka MAN op\u011bt po kup\u011b, nav\u00edc vylep\u0161en\u00fd na podvozku a s automatickou p\u0159evodovkou. S\u00e1m v\u0161ak jezdecky zaost\u00e1v\u00e1 za d\u0159\u00edv\u011bj\u0161\u00ed rychlost\u00ed Staceyho a Versluise.<\/p>\n<p>Zaujala tak\u00e9 statick\u00e1 uk\u00e1zka kreace Eimberta Timmermanse, kterou jsem pracovn\u011b nazval Kyklop. Motor Paccar ulo\u017een\u00fd p\u0159ed zadn\u00ed n\u00e1pravou, p\u0159evodovka nasm\u011brov\u00e1na vp\u0159ed, kabina Foden a \u0161\u00edlen\u00fd design p\u0159edn\u00ed kapoty \u2013 co s t\u00edm chce Timmermans po\u010d\u00edt, b\u016fh su\u010f&#8230;<\/p>\n<p>Holandskou dru\u017einu se na Dakaru znovu vyplat\u00ed sledovat, ale skute\u010dn\u00e9ho favorita v n\u00ed tentokr\u00e1t nenajdeme. Nejzaj\u00edmav\u011bj\u0161\u00ed bude pozorov\u00e1n\u00ed toho, jak si vede hybridn\u00ed technologie v Huzinkov\u011b aut\u011b a jak vysoko dos\u00e1hnou kapotov\u00ed n\u00e1jemci u de Rooye. Kandid\u00e1t\u016f na po\u0159ad\u00ed do des\u00edtky je v\u00edc, ale i ti nejlep\u0161\u00ed z moment\u00e1ln\u00ed holandsk\u00e9 sestavy by v sil\u00e1ch <a href=\"\/index.php\/souteze\/rally-dakar-cesi\/#2020\">\u010desk\u00fdch z\u00e1stupc\u016f<\/a> v kategorii kamion\u016f b\u00fdt m\u011bli.[\/vc_column_text][\/vc_column][\/vc_row]<\/p>\n","protected":false},"excerpt":{"rendered":"<p>Po l\u00e9ta byl Valkenswaard hostitelem tradi\u010dn\u00edho holandsk\u00e9ho dostaven\u00ed\u010dka p\u0159ed odjezdem na Dakar. Letos se v\u0161ak Preproloog jel nedaleko Eindhovenu.<\/p>\n","protected":false},"author":9,"featured_media":13446,"comment_status":"open","ping_status":"closed","sticky":false,"template":"","format":"standard","meta":{"footnotes":""},"categories":[16],"tags":[1536,159,1601,1602],"class_list":["post-13451","post","type-post","status-publish","format-standard","has-post-thumbnail","hentry","category-kamion","tag-aer-2020","tag-dakar-2020","tag-preproloog","tag-preproloog-2019"],"yoast_head":"<!-- This site is optimized with the Yoast SEO plugin v24.9 - https:\/\/yoast.com\/wordpress\/plugins\/seo\/ -->\n<title>Holandsk\u00fd Preproloog poprv\u00e9 v nov\u00e9m d\u011bji\u0161ti - DAKARMANIA.cz<\/title>\n<meta name=\"description\" content=\"Po l\u00e9ta byl Valkenswaard hostitelem tradi\u010dn\u00edho holandsk\u00e9ho dostaven\u00ed\u010dka p\u0159ed odjezdem na Dakar. Letos se v\u0161ak Preproloog jel nedaleko Eindhovenu.\" \/>\n<meta name=\"robots\" content=\"index, follow, max-snippet:-1, max-image-preview:large, max-video-preview:-1\" \/>\n<link rel=\"canonical\" href=\"https:\/\/www.dakarmania.cz\/index.php\/2019\/11\/25\/preproloog-v-novem-dejisti\/\" \/>\n<meta property=\"og:locale\" content=\"cs_CZ\" \/>\n<meta property=\"og:type\" content=\"article\" \/>\n<meta property=\"og:title\" content=\"Holandsk\u00fd Preproloog poprv\u00e9 v nov\u00e9m d\u011bji\u0161ti - DAKARMANIA.cz\" \/>\n<meta property=\"og:description\" content=\"Po l\u00e9ta byl Valkenswaard hostitelem tradi\u010dn\u00edho holandsk\u00e9ho dostaven\u00ed\u010dka p\u0159ed odjezdem na Dakar. Letos se v\u0161ak Preproloog jel nedaleko Eindhovenu.\" \/>\n<meta property=\"og:url\" content=\"https:\/\/www.dakarmania.cz\/index.php\/2019\/11\/25\/preproloog-v-novem-dejisti\/\" \/>\n<meta property=\"og:site_name\" content=\"DAKARMANIA.cz\" \/>\n<meta property=\"article:publisher\" content=\"https:\/\/www.facebook.com\/dakarmania\/\" \/>\n<meta property=\"article:published_time\" content=\"2019-11-25T22:57:19+00:00\" \/>\n<meta property=\"article:modified_time\" content=\"2019-11-25T23:05:46+00:00\" \/>\n<meta property=\"og:image\" content=\"https:\/\/www.dakarmania.cz\/wp-content\/uploads\/2019\/11\/19-preproloog-01.jpg\" \/>\n\t<meta property=\"og:image:width\" content=\"1024\" \/>\n\t<meta property=\"og:image:height\" content=\"678\" \/>\n\t<meta property=\"og:image:type\" content=\"image\/jpeg\" \/>\n<meta name=\"author\" content=\"Ji\u0159\u00ed Vintr\" \/>\n<meta name=\"twitter:card\" content=\"summary_large_image\" \/>\n<meta name=\"twitter:label1\" content=\"Napsal(a)\" \/>\n\t<meta name=\"twitter:data1\" content=\"Ji\u0159\u00ed Vintr\" \/>\n\t<meta name=\"twitter:label2\" content=\"Odhadovan\u00e1 doba \u010dten\u00ed\" \/>\n\t<meta name=\"twitter:data2\" content=\"5 minut\" \/>\n<script type=\"application\/ld+json\" class=\"yoast-schema-graph\">{\"@context\":\"https:\/\/schema.org\",\"@graph\":[{\"@type\":\"Article\",\"@id\":\"https:\/\/www.dakarmania.cz\/index.php\/2019\/11\/25\/preproloog-v-novem-dejisti\/#article\",\"isPartOf\":{\"@id\":\"https:\/\/www.dakarmania.cz\/index.php\/2019\/11\/25\/preproloog-v-novem-dejisti\/\"},\"author\":{\"name\":\"Ji\u0159\u00ed Vintr\",\"@id\":\"https:\/\/www.dakarmania.cz\/#\/schema\/person\/b1b02d2b54c65cbd1c65477e9b63042f\"},\"headline\":\"Holandsk\u00fd Preproloog poprv\u00e9 v nov\u00e9m d\u011bji\u0161ti\",\"datePublished\":\"2019-11-25T22:57:19+00:00\",\"dateModified\":\"2019-11-25T23:05:46+00:00\",\"mainEntityOfPage\":{\"@id\":\"https:\/\/www.dakarmania.cz\/index.php\/2019\/11\/25\/preproloog-v-novem-dejisti\/\"},\"wordCount\":1077,\"commentCount\":0,\"publisher\":{\"@id\":\"https:\/\/www.dakarmania.cz\/#organization\"},\"image\":{\"@id\":\"https:\/\/www.dakarmania.cz\/index.php\/2019\/11\/25\/preproloog-v-novem-dejisti\/#primaryimage\"},\"thumbnailUrl\":\"https:\/\/www.dakarmania.cz\/wp-content\/uploads\/2019\/11\/19-preproloog-01.jpg\",\"keywords\":[\"AER 2020\",\"Dakar 2020\",\"Preproloog\",\"Preproloog 2019\"],\"articleSection\":[\"Kamiony\"],\"inLanguage\":\"cs\",\"potentialAction\":[{\"@type\":\"CommentAction\",\"name\":\"Comment\",\"target\":[\"https:\/\/www.dakarmania.cz\/index.php\/2019\/11\/25\/preproloog-v-novem-dejisti\/#respond\"]}]},{\"@type\":\"WebPage\",\"@id\":\"https:\/\/www.dakarmania.cz\/index.php\/2019\/11\/25\/preproloog-v-novem-dejisti\/\",\"url\":\"https:\/\/www.dakarmania.cz\/index.php\/2019\/11\/25\/preproloog-v-novem-dejisti\/\",\"name\":\"Holandsk\u00fd Preproloog poprv\u00e9 v nov\u00e9m d\u011bji\u0161ti - DAKARMANIA.cz\",\"isPartOf\":{\"@id\":\"https:\/\/www.dakarmania.cz\/#website\"},\"primaryImageOfPage\":{\"@id\":\"https:\/\/www.dakarmania.cz\/index.php\/2019\/11\/25\/preproloog-v-novem-dejisti\/#primaryimage\"},\"image\":{\"@id\":\"https:\/\/www.dakarmania.cz\/index.php\/2019\/11\/25\/preproloog-v-novem-dejisti\/#primaryimage\"},\"thumbnailUrl\":\"https:\/\/www.dakarmania.cz\/wp-content\/uploads\/2019\/11\/19-preproloog-01.jpg\",\"datePublished\":\"2019-11-25T22:57:19+00:00\",\"dateModified\":\"2019-11-25T23:05:46+00:00\",\"description\":\"Po l\u00e9ta byl Valkenswaard hostitelem tradi\u010dn\u00edho holandsk\u00e9ho dostaven\u00ed\u010dka p\u0159ed odjezdem na Dakar. Letos se v\u0161ak Preproloog jel nedaleko Eindhovenu.\",\"breadcrumb\":{\"@id\":\"https:\/\/www.dakarmania.cz\/index.php\/2019\/11\/25\/preproloog-v-novem-dejisti\/#breadcrumb\"},\"inLanguage\":\"cs\",\"potentialAction\":[{\"@type\":\"ReadAction\",\"target\":[\"https:\/\/www.dakarmania.cz\/index.php\/2019\/11\/25\/preproloog-v-novem-dejisti\/\"]}]},{\"@type\":\"ImageObject\",\"inLanguage\":\"cs\",\"@id\":\"https:\/\/www.dakarmania.cz\/index.php\/2019\/11\/25\/preproloog-v-novem-dejisti\/#primaryimage\",\"url\":\"https:\/\/www.dakarmania.cz\/wp-content\/uploads\/2019\/11\/19-preproloog-01.jpg\",\"contentUrl\":\"https:\/\/www.dakarmania.cz\/wp-content\/uploads\/2019\/11\/19-preproloog-01.jpg\",\"width\":1024,\"height\":678,\"caption\":\"Gert Huzink, Renault C460, Riwald Dakar Team. Preproloog 2019. \u00a9 Ji\u0159\u00ed Vintr\"},{\"@type\":\"BreadcrumbList\",\"@id\":\"https:\/\/www.dakarmania.cz\/index.php\/2019\/11\/25\/preproloog-v-novem-dejisti\/#breadcrumb\",\"itemListElement\":[{\"@type\":\"ListItem\",\"position\":1,\"name\":\"Dom\u016f\",\"item\":\"https:\/\/www.dakarmania.cz\/\"},{\"@type\":\"ListItem\",\"position\":2,\"name\":\"Holandsk\u00fd Preproloog poprv\u00e9 v nov\u00e9m d\u011bji\u0161ti\"}]},{\"@type\":\"WebSite\",\"@id\":\"https:\/\/www.dakarmania.cz\/#website\",\"url\":\"https:\/\/www.dakarmania.cz\/\",\"name\":\"DAKARMANIA.cz\",\"description\":\"\u017dijeme Dakarem cel\u00fd rok\",\"publisher\":{\"@id\":\"https:\/\/www.dakarmania.cz\/#organization\"},\"potentialAction\":[{\"@type\":\"SearchAction\",\"target\":{\"@type\":\"EntryPoint\",\"urlTemplate\":\"https:\/\/www.dakarmania.cz\/?s={search_term_string}\"},\"query-input\":{\"@type\":\"PropertyValueSpecification\",\"valueRequired\":true,\"valueName\":\"search_term_string\"}}],\"inLanguage\":\"cs\"},{\"@type\":\"Organization\",\"@id\":\"https:\/\/www.dakarmania.cz\/#organization\",\"name\":\"DAKAR MANIA\",\"url\":\"https:\/\/www.dakarmania.cz\/\",\"logo\":{\"@type\":\"ImageObject\",\"inLanguage\":\"cs\",\"@id\":\"https:\/\/www.dakarmania.cz\/#\/schema\/logo\/image\/\",\"url\":\"https:\/\/www.dakarmania.cz\/wp-content\/uploads\/2018\/12\/Dakar-Mania-Logo-Square-Orange.png\",\"contentUrl\":\"https:\/\/www.dakarmania.cz\/wp-content\/uploads\/2018\/12\/Dakar-Mania-Logo-Square-Orange.png\",\"width\":992,\"height\":992,\"caption\":\"DAKAR MANIA\"},\"image\":{\"@id\":\"https:\/\/www.dakarmania.cz\/#\/schema\/logo\/image\/\"},\"sameAs\":[\"https:\/\/www.facebook.com\/dakarmania\/\"]},{\"@type\":\"Person\",\"@id\":\"https:\/\/www.dakarmania.cz\/#\/schema\/person\/b1b02d2b54c65cbd1c65477e9b63042f\",\"name\":\"Ji\u0159\u00ed Vintr\",\"image\":{\"@type\":\"ImageObject\",\"inLanguage\":\"cs\",\"@id\":\"https:\/\/www.dakarmania.cz\/#\/schema\/person\/image\/\",\"url\":\"https:\/\/secure.gravatar.com\/avatar\/8fa77bc6a97edbd002f54c1fc76446adf315d2bfdb3af3c6ac1240ff407146bd?s=96&d=mm&r=g\",\"contentUrl\":\"https:\/\/secure.gravatar.com\/avatar\/8fa77bc6a97edbd002f54c1fc76446adf315d2bfdb3af3c6ac1240ff407146bd?s=96&d=mm&r=g\",\"caption\":\"Ji\u0159\u00ed Vintr\"},\"url\":\"https:\/\/www.dakarmania.cz\/index.php\/author\/jirivintr\/\"}]}<\/script>\n<!-- \/ Yoast SEO plugin. -->","yoast_head_json":{"title":"Holandsk\u00fd Preproloog poprv\u00e9 v nov\u00e9m d\u011bji\u0161ti - DAKARMANIA.cz","description":"Po l\u00e9ta byl Valkenswaard hostitelem tradi\u010dn\u00edho holandsk\u00e9ho dostaven\u00ed\u010dka p\u0159ed odjezdem na Dakar. Letos se v\u0161ak Preproloog jel nedaleko Eindhovenu.","robots":{"index":"index","follow":"follow","max-snippet":"max-snippet:-1","max-image-preview":"max-image-preview:large","max-video-preview":"max-video-preview:-1"},"canonical":"https:\/\/www.dakarmania.cz\/index.php\/2019\/11\/25\/preproloog-v-novem-dejisti\/","og_locale":"cs_CZ","og_type":"article","og_title":"Holandsk\u00fd Preproloog poprv\u00e9 v nov\u00e9m d\u011bji\u0161ti - DAKARMANIA.cz","og_description":"Po l\u00e9ta byl Valkenswaard hostitelem tradi\u010dn\u00edho holandsk\u00e9ho dostaven\u00ed\u010dka p\u0159ed odjezdem na Dakar. Letos se v\u0161ak Preproloog jel nedaleko Eindhovenu.","og_url":"https:\/\/www.dakarmania.cz\/index.php\/2019\/11\/25\/preproloog-v-novem-dejisti\/","og_site_name":"DAKARMANIA.cz","article_publisher":"https:\/\/www.facebook.com\/dakarmania\/","article_published_time":"2019-11-25T22:57:19+00:00","article_modified_time":"2019-11-25T23:05:46+00:00","og_image":[{"width":1024,"height":678,"url":"https:\/\/www.dakarmania.cz\/wp-content\/uploads\/2019\/11\/19-preproloog-01.jpg","type":"image\/jpeg"}],"author":"Ji\u0159\u00ed Vintr","twitter_card":"summary_large_image","twitter_misc":{"Napsal(a)":"Ji\u0159\u00ed Vintr","Odhadovan\u00e1 doba \u010dten\u00ed":"5 minut"},"schema":{"@context":"https:\/\/schema.org","@graph":[{"@type":"Article","@id":"https:\/\/www.dakarmania.cz\/index.php\/2019\/11\/25\/preproloog-v-novem-dejisti\/#article","isPartOf":{"@id":"https:\/\/www.dakarmania.cz\/index.php\/2019\/11\/25\/preproloog-v-novem-dejisti\/"},"author":{"name":"Ji\u0159\u00ed Vintr","@id":"https:\/\/www.dakarmania.cz\/#\/schema\/person\/b1b02d2b54c65cbd1c65477e9b63042f"},"headline":"Holandsk\u00fd Preproloog poprv\u00e9 v nov\u00e9m d\u011bji\u0161ti","datePublished":"2019-11-25T22:57:19+00:00","dateModified":"2019-11-25T23:05:46+00:00","mainEntityOfPage":{"@id":"https:\/\/www.dakarmania.cz\/index.php\/2019\/11\/25\/preproloog-v-novem-dejisti\/"},"wordCount":1077,"commentCount":0,"publisher":{"@id":"https:\/\/www.dakarmania.cz\/#organization"},"image":{"@id":"https:\/\/www.dakarmania.cz\/index.php\/2019\/11\/25\/preproloog-v-novem-dejisti\/#primaryimage"},"thumbnailUrl":"https:\/\/www.dakarmania.cz\/wp-content\/uploads\/2019\/11\/19-preproloog-01.jpg","keywords":["AER 2020","Dakar 2020","Preproloog","Preproloog 2019"],"articleSection":["Kamiony"],"inLanguage":"cs","potentialAction":[{"@type":"CommentAction","name":"Comment","target":["https:\/\/www.dakarmania.cz\/index.php\/2019\/11\/25\/preproloog-v-novem-dejisti\/#respond"]}]},{"@type":"WebPage","@id":"https:\/\/www.dakarmania.cz\/index.php\/2019\/11\/25\/preproloog-v-novem-dejisti\/","url":"https:\/\/www.dakarmania.cz\/index.php\/2019\/11\/25\/preproloog-v-novem-dejisti\/","name":"Holandsk\u00fd Preproloog poprv\u00e9 v nov\u00e9m d\u011bji\u0161ti - DAKARMANIA.cz","isPartOf":{"@id":"https:\/\/www.dakarmania.cz\/#website"},"primaryImageOfPage":{"@id":"https:\/\/www.dakarmania.cz\/index.php\/2019\/11\/25\/preproloog-v-novem-dejisti\/#primaryimage"},"image":{"@id":"https:\/\/www.dakarmania.cz\/index.php\/2019\/11\/25\/preproloog-v-novem-dejisti\/#primaryimage"},"thumbnailUrl":"https:\/\/www.dakarmania.cz\/wp-content\/uploads\/2019\/11\/19-preproloog-01.jpg","datePublished":"2019-11-25T22:57:19+00:00","dateModified":"2019-11-25T23:05:46+00:00","description":"Po l\u00e9ta byl Valkenswaard hostitelem tradi\u010dn\u00edho holandsk\u00e9ho dostaven\u00ed\u010dka p\u0159ed odjezdem na Dakar. Letos se v\u0161ak Preproloog jel nedaleko Eindhovenu.","breadcrumb":{"@id":"https:\/\/www.dakarmania.cz\/index.php\/2019\/11\/25\/preproloog-v-novem-dejisti\/#breadcrumb"},"inLanguage":"cs","potentialAction":[{"@type":"ReadAction","target":["https:\/\/www.dakarmania.cz\/index.php\/2019\/11\/25\/preproloog-v-novem-dejisti\/"]}]},{"@type":"ImageObject","inLanguage":"cs","@id":"https:\/\/www.dakarmania.cz\/index.php\/2019\/11\/25\/preproloog-v-novem-dejisti\/#primaryimage","url":"https:\/\/www.dakarmania.cz\/wp-content\/uploads\/2019\/11\/19-preproloog-01.jpg","contentUrl":"https:\/\/www.dakarmania.cz\/wp-content\/uploads\/2019\/11\/19-preproloog-01.jpg","width":1024,"height":678,"caption":"Gert Huzink, Renault C460, Riwald Dakar Team. Preproloog 2019. \u00a9 Ji\u0159\u00ed Vintr"},{"@type":"BreadcrumbList","@id":"https:\/\/www.dakarmania.cz\/index.php\/2019\/11\/25\/preproloog-v-novem-dejisti\/#breadcrumb","itemListElement":[{"@type":"ListItem","position":1,"name":"Dom\u016f","item":"https:\/\/www.dakarmania.cz\/"},{"@type":"ListItem","position":2,"name":"Holandsk\u00fd Preproloog poprv\u00e9 v nov\u00e9m d\u011bji\u0161ti"}]},{"@type":"WebSite","@id":"https:\/\/www.dakarmania.cz\/#website","url":"https:\/\/www.dakarmania.cz\/","name":"DAKARMANIA.cz","description":"\u017dijeme Dakarem cel\u00fd rok","publisher":{"@id":"https:\/\/www.dakarmania.cz\/#organization"},"potentialAction":[{"@type":"SearchAction","target":{"@type":"EntryPoint","urlTemplate":"https:\/\/www.dakarmania.cz\/?s={search_term_string}"},"query-input":{"@type":"PropertyValueSpecification","valueRequired":true,"valueName":"search_term_string"}}],"inLanguage":"cs"},{"@type":"Organization","@id":"https:\/\/www.dakarmania.cz\/#organization","name":"DAKAR MANIA","url":"https:\/\/www.dakarmania.cz\/","logo":{"@type":"ImageObject","inLanguage":"cs","@id":"https:\/\/www.dakarmania.cz\/#\/schema\/logo\/image\/","url":"https:\/\/www.dakarmania.cz\/wp-content\/uploads\/2018\/12\/Dakar-Mania-Logo-Square-Orange.png","contentUrl":"https:\/\/www.dakarmania.cz\/wp-content\/uploads\/2018\/12\/Dakar-Mania-Logo-Square-Orange.png","width":992,"height":992,"caption":"DAKAR MANIA"},"image":{"@id":"https:\/\/www.dakarmania.cz\/#\/schema\/logo\/image\/"},"sameAs":["https:\/\/www.facebook.com\/dakarmania\/"]},{"@type":"Person","@id":"https:\/\/www.dakarmania.cz\/#\/schema\/person\/b1b02d2b54c65cbd1c65477e9b63042f","name":"Ji\u0159\u00ed Vintr","image":{"@type":"ImageObject","inLanguage":"cs","@id":"https:\/\/www.dakarmania.cz\/#\/schema\/person\/image\/","url":"https:\/\/secure.gravatar.com\/avatar\/8fa77bc6a97edbd002f54c1fc76446adf315d2bfdb3af3c6ac1240ff407146bd?s=96&d=mm&r=g","contentUrl":"https:\/\/secure.gravatar.com\/avatar\/8fa77bc6a97edbd002f54c1fc76446adf315d2bfdb3af3c6ac1240ff407146bd?s=96&d=mm&r=g","caption":"Ji\u0159\u00ed Vintr"},"url":"https:\/\/www.dakarmania.cz\/index.php\/author\/jirivintr\/"}]}},"amp_enabled":true,"_links":{"self":[{"href":"https:\/\/www.dakarmania.cz\/index.php\/wp-json\/wp\/v2\/posts\/13451","targetHints":{"allow":["GET"]}}],"collection":[{"href":"https:\/\/www.dakarmania.cz\/index.php\/wp-json\/wp\/v2\/posts"}],"about":[{"href":"https:\/\/www.dakarmania.cz\/index.php\/wp-json\/wp\/v2\/types\/post"}],"author":[{"embeddable":true,"href":"https:\/\/www.dakarmania.cz\/index.php\/wp-json\/wp\/v2\/users\/9"}],"replies":[{"embeddable":true,"href":"https:\/\/www.dakarmania.cz\/index.php\/wp-json\/wp\/v2\/comments?post=13451"}],"version-history":[{"count":1,"href":"https:\/\/www.dakarmania.cz\/index.php\/wp-json\/wp\/v2\/posts\/13451\/revisions"}],"predecessor-version":[{"id":13452,"href":"https:\/\/www.dakarmania.cz\/index.php\/wp-json\/wp\/v2\/posts\/13451\/revisions\/13452"}],"wp:featuredmedia":[{"embeddable":true,"href":"https:\/\/www.dakarmania.cz\/index.php\/wp-json\/wp\/v2\/media\/13446"}],"wp:attachment":[{"href":"https:\/\/www.dakarmania.cz\/index.php\/wp-json\/wp\/v2\/media?parent=13451"}],"wp:term":[{"taxonomy":"category","embeddable":true,"href":"https:\/\/www.dakarmania.cz\/index.php\/wp-json\/wp\/v2\/categories?post=13451"},{"taxonomy":"post_tag","embeddable":true,"href":"https:\/\/www.dakarmania.cz\/index.php\/wp-json\/wp\/v2\/tags?post=13451"}],"curies":[{"name":"wp","href":"https:\/\/api.w.org\/{rel}","templated":true}]}}