{"id":13492,"date":"2019-11-28T15:30:45","date_gmt":"2019-11-28T14:30:45","guid":{"rendered":"https:\/\/www.dakarmania.cz\/?p=13492"},"modified":"2019-12-01T01:08:42","modified_gmt":"2019-12-01T00:08:42","slug":"hybrid-vyhral-preproloog","status":"publish","type":"post","link":"https:\/\/www.dakarmania.cz\/index.php\/2019\/11\/28\/hybrid-vyhral-preproloog\/","title":{"rendered":"Hybrid vyhr\u00e1l Preproloog"},"content":{"rendered":"<p>[vc_row][vc_column][vc_column_text css_animation=&#8221;fadeIn&#8221;]<\/p>\n<h3>Velkolep\u00e9 p\u0159edstaven\u00ed za sebou maj\u00ed v\u0161echny \u010dty\u0159i severo\u010desk\u00e9 z\u00e1vodn\u00ed kamiony z d\u00edlny t\u00fdmu MKR Technology. O v\u00edkendu se kvartet dakarsk\u00fdch speci\u00e1l\u016f p\u0159edvedl v pln\u00e9 s\u00edle p\u0159i tradi\u010dn\u00ed akci Preproloog v Holandsku. Ta letos byla zcela jin\u00e1 a v mnoha sm\u011brech p\u0159ekonala d\u0159\u00edv\u011bj\u0161\u00ed ro\u010dn\u00edky.<\/h3>\n<p>[\/vc_column_text][vc_single_image image=&#8221;13490&#8243; img_size=&#8221;large&#8221; add_caption=&#8221;yes&#8221; alignment=&#8221;center&#8221; onclick=&#8221;link_image&#8221; css_animation=&#8221;fadeIn&#8221;][vc_column_text css_animation=&#8221;fadeIn&#8221;]Akce se p\u0159esunula z n\u011bkdej\u0161\u00edho autodromu ve Valkenswaardu do oblasti Duynenwater. A i tentokr\u00e1t si fanou\u0161ci v\u011bhlasn\u00e9 rally p\u0159i\u0161li na sv\u00e9. V\u0161echny nav\u00edc uhranul Kress\u016fv prvn\u00ed <a href=\"\/index.php\/2019\/09\/27\/prvni-hybridni-kamion\/\">hybridn\u00ed kamion<\/a> na sv\u011bt\u011b, kter\u00fd exhibi\u010dn\u00ed z\u00e1vod suver\u00e9nn\u011b ovl\u00e1dl.<\/p>\n<p><em>\u201ePreproloog je pro n\u00e1s u\u017e tradi\u010dn\u00ed akce, na kter\u00e9 se setk\u00e1vaj\u00ed prakticky v\u0161ichni holand\u0161t\u00ed z\u00e1stupci a pos\u00e1dky, kter\u00e9 m\u00ed\u0159\u00ed na Dakar. Zm\u011bna m\u00edsta cel\u00e9 akci ur\u010dit\u011b prosp\u011bla. Okruh byl p\u0159ipraven velmi p\u011bkn\u011b a div\u00e1ci si celou show mohli pat\u0159i\u010dn\u011b u\u017e\u00edt. U n\u00e1s v z\u00e1zem\u00ed nav\u00edc vl\u00e1dne naprosto par\u00e1dn\u00ed atmosf\u00e9ra. V\u0161ichni se na Dakar u\u017e moc t\u011b\u0161\u00edme. Kluci jsou velmi spokojen\u00ed, n\u00e1lada skv\u011bl\u00e1, v\u0161ichni uvoln\u011bn\u00ed. V\u011b\u0159\u00edm, \u017ee takto se d\u00e1 usp\u011bt,\u201c<\/em> chv\u00e1l\u00ed si t\u00fdmov\u00e9ho ducha <strong>Mario Kress<\/strong>, hlavn\u00ed konstrukt\u00e9r dakarsk\u00fdch speci\u00e1l\u016f ze severo\u010desk\u00fdch \u017didovic.[\/vc_column_text][vc_single_image image=&#8221;13489&#8243; img_size=&#8221;large&#8221; add_caption=&#8221;yes&#8221; alignment=&#8221;center&#8221; onclick=&#8221;link_image&#8221; css_animation=&#8221;fadeIn&#8221;][vc_column_text css_animation=&#8221;fadeIn&#8221;]Po letech se tentokr\u00e1t po\u0159adatel\u00e9 rozhodli celou akci p\u0159esunout, jeliko\u017e se nedomluvili s majiteli ter\u00e9nn\u00edho autodromu Eurocircuit ve Valkenswaardu. Nov\u00e9 z\u00e1zem\u00ed i skv\u011bl\u00fd prostor na\u0161li nedaleko Eindhovenu v rekrea\u010dn\u00ed oblasti Duyenwater. Do d\u011bji\u0161t\u011b setk\u00e1n\u00ed dorazilo p\u0159es deset tis\u00edc div\u00e1k\u016f, kte\u0159\u00ed sledovali nejen \u00fa\u010dastn\u00edky Dakaru, ale tak\u00e9 pos\u00e1dky, kter\u00e9 m\u00ed\u0159\u00ed na Morocco Desert Challenge nebo Africa Eco Race. Nov\u00e1 lokalita a velk\u00e9 mno\u017estv\u00ed z\u00e1vodn\u00edk\u016f nab\u00eddlo div\u00e1cky atraktivn\u00ed pod\u00edvanou.<\/p>\n<p>A symbolickou prvn\u00ed \u010d\u00e1rku si po uplynul\u00e9m v\u00edkendu p\u0159ipisuje Kress\u016fv hybrid. Renault C460 toti\u017e v n\u00e1ro\u010dn\u00e9m ter\u00e9nu uk\u00e1zal svoji s\u00edlu a Gert Huzink s n\u00edm z\u00e1vod vyhr\u00e1l. Nesta\u010dily na n\u011bj ani speci\u00e1ly renomovan\u00e9ho t\u00fdmu <a href=\"\/index.php\/osobnosti\/gerard-de-rooy\/\">Gerarda de Rooye<\/a>.<\/p>\n<p>Krom\u011b Huzinka se v barv\u00e1ch t\u00fdmu Riwald Dakar p\u0159edstavil tak\u00e9 Pascal de Baar, kter\u00fd pojede s trambusov\u00fdm Renaultem K520. Naopak v kapotovan\u00e9m speci\u00e1lu p\u0159ezd\u00edvan\u00e9m Sherpa pojede <a href=\"\/index.php\/osobnosti\/martin-van-den-brink\/\">Martin van den Brink<\/a> z t\u00fdmu Mammoet Rallysport. \u010ctvrt\u00fd kamion z d\u00edlny MKR Technology dopl\u0148uj\u00ed \u201ehasi\u010di\u201c z Firemen Dakar Teamu, tedy pos\u00e1dka veden\u00e1 pilotem Richardem de Grootem.[\/vc_column_text][vc_single_image image=&#8221;13491&#8243; img_size=&#8221;large&#8221; add_caption=&#8221;yes&#8221; alignment=&#8221;center&#8221; onclick=&#8221;link_image&#8221; css_animation=&#8221;fadeIn&#8221;][vc_column_text css_animation=&#8221;fadeIn&#8221;]<em>\u201eB\u011bhem programu se na motorce uk\u00e1zal i Martin\u016fv syn Mitchel, kter\u00fd s n\u00edm jinak bude na Dakaru sed\u011bt v kabin\u011b. V\u0161ichni jsme si akci u\u017eili a sama m\u00e1m velkou radost, jak o v\u00edkendu v\u0161echno \u0161lapalo na v\u00fdbornou,\u201c<\/em> konstatuje spokojen\u00e1 <strong>Kl\u00e1ra Kress<\/strong>, mana\u017eerka t\u00fdmu MKR Technology.<\/p>\n<p>A\u017e na hybridn\u00ed speci\u00e1l v Holandsku ostatn\u00ed kamiony u\u017e z\u016fstaly. P\u0159\u00ed\u0161t\u00ed t\u00fdden se ve\u0161ker\u00e1 technika p\u0159esune do francouzsk\u00e9ho Marseille, odkud se vyd\u00e1 do Sa\u00fadsk\u00e9 Ar\u00e1bie na start <a href=\"\/index.php\/souteze\/dakar-2020\/\">42. ro\u010dn\u00edku Rally Dakar<\/a>. Ten odstartuje 5. ledna v D\u017eidd\u011b a skon\u010d\u00ed po dvan\u00e1cti etap\u00e1ch v Qiddiyi. Na pos\u00e1dky \u010dek\u00e1 7856 kilometr\u016f, z nich\u017e je 5097 m\u011b\u0159en\u00fdch. Naviga\u010dn\u011b t\u011b\u017ek\u00e9 etapy nav\u00edc povedou ze dvou t\u0159etin pou\u0161t\u00ed. Ti nej\u0161\u0165astn\u011bj\u0161\u00ed dojedou do c\u00edle v p\u00e1tek 17. ledna.<\/p>\n<p>Tiskov\u00e1 zpr\u00e1va MKR Technology [editov\u00e1no][\/vc_column_text][\/vc_column][\/vc_row]<\/p>\n","protected":false},"excerpt":{"rendered":"<p>Velkolep\u00e9 p\u0159edstaven\u00ed za sebou maj\u00ed kamiony z d\u00edlny t\u00fdmu MKR Technology. O v\u00edkendu se dakarsk\u00e9 speci\u00e1ly p\u0159edvedly v pln\u00e9 s\u00edle p\u0159i tradi\u010dn\u00edm Preproloogu.<\/p>\n","protected":false},"author":3,"featured_media":13490,"comment_status":"open","ping_status":"closed","sticky":false,"template":"","format":"standard","meta":{"footnotes":""},"categories":[637],"tags":[425,1539,84,662,83,79,914,78,88,76,1537,1601,1602,77,1538,87,85],"class_list":["post-13492","post","type-post","status-publish","format-standard","has-post-thumbnail","hentry","category-tiskove-zpravy","tag-425","tag-firemen-dakar-team","tag-gert-huzink","tag-klara-kress","tag-mammoet-rallysport","tag-mario-kress","tag-martin-roesink","tag-martin-van-den-brink","tag-mitchel-van-den-brink","tag-mkr-technology","tag-pascal-de-baar","tag-preproloog","tag-preproloog-2019","tag-renault","tag-richard-de-groot","tag-riwald-dakar-team","tag-rob-buursen"],"yoast_head":"<!-- This site is optimized with the Yoast SEO plugin v24.9 - https:\/\/yoast.com\/wordpress\/plugins\/seo\/ -->\n<title>Hybrid vyhr\u00e1l Preproloog - DAKARMANIA.cz<\/title>\n<meta name=\"description\" content=\"Velkolep\u00e9 p\u0159edstaven\u00ed za sebou maj\u00ed kamiony z d\u00edlny t\u00fdmu MKR Technology. O v\u00edkendu se dakarsk\u00e9 speci\u00e1ly p\u0159edvedly v pln\u00e9 s\u00edle p\u0159i tradi\u010dn\u00edm Preproloogu.\" \/>\n<meta name=\"robots\" content=\"index, follow, max-snippet:-1, max-image-preview:large, max-video-preview:-1\" \/>\n<link rel=\"canonical\" href=\"https:\/\/www.dakarmania.cz\/index.php\/2019\/11\/28\/hybrid-vyhral-preproloog\/\" \/>\n<meta property=\"og:locale\" content=\"cs_CZ\" \/>\n<meta property=\"og:type\" content=\"article\" \/>\n<meta property=\"og:title\" content=\"Hybrid vyhr\u00e1l Preproloog - DAKARMANIA.cz\" \/>\n<meta property=\"og:description\" content=\"Velkolep\u00e9 p\u0159edstaven\u00ed za sebou maj\u00ed kamiony z d\u00edlny t\u00fdmu MKR Technology. O v\u00edkendu se dakarsk\u00e9 speci\u00e1ly p\u0159edvedly v pln\u00e9 s\u00edle p\u0159i tradi\u010dn\u00edm Preproloogu.\" \/>\n<meta property=\"og:url\" content=\"https:\/\/www.dakarmania.cz\/index.php\/2019\/11\/28\/hybrid-vyhral-preproloog\/\" \/>\n<meta property=\"og:site_name\" content=\"DAKARMANIA.cz\" \/>\n<meta property=\"article:publisher\" content=\"https:\/\/www.facebook.com\/dakarmania\/\" \/>\n<meta property=\"article:published_time\" content=\"2019-11-28T14:30:45+00:00\" \/>\n<meta property=\"article:modified_time\" content=\"2019-12-01T00:08:42+00:00\" \/>\n<meta property=\"og:image\" content=\"https:\/\/www.dakarmania.cz\/wp-content\/uploads\/2019\/11\/19-preproloog-huzink-02.jpg\" \/>\n\t<meta property=\"og:image:width\" content=\"1024\" \/>\n\t<meta property=\"og:image:height\" content=\"683\" \/>\n\t<meta property=\"og:image:type\" content=\"image\/jpeg\" \/>\n<meta name=\"author\" content=\"tiskov\u00e1 zpr\u00e1va\" \/>\n<meta name=\"twitter:card\" content=\"summary_large_image\" \/>\n<meta name=\"twitter:label1\" content=\"Napsal(a)\" \/>\n\t<meta name=\"twitter:data1\" content=\"tiskov\u00e1 zpr\u00e1va\" \/>\n\t<meta name=\"twitter:label2\" content=\"Odhadovan\u00e1 doba \u010dten\u00ed\" \/>\n\t<meta name=\"twitter:data2\" content=\"4 minuty\" \/>\n<script type=\"application\/ld+json\" class=\"yoast-schema-graph\">{\"@context\":\"https:\/\/schema.org\",\"@graph\":[{\"@type\":\"Article\",\"@id\":\"https:\/\/www.dakarmania.cz\/index.php\/2019\/11\/28\/hybrid-vyhral-preproloog\/#article\",\"isPartOf\":{\"@id\":\"https:\/\/www.dakarmania.cz\/index.php\/2019\/11\/28\/hybrid-vyhral-preproloog\/\"},\"author\":{\"name\":\"tiskov\u00e1 zpr\u00e1va\",\"@id\":\"https:\/\/www.dakarmania.cz\/#\/schema\/person\/bce8d1fe3633b1178e150fc5e340d5dd\"},\"headline\":\"Hybrid vyhr\u00e1l Preproloog\",\"datePublished\":\"2019-11-28T14:30:45+00:00\",\"dateModified\":\"2019-12-01T00:08:42+00:00\",\"mainEntityOfPage\":{\"@id\":\"https:\/\/www.dakarmania.cz\/index.php\/2019\/11\/28\/hybrid-vyhral-preproloog\/\"},\"wordCount\":709,\"commentCount\":0,\"publisher\":{\"@id\":\"https:\/\/www.dakarmania.cz\/#organization\"},\"image\":{\"@id\":\"https:\/\/www.dakarmania.cz\/index.php\/2019\/11\/28\/hybrid-vyhral-preproloog\/#primaryimage\"},\"thumbnailUrl\":\"https:\/\/www.dakarmania.cz\/wp-content\/uploads\/2019\/11\/19-preproloog-huzink-02.jpg\",\"keywords\":[\"2019\",\"Firemen Dakar Team\",\"Gert Huzink\",\"Kl\u00e1ra Kress\",\"Mammoet Rallysport\",\"Mario Kress\",\"Martin Roesink\",\"Martin van den Brink\",\"Mitchel van den Brink\",\"MKR Technology\",\"Pascal de Baar\",\"Preproloog\",\"Preproloog 2019\",\"Renault\",\"Richard de Groot\",\"Riwald Dakar Team\",\"Rob Buursen\"],\"articleSection\":[\"Tiskov\u00e9 zpr\u00e1vy\"],\"inLanguage\":\"cs\",\"potentialAction\":[{\"@type\":\"CommentAction\",\"name\":\"Comment\",\"target\":[\"https:\/\/www.dakarmania.cz\/index.php\/2019\/11\/28\/hybrid-vyhral-preproloog\/#respond\"]}]},{\"@type\":\"WebPage\",\"@id\":\"https:\/\/www.dakarmania.cz\/index.php\/2019\/11\/28\/hybrid-vyhral-preproloog\/\",\"url\":\"https:\/\/www.dakarmania.cz\/index.php\/2019\/11\/28\/hybrid-vyhral-preproloog\/\",\"name\":\"Hybrid vyhr\u00e1l Preproloog - DAKARMANIA.cz\",\"isPartOf\":{\"@id\":\"https:\/\/www.dakarmania.cz\/#website\"},\"primaryImageOfPage\":{\"@id\":\"https:\/\/www.dakarmania.cz\/index.php\/2019\/11\/28\/hybrid-vyhral-preproloog\/#primaryimage\"},\"image\":{\"@id\":\"https:\/\/www.dakarmania.cz\/index.php\/2019\/11\/28\/hybrid-vyhral-preproloog\/#primaryimage\"},\"thumbnailUrl\":\"https:\/\/www.dakarmania.cz\/wp-content\/uploads\/2019\/11\/19-preproloog-huzink-02.jpg\",\"datePublished\":\"2019-11-28T14:30:45+00:00\",\"dateModified\":\"2019-12-01T00:08:42+00:00\",\"description\":\"Velkolep\u00e9 p\u0159edstaven\u00ed za sebou maj\u00ed kamiony z d\u00edlny t\u00fdmu MKR Technology. O v\u00edkendu se dakarsk\u00e9 speci\u00e1ly p\u0159edvedly v pln\u00e9 s\u00edle p\u0159i tradi\u010dn\u00edm Preproloogu.\",\"breadcrumb\":{\"@id\":\"https:\/\/www.dakarmania.cz\/index.php\/2019\/11\/28\/hybrid-vyhral-preproloog\/#breadcrumb\"},\"inLanguage\":\"cs\",\"potentialAction\":[{\"@type\":\"ReadAction\",\"target\":[\"https:\/\/www.dakarmania.cz\/index.php\/2019\/11\/28\/hybrid-vyhral-preproloog\/\"]}]},{\"@type\":\"ImageObject\",\"inLanguage\":\"cs\",\"@id\":\"https:\/\/www.dakarmania.cz\/index.php\/2019\/11\/28\/hybrid-vyhral-preproloog\/#primaryimage\",\"url\":\"https:\/\/www.dakarmania.cz\/wp-content\/uploads\/2019\/11\/19-preproloog-huzink-02.jpg\",\"contentUrl\":\"https:\/\/www.dakarmania.cz\/wp-content\/uploads\/2019\/11\/19-preproloog-huzink-02.jpg\",\"width\":1024,\"height\":683,\"caption\":\"Gert Huzink\/Rob Buursen\/Martin Roesink, Renault C460, Riwald Dakar Team. Preproloog 2019. \u00a9 MKR Technology\"},{\"@type\":\"BreadcrumbList\",\"@id\":\"https:\/\/www.dakarmania.cz\/index.php\/2019\/11\/28\/hybrid-vyhral-preproloog\/#breadcrumb\",\"itemListElement\":[{\"@type\":\"ListItem\",\"position\":1,\"name\":\"Dom\u016f\",\"item\":\"https:\/\/www.dakarmania.cz\/\"},{\"@type\":\"ListItem\",\"position\":2,\"name\":\"Hybrid vyhr\u00e1l Preproloog\"}]},{\"@type\":\"WebSite\",\"@id\":\"https:\/\/www.dakarmania.cz\/#website\",\"url\":\"https:\/\/www.dakarmania.cz\/\",\"name\":\"DAKARMANIA.cz\",\"description\":\"\u017dijeme Dakarem cel\u00fd rok\",\"publisher\":{\"@id\":\"https:\/\/www.dakarmania.cz\/#organization\"},\"potentialAction\":[{\"@type\":\"SearchAction\",\"target\":{\"@type\":\"EntryPoint\",\"urlTemplate\":\"https:\/\/www.dakarmania.cz\/?s={search_term_string}\"},\"query-input\":{\"@type\":\"PropertyValueSpecification\",\"valueRequired\":true,\"valueName\":\"search_term_string\"}}],\"inLanguage\":\"cs\"},{\"@type\":\"Organization\",\"@id\":\"https:\/\/www.dakarmania.cz\/#organization\",\"name\":\"DAKAR MANIA\",\"url\":\"https:\/\/www.dakarmania.cz\/\",\"logo\":{\"@type\":\"ImageObject\",\"inLanguage\":\"cs\",\"@id\":\"https:\/\/www.dakarmania.cz\/#\/schema\/logo\/image\/\",\"url\":\"https:\/\/www.dakarmania.cz\/wp-content\/uploads\/2018\/12\/Dakar-Mania-Logo-Square-Orange.png\",\"contentUrl\":\"https:\/\/www.dakarmania.cz\/wp-content\/uploads\/2018\/12\/Dakar-Mania-Logo-Square-Orange.png\",\"width\":992,\"height\":992,\"caption\":\"DAKAR MANIA\"},\"image\":{\"@id\":\"https:\/\/www.dakarmania.cz\/#\/schema\/logo\/image\/\"},\"sameAs\":[\"https:\/\/www.facebook.com\/dakarmania\/\"]},{\"@type\":\"Person\",\"@id\":\"https:\/\/www.dakarmania.cz\/#\/schema\/person\/bce8d1fe3633b1178e150fc5e340d5dd\",\"name\":\"tiskov\u00e1 zpr\u00e1va\",\"image\":{\"@type\":\"ImageObject\",\"inLanguage\":\"cs\",\"@id\":\"https:\/\/www.dakarmania.cz\/#\/schema\/person\/image\/\",\"url\":\"https:\/\/secure.gravatar.com\/avatar\/19aefcb6c7bfae691fca4d805686c670f59bb4f7414c7b398b88dc9c8f4e96d5?s=96&d=mm&r=g\",\"contentUrl\":\"https:\/\/secure.gravatar.com\/avatar\/19aefcb6c7bfae691fca4d805686c670f59bb4f7414c7b398b88dc9c8f4e96d5?s=96&d=mm&r=g\",\"caption\":\"tiskov\u00e1 zpr\u00e1va\"},\"url\":\"https:\/\/www.dakarmania.cz\/index.php\/author\/tiskovezpravy\/\"}]}<\/script>\n<!-- \/ Yoast SEO plugin. -->","yoast_head_json":{"title":"Hybrid vyhr\u00e1l Preproloog - DAKARMANIA.cz","description":"Velkolep\u00e9 p\u0159edstaven\u00ed za sebou maj\u00ed kamiony z d\u00edlny t\u00fdmu MKR Technology. O v\u00edkendu se dakarsk\u00e9 speci\u00e1ly p\u0159edvedly v pln\u00e9 s\u00edle p\u0159i tradi\u010dn\u00edm Preproloogu.","robots":{"index":"index","follow":"follow","max-snippet":"max-snippet:-1","max-image-preview":"max-image-preview:large","max-video-preview":"max-video-preview:-1"},"canonical":"https:\/\/www.dakarmania.cz\/index.php\/2019\/11\/28\/hybrid-vyhral-preproloog\/","og_locale":"cs_CZ","og_type":"article","og_title":"Hybrid vyhr\u00e1l Preproloog - DAKARMANIA.cz","og_description":"Velkolep\u00e9 p\u0159edstaven\u00ed za sebou maj\u00ed kamiony z d\u00edlny t\u00fdmu MKR Technology. O v\u00edkendu se dakarsk\u00e9 speci\u00e1ly p\u0159edvedly v pln\u00e9 s\u00edle p\u0159i tradi\u010dn\u00edm Preproloogu.","og_url":"https:\/\/www.dakarmania.cz\/index.php\/2019\/11\/28\/hybrid-vyhral-preproloog\/","og_site_name":"DAKARMANIA.cz","article_publisher":"https:\/\/www.facebook.com\/dakarmania\/","article_published_time":"2019-11-28T14:30:45+00:00","article_modified_time":"2019-12-01T00:08:42+00:00","og_image":[{"width":1024,"height":683,"url":"https:\/\/www.dakarmania.cz\/wp-content\/uploads\/2019\/11\/19-preproloog-huzink-02.jpg","type":"image\/jpeg"}],"author":"tiskov\u00e1 zpr\u00e1va","twitter_card":"summary_large_image","twitter_misc":{"Napsal(a)":"tiskov\u00e1 zpr\u00e1va","Odhadovan\u00e1 doba \u010dten\u00ed":"4 minuty"},"schema":{"@context":"https:\/\/schema.org","@graph":[{"@type":"Article","@id":"https:\/\/www.dakarmania.cz\/index.php\/2019\/11\/28\/hybrid-vyhral-preproloog\/#article","isPartOf":{"@id":"https:\/\/www.dakarmania.cz\/index.php\/2019\/11\/28\/hybrid-vyhral-preproloog\/"},"author":{"name":"tiskov\u00e1 zpr\u00e1va","@id":"https:\/\/www.dakarmania.cz\/#\/schema\/person\/bce8d1fe3633b1178e150fc5e340d5dd"},"headline":"Hybrid vyhr\u00e1l Preproloog","datePublished":"2019-11-28T14:30:45+00:00","dateModified":"2019-12-01T00:08:42+00:00","mainEntityOfPage":{"@id":"https:\/\/www.dakarmania.cz\/index.php\/2019\/11\/28\/hybrid-vyhral-preproloog\/"},"wordCount":709,"commentCount":0,"publisher":{"@id":"https:\/\/www.dakarmania.cz\/#organization"},"image":{"@id":"https:\/\/www.dakarmania.cz\/index.php\/2019\/11\/28\/hybrid-vyhral-preproloog\/#primaryimage"},"thumbnailUrl":"https:\/\/www.dakarmania.cz\/wp-content\/uploads\/2019\/11\/19-preproloog-huzink-02.jpg","keywords":["2019","Firemen Dakar Team","Gert Huzink","Kl\u00e1ra Kress","Mammoet Rallysport","Mario Kress","Martin Roesink","Martin van den Brink","Mitchel van den Brink","MKR Technology","Pascal de Baar","Preproloog","Preproloog 2019","Renault","Richard de Groot","Riwald Dakar Team","Rob Buursen"],"articleSection":["Tiskov\u00e9 zpr\u00e1vy"],"inLanguage":"cs","potentialAction":[{"@type":"CommentAction","name":"Comment","target":["https:\/\/www.dakarmania.cz\/index.php\/2019\/11\/28\/hybrid-vyhral-preproloog\/#respond"]}]},{"@type":"WebPage","@id":"https:\/\/www.dakarmania.cz\/index.php\/2019\/11\/28\/hybrid-vyhral-preproloog\/","url":"https:\/\/www.dakarmania.cz\/index.php\/2019\/11\/28\/hybrid-vyhral-preproloog\/","name":"Hybrid vyhr\u00e1l Preproloog - DAKARMANIA.cz","isPartOf":{"@id":"https:\/\/www.dakarmania.cz\/#website"},"primaryImageOfPage":{"@id":"https:\/\/www.dakarmania.cz\/index.php\/2019\/11\/28\/hybrid-vyhral-preproloog\/#primaryimage"},"image":{"@id":"https:\/\/www.dakarmania.cz\/index.php\/2019\/11\/28\/hybrid-vyhral-preproloog\/#primaryimage"},"thumbnailUrl":"https:\/\/www.dakarmania.cz\/wp-content\/uploads\/2019\/11\/19-preproloog-huzink-02.jpg","datePublished":"2019-11-28T14:30:45+00:00","dateModified":"2019-12-01T00:08:42+00:00","description":"Velkolep\u00e9 p\u0159edstaven\u00ed za sebou maj\u00ed kamiony z d\u00edlny t\u00fdmu MKR Technology. O v\u00edkendu se dakarsk\u00e9 speci\u00e1ly p\u0159edvedly v pln\u00e9 s\u00edle p\u0159i tradi\u010dn\u00edm Preproloogu.","breadcrumb":{"@id":"https:\/\/www.dakarmania.cz\/index.php\/2019\/11\/28\/hybrid-vyhral-preproloog\/#breadcrumb"},"inLanguage":"cs","potentialAction":[{"@type":"ReadAction","target":["https:\/\/www.dakarmania.cz\/index.php\/2019\/11\/28\/hybrid-vyhral-preproloog\/"]}]},{"@type":"ImageObject","inLanguage":"cs","@id":"https:\/\/www.dakarmania.cz\/index.php\/2019\/11\/28\/hybrid-vyhral-preproloog\/#primaryimage","url":"https:\/\/www.dakarmania.cz\/wp-content\/uploads\/2019\/11\/19-preproloog-huzink-02.jpg","contentUrl":"https:\/\/www.dakarmania.cz\/wp-content\/uploads\/2019\/11\/19-preproloog-huzink-02.jpg","width":1024,"height":683,"caption":"Gert Huzink\/Rob Buursen\/Martin Roesink, Renault C460, Riwald Dakar Team. Preproloog 2019. \u00a9 MKR Technology"},{"@type":"BreadcrumbList","@id":"https:\/\/www.dakarmania.cz\/index.php\/2019\/11\/28\/hybrid-vyhral-preproloog\/#breadcrumb","itemListElement":[{"@type":"ListItem","position":1,"name":"Dom\u016f","item":"https:\/\/www.dakarmania.cz\/"},{"@type":"ListItem","position":2,"name":"Hybrid vyhr\u00e1l Preproloog"}]},{"@type":"WebSite","@id":"https:\/\/www.dakarmania.cz\/#website","url":"https:\/\/www.dakarmania.cz\/","name":"DAKARMANIA.cz","description":"\u017dijeme Dakarem cel\u00fd rok","publisher":{"@id":"https:\/\/www.dakarmania.cz\/#organization"},"potentialAction":[{"@type":"SearchAction","target":{"@type":"EntryPoint","urlTemplate":"https:\/\/www.dakarmania.cz\/?s={search_term_string}"},"query-input":{"@type":"PropertyValueSpecification","valueRequired":true,"valueName":"search_term_string"}}],"inLanguage":"cs"},{"@type":"Organization","@id":"https:\/\/www.dakarmania.cz\/#organization","name":"DAKAR MANIA","url":"https:\/\/www.dakarmania.cz\/","logo":{"@type":"ImageObject","inLanguage":"cs","@id":"https:\/\/www.dakarmania.cz\/#\/schema\/logo\/image\/","url":"https:\/\/www.dakarmania.cz\/wp-content\/uploads\/2018\/12\/Dakar-Mania-Logo-Square-Orange.png","contentUrl":"https:\/\/www.dakarmania.cz\/wp-content\/uploads\/2018\/12\/Dakar-Mania-Logo-Square-Orange.png","width":992,"height":992,"caption":"DAKAR MANIA"},"image":{"@id":"https:\/\/www.dakarmania.cz\/#\/schema\/logo\/image\/"},"sameAs":["https:\/\/www.facebook.com\/dakarmania\/"]},{"@type":"Person","@id":"https:\/\/www.dakarmania.cz\/#\/schema\/person\/bce8d1fe3633b1178e150fc5e340d5dd","name":"tiskov\u00e1 zpr\u00e1va","image":{"@type":"ImageObject","inLanguage":"cs","@id":"https:\/\/www.dakarmania.cz\/#\/schema\/person\/image\/","url":"https:\/\/secure.gravatar.com\/avatar\/19aefcb6c7bfae691fca4d805686c670f59bb4f7414c7b398b88dc9c8f4e96d5?s=96&d=mm&r=g","contentUrl":"https:\/\/secure.gravatar.com\/avatar\/19aefcb6c7bfae691fca4d805686c670f59bb4f7414c7b398b88dc9c8f4e96d5?s=96&d=mm&r=g","caption":"tiskov\u00e1 zpr\u00e1va"},"url":"https:\/\/www.dakarmania.cz\/index.php\/author\/tiskovezpravy\/"}]}},"amp_enabled":true,"_links":{"self":[{"href":"https:\/\/www.dakarmania.cz\/index.php\/wp-json\/wp\/v2\/posts\/13492","targetHints":{"allow":["GET"]}}],"collection":[{"href":"https:\/\/www.dakarmania.cz\/index.php\/wp-json\/wp\/v2\/posts"}],"about":[{"href":"https:\/\/www.dakarmania.cz\/index.php\/wp-json\/wp\/v2\/types\/post"}],"author":[{"embeddable":true,"href":"https:\/\/www.dakarmania.cz\/index.php\/wp-json\/wp\/v2\/users\/3"}],"replies":[{"embeddable":true,"href":"https:\/\/www.dakarmania.cz\/index.php\/wp-json\/wp\/v2\/comments?post=13492"}],"version-history":[{"count":3,"href":"https:\/\/www.dakarmania.cz\/index.php\/wp-json\/wp\/v2\/posts\/13492\/revisions"}],"predecessor-version":[{"id":13511,"href":"https:\/\/www.dakarmania.cz\/index.php\/wp-json\/wp\/v2\/posts\/13492\/revisions\/13511"}],"wp:featuredmedia":[{"embeddable":true,"href":"https:\/\/www.dakarmania.cz\/index.php\/wp-json\/wp\/v2\/media\/13490"}],"wp:attachment":[{"href":"https:\/\/www.dakarmania.cz\/index.php\/wp-json\/wp\/v2\/media?parent=13492"}],"wp:term":[{"taxonomy":"category","embeddable":true,"href":"https:\/\/www.dakarmania.cz\/index.php\/wp-json\/wp\/v2\/categories?post=13492"},{"taxonomy":"post_tag","embeddable":true,"href":"https:\/\/www.dakarmania.cz\/index.php\/wp-json\/wp\/v2\/tags?post=13492"}],"curies":[{"name":"wp","href":"https:\/\/api.w.org\/{rel}","templated":true}]}}