{"id":13588,"date":"2019-12-10T12:17:01","date_gmt":"2019-12-10T11:17:01","guid":{"rendered":"https:\/\/www.dakarmania.cz\/?p=13588"},"modified":"2020-01-03T00:58:12","modified_gmt":"2020-01-02T23:58:12","slug":"loprais-ocekavam-tvrdy-dakar","status":"publish","type":"post","link":"https:\/\/www.dakarmania.cz\/index.php\/2019\/12\/10\/loprais-ocekavam-tvrdy-dakar\/","title":{"rendered":"Ale\u0161 Loprais: O\u010dek\u00e1v\u00e1m t\u011b\u017ek\u00fd a tvrd\u00fd Dakar"},"content":{"rendered":"<p>[vc_row][vc_column][vc_column_text css_animation=&#8221;fadeIn&#8221;]<\/p>\n<h3>Za necel\u00e9 \u010dty\u0159i t\u00fddny odstartuje Ale\u0161 Loprais u\u017e po\u010dtrn\u00e1ct\u00e9 do Rally Dakar. Navzdory bohat\u00fdm zku\u0161enostem v\u0161ak m\u00ed\u0159\u00ed do velk\u00e9ho nezn\u00e1ma. Nejslavn\u011bj\u0161\u00ed maratonsk\u00e1 rally sv\u011bta se po jeden\u00e1cti letech p\u0159est\u011bhovala z Ji\u017en\u00ed Ameriky do Sa\u00fadsk\u00e9 Ar\u00e1bie, organiz\u00e1to\u0159i p\u0159istoupili k \u00faprav\u00e1m n\u011bkter\u00fdch pravidel a Instaforex Loprais Team nav\u00edc \u010dek\u00e1 premi\u00e9rov\u00fd start s Pragou V4S DKR.<\/h3>\n<p>[\/vc_column_text][vc_single_image image=&#8221;13584&#8243; img_size=&#8221;large&#8221; add_caption=&#8221;yes&#8221; alignment=&#8221;center&#8221; onclick=&#8221;link_image&#8221; css_animation=&#8221;fadeIn&#8221;][vc_column_text css_animation=&#8221;fadeIn&#8221;]Stavba nov\u00e9ho sout\u011b\u017en\u00edho vozu trvala sedm m\u011bs\u00edc\u016f. Instaforex Loprais Team se dr\u017eel osv\u011bd\u010den\u00e9 koncepce kapotov\u00e9ho kamionu s centr\u00e1ln\u00ed nosnou rourou a nez\u00e1visl\u00fdm zav\u011b\u0161en\u00edm n\u00e1prav, ale implementoval tak\u00e9 celou \u0159adu novinek. K t\u011bm nejz\u00e1sadn\u011bj\u0161\u00edm pat\u0159\u00ed pou\u017eit\u00ed jin\u00e9ho motoru a automatick\u00e9 p\u0159evodovky.<\/p>\n<p>Nov\u00fdm kl\u00ed\u010dov\u00fdm partnerem dakarsk\u00e9ho projektu se stala spole\u010dnost Praga, je\u017e dala sout\u011b\u017en\u00edmu speci\u00e1lu sv\u00e9 jm\u00e9no.<\/p>\n<p><em>\u201ePraga a Instaforex Loprais Team spolupracuj\u00ed u\u017e n\u011bjakou dobu. Letos jsme se rozhodli spojit s\u00edly naplno a douf\u00e1me, \u017ee projekt \u010dek\u00e1 z\u00e1\u0159iv\u00e1 budoucnost,\u201c<\/em> \u0159\u00edk\u00e1 <strong>Jan Mart\u00ednek<\/strong>, technick\u00fd \u0159editel spole\u010dnosti Praga Cars. <em>\u201ePraga V4S DKR je n\u00e1dhern\u00fd stroj. Zna\u010dka Praga se v posledn\u00edch letech zab\u00fdv\u00e1 hlavn\u011b v\u00fdrobou sportovn\u00edch okruhov\u00fdch voz\u016f a za design modelu R1 \u010dasto skl\u00edz\u00edme chv\u00e1lu. D\u00edky nov\u00e9mu dakarsk\u00e9mu speci\u00e1lu ale jednozna\u010dn\u011b p\u0159ibyla dal\u0161\u00ed designov\u00e1 hv\u011bzda.\u201c<\/em>[\/vc_column_text][vc_column_text css_animation=&#8221;fadeIn&#8221; css=&#8221;.vc_custom_1575932343370{padding-top: 10px !important;padding-right: 10px !important;padding-bottom: 20px !important;padding-left: 10px !important;background-color: #dbd9d9 !important;}&#8221;]<strong>Souvisej\u00edc\u00ed \u010dl\u00e1nky:<\/strong><\/p>\n<p><a href=\"\/index.php\/2019\/11\/12\/loprais-testuje-pragu-dakar-2020\/\">&gt; Loprais testuje Pragu V4S DKR pro Dakar 2020<\/a><br \/>\n<a href=\"\/index.php\/2019\/11\/09\/loprais-praga\/\">&gt; Ale\u0161 Loprais a Praga: Poprv\u00e9 si v kamionu u\u017e\u00edv\u00e1m samotnou j\u00edzdu<\/a><br \/>\n<a href=\"\/index.php\/2019\/10\/04\/loprais-s-arabskym-navigatorem\/\">&gt; Dakar 2020: Loprais s arabsk\u00fdm navig\u00e1torem<\/a><\/p>\n<p>[\/vc_column_text][vc_column_text css_animation=&#8221;fadeIn&#8221;]Premi\u00e9rov\u00fd ro\u010dn\u00edk Rally Dakar v Sa\u00fadsk\u00e9 Ar\u00e1bii bude podle v\u0161eho pro novou techniku d\u016fkladnou prov\u011brkou.<\/p>\n<p><em>\u201eJsem p\u0159esv\u011bd\u010den\u00fd, \u017ee p\u0159i st\u011bhov\u00e1n\u00ed do nov\u00e9 destinace budou cht\u00edt organiz\u00e1to\u0159i uk\u00e1zat, \u017ee se po\u0159\u00e1d jedn\u00e1 o nejdrsn\u011bj\u0161\u00ed sout\u011b\u017e sv\u011bta. Proto rozhodn\u011b o\u010dek\u00e1v\u00e1m t\u011b\u017ek\u00fd a tvrd\u00fd Dakar. A nejen pokud jde o tra\u0165. \u010cekaj\u00ed n\u00e1s velmi n\u00edzk\u00e9 teploty, v noci i kolem nuly. Bude se brzy stm\u00edvat, u\u017e kolem p\u016fl p\u00e1t\u00e9. To v\u0161e bude velmi n\u00e1ro\u010dn\u00e9 pro servis. Pojede se na obrovsk\u00fdch otev\u0159en\u00fdch ploch\u00e1ch, na nich\u017e se sn\u00e1z d\u011blaj\u00ed naviga\u010dn\u00ed chyby. Ale bude to nov\u00e9 pro v\u0161echny a startovac\u00ed \u010d\u00e1ra bude vyrovnan\u011bj\u0161\u00ed, ne\u017e kdy\u017e se neust\u00e1le jezdilo stejn\u00fdmi m\u00edsty, kter\u00e1 m\u011bly velk\u00e9 t\u00fdmy u\u017e dob\u0159e zmapov\u00e1na,\u201c<\/em> v\u011b\u0159\u00ed <a href=\"\/index.php\/osobnosti\/ales-loprais\/\"><strong>Ale\u0161 Loprais<\/strong><\/a>.<\/p>\n<p><em>\u201eP\u0159esto bude m\u011b\u0159\u00edtkem pro v\u0161echny op\u011bt Kamaz. Jsou to neuv\u011b\u0159iteln\u00ed prof\u00edci, kte\u0159\u00ed jdou jen za v\u00edt\u011bzstv\u00edm. Ostatn\u00ed se jim budou znovu sna\u017eit vyrovnat. Ale j\u00e1 to v\u00edt\u00e1m. Kdyby tam nebyli, tak kategorie kamion\u016f nen\u00ed zdaleka tak zaj\u00edmav\u00e1.\u201c<\/em>[\/vc_column_text][vc_single_image image=&#8221;13585&#8243; img_size=&#8221;large&#8221; add_caption=&#8221;yes&#8221; alignment=&#8221;center&#8221; onclick=&#8221;link_image&#8221; css_animation=&#8221;fadeIn&#8221;][vc_column_text css_animation=&#8221;fadeIn&#8221;]<em>\u201eMy chceme vyzkou\u0161et nov\u00fd stroj a z\u00e1rove\u0148 si to u\u017e\u00edt. Jak je o n\u00e1s zn\u00e1mo, nikdy nejedeme na Dakar jenom tak, ale nebudu d\u011blat sil\u00e1ck\u00e9 \u0159e\u010di a mluvit o konkr\u00e9tn\u00edch v\u00fdsledkov\u00fdch ambic\u00edch. Cel\u00fd t\u00fdm jde do z\u00e1vodu s pokorou. St\u00e1t se m\u016f\u017ee cokoliv, nicm\u00e9n\u011b osobn\u011b ur\u010dit\u011b odj\u00ed\u017ed\u00edm s dobr\u00fdm pocitem,\u201c<\/em> \u0159\u00edk\u00e1 39let\u00fd pilot, jeho\u017e pos\u00e1dka se na <a href=\"\/index.php\/souteze\/dakar-2020\/\">Dakaru 2020<\/a> p\u0159edstav\u00ed v roli ofici\u00e1ln\u00edch ambasador\u016f Autoklubu \u010cesk\u00e9 republiky.<\/p>\n<p><em>\u201eJsem r\u00e1d, \u017ee Autoklub \u010cR m\u016f\u017ee b\u00fdt partnerem projektu, jeho\u017e sou\u010d\u00e1st\u00ed jsou tak slavn\u00e9 zna\u010dky jako Praga a Loprais. Krom\u011b toho, \u017ee budeme samoz\u0159ejm\u011b dr\u017eet palce a v\u011b\u0159it v co nejlep\u0161\u00ed v\u00fdsledek, sna\u017e\u00edme se tak\u00e9 domluvit, aby ambasado\u0159i m\u011bli vyhrazen\u00fd prostor v m\u00e9di\u00edch, hlavn\u011b v \u010cesk\u00e9 televizi. To je hlavn\u00ed smysl na\u0161\u00ed spolupr\u00e1ce,\u201c<\/em> vysv\u011btluje prezident A\u010cR <strong>Jan \u0160\u0165ov\u00ed\u010dek<\/strong>.<\/p>\n<h4>Osv\u011bd\u010den\u00e9 \u201eingredience\u201c, nov\u00e9 slo\u017een\u00ed<\/h4>\n<p>\u00dakoly palubn\u00edho mechanika bude v Lopraisov\u011b pos\u00e1dce u\u017e podruh\u00e9 plnit <a href=\"\/index.php\/osobnosti\/petr-pokora\/\">Petr Pokora<\/a>. V p\u0159\u00edpad\u011b 40let\u00e9ho Plze\u0148ana p\u016fjde o \u010dtvrt\u00fd start na Dakaru. Nejlep\u0161\u00edho v\u00fdsledku dos\u00e1hl letos v Peru, kde spole\u010dn\u011b s Lopraisem obsadili p\u00e1tou p\u0159\u00ed\u010dku v kategorii kamion\u016f.<\/p>\n<p><em>\u201eM\u00e1me za sebou t\u0159i \u00fasp\u011b\u0161n\u00e9 testy, p\u0159i kter\u00fdch n\u00e1m z auta nic neupadlo, p\u0159esto\u017ee jsme \u010dekali, \u017ee se to st\u00e1t m\u016f\u017ee. Nev\u00edm, jestli to je \u0161patn\u011b nebo dob\u0159e. Snad dob\u0159e. Tedy pokud to tak vydr\u017e\u00ed i v z\u00e1vod\u011b. S sebou jsme sbalili hlavn\u011b v\u011bci, o kter\u00fdch jsme si mysleli, \u017ee by mohly odej\u00edt nebo bychom je mohli zni\u010dit. Ale vyrobit v\u0161echno duplicitn\u011b v tak kr\u00e1tk\u00e9 dob\u011b nebylo re\u00e1ln\u00e9,\u201c<\/em> vysv\u011btluje <strong>Petr Pokora<\/strong>, kter\u00fd se v\u00fdznamnou m\u011brou pod\u00edlel na stavb\u011b vozu a od jara do listopadu tr\u00e1vil v\u011bt\u0161inu \u010dasu ve fren\u0161t\u00e1tsk\u00fdch d\u00edln\u00e1ch Instaforex Loprais Teamu. <em>\u201eMysl\u00edm, \u017ee auto funguje perfektn\u011b. Ale\u0161ovi vyhovuje automatick\u00e1 p\u0159evodovka. Naplno vyu\u017e\u00edv\u00e1 jej\u00edch v\u00fdhod. V podstat\u011b m\u016f\u017ee jen to\u010dit \u201akole\u010dkem\u2018 a v\u011bnovat se tomu, \u010demu m\u00e1.\u201c<\/em><\/p>\n<p>Za navigaci bude zodpov\u011bdn\u00fd Khalid Alkendi. 46let\u00fd spolujezdec ze Spojen\u00fdch arabsk\u00fdch emir\u00e1t\u016f absolvoval v letech 2011-13 t\u0159i ro\u010dn\u00edky Rally Dakar v Ji\u017en\u00ed Americe a dvakr\u00e1t se prosadil na stupn\u011b v\u00edt\u011bz\u016f v kategorii s\u00e9riov\u00fdch osobn\u00edch automobil\u016f. V roce 2017 navigoval Lopraise na Silk Way Rally.<\/p>\n<p>Navzdory d\u0159\u00edv\u011bj\u0161\u00ed spolupr\u00e1ci jednotliv\u00fdch \u010dlen\u016f pos\u00e1dky bude Rally Dakar 2020 prvn\u00edm z\u00e1vodem, kter\u00fd Loprais, Alkendi a Pokora absolvuj\u00ed spole\u010dn\u011b. Dosud se v t\u00e9to sestav\u011b potkali pouze b\u011bhem listopadov\u00fdch test\u016f.[\/vc_column_text][vc_single_image image=&#8221;13586&#8243; img_size=&#8221;large&#8221; add_caption=&#8221;yes&#8221; alignment=&#8221;center&#8221; onclick=&#8221;link_image&#8221; css_animation=&#8221;fadeIn&#8221;][vc_column_text css_animation=&#8221;fadeIn&#8221;]<\/p>\n<h4>Zostra do nov\u00e9ho roku<\/h4>\n<p>42. ro\u010dn\u00edk Rally Dakar se pod veden\u00edm nov\u00e9ho \u0159editele <a href=\"\/index.php\/osobnosti\/david-castera\/\">Davida Castery<\/a> pojede od 5. do 17. ledna v Sa\u00fadsk\u00e9 Ar\u00e1bii. Tra\u0165 z D\u017eiddy do Al Qiddiye m\u011b\u0159\u00ed celkem 7856 kilometr\u016f, z nich\u017e se 5097 km pojede v r\u00e1mci rychlostn\u00edch zkou\u0161ek rozd\u011blen\u00fdch do dvan\u00e1cti etap. T\u0159i \u010dtvrtiny trasy povedou v p\u00edsku nebo po p\u00eds\u010dit\u00fdch trat\u00edch nejr\u016fzn\u011bj\u0161\u00edho charakteru.<\/p>\n<p>Instaforex Loprais Team se z\u00e1vodu z\u00fa\u010dastn\u00ed v jeden\u00e1cti\u010dlenn\u00e9 sestav\u011b, kter\u00e1 bude m\u00edt k dispozici dva doprovodn\u00e9 kamiony a jeden novin\u00e1\u0159sk\u00fd v\u016fz Mercedes-Benz X. T\u00fdm odlet\u00ed do Sa\u00fadsk\u00e9 Ar\u00e1bie 31. prosince. Na Nov\u00fd rok si v p\u0159\u00edstavu vyzvedne ve\u0161kerou techniku a vyd\u00e1 se na dvoudenn\u00ed testov\u00e1n\u00ed v pou\u0161ti. Slavnostn\u00ed start prob\u011bhne v D\u017eidd\u011b v sobotu 4. ledna. O den pozd\u011bji je na programu prvn\u00ed etapa.[\/vc_column_text][vc_column_text css_animation=&#8221;fadeIn&#8221; css=&#8221;.vc_custom_1575934467609{padding-top: 10px !important;padding-right: 10px !important;padding-bottom: 10px !important;padding-left: 10px !important;background-color: #dbd9d9 !important;}&#8221;]<\/p>\n<h3>V\u00edte, \u017ee\u2026<\/h3>\n<p style=\"text-align: center;\"><img loading=\"lazy\" decoding=\"async\" class=\"size-large wp-image-13583 aligncenter\" src=\"\/wp-content\/uploads\/2019\/12\/19-loprais-test-20.jpg\" alt=\"Ale\u0161 Loprais\" width=\"600\" height=\"400\" srcset=\"https:\/\/www.dakarmania.cz\/wp-content\/uploads\/2019\/12\/19-loprais-test-20.jpg 1024w, https:\/\/www.dakarmania.cz\/wp-content\/uploads\/2019\/12\/19-loprais-test-20-300x200.jpg 300w, https:\/\/www.dakarmania.cz\/wp-content\/uploads\/2019\/12\/19-loprais-test-20-768x513.jpg 768w, https:\/\/www.dakarmania.cz\/wp-content\/uploads\/2019\/12\/19-loprais-test-20-823x550.jpg 823w, https:\/\/www.dakarmania.cz\/wp-content\/uploads\/2019\/12\/19-loprais-test-20-446x298.jpg 446w, https:\/\/www.dakarmania.cz\/wp-content\/uploads\/2019\/12\/19-loprais-test-20-599x400.jpg 599w\" sizes=\"auto, (max-width: 600px) 100vw, 600px\" \/><\/p>\n<p><strong>\u2026Ale\u0161 Loprais je jedn\u00edm ze t\u0159\u00ed \u010desk\u00fdch \u00fa\u010dastn\u00edk\u016f Dakaru 2020, kte\u0159\u00ed si proslul\u00fd z\u00e1vod vyzkou\u0161eli nejen v Ji\u017en\u00ed Americe, ale u\u017e i v Africe?<\/strong><br \/>\nKrom\u011b fren\u0161t\u00e1tsk\u00e9ho z\u00e1vodn\u00edka se podobnou bilanc\u00ed mohou pochlubit pouze <a href=\"\/index.php\/osobnosti\/josef-machacek\/\">Josef Mach\u00e1\u010dek<\/a> s <a href=\"\/index.php\/osobnosti\/miroslav-zapletal\/\">Miroslavem Zapletalem<\/a>. Ale\u0161 Loprais startoval v Africe v letech 2006 a 2007, v letech 2009 a\u017e 2019 nevynechal \u017e\u00e1dn\u00fd z jeden\u00e1cti jihoamerick\u00fdch ro\u010dn\u00edk\u016f.<\/p>\n<p><strong>\u2026Ale\u0161 Loprais je ve startovn\u00edm poli Dakaru 2020 jedin\u00fdm \u010desk\u00fdm \u0159idi\u010dem kamionu, kter\u00fd se u\u017e dok\u00e1zal prosadit na stupn\u011b v\u00edt\u011bz\u016f?<\/strong><br \/>\nV roce 2007, kdy se Dakar naposledy jel v Africe, obsadil s Petrem Gilarem a Tatrou 815 t\u0159et\u00ed m\u00edsto. V Ji\u017en\u00ed Americe dos\u00e1hl nejlep\u0161\u00edho v\u00fdsledku v roce 2015, kdy s vozem MAN skon\u010dil \u010dtvrt\u00fd. Pokud Ale\u0161 Loprais dakarskou rally dokon\u010dil, v\u017edy se v hodnocen\u00ed kamion\u016f um\u00edstil v prvn\u00ed sedmi\u010dce.<\/p>\n<p><strong>\u2026Ale\u0161 Loprais je ve startovn\u00edm poli Dakaru 2020 tak\u00e9 jedin\u00fdm \u010desk\u00fdm \u0159idi\u010dem kamionu, kter\u00fd dok\u00e1zal vyhr\u00e1t etapu?<\/strong><br \/>\nNejrychlej\u0161\u00ed \u010das dne si p\u0159ipsal dev\u011btkr\u00e1t. Z \u010desk\u00fdch jezdc\u016f m\u00e1 lep\u0161\u00ed bilanci pouze Ale\u0161\u016fv str\u00fdc a \u0161estin\u00e1sobn\u00fd dakarsk\u00fd v\u00edt\u011bz Karel Loprais.[\/vc_column_text][vc_column_text css_animation=&#8221;fadeIn&#8221;]Tiskov\u00e1 zpr\u00e1va Instaforex Loprais Teamu[\/vc_column_text][vc_empty_space height=&#8221;5px&#8221;][\/vc_column][\/vc_row]<\/p>\n","protected":false},"excerpt":{"rendered":"<p>Za necel\u00e9 \u010dty\u0159i t\u00fddny odstartuje Ale\u0161 Loprais u\u017e po\u010dtrn\u00e1ct\u00e9 do Rally Dakar. Navzdory bohat\u00fdm zku\u0161enostem v\u0161ak m\u00ed\u0159\u00ed do velk\u00e9ho nezn\u00e1ma.<\/p>\n","protected":false},"author":3,"featured_media":13584,"comment_status":"open","ping_status":"closed","sticky":false,"template":"","format":"standard","meta":{"footnotes":""},"categories":[251,16,637],"tags":[903,1622,65,1621,8,159,1619,1620,1526,69,67,1557],"class_list":["post-13588","post","type-post","status-publish","format-standard","has-post-thumbnail","hentry","category-dakar-2020","category-kamion","category-tiskove-zpravy","tag-903","tag-acr","tag-ales-loprais","tag-autoklub-cr","tag-dakar","tag-dakar-2020","tag-jan-martinek","tag-jan-stovicek","tag-khalid-alkendi","tag-loprais-team","tag-petr-pokora","tag-praga"],"yoast_head":"<!-- This site is optimized with the Yoast SEO plugin v24.9 - https:\/\/yoast.com\/wordpress\/plugins\/seo\/ -->\n<title>Ale\u0161 Loprais: O\u010dek\u00e1v\u00e1m t\u011b\u017ek\u00fd a tvrd\u00fd Dakar - DAKARMANIA.cz<\/title>\n<meta name=\"description\" content=\"Za necel\u00e9 \u010dty\u0159i t\u00fddny odstartuje Ale\u0161 Loprais u\u017e po\u010dtrn\u00e1ct\u00e9 do Rally Dakar. Navzdory bohat\u00fdm zku\u0161enostem v\u0161ak m\u00ed\u0159\u00ed do velk\u00e9ho nezn\u00e1ma.\" \/>\n<meta name=\"robots\" content=\"index, follow, max-snippet:-1, max-image-preview:large, max-video-preview:-1\" \/>\n<link rel=\"canonical\" href=\"https:\/\/www.dakarmania.cz\/index.php\/2019\/12\/10\/loprais-ocekavam-tvrdy-dakar\/\" \/>\n<meta property=\"og:locale\" content=\"cs_CZ\" \/>\n<meta property=\"og:type\" content=\"article\" \/>\n<meta property=\"og:title\" content=\"Ale\u0161 Loprais: O\u010dek\u00e1v\u00e1m t\u011b\u017ek\u00fd a tvrd\u00fd Dakar - DAKARMANIA.cz\" \/>\n<meta property=\"og:description\" content=\"Za necel\u00e9 \u010dty\u0159i t\u00fddny odstartuje Ale\u0161 Loprais u\u017e po\u010dtrn\u00e1ct\u00e9 do Rally Dakar. Navzdory bohat\u00fdm zku\u0161enostem v\u0161ak m\u00ed\u0159\u00ed do velk\u00e9ho nezn\u00e1ma.\" \/>\n<meta property=\"og:url\" content=\"https:\/\/www.dakarmania.cz\/index.php\/2019\/12\/10\/loprais-ocekavam-tvrdy-dakar\/\" \/>\n<meta property=\"og:site_name\" content=\"DAKARMANIA.cz\" \/>\n<meta property=\"article:publisher\" content=\"https:\/\/www.facebook.com\/dakarmania\/\" \/>\n<meta property=\"article:published_time\" content=\"2019-12-10T11:17:01+00:00\" \/>\n<meta property=\"article:modified_time\" content=\"2020-01-02T23:58:12+00:00\" \/>\n<meta property=\"og:image\" content=\"https:\/\/www.dakarmania.cz\/wp-content\/uploads\/2019\/12\/19-loprais-test-21.jpg\" \/>\n\t<meta property=\"og:image:width\" content=\"1024\" \/>\n\t<meta property=\"og:image:height\" content=\"684\" \/>\n\t<meta property=\"og:image:type\" content=\"image\/jpeg\" \/>\n<meta name=\"author\" content=\"tiskov\u00e1 zpr\u00e1va\" \/>\n<meta name=\"twitter:card\" content=\"summary_large_image\" \/>\n<meta name=\"twitter:label1\" content=\"Napsal(a)\" \/>\n\t<meta name=\"twitter:data1\" content=\"tiskov\u00e1 zpr\u00e1va\" \/>\n\t<meta name=\"twitter:label2\" content=\"Odhadovan\u00e1 doba \u010dten\u00ed\" \/>\n\t<meta name=\"twitter:data2\" content=\"8 minut\" \/>\n<script type=\"application\/ld+json\" class=\"yoast-schema-graph\">{\"@context\":\"https:\/\/schema.org\",\"@graph\":[{\"@type\":\"Article\",\"@id\":\"https:\/\/www.dakarmania.cz\/index.php\/2019\/12\/10\/loprais-ocekavam-tvrdy-dakar\/#article\",\"isPartOf\":{\"@id\":\"https:\/\/www.dakarmania.cz\/index.php\/2019\/12\/10\/loprais-ocekavam-tvrdy-dakar\/\"},\"author\":{\"name\":\"tiskov\u00e1 zpr\u00e1va\",\"@id\":\"https:\/\/www.dakarmania.cz\/#\/schema\/person\/bce8d1fe3633b1178e150fc5e340d5dd\"},\"headline\":\"Ale\u0161 Loprais: O\u010dek\u00e1v\u00e1m t\u011b\u017ek\u00fd a tvrd\u00fd Dakar\",\"datePublished\":\"2019-12-10T11:17:01+00:00\",\"dateModified\":\"2020-01-02T23:58:12+00:00\",\"mainEntityOfPage\":{\"@id\":\"https:\/\/www.dakarmania.cz\/index.php\/2019\/12\/10\/loprais-ocekavam-tvrdy-dakar\/\"},\"wordCount\":1546,\"commentCount\":0,\"publisher\":{\"@id\":\"https:\/\/www.dakarmania.cz\/#organization\"},\"image\":{\"@id\":\"https:\/\/www.dakarmania.cz\/index.php\/2019\/12\/10\/loprais-ocekavam-tvrdy-dakar\/#primaryimage\"},\"thumbnailUrl\":\"https:\/\/www.dakarmania.cz\/wp-content\/uploads\/2019\/12\/19-loprais-test-21.jpg\",\"keywords\":[\"2020\",\"A\u010cR\",\"Ale\u0161 Loprais\",\"Autoklub \u010cR\",\"Dakar\",\"Dakar 2020\",\"Jan Mart\u00ednek\",\"Jan \u0160\u0165ov\u00ed\u010dek\",\"Khalid Alkendi\",\"Loprais Team\",\"Petr Pokora\",\"Praga\"],\"articleSection\":[\"Dakar 2020\",\"Kamiony\",\"Tiskov\u00e9 zpr\u00e1vy\"],\"inLanguage\":\"cs\",\"potentialAction\":[{\"@type\":\"CommentAction\",\"name\":\"Comment\",\"target\":[\"https:\/\/www.dakarmania.cz\/index.php\/2019\/12\/10\/loprais-ocekavam-tvrdy-dakar\/#respond\"]}]},{\"@type\":\"WebPage\",\"@id\":\"https:\/\/www.dakarmania.cz\/index.php\/2019\/12\/10\/loprais-ocekavam-tvrdy-dakar\/\",\"url\":\"https:\/\/www.dakarmania.cz\/index.php\/2019\/12\/10\/loprais-ocekavam-tvrdy-dakar\/\",\"name\":\"Ale\u0161 Loprais: O\u010dek\u00e1v\u00e1m t\u011b\u017ek\u00fd a tvrd\u00fd Dakar - DAKARMANIA.cz\",\"isPartOf\":{\"@id\":\"https:\/\/www.dakarmania.cz\/#website\"},\"primaryImageOfPage\":{\"@id\":\"https:\/\/www.dakarmania.cz\/index.php\/2019\/12\/10\/loprais-ocekavam-tvrdy-dakar\/#primaryimage\"},\"image\":{\"@id\":\"https:\/\/www.dakarmania.cz\/index.php\/2019\/12\/10\/loprais-ocekavam-tvrdy-dakar\/#primaryimage\"},\"thumbnailUrl\":\"https:\/\/www.dakarmania.cz\/wp-content\/uploads\/2019\/12\/19-loprais-test-21.jpg\",\"datePublished\":\"2019-12-10T11:17:01+00:00\",\"dateModified\":\"2020-01-02T23:58:12+00:00\",\"description\":\"Za necel\u00e9 \u010dty\u0159i t\u00fddny odstartuje Ale\u0161 Loprais u\u017e po\u010dtrn\u00e1ct\u00e9 do Rally Dakar. Navzdory bohat\u00fdm zku\u0161enostem v\u0161ak m\u00ed\u0159\u00ed do velk\u00e9ho nezn\u00e1ma.\",\"breadcrumb\":{\"@id\":\"https:\/\/www.dakarmania.cz\/index.php\/2019\/12\/10\/loprais-ocekavam-tvrdy-dakar\/#breadcrumb\"},\"inLanguage\":\"cs\",\"potentialAction\":[{\"@type\":\"ReadAction\",\"target\":[\"https:\/\/www.dakarmania.cz\/index.php\/2019\/12\/10\/loprais-ocekavam-tvrdy-dakar\/\"]}]},{\"@type\":\"ImageObject\",\"inLanguage\":\"cs\",\"@id\":\"https:\/\/www.dakarmania.cz\/index.php\/2019\/12\/10\/loprais-ocekavam-tvrdy-dakar\/#primaryimage\",\"url\":\"https:\/\/www.dakarmania.cz\/wp-content\/uploads\/2019\/12\/19-loprais-test-21.jpg\",\"contentUrl\":\"https:\/\/www.dakarmania.cz\/wp-content\/uploads\/2019\/12\/19-loprais-test-21.jpg\",\"width\":1024,\"height\":684,\"caption\":\"Ale\u0161 Loprais\/Khalid Alkendi\/Petr Pokora, Praga V4S DKR, Instaforex Loprais Team. Testov\u00e1n\u00ed p\u0159ed Dakarem 2020. \u00a9 Loprais Team\"},{\"@type\":\"BreadcrumbList\",\"@id\":\"https:\/\/www.dakarmania.cz\/index.php\/2019\/12\/10\/loprais-ocekavam-tvrdy-dakar\/#breadcrumb\",\"itemListElement\":[{\"@type\":\"ListItem\",\"position\":1,\"name\":\"Dom\u016f\",\"item\":\"https:\/\/www.dakarmania.cz\/\"},{\"@type\":\"ListItem\",\"position\":2,\"name\":\"Ale\u0161 Loprais: O\u010dek\u00e1v\u00e1m t\u011b\u017ek\u00fd a tvrd\u00fd Dakar\"}]},{\"@type\":\"WebSite\",\"@id\":\"https:\/\/www.dakarmania.cz\/#website\",\"url\":\"https:\/\/www.dakarmania.cz\/\",\"name\":\"DAKARMANIA.cz\",\"description\":\"\u017dijeme Dakarem cel\u00fd rok\",\"publisher\":{\"@id\":\"https:\/\/www.dakarmania.cz\/#organization\"},\"potentialAction\":[{\"@type\":\"SearchAction\",\"target\":{\"@type\":\"EntryPoint\",\"urlTemplate\":\"https:\/\/www.dakarmania.cz\/?s={search_term_string}\"},\"query-input\":{\"@type\":\"PropertyValueSpecification\",\"valueRequired\":true,\"valueName\":\"search_term_string\"}}],\"inLanguage\":\"cs\"},{\"@type\":\"Organization\",\"@id\":\"https:\/\/www.dakarmania.cz\/#organization\",\"name\":\"DAKAR MANIA\",\"url\":\"https:\/\/www.dakarmania.cz\/\",\"logo\":{\"@type\":\"ImageObject\",\"inLanguage\":\"cs\",\"@id\":\"https:\/\/www.dakarmania.cz\/#\/schema\/logo\/image\/\",\"url\":\"https:\/\/www.dakarmania.cz\/wp-content\/uploads\/2018\/12\/Dakar-Mania-Logo-Square-Orange.png\",\"contentUrl\":\"https:\/\/www.dakarmania.cz\/wp-content\/uploads\/2018\/12\/Dakar-Mania-Logo-Square-Orange.png\",\"width\":992,\"height\":992,\"caption\":\"DAKAR MANIA\"},\"image\":{\"@id\":\"https:\/\/www.dakarmania.cz\/#\/schema\/logo\/image\/\"},\"sameAs\":[\"https:\/\/www.facebook.com\/dakarmania\/\"]},{\"@type\":\"Person\",\"@id\":\"https:\/\/www.dakarmania.cz\/#\/schema\/person\/bce8d1fe3633b1178e150fc5e340d5dd\",\"name\":\"tiskov\u00e1 zpr\u00e1va\",\"image\":{\"@type\":\"ImageObject\",\"inLanguage\":\"cs\",\"@id\":\"https:\/\/www.dakarmania.cz\/#\/schema\/person\/image\/\",\"url\":\"https:\/\/secure.gravatar.com\/avatar\/19aefcb6c7bfae691fca4d805686c670f59bb4f7414c7b398b88dc9c8f4e96d5?s=96&d=mm&r=g\",\"contentUrl\":\"https:\/\/secure.gravatar.com\/avatar\/19aefcb6c7bfae691fca4d805686c670f59bb4f7414c7b398b88dc9c8f4e96d5?s=96&d=mm&r=g\",\"caption\":\"tiskov\u00e1 zpr\u00e1va\"},\"url\":\"https:\/\/www.dakarmania.cz\/index.php\/author\/tiskovezpravy\/\"}]}<\/script>\n<!-- \/ Yoast SEO plugin. -->","yoast_head_json":{"title":"Ale\u0161 Loprais: O\u010dek\u00e1v\u00e1m t\u011b\u017ek\u00fd a tvrd\u00fd Dakar - DAKARMANIA.cz","description":"Za necel\u00e9 \u010dty\u0159i t\u00fddny odstartuje Ale\u0161 Loprais u\u017e po\u010dtrn\u00e1ct\u00e9 do Rally Dakar. Navzdory bohat\u00fdm zku\u0161enostem v\u0161ak m\u00ed\u0159\u00ed do velk\u00e9ho nezn\u00e1ma.","robots":{"index":"index","follow":"follow","max-snippet":"max-snippet:-1","max-image-preview":"max-image-preview:large","max-video-preview":"max-video-preview:-1"},"canonical":"https:\/\/www.dakarmania.cz\/index.php\/2019\/12\/10\/loprais-ocekavam-tvrdy-dakar\/","og_locale":"cs_CZ","og_type":"article","og_title":"Ale\u0161 Loprais: O\u010dek\u00e1v\u00e1m t\u011b\u017ek\u00fd a tvrd\u00fd Dakar - DAKARMANIA.cz","og_description":"Za necel\u00e9 \u010dty\u0159i t\u00fddny odstartuje Ale\u0161 Loprais u\u017e po\u010dtrn\u00e1ct\u00e9 do Rally Dakar. Navzdory bohat\u00fdm zku\u0161enostem v\u0161ak m\u00ed\u0159\u00ed do velk\u00e9ho nezn\u00e1ma.","og_url":"https:\/\/www.dakarmania.cz\/index.php\/2019\/12\/10\/loprais-ocekavam-tvrdy-dakar\/","og_site_name":"DAKARMANIA.cz","article_publisher":"https:\/\/www.facebook.com\/dakarmania\/","article_published_time":"2019-12-10T11:17:01+00:00","article_modified_time":"2020-01-02T23:58:12+00:00","og_image":[{"width":1024,"height":684,"url":"https:\/\/www.dakarmania.cz\/wp-content\/uploads\/2019\/12\/19-loprais-test-21.jpg","type":"image\/jpeg"}],"author":"tiskov\u00e1 zpr\u00e1va","twitter_card":"summary_large_image","twitter_misc":{"Napsal(a)":"tiskov\u00e1 zpr\u00e1va","Odhadovan\u00e1 doba \u010dten\u00ed":"8 minut"},"schema":{"@context":"https:\/\/schema.org","@graph":[{"@type":"Article","@id":"https:\/\/www.dakarmania.cz\/index.php\/2019\/12\/10\/loprais-ocekavam-tvrdy-dakar\/#article","isPartOf":{"@id":"https:\/\/www.dakarmania.cz\/index.php\/2019\/12\/10\/loprais-ocekavam-tvrdy-dakar\/"},"author":{"name":"tiskov\u00e1 zpr\u00e1va","@id":"https:\/\/www.dakarmania.cz\/#\/schema\/person\/bce8d1fe3633b1178e150fc5e340d5dd"},"headline":"Ale\u0161 Loprais: O\u010dek\u00e1v\u00e1m t\u011b\u017ek\u00fd a tvrd\u00fd Dakar","datePublished":"2019-12-10T11:17:01+00:00","dateModified":"2020-01-02T23:58:12+00:00","mainEntityOfPage":{"@id":"https:\/\/www.dakarmania.cz\/index.php\/2019\/12\/10\/loprais-ocekavam-tvrdy-dakar\/"},"wordCount":1546,"commentCount":0,"publisher":{"@id":"https:\/\/www.dakarmania.cz\/#organization"},"image":{"@id":"https:\/\/www.dakarmania.cz\/index.php\/2019\/12\/10\/loprais-ocekavam-tvrdy-dakar\/#primaryimage"},"thumbnailUrl":"https:\/\/www.dakarmania.cz\/wp-content\/uploads\/2019\/12\/19-loprais-test-21.jpg","keywords":["2020","A\u010cR","Ale\u0161 Loprais","Autoklub \u010cR","Dakar","Dakar 2020","Jan Mart\u00ednek","Jan \u0160\u0165ov\u00ed\u010dek","Khalid Alkendi","Loprais Team","Petr Pokora","Praga"],"articleSection":["Dakar 2020","Kamiony","Tiskov\u00e9 zpr\u00e1vy"],"inLanguage":"cs","potentialAction":[{"@type":"CommentAction","name":"Comment","target":["https:\/\/www.dakarmania.cz\/index.php\/2019\/12\/10\/loprais-ocekavam-tvrdy-dakar\/#respond"]}]},{"@type":"WebPage","@id":"https:\/\/www.dakarmania.cz\/index.php\/2019\/12\/10\/loprais-ocekavam-tvrdy-dakar\/","url":"https:\/\/www.dakarmania.cz\/index.php\/2019\/12\/10\/loprais-ocekavam-tvrdy-dakar\/","name":"Ale\u0161 Loprais: O\u010dek\u00e1v\u00e1m t\u011b\u017ek\u00fd a tvrd\u00fd Dakar - DAKARMANIA.cz","isPartOf":{"@id":"https:\/\/www.dakarmania.cz\/#website"},"primaryImageOfPage":{"@id":"https:\/\/www.dakarmania.cz\/index.php\/2019\/12\/10\/loprais-ocekavam-tvrdy-dakar\/#primaryimage"},"image":{"@id":"https:\/\/www.dakarmania.cz\/index.php\/2019\/12\/10\/loprais-ocekavam-tvrdy-dakar\/#primaryimage"},"thumbnailUrl":"https:\/\/www.dakarmania.cz\/wp-content\/uploads\/2019\/12\/19-loprais-test-21.jpg","datePublished":"2019-12-10T11:17:01+00:00","dateModified":"2020-01-02T23:58:12+00:00","description":"Za necel\u00e9 \u010dty\u0159i t\u00fddny odstartuje Ale\u0161 Loprais u\u017e po\u010dtrn\u00e1ct\u00e9 do Rally Dakar. Navzdory bohat\u00fdm zku\u0161enostem v\u0161ak m\u00ed\u0159\u00ed do velk\u00e9ho nezn\u00e1ma.","breadcrumb":{"@id":"https:\/\/www.dakarmania.cz\/index.php\/2019\/12\/10\/loprais-ocekavam-tvrdy-dakar\/#breadcrumb"},"inLanguage":"cs","potentialAction":[{"@type":"ReadAction","target":["https:\/\/www.dakarmania.cz\/index.php\/2019\/12\/10\/loprais-ocekavam-tvrdy-dakar\/"]}]},{"@type":"ImageObject","inLanguage":"cs","@id":"https:\/\/www.dakarmania.cz\/index.php\/2019\/12\/10\/loprais-ocekavam-tvrdy-dakar\/#primaryimage","url":"https:\/\/www.dakarmania.cz\/wp-content\/uploads\/2019\/12\/19-loprais-test-21.jpg","contentUrl":"https:\/\/www.dakarmania.cz\/wp-content\/uploads\/2019\/12\/19-loprais-test-21.jpg","width":1024,"height":684,"caption":"Ale\u0161 Loprais\/Khalid Alkendi\/Petr Pokora, Praga V4S DKR, Instaforex Loprais Team. Testov\u00e1n\u00ed p\u0159ed Dakarem 2020. \u00a9 Loprais Team"},{"@type":"BreadcrumbList","@id":"https:\/\/www.dakarmania.cz\/index.php\/2019\/12\/10\/loprais-ocekavam-tvrdy-dakar\/#breadcrumb","itemListElement":[{"@type":"ListItem","position":1,"name":"Dom\u016f","item":"https:\/\/www.dakarmania.cz\/"},{"@type":"ListItem","position":2,"name":"Ale\u0161 Loprais: O\u010dek\u00e1v\u00e1m t\u011b\u017ek\u00fd a tvrd\u00fd Dakar"}]},{"@type":"WebSite","@id":"https:\/\/www.dakarmania.cz\/#website","url":"https:\/\/www.dakarmania.cz\/","name":"DAKARMANIA.cz","description":"\u017dijeme Dakarem cel\u00fd rok","publisher":{"@id":"https:\/\/www.dakarmania.cz\/#organization"},"potentialAction":[{"@type":"SearchAction","target":{"@type":"EntryPoint","urlTemplate":"https:\/\/www.dakarmania.cz\/?s={search_term_string}"},"query-input":{"@type":"PropertyValueSpecification","valueRequired":true,"valueName":"search_term_string"}}],"inLanguage":"cs"},{"@type":"Organization","@id":"https:\/\/www.dakarmania.cz\/#organization","name":"DAKAR MANIA","url":"https:\/\/www.dakarmania.cz\/","logo":{"@type":"ImageObject","inLanguage":"cs","@id":"https:\/\/www.dakarmania.cz\/#\/schema\/logo\/image\/","url":"https:\/\/www.dakarmania.cz\/wp-content\/uploads\/2018\/12\/Dakar-Mania-Logo-Square-Orange.png","contentUrl":"https:\/\/www.dakarmania.cz\/wp-content\/uploads\/2018\/12\/Dakar-Mania-Logo-Square-Orange.png","width":992,"height":992,"caption":"DAKAR MANIA"},"image":{"@id":"https:\/\/www.dakarmania.cz\/#\/schema\/logo\/image\/"},"sameAs":["https:\/\/www.facebook.com\/dakarmania\/"]},{"@type":"Person","@id":"https:\/\/www.dakarmania.cz\/#\/schema\/person\/bce8d1fe3633b1178e150fc5e340d5dd","name":"tiskov\u00e1 zpr\u00e1va","image":{"@type":"ImageObject","inLanguage":"cs","@id":"https:\/\/www.dakarmania.cz\/#\/schema\/person\/image\/","url":"https:\/\/secure.gravatar.com\/avatar\/19aefcb6c7bfae691fca4d805686c670f59bb4f7414c7b398b88dc9c8f4e96d5?s=96&d=mm&r=g","contentUrl":"https:\/\/secure.gravatar.com\/avatar\/19aefcb6c7bfae691fca4d805686c670f59bb4f7414c7b398b88dc9c8f4e96d5?s=96&d=mm&r=g","caption":"tiskov\u00e1 zpr\u00e1va"},"url":"https:\/\/www.dakarmania.cz\/index.php\/author\/tiskovezpravy\/"}]}},"amp_enabled":true,"_links":{"self":[{"href":"https:\/\/www.dakarmania.cz\/index.php\/wp-json\/wp\/v2\/posts\/13588","targetHints":{"allow":["GET"]}}],"collection":[{"href":"https:\/\/www.dakarmania.cz\/index.php\/wp-json\/wp\/v2\/posts"}],"about":[{"href":"https:\/\/www.dakarmania.cz\/index.php\/wp-json\/wp\/v2\/types\/post"}],"author":[{"embeddable":true,"href":"https:\/\/www.dakarmania.cz\/index.php\/wp-json\/wp\/v2\/users\/3"}],"replies":[{"embeddable":true,"href":"https:\/\/www.dakarmania.cz\/index.php\/wp-json\/wp\/v2\/comments?post=13588"}],"version-history":[{"count":4,"href":"https:\/\/www.dakarmania.cz\/index.php\/wp-json\/wp\/v2\/posts\/13588\/revisions"}],"predecessor-version":[{"id":13593,"href":"https:\/\/www.dakarmania.cz\/index.php\/wp-json\/wp\/v2\/posts\/13588\/revisions\/13593"}],"wp:featuredmedia":[{"embeddable":true,"href":"https:\/\/www.dakarmania.cz\/index.php\/wp-json\/wp\/v2\/media\/13584"}],"wp:attachment":[{"href":"https:\/\/www.dakarmania.cz\/index.php\/wp-json\/wp\/v2\/media?parent=13588"}],"wp:term":[{"taxonomy":"category","embeddable":true,"href":"https:\/\/www.dakarmania.cz\/index.php\/wp-json\/wp\/v2\/categories?post=13588"},{"taxonomy":"post_tag","embeddable":true,"href":"https:\/\/www.dakarmania.cz\/index.php\/wp-json\/wp\/v2\/tags?post=13588"}],"curies":[{"name":"wp","href":"https:\/\/api.w.org\/{rel}","templated":true}]}}