{"id":13642,"date":"2019-12-13T16:26:33","date_gmt":"2019-12-13T15:26:33","guid":{"rendered":"https:\/\/www.dakarmania.cz\/?p=13642"},"modified":"2023-02-13T19:16:58","modified_gmt":"2023-02-13T18:16:58","slug":"kubiena-zlomit-prokleti","status":"publish","type":"post","link":"https:\/\/www.dakarmania.cz\/index.php\/2019\/12\/13\/kubiena-zlomit-prokleti\/","title":{"rendered":"Tom\u00e1\u0161 Kubiena: Zlomit dakarsk\u00e9 proklet\u00ed a bojovat na \u0161pici"},"content":{"rendered":"<p>[vc_row][vc_column][vc_column_text css_animation=&#8221;fadeIn&#8221;]<\/p>\n<h3>U\u017e t\u0159ikr\u00e1t to zkusil, ale sv\u016fj velk\u00fd sen si zat\u00edm nesplnil. Na c\u00edlovou rampu Rally Dakar dosud nikdy nevyjel. V lednu se Tom\u00e1\u0161 Kubiena pokus\u00ed smolnou s\u00e9rii kone\u010dn\u011b utnout. A navzdory ni\u017e\u0161\u00edmu v\u00fdkonu sv\u00e9ho nov\u00e9ho stroje se rozhodn\u011b nejede do Sa\u00fadsk\u00e9 Ar\u00e1bie \u201apouze\u2018 z\u00fa\u010dastnit.<\/h3>\n<p>[\/vc_column_text][vc_single_image image=&#8221;13641&#8243; img_size=&#8221;large&#8221; add_caption=&#8221;yes&#8221; alignment=&#8221;center&#8221; onclick=&#8221;link_image&#8221; css_animation=&#8221;fadeIn&#8221;][vc_column_text css_animation=&#8221;fadeIn&#8221;]P\u0159i t\u0159ech posledn\u00edch jihoamerick\u00fdch Dakarech <a href=\"\/index.php\/osobnosti\/tomas-kubiena\/\">Tom\u00e1\u0161 Kubiena<\/a> uk\u00e1zal, \u017ee v kategorii \u010dty\u0159kolek dok\u00e1\u017ee m\u00edchat po\u0159ad\u00edm na nejvy\u0161\u0161\u00edch p\u0159\u00ed\u010dk\u00e1ch. Jen\u017ee zat\u00edm v\u017edy ze sout\u011b\u017ee odstoupil u\u017e v pr\u016fb\u011bhu prvn\u00edho t\u00fddne. P\u0159esto\u017ee byla poka\u017ed\u00e9 na vin\u011b technika, nebylo jej\u00ed selh\u00e1n\u00ed hlavn\u00edm d\u016fvodem zm\u011bny stroje.<\/p>\n<p><em>\u201eKdyby bylo na mn\u011b, z\u016fstal bych u sv\u00e9 KTM. Ale po\u0159\u00e1daj\u00edc\u00ed A.S.O. m\u011b k tomuto kroku donutila,\u201c<\/em> vysv\u011btluje <strong>Tom\u00e1\u0161 Kubiena<\/strong>. <em>\u201eU\u017e letos jsme m\u011bli ur\u010dit\u00e9 probl\u00e9my, abychom se v\u016fbec dostali na start. I kdy\u017e se to nakonec poda\u0159ilo, bylo mi jasn\u00e9, \u017ee bude nejsp\u00ed\u0161 pot\u0159eba vydat se jin\u00fdm sm\u011brem. Po Dakaru se \u0159e\u0161ily nov\u00e9 regule, kter\u00e9 organiz\u00e1to\u0159i zve\u0159ejnili a\u017e v p\u016flce roku. Pak u\u017e nebyl \u010das na experiemtov\u00e1n\u00ed, tak jsme za\u010dali intenzivn\u011b pracovat na Yamaze.\u201c<\/em>[\/vc_column_text][vc_column_text css_animation=&#8221;fadeIn&#8221; css=&#8221;.vc_custom_1576250344054{padding-top: 10px !important;padding-right: 10px !important;padding-bottom: 20px !important;padding-left: 10px !important;background-color: #dbd9d9 !important;}&#8221;]<strong>Souvisej\u00edc\u00ed \u010dl\u00e1nky:<\/strong><\/p>\n<p><a href=\"\/index.php\/2019\/12\/05\/dakar-michek-pomysli-na-trofej\/\"><strong>&gt;<\/strong> Dakar: Sm\u011bl\u00fd Michek pom\u00fd\u0161l\u00ed na trofej pro nov\u00e1\u010dka roku<\/a><br \/>\n<a href=\"\/index.php\/2019\/11\/28\/fejfar-miri-na-dakar\/\"><strong>&gt;<\/strong> V\u00e1clav Fejfar p\u0159esed\u00e1 do SxS a m\u00ed\u0159\u00ed na Dakar<\/a><\/p>\n<p>[\/vc_column_text][vc_column_text css_animation=&#8221;fadeIn&#8221;]<\/p>\n<h4>Jasn\u00e1 volba<\/h4>\n<p>Podle upraven\u00fdch pravidel mus\u00ed stroje startuj\u00edc\u00ed na Dakaru vych\u00e1zet z model\u016f, jich\u017e bylo vyrobeno minim\u00e1ln\u011b dvacet kus\u016f.<\/p>\n<p><em>\u201eBylo nere\u00e1ln\u00e9, abych se pustil do takov\u00e9 s\u00e9riov\u00e9 v\u00fdroby,\u201c<\/em> p\u0159izn\u00e1v\u00e1 jezdec t\u00fdmu Orion \u2013 Moto Racing Group, kter\u00fd si pro p\u0159edchoz\u00ed ro\u010dn\u00edky stav\u011bl quady pod vlastn\u00ed zna\u010dkou IBOS. <em>\u201eVolba byla jasn\u00e1, proto\u017ee v\u00edcem\u00e9n\u011b jedinou sportovn\u00ed \u010dty\u0159kolkou, kterou dnes lze koupit novou, je Raptor. A Yamaha nav\u00edc p\u0159\u00edmo na Dakaru v na\u0161\u00ed kategorii poskytuje asi nejlep\u0161\u00ed podporu.\u201c<\/em><\/p>\n<p>Nejz\u00e1sadn\u011bj\u0161\u00ed rozd\u00edly mezi star\u0161\u00ed a novou technikou spo\u010d\u00edvaj\u00ed v zadn\u00edm zav\u011b\u0161en\u00ed a motoru: <em>\u201eYamaha m\u00e1 klasickou kyvnou vidlici, zat\u00edmco j\u00e1 jsem pou\u017e\u00edval nez\u00e1visl\u00e9 zav\u011b\u0161en\u00ed vych\u00e1zej\u00edc\u00ed z kdysi s\u00e9riov\u011b vyr\u00e1b\u011bn\u00e9ho Polarisu. Obsah motoru je stejn\u00fd, ale v\u00fdkon je u Raptoru o pozn\u00e1n\u00ed ni\u017e\u0161\u00ed. Jinak se ob\u011b \u010dty\u0159kolky li\u0161\u00ed de facto u\u017e jen v drobnostech.\u201c<\/em><\/p>\n<p>\u0160korpi\u00f3na, jak svou novou zbra\u0148 pok\u0159til, otestoval 43let\u00fd z\u00e1vodn\u00edk p\u0159i \u0159\u00edjnov\u00e9 <a href=\"\/index.php\/2019\/10\/21\/el-chott-vitezstvi-pro-michka\/\">Sahara Rallye de Tunisie \u2013 El Chott<\/a>.<\/p>\n<p><em>\u201eTunisko uk\u00e1zalo, \u017ee n\u00e1m sice chyb\u00ed v\u00fdkon, ale j\u00edzdn\u00ed vlastnosti jsou na \u010dty\u0159kolku s \u201akyvkou\u2018 velmi dobr\u00e9 a rozlo\u017een\u00ed hmotnosti vynikaj\u00edc\u00ed. P\u0159ed Dakarem jsme je\u0161t\u011b ladili \u0159et\u011bzov\u00fd p\u0159evod, abychom dosahovali tro\u0161ku lep\u0161\u00edch top speed\u016f. O chlup se to zlep\u0161ilo, ale jedn\u00e1 se jen o jednotky kilometr\u016f v hodin\u011b.\u201c<\/em>[\/vc_column_text][vc_single_image image=&#8221;13640&#8243; img_size=&#8221;large&#8221; add_caption=&#8221;yes&#8221; alignment=&#8221;center&#8221; onclick=&#8221;link_image&#8221; css_animation=&#8221;fadeIn&#8221;][vc_column_text css_animation=&#8221;fadeIn&#8221;]<em>\u201eJezdci, kte\u0159\u00ed s t\u011bmito stroji jezd\u00ed deset patn\u00e1ct let, budou m\u00edt asi motory nalad\u011bn\u00e9 v\u00fd\u0161 a d\u00edky tomu budou z\u00edsk\u00e1vat. Ale j\u00e1 jsem pro tento ro\u010dn\u00edk u\u017e necht\u011bl riskovat, proto\u017ee jsem se s motorem seznamoval a\u017e v pr\u016fb\u011bhu t\u00e9to sezony. Dakar 2020 nebude z na\u0161\u00ed strany o absolutn\u00edm v\u00fdkonu, ale sp\u00ed\u0161e o dojet\u00ed a o otestov\u00e1n\u00ed mo\u017enost\u00ed stroje.\u201c<\/em><\/p>\n<p><em>\u201eNicm\u00e9n\u011b sn\u00ed\u017eil jsem v\u00e1hu, na \u010dty\u0159kolce se mi poda\u0159ilo dostat dol\u016f dvacet kilo a tro\u0161ku jsem zredukoval tak\u00e9 svou hmotnost, tak douf\u00e1m, \u017ee si t\u0159eba dok\u00e1\u017eu polep\u0161it v technick\u00fdch pas\u00e1\u017e\u00edch.\u201c<\/em><\/p>\n<h4>P\u0159ekonat prvn\u00ed t\u00fdden<\/h4>\n<p>Na <a href=\"\/index.php\/souteze\/dakar-2020\/\">Dakar 2020<\/a> se Tom\u00e1\u0161 Kubiena t\u011b\u0161\u00ed nejen kv\u016fli nov\u00e9 destinaci. Je p\u0159esv\u011bd\u010den, \u017ee p\u0159esunem na Arabsk\u00fd poloostrov p\u0159ijde \u0159ada jeho soupe\u0159\u016f o v\u00fdznamnou v\u00fdhodu.<\/p>\n<p><em>\u201eSa\u00fadsk\u00e1 Ar\u00e1bie byla dosud hodn\u011b uzav\u0159en\u00e1. Mysl\u00edm, \u017ee tam budeme objevovat zaj\u00edmavou krajinu, ale i lidi, kte\u0159\u00ed dosud Evropany p\u0159\u00edli\u0161 neznali. Nov\u00e1 lokalita by m\u011bla prosp\u011bt tak\u00e9 sportovn\u00ed str\u00e1nce z\u00e1vodu v na\u0161\u00ed kategorii. V n\u00ed v uplynul\u00fdch letech startovala spousta Jihoameri\u010dan\u016f, kte\u0159\u00ed mohli po cel\u00fd rok na dom\u00e1c\u00ed p\u016fd\u011b tr\u00e9novat a d\u00edky tomu pak velmi dob\u0159e znali trat\u011b. Te\u010f budeme m\u00edt v\u0161ichni stejn\u00e9 podm\u00ednky.\u201c<\/em>[\/vc_column_text][vc_single_image image=&#8221;13639&#8243; img_size=&#8221;large&#8221; add_caption=&#8221;yes&#8221; alignment=&#8221;center&#8221; onclick=&#8221;link_image&#8221; css_animation=&#8221;fadeIn&#8221;][vc_column_text css_animation=&#8221;fadeIn&#8221;]Podle informac\u00ed, kter\u00e9 o programu sout\u011b\u017ee po\u0159adatel\u00e9 zve\u0159ejnili, bude n\u00e1ro\u010dnost z\u00e1vodu postupn\u011b gradovat. \u00dapln\u00fd z\u00e1v\u011br oko\u0159en\u00ed maratonsk\u00e1 etapa v pou\u0161ti Rub al-Ch\u00e1l\u00ed. Jakou strategii zvolit?<\/p>\n<p><em>\u201eMysl\u00edm si, \u017ee m\u00e1 strategie se bude vyv\u00edjet a\u017e v pr\u016fb\u011bhu Dakaru. Podle v\u0161eho by n\u00e1s na za\u010d\u00e1tku m\u011bly \u010dekat rychl\u00e9 pisty. Jestli budou ve startovn\u00edm poli \u010dty\u0159kolky, kter\u00e9 budou m\u00edt opravdu o patn\u00e1ct dvacet procent v\u011bt\u0161\u00ed v\u00fdkon ne\u017e m\u016fj stroj, m\u016f\u017ee se st\u00e1t, \u017ee mi v t\u011bchto etap\u00e1ch ujedou natolik, \u017ee nebude snadn\u00e9 stahovat ztr\u00e1tu ani v technick\u00fdch pas\u00e1\u017e\u00edch nebo dun\u00e1ch,\u201c<\/em> uv\u011bdomuje si Kubiena. <em>\u201eAle Dakar je dlouh\u00fd a j\u00e1 se budu ur\u010dit\u011b sna\u017eit ud\u011blat co nejlep\u0161\u00ed v\u00fdsledek. Pro m\u011b je podstatn\u00e9 p\u0159eklenout rychl\u00e9 pisty. V dun\u00e1ch to pak bude tak\u00e9 tro\u0161i\u010dku o hlav\u011b, proto\u017ee v p\u00edsku m\u016f\u017ee \u010dlov\u011bk hodn\u011b snadno \u201aud\u011blat\u2018 motor. Mysl\u00edm si, \u017ee pokud p\u0159ekon\u00e1m prvn\u00ed t\u00fdden a nebudu moc ztr\u00e1cet, tak bych n\u011bjak\u00e9 \u0161ance mohl m\u00edt. Ale to se opravdu uk\u00e1\u017ee a\u017e v pr\u016fb\u011bhu.\u201c<\/em><\/p>\n<h4>Medailov\u00e9 ambice<\/h4>\n<p>Mana\u017eer t\u00fdmu Orion \u2013 MRG <strong>Erv\u00edn Kraj\u010dovi\u010d<\/strong> ka\u017edop\u00e1dn\u011b sv\u00e9mu jezdci v\u011b\u0159\u00ed: <em>\u201eTom\u00e1\u0161ovi v prvn\u00ed \u0159ad\u011b p\u0159eji, aby kone\u010dn\u011b dojel. U\u017e n\u011bjakou dobu je jezdcem, kter\u00e9ho respektuj\u00ed i \u0161pi\u010dkov\u00ed z\u00e1vodn\u00edci, ale zat\u00edm v\u017edycky ho bohu\u017eel zradila technika. Tom\u00e1\u0161 m\u00e1 v hlav\u011b v\u0161echno spr\u00e1vn\u011b srovnan\u00e9, proto jsem p\u0159esv\u011bd\u010den\u00fd, \u017ee m\u00e1 na bedu\u00edna.\u201c<\/em><\/p>\n<p><em>\u201eJsem realista, pojedu s nov\u00fdm strojem a st\u00e1t se m\u016f\u017ee cokoliv. P\u0159esto douf\u00e1m, \u017ee dok\u00e1\u017eu zlomit sv\u00e9 dakarsk\u00e9 proklet\u00ed. Mysl\u00edm, \u017ee u\u017e bych si to snad i zaslou\u017eil. Ka\u017ed\u00fd z\u00e1vodn\u00edk chce vyhr\u00e1t, a\u0165 se jedn\u00e1 o za\u010d\u00ednaj\u00edc\u00edho mlad\u00ed\u010dka nebo matadora v d\u016fchodov\u00e9m v\u011bku. I j\u00e1 bych r\u00e1d jel v \u010deln\u00ed skupin\u011b a bojoval s t\u011bmi nejlep\u0161\u00edmi. Bylo by hezk\u00e9 ud\u011blat velk\u00fd v\u00fdsledek, hodn\u011b lid\u00ed, kter\u00e9 m\u00e1m kolem sebe, by si to u\u017e p\u0159\u00e1lo,\u201c<\/em> uzav\u00edr\u00e1 <strong>Tom\u00e1\u0161 Kubiena<\/strong>.[\/vc_column_text][vc_column_text css_animation=&#8221;fadeIn&#8221; css=&#8221;.vc_custom_1575498655541{padding-top: 10px !important;padding-right: 10px !important;padding-bottom: 10px !important;padding-left: 10px !important;background-color: #dbd9d9 !important;}&#8221;]<\/p>\n<h4>Sestava Orion \u2013 MRG pro Dakar 2020<\/h4>\n<p style=\"text-align: center;\"><img loading=\"lazy\" decoding=\"async\" class=\"size-large wp-image-11873 aligncenter\" src=\"\/wp-content\/uploads\/2019\/12\/19-mrg-tk-01.jpg\" alt=\"Jezdci MRG pro Dakar 2020\" width=\"600\" height=\"400\" \/><\/p>\n<p>T\u00fdm Orion \u2013 Moto Racing Group se na Rally Dakar pravideln\u011b vrac\u00ed od roku 2014. V Sa\u00fadsk\u00e9 Ar\u00e1bii bude m\u00edt p\u0159i sv\u00e9 sedm\u00e9 \u00fa\u010dasti ve startovn\u00edm poli t\u0159i z\u00e1stupce.<\/p>\n<p>28let\u00fd <strong>Milan Engel<\/strong> se patn\u00e1ct\u00fdm m\u00edstem v roce 2019 zaslou\u017eil o dosud nejlep\u0161\u00ed um\u00edst\u011bn\u00ed t\u00fdmu na Rally Dakar v kategorii motocykl\u016f. Stejn\u011b jako 31let\u00fd dakarsk\u00fd nov\u00e1\u010dek <strong>Martin Michek<\/strong> pojede na motocyklu KTM 450 Rally Replica.<\/p>\n<p>Mezi \u010dty\u0159kolk\u00e1\u0159i bude barvy t\u00fdmu op\u011bt h\u00e1jit 43let\u00fd <strong>Tom\u00e1\u0161 Kubiena<\/strong>, kter\u00e9ho zm\u011bna p\u0159edpis\u016f p\u0159inutila vym\u011bnit techniku KTM za hojn\u011b pou\u017e\u00edvanou Yamahu Raptor. Dakaru se z\u00fa\u010dastn\u00ed po\u010dtvrt\u00e9. P\u0159i t\u0159ech p\u0159edchoz\u00edch startech prok\u00e1zal svou rychlost, do c\u00edle v\u0161ak kv\u016fli technick\u00fdm probl\u00e9m\u016fm zat\u00edm nikdy nedojel.[\/vc_column_text][vc_empty_space height=&#8221;5px&#8221;][\/vc_column][\/vc_row]<\/p>\n","protected":false},"excerpt":{"rendered":"<p>U\u017e t\u0159ikr\u00e1t to zkusil, ale sen si zat\u00edm nesplnil. Na c\u00edlovou rampu Rally Dakar zat\u00edm nevyjel. V lednu se Tom\u00e1\u0161 Kubiena pokus\u00ed smolnou s\u00e9rii kone\u010dn\u011b utnout.<\/p>\n","protected":false},"author":1,"featured_media":13638,"comment_status":"closed","ping_status":"closed","sticky":false,"template":"","format":"standard","meta":{"footnotes":""},"categories":[251,15],"tags":[903,8,159,109,74,75,72,168],"class_list":["post-13642","post","type-post","status-publish","format-standard","has-post-thumbnail","hentry","category-dakar-2020","category-moto-quad","tag-903","tag-dakar","tag-dakar-2020","tag-ervin-krajcovic","tag-moto-racing-group","tag-mrg","tag-tomas-kubiena","tag-yamaha"],"yoast_head":"<!-- This site is optimized with the Yoast SEO plugin v24.9 - https:\/\/yoast.com\/wordpress\/plugins\/seo\/ -->\n<title>Tom\u00e1\u0161 Kubiena: Zlomit dakarsk\u00e9 proklet\u00ed a bojovat na \u0161pici - DAKARMANIA.cz<\/title>\n<meta name=\"description\" content=\"U\u017e t\u0159ikr\u00e1t to zkusil, ale sen si zat\u00edm nesplnil. Na c\u00edlovou rampu Rally Dakar zat\u00edm nevyjel. V lednu se Tom\u00e1\u0161 Kubiena pokus\u00ed smolnou s\u00e9rii kone\u010dn\u011b utnout.\" \/>\n<meta name=\"robots\" content=\"index, follow, max-snippet:-1, max-image-preview:large, max-video-preview:-1\" \/>\n<link rel=\"canonical\" href=\"https:\/\/www.dakarmania.cz\/index.php\/2019\/12\/13\/kubiena-zlomit-prokleti\/\" \/>\n<meta property=\"og:locale\" content=\"cs_CZ\" \/>\n<meta property=\"og:type\" content=\"article\" \/>\n<meta property=\"og:title\" content=\"Tom\u00e1\u0161 Kubiena: Zlomit dakarsk\u00e9 proklet\u00ed a bojovat na \u0161pici - DAKARMANIA.cz\" \/>\n<meta property=\"og:description\" content=\"U\u017e t\u0159ikr\u00e1t to zkusil, ale sen si zat\u00edm nesplnil. Na c\u00edlovou rampu Rally Dakar zat\u00edm nevyjel. V lednu se Tom\u00e1\u0161 Kubiena pokus\u00ed smolnou s\u00e9rii kone\u010dn\u011b utnout.\" \/>\n<meta property=\"og:url\" content=\"https:\/\/www.dakarmania.cz\/index.php\/2019\/12\/13\/kubiena-zlomit-prokleti\/\" \/>\n<meta property=\"og:site_name\" content=\"DAKARMANIA.cz\" \/>\n<meta property=\"article:publisher\" content=\"https:\/\/www.facebook.com\/dakarmania\/\" \/>\n<meta property=\"article:published_time\" content=\"2019-12-13T15:26:33+00:00\" \/>\n<meta property=\"article:modified_time\" content=\"2023-02-13T18:16:58+00:00\" \/>\n<meta property=\"og:image\" content=\"https:\/\/www.dakarmania.cz\/wp-content\/uploads\/2019\/12\/19-el-chott-kubiena-10.jpg\" \/>\n\t<meta property=\"og:image:width\" content=\"1024\" \/>\n\t<meta property=\"og:image:height\" content=\"684\" \/>\n\t<meta property=\"og:image:type\" content=\"image\/jpeg\" \/>\n<meta name=\"author\" content=\"Zden\u011bk Zelenka\" \/>\n<meta name=\"twitter:card\" content=\"summary_large_image\" \/>\n<meta name=\"twitter:label1\" content=\"Napsal(a)\" \/>\n\t<meta name=\"twitter:data1\" content=\"Zden\u011bk Zelenka\" \/>\n\t<meta name=\"twitter:label2\" content=\"Odhadovan\u00e1 doba \u010dten\u00ed\" \/>\n\t<meta name=\"twitter:data2\" content=\"6 minut\" \/>\n<script type=\"application\/ld+json\" class=\"yoast-schema-graph\">{\"@context\":\"https:\/\/schema.org\",\"@graph\":[{\"@type\":\"Article\",\"@id\":\"https:\/\/www.dakarmania.cz\/index.php\/2019\/12\/13\/kubiena-zlomit-prokleti\/#article\",\"isPartOf\":{\"@id\":\"https:\/\/www.dakarmania.cz\/index.php\/2019\/12\/13\/kubiena-zlomit-prokleti\/\"},\"author\":{\"name\":\"Zden\u011bk Zelenka\",\"@id\":\"https:\/\/www.dakarmania.cz\/#\/schema\/person\/04eb0e87a389631c2169c0dddae7ff1e\"},\"headline\":\"Tom\u00e1\u0161 Kubiena: Zlomit dakarsk\u00e9 proklet\u00ed a bojovat na \u0161pici\",\"datePublished\":\"2019-12-13T15:26:33+00:00\",\"dateModified\":\"2023-02-13T18:16:58+00:00\",\"mainEntityOfPage\":{\"@id\":\"https:\/\/www.dakarmania.cz\/index.php\/2019\/12\/13\/kubiena-zlomit-prokleti\/\"},\"wordCount\":1458,\"publisher\":{\"@id\":\"https:\/\/www.dakarmania.cz\/#organization\"},\"image\":{\"@id\":\"https:\/\/www.dakarmania.cz\/index.php\/2019\/12\/13\/kubiena-zlomit-prokleti\/#primaryimage\"},\"thumbnailUrl\":\"https:\/\/www.dakarmania.cz\/wp-content\/uploads\/2019\/12\/19-el-chott-kubiena-10.jpg\",\"keywords\":[\"2020\",\"Dakar\",\"Dakar 2020\",\"Erv\u00edn Kraj\u010dovi\u010d\",\"Moto Racing Group\",\"MRG\",\"Tom\u00e1\u0161 Kubiena\",\"Yamaha\"],\"articleSection\":[\"Dakar 2020\",\"Moto\/Quad\"],\"inLanguage\":\"cs\"},{\"@type\":\"WebPage\",\"@id\":\"https:\/\/www.dakarmania.cz\/index.php\/2019\/12\/13\/kubiena-zlomit-prokleti\/\",\"url\":\"https:\/\/www.dakarmania.cz\/index.php\/2019\/12\/13\/kubiena-zlomit-prokleti\/\",\"name\":\"Tom\u00e1\u0161 Kubiena: Zlomit dakarsk\u00e9 proklet\u00ed a bojovat na \u0161pici - DAKARMANIA.cz\",\"isPartOf\":{\"@id\":\"https:\/\/www.dakarmania.cz\/#website\"},\"primaryImageOfPage\":{\"@id\":\"https:\/\/www.dakarmania.cz\/index.php\/2019\/12\/13\/kubiena-zlomit-prokleti\/#primaryimage\"},\"image\":{\"@id\":\"https:\/\/www.dakarmania.cz\/index.php\/2019\/12\/13\/kubiena-zlomit-prokleti\/#primaryimage\"},\"thumbnailUrl\":\"https:\/\/www.dakarmania.cz\/wp-content\/uploads\/2019\/12\/19-el-chott-kubiena-10.jpg\",\"datePublished\":\"2019-12-13T15:26:33+00:00\",\"dateModified\":\"2023-02-13T18:16:58+00:00\",\"description\":\"U\u017e t\u0159ikr\u00e1t to zkusil, ale sen si zat\u00edm nesplnil. Na c\u00edlovou rampu Rally Dakar zat\u00edm nevyjel. V lednu se Tom\u00e1\u0161 Kubiena pokus\u00ed smolnou s\u00e9rii kone\u010dn\u011b utnout.\",\"breadcrumb\":{\"@id\":\"https:\/\/www.dakarmania.cz\/index.php\/2019\/12\/13\/kubiena-zlomit-prokleti\/#breadcrumb\"},\"inLanguage\":\"cs\",\"potentialAction\":[{\"@type\":\"ReadAction\",\"target\":[\"https:\/\/www.dakarmania.cz\/index.php\/2019\/12\/13\/kubiena-zlomit-prokleti\/\"]}]},{\"@type\":\"ImageObject\",\"inLanguage\":\"cs\",\"@id\":\"https:\/\/www.dakarmania.cz\/index.php\/2019\/12\/13\/kubiena-zlomit-prokleti\/#primaryimage\",\"url\":\"https:\/\/www.dakarmania.cz\/wp-content\/uploads\/2019\/12\/19-el-chott-kubiena-10.jpg\",\"contentUrl\":\"https:\/\/www.dakarmania.cz\/wp-content\/uploads\/2019\/12\/19-el-chott-kubiena-10.jpg\",\"width\":1024,\"height\":684,\"caption\":\"Tom\u00e1\u0161 Kubiena, Yamaha YFM 700 Raptor, Orion - Moto Racing Group. Rallye de Tunisie - El Chott 2019. \u00a9 MRG\"},{\"@type\":\"BreadcrumbList\",\"@id\":\"https:\/\/www.dakarmania.cz\/index.php\/2019\/12\/13\/kubiena-zlomit-prokleti\/#breadcrumb\",\"itemListElement\":[{\"@type\":\"ListItem\",\"position\":1,\"name\":\"Dom\u016f\",\"item\":\"https:\/\/www.dakarmania.cz\/\"},{\"@type\":\"ListItem\",\"position\":2,\"name\":\"Tom\u00e1\u0161 Kubiena: Zlomit dakarsk\u00e9 proklet\u00ed a bojovat na \u0161pici\"}]},{\"@type\":\"WebSite\",\"@id\":\"https:\/\/www.dakarmania.cz\/#website\",\"url\":\"https:\/\/www.dakarmania.cz\/\",\"name\":\"DAKARMANIA.cz\",\"description\":\"\u017dijeme Dakarem cel\u00fd rok\",\"publisher\":{\"@id\":\"https:\/\/www.dakarmania.cz\/#organization\"},\"potentialAction\":[{\"@type\":\"SearchAction\",\"target\":{\"@type\":\"EntryPoint\",\"urlTemplate\":\"https:\/\/www.dakarmania.cz\/?s={search_term_string}\"},\"query-input\":{\"@type\":\"PropertyValueSpecification\",\"valueRequired\":true,\"valueName\":\"search_term_string\"}}],\"inLanguage\":\"cs\"},{\"@type\":\"Organization\",\"@id\":\"https:\/\/www.dakarmania.cz\/#organization\",\"name\":\"DAKAR MANIA\",\"url\":\"https:\/\/www.dakarmania.cz\/\",\"logo\":{\"@type\":\"ImageObject\",\"inLanguage\":\"cs\",\"@id\":\"https:\/\/www.dakarmania.cz\/#\/schema\/logo\/image\/\",\"url\":\"https:\/\/www.dakarmania.cz\/wp-content\/uploads\/2018\/12\/Dakar-Mania-Logo-Square-Orange.png\",\"contentUrl\":\"https:\/\/www.dakarmania.cz\/wp-content\/uploads\/2018\/12\/Dakar-Mania-Logo-Square-Orange.png\",\"width\":992,\"height\":992,\"caption\":\"DAKAR MANIA\"},\"image\":{\"@id\":\"https:\/\/www.dakarmania.cz\/#\/schema\/logo\/image\/\"},\"sameAs\":[\"https:\/\/www.facebook.com\/dakarmania\/\"]},{\"@type\":\"Person\",\"@id\":\"https:\/\/www.dakarmania.cz\/#\/schema\/person\/04eb0e87a389631c2169c0dddae7ff1e\",\"name\":\"Zden\u011bk Zelenka\",\"image\":{\"@type\":\"ImageObject\",\"inLanguage\":\"cs\",\"@id\":\"https:\/\/www.dakarmania.cz\/#\/schema\/person\/image\/\",\"url\":\"https:\/\/secure.gravatar.com\/avatar\/2c80d5a4942fe0900b73cc7d3837a509d6ee0a276a2b76dac95c92bd0763a89b?s=96&d=mm&r=g\",\"contentUrl\":\"https:\/\/secure.gravatar.com\/avatar\/2c80d5a4942fe0900b73cc7d3837a509d6ee0a276a2b76dac95c92bd0763a89b?s=96&d=mm&r=g\",\"caption\":\"Zden\u011bk Zelenka\"},\"description\":\"Moji d\u011bt\u0161t\u00ed hrdinov\u00e9 se jmenovali Loprais, Moskal, Neveu, Vatanen, Rahier... A tihle borci, jejich n\u00e1sledovn\u00edci a jejich p\u0159\u00edb\u011bhy m\u011b nep\u0159estali fascinovat ani po letech, kdy jsem vyrostl a zam\u011bstn\u00e1valy m\u011b jin\u00e9 discipl\u00edny motorsportu. Proto se zrodila DAKARMANIA.\",\"url\":\"https:\/\/www.dakarmania.cz\/index.php\/author\/dakarmania\/\"}]}<\/script>\n<!-- \/ Yoast SEO plugin. -->","yoast_head_json":{"title":"Tom\u00e1\u0161 Kubiena: Zlomit dakarsk\u00e9 proklet\u00ed a bojovat na \u0161pici - DAKARMANIA.cz","description":"U\u017e t\u0159ikr\u00e1t to zkusil, ale sen si zat\u00edm nesplnil. Na c\u00edlovou rampu Rally Dakar zat\u00edm nevyjel. V lednu se Tom\u00e1\u0161 Kubiena pokus\u00ed smolnou s\u00e9rii kone\u010dn\u011b utnout.","robots":{"index":"index","follow":"follow","max-snippet":"max-snippet:-1","max-image-preview":"max-image-preview:large","max-video-preview":"max-video-preview:-1"},"canonical":"https:\/\/www.dakarmania.cz\/index.php\/2019\/12\/13\/kubiena-zlomit-prokleti\/","og_locale":"cs_CZ","og_type":"article","og_title":"Tom\u00e1\u0161 Kubiena: Zlomit dakarsk\u00e9 proklet\u00ed a bojovat na \u0161pici - DAKARMANIA.cz","og_description":"U\u017e t\u0159ikr\u00e1t to zkusil, ale sen si zat\u00edm nesplnil. Na c\u00edlovou rampu Rally Dakar zat\u00edm nevyjel. V lednu se Tom\u00e1\u0161 Kubiena pokus\u00ed smolnou s\u00e9rii kone\u010dn\u011b utnout.","og_url":"https:\/\/www.dakarmania.cz\/index.php\/2019\/12\/13\/kubiena-zlomit-prokleti\/","og_site_name":"DAKARMANIA.cz","article_publisher":"https:\/\/www.facebook.com\/dakarmania\/","article_published_time":"2019-12-13T15:26:33+00:00","article_modified_time":"2023-02-13T18:16:58+00:00","og_image":[{"width":1024,"height":684,"url":"https:\/\/www.dakarmania.cz\/wp-content\/uploads\/2019\/12\/19-el-chott-kubiena-10.jpg","type":"image\/jpeg"}],"author":"Zden\u011bk Zelenka","twitter_card":"summary_large_image","twitter_misc":{"Napsal(a)":"Zden\u011bk Zelenka","Odhadovan\u00e1 doba \u010dten\u00ed":"6 minut"},"schema":{"@context":"https:\/\/schema.org","@graph":[{"@type":"Article","@id":"https:\/\/www.dakarmania.cz\/index.php\/2019\/12\/13\/kubiena-zlomit-prokleti\/#article","isPartOf":{"@id":"https:\/\/www.dakarmania.cz\/index.php\/2019\/12\/13\/kubiena-zlomit-prokleti\/"},"author":{"name":"Zden\u011bk Zelenka","@id":"https:\/\/www.dakarmania.cz\/#\/schema\/person\/04eb0e87a389631c2169c0dddae7ff1e"},"headline":"Tom\u00e1\u0161 Kubiena: Zlomit dakarsk\u00e9 proklet\u00ed a bojovat na \u0161pici","datePublished":"2019-12-13T15:26:33+00:00","dateModified":"2023-02-13T18:16:58+00:00","mainEntityOfPage":{"@id":"https:\/\/www.dakarmania.cz\/index.php\/2019\/12\/13\/kubiena-zlomit-prokleti\/"},"wordCount":1458,"publisher":{"@id":"https:\/\/www.dakarmania.cz\/#organization"},"image":{"@id":"https:\/\/www.dakarmania.cz\/index.php\/2019\/12\/13\/kubiena-zlomit-prokleti\/#primaryimage"},"thumbnailUrl":"https:\/\/www.dakarmania.cz\/wp-content\/uploads\/2019\/12\/19-el-chott-kubiena-10.jpg","keywords":["2020","Dakar","Dakar 2020","Erv\u00edn Kraj\u010dovi\u010d","Moto Racing Group","MRG","Tom\u00e1\u0161 Kubiena","Yamaha"],"articleSection":["Dakar 2020","Moto\/Quad"],"inLanguage":"cs"},{"@type":"WebPage","@id":"https:\/\/www.dakarmania.cz\/index.php\/2019\/12\/13\/kubiena-zlomit-prokleti\/","url":"https:\/\/www.dakarmania.cz\/index.php\/2019\/12\/13\/kubiena-zlomit-prokleti\/","name":"Tom\u00e1\u0161 Kubiena: Zlomit dakarsk\u00e9 proklet\u00ed a bojovat na \u0161pici - DAKARMANIA.cz","isPartOf":{"@id":"https:\/\/www.dakarmania.cz\/#website"},"primaryImageOfPage":{"@id":"https:\/\/www.dakarmania.cz\/index.php\/2019\/12\/13\/kubiena-zlomit-prokleti\/#primaryimage"},"image":{"@id":"https:\/\/www.dakarmania.cz\/index.php\/2019\/12\/13\/kubiena-zlomit-prokleti\/#primaryimage"},"thumbnailUrl":"https:\/\/www.dakarmania.cz\/wp-content\/uploads\/2019\/12\/19-el-chott-kubiena-10.jpg","datePublished":"2019-12-13T15:26:33+00:00","dateModified":"2023-02-13T18:16:58+00:00","description":"U\u017e t\u0159ikr\u00e1t to zkusil, ale sen si zat\u00edm nesplnil. Na c\u00edlovou rampu Rally Dakar zat\u00edm nevyjel. V lednu se Tom\u00e1\u0161 Kubiena pokus\u00ed smolnou s\u00e9rii kone\u010dn\u011b utnout.","breadcrumb":{"@id":"https:\/\/www.dakarmania.cz\/index.php\/2019\/12\/13\/kubiena-zlomit-prokleti\/#breadcrumb"},"inLanguage":"cs","potentialAction":[{"@type":"ReadAction","target":["https:\/\/www.dakarmania.cz\/index.php\/2019\/12\/13\/kubiena-zlomit-prokleti\/"]}]},{"@type":"ImageObject","inLanguage":"cs","@id":"https:\/\/www.dakarmania.cz\/index.php\/2019\/12\/13\/kubiena-zlomit-prokleti\/#primaryimage","url":"https:\/\/www.dakarmania.cz\/wp-content\/uploads\/2019\/12\/19-el-chott-kubiena-10.jpg","contentUrl":"https:\/\/www.dakarmania.cz\/wp-content\/uploads\/2019\/12\/19-el-chott-kubiena-10.jpg","width":1024,"height":684,"caption":"Tom\u00e1\u0161 Kubiena, Yamaha YFM 700 Raptor, Orion - Moto Racing Group. Rallye de Tunisie - El Chott 2019. \u00a9 MRG"},{"@type":"BreadcrumbList","@id":"https:\/\/www.dakarmania.cz\/index.php\/2019\/12\/13\/kubiena-zlomit-prokleti\/#breadcrumb","itemListElement":[{"@type":"ListItem","position":1,"name":"Dom\u016f","item":"https:\/\/www.dakarmania.cz\/"},{"@type":"ListItem","position":2,"name":"Tom\u00e1\u0161 Kubiena: Zlomit dakarsk\u00e9 proklet\u00ed a bojovat na \u0161pici"}]},{"@type":"WebSite","@id":"https:\/\/www.dakarmania.cz\/#website","url":"https:\/\/www.dakarmania.cz\/","name":"DAKARMANIA.cz","description":"\u017dijeme Dakarem cel\u00fd rok","publisher":{"@id":"https:\/\/www.dakarmania.cz\/#organization"},"potentialAction":[{"@type":"SearchAction","target":{"@type":"EntryPoint","urlTemplate":"https:\/\/www.dakarmania.cz\/?s={search_term_string}"},"query-input":{"@type":"PropertyValueSpecification","valueRequired":true,"valueName":"search_term_string"}}],"inLanguage":"cs"},{"@type":"Organization","@id":"https:\/\/www.dakarmania.cz\/#organization","name":"DAKAR MANIA","url":"https:\/\/www.dakarmania.cz\/","logo":{"@type":"ImageObject","inLanguage":"cs","@id":"https:\/\/www.dakarmania.cz\/#\/schema\/logo\/image\/","url":"https:\/\/www.dakarmania.cz\/wp-content\/uploads\/2018\/12\/Dakar-Mania-Logo-Square-Orange.png","contentUrl":"https:\/\/www.dakarmania.cz\/wp-content\/uploads\/2018\/12\/Dakar-Mania-Logo-Square-Orange.png","width":992,"height":992,"caption":"DAKAR MANIA"},"image":{"@id":"https:\/\/www.dakarmania.cz\/#\/schema\/logo\/image\/"},"sameAs":["https:\/\/www.facebook.com\/dakarmania\/"]},{"@type":"Person","@id":"https:\/\/www.dakarmania.cz\/#\/schema\/person\/04eb0e87a389631c2169c0dddae7ff1e","name":"Zden\u011bk Zelenka","image":{"@type":"ImageObject","inLanguage":"cs","@id":"https:\/\/www.dakarmania.cz\/#\/schema\/person\/image\/","url":"https:\/\/secure.gravatar.com\/avatar\/2c80d5a4942fe0900b73cc7d3837a509d6ee0a276a2b76dac95c92bd0763a89b?s=96&d=mm&r=g","contentUrl":"https:\/\/secure.gravatar.com\/avatar\/2c80d5a4942fe0900b73cc7d3837a509d6ee0a276a2b76dac95c92bd0763a89b?s=96&d=mm&r=g","caption":"Zden\u011bk Zelenka"},"description":"Moji d\u011bt\u0161t\u00ed hrdinov\u00e9 se jmenovali Loprais, Moskal, Neveu, Vatanen, Rahier... A tihle borci, jejich n\u00e1sledovn\u00edci a jejich p\u0159\u00edb\u011bhy m\u011b nep\u0159estali fascinovat ani po letech, kdy jsem vyrostl a zam\u011bstn\u00e1valy m\u011b jin\u00e9 discipl\u00edny motorsportu. Proto se zrodila DAKARMANIA.","url":"https:\/\/www.dakarmania.cz\/index.php\/author\/dakarmania\/"}]}},"amp_enabled":true,"_links":{"self":[{"href":"https:\/\/www.dakarmania.cz\/index.php\/wp-json\/wp\/v2\/posts\/13642","targetHints":{"allow":["GET"]}}],"collection":[{"href":"https:\/\/www.dakarmania.cz\/index.php\/wp-json\/wp\/v2\/posts"}],"about":[{"href":"https:\/\/www.dakarmania.cz\/index.php\/wp-json\/wp\/v2\/types\/post"}],"author":[{"embeddable":true,"href":"https:\/\/www.dakarmania.cz\/index.php\/wp-json\/wp\/v2\/users\/1"}],"replies":[{"embeddable":true,"href":"https:\/\/www.dakarmania.cz\/index.php\/wp-json\/wp\/v2\/comments?post=13642"}],"version-history":[{"count":3,"href":"https:\/\/www.dakarmania.cz\/index.php\/wp-json\/wp\/v2\/posts\/13642\/revisions"}],"predecessor-version":[{"id":13646,"href":"https:\/\/www.dakarmania.cz\/index.php\/wp-json\/wp\/v2\/posts\/13642\/revisions\/13646"}],"wp:featuredmedia":[{"embeddable":true,"href":"https:\/\/www.dakarmania.cz\/index.php\/wp-json\/wp\/v2\/media\/13638"}],"wp:attachment":[{"href":"https:\/\/www.dakarmania.cz\/index.php\/wp-json\/wp\/v2\/media?parent=13642"}],"wp:term":[{"taxonomy":"category","embeddable":true,"href":"https:\/\/www.dakarmania.cz\/index.php\/wp-json\/wp\/v2\/categories?post=13642"},{"taxonomy":"post_tag","embeddable":true,"href":"https:\/\/www.dakarmania.cz\/index.php\/wp-json\/wp\/v2\/tags?post=13642"}],"curies":[{"name":"wp","href":"https:\/\/api.w.org\/{rel}","templated":true}]}}