{"id":13694,"date":"2019-12-24T01:59:38","date_gmt":"2019-12-24T00:59:38","guid":{"rendered":"https:\/\/www.dakarmania.cz\/?p=13694"},"modified":"2019-12-24T01:59:38","modified_gmt":"2019-12-24T00:59:38","slug":"dakar-peterhansel-zmena-navigatora","status":"publish","type":"post","link":"https:\/\/www.dakarmania.cz\/index.php\/2019\/12\/24\/dakar-peterhansel-zmena-navigatora\/","title":{"rendered":"Dakar: St\u00e9phane Peterhansel mus\u00ed zm\u011bnit navig\u00e1tora"},"content":{"rendered":"<p>[vc_row][vc_column][vc_column_text css_animation=&#8221;fadeIn&#8221;]<\/p>\n<h3>St\u00e9phane Peterhansel se ani tentokr\u00e1t nep\u0159edstav\u00ed na Rally Dakar po boku sv\u00e9 man\u017eelky Andrey. Sen francouzsko-n\u011bmeck\u00e9ho p\u00e1ru se rozplynul u\u017e podruh\u00e9. Tentokr\u00e1t kv\u016fli zdravotn\u00edm probl\u00e9m\u016fm.<\/h3>\n<p>[\/vc_column_text][vc_single_image image=&#8221;13693&#8243; img_size=&#8221;large&#8221; add_caption=&#8221;yes&#8221; alignment=&#8221;center&#8221; onclick=&#8221;link_image&#8221; css_animation=&#8221;fadeIn&#8221;][vc_column_text css_animation=&#8221;fadeIn&#8221;]U\u017e loni se prosl\u00fdchalo, \u017ee t\u0159in\u00e1ctin\u00e1sobn\u00fd v\u00edt\u011bz Rally Dakar <a href=\"\/index.php\/osobnosti\/stephane-peterhansel\/\">St\u00e9phane Peterhansel<\/a> uva\u017euje o konci kari\u00e9ry. Dakarsk\u00e9ho rekordmana v\u0161ak l\u00e1kal je\u0161t\u011b jeden z\u00e1pis do historie cross-country rally. P\u0159i nejslavn\u011bj\u0161\u00ed d\u00e1lkov\u00e9 rally sv\u011bta se cht\u011bl pokusit o v\u00edt\u011bzstv\u00ed v nejpresti\u017en\u011bj\u0161\u00ed kategorii automobil\u016f spole\u010dn\u011b se svou man\u017eelkou <a href=\"\/index.php\/osobnosti\/peterhansel-andrea\/\">Andreou<\/a>.<\/p>\n<p>N\u011bmeck\u00e1 z\u00e1vodnice z\u00edsk\u00e1vala na Dakaru ostruhy v kategorii motocykl\u016f je\u0161t\u011b pod d\u00edv\u010d\u00edm jm\u00e9nem Mayer. Pozd\u011bji jela i s kamionem a v roce 2004 obsadila s Mitsubishi jako pilotka p\u00e1t\u00e9 m\u00edsto v hodnocen\u00ed osobn\u00edch aut.<\/p>\n<p>Spole\u010dn\u00fd start Peterhanselov\u00fdch byl ve h\u0159e u\u017e p\u0159ed <a href=\"\/index.php\/souteze\/dakar-2019\/\">Dakarem 2019<\/a>. Jen\u017ee ve voze elitn\u00ed skupiny T1 trp\u011bla Andrea p\u0159i testech na seda\u010dce navig\u00e1torky siln\u00fdmi nevolnostmi, a proto se nakonec ka\u017ed\u00fd z man\u017eel\u016f p\u0159estavil v jin\u00e9 kategorii. St\u00e9phana navigoval v Mini JCW Buggy <a href=\"\/index.php\/osobnosti\/david-castera\/\">David Castera<\/a>, Andrea jela v kategorii SxS s krajankou Anett Fischer.[\/vc_column_text][vc_single_image image=&#8221;12472&#8243; img_size=&#8221;large&#8221; add_caption=&#8221;yes&#8221; alignment=&#8221;center&#8221; onclick=&#8221;link_image&#8221; css_animation=&#8221;fadeIn&#8221;][vc_column_text css_animation=&#8221;fadeIn&#8221;]P\u0159esto dostali Peterhanselovi od t\u00fdmu X-raid zelenou pro dal\u0161\u00ed pokus. V r\u00e1mci p\u0159\u00edpravy absolvovali t\u0159i ze \u010dty\u0159 podnik\u016f <a href=\"\/index.php\/sampionaty\/svetovy-pohar-fia-v-cross-country-rally-2019\/\">Sv\u011btov\u00e9ho poh\u00e1ru FIA v cross-country rally 2019<\/a>. P\u0159esto\u017ee oba po n\u011bkter\u00fdch etap\u00e1ch p\u0159ipou\u0161t\u011bli, \u017ee se Andrea ne v\u017edy c\u00edt\u00ed ve voze \u00fapln\u011b stoprocentn\u011b, dok\u00e1zali dvakr\u00e1t p\u0159epsat historii cross-country rally. Jako prvn\u00ed man\u017eelsk\u00fd p\u00e1r <a href=\"\/index.php\/2019\/04\/04\/abu-dhabi-prokopuv-povedeny-zaver\/\">vyhr\u00e1li n\u011bkterou ze sout\u011b\u017e\u00ed sv\u011btov\u00e9ho poh\u00e1ru<\/a> a <a href=\"\/index.php\/2019\/10\/09\/du-maroc-po-dvanacti-letech-de-villiers\/\">pak i jeho celkov\u00e9 hodnocen\u00ed<\/a>, co\u017e se ob\u011bma poda\u0159ilo poprv\u00e9 v kari\u00e9\u0159e.<\/p>\n<p>O necel\u00e9 dva m\u011bs\u00edce pozd\u011bji v\u0161ak n\u00e1sledovala studen\u00e1 sprcha. Andrea Peterhansel <a href=\"\/index.php\/2019\/12\/01\/dakar-2020-start-peterhanselovych-ohrozen\/\">nepro\u0161la pravidelnou kontrolou u t\u00fdmov\u00e9ho l\u00e9ka\u0159e<\/a>, kterou jezdci X-raidu podstupuj\u00ed p\u0159ed ka\u017ed\u00fdm Dakarem. Situaci nezvr\u00e1tily ani v\u00fdsledky dal\u0161\u00edch vy\u0161et\u0159en\u00ed.<\/p>\n<p>St\u00e9phane Peterhansel se proto <a href=\"\/index.php\/souteze\/dakar-2020\/\">Rally Dakar 2020<\/a> z\u00fa\u010dastn\u00ed spole\u010dn\u011b s Paulem Fi\u00fazou. Nen\u00ed bez zaj\u00edmavosti, \u017ee Portugalec je v\u016fbec prvn\u00edm Francouzov\u00fdm navig\u00e1torem, jen\u017e nemluv\u00ed jeho rodnou \u0159e\u010d\u00ed. Spolupr\u00e1ci si poprv\u00e9 vyzkou\u0161eli na konci listopadu p\u0159i Riyadh Rally. P\u0159esto\u017ee Fi\u00faza nahradil Andreu Peterhansel p\u0159ed sa\u00fadskoarabskou sout\u011b\u017e\u00ed na posledn\u00ed chv\u00edli, <a href=\"\/index.php\/2019\/11\/30\/riyadh-al-rajhi-predcil-peterhansela\/\">obsadila narychlo vytvo\u0159en\u00e1 pos\u00e1dka druhou p\u0159\u00ed\u010dku<\/a>.[\/vc_column_text][vc_single_image image=&#8221;13692&#8243; img_size=&#8221;large&#8221; add_caption=&#8221;yes&#8221; alignment=&#8221;center&#8221; onclick=&#8221;link_image&#8221; css_animation=&#8221;fadeIn&#8221;][vc_column_text css_animation=&#8221;fadeIn&#8221;]<em>\u201eDo posledn\u00ed chv\u00edle jsme se sna\u017eili a doufali, ale Andrea se bohu\u017eel Dakaru 2020 z\u00fa\u010dastnit nem\u016f\u017ee,\u201c<\/em> lituje \u0161\u00e9f a majitel t\u00fdmu X-raid <strong>Sven Quandt<\/strong>. <em>\u201eSe St\u00e9phanem pro\u017eili skv\u011blou sezonu a ur\u010dit\u011b mohli v Sa\u00fadsk\u00e9 Ar\u00e1bii pat\u0159it k pos\u00e1dk\u00e1m bojuj\u00edc\u00edm na \u0161pici. Ale zdrav\u00ed je na prvn\u00edm m\u00edst\u011b. Jsme si jist\u00ed, \u017ee i Paulo odvede velmi dobrou pr\u00e1ci. Jejich spolupr\u00e1ce se St\u00e9phanem na Riyadh Rally fungovala dob\u0159e.\u201c<\/em><\/p>\n<p>Dakar 2020 odstartuje 4. ledna v sa\u00fadskoarabsk\u00e9 D\u017eidd\u011b. O den pozd\u011bji je na programu prvn\u00ed ze dvan\u00e1cti etap.[\/vc_column_text][vc_empty_space height=&#8221;5px&#8221;][\/vc_column][\/vc_row]<\/p>\n","protected":false},"excerpt":{"rendered":"<p>St\u00e9phane Peterhansel se ani tentokr\u00e1t nep\u0159edstav\u00ed na Rally Dakar po boku sv\u00e9 man\u017eelky Andrey. Sen francouzsko-n\u011bmeck\u00e9ho p\u00e1ru se rozplynul u\u017e podruh\u00e9.<\/p>\n","protected":false},"author":1,"featured_media":13693,"comment_status":"open","ping_status":"closed","sticky":false,"template":"","format":"standard","meta":{"footnotes":""},"categories":[3,251],"tags":[903,654,231,8,159,219,217,1525,220],"class_list":["post-13694","post","type-post","status-publish","format-standard","has-post-thumbnail","hentry","category-auto","category-dakar-2020","tag-903","tag-andrea-mayer","tag-andrea-peterhansel","tag-dakar","tag-dakar-2020","tag-mini","tag-stephane-peterhansel","tag-sven-quandt","tag-x-raid"],"yoast_head":"<!-- This site is optimized with the Yoast SEO plugin v24.9 - https:\/\/yoast.com\/wordpress\/plugins\/seo\/ -->\n<title>Dakar: St\u00e9phane Peterhansel mus\u00ed zm\u011bnit navig\u00e1tora - DAKARMANIA.cz<\/title>\n<meta name=\"description\" content=\"St\u00e9phane Peterhansel se ani tentokr\u00e1t nep\u0159edstav\u00ed na Rally Dakar po boku sv\u00e9 man\u017eelky Andrey. Sen francouzsko-n\u011bmeck\u00e9ho p\u00e1ru se rozplynul u\u017e podruh\u00e9.\" \/>\n<meta name=\"robots\" content=\"index, follow, max-snippet:-1, max-image-preview:large, max-video-preview:-1\" \/>\n<link rel=\"canonical\" href=\"https:\/\/www.dakarmania.cz\/index.php\/2019\/12\/24\/dakar-peterhansel-zmena-navigatora\/\" \/>\n<meta property=\"og:locale\" content=\"cs_CZ\" \/>\n<meta property=\"og:type\" content=\"article\" \/>\n<meta property=\"og:title\" content=\"Dakar: St\u00e9phane Peterhansel mus\u00ed zm\u011bnit navig\u00e1tora - DAKARMANIA.cz\" \/>\n<meta property=\"og:description\" content=\"St\u00e9phane Peterhansel se ani tentokr\u00e1t nep\u0159edstav\u00ed na Rally Dakar po boku sv\u00e9 man\u017eelky Andrey. Sen francouzsko-n\u011bmeck\u00e9ho p\u00e1ru se rozplynul u\u017e podruh\u00e9.\" \/>\n<meta property=\"og:url\" content=\"https:\/\/www.dakarmania.cz\/index.php\/2019\/12\/24\/dakar-peterhansel-zmena-navigatora\/\" \/>\n<meta property=\"og:site_name\" content=\"DAKARMANIA.cz\" \/>\n<meta property=\"article:publisher\" content=\"https:\/\/www.facebook.com\/dakarmania\/\" \/>\n<meta property=\"article:published_time\" content=\"2019-12-24T00:59:38+00:00\" \/>\n<meta property=\"og:image\" content=\"https:\/\/www.dakarmania.cz\/wp-content\/uploads\/2019\/12\/19-riyadh-peterhansel-05.jpg\" \/>\n\t<meta property=\"og:image:width\" content=\"1024\" \/>\n\t<meta property=\"og:image:height\" content=\"683\" \/>\n\t<meta property=\"og:image:type\" content=\"image\/jpeg\" \/>\n<meta name=\"author\" content=\"Zden\u011bk Zelenka\" \/>\n<meta name=\"twitter:card\" content=\"summary_large_image\" \/>\n<meta name=\"twitter:label1\" content=\"Napsal(a)\" \/>\n\t<meta name=\"twitter:data1\" content=\"Zden\u011bk Zelenka\" \/>\n\t<meta name=\"twitter:label2\" content=\"Odhadovan\u00e1 doba \u010dten\u00ed\" \/>\n\t<meta name=\"twitter:data2\" content=\"3 minuty\" \/>\n<script type=\"application\/ld+json\" class=\"yoast-schema-graph\">{\"@context\":\"https:\/\/schema.org\",\"@graph\":[{\"@type\":\"Article\",\"@id\":\"https:\/\/www.dakarmania.cz\/index.php\/2019\/12\/24\/dakar-peterhansel-zmena-navigatora\/#article\",\"isPartOf\":{\"@id\":\"https:\/\/www.dakarmania.cz\/index.php\/2019\/12\/24\/dakar-peterhansel-zmena-navigatora\/\"},\"author\":{\"name\":\"Zden\u011bk Zelenka\",\"@id\":\"https:\/\/www.dakarmania.cz\/#\/schema\/person\/04eb0e87a389631c2169c0dddae7ff1e\"},\"headline\":\"Dakar: St\u00e9phane Peterhansel mus\u00ed zm\u011bnit navig\u00e1tora\",\"datePublished\":\"2019-12-24T00:59:38+00:00\",\"mainEntityOfPage\":{\"@id\":\"https:\/\/www.dakarmania.cz\/index.php\/2019\/12\/24\/dakar-peterhansel-zmena-navigatora\/\"},\"wordCount\":660,\"commentCount\":0,\"publisher\":{\"@id\":\"https:\/\/www.dakarmania.cz\/#organization\"},\"image\":{\"@id\":\"https:\/\/www.dakarmania.cz\/index.php\/2019\/12\/24\/dakar-peterhansel-zmena-navigatora\/#primaryimage\"},\"thumbnailUrl\":\"https:\/\/www.dakarmania.cz\/wp-content\/uploads\/2019\/12\/19-riyadh-peterhansel-05.jpg\",\"keywords\":[\"2020\",\"Andrea Mayer\",\"Andrea Peterhansel\",\"Dakar\",\"Dakar 2020\",\"Mini\",\"St\u00e9phane Peterhansel\",\"Sven Quandt\",\"X-raid\"],\"articleSection\":[\"Auto\",\"Dakar 2020\"],\"inLanguage\":\"cs\",\"potentialAction\":[{\"@type\":\"CommentAction\",\"name\":\"Comment\",\"target\":[\"https:\/\/www.dakarmania.cz\/index.php\/2019\/12\/24\/dakar-peterhansel-zmena-navigatora\/#respond\"]}]},{\"@type\":\"WebPage\",\"@id\":\"https:\/\/www.dakarmania.cz\/index.php\/2019\/12\/24\/dakar-peterhansel-zmena-navigatora\/\",\"url\":\"https:\/\/www.dakarmania.cz\/index.php\/2019\/12\/24\/dakar-peterhansel-zmena-navigatora\/\",\"name\":\"Dakar: St\u00e9phane Peterhansel mus\u00ed zm\u011bnit navig\u00e1tora - DAKARMANIA.cz\",\"isPartOf\":{\"@id\":\"https:\/\/www.dakarmania.cz\/#website\"},\"primaryImageOfPage\":{\"@id\":\"https:\/\/www.dakarmania.cz\/index.php\/2019\/12\/24\/dakar-peterhansel-zmena-navigatora\/#primaryimage\"},\"image\":{\"@id\":\"https:\/\/www.dakarmania.cz\/index.php\/2019\/12\/24\/dakar-peterhansel-zmena-navigatora\/#primaryimage\"},\"thumbnailUrl\":\"https:\/\/www.dakarmania.cz\/wp-content\/uploads\/2019\/12\/19-riyadh-peterhansel-05.jpg\",\"datePublished\":\"2019-12-24T00:59:38+00:00\",\"description\":\"St\u00e9phane Peterhansel se ani tentokr\u00e1t nep\u0159edstav\u00ed na Rally Dakar po boku sv\u00e9 man\u017eelky Andrey. Sen francouzsko-n\u011bmeck\u00e9ho p\u00e1ru se rozplynul u\u017e podruh\u00e9.\",\"breadcrumb\":{\"@id\":\"https:\/\/www.dakarmania.cz\/index.php\/2019\/12\/24\/dakar-peterhansel-zmena-navigatora\/#breadcrumb\"},\"inLanguage\":\"cs\",\"potentialAction\":[{\"@type\":\"ReadAction\",\"target\":[\"https:\/\/www.dakarmania.cz\/index.php\/2019\/12\/24\/dakar-peterhansel-zmena-navigatora\/\"]}]},{\"@type\":\"ImageObject\",\"inLanguage\":\"cs\",\"@id\":\"https:\/\/www.dakarmania.cz\/index.php\/2019\/12\/24\/dakar-peterhansel-zmena-navigatora\/#primaryimage\",\"url\":\"https:\/\/www.dakarmania.cz\/wp-content\/uploads\/2019\/12\/19-riyadh-peterhansel-05.jpg\",\"contentUrl\":\"https:\/\/www.dakarmania.cz\/wp-content\/uploads\/2019\/12\/19-riyadh-peterhansel-05.jpg\",\"width\":1024,\"height\":683,\"caption\":\"St\u00e9phane Peterhansel\/Paulo Fi\u00faza, Mini JCW Buggy, X-raid. Riyadh Rally 2019. \u00a9 X-raid\"},{\"@type\":\"BreadcrumbList\",\"@id\":\"https:\/\/www.dakarmania.cz\/index.php\/2019\/12\/24\/dakar-peterhansel-zmena-navigatora\/#breadcrumb\",\"itemListElement\":[{\"@type\":\"ListItem\",\"position\":1,\"name\":\"Dom\u016f\",\"item\":\"https:\/\/www.dakarmania.cz\/\"},{\"@type\":\"ListItem\",\"position\":2,\"name\":\"Dakar: St\u00e9phane Peterhansel mus\u00ed zm\u011bnit navig\u00e1tora\"}]},{\"@type\":\"WebSite\",\"@id\":\"https:\/\/www.dakarmania.cz\/#website\",\"url\":\"https:\/\/www.dakarmania.cz\/\",\"name\":\"DAKARMANIA.cz\",\"description\":\"\u017dijeme Dakarem cel\u00fd rok\",\"publisher\":{\"@id\":\"https:\/\/www.dakarmania.cz\/#organization\"},\"potentialAction\":[{\"@type\":\"SearchAction\",\"target\":{\"@type\":\"EntryPoint\",\"urlTemplate\":\"https:\/\/www.dakarmania.cz\/?s={search_term_string}\"},\"query-input\":{\"@type\":\"PropertyValueSpecification\",\"valueRequired\":true,\"valueName\":\"search_term_string\"}}],\"inLanguage\":\"cs\"},{\"@type\":\"Organization\",\"@id\":\"https:\/\/www.dakarmania.cz\/#organization\",\"name\":\"DAKAR MANIA\",\"url\":\"https:\/\/www.dakarmania.cz\/\",\"logo\":{\"@type\":\"ImageObject\",\"inLanguage\":\"cs\",\"@id\":\"https:\/\/www.dakarmania.cz\/#\/schema\/logo\/image\/\",\"url\":\"https:\/\/www.dakarmania.cz\/wp-content\/uploads\/2018\/12\/Dakar-Mania-Logo-Square-Orange.png\",\"contentUrl\":\"https:\/\/www.dakarmania.cz\/wp-content\/uploads\/2018\/12\/Dakar-Mania-Logo-Square-Orange.png\",\"width\":992,\"height\":992,\"caption\":\"DAKAR MANIA\"},\"image\":{\"@id\":\"https:\/\/www.dakarmania.cz\/#\/schema\/logo\/image\/\"},\"sameAs\":[\"https:\/\/www.facebook.com\/dakarmania\/\"]},{\"@type\":\"Person\",\"@id\":\"https:\/\/www.dakarmania.cz\/#\/schema\/person\/04eb0e87a389631c2169c0dddae7ff1e\",\"name\":\"Zden\u011bk Zelenka\",\"image\":{\"@type\":\"ImageObject\",\"inLanguage\":\"cs\",\"@id\":\"https:\/\/www.dakarmania.cz\/#\/schema\/person\/image\/\",\"url\":\"https:\/\/secure.gravatar.com\/avatar\/2c80d5a4942fe0900b73cc7d3837a509d6ee0a276a2b76dac95c92bd0763a89b?s=96&d=mm&r=g\",\"contentUrl\":\"https:\/\/secure.gravatar.com\/avatar\/2c80d5a4942fe0900b73cc7d3837a509d6ee0a276a2b76dac95c92bd0763a89b?s=96&d=mm&r=g\",\"caption\":\"Zden\u011bk Zelenka\"},\"description\":\"Moji d\u011bt\u0161t\u00ed hrdinov\u00e9 se jmenovali Loprais, Moskal, Neveu, Vatanen, Rahier... A tihle borci, jejich n\u00e1sledovn\u00edci a jejich p\u0159\u00edb\u011bhy m\u011b nep\u0159estali fascinovat ani po letech, kdy jsem vyrostl a zam\u011bstn\u00e1valy m\u011b jin\u00e9 discipl\u00edny motorsportu. Proto se zrodila DAKARMANIA.\",\"url\":\"https:\/\/www.dakarmania.cz\/index.php\/author\/dakarmania\/\"}]}<\/script>\n<!-- \/ Yoast SEO plugin. -->","yoast_head_json":{"title":"Dakar: St\u00e9phane Peterhansel mus\u00ed zm\u011bnit navig\u00e1tora - DAKARMANIA.cz","description":"St\u00e9phane Peterhansel se ani tentokr\u00e1t nep\u0159edstav\u00ed na Rally Dakar po boku sv\u00e9 man\u017eelky Andrey. Sen francouzsko-n\u011bmeck\u00e9ho p\u00e1ru se rozplynul u\u017e podruh\u00e9.","robots":{"index":"index","follow":"follow","max-snippet":"max-snippet:-1","max-image-preview":"max-image-preview:large","max-video-preview":"max-video-preview:-1"},"canonical":"https:\/\/www.dakarmania.cz\/index.php\/2019\/12\/24\/dakar-peterhansel-zmena-navigatora\/","og_locale":"cs_CZ","og_type":"article","og_title":"Dakar: St\u00e9phane Peterhansel mus\u00ed zm\u011bnit navig\u00e1tora - DAKARMANIA.cz","og_description":"St\u00e9phane Peterhansel se ani tentokr\u00e1t nep\u0159edstav\u00ed na Rally Dakar po boku sv\u00e9 man\u017eelky Andrey. Sen francouzsko-n\u011bmeck\u00e9ho p\u00e1ru se rozplynul u\u017e podruh\u00e9.","og_url":"https:\/\/www.dakarmania.cz\/index.php\/2019\/12\/24\/dakar-peterhansel-zmena-navigatora\/","og_site_name":"DAKARMANIA.cz","article_publisher":"https:\/\/www.facebook.com\/dakarmania\/","article_published_time":"2019-12-24T00:59:38+00:00","og_image":[{"width":1024,"height":683,"url":"https:\/\/www.dakarmania.cz\/wp-content\/uploads\/2019\/12\/19-riyadh-peterhansel-05.jpg","type":"image\/jpeg"}],"author":"Zden\u011bk Zelenka","twitter_card":"summary_large_image","twitter_misc":{"Napsal(a)":"Zden\u011bk Zelenka","Odhadovan\u00e1 doba \u010dten\u00ed":"3 minuty"},"schema":{"@context":"https:\/\/schema.org","@graph":[{"@type":"Article","@id":"https:\/\/www.dakarmania.cz\/index.php\/2019\/12\/24\/dakar-peterhansel-zmena-navigatora\/#article","isPartOf":{"@id":"https:\/\/www.dakarmania.cz\/index.php\/2019\/12\/24\/dakar-peterhansel-zmena-navigatora\/"},"author":{"name":"Zden\u011bk Zelenka","@id":"https:\/\/www.dakarmania.cz\/#\/schema\/person\/04eb0e87a389631c2169c0dddae7ff1e"},"headline":"Dakar: St\u00e9phane Peterhansel mus\u00ed zm\u011bnit navig\u00e1tora","datePublished":"2019-12-24T00:59:38+00:00","mainEntityOfPage":{"@id":"https:\/\/www.dakarmania.cz\/index.php\/2019\/12\/24\/dakar-peterhansel-zmena-navigatora\/"},"wordCount":660,"commentCount":0,"publisher":{"@id":"https:\/\/www.dakarmania.cz\/#organization"},"image":{"@id":"https:\/\/www.dakarmania.cz\/index.php\/2019\/12\/24\/dakar-peterhansel-zmena-navigatora\/#primaryimage"},"thumbnailUrl":"https:\/\/www.dakarmania.cz\/wp-content\/uploads\/2019\/12\/19-riyadh-peterhansel-05.jpg","keywords":["2020","Andrea Mayer","Andrea Peterhansel","Dakar","Dakar 2020","Mini","St\u00e9phane Peterhansel","Sven Quandt","X-raid"],"articleSection":["Auto","Dakar 2020"],"inLanguage":"cs","potentialAction":[{"@type":"CommentAction","name":"Comment","target":["https:\/\/www.dakarmania.cz\/index.php\/2019\/12\/24\/dakar-peterhansel-zmena-navigatora\/#respond"]}]},{"@type":"WebPage","@id":"https:\/\/www.dakarmania.cz\/index.php\/2019\/12\/24\/dakar-peterhansel-zmena-navigatora\/","url":"https:\/\/www.dakarmania.cz\/index.php\/2019\/12\/24\/dakar-peterhansel-zmena-navigatora\/","name":"Dakar: St\u00e9phane Peterhansel mus\u00ed zm\u011bnit navig\u00e1tora - DAKARMANIA.cz","isPartOf":{"@id":"https:\/\/www.dakarmania.cz\/#website"},"primaryImageOfPage":{"@id":"https:\/\/www.dakarmania.cz\/index.php\/2019\/12\/24\/dakar-peterhansel-zmena-navigatora\/#primaryimage"},"image":{"@id":"https:\/\/www.dakarmania.cz\/index.php\/2019\/12\/24\/dakar-peterhansel-zmena-navigatora\/#primaryimage"},"thumbnailUrl":"https:\/\/www.dakarmania.cz\/wp-content\/uploads\/2019\/12\/19-riyadh-peterhansel-05.jpg","datePublished":"2019-12-24T00:59:38+00:00","description":"St\u00e9phane Peterhansel se ani tentokr\u00e1t nep\u0159edstav\u00ed na Rally Dakar po boku sv\u00e9 man\u017eelky Andrey. Sen francouzsko-n\u011bmeck\u00e9ho p\u00e1ru se rozplynul u\u017e podruh\u00e9.","breadcrumb":{"@id":"https:\/\/www.dakarmania.cz\/index.php\/2019\/12\/24\/dakar-peterhansel-zmena-navigatora\/#breadcrumb"},"inLanguage":"cs","potentialAction":[{"@type":"ReadAction","target":["https:\/\/www.dakarmania.cz\/index.php\/2019\/12\/24\/dakar-peterhansel-zmena-navigatora\/"]}]},{"@type":"ImageObject","inLanguage":"cs","@id":"https:\/\/www.dakarmania.cz\/index.php\/2019\/12\/24\/dakar-peterhansel-zmena-navigatora\/#primaryimage","url":"https:\/\/www.dakarmania.cz\/wp-content\/uploads\/2019\/12\/19-riyadh-peterhansel-05.jpg","contentUrl":"https:\/\/www.dakarmania.cz\/wp-content\/uploads\/2019\/12\/19-riyadh-peterhansel-05.jpg","width":1024,"height":683,"caption":"St\u00e9phane Peterhansel\/Paulo Fi\u00faza, Mini JCW Buggy, X-raid. Riyadh Rally 2019. \u00a9 X-raid"},{"@type":"BreadcrumbList","@id":"https:\/\/www.dakarmania.cz\/index.php\/2019\/12\/24\/dakar-peterhansel-zmena-navigatora\/#breadcrumb","itemListElement":[{"@type":"ListItem","position":1,"name":"Dom\u016f","item":"https:\/\/www.dakarmania.cz\/"},{"@type":"ListItem","position":2,"name":"Dakar: St\u00e9phane Peterhansel mus\u00ed zm\u011bnit navig\u00e1tora"}]},{"@type":"WebSite","@id":"https:\/\/www.dakarmania.cz\/#website","url":"https:\/\/www.dakarmania.cz\/","name":"DAKARMANIA.cz","description":"\u017dijeme Dakarem cel\u00fd rok","publisher":{"@id":"https:\/\/www.dakarmania.cz\/#organization"},"potentialAction":[{"@type":"SearchAction","target":{"@type":"EntryPoint","urlTemplate":"https:\/\/www.dakarmania.cz\/?s={search_term_string}"},"query-input":{"@type":"PropertyValueSpecification","valueRequired":true,"valueName":"search_term_string"}}],"inLanguage":"cs"},{"@type":"Organization","@id":"https:\/\/www.dakarmania.cz\/#organization","name":"DAKAR MANIA","url":"https:\/\/www.dakarmania.cz\/","logo":{"@type":"ImageObject","inLanguage":"cs","@id":"https:\/\/www.dakarmania.cz\/#\/schema\/logo\/image\/","url":"https:\/\/www.dakarmania.cz\/wp-content\/uploads\/2018\/12\/Dakar-Mania-Logo-Square-Orange.png","contentUrl":"https:\/\/www.dakarmania.cz\/wp-content\/uploads\/2018\/12\/Dakar-Mania-Logo-Square-Orange.png","width":992,"height":992,"caption":"DAKAR MANIA"},"image":{"@id":"https:\/\/www.dakarmania.cz\/#\/schema\/logo\/image\/"},"sameAs":["https:\/\/www.facebook.com\/dakarmania\/"]},{"@type":"Person","@id":"https:\/\/www.dakarmania.cz\/#\/schema\/person\/04eb0e87a389631c2169c0dddae7ff1e","name":"Zden\u011bk Zelenka","image":{"@type":"ImageObject","inLanguage":"cs","@id":"https:\/\/www.dakarmania.cz\/#\/schema\/person\/image\/","url":"https:\/\/secure.gravatar.com\/avatar\/2c80d5a4942fe0900b73cc7d3837a509d6ee0a276a2b76dac95c92bd0763a89b?s=96&d=mm&r=g","contentUrl":"https:\/\/secure.gravatar.com\/avatar\/2c80d5a4942fe0900b73cc7d3837a509d6ee0a276a2b76dac95c92bd0763a89b?s=96&d=mm&r=g","caption":"Zden\u011bk Zelenka"},"description":"Moji d\u011bt\u0161t\u00ed hrdinov\u00e9 se jmenovali Loprais, Moskal, Neveu, Vatanen, Rahier... A tihle borci, jejich n\u00e1sledovn\u00edci a jejich p\u0159\u00edb\u011bhy m\u011b nep\u0159estali fascinovat ani po letech, kdy jsem vyrostl a zam\u011bstn\u00e1valy m\u011b jin\u00e9 discipl\u00edny motorsportu. Proto se zrodila DAKARMANIA.","url":"https:\/\/www.dakarmania.cz\/index.php\/author\/dakarmania\/"}]}},"amp_enabled":true,"_links":{"self":[{"href":"https:\/\/www.dakarmania.cz\/index.php\/wp-json\/wp\/v2\/posts\/13694","targetHints":{"allow":["GET"]}}],"collection":[{"href":"https:\/\/www.dakarmania.cz\/index.php\/wp-json\/wp\/v2\/posts"}],"about":[{"href":"https:\/\/www.dakarmania.cz\/index.php\/wp-json\/wp\/v2\/types\/post"}],"author":[{"embeddable":true,"href":"https:\/\/www.dakarmania.cz\/index.php\/wp-json\/wp\/v2\/users\/1"}],"replies":[{"embeddable":true,"href":"https:\/\/www.dakarmania.cz\/index.php\/wp-json\/wp\/v2\/comments?post=13694"}],"version-history":[{"count":1,"href":"https:\/\/www.dakarmania.cz\/index.php\/wp-json\/wp\/v2\/posts\/13694\/revisions"}],"predecessor-version":[{"id":13695,"href":"https:\/\/www.dakarmania.cz\/index.php\/wp-json\/wp\/v2\/posts\/13694\/revisions\/13695"}],"wp:featuredmedia":[{"embeddable":true,"href":"https:\/\/www.dakarmania.cz\/index.php\/wp-json\/wp\/v2\/media\/13693"}],"wp:attachment":[{"href":"https:\/\/www.dakarmania.cz\/index.php\/wp-json\/wp\/v2\/media?parent=13694"}],"wp:term":[{"taxonomy":"category","embeddable":true,"href":"https:\/\/www.dakarmania.cz\/index.php\/wp-json\/wp\/v2\/categories?post=13694"},{"taxonomy":"post_tag","embeddable":true,"href":"https:\/\/www.dakarmania.cz\/index.php\/wp-json\/wp\/v2\/tags?post=13694"}],"curies":[{"name":"wp","href":"https:\/\/api.w.org\/{rel}","templated":true}]}}