{"id":1379,"date":"2019-01-02T23:50:07","date_gmt":"2019-01-02T23:50:07","guid":{"rendered":"https:\/\/www.dakarmania.cz\/?p=1379"},"modified":"2019-01-03T00:21:48","modified_gmt":"2019-01-03T00:21:48","slug":"africa-race-2019-tomecek-jde-do-cela","status":"publish","type":"post","link":"https:\/\/www.dakarmania.cz\/index.php\/2019\/01\/02\/africa-race-2019-tomecek-jde-do-cela\/","title":{"rendered":"Africa Race 2019: Tom\u00e1\u0161 Tome\u010dek jde do \u010dela"},"content":{"rendered":"<p>[vc_row][vc_column][vc_column_text]<\/p>\n<h4>Druh\u00e1 etapa Africa Eco Race byla z pohledu \u010desk\u00fdch trucker\u016f sladkokysel\u00e1. Zat\u00edmco Tom\u00e1\u0161 Tome\u010dek s Tatrou z\u00e1\u0159il, Petr \u010capka bojuje po probl\u00e9mech se stejn\u00fdm vozem o setrv\u00e1n\u00ed v z\u00e1vod\u011b.<\/h4>\n<p>Africa Eco Race 2019 pokra\u010doval ve st\u0159edu 2. ledna druhou etapou na \u00fazem\u00ed Maroka. \u00dasek z La Momie do Agdalu m\u011b\u0159il 434 kilometr\u016f, z nich\u017e se jen \u00favodn\u00ed t\u0159i nejely v r\u00e1mci rychlostn\u00ed zkou\u0161ky. A\u010dkoliv pravideln\u00ed \u00fa\u010dastn\u00edci sout\u011b\u017ee tuto oblast dob\u0159e znaj\u00ed, po\u0159adatel\u00e9 dok\u00e1zali naj\u00edt \u00fapln\u011b novou tra\u0165 a na pos\u00e1dky \u010dekala tak\u00e9 prvn\u00ed dunov\u00e1 pole.<\/p>\n<p>P\u0159esto\u017ee Tom\u00e1\u0161 Tome\u010dek jede bez spolujezdce, poradil si s navigac\u00ed i v\u0161emi n\u00e1strahami bravurn\u011b a svedl nap\u00ednav\u00fd souboj o v\u00edt\u011bzstv\u00ed v etap\u011b i pr\u016fb\u011b\u017en\u00e9 veden\u00ed s Elisabete Jacinto. Portugalka m\u011bla nepatrn\u011b navrch v prvn\u00ed polovin\u011b m\u011b\u0159en\u00e9ho \u00faseku, kdy se na jednotliv\u00fdch pr\u016fjezdn\u00edch bodech a v \u010dasov\u00fdch kontrol\u00e1ch dr\u017eela do p\u011bti minut p\u0159ed Tome\u010dkem, v z\u00e1v\u011bru ale zahrabala sv\u016fj MAN do p\u00edsku a do c\u00edle dorazila se ztr\u00e1tou 26 minut jako druh\u00e1.[\/vc_column_text][vc_single_image image=&#8221;1382&#8243; img_size=&#8221;large&#8221; add_caption=&#8221;yes&#8221; alignment=&#8221;center&#8221;][vc_separator][vc_column_text]<em>\u201eUv\u00edzli jsme na vrcholku duny a t\u00edm jsme ztratili p\u0159ibli\u017en\u011b t\u0159icet minut. Ale to je sou\u010d\u00e1st hry,\u201c<\/em> p\u0159iznala <strong>Elisabete Jacinto<\/strong> v bivaku v Agdalu. <em>\u201eJsem velice spokojen\u00e1 s pokrokem ve v\u00fdvoji m\u00e9ho kamionu. Pevn\u011b v\u011b\u0159\u00edm, \u017ee budeme pokra\u010dovat stejn\u00fdm stylem a \u017ee d\u00edky tomu vyma\u017eu z hlavy nep\u0159\u00edjemn\u00e9 vzpom\u00ednky na dva p\u0159edchoz\u00ed ro\u010dn\u00edky Africa Eco Race.\u201c<\/em><\/p>\n<p>V\u00edt\u011bz <a href=\"https:\/\/www.dakarmania.cz\/index.php\/2019\/01\/01\/africa-race-2019-tomecek-zacal-tretim-casem-capka-je-devaty\/\">\u00favodn\u00ed etapy<\/a> Igor Bouwens (Iveco) dnes ztratil t\u00e9m\u011b\u0159 t\u0159i hodiny a v kategorii kamion\u016f klesl na sedm\u00e9 m\u00edsto. Tome\u010dek tak do t\u0159et\u00ed etapy odstartuje jako leader pr\u016fb\u011b\u017en\u00e9ho po\u0159ad\u00ed s n\u00e1skokem 19 minut p\u0159ed Jacinto.<\/p>\n<p>Petr \u010capka se Zde\u0148kem Vodou museli p\u0159ibli\u017en\u011b po 50 kilometrech speci\u00e1lky zastavit kv\u016fli technick\u00e9 z\u00e1vad\u011b. Do bivaku je odt\u00e1hl sb\u011brn\u00fd kamion. Pos\u00e1dka se v\u0161ak nevzd\u00e1v\u00e1, pokud se probl\u00e9m poda\u0159\u00ed vy\u0159e\u0161it, hodl\u00e1 nastoupit do t\u0159et\u00ed etapy, by\u0165 s v\u00fdraznou penalizac\u00ed.<\/p>\n<p>Ve \u010dtvrtek 3. ledna je na programu t\u0159et\u00ed marock\u00e1 etapa z Agdalu do Assy. Ze 415 kilometr\u016f se nebude z\u00e1vodit jen na posledn\u00edch \u010dtrn\u00e1cti. Na pos\u00e1dky \u010dekaj\u00ed rychl\u00e9, by\u0165 kamenit\u00e9 marock\u00e9 cesty i pr\u016fjezd hornatou oblast\u00ed.[\/vc_column_text][vc_column_text]<\/p>\n<table style=\"width: 97.7654%;\" cellpadding=\"10\">\n<thead>\n<tr style=\"background-color: #ff7d0e;\">\n<td style=\"width: 98.8764%;\" colspan=\"4\"><strong>Africa Eco Race 2019 &#8211; KAMIONY po 2. etap\u011b<\/strong><\/td>\n<\/tr>\n<\/thead>\n<tbody>\n<tr>\n<td style=\"width: 6.51685%;\">1.<\/td>\n<td style=\"width: 39.7999%;\">Tome\u010dek<\/td>\n<td style=\"width: 29.0765%;\">Tatra<\/td>\n<td style=\"width: 23.4831%;\">7:12:03<\/td>\n<\/tr>\n<tr>\n<td style=\"width: 6.51685%;\">2.<\/td>\n<td style=\"width: 39.7999%;\">Jacinto\/Marques\/Cochinho<\/td>\n<td style=\"width: 29.0765%;\">MAN<\/td>\n<td style=\"width: 23.4831%;\">+19:09<\/td>\n<\/tr>\n<tr>\n<td style=\"width: 6.51685%;\">3.<\/td>\n<td style=\"width: 39.7999%;\">Essers\/Lauwers\/Cooninx<\/td>\n<td style=\"width: 29.0765%;\">MAN<\/td>\n<td style=\"width: 23.4831%;\">+1:14:07<\/td>\n<\/tr>\n<tr>\n<td style=\"width: 6.51685%;\">4.<\/td>\n<td style=\"width: 39.7999%;\">Van Velsen\/Siemons\/Oosting<\/td>\n<td style=\"width: 29.0765%;\">GINAF<\/td>\n<td style=\"width: 23.4831%;\">+1:47:44<\/td>\n<\/tr>\n<tr>\n<td style=\"width: 6.51685%;\">5.<\/td>\n<td style=\"width: 39.7999%;\">Elfrink\/Schuttel<\/td>\n<td style=\"width: 29.0765%;\">Mercedes-Benz<\/td>\n<td style=\"width: 23.4831%;\">+1:48:14<\/td>\n<\/tr>\n<tr>\n<td style=\"width: 6.51685%;\">6.<\/td>\n<td style=\"width: 39.7999%;\">\u0160kljajev\/Laguta<\/td>\n<td style=\"width: 29.0765%;\">GAZ<\/td>\n<td style=\"width: 23.4831%;\">+2:15:03<\/td>\n<\/tr>\n<tr>\n<td style=\"width: 6.51685%;\">7.<\/td>\n<td style=\"width: 39.7999%;\">Bouwens\/Driesmans\/Boerboom<\/td>\n<td style=\"width: 29.0765%;\">Iveco<\/td>\n<td style=\"width: 23.4831%;\">+2:41:52<\/td>\n<\/tr>\n<\/tbody>\n<\/table>\n<p>[\/vc_column_text][\/vc_column][\/vc_row]<\/p>\n","protected":false},"excerpt":{"rendered":"<p>[vc_row][vc_column][vc_column_text] Druh\u00e1 etapa Africa Eco Race byla z pohledu \u010desk\u00fdch trucker\u016f sladkokysel\u00e1. Zat\u00edmco Tom\u00e1\u0161 Tome\u010dek s Tatrou z\u00e1\u0159il, Petr \u010capka bojuje po probl\u00e9mech se stejn\u00fdm vozem o setrv\u00e1n\u00ed v z\u00e1vod\u011b. Africa Eco Race 2019 pokra\u010doval ve st\u0159edu 2. ledna druhou etapou na \u00fazem\u00ed Maroka. \u00dasek z La Momie do Agdalu m\u011b\u0159il 434 kilometr\u016f, z nich\u017e [&hellip;]<\/p>\n","protected":false},"author":1,"featured_media":1381,"comment_status":"open","ping_status":"closed","sticky":false,"template":"","format":"standard","meta":{"footnotes":""},"categories":[119,16],"tags":[120,121,122,165,166,123,68,142,141,124],"class_list":["post-1379","post","type-post","status-publish","format-standard","has-post-thumbnail","hentry","category-africa-eco-race","category-kamion","tag-aer","tag-aer-2019","tag-capka-rallysport","tag-elisabete-jacinto","tag-man","tag-petr-capka","tag-tatra","tag-tom-racing","tag-tomas-tomecek","tag-zdenek-voda"],"yoast_head":"<!-- This site is optimized with the Yoast SEO plugin v24.9 - https:\/\/yoast.com\/wordpress\/plugins\/seo\/ -->\n<title>Africa Race 2019: Tom\u00e1\u0161 Tome\u010dek jde do \u010dela - DAKARMANIA.cz<\/title>\n<meta name=\"description\" content=\"Druh\u00e1 etapa Africa Eco Race byla z pohledu \u010desk\u00fdch trucker\u016f sladkokysel\u00e1. Zat\u00edmco Tom\u00e1\u0161 Tome\u010dek s Tatrou z\u00e1\u0159il, Petr \u010capka bojuje o setrv\u00e1n\u00ed v z\u00e1vod\u011b.\" \/>\n<meta name=\"robots\" content=\"index, follow, max-snippet:-1, max-image-preview:large, max-video-preview:-1\" \/>\n<link rel=\"canonical\" href=\"https:\/\/www.dakarmania.cz\/index.php\/2019\/01\/02\/africa-race-2019-tomecek-jde-do-cela\/\" \/>\n<meta property=\"og:locale\" content=\"cs_CZ\" \/>\n<meta property=\"og:type\" content=\"article\" \/>\n<meta property=\"og:title\" content=\"Africa Race 2019: Tom\u00e1\u0161 Tome\u010dek jde do \u010dela - DAKARMANIA.cz\" \/>\n<meta property=\"og:description\" content=\"Druh\u00e1 etapa Africa Eco Race byla z pohledu \u010desk\u00fdch trucker\u016f sladkokysel\u00e1. Zat\u00edmco Tom\u00e1\u0161 Tome\u010dek s Tatrou z\u00e1\u0159il, Petr \u010capka bojuje o setrv\u00e1n\u00ed v z\u00e1vod\u011b.\" \/>\n<meta property=\"og:url\" content=\"https:\/\/www.dakarmania.cz\/index.php\/2019\/01\/02\/africa-race-2019-tomecek-jde-do-cela\/\" \/>\n<meta property=\"og:site_name\" content=\"DAKARMANIA.cz\" \/>\n<meta property=\"article:publisher\" content=\"https:\/\/www.facebook.com\/dakarmania\/\" \/>\n<meta property=\"article:published_time\" content=\"2019-01-02T23:50:07+00:00\" \/>\n<meta property=\"article:modified_time\" content=\"2019-01-03T00:21:48+00:00\" \/>\n<meta property=\"og:image\" content=\"https:\/\/www.dakarmania.cz\/wp-content\/uploads\/2019\/01\/19-aer-tomecek03-1024x684.jpg\" \/>\n\t<meta property=\"og:image:width\" content=\"1024\" \/>\n\t<meta property=\"og:image:height\" content=\"684\" \/>\n\t<meta property=\"og:image:type\" content=\"image\/jpeg\" \/>\n<meta name=\"author\" content=\"Zden\u011bk Zelenka\" \/>\n<meta name=\"twitter:card\" content=\"summary_large_image\" \/>\n<meta name=\"twitter:label1\" content=\"Napsal(a)\" \/>\n\t<meta name=\"twitter:data1\" content=\"Zden\u011bk Zelenka\" \/>\n\t<meta name=\"twitter:label2\" content=\"Odhadovan\u00e1 doba \u010dten\u00ed\" \/>\n\t<meta name=\"twitter:data2\" content=\"2 minuty\" \/>\n<script type=\"application\/ld+json\" class=\"yoast-schema-graph\">{\"@context\":\"https:\/\/schema.org\",\"@graph\":[{\"@type\":\"Article\",\"@id\":\"https:\/\/www.dakarmania.cz\/index.php\/2019\/01\/02\/africa-race-2019-tomecek-jde-do-cela\/#article\",\"isPartOf\":{\"@id\":\"https:\/\/www.dakarmania.cz\/index.php\/2019\/01\/02\/africa-race-2019-tomecek-jde-do-cela\/\"},\"author\":{\"name\":\"Zden\u011bk Zelenka\",\"@id\":\"https:\/\/www.dakarmania.cz\/#\/schema\/person\/04eb0e87a389631c2169c0dddae7ff1e\"},\"headline\":\"Africa Race 2019: Tom\u00e1\u0161 Tome\u010dek jde do \u010dela\",\"datePublished\":\"2019-01-02T23:50:07+00:00\",\"dateModified\":\"2019-01-03T00:21:48+00:00\",\"mainEntityOfPage\":{\"@id\":\"https:\/\/www.dakarmania.cz\/index.php\/2019\/01\/02\/africa-race-2019-tomecek-jde-do-cela\/\"},\"wordCount\":499,\"commentCount\":0,\"publisher\":{\"@id\":\"https:\/\/www.dakarmania.cz\/#organization\"},\"image\":{\"@id\":\"https:\/\/www.dakarmania.cz\/index.php\/2019\/01\/02\/africa-race-2019-tomecek-jde-do-cela\/#primaryimage\"},\"thumbnailUrl\":\"https:\/\/www.dakarmania.cz\/wp-content\/uploads\/2019\/01\/19-aer-tomecek03.jpg\",\"keywords\":[\"AER\",\"AER 2019\",\"\u010capka Rallysport\",\"Elisabete Jacinto\",\"MAN\",\"Petr \u010capka\",\"Tatra\",\"Tom Racing\",\"Tom\u00e1\u0161 Tome\u010dek\",\"Zden\u011bk Voda\"],\"articleSection\":[\"Africa Eco Race\",\"Kamiony\"],\"inLanguage\":\"cs\",\"potentialAction\":[{\"@type\":\"CommentAction\",\"name\":\"Comment\",\"target\":[\"https:\/\/www.dakarmania.cz\/index.php\/2019\/01\/02\/africa-race-2019-tomecek-jde-do-cela\/#respond\"]}]},{\"@type\":\"WebPage\",\"@id\":\"https:\/\/www.dakarmania.cz\/index.php\/2019\/01\/02\/africa-race-2019-tomecek-jde-do-cela\/\",\"url\":\"https:\/\/www.dakarmania.cz\/index.php\/2019\/01\/02\/africa-race-2019-tomecek-jde-do-cela\/\",\"name\":\"Africa Race 2019: Tom\u00e1\u0161 Tome\u010dek jde do \u010dela - DAKARMANIA.cz\",\"isPartOf\":{\"@id\":\"https:\/\/www.dakarmania.cz\/#website\"},\"primaryImageOfPage\":{\"@id\":\"https:\/\/www.dakarmania.cz\/index.php\/2019\/01\/02\/africa-race-2019-tomecek-jde-do-cela\/#primaryimage\"},\"image\":{\"@id\":\"https:\/\/www.dakarmania.cz\/index.php\/2019\/01\/02\/africa-race-2019-tomecek-jde-do-cela\/#primaryimage\"},\"thumbnailUrl\":\"https:\/\/www.dakarmania.cz\/wp-content\/uploads\/2019\/01\/19-aer-tomecek03.jpg\",\"datePublished\":\"2019-01-02T23:50:07+00:00\",\"dateModified\":\"2019-01-03T00:21:48+00:00\",\"description\":\"Druh\u00e1 etapa Africa Eco Race byla z pohledu \u010desk\u00fdch trucker\u016f sladkokysel\u00e1. Zat\u00edmco Tom\u00e1\u0161 Tome\u010dek s Tatrou z\u00e1\u0159il, Petr \u010capka bojuje o setrv\u00e1n\u00ed v z\u00e1vod\u011b.\",\"breadcrumb\":{\"@id\":\"https:\/\/www.dakarmania.cz\/index.php\/2019\/01\/02\/africa-race-2019-tomecek-jde-do-cela\/#breadcrumb\"},\"inLanguage\":\"cs\",\"potentialAction\":[{\"@type\":\"ReadAction\",\"target\":[\"https:\/\/www.dakarmania.cz\/index.php\/2019\/01\/02\/africa-race-2019-tomecek-jde-do-cela\/\"]}]},{\"@type\":\"ImageObject\",\"inLanguage\":\"cs\",\"@id\":\"https:\/\/www.dakarmania.cz\/index.php\/2019\/01\/02\/africa-race-2019-tomecek-jde-do-cela\/#primaryimage\",\"url\":\"https:\/\/www.dakarmania.cz\/wp-content\/uploads\/2019\/01\/19-aer-tomecek03.jpg\",\"contentUrl\":\"https:\/\/www.dakarmania.cz\/wp-content\/uploads\/2019\/01\/19-aer-tomecek03.jpg\",\"width\":2048,\"height\":1368,\"caption\":\"Tom\u00e1\u0161 Tome\u010dek, Tatra 815 Dakar 2T0R45, Promet\/Czechoslovak Group Team. Africa Eco Race 2019. \u00a9 Tatra Tom Racing\"},{\"@type\":\"BreadcrumbList\",\"@id\":\"https:\/\/www.dakarmania.cz\/index.php\/2019\/01\/02\/africa-race-2019-tomecek-jde-do-cela\/#breadcrumb\",\"itemListElement\":[{\"@type\":\"ListItem\",\"position\":1,\"name\":\"Dom\u016f\",\"item\":\"https:\/\/www.dakarmania.cz\/\"},{\"@type\":\"ListItem\",\"position\":2,\"name\":\"Africa Race 2019: Tom\u00e1\u0161 Tome\u010dek jde do \u010dela\"}]},{\"@type\":\"WebSite\",\"@id\":\"https:\/\/www.dakarmania.cz\/#website\",\"url\":\"https:\/\/www.dakarmania.cz\/\",\"name\":\"DAKARMANIA.cz\",\"description\":\"\u017dijeme Dakarem cel\u00fd rok\",\"publisher\":{\"@id\":\"https:\/\/www.dakarmania.cz\/#organization\"},\"potentialAction\":[{\"@type\":\"SearchAction\",\"target\":{\"@type\":\"EntryPoint\",\"urlTemplate\":\"https:\/\/www.dakarmania.cz\/?s={search_term_string}\"},\"query-input\":{\"@type\":\"PropertyValueSpecification\",\"valueRequired\":true,\"valueName\":\"search_term_string\"}}],\"inLanguage\":\"cs\"},{\"@type\":\"Organization\",\"@id\":\"https:\/\/www.dakarmania.cz\/#organization\",\"name\":\"DAKAR MANIA\",\"url\":\"https:\/\/www.dakarmania.cz\/\",\"logo\":{\"@type\":\"ImageObject\",\"inLanguage\":\"cs\",\"@id\":\"https:\/\/www.dakarmania.cz\/#\/schema\/logo\/image\/\",\"url\":\"https:\/\/www.dakarmania.cz\/wp-content\/uploads\/2018\/12\/Dakar-Mania-Logo-Square-Orange.png\",\"contentUrl\":\"https:\/\/www.dakarmania.cz\/wp-content\/uploads\/2018\/12\/Dakar-Mania-Logo-Square-Orange.png\",\"width\":992,\"height\":992,\"caption\":\"DAKAR MANIA\"},\"image\":{\"@id\":\"https:\/\/www.dakarmania.cz\/#\/schema\/logo\/image\/\"},\"sameAs\":[\"https:\/\/www.facebook.com\/dakarmania\/\"]},{\"@type\":\"Person\",\"@id\":\"https:\/\/www.dakarmania.cz\/#\/schema\/person\/04eb0e87a389631c2169c0dddae7ff1e\",\"name\":\"Zden\u011bk Zelenka\",\"image\":{\"@type\":\"ImageObject\",\"inLanguage\":\"cs\",\"@id\":\"https:\/\/www.dakarmania.cz\/#\/schema\/person\/image\/\",\"url\":\"https:\/\/secure.gravatar.com\/avatar\/2c80d5a4942fe0900b73cc7d3837a509d6ee0a276a2b76dac95c92bd0763a89b?s=96&d=mm&r=g\",\"contentUrl\":\"https:\/\/secure.gravatar.com\/avatar\/2c80d5a4942fe0900b73cc7d3837a509d6ee0a276a2b76dac95c92bd0763a89b?s=96&d=mm&r=g\",\"caption\":\"Zden\u011bk Zelenka\"},\"description\":\"Moji d\u011bt\u0161t\u00ed hrdinov\u00e9 se jmenovali Loprais, Moskal, Neveu, Vatanen, Rahier... A tihle borci, jejich n\u00e1sledovn\u00edci a jejich p\u0159\u00edb\u011bhy m\u011b nep\u0159estali fascinovat ani po letech, kdy jsem vyrostl a zam\u011bstn\u00e1valy m\u011b jin\u00e9 discipl\u00edny motorsportu. Proto se zrodila DAKARMANIA.\",\"url\":\"https:\/\/www.dakarmania.cz\/index.php\/author\/dakarmania\/\"}]}<\/script>\n<!-- \/ Yoast SEO plugin. -->","yoast_head_json":{"title":"Africa Race 2019: Tom\u00e1\u0161 Tome\u010dek jde do \u010dela - DAKARMANIA.cz","description":"Druh\u00e1 etapa Africa Eco Race byla z pohledu \u010desk\u00fdch trucker\u016f sladkokysel\u00e1. Zat\u00edmco Tom\u00e1\u0161 Tome\u010dek s Tatrou z\u00e1\u0159il, Petr \u010capka bojuje o setrv\u00e1n\u00ed v z\u00e1vod\u011b.","robots":{"index":"index","follow":"follow","max-snippet":"max-snippet:-1","max-image-preview":"max-image-preview:large","max-video-preview":"max-video-preview:-1"},"canonical":"https:\/\/www.dakarmania.cz\/index.php\/2019\/01\/02\/africa-race-2019-tomecek-jde-do-cela\/","og_locale":"cs_CZ","og_type":"article","og_title":"Africa Race 2019: Tom\u00e1\u0161 Tome\u010dek jde do \u010dela - DAKARMANIA.cz","og_description":"Druh\u00e1 etapa Africa Eco Race byla z pohledu \u010desk\u00fdch trucker\u016f sladkokysel\u00e1. Zat\u00edmco Tom\u00e1\u0161 Tome\u010dek s Tatrou z\u00e1\u0159il, Petr \u010capka bojuje o setrv\u00e1n\u00ed v z\u00e1vod\u011b.","og_url":"https:\/\/www.dakarmania.cz\/index.php\/2019\/01\/02\/africa-race-2019-tomecek-jde-do-cela\/","og_site_name":"DAKARMANIA.cz","article_publisher":"https:\/\/www.facebook.com\/dakarmania\/","article_published_time":"2019-01-02T23:50:07+00:00","article_modified_time":"2019-01-03T00:21:48+00:00","og_image":[{"width":1024,"height":684,"url":"https:\/\/www.dakarmania.cz\/wp-content\/uploads\/2019\/01\/19-aer-tomecek03-1024x684.jpg","type":"image\/jpeg"}],"author":"Zden\u011bk Zelenka","twitter_card":"summary_large_image","twitter_misc":{"Napsal(a)":"Zden\u011bk Zelenka","Odhadovan\u00e1 doba \u010dten\u00ed":"2 minuty"},"schema":{"@context":"https:\/\/schema.org","@graph":[{"@type":"Article","@id":"https:\/\/www.dakarmania.cz\/index.php\/2019\/01\/02\/africa-race-2019-tomecek-jde-do-cela\/#article","isPartOf":{"@id":"https:\/\/www.dakarmania.cz\/index.php\/2019\/01\/02\/africa-race-2019-tomecek-jde-do-cela\/"},"author":{"name":"Zden\u011bk Zelenka","@id":"https:\/\/www.dakarmania.cz\/#\/schema\/person\/04eb0e87a389631c2169c0dddae7ff1e"},"headline":"Africa Race 2019: Tom\u00e1\u0161 Tome\u010dek jde do \u010dela","datePublished":"2019-01-02T23:50:07+00:00","dateModified":"2019-01-03T00:21:48+00:00","mainEntityOfPage":{"@id":"https:\/\/www.dakarmania.cz\/index.php\/2019\/01\/02\/africa-race-2019-tomecek-jde-do-cela\/"},"wordCount":499,"commentCount":0,"publisher":{"@id":"https:\/\/www.dakarmania.cz\/#organization"},"image":{"@id":"https:\/\/www.dakarmania.cz\/index.php\/2019\/01\/02\/africa-race-2019-tomecek-jde-do-cela\/#primaryimage"},"thumbnailUrl":"https:\/\/www.dakarmania.cz\/wp-content\/uploads\/2019\/01\/19-aer-tomecek03.jpg","keywords":["AER","AER 2019","\u010capka Rallysport","Elisabete Jacinto","MAN","Petr \u010capka","Tatra","Tom Racing","Tom\u00e1\u0161 Tome\u010dek","Zden\u011bk Voda"],"articleSection":["Africa Eco Race","Kamiony"],"inLanguage":"cs","potentialAction":[{"@type":"CommentAction","name":"Comment","target":["https:\/\/www.dakarmania.cz\/index.php\/2019\/01\/02\/africa-race-2019-tomecek-jde-do-cela\/#respond"]}]},{"@type":"WebPage","@id":"https:\/\/www.dakarmania.cz\/index.php\/2019\/01\/02\/africa-race-2019-tomecek-jde-do-cela\/","url":"https:\/\/www.dakarmania.cz\/index.php\/2019\/01\/02\/africa-race-2019-tomecek-jde-do-cela\/","name":"Africa Race 2019: Tom\u00e1\u0161 Tome\u010dek jde do \u010dela - DAKARMANIA.cz","isPartOf":{"@id":"https:\/\/www.dakarmania.cz\/#website"},"primaryImageOfPage":{"@id":"https:\/\/www.dakarmania.cz\/index.php\/2019\/01\/02\/africa-race-2019-tomecek-jde-do-cela\/#primaryimage"},"image":{"@id":"https:\/\/www.dakarmania.cz\/index.php\/2019\/01\/02\/africa-race-2019-tomecek-jde-do-cela\/#primaryimage"},"thumbnailUrl":"https:\/\/www.dakarmania.cz\/wp-content\/uploads\/2019\/01\/19-aer-tomecek03.jpg","datePublished":"2019-01-02T23:50:07+00:00","dateModified":"2019-01-03T00:21:48+00:00","description":"Druh\u00e1 etapa Africa Eco Race byla z pohledu \u010desk\u00fdch trucker\u016f sladkokysel\u00e1. Zat\u00edmco Tom\u00e1\u0161 Tome\u010dek s Tatrou z\u00e1\u0159il, Petr \u010capka bojuje o setrv\u00e1n\u00ed v z\u00e1vod\u011b.","breadcrumb":{"@id":"https:\/\/www.dakarmania.cz\/index.php\/2019\/01\/02\/africa-race-2019-tomecek-jde-do-cela\/#breadcrumb"},"inLanguage":"cs","potentialAction":[{"@type":"ReadAction","target":["https:\/\/www.dakarmania.cz\/index.php\/2019\/01\/02\/africa-race-2019-tomecek-jde-do-cela\/"]}]},{"@type":"ImageObject","inLanguage":"cs","@id":"https:\/\/www.dakarmania.cz\/index.php\/2019\/01\/02\/africa-race-2019-tomecek-jde-do-cela\/#primaryimage","url":"https:\/\/www.dakarmania.cz\/wp-content\/uploads\/2019\/01\/19-aer-tomecek03.jpg","contentUrl":"https:\/\/www.dakarmania.cz\/wp-content\/uploads\/2019\/01\/19-aer-tomecek03.jpg","width":2048,"height":1368,"caption":"Tom\u00e1\u0161 Tome\u010dek, Tatra 815 Dakar 2T0R45, Promet\/Czechoslovak Group Team. Africa Eco Race 2019. \u00a9 Tatra Tom Racing"},{"@type":"BreadcrumbList","@id":"https:\/\/www.dakarmania.cz\/index.php\/2019\/01\/02\/africa-race-2019-tomecek-jde-do-cela\/#breadcrumb","itemListElement":[{"@type":"ListItem","position":1,"name":"Dom\u016f","item":"https:\/\/www.dakarmania.cz\/"},{"@type":"ListItem","position":2,"name":"Africa Race 2019: Tom\u00e1\u0161 Tome\u010dek jde do \u010dela"}]},{"@type":"WebSite","@id":"https:\/\/www.dakarmania.cz\/#website","url":"https:\/\/www.dakarmania.cz\/","name":"DAKARMANIA.cz","description":"\u017dijeme Dakarem cel\u00fd rok","publisher":{"@id":"https:\/\/www.dakarmania.cz\/#organization"},"potentialAction":[{"@type":"SearchAction","target":{"@type":"EntryPoint","urlTemplate":"https:\/\/www.dakarmania.cz\/?s={search_term_string}"},"query-input":{"@type":"PropertyValueSpecification","valueRequired":true,"valueName":"search_term_string"}}],"inLanguage":"cs"},{"@type":"Organization","@id":"https:\/\/www.dakarmania.cz\/#organization","name":"DAKAR MANIA","url":"https:\/\/www.dakarmania.cz\/","logo":{"@type":"ImageObject","inLanguage":"cs","@id":"https:\/\/www.dakarmania.cz\/#\/schema\/logo\/image\/","url":"https:\/\/www.dakarmania.cz\/wp-content\/uploads\/2018\/12\/Dakar-Mania-Logo-Square-Orange.png","contentUrl":"https:\/\/www.dakarmania.cz\/wp-content\/uploads\/2018\/12\/Dakar-Mania-Logo-Square-Orange.png","width":992,"height":992,"caption":"DAKAR MANIA"},"image":{"@id":"https:\/\/www.dakarmania.cz\/#\/schema\/logo\/image\/"},"sameAs":["https:\/\/www.facebook.com\/dakarmania\/"]},{"@type":"Person","@id":"https:\/\/www.dakarmania.cz\/#\/schema\/person\/04eb0e87a389631c2169c0dddae7ff1e","name":"Zden\u011bk Zelenka","image":{"@type":"ImageObject","inLanguage":"cs","@id":"https:\/\/www.dakarmania.cz\/#\/schema\/person\/image\/","url":"https:\/\/secure.gravatar.com\/avatar\/2c80d5a4942fe0900b73cc7d3837a509d6ee0a276a2b76dac95c92bd0763a89b?s=96&d=mm&r=g","contentUrl":"https:\/\/secure.gravatar.com\/avatar\/2c80d5a4942fe0900b73cc7d3837a509d6ee0a276a2b76dac95c92bd0763a89b?s=96&d=mm&r=g","caption":"Zden\u011bk Zelenka"},"description":"Moji d\u011bt\u0161t\u00ed hrdinov\u00e9 se jmenovali Loprais, Moskal, Neveu, Vatanen, Rahier... A tihle borci, jejich n\u00e1sledovn\u00edci a jejich p\u0159\u00edb\u011bhy m\u011b nep\u0159estali fascinovat ani po letech, kdy jsem vyrostl a zam\u011bstn\u00e1valy m\u011b jin\u00e9 discipl\u00edny motorsportu. Proto se zrodila DAKARMANIA.","url":"https:\/\/www.dakarmania.cz\/index.php\/author\/dakarmania\/"}]}},"amp_enabled":true,"_links":{"self":[{"href":"https:\/\/www.dakarmania.cz\/index.php\/wp-json\/wp\/v2\/posts\/1379","targetHints":{"allow":["GET"]}}],"collection":[{"href":"https:\/\/www.dakarmania.cz\/index.php\/wp-json\/wp\/v2\/posts"}],"about":[{"href":"https:\/\/www.dakarmania.cz\/index.php\/wp-json\/wp\/v2\/types\/post"}],"author":[{"embeddable":true,"href":"https:\/\/www.dakarmania.cz\/index.php\/wp-json\/wp\/v2\/users\/1"}],"replies":[{"embeddable":true,"href":"https:\/\/www.dakarmania.cz\/index.php\/wp-json\/wp\/v2\/comments?post=1379"}],"version-history":[{"count":7,"href":"https:\/\/www.dakarmania.cz\/index.php\/wp-json\/wp\/v2\/posts\/1379\/revisions"}],"predecessor-version":[{"id":1388,"href":"https:\/\/www.dakarmania.cz\/index.php\/wp-json\/wp\/v2\/posts\/1379\/revisions\/1388"}],"wp:featuredmedia":[{"embeddable":true,"href":"https:\/\/www.dakarmania.cz\/index.php\/wp-json\/wp\/v2\/media\/1381"}],"wp:attachment":[{"href":"https:\/\/www.dakarmania.cz\/index.php\/wp-json\/wp\/v2\/media?parent=1379"}],"wp:term":[{"taxonomy":"category","embeddable":true,"href":"https:\/\/www.dakarmania.cz\/index.php\/wp-json\/wp\/v2\/categories?post=1379"},{"taxonomy":"post_tag","embeddable":true,"href":"https:\/\/www.dakarmania.cz\/index.php\/wp-json\/wp\/v2\/tags?post=1379"}],"curies":[{"name":"wp","href":"https:\/\/api.w.org\/{rel}","templated":true}]}}