{"id":13814,"date":"2020-01-02T15:17:48","date_gmt":"2020-01-02T14:17:48","guid":{"rendered":"https:\/\/www.dakarmania.cz\/?p=13814"},"modified":"2023-04-30T13:51:25","modified_gmt":"2023-04-30T11:51:25","slug":"dakar-kolomy-nejede","status":"publish","type":"post","link":"https:\/\/www.dakarmania.cz\/index.php\/2020\/01\/02\/dakar-kolomy-nejede\/","title":{"rendered":"Prokop na Dakaru bez par\u0165\u00e1ka. Kolom\u00fd nejede"},"content":{"rendered":"<p>[vc_row][vc_column][vc_column_text css_animation=&#8221;fadeIn&#8221;]<\/p>\n<h3>Hav\u00e1rie na shakedownu dva dny p\u0159ed ofici\u00e1ln\u00edm startem p\u0159ipravila Martina Kolom\u00e9ho a Ji\u0159\u00edho Strosse o \u00fa\u010dast na Rally Dakar 2020. Jezdec utrp\u011bl leh\u010d\u00ed zran\u011bn\u00ed. Po\u0161kozen\u00fd v\u016fz nebylo mo\u017en\u00e9 p\u0159ipravit na n\u00e1sleduj\u00edc\u00ed technick\u00e9 p\u0159ej\u00edmky.<\/h3>\n<p>[\/vc_column_text][vc_single_image image=&#8221;13813&#8243; img_size=&#8221;large&#8221; add_caption=&#8221;yes&#8221; alignment=&#8221;center&#8221; onclick=&#8221;link_image&#8221; css_animation=&#8221;fadeIn&#8221;][vc_column_text css_animation=&#8221;fadeIn&#8221;]<a href=\"\/index.php\/osobnosti\/martin-kolomy\/\">Martin Kolom\u00fd<\/a> se m\u011bl na <a href=\"\/index.php\/souteze\/dakar-2020\/\">Dakaru 2020<\/a> poprv\u00e9 p\u0159edstavit v kategorii automobil\u016f. B\u00fdval\u00fd trucker se po rozchodu s Buggyrou dohodl na spolupr\u00e1ci s t\u00fdmem MP-Sports, v jeho\u017e barv\u00e1ch m\u011bl spolupracovat s <a href=\"\/index.php\/osobnosti\/martin-prokop\/\">Martinem Prokopem<\/a>. \u010ctvrte\u010dn\u00ed test v\u0161ak z\u00e1sadn\u00edm zp\u016fsobem zam\u00edchal kartami. Po kotrmelci na jednom ze skok\u016f v\u00fdrazn\u011b utrp\u011bla technika a bez n\u00e1sledk\u016f nez\u016fstal ani jezdec. Po nehod\u011b byl Kolom\u00fd v \u0161oku a s bolestmi zad a krku byl vrtuln\u00edkem transportov\u00e1n do nemocnice na vy\u0161et\u0159en\u00ed, kter\u00e1 <a href=\"\/index.php\/2020\/01\/03\/dakar-potrebuje-srdcare-jako-kolomy\/\">odhalila zlomeninu obratl\u016f<\/a>. Navig\u00e1tor <a href=\"\/index.php\/osobnosti\/jiri-stross\/\">Ji\u0159\u00ed Stross<\/a> vyv\u00e1zl z nehody bez v\u00e1\u017en\u011bj\u0161\u00edch zran\u011bn\u00ed.<\/p>\n<p><em>\u201eBylo to nep\u0159\u00edjemn\u00e9 m\u00edsto, kter\u00e9 nakop\u00e1valo, a je bohu\u017eel nakoplo moc. Z\u0159ejm\u011b kv\u016fli p\u0159edchoz\u00edm n\u00e1vyk\u016fm z kamionu reagoval Martin jinak, ne\u017e jak se reaguje v aut\u011b. Hodn\u011b dlouho brzdil, co\u017e se v kamionu d\u011bl\u00e1, ale v aut\u011b, kdy\u017e situace nejde vy\u0159e\u0161it, se d\u00e1v\u00e1 pln\u00fd plyn, a\u0165 se d\u011bje cokoliv. Bohu\u017eel to u\u017e Martin nestihl. Auto \u0161lo p\u0159es kapotu, kluci se zranili a auto je tak\u00e9 hodn\u011b rozbit\u00e9,\u201c<\/em> popisuje <strong>Martin Prokop<\/strong>.<\/p>\n<h4>Nezbytn\u00e1 zm\u011bna strategie<\/h4>\n<p>Na rozd\u00edl od lo\u0148ska tak jihlavsk\u00fd t\u00fdm nastoup\u00ed na start s jedin\u00fdm vozem. V p\u0159\u00edpad\u011b jak\u00fdchkoliv probl\u00e9m\u016f nebude moct Prokop spol\u00e9hat na pomoc t\u00fdmov\u00fdch koleg\u016f. V kritick\u00fdch okam\u017eic\u00edch mohou chyb\u011bt jak n\u00e1hradn\u00ed d\u00edly, je\u017e by bylo mo\u017en\u00e9 pou\u017e\u00edt z druh\u00e9ho auta, tak \u0161ikovn\u00e9 ruce Ji\u0159\u00edho Strosse, jeho\u017e si nejen MP-Sports cen\u00ed jako zru\u010dn\u00e9ho mechanika.<\/p>\n<p><em>\u201ePro n\u00e1s to bude znamenat zm\u011bnu strategie. T\u00fdm bude muset jet ve stejn\u00e9m \u201asafety modu\u2018, jako jsme jezdili d\u0159\u00edv, a nebudeme moct tolik \u00fato\u010dit,\u201c<\/em> uv\u011bdomuje si Prokop, jeho\u017e \u0161est\u00e9 m\u00edsto z roku 2019 je historicky nejlep\u0161\u00edm v\u00fdsledkem \u010desk\u00e9ho jezdce v historii sout\u011b\u017ee. <em>\u201eAle Dakar je o zm\u011bn\u00e1ch, o p\u0159izp\u016fsoben\u00ed se a nejinak tomu bude letos.\u201c<\/em>[\/vc_column_text][vc_single_image image=&#8221;13818&#8243; img_size=&#8221;large&#8221; add_caption=&#8221;yes&#8221; alignment=&#8221;center&#8221; onclick=&#8221;link_image&#8221; css_animation=&#8221;fadeIn&#8221;][vc_column_text css_animation=&#8221;fadeIn&#8221;]<\/p>\n<h4>Kompromis i v nastaven\u00ed<\/h4>\n<p>Po p\u0159esunu dakarsk\u00e9 rally z Ji\u017en\u00ed Ameriky do Sa\u00fadsk\u00e9 Ar\u00e1bie si v\u0161ichni \u00fa\u010dastn\u00edci budou muset zvyknout tak\u00e9 na nov\u00e9 podm\u00ednky. P\u0159esto\u017ee tra\u0165 ofici\u00e1ln\u00edho shakedownu m\u011b\u0159ila pouh\u00fdch patn\u00e1ct kilometr\u016f, i ona nazna\u010dila, \u017ee by m\u011bl leto\u0161n\u00ed Dakar pat\u0159it k nejt\u011b\u017e\u0161\u00edm za mnoho posledn\u00edch let.<\/p>\n<p><em>\u201eNajezdili jsme docela dost kilometr\u016f, zkusili jsme, co jsme pot\u0159ebovali, i kdy\u017e podm\u00ednky m\u011b dost zasko\u010dily,\u201c<\/em> p\u0159ipou\u0161t\u00ed Prokop. <em>\u201eVypad\u00e1 to jako m\u011bs\u00ed\u010dn\u00ed krajina, ale jakmile se p\u0159ejede p\u0159es jeden kopec, rozprost\u0159e se p\u0159ed v\u00e1mi nekone\u010dn\u00e9 p\u00edskovi\u0161t\u011b, kter\u00e9 je extr\u00e9mn\u011b m\u011bkk\u00e9. Takhle m\u011bkk\u00fd p\u00edsek jsem opravdu zat\u00edm mockr\u00e1t neza\u017eil. Dalo n\u00e1m dost zabrat, abychom se p\u0159ehrabali jen p\u0159es p\u00e1r kilometr\u016f. Museli jsme ud\u011blat n\u011bjak\u00e9 \u00fapravy, abychom to zvl\u00e1dali, ale samoz\u0159ejm\u011b v kombinaci s kamenn\u00fdmi cestami to bude probl\u00e9m. Budeme muset vybrat, co pro n\u00e1s bude d\u016fle\u017eit\u011bj\u0161\u00ed.\u201c<\/em><\/p>\n<p>Pou\u017eiteln\u00e9 d\u00edly z havarovan\u00e9ho vozu nalo\u017e\u00ed MP-Sports do sv\u00fdch doprovodn\u00fdch kamion\u016f a vezme je s sebou. Zbytek auta po\u010dk\u00e1 v D\u017eidd\u011b na n\u00e1vrat do Evropy v kontejneru, v n\u011bm\u017e do Sa\u00fadsk\u00e9 Ar\u00e1bie minul\u00fd m\u011bs\u00edc p\u0159icestoval Prokop\u016fv v\u016fz z testov\u00e1n\u00ed ve Spojen\u00fdch arabsk\u00fdch emir\u00e1tech.<\/p>\n<p>Martinu Prokopovi nab\u00eddl pomoc <a href=\"\/index.php\/osobnosti\/tomas-ourednicek\/\">Tom\u00e1\u0161 Ou\u0159edn\u00ed\u010dek<\/a>, kter\u00fd p\u0159ed rokem pilotoval druh\u00fd Raptor t\u00fdmu MP-Sports. P\u0159esto\u017ee se letos Dakaru \u00fa\u010dastn\u00ed s Fordem Ranger v barv\u00e1ch vlastn\u00edho t\u00fdmu Ultimate Dakar, je p\u0159ipraven vz\u00edt s sebou n\u011bkter\u00e9 z n\u00e1hradn\u00edch d\u00edl\u016f a v p\u0159\u00edpad\u011b pot\u0159eby b\u011bhem sout\u011b\u017ee u Prokopa zastavit.<\/p>\n<p>42. ro\u010dn\u00edk Rally Dakar odstartuje v sobotu 4. ledna v D\u017eidd\u011b. Prvn\u00ed etapa je na programu o den pozd\u011bji. Trasa z D\u017eiddy do Al Wejhu m\u011b\u0159\u00ed 752 kilometr\u016f, z nich\u017e se 319 pojede v r\u00e1mci prvn\u00ed rychlostn\u00ed zkou\u0161ky.[\/vc_column_text][\/vc_column][\/vc_row]<\/p>\n","protected":false},"excerpt":{"rendered":"<p>Hav\u00e1rie na shakedownu dva dny p\u0159ed ofici\u00e1ln\u00edm startem p\u0159ipravila Martina Kolom\u00e9ho a Ji\u0159\u00edho Strosse o \u00fa\u010dast na Rally Dakar 2020.<\/p>\n","protected":false},"author":1,"featured_media":13813,"comment_status":"closed","ping_status":"closed","sticky":false,"template":"","format":"standard","meta":{"footnotes":""},"categories":[3,251],"tags":[903,8,159,11,135,133,5,4],"class_list":["post-13814","post","type-post","status-publish","format-standard","has-post-thumbnail","hentry","category-auto","category-dakar-2020","tag-903","tag-dakar","tag-dakar-2020","tag-ford","tag-jiri-stross","tag-martin-kolomy","tag-martin-prokop","tag-mp-sports"],"yoast_head":"<!-- This site is optimized with the Yoast SEO plugin v24.9 - https:\/\/yoast.com\/wordpress\/plugins\/seo\/ -->\n<title>Prokop na Dakaru bez par\u0165\u00e1ka. Kolom\u00fd nejede - DAKARMANIA.cz<\/title>\n<meta name=\"description\" content=\"Hav\u00e1rie na shakedownu dva dny p\u0159ed ofici\u00e1ln\u00edm startem p\u0159ipravila Martina Kolom\u00e9ho a Ji\u0159\u00edho Strosse o \u00fa\u010dast na Rally Dakar 2020.\" \/>\n<meta name=\"robots\" content=\"index, follow, max-snippet:-1, max-image-preview:large, max-video-preview:-1\" \/>\n<link rel=\"canonical\" href=\"https:\/\/www.dakarmania.cz\/index.php\/2020\/01\/02\/dakar-kolomy-nejede\/\" \/>\n<meta property=\"og:locale\" content=\"cs_CZ\" \/>\n<meta property=\"og:type\" content=\"article\" \/>\n<meta property=\"og:title\" content=\"Prokop na Dakaru bez par\u0165\u00e1ka. Kolom\u00fd nejede - DAKARMANIA.cz\" \/>\n<meta property=\"og:description\" content=\"Hav\u00e1rie na shakedownu dva dny p\u0159ed ofici\u00e1ln\u00edm startem p\u0159ipravila Martina Kolom\u00e9ho a Ji\u0159\u00edho Strosse o \u00fa\u010dast na Rally Dakar 2020.\" \/>\n<meta property=\"og:url\" content=\"https:\/\/www.dakarmania.cz\/index.php\/2020\/01\/02\/dakar-kolomy-nejede\/\" \/>\n<meta property=\"og:site_name\" content=\"DAKARMANIA.cz\" \/>\n<meta property=\"article:publisher\" content=\"https:\/\/www.facebook.com\/dakarmania\/\" \/>\n<meta property=\"article:published_time\" content=\"2020-01-02T14:17:48+00:00\" \/>\n<meta property=\"article:modified_time\" content=\"2023-04-30T11:51:25+00:00\" \/>\n<meta property=\"og:image\" content=\"https:\/\/www.dakarmania.cz\/wp-content\/uploads\/2020\/01\/20-dakar-kolomy-03.jpg\" \/>\n\t<meta property=\"og:image:width\" content=\"1969\" \/>\n\t<meta property=\"og:image:height\" content=\"1313\" \/>\n\t<meta property=\"og:image:type\" content=\"image\/jpeg\" \/>\n<meta name=\"author\" content=\"Zden\u011bk Zelenka\" \/>\n<meta name=\"twitter:card\" content=\"summary_large_image\" \/>\n<meta name=\"twitter:label1\" content=\"Napsal(a)\" \/>\n\t<meta name=\"twitter:data1\" content=\"Zden\u011bk Zelenka\" \/>\n\t<meta name=\"twitter:label2\" content=\"Odhadovan\u00e1 doba \u010dten\u00ed\" \/>\n\t<meta name=\"twitter:data2\" content=\"4 minuty\" \/>\n<script type=\"application\/ld+json\" class=\"yoast-schema-graph\">{\"@context\":\"https:\/\/schema.org\",\"@graph\":[{\"@type\":\"Article\",\"@id\":\"https:\/\/www.dakarmania.cz\/index.php\/2020\/01\/02\/dakar-kolomy-nejede\/#article\",\"isPartOf\":{\"@id\":\"https:\/\/www.dakarmania.cz\/index.php\/2020\/01\/02\/dakar-kolomy-nejede\/\"},\"author\":{\"name\":\"Zden\u011bk Zelenka\",\"@id\":\"https:\/\/www.dakarmania.cz\/#\/schema\/person\/04eb0e87a389631c2169c0dddae7ff1e\"},\"headline\":\"Prokop na Dakaru bez par\u0165\u00e1ka. Kolom\u00fd nejede\",\"datePublished\":\"2020-01-02T14:17:48+00:00\",\"dateModified\":\"2023-04-30T11:51:25+00:00\",\"mainEntityOfPage\":{\"@id\":\"https:\/\/www.dakarmania.cz\/index.php\/2020\/01\/02\/dakar-kolomy-nejede\/\"},\"wordCount\":836,\"publisher\":{\"@id\":\"https:\/\/www.dakarmania.cz\/#organization\"},\"image\":{\"@id\":\"https:\/\/www.dakarmania.cz\/index.php\/2020\/01\/02\/dakar-kolomy-nejede\/#primaryimage\"},\"thumbnailUrl\":\"https:\/\/www.dakarmania.cz\/wp-content\/uploads\/2020\/01\/20-dakar-kolomy-03.jpg\",\"keywords\":[\"2020\",\"Dakar\",\"Dakar 2020\",\"Ford\",\"Ji\u0159\u00ed Stross\",\"Martin Kolom\u00fd\",\"Martin Prokop\",\"MP-Sports\"],\"articleSection\":[\"Auto\",\"Dakar 2020\"],\"inLanguage\":\"cs\"},{\"@type\":\"WebPage\",\"@id\":\"https:\/\/www.dakarmania.cz\/index.php\/2020\/01\/02\/dakar-kolomy-nejede\/\",\"url\":\"https:\/\/www.dakarmania.cz\/index.php\/2020\/01\/02\/dakar-kolomy-nejede\/\",\"name\":\"Prokop na Dakaru bez par\u0165\u00e1ka. Kolom\u00fd nejede - DAKARMANIA.cz\",\"isPartOf\":{\"@id\":\"https:\/\/www.dakarmania.cz\/#website\"},\"primaryImageOfPage\":{\"@id\":\"https:\/\/www.dakarmania.cz\/index.php\/2020\/01\/02\/dakar-kolomy-nejede\/#primaryimage\"},\"image\":{\"@id\":\"https:\/\/www.dakarmania.cz\/index.php\/2020\/01\/02\/dakar-kolomy-nejede\/#primaryimage\"},\"thumbnailUrl\":\"https:\/\/www.dakarmania.cz\/wp-content\/uploads\/2020\/01\/20-dakar-kolomy-03.jpg\",\"datePublished\":\"2020-01-02T14:17:48+00:00\",\"dateModified\":\"2023-04-30T11:51:25+00:00\",\"description\":\"Hav\u00e1rie na shakedownu dva dny p\u0159ed ofici\u00e1ln\u00edm startem p\u0159ipravila Martina Kolom\u00e9ho a Ji\u0159\u00edho Strosse o \u00fa\u010dast na Rally Dakar 2020.\",\"breadcrumb\":{\"@id\":\"https:\/\/www.dakarmania.cz\/index.php\/2020\/01\/02\/dakar-kolomy-nejede\/#breadcrumb\"},\"inLanguage\":\"cs\",\"potentialAction\":[{\"@type\":\"ReadAction\",\"target\":[\"https:\/\/www.dakarmania.cz\/index.php\/2020\/01\/02\/dakar-kolomy-nejede\/\"]}]},{\"@type\":\"ImageObject\",\"inLanguage\":\"cs\",\"@id\":\"https:\/\/www.dakarmania.cz\/index.php\/2020\/01\/02\/dakar-kolomy-nejede\/#primaryimage\",\"url\":\"https:\/\/www.dakarmania.cz\/wp-content\/uploads\/2020\/01\/20-dakar-kolomy-03.jpg\",\"contentUrl\":\"https:\/\/www.dakarmania.cz\/wp-content\/uploads\/2020\/01\/20-dakar-kolomy-03.jpg\",\"width\":1969,\"height\":1313,\"caption\":\"Martin Kolom\u00fd\/Ji\u0159\u00ed Stross, Ford Raptor RS Cross-Country, MP-Sports. Shakedown p\u0159ed Rally Dakar 2020. \u00a9 3RCZ.com\"},{\"@type\":\"BreadcrumbList\",\"@id\":\"https:\/\/www.dakarmania.cz\/index.php\/2020\/01\/02\/dakar-kolomy-nejede\/#breadcrumb\",\"itemListElement\":[{\"@type\":\"ListItem\",\"position\":1,\"name\":\"Dom\u016f\",\"item\":\"https:\/\/www.dakarmania.cz\/\"},{\"@type\":\"ListItem\",\"position\":2,\"name\":\"Prokop na Dakaru bez par\u0165\u00e1ka. Kolom\u00fd nejede\"}]},{\"@type\":\"WebSite\",\"@id\":\"https:\/\/www.dakarmania.cz\/#website\",\"url\":\"https:\/\/www.dakarmania.cz\/\",\"name\":\"DAKARMANIA.cz\",\"description\":\"\u017dijeme Dakarem cel\u00fd rok\",\"publisher\":{\"@id\":\"https:\/\/www.dakarmania.cz\/#organization\"},\"potentialAction\":[{\"@type\":\"SearchAction\",\"target\":{\"@type\":\"EntryPoint\",\"urlTemplate\":\"https:\/\/www.dakarmania.cz\/?s={search_term_string}\"},\"query-input\":{\"@type\":\"PropertyValueSpecification\",\"valueRequired\":true,\"valueName\":\"search_term_string\"}}],\"inLanguage\":\"cs\"},{\"@type\":\"Organization\",\"@id\":\"https:\/\/www.dakarmania.cz\/#organization\",\"name\":\"DAKAR MANIA\",\"url\":\"https:\/\/www.dakarmania.cz\/\",\"logo\":{\"@type\":\"ImageObject\",\"inLanguage\":\"cs\",\"@id\":\"https:\/\/www.dakarmania.cz\/#\/schema\/logo\/image\/\",\"url\":\"https:\/\/www.dakarmania.cz\/wp-content\/uploads\/2018\/12\/Dakar-Mania-Logo-Square-Orange.png\",\"contentUrl\":\"https:\/\/www.dakarmania.cz\/wp-content\/uploads\/2018\/12\/Dakar-Mania-Logo-Square-Orange.png\",\"width\":992,\"height\":992,\"caption\":\"DAKAR MANIA\"},\"image\":{\"@id\":\"https:\/\/www.dakarmania.cz\/#\/schema\/logo\/image\/\"},\"sameAs\":[\"https:\/\/www.facebook.com\/dakarmania\/\"]},{\"@type\":\"Person\",\"@id\":\"https:\/\/www.dakarmania.cz\/#\/schema\/person\/04eb0e87a389631c2169c0dddae7ff1e\",\"name\":\"Zden\u011bk Zelenka\",\"image\":{\"@type\":\"ImageObject\",\"inLanguage\":\"cs\",\"@id\":\"https:\/\/www.dakarmania.cz\/#\/schema\/person\/image\/\",\"url\":\"https:\/\/secure.gravatar.com\/avatar\/2c80d5a4942fe0900b73cc7d3837a509d6ee0a276a2b76dac95c92bd0763a89b?s=96&d=mm&r=g\",\"contentUrl\":\"https:\/\/secure.gravatar.com\/avatar\/2c80d5a4942fe0900b73cc7d3837a509d6ee0a276a2b76dac95c92bd0763a89b?s=96&d=mm&r=g\",\"caption\":\"Zden\u011bk Zelenka\"},\"description\":\"Moji d\u011bt\u0161t\u00ed hrdinov\u00e9 se jmenovali Loprais, Moskal, Neveu, Vatanen, Rahier... A tihle borci, jejich n\u00e1sledovn\u00edci a jejich p\u0159\u00edb\u011bhy m\u011b nep\u0159estali fascinovat ani po letech, kdy jsem vyrostl a zam\u011bstn\u00e1valy m\u011b jin\u00e9 discipl\u00edny motorsportu. Proto se zrodila DAKARMANIA.\",\"url\":\"https:\/\/www.dakarmania.cz\/index.php\/author\/dakarmania\/\"}]}<\/script>\n<!-- \/ Yoast SEO plugin. -->","yoast_head_json":{"title":"Prokop na Dakaru bez par\u0165\u00e1ka. Kolom\u00fd nejede - DAKARMANIA.cz","description":"Hav\u00e1rie na shakedownu dva dny p\u0159ed ofici\u00e1ln\u00edm startem p\u0159ipravila Martina Kolom\u00e9ho a Ji\u0159\u00edho Strosse o \u00fa\u010dast na Rally Dakar 2020.","robots":{"index":"index","follow":"follow","max-snippet":"max-snippet:-1","max-image-preview":"max-image-preview:large","max-video-preview":"max-video-preview:-1"},"canonical":"https:\/\/www.dakarmania.cz\/index.php\/2020\/01\/02\/dakar-kolomy-nejede\/","og_locale":"cs_CZ","og_type":"article","og_title":"Prokop na Dakaru bez par\u0165\u00e1ka. Kolom\u00fd nejede - DAKARMANIA.cz","og_description":"Hav\u00e1rie na shakedownu dva dny p\u0159ed ofici\u00e1ln\u00edm startem p\u0159ipravila Martina Kolom\u00e9ho a Ji\u0159\u00edho Strosse o \u00fa\u010dast na Rally Dakar 2020.","og_url":"https:\/\/www.dakarmania.cz\/index.php\/2020\/01\/02\/dakar-kolomy-nejede\/","og_site_name":"DAKARMANIA.cz","article_publisher":"https:\/\/www.facebook.com\/dakarmania\/","article_published_time":"2020-01-02T14:17:48+00:00","article_modified_time":"2023-04-30T11:51:25+00:00","og_image":[{"width":1969,"height":1313,"url":"https:\/\/www.dakarmania.cz\/wp-content\/uploads\/2020\/01\/20-dakar-kolomy-03.jpg","type":"image\/jpeg"}],"author":"Zden\u011bk Zelenka","twitter_card":"summary_large_image","twitter_misc":{"Napsal(a)":"Zden\u011bk Zelenka","Odhadovan\u00e1 doba \u010dten\u00ed":"4 minuty"},"schema":{"@context":"https:\/\/schema.org","@graph":[{"@type":"Article","@id":"https:\/\/www.dakarmania.cz\/index.php\/2020\/01\/02\/dakar-kolomy-nejede\/#article","isPartOf":{"@id":"https:\/\/www.dakarmania.cz\/index.php\/2020\/01\/02\/dakar-kolomy-nejede\/"},"author":{"name":"Zden\u011bk Zelenka","@id":"https:\/\/www.dakarmania.cz\/#\/schema\/person\/04eb0e87a389631c2169c0dddae7ff1e"},"headline":"Prokop na Dakaru bez par\u0165\u00e1ka. Kolom\u00fd nejede","datePublished":"2020-01-02T14:17:48+00:00","dateModified":"2023-04-30T11:51:25+00:00","mainEntityOfPage":{"@id":"https:\/\/www.dakarmania.cz\/index.php\/2020\/01\/02\/dakar-kolomy-nejede\/"},"wordCount":836,"publisher":{"@id":"https:\/\/www.dakarmania.cz\/#organization"},"image":{"@id":"https:\/\/www.dakarmania.cz\/index.php\/2020\/01\/02\/dakar-kolomy-nejede\/#primaryimage"},"thumbnailUrl":"https:\/\/www.dakarmania.cz\/wp-content\/uploads\/2020\/01\/20-dakar-kolomy-03.jpg","keywords":["2020","Dakar","Dakar 2020","Ford","Ji\u0159\u00ed Stross","Martin Kolom\u00fd","Martin Prokop","MP-Sports"],"articleSection":["Auto","Dakar 2020"],"inLanguage":"cs"},{"@type":"WebPage","@id":"https:\/\/www.dakarmania.cz\/index.php\/2020\/01\/02\/dakar-kolomy-nejede\/","url":"https:\/\/www.dakarmania.cz\/index.php\/2020\/01\/02\/dakar-kolomy-nejede\/","name":"Prokop na Dakaru bez par\u0165\u00e1ka. Kolom\u00fd nejede - DAKARMANIA.cz","isPartOf":{"@id":"https:\/\/www.dakarmania.cz\/#website"},"primaryImageOfPage":{"@id":"https:\/\/www.dakarmania.cz\/index.php\/2020\/01\/02\/dakar-kolomy-nejede\/#primaryimage"},"image":{"@id":"https:\/\/www.dakarmania.cz\/index.php\/2020\/01\/02\/dakar-kolomy-nejede\/#primaryimage"},"thumbnailUrl":"https:\/\/www.dakarmania.cz\/wp-content\/uploads\/2020\/01\/20-dakar-kolomy-03.jpg","datePublished":"2020-01-02T14:17:48+00:00","dateModified":"2023-04-30T11:51:25+00:00","description":"Hav\u00e1rie na shakedownu dva dny p\u0159ed ofici\u00e1ln\u00edm startem p\u0159ipravila Martina Kolom\u00e9ho a Ji\u0159\u00edho Strosse o \u00fa\u010dast na Rally Dakar 2020.","breadcrumb":{"@id":"https:\/\/www.dakarmania.cz\/index.php\/2020\/01\/02\/dakar-kolomy-nejede\/#breadcrumb"},"inLanguage":"cs","potentialAction":[{"@type":"ReadAction","target":["https:\/\/www.dakarmania.cz\/index.php\/2020\/01\/02\/dakar-kolomy-nejede\/"]}]},{"@type":"ImageObject","inLanguage":"cs","@id":"https:\/\/www.dakarmania.cz\/index.php\/2020\/01\/02\/dakar-kolomy-nejede\/#primaryimage","url":"https:\/\/www.dakarmania.cz\/wp-content\/uploads\/2020\/01\/20-dakar-kolomy-03.jpg","contentUrl":"https:\/\/www.dakarmania.cz\/wp-content\/uploads\/2020\/01\/20-dakar-kolomy-03.jpg","width":1969,"height":1313,"caption":"Martin Kolom\u00fd\/Ji\u0159\u00ed Stross, Ford Raptor RS Cross-Country, MP-Sports. Shakedown p\u0159ed Rally Dakar 2020. \u00a9 3RCZ.com"},{"@type":"BreadcrumbList","@id":"https:\/\/www.dakarmania.cz\/index.php\/2020\/01\/02\/dakar-kolomy-nejede\/#breadcrumb","itemListElement":[{"@type":"ListItem","position":1,"name":"Dom\u016f","item":"https:\/\/www.dakarmania.cz\/"},{"@type":"ListItem","position":2,"name":"Prokop na Dakaru bez par\u0165\u00e1ka. Kolom\u00fd nejede"}]},{"@type":"WebSite","@id":"https:\/\/www.dakarmania.cz\/#website","url":"https:\/\/www.dakarmania.cz\/","name":"DAKARMANIA.cz","description":"\u017dijeme Dakarem cel\u00fd rok","publisher":{"@id":"https:\/\/www.dakarmania.cz\/#organization"},"potentialAction":[{"@type":"SearchAction","target":{"@type":"EntryPoint","urlTemplate":"https:\/\/www.dakarmania.cz\/?s={search_term_string}"},"query-input":{"@type":"PropertyValueSpecification","valueRequired":true,"valueName":"search_term_string"}}],"inLanguage":"cs"},{"@type":"Organization","@id":"https:\/\/www.dakarmania.cz\/#organization","name":"DAKAR MANIA","url":"https:\/\/www.dakarmania.cz\/","logo":{"@type":"ImageObject","inLanguage":"cs","@id":"https:\/\/www.dakarmania.cz\/#\/schema\/logo\/image\/","url":"https:\/\/www.dakarmania.cz\/wp-content\/uploads\/2018\/12\/Dakar-Mania-Logo-Square-Orange.png","contentUrl":"https:\/\/www.dakarmania.cz\/wp-content\/uploads\/2018\/12\/Dakar-Mania-Logo-Square-Orange.png","width":992,"height":992,"caption":"DAKAR MANIA"},"image":{"@id":"https:\/\/www.dakarmania.cz\/#\/schema\/logo\/image\/"},"sameAs":["https:\/\/www.facebook.com\/dakarmania\/"]},{"@type":"Person","@id":"https:\/\/www.dakarmania.cz\/#\/schema\/person\/04eb0e87a389631c2169c0dddae7ff1e","name":"Zden\u011bk Zelenka","image":{"@type":"ImageObject","inLanguage":"cs","@id":"https:\/\/www.dakarmania.cz\/#\/schema\/person\/image\/","url":"https:\/\/secure.gravatar.com\/avatar\/2c80d5a4942fe0900b73cc7d3837a509d6ee0a276a2b76dac95c92bd0763a89b?s=96&d=mm&r=g","contentUrl":"https:\/\/secure.gravatar.com\/avatar\/2c80d5a4942fe0900b73cc7d3837a509d6ee0a276a2b76dac95c92bd0763a89b?s=96&d=mm&r=g","caption":"Zden\u011bk Zelenka"},"description":"Moji d\u011bt\u0161t\u00ed hrdinov\u00e9 se jmenovali Loprais, Moskal, Neveu, Vatanen, Rahier... A tihle borci, jejich n\u00e1sledovn\u00edci a jejich p\u0159\u00edb\u011bhy m\u011b nep\u0159estali fascinovat ani po letech, kdy jsem vyrostl a zam\u011bstn\u00e1valy m\u011b jin\u00e9 discipl\u00edny motorsportu. Proto se zrodila DAKARMANIA.","url":"https:\/\/www.dakarmania.cz\/index.php\/author\/dakarmania\/"}]}},"amp_enabled":true,"_links":{"self":[{"href":"https:\/\/www.dakarmania.cz\/index.php\/wp-json\/wp\/v2\/posts\/13814","targetHints":{"allow":["GET"]}}],"collection":[{"href":"https:\/\/www.dakarmania.cz\/index.php\/wp-json\/wp\/v2\/posts"}],"about":[{"href":"https:\/\/www.dakarmania.cz\/index.php\/wp-json\/wp\/v2\/types\/post"}],"author":[{"embeddable":true,"href":"https:\/\/www.dakarmania.cz\/index.php\/wp-json\/wp\/v2\/users\/1"}],"replies":[{"embeddable":true,"href":"https:\/\/www.dakarmania.cz\/index.php\/wp-json\/wp\/v2\/comments?post=13814"}],"version-history":[{"count":7,"href":"https:\/\/www.dakarmania.cz\/index.php\/wp-json\/wp\/v2\/posts\/13814\/revisions"}],"predecessor-version":[{"id":13838,"href":"https:\/\/www.dakarmania.cz\/index.php\/wp-json\/wp\/v2\/posts\/13814\/revisions\/13838"}],"wp:featuredmedia":[{"embeddable":true,"href":"https:\/\/www.dakarmania.cz\/index.php\/wp-json\/wp\/v2\/media\/13813"}],"wp:attachment":[{"href":"https:\/\/www.dakarmania.cz\/index.php\/wp-json\/wp\/v2\/media?parent=13814"}],"wp:term":[{"taxonomy":"category","embeddable":true,"href":"https:\/\/www.dakarmania.cz\/index.php\/wp-json\/wp\/v2\/categories?post=13814"},{"taxonomy":"post_tag","embeddable":true,"href":"https:\/\/www.dakarmania.cz\/index.php\/wp-json\/wp\/v2\/tags?post=13814"}],"curies":[{"name":"wp","href":"https:\/\/api.w.org\/{rel}","templated":true}]}}