{"id":13855,"date":"2020-01-03T16:16:02","date_gmt":"2020-01-03T15:16:02","guid":{"rendered":"https:\/\/www.dakarmania.cz\/?p=13855"},"modified":"2020-01-03T16:16:02","modified_gmt":"2020-01-03T15:16:02","slug":"dakar-se-ctyrmi-zidovickymi-renaulty","status":"publish","type":"post","link":"https:\/\/www.dakarmania.cz\/index.php\/2020\/01\/03\/dakar-se-ctyrmi-zidovickymi-renaulty\/","title":{"rendered":"Dakar v ned\u011bli odstartuje se \u010dty\u0159mi \u017eidovick\u00fdmi Renaulty"},"content":{"rendered":"<p>[vc_row][vc_column][vc_column_text css_animation=&#8221;fadeIn&#8221;]<\/p>\n<h3>U\u017e tento v\u00edkend odstartuje legend\u00e1rn\u00ed dakarsk\u00e1 rally. V\u016fbec poprv\u00e9 se pos\u00e1dky p\u0159edstav\u00ed v Sa\u00fadsk\u00e9 Ar\u00e1bii, kam se nejpresti\u017en\u011bj\u0161\u00ed d\u00e1lkov\u00fd z\u00e1vod po jeden\u00e1cti letech p\u0159esouv\u00e1 z Ji\u017en\u00ed Ameriky. Do d\u011bji\u0161t\u011b se v noci na p\u00e1tek p\u0159esunul tak\u00e9 kompletn\u00ed t\u00fdm MKR Technology. Severo\u010desk\u00e1 sestava mechanik\u016f kolem Maria Kresse do z\u00e1vodu p\u0159ipravila kvartet z\u00e1vodn\u00edch kamion\u016f v\u010detn\u011b prvn\u00edho hybridu, kter\u00fd do proslul\u00e9 sout\u011b\u017ee za celou jej\u00ed historii odstartuje.<\/h3>\n<p>[\/vc_column_text][vc_single_image image=&#8221;13854&#8243; img_size=&#8221;large&#8221; add_caption=&#8221;yes&#8221; alignment=&#8221;center&#8221; onclick=&#8221;link_image&#8221; css_animation=&#8221;fadeIn&#8221;][vc_column_text css_animation=&#8221;fadeIn&#8221;]<em>\u201eDo Sa\u00fadsk\u00e9 Ar\u00e1bie jsme vyj\u00ed\u017ed\u011bli na dv\u011b party. Ta prvn\u00ed odl\u00e9tala na Nov\u00fd rok a p\u0159eb\u00edrala z\u00e1vodn\u00ed techniku, druh\u00e1 o den pozd\u011bji, tak\u017ee se kluci v bivaku setkali v p\u00e1tek nad r\u00e1nem,\u201c<\/em> podotkla t\u00fdmov\u00e1 mana\u017eerka <strong>Kl\u00e1ra Kress<\/strong>.<\/p>\n<p>A program p\u0159ed ned\u011bln\u00edm ostr\u00fdm startem bude hodn\u011b nabit\u00fd. V p\u00e1tek r\u00e1no shakedown, pak se technika p\u0159esune do parc ferm\u00e9. V D\u017eidd\u011b, odkud leto\u0161n\u00ed z\u00e1vod odstartuje, je nav\u00edc p\u0159ipravena prezentace nov\u00fdch technologi\u00ed, p\u0159i kter\u00e9 nebude chyb\u011bt ani \u017eidovick\u00fd hybrid.<\/p>\n<p><em>\u201ePo\u0159adatel\u00e9 jsou z na\u0161eho odv\u00e1\u017en\u00e9ho kroku nad\u0161eni. L\u00edb\u00ed se jim sm\u011br, kter\u00fdm jsme se rozhodli vydat, proto\u017ee je v souladu s jejich cestou,\u201c<\/em> zm\u00ednila se Kl\u00e1ra Kress.<\/p>\n<p>N\u00e1sledovat pak budou velmi t\u011b\u017ek\u00e9 dva t\u00fddny. Na programu je dvan\u00e1ct etap. V sou\u010dtu pos\u00e1dky kamion\u016f budou muset zvl\u00e1dnout t\u00e9m\u011b\u0159 osm tis\u00edc kilometr\u016f, z nich\u017e je v\u00edce ne\u017e p\u011bt tis\u00edc m\u011b\u0159en\u00fdch. Pos\u00e1dky ale budou ze 75 % v p\u00edsku a dun\u00e1ch. P\u011bt etap je pak del\u0161\u00edch ne\u017e \u010dty\u0159i sta pades\u00e1t kilometr\u016f. M\u00e1 to b\u00fdt jeden z nejt\u011b\u017e\u0161\u00edch Dakar\u016f v historii.<\/p>\n<p><em>\u201eSamoz\u0159ejm\u011b, \u017ee bychom si p\u0159\u00e1li \u00fasp\u011bch, ale nejd\u016fle\u017eit\u011bj\u0161\u00ed pro n\u00e1s bude dojet do c\u00edle ide\u00e1ln\u011b v kompletn\u00ed sestav\u011b. Z\u00e1sadn\u00ed je, aby se nikomu nic nestalo,\u201c<\/em> pronesl <strong>Mario Kress<\/strong>, konstrukt\u00e9r t\u00fdmu MKR Technology.<\/p>\n<p>Severo\u010desk\u00fd t\u00fdm do boje o leto\u0161n\u00edho bedu\u00edna vys\u00edl\u00e1 kvartet sv\u00fdch kamion\u016f, kter\u00e9 budou pilotovat nizozem\u0161t\u00ed jezdci. Do hybridu nesouc\u00ed ozna\u010den\u00ed Renault C460 usedne pilot Gert Huzink z t\u00fdmu Riwald Dakar. Jeho t\u00fdmov\u00fd kolega Pascal de Baar pojede s trambusov\u00fdm speci\u00e1lem Renault K520. Stejn\u00fd v\u016fz povede jezdec Richard de Groot z Firemen Dakar Teamu. A s typicky \u010derven\u00fdm kamionem s \u201e\u010dum\u00e1kem\u201c zvan\u00fdm Sherpa pojede st\u00e1lice t\u00fdmu Mammoet Rallysport <a href=\"\/index.php\/osobnosti\/martin-van-den-brink\/\">Martin van den Brink<\/a>.<\/p>\n<p><em>\u201eV\u0161ichni maj\u00ed stejn\u00e9 \u0161ance na \u00fasp\u011bch. Nikdo nebude nijak up\u0159ednost\u0148ov\u00e1n,\u201c<\/em> \u0159ekl Mario Kress.[\/vc_column_text][vc_single_image image=&#8221;13853&#8243; img_size=&#8221;large&#8221; add_caption=&#8221;yes&#8221; alignment=&#8221;center&#8221; onclick=&#8221;link_image&#8221; css_animation=&#8221;fadeIn&#8221;][vc_column_text css_animation=&#8221;fadeIn&#8221;]P\u0159esun z Ji\u017en\u00ed Ameriky do Sa\u00fadsk\u00e9 Ar\u00e1bie s sebou p\u0159inese mnoho novinek. Evropsk\u00fd fanou\u0161ek m\u016f\u017ee m\u00edt radost z men\u0161\u00edho \u010dasov\u00e9ho posunu, ne\u017e na kter\u00fd byl zvykl\u00fd z p\u0159edchoz\u00edch let. V d\u011bji\u0161ti je o dv\u011b hodiny v\u00edce.<\/p>\n<p><em>\u201eTo je jist\u011b velk\u00e1 v\u00fdhoda pro div\u00e1ky. Pro n\u00e1s je fajn, \u017ee se zase pod\u00edv\u00e1me na trochu jin\u00e1 m\u00edsta. V \u010cesku nav\u00edc te\u010f za\u010dalo mrznout, ale d\u00edval jsem se, \u017ee v Sa\u00fadsk\u00e9 Ar\u00e1bii je pr\u016fm\u011brn\u00e1 denn\u00ed teplota kolem 45 stup\u0148\u016f, tak\u017ee n\u00e1m by zima b\u00fdt nem\u011bla,\u201c<\/em> sna\u017e\u00ed se s \u00fasm\u011bvem hledat pozitiva roudnick\u00fd mechanik t\u00fdmu MKR Technology <strong>Daniel Kozlovsk\u00fd<\/strong>.<\/p>\n<p><a href=\"\/index.php\/souteze\/dakar-2020\/\">Dakar 2020<\/a> za\u010dne v ned\u011bli po\u0159\u00e1dn\u011b zostra. V minul\u00fdch letech byla \u00favodn\u00ed etapa sp\u00ed\u0161e symbolick\u00e1, letos si pos\u00e1dky budou muset poradit celkem s v\u00edce ne\u017e sedmi sty pades\u00e1ti kilometry z D\u017eiddy do Al Wajhu, z nich\u017e je t\u00e9m\u011b\u0159 t\u0159i sta dvacet m\u011b\u0159en\u00fdch.<\/p>\n<p><em>\u201eJe to celkem neobvykl\u00e9. Prvn\u00ed etapa je daleko od proch\u00e1zky r\u016f\u017eovou zahradou. Etapa m\u00e1 v\u0161echno, co d\u011bl\u00e1 Dakar Dakarem \u2013 rychl\u00e9 a klikat\u00e9 \u00faseky, duny i kameny. Nic se nesm\u00ed podcenit. Ur\u010dit\u011b je ale pro v\u0161echny f\u00e9rov\u011bj\u0161\u00ed, \u017ee pos\u00e1dky dostanou detailn\u00ed roadbook a\u017e t\u011bsn\u011b p\u0159ed startem etapy. T\u00edm se ma\u017ee v\u00fdhoda bohat\u0161\u00edch t\u00fdm\u016f, kter\u00e9 do navigace zapojovaly i dal\u0161\u00ed navig\u00e1tory,\u201c<\/em> poznamenal Kozlovsk\u00fd.<\/p>\n<p>Dakar tedy odstartuje v ned\u011bli od Rud\u00e9ho mo\u0159e z D\u017eiddy, kter\u00e1 je pova\u017eov\u00e1na za nejbohat\u0161\u00ed m\u011bsto Bl\u00edzk\u00e9ho v\u00fdchodu i cel\u00e9 z\u00e1padn\u00ed Asie. Ti nej\u0161\u0165astn\u011bj\u0161\u00ed se po dvou t\u00fddnech do c\u00edle v Al Qiddiyi dostanou v p\u00e1tek 17. ledna.<\/p>\n<p>Tiskov\u00e1 zpr\u00e1va MKR Technology [editov\u00e1no][\/vc_column_text][vc_empty_space height=&#8221;2px&#8221;][\/vc_column][\/vc_row]<\/p>\n","protected":false},"excerpt":{"rendered":"<p>U\u017e tento v\u00edkend odstartuje legend\u00e1rn\u00ed dakarsk\u00e1 rally. Do d\u011bji\u0161t\u011b se v noci na p\u00e1tek p\u0159esunul tak\u00e9 kompletn\u00ed t\u00fdm MKR Technology.<\/p>\n","protected":false},"author":3,"featured_media":13853,"comment_status":"open","ping_status":"closed","sticky":false,"template":"","format":"standard","meta":{"footnotes":""},"categories":[637],"tags":[903,8,159,881,1539,84,662,83,79,78,76,1537,77,1538,87],"class_list":["post-13855","post","type-post","status-publish","format-standard","has-post-thumbnail","hentry","category-tiskove-zpravy","tag-903","tag-dakar","tag-dakar-2020","tag-daniel-kozlovsky","tag-firemen-dakar-team","tag-gert-huzink","tag-klara-kress","tag-mammoet-rallysport","tag-mario-kress","tag-martin-van-den-brink","tag-mkr-technology","tag-pascal-de-baar","tag-renault","tag-richard-de-groot","tag-riwald-dakar-team"],"yoast_head":"<!-- This site is optimized with the Yoast SEO plugin v24.9 - https:\/\/yoast.com\/wordpress\/plugins\/seo\/ -->\n<title>Dakar v ned\u011bli odstartuje se \u010dty\u0159mi \u017eidovick\u00fdmi Renaulty - DAKARMANIA.cz<\/title>\n<meta name=\"description\" content=\"U\u017e tento v\u00edkend odstartuje legend\u00e1rn\u00ed dakarsk\u00e1 rally. Do d\u011bji\u0161t\u011b se v noci na p\u00e1tek p\u0159esunul tak\u00e9 kompletn\u00ed t\u00fdm MKR Technology.\" \/>\n<meta name=\"robots\" content=\"index, follow, max-snippet:-1, max-image-preview:large, max-video-preview:-1\" \/>\n<link rel=\"canonical\" href=\"https:\/\/www.dakarmania.cz\/index.php\/2020\/01\/03\/dakar-se-ctyrmi-zidovickymi-renaulty\/\" \/>\n<meta property=\"og:locale\" content=\"cs_CZ\" \/>\n<meta property=\"og:type\" content=\"article\" \/>\n<meta property=\"og:title\" content=\"Dakar v ned\u011bli odstartuje se \u010dty\u0159mi \u017eidovick\u00fdmi Renaulty - DAKARMANIA.cz\" \/>\n<meta property=\"og:description\" content=\"U\u017e tento v\u00edkend odstartuje legend\u00e1rn\u00ed dakarsk\u00e1 rally. Do d\u011bji\u0161t\u011b se v noci na p\u00e1tek p\u0159esunul tak\u00e9 kompletn\u00ed t\u00fdm MKR Technology.\" \/>\n<meta property=\"og:url\" content=\"https:\/\/www.dakarmania.cz\/index.php\/2020\/01\/03\/dakar-se-ctyrmi-zidovickymi-renaulty\/\" \/>\n<meta property=\"og:site_name\" content=\"DAKARMANIA.cz\" \/>\n<meta property=\"article:publisher\" content=\"https:\/\/www.facebook.com\/dakarmania\/\" \/>\n<meta property=\"article:published_time\" content=\"2020-01-03T15:16:02+00:00\" \/>\n<meta property=\"og:image\" content=\"https:\/\/www.dakarmania.cz\/wp-content\/uploads\/2020\/01\/20-dakar-mammoet-01.jpg\" \/>\n\t<meta property=\"og:image:width\" content=\"1024\" \/>\n\t<meta property=\"og:image:height\" content=\"768\" \/>\n\t<meta property=\"og:image:type\" content=\"image\/jpeg\" \/>\n<meta name=\"author\" content=\"tiskov\u00e1 zpr\u00e1va\" \/>\n<meta name=\"twitter:card\" content=\"summary_large_image\" \/>\n<meta name=\"twitter:label1\" content=\"Napsal(a)\" \/>\n\t<meta name=\"twitter:data1\" content=\"tiskov\u00e1 zpr\u00e1va\" \/>\n\t<meta name=\"twitter:label2\" content=\"Odhadovan\u00e1 doba \u010dten\u00ed\" \/>\n\t<meta name=\"twitter:data2\" content=\"4 minuty\" \/>\n<script type=\"application\/ld+json\" class=\"yoast-schema-graph\">{\"@context\":\"https:\/\/schema.org\",\"@graph\":[{\"@type\":\"Article\",\"@id\":\"https:\/\/www.dakarmania.cz\/index.php\/2020\/01\/03\/dakar-se-ctyrmi-zidovickymi-renaulty\/#article\",\"isPartOf\":{\"@id\":\"https:\/\/www.dakarmania.cz\/index.php\/2020\/01\/03\/dakar-se-ctyrmi-zidovickymi-renaulty\/\"},\"author\":{\"name\":\"tiskov\u00e1 zpr\u00e1va\",\"@id\":\"https:\/\/www.dakarmania.cz\/#\/schema\/person\/bce8d1fe3633b1178e150fc5e340d5dd\"},\"headline\":\"Dakar v ned\u011bli odstartuje se \u010dty\u0159mi \u017eidovick\u00fdmi Renaulty\",\"datePublished\":\"2020-01-03T15:16:02+00:00\",\"mainEntityOfPage\":{\"@id\":\"https:\/\/www.dakarmania.cz\/index.php\/2020\/01\/03\/dakar-se-ctyrmi-zidovickymi-renaulty\/\"},\"wordCount\":875,\"commentCount\":0,\"publisher\":{\"@id\":\"https:\/\/www.dakarmania.cz\/#organization\"},\"image\":{\"@id\":\"https:\/\/www.dakarmania.cz\/index.php\/2020\/01\/03\/dakar-se-ctyrmi-zidovickymi-renaulty\/#primaryimage\"},\"thumbnailUrl\":\"https:\/\/www.dakarmania.cz\/wp-content\/uploads\/2020\/01\/20-dakar-mammoet-01.jpg\",\"keywords\":[\"2020\",\"Dakar\",\"Dakar 2020\",\"Daniel Kozlovsk\u00fd\",\"Firemen Dakar Team\",\"Gert Huzink\",\"Kl\u00e1ra Kress\",\"Mammoet Rallysport\",\"Mario Kress\",\"Martin van den Brink\",\"MKR Technology\",\"Pascal de Baar\",\"Renault\",\"Richard de Groot\",\"Riwald Dakar Team\"],\"articleSection\":[\"Tiskov\u00e9 zpr\u00e1vy\"],\"inLanguage\":\"cs\",\"potentialAction\":[{\"@type\":\"CommentAction\",\"name\":\"Comment\",\"target\":[\"https:\/\/www.dakarmania.cz\/index.php\/2020\/01\/03\/dakar-se-ctyrmi-zidovickymi-renaulty\/#respond\"]}]},{\"@type\":\"WebPage\",\"@id\":\"https:\/\/www.dakarmania.cz\/index.php\/2020\/01\/03\/dakar-se-ctyrmi-zidovickymi-renaulty\/\",\"url\":\"https:\/\/www.dakarmania.cz\/index.php\/2020\/01\/03\/dakar-se-ctyrmi-zidovickymi-renaulty\/\",\"name\":\"Dakar v ned\u011bli odstartuje se \u010dty\u0159mi \u017eidovick\u00fdmi Renaulty - DAKARMANIA.cz\",\"isPartOf\":{\"@id\":\"https:\/\/www.dakarmania.cz\/#website\"},\"primaryImageOfPage\":{\"@id\":\"https:\/\/www.dakarmania.cz\/index.php\/2020\/01\/03\/dakar-se-ctyrmi-zidovickymi-renaulty\/#primaryimage\"},\"image\":{\"@id\":\"https:\/\/www.dakarmania.cz\/index.php\/2020\/01\/03\/dakar-se-ctyrmi-zidovickymi-renaulty\/#primaryimage\"},\"thumbnailUrl\":\"https:\/\/www.dakarmania.cz\/wp-content\/uploads\/2020\/01\/20-dakar-mammoet-01.jpg\",\"datePublished\":\"2020-01-03T15:16:02+00:00\",\"description\":\"U\u017e tento v\u00edkend odstartuje legend\u00e1rn\u00ed dakarsk\u00e1 rally. Do d\u011bji\u0161t\u011b se v noci na p\u00e1tek p\u0159esunul tak\u00e9 kompletn\u00ed t\u00fdm MKR Technology.\",\"breadcrumb\":{\"@id\":\"https:\/\/www.dakarmania.cz\/index.php\/2020\/01\/03\/dakar-se-ctyrmi-zidovickymi-renaulty\/#breadcrumb\"},\"inLanguage\":\"cs\",\"potentialAction\":[{\"@type\":\"ReadAction\",\"target\":[\"https:\/\/www.dakarmania.cz\/index.php\/2020\/01\/03\/dakar-se-ctyrmi-zidovickymi-renaulty\/\"]}]},{\"@type\":\"ImageObject\",\"inLanguage\":\"cs\",\"@id\":\"https:\/\/www.dakarmania.cz\/index.php\/2020\/01\/03\/dakar-se-ctyrmi-zidovickymi-renaulty\/#primaryimage\",\"url\":\"https:\/\/www.dakarmania.cz\/wp-content\/uploads\/2020\/01\/20-dakar-mammoet-01.jpg\",\"contentUrl\":\"https:\/\/www.dakarmania.cz\/wp-content\/uploads\/2020\/01\/20-dakar-mammoet-01.jpg\",\"width\":1024,\"height\":768,\"caption\":\"Mammoet Rallysport. Rally Dakar 2020. \u00a9 MKR Technology\"},{\"@type\":\"BreadcrumbList\",\"@id\":\"https:\/\/www.dakarmania.cz\/index.php\/2020\/01\/03\/dakar-se-ctyrmi-zidovickymi-renaulty\/#breadcrumb\",\"itemListElement\":[{\"@type\":\"ListItem\",\"position\":1,\"name\":\"Dom\u016f\",\"item\":\"https:\/\/www.dakarmania.cz\/\"},{\"@type\":\"ListItem\",\"position\":2,\"name\":\"Dakar v ned\u011bli odstartuje se \u010dty\u0159mi \u017eidovick\u00fdmi Renaulty\"}]},{\"@type\":\"WebSite\",\"@id\":\"https:\/\/www.dakarmania.cz\/#website\",\"url\":\"https:\/\/www.dakarmania.cz\/\",\"name\":\"DAKARMANIA.cz\",\"description\":\"\u017dijeme Dakarem cel\u00fd rok\",\"publisher\":{\"@id\":\"https:\/\/www.dakarmania.cz\/#organization\"},\"potentialAction\":[{\"@type\":\"SearchAction\",\"target\":{\"@type\":\"EntryPoint\",\"urlTemplate\":\"https:\/\/www.dakarmania.cz\/?s={search_term_string}\"},\"query-input\":{\"@type\":\"PropertyValueSpecification\",\"valueRequired\":true,\"valueName\":\"search_term_string\"}}],\"inLanguage\":\"cs\"},{\"@type\":\"Organization\",\"@id\":\"https:\/\/www.dakarmania.cz\/#organization\",\"name\":\"DAKAR MANIA\",\"url\":\"https:\/\/www.dakarmania.cz\/\",\"logo\":{\"@type\":\"ImageObject\",\"inLanguage\":\"cs\",\"@id\":\"https:\/\/www.dakarmania.cz\/#\/schema\/logo\/image\/\",\"url\":\"https:\/\/www.dakarmania.cz\/wp-content\/uploads\/2018\/12\/Dakar-Mania-Logo-Square-Orange.png\",\"contentUrl\":\"https:\/\/www.dakarmania.cz\/wp-content\/uploads\/2018\/12\/Dakar-Mania-Logo-Square-Orange.png\",\"width\":992,\"height\":992,\"caption\":\"DAKAR MANIA\"},\"image\":{\"@id\":\"https:\/\/www.dakarmania.cz\/#\/schema\/logo\/image\/\"},\"sameAs\":[\"https:\/\/www.facebook.com\/dakarmania\/\"]},{\"@type\":\"Person\",\"@id\":\"https:\/\/www.dakarmania.cz\/#\/schema\/person\/bce8d1fe3633b1178e150fc5e340d5dd\",\"name\":\"tiskov\u00e1 zpr\u00e1va\",\"image\":{\"@type\":\"ImageObject\",\"inLanguage\":\"cs\",\"@id\":\"https:\/\/www.dakarmania.cz\/#\/schema\/person\/image\/\",\"url\":\"https:\/\/secure.gravatar.com\/avatar\/19aefcb6c7bfae691fca4d805686c670f59bb4f7414c7b398b88dc9c8f4e96d5?s=96&d=mm&r=g\",\"contentUrl\":\"https:\/\/secure.gravatar.com\/avatar\/19aefcb6c7bfae691fca4d805686c670f59bb4f7414c7b398b88dc9c8f4e96d5?s=96&d=mm&r=g\",\"caption\":\"tiskov\u00e1 zpr\u00e1va\"},\"url\":\"https:\/\/www.dakarmania.cz\/index.php\/author\/tiskovezpravy\/\"}]}<\/script>\n<!-- \/ Yoast SEO plugin. -->","yoast_head_json":{"title":"Dakar v ned\u011bli odstartuje se \u010dty\u0159mi \u017eidovick\u00fdmi Renaulty - DAKARMANIA.cz","description":"U\u017e tento v\u00edkend odstartuje legend\u00e1rn\u00ed dakarsk\u00e1 rally. Do d\u011bji\u0161t\u011b se v noci na p\u00e1tek p\u0159esunul tak\u00e9 kompletn\u00ed t\u00fdm MKR Technology.","robots":{"index":"index","follow":"follow","max-snippet":"max-snippet:-1","max-image-preview":"max-image-preview:large","max-video-preview":"max-video-preview:-1"},"canonical":"https:\/\/www.dakarmania.cz\/index.php\/2020\/01\/03\/dakar-se-ctyrmi-zidovickymi-renaulty\/","og_locale":"cs_CZ","og_type":"article","og_title":"Dakar v ned\u011bli odstartuje se \u010dty\u0159mi \u017eidovick\u00fdmi Renaulty - DAKARMANIA.cz","og_description":"U\u017e tento v\u00edkend odstartuje legend\u00e1rn\u00ed dakarsk\u00e1 rally. Do d\u011bji\u0161t\u011b se v noci na p\u00e1tek p\u0159esunul tak\u00e9 kompletn\u00ed t\u00fdm MKR Technology.","og_url":"https:\/\/www.dakarmania.cz\/index.php\/2020\/01\/03\/dakar-se-ctyrmi-zidovickymi-renaulty\/","og_site_name":"DAKARMANIA.cz","article_publisher":"https:\/\/www.facebook.com\/dakarmania\/","article_published_time":"2020-01-03T15:16:02+00:00","og_image":[{"width":1024,"height":768,"url":"https:\/\/www.dakarmania.cz\/wp-content\/uploads\/2020\/01\/20-dakar-mammoet-01.jpg","type":"image\/jpeg"}],"author":"tiskov\u00e1 zpr\u00e1va","twitter_card":"summary_large_image","twitter_misc":{"Napsal(a)":"tiskov\u00e1 zpr\u00e1va","Odhadovan\u00e1 doba \u010dten\u00ed":"4 minuty"},"schema":{"@context":"https:\/\/schema.org","@graph":[{"@type":"Article","@id":"https:\/\/www.dakarmania.cz\/index.php\/2020\/01\/03\/dakar-se-ctyrmi-zidovickymi-renaulty\/#article","isPartOf":{"@id":"https:\/\/www.dakarmania.cz\/index.php\/2020\/01\/03\/dakar-se-ctyrmi-zidovickymi-renaulty\/"},"author":{"name":"tiskov\u00e1 zpr\u00e1va","@id":"https:\/\/www.dakarmania.cz\/#\/schema\/person\/bce8d1fe3633b1178e150fc5e340d5dd"},"headline":"Dakar v ned\u011bli odstartuje se \u010dty\u0159mi \u017eidovick\u00fdmi Renaulty","datePublished":"2020-01-03T15:16:02+00:00","mainEntityOfPage":{"@id":"https:\/\/www.dakarmania.cz\/index.php\/2020\/01\/03\/dakar-se-ctyrmi-zidovickymi-renaulty\/"},"wordCount":875,"commentCount":0,"publisher":{"@id":"https:\/\/www.dakarmania.cz\/#organization"},"image":{"@id":"https:\/\/www.dakarmania.cz\/index.php\/2020\/01\/03\/dakar-se-ctyrmi-zidovickymi-renaulty\/#primaryimage"},"thumbnailUrl":"https:\/\/www.dakarmania.cz\/wp-content\/uploads\/2020\/01\/20-dakar-mammoet-01.jpg","keywords":["2020","Dakar","Dakar 2020","Daniel Kozlovsk\u00fd","Firemen Dakar Team","Gert Huzink","Kl\u00e1ra Kress","Mammoet Rallysport","Mario Kress","Martin van den Brink","MKR Technology","Pascal de Baar","Renault","Richard de Groot","Riwald Dakar Team"],"articleSection":["Tiskov\u00e9 zpr\u00e1vy"],"inLanguage":"cs","potentialAction":[{"@type":"CommentAction","name":"Comment","target":["https:\/\/www.dakarmania.cz\/index.php\/2020\/01\/03\/dakar-se-ctyrmi-zidovickymi-renaulty\/#respond"]}]},{"@type":"WebPage","@id":"https:\/\/www.dakarmania.cz\/index.php\/2020\/01\/03\/dakar-se-ctyrmi-zidovickymi-renaulty\/","url":"https:\/\/www.dakarmania.cz\/index.php\/2020\/01\/03\/dakar-se-ctyrmi-zidovickymi-renaulty\/","name":"Dakar v ned\u011bli odstartuje se \u010dty\u0159mi \u017eidovick\u00fdmi Renaulty - DAKARMANIA.cz","isPartOf":{"@id":"https:\/\/www.dakarmania.cz\/#website"},"primaryImageOfPage":{"@id":"https:\/\/www.dakarmania.cz\/index.php\/2020\/01\/03\/dakar-se-ctyrmi-zidovickymi-renaulty\/#primaryimage"},"image":{"@id":"https:\/\/www.dakarmania.cz\/index.php\/2020\/01\/03\/dakar-se-ctyrmi-zidovickymi-renaulty\/#primaryimage"},"thumbnailUrl":"https:\/\/www.dakarmania.cz\/wp-content\/uploads\/2020\/01\/20-dakar-mammoet-01.jpg","datePublished":"2020-01-03T15:16:02+00:00","description":"U\u017e tento v\u00edkend odstartuje legend\u00e1rn\u00ed dakarsk\u00e1 rally. Do d\u011bji\u0161t\u011b se v noci na p\u00e1tek p\u0159esunul tak\u00e9 kompletn\u00ed t\u00fdm MKR Technology.","breadcrumb":{"@id":"https:\/\/www.dakarmania.cz\/index.php\/2020\/01\/03\/dakar-se-ctyrmi-zidovickymi-renaulty\/#breadcrumb"},"inLanguage":"cs","potentialAction":[{"@type":"ReadAction","target":["https:\/\/www.dakarmania.cz\/index.php\/2020\/01\/03\/dakar-se-ctyrmi-zidovickymi-renaulty\/"]}]},{"@type":"ImageObject","inLanguage":"cs","@id":"https:\/\/www.dakarmania.cz\/index.php\/2020\/01\/03\/dakar-se-ctyrmi-zidovickymi-renaulty\/#primaryimage","url":"https:\/\/www.dakarmania.cz\/wp-content\/uploads\/2020\/01\/20-dakar-mammoet-01.jpg","contentUrl":"https:\/\/www.dakarmania.cz\/wp-content\/uploads\/2020\/01\/20-dakar-mammoet-01.jpg","width":1024,"height":768,"caption":"Mammoet Rallysport. Rally Dakar 2020. \u00a9 MKR Technology"},{"@type":"BreadcrumbList","@id":"https:\/\/www.dakarmania.cz\/index.php\/2020\/01\/03\/dakar-se-ctyrmi-zidovickymi-renaulty\/#breadcrumb","itemListElement":[{"@type":"ListItem","position":1,"name":"Dom\u016f","item":"https:\/\/www.dakarmania.cz\/"},{"@type":"ListItem","position":2,"name":"Dakar v ned\u011bli odstartuje se \u010dty\u0159mi \u017eidovick\u00fdmi Renaulty"}]},{"@type":"WebSite","@id":"https:\/\/www.dakarmania.cz\/#website","url":"https:\/\/www.dakarmania.cz\/","name":"DAKARMANIA.cz","description":"\u017dijeme Dakarem cel\u00fd rok","publisher":{"@id":"https:\/\/www.dakarmania.cz\/#organization"},"potentialAction":[{"@type":"SearchAction","target":{"@type":"EntryPoint","urlTemplate":"https:\/\/www.dakarmania.cz\/?s={search_term_string}"},"query-input":{"@type":"PropertyValueSpecification","valueRequired":true,"valueName":"search_term_string"}}],"inLanguage":"cs"},{"@type":"Organization","@id":"https:\/\/www.dakarmania.cz\/#organization","name":"DAKAR MANIA","url":"https:\/\/www.dakarmania.cz\/","logo":{"@type":"ImageObject","inLanguage":"cs","@id":"https:\/\/www.dakarmania.cz\/#\/schema\/logo\/image\/","url":"https:\/\/www.dakarmania.cz\/wp-content\/uploads\/2018\/12\/Dakar-Mania-Logo-Square-Orange.png","contentUrl":"https:\/\/www.dakarmania.cz\/wp-content\/uploads\/2018\/12\/Dakar-Mania-Logo-Square-Orange.png","width":992,"height":992,"caption":"DAKAR MANIA"},"image":{"@id":"https:\/\/www.dakarmania.cz\/#\/schema\/logo\/image\/"},"sameAs":["https:\/\/www.facebook.com\/dakarmania\/"]},{"@type":"Person","@id":"https:\/\/www.dakarmania.cz\/#\/schema\/person\/bce8d1fe3633b1178e150fc5e340d5dd","name":"tiskov\u00e1 zpr\u00e1va","image":{"@type":"ImageObject","inLanguage":"cs","@id":"https:\/\/www.dakarmania.cz\/#\/schema\/person\/image\/","url":"https:\/\/secure.gravatar.com\/avatar\/19aefcb6c7bfae691fca4d805686c670f59bb4f7414c7b398b88dc9c8f4e96d5?s=96&d=mm&r=g","contentUrl":"https:\/\/secure.gravatar.com\/avatar\/19aefcb6c7bfae691fca4d805686c670f59bb4f7414c7b398b88dc9c8f4e96d5?s=96&d=mm&r=g","caption":"tiskov\u00e1 zpr\u00e1va"},"url":"https:\/\/www.dakarmania.cz\/index.php\/author\/tiskovezpravy\/"}]}},"amp_enabled":true,"_links":{"self":[{"href":"https:\/\/www.dakarmania.cz\/index.php\/wp-json\/wp\/v2\/posts\/13855","targetHints":{"allow":["GET"]}}],"collection":[{"href":"https:\/\/www.dakarmania.cz\/index.php\/wp-json\/wp\/v2\/posts"}],"about":[{"href":"https:\/\/www.dakarmania.cz\/index.php\/wp-json\/wp\/v2\/types\/post"}],"author":[{"embeddable":true,"href":"https:\/\/www.dakarmania.cz\/index.php\/wp-json\/wp\/v2\/users\/3"}],"replies":[{"embeddable":true,"href":"https:\/\/www.dakarmania.cz\/index.php\/wp-json\/wp\/v2\/comments?post=13855"}],"version-history":[{"count":1,"href":"https:\/\/www.dakarmania.cz\/index.php\/wp-json\/wp\/v2\/posts\/13855\/revisions"}],"predecessor-version":[{"id":13856,"href":"https:\/\/www.dakarmania.cz\/index.php\/wp-json\/wp\/v2\/posts\/13855\/revisions\/13856"}],"wp:featuredmedia":[{"embeddable":true,"href":"https:\/\/www.dakarmania.cz\/index.php\/wp-json\/wp\/v2\/media\/13853"}],"wp:attachment":[{"href":"https:\/\/www.dakarmania.cz\/index.php\/wp-json\/wp\/v2\/media?parent=13855"}],"wp:term":[{"taxonomy":"category","embeddable":true,"href":"https:\/\/www.dakarmania.cz\/index.php\/wp-json\/wp\/v2\/categories?post=13855"},{"taxonomy":"post_tag","embeddable":true,"href":"https:\/\/www.dakarmania.cz\/index.php\/wp-json\/wp\/v2\/tags?post=13855"}],"curies":[{"name":"wp","href":"https:\/\/api.w.org\/{rel}","templated":true}]}}