{"id":13862,"date":"2020-01-03T16:56:38","date_gmt":"2020-01-03T15:56:38","guid":{"rendered":"https:\/\/www.dakarmania.cz\/?p=13862"},"modified":"2023-03-02T11:14:43","modified_gmt":"2023-03-02T10:14:43","slug":"nove-vyzvy-pro-buggyru","status":"publish","type":"post","link":"https:\/\/www.dakarmania.cz\/index.php\/2020\/01\/03\/nove-vyzvy-pro-buggyru\/","title":{"rendered":"Nov\u00e9 v\u00fdzvy pro Buggyru: Sa\u00fadsk\u00e1 Ar\u00e1bie a Mach\u00e1\u010dek v kategorii SSV"},"content":{"rendered":"<p>[vc_row][vc_column][vc_column_text css_animation=&#8221;fadeIn&#8221;]<\/p>\n<h3>V\u0161ichni \u00fa\u010dastn\u00edc\u00ed dvaa\u010dty\u0159ic\u00e1t\u00e9ho ro\u010dn\u00edku slavn\u00e9 Rally Dakar jsou ji\u017e v centru d\u011bn\u00ed a nejinak je tomu s \u010desk\u00fdm t\u00fdmem Buggyra Racing. Martin \u0160oltys a Josef Mach\u00e1\u010dek si na shakedownu vyzkou\u0161eli techniku a vyhl\u00ed\u017eej\u00ed start nejn\u00e1ro\u010dn\u011bj\u0161\u00ed rallye sv\u011bta.<\/h3>\n<p>[\/vc_column_text][vc_single_image image=&#8221;13859&#8243; img_size=&#8221;large&#8221; add_caption=&#8221;yes&#8221; alignment=&#8221;center&#8221; onclick=&#8221;link_image&#8221; css_animation=&#8221;fadeIn&#8221;][vc_column_text css_animation=&#8221;fadeIn&#8221;]Jak u\u017e je zvykem, na Dakar se l\u00e9t\u00e1 ve dvou skupin\u00e1ch. Po\u010detn\u00fd t\u00fdm mechanik\u016f p\u0159evzal v D\u017eidd\u011b techniku a p\u0159ipravil ji na \u010dtvrte\u010dn\u00ed shakedown. Na Nov\u00fd rok se pak do Sa\u00fadsk\u00e9 Ar\u00e1bie vydali tak\u00e9 pos\u00e1dky v\u010detn\u011b pilot\u016f <a href=\"\/index.php\/osobnosti\/martin-soltys\/\">Martina \u0160oltyse<\/a> a <a href=\"\/index.php\/osobnosti\/josef-machacek\/\">Josefa Mach\u00e1\u010dka<\/a>. O tom, \u017ee <a href=\"\/index.php\/souteze\/dakar-2020\/\">leto\u0161n\u00ed Dakar<\/a> bude jin\u00fd, se p\u0159esv\u011bd\u010dil hned v testu jezdec Tatry Phoenix.<\/p>\n<p><em>\u201eAuto fungovalo dob\u0159e nem\u00e1me \u017e\u00e1dn\u00fd probl\u00e9m. Vyzkou\u0161eli jsme si duny. Starosti n\u00e1m budou d\u011blat kameny, kter\u00e9 jsou skryty v dun\u00e1ch, tak\u017ee budeme muset d\u00e1vat ka\u017ed\u00fd den nov\u00e9 pneumatiky, ale jinak je v\u0161e v po\u0159\u00e1dku a jsme spokojen\u00ed,\u201c<\/em> uvedl <strong>Martin \u0160oltys<\/strong>.<\/p>\n<p>Nov\u00e9 podm\u00ednky \u010dekaj\u00ed v\u0161echny jezdce. Oproti <a href=\"\/index.php\/souteze\/dakar-2019\/\">lo\u0148sk\u00e9mu<\/a> jihoamerick\u00e9mu Dakaru je zde jin\u00fd p\u00edsek, ter\u00e9n, profil trat\u00ed a tak\u00e9 ujet\u00e1 vzd\u00e1lenost. V\u017edy\u0165 hned prvn\u00ed ned\u011bln\u00ed etapa bude t\u0159et\u00ed nejdel\u0161\u00ed cel\u00e9 sout\u011b\u017ee. Celkem m\u011b\u0159\u00ed 752 kilometr\u016f, z nich\u017e se 319 pojede jako rychlostn\u00ed zkou\u0161ka.<\/p>\n<p>P\u0159edt\u00edm ale \u010dekaj\u00ed t\u00fdm Buggyra Racing administrativn\u00ed a technick\u00e9 p\u0159ej\u00edmky a samoz\u0159ejm\u011b sobotn\u00ed slavnostn\u00ed start.[\/vc_column_text][vc_single_image image=&#8221;13858&#8243; img_size=&#8221;large&#8221; add_caption=&#8221;yes&#8221; alignment=&#8221;center&#8221; onclick=&#8221;link_image&#8221; css_animation=&#8221;fadeIn&#8221;][vc_column_text css_animation=&#8221;fadeIn&#8221;]Zcela novou v\u00fdzvou je pak pro roudnickou st\u00e1j kategorie SSV, do kter\u00e9 nasad\u00ed speci\u00e1l Can-Am Buggyra MK50 XRS za jeho\u017e volant usedne Josef Mach\u00e1\u010dek.<\/p>\n<p><em>\u201eProto\u017ee jsme ve \u0161pan\u011blsk\u00e9m Teruelu nemohli otestovat p\u00edsek, byl pro n\u00e1s shakedown velmi v\u00edtan\u00fd. Pot\u0159ebovali jsme zjistit, jak se n\u00e1\u0161 Can-Am chov\u00e1 v p\u00edsku, jak\u00fd m\u00e1 v\u00fdkon, jak se chovaj\u00ed pneumatiky a jak to vlastn\u011b cel\u00e9 funguje. Zat\u00edm ale funguje v\u0161e bez probl\u00e9m\u016f. Jedna v\u011bc jsou testovac\u00ed j\u00edzdy a druh\u00e1 pak vlastn\u00ed z\u00e1vod,\u201c<\/em> p\u0159istupuje s pokorou ke sv\u00e9mu dal\u0161\u00edmu startu p\u011btin\u00e1sobn\u00fd v\u00edt\u011bz Dakaru.<\/p>\n<p>\u00davodn\u00ed dny, kter\u00e9 nejsou v\u016fbec odpo\u010dinkov\u00e9, ale pln\u00e9 \u010dasov\u00fdch n\u00e1strah, hodnotil ve \u010dtvrte\u010dn\u00ed podve\u010der kladn\u011b tak\u00e9 mana\u017eer t\u00fdmu <strong>Jan Kalivoda:<\/strong> <em>\u201eZat\u00edm tady v\u0161e b\u011b\u017e\u00ed podle pl\u00e1nu. Dnes jsme otestovali oba z\u00e1vodn\u00ed speci\u00e1ly, kter\u00e9 funguj\u00ed. Douf\u00e1me, \u017ee z\u00edtra v\u0161e dopadne dob\u0159e, p\u0159eci jen p\u0159ej\u00edmky nejsou \u017e\u00e1dn\u00fd med. Pak u\u017e jen odevzd\u00e1me auta do parc-ferm\u00e9 a budeme vyhl\u00ed\u017eet start, na kter\u00fd jsme se cel\u00fd rok p\u0159ipravovali a t\u011b\u0161ili.\u201c<\/em><\/p>\n<p>Tiskov\u00e1 zpr\u00e1va t\u00fdmu Buggyra Racing [editov\u00e1no][\/vc_column_text][vc_empty_space height=&#8221;2px&#8221;][\/vc_column][\/vc_row]<\/p>\n","protected":false},"excerpt":{"rendered":"<p>V\u0161ichni \u00fa\u010dastn\u00edc\u00ed dvaa\u010dty\u0159ic\u00e1t\u00e9ho ro\u010dn\u00edku slavn\u00e9 Rally Dakar jsou ji\u017e v centru d\u011bn\u00ed a nejinak je tomu s \u010desk\u00fdm t\u00fdmem Buggyra Racing.<\/p>\n","protected":false},"author":3,"featured_media":13857,"comment_status":"closed","ping_status":"closed","sticky":false,"template":"","format":"standard","meta":{"footnotes":""},"categories":[637],"tags":[903,132,95,8,159,243,684,136,68],"class_list":["post-13862","post","type-post","status-publish","format-standard","has-post-thumbnail","hentry","category-tiskove-zpravy","tag-903","tag-buggyra-racing","tag-can-am","tag-dakar","tag-dakar-2020","tag-jan-kalivoda","tag-josef-machacek","tag-martin-soltys","tag-tatra"],"yoast_head":"<!-- This site is optimized with the Yoast SEO plugin v24.9 - https:\/\/yoast.com\/wordpress\/plugins\/seo\/ -->\n<title>Nov\u00e9 v\u00fdzvy pro Buggyru: Sa\u00fadsk\u00e1 Ar\u00e1bie a Mach\u00e1\u010dek v kategorii SSV - DAKARMANIA.cz<\/title>\n<meta name=\"description\" content=\"V\u0161ichni \u00fa\u010dastn\u00edc\u00ed dvaa\u010dty\u0159ic\u00e1t\u00e9ho ro\u010dn\u00edku slavn\u00e9 Rally Dakar jsou ji\u017e v centru d\u011bn\u00ed a nejinak je tomu s \u010desk\u00fdm t\u00fdmem Buggyra Racing.\" \/>\n<meta name=\"robots\" content=\"index, follow, max-snippet:-1, max-image-preview:large, max-video-preview:-1\" \/>\n<link rel=\"canonical\" href=\"https:\/\/www.dakarmania.cz\/index.php\/2020\/01\/03\/nove-vyzvy-pro-buggyru\/\" \/>\n<meta property=\"og:locale\" content=\"cs_CZ\" \/>\n<meta property=\"og:type\" content=\"article\" \/>\n<meta property=\"og:title\" content=\"Nov\u00e9 v\u00fdzvy pro Buggyru: Sa\u00fadsk\u00e1 Ar\u00e1bie a Mach\u00e1\u010dek v kategorii SSV - DAKARMANIA.cz\" \/>\n<meta property=\"og:description\" content=\"V\u0161ichni \u00fa\u010dastn\u00edc\u00ed dvaa\u010dty\u0159ic\u00e1t\u00e9ho ro\u010dn\u00edku slavn\u00e9 Rally Dakar jsou ji\u017e v centru d\u011bn\u00ed a nejinak je tomu s \u010desk\u00fdm t\u00fdmem Buggyra Racing.\" \/>\n<meta property=\"og:url\" content=\"https:\/\/www.dakarmania.cz\/index.php\/2020\/01\/03\/nove-vyzvy-pro-buggyru\/\" \/>\n<meta property=\"og:site_name\" content=\"DAKARMANIA.cz\" \/>\n<meta property=\"article:publisher\" content=\"https:\/\/www.facebook.com\/dakarmania\/\" \/>\n<meta property=\"article:published_time\" content=\"2020-01-03T15:56:38+00:00\" \/>\n<meta property=\"article:modified_time\" content=\"2023-03-02T10:14:43+00:00\" \/>\n<meta property=\"og:image\" content=\"https:\/\/www.dakarmania.cz\/wp-content\/uploads\/2020\/01\/20-dakar-machacek-01.jpg\" \/>\n\t<meta property=\"og:image:width\" content=\"1024\" \/>\n\t<meta property=\"og:image:height\" content=\"683\" \/>\n\t<meta property=\"og:image:type\" content=\"image\/jpeg\" \/>\n<meta name=\"author\" content=\"tiskov\u00e1 zpr\u00e1va\" \/>\n<meta name=\"twitter:card\" content=\"summary_large_image\" \/>\n<meta name=\"twitter:label1\" content=\"Napsal(a)\" \/>\n\t<meta name=\"twitter:data1\" content=\"tiskov\u00e1 zpr\u00e1va\" \/>\n\t<meta name=\"twitter:label2\" content=\"Odhadovan\u00e1 doba \u010dten\u00ed\" \/>\n\t<meta name=\"twitter:data2\" content=\"2 minuty\" \/>\n<script type=\"application\/ld+json\" class=\"yoast-schema-graph\">{\"@context\":\"https:\/\/schema.org\",\"@graph\":[{\"@type\":\"Article\",\"@id\":\"https:\/\/www.dakarmania.cz\/index.php\/2020\/01\/03\/nove-vyzvy-pro-buggyru\/#article\",\"isPartOf\":{\"@id\":\"https:\/\/www.dakarmania.cz\/index.php\/2020\/01\/03\/nove-vyzvy-pro-buggyru\/\"},\"author\":{\"name\":\"tiskov\u00e1 zpr\u00e1va\",\"@id\":\"https:\/\/www.dakarmania.cz\/#\/schema\/person\/bce8d1fe3633b1178e150fc5e340d5dd\"},\"headline\":\"Nov\u00e9 v\u00fdzvy pro Buggyru: Sa\u00fadsk\u00e1 Ar\u00e1bie a Mach\u00e1\u010dek v kategorii SSV\",\"datePublished\":\"2020-01-03T15:56:38+00:00\",\"dateModified\":\"2023-03-02T10:14:43+00:00\",\"mainEntityOfPage\":{\"@id\":\"https:\/\/www.dakarmania.cz\/index.php\/2020\/01\/03\/nove-vyzvy-pro-buggyru\/\"},\"wordCount\":558,\"publisher\":{\"@id\":\"https:\/\/www.dakarmania.cz\/#organization\"},\"image\":{\"@id\":\"https:\/\/www.dakarmania.cz\/index.php\/2020\/01\/03\/nove-vyzvy-pro-buggyru\/#primaryimage\"},\"thumbnailUrl\":\"https:\/\/www.dakarmania.cz\/wp-content\/uploads\/2020\/01\/20-dakar-machacek-01.jpg\",\"keywords\":[\"2020\",\"Buggyra Racing\",\"Can-Am\",\"Dakar\",\"Dakar 2020\",\"Jan Kalivoda\",\"Josef Mach\u00e1\u010dek\",\"Martin \u0160oltys\",\"Tatra\"],\"articleSection\":[\"Tiskov\u00e9 zpr\u00e1vy\"],\"inLanguage\":\"cs\"},{\"@type\":\"WebPage\",\"@id\":\"https:\/\/www.dakarmania.cz\/index.php\/2020\/01\/03\/nove-vyzvy-pro-buggyru\/\",\"url\":\"https:\/\/www.dakarmania.cz\/index.php\/2020\/01\/03\/nove-vyzvy-pro-buggyru\/\",\"name\":\"Nov\u00e9 v\u00fdzvy pro Buggyru: Sa\u00fadsk\u00e1 Ar\u00e1bie a Mach\u00e1\u010dek v kategorii SSV - DAKARMANIA.cz\",\"isPartOf\":{\"@id\":\"https:\/\/www.dakarmania.cz\/#website\"},\"primaryImageOfPage\":{\"@id\":\"https:\/\/www.dakarmania.cz\/index.php\/2020\/01\/03\/nove-vyzvy-pro-buggyru\/#primaryimage\"},\"image\":{\"@id\":\"https:\/\/www.dakarmania.cz\/index.php\/2020\/01\/03\/nove-vyzvy-pro-buggyru\/#primaryimage\"},\"thumbnailUrl\":\"https:\/\/www.dakarmania.cz\/wp-content\/uploads\/2020\/01\/20-dakar-machacek-01.jpg\",\"datePublished\":\"2020-01-03T15:56:38+00:00\",\"dateModified\":\"2023-03-02T10:14:43+00:00\",\"description\":\"V\u0161ichni \u00fa\u010dastn\u00edc\u00ed dvaa\u010dty\u0159ic\u00e1t\u00e9ho ro\u010dn\u00edku slavn\u00e9 Rally Dakar jsou ji\u017e v centru d\u011bn\u00ed a nejinak je tomu s \u010desk\u00fdm t\u00fdmem Buggyra Racing.\",\"breadcrumb\":{\"@id\":\"https:\/\/www.dakarmania.cz\/index.php\/2020\/01\/03\/nove-vyzvy-pro-buggyru\/#breadcrumb\"},\"inLanguage\":\"cs\",\"potentialAction\":[{\"@type\":\"ReadAction\",\"target\":[\"https:\/\/www.dakarmania.cz\/index.php\/2020\/01\/03\/nove-vyzvy-pro-buggyru\/\"]}]},{\"@type\":\"ImageObject\",\"inLanguage\":\"cs\",\"@id\":\"https:\/\/www.dakarmania.cz\/index.php\/2020\/01\/03\/nove-vyzvy-pro-buggyru\/#primaryimage\",\"url\":\"https:\/\/www.dakarmania.cz\/wp-content\/uploads\/2020\/01\/20-dakar-machacek-01.jpg\",\"contentUrl\":\"https:\/\/www.dakarmania.cz\/wp-content\/uploads\/2020\/01\/20-dakar-machacek-01.jpg\",\"width\":1024,\"height\":683,\"caption\":\"Josef Mach\u00e1\u010dek\/Vlastimil To\u0161enovsk\u00fd, Can-Am Buggyra MK50 XRS, Buggyra Racing. Shakedown p\u0159ed Rally Dakar 2020. \u00a9 Buggyra Media\"},{\"@type\":\"BreadcrumbList\",\"@id\":\"https:\/\/www.dakarmania.cz\/index.php\/2020\/01\/03\/nove-vyzvy-pro-buggyru\/#breadcrumb\",\"itemListElement\":[{\"@type\":\"ListItem\",\"position\":1,\"name\":\"Dom\u016f\",\"item\":\"https:\/\/www.dakarmania.cz\/\"},{\"@type\":\"ListItem\",\"position\":2,\"name\":\"Nov\u00e9 v\u00fdzvy pro Buggyru: Sa\u00fadsk\u00e1 Ar\u00e1bie a Mach\u00e1\u010dek v kategorii SSV\"}]},{\"@type\":\"WebSite\",\"@id\":\"https:\/\/www.dakarmania.cz\/#website\",\"url\":\"https:\/\/www.dakarmania.cz\/\",\"name\":\"DAKARMANIA.cz\",\"description\":\"\u017dijeme Dakarem cel\u00fd rok\",\"publisher\":{\"@id\":\"https:\/\/www.dakarmania.cz\/#organization\"},\"potentialAction\":[{\"@type\":\"SearchAction\",\"target\":{\"@type\":\"EntryPoint\",\"urlTemplate\":\"https:\/\/www.dakarmania.cz\/?s={search_term_string}\"},\"query-input\":{\"@type\":\"PropertyValueSpecification\",\"valueRequired\":true,\"valueName\":\"search_term_string\"}}],\"inLanguage\":\"cs\"},{\"@type\":\"Organization\",\"@id\":\"https:\/\/www.dakarmania.cz\/#organization\",\"name\":\"DAKAR MANIA\",\"url\":\"https:\/\/www.dakarmania.cz\/\",\"logo\":{\"@type\":\"ImageObject\",\"inLanguage\":\"cs\",\"@id\":\"https:\/\/www.dakarmania.cz\/#\/schema\/logo\/image\/\",\"url\":\"https:\/\/www.dakarmania.cz\/wp-content\/uploads\/2018\/12\/Dakar-Mania-Logo-Square-Orange.png\",\"contentUrl\":\"https:\/\/www.dakarmania.cz\/wp-content\/uploads\/2018\/12\/Dakar-Mania-Logo-Square-Orange.png\",\"width\":992,\"height\":992,\"caption\":\"DAKAR MANIA\"},\"image\":{\"@id\":\"https:\/\/www.dakarmania.cz\/#\/schema\/logo\/image\/\"},\"sameAs\":[\"https:\/\/www.facebook.com\/dakarmania\/\"]},{\"@type\":\"Person\",\"@id\":\"https:\/\/www.dakarmania.cz\/#\/schema\/person\/bce8d1fe3633b1178e150fc5e340d5dd\",\"name\":\"tiskov\u00e1 zpr\u00e1va\",\"image\":{\"@type\":\"ImageObject\",\"inLanguage\":\"cs\",\"@id\":\"https:\/\/www.dakarmania.cz\/#\/schema\/person\/image\/\",\"url\":\"https:\/\/secure.gravatar.com\/avatar\/19aefcb6c7bfae691fca4d805686c670f59bb4f7414c7b398b88dc9c8f4e96d5?s=96&d=mm&r=g\",\"contentUrl\":\"https:\/\/secure.gravatar.com\/avatar\/19aefcb6c7bfae691fca4d805686c670f59bb4f7414c7b398b88dc9c8f4e96d5?s=96&d=mm&r=g\",\"caption\":\"tiskov\u00e1 zpr\u00e1va\"},\"url\":\"https:\/\/www.dakarmania.cz\/index.php\/author\/tiskovezpravy\/\"}]}<\/script>\n<!-- \/ Yoast SEO plugin. -->","yoast_head_json":{"title":"Nov\u00e9 v\u00fdzvy pro Buggyru: Sa\u00fadsk\u00e1 Ar\u00e1bie a Mach\u00e1\u010dek v kategorii SSV - DAKARMANIA.cz","description":"V\u0161ichni \u00fa\u010dastn\u00edc\u00ed dvaa\u010dty\u0159ic\u00e1t\u00e9ho ro\u010dn\u00edku slavn\u00e9 Rally Dakar jsou ji\u017e v centru d\u011bn\u00ed a nejinak je tomu s \u010desk\u00fdm t\u00fdmem Buggyra Racing.","robots":{"index":"index","follow":"follow","max-snippet":"max-snippet:-1","max-image-preview":"max-image-preview:large","max-video-preview":"max-video-preview:-1"},"canonical":"https:\/\/www.dakarmania.cz\/index.php\/2020\/01\/03\/nove-vyzvy-pro-buggyru\/","og_locale":"cs_CZ","og_type":"article","og_title":"Nov\u00e9 v\u00fdzvy pro Buggyru: Sa\u00fadsk\u00e1 Ar\u00e1bie a Mach\u00e1\u010dek v kategorii SSV - DAKARMANIA.cz","og_description":"V\u0161ichni \u00fa\u010dastn\u00edc\u00ed dvaa\u010dty\u0159ic\u00e1t\u00e9ho ro\u010dn\u00edku slavn\u00e9 Rally Dakar jsou ji\u017e v centru d\u011bn\u00ed a nejinak je tomu s \u010desk\u00fdm t\u00fdmem Buggyra Racing.","og_url":"https:\/\/www.dakarmania.cz\/index.php\/2020\/01\/03\/nove-vyzvy-pro-buggyru\/","og_site_name":"DAKARMANIA.cz","article_publisher":"https:\/\/www.facebook.com\/dakarmania\/","article_published_time":"2020-01-03T15:56:38+00:00","article_modified_time":"2023-03-02T10:14:43+00:00","og_image":[{"width":1024,"height":683,"url":"https:\/\/www.dakarmania.cz\/wp-content\/uploads\/2020\/01\/20-dakar-machacek-01.jpg","type":"image\/jpeg"}],"author":"tiskov\u00e1 zpr\u00e1va","twitter_card":"summary_large_image","twitter_misc":{"Napsal(a)":"tiskov\u00e1 zpr\u00e1va","Odhadovan\u00e1 doba \u010dten\u00ed":"2 minuty"},"schema":{"@context":"https:\/\/schema.org","@graph":[{"@type":"Article","@id":"https:\/\/www.dakarmania.cz\/index.php\/2020\/01\/03\/nove-vyzvy-pro-buggyru\/#article","isPartOf":{"@id":"https:\/\/www.dakarmania.cz\/index.php\/2020\/01\/03\/nove-vyzvy-pro-buggyru\/"},"author":{"name":"tiskov\u00e1 zpr\u00e1va","@id":"https:\/\/www.dakarmania.cz\/#\/schema\/person\/bce8d1fe3633b1178e150fc5e340d5dd"},"headline":"Nov\u00e9 v\u00fdzvy pro Buggyru: Sa\u00fadsk\u00e1 Ar\u00e1bie a Mach\u00e1\u010dek v kategorii SSV","datePublished":"2020-01-03T15:56:38+00:00","dateModified":"2023-03-02T10:14:43+00:00","mainEntityOfPage":{"@id":"https:\/\/www.dakarmania.cz\/index.php\/2020\/01\/03\/nove-vyzvy-pro-buggyru\/"},"wordCount":558,"publisher":{"@id":"https:\/\/www.dakarmania.cz\/#organization"},"image":{"@id":"https:\/\/www.dakarmania.cz\/index.php\/2020\/01\/03\/nove-vyzvy-pro-buggyru\/#primaryimage"},"thumbnailUrl":"https:\/\/www.dakarmania.cz\/wp-content\/uploads\/2020\/01\/20-dakar-machacek-01.jpg","keywords":["2020","Buggyra Racing","Can-Am","Dakar","Dakar 2020","Jan Kalivoda","Josef Mach\u00e1\u010dek","Martin \u0160oltys","Tatra"],"articleSection":["Tiskov\u00e9 zpr\u00e1vy"],"inLanguage":"cs"},{"@type":"WebPage","@id":"https:\/\/www.dakarmania.cz\/index.php\/2020\/01\/03\/nove-vyzvy-pro-buggyru\/","url":"https:\/\/www.dakarmania.cz\/index.php\/2020\/01\/03\/nove-vyzvy-pro-buggyru\/","name":"Nov\u00e9 v\u00fdzvy pro Buggyru: Sa\u00fadsk\u00e1 Ar\u00e1bie a Mach\u00e1\u010dek v kategorii SSV - DAKARMANIA.cz","isPartOf":{"@id":"https:\/\/www.dakarmania.cz\/#website"},"primaryImageOfPage":{"@id":"https:\/\/www.dakarmania.cz\/index.php\/2020\/01\/03\/nove-vyzvy-pro-buggyru\/#primaryimage"},"image":{"@id":"https:\/\/www.dakarmania.cz\/index.php\/2020\/01\/03\/nove-vyzvy-pro-buggyru\/#primaryimage"},"thumbnailUrl":"https:\/\/www.dakarmania.cz\/wp-content\/uploads\/2020\/01\/20-dakar-machacek-01.jpg","datePublished":"2020-01-03T15:56:38+00:00","dateModified":"2023-03-02T10:14:43+00:00","description":"V\u0161ichni \u00fa\u010dastn\u00edc\u00ed dvaa\u010dty\u0159ic\u00e1t\u00e9ho ro\u010dn\u00edku slavn\u00e9 Rally Dakar jsou ji\u017e v centru d\u011bn\u00ed a nejinak je tomu s \u010desk\u00fdm t\u00fdmem Buggyra Racing.","breadcrumb":{"@id":"https:\/\/www.dakarmania.cz\/index.php\/2020\/01\/03\/nove-vyzvy-pro-buggyru\/#breadcrumb"},"inLanguage":"cs","potentialAction":[{"@type":"ReadAction","target":["https:\/\/www.dakarmania.cz\/index.php\/2020\/01\/03\/nove-vyzvy-pro-buggyru\/"]}]},{"@type":"ImageObject","inLanguage":"cs","@id":"https:\/\/www.dakarmania.cz\/index.php\/2020\/01\/03\/nove-vyzvy-pro-buggyru\/#primaryimage","url":"https:\/\/www.dakarmania.cz\/wp-content\/uploads\/2020\/01\/20-dakar-machacek-01.jpg","contentUrl":"https:\/\/www.dakarmania.cz\/wp-content\/uploads\/2020\/01\/20-dakar-machacek-01.jpg","width":1024,"height":683,"caption":"Josef Mach\u00e1\u010dek\/Vlastimil To\u0161enovsk\u00fd, Can-Am Buggyra MK50 XRS, Buggyra Racing. Shakedown p\u0159ed Rally Dakar 2020. \u00a9 Buggyra Media"},{"@type":"BreadcrumbList","@id":"https:\/\/www.dakarmania.cz\/index.php\/2020\/01\/03\/nove-vyzvy-pro-buggyru\/#breadcrumb","itemListElement":[{"@type":"ListItem","position":1,"name":"Dom\u016f","item":"https:\/\/www.dakarmania.cz\/"},{"@type":"ListItem","position":2,"name":"Nov\u00e9 v\u00fdzvy pro Buggyru: Sa\u00fadsk\u00e1 Ar\u00e1bie a Mach\u00e1\u010dek v kategorii SSV"}]},{"@type":"WebSite","@id":"https:\/\/www.dakarmania.cz\/#website","url":"https:\/\/www.dakarmania.cz\/","name":"DAKARMANIA.cz","description":"\u017dijeme Dakarem cel\u00fd rok","publisher":{"@id":"https:\/\/www.dakarmania.cz\/#organization"},"potentialAction":[{"@type":"SearchAction","target":{"@type":"EntryPoint","urlTemplate":"https:\/\/www.dakarmania.cz\/?s={search_term_string}"},"query-input":{"@type":"PropertyValueSpecification","valueRequired":true,"valueName":"search_term_string"}}],"inLanguage":"cs"},{"@type":"Organization","@id":"https:\/\/www.dakarmania.cz\/#organization","name":"DAKAR MANIA","url":"https:\/\/www.dakarmania.cz\/","logo":{"@type":"ImageObject","inLanguage":"cs","@id":"https:\/\/www.dakarmania.cz\/#\/schema\/logo\/image\/","url":"https:\/\/www.dakarmania.cz\/wp-content\/uploads\/2018\/12\/Dakar-Mania-Logo-Square-Orange.png","contentUrl":"https:\/\/www.dakarmania.cz\/wp-content\/uploads\/2018\/12\/Dakar-Mania-Logo-Square-Orange.png","width":992,"height":992,"caption":"DAKAR MANIA"},"image":{"@id":"https:\/\/www.dakarmania.cz\/#\/schema\/logo\/image\/"},"sameAs":["https:\/\/www.facebook.com\/dakarmania\/"]},{"@type":"Person","@id":"https:\/\/www.dakarmania.cz\/#\/schema\/person\/bce8d1fe3633b1178e150fc5e340d5dd","name":"tiskov\u00e1 zpr\u00e1va","image":{"@type":"ImageObject","inLanguage":"cs","@id":"https:\/\/www.dakarmania.cz\/#\/schema\/person\/image\/","url":"https:\/\/secure.gravatar.com\/avatar\/19aefcb6c7bfae691fca4d805686c670f59bb4f7414c7b398b88dc9c8f4e96d5?s=96&d=mm&r=g","contentUrl":"https:\/\/secure.gravatar.com\/avatar\/19aefcb6c7bfae691fca4d805686c670f59bb4f7414c7b398b88dc9c8f4e96d5?s=96&d=mm&r=g","caption":"tiskov\u00e1 zpr\u00e1va"},"url":"https:\/\/www.dakarmania.cz\/index.php\/author\/tiskovezpravy\/"}]}},"amp_enabled":true,"_links":{"self":[{"href":"https:\/\/www.dakarmania.cz\/index.php\/wp-json\/wp\/v2\/posts\/13862","targetHints":{"allow":["GET"]}}],"collection":[{"href":"https:\/\/www.dakarmania.cz\/index.php\/wp-json\/wp\/v2\/posts"}],"about":[{"href":"https:\/\/www.dakarmania.cz\/index.php\/wp-json\/wp\/v2\/types\/post"}],"author":[{"embeddable":true,"href":"https:\/\/www.dakarmania.cz\/index.php\/wp-json\/wp\/v2\/users\/3"}],"replies":[{"embeddable":true,"href":"https:\/\/www.dakarmania.cz\/index.php\/wp-json\/wp\/v2\/comments?post=13862"}],"version-history":[{"count":1,"href":"https:\/\/www.dakarmania.cz\/index.php\/wp-json\/wp\/v2\/posts\/13862\/revisions"}],"predecessor-version":[{"id":13863,"href":"https:\/\/www.dakarmania.cz\/index.php\/wp-json\/wp\/v2\/posts\/13862\/revisions\/13863"}],"wp:featuredmedia":[{"embeddable":true,"href":"https:\/\/www.dakarmania.cz\/index.php\/wp-json\/wp\/v2\/media\/13857"}],"wp:attachment":[{"href":"https:\/\/www.dakarmania.cz\/index.php\/wp-json\/wp\/v2\/media?parent=13862"}],"wp:term":[{"taxonomy":"category","embeddable":true,"href":"https:\/\/www.dakarmania.cz\/index.php\/wp-json\/wp\/v2\/categories?post=13862"},{"taxonomy":"post_tag","embeddable":true,"href":"https:\/\/www.dakarmania.cz\/index.php\/wp-json\/wp\/v2\/tags?post=13862"}],"curies":[{"name":"wp","href":"https:\/\/api.w.org\/{rel}","templated":true}]}}