{"id":13867,"date":"2020-01-03T17:29:06","date_gmt":"2020-01-03T16:29:06","guid":{"rendered":"https:\/\/www.dakarmania.cz\/?p=13867"},"modified":"2020-01-03T17:29:06","modified_gmt":"2020-01-03T16:29:06","slug":"macik-s-brabcem-se-nemuzou-dockat","status":"publish","type":"post","link":"https:\/\/www.dakarmania.cz\/index.php\/2020\/01\/03\/macik-s-brabcem-se-nemuzou-dockat\/","title":{"rendered":"Mac\u00edk s Brabcem se nem\u016f\u017eou do\u010dkat Dakaru"},"content":{"rendered":"<p>[vc_row][vc_column][vc_column_text css_animation=&#8221;fadeIn&#8221;]<\/p>\n<h3>Kompletn\u00ed t\u00fdm Big Shock Racing se se\u0161el v D\u017eidd\u011b, odkud v ned\u011bli 5. ledna odstartuje 42. ro\u010dn\u00edk Rally Dakar. Pilot kamionu Martin Mac\u00edk se sv\u00fdm navig\u00e1torem Franti\u0161kem Tom\u00e1\u0161kem u\u017e se p\u00e1r dn\u00ed aklimatizovali na m\u00edst\u011b. A ve \u010dtvrtek se kone\u010dn\u011b p\u0159iv\u00edtali i s motocyklistou Janem Brabcem, palubn\u00edm mechanikem Davidem \u0160vandou a dal\u0161\u00edmi \u010dleny v\u00fdpravy.<\/h3>\n<p>[\/vc_column_text][vc_single_image image=&#8221;13865&#8243; img_size=&#8221;large&#8221; add_caption=&#8221;yes&#8221; alignment=&#8221;center&#8221; onclick=&#8221;link_image&#8221; css_animation=&#8221;fadeIn&#8221;][vc_column_text css_animation=&#8221;fadeIn&#8221;]Kompletn\u00ed sestava se okam\u017eit\u011b pustila do pr\u00e1ce. Bylo t\u0159eba od po\u0159adatel\u016f vyzvednout Mac\u00edk\u016fv kamion, Brabcovu motorku i v\u0161echna doprovodn\u00e1 vozidla. Vyzvednut\u00ed z\u00e1vodn\u00edch aut z p\u0159\u00edstavu po plavb\u011b z Marseille bylo v p\u0159\u00edpad\u011b t\u00fdmu Big Shock Racing rychl\u00fdm procesem. \u017dlut\u00e1 auta \u010desk\u00e9ho t\u00fdmu toti\u017e z\u016fstala na parkovi\u0161ti jako \u00fapln\u011b posledn\u00ed. \u0158idi\u010di po\u0159adatel\u016f ale nechali po p\u0159ejezdech na Mac\u00edkov\u011b z\u00e1vodn\u00edm kamionu a \u201ebydl\u00edku\u201c zapnut\u00e1 sv\u011btla, tak\u017ee se kompletn\u011b vybily baterie a chv\u00edli trvalo, ne\u017e se auta t\u00fdmov\u00fdm mechanik\u016fm poda\u0159ilo op\u011bt uv\u00e9st do provozu. Servisn\u00ed MAN, novin\u00e1\u0159sk\u00e9 Toyoty i Mercedes se z\u00e1zem\u00edm pro moto v\u00fdbavu Brabcov\u00fdch p\u0159e\u010dkaly plavbu v po\u0159\u00e1dku.<\/p>\n<p>B\u011bhem p\u0159esunu z p\u0159\u00edstavu do bivaku se v \u010dil\u00e9m dopravn\u00edm provozu D\u017eiddy je\u0161t\u011b stihl ztratit bydl\u00edk, kdy\u017e mu op\u011bt zazlobila baterka, a jako posledn\u00ed auto t\u00fdmov\u00e9 kolony s \u0159idi\u010dem bez telefonu a navigace z\u016fstal tr\u010det na k\u0159i\u017eovatce. Zhruba hodinu trvalo, ne\u017e ho zbytek v\u00fdpravy vyp\u00e1tral a doprovodil na m\u00edsto ur\u010den\u00ed. Ale pak u\u017e \u0161lo v\u0161e jako na dr\u00e1tk\u00e1ch.<\/p>\n<h4>Radost na shakedownu<\/h4>\n<p>Po \u0161\u0165astn\u00e9m shled\u00e1n\u00ed v bivaku n\u00e1sledoval bleskov\u00fd p\u0159esun z\u00e1vodn\u00edho kamionu na shakedown. Ten pos\u00e1dk\u00e1m p\u0159ed startem umo\u017e\u0148uje naposled si vyzkou\u0161et sv\u00e9 stroje p\u0159\u00edmo v m\u00edstn\u00edch podm\u00ednk\u00e1ch, naladit se na z\u00e1vod a p\u0159edev\u0161\u00edm otestovat, zda dlouh\u00e1 plavba na trajektu nezanechala na z\u00e1vodn\u00edch speci\u00e1lech n\u00e1sledky, kter\u00e9 by mechanici mohli je\u0161t\u011b p\u0159ed startem odstranit.<\/p>\n<p>Po zhruba hodinov\u00e9 j\u00edzd\u011b navig\u00e1tor <a href=\"\/index.php\/osobnosti\/frantisek-tomasek\/\"><strong>Franti\u0161ek Tom\u00e1\u0161ek<\/strong><\/a> hl\u00e1sil: <em>\u201ePovrch je tu hodn\u011b zr\u00e1dn\u00fd, p\u0159ech\u00e1z\u00ed z m\u011bkk\u00e9ho p\u00edsku do tvrd\u00e9ho kamen\u00ed. Sk\u00e1\u010dete p\u0159es dunu z p\u00edsku do \u0161utr\u016f. Za tu hodinu jsme projeli snad ve\u0161ker\u00fd ter\u00e9n, kter\u00fd m\u016f\u017eete potkat. Jet v tom p\u011bt set kilometr\u016f bude zaj\u00edmav\u00e9. Ale Karel funguje fakt dob\u0159e. Zat\u00edm jsme nepoznali jeho limity.\u201c<\/em><\/p>\n<p><em>\u201eZajezdili jsme si a v\u0161echno zm\u00e1kli, jak jsme pot\u0159ebovali. Karel fungoval v\u00fdborn\u011b, v\u00fdkon i podvozek. J\u00e1 jsem za to stra\u0161n\u011b r\u00e1d. Bylo to bo\u017e\u00ed, zkusili jsme si i poposko\u010dit. U\u017e se t\u011b\u0161\u00edm a\u017e odstartujeme,\u201c<\/em> popisuje <a href=\"\/index.php\/osobnosti\/martin-macik-ml\/\"><strong>Martin Mac\u00edk<\/strong><\/a>.[\/vc_column_text][vc_single_image image=&#8221;13864&#8243; img_size=&#8221;large&#8221; add_caption=&#8221;yes&#8221; alignment=&#8221;center&#8221; onclick=&#8221;link_image&#8221; css_animation=&#8221;fadeIn&#8221;][vc_column_text css_animation=&#8221;fadeIn&#8221;]<\/p>\n<h4>Technick\u00e9 p\u0159ej\u00edmky zdol\u00e1ny<\/h4>\n<p><a href=\"\/index.php\/osobnosti\/jan-brabec\/\">Jan Brabec<\/a> shakedown vynechal a u\u0161et\u0159en\u00fd \u010das v\u011bnoval odpo\u010dinku po n\u00e1ro\u010dn\u00e9 cest\u011b a p\u0159\u00edprav\u00e1m na technick\u00e9 p\u0159ej\u00edmky. T\u011bmi v\u0161echny t\u00fdmov\u00e9 stroje pro\u0161ly hladce b\u011bhem p\u00e1te\u010dn\u00edho dopoledne.\u00a0U\u017e v Marseille t\u00fdmy absolvovaly prvn\u00ed \u010d\u00e1st technick\u00fdch kontrol, kde bylo nutn\u00e9 na auta i motorku um\u00edstit samolepky po\u0159adatele, z\u00e1vodn\u00ed stroje se v\u00e1\u017eily, kontrolovalo se vybaven\u00ed pro uchycen\u00ed naviga\u010dn\u00edch p\u0159\u00edstroj\u016f a dal\u0161\u00ed nezbytnosti.<\/p>\n<p>Ale druh\u00e1 \u010d\u00e1st prov\u011brek, zahrnuj\u00edc\u00ed \u0161kolen\u00ed k GPSk\u00e1m, administrativn\u00ed povinnosti, ov\u011b\u0159en\u00ed plateb a doklad\u016f, l\u00e9ka\u0159sk\u00e9 prohl\u00eddky nebo ofici\u00e1ln\u00ed focen\u00ed jezdc\u016f pro pot\u0159eby organiz\u00e1tor\u016f na t\u00fdm Big Shock Racing \u010dekala a\u017e D\u017eidd\u011b. Sou\u010d\u00e1st\u00ed rutinn\u00edho procesu, kter\u00fd \u0161\u00e9f t\u00fdmu Martin Mac\u00edk star\u0161\u00ed absolvoval u\u017e poosmn\u00e1ct\u00e9, letos v\u0161ak byla i podrobn\u00e1 p\u0159edn\u00e1\u0161ka, jak na trati postupovat v p\u0159\u00edpad\u011b pomoci zran\u011bn\u00fdm z\u00e1vodn\u00edk\u016fm. I d\u00edky letit\u00fdm zku\u0161enostem Martin\u016fv kamion, Honzova motorka i doprovodn\u00e1 vozidla pro\u0161la bez z\u00e1sadn\u00edch komplikac\u00ed. \u010cas zb\u00fdvaj\u00edc\u00ed do ned\u011ble mechanici v\u011bnuj\u00ed kontrole z\u00e1vodn\u00edch stroj\u016f, jezdci posledn\u00edmu odpo\u010dinku, aby bylo na dlouho o\u010dek\u00e1van\u00fd start <a href=\"\/index.php\/souteze\/dakar-2020\/\">Dakaru 2020<\/a> v\u0161e perfektn\u011b p\u0159ipraveno.<\/p>\n<p>Tiskov\u00e1 zpr\u00e1va t\u00fdmu Big Shock Racing [editov\u00e1no][\/vc_column_text][vc_empty_space height=&#8221;2px&#8221;][\/vc_column][\/vc_row]<\/p>\n","protected":false},"excerpt":{"rendered":"<p>Kompletn\u00ed t\u00fdm Big Shock Racing se se\u0161el v D\u017eidd\u011b, odkud v ned\u011bli 5. ledna odstartuje 42. ro\u010dn\u00edk Rally Dakar.<\/p>\n","protected":false},"author":3,"featured_media":13866,"comment_status":"open","ping_status":"closed","sticky":false,"template":"","format":"standard","meta":{"footnotes":""},"categories":[637],"tags":[903,111,8,159,1135,117,164,110,63,591,114],"class_list":["post-13867","post","type-post","status-publish","format-standard","has-post-thumbnail","hentry","category-tiskove-zpravy","tag-903","tag-big-shock-racing","tag-dakar","tag-dakar-2020","tag-david-svanda","tag-frantisek-tomasek","tag-iveco","tag-jan-brabec","tag-ktm","tag-martin-macik","tag-martin-macik-ml"],"yoast_head":"<!-- This site is optimized with the Yoast SEO plugin v24.9 - https:\/\/yoast.com\/wordpress\/plugins\/seo\/ -->\n<title>Mac\u00edk s Brabcem se nem\u016f\u017eou do\u010dkat Dakaru - DAKARMANIA.cz<\/title>\n<meta name=\"description\" content=\"Kompletn\u00ed t\u00fdm Big Shock Racing se se\u0161el v D\u017eidd\u011b, odkud v ned\u011bli 5. ledna odstartuje 42. ro\u010dn\u00edk Rally Dakar.\" \/>\n<meta name=\"robots\" content=\"index, follow, max-snippet:-1, max-image-preview:large, max-video-preview:-1\" \/>\n<link rel=\"canonical\" href=\"https:\/\/www.dakarmania.cz\/index.php\/2020\/01\/03\/macik-s-brabcem-se-nemuzou-dockat\/\" \/>\n<meta property=\"og:locale\" content=\"cs_CZ\" \/>\n<meta property=\"og:type\" content=\"article\" \/>\n<meta property=\"og:title\" content=\"Mac\u00edk s Brabcem se nem\u016f\u017eou do\u010dkat Dakaru - DAKARMANIA.cz\" \/>\n<meta property=\"og:description\" content=\"Kompletn\u00ed t\u00fdm Big Shock Racing se se\u0161el v D\u017eidd\u011b, odkud v ned\u011bli 5. ledna odstartuje 42. ro\u010dn\u00edk Rally Dakar.\" \/>\n<meta property=\"og:url\" content=\"https:\/\/www.dakarmania.cz\/index.php\/2020\/01\/03\/macik-s-brabcem-se-nemuzou-dockat\/\" \/>\n<meta property=\"og:site_name\" content=\"DAKARMANIA.cz\" \/>\n<meta property=\"article:publisher\" content=\"https:\/\/www.facebook.com\/dakarmania\/\" \/>\n<meta property=\"article:published_time\" content=\"2020-01-03T16:29:06+00:00\" \/>\n<meta property=\"og:image\" content=\"https:\/\/www.dakarmania.cz\/wp-content\/uploads\/2020\/01\/20-dakar-macik-02.jpg\" \/>\n\t<meta property=\"og:image:width\" content=\"1024\" \/>\n\t<meta property=\"og:image:height\" content=\"684\" \/>\n\t<meta property=\"og:image:type\" content=\"image\/jpeg\" \/>\n<meta name=\"author\" content=\"tiskov\u00e1 zpr\u00e1va\" \/>\n<meta name=\"twitter:card\" content=\"summary_large_image\" \/>\n<meta name=\"twitter:label1\" content=\"Napsal(a)\" \/>\n\t<meta name=\"twitter:data1\" content=\"tiskov\u00e1 zpr\u00e1va\" \/>\n\t<meta name=\"twitter:label2\" content=\"Odhadovan\u00e1 doba \u010dten\u00ed\" \/>\n\t<meta name=\"twitter:data2\" content=\"4 minuty\" \/>\n<script type=\"application\/ld+json\" class=\"yoast-schema-graph\">{\"@context\":\"https:\/\/schema.org\",\"@graph\":[{\"@type\":\"Article\",\"@id\":\"https:\/\/www.dakarmania.cz\/index.php\/2020\/01\/03\/macik-s-brabcem-se-nemuzou-dockat\/#article\",\"isPartOf\":{\"@id\":\"https:\/\/www.dakarmania.cz\/index.php\/2020\/01\/03\/macik-s-brabcem-se-nemuzou-dockat\/\"},\"author\":{\"name\":\"tiskov\u00e1 zpr\u00e1va\",\"@id\":\"https:\/\/www.dakarmania.cz\/#\/schema\/person\/bce8d1fe3633b1178e150fc5e340d5dd\"},\"headline\":\"Mac\u00edk s Brabcem se nem\u016f\u017eou do\u010dkat Dakaru\",\"datePublished\":\"2020-01-03T16:29:06+00:00\",\"mainEntityOfPage\":{\"@id\":\"https:\/\/www.dakarmania.cz\/index.php\/2020\/01\/03\/macik-s-brabcem-se-nemuzou-dockat\/\"},\"wordCount\":821,\"commentCount\":0,\"publisher\":{\"@id\":\"https:\/\/www.dakarmania.cz\/#organization\"},\"image\":{\"@id\":\"https:\/\/www.dakarmania.cz\/index.php\/2020\/01\/03\/macik-s-brabcem-se-nemuzou-dockat\/#primaryimage\"},\"thumbnailUrl\":\"https:\/\/www.dakarmania.cz\/wp-content\/uploads\/2020\/01\/20-dakar-macik-02.jpg\",\"keywords\":[\"2020\",\"Big Shock! Racing\",\"Dakar\",\"Dakar 2020\",\"David \u0160vanda\",\"Franti\u0161ek Tom\u00e1\u0161ek\",\"Iveco\",\"Jan Brabec\",\"KTM\",\"Martin Mac\u00edk\",\"Martin Mac\u00edk ml.\"],\"articleSection\":[\"Tiskov\u00e9 zpr\u00e1vy\"],\"inLanguage\":\"cs\",\"potentialAction\":[{\"@type\":\"CommentAction\",\"name\":\"Comment\",\"target\":[\"https:\/\/www.dakarmania.cz\/index.php\/2020\/01\/03\/macik-s-brabcem-se-nemuzou-dockat\/#respond\"]}]},{\"@type\":\"WebPage\",\"@id\":\"https:\/\/www.dakarmania.cz\/index.php\/2020\/01\/03\/macik-s-brabcem-se-nemuzou-dockat\/\",\"url\":\"https:\/\/www.dakarmania.cz\/index.php\/2020\/01\/03\/macik-s-brabcem-se-nemuzou-dockat\/\",\"name\":\"Mac\u00edk s Brabcem se nem\u016f\u017eou do\u010dkat Dakaru - DAKARMANIA.cz\",\"isPartOf\":{\"@id\":\"https:\/\/www.dakarmania.cz\/#website\"},\"primaryImageOfPage\":{\"@id\":\"https:\/\/www.dakarmania.cz\/index.php\/2020\/01\/03\/macik-s-brabcem-se-nemuzou-dockat\/#primaryimage\"},\"image\":{\"@id\":\"https:\/\/www.dakarmania.cz\/index.php\/2020\/01\/03\/macik-s-brabcem-se-nemuzou-dockat\/#primaryimage\"},\"thumbnailUrl\":\"https:\/\/www.dakarmania.cz\/wp-content\/uploads\/2020\/01\/20-dakar-macik-02.jpg\",\"datePublished\":\"2020-01-03T16:29:06+00:00\",\"description\":\"Kompletn\u00ed t\u00fdm Big Shock Racing se se\u0161el v D\u017eidd\u011b, odkud v ned\u011bli 5. ledna odstartuje 42. ro\u010dn\u00edk Rally Dakar.\",\"breadcrumb\":{\"@id\":\"https:\/\/www.dakarmania.cz\/index.php\/2020\/01\/03\/macik-s-brabcem-se-nemuzou-dockat\/#breadcrumb\"},\"inLanguage\":\"cs\",\"potentialAction\":[{\"@type\":\"ReadAction\",\"target\":[\"https:\/\/www.dakarmania.cz\/index.php\/2020\/01\/03\/macik-s-brabcem-se-nemuzou-dockat\/\"]}]},{\"@type\":\"ImageObject\",\"inLanguage\":\"cs\",\"@id\":\"https:\/\/www.dakarmania.cz\/index.php\/2020\/01\/03\/macik-s-brabcem-se-nemuzou-dockat\/#primaryimage\",\"url\":\"https:\/\/www.dakarmania.cz\/wp-content\/uploads\/2020\/01\/20-dakar-macik-02.jpg\",\"contentUrl\":\"https:\/\/www.dakarmania.cz\/wp-content\/uploads\/2020\/01\/20-dakar-macik-02.jpg\",\"width\":1024,\"height\":684,\"caption\":\"Martin Mac\u00edk\/Franti\u0161ek Tom\u00e1\u0161ek\/David \u0160vanda, Iveco Powerstar, Big Shock Racing. Shakedown p\u0159ed Rally Dakar 2020. \u00a9 Big Shock Racing\"},{\"@type\":\"BreadcrumbList\",\"@id\":\"https:\/\/www.dakarmania.cz\/index.php\/2020\/01\/03\/macik-s-brabcem-se-nemuzou-dockat\/#breadcrumb\",\"itemListElement\":[{\"@type\":\"ListItem\",\"position\":1,\"name\":\"Dom\u016f\",\"item\":\"https:\/\/www.dakarmania.cz\/\"},{\"@type\":\"ListItem\",\"position\":2,\"name\":\"Mac\u00edk s Brabcem se nem\u016f\u017eou do\u010dkat Dakaru\"}]},{\"@type\":\"WebSite\",\"@id\":\"https:\/\/www.dakarmania.cz\/#website\",\"url\":\"https:\/\/www.dakarmania.cz\/\",\"name\":\"DAKARMANIA.cz\",\"description\":\"\u017dijeme Dakarem cel\u00fd rok\",\"publisher\":{\"@id\":\"https:\/\/www.dakarmania.cz\/#organization\"},\"potentialAction\":[{\"@type\":\"SearchAction\",\"target\":{\"@type\":\"EntryPoint\",\"urlTemplate\":\"https:\/\/www.dakarmania.cz\/?s={search_term_string}\"},\"query-input\":{\"@type\":\"PropertyValueSpecification\",\"valueRequired\":true,\"valueName\":\"search_term_string\"}}],\"inLanguage\":\"cs\"},{\"@type\":\"Organization\",\"@id\":\"https:\/\/www.dakarmania.cz\/#organization\",\"name\":\"DAKAR MANIA\",\"url\":\"https:\/\/www.dakarmania.cz\/\",\"logo\":{\"@type\":\"ImageObject\",\"inLanguage\":\"cs\",\"@id\":\"https:\/\/www.dakarmania.cz\/#\/schema\/logo\/image\/\",\"url\":\"https:\/\/www.dakarmania.cz\/wp-content\/uploads\/2018\/12\/Dakar-Mania-Logo-Square-Orange.png\",\"contentUrl\":\"https:\/\/www.dakarmania.cz\/wp-content\/uploads\/2018\/12\/Dakar-Mania-Logo-Square-Orange.png\",\"width\":992,\"height\":992,\"caption\":\"DAKAR MANIA\"},\"image\":{\"@id\":\"https:\/\/www.dakarmania.cz\/#\/schema\/logo\/image\/\"},\"sameAs\":[\"https:\/\/www.facebook.com\/dakarmania\/\"]},{\"@type\":\"Person\",\"@id\":\"https:\/\/www.dakarmania.cz\/#\/schema\/person\/bce8d1fe3633b1178e150fc5e340d5dd\",\"name\":\"tiskov\u00e1 zpr\u00e1va\",\"image\":{\"@type\":\"ImageObject\",\"inLanguage\":\"cs\",\"@id\":\"https:\/\/www.dakarmania.cz\/#\/schema\/person\/image\/\",\"url\":\"https:\/\/secure.gravatar.com\/avatar\/19aefcb6c7bfae691fca4d805686c670f59bb4f7414c7b398b88dc9c8f4e96d5?s=96&d=mm&r=g\",\"contentUrl\":\"https:\/\/secure.gravatar.com\/avatar\/19aefcb6c7bfae691fca4d805686c670f59bb4f7414c7b398b88dc9c8f4e96d5?s=96&d=mm&r=g\",\"caption\":\"tiskov\u00e1 zpr\u00e1va\"},\"url\":\"https:\/\/www.dakarmania.cz\/index.php\/author\/tiskovezpravy\/\"}]}<\/script>\n<!-- \/ Yoast SEO plugin. -->","yoast_head_json":{"title":"Mac\u00edk s Brabcem se nem\u016f\u017eou do\u010dkat Dakaru - DAKARMANIA.cz","description":"Kompletn\u00ed t\u00fdm Big Shock Racing se se\u0161el v D\u017eidd\u011b, odkud v ned\u011bli 5. ledna odstartuje 42. ro\u010dn\u00edk Rally Dakar.","robots":{"index":"index","follow":"follow","max-snippet":"max-snippet:-1","max-image-preview":"max-image-preview:large","max-video-preview":"max-video-preview:-1"},"canonical":"https:\/\/www.dakarmania.cz\/index.php\/2020\/01\/03\/macik-s-brabcem-se-nemuzou-dockat\/","og_locale":"cs_CZ","og_type":"article","og_title":"Mac\u00edk s Brabcem se nem\u016f\u017eou do\u010dkat Dakaru - DAKARMANIA.cz","og_description":"Kompletn\u00ed t\u00fdm Big Shock Racing se se\u0161el v D\u017eidd\u011b, odkud v ned\u011bli 5. ledna odstartuje 42. ro\u010dn\u00edk Rally Dakar.","og_url":"https:\/\/www.dakarmania.cz\/index.php\/2020\/01\/03\/macik-s-brabcem-se-nemuzou-dockat\/","og_site_name":"DAKARMANIA.cz","article_publisher":"https:\/\/www.facebook.com\/dakarmania\/","article_published_time":"2020-01-03T16:29:06+00:00","og_image":[{"width":1024,"height":684,"url":"https:\/\/www.dakarmania.cz\/wp-content\/uploads\/2020\/01\/20-dakar-macik-02.jpg","type":"image\/jpeg"}],"author":"tiskov\u00e1 zpr\u00e1va","twitter_card":"summary_large_image","twitter_misc":{"Napsal(a)":"tiskov\u00e1 zpr\u00e1va","Odhadovan\u00e1 doba \u010dten\u00ed":"4 minuty"},"schema":{"@context":"https:\/\/schema.org","@graph":[{"@type":"Article","@id":"https:\/\/www.dakarmania.cz\/index.php\/2020\/01\/03\/macik-s-brabcem-se-nemuzou-dockat\/#article","isPartOf":{"@id":"https:\/\/www.dakarmania.cz\/index.php\/2020\/01\/03\/macik-s-brabcem-se-nemuzou-dockat\/"},"author":{"name":"tiskov\u00e1 zpr\u00e1va","@id":"https:\/\/www.dakarmania.cz\/#\/schema\/person\/bce8d1fe3633b1178e150fc5e340d5dd"},"headline":"Mac\u00edk s Brabcem se nem\u016f\u017eou do\u010dkat Dakaru","datePublished":"2020-01-03T16:29:06+00:00","mainEntityOfPage":{"@id":"https:\/\/www.dakarmania.cz\/index.php\/2020\/01\/03\/macik-s-brabcem-se-nemuzou-dockat\/"},"wordCount":821,"commentCount":0,"publisher":{"@id":"https:\/\/www.dakarmania.cz\/#organization"},"image":{"@id":"https:\/\/www.dakarmania.cz\/index.php\/2020\/01\/03\/macik-s-brabcem-se-nemuzou-dockat\/#primaryimage"},"thumbnailUrl":"https:\/\/www.dakarmania.cz\/wp-content\/uploads\/2020\/01\/20-dakar-macik-02.jpg","keywords":["2020","Big Shock! Racing","Dakar","Dakar 2020","David \u0160vanda","Franti\u0161ek Tom\u00e1\u0161ek","Iveco","Jan Brabec","KTM","Martin Mac\u00edk","Martin Mac\u00edk ml."],"articleSection":["Tiskov\u00e9 zpr\u00e1vy"],"inLanguage":"cs","potentialAction":[{"@type":"CommentAction","name":"Comment","target":["https:\/\/www.dakarmania.cz\/index.php\/2020\/01\/03\/macik-s-brabcem-se-nemuzou-dockat\/#respond"]}]},{"@type":"WebPage","@id":"https:\/\/www.dakarmania.cz\/index.php\/2020\/01\/03\/macik-s-brabcem-se-nemuzou-dockat\/","url":"https:\/\/www.dakarmania.cz\/index.php\/2020\/01\/03\/macik-s-brabcem-se-nemuzou-dockat\/","name":"Mac\u00edk s Brabcem se nem\u016f\u017eou do\u010dkat Dakaru - DAKARMANIA.cz","isPartOf":{"@id":"https:\/\/www.dakarmania.cz\/#website"},"primaryImageOfPage":{"@id":"https:\/\/www.dakarmania.cz\/index.php\/2020\/01\/03\/macik-s-brabcem-se-nemuzou-dockat\/#primaryimage"},"image":{"@id":"https:\/\/www.dakarmania.cz\/index.php\/2020\/01\/03\/macik-s-brabcem-se-nemuzou-dockat\/#primaryimage"},"thumbnailUrl":"https:\/\/www.dakarmania.cz\/wp-content\/uploads\/2020\/01\/20-dakar-macik-02.jpg","datePublished":"2020-01-03T16:29:06+00:00","description":"Kompletn\u00ed t\u00fdm Big Shock Racing se se\u0161el v D\u017eidd\u011b, odkud v ned\u011bli 5. ledna odstartuje 42. ro\u010dn\u00edk Rally Dakar.","breadcrumb":{"@id":"https:\/\/www.dakarmania.cz\/index.php\/2020\/01\/03\/macik-s-brabcem-se-nemuzou-dockat\/#breadcrumb"},"inLanguage":"cs","potentialAction":[{"@type":"ReadAction","target":["https:\/\/www.dakarmania.cz\/index.php\/2020\/01\/03\/macik-s-brabcem-se-nemuzou-dockat\/"]}]},{"@type":"ImageObject","inLanguage":"cs","@id":"https:\/\/www.dakarmania.cz\/index.php\/2020\/01\/03\/macik-s-brabcem-se-nemuzou-dockat\/#primaryimage","url":"https:\/\/www.dakarmania.cz\/wp-content\/uploads\/2020\/01\/20-dakar-macik-02.jpg","contentUrl":"https:\/\/www.dakarmania.cz\/wp-content\/uploads\/2020\/01\/20-dakar-macik-02.jpg","width":1024,"height":684,"caption":"Martin Mac\u00edk\/Franti\u0161ek Tom\u00e1\u0161ek\/David \u0160vanda, Iveco Powerstar, Big Shock Racing. Shakedown p\u0159ed Rally Dakar 2020. \u00a9 Big Shock Racing"},{"@type":"BreadcrumbList","@id":"https:\/\/www.dakarmania.cz\/index.php\/2020\/01\/03\/macik-s-brabcem-se-nemuzou-dockat\/#breadcrumb","itemListElement":[{"@type":"ListItem","position":1,"name":"Dom\u016f","item":"https:\/\/www.dakarmania.cz\/"},{"@type":"ListItem","position":2,"name":"Mac\u00edk s Brabcem se nem\u016f\u017eou do\u010dkat Dakaru"}]},{"@type":"WebSite","@id":"https:\/\/www.dakarmania.cz\/#website","url":"https:\/\/www.dakarmania.cz\/","name":"DAKARMANIA.cz","description":"\u017dijeme Dakarem cel\u00fd rok","publisher":{"@id":"https:\/\/www.dakarmania.cz\/#organization"},"potentialAction":[{"@type":"SearchAction","target":{"@type":"EntryPoint","urlTemplate":"https:\/\/www.dakarmania.cz\/?s={search_term_string}"},"query-input":{"@type":"PropertyValueSpecification","valueRequired":true,"valueName":"search_term_string"}}],"inLanguage":"cs"},{"@type":"Organization","@id":"https:\/\/www.dakarmania.cz\/#organization","name":"DAKAR MANIA","url":"https:\/\/www.dakarmania.cz\/","logo":{"@type":"ImageObject","inLanguage":"cs","@id":"https:\/\/www.dakarmania.cz\/#\/schema\/logo\/image\/","url":"https:\/\/www.dakarmania.cz\/wp-content\/uploads\/2018\/12\/Dakar-Mania-Logo-Square-Orange.png","contentUrl":"https:\/\/www.dakarmania.cz\/wp-content\/uploads\/2018\/12\/Dakar-Mania-Logo-Square-Orange.png","width":992,"height":992,"caption":"DAKAR MANIA"},"image":{"@id":"https:\/\/www.dakarmania.cz\/#\/schema\/logo\/image\/"},"sameAs":["https:\/\/www.facebook.com\/dakarmania\/"]},{"@type":"Person","@id":"https:\/\/www.dakarmania.cz\/#\/schema\/person\/bce8d1fe3633b1178e150fc5e340d5dd","name":"tiskov\u00e1 zpr\u00e1va","image":{"@type":"ImageObject","inLanguage":"cs","@id":"https:\/\/www.dakarmania.cz\/#\/schema\/person\/image\/","url":"https:\/\/secure.gravatar.com\/avatar\/19aefcb6c7bfae691fca4d805686c670f59bb4f7414c7b398b88dc9c8f4e96d5?s=96&d=mm&r=g","contentUrl":"https:\/\/secure.gravatar.com\/avatar\/19aefcb6c7bfae691fca4d805686c670f59bb4f7414c7b398b88dc9c8f4e96d5?s=96&d=mm&r=g","caption":"tiskov\u00e1 zpr\u00e1va"},"url":"https:\/\/www.dakarmania.cz\/index.php\/author\/tiskovezpravy\/"}]}},"amp_enabled":true,"_links":{"self":[{"href":"https:\/\/www.dakarmania.cz\/index.php\/wp-json\/wp\/v2\/posts\/13867","targetHints":{"allow":["GET"]}}],"collection":[{"href":"https:\/\/www.dakarmania.cz\/index.php\/wp-json\/wp\/v2\/posts"}],"about":[{"href":"https:\/\/www.dakarmania.cz\/index.php\/wp-json\/wp\/v2\/types\/post"}],"author":[{"embeddable":true,"href":"https:\/\/www.dakarmania.cz\/index.php\/wp-json\/wp\/v2\/users\/3"}],"replies":[{"embeddable":true,"href":"https:\/\/www.dakarmania.cz\/index.php\/wp-json\/wp\/v2\/comments?post=13867"}],"version-history":[{"count":1,"href":"https:\/\/www.dakarmania.cz\/index.php\/wp-json\/wp\/v2\/posts\/13867\/revisions"}],"predecessor-version":[{"id":13868,"href":"https:\/\/www.dakarmania.cz\/index.php\/wp-json\/wp\/v2\/posts\/13867\/revisions\/13868"}],"wp:featuredmedia":[{"embeddable":true,"href":"https:\/\/www.dakarmania.cz\/index.php\/wp-json\/wp\/v2\/media\/13866"}],"wp:attachment":[{"href":"https:\/\/www.dakarmania.cz\/index.php\/wp-json\/wp\/v2\/media?parent=13867"}],"wp:term":[{"taxonomy":"category","embeddable":true,"href":"https:\/\/www.dakarmania.cz\/index.php\/wp-json\/wp\/v2\/categories?post=13867"},{"taxonomy":"post_tag","embeddable":true,"href":"https:\/\/www.dakarmania.cz\/index.php\/wp-json\/wp\/v2\/tags?post=13867"}],"curies":[{"name":"wp","href":"https:\/\/api.w.org\/{rel}","templated":true}]}}