{"id":13874,"date":"2020-01-03T23:16:55","date_gmt":"2020-01-03T22:16:55","guid":{"rendered":"https:\/\/www.dakarmania.cz\/?p=13874"},"modified":"2020-01-03T23:16:55","modified_gmt":"2020-01-03T22:16:55","slug":"ourednickuv-tym-pred-dakarem","status":"publish","type":"post","link":"https:\/\/www.dakarmania.cz\/index.php\/2020\/01\/03\/ourednickuv-tym-pred-dakarem\/","title":{"rendered":"Ou\u0159edn\u00ed\u010dk\u016fv t\u00fdm p\u0159ed Dakarem: Zapomenut\u00fd pas i rozbit\u00e1 hlava"},"content":{"rendered":"<p>[vc_row][vc_column][vc_column_text css_animation=&#8221;fadeIn&#8221;]<\/p>\n<h3>T\u00fdm Ultimate Dakar Racing s pos\u00e1dkou Tom\u00e1\u0161 Ou\u0159edn\u00ed\u010dek, David K\u0159\u00edpal u\u017e byl vta\u017een do d\u011bn\u00ed kolem Rally Dakar 2020. P\u0159esun do Sa\u00fadsk\u00e9 Ar\u00e1bie a p\u0159\u00edpravy na p\u00e1te\u010dn\u00ed technick\u00e9 p\u0159ej\u00edmky ale \u201ezpest\u0159ily\u201c ne\u010dekan\u00e9 komplikace.<\/h3>\n<p>[\/vc_column_text][vc_single_image image=&#8221;13873&#8243; img_size=&#8221;large&#8221; add_caption=&#8221;yes&#8221; alignment=&#8221;center&#8221; onclick=&#8221;link_image&#8221; css_animation=&#8221;fadeIn&#8221;][vc_column_text css_animation=&#8221;fadeIn&#8221;]V\u0161echno za\u010dalo u\u017e p\u0159i odletu, kdy\u017e si mechanik t\u00fdmu Ji\u0159\u00ed Sivek p\u0159inesl na odbaven\u00ed m\u00edsto vlastn\u00edho pasu cestovn\u00ed doklad sv\u00e9 p\u0159\u00edtelkyn\u011b. Letenka propadla a s n\u00ed i \u010d\u00e1st \u201epovolen\u00fdch p\u0159epravn\u00edch kilogram\u016f\u201c pro zavazadla nap\u011bchovan\u00e1 v\u011bcmi pot\u0159ebn\u00fdmi na dakarskou rally.<\/p>\n<p><em>\u201eD\u016fle\u017eit\u00e9ho \u010dlena t\u00fdmu i materi\u00e1l jsme nakonec do Sa\u00fadsk\u00e9 Ar\u00e1bie se spr\u00e1vn\u00fdm pasem dostali. Ale ani n\u00e1m se po cest\u011b nevyh\u00fdbaly probl\u00e9my. V Istanbulu jsme museli ne\u010dekan\u011b opustit p\u0159epravn\u00ed prostor a znovu odbavit zavazadla. A m\u00e1lem jsme nestihli n\u00e1vazn\u00fd let. Na\u0161t\u011bst\u00ed na n\u00e1s letadlo i za cenu zpo\u017ed\u011bn\u00ed po\u010dkalo,\u201c<\/em> ohl\u00ed\u017e\u00ed se za komplikovanou cestou <strong>Tom\u00e1\u0161 Ou\u0159edn\u00ed\u010dek<\/strong>.<\/p>\n<p>\u010ctvrte\u010dn\u00ed shakedown p\u0159inesl dal\u0161\u00ed dramatick\u00e9 chvilky. Mechanik <a href=\"\/index.php\/osobnosti\/lukas-kalanka\/\">Luk\u00e1\u0161 Kalanka<\/a> si ud\u011blal hlubokou tr\u017enou r\u00e1nu na hlav\u011b. Prvn\u00ed pomoc poskytl l\u00e9ka\u0159 t\u00fdmu Martina Prokopa a pak u\u017e \u201ePo\u010d\u016fvaj\u201c odjel do nemocnice na o\u0161et\u0159en\u00ed. Kv\u016fli tomu se na dlouh\u00e9 hodiny zastavily p\u0159\u00edpravy Fordu Ranger Dakar na p\u0159ej\u00edmky a samotnou sout\u011b\u017e.<\/p>\n<p><em>\u201eKluci proto museli makat na aut\u011b celou noc, nad r\u00e1nem si jen na hodinku zd\u0159\u00edmli a pak pokra\u010dovali,\u201c<\/em>\u00a0doplnil <a href=\"\/index.php\/osobnosti\/tomas-ourednicek\/\">Ou\u0159edn\u00ed\u010dek<\/a>.[\/vc_column_text][vc_single_image image=&#8221;13872&#8243; img_size=&#8221;large&#8221; add_caption=&#8221;yes&#8221; alignment=&#8221;center&#8221; onclick=&#8221;link_image&#8221; css_animation=&#8221;fadeIn&#8221;][vc_column_text css_animation=&#8221;fadeIn&#8221;]\u010cesk\u00e9ho pilota s bohat\u00fdmi zku\u0161enostmi z jihoamerick\u00fdch ro\u010dn\u00edk\u016f Rally Dakar p\u0159ekvapila p\u0159\u00edsn\u00e1 pravidla pohybu cizinc\u016f po Sa\u00fadsk\u00e9 Ar\u00e1bii: <em>\u201eNa leti\u0161ti jsme p\u0159i p\u0159\u00edletu \u010dekali ve front\u011b hodinu a p\u016fl na odbaven\u00ed, proto\u017ee ka\u017ed\u00fd musel mimo jin\u00e9 d\u00e1t otisk prstu. To sam\u00e9 se opakovalo i p\u0159i n\u00e1kupu m\u00edstn\u00ed SIM karty. N\u011bco takov\u00e9ho jsem na Dakaru je\u0161t\u011b neza\u017eil.\u201c<\/em><\/p>\n<p>Tom\u00e1\u0161e Ou\u0159edn\u00ed\u010dka pochopiteln\u011b zas\u00e1hla <a href=\"\/index.php\/2020\/01\/02\/dakar-kolomy-nejede\/\">nehoda Martina Kolom\u00e9ho<\/a>, kter\u00fd si podle vyj\u00e1d\u0159en\u00ed t\u00fdmu MP-Sports po karambolu p\u0159i testov\u00e1n\u00ed Fordu Raptor zlomil dva obratle. Do sout\u011b\u017ee tak nezas\u00e1hne. M\u00edsto toho jej \u010dek\u00e1 operace.<\/p>\n<p><em>\u201eMoc m\u011b to mrz\u00ed. Martina jsem nav\u00edc do t\u00fdmu MP-Sports, se kter\u00fdm m\u00e1m zku\u0161enosti, doporu\u010dil. Te\u010f ho \u010dek\u00e1 dlouh\u00e1 cesta k n\u00e1vratu do z\u00e1vodn\u00ed seda\u010dky, kter\u00e1 bude n\u00e1ro\u010dn\u00e1 fyzicky, ale hlavn\u011b psychicky. P\u0159eju mu brzk\u00e9 uzdraven\u00ed a pevnou v\u016fli,\u201c<\/em> uzav\u00edr\u00e1 Tom\u00e1\u0161 Ou\u0159edn\u00ed\u010dek.<\/p>\n<p>Ou\u0159edn\u00ed\u010dek si po \u010dtvrte\u010dn\u00edm a kr\u00e1tk\u00e9m p\u00e1te\u010dn\u00edm otestov\u00e1n\u00ed auta pochvaloval nov\u00fd motor sv\u00e9ho Fordu i pneumatiky Goodyear, kter\u00e9 se osv\u011bd\u010dily na nezvykle rozm\u011bkl\u00e9m p\u00edsku, a u\u017e netrp\u011bliv\u011b vyhl\u00ed\u017e\u00ed ned\u011bln\u00ed ostr\u00fd start <a href=\"\/index.php\/souteze\/dakar-2020\/\">42. ro\u010dn\u00edku Rally Dakar<\/a>. V sobotu je na programu zahajovac\u00ed startovn\u00ed ceremoni\u00e1l.<\/p>\n<p>Tiskov\u00e1 zpr\u00e1va t\u00fdmu Ultimate Dakar Racing [editov\u00e1no][\/vc_column_text][vc_empty_space height=&#8221;2px&#8221;][\/vc_column][\/vc_row]<\/p>\n","protected":false},"excerpt":{"rendered":"<p>T\u00fdm Ultimate Dakar Racing s pos\u00e1dkou Tom\u00e1\u0161 Ou\u0159edn\u00ed\u010dek, David K\u0159\u00edpal u\u017e byl vta\u017een do d\u011bn\u00ed kolem Rally Dakar 2020.<\/p>\n","protected":false},"author":3,"featured_media":13871,"comment_status":"open","ping_status":"closed","sticky":false,"template":"","format":"standard","meta":{"footnotes":""},"categories":[637],"tags":[903,8,159,10,11,1636,116,7,1635],"class_list":["post-13874","post","type-post","status-publish","format-standard","has-post-thumbnail","hentry","category-tiskove-zpravy","tag-903","tag-dakar","tag-dakar-2020","tag-david-kripal","tag-ford","tag-jiri-sivek","tag-lukas-kalanka","tag-tomas-ourednicek","tag-ultimate-dakar-racing"],"yoast_head":"<!-- This site is optimized with the Yoast SEO plugin v24.9 - https:\/\/yoast.com\/wordpress\/plugins\/seo\/ -->\n<title>Ou\u0159edn\u00ed\u010dk\u016fv t\u00fdm p\u0159ed Dakarem: Zapomenut\u00fd pas i rozbit\u00e1 hlava - DAKARMANIA.cz<\/title>\n<meta name=\"description\" content=\"T\u00fdm Ultimate Dakar Racing s pos\u00e1dkou Tom\u00e1\u0161 Ou\u0159edn\u00ed\u010dek, David K\u0159\u00edpal u\u017e byl vta\u017een do d\u011bn\u00ed kolem Rally Dakar 2020.\" \/>\n<meta name=\"robots\" content=\"index, follow, max-snippet:-1, max-image-preview:large, max-video-preview:-1\" \/>\n<link rel=\"canonical\" href=\"https:\/\/www.dakarmania.cz\/index.php\/2020\/01\/03\/ourednickuv-tym-pred-dakarem\/\" \/>\n<meta property=\"og:locale\" content=\"cs_CZ\" \/>\n<meta property=\"og:type\" content=\"article\" \/>\n<meta property=\"og:title\" content=\"Ou\u0159edn\u00ed\u010dk\u016fv t\u00fdm p\u0159ed Dakarem: Zapomenut\u00fd pas i rozbit\u00e1 hlava - DAKARMANIA.cz\" \/>\n<meta property=\"og:description\" content=\"T\u00fdm Ultimate Dakar Racing s pos\u00e1dkou Tom\u00e1\u0161 Ou\u0159edn\u00ed\u010dek, David K\u0159\u00edpal u\u017e byl vta\u017een do d\u011bn\u00ed kolem Rally Dakar 2020.\" \/>\n<meta property=\"og:url\" content=\"https:\/\/www.dakarmania.cz\/index.php\/2020\/01\/03\/ourednickuv-tym-pred-dakarem\/\" \/>\n<meta property=\"og:site_name\" content=\"DAKARMANIA.cz\" \/>\n<meta property=\"article:publisher\" content=\"https:\/\/www.facebook.com\/dakarmania\/\" \/>\n<meta property=\"article:published_time\" content=\"2020-01-03T22:16:55+00:00\" \/>\n<meta property=\"og:image\" content=\"https:\/\/www.dakarmania.cz\/wp-content\/uploads\/2020\/01\/20-dakar-ourednicek-01.jpg\" \/>\n\t<meta property=\"og:image:width\" content=\"1024\" \/>\n\t<meta property=\"og:image:height\" content=\"684\" \/>\n\t<meta property=\"og:image:type\" content=\"image\/jpeg\" \/>\n<meta name=\"author\" content=\"tiskov\u00e1 zpr\u00e1va\" \/>\n<meta name=\"twitter:card\" content=\"summary_large_image\" \/>\n<meta name=\"twitter:label1\" content=\"Napsal(a)\" \/>\n\t<meta name=\"twitter:data1\" content=\"tiskov\u00e1 zpr\u00e1va\" \/>\n\t<meta name=\"twitter:label2\" content=\"Odhadovan\u00e1 doba \u010dten\u00ed\" \/>\n\t<meta name=\"twitter:data2\" content=\"3 minuty\" \/>\n<script type=\"application\/ld+json\" class=\"yoast-schema-graph\">{\"@context\":\"https:\/\/schema.org\",\"@graph\":[{\"@type\":\"Article\",\"@id\":\"https:\/\/www.dakarmania.cz\/index.php\/2020\/01\/03\/ourednickuv-tym-pred-dakarem\/#article\",\"isPartOf\":{\"@id\":\"https:\/\/www.dakarmania.cz\/index.php\/2020\/01\/03\/ourednickuv-tym-pred-dakarem\/\"},\"author\":{\"name\":\"tiskov\u00e1 zpr\u00e1va\",\"@id\":\"https:\/\/www.dakarmania.cz\/#\/schema\/person\/bce8d1fe3633b1178e150fc5e340d5dd\"},\"headline\":\"Ou\u0159edn\u00ed\u010dk\u016fv t\u00fdm p\u0159ed Dakarem: Zapomenut\u00fd pas i rozbit\u00e1 hlava\",\"datePublished\":\"2020-01-03T22:16:55+00:00\",\"mainEntityOfPage\":{\"@id\":\"https:\/\/www.dakarmania.cz\/index.php\/2020\/01\/03\/ourednickuv-tym-pred-dakarem\/\"},\"wordCount\":615,\"commentCount\":0,\"publisher\":{\"@id\":\"https:\/\/www.dakarmania.cz\/#organization\"},\"image\":{\"@id\":\"https:\/\/www.dakarmania.cz\/index.php\/2020\/01\/03\/ourednickuv-tym-pred-dakarem\/#primaryimage\"},\"thumbnailUrl\":\"https:\/\/www.dakarmania.cz\/wp-content\/uploads\/2020\/01\/20-dakar-ourednicek-01.jpg\",\"keywords\":[\"2020\",\"Dakar\",\"Dakar 2020\",\"David K\u0159\u00edpal\",\"Ford\",\"Ji\u0159\u00ed Sivek\",\"Luk\u00e1\u0161 Kalanka\",\"Tom\u00e1\u0161 Ou\u0159edn\u00ed\u010dek\",\"Ultimate Dakar Racing\"],\"articleSection\":[\"Tiskov\u00e9 zpr\u00e1vy\"],\"inLanguage\":\"cs\",\"potentialAction\":[{\"@type\":\"CommentAction\",\"name\":\"Comment\",\"target\":[\"https:\/\/www.dakarmania.cz\/index.php\/2020\/01\/03\/ourednickuv-tym-pred-dakarem\/#respond\"]}]},{\"@type\":\"WebPage\",\"@id\":\"https:\/\/www.dakarmania.cz\/index.php\/2020\/01\/03\/ourednickuv-tym-pred-dakarem\/\",\"url\":\"https:\/\/www.dakarmania.cz\/index.php\/2020\/01\/03\/ourednickuv-tym-pred-dakarem\/\",\"name\":\"Ou\u0159edn\u00ed\u010dk\u016fv t\u00fdm p\u0159ed Dakarem: Zapomenut\u00fd pas i rozbit\u00e1 hlava - DAKARMANIA.cz\",\"isPartOf\":{\"@id\":\"https:\/\/www.dakarmania.cz\/#website\"},\"primaryImageOfPage\":{\"@id\":\"https:\/\/www.dakarmania.cz\/index.php\/2020\/01\/03\/ourednickuv-tym-pred-dakarem\/#primaryimage\"},\"image\":{\"@id\":\"https:\/\/www.dakarmania.cz\/index.php\/2020\/01\/03\/ourednickuv-tym-pred-dakarem\/#primaryimage\"},\"thumbnailUrl\":\"https:\/\/www.dakarmania.cz\/wp-content\/uploads\/2020\/01\/20-dakar-ourednicek-01.jpg\",\"datePublished\":\"2020-01-03T22:16:55+00:00\",\"description\":\"T\u00fdm Ultimate Dakar Racing s pos\u00e1dkou Tom\u00e1\u0161 Ou\u0159edn\u00ed\u010dek, David K\u0159\u00edpal u\u017e byl vta\u017een do d\u011bn\u00ed kolem Rally Dakar 2020.\",\"breadcrumb\":{\"@id\":\"https:\/\/www.dakarmania.cz\/index.php\/2020\/01\/03\/ourednickuv-tym-pred-dakarem\/#breadcrumb\"},\"inLanguage\":\"cs\",\"potentialAction\":[{\"@type\":\"ReadAction\",\"target\":[\"https:\/\/www.dakarmania.cz\/index.php\/2020\/01\/03\/ourednickuv-tym-pred-dakarem\/\"]}]},{\"@type\":\"ImageObject\",\"inLanguage\":\"cs\",\"@id\":\"https:\/\/www.dakarmania.cz\/index.php\/2020\/01\/03\/ourednickuv-tym-pred-dakarem\/#primaryimage\",\"url\":\"https:\/\/www.dakarmania.cz\/wp-content\/uploads\/2020\/01\/20-dakar-ourednicek-01.jpg\",\"contentUrl\":\"https:\/\/www.dakarmania.cz\/wp-content\/uploads\/2020\/01\/20-dakar-ourednicek-01.jpg\",\"width\":1024,\"height\":684,\"caption\":\"Tom\u00e1\u0161 Ou\u0159edn\u00ed\u010dek\/David K\u0159\u00edpal, Ford Ranger, Ultimate Dakar Racing. Shakedown p\u0159ed Rally Dakar 2020. \u00a9 Ultimate Dakar Racing\"},{\"@type\":\"BreadcrumbList\",\"@id\":\"https:\/\/www.dakarmania.cz\/index.php\/2020\/01\/03\/ourednickuv-tym-pred-dakarem\/#breadcrumb\",\"itemListElement\":[{\"@type\":\"ListItem\",\"position\":1,\"name\":\"Dom\u016f\",\"item\":\"https:\/\/www.dakarmania.cz\/\"},{\"@type\":\"ListItem\",\"position\":2,\"name\":\"Ou\u0159edn\u00ed\u010dk\u016fv t\u00fdm p\u0159ed Dakarem: Zapomenut\u00fd pas i rozbit\u00e1 hlava\"}]},{\"@type\":\"WebSite\",\"@id\":\"https:\/\/www.dakarmania.cz\/#website\",\"url\":\"https:\/\/www.dakarmania.cz\/\",\"name\":\"DAKARMANIA.cz\",\"description\":\"\u017dijeme Dakarem cel\u00fd rok\",\"publisher\":{\"@id\":\"https:\/\/www.dakarmania.cz\/#organization\"},\"potentialAction\":[{\"@type\":\"SearchAction\",\"target\":{\"@type\":\"EntryPoint\",\"urlTemplate\":\"https:\/\/www.dakarmania.cz\/?s={search_term_string}\"},\"query-input\":{\"@type\":\"PropertyValueSpecification\",\"valueRequired\":true,\"valueName\":\"search_term_string\"}}],\"inLanguage\":\"cs\"},{\"@type\":\"Organization\",\"@id\":\"https:\/\/www.dakarmania.cz\/#organization\",\"name\":\"DAKAR MANIA\",\"url\":\"https:\/\/www.dakarmania.cz\/\",\"logo\":{\"@type\":\"ImageObject\",\"inLanguage\":\"cs\",\"@id\":\"https:\/\/www.dakarmania.cz\/#\/schema\/logo\/image\/\",\"url\":\"https:\/\/www.dakarmania.cz\/wp-content\/uploads\/2018\/12\/Dakar-Mania-Logo-Square-Orange.png\",\"contentUrl\":\"https:\/\/www.dakarmania.cz\/wp-content\/uploads\/2018\/12\/Dakar-Mania-Logo-Square-Orange.png\",\"width\":992,\"height\":992,\"caption\":\"DAKAR MANIA\"},\"image\":{\"@id\":\"https:\/\/www.dakarmania.cz\/#\/schema\/logo\/image\/\"},\"sameAs\":[\"https:\/\/www.facebook.com\/dakarmania\/\"]},{\"@type\":\"Person\",\"@id\":\"https:\/\/www.dakarmania.cz\/#\/schema\/person\/bce8d1fe3633b1178e150fc5e340d5dd\",\"name\":\"tiskov\u00e1 zpr\u00e1va\",\"image\":{\"@type\":\"ImageObject\",\"inLanguage\":\"cs\",\"@id\":\"https:\/\/www.dakarmania.cz\/#\/schema\/person\/image\/\",\"url\":\"https:\/\/secure.gravatar.com\/avatar\/19aefcb6c7bfae691fca4d805686c670f59bb4f7414c7b398b88dc9c8f4e96d5?s=96&d=mm&r=g\",\"contentUrl\":\"https:\/\/secure.gravatar.com\/avatar\/19aefcb6c7bfae691fca4d805686c670f59bb4f7414c7b398b88dc9c8f4e96d5?s=96&d=mm&r=g\",\"caption\":\"tiskov\u00e1 zpr\u00e1va\"},\"url\":\"https:\/\/www.dakarmania.cz\/index.php\/author\/tiskovezpravy\/\"}]}<\/script>\n<!-- \/ Yoast SEO plugin. -->","yoast_head_json":{"title":"Ou\u0159edn\u00ed\u010dk\u016fv t\u00fdm p\u0159ed Dakarem: Zapomenut\u00fd pas i rozbit\u00e1 hlava - DAKARMANIA.cz","description":"T\u00fdm Ultimate Dakar Racing s pos\u00e1dkou Tom\u00e1\u0161 Ou\u0159edn\u00ed\u010dek, David K\u0159\u00edpal u\u017e byl vta\u017een do d\u011bn\u00ed kolem Rally Dakar 2020.","robots":{"index":"index","follow":"follow","max-snippet":"max-snippet:-1","max-image-preview":"max-image-preview:large","max-video-preview":"max-video-preview:-1"},"canonical":"https:\/\/www.dakarmania.cz\/index.php\/2020\/01\/03\/ourednickuv-tym-pred-dakarem\/","og_locale":"cs_CZ","og_type":"article","og_title":"Ou\u0159edn\u00ed\u010dk\u016fv t\u00fdm p\u0159ed Dakarem: Zapomenut\u00fd pas i rozbit\u00e1 hlava - DAKARMANIA.cz","og_description":"T\u00fdm Ultimate Dakar Racing s pos\u00e1dkou Tom\u00e1\u0161 Ou\u0159edn\u00ed\u010dek, David K\u0159\u00edpal u\u017e byl vta\u017een do d\u011bn\u00ed kolem Rally Dakar 2020.","og_url":"https:\/\/www.dakarmania.cz\/index.php\/2020\/01\/03\/ourednickuv-tym-pred-dakarem\/","og_site_name":"DAKARMANIA.cz","article_publisher":"https:\/\/www.facebook.com\/dakarmania\/","article_published_time":"2020-01-03T22:16:55+00:00","og_image":[{"width":1024,"height":684,"url":"https:\/\/www.dakarmania.cz\/wp-content\/uploads\/2020\/01\/20-dakar-ourednicek-01.jpg","type":"image\/jpeg"}],"author":"tiskov\u00e1 zpr\u00e1va","twitter_card":"summary_large_image","twitter_misc":{"Napsal(a)":"tiskov\u00e1 zpr\u00e1va","Odhadovan\u00e1 doba \u010dten\u00ed":"3 minuty"},"schema":{"@context":"https:\/\/schema.org","@graph":[{"@type":"Article","@id":"https:\/\/www.dakarmania.cz\/index.php\/2020\/01\/03\/ourednickuv-tym-pred-dakarem\/#article","isPartOf":{"@id":"https:\/\/www.dakarmania.cz\/index.php\/2020\/01\/03\/ourednickuv-tym-pred-dakarem\/"},"author":{"name":"tiskov\u00e1 zpr\u00e1va","@id":"https:\/\/www.dakarmania.cz\/#\/schema\/person\/bce8d1fe3633b1178e150fc5e340d5dd"},"headline":"Ou\u0159edn\u00ed\u010dk\u016fv t\u00fdm p\u0159ed Dakarem: Zapomenut\u00fd pas i rozbit\u00e1 hlava","datePublished":"2020-01-03T22:16:55+00:00","mainEntityOfPage":{"@id":"https:\/\/www.dakarmania.cz\/index.php\/2020\/01\/03\/ourednickuv-tym-pred-dakarem\/"},"wordCount":615,"commentCount":0,"publisher":{"@id":"https:\/\/www.dakarmania.cz\/#organization"},"image":{"@id":"https:\/\/www.dakarmania.cz\/index.php\/2020\/01\/03\/ourednickuv-tym-pred-dakarem\/#primaryimage"},"thumbnailUrl":"https:\/\/www.dakarmania.cz\/wp-content\/uploads\/2020\/01\/20-dakar-ourednicek-01.jpg","keywords":["2020","Dakar","Dakar 2020","David K\u0159\u00edpal","Ford","Ji\u0159\u00ed Sivek","Luk\u00e1\u0161 Kalanka","Tom\u00e1\u0161 Ou\u0159edn\u00ed\u010dek","Ultimate Dakar Racing"],"articleSection":["Tiskov\u00e9 zpr\u00e1vy"],"inLanguage":"cs","potentialAction":[{"@type":"CommentAction","name":"Comment","target":["https:\/\/www.dakarmania.cz\/index.php\/2020\/01\/03\/ourednickuv-tym-pred-dakarem\/#respond"]}]},{"@type":"WebPage","@id":"https:\/\/www.dakarmania.cz\/index.php\/2020\/01\/03\/ourednickuv-tym-pred-dakarem\/","url":"https:\/\/www.dakarmania.cz\/index.php\/2020\/01\/03\/ourednickuv-tym-pred-dakarem\/","name":"Ou\u0159edn\u00ed\u010dk\u016fv t\u00fdm p\u0159ed Dakarem: Zapomenut\u00fd pas i rozbit\u00e1 hlava - DAKARMANIA.cz","isPartOf":{"@id":"https:\/\/www.dakarmania.cz\/#website"},"primaryImageOfPage":{"@id":"https:\/\/www.dakarmania.cz\/index.php\/2020\/01\/03\/ourednickuv-tym-pred-dakarem\/#primaryimage"},"image":{"@id":"https:\/\/www.dakarmania.cz\/index.php\/2020\/01\/03\/ourednickuv-tym-pred-dakarem\/#primaryimage"},"thumbnailUrl":"https:\/\/www.dakarmania.cz\/wp-content\/uploads\/2020\/01\/20-dakar-ourednicek-01.jpg","datePublished":"2020-01-03T22:16:55+00:00","description":"T\u00fdm Ultimate Dakar Racing s pos\u00e1dkou Tom\u00e1\u0161 Ou\u0159edn\u00ed\u010dek, David K\u0159\u00edpal u\u017e byl vta\u017een do d\u011bn\u00ed kolem Rally Dakar 2020.","breadcrumb":{"@id":"https:\/\/www.dakarmania.cz\/index.php\/2020\/01\/03\/ourednickuv-tym-pred-dakarem\/#breadcrumb"},"inLanguage":"cs","potentialAction":[{"@type":"ReadAction","target":["https:\/\/www.dakarmania.cz\/index.php\/2020\/01\/03\/ourednickuv-tym-pred-dakarem\/"]}]},{"@type":"ImageObject","inLanguage":"cs","@id":"https:\/\/www.dakarmania.cz\/index.php\/2020\/01\/03\/ourednickuv-tym-pred-dakarem\/#primaryimage","url":"https:\/\/www.dakarmania.cz\/wp-content\/uploads\/2020\/01\/20-dakar-ourednicek-01.jpg","contentUrl":"https:\/\/www.dakarmania.cz\/wp-content\/uploads\/2020\/01\/20-dakar-ourednicek-01.jpg","width":1024,"height":684,"caption":"Tom\u00e1\u0161 Ou\u0159edn\u00ed\u010dek\/David K\u0159\u00edpal, Ford Ranger, Ultimate Dakar Racing. Shakedown p\u0159ed Rally Dakar 2020. \u00a9 Ultimate Dakar Racing"},{"@type":"BreadcrumbList","@id":"https:\/\/www.dakarmania.cz\/index.php\/2020\/01\/03\/ourednickuv-tym-pred-dakarem\/#breadcrumb","itemListElement":[{"@type":"ListItem","position":1,"name":"Dom\u016f","item":"https:\/\/www.dakarmania.cz\/"},{"@type":"ListItem","position":2,"name":"Ou\u0159edn\u00ed\u010dk\u016fv t\u00fdm p\u0159ed Dakarem: Zapomenut\u00fd pas i rozbit\u00e1 hlava"}]},{"@type":"WebSite","@id":"https:\/\/www.dakarmania.cz\/#website","url":"https:\/\/www.dakarmania.cz\/","name":"DAKARMANIA.cz","description":"\u017dijeme Dakarem cel\u00fd rok","publisher":{"@id":"https:\/\/www.dakarmania.cz\/#organization"},"potentialAction":[{"@type":"SearchAction","target":{"@type":"EntryPoint","urlTemplate":"https:\/\/www.dakarmania.cz\/?s={search_term_string}"},"query-input":{"@type":"PropertyValueSpecification","valueRequired":true,"valueName":"search_term_string"}}],"inLanguage":"cs"},{"@type":"Organization","@id":"https:\/\/www.dakarmania.cz\/#organization","name":"DAKAR MANIA","url":"https:\/\/www.dakarmania.cz\/","logo":{"@type":"ImageObject","inLanguage":"cs","@id":"https:\/\/www.dakarmania.cz\/#\/schema\/logo\/image\/","url":"https:\/\/www.dakarmania.cz\/wp-content\/uploads\/2018\/12\/Dakar-Mania-Logo-Square-Orange.png","contentUrl":"https:\/\/www.dakarmania.cz\/wp-content\/uploads\/2018\/12\/Dakar-Mania-Logo-Square-Orange.png","width":992,"height":992,"caption":"DAKAR MANIA"},"image":{"@id":"https:\/\/www.dakarmania.cz\/#\/schema\/logo\/image\/"},"sameAs":["https:\/\/www.facebook.com\/dakarmania\/"]},{"@type":"Person","@id":"https:\/\/www.dakarmania.cz\/#\/schema\/person\/bce8d1fe3633b1178e150fc5e340d5dd","name":"tiskov\u00e1 zpr\u00e1va","image":{"@type":"ImageObject","inLanguage":"cs","@id":"https:\/\/www.dakarmania.cz\/#\/schema\/person\/image\/","url":"https:\/\/secure.gravatar.com\/avatar\/19aefcb6c7bfae691fca4d805686c670f59bb4f7414c7b398b88dc9c8f4e96d5?s=96&d=mm&r=g","contentUrl":"https:\/\/secure.gravatar.com\/avatar\/19aefcb6c7bfae691fca4d805686c670f59bb4f7414c7b398b88dc9c8f4e96d5?s=96&d=mm&r=g","caption":"tiskov\u00e1 zpr\u00e1va"},"url":"https:\/\/www.dakarmania.cz\/index.php\/author\/tiskovezpravy\/"}]}},"amp_enabled":true,"_links":{"self":[{"href":"https:\/\/www.dakarmania.cz\/index.php\/wp-json\/wp\/v2\/posts\/13874","targetHints":{"allow":["GET"]}}],"collection":[{"href":"https:\/\/www.dakarmania.cz\/index.php\/wp-json\/wp\/v2\/posts"}],"about":[{"href":"https:\/\/www.dakarmania.cz\/index.php\/wp-json\/wp\/v2\/types\/post"}],"author":[{"embeddable":true,"href":"https:\/\/www.dakarmania.cz\/index.php\/wp-json\/wp\/v2\/users\/3"}],"replies":[{"embeddable":true,"href":"https:\/\/www.dakarmania.cz\/index.php\/wp-json\/wp\/v2\/comments?post=13874"}],"version-history":[{"count":1,"href":"https:\/\/www.dakarmania.cz\/index.php\/wp-json\/wp\/v2\/posts\/13874\/revisions"}],"predecessor-version":[{"id":13875,"href":"https:\/\/www.dakarmania.cz\/index.php\/wp-json\/wp\/v2\/posts\/13874\/revisions\/13875"}],"wp:featuredmedia":[{"embeddable":true,"href":"https:\/\/www.dakarmania.cz\/index.php\/wp-json\/wp\/v2\/media\/13871"}],"wp:attachment":[{"href":"https:\/\/www.dakarmania.cz\/index.php\/wp-json\/wp\/v2\/media?parent=13874"}],"wp:term":[{"taxonomy":"category","embeddable":true,"href":"https:\/\/www.dakarmania.cz\/index.php\/wp-json\/wp\/v2\/categories?post=13874"},{"taxonomy":"post_tag","embeddable":true,"href":"https:\/\/www.dakarmania.cz\/index.php\/wp-json\/wp\/v2\/tags?post=13874"}],"curies":[{"name":"wp","href":"https:\/\/api.w.org\/{rel}","templated":true}]}}