{"id":1392,"date":"2019-01-02T22:35:19","date_gmt":"2019-01-02T22:35:19","guid":{"rendered":"https:\/\/www.dakarmania.cz\/?p=1392"},"modified":"2019-01-03T01:56:19","modified_gmt":"2019-01-03T01:56:19","slug":"africa-race-2019-ullevalseter-vyhral-etapu-kvapil-ztratil","status":"publish","type":"post","link":"https:\/\/www.dakarmania.cz\/index.php\/2019\/01\/02\/africa-race-2019-ullevalseter-vyhral-etapu-kvapil-ztratil\/","title":{"rendered":"Africa Race 2019: Ullev\u00e5lseter vyhr\u00e1l etapu, Kvapil ztratil"},"content":{"rendered":"<p>[vc_row][vc_column][vc_column_text]<\/p>\n<h4>P\u00e5l Anders Ullev\u00e5lseter na motocyklu KTM vyhr\u00e1l druhou etapu Africa Eco Race 2019 a p\u0159ibl\u00ed\u017eil se vedouc\u00edmu Alessandru Botturimu. Krok s nejlep\u0161\u00edmi dr\u017e\u00ed Slov\u00e1k Martin Benko.<\/h4>\n<p>Do etapy z Le Momie do Agdalu vyr\u00e1\u017eel dvojn\u00e1sobn\u00fd v\u00edt\u011bz Africa Eco Race dv\u011b minuty za Botturim, kter\u00fd s Yamahou <a href=\"https:\/\/www.dakarmania.cz\/index.php\/2019\/01\/01\/africa-race-2019-botturi-zacal-zostra-kvapil-sestnacty\/\">vyhr\u00e1l \u00fatern\u00ed speci\u00e1lku<\/a>. U\u017e po 80 ze 434 kilometr\u016f dne\u0161n\u00ed rychlostn\u00ed zkou\u0161ky dok\u00e1zal Nor sv\u00e9ho soupe\u0159e dostihnout a a\u017e do c\u00edle se dr\u017eel na dohled. D\u00edky tomu umazal z Italova n\u00e1skoku rovn\u00fdch sto sekund. P\u0159ed t\u0159et\u00ed etapou oba d\u011bl\u00ed \u010dty\u0159i a p\u016fl minuty.<\/p>\n<p><em>\u201eByla to dlouh\u00e1 a r\u016fznorod\u00e1 speci\u00e1lka,\u201c<\/em> hodnotil <strong>Alessandro Botturi<\/strong>. <em>\u201eNavigace nebyla jednoduch\u00e1, ale je\u0161t\u011b nikdy jsem nevid\u011bl tak precizn\u00ed roadbook, jako je tento. S P\u00e5lem Andersem jsme dnes spole\u010dn\u011b na motork\u00e1ch str\u00e1vili p\u011bt hodin a 430 kilometr\u016f. Je mi pot\u011b\u0161en\u00edm jet spole\u010dn\u011b s n\u00edm. Dob\u0159e jsme spolupracovali.\u201c<\/em>[\/vc_column_text][vc_single_image image=&#8221;1391&#8243; img_size=&#8221;large&#8221; add_caption=&#8221;yes&#8221; alignment=&#8221;center&#8221;][vc_separator][vc_column_text]T\u0159et\u00ed \u010das dne zaznamenal Simone Agazzi s Hondou. V pr\u016fb\u011b\u017en\u00e9m hodnocen\u00ed kategorie motocykl\u016f posko\u010dil Ital ze \u0161est\u00e9 na t\u0159et\u00ed p\u0159\u00ed\u010dku, ov\u0161em jeho ztr\u00e1ta na prvn\u00edho Botturiho je u\u017e skoro p\u016flhodinov\u00e1.<\/p>\n<p>Slov\u00e1k Martin Benko (KTM) byl p\u0159ed dv\u011bma lety na Africa Eco Race t\u0159et\u00ed a na um\u00edst\u011bn\u00ed na stupn\u00edch v\u00edt\u011bz\u016f si brous\u00ed zuby znovu. Ve druh\u00e9 etap\u011b zaznamenal stejn\u00fd progres jako Agazzi, kdy\u017e ze sedm\u00e9ho vystoupal na \u010dtvrt\u00e9 m\u00edsto.<\/p>\n<p>Spokojen\u00fd ve st\u0159edu nebyl Luk\u00e1\u0161 Kvapil (Husqvarna), kter\u00fd se v prvn\u00edch dun\u00e1ch tr\u00e1pil. Na trati str\u00e1vil t\u00e9m\u011b\u0159 o \u010dty\u0159i hodiny v\u00edce ne\u017e nejrychlej\u0161\u00ed Ullev\u00e5lseter a v pr\u016fb\u011b\u017en\u00e9 klasifikaci motocyklist\u016f mu pat\u0159\u00ed 35. pozice.<\/p>\n<p>Ve \u010dtvrtek 3. ledna je na programu t\u0159et\u00ed marock\u00e1 etapa z Agdalu do Assy. Ze 415 kilometr\u016f se nebude z\u00e1vodit jen na posledn\u00edch \u010dtrn\u00e1cti. Na pos\u00e1dky \u010dekaj\u00ed rychl\u00e9, by\u0165 kamenit\u00e9 marock\u00e9 cesty i pr\u016fjezd hornatou oblast\u00ed.[\/vc_column_text][vc_column_text]<\/p>\n<table style=\"width: 97.7654%;\" cellpadding=\"10\">\n<thead>\n<tr style=\"background-color: #ff7d0e;\">\n<td style=\"width: 6.51685%;\" colspan=\"4\"><strong>Africa Eco Race 2019 &#8211; MOTOCYKLY po 2. etap\u011b<\/strong><\/td>\n<\/tr>\n<\/thead>\n<tbody>\n<tr>\n<td style=\"width: 6.51685%;\">1.<\/td>\n<td style=\"width: 39.6629%;\">Alessandro Botturi<\/td>\n<td style=\"width: 29.2135%;\">Yamaha<\/td>\n<td style=\"width: 23.4831%;\">6:32:32<\/td>\n<\/tr>\n<tr>\n<td style=\"width: 6.51685%;\">2.<\/td>\n<td style=\"width: 39.6629%;\">P\u00e5l Anders Ullev\u00e5lseter<\/td>\n<td style=\"width: 29.2135%;\">KTM<\/td>\n<td style=\"width: 23.4831%;\">+4:29<\/td>\n<\/tr>\n<tr>\n<td style=\"width: 6.51685%;\">3.<\/td>\n<td style=\"width: 39.6629%;\">Simone Agazzi<\/td>\n<td style=\"width: 29.2135%;\">Honda<\/td>\n<td style=\"width: 23.4831%;\">+27:21<\/td>\n<\/tr>\n<tr>\n<td style=\"width: 6.51685%;\">4.<\/td>\n<td style=\"width: 39.6629%;\">Martin Benko<\/td>\n<td style=\"width: 29.2135%;\">KTM<\/td>\n<td style=\"width: 23.4831%;\">+44:09<\/td>\n<\/tr>\n<tr>\n<td style=\"width: 6.51685%;\">5.<\/td>\n<td style=\"width: 39.6629%;\">Felix Jensen<\/td>\n<td style=\"width: 29.2135%;\">KTM<\/td>\n<td style=\"width: 23.4831%;\">+1:01:19<\/td>\n<\/tr>\n<tr>\n<td style=\"width: 6.51685%;\">15.<\/td>\n<td style=\"width: 39.6629%;\">J\u00e1n Za\u0165ko<\/td>\n<td style=\"width: 29.2135%;\">KTM<\/td>\n<td style=\"width: 23.4831%;\">+2:05:51<\/td>\n<\/tr>\n<tr>\n<td style=\"width: 6.51685%;\">35.<\/td>\n<td style=\"width: 39.6629%;\">Luk\u00e1\u0161 Kvapil<\/td>\n<td style=\"width: 29.2135%;\">Husqvarna<\/td>\n<td style=\"width: 23.4831%;\">+4:07:04<\/td>\n<\/tr>\n<\/tbody>\n<\/table>\n<p>[\/vc_column_text][\/vc_column][\/vc_row]<\/p>\n","protected":false},"excerpt":{"rendered":"<p>[vc_row][vc_column][vc_column_text] P\u00e5l Anders Ullev\u00e5lseter na motocyklu KTM vyhr\u00e1l druhou etapu Africa Eco Race 2019 a p\u0159ibl\u00ed\u017eil se vedouc\u00edmu Alessandru Botturimu. Krok s nejlep\u0161\u00edmi dr\u017e\u00ed Slov\u00e1k Martin Benko. Do etapy z Le Momie do Agdalu vyr\u00e1\u017eel dvojn\u00e1sobn\u00fd v\u00edt\u011bz Africa Eco Race dv\u011b minuty za Botturim, kter\u00fd s Yamahou vyhr\u00e1l \u00fatern\u00ed speci\u00e1lku. U\u017e po 80 ze 434 [&hellip;]<\/p>\n","protected":false},"author":1,"featured_media":1390,"comment_status":"open","ping_status":"closed","sticky":false,"template":"","format":"standard","meta":{"footnotes":""},"categories":[119,15],"tags":[120,121,167,129,64,63,140,139,171,169,172,168],"class_list":["post-1392","post","type-post","status-publish","format-standard","has-post-thumbnail","hentry","category-africa-eco-race","category-moto-quad","tag-aer","tag-aer-2019","tag-alessandro-botturi","tag-honda","tag-husqvarna","tag-ktm","tag-lr-horse-power","tag-lukas-kvapil","tag-martin-benko","tag-pal-anders-ullevalseter","tag-simone-agazzi","tag-yamaha"],"yoast_head":"<!-- This site is optimized with the Yoast SEO plugin v24.9 - https:\/\/yoast.com\/wordpress\/plugins\/seo\/ -->\n<title>Africa Race 2019: Ullev\u00e5lseter vyhr\u00e1l etapu, Kvapil ztratil - DAKARMANIA.cz<\/title>\n<meta name=\"description\" content=\"P\u00e5l Anders Ullev\u00e5lseter na motocyklu KTM vyhr\u00e1l druhou etapu Africa Eco Race 2019 a p\u0159ibl\u00ed\u017eil se vedouc\u00edmu Alessandru Botturimu.\" \/>\n<meta name=\"robots\" content=\"index, follow, max-snippet:-1, max-image-preview:large, max-video-preview:-1\" \/>\n<link rel=\"canonical\" href=\"https:\/\/www.dakarmania.cz\/index.php\/2019\/01\/02\/africa-race-2019-ullevalseter-vyhral-etapu-kvapil-ztratil\/\" \/>\n<meta property=\"og:locale\" content=\"cs_CZ\" \/>\n<meta property=\"og:type\" content=\"article\" \/>\n<meta property=\"og:title\" content=\"Africa Race 2019: Ullev\u00e5lseter vyhr\u00e1l etapu, Kvapil ztratil - DAKARMANIA.cz\" \/>\n<meta property=\"og:description\" content=\"P\u00e5l Anders Ullev\u00e5lseter na motocyklu KTM vyhr\u00e1l druhou etapu Africa Eco Race 2019 a p\u0159ibl\u00ed\u017eil se vedouc\u00edmu Alessandru Botturimu.\" \/>\n<meta property=\"og:url\" content=\"https:\/\/www.dakarmania.cz\/index.php\/2019\/01\/02\/africa-race-2019-ullevalseter-vyhral-etapu-kvapil-ztratil\/\" \/>\n<meta property=\"og:site_name\" content=\"DAKARMANIA.cz\" \/>\n<meta property=\"article:publisher\" content=\"https:\/\/www.facebook.com\/dakarmania\/\" \/>\n<meta property=\"article:published_time\" content=\"2019-01-02T22:35:19+00:00\" \/>\n<meta property=\"article:modified_time\" content=\"2019-01-03T01:56:19+00:00\" \/>\n<meta property=\"og:image\" content=\"https:\/\/www.dakarmania.cz\/wp-content\/uploads\/2019\/01\/19-aer-ullevalseter01-1024x684.jpg\" \/>\n\t<meta property=\"og:image:width\" content=\"1024\" \/>\n\t<meta property=\"og:image:height\" content=\"684\" \/>\n\t<meta property=\"og:image:type\" content=\"image\/jpeg\" \/>\n<meta name=\"author\" content=\"Zden\u011bk Zelenka\" \/>\n<meta name=\"twitter:card\" content=\"summary_large_image\" \/>\n<meta name=\"twitter:label1\" content=\"Napsal(a)\" \/>\n\t<meta name=\"twitter:data1\" content=\"Zden\u011bk Zelenka\" \/>\n\t<meta name=\"twitter:label2\" content=\"Odhadovan\u00e1 doba \u010dten\u00ed\" \/>\n\t<meta name=\"twitter:data2\" content=\"2 minuty\" \/>\n<script type=\"application\/ld+json\" class=\"yoast-schema-graph\">{\"@context\":\"https:\/\/schema.org\",\"@graph\":[{\"@type\":\"Article\",\"@id\":\"https:\/\/www.dakarmania.cz\/index.php\/2019\/01\/02\/africa-race-2019-ullevalseter-vyhral-etapu-kvapil-ztratil\/#article\",\"isPartOf\":{\"@id\":\"https:\/\/www.dakarmania.cz\/index.php\/2019\/01\/02\/africa-race-2019-ullevalseter-vyhral-etapu-kvapil-ztratil\/\"},\"author\":{\"name\":\"Zden\u011bk Zelenka\",\"@id\":\"https:\/\/www.dakarmania.cz\/#\/schema\/person\/04eb0e87a389631c2169c0dddae7ff1e\"},\"headline\":\"Africa Race 2019: Ullev\u00e5lseter vyhr\u00e1l etapu, Kvapil ztratil\",\"datePublished\":\"2019-01-02T22:35:19+00:00\",\"dateModified\":\"2019-01-03T01:56:19+00:00\",\"mainEntityOfPage\":{\"@id\":\"https:\/\/www.dakarmania.cz\/index.php\/2019\/01\/02\/africa-race-2019-ullevalseter-vyhral-etapu-kvapil-ztratil\/\"},\"wordCount\":430,\"commentCount\":0,\"publisher\":{\"@id\":\"https:\/\/www.dakarmania.cz\/#organization\"},\"image\":{\"@id\":\"https:\/\/www.dakarmania.cz\/index.php\/2019\/01\/02\/africa-race-2019-ullevalseter-vyhral-etapu-kvapil-ztratil\/#primaryimage\"},\"thumbnailUrl\":\"https:\/\/www.dakarmania.cz\/wp-content\/uploads\/2019\/01\/19-aer-ullevalseter01.jpg\",\"keywords\":[\"AER\",\"AER 2019\",\"Alessandro Botturi\",\"Honda\",\"Husqvarna\",\"KTM\",\"LR Horse Power\",\"Luk\u00e1\u0161 Kvapil\",\"Martin Benko\",\"Pal Anders Ullevalseter\",\"Simone Agazzi\",\"Yamaha\"],\"articleSection\":[\"Africa Eco Race\",\"Moto\/Quad\"],\"inLanguage\":\"cs\",\"potentialAction\":[{\"@type\":\"CommentAction\",\"name\":\"Comment\",\"target\":[\"https:\/\/www.dakarmania.cz\/index.php\/2019\/01\/02\/africa-race-2019-ullevalseter-vyhral-etapu-kvapil-ztratil\/#respond\"]}]},{\"@type\":\"WebPage\",\"@id\":\"https:\/\/www.dakarmania.cz\/index.php\/2019\/01\/02\/africa-race-2019-ullevalseter-vyhral-etapu-kvapil-ztratil\/\",\"url\":\"https:\/\/www.dakarmania.cz\/index.php\/2019\/01\/02\/africa-race-2019-ullevalseter-vyhral-etapu-kvapil-ztratil\/\",\"name\":\"Africa Race 2019: Ullev\u00e5lseter vyhr\u00e1l etapu, Kvapil ztratil - DAKARMANIA.cz\",\"isPartOf\":{\"@id\":\"https:\/\/www.dakarmania.cz\/#website\"},\"primaryImageOfPage\":{\"@id\":\"https:\/\/www.dakarmania.cz\/index.php\/2019\/01\/02\/africa-race-2019-ullevalseter-vyhral-etapu-kvapil-ztratil\/#primaryimage\"},\"image\":{\"@id\":\"https:\/\/www.dakarmania.cz\/index.php\/2019\/01\/02\/africa-race-2019-ullevalseter-vyhral-etapu-kvapil-ztratil\/#primaryimage\"},\"thumbnailUrl\":\"https:\/\/www.dakarmania.cz\/wp-content\/uploads\/2019\/01\/19-aer-ullevalseter01.jpg\",\"datePublished\":\"2019-01-02T22:35:19+00:00\",\"dateModified\":\"2019-01-03T01:56:19+00:00\",\"description\":\"P\u00e5l Anders Ullev\u00e5lseter na motocyklu KTM vyhr\u00e1l druhou etapu Africa Eco Race 2019 a p\u0159ibl\u00ed\u017eil se vedouc\u00edmu Alessandru Botturimu.\",\"breadcrumb\":{\"@id\":\"https:\/\/www.dakarmania.cz\/index.php\/2019\/01\/02\/africa-race-2019-ullevalseter-vyhral-etapu-kvapil-ztratil\/#breadcrumb\"},\"inLanguage\":\"cs\",\"potentialAction\":[{\"@type\":\"ReadAction\",\"target\":[\"https:\/\/www.dakarmania.cz\/index.php\/2019\/01\/02\/africa-race-2019-ullevalseter-vyhral-etapu-kvapil-ztratil\/\"]}]},{\"@type\":\"ImageObject\",\"inLanguage\":\"cs\",\"@id\":\"https:\/\/www.dakarmania.cz\/index.php\/2019\/01\/02\/africa-race-2019-ullevalseter-vyhral-etapu-kvapil-ztratil\/#primaryimage\",\"url\":\"https:\/\/www.dakarmania.cz\/wp-content\/uploads\/2019\/01\/19-aer-ullevalseter01.jpg\",\"contentUrl\":\"https:\/\/www.dakarmania.cz\/wp-content\/uploads\/2019\/01\/19-aer-ullevalseter01.jpg\",\"width\":2048,\"height\":1368,\"caption\":\"P\u00e5l Anders Ullev\u00e5lseter, KTM 450 Rally Replica, Team Ullev\u00e5lseter. Africa Eco Race 2019. Foto: AER Media\"},{\"@type\":\"BreadcrumbList\",\"@id\":\"https:\/\/www.dakarmania.cz\/index.php\/2019\/01\/02\/africa-race-2019-ullevalseter-vyhral-etapu-kvapil-ztratil\/#breadcrumb\",\"itemListElement\":[{\"@type\":\"ListItem\",\"position\":1,\"name\":\"Dom\u016f\",\"item\":\"https:\/\/www.dakarmania.cz\/\"},{\"@type\":\"ListItem\",\"position\":2,\"name\":\"Africa Race 2019: Ullev\u00e5lseter vyhr\u00e1l etapu, Kvapil ztratil\"}]},{\"@type\":\"WebSite\",\"@id\":\"https:\/\/www.dakarmania.cz\/#website\",\"url\":\"https:\/\/www.dakarmania.cz\/\",\"name\":\"DAKARMANIA.cz\",\"description\":\"\u017dijeme Dakarem cel\u00fd rok\",\"publisher\":{\"@id\":\"https:\/\/www.dakarmania.cz\/#organization\"},\"potentialAction\":[{\"@type\":\"SearchAction\",\"target\":{\"@type\":\"EntryPoint\",\"urlTemplate\":\"https:\/\/www.dakarmania.cz\/?s={search_term_string}\"},\"query-input\":{\"@type\":\"PropertyValueSpecification\",\"valueRequired\":true,\"valueName\":\"search_term_string\"}}],\"inLanguage\":\"cs\"},{\"@type\":\"Organization\",\"@id\":\"https:\/\/www.dakarmania.cz\/#organization\",\"name\":\"DAKAR MANIA\",\"url\":\"https:\/\/www.dakarmania.cz\/\",\"logo\":{\"@type\":\"ImageObject\",\"inLanguage\":\"cs\",\"@id\":\"https:\/\/www.dakarmania.cz\/#\/schema\/logo\/image\/\",\"url\":\"https:\/\/www.dakarmania.cz\/wp-content\/uploads\/2018\/12\/Dakar-Mania-Logo-Square-Orange.png\",\"contentUrl\":\"https:\/\/www.dakarmania.cz\/wp-content\/uploads\/2018\/12\/Dakar-Mania-Logo-Square-Orange.png\",\"width\":992,\"height\":992,\"caption\":\"DAKAR MANIA\"},\"image\":{\"@id\":\"https:\/\/www.dakarmania.cz\/#\/schema\/logo\/image\/\"},\"sameAs\":[\"https:\/\/www.facebook.com\/dakarmania\/\"]},{\"@type\":\"Person\",\"@id\":\"https:\/\/www.dakarmania.cz\/#\/schema\/person\/04eb0e87a389631c2169c0dddae7ff1e\",\"name\":\"Zden\u011bk Zelenka\",\"image\":{\"@type\":\"ImageObject\",\"inLanguage\":\"cs\",\"@id\":\"https:\/\/www.dakarmania.cz\/#\/schema\/person\/image\/\",\"url\":\"https:\/\/secure.gravatar.com\/avatar\/2c80d5a4942fe0900b73cc7d3837a509d6ee0a276a2b76dac95c92bd0763a89b?s=96&d=mm&r=g\",\"contentUrl\":\"https:\/\/secure.gravatar.com\/avatar\/2c80d5a4942fe0900b73cc7d3837a509d6ee0a276a2b76dac95c92bd0763a89b?s=96&d=mm&r=g\",\"caption\":\"Zden\u011bk Zelenka\"},\"description\":\"Moji d\u011bt\u0161t\u00ed hrdinov\u00e9 se jmenovali Loprais, Moskal, Neveu, Vatanen, Rahier... A tihle borci, jejich n\u00e1sledovn\u00edci a jejich p\u0159\u00edb\u011bhy m\u011b nep\u0159estali fascinovat ani po letech, kdy jsem vyrostl a zam\u011bstn\u00e1valy m\u011b jin\u00e9 discipl\u00edny motorsportu. Proto se zrodila DAKARMANIA.\",\"url\":\"https:\/\/www.dakarmania.cz\/index.php\/author\/dakarmania\/\"}]}<\/script>\n<!-- \/ Yoast SEO plugin. -->","yoast_head_json":{"title":"Africa Race 2019: Ullev\u00e5lseter vyhr\u00e1l etapu, Kvapil ztratil - DAKARMANIA.cz","description":"P\u00e5l Anders Ullev\u00e5lseter na motocyklu KTM vyhr\u00e1l druhou etapu Africa Eco Race 2019 a p\u0159ibl\u00ed\u017eil se vedouc\u00edmu Alessandru Botturimu.","robots":{"index":"index","follow":"follow","max-snippet":"max-snippet:-1","max-image-preview":"max-image-preview:large","max-video-preview":"max-video-preview:-1"},"canonical":"https:\/\/www.dakarmania.cz\/index.php\/2019\/01\/02\/africa-race-2019-ullevalseter-vyhral-etapu-kvapil-ztratil\/","og_locale":"cs_CZ","og_type":"article","og_title":"Africa Race 2019: Ullev\u00e5lseter vyhr\u00e1l etapu, Kvapil ztratil - DAKARMANIA.cz","og_description":"P\u00e5l Anders Ullev\u00e5lseter na motocyklu KTM vyhr\u00e1l druhou etapu Africa Eco Race 2019 a p\u0159ibl\u00ed\u017eil se vedouc\u00edmu Alessandru Botturimu.","og_url":"https:\/\/www.dakarmania.cz\/index.php\/2019\/01\/02\/africa-race-2019-ullevalseter-vyhral-etapu-kvapil-ztratil\/","og_site_name":"DAKARMANIA.cz","article_publisher":"https:\/\/www.facebook.com\/dakarmania\/","article_published_time":"2019-01-02T22:35:19+00:00","article_modified_time":"2019-01-03T01:56:19+00:00","og_image":[{"width":1024,"height":684,"url":"https:\/\/www.dakarmania.cz\/wp-content\/uploads\/2019\/01\/19-aer-ullevalseter01-1024x684.jpg","type":"image\/jpeg"}],"author":"Zden\u011bk Zelenka","twitter_card":"summary_large_image","twitter_misc":{"Napsal(a)":"Zden\u011bk Zelenka","Odhadovan\u00e1 doba \u010dten\u00ed":"2 minuty"},"schema":{"@context":"https:\/\/schema.org","@graph":[{"@type":"Article","@id":"https:\/\/www.dakarmania.cz\/index.php\/2019\/01\/02\/africa-race-2019-ullevalseter-vyhral-etapu-kvapil-ztratil\/#article","isPartOf":{"@id":"https:\/\/www.dakarmania.cz\/index.php\/2019\/01\/02\/africa-race-2019-ullevalseter-vyhral-etapu-kvapil-ztratil\/"},"author":{"name":"Zden\u011bk Zelenka","@id":"https:\/\/www.dakarmania.cz\/#\/schema\/person\/04eb0e87a389631c2169c0dddae7ff1e"},"headline":"Africa Race 2019: Ullev\u00e5lseter vyhr\u00e1l etapu, Kvapil ztratil","datePublished":"2019-01-02T22:35:19+00:00","dateModified":"2019-01-03T01:56:19+00:00","mainEntityOfPage":{"@id":"https:\/\/www.dakarmania.cz\/index.php\/2019\/01\/02\/africa-race-2019-ullevalseter-vyhral-etapu-kvapil-ztratil\/"},"wordCount":430,"commentCount":0,"publisher":{"@id":"https:\/\/www.dakarmania.cz\/#organization"},"image":{"@id":"https:\/\/www.dakarmania.cz\/index.php\/2019\/01\/02\/africa-race-2019-ullevalseter-vyhral-etapu-kvapil-ztratil\/#primaryimage"},"thumbnailUrl":"https:\/\/www.dakarmania.cz\/wp-content\/uploads\/2019\/01\/19-aer-ullevalseter01.jpg","keywords":["AER","AER 2019","Alessandro Botturi","Honda","Husqvarna","KTM","LR Horse Power","Luk\u00e1\u0161 Kvapil","Martin Benko","Pal Anders Ullevalseter","Simone Agazzi","Yamaha"],"articleSection":["Africa Eco Race","Moto\/Quad"],"inLanguage":"cs","potentialAction":[{"@type":"CommentAction","name":"Comment","target":["https:\/\/www.dakarmania.cz\/index.php\/2019\/01\/02\/africa-race-2019-ullevalseter-vyhral-etapu-kvapil-ztratil\/#respond"]}]},{"@type":"WebPage","@id":"https:\/\/www.dakarmania.cz\/index.php\/2019\/01\/02\/africa-race-2019-ullevalseter-vyhral-etapu-kvapil-ztratil\/","url":"https:\/\/www.dakarmania.cz\/index.php\/2019\/01\/02\/africa-race-2019-ullevalseter-vyhral-etapu-kvapil-ztratil\/","name":"Africa Race 2019: Ullev\u00e5lseter vyhr\u00e1l etapu, Kvapil ztratil - DAKARMANIA.cz","isPartOf":{"@id":"https:\/\/www.dakarmania.cz\/#website"},"primaryImageOfPage":{"@id":"https:\/\/www.dakarmania.cz\/index.php\/2019\/01\/02\/africa-race-2019-ullevalseter-vyhral-etapu-kvapil-ztratil\/#primaryimage"},"image":{"@id":"https:\/\/www.dakarmania.cz\/index.php\/2019\/01\/02\/africa-race-2019-ullevalseter-vyhral-etapu-kvapil-ztratil\/#primaryimage"},"thumbnailUrl":"https:\/\/www.dakarmania.cz\/wp-content\/uploads\/2019\/01\/19-aer-ullevalseter01.jpg","datePublished":"2019-01-02T22:35:19+00:00","dateModified":"2019-01-03T01:56:19+00:00","description":"P\u00e5l Anders Ullev\u00e5lseter na motocyklu KTM vyhr\u00e1l druhou etapu Africa Eco Race 2019 a p\u0159ibl\u00ed\u017eil se vedouc\u00edmu Alessandru Botturimu.","breadcrumb":{"@id":"https:\/\/www.dakarmania.cz\/index.php\/2019\/01\/02\/africa-race-2019-ullevalseter-vyhral-etapu-kvapil-ztratil\/#breadcrumb"},"inLanguage":"cs","potentialAction":[{"@type":"ReadAction","target":["https:\/\/www.dakarmania.cz\/index.php\/2019\/01\/02\/africa-race-2019-ullevalseter-vyhral-etapu-kvapil-ztratil\/"]}]},{"@type":"ImageObject","inLanguage":"cs","@id":"https:\/\/www.dakarmania.cz\/index.php\/2019\/01\/02\/africa-race-2019-ullevalseter-vyhral-etapu-kvapil-ztratil\/#primaryimage","url":"https:\/\/www.dakarmania.cz\/wp-content\/uploads\/2019\/01\/19-aer-ullevalseter01.jpg","contentUrl":"https:\/\/www.dakarmania.cz\/wp-content\/uploads\/2019\/01\/19-aer-ullevalseter01.jpg","width":2048,"height":1368,"caption":"P\u00e5l Anders Ullev\u00e5lseter, KTM 450 Rally Replica, Team Ullev\u00e5lseter. Africa Eco Race 2019. Foto: AER Media"},{"@type":"BreadcrumbList","@id":"https:\/\/www.dakarmania.cz\/index.php\/2019\/01\/02\/africa-race-2019-ullevalseter-vyhral-etapu-kvapil-ztratil\/#breadcrumb","itemListElement":[{"@type":"ListItem","position":1,"name":"Dom\u016f","item":"https:\/\/www.dakarmania.cz\/"},{"@type":"ListItem","position":2,"name":"Africa Race 2019: Ullev\u00e5lseter vyhr\u00e1l etapu, Kvapil ztratil"}]},{"@type":"WebSite","@id":"https:\/\/www.dakarmania.cz\/#website","url":"https:\/\/www.dakarmania.cz\/","name":"DAKARMANIA.cz","description":"\u017dijeme Dakarem cel\u00fd rok","publisher":{"@id":"https:\/\/www.dakarmania.cz\/#organization"},"potentialAction":[{"@type":"SearchAction","target":{"@type":"EntryPoint","urlTemplate":"https:\/\/www.dakarmania.cz\/?s={search_term_string}"},"query-input":{"@type":"PropertyValueSpecification","valueRequired":true,"valueName":"search_term_string"}}],"inLanguage":"cs"},{"@type":"Organization","@id":"https:\/\/www.dakarmania.cz\/#organization","name":"DAKAR MANIA","url":"https:\/\/www.dakarmania.cz\/","logo":{"@type":"ImageObject","inLanguage":"cs","@id":"https:\/\/www.dakarmania.cz\/#\/schema\/logo\/image\/","url":"https:\/\/www.dakarmania.cz\/wp-content\/uploads\/2018\/12\/Dakar-Mania-Logo-Square-Orange.png","contentUrl":"https:\/\/www.dakarmania.cz\/wp-content\/uploads\/2018\/12\/Dakar-Mania-Logo-Square-Orange.png","width":992,"height":992,"caption":"DAKAR MANIA"},"image":{"@id":"https:\/\/www.dakarmania.cz\/#\/schema\/logo\/image\/"},"sameAs":["https:\/\/www.facebook.com\/dakarmania\/"]},{"@type":"Person","@id":"https:\/\/www.dakarmania.cz\/#\/schema\/person\/04eb0e87a389631c2169c0dddae7ff1e","name":"Zden\u011bk Zelenka","image":{"@type":"ImageObject","inLanguage":"cs","@id":"https:\/\/www.dakarmania.cz\/#\/schema\/person\/image\/","url":"https:\/\/secure.gravatar.com\/avatar\/2c80d5a4942fe0900b73cc7d3837a509d6ee0a276a2b76dac95c92bd0763a89b?s=96&d=mm&r=g","contentUrl":"https:\/\/secure.gravatar.com\/avatar\/2c80d5a4942fe0900b73cc7d3837a509d6ee0a276a2b76dac95c92bd0763a89b?s=96&d=mm&r=g","caption":"Zden\u011bk Zelenka"},"description":"Moji d\u011bt\u0161t\u00ed hrdinov\u00e9 se jmenovali Loprais, Moskal, Neveu, Vatanen, Rahier... A tihle borci, jejich n\u00e1sledovn\u00edci a jejich p\u0159\u00edb\u011bhy m\u011b nep\u0159estali fascinovat ani po letech, kdy jsem vyrostl a zam\u011bstn\u00e1valy m\u011b jin\u00e9 discipl\u00edny motorsportu. Proto se zrodila DAKARMANIA.","url":"https:\/\/www.dakarmania.cz\/index.php\/author\/dakarmania\/"}]}},"amp_enabled":true,"_links":{"self":[{"href":"https:\/\/www.dakarmania.cz\/index.php\/wp-json\/wp\/v2\/posts\/1392","targetHints":{"allow":["GET"]}}],"collection":[{"href":"https:\/\/www.dakarmania.cz\/index.php\/wp-json\/wp\/v2\/posts"}],"about":[{"href":"https:\/\/www.dakarmania.cz\/index.php\/wp-json\/wp\/v2\/types\/post"}],"author":[{"embeddable":true,"href":"https:\/\/www.dakarmania.cz\/index.php\/wp-json\/wp\/v2\/users\/1"}],"replies":[{"embeddable":true,"href":"https:\/\/www.dakarmania.cz\/index.php\/wp-json\/wp\/v2\/comments?post=1392"}],"version-history":[{"count":2,"href":"https:\/\/www.dakarmania.cz\/index.php\/wp-json\/wp\/v2\/posts\/1392\/revisions"}],"predecessor-version":[{"id":1394,"href":"https:\/\/www.dakarmania.cz\/index.php\/wp-json\/wp\/v2\/posts\/1392\/revisions\/1394"}],"wp:featuredmedia":[{"embeddable":true,"href":"https:\/\/www.dakarmania.cz\/index.php\/wp-json\/wp\/v2\/media\/1390"}],"wp:attachment":[{"href":"https:\/\/www.dakarmania.cz\/index.php\/wp-json\/wp\/v2\/media?parent=1392"}],"wp:term":[{"taxonomy":"category","embeddable":true,"href":"https:\/\/www.dakarmania.cz\/index.php\/wp-json\/wp\/v2\/categories?post=1392"},{"taxonomy":"post_tag","embeddable":true,"href":"https:\/\/www.dakarmania.cz\/index.php\/wp-json\/wp\/v2\/tags?post=1392"}],"curies":[{"name":"wp","href":"https:\/\/api.w.org\/{rel}","templated":true}]}}