{"id":1398,"date":"2019-01-03T16:20:06","date_gmt":"2019-01-03T16:20:06","guid":{"rendered":"https:\/\/www.dakarmania.cz\/?p=1398"},"modified":"2019-01-03T16:33:42","modified_gmt":"2019-01-03T16:33:42","slug":"africa-race-2019-alessandro-botturi-si-upevnil-vedeni","status":"publish","type":"post","link":"https:\/\/www.dakarmania.cz\/index.php\/2019\/01\/03\/africa-race-2019-alessandro-botturi-si-upevnil-vedeni\/","title":{"rendered":"Africa Race 2019: Alessandro Botturi si upevnil veden\u00ed"},"content":{"rendered":"<p>[vc_row][vc_column][vc_column_text]<\/p>\n<h4>\u00davodn\u00ed \u010dtvrtinu Africa Eco Race 2019 zvl\u00e1dl v kategorii motocyklist\u016f nejl\u00e9pe Alessandro Botturi na Yamaze. D\u00edky druh\u00e9mu etapov\u00e9mu v\u00edt\u011bzstv\u00ed zv\u00fd\u0161il Ital sv\u016fj n\u00e1skok na \u010dele pr\u016fb\u011b\u017en\u00e9ho hodnocen\u00ed na v\u00edce ne\u017e sedm minut.<\/h4>\n<p>T\u0159et\u00ed marock\u00e1 etapa zavedla \u00fa\u010dastn\u00edky z Agdalu do Assy a m\u011b\u0159ila 415 kilometr\u016f, z nich\u017e se jen posledn\u00edch \u010dtrn\u00e1ct nejelo na \u010das.<\/p>\n<p>Botturi dnes startoval dv\u011b minuty za <a href=\"https:\/\/www.dakarmania.cz\/index.php\/2019\/01\/02\/africa-race-2019-ullevalseter-vyhral-etapu-kvapil-ztratil\/\">v\u010derej\u0161\u00edm v\u00edt\u011bzem<\/a> a sv\u00fdm zat\u00edm jedin\u00fdm rovnocenn\u00fdm soupe\u0159em P\u00e5lem Andersem Ullev\u00e5lseterem. Nora na KTM v\u0161ak dok\u00e1zal na pom\u011brn\u011b rychl\u00e9 speci\u00e1lce p\u0159edjet a v c\u00edli jej porazil o dv\u011b minuty a 38 sekund. V pr\u016fb\u011b\u017en\u00e9m po\u0159ad\u00ed nyn\u00ed d\u011bl\u00ed vedouc\u00ed dvojici sedm minut a sedm sekund.[\/vc_column_text][vc_single_image image=&#8221;1396&#8243; img_size=&#8221;large&#8221; add_caption=&#8221;yes&#8221; alignment=&#8221;center&#8221;][vc_separator][vc_column_text]Status quo zachov\u00e1vaj\u00ed Simone Agazzi (Honda) a Martin Benko (KTM) na dal\u0161\u00edch pozic\u00edch. Ital dokon\u010dil \u010dtvrte\u010dn\u00ed etapu jako t\u0159et\u00ed, slovensk\u00fd jezdec byl \u010dtvrt\u00fd. Shodn\u00e9 um\u00edst\u011bn\u00ed ob\u011bma pat\u0159\u00ed i v pr\u016fb\u011b\u017en\u00e9 klasifikaci, jen Benk\u016fv odstup od p\u00f3diov\u00fdch p\u0159\u00ed\u010dek narostl na p\u016fl hodiny.<\/p>\n<p>J\u00e1n Za\u0165ko (KTM) si polep\u0161il o dv\u011b p\u0159\u00ed\u010dky. Slov\u00e1k si na speci\u00e1lce p\u0159ipsal t\u0159in\u00e1ct\u00fd \u010das a t\u0159in\u00e1ct\u00fd je i celkov\u011b. Od elitn\u00ed des\u00edtky jej nyn\u00ed d\u011bl\u00ed dvacet minut.<\/p>\n<p>Luk\u00e1\u0161 Kvapil (Husqvarna) str\u00e1vil na m\u011b\u0159en\u00e9m \u00faseku o dv\u011b hodiny v\u00edce ne\u017e nejrychlej\u0161\u00ed Botturi, v etap\u011b byl klasifikov\u00e1n jako 28. a v pr\u016fb\u011b\u017en\u00e9m po\u0159ad\u00ed postoupil z 35. na 32. m\u00edsto.<\/p>\n<p>V p\u00e1tek 4. ledna je na programu etapa do Fort Chacal. Ze 495 kilometr\u016f se jich v r\u00e1mci speci\u00e1lky pojede 493. Na pos\u00e1dky \u010dek\u00e1 jak p\u00edsek, tak kamenit\u00e9 \u00faseky, ale i n\u011bkolik n\u00e1ro\u010dn\u00fdch sjezd\u016f.[\/vc_column_text][vc_column_text]<\/p>\n<table style=\"width: 97.7654%; height: 192px;\" cellpadding=\"10\">\n<thead>\n<tr style=\"background-color: #ff7d0e;\">\n<td style=\"width: 6.51685%; height: 24px;\" colspan=\"4\"><strong>Africa Eco Race 2019 &#8211; MOTOCYKLY po 3. etap\u011b<\/strong><\/td>\n<\/tr>\n<\/thead>\n<tbody>\n<tr style=\"height: 24px;\">\n<td style=\"width: 6.51685%; height: 24px;\">1.<\/td>\n<td style=\"width: 39.6629%; height: 24px;\">Alessandro Botturi<\/td>\n<td style=\"width: 29.2135%; height: 24px;\">Yamaha<\/td>\n<td style=\"width: 23.4831%; height: 24px;\">11:08:58<\/td>\n<\/tr>\n<tr style=\"height: 24px;\">\n<td style=\"width: 6.51685%; height: 24px;\">2.<\/td>\n<td style=\"width: 39.6629%; height: 24px;\">P\u00e5l Anders Ullev\u00e5lseter<\/td>\n<td style=\"width: 29.2135%; height: 24px;\">KTM<\/td>\n<td style=\"width: 23.4831%; height: 24px;\">+7:07<\/td>\n<\/tr>\n<tr style=\"height: 24px;\">\n<td style=\"width: 6.51685%; height: 24px;\">3.<\/td>\n<td style=\"width: 39.6629%; height: 24px;\">Simone Agazzi<\/td>\n<td style=\"width: 29.2135%; height: 24px;\">Honda<\/td>\n<td style=\"width: 23.4831%; height: 24px;\">+45:53<\/td>\n<\/tr>\n<tr style=\"height: 24px;\">\n<td style=\"width: 6.51685%; height: 24px;\">4.<\/td>\n<td style=\"width: 39.6629%; height: 24px;\">Martin Benko<\/td>\n<td style=\"width: 29.2135%; height: 24px;\">KTM<\/td>\n<td style=\"width: 23.4831%; height: 24px;\">+1:16:38<\/td>\n<\/tr>\n<tr style=\"height: 24px;\">\n<td style=\"width: 6.51685%; height: 24px;\">5.<\/td>\n<td style=\"width: 39.6629%; height: 24px;\">Felix Jensen<\/td>\n<td style=\"width: 29.2135%; height: 24px;\">KTM<\/td>\n<td style=\"width: 23.4831%; height: 24px;\">+1:43:48<\/td>\n<\/tr>\n<tr style=\"height: 24px;\">\n<td style=\"width: 6.51685%; height: 24px;\">13.<\/td>\n<td style=\"width: 39.6629%; height: 24px;\">J\u00e1n Za\u0165ko<\/td>\n<td style=\"width: 29.2135%; height: 24px;\">KTM<\/td>\n<td style=\"width: 23.4831%; height: 24px;\">+3:16:39<\/td>\n<\/tr>\n<tr style=\"height: 24px;\">\n<td style=\"width: 6.51685%; height: 24px;\">32.<\/td>\n<td style=\"width: 39.6629%; height: 24px;\">Luk\u00e1\u0161 Kvapil<\/td>\n<td style=\"width: 29.2135%; height: 24px;\">Husqvarna<\/td>\n<td style=\"width: 23.4831%; height: 24px;\">+6:13:46<\/td>\n<\/tr>\n<\/tbody>\n<\/table>\n<p>[\/vc_column_text][\/vc_column][\/vc_row]<\/p>\n","protected":false},"excerpt":{"rendered":"<p>[vc_row][vc_column][vc_column_text] \u00davodn\u00ed \u010dtvrtinu Africa Eco Race 2019 zvl\u00e1dl v kategorii motocyklist\u016f nejl\u00e9pe Alessandro Botturi na Yamaze. D\u00edky druh\u00e9mu etapov\u00e9mu v\u00edt\u011bzstv\u00ed zv\u00fd\u0161il Ital sv\u016fj n\u00e1skok na \u010dele pr\u016fb\u011b\u017en\u00e9ho hodnocen\u00ed na v\u00edce ne\u017e sedm minut. T\u0159et\u00ed marock\u00e1 etapa zavedla \u00fa\u010dastn\u00edky z Agdalu do Assy a m\u011b\u0159ila 415 kilometr\u016f, z nich\u017e se jen posledn\u00edch \u010dtrn\u00e1ct nejelo na \u010das. [&hellip;]<\/p>\n","protected":false},"author":1,"featured_media":1397,"comment_status":"open","ping_status":"closed","sticky":false,"template":"","format":"standard","meta":{"footnotes":""},"categories":[119,15],"tags":[120,121,167,129,64,173,63,140,139,171,169,172,168],"class_list":["post-1398","post","type-post","status-publish","format-standard","has-post-thumbnail","hentry","category-africa-eco-race","category-moto-quad","tag-aer","tag-aer-2019","tag-alessandro-botturi","tag-honda","tag-husqvarna","tag-jan-zatko","tag-ktm","tag-lr-horse-power","tag-lukas-kvapil","tag-martin-benko","tag-pal-anders-ullevalseter","tag-simone-agazzi","tag-yamaha"],"yoast_head":"<!-- This site is optimized with the Yoast SEO plugin v24.9 - https:\/\/yoast.com\/wordpress\/plugins\/seo\/ -->\n<title>Africa Race 2019: Alessandro Botturi si upevnil veden\u00ed - DAKARMANIA.cz<\/title>\n<meta name=\"description\" content=\"\u00davodn\u00ed \u010dtvrtinu AER 2019 zvl\u00e1dl v kategorii motocyklist\u016f nejl\u00e9pe Alessandro Botturi. D\u00edky druh\u00e9mu etapov\u00e9mu v\u00edt\u011bzstv\u00ed zv\u00fd\u0161il sv\u016fj n\u00e1skok na \u010dele hodnocen\u00ed.\" \/>\n<meta name=\"robots\" content=\"index, follow, max-snippet:-1, max-image-preview:large, max-video-preview:-1\" \/>\n<link rel=\"canonical\" href=\"https:\/\/www.dakarmania.cz\/index.php\/2019\/01\/03\/africa-race-2019-alessandro-botturi-si-upevnil-vedeni\/\" \/>\n<meta property=\"og:locale\" content=\"cs_CZ\" \/>\n<meta property=\"og:type\" content=\"article\" \/>\n<meta property=\"og:title\" content=\"Africa Race 2019: Alessandro Botturi si upevnil veden\u00ed - DAKARMANIA.cz\" \/>\n<meta property=\"og:description\" content=\"\u00davodn\u00ed \u010dtvrtinu AER 2019 zvl\u00e1dl v kategorii motocyklist\u016f nejl\u00e9pe Alessandro Botturi. D\u00edky druh\u00e9mu etapov\u00e9mu v\u00edt\u011bzstv\u00ed zv\u00fd\u0161il sv\u016fj n\u00e1skok na \u010dele hodnocen\u00ed.\" \/>\n<meta property=\"og:url\" content=\"https:\/\/www.dakarmania.cz\/index.php\/2019\/01\/03\/africa-race-2019-alessandro-botturi-si-upevnil-vedeni\/\" \/>\n<meta property=\"og:site_name\" content=\"DAKARMANIA.cz\" \/>\n<meta property=\"article:publisher\" content=\"https:\/\/www.facebook.com\/dakarmania\/\" \/>\n<meta property=\"article:published_time\" content=\"2019-01-03T16:20:06+00:00\" \/>\n<meta property=\"article:modified_time\" content=\"2019-01-03T16:33:42+00:00\" \/>\n<meta property=\"og:image\" content=\"https:\/\/www.dakarmania.cz\/wp-content\/uploads\/2019\/01\/19-aer-botturi02.jpg\" \/>\n\t<meta property=\"og:image:width\" content=\"1024\" \/>\n\t<meta property=\"og:image:height\" content=\"684\" \/>\n\t<meta property=\"og:image:type\" content=\"image\/jpeg\" \/>\n<meta name=\"author\" content=\"Zden\u011bk Zelenka\" \/>\n<meta name=\"twitter:card\" content=\"summary_large_image\" \/>\n<meta name=\"twitter:label1\" content=\"Napsal(a)\" \/>\n\t<meta name=\"twitter:data1\" content=\"Zden\u011bk Zelenka\" \/>\n\t<meta name=\"twitter:label2\" content=\"Odhadovan\u00e1 doba \u010dten\u00ed\" \/>\n\t<meta name=\"twitter:data2\" content=\"2 minuty\" \/>\n<script type=\"application\/ld+json\" class=\"yoast-schema-graph\">{\"@context\":\"https:\/\/schema.org\",\"@graph\":[{\"@type\":\"Article\",\"@id\":\"https:\/\/www.dakarmania.cz\/index.php\/2019\/01\/03\/africa-race-2019-alessandro-botturi-si-upevnil-vedeni\/#article\",\"isPartOf\":{\"@id\":\"https:\/\/www.dakarmania.cz\/index.php\/2019\/01\/03\/africa-race-2019-alessandro-botturi-si-upevnil-vedeni\/\"},\"author\":{\"name\":\"Zden\u011bk Zelenka\",\"@id\":\"https:\/\/www.dakarmania.cz\/#\/schema\/person\/04eb0e87a389631c2169c0dddae7ff1e\"},\"headline\":\"Africa Race 2019: Alessandro Botturi si upevnil veden\u00ed\",\"datePublished\":\"2019-01-03T16:20:06+00:00\",\"dateModified\":\"2019-01-03T16:33:42+00:00\",\"mainEntityOfPage\":{\"@id\":\"https:\/\/www.dakarmania.cz\/index.php\/2019\/01\/03\/africa-race-2019-alessandro-botturi-si-upevnil-vedeni\/\"},\"wordCount\":397,\"commentCount\":0,\"publisher\":{\"@id\":\"https:\/\/www.dakarmania.cz\/#organization\"},\"image\":{\"@id\":\"https:\/\/www.dakarmania.cz\/index.php\/2019\/01\/03\/africa-race-2019-alessandro-botturi-si-upevnil-vedeni\/#primaryimage\"},\"thumbnailUrl\":\"https:\/\/www.dakarmania.cz\/wp-content\/uploads\/2019\/01\/19-aer-botturi02.jpg\",\"keywords\":[\"AER\",\"AER 2019\",\"Alessandro Botturi\",\"Honda\",\"Husqvarna\",\"J\u00e1n Za\u0165ko\",\"KTM\",\"LR Horse Power\",\"Luk\u00e1\u0161 Kvapil\",\"Martin Benko\",\"Pal Anders Ullevalseter\",\"Simone Agazzi\",\"Yamaha\"],\"articleSection\":[\"Africa Eco Race\",\"Moto\/Quad\"],\"inLanguage\":\"cs\",\"potentialAction\":[{\"@type\":\"CommentAction\",\"name\":\"Comment\",\"target\":[\"https:\/\/www.dakarmania.cz\/index.php\/2019\/01\/03\/africa-race-2019-alessandro-botturi-si-upevnil-vedeni\/#respond\"]}]},{\"@type\":\"WebPage\",\"@id\":\"https:\/\/www.dakarmania.cz\/index.php\/2019\/01\/03\/africa-race-2019-alessandro-botturi-si-upevnil-vedeni\/\",\"url\":\"https:\/\/www.dakarmania.cz\/index.php\/2019\/01\/03\/africa-race-2019-alessandro-botturi-si-upevnil-vedeni\/\",\"name\":\"Africa Race 2019: Alessandro Botturi si upevnil veden\u00ed - DAKARMANIA.cz\",\"isPartOf\":{\"@id\":\"https:\/\/www.dakarmania.cz\/#website\"},\"primaryImageOfPage\":{\"@id\":\"https:\/\/www.dakarmania.cz\/index.php\/2019\/01\/03\/africa-race-2019-alessandro-botturi-si-upevnil-vedeni\/#primaryimage\"},\"image\":{\"@id\":\"https:\/\/www.dakarmania.cz\/index.php\/2019\/01\/03\/africa-race-2019-alessandro-botturi-si-upevnil-vedeni\/#primaryimage\"},\"thumbnailUrl\":\"https:\/\/www.dakarmania.cz\/wp-content\/uploads\/2019\/01\/19-aer-botturi02.jpg\",\"datePublished\":\"2019-01-03T16:20:06+00:00\",\"dateModified\":\"2019-01-03T16:33:42+00:00\",\"description\":\"\u00davodn\u00ed \u010dtvrtinu AER 2019 zvl\u00e1dl v kategorii motocyklist\u016f nejl\u00e9pe Alessandro Botturi. D\u00edky druh\u00e9mu etapov\u00e9mu v\u00edt\u011bzstv\u00ed zv\u00fd\u0161il sv\u016fj n\u00e1skok na \u010dele hodnocen\u00ed.\",\"breadcrumb\":{\"@id\":\"https:\/\/www.dakarmania.cz\/index.php\/2019\/01\/03\/africa-race-2019-alessandro-botturi-si-upevnil-vedeni\/#breadcrumb\"},\"inLanguage\":\"cs\",\"potentialAction\":[{\"@type\":\"ReadAction\",\"target\":[\"https:\/\/www.dakarmania.cz\/index.php\/2019\/01\/03\/africa-race-2019-alessandro-botturi-si-upevnil-vedeni\/\"]}]},{\"@type\":\"ImageObject\",\"inLanguage\":\"cs\",\"@id\":\"https:\/\/www.dakarmania.cz\/index.php\/2019\/01\/03\/africa-race-2019-alessandro-botturi-si-upevnil-vedeni\/#primaryimage\",\"url\":\"https:\/\/www.dakarmania.cz\/wp-content\/uploads\/2019\/01\/19-aer-botturi02.jpg\",\"contentUrl\":\"https:\/\/www.dakarmania.cz\/wp-content\/uploads\/2019\/01\/19-aer-botturi02.jpg\",\"width\":1024,\"height\":684,\"caption\":\"Alessandro Botturi, Yamaha 450 Rally, Energia & Sorrisi Rally Team. Africa Eco Race 2019. Foto: AER Media\/A. Corradini\"},{\"@type\":\"BreadcrumbList\",\"@id\":\"https:\/\/www.dakarmania.cz\/index.php\/2019\/01\/03\/africa-race-2019-alessandro-botturi-si-upevnil-vedeni\/#breadcrumb\",\"itemListElement\":[{\"@type\":\"ListItem\",\"position\":1,\"name\":\"Dom\u016f\",\"item\":\"https:\/\/www.dakarmania.cz\/\"},{\"@type\":\"ListItem\",\"position\":2,\"name\":\"Africa Race 2019: Alessandro Botturi si upevnil veden\u00ed\"}]},{\"@type\":\"WebSite\",\"@id\":\"https:\/\/www.dakarmania.cz\/#website\",\"url\":\"https:\/\/www.dakarmania.cz\/\",\"name\":\"DAKARMANIA.cz\",\"description\":\"\u017dijeme Dakarem cel\u00fd rok\",\"publisher\":{\"@id\":\"https:\/\/www.dakarmania.cz\/#organization\"},\"potentialAction\":[{\"@type\":\"SearchAction\",\"target\":{\"@type\":\"EntryPoint\",\"urlTemplate\":\"https:\/\/www.dakarmania.cz\/?s={search_term_string}\"},\"query-input\":{\"@type\":\"PropertyValueSpecification\",\"valueRequired\":true,\"valueName\":\"search_term_string\"}}],\"inLanguage\":\"cs\"},{\"@type\":\"Organization\",\"@id\":\"https:\/\/www.dakarmania.cz\/#organization\",\"name\":\"DAKAR MANIA\",\"url\":\"https:\/\/www.dakarmania.cz\/\",\"logo\":{\"@type\":\"ImageObject\",\"inLanguage\":\"cs\",\"@id\":\"https:\/\/www.dakarmania.cz\/#\/schema\/logo\/image\/\",\"url\":\"https:\/\/www.dakarmania.cz\/wp-content\/uploads\/2018\/12\/Dakar-Mania-Logo-Square-Orange.png\",\"contentUrl\":\"https:\/\/www.dakarmania.cz\/wp-content\/uploads\/2018\/12\/Dakar-Mania-Logo-Square-Orange.png\",\"width\":992,\"height\":992,\"caption\":\"DAKAR MANIA\"},\"image\":{\"@id\":\"https:\/\/www.dakarmania.cz\/#\/schema\/logo\/image\/\"},\"sameAs\":[\"https:\/\/www.facebook.com\/dakarmania\/\"]},{\"@type\":\"Person\",\"@id\":\"https:\/\/www.dakarmania.cz\/#\/schema\/person\/04eb0e87a389631c2169c0dddae7ff1e\",\"name\":\"Zden\u011bk Zelenka\",\"image\":{\"@type\":\"ImageObject\",\"inLanguage\":\"cs\",\"@id\":\"https:\/\/www.dakarmania.cz\/#\/schema\/person\/image\/\",\"url\":\"https:\/\/secure.gravatar.com\/avatar\/2c80d5a4942fe0900b73cc7d3837a509d6ee0a276a2b76dac95c92bd0763a89b?s=96&d=mm&r=g\",\"contentUrl\":\"https:\/\/secure.gravatar.com\/avatar\/2c80d5a4942fe0900b73cc7d3837a509d6ee0a276a2b76dac95c92bd0763a89b?s=96&d=mm&r=g\",\"caption\":\"Zden\u011bk Zelenka\"},\"description\":\"Moji d\u011bt\u0161t\u00ed hrdinov\u00e9 se jmenovali Loprais, Moskal, Neveu, Vatanen, Rahier... A tihle borci, jejich n\u00e1sledovn\u00edci a jejich p\u0159\u00edb\u011bhy m\u011b nep\u0159estali fascinovat ani po letech, kdy jsem vyrostl a zam\u011bstn\u00e1valy m\u011b jin\u00e9 discipl\u00edny motorsportu. Proto se zrodila DAKARMANIA.\",\"url\":\"https:\/\/www.dakarmania.cz\/index.php\/author\/dakarmania\/\"}]}<\/script>\n<!-- \/ Yoast SEO plugin. -->","yoast_head_json":{"title":"Africa Race 2019: Alessandro Botturi si upevnil veden\u00ed - DAKARMANIA.cz","description":"\u00davodn\u00ed \u010dtvrtinu AER 2019 zvl\u00e1dl v kategorii motocyklist\u016f nejl\u00e9pe Alessandro Botturi. D\u00edky druh\u00e9mu etapov\u00e9mu v\u00edt\u011bzstv\u00ed zv\u00fd\u0161il sv\u016fj n\u00e1skok na \u010dele hodnocen\u00ed.","robots":{"index":"index","follow":"follow","max-snippet":"max-snippet:-1","max-image-preview":"max-image-preview:large","max-video-preview":"max-video-preview:-1"},"canonical":"https:\/\/www.dakarmania.cz\/index.php\/2019\/01\/03\/africa-race-2019-alessandro-botturi-si-upevnil-vedeni\/","og_locale":"cs_CZ","og_type":"article","og_title":"Africa Race 2019: Alessandro Botturi si upevnil veden\u00ed - DAKARMANIA.cz","og_description":"\u00davodn\u00ed \u010dtvrtinu AER 2019 zvl\u00e1dl v kategorii motocyklist\u016f nejl\u00e9pe Alessandro Botturi. D\u00edky druh\u00e9mu etapov\u00e9mu v\u00edt\u011bzstv\u00ed zv\u00fd\u0161il sv\u016fj n\u00e1skok na \u010dele hodnocen\u00ed.","og_url":"https:\/\/www.dakarmania.cz\/index.php\/2019\/01\/03\/africa-race-2019-alessandro-botturi-si-upevnil-vedeni\/","og_site_name":"DAKARMANIA.cz","article_publisher":"https:\/\/www.facebook.com\/dakarmania\/","article_published_time":"2019-01-03T16:20:06+00:00","article_modified_time":"2019-01-03T16:33:42+00:00","og_image":[{"width":1024,"height":684,"url":"https:\/\/www.dakarmania.cz\/wp-content\/uploads\/2019\/01\/19-aer-botturi02.jpg","type":"image\/jpeg"}],"author":"Zden\u011bk Zelenka","twitter_card":"summary_large_image","twitter_misc":{"Napsal(a)":"Zden\u011bk Zelenka","Odhadovan\u00e1 doba \u010dten\u00ed":"2 minuty"},"schema":{"@context":"https:\/\/schema.org","@graph":[{"@type":"Article","@id":"https:\/\/www.dakarmania.cz\/index.php\/2019\/01\/03\/africa-race-2019-alessandro-botturi-si-upevnil-vedeni\/#article","isPartOf":{"@id":"https:\/\/www.dakarmania.cz\/index.php\/2019\/01\/03\/africa-race-2019-alessandro-botturi-si-upevnil-vedeni\/"},"author":{"name":"Zden\u011bk Zelenka","@id":"https:\/\/www.dakarmania.cz\/#\/schema\/person\/04eb0e87a389631c2169c0dddae7ff1e"},"headline":"Africa Race 2019: Alessandro Botturi si upevnil veden\u00ed","datePublished":"2019-01-03T16:20:06+00:00","dateModified":"2019-01-03T16:33:42+00:00","mainEntityOfPage":{"@id":"https:\/\/www.dakarmania.cz\/index.php\/2019\/01\/03\/africa-race-2019-alessandro-botturi-si-upevnil-vedeni\/"},"wordCount":397,"commentCount":0,"publisher":{"@id":"https:\/\/www.dakarmania.cz\/#organization"},"image":{"@id":"https:\/\/www.dakarmania.cz\/index.php\/2019\/01\/03\/africa-race-2019-alessandro-botturi-si-upevnil-vedeni\/#primaryimage"},"thumbnailUrl":"https:\/\/www.dakarmania.cz\/wp-content\/uploads\/2019\/01\/19-aer-botturi02.jpg","keywords":["AER","AER 2019","Alessandro Botturi","Honda","Husqvarna","J\u00e1n Za\u0165ko","KTM","LR Horse Power","Luk\u00e1\u0161 Kvapil","Martin Benko","Pal Anders Ullevalseter","Simone Agazzi","Yamaha"],"articleSection":["Africa Eco Race","Moto\/Quad"],"inLanguage":"cs","potentialAction":[{"@type":"CommentAction","name":"Comment","target":["https:\/\/www.dakarmania.cz\/index.php\/2019\/01\/03\/africa-race-2019-alessandro-botturi-si-upevnil-vedeni\/#respond"]}]},{"@type":"WebPage","@id":"https:\/\/www.dakarmania.cz\/index.php\/2019\/01\/03\/africa-race-2019-alessandro-botturi-si-upevnil-vedeni\/","url":"https:\/\/www.dakarmania.cz\/index.php\/2019\/01\/03\/africa-race-2019-alessandro-botturi-si-upevnil-vedeni\/","name":"Africa Race 2019: Alessandro Botturi si upevnil veden\u00ed - DAKARMANIA.cz","isPartOf":{"@id":"https:\/\/www.dakarmania.cz\/#website"},"primaryImageOfPage":{"@id":"https:\/\/www.dakarmania.cz\/index.php\/2019\/01\/03\/africa-race-2019-alessandro-botturi-si-upevnil-vedeni\/#primaryimage"},"image":{"@id":"https:\/\/www.dakarmania.cz\/index.php\/2019\/01\/03\/africa-race-2019-alessandro-botturi-si-upevnil-vedeni\/#primaryimage"},"thumbnailUrl":"https:\/\/www.dakarmania.cz\/wp-content\/uploads\/2019\/01\/19-aer-botturi02.jpg","datePublished":"2019-01-03T16:20:06+00:00","dateModified":"2019-01-03T16:33:42+00:00","description":"\u00davodn\u00ed \u010dtvrtinu AER 2019 zvl\u00e1dl v kategorii motocyklist\u016f nejl\u00e9pe Alessandro Botturi. D\u00edky druh\u00e9mu etapov\u00e9mu v\u00edt\u011bzstv\u00ed zv\u00fd\u0161il sv\u016fj n\u00e1skok na \u010dele hodnocen\u00ed.","breadcrumb":{"@id":"https:\/\/www.dakarmania.cz\/index.php\/2019\/01\/03\/africa-race-2019-alessandro-botturi-si-upevnil-vedeni\/#breadcrumb"},"inLanguage":"cs","potentialAction":[{"@type":"ReadAction","target":["https:\/\/www.dakarmania.cz\/index.php\/2019\/01\/03\/africa-race-2019-alessandro-botturi-si-upevnil-vedeni\/"]}]},{"@type":"ImageObject","inLanguage":"cs","@id":"https:\/\/www.dakarmania.cz\/index.php\/2019\/01\/03\/africa-race-2019-alessandro-botturi-si-upevnil-vedeni\/#primaryimage","url":"https:\/\/www.dakarmania.cz\/wp-content\/uploads\/2019\/01\/19-aer-botturi02.jpg","contentUrl":"https:\/\/www.dakarmania.cz\/wp-content\/uploads\/2019\/01\/19-aer-botturi02.jpg","width":1024,"height":684,"caption":"Alessandro Botturi, Yamaha 450 Rally, Energia & Sorrisi Rally Team. Africa Eco Race 2019. Foto: AER Media\/A. Corradini"},{"@type":"BreadcrumbList","@id":"https:\/\/www.dakarmania.cz\/index.php\/2019\/01\/03\/africa-race-2019-alessandro-botturi-si-upevnil-vedeni\/#breadcrumb","itemListElement":[{"@type":"ListItem","position":1,"name":"Dom\u016f","item":"https:\/\/www.dakarmania.cz\/"},{"@type":"ListItem","position":2,"name":"Africa Race 2019: Alessandro Botturi si upevnil veden\u00ed"}]},{"@type":"WebSite","@id":"https:\/\/www.dakarmania.cz\/#website","url":"https:\/\/www.dakarmania.cz\/","name":"DAKARMANIA.cz","description":"\u017dijeme Dakarem cel\u00fd rok","publisher":{"@id":"https:\/\/www.dakarmania.cz\/#organization"},"potentialAction":[{"@type":"SearchAction","target":{"@type":"EntryPoint","urlTemplate":"https:\/\/www.dakarmania.cz\/?s={search_term_string}"},"query-input":{"@type":"PropertyValueSpecification","valueRequired":true,"valueName":"search_term_string"}}],"inLanguage":"cs"},{"@type":"Organization","@id":"https:\/\/www.dakarmania.cz\/#organization","name":"DAKAR MANIA","url":"https:\/\/www.dakarmania.cz\/","logo":{"@type":"ImageObject","inLanguage":"cs","@id":"https:\/\/www.dakarmania.cz\/#\/schema\/logo\/image\/","url":"https:\/\/www.dakarmania.cz\/wp-content\/uploads\/2018\/12\/Dakar-Mania-Logo-Square-Orange.png","contentUrl":"https:\/\/www.dakarmania.cz\/wp-content\/uploads\/2018\/12\/Dakar-Mania-Logo-Square-Orange.png","width":992,"height":992,"caption":"DAKAR MANIA"},"image":{"@id":"https:\/\/www.dakarmania.cz\/#\/schema\/logo\/image\/"},"sameAs":["https:\/\/www.facebook.com\/dakarmania\/"]},{"@type":"Person","@id":"https:\/\/www.dakarmania.cz\/#\/schema\/person\/04eb0e87a389631c2169c0dddae7ff1e","name":"Zden\u011bk Zelenka","image":{"@type":"ImageObject","inLanguage":"cs","@id":"https:\/\/www.dakarmania.cz\/#\/schema\/person\/image\/","url":"https:\/\/secure.gravatar.com\/avatar\/2c80d5a4942fe0900b73cc7d3837a509d6ee0a276a2b76dac95c92bd0763a89b?s=96&d=mm&r=g","contentUrl":"https:\/\/secure.gravatar.com\/avatar\/2c80d5a4942fe0900b73cc7d3837a509d6ee0a276a2b76dac95c92bd0763a89b?s=96&d=mm&r=g","caption":"Zden\u011bk Zelenka"},"description":"Moji d\u011bt\u0161t\u00ed hrdinov\u00e9 se jmenovali Loprais, Moskal, Neveu, Vatanen, Rahier... A tihle borci, jejich n\u00e1sledovn\u00edci a jejich p\u0159\u00edb\u011bhy m\u011b nep\u0159estali fascinovat ani po letech, kdy jsem vyrostl a zam\u011bstn\u00e1valy m\u011b jin\u00e9 discipl\u00edny motorsportu. Proto se zrodila DAKARMANIA.","url":"https:\/\/www.dakarmania.cz\/index.php\/author\/dakarmania\/"}]}},"amp_enabled":true,"_links":{"self":[{"href":"https:\/\/www.dakarmania.cz\/index.php\/wp-json\/wp\/v2\/posts\/1398","targetHints":{"allow":["GET"]}}],"collection":[{"href":"https:\/\/www.dakarmania.cz\/index.php\/wp-json\/wp\/v2\/posts"}],"about":[{"href":"https:\/\/www.dakarmania.cz\/index.php\/wp-json\/wp\/v2\/types\/post"}],"author":[{"embeddable":true,"href":"https:\/\/www.dakarmania.cz\/index.php\/wp-json\/wp\/v2\/users\/1"}],"replies":[{"embeddable":true,"href":"https:\/\/www.dakarmania.cz\/index.php\/wp-json\/wp\/v2\/comments?post=1398"}],"version-history":[{"count":2,"href":"https:\/\/www.dakarmania.cz\/index.php\/wp-json\/wp\/v2\/posts\/1398\/revisions"}],"predecessor-version":[{"id":1400,"href":"https:\/\/www.dakarmania.cz\/index.php\/wp-json\/wp\/v2\/posts\/1398\/revisions\/1400"}],"wp:featuredmedia":[{"embeddable":true,"href":"https:\/\/www.dakarmania.cz\/index.php\/wp-json\/wp\/v2\/media\/1397"}],"wp:attachment":[{"href":"https:\/\/www.dakarmania.cz\/index.php\/wp-json\/wp\/v2\/media?parent=1398"}],"wp:term":[{"taxonomy":"category","embeddable":true,"href":"https:\/\/www.dakarmania.cz\/index.php\/wp-json\/wp\/v2\/categories?post=1398"},{"taxonomy":"post_tag","embeddable":true,"href":"https:\/\/www.dakarmania.cz\/index.php\/wp-json\/wp\/v2\/tags?post=1398"}],"curies":[{"name":"wp","href":"https:\/\/api.w.org\/{rel}","templated":true}]}}