{"id":14009,"date":"2020-01-05T01:53:57","date_gmt":"2020-01-05T00:53:57","guid":{"rendered":"https:\/\/www.dakarmania.cz\/?p=14009"},"modified":"2020-01-14T13:29:25","modified_gmt":"2020-01-14T12:29:25","slug":"peterhansel-si-se-spolujezdcem-uplne-nerozumi","status":"publish","type":"post","link":"https:\/\/www.dakarmania.cz\/index.php\/2020\/01\/05\/peterhansel-si-se-spolujezdcem-uplne-nerozumi\/","title":{"rendered":"Peterhansel si se spolujezdcem \u00fapln\u011b nerozum\u00ed"},"content":{"rendered":"<p>[vc_row][vc_column][vc_column_text css_animation=&#8221;fadeIn&#8221;]<\/p>\n<h3>St\u00e9phane Peterhansel musel pouh\u00fd m\u011bs\u00edc p\u0159ed startem Rally Dakar 2020 hledat nov\u00e9ho mitf\u00e1ru. Voln\u00fdch navig\u00e1tor\u016f s dakarsk\u00fdmi zku\u0161enostmi bylo v tu chv\u00edli jako \u0161afr\u00e1nu. K dispozici byl Paulo Fi\u00faza. Jen\u017ee spolupr\u00e1ce francouzsko-portugalsk\u00e9 pos\u00e1dky m\u00e1 sv\u00e1 \u00faskal\u00ed.<\/h3>\n<p>[\/vc_column_text][vc_single_image image=&#8221;14008&#8243; img_size=&#8221;large&#8221; add_caption=&#8221;yes&#8221; alignment=&#8221;center&#8221; onclick=&#8221;link_image&#8221; css_animation=&#8221;fadeIn&#8221;][vc_column_text css_animation=&#8221;fadeIn&#8221;]T\u0159in\u00e1ctin\u00e1sobn\u00fd v\u00edt\u011bz dakarsk\u00e9 rally pod\u0159\u00eddil celou sezonu jedin\u00e9mu c\u00edli. Prvn\u00edho sa\u00fadskoarabsk\u00e9ho ro\u010dn\u00edku slavn\u00e9ho pou\u0161tn\u00edho maratonu se cht\u011bl z\u00fa\u010dastnit spole\u010dn\u011b s man\u017eelkou <a href=\"\/index.php\/osobnosti\/peterhansel-andrea\/\">Andreou<\/a>. Ta v\u0161ak na konci listopadu nepro\u0161la pravidelnou l\u00e9ka\u0159skou prohl\u00eddkou, a tak musel <a href=\"\/index.php\/osobnosti\/stephane-peterhansel\/\">St\u00e9phane Peterhansel<\/a> spole\u010dn\u011b s t\u00fdmem X-raid na posledn\u00ed chv\u00edli naj\u00edt jin\u00e9 \u0159e\u0161en\u00ed.<\/p>\n<p><em>\u201eS Andreou jsme na spole\u010dn\u00e9m startu na Dakaru pracovali dva roky. Nejd\u0159\u00edv jsme se \u00fa\u010dastnili z\u00e1vod\u016f se SSV, pak jsme s autem absolvovali baji a cross-country rally. Pro\u017eili jsme velmi dobrou sezonu, dokonce jsme vyhr\u00e1li sv\u011btov\u00fd poh\u00e1r, ale ze zdravotn\u00edch d\u016fvod\u016f nakonec Dakar spole\u010dn\u011b nejedeme,\u201c<\/em> rekapituluje <strong>St\u00e9phane Peterhansel<\/strong>. <em>\u201eVy\u0161et\u0159en\u00ed u Andrey odhalilo probl\u00e9m s jednou z tepen. V b\u011b\u017en\u00e9m \u017eivot\u011b by j\u00ed to nijak v\u00fdrazn\u011b ovliv\u0148ovat nem\u011blo, ale start na Dakaru j\u00ed doktor nedoporu\u010dil.\u201c<\/em><\/p>\n<p><em>\u201eByla to v\u00e1\u017en\u011b velk\u00e1 r\u00e1na. Nebyl jsem si jist\u00fd, co m\u00e1m d\u011blat. Ale dali jsme slovo sponzor\u016fm a Mini, proto jsem tu. Te\u010f ze sebe mus\u00edme vydat maximum s m\u00fdm nov\u00fdm spolujezdcem. M\u00e1me opravdu dobr\u00e9 auto a t\u00fdm.\u201c<\/em><\/p>\n<p>Volba padla na Paula Fi\u00fazu, jen\u017e v uplynul\u00fdch letech usedal do voz\u016f n\u011bmeck\u00e9ho t\u00fdmu po boku <a href=\"\/index.php\/osobnosti\/orlando-terranova\/\">Orlanda Terranovy<\/a>, Ricarda Por\u00e9ma, Ricarda Leala dos Santos nebo Stephana Schotta. Na sv\u00e9m kont\u011b m\u00e1 deset \u00fa\u010dast\u00ed na Dakaru a pochlubit se m\u016f\u017ee dv\u011bma p\u00e1t\u00fdmi m\u00edsty, kter\u00e1 vybojoval spole\u010dn\u011b s Terranovou (2013 a 14). Zku\u0161enosti tedy probl\u00e9m nejsou. Pot\u00ed\u017e je jinde.<\/p>\n<p>Peterhansel nemluv\u00ed portugalsky, Fi\u00faza neovl\u00e1d\u00e1 francouz\u0161tinu. Pos\u00e1dka je tud\u00ed\u017e odk\u00e1z\u00e1na na komunikaci v angli\u010dtin\u011b, jen\u017ee ani t\u00edmto jazyk nehovo\u0159\u00ed \u017e\u00e1dn\u00fd z dvojice plynn\u011b.[\/vc_column_text][vc_single_image image=&#8221;14004&#8243; img_size=&#8221;large&#8221; add_caption=&#8221;yes&#8221; alignment=&#8221;center&#8221; onclick=&#8221;link_image&#8221; css_animation=&#8221;fadeIn&#8221;][vc_column_text css_animation=&#8221;fadeIn&#8221;]<em>\u201eNev\u00edm, jak to bude fungovat. S autem jedu jednadvac\u00e1t\u00fd Dakar, ale a\u017e dosud m\u011b v\u017edy navigoval Francouz,\u201c<\/em> p\u0159ipom\u00edn\u00e1 Peterhansel. <em>\u201eTe\u010f mus\u00edme mluvit anglicky, jen\u017ee m\u00e1 angli\u010dtina nen\u00ed moc dobr\u00e1 a ani jeho nen\u00ed nejlep\u0161\u00ed. Nen\u00ed to jednoduch\u00e9.\u201c<\/em><\/p>\n<p>Na komunikaci p\u0159itom bude hodn\u011b z\u00e1le\u017eet. <a href=\"\/index.php\/souteze\/dakar-2020\/\">Dakar 2020<\/a> se jede v nov\u00e9 lokalit\u011b, m\u00e1 b\u00fdt velmi n\u00e1ro\u010dn\u00fd a za takov\u00fdch podm\u00ednek se jen m\u00e1lokdo z \u00fa\u010dastn\u00edk\u016f nedostane do men\u0161\u00edch nebo v\u011bt\u0161\u00edch probl\u00e9m\u016f, kter\u00e9 bude pot\u0159eba \u0159e\u0161it. Nav\u00edc v etap\u00e1ch, p\u0159i kter\u00fdch dostanou pos\u00e1dky roadbook a\u017e t\u011bsn\u011b p\u0159ed startem, bude velmi z\u00e1le\u017eet na jeho rychl\u00e9m a spr\u00e1vn\u00e9m pochopen\u00ed navig\u00e1torem i na bleskov\u00e9m p\u0159ed\u00e1n\u00ed informace jezdci.<\/p>\n<p>Navzdory mo\u017en\u00fdm pot\u00ed\u017e\u00edm zp\u016fsoben\u00fdm m\u00edrnou jazykovou bari\u00e9rou v\u0161ak Peterhansel tuto novinku jednozna\u010dn\u011b v\u00edt\u00e1: <em>\u201eZ toho m\u00e1m skute\u010dn\u011b radost. Bude to trochu jako za star\u00fdch \u010das\u016f, kdy jsem za\u010d\u00ednal na motorce. Tehdy nebyl \u017e\u00e1dn\u00fd Google, nic takov\u00e9ho. Ka\u017ed\u00fd den jsme objevovali novou tra\u0165, nov\u00fd roadbook. P\u0159edem nikdo nev\u011bd\u011bl, kudy se pojede. Te\u010f to bude podobn\u00e9. Mysl\u00edm si, \u017ee letos bude hr\u00e1t navigace d\u016fle\u017eitou roli. Podle m\u011b nevyhraje jen ten, kdo bude nejrychlej\u0161\u00ed, ale tak\u00e9 nejlep\u0161\u00ed p\u0159i navigaci.\u201c<\/em>[\/vc_column_text][vc_empty_space height=&#8221;5px&#8221;][\/vc_column][\/vc_row]<\/p>\n","protected":false},"excerpt":{"rendered":"<p>St\u00e9phane Peterhansel musel m\u011bs\u00edc p\u0159ed Dakaru 2020 hledat nov\u00e9ho mitf\u00e1ru. Voln\u00fdch navig\u00e1tor\u016f s dakarsk\u00fdmi zku\u0161enostmi bylo v tu chv\u00edli jako \u0161afr\u00e1nu.<\/p>\n","protected":false},"author":1,"featured_media":14006,"comment_status":"open","ping_status":"closed","sticky":false,"template":"","format":"standard","meta":{"footnotes":""},"categories":[3,251],"tags":[903,654,231,8,159,219,1616,217,220],"class_list":["post-14009","post","type-post","status-publish","format-standard","has-post-thumbnail","hentry","category-auto","category-dakar-2020","tag-903","tag-andrea-mayer","tag-andrea-peterhansel","tag-dakar","tag-dakar-2020","tag-mini","tag-paulo-fiuza","tag-stephane-peterhansel","tag-x-raid"],"yoast_head":"<!-- This site is optimized with the Yoast SEO plugin v24.9 - https:\/\/yoast.com\/wordpress\/plugins\/seo\/ -->\n<title>Peterhansel si se spolujezdcem \u00fapln\u011b nerozum\u00ed - DAKARMANIA.cz<\/title>\n<meta name=\"description\" content=\"St\u00e9phane Peterhansel musel m\u011bs\u00edc p\u0159ed Dakaru 2020 hledat nov\u00e9ho mitf\u00e1ru. Voln\u00fdch navig\u00e1tor\u016f s dakarsk\u00fdmi zku\u0161enostmi bylo v tu chv\u00edli jako \u0161afr\u00e1nu.\" \/>\n<meta name=\"robots\" content=\"index, follow, max-snippet:-1, max-image-preview:large, max-video-preview:-1\" \/>\n<link rel=\"canonical\" href=\"https:\/\/www.dakarmania.cz\/index.php\/2020\/01\/05\/peterhansel-si-se-spolujezdcem-uplne-nerozumi\/\" \/>\n<meta property=\"og:locale\" content=\"cs_CZ\" \/>\n<meta property=\"og:type\" content=\"article\" \/>\n<meta property=\"og:title\" content=\"Peterhansel si se spolujezdcem \u00fapln\u011b nerozum\u00ed - DAKARMANIA.cz\" \/>\n<meta property=\"og:description\" content=\"St\u00e9phane Peterhansel musel m\u011bs\u00edc p\u0159ed Dakaru 2020 hledat nov\u00e9ho mitf\u00e1ru. Voln\u00fdch navig\u00e1tor\u016f s dakarsk\u00fdmi zku\u0161enostmi bylo v tu chv\u00edli jako \u0161afr\u00e1nu.\" \/>\n<meta property=\"og:url\" content=\"https:\/\/www.dakarmania.cz\/index.php\/2020\/01\/05\/peterhansel-si-se-spolujezdcem-uplne-nerozumi\/\" \/>\n<meta property=\"og:site_name\" content=\"DAKARMANIA.cz\" \/>\n<meta property=\"article:publisher\" content=\"https:\/\/www.facebook.com\/dakarmania\/\" \/>\n<meta property=\"article:published_time\" content=\"2020-01-05T00:53:57+00:00\" \/>\n<meta property=\"article:modified_time\" content=\"2020-01-14T12:29:25+00:00\" \/>\n<meta property=\"og:image\" content=\"https:\/\/www.dakarmania.cz\/wp-content\/uploads\/2020\/01\/20-dakar-peterhansel-02.jpg\" \/>\n\t<meta property=\"og:image:width\" content=\"1024\" \/>\n\t<meta property=\"og:image:height\" content=\"683\" \/>\n\t<meta property=\"og:image:type\" content=\"image\/jpeg\" \/>\n<meta name=\"author\" content=\"Zden\u011bk Zelenka\" \/>\n<meta name=\"twitter:card\" content=\"summary_large_image\" \/>\n<meta name=\"twitter:label1\" content=\"Napsal(a)\" \/>\n\t<meta name=\"twitter:data1\" content=\"Zden\u011bk Zelenka\" \/>\n\t<meta name=\"twitter:label2\" content=\"Odhadovan\u00e1 doba \u010dten\u00ed\" \/>\n\t<meta name=\"twitter:data2\" content=\"3 minuty\" \/>\n<script type=\"application\/ld+json\" class=\"yoast-schema-graph\">{\"@context\":\"https:\/\/schema.org\",\"@graph\":[{\"@type\":\"Article\",\"@id\":\"https:\/\/www.dakarmania.cz\/index.php\/2020\/01\/05\/peterhansel-si-se-spolujezdcem-uplne-nerozumi\/#article\",\"isPartOf\":{\"@id\":\"https:\/\/www.dakarmania.cz\/index.php\/2020\/01\/05\/peterhansel-si-se-spolujezdcem-uplne-nerozumi\/\"},\"author\":{\"name\":\"Zden\u011bk Zelenka\",\"@id\":\"https:\/\/www.dakarmania.cz\/#\/schema\/person\/04eb0e87a389631c2169c0dddae7ff1e\"},\"headline\":\"Peterhansel si se spolujezdcem \u00fapln\u011b nerozum\u00ed\",\"datePublished\":\"2020-01-05T00:53:57+00:00\",\"dateModified\":\"2020-01-14T12:29:25+00:00\",\"mainEntityOfPage\":{\"@id\":\"https:\/\/www.dakarmania.cz\/index.php\/2020\/01\/05\/peterhansel-si-se-spolujezdcem-uplne-nerozumi\/\"},\"wordCount\":695,\"commentCount\":0,\"publisher\":{\"@id\":\"https:\/\/www.dakarmania.cz\/#organization\"},\"image\":{\"@id\":\"https:\/\/www.dakarmania.cz\/index.php\/2020\/01\/05\/peterhansel-si-se-spolujezdcem-uplne-nerozumi\/#primaryimage\"},\"thumbnailUrl\":\"https:\/\/www.dakarmania.cz\/wp-content\/uploads\/2020\/01\/20-dakar-peterhansel-02.jpg\",\"keywords\":[\"2020\",\"Andrea Mayer\",\"Andrea Peterhansel\",\"Dakar\",\"Dakar 2020\",\"Mini\",\"Paulo Fi\u00faza\",\"St\u00e9phane Peterhansel\",\"X-raid\"],\"articleSection\":[\"Auto\",\"Dakar 2020\"],\"inLanguage\":\"cs\",\"potentialAction\":[{\"@type\":\"CommentAction\",\"name\":\"Comment\",\"target\":[\"https:\/\/www.dakarmania.cz\/index.php\/2020\/01\/05\/peterhansel-si-se-spolujezdcem-uplne-nerozumi\/#respond\"]}]},{\"@type\":\"WebPage\",\"@id\":\"https:\/\/www.dakarmania.cz\/index.php\/2020\/01\/05\/peterhansel-si-se-spolujezdcem-uplne-nerozumi\/\",\"url\":\"https:\/\/www.dakarmania.cz\/index.php\/2020\/01\/05\/peterhansel-si-se-spolujezdcem-uplne-nerozumi\/\",\"name\":\"Peterhansel si se spolujezdcem \u00fapln\u011b nerozum\u00ed - DAKARMANIA.cz\",\"isPartOf\":{\"@id\":\"https:\/\/www.dakarmania.cz\/#website\"},\"primaryImageOfPage\":{\"@id\":\"https:\/\/www.dakarmania.cz\/index.php\/2020\/01\/05\/peterhansel-si-se-spolujezdcem-uplne-nerozumi\/#primaryimage\"},\"image\":{\"@id\":\"https:\/\/www.dakarmania.cz\/index.php\/2020\/01\/05\/peterhansel-si-se-spolujezdcem-uplne-nerozumi\/#primaryimage\"},\"thumbnailUrl\":\"https:\/\/www.dakarmania.cz\/wp-content\/uploads\/2020\/01\/20-dakar-peterhansel-02.jpg\",\"datePublished\":\"2020-01-05T00:53:57+00:00\",\"dateModified\":\"2020-01-14T12:29:25+00:00\",\"description\":\"St\u00e9phane Peterhansel musel m\u011bs\u00edc p\u0159ed Dakaru 2020 hledat nov\u00e9ho mitf\u00e1ru. Voln\u00fdch navig\u00e1tor\u016f s dakarsk\u00fdmi zku\u0161enostmi bylo v tu chv\u00edli jako \u0161afr\u00e1nu.\",\"breadcrumb\":{\"@id\":\"https:\/\/www.dakarmania.cz\/index.php\/2020\/01\/05\/peterhansel-si-se-spolujezdcem-uplne-nerozumi\/#breadcrumb\"},\"inLanguage\":\"cs\",\"potentialAction\":[{\"@type\":\"ReadAction\",\"target\":[\"https:\/\/www.dakarmania.cz\/index.php\/2020\/01\/05\/peterhansel-si-se-spolujezdcem-uplne-nerozumi\/\"]}]},{\"@type\":\"ImageObject\",\"inLanguage\":\"cs\",\"@id\":\"https:\/\/www.dakarmania.cz\/index.php\/2020\/01\/05\/peterhansel-si-se-spolujezdcem-uplne-nerozumi\/#primaryimage\",\"url\":\"https:\/\/www.dakarmania.cz\/wp-content\/uploads\/2020\/01\/20-dakar-peterhansel-02.jpg\",\"contentUrl\":\"https:\/\/www.dakarmania.cz\/wp-content\/uploads\/2020\/01\/20-dakar-peterhansel-02.jpg\",\"width\":1024,\"height\":683,\"caption\":\"St\u00e9phane Peterhansel, Bahrain JCW X-Raid Team. Rally Dakar 2020. \u00a9 X-raid\"},{\"@type\":\"BreadcrumbList\",\"@id\":\"https:\/\/www.dakarmania.cz\/index.php\/2020\/01\/05\/peterhansel-si-se-spolujezdcem-uplne-nerozumi\/#breadcrumb\",\"itemListElement\":[{\"@type\":\"ListItem\",\"position\":1,\"name\":\"Dom\u016f\",\"item\":\"https:\/\/www.dakarmania.cz\/\"},{\"@type\":\"ListItem\",\"position\":2,\"name\":\"Peterhansel si se spolujezdcem \u00fapln\u011b nerozum\u00ed\"}]},{\"@type\":\"WebSite\",\"@id\":\"https:\/\/www.dakarmania.cz\/#website\",\"url\":\"https:\/\/www.dakarmania.cz\/\",\"name\":\"DAKARMANIA.cz\",\"description\":\"\u017dijeme Dakarem cel\u00fd rok\",\"publisher\":{\"@id\":\"https:\/\/www.dakarmania.cz\/#organization\"},\"potentialAction\":[{\"@type\":\"SearchAction\",\"target\":{\"@type\":\"EntryPoint\",\"urlTemplate\":\"https:\/\/www.dakarmania.cz\/?s={search_term_string}\"},\"query-input\":{\"@type\":\"PropertyValueSpecification\",\"valueRequired\":true,\"valueName\":\"search_term_string\"}}],\"inLanguage\":\"cs\"},{\"@type\":\"Organization\",\"@id\":\"https:\/\/www.dakarmania.cz\/#organization\",\"name\":\"DAKAR MANIA\",\"url\":\"https:\/\/www.dakarmania.cz\/\",\"logo\":{\"@type\":\"ImageObject\",\"inLanguage\":\"cs\",\"@id\":\"https:\/\/www.dakarmania.cz\/#\/schema\/logo\/image\/\",\"url\":\"https:\/\/www.dakarmania.cz\/wp-content\/uploads\/2018\/12\/Dakar-Mania-Logo-Square-Orange.png\",\"contentUrl\":\"https:\/\/www.dakarmania.cz\/wp-content\/uploads\/2018\/12\/Dakar-Mania-Logo-Square-Orange.png\",\"width\":992,\"height\":992,\"caption\":\"DAKAR MANIA\"},\"image\":{\"@id\":\"https:\/\/www.dakarmania.cz\/#\/schema\/logo\/image\/\"},\"sameAs\":[\"https:\/\/www.facebook.com\/dakarmania\/\"]},{\"@type\":\"Person\",\"@id\":\"https:\/\/www.dakarmania.cz\/#\/schema\/person\/04eb0e87a389631c2169c0dddae7ff1e\",\"name\":\"Zden\u011bk Zelenka\",\"image\":{\"@type\":\"ImageObject\",\"inLanguage\":\"cs\",\"@id\":\"https:\/\/www.dakarmania.cz\/#\/schema\/person\/image\/\",\"url\":\"https:\/\/secure.gravatar.com\/avatar\/2c80d5a4942fe0900b73cc7d3837a509d6ee0a276a2b76dac95c92bd0763a89b?s=96&d=mm&r=g\",\"contentUrl\":\"https:\/\/secure.gravatar.com\/avatar\/2c80d5a4942fe0900b73cc7d3837a509d6ee0a276a2b76dac95c92bd0763a89b?s=96&d=mm&r=g\",\"caption\":\"Zden\u011bk Zelenka\"},\"description\":\"Moji d\u011bt\u0161t\u00ed hrdinov\u00e9 se jmenovali Loprais, Moskal, Neveu, Vatanen, Rahier... A tihle borci, jejich n\u00e1sledovn\u00edci a jejich p\u0159\u00edb\u011bhy m\u011b nep\u0159estali fascinovat ani po letech, kdy jsem vyrostl a zam\u011bstn\u00e1valy m\u011b jin\u00e9 discipl\u00edny motorsportu. Proto se zrodila DAKARMANIA.\",\"url\":\"https:\/\/www.dakarmania.cz\/index.php\/author\/dakarmania\/\"}]}<\/script>\n<!-- \/ Yoast SEO plugin. -->","yoast_head_json":{"title":"Peterhansel si se spolujezdcem \u00fapln\u011b nerozum\u00ed - DAKARMANIA.cz","description":"St\u00e9phane Peterhansel musel m\u011bs\u00edc p\u0159ed Dakaru 2020 hledat nov\u00e9ho mitf\u00e1ru. Voln\u00fdch navig\u00e1tor\u016f s dakarsk\u00fdmi zku\u0161enostmi bylo v tu chv\u00edli jako \u0161afr\u00e1nu.","robots":{"index":"index","follow":"follow","max-snippet":"max-snippet:-1","max-image-preview":"max-image-preview:large","max-video-preview":"max-video-preview:-1"},"canonical":"https:\/\/www.dakarmania.cz\/index.php\/2020\/01\/05\/peterhansel-si-se-spolujezdcem-uplne-nerozumi\/","og_locale":"cs_CZ","og_type":"article","og_title":"Peterhansel si se spolujezdcem \u00fapln\u011b nerozum\u00ed - DAKARMANIA.cz","og_description":"St\u00e9phane Peterhansel musel m\u011bs\u00edc p\u0159ed Dakaru 2020 hledat nov\u00e9ho mitf\u00e1ru. Voln\u00fdch navig\u00e1tor\u016f s dakarsk\u00fdmi zku\u0161enostmi bylo v tu chv\u00edli jako \u0161afr\u00e1nu.","og_url":"https:\/\/www.dakarmania.cz\/index.php\/2020\/01\/05\/peterhansel-si-se-spolujezdcem-uplne-nerozumi\/","og_site_name":"DAKARMANIA.cz","article_publisher":"https:\/\/www.facebook.com\/dakarmania\/","article_published_time":"2020-01-05T00:53:57+00:00","article_modified_time":"2020-01-14T12:29:25+00:00","og_image":[{"width":1024,"height":683,"url":"https:\/\/www.dakarmania.cz\/wp-content\/uploads\/2020\/01\/20-dakar-peterhansel-02.jpg","type":"image\/jpeg"}],"author":"Zden\u011bk Zelenka","twitter_card":"summary_large_image","twitter_misc":{"Napsal(a)":"Zden\u011bk Zelenka","Odhadovan\u00e1 doba \u010dten\u00ed":"3 minuty"},"schema":{"@context":"https:\/\/schema.org","@graph":[{"@type":"Article","@id":"https:\/\/www.dakarmania.cz\/index.php\/2020\/01\/05\/peterhansel-si-se-spolujezdcem-uplne-nerozumi\/#article","isPartOf":{"@id":"https:\/\/www.dakarmania.cz\/index.php\/2020\/01\/05\/peterhansel-si-se-spolujezdcem-uplne-nerozumi\/"},"author":{"name":"Zden\u011bk Zelenka","@id":"https:\/\/www.dakarmania.cz\/#\/schema\/person\/04eb0e87a389631c2169c0dddae7ff1e"},"headline":"Peterhansel si se spolujezdcem \u00fapln\u011b nerozum\u00ed","datePublished":"2020-01-05T00:53:57+00:00","dateModified":"2020-01-14T12:29:25+00:00","mainEntityOfPage":{"@id":"https:\/\/www.dakarmania.cz\/index.php\/2020\/01\/05\/peterhansel-si-se-spolujezdcem-uplne-nerozumi\/"},"wordCount":695,"commentCount":0,"publisher":{"@id":"https:\/\/www.dakarmania.cz\/#organization"},"image":{"@id":"https:\/\/www.dakarmania.cz\/index.php\/2020\/01\/05\/peterhansel-si-se-spolujezdcem-uplne-nerozumi\/#primaryimage"},"thumbnailUrl":"https:\/\/www.dakarmania.cz\/wp-content\/uploads\/2020\/01\/20-dakar-peterhansel-02.jpg","keywords":["2020","Andrea Mayer","Andrea Peterhansel","Dakar","Dakar 2020","Mini","Paulo Fi\u00faza","St\u00e9phane Peterhansel","X-raid"],"articleSection":["Auto","Dakar 2020"],"inLanguage":"cs","potentialAction":[{"@type":"CommentAction","name":"Comment","target":["https:\/\/www.dakarmania.cz\/index.php\/2020\/01\/05\/peterhansel-si-se-spolujezdcem-uplne-nerozumi\/#respond"]}]},{"@type":"WebPage","@id":"https:\/\/www.dakarmania.cz\/index.php\/2020\/01\/05\/peterhansel-si-se-spolujezdcem-uplne-nerozumi\/","url":"https:\/\/www.dakarmania.cz\/index.php\/2020\/01\/05\/peterhansel-si-se-spolujezdcem-uplne-nerozumi\/","name":"Peterhansel si se spolujezdcem \u00fapln\u011b nerozum\u00ed - DAKARMANIA.cz","isPartOf":{"@id":"https:\/\/www.dakarmania.cz\/#website"},"primaryImageOfPage":{"@id":"https:\/\/www.dakarmania.cz\/index.php\/2020\/01\/05\/peterhansel-si-se-spolujezdcem-uplne-nerozumi\/#primaryimage"},"image":{"@id":"https:\/\/www.dakarmania.cz\/index.php\/2020\/01\/05\/peterhansel-si-se-spolujezdcem-uplne-nerozumi\/#primaryimage"},"thumbnailUrl":"https:\/\/www.dakarmania.cz\/wp-content\/uploads\/2020\/01\/20-dakar-peterhansel-02.jpg","datePublished":"2020-01-05T00:53:57+00:00","dateModified":"2020-01-14T12:29:25+00:00","description":"St\u00e9phane Peterhansel musel m\u011bs\u00edc p\u0159ed Dakaru 2020 hledat nov\u00e9ho mitf\u00e1ru. Voln\u00fdch navig\u00e1tor\u016f s dakarsk\u00fdmi zku\u0161enostmi bylo v tu chv\u00edli jako \u0161afr\u00e1nu.","breadcrumb":{"@id":"https:\/\/www.dakarmania.cz\/index.php\/2020\/01\/05\/peterhansel-si-se-spolujezdcem-uplne-nerozumi\/#breadcrumb"},"inLanguage":"cs","potentialAction":[{"@type":"ReadAction","target":["https:\/\/www.dakarmania.cz\/index.php\/2020\/01\/05\/peterhansel-si-se-spolujezdcem-uplne-nerozumi\/"]}]},{"@type":"ImageObject","inLanguage":"cs","@id":"https:\/\/www.dakarmania.cz\/index.php\/2020\/01\/05\/peterhansel-si-se-spolujezdcem-uplne-nerozumi\/#primaryimage","url":"https:\/\/www.dakarmania.cz\/wp-content\/uploads\/2020\/01\/20-dakar-peterhansel-02.jpg","contentUrl":"https:\/\/www.dakarmania.cz\/wp-content\/uploads\/2020\/01\/20-dakar-peterhansel-02.jpg","width":1024,"height":683,"caption":"St\u00e9phane Peterhansel, Bahrain JCW X-Raid Team. Rally Dakar 2020. \u00a9 X-raid"},{"@type":"BreadcrumbList","@id":"https:\/\/www.dakarmania.cz\/index.php\/2020\/01\/05\/peterhansel-si-se-spolujezdcem-uplne-nerozumi\/#breadcrumb","itemListElement":[{"@type":"ListItem","position":1,"name":"Dom\u016f","item":"https:\/\/www.dakarmania.cz\/"},{"@type":"ListItem","position":2,"name":"Peterhansel si se spolujezdcem \u00fapln\u011b nerozum\u00ed"}]},{"@type":"WebSite","@id":"https:\/\/www.dakarmania.cz\/#website","url":"https:\/\/www.dakarmania.cz\/","name":"DAKARMANIA.cz","description":"\u017dijeme Dakarem cel\u00fd rok","publisher":{"@id":"https:\/\/www.dakarmania.cz\/#organization"},"potentialAction":[{"@type":"SearchAction","target":{"@type":"EntryPoint","urlTemplate":"https:\/\/www.dakarmania.cz\/?s={search_term_string}"},"query-input":{"@type":"PropertyValueSpecification","valueRequired":true,"valueName":"search_term_string"}}],"inLanguage":"cs"},{"@type":"Organization","@id":"https:\/\/www.dakarmania.cz\/#organization","name":"DAKAR MANIA","url":"https:\/\/www.dakarmania.cz\/","logo":{"@type":"ImageObject","inLanguage":"cs","@id":"https:\/\/www.dakarmania.cz\/#\/schema\/logo\/image\/","url":"https:\/\/www.dakarmania.cz\/wp-content\/uploads\/2018\/12\/Dakar-Mania-Logo-Square-Orange.png","contentUrl":"https:\/\/www.dakarmania.cz\/wp-content\/uploads\/2018\/12\/Dakar-Mania-Logo-Square-Orange.png","width":992,"height":992,"caption":"DAKAR MANIA"},"image":{"@id":"https:\/\/www.dakarmania.cz\/#\/schema\/logo\/image\/"},"sameAs":["https:\/\/www.facebook.com\/dakarmania\/"]},{"@type":"Person","@id":"https:\/\/www.dakarmania.cz\/#\/schema\/person\/04eb0e87a389631c2169c0dddae7ff1e","name":"Zden\u011bk Zelenka","image":{"@type":"ImageObject","inLanguage":"cs","@id":"https:\/\/www.dakarmania.cz\/#\/schema\/person\/image\/","url":"https:\/\/secure.gravatar.com\/avatar\/2c80d5a4942fe0900b73cc7d3837a509d6ee0a276a2b76dac95c92bd0763a89b?s=96&d=mm&r=g","contentUrl":"https:\/\/secure.gravatar.com\/avatar\/2c80d5a4942fe0900b73cc7d3837a509d6ee0a276a2b76dac95c92bd0763a89b?s=96&d=mm&r=g","caption":"Zden\u011bk Zelenka"},"description":"Moji d\u011bt\u0161t\u00ed hrdinov\u00e9 se jmenovali Loprais, Moskal, Neveu, Vatanen, Rahier... A tihle borci, jejich n\u00e1sledovn\u00edci a jejich p\u0159\u00edb\u011bhy m\u011b nep\u0159estali fascinovat ani po letech, kdy jsem vyrostl a zam\u011bstn\u00e1valy m\u011b jin\u00e9 discipl\u00edny motorsportu. Proto se zrodila DAKARMANIA.","url":"https:\/\/www.dakarmania.cz\/index.php\/author\/dakarmania\/"}]}},"amp_enabled":true,"_links":{"self":[{"href":"https:\/\/www.dakarmania.cz\/index.php\/wp-json\/wp\/v2\/posts\/14009","targetHints":{"allow":["GET"]}}],"collection":[{"href":"https:\/\/www.dakarmania.cz\/index.php\/wp-json\/wp\/v2\/posts"}],"about":[{"href":"https:\/\/www.dakarmania.cz\/index.php\/wp-json\/wp\/v2\/types\/post"}],"author":[{"embeddable":true,"href":"https:\/\/www.dakarmania.cz\/index.php\/wp-json\/wp\/v2\/users\/1"}],"replies":[{"embeddable":true,"href":"https:\/\/www.dakarmania.cz\/index.php\/wp-json\/wp\/v2\/comments?post=14009"}],"version-history":[{"count":3,"href":"https:\/\/www.dakarmania.cz\/index.php\/wp-json\/wp\/v2\/posts\/14009\/revisions"}],"predecessor-version":[{"id":14013,"href":"https:\/\/www.dakarmania.cz\/index.php\/wp-json\/wp\/v2\/posts\/14009\/revisions\/14013"}],"wp:featuredmedia":[{"embeddable":true,"href":"https:\/\/www.dakarmania.cz\/index.php\/wp-json\/wp\/v2\/media\/14006"}],"wp:attachment":[{"href":"https:\/\/www.dakarmania.cz\/index.php\/wp-json\/wp\/v2\/media?parent=14009"}],"wp:term":[{"taxonomy":"category","embeddable":true,"href":"https:\/\/www.dakarmania.cz\/index.php\/wp-json\/wp\/v2\/categories?post=14009"},{"taxonomy":"post_tag","embeddable":true,"href":"https:\/\/www.dakarmania.cz\/index.php\/wp-json\/wp\/v2\/tags?post=14009"}],"curies":[{"name":"wp","href":"https:\/\/api.w.org\/{rel}","templated":true}]}}