{"id":1401,"date":"2019-01-03T20:59:05","date_gmt":"2019-01-03T20:59:05","guid":{"rendered":"https:\/\/www.dakarmania.cz\/?p=1401"},"modified":"2019-01-04T01:38:01","modified_gmt":"2019-01-04T01:38:01","slug":"africa-race-2019-jacinto-strida-tomecka-na-prvni-pozici","status":"publish","type":"post","link":"https:\/\/www.dakarmania.cz\/index.php\/2019\/01\/03\/africa-race-2019-jacinto-strida-tomecka-na-prvni-pozici\/","title":{"rendered":"Africa Race 2019: Jacinto st\u0159\u00edd\u00e1 Tome\u010dka na prvn\u00ed pozici"},"content":{"rendered":"<p>[vc_row][vc_column][vc_column_text]<\/p>\n<h4>Jedinou kategori\u00ed, v n\u00ed\u017e se po t\u0159et\u00ed etap\u011b Africa Eco Race 2019 m\u011bnilo po\u0159ad\u00ed na nejvy\u0161\u0161\u00edch p\u0159\u00ed\u010dk\u00e1ch, byly kamiony. Elisabete Jacinto p\u0159edstihla Tom\u00e1\u0161e Tome\u010dka, ale rozestup vedouc\u00ed dvojice z\u016fst\u00e1v\u00e1 minim\u00e1ln\u00ed.<\/h4>\n<p>\u010ctvrte\u010dn\u00ed etapu z Agdalu do Assy, v jej\u00edm\u017e r\u00e1mci se na \u010das jelo 401 kilometr\u016f po rychl\u00fdch, pra\u0161n\u00fdch a m\u00edsty kamenit\u00fdch cest\u00e1ch, vyhr\u00e1la pos\u00e1dka Igor Bouwens, Tom de Leeuw, Ulrich Boerboom. Belgi\u010dan\u00e9 byli mezi truckery nejrychlej\u0161\u00ed u\u017e podruh\u00e9. Ov\u0161em ve st\u0159edu hodn\u011b ztratili kv\u016fli probl\u00e9m\u016fm s \u0159\u00edzen\u00edm sv\u00e9ho Iveca a v pr\u016fb\u011b\u017en\u00e9m po\u0159ad\u00ed proto figuruj\u00ed a\u017e na \u0161est\u00e9 pozici.[\/vc_column_text][vc_single_image image=&#8221;1403&#8243; img_size=&#8221;large&#8221; add_caption=&#8221;yes&#8221; alignment=&#8221;center&#8221;][vc_separator][vc_column_text]Jako druh\u00e1 a se ztr\u00e1tou pouh\u00e9 minuty a p\u016fl dnes do c\u00edle dorazila Elisabete Jacinto (MAN). Portugalka se sv\u00fdmi par\u0165\u00e1ky Jos\u00e9m Marquesem a Marcem Cochinhem sice letos zat\u00edm \u017e\u00e1dnou z etap nevyhr\u00e1la, ale jej\u00ed v\u00fdkony jsou mimo\u0159\u00e1dn\u011b vyrovnan\u00e9. T\u0159i druh\u00e1 m\u00edsta ji v sou\u010dtu posunula do \u010dela celkov\u00e9 klasifikace kamion\u016f s dev\u00edtiminutov\u00fdm n\u00e1skokem p\u0159ed Tom\u00e1\u0161em Tome\u010dkem.<\/p>\n<p><em>\u201eDne\u0161ek byl dobr\u00fd. Tra\u0165 byla rychl\u00e1, i kdy\u017e docela n\u00e1ro\u010dn\u00e1 se spoustou hrbolat\u00fdch pas\u00e1\u017e\u00ed a hlubok\u00fdch d\u011br. Tam jsme museli zpomalit, ale nedostali jsme se do \u017e\u00e1dn\u00fdch probl\u00e9m\u016f. Ka\u017edop\u00e1dn\u011b jsme nasadili dobr\u00e9 tempo a dok\u00e1zali jsme jet rychle,\u201c<\/em> popsala <strong>Elisabete Jacinto<\/strong>.[\/vc_column_text][vc_single_image image=&#8221;1405&#8243; img_size=&#8221;large&#8221; add_caption=&#8221;yes&#8221; alignment=&#8221;center&#8221;][vc_separator][vc_column_text]Tome\u010dek (Tatra) sice na m\u011b\u0159en\u00e9m \u00faseku sv\u00e1d\u011bl nap\u00ednav\u00fd a vyrovnan\u00fd souboj s Bouwensem a Jacinto, ale p\u0159ibli\u017en\u011b v polovin\u011b speci\u00e1lky jej postihl defekt. V\u00fdm\u011bna kola byla nutn\u00e1 a \u010desk\u00fd z\u00e1vodn\u00edk, kter\u00fd jede v kamionu bez dal\u0161\u00edch \u010dlen\u016f pos\u00e1dky, se po\u0159\u00e1dn\u011b zapotil. Do c\u00edle dorazil jako \u0161est\u00fd, t\u0159icet minut za v\u00edt\u011bzn\u00fdm Bouwensem.<\/p>\n<p>Technickou z\u00e1vadu, kter\u00e1 ve <a href=\"https:\/\/www.dakarmania.cz\/index.php\/2019\/01\/02\/africa-race-2019-tomecek-jde-do-cela\/\">v\u010derej\u0161\u00ed etap\u011b<\/a> zastavila Tatru pos\u00e1dky Petr \u010capka, Zden\u011bk Voda, se p\u0159es noc nepoda\u0159ilo opravit a t\u00fdm \u010capka Rallysport se musel s Africa Eco Race 2019 p\u0159ed\u010dasn\u011b rozlou\u010dit.<\/p>\n<p>V p\u00e1tek 4. ledna je na programu \u010dtvrt\u00e1 etapa z Assy do Fort Chacal. Ze 495 kilometr\u016f se jich v r\u00e1mci speci\u00e1lky pojede 493. Kl\u00ed\u010dovou roli m\u00e1 podle po\u0159adatel\u016f hr\u00e1t perfektn\u00ed navigace.[\/vc_column_text][vc_column_text]<\/p>\n<table style=\"width: 97.7654%;\" cellpadding=\"10\">\n<thead>\n<tr style=\"background-color: #ff7d0e;\">\n<td style=\"width: 98.8764%;\" colspan=\"4\"><strong>Africa Eco Race 2019 &#8211; KAMIONY po 3. etap\u011b<\/strong><\/td>\n<\/tr>\n<\/thead>\n<tbody>\n<tr>\n<td style=\"width: 6.51685%;\">1.<\/td>\n<td style=\"width: 39.7999%;\">Jacinto\/Marques\/Cochinho<\/td>\n<td style=\"width: 29.0765%;\">MAN<\/td>\n<td style=\"width: 23.4831%;\">12:17:57<\/td>\n<\/tr>\n<tr>\n<td style=\"width: 6.51685%;\">2.<\/td>\n<td style=\"width: 39.7999%;\">Tome\u010dek<\/td>\n<td style=\"width: 29.0765%;\">Tatra<\/td>\n<td style=\"width: 23.4831%;\">+9:00<\/td>\n<\/tr>\n<tr>\n<td style=\"width: 6.51685%;\">3.<\/td>\n<td style=\"width: 39.7999%;\">Essers\/Lauwers\/Cooninx<\/td>\n<td style=\"width: 29.0765%;\">MAN<\/td>\n<td style=\"width: 23.4831%;\">+1:12:48<\/td>\n<\/tr>\n<tr>\n<td style=\"width: 6.51685%;\">4.<\/td>\n<td style=\"width: 39.7999%;\">Elfrink\/Schuttel<\/td>\n<td style=\"width: 29.0765%;\">Mercedes-Benz<\/td>\n<td style=\"width: 23.4831%;\">+1:40:53<\/td>\n<\/tr>\n<tr>\n<td style=\"width: 6.51685%;\">5.<\/td>\n<td style=\"width: 39.7999%;\">Van Velsen\/Siemons\/Oosting<\/td>\n<td style=\"width: 29.0765%;\">GINAF<\/td>\n<td style=\"width: 23.4831%;\">+1:50:26<\/td>\n<\/tr>\n<tr>\n<td style=\"width: 6.51685%;\">6.<\/td>\n<td style=\"width: 39.7999%;\">Bouwens\/Driesmans\/Boerboom<\/td>\n<td style=\"width: 29.0765%;\">Iveco<\/td>\n<td style=\"width: 23.4831%;\">+2:21:14<\/td>\n<\/tr>\n<tr>\n<td style=\"width: 6.51685%;\">7.<\/td>\n<td style=\"width: 39.7999%;\">\u0160kljajev\/Laguta<\/td>\n<td style=\"width: 29.0765%;\">GAZ<\/td>\n<td style=\"width: 23.4831%;\">+3:13:52<\/td>\n<\/tr>\n<\/tbody>\n<\/table>\n<p>[\/vc_column_text][\/vc_column][\/vc_row]<\/p>\n","protected":false},"excerpt":{"rendered":"<p>[vc_row][vc_column][vc_column_text] Jedinou kategori\u00ed, v n\u00ed\u017e se po t\u0159et\u00ed etap\u011b Africa Eco Race 2019 m\u011bnilo po\u0159ad\u00ed na nejvy\u0161\u0161\u00edch p\u0159\u00ed\u010dk\u00e1ch, byly kamiony. Elisabete Jacinto p\u0159edstihla Tom\u00e1\u0161e Tome\u010dka, ale rozestup vedouc\u00ed dvojice z\u016fst\u00e1v\u00e1 minim\u00e1ln\u00ed. \u010ctvrte\u010dn\u00ed etapu z Agdalu do Assy, v jej\u00edm\u017e r\u00e1mci se na \u010das jelo 401 kilometr\u016f po rychl\u00fdch, pra\u0161n\u00fdch a m\u00edsty kamenit\u00fdch cest\u00e1ch, vyhr\u00e1la pos\u00e1dka [&hellip;]<\/p>\n","protected":false},"author":1,"featured_media":1404,"comment_status":"open","ping_status":"closed","sticky":false,"template":"","format":"standard","meta":{"footnotes":""},"categories":[119,16],"tags":[120,121,122,165,163,164,166,123,68,141,124],"class_list":["post-1401","post","type-post","status-publish","format-standard","has-post-thumbnail","hentry","category-africa-eco-race","category-kamion","tag-aer","tag-aer-2019","tag-capka-rallysport","tag-elisabete-jacinto","tag-igor-bouwens","tag-iveco","tag-man","tag-petr-capka","tag-tatra","tag-tomas-tomecek","tag-zdenek-voda"],"yoast_head":"<!-- This site is optimized with the Yoast SEO plugin v24.9 - https:\/\/yoast.com\/wordpress\/plugins\/seo\/ -->\n<title>Africa Race 2019: Jacinto st\u0159\u00edd\u00e1 Tome\u010dka na prvn\u00ed pozici - DAKARMANIA.cz<\/title>\n<meta name=\"description\" content=\"Jedinou kategori\u00ed, v n\u00ed\u017e se po t\u0159et\u00ed etap\u011b Africa Eco Race 2019 m\u011bnilo po\u0159ad\u00ed na nejvy\u0161\u0161\u00edch p\u0159\u00ed\u010dk\u00e1ch, byly kamiony.\" \/>\n<meta name=\"robots\" content=\"index, follow, max-snippet:-1, max-image-preview:large, max-video-preview:-1\" \/>\n<link rel=\"canonical\" href=\"https:\/\/www.dakarmania.cz\/index.php\/2019\/01\/03\/africa-race-2019-jacinto-strida-tomecka-na-prvni-pozici\/\" \/>\n<meta property=\"og:locale\" content=\"cs_CZ\" \/>\n<meta property=\"og:type\" content=\"article\" \/>\n<meta property=\"og:title\" content=\"Africa Race 2019: Jacinto st\u0159\u00edd\u00e1 Tome\u010dka na prvn\u00ed pozici - DAKARMANIA.cz\" \/>\n<meta property=\"og:description\" content=\"Jedinou kategori\u00ed, v n\u00ed\u017e se po t\u0159et\u00ed etap\u011b Africa Eco Race 2019 m\u011bnilo po\u0159ad\u00ed na nejvy\u0161\u0161\u00edch p\u0159\u00ed\u010dk\u00e1ch, byly kamiony.\" \/>\n<meta property=\"og:url\" content=\"https:\/\/www.dakarmania.cz\/index.php\/2019\/01\/03\/africa-race-2019-jacinto-strida-tomecka-na-prvni-pozici\/\" \/>\n<meta property=\"og:site_name\" content=\"DAKARMANIA.cz\" \/>\n<meta property=\"article:publisher\" content=\"https:\/\/www.facebook.com\/dakarmania\/\" \/>\n<meta property=\"article:published_time\" content=\"2019-01-03T20:59:05+00:00\" \/>\n<meta property=\"article:modified_time\" content=\"2019-01-04T01:38:01+00:00\" \/>\n<meta property=\"og:image\" content=\"https:\/\/www.dakarmania.cz\/wp-content\/uploads\/2019\/01\/19-aer-jacinto02-1024x684.jpg\" \/>\n\t<meta property=\"og:image:width\" content=\"1024\" \/>\n\t<meta property=\"og:image:height\" content=\"684\" \/>\n\t<meta property=\"og:image:type\" content=\"image\/jpeg\" \/>\n<meta name=\"author\" content=\"Zden\u011bk Zelenka\" \/>\n<meta name=\"twitter:card\" content=\"summary_large_image\" \/>\n<meta name=\"twitter:label1\" content=\"Napsal(a)\" \/>\n\t<meta name=\"twitter:data1\" content=\"Zden\u011bk Zelenka\" \/>\n\t<meta name=\"twitter:label2\" content=\"Odhadovan\u00e1 doba \u010dten\u00ed\" \/>\n\t<meta name=\"twitter:data2\" content=\"2 minuty\" \/>\n<script type=\"application\/ld+json\" class=\"yoast-schema-graph\">{\"@context\":\"https:\/\/schema.org\",\"@graph\":[{\"@type\":\"Article\",\"@id\":\"https:\/\/www.dakarmania.cz\/index.php\/2019\/01\/03\/africa-race-2019-jacinto-strida-tomecka-na-prvni-pozici\/#article\",\"isPartOf\":{\"@id\":\"https:\/\/www.dakarmania.cz\/index.php\/2019\/01\/03\/africa-race-2019-jacinto-strida-tomecka-na-prvni-pozici\/\"},\"author\":{\"name\":\"Zden\u011bk Zelenka\",\"@id\":\"https:\/\/www.dakarmania.cz\/#\/schema\/person\/04eb0e87a389631c2169c0dddae7ff1e\"},\"headline\":\"Africa Race 2019: Jacinto st\u0159\u00edd\u00e1 Tome\u010dka na prvn\u00ed pozici\",\"datePublished\":\"2019-01-03T20:59:05+00:00\",\"dateModified\":\"2019-01-04T01:38:01+00:00\",\"mainEntityOfPage\":{\"@id\":\"https:\/\/www.dakarmania.cz\/index.php\/2019\/01\/03\/africa-race-2019-jacinto-strida-tomecka-na-prvni-pozici\/\"},\"wordCount\":499,\"commentCount\":0,\"publisher\":{\"@id\":\"https:\/\/www.dakarmania.cz\/#organization\"},\"image\":{\"@id\":\"https:\/\/www.dakarmania.cz\/index.php\/2019\/01\/03\/africa-race-2019-jacinto-strida-tomecka-na-prvni-pozici\/#primaryimage\"},\"thumbnailUrl\":\"https:\/\/www.dakarmania.cz\/wp-content\/uploads\/2019\/01\/19-aer-jacinto02.jpg\",\"keywords\":[\"AER\",\"AER 2019\",\"\u010capka Rallysport\",\"Elisabete Jacinto\",\"Igor Bouwens\",\"Iveco\",\"MAN\",\"Petr \u010capka\",\"Tatra\",\"Tom\u00e1\u0161 Tome\u010dek\",\"Zden\u011bk Voda\"],\"articleSection\":[\"Africa Eco Race\",\"Kamiony\"],\"inLanguage\":\"cs\",\"potentialAction\":[{\"@type\":\"CommentAction\",\"name\":\"Comment\",\"target\":[\"https:\/\/www.dakarmania.cz\/index.php\/2019\/01\/03\/africa-race-2019-jacinto-strida-tomecka-na-prvni-pozici\/#respond\"]}]},{\"@type\":\"WebPage\",\"@id\":\"https:\/\/www.dakarmania.cz\/index.php\/2019\/01\/03\/africa-race-2019-jacinto-strida-tomecka-na-prvni-pozici\/\",\"url\":\"https:\/\/www.dakarmania.cz\/index.php\/2019\/01\/03\/africa-race-2019-jacinto-strida-tomecka-na-prvni-pozici\/\",\"name\":\"Africa Race 2019: Jacinto st\u0159\u00edd\u00e1 Tome\u010dka na prvn\u00ed pozici - DAKARMANIA.cz\",\"isPartOf\":{\"@id\":\"https:\/\/www.dakarmania.cz\/#website\"},\"primaryImageOfPage\":{\"@id\":\"https:\/\/www.dakarmania.cz\/index.php\/2019\/01\/03\/africa-race-2019-jacinto-strida-tomecka-na-prvni-pozici\/#primaryimage\"},\"image\":{\"@id\":\"https:\/\/www.dakarmania.cz\/index.php\/2019\/01\/03\/africa-race-2019-jacinto-strida-tomecka-na-prvni-pozici\/#primaryimage\"},\"thumbnailUrl\":\"https:\/\/www.dakarmania.cz\/wp-content\/uploads\/2019\/01\/19-aer-jacinto02.jpg\",\"datePublished\":\"2019-01-03T20:59:05+00:00\",\"dateModified\":\"2019-01-04T01:38:01+00:00\",\"description\":\"Jedinou kategori\u00ed, v n\u00ed\u017e se po t\u0159et\u00ed etap\u011b Africa Eco Race 2019 m\u011bnilo po\u0159ad\u00ed na nejvy\u0161\u0161\u00edch p\u0159\u00ed\u010dk\u00e1ch, byly kamiony.\",\"breadcrumb\":{\"@id\":\"https:\/\/www.dakarmania.cz\/index.php\/2019\/01\/03\/africa-race-2019-jacinto-strida-tomecka-na-prvni-pozici\/#breadcrumb\"},\"inLanguage\":\"cs\",\"potentialAction\":[{\"@type\":\"ReadAction\",\"target\":[\"https:\/\/www.dakarmania.cz\/index.php\/2019\/01\/03\/africa-race-2019-jacinto-strida-tomecka-na-prvni-pozici\/\"]}]},{\"@type\":\"ImageObject\",\"inLanguage\":\"cs\",\"@id\":\"https:\/\/www.dakarmania.cz\/index.php\/2019\/01\/03\/africa-race-2019-jacinto-strida-tomecka-na-prvni-pozici\/#primaryimage\",\"url\":\"https:\/\/www.dakarmania.cz\/wp-content\/uploads\/2019\/01\/19-aer-jacinto02.jpg\",\"contentUrl\":\"https:\/\/www.dakarmania.cz\/wp-content\/uploads\/2019\/01\/19-aer-jacinto02.jpg\",\"width\":2048,\"height\":1368,\"caption\":\"E. Jacinto \/ J. Marques \/ M. Cochinho, MAN TGS, Bio-Ritmo. Africa Eco Race 2019. Foto: AER Media\"},{\"@type\":\"BreadcrumbList\",\"@id\":\"https:\/\/www.dakarmania.cz\/index.php\/2019\/01\/03\/africa-race-2019-jacinto-strida-tomecka-na-prvni-pozici\/#breadcrumb\",\"itemListElement\":[{\"@type\":\"ListItem\",\"position\":1,\"name\":\"Dom\u016f\",\"item\":\"https:\/\/www.dakarmania.cz\/\"},{\"@type\":\"ListItem\",\"position\":2,\"name\":\"Africa Race 2019: Jacinto st\u0159\u00edd\u00e1 Tome\u010dka na prvn\u00ed pozici\"}]},{\"@type\":\"WebSite\",\"@id\":\"https:\/\/www.dakarmania.cz\/#website\",\"url\":\"https:\/\/www.dakarmania.cz\/\",\"name\":\"DAKARMANIA.cz\",\"description\":\"\u017dijeme Dakarem cel\u00fd rok\",\"publisher\":{\"@id\":\"https:\/\/www.dakarmania.cz\/#organization\"},\"potentialAction\":[{\"@type\":\"SearchAction\",\"target\":{\"@type\":\"EntryPoint\",\"urlTemplate\":\"https:\/\/www.dakarmania.cz\/?s={search_term_string}\"},\"query-input\":{\"@type\":\"PropertyValueSpecification\",\"valueRequired\":true,\"valueName\":\"search_term_string\"}}],\"inLanguage\":\"cs\"},{\"@type\":\"Organization\",\"@id\":\"https:\/\/www.dakarmania.cz\/#organization\",\"name\":\"DAKAR MANIA\",\"url\":\"https:\/\/www.dakarmania.cz\/\",\"logo\":{\"@type\":\"ImageObject\",\"inLanguage\":\"cs\",\"@id\":\"https:\/\/www.dakarmania.cz\/#\/schema\/logo\/image\/\",\"url\":\"https:\/\/www.dakarmania.cz\/wp-content\/uploads\/2018\/12\/Dakar-Mania-Logo-Square-Orange.png\",\"contentUrl\":\"https:\/\/www.dakarmania.cz\/wp-content\/uploads\/2018\/12\/Dakar-Mania-Logo-Square-Orange.png\",\"width\":992,\"height\":992,\"caption\":\"DAKAR MANIA\"},\"image\":{\"@id\":\"https:\/\/www.dakarmania.cz\/#\/schema\/logo\/image\/\"},\"sameAs\":[\"https:\/\/www.facebook.com\/dakarmania\/\"]},{\"@type\":\"Person\",\"@id\":\"https:\/\/www.dakarmania.cz\/#\/schema\/person\/04eb0e87a389631c2169c0dddae7ff1e\",\"name\":\"Zden\u011bk Zelenka\",\"image\":{\"@type\":\"ImageObject\",\"inLanguage\":\"cs\",\"@id\":\"https:\/\/www.dakarmania.cz\/#\/schema\/person\/image\/\",\"url\":\"https:\/\/secure.gravatar.com\/avatar\/2c80d5a4942fe0900b73cc7d3837a509d6ee0a276a2b76dac95c92bd0763a89b?s=96&d=mm&r=g\",\"contentUrl\":\"https:\/\/secure.gravatar.com\/avatar\/2c80d5a4942fe0900b73cc7d3837a509d6ee0a276a2b76dac95c92bd0763a89b?s=96&d=mm&r=g\",\"caption\":\"Zden\u011bk Zelenka\"},\"description\":\"Moji d\u011bt\u0161t\u00ed hrdinov\u00e9 se jmenovali Loprais, Moskal, Neveu, Vatanen, Rahier... A tihle borci, jejich n\u00e1sledovn\u00edci a jejich p\u0159\u00edb\u011bhy m\u011b nep\u0159estali fascinovat ani po letech, kdy jsem vyrostl a zam\u011bstn\u00e1valy m\u011b jin\u00e9 discipl\u00edny motorsportu. Proto se zrodila DAKARMANIA.\",\"url\":\"https:\/\/www.dakarmania.cz\/index.php\/author\/dakarmania\/\"}]}<\/script>\n<!-- \/ Yoast SEO plugin. -->","yoast_head_json":{"title":"Africa Race 2019: Jacinto st\u0159\u00edd\u00e1 Tome\u010dka na prvn\u00ed pozici - DAKARMANIA.cz","description":"Jedinou kategori\u00ed, v n\u00ed\u017e se po t\u0159et\u00ed etap\u011b Africa Eco Race 2019 m\u011bnilo po\u0159ad\u00ed na nejvy\u0161\u0161\u00edch p\u0159\u00ed\u010dk\u00e1ch, byly kamiony.","robots":{"index":"index","follow":"follow","max-snippet":"max-snippet:-1","max-image-preview":"max-image-preview:large","max-video-preview":"max-video-preview:-1"},"canonical":"https:\/\/www.dakarmania.cz\/index.php\/2019\/01\/03\/africa-race-2019-jacinto-strida-tomecka-na-prvni-pozici\/","og_locale":"cs_CZ","og_type":"article","og_title":"Africa Race 2019: Jacinto st\u0159\u00edd\u00e1 Tome\u010dka na prvn\u00ed pozici - DAKARMANIA.cz","og_description":"Jedinou kategori\u00ed, v n\u00ed\u017e se po t\u0159et\u00ed etap\u011b Africa Eco Race 2019 m\u011bnilo po\u0159ad\u00ed na nejvy\u0161\u0161\u00edch p\u0159\u00ed\u010dk\u00e1ch, byly kamiony.","og_url":"https:\/\/www.dakarmania.cz\/index.php\/2019\/01\/03\/africa-race-2019-jacinto-strida-tomecka-na-prvni-pozici\/","og_site_name":"DAKARMANIA.cz","article_publisher":"https:\/\/www.facebook.com\/dakarmania\/","article_published_time":"2019-01-03T20:59:05+00:00","article_modified_time":"2019-01-04T01:38:01+00:00","og_image":[{"width":1024,"height":684,"url":"https:\/\/www.dakarmania.cz\/wp-content\/uploads\/2019\/01\/19-aer-jacinto02-1024x684.jpg","type":"image\/jpeg"}],"author":"Zden\u011bk Zelenka","twitter_card":"summary_large_image","twitter_misc":{"Napsal(a)":"Zden\u011bk Zelenka","Odhadovan\u00e1 doba \u010dten\u00ed":"2 minuty"},"schema":{"@context":"https:\/\/schema.org","@graph":[{"@type":"Article","@id":"https:\/\/www.dakarmania.cz\/index.php\/2019\/01\/03\/africa-race-2019-jacinto-strida-tomecka-na-prvni-pozici\/#article","isPartOf":{"@id":"https:\/\/www.dakarmania.cz\/index.php\/2019\/01\/03\/africa-race-2019-jacinto-strida-tomecka-na-prvni-pozici\/"},"author":{"name":"Zden\u011bk Zelenka","@id":"https:\/\/www.dakarmania.cz\/#\/schema\/person\/04eb0e87a389631c2169c0dddae7ff1e"},"headline":"Africa Race 2019: Jacinto st\u0159\u00edd\u00e1 Tome\u010dka na prvn\u00ed pozici","datePublished":"2019-01-03T20:59:05+00:00","dateModified":"2019-01-04T01:38:01+00:00","mainEntityOfPage":{"@id":"https:\/\/www.dakarmania.cz\/index.php\/2019\/01\/03\/africa-race-2019-jacinto-strida-tomecka-na-prvni-pozici\/"},"wordCount":499,"commentCount":0,"publisher":{"@id":"https:\/\/www.dakarmania.cz\/#organization"},"image":{"@id":"https:\/\/www.dakarmania.cz\/index.php\/2019\/01\/03\/africa-race-2019-jacinto-strida-tomecka-na-prvni-pozici\/#primaryimage"},"thumbnailUrl":"https:\/\/www.dakarmania.cz\/wp-content\/uploads\/2019\/01\/19-aer-jacinto02.jpg","keywords":["AER","AER 2019","\u010capka Rallysport","Elisabete Jacinto","Igor Bouwens","Iveco","MAN","Petr \u010capka","Tatra","Tom\u00e1\u0161 Tome\u010dek","Zden\u011bk Voda"],"articleSection":["Africa Eco Race","Kamiony"],"inLanguage":"cs","potentialAction":[{"@type":"CommentAction","name":"Comment","target":["https:\/\/www.dakarmania.cz\/index.php\/2019\/01\/03\/africa-race-2019-jacinto-strida-tomecka-na-prvni-pozici\/#respond"]}]},{"@type":"WebPage","@id":"https:\/\/www.dakarmania.cz\/index.php\/2019\/01\/03\/africa-race-2019-jacinto-strida-tomecka-na-prvni-pozici\/","url":"https:\/\/www.dakarmania.cz\/index.php\/2019\/01\/03\/africa-race-2019-jacinto-strida-tomecka-na-prvni-pozici\/","name":"Africa Race 2019: Jacinto st\u0159\u00edd\u00e1 Tome\u010dka na prvn\u00ed pozici - DAKARMANIA.cz","isPartOf":{"@id":"https:\/\/www.dakarmania.cz\/#website"},"primaryImageOfPage":{"@id":"https:\/\/www.dakarmania.cz\/index.php\/2019\/01\/03\/africa-race-2019-jacinto-strida-tomecka-na-prvni-pozici\/#primaryimage"},"image":{"@id":"https:\/\/www.dakarmania.cz\/index.php\/2019\/01\/03\/africa-race-2019-jacinto-strida-tomecka-na-prvni-pozici\/#primaryimage"},"thumbnailUrl":"https:\/\/www.dakarmania.cz\/wp-content\/uploads\/2019\/01\/19-aer-jacinto02.jpg","datePublished":"2019-01-03T20:59:05+00:00","dateModified":"2019-01-04T01:38:01+00:00","description":"Jedinou kategori\u00ed, v n\u00ed\u017e se po t\u0159et\u00ed etap\u011b Africa Eco Race 2019 m\u011bnilo po\u0159ad\u00ed na nejvy\u0161\u0161\u00edch p\u0159\u00ed\u010dk\u00e1ch, byly kamiony.","breadcrumb":{"@id":"https:\/\/www.dakarmania.cz\/index.php\/2019\/01\/03\/africa-race-2019-jacinto-strida-tomecka-na-prvni-pozici\/#breadcrumb"},"inLanguage":"cs","potentialAction":[{"@type":"ReadAction","target":["https:\/\/www.dakarmania.cz\/index.php\/2019\/01\/03\/africa-race-2019-jacinto-strida-tomecka-na-prvni-pozici\/"]}]},{"@type":"ImageObject","inLanguage":"cs","@id":"https:\/\/www.dakarmania.cz\/index.php\/2019\/01\/03\/africa-race-2019-jacinto-strida-tomecka-na-prvni-pozici\/#primaryimage","url":"https:\/\/www.dakarmania.cz\/wp-content\/uploads\/2019\/01\/19-aer-jacinto02.jpg","contentUrl":"https:\/\/www.dakarmania.cz\/wp-content\/uploads\/2019\/01\/19-aer-jacinto02.jpg","width":2048,"height":1368,"caption":"E. Jacinto \/ J. Marques \/ M. Cochinho, MAN TGS, Bio-Ritmo. Africa Eco Race 2019. Foto: AER Media"},{"@type":"BreadcrumbList","@id":"https:\/\/www.dakarmania.cz\/index.php\/2019\/01\/03\/africa-race-2019-jacinto-strida-tomecka-na-prvni-pozici\/#breadcrumb","itemListElement":[{"@type":"ListItem","position":1,"name":"Dom\u016f","item":"https:\/\/www.dakarmania.cz\/"},{"@type":"ListItem","position":2,"name":"Africa Race 2019: Jacinto st\u0159\u00edd\u00e1 Tome\u010dka na prvn\u00ed pozici"}]},{"@type":"WebSite","@id":"https:\/\/www.dakarmania.cz\/#website","url":"https:\/\/www.dakarmania.cz\/","name":"DAKARMANIA.cz","description":"\u017dijeme Dakarem cel\u00fd rok","publisher":{"@id":"https:\/\/www.dakarmania.cz\/#organization"},"potentialAction":[{"@type":"SearchAction","target":{"@type":"EntryPoint","urlTemplate":"https:\/\/www.dakarmania.cz\/?s={search_term_string}"},"query-input":{"@type":"PropertyValueSpecification","valueRequired":true,"valueName":"search_term_string"}}],"inLanguage":"cs"},{"@type":"Organization","@id":"https:\/\/www.dakarmania.cz\/#organization","name":"DAKAR MANIA","url":"https:\/\/www.dakarmania.cz\/","logo":{"@type":"ImageObject","inLanguage":"cs","@id":"https:\/\/www.dakarmania.cz\/#\/schema\/logo\/image\/","url":"https:\/\/www.dakarmania.cz\/wp-content\/uploads\/2018\/12\/Dakar-Mania-Logo-Square-Orange.png","contentUrl":"https:\/\/www.dakarmania.cz\/wp-content\/uploads\/2018\/12\/Dakar-Mania-Logo-Square-Orange.png","width":992,"height":992,"caption":"DAKAR MANIA"},"image":{"@id":"https:\/\/www.dakarmania.cz\/#\/schema\/logo\/image\/"},"sameAs":["https:\/\/www.facebook.com\/dakarmania\/"]},{"@type":"Person","@id":"https:\/\/www.dakarmania.cz\/#\/schema\/person\/04eb0e87a389631c2169c0dddae7ff1e","name":"Zden\u011bk Zelenka","image":{"@type":"ImageObject","inLanguage":"cs","@id":"https:\/\/www.dakarmania.cz\/#\/schema\/person\/image\/","url":"https:\/\/secure.gravatar.com\/avatar\/2c80d5a4942fe0900b73cc7d3837a509d6ee0a276a2b76dac95c92bd0763a89b?s=96&d=mm&r=g","contentUrl":"https:\/\/secure.gravatar.com\/avatar\/2c80d5a4942fe0900b73cc7d3837a509d6ee0a276a2b76dac95c92bd0763a89b?s=96&d=mm&r=g","caption":"Zden\u011bk Zelenka"},"description":"Moji d\u011bt\u0161t\u00ed hrdinov\u00e9 se jmenovali Loprais, Moskal, Neveu, Vatanen, Rahier... A tihle borci, jejich n\u00e1sledovn\u00edci a jejich p\u0159\u00edb\u011bhy m\u011b nep\u0159estali fascinovat ani po letech, kdy jsem vyrostl a zam\u011bstn\u00e1valy m\u011b jin\u00e9 discipl\u00edny motorsportu. Proto se zrodila DAKARMANIA.","url":"https:\/\/www.dakarmania.cz\/index.php\/author\/dakarmania\/"}]}},"amp_enabled":true,"_links":{"self":[{"href":"https:\/\/www.dakarmania.cz\/index.php\/wp-json\/wp\/v2\/posts\/1401","targetHints":{"allow":["GET"]}}],"collection":[{"href":"https:\/\/www.dakarmania.cz\/index.php\/wp-json\/wp\/v2\/posts"}],"about":[{"href":"https:\/\/www.dakarmania.cz\/index.php\/wp-json\/wp\/v2\/types\/post"}],"author":[{"embeddable":true,"href":"https:\/\/www.dakarmania.cz\/index.php\/wp-json\/wp\/v2\/users\/1"}],"replies":[{"embeddable":true,"href":"https:\/\/www.dakarmania.cz\/index.php\/wp-json\/wp\/v2\/comments?post=1401"}],"version-history":[{"count":4,"href":"https:\/\/www.dakarmania.cz\/index.php\/wp-json\/wp\/v2\/posts\/1401\/revisions"}],"predecessor-version":[{"id":1408,"href":"https:\/\/www.dakarmania.cz\/index.php\/wp-json\/wp\/v2\/posts\/1401\/revisions\/1408"}],"wp:featuredmedia":[{"embeddable":true,"href":"https:\/\/www.dakarmania.cz\/index.php\/wp-json\/wp\/v2\/media\/1404"}],"wp:attachment":[{"href":"https:\/\/www.dakarmania.cz\/index.php\/wp-json\/wp\/v2\/media?parent=1401"}],"wp:term":[{"taxonomy":"category","embeddable":true,"href":"https:\/\/www.dakarmania.cz\/index.php\/wp-json\/wp\/v2\/categories?post=1401"},{"taxonomy":"post_tag","embeddable":true,"href":"https:\/\/www.dakarmania.cz\/index.php\/wp-json\/wp\/v2\/tags?post=1401"}],"curies":[{"name":"wp","href":"https:\/\/api.w.org\/{rel}","templated":true}]}}