{"id":14086,"date":"2020-01-05T18:18:47","date_gmt":"2020-01-05T17:18:47","guid":{"rendered":"https:\/\/www.dakarmania.cz\/?p=14086"},"modified":"2020-10-06T17:17:43","modified_gmt":"2020-10-06T15:17:43","slug":"dakar-2020-kubiena-treti","status":"publish","type":"post","link":"https:\/\/www.dakarmania.cz\/index.php\/2020\/01\/05\/dakar-2020-kubiena-treti\/","title":{"rendered":"Dakar 2020: Penalizovan\u00fd Kubiena po prvn\u00ed etap\u011b \u0161est\u00fd"},"content":{"rendered":"<p>[vc_row][vc_column][vc_column_text css_animation=&#8221;fadeIn&#8221;]<\/p>\n<h3>V \u00favodn\u00ed etap\u011b Rally Dakar 2020, kter\u00e1 zavedla \u00fa\u010dastn\u00edky z D\u017eiddy do Al Wejhu, potvrdil \u010dty\u0159kolk\u00e1\u0159 Tom\u00e1\u0161 Kubiena beze zbytku sv\u00e9 ambice. Na trati dr\u017eel krok s absolutn\u00ed \u0161pi\u010dkou, ale o lep\u0161\u00ed um\u00edst\u011bn\u00ed jej p\u0159ipravila penalizace.<\/h3>\n<p>[\/vc_column_text][vc_single_image image=&#8221;14082&#8243; img_size=&#8221;large&#8221; add_caption=&#8221;yes&#8221; alignment=&#8221;center&#8221; onclick=&#8221;link_image&#8221; css_animation=&#8221;fadeIn&#8221;][vc_column_text css_animation=&#8221;fadeIn&#8221;]Rychlostn\u00ed zkou\u0161ku dlouhou 319 kilometr\u016f vyhr\u00e1l dvojn\u00e1sobn\u00fd dakarsk\u00fd v\u00edt\u011bz <a href=\"\/index.php\/osobnosti\/ignacio-casale\/\">Ignacio Casale<\/a> na Yamaze. Chilan se po ro\u010dn\u00edm experimentov\u00e1n\u00edm s buginou kategorie SSV na \u0159\u00edjnov\u00e9 Rallye du Maroc vr\u00e1til za \u0159\u00edd\u00edtka quadu a stejn\u011b jako v Maroku i v Sa\u00fadsk\u00e9 Ar\u00e1bii potvrzuje, \u017ee v t\u00e9to kategorii st\u00e1le pat\u0159\u00ed do absolutn\u00ed \u0161pi\u010dky. Dnes druh\u00e9ho Pol\u00e1ka Rafa\u0142a Sonika (Yamaha) porazil o p\u011bt a p\u016fl minuty.[\/vc_column_text][vc_column_text css_animation=&#8221;fadeIn&#8221; css=&#8221;.vc_custom_1578300613940{padding-top: 10px !important;padding-right: 10px !important;padding-bottom: 20px !important;padding-left: 10px !important;background-color: #dbd9d9 !important;}&#8221;]<strong>Dal\u0161\u00ed kategorie:<\/strong><\/p>\n<p><a href=\"\/index.php\/2020\/01\/05\/dakar-2020-etapa-pro-sibalova\/\"><strong>&gt; KAMIONY:<\/strong> Identick\u00fd \u010das pro \u0160oltyse a Mac\u00edka, etapa pro \u0160ibalova<\/a><br \/>\n<a href=\"\/index.php\/2020\/01\/05\/dakar-2020-problemy-favoritu\/\"><strong>&gt; AUTO:<\/strong> Alonso v \u00favodu t\u011bsn\u011b za top 10, probl\u00e9my favorit\u016f<\/a><br \/>\n<a href=\"\/index.php\/2020\/01\/05\/dakar-2020-moto-etapa-1\/\"><strong>&gt; MOTO:<\/strong> Nejl\u00e9pe za\u010dal obh\u00e1jce v\u00edt\u011bzstv\u00ed Toby Price<\/a><br \/>\n<a href=\"\/index.php\/2020\/01\/06\/dakar-2020-machackuv-dlouhy-den\/\"><strong>&gt; SSV:<\/strong> Mach\u00e1\u010dk\u016fv dlouh\u00fd den a probl\u00e9my favorit\u016f<\/a>[\/vc_column_text][vc_column_text css_animation=&#8221;fadeIn&#8221;]<em>\u201eByla to opravdu n\u00e1ro\u010dn\u00e1 etapa, ter\u00e9n mi p\u0159ipom\u00ednal marockou rally,\u201c<\/em> srovn\u00e1v\u00e1 <strong>Ignacio Casale<\/strong>. <em>\u201eJel jsem rychle, ale bez chyb, i kdy\u017e navigace byla \u010f\u00e1belsky t\u011b\u017ek\u00e1. Roadbook se v porovn\u00e1n\u00ed s p\u0159edchoz\u00edmi lety zm\u011bnil a te\u010f mus\u00edte p\u0159ech\u00e1zet od jedn\u00e9 pozn\u00e1mky k dal\u0161\u00ed mnohem obez\u0159etn\u011bji. N\u00e1sleduj\u00ed rychle po sob\u011b, tak\u017ee se mus\u00edte pln\u011b soust\u0159edit. Ztratit se nebo havarovat je opravdu snadn\u00e9, ale j\u00e1 jsem v\u0161echno zvl\u00e1dl. Pro m\u011b to byla dobr\u00e1 speci\u00e1lka, c\u00edtil jsem se ve sv\u00e9m \u017eivlu. Trochu jsme upravili p\u0159edn\u00ed zav\u011b\u0161en\u00ed a \u010dty\u0159kolka te\u010f funguje zase o n\u011bco l\u00e9pe. Ka\u017edop\u00e1dn\u011b jsem se bavil.\u201c<\/em><\/p>\n<p><a href=\"\/index.php\/osobnosti\/tomas-kubiena\/\">Tom\u00e1\u0161 Kubiena<\/a> (Yamaha) v ned\u011bli dos\u00e1hl t\u0159et\u00edho \u010dasu, ale patn\u00e1ctiminutov\u00e1 penalizace za opakovan\u00e9 p\u0159ekro\u010den\u00ed maxim\u00e1ln\u00ed povolen\u00e9 rychlosti nakonec odsunula jezdce t\u00fdmu Orion &#8211; Moto Racing Group na \u0161est\u00e9 m\u00edsto.[\/vc_column_text][vc_single_image image=&#8221;14083&#8243; img_size=&#8221;large&#8221; add_caption=&#8221;yes&#8221; alignment=&#8221;center&#8221; onclick=&#8221;link_image&#8221; css_animation=&#8221;fadeIn&#8221;][vc_column_text css_animation=&#8221;fadeIn&#8221;]<em>\u201eDnes to bylo docela n\u00e1ro\u010dn\u00e9 a zr\u00e1dn\u00e9. Ne\u010dekal jsem tolik kamenit\u00fdch pist a trialov\u00fdch sekc\u00ed. Budu muset p\u0159ezou jin\u00e1 kola, proto\u017ee jsem ud\u011blal gumu a tak dv\u011b t\u0159etiny jel na pr\u00e1zdn\u00e9 pneumatice, co\u017e bylo pom\u011brn\u011b n\u00e1ro\u010dn\u00e9 a tahalo m\u011b to ke stran\u011b. Mus\u00edme se p\u0159ipravit na trochu jin\u00e9 podm\u00ednky, ne\u017e jsme \u010dekali, ale zvl\u00e1dneme to,\u201c<\/em> v\u011b\u0159\u00ed <strong>Tom\u00e1\u0161 Kubiena<\/strong>.<\/p>\n<p>Zden\u011bk T\u016fma s Raptorem v barv\u00e1ch t\u00fdmu Barth Racing pro\u017eil pern\u00fd den.<\/p>\n<p><em>\u201eNa kamenit\u00fdch \u00fasec\u00edch byly \u0161utry ostr\u00e9 jako b\u0159itva a j\u00e1 o jeden z nich roztrhl pneumatiku. Kdybych s sebou nem\u011bl na \u010dty\u0159kolce rezervu, tak jsem skon\u010dil,\u201c<\/em> popisuje <strong>Zden\u011bk T\u016fma<\/strong>. <em>\u201eGuma byla tak zni\u010den\u00e1, \u017ee bohu\u017eel ne\u0161la zalepit. Musel jsem ji vym\u011bnit. Samotn\u00e1 oprava mohla trvat asi dvacet minut. Hor\u0161\u00ed bylo, \u017ee kdy\u017e jsem opravu dokon\u010dil, tak u\u017e odstartovala auta, kter\u00e1 na trati hrozn\u011b v\u00ed\u0159\u00ed prach. Tak\u017ee v\u017edycky, kdy\u017e m\u011b n\u011bjak\u00e9 p\u0159edjelo, musel jsem po\u010dkat, a\u017e prach zmiz\u00ed pry\u010d, proto\u017ee bych jinak v\u016fbec nevid\u011bl, kam jedu. T\u011bch aut bylo \u010dty\u0159icet, tak\u017ee to moje manko jen d\u00edky tomu narostlo o dal\u0161\u00edch \u010dty\u0159icet minut. A nav\u00edc jsem \u00fapln\u011b ztratil kontakt s t\u011bmi nejlep\u0161\u00edmi.\u201c<\/em><\/p>\n<p>Do c\u00edle T\u016fma dorazil o hodinu a t\u0159i \u010dtvrt\u011b pozd\u011bji ne\u017e v\u00edt\u011bz etapy. N\u00e1sledn\u00e1 \u010dty\u0159icetiminutov\u00e1 penalizace jej nav\u00edc srazila a\u017e na 20. pozici.<\/p>\n<p>Hned prvn\u00ed den skon\u010dila sout\u011b\u017e pro Francouze Axela Dutrieho. V\u00edt\u011bz dvou posledn\u00edch ro\u010dn\u00edk\u016f Merzouga Rally sice na za\u010d\u00e1tku dr\u017eel krok s Casalem, jen\u017ee na 134. kilometru nep\u0159\u00edjemn\u011b havaroval a jeho stav si vy\u017e\u00e1dal z\u00e1sah l\u00e9ka\u0159sk\u00e9ho t\u00fdmu.[\/vc_column_text][vc_column_text css_animation=&#8221;fadeIn&#8221;]<\/p>\n<table style=\"width: 97.7654%;\" rules=\"rows\" cellpadding=\"4px\">\n<tbody>\n<tr style=\"background-color: #9e9d9d; color: white;\">\n<td style=\"text-align: center;\" colspan=\"4\"><span style=\"font-size: 10pt;\"><strong>Rally Dakar 2020<br \/>\n\u010cTY\u0158KOLKY<br \/>\npr\u016fb\u011b\u017en\u00e9 po\u0159ad\u00ed po 1. etap\u011b<\/strong><\/span><\/td>\n<\/tr>\n<tr style=\"background-color: #dbd9d9;\">\n<td>1.<\/td>\n<td>Ignacio Casale<\/td>\n<td>Yamaha Raptor 700<\/td>\n<td style=\"text-align: right;\"><\/td>\n<\/tr>\n<tr style=\"background-color: #f2f2f2;\">\n<td>2.<\/td>\n<td>Rafa\u0142 Sonik<\/td>\n<td>Yamaha Raptor 700<\/td>\n<td style=\"text-align: right;\">+5:36<\/td>\n<\/tr>\n<tr style=\"background-color: #dbd9d9;\">\n<td>3.<\/td>\n<td>Giovanni Enrico<\/td>\n<td>Yamaha Raptor 700<\/td>\n<td style=\"text-align: right;\">+9:55<\/td>\n<\/tr>\n<tr style=\"background-color: #f2f2f2;\">\n<td>4.<\/td>\n<td>Manuel Andujar<\/td>\n<td>Yamaha Raptor 700<\/td>\n<td style=\"text-align: right;\">+18:41<\/td>\n<\/tr>\n<tr style=\"background-color: #dbd9d9;\">\n<td>5.<\/td>\n<td>Simon Vitse<\/td>\n<td>Yamaha Raptor 700<\/td>\n<td style=\"text-align: right;\">+19:05<\/td>\n<\/tr>\n<tr style=\"background-color: #f2f2f2;\">\n<td>6.<\/td>\n<td>Tom\u00e1\u0161 Kubiena<\/td>\n<td>Yamaha Raptor 700<\/td>\n<td style=\"text-align: right;\">+21:55<\/td>\n<\/tr>\n<tr style=\"background-color: #dbd9d9;\">\n<td>20.<\/td>\n<td>Zden\u011bk T\u016fma<\/td>\n<td>Yamaha Raptor 700<\/td>\n<td style=\"text-align: right;\">+2:25:44<\/td>\n<\/tr>\n<\/tbody>\n<\/table>\n<p>[\/vc_column_text][vc_empty_space height=&#8221;2px&#8221;][\/vc_column][\/vc_row]<\/p>\n","protected":false},"excerpt":{"rendered":"<p>V \u00favodn\u00ed etap\u011b Rally Dakar 2020, kter\u00e1 zavedla \u00fa\u010dastn\u00edky z D\u017eiddy do Al Wejhu, potvrdil \u010dty\u0159kolk\u00e1\u0159 Tom\u00e1\u0161 Kubiena beze zbytku sv\u00e9 ambice.<\/p>\n","protected":false},"author":1,"featured_media":14083,"comment_status":"open","ping_status":"closed","sticky":false,"template":"","format":"standard","meta":{"footnotes":""},"categories":[251,15],"tags":[903,847,1626,1666,8,159,1523,74,75,830,72,168,683],"class_list":["post-14086","post","type-post","status-publish","format-standard","has-post-thumbnail","hentry","category-dakar-2020","category-moto-quad","tag-903","tag-axel-dutrie","tag-barth-racing","tag-casale-racing","tag-dakar","tag-dakar-2020","tag-ignacio-casale","tag-moto-racing-group","tag-mrg","tag-rafal-sonik","tag-tomas-kubiena","tag-yamaha","tag-zdenek-tuma"],"yoast_head":"<!-- This site is optimized with the Yoast SEO plugin v24.9 - https:\/\/yoast.com\/wordpress\/plugins\/seo\/ -->\n<title>Dakar 2020: Penalizovan\u00fd Kubiena po prvn\u00ed etap\u011b \u0161est\u00fd - DAKARMANIA.cz<\/title>\n<meta name=\"description\" content=\"V \u00favodn\u00ed etap\u011b Rally Dakar 2020, kter\u00e1 zavedla \u00fa\u010dastn\u00edky z D\u017eiddy do Al Wejhu, potvrdil \u010dty\u0159kolk\u00e1\u0159 Tom\u00e1\u0161 Kubiena beze zbytku sv\u00e9 ambice.\" \/>\n<meta name=\"robots\" content=\"index, follow, max-snippet:-1, max-image-preview:large, max-video-preview:-1\" \/>\n<link rel=\"canonical\" href=\"https:\/\/www.dakarmania.cz\/index.php\/2020\/01\/05\/dakar-2020-kubiena-treti\/\" \/>\n<meta property=\"og:locale\" content=\"cs_CZ\" \/>\n<meta property=\"og:type\" content=\"article\" \/>\n<meta property=\"og:title\" content=\"Dakar 2020: Penalizovan\u00fd Kubiena po prvn\u00ed etap\u011b \u0161est\u00fd - DAKARMANIA.cz\" \/>\n<meta property=\"og:description\" content=\"V \u00favodn\u00ed etap\u011b Rally Dakar 2020, kter\u00e1 zavedla \u00fa\u010dastn\u00edky z D\u017eiddy do Al Wejhu, potvrdil \u010dty\u0159kolk\u00e1\u0159 Tom\u00e1\u0161 Kubiena beze zbytku sv\u00e9 ambice.\" \/>\n<meta property=\"og:url\" content=\"https:\/\/www.dakarmania.cz\/index.php\/2020\/01\/05\/dakar-2020-kubiena-treti\/\" \/>\n<meta property=\"og:site_name\" content=\"DAKARMANIA.cz\" \/>\n<meta property=\"article:publisher\" content=\"https:\/\/www.facebook.com\/dakarmania\/\" \/>\n<meta property=\"article:published_time\" content=\"2020-01-05T17:18:47+00:00\" \/>\n<meta property=\"article:modified_time\" content=\"2020-10-06T15:17:43+00:00\" \/>\n<meta property=\"og:image\" content=\"https:\/\/www.dakarmania.cz\/wp-content\/uploads\/2020\/01\/20-dakar-kubiena-02.jpg\" \/>\n\t<meta property=\"og:image:width\" content=\"1024\" \/>\n\t<meta property=\"og:image:height\" content=\"683\" \/>\n\t<meta property=\"og:image:type\" content=\"image\/jpeg\" \/>\n<meta name=\"author\" content=\"Zden\u011bk Zelenka\" \/>\n<meta name=\"twitter:card\" content=\"summary_large_image\" \/>\n<meta name=\"twitter:label1\" content=\"Napsal(a)\" \/>\n\t<meta name=\"twitter:data1\" content=\"Zden\u011bk Zelenka\" \/>\n\t<meta name=\"twitter:label2\" content=\"Odhadovan\u00e1 doba \u010dten\u00ed\" \/>\n\t<meta name=\"twitter:data2\" content=\"4 minuty\" \/>\n<script type=\"application\/ld+json\" class=\"yoast-schema-graph\">{\"@context\":\"https:\/\/schema.org\",\"@graph\":[{\"@type\":\"Article\",\"@id\":\"https:\/\/www.dakarmania.cz\/index.php\/2020\/01\/05\/dakar-2020-kubiena-treti\/#article\",\"isPartOf\":{\"@id\":\"https:\/\/www.dakarmania.cz\/index.php\/2020\/01\/05\/dakar-2020-kubiena-treti\/\"},\"author\":{\"name\":\"Zden\u011bk Zelenka\",\"@id\":\"https:\/\/www.dakarmania.cz\/#\/schema\/person\/04eb0e87a389631c2169c0dddae7ff1e\"},\"headline\":\"Dakar 2020: Penalizovan\u00fd Kubiena po prvn\u00ed etap\u011b \u0161est\u00fd\",\"datePublished\":\"2020-01-05T17:18:47+00:00\",\"dateModified\":\"2020-10-06T15:17:43+00:00\",\"mainEntityOfPage\":{\"@id\":\"https:\/\/www.dakarmania.cz\/index.php\/2020\/01\/05\/dakar-2020-kubiena-treti\/\"},\"wordCount\":826,\"commentCount\":0,\"publisher\":{\"@id\":\"https:\/\/www.dakarmania.cz\/#organization\"},\"image\":{\"@id\":\"https:\/\/www.dakarmania.cz\/index.php\/2020\/01\/05\/dakar-2020-kubiena-treti\/#primaryimage\"},\"thumbnailUrl\":\"https:\/\/www.dakarmania.cz\/wp-content\/uploads\/2020\/01\/20-dakar-kubiena-02.jpg\",\"keywords\":[\"2020\",\"Axel Dutrie\",\"Barth Racing\",\"Casale Racing\",\"Dakar\",\"Dakar 2020\",\"Ignacio Casale\",\"Moto Racing Group\",\"MRG\",\"Rafa\u0142 Sonik\",\"Tom\u00e1\u0161 Kubiena\",\"Yamaha\",\"Zden\u011bk T\u016fma\"],\"articleSection\":[\"Dakar 2020\",\"Moto\/Quad\"],\"inLanguage\":\"cs\",\"potentialAction\":[{\"@type\":\"CommentAction\",\"name\":\"Comment\",\"target\":[\"https:\/\/www.dakarmania.cz\/index.php\/2020\/01\/05\/dakar-2020-kubiena-treti\/#respond\"]}]},{\"@type\":\"WebPage\",\"@id\":\"https:\/\/www.dakarmania.cz\/index.php\/2020\/01\/05\/dakar-2020-kubiena-treti\/\",\"url\":\"https:\/\/www.dakarmania.cz\/index.php\/2020\/01\/05\/dakar-2020-kubiena-treti\/\",\"name\":\"Dakar 2020: Penalizovan\u00fd Kubiena po prvn\u00ed etap\u011b \u0161est\u00fd - DAKARMANIA.cz\",\"isPartOf\":{\"@id\":\"https:\/\/www.dakarmania.cz\/#website\"},\"primaryImageOfPage\":{\"@id\":\"https:\/\/www.dakarmania.cz\/index.php\/2020\/01\/05\/dakar-2020-kubiena-treti\/#primaryimage\"},\"image\":{\"@id\":\"https:\/\/www.dakarmania.cz\/index.php\/2020\/01\/05\/dakar-2020-kubiena-treti\/#primaryimage\"},\"thumbnailUrl\":\"https:\/\/www.dakarmania.cz\/wp-content\/uploads\/2020\/01\/20-dakar-kubiena-02.jpg\",\"datePublished\":\"2020-01-05T17:18:47+00:00\",\"dateModified\":\"2020-10-06T15:17:43+00:00\",\"description\":\"V \u00favodn\u00ed etap\u011b Rally Dakar 2020, kter\u00e1 zavedla \u00fa\u010dastn\u00edky z D\u017eiddy do Al Wejhu, potvrdil \u010dty\u0159kolk\u00e1\u0159 Tom\u00e1\u0161 Kubiena beze zbytku sv\u00e9 ambice.\",\"breadcrumb\":{\"@id\":\"https:\/\/www.dakarmania.cz\/index.php\/2020\/01\/05\/dakar-2020-kubiena-treti\/#breadcrumb\"},\"inLanguage\":\"cs\",\"potentialAction\":[{\"@type\":\"ReadAction\",\"target\":[\"https:\/\/www.dakarmania.cz\/index.php\/2020\/01\/05\/dakar-2020-kubiena-treti\/\"]}]},{\"@type\":\"ImageObject\",\"inLanguage\":\"cs\",\"@id\":\"https:\/\/www.dakarmania.cz\/index.php\/2020\/01\/05\/dakar-2020-kubiena-treti\/#primaryimage\",\"url\":\"https:\/\/www.dakarmania.cz\/wp-content\/uploads\/2020\/01\/20-dakar-kubiena-02.jpg\",\"contentUrl\":\"https:\/\/www.dakarmania.cz\/wp-content\/uploads\/2020\/01\/20-dakar-kubiena-02.jpg\",\"width\":1024,\"height\":683,\"caption\":\"Tom\u00e1\u0161 Kubiena, Yamaha YFM 700 Raptor, Orion - Moto Racing Group. Rally Dakar 2020. \u00a9 MRG\"},{\"@type\":\"BreadcrumbList\",\"@id\":\"https:\/\/www.dakarmania.cz\/index.php\/2020\/01\/05\/dakar-2020-kubiena-treti\/#breadcrumb\",\"itemListElement\":[{\"@type\":\"ListItem\",\"position\":1,\"name\":\"Dom\u016f\",\"item\":\"https:\/\/www.dakarmania.cz\/\"},{\"@type\":\"ListItem\",\"position\":2,\"name\":\"Dakar 2020: Penalizovan\u00fd Kubiena po prvn\u00ed etap\u011b \u0161est\u00fd\"}]},{\"@type\":\"WebSite\",\"@id\":\"https:\/\/www.dakarmania.cz\/#website\",\"url\":\"https:\/\/www.dakarmania.cz\/\",\"name\":\"DAKARMANIA.cz\",\"description\":\"\u017dijeme Dakarem cel\u00fd rok\",\"publisher\":{\"@id\":\"https:\/\/www.dakarmania.cz\/#organization\"},\"potentialAction\":[{\"@type\":\"SearchAction\",\"target\":{\"@type\":\"EntryPoint\",\"urlTemplate\":\"https:\/\/www.dakarmania.cz\/?s={search_term_string}\"},\"query-input\":{\"@type\":\"PropertyValueSpecification\",\"valueRequired\":true,\"valueName\":\"search_term_string\"}}],\"inLanguage\":\"cs\"},{\"@type\":\"Organization\",\"@id\":\"https:\/\/www.dakarmania.cz\/#organization\",\"name\":\"DAKAR MANIA\",\"url\":\"https:\/\/www.dakarmania.cz\/\",\"logo\":{\"@type\":\"ImageObject\",\"inLanguage\":\"cs\",\"@id\":\"https:\/\/www.dakarmania.cz\/#\/schema\/logo\/image\/\",\"url\":\"https:\/\/www.dakarmania.cz\/wp-content\/uploads\/2018\/12\/Dakar-Mania-Logo-Square-Orange.png\",\"contentUrl\":\"https:\/\/www.dakarmania.cz\/wp-content\/uploads\/2018\/12\/Dakar-Mania-Logo-Square-Orange.png\",\"width\":992,\"height\":992,\"caption\":\"DAKAR MANIA\"},\"image\":{\"@id\":\"https:\/\/www.dakarmania.cz\/#\/schema\/logo\/image\/\"},\"sameAs\":[\"https:\/\/www.facebook.com\/dakarmania\/\"]},{\"@type\":\"Person\",\"@id\":\"https:\/\/www.dakarmania.cz\/#\/schema\/person\/04eb0e87a389631c2169c0dddae7ff1e\",\"name\":\"Zden\u011bk Zelenka\",\"image\":{\"@type\":\"ImageObject\",\"inLanguage\":\"cs\",\"@id\":\"https:\/\/www.dakarmania.cz\/#\/schema\/person\/image\/\",\"url\":\"https:\/\/secure.gravatar.com\/avatar\/2c80d5a4942fe0900b73cc7d3837a509d6ee0a276a2b76dac95c92bd0763a89b?s=96&d=mm&r=g\",\"contentUrl\":\"https:\/\/secure.gravatar.com\/avatar\/2c80d5a4942fe0900b73cc7d3837a509d6ee0a276a2b76dac95c92bd0763a89b?s=96&d=mm&r=g\",\"caption\":\"Zden\u011bk Zelenka\"},\"description\":\"Moji d\u011bt\u0161t\u00ed hrdinov\u00e9 se jmenovali Loprais, Moskal, Neveu, Vatanen, Rahier... A tihle borci, jejich n\u00e1sledovn\u00edci a jejich p\u0159\u00edb\u011bhy m\u011b nep\u0159estali fascinovat ani po letech, kdy jsem vyrostl a zam\u011bstn\u00e1valy m\u011b jin\u00e9 discipl\u00edny motorsportu. Proto se zrodila DAKARMANIA.\",\"url\":\"https:\/\/www.dakarmania.cz\/index.php\/author\/dakarmania\/\"}]}<\/script>\n<!-- \/ Yoast SEO plugin. -->","yoast_head_json":{"title":"Dakar 2020: Penalizovan\u00fd Kubiena po prvn\u00ed etap\u011b \u0161est\u00fd - DAKARMANIA.cz","description":"V \u00favodn\u00ed etap\u011b Rally Dakar 2020, kter\u00e1 zavedla \u00fa\u010dastn\u00edky z D\u017eiddy do Al Wejhu, potvrdil \u010dty\u0159kolk\u00e1\u0159 Tom\u00e1\u0161 Kubiena beze zbytku sv\u00e9 ambice.","robots":{"index":"index","follow":"follow","max-snippet":"max-snippet:-1","max-image-preview":"max-image-preview:large","max-video-preview":"max-video-preview:-1"},"canonical":"https:\/\/www.dakarmania.cz\/index.php\/2020\/01\/05\/dakar-2020-kubiena-treti\/","og_locale":"cs_CZ","og_type":"article","og_title":"Dakar 2020: Penalizovan\u00fd Kubiena po prvn\u00ed etap\u011b \u0161est\u00fd - DAKARMANIA.cz","og_description":"V \u00favodn\u00ed etap\u011b Rally Dakar 2020, kter\u00e1 zavedla \u00fa\u010dastn\u00edky z D\u017eiddy do Al Wejhu, potvrdil \u010dty\u0159kolk\u00e1\u0159 Tom\u00e1\u0161 Kubiena beze zbytku sv\u00e9 ambice.","og_url":"https:\/\/www.dakarmania.cz\/index.php\/2020\/01\/05\/dakar-2020-kubiena-treti\/","og_site_name":"DAKARMANIA.cz","article_publisher":"https:\/\/www.facebook.com\/dakarmania\/","article_published_time":"2020-01-05T17:18:47+00:00","article_modified_time":"2020-10-06T15:17:43+00:00","og_image":[{"width":1024,"height":683,"url":"https:\/\/www.dakarmania.cz\/wp-content\/uploads\/2020\/01\/20-dakar-kubiena-02.jpg","type":"image\/jpeg"}],"author":"Zden\u011bk Zelenka","twitter_card":"summary_large_image","twitter_misc":{"Napsal(a)":"Zden\u011bk Zelenka","Odhadovan\u00e1 doba \u010dten\u00ed":"4 minuty"},"schema":{"@context":"https:\/\/schema.org","@graph":[{"@type":"Article","@id":"https:\/\/www.dakarmania.cz\/index.php\/2020\/01\/05\/dakar-2020-kubiena-treti\/#article","isPartOf":{"@id":"https:\/\/www.dakarmania.cz\/index.php\/2020\/01\/05\/dakar-2020-kubiena-treti\/"},"author":{"name":"Zden\u011bk Zelenka","@id":"https:\/\/www.dakarmania.cz\/#\/schema\/person\/04eb0e87a389631c2169c0dddae7ff1e"},"headline":"Dakar 2020: Penalizovan\u00fd Kubiena po prvn\u00ed etap\u011b \u0161est\u00fd","datePublished":"2020-01-05T17:18:47+00:00","dateModified":"2020-10-06T15:17:43+00:00","mainEntityOfPage":{"@id":"https:\/\/www.dakarmania.cz\/index.php\/2020\/01\/05\/dakar-2020-kubiena-treti\/"},"wordCount":826,"commentCount":0,"publisher":{"@id":"https:\/\/www.dakarmania.cz\/#organization"},"image":{"@id":"https:\/\/www.dakarmania.cz\/index.php\/2020\/01\/05\/dakar-2020-kubiena-treti\/#primaryimage"},"thumbnailUrl":"https:\/\/www.dakarmania.cz\/wp-content\/uploads\/2020\/01\/20-dakar-kubiena-02.jpg","keywords":["2020","Axel Dutrie","Barth Racing","Casale Racing","Dakar","Dakar 2020","Ignacio Casale","Moto Racing Group","MRG","Rafa\u0142 Sonik","Tom\u00e1\u0161 Kubiena","Yamaha","Zden\u011bk T\u016fma"],"articleSection":["Dakar 2020","Moto\/Quad"],"inLanguage":"cs","potentialAction":[{"@type":"CommentAction","name":"Comment","target":["https:\/\/www.dakarmania.cz\/index.php\/2020\/01\/05\/dakar-2020-kubiena-treti\/#respond"]}]},{"@type":"WebPage","@id":"https:\/\/www.dakarmania.cz\/index.php\/2020\/01\/05\/dakar-2020-kubiena-treti\/","url":"https:\/\/www.dakarmania.cz\/index.php\/2020\/01\/05\/dakar-2020-kubiena-treti\/","name":"Dakar 2020: Penalizovan\u00fd Kubiena po prvn\u00ed etap\u011b \u0161est\u00fd - DAKARMANIA.cz","isPartOf":{"@id":"https:\/\/www.dakarmania.cz\/#website"},"primaryImageOfPage":{"@id":"https:\/\/www.dakarmania.cz\/index.php\/2020\/01\/05\/dakar-2020-kubiena-treti\/#primaryimage"},"image":{"@id":"https:\/\/www.dakarmania.cz\/index.php\/2020\/01\/05\/dakar-2020-kubiena-treti\/#primaryimage"},"thumbnailUrl":"https:\/\/www.dakarmania.cz\/wp-content\/uploads\/2020\/01\/20-dakar-kubiena-02.jpg","datePublished":"2020-01-05T17:18:47+00:00","dateModified":"2020-10-06T15:17:43+00:00","description":"V \u00favodn\u00ed etap\u011b Rally Dakar 2020, kter\u00e1 zavedla \u00fa\u010dastn\u00edky z D\u017eiddy do Al Wejhu, potvrdil \u010dty\u0159kolk\u00e1\u0159 Tom\u00e1\u0161 Kubiena beze zbytku sv\u00e9 ambice.","breadcrumb":{"@id":"https:\/\/www.dakarmania.cz\/index.php\/2020\/01\/05\/dakar-2020-kubiena-treti\/#breadcrumb"},"inLanguage":"cs","potentialAction":[{"@type":"ReadAction","target":["https:\/\/www.dakarmania.cz\/index.php\/2020\/01\/05\/dakar-2020-kubiena-treti\/"]}]},{"@type":"ImageObject","inLanguage":"cs","@id":"https:\/\/www.dakarmania.cz\/index.php\/2020\/01\/05\/dakar-2020-kubiena-treti\/#primaryimage","url":"https:\/\/www.dakarmania.cz\/wp-content\/uploads\/2020\/01\/20-dakar-kubiena-02.jpg","contentUrl":"https:\/\/www.dakarmania.cz\/wp-content\/uploads\/2020\/01\/20-dakar-kubiena-02.jpg","width":1024,"height":683,"caption":"Tom\u00e1\u0161 Kubiena, Yamaha YFM 700 Raptor, Orion - Moto Racing Group. Rally Dakar 2020. \u00a9 MRG"},{"@type":"BreadcrumbList","@id":"https:\/\/www.dakarmania.cz\/index.php\/2020\/01\/05\/dakar-2020-kubiena-treti\/#breadcrumb","itemListElement":[{"@type":"ListItem","position":1,"name":"Dom\u016f","item":"https:\/\/www.dakarmania.cz\/"},{"@type":"ListItem","position":2,"name":"Dakar 2020: Penalizovan\u00fd Kubiena po prvn\u00ed etap\u011b \u0161est\u00fd"}]},{"@type":"WebSite","@id":"https:\/\/www.dakarmania.cz\/#website","url":"https:\/\/www.dakarmania.cz\/","name":"DAKARMANIA.cz","description":"\u017dijeme Dakarem cel\u00fd rok","publisher":{"@id":"https:\/\/www.dakarmania.cz\/#organization"},"potentialAction":[{"@type":"SearchAction","target":{"@type":"EntryPoint","urlTemplate":"https:\/\/www.dakarmania.cz\/?s={search_term_string}"},"query-input":{"@type":"PropertyValueSpecification","valueRequired":true,"valueName":"search_term_string"}}],"inLanguage":"cs"},{"@type":"Organization","@id":"https:\/\/www.dakarmania.cz\/#organization","name":"DAKAR MANIA","url":"https:\/\/www.dakarmania.cz\/","logo":{"@type":"ImageObject","inLanguage":"cs","@id":"https:\/\/www.dakarmania.cz\/#\/schema\/logo\/image\/","url":"https:\/\/www.dakarmania.cz\/wp-content\/uploads\/2018\/12\/Dakar-Mania-Logo-Square-Orange.png","contentUrl":"https:\/\/www.dakarmania.cz\/wp-content\/uploads\/2018\/12\/Dakar-Mania-Logo-Square-Orange.png","width":992,"height":992,"caption":"DAKAR MANIA"},"image":{"@id":"https:\/\/www.dakarmania.cz\/#\/schema\/logo\/image\/"},"sameAs":["https:\/\/www.facebook.com\/dakarmania\/"]},{"@type":"Person","@id":"https:\/\/www.dakarmania.cz\/#\/schema\/person\/04eb0e87a389631c2169c0dddae7ff1e","name":"Zden\u011bk Zelenka","image":{"@type":"ImageObject","inLanguage":"cs","@id":"https:\/\/www.dakarmania.cz\/#\/schema\/person\/image\/","url":"https:\/\/secure.gravatar.com\/avatar\/2c80d5a4942fe0900b73cc7d3837a509d6ee0a276a2b76dac95c92bd0763a89b?s=96&d=mm&r=g","contentUrl":"https:\/\/secure.gravatar.com\/avatar\/2c80d5a4942fe0900b73cc7d3837a509d6ee0a276a2b76dac95c92bd0763a89b?s=96&d=mm&r=g","caption":"Zden\u011bk Zelenka"},"description":"Moji d\u011bt\u0161t\u00ed hrdinov\u00e9 se jmenovali Loprais, Moskal, Neveu, Vatanen, Rahier... A tihle borci, jejich n\u00e1sledovn\u00edci a jejich p\u0159\u00edb\u011bhy m\u011b nep\u0159estali fascinovat ani po letech, kdy jsem vyrostl a zam\u011bstn\u00e1valy m\u011b jin\u00e9 discipl\u00edny motorsportu. Proto se zrodila DAKARMANIA.","url":"https:\/\/www.dakarmania.cz\/index.php\/author\/dakarmania\/"}]}},"amp_enabled":true,"_links":{"self":[{"href":"https:\/\/www.dakarmania.cz\/index.php\/wp-json\/wp\/v2\/posts\/14086","targetHints":{"allow":["GET"]}}],"collection":[{"href":"https:\/\/www.dakarmania.cz\/index.php\/wp-json\/wp\/v2\/posts"}],"about":[{"href":"https:\/\/www.dakarmania.cz\/index.php\/wp-json\/wp\/v2\/types\/post"}],"author":[{"embeddable":true,"href":"https:\/\/www.dakarmania.cz\/index.php\/wp-json\/wp\/v2\/users\/1"}],"replies":[{"embeddable":true,"href":"https:\/\/www.dakarmania.cz\/index.php\/wp-json\/wp\/v2\/comments?post=14086"}],"version-history":[{"count":8,"href":"https:\/\/www.dakarmania.cz\/index.php\/wp-json\/wp\/v2\/posts\/14086\/revisions"}],"predecessor-version":[{"id":15318,"href":"https:\/\/www.dakarmania.cz\/index.php\/wp-json\/wp\/v2\/posts\/14086\/revisions\/15318"}],"wp:featuredmedia":[{"embeddable":true,"href":"https:\/\/www.dakarmania.cz\/index.php\/wp-json\/wp\/v2\/media\/14083"}],"wp:attachment":[{"href":"https:\/\/www.dakarmania.cz\/index.php\/wp-json\/wp\/v2\/media?parent=14086"}],"wp:term":[{"taxonomy":"category","embeddable":true,"href":"https:\/\/www.dakarmania.cz\/index.php\/wp-json\/wp\/v2\/categories?post=14086"},{"taxonomy":"post_tag","embeddable":true,"href":"https:\/\/www.dakarmania.cz\/index.php\/wp-json\/wp\/v2\/tags?post=14086"}],"curies":[{"name":"wp","href":"https:\/\/api.w.org\/{rel}","templated":true}]}}